{"id":40,"count":7,"description":"Bienvenido a la secci\u00f3n de <strong>Radiofrecuencia<\/strong> de la Cl\u00ednica Idermic tu <a href=\"https:\/\/www.idermic.es\/es\/\">dermat\u00f3logo de Terrassa<\/a>.\r\n\r\nAqu\u00ed descubrir\u00e1s todo sobre uno de los tratamientos est\u00e9ticos m\u00e1s avanzados para el rejuvenecimiento de la piel y la mejora corporal.\r\n\r\nLa <strong>radiofrecuencia<\/strong> es una t\u00e9cnica no invasiva que utiliza energ\u00eda para estimular la producci\u00f3n de col\u00e1geno y elastina, logrando una piel m\u00e1s firme, tersa y joven. Es ideal para combatir signos de envejecimiento, flacidez, celulitis y otras imperfecciones cut\u00e1neas.\r\n\r\nEn esta p\u00e1gina encontrar\u00e1s art\u00edculos que abarcan:\r\n<ul>\r\n \t<li><strong>Beneficios de la radiofrecuencia facial y corporal<\/strong><\/li>\r\n \t<li><strong>C\u00f3mo funciona la radiofrecuencia en tratamientos est\u00e9ticos<\/strong><\/li>\r\n \t<li><strong>Resultados y testimonios de pacientes satisfechos<\/strong><\/li>\r\n \t<li><strong>Consejos pre y post tratamiento para maximizar efectos<\/strong><\/li>\r\n \t<li><strong>\u00daltimas novedades y avances en tecnolog\u00eda<\/strong><\/li>\r\n<\/ul>\r\nTe invitamos a explorar nuestros contenidos para informarte sobre c\u00f3mo puede ayudarte a alcanzar tus objetivos est\u00e9ticos. Si deseas m\u00e1s informaci\u00f3n o agendar una consulta, no dudes en contactarnos. En Cl\u00ednica Idermic, estamos comprometidos con tu bienestar y belleza.","link":"https:\/\/www.idermic.es\/es\/tag\/radiofrecuencia\/","name":"Radiofrecuencia","slug":"radiofrecuencia","taxonomy":"post_tag","meta":[],"yoast_head":"<!-- This site is optimized with the Yoast SEO plugin v28.4 - https:\/\/yoast.com\/product\/yoast-seo-wordpress\/ -->\n<title>Art\u00edculos de Radiofrecuencia - Idermic. Dermatolog\u00eda en Terrassa<\/title>\n<meta name=\"description\" content=\"Descubre en Cl\u00ednica Idermic de Terrassa todo sobre radiofrecuencia para rejuvenecer y tonificar tu piel. Encuentra art\u00edculos, consejos y novedades.\" \/>\n<meta name=\"robots\" content=\"index, follow, max-snippet:-1, max-image-preview:large, max-video-preview:-1\" \/>\n<link rel=\"canonical\" href=\"https:\/\/www.idermic.es\/es\/tag\/radiofrecuencia\/\" \/>\n<meta property=\"og:locale\" content=\"es_ES\" \/>\n<meta property=\"og:type\" content=\"article\" \/>\n<meta property=\"og:title\" content=\"Art\u00edculos de Radiofrecuencia - Idermic. Dermatolog\u00eda en Terrassa\" \/>\n<meta property=\"og:description\" content=\"Descubre en Cl\u00ednica Idermic de Terrassa todo sobre radiofrecuencia para rejuvenecer y tonificar tu piel. Encuentra art\u00edculos, consejos y novedades.\" \/>\n<meta property=\"og:url\" content=\"https:\/\/www.idermic.es\/es\/tag\/radiofrecuencia\/\" \/>\n<meta property=\"og:site_name\" content=\"Idermic. Dermatolog\u00eda en Terrassa\" \/>\n<meta name=\"twitter:card\" content=\"summary_large_image\" \/>\n<meta name=\"twitter:site\" content=\"@idermic\" \/>\n<script type=\"application\/ld+json\" class=\"yoast-schema-graph\">{\"@context\":\"https:\\\/\\\/schema.org\",\"@graph\":[{\"@type\":\"CollectionPage\",\"@id\":\"https:\\\/\\\/www.idermic.es\\\/es\\\/tag\\\/radiofrecuencia\\\/\",\"url\":\"https:\\\/\\\/www.idermic.es\\\/es\\\/tag\\\/radiofrecuencia\\\/\",\"name\":\"Art\u00edculos de Radiofrecuencia - Idermic. Dermatolog\u00eda en Terrassa\",\"isPartOf\":{\"@id\":\"https:\\\/\\\/www.idermic.es\\\/#website\"},\"description\":\"Descubre en Cl\u00ednica Idermic de Terrassa todo sobre radiofrecuencia para rejuvenecer y tonificar tu piel. Encuentra art\u00edculos, consejos y novedades.\",\"breadcrumb\":{\"@id\":\"https:\\\/\\\/www.idermic.es\\\/es\\\/tag\\\/radiofrecuencia\\\/#breadcrumb\"},\"inLanguage\":\"es\"},{\"@type\":\"BreadcrumbList\",\"@id\":\"https:\\\/\\\/www.idermic.es\\\/es\\\/tag\\\/radiofrecuencia\\\/#breadcrumb\",\"itemListElement\":[{\"@type\":\"ListItem\",\"position\":1,\"name\":\"Inici\",\"item\":\"https:\\\/\\\/www.idermic.es\\\/es\\\/\"},{\"@type\":\"ListItem\",\"position\":2,\"name\":\"Radiofrecuencia\"}]},{\"@type\":\"WebSite\",\"@id\":\"https:\\\/\\\/www.idermic.es\\\/#website\",\"url\":\"https:\\\/\\\/www.idermic.es\\\/\",\"name\":\"Idermic. Dermatolog\u00eda en Terrassa\",\"description\":\"Dermatolog\u00eda, Medicina est\u00e9tica, Cirurg\u00eda Pl\u00e0stica\",\"publisher\":{\"@id\":\"https:\\\/\\\/www.idermic.es\\\/#organization\"},\"potentialAction\":[{\"@type\":\"SearchAction\",\"target\":{\"@type\":\"EntryPoint\",\"urlTemplate\":\"https:\\\/\\\/www.idermic.es\\\/?s={search_term_string}\"},\"query-input\":{\"@type\":\"PropertyValueSpecification\",\"valueRequired\":true,\"valueName\":\"search_term_string\"}}],\"inLanguage\":\"es\"},{\"@type\":\"Organization\",\"@id\":\"https:\\\/\\\/www.idermic.es\\\/#organization\",\"name\":\"Idermic. Dermatolog\u00eda en Terrassa\",\"url\":\"https:\\\/\\\/www.idermic.es\\\/\",\"logo\":{\"@type\":\"ImageObject\",\"inLanguage\":\"es\",\"@id\":\"https:\\\/\\\/www.idermic.es\\\/#\\\/schema\\\/logo\\\/image\\\/\",\"url\":\"https:\\\/\\\/www.idermic.es\\\/wp-content\\\/uploads\\\/2025\\\/10\\\/Logo-Idermic.jpg\",\"contentUrl\":\"https:\\\/\\\/www.idermic.es\\\/wp-content\\\/uploads\\\/2025\\\/10\\\/Logo-Idermic.jpg\",\"width\":501,\"height\":502,\"caption\":\"Idermic. Dermatolog\u00eda en Terrassa\"},\"image\":{\"@id\":\"https:\\\/\\\/www.idermic.es\\\/#\\\/schema\\\/logo\\\/image\\\/\"},\"sameAs\":[\"https:\\\/\\\/www.facebook.com\\\/Idermic\",\"https:\\\/\\\/x.com\\\/idermic\",\"https:\\\/\\\/www.instagram.com\\\/idermicclinic\\\/\",\"https:\\\/\\\/www.youtube.com\\\/channel\\\/UCyAHC9-p8lc6hr_nguO8p_g\"]}]}<\/script>\n<!-- \/ Yoast SEO plugin. -->","yoast_head_json":{"title":"Art\u00edculos de Radiofrecuencia - Idermic. Dermatolog\u00eda en Terrassa","description":"Descubre en Cl\u00ednica Idermic de Terrassa todo sobre radiofrecuencia para rejuvenecer y tonificar tu piel. Encuentra art\u00edculos, consejos y novedades.","robots":{"index":"index","follow":"follow","max-snippet":"max-snippet:-1","max-image-preview":"max-image-preview:large","max-video-preview":"max-video-preview:-1"},"canonical":"https:\/\/www.idermic.es\/es\/tag\/radiofrecuencia\/","og_locale":"es_ES","og_type":"article","og_title":"Art\u00edculos de Radiofrecuencia - Idermic. Dermatolog\u00eda en Terrassa","og_description":"Descubre en Cl\u00ednica Idermic de Terrassa todo sobre radiofrecuencia para rejuvenecer y tonificar tu piel. Encuentra art\u00edculos, consejos y novedades.","og_url":"https:\/\/www.idermic.es\/es\/tag\/radiofrecuencia\/","og_site_name":"Idermic. Dermatolog\u00eda en Terrassa","twitter_card":"summary_large_image","twitter_site":"@idermic","schema":{"@context":"https:\/\/schema.org","@graph":[{"@type":"CollectionPage","@id":"https:\/\/www.idermic.es\/es\/tag\/radiofrecuencia\/","url":"https:\/\/www.idermic.es\/es\/tag\/radiofrecuencia\/","name":"Art\u00edculos de Radiofrecuencia - Idermic. Dermatolog\u00eda en Terrassa","isPartOf":{"@id":"https:\/\/www.idermic.es\/#website"},"description":"Descubre en Cl\u00ednica Idermic de Terrassa todo sobre radiofrecuencia para rejuvenecer y tonificar tu piel. Encuentra art\u00edculos, consejos y novedades.","breadcrumb":{"@id":"https:\/\/www.idermic.es\/es\/tag\/radiofrecuencia\/#breadcrumb"},"inLanguage":"es"},{"@type":"BreadcrumbList","@id":"https:\/\/www.idermic.es\/es\/tag\/radiofrecuencia\/#breadcrumb","itemListElement":[{"@type":"ListItem","position":1,"name":"Inici","item":"https:\/\/www.idermic.es\/es\/"},{"@type":"ListItem","position":2,"name":"Radiofrecuencia"}]},{"@type":"WebSite","@id":"https:\/\/www.idermic.es\/#website","url":"https:\/\/www.idermic.es\/","name":"Idermic. Dermatolog\u00eda en Terrassa","description":"Dermatolog\u00eda, Medicina est\u00e9tica, Cirurg\u00eda Pl\u00e0stica","publisher":{"@id":"https:\/\/www.idermic.es\/#organization"},"potentialAction":[{"@type":"SearchAction","target":{"@type":"EntryPoint","urlTemplate":"https:\/\/www.idermic.es\/?s={search_term_string}"},"query-input":{"@type":"PropertyValueSpecification","valueRequired":true,"valueName":"search_term_string"}}],"inLanguage":"es"},{"@type":"Organization","@id":"https:\/\/www.idermic.es\/#organization","name":"Idermic. Dermatolog\u00eda en Terrassa","url":"https:\/\/www.idermic.es\/","logo":{"@type":"ImageObject","inLanguage":"es","@id":"https:\/\/www.idermic.es\/#\/schema\/logo\/image\/","url":"https:\/\/www.idermic.es\/wp-content\/uploads\/2025\/10\/Logo-Idermic.jpg","contentUrl":"https:\/\/www.idermic.es\/wp-content\/uploads\/2025\/10\/Logo-Idermic.jpg","width":501,"height":502,"caption":"Idermic. Dermatolog\u00eda en Terrassa"},"image":{"@id":"https:\/\/www.idermic.es\/#\/schema\/logo\/image\/"},"sameAs":["https:\/\/www.facebook.com\/Idermic","https:\/\/x.com\/idermic","https:\/\/www.instagram.com\/idermicclinic\/","https:\/\/www.youtube.com\/channel\/UCyAHC9-p8lc6hr_nguO8p_g"]}]}},"_links":{"self":[{"href":"https:\/\/www.idermic.es\/es\/wp-json\/wp\/v2\/tags\/40","targetHints":{"allow":["GET"]}}],"collection":[{"href":"https:\/\/www.idermic.es\/es\/wp-json\/wp\/v2\/tags"}],"about":[{"href":"https:\/\/www.idermic.es\/es\/wp-json\/wp\/v2\/taxonomies\/post_tag"}],"wp:post_type":[{"href":"https:\/\/www.idermic.es\/es\/wp-json\/wp\/v2\/posts?tags=40"}],"curies":[{"name":"wp","href":"https:\/\/api.w.org\/{rel}","templated":true}]}}