{"id":9957,"date":"2026-06-05T09:58:36","date_gmt":"2026-06-05T09:58:36","guid":{"rendered":"https:\/\/www.idermic.es\/?p=9957"},"modified":"2026-06-05T14:56:10","modified_gmt":"2026-06-05T14:56:10","slug":"hifu-en-terrassa-lifting-facial-sin-cirugia","status":"publish","type":"post","link":"https:\/\/www.idermic.es\/es\/hifu-en-terrassa-lifting-facial-sin-cirugia\/","title":{"rendered":"HIFU en Terrassa: lifting facial sin cirug\u00eda"},"content":{"rendered":"<div class=\"fusion-fullwidth fullwidth-box fusion-builder-row-1 fusion-flex-container has-pattern-background has-mask-background nonhundred-percent-fullwidth non-hundred-percent-height-scrolling\" style=\"--awb-border-radius-top-left:0px;--awb-border-radius-top-right:0px;--awb-border-radius-bottom-right:0px;--awb-border-radius-bottom-left:0px;--awb-flex-wrap:wrap;\" ><div class=\"fusion-builder-row fusion-row fusion-flex-align-items-flex-start fusion-flex-content-wrap\" style=\"max-width:1227.2px;margin-left: calc(-4% \/ 2 );margin-right: calc(-4% \/ 2 );\"><div class=\"fusion-layout-column fusion_builder_column fusion-builder-column-0 fusion_builder_column_1_1 1_1 fusion-flex-column\" style=\"--awb-bg-size:cover;--awb-width-large:100%;--awb-margin-top-large:0px;--awb-spacing-right-large:1.92%;--awb-margin-bottom-large:0px;--awb-spacing-left-large:1.92%;--awb-width-medium:100%;--awb-order-medium:0;--awb-spacing-right-medium:1.92%;--awb-spacing-left-medium:1.92%;--awb-width-small:100%;--awb-order-small:0;--awb-spacing-right-small:1.92%;--awb-spacing-left-small:1.92%;\"><div class=\"fusion-column-wrapper fusion-column-has-shadow fusion-flex-justify-content-flex-start fusion-content-layout-column\"><div class=\"fusion-text fusion-text-1\"><p><span style=\"font-size: 24pt;\"><strong>HIFU en Terrassa: lifting facial sin cirug\u00eda<\/strong><\/span><\/p>\n<p>El <strong>HIFU (ultrasonido focalizado de alta intensidad)<\/strong> es un tratamiento m\u00e9dico-est\u00e9tico que puede ayudar a mejorar la firmeza de la piel y reducir la flacidez facial sin necesidad de cirug\u00eda. En <strong>Cl\u00ednica Idermic, en Terrassa<\/strong>, lo realizamos bajo valoraci\u00f3n del especialista, adaptando el protocolo a cada paciente.<\/p>\n<h2>Qu\u00e9 es el HIFU y c\u00f3mo act\u00faa sobre la flacidez<\/h2>\n<p>El HIFU emite energ\u00eda de ultrasonido focalizada en las capas profundas de la piel, donde puede estimular la producci\u00f3n natural de col\u00e1geno. Este proceso busca un efecto de <strong>tensado progresivo<\/strong> que, en muchos casos, mejora la definici\u00f3n del \u00f3valo facial, la zona del cuello y la papada en las semanas posteriores a la sesi\u00f3n.<\/p>\n<p>Al actuar en profundidad sin incisiones, se plantea como una alternativa para personas que desean un <strong>efecto lifting sin cirug\u00eda<\/strong> y que prefieren un procedimiento no invasivo. La indicaci\u00f3n, el n\u00famero de sesiones y los resultados esperables dependen siempre de la valoraci\u00f3n m\u00e9dica individual.<\/p>\n<h2>Zonas que tratamos con HIFU en Idermic<\/h2>\n<ul>\n<li><strong>\u00d3valo facial:<\/strong> mejora de la definici\u00f3n y el contorno.<\/li>\n<li><strong>Cuello y papada:<\/strong> abordaje de la flacidez y la p\u00e9rdida de firmeza.<\/li>\n<li><strong>Tercio inferior del rostro:<\/strong> redefinici\u00f3n de la l\u00ednea mandibular.<\/li>\n<li><strong>Entrecejo y mirada:<\/strong> efecto tensor en la zona periorbitaria.<\/li>\n<\/ul>\n<h2>C\u00f3mo es una sesi\u00f3n de HIFU paso a paso<\/h2>\n<p>La sesi\u00f3n comienza con una valoraci\u00f3n del especialista para confirmar que el tratamiento es adecuado. A continuaci\u00f3n se aplica el cabezal de ultrasonido sobre la zona a tratar siguiendo el protocolo definido. La mayor\u00eda de pacientes describe una sensaci\u00f3n de calor puntual durante la aplicaci\u00f3n. Al finalizar es posible reincorporarse a la actividad habitual, seg\u00fan las indicaciones que reciba en consulta.<\/p>\n<h2>\u00bfPor qu\u00e9 realizar tu tratamiento HIFU en Terrassa con Idermic?<\/h2>\n<ul>\n<li><strong>Equipo m\u00e9dico especializado<\/strong> en dermatolog\u00eda y medicina est\u00e9tica.<\/li>\n<li><strong>Valoraci\u00f3n personalizada<\/strong> previa a cualquier tratamiento.<\/li>\n<li><strong>Ubicaci\u00f3n en Terrassa<\/strong>, con atenci\u00f3n a pacientes de la ciudad y su \u00e1rea de influencia.<\/li>\n<li>Enfoque <strong>riguroso y honesto<\/strong>: te explicamos qu\u00e9 puedes esperar de forma realista.<\/li>\n<\/ul>\n<h2>HIFU y otras t\u00e9cnicas para la flacidez<\/h2>\n<p>El HIFU es una de las opciones disponibles para tratar la flacidez. En consulta, el especialista puede valorar si en tu caso conviene combinarlo o sustituirlo por otras t\u00e9cnicas. Puedes ampliar informaci\u00f3n en nuestro art\u00edculo sobre el <a href=\"https:\/\/www.idermic.es\/es\/hifu-facial-con-liftera-lifting-facial-no-invasivo-y-eficaz\/\">HIFU facial con Liftera<\/a> y en la gu\u00eda <a href=\"https:\/\/www.idermic.es\/es\/que-es-liftera\/\">qu\u00e9 es Liftera y para qu\u00e9 sirve<\/a>.<\/p>\n<h2>Preguntas frecuentes sobre el HIFU en Terrassa<\/h2>\n<h3>\u00bfEl HIFU duele?<\/h3>\n<p>La mayor\u00eda de pacientes lo tolera bien. Durante la aplicaci\u00f3n puede notarse calor o un ligero pinchazo puntual en profundidad. La intensidad se ajusta seg\u00fan la zona y la tolerancia de cada persona.<\/p>\n<h3>\u00bfCu\u00e1ndo se notan los resultados?<\/h3>\n<p>El efecto es progresivo. Suele apreciarse en las semanas posteriores, a medida que se estimula la producci\u00f3n de col\u00e1geno. Los resultados var\u00edan seg\u00fan cada paciente y deben valorarse en consulta.<\/p>\n<h3>\u00bfCu\u00e1ntas sesiones necesito?<\/h3>\n<p>Depende del grado de flacidez y de los objetivos de cada persona. El especialista determina el plan m\u00e1s adecuado tras la valoraci\u00f3n inicial.<\/p>\n<h3>\u00bfEs una alternativa al lifting quir\u00fargico?<\/h3>\n<p>El HIFU es un procedimiento no invasivo que puede ofrecer un efecto tensor, pero no equivale a una cirug\u00eda. Si buscas un cambio que el HIFU no puede proporcionar, el equipo m\u00e9dico te informar\u00e1 de otras opciones.<\/p>\n<h2>Pide tu valoraci\u00f3n de HIFU en Terrassa<\/h2>\n<p>Si quieres saber si el HIFU es adecuado para ti, <strong>solicita una primera valoraci\u00f3n con nuestro equipo m\u00e9dico en Terrassa<\/strong>. Estudiaremos tu caso y te explicaremos las opciones disponibles sin compromiso.<\/p>\n<p><a class=\"boton-cita\" href=\"https:\/\/www.idermic.es\/es\/contacto\/\"><strong>Reservar valoraci\u00f3n en Idermic<\/strong><\/a><\/p>\n<p><!-- =================================================================== AVISO YMYL: ning\u00fan claim absoluto ni resultado garantizado. Todo el copy deriva a valoraci\u00f3n m\u00e9dica. Publicar como BORRADOR para revisi\u00f3n cl\u00ednica antes de pasar a producci\u00f3n. ==================================================================== --><\/p>\n<\/div><\/div><\/div><\/div><\/div>\n","protected":false},"excerpt":{"rendered":"<p>HIFU en Terrassa en Cl\u00ednica Idermic: tratamiento de lifting facial sin cirug\u00eda con ultrasonido focalizado. Pide tu valoraci\u00f3n con el especialista.<\/p>\n","protected":false},"author":1,"featured_media":9959,"comment_status":"closed","ping_status":"open","sticky":false,"template":"","format":"standard","meta":{"_joinchat":[],"footnotes":""},"categories":[60],"tags":[],"class_list":["post-9957","post","type-post","status-publish","format-standard","has-post-thumbnail","hentry","category-dermatologia-estetica-es"],"yoast_head":"<!-- This site is optimized with the Yoast SEO plugin v28.4 - https:\/\/yoast.com\/product\/yoast-seo-wordpress\/ -->\n<title>HIFU en Terrassa | Lifting facial sin cirug\u00eda \u2013 Idermic<\/title>\n<meta name=\"description\" content=\"HIFU en Terrassa en Cl\u00ednica Idermic: tratamiento de lifting facial sin cirug\u00eda con ultrasonido focalizado. Pide valoraci\u00f3n con el especialista\" \/>\n<meta name=\"robots\" content=\"index, follow, max-snippet:-1, max-image-preview:large, max-video-preview:-1\" \/>\n<link rel=\"canonical\" href=\"https:\/\/www.idermic.es\/es\/hifu-en-terrassa-lifting-facial-sin-cirugia\/\" \/>\n<meta property=\"og:locale\" content=\"es_ES\" \/>\n<meta property=\"og:type\" content=\"article\" \/>\n<meta property=\"og:title\" content=\"HIFU en Terrassa | Lifting facial sin cirug\u00eda \u2013 Idermic\" \/>\n<meta property=\"og:description\" content=\"HIFU en Terrassa en Cl\u00ednica Idermic: tratamiento de lifting facial sin cirug\u00eda con ultrasonido focalizado. Pide valoraci\u00f3n con el especialista\" \/>\n<meta property=\"og:url\" content=\"https:\/\/www.idermic.es\/es\/hifu-en-terrassa-lifting-facial-sin-cirugia\/\" \/>\n<meta property=\"og:site_name\" content=\"Idermic. Dermatolog\u00eda en Terrassa\" \/>\n<meta property=\"article:publisher\" content=\"https:\/\/www.facebook.com\/Idermic\" \/>\n<meta property=\"article:published_time\" content=\"2026-06-05T09:58:36+00:00\" \/>\n<meta property=\"article:modified_time\" content=\"2026-06-05T14:56:10+00:00\" \/>\n<meta property=\"og:image\" content=\"https:\/\/www.idermic.es\/wp-content\/uploads\/2026\/06\/HIFU-en-Terrassa.webp\" \/>\n\t<meta property=\"og:image:width\" content=\"1080\" \/>\n\t<meta property=\"og:image:height\" content=\"608\" \/>\n\t<meta property=\"og:image:type\" content=\"image\/webp\" \/>\n<meta name=\"author\" content=\"admin@www\" \/>\n<meta name=\"twitter:card\" content=\"summary_large_image\" \/>\n<meta name=\"twitter:creator\" content=\"@idermic\" \/>\n<meta name=\"twitter:site\" content=\"@idermic\" \/>\n<meta name=\"twitter:label1\" content=\"Escrito por\" \/>\n\t<meta name=\"twitter:data1\" content=\"admin@www\" \/>\n\t<meta name=\"twitter:label2\" content=\"Tiempo de lectura\" \/>\n\t<meta name=\"twitter:data2\" content=\"4 minutos\" \/>\n<script type=\"application\/ld+json\" class=\"yoast-schema-graph\">{\"@context\":\"https:\\\/\\\/schema.org\",\"@graph\":[{\"@type\":\"Article\",\"@id\":\"https:\\\/\\\/www.idermic.es\\\/es\\\/hifu-en-terrassa-lifting-facial-sin-cirugia\\\/#article\",\"isPartOf\":{\"@id\":\"https:\\\/\\\/www.idermic.es\\\/es\\\/hifu-en-terrassa-lifting-facial-sin-cirugia\\\/\"},\"author\":{\"name\":\"admin@www\",\"@id\":\"https:\\\/\\\/www.idermic.es\\\/#\\\/schema\\\/person\\\/d9bd7e6f2a783f0f526073250560bfb5\"},\"headline\":\"HIFU en Terrassa: lifting facial sin cirug\u00eda\",\"datePublished\":\"2026-06-05T09:58:36+00:00\",\"dateModified\":\"2026-06-05T14:56:10+00:00\",\"mainEntityOfPage\":{\"@id\":\"https:\\\/\\\/www.idermic.es\\\/es\\\/hifu-en-terrassa-lifting-facial-sin-cirugia\\\/\"},\"wordCount\":1810,\"publisher\":{\"@id\":\"https:\\\/\\\/www.idermic.es\\\/#organization\"},\"image\":{\"@id\":\"https:\\\/\\\/www.idermic.es\\\/es\\\/hifu-en-terrassa-lifting-facial-sin-cirugia\\\/#primaryimage\"},\"thumbnailUrl\":\"https:\\\/\\\/www.idermic.es\\\/wp-content\\\/uploads\\\/2026\\\/06\\\/HIFU-en-Terrassa.webp\",\"articleSection\":[\"Dermatologia est\u00e8tica\"],\"inLanguage\":\"es\"},{\"@type\":\"WebPage\",\"@id\":\"https:\\\/\\\/www.idermic.es\\\/es\\\/hifu-en-terrassa-lifting-facial-sin-cirugia\\\/\",\"url\":\"https:\\\/\\\/www.idermic.es\\\/es\\\/hifu-en-terrassa-lifting-facial-sin-cirugia\\\/\",\"name\":\"HIFU en Terrassa | Lifting facial sin cirug\u00eda \u2013 Idermic\",\"isPartOf\":{\"@id\":\"https:\\\/\\\/www.idermic.es\\\/#website\"},\"primaryImageOfPage\":{\"@id\":\"https:\\\/\\\/www.idermic.es\\\/es\\\/hifu-en-terrassa-lifting-facial-sin-cirugia\\\/#primaryimage\"},\"image\":{\"@id\":\"https:\\\/\\\/www.idermic.es\\\/es\\\/hifu-en-terrassa-lifting-facial-sin-cirugia\\\/#primaryimage\"},\"thumbnailUrl\":\"https:\\\/\\\/www.idermic.es\\\/wp-content\\\/uploads\\\/2026\\\/06\\\/HIFU-en-Terrassa.webp\",\"datePublished\":\"2026-06-05T09:58:36+00:00\",\"dateModified\":\"2026-06-05T14:56:10+00:00\",\"description\":\"HIFU en Terrassa en Cl\u00ednica Idermic: tratamiento de lifting facial sin cirug\u00eda con ultrasonido focalizado. Pide valoraci\u00f3n con el especialista\",\"breadcrumb\":{\"@id\":\"https:\\\/\\\/www.idermic.es\\\/es\\\/hifu-en-terrassa-lifting-facial-sin-cirugia\\\/#breadcrumb\"},\"inLanguage\":\"es\",\"potentialAction\":[{\"@type\":\"ReadAction\",\"target\":[\"https:\\\/\\\/www.idermic.es\\\/es\\\/hifu-en-terrassa-lifting-facial-sin-cirugia\\\/\"]}]},{\"@type\":\"ImageObject\",\"inLanguage\":\"es\",\"@id\":\"https:\\\/\\\/www.idermic.es\\\/es\\\/hifu-en-terrassa-lifting-facial-sin-cirugia\\\/#primaryimage\",\"url\":\"https:\\\/\\\/www.idermic.es\\\/wp-content\\\/uploads\\\/2026\\\/06\\\/HIFU-en-Terrassa.webp\",\"contentUrl\":\"https:\\\/\\\/www.idermic.es\\\/wp-content\\\/uploads\\\/2026\\\/06\\\/HIFU-en-Terrassa.webp\",\"width\":1080,\"height\":608,\"caption\":\"HIFU en Terrassa. Tratamiento del lifting sin cirug\u00eda.\"},{\"@type\":\"BreadcrumbList\",\"@id\":\"https:\\\/\\\/www.idermic.es\\\/es\\\/hifu-en-terrassa-lifting-facial-sin-cirugia\\\/#breadcrumb\",\"itemListElement\":[{\"@type\":\"ListItem\",\"position\":1,\"name\":\"Inici\",\"item\":\"https:\\\/\\\/www.idermic.es\\\/es\\\/\"},{\"@type\":\"ListItem\",\"position\":2,\"name\":\"HIFU en Terrassa: lifting facial sin cirug\u00eda\"}]},{\"@type\":\"WebSite\",\"@id\":\"https:\\\/\\\/www.idermic.es\\\/#website\",\"url\":\"https:\\\/\\\/www.idermic.es\\\/\",\"name\":\"Idermic. Dermatolog\u00eda en Terrassa\",\"description\":\"Dermatolog\u00eda, Medicina est\u00e9tica, Cirurg\u00eda Pl\u00e0stica\",\"publisher\":{\"@id\":\"https:\\\/\\\/www.idermic.es\\\/#organization\"},\"potentialAction\":[{\"@type\":\"SearchAction\",\"target\":{\"@type\":\"EntryPoint\",\"urlTemplate\":\"https:\\\/\\\/www.idermic.es\\\/?s={search_term_string}\"},\"query-input\":{\"@type\":\"PropertyValueSpecification\",\"valueRequired\":true,\"valueName\":\"search_term_string\"}}],\"inLanguage\":\"es\"},{\"@type\":\"Organization\",\"@id\":\"https:\\\/\\\/www.idermic.es\\\/#organization\",\"name\":\"Idermic. Dermatolog\u00eda en Terrassa\",\"url\":\"https:\\\/\\\/www.idermic.es\\\/\",\"logo\":{\"@type\":\"ImageObject\",\"inLanguage\":\"es\",\"@id\":\"https:\\\/\\\/www.idermic.es\\\/#\\\/schema\\\/logo\\\/image\\\/\",\"url\":\"https:\\\/\\\/www.idermic.es\\\/wp-content\\\/uploads\\\/2025\\\/10\\\/Logo-Idermic.jpg\",\"contentUrl\":\"https:\\\/\\\/www.idermic.es\\\/wp-content\\\/uploads\\\/2025\\\/10\\\/Logo-Idermic.jpg\",\"width\":501,\"height\":502,\"caption\":\"Idermic. Dermatolog\u00eda en Terrassa\"},\"image\":{\"@id\":\"https:\\\/\\\/www.idermic.es\\\/#\\\/schema\\\/logo\\\/image\\\/\"},\"sameAs\":[\"https:\\\/\\\/www.facebook.com\\\/Idermic\",\"https:\\\/\\\/x.com\\\/idermic\",\"https:\\\/\\\/www.instagram.com\\\/idermicclinic\\\/\",\"https:\\\/\\\/www.youtube.com\\\/channel\\\/UCyAHC9-p8lc6hr_nguO8p_g\"]},{\"@type\":\"Person\",\"@id\":\"https:\\\/\\\/www.idermic.es\\\/#\\\/schema\\\/person\\\/d9bd7e6f2a783f0f526073250560bfb5\",\"name\":\"admin@www\",\"image\":{\"@type\":\"ImageObject\",\"inLanguage\":\"es\",\"@id\":\"https:\\\/\\\/secure.gravatar.com\\\/avatar\\\/b4e94726668ce15d352771a043d3273340f3898aee9f386703de5f0d2865d807?s=96&d=mm&r=g\",\"url\":\"https:\\\/\\\/secure.gravatar.com\\\/avatar\\\/b4e94726668ce15d352771a043d3273340f3898aee9f386703de5f0d2865d807?s=96&d=mm&r=g\",\"contentUrl\":\"https:\\\/\\\/secure.gravatar.com\\\/avatar\\\/b4e94726668ce15d352771a043d3273340f3898aee9f386703de5f0d2865d807?s=96&d=mm&r=g\",\"caption\":\"admin@www\"}}]}<\/script>\n<!-- \/ Yoast SEO plugin. -->","yoast_head_json":{"title":"HIFU en Terrassa | Lifting facial sin cirug\u00eda \u2013 Idermic","description":"HIFU en Terrassa en Cl\u00ednica Idermic: tratamiento de lifting facial sin cirug\u00eda con ultrasonido focalizado. Pide valoraci\u00f3n con el especialista","robots":{"index":"index","follow":"follow","max-snippet":"max-snippet:-1","max-image-preview":"max-image-preview:large","max-video-preview":"max-video-preview:-1"},"canonical":"https:\/\/www.idermic.es\/es\/hifu-en-terrassa-lifting-facial-sin-cirugia\/","og_locale":"es_ES","og_type":"article","og_title":"HIFU en Terrassa | Lifting facial sin cirug\u00eda \u2013 Idermic","og_description":"HIFU en Terrassa en Cl\u00ednica Idermic: tratamiento de lifting facial sin cirug\u00eda con ultrasonido focalizado. Pide valoraci\u00f3n con el especialista","og_url":"https:\/\/www.idermic.es\/es\/hifu-en-terrassa-lifting-facial-sin-cirugia\/","og_site_name":"Idermic. Dermatolog\u00eda en Terrassa","article_publisher":"https:\/\/www.facebook.com\/Idermic","article_published_time":"2026-06-05T09:58:36+00:00","article_modified_time":"2026-06-05T14:56:10+00:00","og_image":[{"width":1080,"height":608,"url":"https:\/\/www.idermic.es\/wp-content\/uploads\/2026\/06\/HIFU-en-Terrassa.webp","type":"image\/webp"}],"author":"admin@www","twitter_card":"summary_large_image","twitter_creator":"@idermic","twitter_site":"@idermic","twitter_misc":{"Escrito por":"admin@www","Tiempo de lectura":"4 minutos"},"schema":{"@context":"https:\/\/schema.org","@graph":[{"@type":"Article","@id":"https:\/\/www.idermic.es\/es\/hifu-en-terrassa-lifting-facial-sin-cirugia\/#article","isPartOf":{"@id":"https:\/\/www.idermic.es\/es\/hifu-en-terrassa-lifting-facial-sin-cirugia\/"},"author":{"name":"admin@www","@id":"https:\/\/www.idermic.es\/#\/schema\/person\/d9bd7e6f2a783f0f526073250560bfb5"},"headline":"HIFU en Terrassa: lifting facial sin cirug\u00eda","datePublished":"2026-06-05T09:58:36+00:00","dateModified":"2026-06-05T14:56:10+00:00","mainEntityOfPage":{"@id":"https:\/\/www.idermic.es\/es\/hifu-en-terrassa-lifting-facial-sin-cirugia\/"},"wordCount":1810,"publisher":{"@id":"https:\/\/www.idermic.es\/#organization"},"image":{"@id":"https:\/\/www.idermic.es\/es\/hifu-en-terrassa-lifting-facial-sin-cirugia\/#primaryimage"},"thumbnailUrl":"https:\/\/www.idermic.es\/wp-content\/uploads\/2026\/06\/HIFU-en-Terrassa.webp","articleSection":["Dermatologia est\u00e8tica"],"inLanguage":"es"},{"@type":"WebPage","@id":"https:\/\/www.idermic.es\/es\/hifu-en-terrassa-lifting-facial-sin-cirugia\/","url":"https:\/\/www.idermic.es\/es\/hifu-en-terrassa-lifting-facial-sin-cirugia\/","name":"HIFU en Terrassa | Lifting facial sin cirug\u00eda \u2013 Idermic","isPartOf":{"@id":"https:\/\/www.idermic.es\/#website"},"primaryImageOfPage":{"@id":"https:\/\/www.idermic.es\/es\/hifu-en-terrassa-lifting-facial-sin-cirugia\/#primaryimage"},"image":{"@id":"https:\/\/www.idermic.es\/es\/hifu-en-terrassa-lifting-facial-sin-cirugia\/#primaryimage"},"thumbnailUrl":"https:\/\/www.idermic.es\/wp-content\/uploads\/2026\/06\/HIFU-en-Terrassa.webp","datePublished":"2026-06-05T09:58:36+00:00","dateModified":"2026-06-05T14:56:10+00:00","description":"HIFU en Terrassa en Cl\u00ednica Idermic: tratamiento de lifting facial sin cirug\u00eda con ultrasonido focalizado. Pide valoraci\u00f3n con el especialista","breadcrumb":{"@id":"https:\/\/www.idermic.es\/es\/hifu-en-terrassa-lifting-facial-sin-cirugia\/#breadcrumb"},"inLanguage":"es","potentialAction":[{"@type":"ReadAction","target":["https:\/\/www.idermic.es\/es\/hifu-en-terrassa-lifting-facial-sin-cirugia\/"]}]},{"@type":"ImageObject","inLanguage":"es","@id":"https:\/\/www.idermic.es\/es\/hifu-en-terrassa-lifting-facial-sin-cirugia\/#primaryimage","url":"https:\/\/www.idermic.es\/wp-content\/uploads\/2026\/06\/HIFU-en-Terrassa.webp","contentUrl":"https:\/\/www.idermic.es\/wp-content\/uploads\/2026\/06\/HIFU-en-Terrassa.webp","width":1080,"height":608,"caption":"HIFU en Terrassa. Tratamiento del lifting sin cirug\u00eda."},{"@type":"BreadcrumbList","@id":"https:\/\/www.idermic.es\/es\/hifu-en-terrassa-lifting-facial-sin-cirugia\/#breadcrumb","itemListElement":[{"@type":"ListItem","position":1,"name":"Inici","item":"https:\/\/www.idermic.es\/es\/"},{"@type":"ListItem","position":2,"name":"HIFU en Terrassa: lifting facial sin cirug\u00eda"}]},{"@type":"WebSite","@id":"https:\/\/www.idermic.es\/#website","url":"https:\/\/www.idermic.es\/","name":"Idermic. Dermatolog\u00eda en Terrassa","description":"Dermatolog\u00eda, Medicina est\u00e9tica, Cirurg\u00eda Pl\u00e0stica","publisher":{"@id":"https:\/\/www.idermic.es\/#organization"},"potentialAction":[{"@type":"SearchAction","target":{"@type":"EntryPoint","urlTemplate":"https:\/\/www.idermic.es\/?s={search_term_string}"},"query-input":{"@type":"PropertyValueSpecification","valueRequired":true,"valueName":"search_term_string"}}],"inLanguage":"es"},{"@type":"Organization","@id":"https:\/\/www.idermic.es\/#organization","name":"Idermic. Dermatolog\u00eda en Terrassa","url":"https:\/\/www.idermic.es\/","logo":{"@type":"ImageObject","inLanguage":"es","@id":"https:\/\/www.idermic.es\/#\/schema\/logo\/image\/","url":"https:\/\/www.idermic.es\/wp-content\/uploads\/2025\/10\/Logo-Idermic.jpg","contentUrl":"https:\/\/www.idermic.es\/wp-content\/uploads\/2025\/10\/Logo-Idermic.jpg","width":501,"height":502,"caption":"Idermic. Dermatolog\u00eda en Terrassa"},"image":{"@id":"https:\/\/www.idermic.es\/#\/schema\/logo\/image\/"},"sameAs":["https:\/\/www.facebook.com\/Idermic","https:\/\/x.com\/idermic","https:\/\/www.instagram.com\/idermicclinic\/","https:\/\/www.youtube.com\/channel\/UCyAHC9-p8lc6hr_nguO8p_g"]},{"@type":"Person","@id":"https:\/\/www.idermic.es\/#\/schema\/person\/d9bd7e6f2a783f0f526073250560bfb5","name":"admin@www","image":{"@type":"ImageObject","inLanguage":"es","@id":"https:\/\/secure.gravatar.com\/avatar\/b4e94726668ce15d352771a043d3273340f3898aee9f386703de5f0d2865d807?s=96&d=mm&r=g","url":"https:\/\/secure.gravatar.com\/avatar\/b4e94726668ce15d352771a043d3273340f3898aee9f386703de5f0d2865d807?s=96&d=mm&r=g","contentUrl":"https:\/\/secure.gravatar.com\/avatar\/b4e94726668ce15d352771a043d3273340f3898aee9f386703de5f0d2865d807?s=96&d=mm&r=g","caption":"admin@www"}}]}},"_links":{"self":[{"href":"https:\/\/www.idermic.es\/es\/wp-json\/wp\/v2\/posts\/9957","targetHints":{"allow":["GET"]}}],"collection":[{"href":"https:\/\/www.idermic.es\/es\/wp-json\/wp\/v2\/posts"}],"about":[{"href":"https:\/\/www.idermic.es\/es\/wp-json\/wp\/v2\/types\/post"}],"author":[{"embeddable":true,"href":"https:\/\/www.idermic.es\/es\/wp-json\/wp\/v2\/users\/1"}],"replies":[{"embeddable":true,"href":"https:\/\/www.idermic.es\/es\/wp-json\/wp\/v2\/comments?post=9957"}],"version-history":[{"count":3,"href":"https:\/\/www.idermic.es\/es\/wp-json\/wp\/v2\/posts\/9957\/revisions"}],"predecessor-version":[{"id":9962,"href":"https:\/\/www.idermic.es\/es\/wp-json\/wp\/v2\/posts\/9957\/revisions\/9962"}],"wp:featuredmedia":[{"embeddable":true,"href":"https:\/\/www.idermic.es\/es\/wp-json\/wp\/v2\/media\/9959"}],"wp:attachment":[{"href":"https:\/\/www.idermic.es\/es\/wp-json\/wp\/v2\/media?parent=9957"}],"wp:term":[{"taxonomy":"category","embeddable":true,"href":"https:\/\/www.idermic.es\/es\/wp-json\/wp\/v2\/categories?post=9957"},{"taxonomy":"post_tag","embeddable":true,"href":"https:\/\/www.idermic.es\/es\/wp-json\/wp\/v2\/tags?post=9957"}],"curies":[{"name":"wp","href":"https:\/\/api.w.org\/{rel}","templated":true}]}}