{"id":9751,"date":"2026-05-21T09:02:19","date_gmt":"2026-05-21T09:02:19","guid":{"rendered":"https:\/\/www.idermic.es\/?p=9751"},"modified":"2026-05-26T09:44:51","modified_gmt":"2026-05-26T09:44:51","slug":"tratamiento-del-acne-noduloquistico-como-reconocerlo-que-opciones-existen-y-cuando-acudir-al-dermatologo","status":"publish","type":"post","link":"https:\/\/www.idermic.es\/es\/tratamiento-del-acne-noduloquistico-como-reconocerlo-que-opciones-existen-y-cuando-acudir-al-dermatologo\/","title":{"rendered":"Tratamiento del acn\u00e9 noduloqu\u00edstico: c\u00f3mo reconocerlo, qu\u00e9 opciones existen y cu\u00e1ndo acudir al dermat\u00f3logo"},"content":{"rendered":"<p><div class=\"fusion-fullwidth fullwidth-box fusion-builder-row-1 nonhundred-percent-fullwidth non-hundred-percent-height-scrolling\" style=\"--awb-border-radius-top-left:0px;--awb-border-radius-top-right:0px;--awb-border-radius-bottom-right:0px;--awb-border-radius-bottom-left:0px;--awb-flex-wrap:wrap;\" ><div class=\"fusion-builder-row fusion-row\"><div class=\"fusion-layout-column fusion_builder_column fusion-builder-column-0 fusion_builder_column_1_1 1_1 fusion-one-full fusion-column-first fusion-column-last\" style=\"--awb-bg-size:cover;\"><div class=\"fusion-column-wrapper fusion-flex-column-wrapper-legacy\"><div class=\"fusion-text fusion-text-1\"><h1 style=\"text-align: center;\">Tratamiento del acn\u00e9 noduloqu\u00edstico: c\u00f3mo reconocerlo, qu\u00e9 opciones existen y cu\u00e1ndo acudir al dermat\u00f3logo<\/h1>\n<\/div><div class=\"fusion-clearfix\"><\/div><\/div><\/div><\/div><\/div><div class=\"fusion-fullwidth fullwidth-box fusion-builder-row-2 nonhundred-percent-fullwidth non-hundred-percent-height-scrolling\" style=\"--awb-border-radius-top-left:0px;--awb-border-radius-top-right:0px;--awb-border-radius-bottom-right:0px;--awb-border-radius-bottom-left:0px;--awb-flex-wrap:wrap;\" ><div class=\"fusion-builder-row fusion-row\"><div class=\"fusion-layout-column fusion_builder_column fusion-builder-column-1 fusion_builder_column_1_2 1_2 fusion-one-half fusion-column-first\" style=\"--awb-bg-size:cover;width:50%;width:calc(50% - ( ( 4% ) * 0.5 ) );margin-right: 4%;\"><div class=\"fusion-column-wrapper fusion-flex-column-wrapper-legacy\"><div class=\"fusion-text fusion-text-2\"><p data-start=\"3164\" data-end=\"3681\">El <strong data-start=\"3167\" data-end=\"3190\">acn\u00e9 noduloqu\u00edstico<\/strong> es una de las formas m\u00e1s intensas y complejas del acn\u00e9. Se caracteriza por la aparici\u00f3n de <strong data-start=\"3282\" data-end=\"3365\">n\u00f3dulos profundos, quistes inflamados, lesiones dolorosas y brotes persistentes<\/strong> que pueden afectar al rostro, la espalda, el pecho, los hombros o la l\u00ednea mandibular.<\/p>\n<p data-start=\"3164\" data-end=\"3681\">A diferencia del acn\u00e9 leve, no se limita a puntos negros, espinillas o granos superficiales, sino que compromete capas m\u00e1s profundas de la piel y puede dejar <strong data-start=\"3611\" data-end=\"3637\">cicatrices permanentes<\/strong> si no se aborda de forma precoz y adecuada.<\/p>\n<\/div><div class=\"fusion-clearfix\"><\/div><\/div><\/div><div class=\"fusion-layout-column fusion_builder_column fusion-builder-column-2 fusion_builder_column_1_2 1_2 fusion-one-half fusion-column-last\" style=\"--awb-bg-size:cover;width:50%;width:calc(50% - ( ( 4% ) * 0.5 ) );\"><div class=\"fusion-column-wrapper fusion-flex-column-wrapper-legacy\"><div class=\"fusion-image-element in-legacy-container\" style=\"--awb-caption-title-font-family:var(--h2_typography-font-family);--awb-caption-title-font-weight:var(--h2_typography-font-weight);--awb-caption-title-font-style:var(--h2_typography-font-style);--awb-caption-title-size:var(--h2_typography-font-size);--awb-caption-title-transform:var(--h2_typography-text-transform);--awb-caption-title-line-height:var(--h2_typography-line-height);--awb-caption-title-letter-spacing:var(--h2_typography-letter-spacing);\"><span class=\" fusion-imageframe imageframe-none imageframe-1 hover-type-none\"><img decoding=\"async\" width=\"900\" height=\"600\" alt=\"Tratamiento del acn\u00e9 noduloqu\u00edstico\" title=\"Acn\u00e9 noduloqu\u00edstico\" src=\"https:\/\/www.idermic.es\/wp-content\/uploads\/2026\/05\/Tratamiento-del-acne-noduloquistico-3.jpg\" class=\"img-responsive wp-image-9767\" srcset=\"https:\/\/www.idermic.es\/wp-content\/uploads\/2026\/05\/Tratamiento-del-acne-noduloquistico-3-200x133.jpg 200w, https:\/\/www.idermic.es\/wp-content\/uploads\/2026\/05\/Tratamiento-del-acne-noduloquistico-3-400x267.jpg 400w, https:\/\/www.idermic.es\/wp-content\/uploads\/2026\/05\/Tratamiento-del-acne-noduloquistico-3-600x400.jpg 600w, https:\/\/www.idermic.es\/wp-content\/uploads\/2026\/05\/Tratamiento-del-acne-noduloquistico-3-800x533.jpg 800w, https:\/\/www.idermic.es\/wp-content\/uploads\/2026\/05\/Tratamiento-del-acne-noduloquistico-3.jpg 900w\" sizes=\"(max-width: 800px) 100vw, 600px\" \/><\/span><\/div><div class=\"fusion-clearfix\"><\/div><\/div><\/div><\/div><\/div><div class=\"fusion-fullwidth fullwidth-box fusion-builder-row-3 fusion-flex-container has-pattern-background has-mask-background nonhundred-percent-fullwidth non-hundred-percent-height-scrolling\" style=\"--awb-border-radius-top-left:0px;--awb-border-radius-top-right:0px;--awb-border-radius-bottom-right:0px;--awb-border-radius-bottom-left:0px;--awb-flex-wrap:wrap;\" ><div class=\"fusion-builder-row fusion-row fusion-flex-align-items-flex-start fusion-flex-content-wrap\" style=\"max-width:1227.2px;margin-left: calc(-4% \/ 2 );margin-right: calc(-4% \/ 2 );\"><div class=\"fusion-layout-column fusion_builder_column fusion-builder-column-3 fusion_builder_column_1_1 1_1 fusion-flex-column\" style=\"--awb-bg-size:cover;--awb-width-large:100%;--awb-margin-top-large:0px;--awb-spacing-right-large:1.92%;--awb-margin-bottom-large:0px;--awb-spacing-left-large:1.92%;--awb-width-medium:100%;--awb-order-medium:0;--awb-spacing-right-medium:1.92%;--awb-spacing-left-medium:1.92%;--awb-width-small:100%;--awb-order-small:0;--awb-spacing-right-small:1.92%;--awb-spacing-left-small:1.92%;\"><div class=\"fusion-column-wrapper fusion-column-has-shadow fusion-flex-justify-content-flex-start fusion-content-layout-column\"><div class=\"fusion-separator fusion-full-width-sep\" style=\"align-self: center;margin-left: auto;margin-right: auto;width:100%;\"><div class=\"fusion-separator-border sep-double\" style=\"--awb-height:20px;--awb-amount:20px;border-color:#e0dede;border-top-width:1px;border-bottom-width:1px;\"><\/div><\/div><\/div><\/div><\/div><\/div><div class=\"fusion-fullwidth fullwidth-box fusion-builder-row-4 nonhundred-percent-fullwidth non-hundred-percent-height-scrolling\" style=\"--awb-border-radius-top-left:0px;--awb-border-radius-top-right:0px;--awb-border-radius-bottom-right:0px;--awb-border-radius-bottom-left:0px;--awb-flex-wrap:wrap;\" ><div class=\"fusion-builder-row fusion-row\"><div class=\"fusion-layout-column fusion_builder_column fusion-builder-column-4 fusion_builder_column_1_1 1_1 fusion-one-full fusion-column-first fusion-column-last\" style=\"--awb-bg-size:cover;\"><div class=\"fusion-column-wrapper fusion-flex-column-wrapper-legacy\"><div class=\"fusion-text fusion-text-3\"><p data-section-id=\"1afhjt6\" data-start=\"4211\" data-end=\"4243\">Este tipo de acn\u00e9 requiere una valoraci\u00f3n dermatol\u00f3gica individualizada, especialmente cuando las lesiones son dolorosas, recurrentes, extensas o dejan marcas. El tratamiento puede combinar medicaci\u00f3n t\u00f3pica, f\u00e1rmacos orales, medidas hormonales en casos concretos, infiltraciones, procedimientos dermatol\u00f3gicos y cuidados domiciliarios adaptados. En Cl\u00ednica Idermic de Terrassa, el enfoque debe basarse en identificar la gravedad del brote, controlar la inflamaci\u00f3n, prevenir nuevas lesiones y reducir el riesgo de cicatrices.<\/p>\n<h2 data-section-id=\"1afhjt6\" data-start=\"4211\" data-end=\"4243\">Qu\u00e9 es el acn\u00e9 noduloqu\u00edstico<\/h2>\n<p data-start=\"4245\" data-end=\"4576\">El acn\u00e9 noduloqu\u00edstico, tambi\u00e9n llamado <strong data-start=\"4285\" data-end=\"4302\">acn\u00e9 qu\u00edstico<\/strong> o <strong data-start=\"4305\" data-end=\"4329\">acn\u00e9 n\u00f3dulo qu\u00edstico<\/strong>, es una forma grave de acn\u00e9 inflamatorio. Se produce cuando el fol\u00edculo piloseb\u00e1ceo se obstruye por una combinaci\u00f3n de sebo, c\u00e9lulas muertas, inflamaci\u00f3n y proliferaci\u00f3n bacteriana, lo que favorece la aparici\u00f3n de lesiones profundas bajo la piel.<\/p>\n<p data-start=\"4578\" data-end=\"4752\">En el acn\u00e9 com\u00fan pueden aparecer comedones abiertos, comedones cerrados, p\u00e1pulas o p\u00fastulas. En cambio, en el acn\u00e9 noduloqu\u00edstico predominan lesiones m\u00e1s grandes y profundas:<\/p>\n<p data-start=\"4754\" data-end=\"5126\">Los <strong data-start=\"4758\" data-end=\"4769\">n\u00f3dulos<\/strong> son bultos s\u00f3lidos, inflamados, duros y dolorosos que se localizan en profundidad. No siempre contienen pus visible y pueden permanecer durante semanas. Los <strong data-start=\"4927\" data-end=\"4938\">quistes<\/strong> son lesiones m\u00e1s profundas, inflamadas y con contenido l\u00edquido o purulento, que pueden aumentar de tama\u00f1o, doler al tacto y dejar cicatrices atr\u00f3ficas, hipertr\u00f3ficas o manchas residuales.<\/p>\n<p data-start=\"5128\" data-end=\"5612\">Las gu\u00edas cl\u00ednicas y recursos dermatol\u00f3gicos coinciden en que el acn\u00e9 noduloqu\u00edstico debe considerarse una forma grave por su riesgo de cicatrizaci\u00f3n y por el impacto que puede tener en la calidad de vida. NICE incluye el acn\u00e9 noduloqu\u00edstico entre las situaciones que justifican derivaci\u00f3n o manejo especializado, y la Academia Americana de Dermatolog\u00eda se\u00f1ala que la isotretino\u00edna puede lograr aclaramiento prolongado en acn\u00e9 grave seleccionado.<\/p>\n<h2 data-section-id=\"7h5de8\" data-start=\"5614\" data-end=\"5655\">Por qu\u00e9 aparece el acn\u00e9 noduloqu\u00edstico<\/h2>\n<p data-start=\"5657\" data-end=\"5877\">El acn\u00e9 noduloqu\u00edstico no suele tener una \u00fanica causa. Habitualmente aparece por la combinaci\u00f3n de varios factores biol\u00f3gicos, hormonales, gen\u00e9ticos y ambientales. Comprenderlos ayuda a elegir un tratamiento m\u00e1s preciso.<\/p>\n<p data-start=\"5879\" data-end=\"6159\">Uno de los factores principales es la <strong data-start=\"5917\" data-end=\"5948\">producci\u00f3n excesiva de sebo<\/strong>. Las gl\u00e1ndulas seb\u00e1ceas producen grasa para proteger la piel, pero cuando esta producci\u00f3n aumenta, el fol\u00edculo puede obstruirse con m\u00e1s facilidad. Esta obstrucci\u00f3n crea un entorno favorable para la inflamaci\u00f3n.<\/p>\n<p data-start=\"6161\" data-end=\"6568\">Tambi\u00e9n interviene la bacteria <strong data-start=\"6192\" data-end=\"6215\">Cutibacterium acnes<\/strong>, antes conocida como Propionibacterium acnes. Esta bacteria forma parte de la microbiota cut\u00e1nea, pero en determinadas condiciones puede contribuir a una respuesta inflamatoria intensa dentro del fol\u00edculo. El problema no es simplemente la presencia de bacterias, sino la interacci\u00f3n entre sebo, obstrucci\u00f3n folicular, sistema inmunitario e inflamaci\u00f3n.<\/p>\n<p data-start=\"6570\" data-end=\"6901\">La <strong data-start=\"6573\" data-end=\"6600\">predisposici\u00f3n gen\u00e9tica<\/strong> tambi\u00e9n influye. Las personas con antecedentes familiares de acn\u00e9 severo pueden tener mayor tendencia a desarrollar lesiones profundas, persistentes o cicatriciales. Este componente hereditario no significa que el acn\u00e9 sea inevitable, pero s\u00ed puede aumentar la probabilidad de formas m\u00e1s resistentes.<\/p>\n<p data-start=\"6903\" data-end=\"7363\">Los <strong data-start=\"6907\" data-end=\"6930\">factores hormonales<\/strong> tienen un papel relevante, sobre todo en brotes localizados en mand\u00edbula, ment\u00f3n, cuello o tercio inferior del rostro. En mujeres adultas, el acn\u00e9 inflamatorio persistente puede relacionarse con cambios hormonales, s\u00edndrome de ovario poliqu\u00edstico, hiperandrogenismo o fluctuaciones del ciclo menstrual. En estos casos, el tratamiento puede requerir una valoraci\u00f3n dermatol\u00f3gica y, en ocasiones, coordinaci\u00f3n con otros especialistas.<\/p>\n<p data-start=\"7365\" data-end=\"7738\">Adem\u00e1s, algunos medicamentos, cosm\u00e9ticos comedog\u00e9nicos, suplementos no indicados, anabolizantes, estr\u00e9s, falta de sue\u00f1o, h\u00e1bitos de manipulaci\u00f3n de las lesiones y rutinas agresivas pueden agravar los brotes. NICE recomienda considerar causas m\u00e9dicas o farmacol\u00f3gicas cuando un trastorno o medicamento pueda estar contribuyendo al acn\u00e9.<\/p>\n<h2 data-section-id=\"1iyldjh\" data-start=\"7740\" data-end=\"7780\">C\u00f3mo reconocer el acn\u00e9 noduloqu\u00edstico<\/h2>\n<p data-start=\"7782\" data-end=\"8068\">El acn\u00e9 noduloqu\u00edstico suele reconocerse por la presencia de lesiones profundas y dolorosas que no evolucionan como un grano superficial. Muchas personas describen estos brotes como \u201cbultos internos\u201d, \u201cgranos enquistados\u201d, \u201cquistes bajo la piel\u201d o \u201cn\u00f3dulos que tardan semanas en bajar\u201d.<\/p>\n<p data-start=\"8070\" data-end=\"8100\">Los signos m\u00e1s habituales son:<\/p>\n<p data-start=\"8102\" data-end=\"8518\">Lesiones grandes, inflamadas y dolorosas.<br data-start=\"8143\" data-end=\"8146\" \/>Bultos duros bajo la piel.<br data-start=\"8172\" data-end=\"8175\" \/>Quistes con sensaci\u00f3n de presi\u00f3n o contenido profundo.<br data-start=\"8229\" data-end=\"8232\" \/>Brotes persistentes en rostro, espalda, pecho, hombros o cuello.<br data-start=\"8296\" data-end=\"8299\" \/>Marcas rojas, marrones o viol\u00e1ceas despu\u00e9s de la inflamaci\u00f3n.<br data-start=\"8360\" data-end=\"8363\" \/>Cicatrices hundidas, elevadas o irregulares.<br data-start=\"8407\" data-end=\"8410\" \/>Empeoramiento con la manipulaci\u00f3n o extracci\u00f3n casera.<br data-start=\"8464\" data-end=\"8467\" \/>Sensaci\u00f3n de inflamaci\u00f3n repetida en la misma zona.<\/p>\n<p data-start=\"8520\" data-end=\"8767\">A veces conviven lesiones de diferente tipo: comedones, p\u00e1pulas, p\u00fastulas, n\u00f3dulos y quistes. Esta combinaci\u00f3n es importante porque permite valorar la gravedad y decidir si basta con tratamiento t\u00f3pico o si es necesario incorporar medicaci\u00f3n oral.<\/p>\n<p data-start=\"8769\" data-end=\"9087\">El acn\u00e9 noduloqu\u00edstico puede confundirse con otras afecciones, como foliculitis, ros\u00e1cea inflamatoria, hidradenitis supurativa en determinadas zonas, acn\u00e9 f\u00fangico o lesiones infecciosas. Por eso, el diagn\u00f3stico no debe basarse \u00fanicamente en fotograf\u00edas o descripciones generales: la exploraci\u00f3n dermatol\u00f3gica es clave.<\/p>\n<h2 data-section-id=\"zindbl\" data-start=\"9089\" data-end=\"9118\">Zonas donde suele aparecer<\/h2>\n<p data-start=\"9120\" data-end=\"9261\">Aunque se asocia con frecuencia al rostro, el acn\u00e9 noduloqu\u00edstico puede aparecer en distintas \u00e1reas del cuerpo. Las zonas m\u00e1s habituales son:<\/p>\n<p data-start=\"9263\" data-end=\"9676\"><strong data-start=\"9263\" data-end=\"9274\">Rostro:<\/strong> especialmente mejillas, mand\u00edbula, ment\u00f3n, frente y zona perioral.<br data-start=\"9341\" data-end=\"9344\" \/><strong data-start=\"9344\" data-end=\"9356\">Espalda:<\/strong> una localizaci\u00f3n frecuente en acn\u00e9 severo, con lesiones amplias y riesgo de cicatrices.<br data-start=\"9444\" data-end=\"9447\" \/><strong data-start=\"9447\" data-end=\"9457\">Pecho:<\/strong> puede acompa\u00f1arse de brotes en hombros o cuello.<br data-start=\"9506\" data-end=\"9509\" \/><strong data-start=\"9509\" data-end=\"9541\">Hombros y brazos superiores:<\/strong> m\u00e1s frecuente en personas con acn\u00e9 corporal intenso.<br data-start=\"9594\" data-end=\"9597\" \/><strong data-start=\"9597\" data-end=\"9627\">Cuello y l\u00ednea mandibular:<\/strong> especialmente relevante en acn\u00e9 hormonal adulto.<\/p>\n<p data-start=\"9678\" data-end=\"9875\">El acn\u00e9 corporal puede ser especialmente inc\u00f3modo porque las lesiones rozan con la ropa, pueden doler al dormir o al practicar deporte y suelen dejar hiperpigmentaci\u00f3n o cicatrices si se manipulan.<\/p>\n<h2 data-section-id=\"ocigrq\" data-start=\"9877\" data-end=\"9943\">Diferencias entre acn\u00e9 qu\u00edstico, acn\u00e9 nodular y acn\u00e9 conglobata<\/h2>\n<p data-start=\"9945\" data-end=\"10017\">Aunque a menudo se usan como t\u00e9rminos cercanos, conviene diferenciarlos.<\/p>\n<p data-start=\"10019\" data-end=\"10358\">El <strong data-start=\"10022\" data-end=\"10038\">acn\u00e9 nodular<\/strong> se caracteriza por n\u00f3dulos profundos, duros y dolorosos. El <strong data-start=\"10099\" data-end=\"10116\">acn\u00e9 qu\u00edstico<\/strong> se asocia a quistes inflamados, m\u00e1s blandos o fluctuantes, que pueden contener material purulento. El <strong data-start=\"10219\" data-end=\"10242\">acn\u00e9 noduloqu\u00edstico<\/strong> combina ambos tipos de lesiones o se utiliza para describir formas graves en las que predominan lesiones profundas.<\/p>\n<p data-start=\"10360\" data-end=\"10618\">El <strong data-start=\"10363\" data-end=\"10382\">acn\u00e9 conglobata<\/strong> es una forma especialmente severa, cr\u00f3nica e inflamatoria, con n\u00f3dulos interconectados, abscesos, comedones m\u00faltiples y cicatrices importantes. Puede afectar al tronco y a otras zonas corporales, y requiere manejo m\u00e9dico especializado.<\/p>\n<p data-start=\"10620\" data-end=\"10821\">En la pr\u00e1ctica cl\u00ednica, lo m\u00e1s importante no es solo el nombre exacto, sino valorar la profundidad, extensi\u00f3n, dolor, duraci\u00f3n, riesgo de cicatriz, respuesta a tratamientos previos e impacto emocional.<\/p>\n<h2 data-section-id=\"63604e\" data-start=\"10823\" data-end=\"10861\">Por qu\u00e9 no debe manipularse en casa<\/h2>\n<p data-start=\"10863\" data-end=\"11173\">Uno de los errores m\u00e1s frecuentes en el acn\u00e9 noduloqu\u00edstico es intentar explotar, pinchar, drenar o presionar los quistes en casa. Esta conducta puede empeorar la inflamaci\u00f3n, romper la pared del fol\u00edculo en profundidad, extender el proceso inflamatorio y aumentar el riesgo de infecci\u00f3n, manchas y cicatrices.<\/p>\n<p data-start=\"11175\" data-end=\"11549\">A diferencia de una p\u00fastula superficial, un n\u00f3dulo profundo no se resuelve mejor al presionarlo. De hecho, la presi\u00f3n repetida puede transformar una lesi\u00f3n inflamatoria en una marca permanente. Cuando una lesi\u00f3n es muy dolorosa o voluminosa, el dermat\u00f3logo puede valorar opciones como infiltraci\u00f3n intralesional o drenaje controlado, pero no debe realizarse de forma casera.<\/p>\n<h2 data-section-id=\"1a6e0b7\" data-start=\"11551\" data-end=\"11589\">Tratamiento del acn\u00e9 noduloqu\u00edstico<\/h2>\n<p data-start=\"11591\" data-end=\"11897\">El tratamiento del acn\u00e9 noduloqu\u00edstico debe personalizarse. No todas las personas necesitan el mismo abordaje, y la elecci\u00f3n depende de la edad, sexo, localizaci\u00f3n, gravedad, antecedentes, tratamientos previos, deseo gestacional, tipo de piel, tendencia a cicatrizar y presencia de alteraciones hormonales.<\/p>\n<p data-start=\"11899\" data-end=\"11942\">En general, el objetivo del tratamiento es:<\/p>\n<p data-start=\"11944\" data-end=\"12239\">Controlar la inflamaci\u00f3n.<br data-start=\"11969\" data-end=\"11972\" \/>Reducir la producci\u00f3n de sebo.<br data-start=\"12002\" data-end=\"12005\" \/>Evitar nuevas obstrucciones foliculares.<br data-start=\"12045\" data-end=\"12048\" \/>Disminuir la carga bacteriana sin abusar de antibi\u00f3ticos.<br data-start=\"12105\" data-end=\"12108\" \/>Prevenir cicatrices.<br data-start=\"12128\" data-end=\"12131\" \/>Mejorar manchas y marcas residuales.<br data-start=\"12167\" data-end=\"12170\" \/>Proteger la barrera cut\u00e1nea.<br data-start=\"12198\" data-end=\"12201\" \/>Reducir el impacto emocional del acn\u00e9.<\/p>\n<h2 data-section-id=\"1j83d21\" data-start=\"12241\" data-end=\"12314\">Tratamientos t\u00f3picos: \u00fatiles, pero a menudo insuficientes por s\u00ed solos<\/h2>\n<p data-start=\"12316\" data-end=\"12634\">Los tratamientos t\u00f3picos pueden formar parte del plan, aunque en acn\u00e9 noduloqu\u00edstico suelen ser insuficientes si se usan como \u00fanica medida. Entre los activos m\u00e1s empleados se encuentran los retinoides t\u00f3picos, el per\u00f3xido de benzoilo, algunos antibi\u00f3ticos t\u00f3picos combinados y otros queratol\u00edticos o antiinflamatorios.<\/p>\n<p data-start=\"12636\" data-end=\"13042\">Los <strong data-start=\"12640\" data-end=\"12662\">retinoides t\u00f3picos<\/strong> ayudan a regular la renovaci\u00f3n celular, prevenir comedones y reducir la obstrucci\u00f3n del fol\u00edculo. El <strong data-start=\"12764\" data-end=\"12788\">per\u00f3xido de benzoilo<\/strong> puede ayudar a disminuir la proliferaci\u00f3n bacteriana y se usa con frecuencia para reducir el riesgo de resistencias cuando se combina con antibi\u00f3ticos. Los antibi\u00f3ticos t\u00f3picos no deber\u00edan utilizarse de forma aislada ni prolongada sin indicaci\u00f3n m\u00e9dica.<\/p>\n<p data-start=\"13044\" data-end=\"13274\">En lesiones profundas, estos productos pueden ayudar a prevenir nuevos brotes, pero no siempre resuelven n\u00f3dulos o quistes ya formados. Por eso, cuando hay dolor, extensi\u00f3n o cicatriz, suele ser necesario un tratamiento sist\u00e9mico.<\/p>\n<h2 data-section-id=\"vukbzm\" data-start=\"13276\" data-end=\"13326\">Antibi\u00f3ticos orales en acn\u00e9 inflamatorio severo<\/h2>\n<p data-start=\"13328\" data-end=\"13546\">Los antibi\u00f3ticos orales pueden indicarse en brotes inflamatorios moderados o severos, especialmente cuando existe afectaci\u00f3n extensa. Su funci\u00f3n principal no es \u00fanicamente antibacteriana, sino tambi\u00e9n antiinflamatoria.<\/p>\n<p data-start=\"13548\" data-end=\"13774\">Sin embargo, deben usarse con prudencia. Mayo Clinic recuerda que los antibi\u00f3ticos orales deben utilizarse durante el menor tiempo posible para reducir el riesgo de resistencia bacteriana.<\/p>\n<p data-start=\"13776\" data-end=\"14037\">Por este motivo, el dermat\u00f3logo suele combinarlos con tratamientos t\u00f3picos como per\u00f3xido de benzoilo o retinoides, y evita mantenerlos indefinidamente. Si el acn\u00e9 noduloqu\u00edstico no responde o recidiva al suspenderlos, puede ser necesario valorar otras opciones.<\/p>\n<h2 data-section-id=\"1wovyx\" data-start=\"14039\" data-end=\"14107\">Isotretino\u00edna oral: una opci\u00f3n clave en acn\u00e9 noduloqu\u00edstico grave<\/h2>\n<p data-start=\"14109\" data-end=\"14426\">La <strong data-start=\"14112\" data-end=\"14134\">isotretino\u00edna oral<\/strong> es uno de los tratamientos m\u00e1s importantes para el acn\u00e9 noduloqu\u00edstico severo, resistente o con riesgo de cicatriz. Act\u00faa reduciendo el tama\u00f1o y la actividad de las gl\u00e1ndulas seb\u00e1ceas, disminuyendo la producci\u00f3n de sebo, normalizando la queratinizaci\u00f3n folicular y reduciendo la inflamaci\u00f3n.<\/p>\n<p data-start=\"14428\" data-end=\"14855\">La Academia Americana de Dermatolog\u00eda explica que el tratamiento con isotretino\u00edna puede producir un aclaramiento prolongado del acn\u00e9 y, en algunas personas, permanente. Mayo Clinic indica que la isotretino\u00edna se utiliza para el acn\u00e9 nodular severo y desfigurante, generalmente cuando otros medicamentos o antibi\u00f3ticos no han funcionado adecuadamente.<\/p>\n<p data-start=\"14857\" data-end=\"15293\">No obstante, no es un tratamiento cosm\u00e9tico ni debe tomarse sin control m\u00e9dico. Requiere seguimiento, anal\u00edticas cuando proceda, control de efectos secundarios y medidas estrictas para evitar embarazo, ya que puede causar malformaciones cong\u00e9nitas graves. Mayo Clinic tambi\u00e9n se\u00f1ala posibles efectos adversos relevantes, por lo que la indicaci\u00f3n debe realizarse tras una valoraci\u00f3n individualizada.<\/p>\n<p data-start=\"15295\" data-end=\"15614\">Durante el tratamiento es frecuente la sequedad de labios, piel y mucosas. Por ello, el plan suele incluir hidrataci\u00f3n, fotoprotecci\u00f3n, cuidado labial, limpieza suave y revisi\u00f3n peri\u00f3dica. La decisi\u00f3n de iniciar isotretino\u00edna debe tomarse valorando beneficios, riesgos, antecedentes personales y expectativas realistas.<\/p>\n<h2 data-section-id=\"11qss40\" data-start=\"15616\" data-end=\"15674\">Tratamiento hormonal en mujeres con acn\u00e9 noduloqu\u00edstico<\/h2>\n<p data-start=\"15676\" data-end=\"16031\">En algunas mujeres, el acn\u00e9 noduloqu\u00edstico se relaciona con una mayor sensibilidad a andr\u00f3genos o con alteraciones hormonales. Esto puede sospecharse cuando los brotes se concentran en mand\u00edbula, ment\u00f3n y cuello, empeoran antes de la menstruaci\u00f3n, aparecen en edad adulta o se acompa\u00f1an de signos como ciclos irregulares, aumento de vello o ca\u00edda capilar.<\/p>\n<p data-start=\"16033\" data-end=\"16435\">En casos seleccionados, pueden utilizarse anticonceptivos hormonales combinados o f\u00e1rmacos antiandr\u00f3genos. NICE se\u00f1ala que, si una persona con acn\u00e9 desea anticoncepci\u00f3n hormonal, puede considerarse la p\u00edldora anticonceptiva combinada con preferencia frente a opciones solo con progest\u00e1geno, teniendo en cuenta el contexto cl\u00ednico y las recomendaciones espec\u00edficas.<\/p>\n<p data-start=\"16437\" data-end=\"16707\">Este tipo de tratamiento requiere valoraci\u00f3n m\u00e9dica, ya que no todas las pacientes son candidatas y existen contraindicaciones. Adem\u00e1s, cuando hay sospecha de s\u00edndrome de ovario poliqu\u00edstico u otra alteraci\u00f3n endocrina, puede ser necesaria una evaluaci\u00f3n complementaria.<\/p>\n<h2 data-section-id=\"1iyhfo6\" data-start=\"16709\" data-end=\"16765\">Infiltraciones intralesionales para n\u00f3dulos dolorosos<\/h2>\n<p data-start=\"16767\" data-end=\"17007\">Cuando existe un n\u00f3dulo o quiste muy inflamado, doloroso o de evoluci\u00f3n lenta, el dermat\u00f3logo puede valorar una <strong data-start=\"16879\" data-end=\"16924\">infiltraci\u00f3n intralesional con corticoide<\/strong>. Esta t\u00e9cnica busca reducir la inflamaci\u00f3n de una lesi\u00f3n concreta de forma r\u00e1pida.<\/p>\n<p data-start=\"17009\" data-end=\"17354\">No sustituye al tratamiento de base del acn\u00e9 noduloqu\u00edstico, pero puede ser \u00fatil en lesiones aisladas especialmente dolorosas o con alto riesgo de dejar cicatriz. Mayo Clinic recoge que las lesiones nodulares y qu\u00edsticas pueden tratarse mediante inyecci\u00f3n de un f\u00e1rmaco esteroideo directamente en la lesi\u00f3n.<\/p>\n<p data-start=\"17356\" data-end=\"17524\">La t\u00e9cnica debe realizarse con dosis y concentraci\u00f3n adecuadas, ya que un uso incorrecto puede provocar atrofia cut\u00e1nea, hundimiento temporal o cambios de pigmentaci\u00f3n.<\/p>\n<\/div><div class=\"fusion-clearfix\"><\/div><\/div><\/div><\/div><\/div><div class=\"fusion-fullwidth fullwidth-box fusion-builder-row-5 fusion-flex-container has-pattern-background has-mask-background nonhundred-percent-fullwidth non-hundred-percent-height-scrolling\" style=\"--awb-border-radius-top-left:0px;--awb-border-radius-top-right:0px;--awb-border-radius-bottom-right:0px;--awb-border-radius-bottom-left:0px;--awb-flex-wrap:wrap;\" ><div class=\"fusion-builder-row fusion-row fusion-flex-align-items-flex-start fusion-flex-content-wrap\" style=\"max-width:1227.2px;margin-left: calc(-4% \/ 2 );margin-right: calc(-4% \/ 2 );\"><div class=\"fusion-layout-column fusion_builder_column fusion-builder-column-5 fusion_builder_column_1_2 1_2 fusion-flex-column\" style=\"--awb-bg-size:cover;--awb-width-large:50%;--awb-margin-top-large:0px;--awb-spacing-right-large:3.84%;--awb-margin-bottom-large:0px;--awb-spacing-left-large:3.84%;--awb-width-medium:100%;--awb-order-medium:0;--awb-spacing-right-medium:1.92%;--awb-spacing-left-medium:1.92%;--awb-width-small:100%;--awb-order-small:0;--awb-spacing-right-small:1.92%;--awb-spacing-left-small:1.92%;\"><div class=\"fusion-column-wrapper fusion-column-has-shadow fusion-flex-justify-content-flex-start fusion-content-layout-column\"><div class=\"fusion-image-element \" style=\"--awb-caption-title-font-family:var(--h2_typography-font-family);--awb-caption-title-font-weight:var(--h2_typography-font-weight);--awb-caption-title-font-style:var(--h2_typography-font-style);--awb-caption-title-size:var(--h2_typography-font-size);--awb-caption-title-transform:var(--h2_typography-text-transform);--awb-caption-title-line-height:var(--h2_typography-line-height);--awb-caption-title-letter-spacing:var(--h2_typography-letter-spacing);\"><span class=\" fusion-imageframe imageframe-none imageframe-2 hover-type-none\"><img decoding=\"async\" width=\"720\" height=\"900\" alt=\"Tratamiento del acn\u00e9 noduloqu\u00edstico. Antes y despu\u00e9s-1\" title=\"Tratamiento del acn\u00e9 noduloqu\u00edstico\" src=\"https:\/\/www.idermic.es\/wp-content\/uploads\/2026\/05\/Tratamiento-del-acne-noduloquistico.-Antes-y-despues-1.jpg\" class=\"img-responsive wp-image-9764\" srcset=\"https:\/\/www.idermic.es\/wp-content\/uploads\/2026\/05\/Tratamiento-del-acne-noduloquistico.-Antes-y-despues-1-200x250.jpg 200w, https:\/\/www.idermic.es\/wp-content\/uploads\/2026\/05\/Tratamiento-del-acne-noduloquistico.-Antes-y-despues-1-400x500.jpg 400w, https:\/\/www.idermic.es\/wp-content\/uploads\/2026\/05\/Tratamiento-del-acne-noduloquistico.-Antes-y-despues-1-600x750.jpg 600w, https:\/\/www.idermic.es\/wp-content\/uploads\/2026\/05\/Tratamiento-del-acne-noduloquistico.-Antes-y-despues-1.jpg 720w\" sizes=\"(max-width: 1024px) 100vw, (max-width: 640px) 100vw, 600px\" \/><\/span><\/div><\/div><\/div><div class=\"fusion-layout-column fusion_builder_column fusion-builder-column-6 fusion_builder_column_1_2 1_2 fusion-flex-column\" style=\"--awb-bg-size:cover;--awb-width-large:50%;--awb-margin-top-large:0px;--awb-spacing-right-large:3.84%;--awb-margin-bottom-large:0px;--awb-spacing-left-large:3.84%;--awb-width-medium:100%;--awb-order-medium:0;--awb-spacing-right-medium:1.92%;--awb-spacing-left-medium:1.92%;--awb-width-small:100%;--awb-order-small:0;--awb-spacing-right-small:1.92%;--awb-spacing-left-small:1.92%;\"><div class=\"fusion-column-wrapper fusion-column-has-shadow fusion-flex-justify-content-flex-start fusion-content-layout-column\"><div class=\"fusion-image-element \" style=\"--awb-caption-title-font-family:var(--h2_typography-font-family);--awb-caption-title-font-weight:var(--h2_typography-font-weight);--awb-caption-title-font-style:var(--h2_typography-font-style);--awb-caption-title-size:var(--h2_typography-font-size);--awb-caption-title-transform:var(--h2_typography-text-transform);--awb-caption-title-line-height:var(--h2_typography-line-height);--awb-caption-title-letter-spacing:var(--h2_typography-letter-spacing);\"><span class=\" fusion-imageframe imageframe-none imageframe-3 hover-type-none\"><img decoding=\"async\" width=\"720\" height=\"900\" alt=\"Tratamiento del acn\u00e9 noduloqu\u00edstico. Antes y despu\u00e9s-2\" title=\"Tratamiento del acn\u00e9 noduloqu\u00edstico\" src=\"https:\/\/www.idermic.es\/wp-content\/uploads\/2026\/05\/Tratamiento-del-acne-noduloquistico.-Antes-y-despues-2.jpg\" class=\"img-responsive wp-image-9762\" srcset=\"https:\/\/www.idermic.es\/wp-content\/uploads\/2026\/05\/Tratamiento-del-acne-noduloquistico.-Antes-y-despues-2-200x250.jpg 200w, https:\/\/www.idermic.es\/wp-content\/uploads\/2026\/05\/Tratamiento-del-acne-noduloquistico.-Antes-y-despues-2-400x500.jpg 400w, https:\/\/www.idermic.es\/wp-content\/uploads\/2026\/05\/Tratamiento-del-acne-noduloquistico.-Antes-y-despues-2-600x750.jpg 600w, https:\/\/www.idermic.es\/wp-content\/uploads\/2026\/05\/Tratamiento-del-acne-noduloquistico.-Antes-y-despues-2.jpg 720w\" sizes=\"(max-width: 1024px) 100vw, (max-width: 640px) 100vw, 600px\" \/><\/span><\/div><\/div><\/div><\/div><\/div><div class=\"fusion-fullwidth fullwidth-box fusion-builder-row-6 fusion-flex-container has-pattern-background has-mask-background nonhundred-percent-fullwidth non-hundred-percent-height-scrolling\" style=\"--awb-border-radius-top-left:0px;--awb-border-radius-top-right:0px;--awb-border-radius-bottom-right:0px;--awb-border-radius-bottom-left:0px;--awb-flex-wrap:wrap;\" ><div class=\"fusion-builder-row fusion-row fusion-flex-align-items-flex-start fusion-flex-content-wrap\" style=\"max-width:1227.2px;margin-left: calc(-4% \/ 2 );margin-right: calc(-4% \/ 2 );\"><div class=\"fusion-layout-column fusion_builder_column fusion-builder-column-7 fusion_builder_column_1_1 1_1 fusion-flex-column\" style=\"--awb-bg-size:cover;--awb-width-large:100%;--awb-margin-top-large:0px;--awb-spacing-right-large:1.92%;--awb-margin-bottom-large:0px;--awb-spacing-left-large:1.92%;--awb-width-medium:100%;--awb-order-medium:0;--awb-spacing-right-medium:1.92%;--awb-spacing-left-medium:1.92%;--awb-width-small:100%;--awb-order-small:0;--awb-spacing-right-small:1.92%;--awb-spacing-left-small:1.92%;\"><div class=\"fusion-column-wrapper fusion-column-has-shadow fusion-flex-justify-content-flex-start fusion-content-layout-column\"><div class=\"fusion-text fusion-text-4\"><h2 data-section-id=\"1qt5te\" data-start=\"17526\" data-end=\"17561\">Drenaje dermatol\u00f3gico de quistes<\/h2>\n<p data-start=\"17563\" data-end=\"17765\">En determinadas lesiones grandes, fluctuantes o muy dolorosas, puede plantearse un drenaje m\u00e9dico. Este procedimiento debe hacerse en condiciones adecuadas, con t\u00e9cnica est\u00e9ril y criterio dermatol\u00f3gico.<\/p>\n<p data-start=\"17767\" data-end=\"18058\">El drenaje no es equivalente a \u201cexplotar un grano\u201d. La manipulaci\u00f3n casera aumenta el riesgo de infecci\u00f3n, inflamaci\u00f3n y cicatriz. Cuando se realiza de forma m\u00e9dica, el objetivo es aliviar presi\u00f3n, reducir dolor y evitar complicaciones, pero siempre dentro de un plan terap\u00e9utico m\u00e1s amplio.<\/p>\n<h2 data-section-id=\"yxwsw5\" data-start=\"18060\" data-end=\"18102\">Peelings qu\u00edmicos: cu\u00e1ndo pueden ayudar<\/h2>\n<p data-start=\"18104\" data-end=\"18378\">Los <strong data-start=\"18108\" data-end=\"18129\">peelings qu\u00edmicos<\/strong> pueden tener un papel en pieles con tendencia acneica, textura irregular, comedones, manchas postinflamatorias o cicatrices superficiales. Sin embargo, en acn\u00e9 noduloqu\u00edstico activo no suelen ser la primera medida para controlar lesiones profundas.<\/p>\n<p data-start=\"18380\" data-end=\"18678\">Cuando la inflamaci\u00f3n est\u00e1 controlada, los peelings pueden ayudar a mejorar la renovaci\u00f3n cut\u00e1nea, suavizar irregularidades y disminuir manchas residuales. La elecci\u00f3n del \u00e1cido, concentraci\u00f3n, n\u00famero de sesiones y preparaci\u00f3n previa debe adaptarse al tipo de piel y al riesgo de hiperpigmentaci\u00f3n.<\/p>\n<h2 data-section-id=\"e82tjo\" data-start=\"18680\" data-end=\"18727\">L\u00e1ser y tratamientos para cicatrices de acn\u00e9<\/h2>\n<p data-start=\"18729\" data-end=\"18954\">Una vez controlado el acn\u00e9 activo, muchas personas necesitan tratar las marcas residuales. Las cicatrices del acn\u00e9 noduloqu\u00edstico pueden ser atr\u00f3ficas, en forma de picahielo, onduladas, deprimidas, hipertr\u00f3ficas o queloideas.<\/p>\n<p data-start=\"18956\" data-end=\"19252\">Los tratamientos pueden incluir l\u00e1ser fraccionado, radiofrecuencia fraccionada, peelings m\u00e9dicos, microneedling, subcisi\u00f3n, rellenos, infiltraciones o combinaciones de t\u00e9cnicas. La selecci\u00f3n depende del tipo de cicatriz, profundidad, color de piel, tiempo de evoluci\u00f3n y presencia de acn\u00e9 activo.<\/p>\n<p data-start=\"19254\" data-end=\"19525\">Es importante no iniciar procedimientos agresivos sobre una piel con brotes noduloqu\u00edsticos no controlados, ya que puede aumentar la irritaci\u00f3n y dificultar la recuperaci\u00f3n. La prioridad debe ser estabilizar la enfermedad y despu\u00e9s planificar la correcci\u00f3n de cicatrices.<\/p>\n<h2 data-section-id=\"qki18r\" data-start=\"19527\" data-end=\"19583\">Terapia fotodin\u00e1mica y otras opciones complementarias<\/h2>\n<p data-start=\"19585\" data-end=\"19908\">La terapia fotodin\u00e1mica y otras tecnolog\u00edas de luz pueden considerarse en determinados casos, especialmente cuando se busca reducir inflamaci\u00f3n o complementar tratamientos m\u00e9dicos. No sustituyen a la isotretino\u00edna en acn\u00e9 noduloqu\u00edstico severo cuando esta est\u00e1 indicada, pero pueden formar parte de un plan individualizado.<\/p>\n<p data-start=\"19910\" data-end=\"20120\">La evidencia y la indicaci\u00f3n var\u00edan seg\u00fan la t\u00e9cnica, el dispositivo, el protocolo y el perfil del paciente. Por eso, deben plantearse como parte de una estrategia dermatol\u00f3gica, no como una soluci\u00f3n universal.<\/p>\n<h2 data-section-id=\"1re7jji\" data-start=\"20122\" data-end=\"20164\">Cuidados en casa durante el tratamiento<\/h2>\n<p data-start=\"20166\" data-end=\"20409\">El tratamiento m\u00e9dico funciona mejor cuando se acompa\u00f1a de una rutina domiciliaria adecuada. En acn\u00e9 noduloqu\u00edstico, la piel suele estar inflamada, sensible o irritada por los tratamientos, por lo que la rutina debe ser eficaz pero respetuosa.<\/p>\n<p data-start=\"20411\" data-end=\"20610\">La limpieza debe realizarse con un producto suave, sin jab\u00f3n agresivo, sin alcohol irritante y sin exfoliantes f\u00edsicos abrasivos. Limpiar en exceso no cura el acn\u00e9 y puede alterar la barrera cut\u00e1nea.<\/p>\n<p data-start=\"20612\" data-end=\"20840\">La hidrataci\u00f3n es fundamental, incluso en piel grasa. Muchos tratamientos antiacn\u00e9 resecan, descaman o sensibilizan la piel. Una crema no comedog\u00e9nica ayuda a mantener la tolerancia terap\u00e9utica y reduce la sensaci\u00f3n de tirantez.<\/p>\n<p data-start=\"20842\" data-end=\"21142\">La fotoprotecci\u00f3n diaria es especialmente importante. El sol puede oscurecer manchas postinflamatorias, empeorar la pigmentaci\u00f3n residual y aumentar la sensibilidad durante tratamientos con retinoides, peelings o isotretino\u00edna. Debe elegirse un fotoprotector no comedog\u00e9nico, adaptado a piel acneica.<\/p>\n<p data-start=\"21144\" data-end=\"21407\">Tambi\u00e9n conviene evitar exfoliantes agresivos, mascarillas irritantes, aceites comedog\u00e9nicos, cosm\u00e9ticos muy oclusivos y cambios constantes de productos. En piel con acn\u00e9 severo, una rutina simple y constante suele ser m\u00e1s \u00fatil que una rutina extensa y cambiante.<\/p>\n<h2 data-section-id=\"u10pop\" data-start=\"21409\" data-end=\"21449\">Alimentaci\u00f3n, estr\u00e9s y estilo de vida<\/h2>\n<p data-start=\"21451\" data-end=\"21781\">La alimentaci\u00f3n no es la \u00fanica causa del acn\u00e9 noduloqu\u00edstico, pero puede influir en algunas personas. La evidencia cient\u00edfica ha relacionado ciertos patrones de alto \u00edndice gluc\u00e9mico con empeoramiento del acn\u00e9 en algunos pacientes. Tambi\u00e9n hay personas que refieren brotes asociados a l\u00e1cteos, aunque la respuesta no es universal.<\/p>\n<p data-start=\"21783\" data-end=\"22076\">La recomendaci\u00f3n general es seguir una alimentaci\u00f3n equilibrada, rica en verduras, frutas, prote\u00ednas de calidad, legumbres, pescado, frutos secos y alimentos poco procesados. No es recomendable hacer dietas restrictivas sin supervisi\u00f3n ni eliminar grupos completos de alimentos sin indicaci\u00f3n.<\/p>\n<p data-start=\"22078\" data-end=\"22332\">El estr\u00e9s tampoco \u201ccrea\u201d por s\u00ed solo el acn\u00e9 noduloqu\u00edstico, pero puede agravar brotes en personas predispuestas. Dormir poco, vivir con estr\u00e9s sostenido o manipular lesiones de forma compulsiva puede empeorar la inflamaci\u00f3n y dificultar la recuperaci\u00f3n.<\/p>\n<p data-start=\"22334\" data-end=\"22530\">El deporte, el descanso y la higiene adecuada despu\u00e9s de sudar pueden ayudar al bienestar general, aunque deben evitarse prendas muy oclusivas o rozaduras constantes sobre zonas con acn\u00e9 corporal.<\/p>\n<h2 data-section-id=\"gr32v7\" data-start=\"22532\" data-end=\"22578\">Impacto psicol\u00f3gico del acn\u00e9 noduloqu\u00edstico<\/h2>\n<p data-start=\"22580\" data-end=\"22926\">El acn\u00e9 noduloqu\u00edstico no es un problema superficial. Puede afectar a la autoestima, las relaciones sociales, la vida laboral, la seguridad personal y el estado de \u00e1nimo. Las lesiones visibles, dolorosas o cicatriciales pueden generar verg\u00fcenza, ansiedad, aislamiento o frustraci\u00f3n, especialmente cuando los brotes persisten durante meses o a\u00f1os.<\/p>\n<p data-start=\"22928\" data-end=\"23203\">Las gu\u00edas cl\u00ednicas sobre acn\u00e9 reconocen la importancia de tener en cuenta el bienestar mental y emocional de la persona afectada. NICE incluye el impacto del acn\u00e9 en salud mental y bienestar dentro del enfoque de manejo de la enfermedad.<\/p>\n<p data-start=\"23205\" data-end=\"23507\">Por este motivo, el tratamiento no debe limitarse a \u201csecar granos\u201d. Debe abordar la inflamaci\u00f3n, la prevenci\u00f3n de cicatrices y el acompa\u00f1amiento realista del paciente. Explicar tiempos, fases del tratamiento, posibles brotes iniciales y expectativas ayuda a reducir la ansiedad y mejorar la adherencia.<\/p>\n<h2 data-section-id=\"1u3y4td\" data-start=\"23509\" data-end=\"23540\">Cu\u00e1ndo acudir al dermat\u00f3logo<\/h2>\n<p data-start=\"23542\" data-end=\"23795\">El acn\u00e9 noduloqu\u00edstico debe valorarse cuanto antes si aparecen n\u00f3dulos dolorosos, quistes profundos, cicatrices, manchas persistentes, brotes en espalda o pecho, acn\u00e9 que no mejora con tratamientos habituales o lesiones que afectan a la calidad de vida.<\/p>\n<p data-start=\"23797\" data-end=\"24043\">Tambi\u00e9n es recomendable acudir al dermat\u00f3logo si el acn\u00e9 aparece de forma brusca en la edad adulta, si se acompa\u00f1a de alteraciones menstruales, ca\u00edda de cabello, aumento de vello, dolor intenso, fiebre, lesiones ulceradas o sospecha de infecci\u00f3n.<\/p>\n<p data-start=\"24045\" data-end=\"24241\">La consulta precoz permite iniciar un tratamiento adecuado antes de que se formen cicatrices permanentes. Esperar demasiado o probar muchos productos sin control puede retrasar el manejo efectivo.<\/p>\n<h2 data-section-id=\"jlxxbm\" data-start=\"24243\" data-end=\"24312\">Tratamiento del acn\u00e9 noduloqu\u00edstico en Cl\u00ednica Idermic de Terrassa<\/h2>\n<p data-start=\"24314\" data-end=\"24622\">En Cl\u00ednica Idermic de Terrassa, el abordaje del acn\u00e9 noduloqu\u00edstico debe centrarse en un diagn\u00f3stico preciso y un plan terap\u00e9utico adaptado a cada caso. La valoraci\u00f3n dermatol\u00f3gica permite determinar si predominan n\u00f3dulos, quistes, comedones, inflamaci\u00f3n activa, cicatrices, manchas o un componente hormonal.<\/p>\n<p data-start=\"24624\" data-end=\"24895\">El plan puede incluir tratamiento t\u00f3pico, medicaci\u00f3n oral, control hormonal si procede, infiltraciones en lesiones concretas, recomendaciones de rutina domiciliaria, seguimiento de tolerancia y planificaci\u00f3n de tratamientos para cicatrices cuando el acn\u00e9 est\u00e9 controlado.<\/p>\n<p data-start=\"24897\" data-end=\"25217\">La clave est\u00e1 en no tratar todas las pieles igual. Un adolescente con acn\u00e9 severo en espalda no requiere el mismo enfoque que una mujer adulta con brotes mandibulares, ni una persona con cicatrices antiguas necesita el mismo plan que otra con inflamaci\u00f3n activa. El tratamiento debe adaptarse a la fase de la enfermedad.<\/p>\n<h2 data-section-id=\"1kfghi7\" data-start=\"25219\" data-end=\"25276\">Errores frecuentes que empeoran el acn\u00e9 noduloqu\u00edstico<\/h2>\n<p data-start=\"25278\" data-end=\"25508\">Uno de los errores m\u00e1s habituales es utilizar productos demasiado agresivos. Jabones fuertes, exfoliantes f\u00edsicos, t\u00f3nicos con alcohol o rutinas excesivamente irritantes pueden alterar la barrera cut\u00e1nea y aumentar la inflamaci\u00f3n.<\/p>\n<p data-start=\"25510\" data-end=\"25800\">Otro error frecuente es abandonar el tratamiento demasiado pronto. Muchos tratamientos para el acn\u00e9 necesitan semanas o meses para mostrar resultados consistentes. La falta de adherencia puede hacer que el brote parezca resistente cuando en realidad no se ha completado el tiempo necesario.<\/p>\n<p data-start=\"25802\" data-end=\"26046\">Tambi\u00e9n es habitual alternar muchos productos sin criterio, mezclar activos incompatibles, usar remedios caseros irritantes o aplicar antibi\u00f3ticos sin supervisi\u00f3n. En acn\u00e9 noduloqu\u00edstico, estas pr\u00e1cticas pueden retrasar el tratamiento adecuado.<\/p>\n<p data-start=\"26048\" data-end=\"26273\">La manipulaci\u00f3n de lesiones es otro factor cr\u00edtico. Presionar un quiste profundo puede empeorar el da\u00f1o interno y aumentar la probabilidad de cicatriz. La piel inflamada necesita tratamiento m\u00e9dico, no extracci\u00f3n improvisada.<\/p>\n<h2 data-section-id=\"1c0bdc3\" data-start=\"26275\" data-end=\"26309\">Qu\u00e9 resultados pueden esperarse<\/h2>\n<p data-start=\"26311\" data-end=\"26575\">El acn\u00e9 noduloqu\u00edstico puede mejorar de forma importante con un tratamiento adecuado, pero los resultados no son inmediatos. La inflamaci\u00f3n profunda tarda en resolverse y las marcas residuales pueden persistir durante meses incluso despu\u00e9s de controlar los brotes.<\/p>\n<p data-start=\"26577\" data-end=\"26818\">El primer objetivo es reducir lesiones activas, dolor y aparici\u00f3n de nuevos n\u00f3dulos. Despu\u00e9s se trabaja la estabilidad de la piel y la prevenci\u00f3n de reca\u00eddas. Finalmente, si quedan cicatrices o manchas, se planifica un tratamiento corrector.<\/p>\n<p data-start=\"26820\" data-end=\"27102\">En algunos casos, la isotretino\u00edna puede producir remisiones prolongadas, pero no todos los pacientes la necesitan ni todos son candidatos. En otros casos, el control se consigue con combinaciones de tratamientos t\u00f3picos, antibi\u00f3ticos, terapia hormonal o procedimientos espec\u00edficos.<\/p>\n<p data-start=\"27104\" data-end=\"27247\">La evoluci\u00f3n depende de la gravedad inicial, la duraci\u00f3n del acn\u00e9, la gen\u00e9tica, la constancia, el seguimiento m\u00e9dico y la respuesta individual.<\/p>\n<h2 data-section-id=\"mobx4i\" data-start=\"27249\" data-end=\"27304\">Prevenci\u00f3n de cicatrices: el objetivo m\u00e1s importante<\/h2>\n<p data-start=\"27306\" data-end=\"27515\">En el acn\u00e9 noduloqu\u00edstico, prevenir cicatrices es tan importante como eliminar los brotes. Las cicatrices aparecen cuando la inflamaci\u00f3n profunda da\u00f1a la estructura de la dermis y altera la reparaci\u00f3n cut\u00e1nea.<\/p>\n<p data-start=\"27517\" data-end=\"27731\">Para reducir el riesgo, conviene iniciar tratamiento precoz, evitar manipulaci\u00f3n, controlar la inflamaci\u00f3n, usar fotoprotecci\u00f3n diaria, seguir una rutina no irritante y acudir a revisi\u00f3n si las lesiones no mejoran.<\/p>\n<p data-start=\"27733\" data-end=\"27967\">Las manchas rojas o marrones posteriores al acn\u00e9 pueden mejorar con el tiempo, fotoprotecci\u00f3n y tratamientos despigmentantes o renovadores. Las cicatrices hundidas, en cambio, suelen requerir procedimientos dermatol\u00f3gicos espec\u00edficos.<\/p>\n<h2 data-section-id=\"1bwsgky\" data-start=\"27969\" data-end=\"28010\">Diferencias entre manchas y cicatrices<\/h2>\n<p data-start=\"28012\" data-end=\"28111\">Muchas personas llaman \u201ccicatrices\u201d a cualquier marca posterior al acn\u00e9, pero no todas son iguales.<\/p>\n<p data-start=\"28113\" data-end=\"28421\">Las <strong data-start=\"28117\" data-end=\"28134\">manchas rojas<\/strong> o eritema postinflamatorio son frecuentes tras lesiones inflamadas, sobre todo en pieles claras. Las <strong data-start=\"28236\" data-end=\"28256\">manchas marrones<\/strong> o hiperpigmentaci\u00f3n postinflamatoria son m\u00e1s habituales en fototipos medios y altos. Ambas pueden mejorar progresivamente, aunque requieren tiempo y fotoprotecci\u00f3n.<\/p>\n<p data-start=\"28423\" data-end=\"28689\">Las <strong data-start=\"28427\" data-end=\"28451\">cicatrices atr\u00f3ficas<\/strong> son hundimientos reales de la piel. Pueden ser estrechas, profundas, onduladas o m\u00e1s amplias. Las <strong data-start=\"28550\" data-end=\"28578\">cicatrices hipertr\u00f3ficas<\/strong> o queloideas son elevadas y se producen por exceso de reparaci\u00f3n. Cada tipo requiere un tratamiento diferente.<\/p>\n<p data-start=\"28691\" data-end=\"28850\">Por eso, antes de tratar marcas de acn\u00e9, el dermat\u00f3logo debe diferenciar si se trata de pigmentaci\u00f3n, rojez vascular, textura irregular o cicatriz estructural.<\/p>\n<h2 data-section-id=\"khr7ux\" data-start=\"28852\" data-end=\"28890\">Acn\u00e9 noduloqu\u00edstico en adolescentes<\/h2>\n<p data-start=\"28892\" data-end=\"29087\">En adolescentes, el acn\u00e9 noduloqu\u00edstico puede avanzar r\u00e1pido y dejar cicatrices tempranas. Aunque el acn\u00e9 sea frecuente en esta etapa, no debe normalizarse cuando es doloroso, profundo o extenso.<\/p>\n<p data-start=\"29089\" data-end=\"29342\">El tratamiento precoz puede cambiar el pron\u00f3stico de la piel. Adem\u00e1s, es importante explicar al adolescente que el acn\u00e9 no es consecuencia de suciedad ni de falta de higiene. Esta idea err\u00f3nea puede llevar a lavados excesivos, irritaci\u00f3n y culpabilidad.<\/p>\n<p data-start=\"29344\" data-end=\"29557\">La participaci\u00f3n familiar tambi\u00e9n es importante. Los padres o tutores deben ayudar a mantener la adherencia al tratamiento y consultar si aparecen efectos secundarios, empeoramiento marcado o afectaci\u00f3n emocional.<\/p>\n<h2 data-section-id=\"1p04u13\" data-start=\"29559\" data-end=\"29592\">Acn\u00e9 noduloqu\u00edstico en adultos<\/h2>\n<p data-start=\"29594\" data-end=\"29839\">El acn\u00e9 noduloqu\u00edstico adulto suele ser m\u00e1s persistente y, en ocasiones, m\u00e1s relacionado con factores hormonales. Puede afectar tanto a hombres como a mujeres, aunque en mujeres adultas es frecuente la distribuci\u00f3n en mand\u00edbula, ment\u00f3n y cuello.<\/p>\n<p data-start=\"29841\" data-end=\"30107\">En adultos, adem\u00e1s del control del brote, suele preocupar la convivencia entre acn\u00e9, sensibilidad, manchas, envejecimiento cut\u00e1neo y cicatrices. Por eso, el plan debe equilibrar eficacia y tolerancia, evitando tratamientos irritantes que empeoren la barrera cut\u00e1nea.<\/p>\n<h2 data-section-id=\"1ksguk1\" data-start=\"30109\" data-end=\"30156\">Acn\u00e9 noduloqu\u00edstico en la espalda y el pecho<\/h2>\n<p data-start=\"30158\" data-end=\"30480\">El acn\u00e9 noduloqu\u00edstico corporal puede ser m\u00e1s dif\u00edcil de tratar solo con productos t\u00f3picos, porque afecta superficies amplias y las lesiones pueden ser profundas. Adem\u00e1s, la espalda tiene gl\u00e1ndulas seb\u00e1ceas activas y est\u00e1 expuesta a sudor, roce, mochilas, ropa ajustada y productos capilares que pueden obstruir los poros.<\/p>\n<p data-start=\"30482\" data-end=\"30794\">En estos casos, el dermat\u00f3logo puede valorar tratamientos sist\u00e9micos con mayor frecuencia, especialmente si hay dolor, cicatrices o brotes extensos. La higiene despu\u00e9s del ejercicio, el uso de ropa transpirable y evitar productos corporales comedog\u00e9nicos pueden ayudar, pero rara vez bastan si el acn\u00e9 es severo.<\/p>\n<h2 data-section-id=\"bfgrv8\" data-start=\"30796\" data-end=\"30834\">Qu\u00e9 no debe prometer un tratamiento<\/h2>\n<p data-start=\"30836\" data-end=\"31100\">Un tratamiento serio para el acn\u00e9 noduloqu\u00edstico no deber\u00eda prometer resultados inmediatos, curas universales ni ausencia total de reca\u00eddas. Tampoco deber\u00eda plantear procedimientos est\u00e9ticos como sustitutos de una valoraci\u00f3n m\u00e9dica cuando hay inflamaci\u00f3n profunda.<\/p>\n<p data-start=\"31102\" data-end=\"31339\">La piel necesita tiempo para responder. Algunos tratamientos pueden producir irritaci\u00f3n inicial, sequedad o brotes transitorios. Otros requieren controles m\u00e9dicos. Lo importante es que el paciente entienda el proceso y tenga seguimiento.<\/p>\n<p data-start=\"31341\" data-end=\"31478\">El objetivo realista es controlar la enfermedad, reducir brotes, prevenir cicatrices y mejorar la calidad de la piel de forma progresiva.<\/p>\n<h2 data-section-id=\"lv2j5r\" data-start=\"31480\" data-end=\"31532\">Una enfermedad cut\u00e1nea que debe tratarse a tiempo<\/h2>\n<p data-start=\"31534\" data-end=\"31815\">El acn\u00e9 noduloqu\u00edstico es una forma grave de acn\u00e9 que no debe infravalorarse. Sus lesiones profundas, dolorosas y persistentes pueden afectar a la piel y al bienestar emocional, pero existen tratamientos eficaces cuando se realiza un diagn\u00f3stico correcto y se act\u00faa con constancia.<\/p>\n<p data-start=\"31817\" data-end=\"32208\">La valoraci\u00f3n dermatol\u00f3gica temprana permite distinguir entre acn\u00e9 qu\u00edstico, acn\u00e9 nodular, acn\u00e9 conglobata u otras enfermedades similares, y ayuda a elegir la mejor combinaci\u00f3n de tratamientos. En Cl\u00ednica Idermic de Terrassa, el objetivo debe ser controlar la inflamaci\u00f3n, evitar nuevas lesiones, prevenir cicatrices y acompa\u00f1ar al paciente en una recuperaci\u00f3n progresiva, segura y realista.<\/p>\n<p data-start=\"31817\" data-end=\"32208\">Para cualquier consulta sobre el\u00a0 tratamiento del acn\u00e9 noduloqu\u00edstico, en Idermic, tu <strong><a href=\"http:\/\/idermic.es\/\">dermat\u00f3logo en Terrassa<\/a><\/strong> estaremos encantados de atenderte.<\/p>\n<\/div><\/div><\/div><\/div><\/div><div class=\"fusion-fullwidth fullwidth-box fusion-builder-row-7 fusion-flex-container has-pattern-background has-mask-background nonhundred-percent-fullwidth non-hundred-percent-height-scrolling\" style=\"--awb-border-radius-top-left:0px;--awb-border-radius-top-right:0px;--awb-border-radius-bottom-right:0px;--awb-border-radius-bottom-left:0px;--awb-flex-wrap:wrap;\" ><div class=\"fusion-builder-row fusion-row fusion-flex-align-items-flex-start fusion-flex-content-wrap\" style=\"max-width:1227.2px;margin-left: calc(-4% \/ 2 );margin-right: calc(-4% \/ 2 );\"><div class=\"fusion-layout-column fusion_builder_column fusion-builder-column-8 fusion_builder_column_1_1 1_1 fusion-flex-column\" style=\"--awb-bg-size:cover;--awb-width-large:100%;--awb-margin-top-large:0px;--awb-spacing-right-large:1.92%;--awb-margin-bottom-large:0px;--awb-spacing-left-large:1.92%;--awb-width-medium:100%;--awb-order-medium:0;--awb-spacing-right-medium:1.92%;--awb-spacing-left-medium:1.92%;--awb-width-small:100%;--awb-order-small:0;--awb-spacing-right-small:1.92%;--awb-spacing-left-small:1.92%;\"><div class=\"fusion-column-wrapper fusion-column-has-shadow fusion-flex-justify-content-flex-start fusion-content-layout-column\"><blockquote class=\"instagram-media\" data-instgrm-captioned data-instgrm-permalink=\"https:\/\/www.instagram.com\/p\/DYez8d1CMPC\/?utm_source=ig_embed&utm_campaign=loading\" data-instgrm-version=\"14\" style=\" background:#FFF; border:0; border-radius:3px; box-shadow:0 0 1px 0 rgba(0,0,0,0.5),0 1px 10px 0 rgba(0,0,0,0.15); margin: 1px; max-width:540px; min-width:326px; padding:0; width:99.375%; width:-webkit-calc(100% - 2px); width:calc(100% - 2px);\"><div style=\"padding:16px;\"> <a href=\"https:\/\/www.instagram.com\/p\/DYez8d1CMPC\/?utm_source=ig_embed&utm_campaign=loading\" style=\" background:#FFFFFF; line-height:0; padding:0 0; text-align:center; text-decoration:none; width:100%;\" target=\"_blank\"> <div style=\" display: flex; flex-direction: row; align-items: center;\"> <div style=\"background-color: #F4F4F4; border-radius: 50%; flex-grow: 0; height: 40px; margin-right: 14px; width: 40px;\"><\/div> <div style=\"display: flex; flex-direction: column; flex-grow: 1; justify-content: center;\"> <div style=\" background-color: #F4F4F4; border-radius: 4px; flex-grow: 0; height: 14px; margin-bottom: 6px; width: 100px;\"><\/div> <div style=\" background-color: #F4F4F4; border-radius: 4px; flex-grow: 0; height: 14px; width: 60px;\"><\/div><\/div><\/div><div style=\"padding: 19% 0;\"><\/div> <div style=\"display:block; height:50px; margin:0 auto 12px; width:50px;\"><svg width=\"50px\" height=\"50px\" viewBox=\"0 0 60 60\" version=\"1.1\" xmlns=\"https:\/\/www.w3.org\/2000\/svg\" xmlns:xlink=\"https:\/\/www.w3.org\/1999\/xlink\"><g stroke=\"none\" stroke-width=\"1\" fill=\"none\" fill-rule=\"evenodd\"><g transform=\"translate(-511.000000, -20.000000)\" fill=\"#000000\"><g><path d=\"M556.869,30.41 C554.814,30.41 553.148,32.076 553.148,34.131 C553.148,36.186 554.814,37.852 556.869,37.852 C558.924,37.852 560.59,36.186 560.59,34.131 C560.59,32.076 558.924,30.41 556.869,30.41 M541,60.657 C535.114,60.657 530.342,55.887 530.342,50 C530.342,44.114 535.114,39.342 541,39.342 C546.887,39.342 551.658,44.114 551.658,50 C551.658,55.887 546.887,60.657 541,60.657 M541,33.886 C532.1,33.886 524.886,41.1 524.886,50 C524.886,58.899 532.1,66.113 541,66.113 C549.9,66.113 557.115,58.899 557.115,50 C557.115,41.1 549.9,33.886 541,33.886 M565.378,62.101 C565.244,65.022 564.756,66.606 564.346,67.663 C563.803,69.06 563.154,70.057 562.106,71.106 C561.058,72.155 560.06,72.803 558.662,73.347 C557.607,73.757 556.021,74.244 553.102,74.378 C549.944,74.521 548.997,74.552 541,74.552 C533.003,74.552 532.056,74.521 528.898,74.378 C525.979,74.244 524.393,73.757 523.338,73.347 C521.94,72.803 520.942,72.155 519.894,71.106 C518.846,70.057 518.197,69.06 517.654,67.663 C517.244,66.606 516.755,65.022 516.623,62.101 C516.479,58.943 516.448,57.996 516.448,50 C516.448,42.003 516.479,41.056 516.623,37.899 C516.755,34.978 517.244,33.391 517.654,32.338 C518.197,30.938 518.846,29.942 519.894,28.894 C520.942,27.846 521.94,27.196 523.338,26.654 C524.393,26.244 525.979,25.756 528.898,25.623 C532.057,25.479 533.004,25.448 541,25.448 C548.997,25.448 549.943,25.479 553.102,25.623 C556.021,25.756 557.607,26.244 558.662,26.654 C560.06,27.196 561.058,27.846 562.106,28.894 C563.154,29.942 563.803,30.938 564.346,32.338 C564.756,33.391 565.244,34.978 565.378,37.899 C565.522,41.056 565.552,42.003 565.552,50 C565.552,57.996 565.522,58.943 565.378,62.101 M570.82,37.631 C570.674,34.438 570.167,32.258 569.425,30.349 C568.659,28.377 567.633,26.702 565.965,25.035 C564.297,23.368 562.623,22.342 560.652,21.575 C558.743,20.834 556.562,20.326 553.369,20.18 C550.169,20.033 549.148,20 541,20 C532.853,20 531.831,20.033 528.631,20.18 C525.438,20.326 523.257,20.834 521.349,21.575 C519.376,22.342 517.703,23.368 516.035,25.035 C514.368,26.702 513.342,28.377 512.574,30.349 C511.834,32.258 511.326,34.438 511.181,37.631 C511.035,40.831 511,41.851 511,50 C511,58.147 511.035,59.17 511.181,62.369 C511.326,65.562 511.834,67.743 512.574,69.651 C513.342,71.625 514.368,73.296 516.035,74.965 C517.703,76.634 519.376,77.658 521.349,78.425 C523.257,79.167 525.438,79.673 528.631,79.82 C531.831,79.965 532.853,80.001 541,80.001 C549.148,80.001 550.169,79.965 553.369,79.82 C556.562,79.673 558.743,79.167 560.652,78.425 C562.623,77.658 564.297,76.634 565.965,74.965 C567.633,73.296 568.659,71.625 569.425,69.651 C570.167,67.743 570.674,65.562 570.82,62.369 C570.966,59.17 571,58.147 571,50 C571,41.851 570.966,40.831 570.82,37.631\"><\/path><\/g><\/g><\/g><\/svg><\/div><div style=\"padding-top: 8px;\"> <div style=\" color:#3897f0; font-family:Arial,sans-serif; font-size:14px; font-style:normal; font-weight:550; line-height:18px;\">Ver esta publicaci\u00f3n en Instagram<\/div><\/div><div style=\"padding: 12.5% 0;\"><\/div> <div style=\"display: flex; flex-direction: row; margin-bottom: 14px; align-items: center;\"><div> <div style=\"background-color: #F4F4F4; border-radius: 50%; height: 12.5px; width: 12.5px; transform: translateX(0px) translateY(7px);\"><\/div> <div style=\"background-color: #F4F4F4; height: 12.5px; transform: rotate(-45deg) translateX(3px) translateY(1px); width: 12.5px; flex-grow: 0; margin-right: 14px; margin-left: 2px;\"><\/div> <div style=\"background-color: #F4F4F4; border-radius: 50%; height: 12.5px; width: 12.5px; transform: translateX(9px) translateY(-18px);\"><\/div><\/div><div style=\"margin-left: 8px;\"> <div style=\" background-color: #F4F4F4; border-radius: 50%; flex-grow: 0; height: 20px; width: 20px;\"><\/div> <div style=\" width: 0; height: 0; border-top: 2px solid transparent; border-left: 6px solid #f4f4f4; border-bottom: 2px solid transparent; transform: translateX(16px) translateY(-4px) rotate(30deg)\"><\/div><\/div><div style=\"margin-left: auto;\"> <div style=\" width: 0px; border-top: 8px solid #F4F4F4; border-right: 8px solid transparent; transform: translateY(16px);\"><\/div> <div style=\" background-color: #F4F4F4; flex-grow: 0; height: 12px; width: 16px; transform: translateY(-4px);\"><\/div> <div style=\" width: 0; height: 0; border-top: 8px solid #F4F4F4; border-left: 8px solid transparent; transform: translateY(-4px) translateX(8px);\"><\/div><\/div><\/div> <div style=\"display: flex; flex-direction: column; flex-grow: 1; justify-content: center; margin-bottom: 24px;\"> <div style=\" background-color: #F4F4F4; border-radius: 4px; flex-grow: 0; height: 14px; margin-bottom: 6px; width: 224px;\"><\/div> <div style=\" background-color: #F4F4F4; border-radius: 4px; flex-grow: 0; height: 14px; width: 144px;\"><\/div><\/div><\/a><p style=\" color:#c9c8cd; font-family:Arial,sans-serif; font-size:14px; line-height:17px; margin-bottom:0; margin-top:8px; overflow:hidden; padding:8px 0 7px; text-align:center; text-overflow:ellipsis; white-space:nowrap;\"><a href=\"https:\/\/www.instagram.com\/p\/DYez8d1CMPC\/?utm_source=ig_embed&utm_campaign=loading\" style=\" color:#c9c8cd; font-family:Arial,sans-serif; font-size:14px; font-style:normal; font-weight:normal; line-height:17px; text-decoration:none;\" target=\"_blank\">Una publicaci\u00f3n compartida de IDERMIC - Dermatolog\u00eda m\u00e9dica y est\u00e9tica (@idermicclinic)<\/a><\/p><\/div><\/blockquote>\n<script async src=\"\/\/www.instagram.com\/embed.js\"><\/script><\/div><\/div><\/div><\/div><\/p>\n","protected":false},"excerpt":{"rendered":"<p>Tratamiento del acn\u00e9 noduloqu\u00edstico: causas, s\u00edntomas, opciones m\u00e9dicas y prevenci\u00f3n de cicatrices en Cl\u00ednica Idermic Terrassa.<\/p>\n","protected":false},"author":3,"featured_media":9757,"comment_status":"open","ping_status":"closed","sticky":false,"template":"","format":"standard","meta":{"_joinchat":[],"footnotes":""},"categories":[60,37],"tags":[],"class_list":["post-9751","post","type-post","status-publish","format-standard","has-post-thumbnail","hentry","category-dermatologia-estetica-es","category-tecnologia"],"yoast_head":"<!-- This site is optimized with the Yoast SEO plugin v28.4 - https:\/\/yoast.com\/product\/yoast-seo-wordpress\/ -->\n<title>Tratamiento del acn\u00e9 noduloqu\u00edstico: c\u00f3mo reconocerlo, qu\u00e9 opciones existen y cu\u00e1ndo acudir al dermat\u00f3logo -<\/title>\n<meta name=\"description\" content=\"Tratamiento del acn\u00e9 noduloqu\u00edstico: causas, s\u00edntomas, opciones m\u00e9dicas y prevenci\u00f3n de cicatrices en Cl\u00ednica Idermic Terrassa.\" \/>\n<meta name=\"robots\" content=\"index, follow, max-snippet:-1, max-image-preview:large, max-video-preview:-1\" \/>\n<link rel=\"canonical\" href=\"https:\/\/www.idermic.es\/es\/tratamiento-del-acne-noduloquistico-como-reconocerlo-que-opciones-existen-y-cuando-acudir-al-dermatologo\/\" \/>\n<meta property=\"og:locale\" content=\"es_ES\" \/>\n<meta property=\"og:type\" content=\"article\" \/>\n<meta property=\"og:title\" content=\"Tratamiento del acn\u00e9 noduloqu\u00edstico: c\u00f3mo reconocerlo, qu\u00e9 opciones existen y cu\u00e1ndo acudir al dermat\u00f3logo -\" \/>\n<meta property=\"og:description\" content=\"Tratamiento del acn\u00e9 noduloqu\u00edstico: causas, s\u00edntomas, opciones m\u00e9dicas y prevenci\u00f3n de cicatrices en Cl\u00ednica Idermic Terrassa.\" \/>\n<meta property=\"og:url\" content=\"https:\/\/www.idermic.es\/es\/tratamiento-del-acne-noduloquistico-como-reconocerlo-que-opciones-existen-y-cuando-acudir-al-dermatologo\/\" \/>\n<meta property=\"og:site_name\" content=\"Idermic. Dermatolog\u00eda en Terrassa\" \/>\n<meta property=\"article:publisher\" content=\"https:\/\/www.facebook.com\/Idermic\" \/>\n<meta property=\"article:published_time\" content=\"2026-05-21T09:02:19+00:00\" \/>\n<meta property=\"article:modified_time\" content=\"2026-05-26T09:44:51+00:00\" \/>\n<meta property=\"og:image\" content=\"https:\/\/www.idermic.es\/wp-content\/uploads\/2026\/05\/Tratamiento-del-acne-noduloquistico.jpg\" \/>\n\t<meta property=\"og:image:width\" content=\"900\" \/>\n\t<meta property=\"og:image:height\" content=\"507\" \/>\n\t<meta property=\"og:image:type\" content=\"image\/jpeg\" \/>\n<meta name=\"author\" content=\"Equipo\" \/>\n<meta name=\"twitter:card\" content=\"summary_large_image\" \/>\n<meta name=\"twitter:creator\" content=\"@idermic\" \/>\n<meta name=\"twitter:site\" content=\"@idermic\" \/>\n<meta name=\"twitter:label1\" content=\"Escrito por\" \/>\n\t<meta name=\"twitter:data1\" content=\"Equipo\" \/>\n\t<meta name=\"twitter:label2\" content=\"Tiempo de lectura\" \/>\n\t<meta name=\"twitter:data2\" content=\"23 minutos\" \/>\n<script type=\"application\/ld+json\" class=\"yoast-schema-graph\">{\"@context\":\"https:\\\/\\\/schema.org\",\"@graph\":[{\"@type\":\"Article\",\"@id\":\"https:\\\/\\\/www.idermic.es\\\/es\\\/tratamiento-del-acne-noduloquistico-como-reconocerlo-que-opciones-existen-y-cuando-acudir-al-dermatologo\\\/#article\",\"isPartOf\":{\"@id\":\"https:\\\/\\\/www.idermic.es\\\/es\\\/tratamiento-del-acne-noduloquistico-como-reconocerlo-que-opciones-existen-y-cuando-acudir-al-dermatologo\\\/\"},\"author\":{\"name\":\"Equipo\",\"@id\":\"https:\\\/\\\/www.idermic.es\\\/#\\\/schema\\\/person\\\/c12703027a878b23d3c71c87921a82f8\"},\"headline\":\"Tratamiento del acn\u00e9 noduloqu\u00edstico: c\u00f3mo reconocerlo, qu\u00e9 opciones existen y cu\u00e1ndo acudir al dermat\u00f3logo\",\"datePublished\":\"2026-05-21T09:02:19+00:00\",\"dateModified\":\"2026-05-26T09:44:51+00:00\",\"mainEntityOfPage\":{\"@id\":\"https:\\\/\\\/www.idermic.es\\\/es\\\/tratamiento-del-acne-noduloquistico-como-reconocerlo-que-opciones-existen-y-cuando-acudir-al-dermatologo\\\/\"},\"wordCount\":12547,\"commentCount\":0,\"publisher\":{\"@id\":\"https:\\\/\\\/www.idermic.es\\\/#organization\"},\"image\":{\"@id\":\"https:\\\/\\\/www.idermic.es\\\/es\\\/tratamiento-del-acne-noduloquistico-como-reconocerlo-que-opciones-existen-y-cuando-acudir-al-dermatologo\\\/#primaryimage\"},\"thumbnailUrl\":\"https:\\\/\\\/www.idermic.es\\\/wp-content\\\/uploads\\\/2026\\\/05\\\/Tratamiento-del-acne-noduloquistico.jpg\",\"articleSection\":[\"Dermatologia est\u00e8tica\",\"Tecnolog\u00eda\"],\"inLanguage\":\"es\",\"potentialAction\":[{\"@type\":\"CommentAction\",\"name\":\"Comment\",\"target\":[\"https:\\\/\\\/www.idermic.es\\\/es\\\/tratamiento-del-acne-noduloquistico-como-reconocerlo-que-opciones-existen-y-cuando-acudir-al-dermatologo\\\/#respond\"]}]},{\"@type\":\"WebPage\",\"@id\":\"https:\\\/\\\/www.idermic.es\\\/es\\\/tratamiento-del-acne-noduloquistico-como-reconocerlo-que-opciones-existen-y-cuando-acudir-al-dermatologo\\\/\",\"url\":\"https:\\\/\\\/www.idermic.es\\\/es\\\/tratamiento-del-acne-noduloquistico-como-reconocerlo-que-opciones-existen-y-cuando-acudir-al-dermatologo\\\/\",\"name\":\"Tratamiento del acn\u00e9 noduloqu\u00edstico: c\u00f3mo reconocerlo, qu\u00e9 opciones existen y cu\u00e1ndo acudir al dermat\u00f3logo -\",\"isPartOf\":{\"@id\":\"https:\\\/\\\/www.idermic.es\\\/#website\"},\"primaryImageOfPage\":{\"@id\":\"https:\\\/\\\/www.idermic.es\\\/es\\\/tratamiento-del-acne-noduloquistico-como-reconocerlo-que-opciones-existen-y-cuando-acudir-al-dermatologo\\\/#primaryimage\"},\"image\":{\"@id\":\"https:\\\/\\\/www.idermic.es\\\/es\\\/tratamiento-del-acne-noduloquistico-como-reconocerlo-que-opciones-existen-y-cuando-acudir-al-dermatologo\\\/#primaryimage\"},\"thumbnailUrl\":\"https:\\\/\\\/www.idermic.es\\\/wp-content\\\/uploads\\\/2026\\\/05\\\/Tratamiento-del-acne-noduloquistico.jpg\",\"datePublished\":\"2026-05-21T09:02:19+00:00\",\"dateModified\":\"2026-05-26T09:44:51+00:00\",\"description\":\"Tratamiento del acn\u00e9 noduloqu\u00edstico: causas, s\u00edntomas, opciones m\u00e9dicas y prevenci\u00f3n de cicatrices en Cl\u00ednica Idermic Terrassa.\",\"breadcrumb\":{\"@id\":\"https:\\\/\\\/www.idermic.es\\\/es\\\/tratamiento-del-acne-noduloquistico-como-reconocerlo-que-opciones-existen-y-cuando-acudir-al-dermatologo\\\/#breadcrumb\"},\"inLanguage\":\"es\",\"potentialAction\":[{\"@type\":\"ReadAction\",\"target\":[\"https:\\\/\\\/www.idermic.es\\\/es\\\/tratamiento-del-acne-noduloquistico-como-reconocerlo-que-opciones-existen-y-cuando-acudir-al-dermatologo\\\/\"]}]},{\"@type\":\"ImageObject\",\"inLanguage\":\"es\",\"@id\":\"https:\\\/\\\/www.idermic.es\\\/es\\\/tratamiento-del-acne-noduloquistico-como-reconocerlo-que-opciones-existen-y-cuando-acudir-al-dermatologo\\\/#primaryimage\",\"url\":\"https:\\\/\\\/www.idermic.es\\\/wp-content\\\/uploads\\\/2026\\\/05\\\/Tratamiento-del-acne-noduloquistico.jpg\",\"contentUrl\":\"https:\\\/\\\/www.idermic.es\\\/wp-content\\\/uploads\\\/2026\\\/05\\\/Tratamiento-del-acne-noduloquistico.jpg\",\"width\":900,\"height\":507,\"caption\":\"Tratamiento del acn\u00e9 noduloqu\u00edstico\"},{\"@type\":\"BreadcrumbList\",\"@id\":\"https:\\\/\\\/www.idermic.es\\\/es\\\/tratamiento-del-acne-noduloquistico-como-reconocerlo-que-opciones-existen-y-cuando-acudir-al-dermatologo\\\/#breadcrumb\",\"itemListElement\":[{\"@type\":\"ListItem\",\"position\":1,\"name\":\"Inici\",\"item\":\"https:\\\/\\\/www.idermic.es\\\/es\\\/\"},{\"@type\":\"ListItem\",\"position\":2,\"name\":\"Tratamiento del acn\u00e9 noduloqu\u00edstico: c\u00f3mo reconocerlo, qu\u00e9 opciones existen y cu\u00e1ndo acudir al dermat\u00f3logo\"}]},{\"@type\":\"WebSite\",\"@id\":\"https:\\\/\\\/www.idermic.es\\\/#website\",\"url\":\"https:\\\/\\\/www.idermic.es\\\/\",\"name\":\"Idermic. Dermatolog\u00eda en Terrassa\",\"description\":\"Dermatolog\u00eda, Medicina est\u00e9tica, Cirurg\u00eda Pl\u00e0stica\",\"publisher\":{\"@id\":\"https:\\\/\\\/www.idermic.es\\\/#organization\"},\"potentialAction\":[{\"@type\":\"SearchAction\",\"target\":{\"@type\":\"EntryPoint\",\"urlTemplate\":\"https:\\\/\\\/www.idermic.es\\\/?s={search_term_string}\"},\"query-input\":{\"@type\":\"PropertyValueSpecification\",\"valueRequired\":true,\"valueName\":\"search_term_string\"}}],\"inLanguage\":\"es\"},{\"@type\":\"Organization\",\"@id\":\"https:\\\/\\\/www.idermic.es\\\/#organization\",\"name\":\"Idermic. Dermatolog\u00eda en Terrassa\",\"url\":\"https:\\\/\\\/www.idermic.es\\\/\",\"logo\":{\"@type\":\"ImageObject\",\"inLanguage\":\"es\",\"@id\":\"https:\\\/\\\/www.idermic.es\\\/#\\\/schema\\\/logo\\\/image\\\/\",\"url\":\"https:\\\/\\\/www.idermic.es\\\/wp-content\\\/uploads\\\/2025\\\/10\\\/Logo-Idermic.jpg\",\"contentUrl\":\"https:\\\/\\\/www.idermic.es\\\/wp-content\\\/uploads\\\/2025\\\/10\\\/Logo-Idermic.jpg\",\"width\":501,\"height\":502,\"caption\":\"Idermic. Dermatolog\u00eda en Terrassa\"},\"image\":{\"@id\":\"https:\\\/\\\/www.idermic.es\\\/#\\\/schema\\\/logo\\\/image\\\/\"},\"sameAs\":[\"https:\\\/\\\/www.facebook.com\\\/Idermic\",\"https:\\\/\\\/x.com\\\/idermic\",\"https:\\\/\\\/www.instagram.com\\\/idermicclinic\\\/\",\"https:\\\/\\\/www.youtube.com\\\/channel\\\/UCyAHC9-p8lc6hr_nguO8p_g\"]},{\"@type\":\"Person\",\"@id\":\"https:\\\/\\\/www.idermic.es\\\/#\\\/schema\\\/person\\\/c12703027a878b23d3c71c87921a82f8\",\"name\":\"Equipo\",\"image\":{\"@type\":\"ImageObject\",\"inLanguage\":\"es\",\"@id\":\"https:\\\/\\\/secure.gravatar.com\\\/avatar\\\/7ca0be23248108c6b0887e0693b7dcf7764bd3503f84d1f04e6653ef7c3b9420?s=96&d=mm&r=g\",\"url\":\"https:\\\/\\\/secure.gravatar.com\\\/avatar\\\/7ca0be23248108c6b0887e0693b7dcf7764bd3503f84d1f04e6653ef7c3b9420?s=96&d=mm&r=g\",\"contentUrl\":\"https:\\\/\\\/secure.gravatar.com\\\/avatar\\\/7ca0be23248108c6b0887e0693b7dcf7764bd3503f84d1f04e6653ef7c3b9420?s=96&d=mm&r=g\",\"caption\":\"Equipo\"},\"description\":\"Equipo de Idermic\"}]}<\/script>\n<!-- \/ Yoast SEO plugin. -->","yoast_head_json":{"title":"Tratamiento del acn\u00e9 noduloqu\u00edstico: c\u00f3mo reconocerlo, qu\u00e9 opciones existen y cu\u00e1ndo acudir al dermat\u00f3logo -","description":"Tratamiento del acn\u00e9 noduloqu\u00edstico: causas, s\u00edntomas, opciones m\u00e9dicas y prevenci\u00f3n de cicatrices en Cl\u00ednica Idermic Terrassa.","robots":{"index":"index","follow":"follow","max-snippet":"max-snippet:-1","max-image-preview":"max-image-preview:large","max-video-preview":"max-video-preview:-1"},"canonical":"https:\/\/www.idermic.es\/es\/tratamiento-del-acne-noduloquistico-como-reconocerlo-que-opciones-existen-y-cuando-acudir-al-dermatologo\/","og_locale":"es_ES","og_type":"article","og_title":"Tratamiento del acn\u00e9 noduloqu\u00edstico: c\u00f3mo reconocerlo, qu\u00e9 opciones existen y cu\u00e1ndo acudir al dermat\u00f3logo -","og_description":"Tratamiento del acn\u00e9 noduloqu\u00edstico: causas, s\u00edntomas, opciones m\u00e9dicas y prevenci\u00f3n de cicatrices en Cl\u00ednica Idermic Terrassa.","og_url":"https:\/\/www.idermic.es\/es\/tratamiento-del-acne-noduloquistico-como-reconocerlo-que-opciones-existen-y-cuando-acudir-al-dermatologo\/","og_site_name":"Idermic. Dermatolog\u00eda en Terrassa","article_publisher":"https:\/\/www.facebook.com\/Idermic","article_published_time":"2026-05-21T09:02:19+00:00","article_modified_time":"2026-05-26T09:44:51+00:00","og_image":[{"width":900,"height":507,"url":"https:\/\/www.idermic.es\/wp-content\/uploads\/2026\/05\/Tratamiento-del-acne-noduloquistico.jpg","type":"image\/jpeg"}],"author":"Equipo","twitter_card":"summary_large_image","twitter_creator":"@idermic","twitter_site":"@idermic","twitter_misc":{"Escrito por":"Equipo","Tiempo de lectura":"23 minutos"},"schema":{"@context":"https:\/\/schema.org","@graph":[{"@type":"Article","@id":"https:\/\/www.idermic.es\/es\/tratamiento-del-acne-noduloquistico-como-reconocerlo-que-opciones-existen-y-cuando-acudir-al-dermatologo\/#article","isPartOf":{"@id":"https:\/\/www.idermic.es\/es\/tratamiento-del-acne-noduloquistico-como-reconocerlo-que-opciones-existen-y-cuando-acudir-al-dermatologo\/"},"author":{"name":"Equipo","@id":"https:\/\/www.idermic.es\/#\/schema\/person\/c12703027a878b23d3c71c87921a82f8"},"headline":"Tratamiento del acn\u00e9 noduloqu\u00edstico: c\u00f3mo reconocerlo, qu\u00e9 opciones existen y cu\u00e1ndo acudir al dermat\u00f3logo","datePublished":"2026-05-21T09:02:19+00:00","dateModified":"2026-05-26T09:44:51+00:00","mainEntityOfPage":{"@id":"https:\/\/www.idermic.es\/es\/tratamiento-del-acne-noduloquistico-como-reconocerlo-que-opciones-existen-y-cuando-acudir-al-dermatologo\/"},"wordCount":12547,"commentCount":0,"publisher":{"@id":"https:\/\/www.idermic.es\/#organization"},"image":{"@id":"https:\/\/www.idermic.es\/es\/tratamiento-del-acne-noduloquistico-como-reconocerlo-que-opciones-existen-y-cuando-acudir-al-dermatologo\/#primaryimage"},"thumbnailUrl":"https:\/\/www.idermic.es\/wp-content\/uploads\/2026\/05\/Tratamiento-del-acne-noduloquistico.jpg","articleSection":["Dermatologia est\u00e8tica","Tecnolog\u00eda"],"inLanguage":"es","potentialAction":[{"@type":"CommentAction","name":"Comment","target":["https:\/\/www.idermic.es\/es\/tratamiento-del-acne-noduloquistico-como-reconocerlo-que-opciones-existen-y-cuando-acudir-al-dermatologo\/#respond"]}]},{"@type":"WebPage","@id":"https:\/\/www.idermic.es\/es\/tratamiento-del-acne-noduloquistico-como-reconocerlo-que-opciones-existen-y-cuando-acudir-al-dermatologo\/","url":"https:\/\/www.idermic.es\/es\/tratamiento-del-acne-noduloquistico-como-reconocerlo-que-opciones-existen-y-cuando-acudir-al-dermatologo\/","name":"Tratamiento del acn\u00e9 noduloqu\u00edstico: c\u00f3mo reconocerlo, qu\u00e9 opciones existen y cu\u00e1ndo acudir al dermat\u00f3logo -","isPartOf":{"@id":"https:\/\/www.idermic.es\/#website"},"primaryImageOfPage":{"@id":"https:\/\/www.idermic.es\/es\/tratamiento-del-acne-noduloquistico-como-reconocerlo-que-opciones-existen-y-cuando-acudir-al-dermatologo\/#primaryimage"},"image":{"@id":"https:\/\/www.idermic.es\/es\/tratamiento-del-acne-noduloquistico-como-reconocerlo-que-opciones-existen-y-cuando-acudir-al-dermatologo\/#primaryimage"},"thumbnailUrl":"https:\/\/www.idermic.es\/wp-content\/uploads\/2026\/05\/Tratamiento-del-acne-noduloquistico.jpg","datePublished":"2026-05-21T09:02:19+00:00","dateModified":"2026-05-26T09:44:51+00:00","description":"Tratamiento del acn\u00e9 noduloqu\u00edstico: causas, s\u00edntomas, opciones m\u00e9dicas y prevenci\u00f3n de cicatrices en Cl\u00ednica Idermic Terrassa.","breadcrumb":{"@id":"https:\/\/www.idermic.es\/es\/tratamiento-del-acne-noduloquistico-como-reconocerlo-que-opciones-existen-y-cuando-acudir-al-dermatologo\/#breadcrumb"},"inLanguage":"es","potentialAction":[{"@type":"ReadAction","target":["https:\/\/www.idermic.es\/es\/tratamiento-del-acne-noduloquistico-como-reconocerlo-que-opciones-existen-y-cuando-acudir-al-dermatologo\/"]}]},{"@type":"ImageObject","inLanguage":"es","@id":"https:\/\/www.idermic.es\/es\/tratamiento-del-acne-noduloquistico-como-reconocerlo-que-opciones-existen-y-cuando-acudir-al-dermatologo\/#primaryimage","url":"https:\/\/www.idermic.es\/wp-content\/uploads\/2026\/05\/Tratamiento-del-acne-noduloquistico.jpg","contentUrl":"https:\/\/www.idermic.es\/wp-content\/uploads\/2026\/05\/Tratamiento-del-acne-noduloquistico.jpg","width":900,"height":507,"caption":"Tratamiento del acn\u00e9 noduloqu\u00edstico"},{"@type":"BreadcrumbList","@id":"https:\/\/www.idermic.es\/es\/tratamiento-del-acne-noduloquistico-como-reconocerlo-que-opciones-existen-y-cuando-acudir-al-dermatologo\/#breadcrumb","itemListElement":[{"@type":"ListItem","position":1,"name":"Inici","item":"https:\/\/www.idermic.es\/es\/"},{"@type":"ListItem","position":2,"name":"Tratamiento del acn\u00e9 noduloqu\u00edstico: c\u00f3mo reconocerlo, qu\u00e9 opciones existen y cu\u00e1ndo acudir al dermat\u00f3logo"}]},{"@type":"WebSite","@id":"https:\/\/www.idermic.es\/#website","url":"https:\/\/www.idermic.es\/","name":"Idermic. Dermatolog\u00eda en Terrassa","description":"Dermatolog\u00eda, Medicina est\u00e9tica, Cirurg\u00eda Pl\u00e0stica","publisher":{"@id":"https:\/\/www.idermic.es\/#organization"},"potentialAction":[{"@type":"SearchAction","target":{"@type":"EntryPoint","urlTemplate":"https:\/\/www.idermic.es\/?s={search_term_string}"},"query-input":{"@type":"PropertyValueSpecification","valueRequired":true,"valueName":"search_term_string"}}],"inLanguage":"es"},{"@type":"Organization","@id":"https:\/\/www.idermic.es\/#organization","name":"Idermic. Dermatolog\u00eda en Terrassa","url":"https:\/\/www.idermic.es\/","logo":{"@type":"ImageObject","inLanguage":"es","@id":"https:\/\/www.idermic.es\/#\/schema\/logo\/image\/","url":"https:\/\/www.idermic.es\/wp-content\/uploads\/2025\/10\/Logo-Idermic.jpg","contentUrl":"https:\/\/www.idermic.es\/wp-content\/uploads\/2025\/10\/Logo-Idermic.jpg","width":501,"height":502,"caption":"Idermic. Dermatolog\u00eda en Terrassa"},"image":{"@id":"https:\/\/www.idermic.es\/#\/schema\/logo\/image\/"},"sameAs":["https:\/\/www.facebook.com\/Idermic","https:\/\/x.com\/idermic","https:\/\/www.instagram.com\/idermicclinic\/","https:\/\/www.youtube.com\/channel\/UCyAHC9-p8lc6hr_nguO8p_g"]},{"@type":"Person","@id":"https:\/\/www.idermic.es\/#\/schema\/person\/c12703027a878b23d3c71c87921a82f8","name":"Equipo","image":{"@type":"ImageObject","inLanguage":"es","@id":"https:\/\/secure.gravatar.com\/avatar\/7ca0be23248108c6b0887e0693b7dcf7764bd3503f84d1f04e6653ef7c3b9420?s=96&d=mm&r=g","url":"https:\/\/secure.gravatar.com\/avatar\/7ca0be23248108c6b0887e0693b7dcf7764bd3503f84d1f04e6653ef7c3b9420?s=96&d=mm&r=g","contentUrl":"https:\/\/secure.gravatar.com\/avatar\/7ca0be23248108c6b0887e0693b7dcf7764bd3503f84d1f04e6653ef7c3b9420?s=96&d=mm&r=g","caption":"Equipo"},"description":"Equipo de Idermic"}]}},"_links":{"self":[{"href":"https:\/\/www.idermic.es\/es\/wp-json\/wp\/v2\/posts\/9751","targetHints":{"allow":["GET"]}}],"collection":[{"href":"https:\/\/www.idermic.es\/es\/wp-json\/wp\/v2\/posts"}],"about":[{"href":"https:\/\/www.idermic.es\/es\/wp-json\/wp\/v2\/types\/post"}],"author":[{"embeddable":true,"href":"https:\/\/www.idermic.es\/es\/wp-json\/wp\/v2\/users\/3"}],"replies":[{"embeddable":true,"href":"https:\/\/www.idermic.es\/es\/wp-json\/wp\/v2\/comments?post=9751"}],"version-history":[{"count":11,"href":"https:\/\/www.idermic.es\/es\/wp-json\/wp\/v2\/posts\/9751\/revisions"}],"predecessor-version":[{"id":9770,"href":"https:\/\/www.idermic.es\/es\/wp-json\/wp\/v2\/posts\/9751\/revisions\/9770"}],"wp:featuredmedia":[{"embeddable":true,"href":"https:\/\/www.idermic.es\/es\/wp-json\/wp\/v2\/media\/9757"}],"wp:attachment":[{"href":"https:\/\/www.idermic.es\/es\/wp-json\/wp\/v2\/media?parent=9751"}],"wp:term":[{"taxonomy":"category","embeddable":true,"href":"https:\/\/www.idermic.es\/es\/wp-json\/wp\/v2\/categories?post=9751"},{"taxonomy":"post_tag","embeddable":true,"href":"https:\/\/www.idermic.es\/es\/wp-json\/wp\/v2\/tags?post=9751"}],"curies":[{"name":"wp","href":"https:\/\/api.w.org\/{rel}","templated":true}]}}