{"id":9727,"date":"2026-05-02T09:36:47","date_gmt":"2026-05-02T09:36:47","guid":{"rendered":"https:\/\/www.idermic.es\/?p=9727"},"modified":"2026-05-26T09:44:48","modified_gmt":"2026-05-26T09:44:48","slug":"radiofrecuencia-facial-como-funciona-para-tensar-la-piel-sin-cirugia","status":"publish","type":"post","link":"https:\/\/www.idermic.es\/es\/radiofrecuencia-facial-como-funciona-para-tensar-la-piel-sin-cirugia\/","title":{"rendered":"Radiofrecuencia facial: c\u00f3mo funciona para tensar la piel sin cirug\u00eda"},"content":{"rendered":"<p><div class=\"fusion-fullwidth fullwidth-box fusion-builder-row-1 nonhundred-percent-fullwidth non-hundred-percent-height-scrolling\" style=\"--awb-border-radius-top-left:0px;--awb-border-radius-top-right:0px;--awb-border-radius-bottom-right:0px;--awb-border-radius-bottom-left:0px;--awb-flex-wrap:wrap;\" ><div class=\"fusion-builder-row fusion-row\"><div class=\"fusion-layout-column fusion_builder_column fusion-builder-column-0 fusion_builder_column_1_1 1_1 fusion-one-full fusion-column-first fusion-column-last\" style=\"--awb-bg-size:cover;\"><div class=\"fusion-column-wrapper fusion-flex-column-wrapper-legacy\"><div class=\"fusion-text fusion-text-1\"><h1 style=\"text-align: center;\">Radiofrecuencia facial: c\u00f3mo funciona para tensar la piel sin cirug\u00eda<\/h1>\n<\/div><div class=\"fusion-clearfix\"><\/div><\/div><\/div><\/div><\/div><div class=\"fusion-fullwidth fullwidth-box fusion-builder-row-2 nonhundred-percent-fullwidth non-hundred-percent-height-scrolling\" style=\"--awb-border-radius-top-left:0px;--awb-border-radius-top-right:0px;--awb-border-radius-bottom-right:0px;--awb-border-radius-bottom-left:0px;--awb-flex-wrap:wrap;\" ><div class=\"fusion-builder-row fusion-row\"><div class=\"fusion-layout-column fusion_builder_column fusion-builder-column-1 fusion_builder_column_1_2 1_2 fusion-one-half fusion-column-first\" style=\"--awb-bg-size:cover;width:50%;width:calc(50% - ( ( 4% ) * 0.5 ) );margin-right: 4%;\"><div class=\"fusion-column-wrapper fusion-flex-column-wrapper-legacy\"><div class=\"fusion-text fusion-text-2\"><p data-start=\"2568\" data-end=\"2994\">La radiofrecuencia facial se ha convertido en uno de los tratamientos est\u00e9ticos m\u00e1s demandados por quienes buscan mejorar la firmeza del rostro sin recurrir a procedimientos invasivos.<\/p>\n<p data-start=\"2568\" data-end=\"2994\">Su capacidad para estimular la producci\u00f3n natural de col\u00e1geno, redefinir el \u00f3valo facial y aportar un efecto tensor visible desde las primeras sesiones ha impulsado su popularidad dentro de los tratamientos de rejuvenecimiento no quir\u00fargico.<\/p>\n<\/div><div class=\"fusion-clearfix\"><\/div><\/div><\/div><div class=\"fusion-layout-column fusion_builder_column fusion-builder-column-2 fusion_builder_column_1_2 1_2 fusion-one-half fusion-column-last\" style=\"--awb-bg-size:cover;width:50%;width:calc(50% - ( ( 4% ) * 0.5 ) );\"><div class=\"fusion-column-wrapper fusion-flex-column-wrapper-legacy\"><div class=\"fusion-image-element in-legacy-container\" style=\"--awb-caption-title-font-family:var(--h2_typography-font-family);--awb-caption-title-font-weight:var(--h2_typography-font-weight);--awb-caption-title-font-style:var(--h2_typography-font-style);--awb-caption-title-size:var(--h2_typography-font-size);--awb-caption-title-transform:var(--h2_typography-text-transform);--awb-caption-title-line-height:var(--h2_typography-line-height);--awb-caption-title-letter-spacing:var(--h2_typography-letter-spacing);\"><span class=\" fusion-imageframe imageframe-none imageframe-1 hover-type-none\"><img decoding=\"async\" width=\"900\" height=\"600\" alt=\"Radiofrecuencia facial para tensar la piel sin cirug\u00eda\" title=\"Radiofrecuencia facial\" src=\"https:\/\/www.idermic.es\/wp-content\/uploads\/2026\/05\/Radiofrecuencia-facial.jpg\" class=\"img-responsive wp-image-9730\" srcset=\"https:\/\/www.idermic.es\/wp-content\/uploads\/2026\/05\/Radiofrecuencia-facial-200x133.jpg 200w, https:\/\/www.idermic.es\/wp-content\/uploads\/2026\/05\/Radiofrecuencia-facial-400x267.jpg 400w, https:\/\/www.idermic.es\/wp-content\/uploads\/2026\/05\/Radiofrecuencia-facial-600x400.jpg 600w, https:\/\/www.idermic.es\/wp-content\/uploads\/2026\/05\/Radiofrecuencia-facial-800x533.jpg 800w, https:\/\/www.idermic.es\/wp-content\/uploads\/2026\/05\/Radiofrecuencia-facial.jpg 900w\" sizes=\"(max-width: 800px) 100vw, 600px\" \/><\/span><\/div><div class=\"fusion-clearfix\"><\/div><\/div><\/div><\/div><\/div><div class=\"fusion-fullwidth fullwidth-box fusion-builder-row-3 fusion-flex-container has-pattern-background has-mask-background nonhundred-percent-fullwidth non-hundred-percent-height-scrolling\" style=\"--awb-border-radius-top-left:0px;--awb-border-radius-top-right:0px;--awb-border-radius-bottom-right:0px;--awb-border-radius-bottom-left:0px;--awb-flex-wrap:wrap;\" ><div class=\"fusion-builder-row fusion-row fusion-flex-align-items-flex-start fusion-flex-content-wrap\" style=\"max-width:1227.2px;margin-left: calc(-4% \/ 2 );margin-right: calc(-4% \/ 2 );\"><div class=\"fusion-layout-column fusion_builder_column fusion-builder-column-3 fusion_builder_column_1_1 1_1 fusion-flex-column\" style=\"--awb-bg-size:cover;--awb-width-large:100%;--awb-margin-top-large:0px;--awb-spacing-right-large:1.92%;--awb-margin-bottom-large:0px;--awb-spacing-left-large:1.92%;--awb-width-medium:100%;--awb-order-medium:0;--awb-spacing-right-medium:1.92%;--awb-spacing-left-medium:1.92%;--awb-width-small:100%;--awb-order-small:0;--awb-spacing-right-small:1.92%;--awb-spacing-left-small:1.92%;\"><div class=\"fusion-column-wrapper fusion-column-has-shadow fusion-flex-justify-content-flex-start fusion-content-layout-column\"><div class=\"fusion-separator fusion-full-width-sep\" style=\"align-self: center;margin-left: auto;margin-right: auto;width:100%;\"><div class=\"fusion-separator-border sep-double\" style=\"--awb-height:20px;--awb-amount:20px;border-color:#e0dede;border-top-width:1px;border-bottom-width:1px;\"><\/div><\/div><\/div><\/div><\/div><\/div><div class=\"fusion-fullwidth fullwidth-box fusion-builder-row-4 nonhundred-percent-fullwidth non-hundred-percent-height-scrolling\" style=\"--awb-border-radius-top-left:0px;--awb-border-radius-top-right:0px;--awb-border-radius-bottom-right:0px;--awb-border-radius-bottom-left:0px;--awb-flex-wrap:wrap;\" ><div class=\"fusion-builder-row fusion-row\"><div class=\"fusion-layout-column fusion_builder_column fusion-builder-column-4 fusion_builder_column_1_1 1_1 fusion-one-full fusion-column-first fusion-column-last\" style=\"--awb-bg-size:cover;\"><div class=\"fusion-column-wrapper fusion-flex-column-wrapper-legacy\"><div class=\"fusion-text fusion-text-3\"><p data-section-id=\"wu6hth\" data-start=\"1361\" data-end=\"1419\">Con el paso del tiempo, la piel pierde elasticidad debido a la disminuci\u00f3n progresiva del col\u00e1geno y la elastina. Este proceso natural provoca flacidez, p\u00e9rdida de definici\u00f3n facial y aparici\u00f3n de l\u00edneas de expresi\u00f3n. Frente a esta situaci\u00f3n, la <a href=\"https:\/\/www.idermic.es\/es\/altres_tractaments\/cabina-dermatologica-avanzada\/\"><strong>radiofrecuencia facial de cabina<\/strong><\/a>, ofrece una alternativa eficaz para tensar la piel y mejorar su aspecto sin cirug\u00eda, sin agujas y sin tiempos de recuperaci\u00f3n.<\/p>\n<h2 data-section-id=\"wvyh5v\" data-start=\"3392\" data-end=\"3460\">Qu\u00e9 es la radiofrecuencia facial y por qu\u00e9 se utiliza en est\u00e9tica<\/h2>\n<p data-start=\"3462\" data-end=\"3798\">La radiofrecuencia facial es un tratamiento est\u00e9tico que emplea ondas electromagn\u00e9ticas para generar calor controlado en las capas profundas de la piel. Este aumento de temperatura estimula la actividad de los fibroblastos, responsables de producir col\u00e1geno y elastina, dos componentes fundamentales para mantener la piel firme y tersa.<\/p>\n<p data-start=\"3800\" data-end=\"4027\">A diferencia de otros procedimientos m\u00e1s agresivos, la radiofrecuencia act\u00faa respetando la superficie cut\u00e1nea. Esto permite trabajar el tejido interno sin da\u00f1ar la epidermis, logrando un efecto reafirmante progresivo y natural.<\/p>\n<p data-start=\"4029\" data-end=\"4367\">En el \u00e1mbito de la est\u00e9tica facial, se utiliza principalmente para tratar la flacidez del rostro, mejorar la textura de la piel y conseguir un efecto lifting no quir\u00fargico. Tambi\u00e9n es habitual su aplicaci\u00f3n en zonas como mejillas, mand\u00edbula, cuello y contorno facial, donde suelen aparecer los primeros signos visibles del envejecimiento.<\/p>\n<h2 data-section-id=\"119ovff\" data-start=\"4369\" data-end=\"4424\">C\u00f3mo funciona la radiofrecuencia para tensar la piel<\/h2>\n<p data-start=\"4426\" data-end=\"4770\">El funcionamiento de la radiofrecuencia facial se basa en la generaci\u00f3n de calor interno mediante energ\u00eda electromagn\u00e9tica. Cuando la temperatura alcanza determinados niveles en las capas profundas de la piel, se produce una contracci\u00f3n inmediata de las fibras de col\u00e1geno existentes y, al mismo tiempo, se activa la creaci\u00f3n de nuevo col\u00e1geno.<\/p>\n<p data-start=\"4772\" data-end=\"5103\">Este doble efecto es precisamente lo que explica la mejora de firmeza que muchas personas notan despu\u00e9s del tratamiento. Por un lado, aparece un efecto tensor inmediato conocido popularmente como \u201cefecto flash\u201d. Por otro, la regeneraci\u00f3n progresiva del tejido contin\u00faa durante semanas, mejorando gradualmente la calidad de la piel.<\/p>\n<p data-start=\"5105\" data-end=\"5292\">Adem\u00e1s del efecto reafirmante, el aumento de temperatura favorece la microcirculaci\u00f3n y la oxigenaci\u00f3n celular. Esto contribuye a que el rostro se vea m\u00e1s luminoso, descansado y uniforme.<\/p>\n<p data-start=\"5294\" data-end=\"5592\">En tratamientos realizados en cabina est\u00e9tica, la radiofrecuencia suele combinarse con protocolos espec\u00edficos orientados al rejuvenecimiento facial integral. El objetivo no es \u00fanicamente tensar la piel, sino tambi\u00e9n redefinir el \u00f3valo facial y mejorar el aspecto global del rostro de forma natural.<\/p>\n<h2 data-section-id=\"1ck9gc\" data-start=\"5594\" data-end=\"5659\">El efecto lifting sin cirug\u00eda: una de las principales ventajas<\/h2>\n<p data-start=\"5661\" data-end=\"5993\">Uno de los aspectos que m\u00e1s inter\u00e9s despierta en torno a la radiofrecuencia facial es su capacidad para ofrecer un efecto lifting sin necesidad de cirug\u00eda. Frente a procedimientos invasivos que requieren anestesia o recuperaci\u00f3n posterior, este tratamiento permite continuar con la rutina diaria inmediatamente despu\u00e9s de la sesi\u00f3n.<\/p>\n<p data-start=\"5995\" data-end=\"6339\">El efecto tensor puede apreciarse desde el primer momento gracias a la contracci\u00f3n de las fibras cut\u00e1neas provocada por el calor. La piel se percibe m\u00e1s firme, m\u00e1s lisa y con una apariencia m\u00e1s descansada. Este resultado inmediato convierte a la radiofrecuencia facial en un tratamiento muy solicitado antes de eventos o situaciones especiales.<\/p>\n<p data-start=\"6341\" data-end=\"6579\">Sin embargo, los cambios m\u00e1s significativos aparecen de manera progresiva. La estimulaci\u00f3n del col\u00e1geno contin\u00faa trabajando en el interior de la piel durante semanas, favoreciendo una mejora gradual de la firmeza y elasticidad del rostro.<\/p>\n<p data-start=\"6581\" data-end=\"6845\">La definici\u00f3n del \u00f3valo facial es otro de los beneficios m\u00e1s valorados. Con el envejecimiento, la l\u00ednea mandibular pierde nitidez y aparecen signos de descolgamiento. La radiofrecuencia ayuda a reafirmar esta zona, aportando un aspecto m\u00e1s rejuvenecido y arm\u00f3nico.<\/p>\n<h2 data-section-id=\"1g7uogi\" data-start=\"6847\" data-end=\"6886\">Qu\u00e9 zonas del rostro pueden tratarse<\/h2>\n<p data-start=\"6888\" data-end=\"7045\">La radiofrecuencia facial puede aplicarse en diferentes \u00e1reas del rostro y cuello, adaptando la intensidad y el protocolo seg\u00fan las necesidades de cada piel.<\/p>\n<p data-start=\"7047\" data-end=\"7301\">Las zonas m\u00e1s habituales son las mejillas, donde ayuda a combatir la p\u00e9rdida de firmeza; la frente y el contorno de ojos, para suavizar l\u00edneas de expresi\u00f3n; y especialmente el tercio inferior del rostro, donde se trabaja la redefinici\u00f3n del \u00f3valo facial.<\/p>\n<p data-start=\"7303\" data-end=\"7532\">El cuello tambi\u00e9n suele incluirse dentro del tratamiento, ya que es una de las \u00e1reas donde la flacidez resulta m\u00e1s visible con el paso del tiempo. La mejora de esta zona contribuye a conseguir un resultado m\u00e1s uniforme y natural.<\/p>\n<p data-start=\"7534\" data-end=\"7750\">En tratamientos de cabina est\u00e9tica, la radiofrecuencia puede integrarse dentro de rituales faciales completos enfocados al rejuvenecimiento y efecto glow inmediato, potenciando la luminosidad y la calidad de la piel.<\/p>\n<h2 data-section-id=\"1275ttz\" data-start=\"7752\" data-end=\"7796\">Cu\u00e1ndo se empiezan a notar los resultados<\/h2>\n<p data-start=\"7798\" data-end=\"8022\">Los resultados de la radiofrecuencia facial pueden apreciarse de forma progresiva. Muchas personas experimentan una sensaci\u00f3n de piel m\u00e1s tersa y luminosa inmediatamente despu\u00e9s de la sesi\u00f3n gracias al conocido efecto flash.<\/p>\n<p data-start=\"8024\" data-end=\"8253\">A medida que se estimula la producci\u00f3n de col\u00e1geno, la piel mejora su elasticidad y firmeza de manera gradual. Este proceso contin\u00faa desarroll\u00e1ndose durante varias semanas, por lo que el resultado suele optimizarse con el tiempo.<\/p>\n<p data-start=\"8255\" data-end=\"8443\">La duraci\u00f3n de los efectos depende de factores como la edad, el estado de la piel y los h\u00e1bitos de vida. Tambi\u00e9n influye la frecuencia con la que se realicen las sesiones de mantenimiento.<\/p>\n<p data-start=\"8445\" data-end=\"8616\">En protocolos profesionales de radiofrecuencia facial en cabina, suele recomendarse realizar varias sesiones para potenciar y mantener el efecto reafirmante a largo plazo.<\/p>\n<h2 data-section-id=\"f5dx2j\" data-start=\"8618\" data-end=\"8698\">Diferencias entre la radiofrecuencia facial y otros tratamientos reafirmantes<\/h2>\n<p data-start=\"8700\" data-end=\"8861\">Dentro de los tratamientos est\u00e9ticos no invasivos, la radiofrecuencia facial destaca por su equilibrio entre eficacia, comodidad y naturalidad en los resultados.<\/p>\n<p data-start=\"8863\" data-end=\"9121\">A diferencia de t\u00e9cnicas m\u00e1s agresivas, no requiere agujas ni periodos de recuperaci\u00f3n. Tampoco modifica la expresi\u00f3n facial ni produce cambios artificiales, algo especialmente valorado por quienes buscan rejuvenecer el rostro manteniendo un aspecto natural.<\/p>\n<p data-start=\"9123\" data-end=\"9319\">Comparada con otros tratamientos reafirmantes, la radiofrecuencia ofrece adem\u00e1s una experiencia confortable. La sensaci\u00f3n durante la sesi\u00f3n suele describirse como un calor agradable sobre la piel.<\/p>\n<p data-start=\"9321\" data-end=\"9570\">Otro punto diferencial es su capacidad para combinar efecto inmediato y mejora progresiva. Mientras otros procedimientos ofrecen resultados r\u00e1pidos pero temporales, la radiofrecuencia trabaja tambi\u00e9n sobre la regeneraci\u00f3n interna del tejido cut\u00e1neo.<\/p>\n<h2 data-section-id=\"1egl9o\" data-start=\"9572\" data-end=\"9616\">Para qui\u00e9n est\u00e1 indicado este tratamiento<\/h2>\n<p data-start=\"9618\" data-end=\"9825\">La radiofrecuencia facial est\u00e1 indicada para personas que comienzan a notar p\u00e9rdida de firmeza, flacidez leve o signos de envejecimiento cut\u00e1neo y desean mejorar el aspecto de su piel sin recurrir a cirug\u00eda.<\/p>\n<p data-start=\"9827\" data-end=\"10001\">Tambi\u00e9n resulta adecuada como tratamiento preventivo, especialmente a partir de determinadas edades en las que la producci\u00f3n de col\u00e1geno empieza a disminuir de forma natural.<\/p>\n<p data-start=\"10003\" data-end=\"10240\">Su versatilidad permite adaptarla a diferentes tipos de piel y necesidades est\u00e9ticas. Desde pieles j\u00f3venes que buscan luminosidad y efecto tensor inmediato hasta rostros m\u00e1s maduros que necesitan reafirmar y redefinir el contorno facial.<\/p>\n<p data-start=\"10242\" data-end=\"10388\">En centros especializados, el tratamiento suele personalizarse seg\u00fan el grado de flacidez, los objetivos est\u00e9ticos y el estado general de la piel.<\/p>\n<h2 data-section-id=\"1k6gzz6\" data-start=\"10390\" data-end=\"10459\">La radiofrecuencia facial como aliada del rejuvenecimiento natural<\/h2>\n<p data-start=\"10461\" data-end=\"10779\">La tendencia actual en medicina est\u00e9tica y est\u00e9tica avanzada apuesta por tratamientos que mejoren la calidad de la piel sin alterar la expresi\u00f3n natural del rostro. En este contexto, la radiofrecuencia facial se posiciona como una de las opciones m\u00e1s demandadas para conseguir un rejuvenecimiento progresivo y natural.<\/p>\n<p data-start=\"10781\" data-end=\"10960\">La combinaci\u00f3n de efecto flash, estimulaci\u00f3n de col\u00e1geno y mejora del \u00f3valo facial permite obtener una apariencia m\u00e1s firme y descansada sin necesidad de procedimientos invasivos.<\/p>\n<p data-start=\"10962\" data-end=\"11308\">Adem\u00e1s de sus beneficios reafirmantes, la radiofrecuencia facial ayuda a mejorar la textura cut\u00e1nea, aportar luminosidad y potenciar el aspecto saludable de la piel. Todo ello convierte este tratamiento en una alternativa cada vez m\u00e1s popular entre quienes buscan un efecto lifting no quir\u00fargico adaptado a las necesidades de la est\u00e9tica moderna.<\/p>\n<p data-start=\"8023\" data-end=\"8372\">Para cualquier consulta sobre radiofrecuencia facial, en Idermic, tu <strong><a href=\"http:\/\/idermic.es\/\">dermat\u00f3logo en Terrassa<\/a><\/strong> estaremos encantados de atenderte.<\/p>\n<\/div><div class=\"fusion-clearfix\"><\/div><\/div><\/div><\/div><\/div><\/p>\n","protected":false},"excerpt":{"rendered":"<p>Radiofrecuencia facial para tensar la piel sin cirug\u00eda: c\u00f3mo funciona, beneficios, efecto lifting y estimulaci\u00f3n natural de col\u00e1geno.<\/p>\n","protected":false},"author":3,"featured_media":9369,"comment_status":"open","ping_status":"closed","sticky":false,"template":"","format":"standard","meta":{"_joinchat":[],"footnotes":""},"categories":[37,36],"tags":[],"class_list":["post-9727","post","type-post","status-publish","format-standard","has-post-thumbnail","hentry","category-tecnologia","category-tratamientos-de-medicina-estetica"],"yoast_head":"<!-- This site is optimized with the Yoast SEO plugin v28.4 - https:\/\/yoast.com\/product\/yoast-seo-wordpress\/ -->\n<title>Radiofrecuencia facial: c\u00f3mo funciona para tensar la piel sin cirug\u00eda -<\/title>\n<meta name=\"description\" content=\"Radiofrecuencia facial para tensar la piel sin cirug\u00eda: c\u00f3mo funciona, beneficios, efecto lifting y estimulaci\u00f3n natural de col\u00e1geno.\" \/>\n<meta name=\"robots\" content=\"index, follow, max-snippet:-1, max-image-preview:large, max-video-preview:-1\" \/>\n<link rel=\"canonical\" href=\"https:\/\/www.idermic.es\/es\/radiofrecuencia-facial-como-funciona-para-tensar-la-piel-sin-cirugia\/\" \/>\n<meta property=\"og:locale\" content=\"es_ES\" \/>\n<meta property=\"og:type\" content=\"article\" \/>\n<meta property=\"og:title\" content=\"Radiofrecuencia facial: c\u00f3mo funciona para tensar la piel sin cirug\u00eda -\" \/>\n<meta property=\"og:description\" content=\"Radiofrecuencia facial para tensar la piel sin cirug\u00eda: c\u00f3mo funciona, beneficios, efecto lifting y estimulaci\u00f3n natural de col\u00e1geno.\" \/>\n<meta property=\"og:url\" content=\"https:\/\/www.idermic.es\/es\/radiofrecuencia-facial-como-funciona-para-tensar-la-piel-sin-cirugia\/\" \/>\n<meta property=\"og:site_name\" content=\"Idermic. Dermatolog\u00eda en Terrassa\" \/>\n<meta property=\"article:publisher\" content=\"https:\/\/www.facebook.com\/Idermic\" \/>\n<meta property=\"article:published_time\" content=\"2026-05-02T09:36:47+00:00\" \/>\n<meta property=\"article:modified_time\" content=\"2026-05-26T09:44:48+00:00\" \/>\n<meta property=\"og:image\" content=\"https:\/\/www.idermic.es\/wp-content\/uploads\/2026\/03\/cabina-dermatologica-avancada-400X400PX.jpg\" \/>\n\t<meta property=\"og:image:width\" content=\"400\" \/>\n\t<meta property=\"og:image:height\" content=\"400\" \/>\n\t<meta property=\"og:image:type\" content=\"image\/jpeg\" \/>\n<meta name=\"author\" content=\"Equipo\" \/>\n<meta name=\"twitter:card\" content=\"summary_large_image\" \/>\n<meta name=\"twitter:creator\" content=\"@idermic\" \/>\n<meta name=\"twitter:site\" content=\"@idermic\" \/>\n<meta name=\"twitter:label1\" content=\"Escrito por\" \/>\n\t<meta name=\"twitter:data1\" content=\"Equipo\" \/>\n\t<meta name=\"twitter:label2\" content=\"Tiempo de lectura\" \/>\n\t<meta name=\"twitter:data2\" content=\"8 minutos\" \/>\n<script type=\"application\/ld+json\" class=\"yoast-schema-graph\">{\"@context\":\"https:\\\/\\\/schema.org\",\"@graph\":[{\"@type\":\"Article\",\"@id\":\"https:\\\/\\\/www.idermic.es\\\/es\\\/radiofrecuencia-facial-como-funciona-para-tensar-la-piel-sin-cirugia\\\/#article\",\"isPartOf\":{\"@id\":\"https:\\\/\\\/www.idermic.es\\\/es\\\/radiofrecuencia-facial-como-funciona-para-tensar-la-piel-sin-cirugia\\\/\"},\"author\":{\"name\":\"Equipo\",\"@id\":\"https:\\\/\\\/www.idermic.es\\\/#\\\/schema\\\/person\\\/c12703027a878b23d3c71c87921a82f8\"},\"headline\":\"Radiofrecuencia facial: c\u00f3mo funciona para tensar la piel sin cirug\u00eda\",\"datePublished\":\"2026-05-02T09:36:47+00:00\",\"dateModified\":\"2026-05-26T09:44:48+00:00\",\"mainEntityOfPage\":{\"@id\":\"https:\\\/\\\/www.idermic.es\\\/es\\\/radiofrecuencia-facial-como-funciona-para-tensar-la-piel-sin-cirugia\\\/\"},\"wordCount\":3936,\"commentCount\":0,\"publisher\":{\"@id\":\"https:\\\/\\\/www.idermic.es\\\/#organization\"},\"image\":{\"@id\":\"https:\\\/\\\/www.idermic.es\\\/es\\\/radiofrecuencia-facial-como-funciona-para-tensar-la-piel-sin-cirugia\\\/#primaryimage\"},\"thumbnailUrl\":\"https:\\\/\\\/www.idermic.es\\\/wp-content\\\/uploads\\\/2026\\\/03\\\/cabina-dermatologica-avancada-400X400PX.jpg\",\"articleSection\":[\"Tecnolog\u00eda\",\"Tratamientos de Medicina Est\u00e9tica\"],\"inLanguage\":\"es\",\"potentialAction\":[{\"@type\":\"CommentAction\",\"name\":\"Comment\",\"target\":[\"https:\\\/\\\/www.idermic.es\\\/es\\\/radiofrecuencia-facial-como-funciona-para-tensar-la-piel-sin-cirugia\\\/#respond\"]}]},{\"@type\":\"WebPage\",\"@id\":\"https:\\\/\\\/www.idermic.es\\\/es\\\/radiofrecuencia-facial-como-funciona-para-tensar-la-piel-sin-cirugia\\\/\",\"url\":\"https:\\\/\\\/www.idermic.es\\\/es\\\/radiofrecuencia-facial-como-funciona-para-tensar-la-piel-sin-cirugia\\\/\",\"name\":\"Radiofrecuencia facial: c\u00f3mo funciona para tensar la piel sin cirug\u00eda -\",\"isPartOf\":{\"@id\":\"https:\\\/\\\/www.idermic.es\\\/#website\"},\"primaryImageOfPage\":{\"@id\":\"https:\\\/\\\/www.idermic.es\\\/es\\\/radiofrecuencia-facial-como-funciona-para-tensar-la-piel-sin-cirugia\\\/#primaryimage\"},\"image\":{\"@id\":\"https:\\\/\\\/www.idermic.es\\\/es\\\/radiofrecuencia-facial-como-funciona-para-tensar-la-piel-sin-cirugia\\\/#primaryimage\"},\"thumbnailUrl\":\"https:\\\/\\\/www.idermic.es\\\/wp-content\\\/uploads\\\/2026\\\/03\\\/cabina-dermatologica-avancada-400X400PX.jpg\",\"datePublished\":\"2026-05-02T09:36:47+00:00\",\"dateModified\":\"2026-05-26T09:44:48+00:00\",\"description\":\"Radiofrecuencia facial para tensar la piel sin cirug\u00eda: c\u00f3mo funciona, beneficios, efecto lifting y estimulaci\u00f3n natural de col\u00e1geno.\",\"breadcrumb\":{\"@id\":\"https:\\\/\\\/www.idermic.es\\\/es\\\/radiofrecuencia-facial-como-funciona-para-tensar-la-piel-sin-cirugia\\\/#breadcrumb\"},\"inLanguage\":\"es\",\"potentialAction\":[{\"@type\":\"ReadAction\",\"target\":[\"https:\\\/\\\/www.idermic.es\\\/es\\\/radiofrecuencia-facial-como-funciona-para-tensar-la-piel-sin-cirugia\\\/\"]}]},{\"@type\":\"ImageObject\",\"inLanguage\":\"es\",\"@id\":\"https:\\\/\\\/www.idermic.es\\\/es\\\/radiofrecuencia-facial-como-funciona-para-tensar-la-piel-sin-cirugia\\\/#primaryimage\",\"url\":\"https:\\\/\\\/www.idermic.es\\\/wp-content\\\/uploads\\\/2026\\\/03\\\/cabina-dermatologica-avancada-400X400PX.jpg\",\"contentUrl\":\"https:\\\/\\\/www.idermic.es\\\/wp-content\\\/uploads\\\/2026\\\/03\\\/cabina-dermatologica-avancada-400X400PX.jpg\",\"width\":400,\"height\":400,\"caption\":\"Cabina dermatol\u00f3gica avan\u00e7ada. Cl\u00ednica Idermic Terrassa\"},{\"@type\":\"BreadcrumbList\",\"@id\":\"https:\\\/\\\/www.idermic.es\\\/es\\\/radiofrecuencia-facial-como-funciona-para-tensar-la-piel-sin-cirugia\\\/#breadcrumb\",\"itemListElement\":[{\"@type\":\"ListItem\",\"position\":1,\"name\":\"Inici\",\"item\":\"https:\\\/\\\/www.idermic.es\\\/es\\\/\"},{\"@type\":\"ListItem\",\"position\":2,\"name\":\"Radiofrecuencia facial: c\u00f3mo funciona para tensar la piel sin cirug\u00eda\"}]},{\"@type\":\"WebSite\",\"@id\":\"https:\\\/\\\/www.idermic.es\\\/#website\",\"url\":\"https:\\\/\\\/www.idermic.es\\\/\",\"name\":\"Idermic. Dermatolog\u00eda en Terrassa\",\"description\":\"Dermatolog\u00eda, Medicina est\u00e9tica, Cirurg\u00eda Pl\u00e0stica\",\"publisher\":{\"@id\":\"https:\\\/\\\/www.idermic.es\\\/#organization\"},\"potentialAction\":[{\"@type\":\"SearchAction\",\"target\":{\"@type\":\"EntryPoint\",\"urlTemplate\":\"https:\\\/\\\/www.idermic.es\\\/?s={search_term_string}\"},\"query-input\":{\"@type\":\"PropertyValueSpecification\",\"valueRequired\":true,\"valueName\":\"search_term_string\"}}],\"inLanguage\":\"es\"},{\"@type\":\"Organization\",\"@id\":\"https:\\\/\\\/www.idermic.es\\\/#organization\",\"name\":\"Idermic. Dermatolog\u00eda en Terrassa\",\"url\":\"https:\\\/\\\/www.idermic.es\\\/\",\"logo\":{\"@type\":\"ImageObject\",\"inLanguage\":\"es\",\"@id\":\"https:\\\/\\\/www.idermic.es\\\/#\\\/schema\\\/logo\\\/image\\\/\",\"url\":\"https:\\\/\\\/www.idermic.es\\\/wp-content\\\/uploads\\\/2025\\\/10\\\/Logo-Idermic.jpg\",\"contentUrl\":\"https:\\\/\\\/www.idermic.es\\\/wp-content\\\/uploads\\\/2025\\\/10\\\/Logo-Idermic.jpg\",\"width\":501,\"height\":502,\"caption\":\"Idermic. Dermatolog\u00eda en Terrassa\"},\"image\":{\"@id\":\"https:\\\/\\\/www.idermic.es\\\/#\\\/schema\\\/logo\\\/image\\\/\"},\"sameAs\":[\"https:\\\/\\\/www.facebook.com\\\/Idermic\",\"https:\\\/\\\/x.com\\\/idermic\",\"https:\\\/\\\/www.instagram.com\\\/idermicclinic\\\/\",\"https:\\\/\\\/www.youtube.com\\\/channel\\\/UCyAHC9-p8lc6hr_nguO8p_g\"]},{\"@type\":\"Person\",\"@id\":\"https:\\\/\\\/www.idermic.es\\\/#\\\/schema\\\/person\\\/c12703027a878b23d3c71c87921a82f8\",\"name\":\"Equipo\",\"image\":{\"@type\":\"ImageObject\",\"inLanguage\":\"es\",\"@id\":\"https:\\\/\\\/secure.gravatar.com\\\/avatar\\\/7ca0be23248108c6b0887e0693b7dcf7764bd3503f84d1f04e6653ef7c3b9420?s=96&d=mm&r=g\",\"url\":\"https:\\\/\\\/secure.gravatar.com\\\/avatar\\\/7ca0be23248108c6b0887e0693b7dcf7764bd3503f84d1f04e6653ef7c3b9420?s=96&d=mm&r=g\",\"contentUrl\":\"https:\\\/\\\/secure.gravatar.com\\\/avatar\\\/7ca0be23248108c6b0887e0693b7dcf7764bd3503f84d1f04e6653ef7c3b9420?s=96&d=mm&r=g\",\"caption\":\"Equipo\"},\"description\":\"Equipo de Idermic\"}]}<\/script>\n<!-- \/ Yoast SEO plugin. -->","yoast_head_json":{"title":"Radiofrecuencia facial: c\u00f3mo funciona para tensar la piel sin cirug\u00eda -","description":"Radiofrecuencia facial para tensar la piel sin cirug\u00eda: c\u00f3mo funciona, beneficios, efecto lifting y estimulaci\u00f3n natural de col\u00e1geno.","robots":{"index":"index","follow":"follow","max-snippet":"max-snippet:-1","max-image-preview":"max-image-preview:large","max-video-preview":"max-video-preview:-1"},"canonical":"https:\/\/www.idermic.es\/es\/radiofrecuencia-facial-como-funciona-para-tensar-la-piel-sin-cirugia\/","og_locale":"es_ES","og_type":"article","og_title":"Radiofrecuencia facial: c\u00f3mo funciona para tensar la piel sin cirug\u00eda -","og_description":"Radiofrecuencia facial para tensar la piel sin cirug\u00eda: c\u00f3mo funciona, beneficios, efecto lifting y estimulaci\u00f3n natural de col\u00e1geno.","og_url":"https:\/\/www.idermic.es\/es\/radiofrecuencia-facial-como-funciona-para-tensar-la-piel-sin-cirugia\/","og_site_name":"Idermic. Dermatolog\u00eda en Terrassa","article_publisher":"https:\/\/www.facebook.com\/Idermic","article_published_time":"2026-05-02T09:36:47+00:00","article_modified_time":"2026-05-26T09:44:48+00:00","og_image":[{"width":400,"height":400,"url":"https:\/\/www.idermic.es\/wp-content\/uploads\/2026\/03\/cabina-dermatologica-avancada-400X400PX.jpg","type":"image\/jpeg"}],"author":"Equipo","twitter_card":"summary_large_image","twitter_creator":"@idermic","twitter_site":"@idermic","twitter_misc":{"Escrito por":"Equipo","Tiempo de lectura":"8 minutos"},"schema":{"@context":"https:\/\/schema.org","@graph":[{"@type":"Article","@id":"https:\/\/www.idermic.es\/es\/radiofrecuencia-facial-como-funciona-para-tensar-la-piel-sin-cirugia\/#article","isPartOf":{"@id":"https:\/\/www.idermic.es\/es\/radiofrecuencia-facial-como-funciona-para-tensar-la-piel-sin-cirugia\/"},"author":{"name":"Equipo","@id":"https:\/\/www.idermic.es\/#\/schema\/person\/c12703027a878b23d3c71c87921a82f8"},"headline":"Radiofrecuencia facial: c\u00f3mo funciona para tensar la piel sin cirug\u00eda","datePublished":"2026-05-02T09:36:47+00:00","dateModified":"2026-05-26T09:44:48+00:00","mainEntityOfPage":{"@id":"https:\/\/www.idermic.es\/es\/radiofrecuencia-facial-como-funciona-para-tensar-la-piel-sin-cirugia\/"},"wordCount":3936,"commentCount":0,"publisher":{"@id":"https:\/\/www.idermic.es\/#organization"},"image":{"@id":"https:\/\/www.idermic.es\/es\/radiofrecuencia-facial-como-funciona-para-tensar-la-piel-sin-cirugia\/#primaryimage"},"thumbnailUrl":"https:\/\/www.idermic.es\/wp-content\/uploads\/2026\/03\/cabina-dermatologica-avancada-400X400PX.jpg","articleSection":["Tecnolog\u00eda","Tratamientos de Medicina Est\u00e9tica"],"inLanguage":"es","potentialAction":[{"@type":"CommentAction","name":"Comment","target":["https:\/\/www.idermic.es\/es\/radiofrecuencia-facial-como-funciona-para-tensar-la-piel-sin-cirugia\/#respond"]}]},{"@type":"WebPage","@id":"https:\/\/www.idermic.es\/es\/radiofrecuencia-facial-como-funciona-para-tensar-la-piel-sin-cirugia\/","url":"https:\/\/www.idermic.es\/es\/radiofrecuencia-facial-como-funciona-para-tensar-la-piel-sin-cirugia\/","name":"Radiofrecuencia facial: c\u00f3mo funciona para tensar la piel sin cirug\u00eda -","isPartOf":{"@id":"https:\/\/www.idermic.es\/#website"},"primaryImageOfPage":{"@id":"https:\/\/www.idermic.es\/es\/radiofrecuencia-facial-como-funciona-para-tensar-la-piel-sin-cirugia\/#primaryimage"},"image":{"@id":"https:\/\/www.idermic.es\/es\/radiofrecuencia-facial-como-funciona-para-tensar-la-piel-sin-cirugia\/#primaryimage"},"thumbnailUrl":"https:\/\/www.idermic.es\/wp-content\/uploads\/2026\/03\/cabina-dermatologica-avancada-400X400PX.jpg","datePublished":"2026-05-02T09:36:47+00:00","dateModified":"2026-05-26T09:44:48+00:00","description":"Radiofrecuencia facial para tensar la piel sin cirug\u00eda: c\u00f3mo funciona, beneficios, efecto lifting y estimulaci\u00f3n natural de col\u00e1geno.","breadcrumb":{"@id":"https:\/\/www.idermic.es\/es\/radiofrecuencia-facial-como-funciona-para-tensar-la-piel-sin-cirugia\/#breadcrumb"},"inLanguage":"es","potentialAction":[{"@type":"ReadAction","target":["https:\/\/www.idermic.es\/es\/radiofrecuencia-facial-como-funciona-para-tensar-la-piel-sin-cirugia\/"]}]},{"@type":"ImageObject","inLanguage":"es","@id":"https:\/\/www.idermic.es\/es\/radiofrecuencia-facial-como-funciona-para-tensar-la-piel-sin-cirugia\/#primaryimage","url":"https:\/\/www.idermic.es\/wp-content\/uploads\/2026\/03\/cabina-dermatologica-avancada-400X400PX.jpg","contentUrl":"https:\/\/www.idermic.es\/wp-content\/uploads\/2026\/03\/cabina-dermatologica-avancada-400X400PX.jpg","width":400,"height":400,"caption":"Cabina dermatol\u00f3gica avan\u00e7ada. Cl\u00ednica Idermic Terrassa"},{"@type":"BreadcrumbList","@id":"https:\/\/www.idermic.es\/es\/radiofrecuencia-facial-como-funciona-para-tensar-la-piel-sin-cirugia\/#breadcrumb","itemListElement":[{"@type":"ListItem","position":1,"name":"Inici","item":"https:\/\/www.idermic.es\/es\/"},{"@type":"ListItem","position":2,"name":"Radiofrecuencia facial: c\u00f3mo funciona para tensar la piel sin cirug\u00eda"}]},{"@type":"WebSite","@id":"https:\/\/www.idermic.es\/#website","url":"https:\/\/www.idermic.es\/","name":"Idermic. Dermatolog\u00eda en Terrassa","description":"Dermatolog\u00eda, Medicina est\u00e9tica, Cirurg\u00eda Pl\u00e0stica","publisher":{"@id":"https:\/\/www.idermic.es\/#organization"},"potentialAction":[{"@type":"SearchAction","target":{"@type":"EntryPoint","urlTemplate":"https:\/\/www.idermic.es\/?s={search_term_string}"},"query-input":{"@type":"PropertyValueSpecification","valueRequired":true,"valueName":"search_term_string"}}],"inLanguage":"es"},{"@type":"Organization","@id":"https:\/\/www.idermic.es\/#organization","name":"Idermic. Dermatolog\u00eda en Terrassa","url":"https:\/\/www.idermic.es\/","logo":{"@type":"ImageObject","inLanguage":"es","@id":"https:\/\/www.idermic.es\/#\/schema\/logo\/image\/","url":"https:\/\/www.idermic.es\/wp-content\/uploads\/2025\/10\/Logo-Idermic.jpg","contentUrl":"https:\/\/www.idermic.es\/wp-content\/uploads\/2025\/10\/Logo-Idermic.jpg","width":501,"height":502,"caption":"Idermic. Dermatolog\u00eda en Terrassa"},"image":{"@id":"https:\/\/www.idermic.es\/#\/schema\/logo\/image\/"},"sameAs":["https:\/\/www.facebook.com\/Idermic","https:\/\/x.com\/idermic","https:\/\/www.instagram.com\/idermicclinic\/","https:\/\/www.youtube.com\/channel\/UCyAHC9-p8lc6hr_nguO8p_g"]},{"@type":"Person","@id":"https:\/\/www.idermic.es\/#\/schema\/person\/c12703027a878b23d3c71c87921a82f8","name":"Equipo","image":{"@type":"ImageObject","inLanguage":"es","@id":"https:\/\/secure.gravatar.com\/avatar\/7ca0be23248108c6b0887e0693b7dcf7764bd3503f84d1f04e6653ef7c3b9420?s=96&d=mm&r=g","url":"https:\/\/secure.gravatar.com\/avatar\/7ca0be23248108c6b0887e0693b7dcf7764bd3503f84d1f04e6653ef7c3b9420?s=96&d=mm&r=g","contentUrl":"https:\/\/secure.gravatar.com\/avatar\/7ca0be23248108c6b0887e0693b7dcf7764bd3503f84d1f04e6653ef7c3b9420?s=96&d=mm&r=g","caption":"Equipo"},"description":"Equipo de Idermic"}]}},"_links":{"self":[{"href":"https:\/\/www.idermic.es\/es\/wp-json\/wp\/v2\/posts\/9727","targetHints":{"allow":["GET"]}}],"collection":[{"href":"https:\/\/www.idermic.es\/es\/wp-json\/wp\/v2\/posts"}],"about":[{"href":"https:\/\/www.idermic.es\/es\/wp-json\/wp\/v2\/types\/post"}],"author":[{"embeddable":true,"href":"https:\/\/www.idermic.es\/es\/wp-json\/wp\/v2\/users\/3"}],"replies":[{"embeddable":true,"href":"https:\/\/www.idermic.es\/es\/wp-json\/wp\/v2\/comments?post=9727"}],"version-history":[{"count":5,"href":"https:\/\/www.idermic.es\/es\/wp-json\/wp\/v2\/posts\/9727\/revisions"}],"predecessor-version":[{"id":9734,"href":"https:\/\/www.idermic.es\/es\/wp-json\/wp\/v2\/posts\/9727\/revisions\/9734"}],"wp:featuredmedia":[{"embeddable":true,"href":"https:\/\/www.idermic.es\/es\/wp-json\/wp\/v2\/media\/9369"}],"wp:attachment":[{"href":"https:\/\/www.idermic.es\/es\/wp-json\/wp\/v2\/media?parent=9727"}],"wp:term":[{"taxonomy":"category","embeddable":true,"href":"https:\/\/www.idermic.es\/es\/wp-json\/wp\/v2\/categories?post=9727"},{"taxonomy":"post_tag","embeddable":true,"href":"https:\/\/www.idermic.es\/es\/wp-json\/wp\/v2\/tags?post=9727"}],"curies":[{"name":"wp","href":"https:\/\/api.w.org\/{rel}","templated":true}]}}