{"id":9603,"date":"2026-04-14T06:20:29","date_gmt":"2026-04-14T06:20:29","guid":{"rendered":"https:\/\/www.idermic.es\/?p=9603"},"modified":"2026-06-05T15:40:23","modified_gmt":"2026-06-05T15:40:23","slug":"ovalo-facial-y-cuello-mejores-tratamientos-segun-la-flacidez-la-papada-y-la-perdida-de-definicion","status":"publish","type":"post","link":"https:\/\/www.idermic.es\/es\/ovalo-facial-y-cuello-mejores-tratamientos-segun-la-flacidez-la-papada-y-la-perdida-de-definicion\/","title":{"rendered":"\u00d3valo facial y cuello: Mejores tratamientos seg\u00fan la flacidez, la papada y la p\u00e9rdida de definici\u00f3n"},"content":{"rendered":"<p><div class=\"fusion-fullwidth fullwidth-box fusion-builder-row-1 nonhundred-percent-fullwidth non-hundred-percent-height-scrolling\" style=\"--awb-border-radius-top-left:0px;--awb-border-radius-top-right:0px;--awb-border-radius-bottom-right:0px;--awb-border-radius-bottom-left:0px;--awb-flex-wrap:wrap;\" ><div class=\"fusion-builder-row fusion-row\"><div class=\"fusion-layout-column fusion_builder_column fusion-builder-column-0 fusion_builder_column_1_1 1_1 fusion-one-full fusion-column-first fusion-column-last\" style=\"--awb-bg-size:cover;\"><div class=\"fusion-column-wrapper fusion-flex-column-wrapper-legacy\"><div class=\"fusion-text fusion-text-1\"><p style=\"text-align: center;\"><span style=\"font-size: 24pt;\"><strong>\u00d3valo facial y el cuello: Mejores tratamientos seg\u00fan la flacidez, la papada y la p\u00e9rdida de definici\u00f3n<\/strong><\/span><\/p>\n<\/div><div class=\"fusion-clearfix\"><\/div><\/div><\/div><\/div><\/div><div class=\"fusion-fullwidth fullwidth-box fusion-builder-row-2 nonhundred-percent-fullwidth non-hundred-percent-height-scrolling\" style=\"--awb-border-radius-top-left:0px;--awb-border-radius-top-right:0px;--awb-border-radius-bottom-right:0px;--awb-border-radius-bottom-left:0px;--awb-flex-wrap:wrap;\" ><div class=\"fusion-builder-row fusion-row\"><div class=\"fusion-layout-column fusion_builder_column fusion-builder-column-1 fusion_builder_column_1_2 1_2 fusion-one-half fusion-column-first\" style=\"--awb-bg-size:cover;width:50%;width:calc(50% - ( ( 4% ) * 0.5 ) );margin-right: 4%;\"><div class=\"fusion-column-wrapper fusion-flex-column-wrapper-legacy\"><div class=\"fusion-text fusion-text-2\"><p data-start=\"132\" data-end=\"878\">La p\u00e9rdida de definici\u00f3n del \u00f3valo facial y el envejecimiento del cuello no obedecen a una sola causa, y por eso tampoco admiten una \u00fanica soluci\u00f3n v\u00e1lida para todos los casos.<\/p>\n<p data-start=\"132\" data-end=\"878\">En algunas personas predomina la flacidez de la piel; en otras, la p\u00e9rdida de soporte en ment\u00f3n, l\u00ednea mandibular o p\u00f3mulos; y en muchas se suma la grasa submentoniana, el descolgamiento del tercio inferior del rostro o la alteraci\u00f3n del contorno cervical. Adem\u00e1s, influyen factores como la edad, la calidad de la piel, la exposici\u00f3n solar acumulada, los cambios de peso y la propia anatom\u00eda facial.<\/p>\n<p data-start=\"132\" data-end=\"878\">Por esa raz\u00f3n, al hablar de los mejores tratamientos para el \u00f3valo facial y el cuello, lo m\u00e1s preciso es explicar qu\u00e9 problema predomina en cada caso y qu\u00e9 procedimiento se ajusta mejor a esa necesidad concreta. M\u00e1s informaci\u00f3n en <a href=\"https:\/\/www.idermic.es\/es\/hifu-en-terrassa-lifting-facial-sin-cirugia\/\"><strong>HIFU para el \u00f3valo facial en Terrassa<\/strong><\/a>.<\/p>\n<h2 data-section-id=\"zsbkz\" data-start=\"880\" data-end=\"940\"><\/h2>\n<\/div><div class=\"fusion-clearfix\"><\/div><\/div><\/div><div class=\"fusion-layout-column fusion_builder_column fusion-builder-column-2 fusion_builder_column_1_2 1_2 fusion-one-half fusion-column-last\" style=\"--awb-bg-size:cover;width:50%;width:calc(50% - ( ( 4% ) * 0.5 ) );\"><div class=\"fusion-column-wrapper fusion-flex-column-wrapper-legacy\"><div class=\"fusion-image-element in-legacy-container\" style=\"--awb-caption-title-font-family:var(--h2_typography-font-family);--awb-caption-title-font-weight:var(--h2_typography-font-weight);--awb-caption-title-font-style:var(--h2_typography-font-style);--awb-caption-title-size:var(--h2_typography-font-size);--awb-caption-title-transform:var(--h2_typography-text-transform);--awb-caption-title-line-height:var(--h2_typography-line-height);--awb-caption-title-letter-spacing:var(--h2_typography-letter-spacing);\"><span class=\" fusion-imageframe imageframe-none imageframe-1 hover-type-none\"><img decoding=\"async\" width=\"1080\" height=\"1350\" alt=\"Antes\/despu\u00e9s de la utilizaci\u00f3n de HIFU Liftera en \u00f3valo facial y cuello.\" title=\"\u00d3valo facial y cuello\" src=\"https:\/\/www.idermic.es\/wp-content\/uploads\/2026\/04\/Ovalo-facial-y-el-cuello-6.jpg\" class=\"img-responsive wp-image-9614\" srcset=\"https:\/\/www.idermic.es\/wp-content\/uploads\/2026\/04\/Ovalo-facial-y-el-cuello-6-200x250.jpg 200w, https:\/\/www.idermic.es\/wp-content\/uploads\/2026\/04\/Ovalo-facial-y-el-cuello-6-400x500.jpg 400w, https:\/\/www.idermic.es\/wp-content\/uploads\/2026\/04\/Ovalo-facial-y-el-cuello-6-600x750.jpg 600w, https:\/\/www.idermic.es\/wp-content\/uploads\/2026\/04\/Ovalo-facial-y-el-cuello-6-800x1000.jpg 800w, https:\/\/www.idermic.es\/wp-content\/uploads\/2026\/04\/Ovalo-facial-y-el-cuello-6.jpg 1080w\" sizes=\"(max-width: 800px) 100vw, 600px\" \/><\/span><\/div><div class=\"fusion-clearfix\"><\/div><\/div><\/div><\/div><\/div><div class=\"fusion-fullwidth fullwidth-box fusion-builder-row-3 nonhundred-percent-fullwidth non-hundred-percent-height-scrolling\" style=\"--awb-border-radius-top-left:0px;--awb-border-radius-top-right:0px;--awb-border-radius-bottom-right:0px;--awb-border-radius-bottom-left:0px;--awb-flex-wrap:wrap;\" ><div class=\"fusion-builder-row fusion-row\"><div class=\"fusion-layout-column fusion_builder_column fusion-builder-column-3 fusion_builder_column_1_1 1_1 fusion-one-full fusion-column-first fusion-column-last\" style=\"--awb-bg-size:cover;\"><div class=\"fusion-column-wrapper fusion-flex-column-wrapper-legacy\"><div class=\"fusion-text fusion-text-3\"><h2 data-section-id=\"zsbkz\" data-start=\"779\" data-end=\"839\">Por qu\u00e9 se desdibuja el \u00f3valo facial y envejece el cuello<\/h2>\n<p data-start=\"841\" data-end=\"1323\">Con el paso del tiempo, la piel pierde parte de su firmeza natural y los tejidos profundos dejan de sostener el rostro con la misma eficacia. Esa transformaci\u00f3n afecta especialmente al tercio inferior facial, donde la mand\u00edbula puede perder nitidez, el ment\u00f3n puede parecer menos proyectado y el cuello puede mostrar una transici\u00f3n menos definida. A simple vista, esto suele traducirse en flacidez, papada, l\u00edneas de marioneta m\u00e1s visibles y una sensaci\u00f3n general de descolgamiento.<\/p>\n<p data-start=\"1325\" data-end=\"1732\">El cuello, adem\u00e1s, es una de las zonas que m\u00e1s delata el paso del tiempo. La piel suele ser fina, est\u00e1 sometida a movimiento constante y, con frecuencia, acumula cambios progresivos que afectan tanto a la firmeza como al contorno. Por eso, muchas b\u00fasquedas sobre rejuvenecimiento facial terminan centradas en una preocupaci\u00f3n doble: redefinir el \u00f3valo facial y mejorar el aspecto del cuello al mismo tiempo.<\/p>\n<h2 data-section-id=\"162hwgc\" data-start=\"1734\" data-end=\"1786\">Qu\u00e9 debe valorarse antes de elegir un tratamiento<\/h2>\n<p data-start=\"1788\" data-end=\"2077\">No todos los tratamientos sirven para lo mismo. Antes de hablar de t\u00e9cnicas concretas, conviene distinguir si el problema principal es la flacidez cut\u00e1nea, la p\u00e9rdida de volumen, la grasa bajo el ment\u00f3n o el exceso de piel. Esa diferencia cambia por completo la elecci\u00f3n del procedimiento.<\/p>\n<p data-start=\"2079\" data-end=\"2563\">Cuando el predominio es una flacidez leve o moderada, suelen considerarse tratamientos de tensado cut\u00e1neo. Si la p\u00e9rdida de definici\u00f3n se relaciona m\u00e1s con la falta de estructura o soporte, los rellenos y los bioestimuladores pueden tener m\u00e1s sentido. Cuando la preocupaci\u00f3n real es la papada, el enfoque debe dirigirse a la grasa submentoniana. Y cuando existe exceso importante de piel o un descolgamiento muy marcado, las opciones no invasivas suelen tener un alcance m\u00e1s limitado.<\/p>\n<p data-start=\"2565\" data-end=\"2941\">Entender esa clasificaci\u00f3n evita uno de los errores m\u00e1s habituales en este campo: pedir a un solo tratamiento que resuelva al mismo tiempo flacidez, p\u00e9rdida de volumen, papada y envejecimiento cervical avanzado. En la pr\u00e1ctica, cada t\u00e9cnica tiene un punto fuerte distinto, y el mejor resultado suele depender m\u00e1s de una buena indicaci\u00f3n que del nombre del tratamiento de moda.<\/p>\n<h2 data-section-id=\"1re261f\" data-start=\"2943\" data-end=\"3019\">Rellenos y bioestimulaci\u00f3n: cu\u00e1ndo ayudan a redefinir la l\u00ednea mandibular<\/h2>\n<p data-start=\"3021\" data-end=\"3412\">Los rellenos pueden desempe\u00f1ar un papel importante cuando el \u00f3valo facial se ha desdibujado por falta de soporte. En estos casos, el problema no siempre es que la piel \u201ccuelgue\u201d, sino que determinadas zonas del rostro han perdido proyecci\u00f3n y estructura. Al mejorar la base del ment\u00f3n, la l\u00ednea mandibular o algunos puntos de sost\u00e9n, el contorno facial puede verse m\u00e1s limpio y m\u00e1s arm\u00f3nico.<\/p>\n<p data-start=\"3414\" data-end=\"3757\">Este tipo de tratamiento suele resultar especialmente \u00fatil en personas que presentan una mand\u00edbula poco definida, una transici\u00f3n borrosa entre rostro y cuello o una p\u00e9rdida de volumen que hace que el tercio inferior parezca m\u00e1s envejecido. Su funci\u00f3n principal no es tensar la piel, sino reconstruir visualmente el soporte del contorno facial.<\/p>\n<p data-start=\"3759\" data-end=\"4126\">Aun as\u00ed, conviene subrayar que no es una soluci\u00f3n universal. Los rellenos no corrigen por s\u00ed solos una papada con grasa marcada ni sustituyen un tratamiento de tensado cuando la piel ha perdido firmeza de forma evidente. Su utilidad es alta cuando se emplean para el problema adecuado y mucho menor cuando se intenta que resuelvan situaciones que no les corresponden.<\/p>\n<\/div><div class=\"fusion-clearfix\"><\/div><\/div><\/div><\/div><\/div><div class=\"fusion-fullwidth fullwidth-box fusion-builder-row-4 nonhundred-percent-fullwidth non-hundred-percent-height-scrolling\" style=\"--awb-border-radius-top-left:0px;--awb-border-radius-top-right:0px;--awb-border-radius-bottom-right:0px;--awb-border-radius-bottom-left:0px;--awb-flex-wrap:wrap;\" ><div class=\"fusion-builder-row fusion-row\"><div class=\"fusion-layout-column fusion_builder_column fusion-builder-column-4 fusion_builder_column_1_1 1_1 fusion-one-full fusion-column-first fusion-column-last\" style=\"--awb-bg-size:cover;\"><div class=\"fusion-column-wrapper fusion-flex-column-wrapper-legacy\"><div class=\"fusion-text fusion-text-4\"><h2 data-section-id=\"vc9blk\" data-start=\"4128\" data-end=\"4183\">Tratamientos para la papada y la grasa submentoniana<\/h2>\n<p data-start=\"4185\" data-end=\"4511\">La papada merece un enfoque aparte porque no siempre responde a la misma causa que la flacidez. En muchos casos, la grasa submentoniana es el factor que m\u00e1s influye en la p\u00e9rdida de definici\u00f3n entre ment\u00f3n y cuello. Cuando ocurre esto, el tratamiento debe centrarse en reducir o mejorar ese volumen, no solo en tensar la piel.<\/p>\n<p data-start=\"4513\" data-end=\"4919\">Esta diferencia es importante porque muchas personas identifican como \u201cflacidez\u201d lo que en realidad es una acumulaci\u00f3n grasa localizada. Si no se distingue bien entre ambas cosas, el resultado puede ser decepcionante. Un tratamiento destinado a reafirmar puede quedarse corto si el problema dominante es la grasa, igual que un procedimiento orientado a reducir volumen puede no resolver la laxitud cut\u00e1nea.<\/p>\n<p data-start=\"4921\" data-end=\"5095\">Por eso, al abordar el cuello y el \u00f3valo facial, conviene separar claramente papada, flacidez y exceso de piel. Solo as\u00ed puede plantearse una estrategia coherente y realista.<\/p>\n<h2 data-section-id=\"ad53lp\" data-start=\"5097\" data-end=\"5158\">Radiofrecuencia, hilos y otras alternativas no quir\u00fargicas<\/h2>\n<p data-start=\"5160\" data-end=\"5510\">Los tratamientos no invasivos orientados al tensado tienen su mayor inter\u00e9s cuando la flacidez es leve o moderada. Su objetivo es mejorar la firmeza, estimular remodelado tisular y aportar una redefinici\u00f3n progresiva sin necesidad de cirug\u00eda. En este grupo suelen incluirse distintas tecnolog\u00edas de energ\u00eda y tambi\u00e9n t\u00e9cnicas como los hilos tensores.<\/p>\n<p data-start=\"5512\" data-end=\"5900\">La principal ventaja de estas opciones es que permiten una mejora visible con menor invasividad. Su atractivo radica en que no buscan un cambio radical, sino una evoluci\u00f3n m\u00e1s gradual del contorno facial y cervical. Son procedimientos especialmente valorados cuando el descolgamiento todav\u00eda no es severo y la persona desea una mejor\u00eda del aspecto general sin pasar por un abordaje mayor.<\/p>\n<p data-start=\"5902\" data-end=\"6275\">Su principal l\u00edmite tambi\u00e9n est\u00e1 claro: no ofrecen el mismo grado de correcci\u00f3n que una intervenci\u00f3n m\u00e1s completa. Cuando existe exceso evidente de piel, bandas muy marcadas en el cuello o una p\u00e9rdida intensa del \u00e1ngulo cervicomentoniano, el margen de mejora de estas t\u00e9cnicas disminuye. Por eso funcionan mejor en perfiles bien seleccionados y con expectativas razonables.<\/p>\n<h2 data-section-id=\"13ngjko\" data-start=\"6277\" data-end=\"6333\">Cu\u00e1ndo los tratamientos m\u00e1s intensivos cobran sentido<\/h2>\n<p data-start=\"6335\" data-end=\"6636\">A medida que el envejecimiento del cuello y del \u00f3valo facial avanza, las soluciones m\u00e1s suaves pueden quedarse cortas. Esto ocurre sobre todo cuando se combinan varios factores a la vez: piel sobrante, descolgamiento importante, p\u00e9rdida de contorno mandibular y alteraci\u00f3n visible de la zona cervical.<\/p>\n<p data-start=\"6638\" data-end=\"6990\">En estos casos, el cambio que se busca ya no consiste solo en mejorar la calidad de la piel o tensar de forma moderada, sino en corregir una alteraci\u00f3n estructural m\u00e1s amplia. Por eso, no todos los pacientes obtienen el mismo beneficio de las opciones no invasivas. El punto de partida determina en gran medida el tipo de resultado que puede esperarse.<\/p>\n<p data-start=\"6992\" data-end=\"7287\">Entender esto ayuda a ordenar mejor la conversaci\u00f3n sobre los mejores tratamientos para el cuello y el \u00f3valo facial. No se trata de decidir cu\u00e1l es el m\u00e1s popular, sino cu\u00e1l encaja de verdad con el grado de flacidez, con la anatom\u00eda de la zona y con el efecto est\u00e9tico que se pretende conseguir.<\/p>\n<h2 data-section-id=\"1q11xih\" data-start=\"7289\" data-end=\"7334\">Qu\u00e9 resultados son razonables en cada caso<\/h2>\n<p data-start=\"7336\" data-end=\"7717\">Cada tratamiento aporta un tipo de mejor\u00eda diferente. Los rellenos pueden devolver soporte y definici\u00f3n. Los procedimientos dirigidos a la papada pueden mejorar la grasa submentoniana. Las tecnolog\u00edas de tensado pueden aportar firmeza y una ligera elevaci\u00f3n del contorno. Y los abordajes m\u00e1s intensivos suelen reservarse para cambios m\u00e1s visibles cuando el envejecimiento es mayor.<\/p>\n<p data-start=\"7719\" data-end=\"8111\">La clave est\u00e1 en entender que los resultados no son equivalentes entre s\u00ed. Un procedimiento no invasivo puede ofrecer una mejora apreciable y muy satisfactoria en un caso leve, pero quedarse corto en un caso avanzado. Del mismo modo, un tratamiento pensado para reafirmar no sustituye uno destinado a reconstruir volumen, ni uno para reducir papada corrige por s\u00ed solo la flacidez del cuello.<\/p>\n<p data-start=\"8113\" data-end=\"8325\">Por eso, la mejor opci\u00f3n no es la que promete m\u00e1s, sino la que responde con m\u00e1s precisi\u00f3n al problema real. En est\u00e9tica facial y cervical, la indicaci\u00f3n correcta suele ser m\u00e1s importante que el tratamiento en s\u00ed.<\/p>\n<\/div><div class=\"fusion-clearfix\"><\/div><\/div><\/div><\/div><\/div><div class=\"fusion-fullwidth fullwidth-box fusion-builder-row-5 fusion-flex-container has-pattern-background has-mask-background nonhundred-percent-fullwidth non-hundred-percent-height-scrolling\" style=\"--awb-border-radius-top-left:0px;--awb-border-radius-top-right:0px;--awb-border-radius-bottom-right:0px;--awb-border-radius-bottom-left:0px;--awb-flex-wrap:wrap;\" ><div class=\"fusion-builder-row fusion-row fusion-flex-align-items-flex-start fusion-flex-content-wrap\" style=\"max-width:1227.2px;margin-left: calc(-4% \/ 2 );margin-right: calc(-4% \/ 2 );\"><div class=\"fusion-layout-column fusion_builder_column fusion-builder-column-5 fusion_builder_column_1_1 1_1 fusion-flex-column\" style=\"--awb-bg-size:cover;--awb-width-large:100%;--awb-margin-top-large:0px;--awb-spacing-right-large:1.92%;--awb-margin-bottom-large:0px;--awb-spacing-left-large:1.92%;--awb-width-medium:100%;--awb-order-medium:0;--awb-spacing-right-medium:1.92%;--awb-spacing-left-medium:1.92%;--awb-width-small:100%;--awb-order-small:0;--awb-spacing-right-small:1.92%;--awb-spacing-left-small:1.92%;\"><div class=\"fusion-column-wrapper fusion-column-has-shadow fusion-flex-justify-content-flex-start fusion-content-layout-column\"><div class=\"fusion-text fusion-text-5\"><h2 data-section-id=\"bukus5\" data-start=\"8327\" data-end=\"8434\">HIFU Liftera: c\u00f3mo act\u00faa en el \u00f3valo facial y el cuello, para qui\u00e9n encaja y qu\u00e9 resultados puede ofrecer<\/h2>\n<\/div><\/div><\/div><\/div><\/div><div class=\"fusion-fullwidth fullwidth-box fusion-builder-row-6 fusion-flex-container has-pattern-background has-mask-background nonhundred-percent-fullwidth non-hundred-percent-height-scrolling\" style=\"--awb-border-radius-top-left:0px;--awb-border-radius-top-right:0px;--awb-border-radius-bottom-right:0px;--awb-border-radius-bottom-left:0px;--awb-flex-wrap:wrap;\" ><div class=\"fusion-builder-row fusion-row fusion-flex-align-items-flex-start fusion-flex-content-wrap\" style=\"max-width:1227.2px;margin-left: calc(-4% \/ 2 );margin-right: calc(-4% \/ 2 );\"><div class=\"fusion-layout-column fusion_builder_column fusion-builder-column-6 fusion_builder_column_1_2 1_2 fusion-flex-column\" style=\"--awb-bg-size:cover;--awb-width-large:50%;--awb-margin-top-large:0px;--awb-spacing-right-large:3.84%;--awb-margin-bottom-large:0px;--awb-spacing-left-large:3.84%;--awb-width-medium:100%;--awb-order-medium:0;--awb-spacing-right-medium:1.92%;--awb-spacing-left-medium:1.92%;--awb-width-small:100%;--awb-order-small:0;--awb-spacing-right-small:1.92%;--awb-spacing-left-small:1.92%;\"><div class=\"fusion-column-wrapper fusion-column-has-shadow fusion-flex-justify-content-flex-start fusion-content-layout-column\"><div class=\"fusion-image-element \" style=\"--awb-caption-title-font-family:var(--h2_typography-font-family);--awb-caption-title-font-weight:var(--h2_typography-font-weight);--awb-caption-title-font-style:var(--h2_typography-font-style);--awb-caption-title-size:var(--h2_typography-font-size);--awb-caption-title-transform:var(--h2_typography-text-transform);--awb-caption-title-line-height:var(--h2_typography-line-height);--awb-caption-title-letter-spacing:var(--h2_typography-letter-spacing);\"><span class=\" fusion-imageframe imageframe-none imageframe-2 hover-type-none\"><img decoding=\"async\" width=\"1080\" height=\"1350\" alt=\"Antes\/despu\u00e9s de la utilizaci\u00f3n de HIFU Liftera en \u00f3valo facial y cuello.\" title=\"\u00d3valo facial y cuello\" src=\"https:\/\/www.idermic.es\/wp-content\/uploads\/2026\/04\/Ovalo-facial-y-el-cuello-6.jpg\" class=\"img-responsive wp-image-9614\" srcset=\"https:\/\/www.idermic.es\/wp-content\/uploads\/2026\/04\/Ovalo-facial-y-el-cuello-6-200x250.jpg 200w, https:\/\/www.idermic.es\/wp-content\/uploads\/2026\/04\/Ovalo-facial-y-el-cuello-6-400x500.jpg 400w, https:\/\/www.idermic.es\/wp-content\/uploads\/2026\/04\/Ovalo-facial-y-el-cuello-6-600x750.jpg 600w, https:\/\/www.idermic.es\/wp-content\/uploads\/2026\/04\/Ovalo-facial-y-el-cuello-6-800x1000.jpg 800w, https:\/\/www.idermic.es\/wp-content\/uploads\/2026\/04\/Ovalo-facial-y-el-cuello-6.jpg 1080w\" sizes=\"(max-width: 1024px) 100vw, (max-width: 640px) 100vw, 600px\" \/><\/span><\/div><\/div><\/div><div class=\"fusion-layout-column fusion_builder_column fusion-builder-column-7 fusion_builder_column_1_2 1_2 fusion-flex-column\" style=\"--awb-bg-size:cover;--awb-width-large:50%;--awb-margin-top-large:0px;--awb-spacing-right-large:3.84%;--awb-margin-bottom-large:0px;--awb-spacing-left-large:3.84%;--awb-width-medium:100%;--awb-order-medium:0;--awb-spacing-right-medium:1.92%;--awb-spacing-left-medium:1.92%;--awb-width-small:100%;--awb-order-small:0;--awb-spacing-right-small:1.92%;--awb-spacing-left-small:1.92%;\"><div class=\"fusion-column-wrapper fusion-column-has-shadow fusion-flex-justify-content-flex-start fusion-content-layout-column\"><div class=\"fusion-image-element \" style=\"--awb-caption-title-font-family:var(--h2_typography-font-family);--awb-caption-title-font-weight:var(--h2_typography-font-weight);--awb-caption-title-font-style:var(--h2_typography-font-style);--awb-caption-title-size:var(--h2_typography-font-size);--awb-caption-title-transform:var(--h2_typography-text-transform);--awb-caption-title-line-height:var(--h2_typography-line-height);--awb-caption-title-letter-spacing:var(--h2_typography-letter-spacing);\"><span class=\" fusion-imageframe imageframe-none imageframe-3 hover-type-none\"><img decoding=\"async\" width=\"1080\" height=\"1350\" alt=\"Antes\/despu\u00e9s de la utilizaci\u00f3n de HIFU Liftera en \u00f3valo facial y cuello.\" title=\"\u00d3valo facial y cuello\" src=\"https:\/\/www.idermic.es\/wp-content\/uploads\/2026\/04\/Ovalo-facial-y-el-cuello-5.jpg\" class=\"img-responsive wp-image-9612\" srcset=\"https:\/\/www.idermic.es\/wp-content\/uploads\/2026\/04\/Ovalo-facial-y-el-cuello-5-200x250.jpg 200w, https:\/\/www.idermic.es\/wp-content\/uploads\/2026\/04\/Ovalo-facial-y-el-cuello-5-400x500.jpg 400w, https:\/\/www.idermic.es\/wp-content\/uploads\/2026\/04\/Ovalo-facial-y-el-cuello-5-600x750.jpg 600w, https:\/\/www.idermic.es\/wp-content\/uploads\/2026\/04\/Ovalo-facial-y-el-cuello-5-800x1000.jpg 800w, https:\/\/www.idermic.es\/wp-content\/uploads\/2026\/04\/Ovalo-facial-y-el-cuello-5.jpg 1080w\" sizes=\"(max-width: 1024px) 100vw, (max-width: 640px) 100vw, 600px\" \/><\/span><\/div><\/div><\/div><\/div><\/div><div class=\"fusion-fullwidth fullwidth-box fusion-builder-row-7 nonhundred-percent-fullwidth non-hundred-percent-height-scrolling\" style=\"--awb-border-radius-top-left:0px;--awb-border-radius-top-right:0px;--awb-border-radius-bottom-right:0px;--awb-border-radius-bottom-left:0px;--awb-flex-wrap:wrap;\" ><div class=\"fusion-builder-row fusion-row\"><div class=\"fusion-layout-column fusion_builder_column fusion-builder-column-8 fusion_builder_column_1_1 1_1 fusion-one-full fusion-column-first fusion-column-last\" style=\"--awb-bg-size:cover;\"><div class=\"fusion-column-wrapper fusion-flex-column-wrapper-legacy\"><div class=\"fusion-text fusion-text-6\"><p data-start=\"8436\" data-end=\"8813\">HIFU Liftera se ha convertido en uno de los tratamientos que m\u00e1s inter\u00e9s despiertan cuando se busca reafirmar el \u00f3valo facial y mejorar el cuello sin recurrir a procedimientos invasivos. Su atractivo reside en que trabaja mediante ultrasonido focalizado, una tecnolog\u00eda orientada a generar calor en puntos concretos del tejido para estimular una respuesta de tensado progresivo.<\/p>\n<p data-start=\"8815\" data-end=\"9251\">En el \u00f3valo facial, este tipo de tratamiento suele enfocarse en la l\u00ednea mandibular, la parte inferior de las mejillas y la zona submentoniana. Su objetivo no es a\u00f1adir volumen, sino mejorar la firmeza y favorecer una redefinici\u00f3n del contorno. Por eso encaja especialmente bien en personas que notan una p\u00e9rdida de nitidez en la mand\u00edbula, una ligera ca\u00edda del tercio inferior o una transici\u00f3n menos limpia entre el rostro y el cuello.<\/p>\n<p data-start=\"9253\" data-end=\"9636\">En el cuello, HIFU Liftera se plantea como una opci\u00f3n orientada a mejorar la laxitud inicial o moderada. Cuando la piel empieza a perder firmeza pero todav\u00eda no existe un exceso marcado de tejido, este tratamiento puede aportar una mejora progresiva del aspecto general. Su inter\u00e9s est\u00e1 en ofrecer una reafirmaci\u00f3n visible sin necesidad de incisiones y con un enfoque m\u00e1s conservador.<\/p>\n<p data-start=\"9638\" data-end=\"10156\">Uno de los aspectos m\u00e1s importantes de HIFU Liftera es que sus resultados no suelen entenderse como un cambio brusco o inmediato, sino como una evoluci\u00f3n gradual. El tejido responde con el tiempo, y esa respuesta suele manifestarse en forma de una mayor sensaci\u00f3n de firmeza, una ligera elevaci\u00f3n del contorno y una mejor definici\u00f3n de la zona mandibular y cervical. Esa progresi\u00f3n forma parte de su propia naturaleza y explica por qu\u00e9 suele encajar mejor en casos leves o moderados que en envejecimientos m\u00e1s acusados.<\/p>\n<\/div><div class=\"fusion-clearfix\"><\/div><\/div><\/div><\/div><\/div><div class=\"fusion-fullwidth fullwidth-box fusion-builder-row-8 nonhundred-percent-fullwidth non-hundred-percent-height-scrolling\" style=\"--awb-border-radius-top-left:0px;--awb-border-radius-top-right:0px;--awb-border-radius-bottom-right:0px;--awb-border-radius-bottom-left:0px;--awb-flex-wrap:wrap;\" ><div class=\"fusion-builder-row fusion-row\"><div class=\"fusion-layout-column fusion_builder_column fusion-builder-column-9 fusion_builder_column_1_1 1_1 fusion-one-full fusion-column-first fusion-column-last\" style=\"--awb-bg-size:cover;\"><div class=\"fusion-column-wrapper fusion-flex-column-wrapper-legacy\"><div class=\"fusion-sep-clear\"><\/div><div class=\"fusion-separator fusion-full-width-sep\" style=\"margin-left: auto;margin-right: auto;width:100%;\"><div class=\"fusion-separator-border sep-double\" style=\"--awb-height:20px;--awb-amount:20px;border-color:#e0dede;border-top-width:1px;border-bottom-width:1px;\"><\/div><\/div><div class=\"fusion-sep-clear\"><\/div><div class=\"fusion-clearfix\"><\/div><\/div><\/div><\/div><\/div><div class=\"fusion-fullwidth fullwidth-box fusion-builder-row-9 fusion-flex-container has-pattern-background has-mask-background nonhundred-percent-fullwidth non-hundred-percent-height-scrolling\" style=\"--awb-border-radius-top-left:0px;--awb-border-radius-top-right:0px;--awb-border-radius-bottom-right:0px;--awb-border-radius-bottom-left:0px;--awb-flex-wrap:wrap;\" ><div class=\"fusion-builder-row fusion-row fusion-flex-align-items-flex-start fusion-flex-content-wrap\" style=\"max-width:1227.2px;margin-left: calc(-4% \/ 2 );margin-right: calc(-4% \/ 2 );\"><div class=\"fusion-layout-column fusion_builder_column fusion-builder-column-10 fusion_builder_column_1_2 1_2 fusion-flex-column\" style=\"--awb-bg-size:cover;--awb-width-large:50%;--awb-margin-top-large:0px;--awb-spacing-right-large:3.84%;--awb-margin-bottom-large:0px;--awb-spacing-left-large:3.84%;--awb-width-medium:100%;--awb-order-medium:0;--awb-spacing-right-medium:1.92%;--awb-spacing-left-medium:1.92%;--awb-width-small:100%;--awb-order-small:0;--awb-spacing-right-small:1.92%;--awb-spacing-left-small:1.92%;\"><div class=\"fusion-column-wrapper fusion-column-has-shadow fusion-flex-justify-content-flex-start fusion-content-layout-column\"><div class=\"fusion-image-element \" style=\"--awb-caption-title-font-family:var(--h2_typography-font-family);--awb-caption-title-font-weight:var(--h2_typography-font-weight);--awb-caption-title-font-style:var(--h2_typography-font-style);--awb-caption-title-size:var(--h2_typography-font-size);--awb-caption-title-transform:var(--h2_typography-text-transform);--awb-caption-title-line-height:var(--h2_typography-line-height);--awb-caption-title-letter-spacing:var(--h2_typography-letter-spacing);\"><span class=\" fusion-imageframe imageframe-none imageframe-4 hover-type-none\"><img decoding=\"async\" width=\"1080\" height=\"1350\" alt=\"Antes del tratamiento\" title=\"\u00d3valo facial y cuello\" src=\"https:\/\/www.idermic.es\/wp-content\/uploads\/2026\/04\/Ovalo-facial-y-el-cuello-4.jpg\" class=\"img-responsive wp-image-9610\" srcset=\"https:\/\/www.idermic.es\/wp-content\/uploads\/2026\/04\/Ovalo-facial-y-el-cuello-4-200x250.jpg 200w, https:\/\/www.idermic.es\/wp-content\/uploads\/2026\/04\/Ovalo-facial-y-el-cuello-4-400x500.jpg 400w, https:\/\/www.idermic.es\/wp-content\/uploads\/2026\/04\/Ovalo-facial-y-el-cuello-4-600x750.jpg 600w, https:\/\/www.idermic.es\/wp-content\/uploads\/2026\/04\/Ovalo-facial-y-el-cuello-4-800x1000.jpg 800w, https:\/\/www.idermic.es\/wp-content\/uploads\/2026\/04\/Ovalo-facial-y-el-cuello-4.jpg 1080w\" sizes=\"(max-width: 1024px) 100vw, (max-width: 640px) 100vw, 600px\" \/><\/span><\/div><div class=\"fusion-image-element \" style=\"--awb-caption-title-font-family:var(--h2_typography-font-family);--awb-caption-title-font-weight:var(--h2_typography-font-weight);--awb-caption-title-font-style:var(--h2_typography-font-style);--awb-caption-title-size:var(--h2_typography-font-size);--awb-caption-title-transform:var(--h2_typography-text-transform);--awb-caption-title-line-height:var(--h2_typography-line-height);--awb-caption-title-letter-spacing:var(--h2_typography-letter-spacing);\"><span class=\" fusion-imageframe imageframe-none imageframe-5 hover-type-none\"><img decoding=\"async\" width=\"1080\" height=\"1350\" alt=\"Antes del tratamiento\" title=\"\u00d3valo facial y cuello\" src=\"https:\/\/www.idermic.es\/wp-content\/uploads\/2026\/04\/Ovalo-facial-y-el-cuello-2.jpg\" class=\"img-responsive wp-image-9606\" srcset=\"https:\/\/www.idermic.es\/wp-content\/uploads\/2026\/04\/Ovalo-facial-y-el-cuello-2-200x250.jpg 200w, https:\/\/www.idermic.es\/wp-content\/uploads\/2026\/04\/Ovalo-facial-y-el-cuello-2-400x500.jpg 400w, https:\/\/www.idermic.es\/wp-content\/uploads\/2026\/04\/Ovalo-facial-y-el-cuello-2-600x750.jpg 600w, https:\/\/www.idermic.es\/wp-content\/uploads\/2026\/04\/Ovalo-facial-y-el-cuello-2-800x1000.jpg 800w, https:\/\/www.idermic.es\/wp-content\/uploads\/2026\/04\/Ovalo-facial-y-el-cuello-2.jpg 1080w\" sizes=\"(max-width: 1024px) 100vw, (max-width: 640px) 100vw, 600px\" \/><\/span><\/div><\/div><\/div><div class=\"fusion-layout-column fusion_builder_column fusion-builder-column-11 fusion_builder_column_1_2 1_2 fusion-flex-column\" style=\"--awb-bg-size:cover;--awb-width-large:50%;--awb-margin-top-large:0px;--awb-spacing-right-large:3.84%;--awb-margin-bottom-large:0px;--awb-spacing-left-large:3.84%;--awb-width-medium:100%;--awb-order-medium:0;--awb-spacing-right-medium:1.92%;--awb-spacing-left-medium:1.92%;--awb-width-small:100%;--awb-order-small:0;--awb-spacing-right-small:1.92%;--awb-spacing-left-small:1.92%;\"><div class=\"fusion-column-wrapper fusion-column-has-shadow fusion-flex-justify-content-flex-start fusion-content-layout-column\"><div class=\"fusion-image-element \" style=\"--awb-caption-title-font-family:var(--h2_typography-font-family);--awb-caption-title-font-weight:var(--h2_typography-font-weight);--awb-caption-title-font-style:var(--h2_typography-font-style);--awb-caption-title-size:var(--h2_typography-font-size);--awb-caption-title-transform:var(--h2_typography-text-transform);--awb-caption-title-line-height:var(--h2_typography-line-height);--awb-caption-title-letter-spacing:var(--h2_typography-letter-spacing);\"><span class=\" fusion-imageframe imageframe-none imageframe-6 hover-type-none\"><img decoding=\"async\" width=\"1080\" height=\"1350\" alt=\"Tratamiento de \u00f3valo facial y cuello con HIFU Liftera\" title=\"\u00d3valo facial y cuello\" src=\"https:\/\/www.idermic.es\/wp-content\/uploads\/2026\/04\/Ovalo-facial-y-el-cuello-3.jpg\" class=\"img-responsive wp-image-9608\" srcset=\"https:\/\/www.idermic.es\/wp-content\/uploads\/2026\/04\/Ovalo-facial-y-el-cuello-3-200x250.jpg 200w, https:\/\/www.idermic.es\/wp-content\/uploads\/2026\/04\/Ovalo-facial-y-el-cuello-3-400x500.jpg 400w, https:\/\/www.idermic.es\/wp-content\/uploads\/2026\/04\/Ovalo-facial-y-el-cuello-3-600x750.jpg 600w, https:\/\/www.idermic.es\/wp-content\/uploads\/2026\/04\/Ovalo-facial-y-el-cuello-3-800x1000.jpg 800w, https:\/\/www.idermic.es\/wp-content\/uploads\/2026\/04\/Ovalo-facial-y-el-cuello-3.jpg 1080w\" sizes=\"(max-width: 1024px) 100vw, (max-width: 640px) 100vw, 600px\" \/><\/span><\/div><div class=\"fusion-image-element \" style=\"--awb-caption-title-font-family:var(--h2_typography-font-family);--awb-caption-title-font-weight:var(--h2_typography-font-weight);--awb-caption-title-font-style:var(--h2_typography-font-style);--awb-caption-title-size:var(--h2_typography-font-size);--awb-caption-title-transform:var(--h2_typography-text-transform);--awb-caption-title-line-height:var(--h2_typography-line-height);--awb-caption-title-letter-spacing:var(--h2_typography-letter-spacing);\"><span class=\" fusion-imageframe imageframe-none imageframe-7 hover-type-none\"><img decoding=\"async\" width=\"1080\" height=\"1350\" alt=\"Despu\u00e9s del tratamiento\" title=\"\u00d3valo facial y cuello\" src=\"https:\/\/www.idermic.es\/wp-content\/uploads\/2026\/04\/Ovalo-facial-y-el-cuello-1.jpg\" class=\"img-responsive wp-image-9604\" srcset=\"https:\/\/www.idermic.es\/wp-content\/uploads\/2026\/04\/Ovalo-facial-y-el-cuello-1-200x250.jpg 200w, https:\/\/www.idermic.es\/wp-content\/uploads\/2026\/04\/Ovalo-facial-y-el-cuello-1-400x500.jpg 400w, https:\/\/www.idermic.es\/wp-content\/uploads\/2026\/04\/Ovalo-facial-y-el-cuello-1-600x750.jpg 600w, https:\/\/www.idermic.es\/wp-content\/uploads\/2026\/04\/Ovalo-facial-y-el-cuello-1-800x1000.jpg 800w, https:\/\/www.idermic.es\/wp-content\/uploads\/2026\/04\/Ovalo-facial-y-el-cuello-1.jpg 1080w\" sizes=\"(max-width: 1024px) 100vw, (max-width: 640px) 100vw, 600px\" \/><\/span><\/div><\/div><\/div><\/div><\/div><div class=\"fusion-fullwidth fullwidth-box fusion-builder-row-10 fusion-flex-container has-pattern-background has-mask-background nonhundred-percent-fullwidth non-hundred-percent-height-scrolling\" style=\"--awb-border-radius-top-left:0px;--awb-border-radius-top-right:0px;--awb-border-radius-bottom-right:0px;--awb-border-radius-bottom-left:0px;--awb-flex-wrap:wrap;\" ><div class=\"fusion-builder-row fusion-row fusion-flex-align-items-flex-start fusion-flex-content-wrap\" style=\"max-width:1227.2px;margin-left: calc(-4% \/ 2 );margin-right: calc(-4% \/ 2 );\"><div class=\"fusion-layout-column fusion_builder_column fusion-builder-column-12 fusion_builder_column_1_1 1_1 fusion-flex-column\" style=\"--awb-bg-size:cover;--awb-width-large:100%;--awb-margin-top-large:0px;--awb-spacing-right-large:1.92%;--awb-margin-bottom-large:0px;--awb-spacing-left-large:1.92%;--awb-width-medium:100%;--awb-order-medium:0;--awb-spacing-right-medium:1.92%;--awb-spacing-left-medium:1.92%;--awb-width-small:100%;--awb-order-small:0;--awb-spacing-right-small:1.92%;--awb-spacing-left-small:1.92%;\"><div class=\"fusion-column-wrapper fusion-column-has-shadow fusion-flex-justify-content-flex-start fusion-content-layout-column\"><div class=\"fusion-text fusion-text-7\"><p data-start=\"10158\" data-end=\"10678\">Tambi\u00e9n es importante situar bien sus l\u00edmites. HIFU Liftera puede ser una opci\u00f3n interesante cuando la principal preocupaci\u00f3n es la flacidez, pero no est\u00e1 pensado para resolver por s\u00ed solo una papada importante causada por grasa submentoniana ni un exceso severo de piel. Tampoco debe presentarse como equivalente a un cambio estructural profundo cuando el cuello muestra un descolgamiento avanzado. Su papel es otro: reafirmar, tensar y mejorar el contorno de forma no invasiva dentro de un rango de indicaci\u00f3n concreto.<\/p>\n<p data-start=\"10680\" data-end=\"11088\">Precisamente por eso, HIFU Liftera encaja mejor en personas que buscan una mejor\u00eda visible, natural y progresiva del \u00f3valo facial y del cuello, sin necesidad de a\u00f1adir volumen y sin plantear un abordaje m\u00e1s intensivo. Su fortaleza est\u00e1 en ayudar a recuperar definici\u00f3n en fases tempranas o intermedias del envejecimiento, cuando todav\u00eda existe margen para que el tejido responda bien a un est\u00edmulo de tensado.<\/p>\n<p data-start=\"11090\" data-end=\"11549\">Dentro de una estrategia bien orientada, este tratamiento puede resultar especialmente \u00fatil para quienes presentan p\u00e9rdida de firmeza en la l\u00ednea mandibular, ligera ca\u00edda del tercio inferior y un cuello menos terso, pero todav\u00eda conservan una estructura facial razonablemente definida. En esos perfiles, el ultrasonido focalizado puede contribuir a una mejora arm\u00f3nica del contorno, manteniendo un resultado discreto y coherente con la anatom\u00eda de la persona.<\/p>\n<p data-start=\"11551\" data-end=\"11936\">Otro de sus puntos fuertes es que se integra bien en un enfoque global del rejuvenecimiento del cuello y del \u00f3valo facial. No compite necesariamente con otras opciones, sino que ocupa un lugar muy concreto dentro del abanico disponible: el de los tratamientos orientados al tensado no invasivo. Esa ubicaci\u00f3n es la que permite entenderlo correctamente y tambi\u00e9n valorarlo con realismo.<\/p>\n<p data-start=\"11938\" data-end=\"12443\">En definitiva, HIFU Liftera destaca como una alternativa no invasiva para reafirmar el \u00f3valo facial y el cuello cuando la flacidez es leve o moderada y la prioridad es mejorar el contorno sin cirug\u00eda. Su mejor versi\u00f3n aparece cuando se utiliza para lo que realmente puede ofrecer: una mejora progresiva de la firmeza, una redefinici\u00f3n sutil de la l\u00ednea mandibular y una ayuda visible en el rejuvenecimiento del cuello, siempre dentro de expectativas razonables y ajustadas al punto de partida de cada caso.<\/p>\n<p data-start=\"7879\" data-end=\"8284\">Para cualquier consulta sobre el tratamiento del \u00f3vulo facial y el cuello con HIFU Liftera, en Idermic, tu <strong><a href=\"http:\/\/idermic.es\/\">dermat\u00f3logo en Terrassa<\/a><\/strong> estaremos encantados de atenderte.<\/p>\n<\/div><\/div><\/div><\/div><\/div><div class=\"fusion-fullwidth fullwidth-box fusion-builder-row-11 nonhundred-percent-fullwidth non-hundred-percent-height-scrolling\" style=\"--awb-border-radius-top-left:0px;--awb-border-radius-top-right:0px;--awb-border-radius-bottom-right:0px;--awb-border-radius-bottom-left:0px;--awb-flex-wrap:wrap;\" ><div class=\"fusion-builder-row fusion-row\"><div class=\"fusion-layout-column fusion_builder_column fusion-builder-column-13 fusion_builder_column_1_1 1_1 fusion-one-full fusion-column-first fusion-column-last\" style=\"--awb-bg-size:cover;\"><div class=\"fusion-column-wrapper fusion-flex-column-wrapper-legacy\"><blockquote class=\"instagram-media\" data-instgrm-captioned data-instgrm-permalink=\"https:\/\/www.instagram.com\/p\/DVvsxFqjKYN\/?utm_source=ig_embed&utm_campaign=loading\" data-instgrm-version=\"14\" style=\" background:#FFF; border:0; border-radius:3px; box-shadow:0 0 1px 0 rgba(0,0,0,0.5),0 1px 10px 0 rgba(0,0,0,0.15); margin: 1px; max-width:540px; min-width:326px; padding:0; width:99.375%; width:-webkit-calc(100% - 2px); width:calc(100% - 2px);\"><div style=\"padding:16px;\"> <a href=\"https:\/\/www.instagram.com\/p\/DVvsxFqjKYN\/?utm_source=ig_embed&utm_campaign=loading\" style=\" background:#FFFFFF; line-height:0; padding:0 0; text-align:center; text-decoration:none; width:100%;\" target=\"_blank\"> <div style=\" display: flex; flex-direction: row; align-items: center;\"> <div style=\"background-color: #F4F4F4; border-radius: 50%; flex-grow: 0; height: 40px; margin-right: 14px; width: 40px;\"><\/div> <div style=\"display: flex; flex-direction: column; flex-grow: 1; justify-content: center;\"> <div style=\" background-color: #F4F4F4; border-radius: 4px; flex-grow: 0; height: 14px; margin-bottom: 6px; width: 100px;\"><\/div> <div style=\" background-color: #F4F4F4; border-radius: 4px; flex-grow: 0; height: 14px; width: 60px;\"><\/div><\/div><\/div><div style=\"padding: 19% 0;\"><\/div> <div style=\"display:block; height:50px; margin:0 auto 12px; width:50px;\"><svg width=\"50px\" height=\"50px\" viewBox=\"0 0 60 60\" version=\"1.1\" xmlns=\"https:\/\/www.w3.org\/2000\/svg\" xmlns:xlink=\"https:\/\/www.w3.org\/1999\/xlink\"><g stroke=\"none\" stroke-width=\"1\" fill=\"none\" fill-rule=\"evenodd\"><g transform=\"translate(-511.000000, -20.000000)\" fill=\"#000000\"><g><path d=\"M556.869,30.41 C554.814,30.41 553.148,32.076 553.148,34.131 C553.148,36.186 554.814,37.852 556.869,37.852 C558.924,37.852 560.59,36.186 560.59,34.131 C560.59,32.076 558.924,30.41 556.869,30.41 M541,60.657 C535.114,60.657 530.342,55.887 530.342,50 C530.342,44.114 535.114,39.342 541,39.342 C546.887,39.342 551.658,44.114 551.658,50 C551.658,55.887 546.887,60.657 541,60.657 M541,33.886 C532.1,33.886 524.886,41.1 524.886,50 C524.886,58.899 532.1,66.113 541,66.113 C549.9,66.113 557.115,58.899 557.115,50 C557.115,41.1 549.9,33.886 541,33.886 M565.378,62.101 C565.244,65.022 564.756,66.606 564.346,67.663 C563.803,69.06 563.154,70.057 562.106,71.106 C561.058,72.155 560.06,72.803 558.662,73.347 C557.607,73.757 556.021,74.244 553.102,74.378 C549.944,74.521 548.997,74.552 541,74.552 C533.003,74.552 532.056,74.521 528.898,74.378 C525.979,74.244 524.393,73.757 523.338,73.347 C521.94,72.803 520.942,72.155 519.894,71.106 C518.846,70.057 518.197,69.06 517.654,67.663 C517.244,66.606 516.755,65.022 516.623,62.101 C516.479,58.943 516.448,57.996 516.448,50 C516.448,42.003 516.479,41.056 516.623,37.899 C516.755,34.978 517.244,33.391 517.654,32.338 C518.197,30.938 518.846,29.942 519.894,28.894 C520.942,27.846 521.94,27.196 523.338,26.654 C524.393,26.244 525.979,25.756 528.898,25.623 C532.057,25.479 533.004,25.448 541,25.448 C548.997,25.448 549.943,25.479 553.102,25.623 C556.021,25.756 557.607,26.244 558.662,26.654 C560.06,27.196 561.058,27.846 562.106,28.894 C563.154,29.942 563.803,30.938 564.346,32.338 C564.756,33.391 565.244,34.978 565.378,37.899 C565.522,41.056 565.552,42.003 565.552,50 C565.552,57.996 565.522,58.943 565.378,62.101 M570.82,37.631 C570.674,34.438 570.167,32.258 569.425,30.349 C568.659,28.377 567.633,26.702 565.965,25.035 C564.297,23.368 562.623,22.342 560.652,21.575 C558.743,20.834 556.562,20.326 553.369,20.18 C550.169,20.033 549.148,20 541,20 C532.853,20 531.831,20.033 528.631,20.18 C525.438,20.326 523.257,20.834 521.349,21.575 C519.376,22.342 517.703,23.368 516.035,25.035 C514.368,26.702 513.342,28.377 512.574,30.349 C511.834,32.258 511.326,34.438 511.181,37.631 C511.035,40.831 511,41.851 511,50 C511,58.147 511.035,59.17 511.181,62.369 C511.326,65.562 511.834,67.743 512.574,69.651 C513.342,71.625 514.368,73.296 516.035,74.965 C517.703,76.634 519.376,77.658 521.349,78.425 C523.257,79.167 525.438,79.673 528.631,79.82 C531.831,79.965 532.853,80.001 541,80.001 C549.148,80.001 550.169,79.965 553.369,79.82 C556.562,79.673 558.743,79.167 560.652,78.425 C562.623,77.658 564.297,76.634 565.965,74.965 C567.633,73.296 568.659,71.625 569.425,69.651 C570.167,67.743 570.674,65.562 570.82,62.369 C570.966,59.17 571,58.147 571,50 C571,41.851 570.966,40.831 570.82,37.631\"><\/path><\/g><\/g><\/g><\/svg><\/div><div style=\"padding-top: 8px;\"> <div style=\" color:#3897f0; font-family:Arial,sans-serif; font-size:14px; font-style:normal; font-weight:550; line-height:18px;\">Ver esta publicaci\u00f3n en Instagram<\/div><\/div><div style=\"padding: 12.5% 0;\"><\/div> <div style=\"display: flex; flex-direction: row; margin-bottom: 14px; align-items: center;\"><div> <div style=\"background-color: #F4F4F4; border-radius: 50%; height: 12.5px; width: 12.5px; transform: translateX(0px) translateY(7px);\"><\/div> <div style=\"background-color: #F4F4F4; height: 12.5px; transform: rotate(-45deg) translateX(3px) translateY(1px); width: 12.5px; flex-grow: 0; margin-right: 14px; margin-left: 2px;\"><\/div> <div style=\"background-color: #F4F4F4; border-radius: 50%; height: 12.5px; width: 12.5px; transform: translateX(9px) translateY(-18px);\"><\/div><\/div><div style=\"margin-left: 8px;\"> <div style=\" background-color: #F4F4F4; border-radius: 50%; flex-grow: 0; height: 20px; width: 20px;\"><\/div> <div style=\" width: 0; height: 0; border-top: 2px solid transparent; border-left: 6px solid #f4f4f4; border-bottom: 2px solid transparent; transform: translateX(16px) translateY(-4px) rotate(30deg)\"><\/div><\/div><div style=\"margin-left: auto;\"> <div style=\" width: 0px; border-top: 8px solid #F4F4F4; border-right: 8px solid transparent; transform: translateY(16px);\"><\/div> <div style=\" background-color: #F4F4F4; flex-grow: 0; height: 12px; width: 16px; transform: translateY(-4px);\"><\/div> <div style=\" width: 0; height: 0; border-top: 8px solid #F4F4F4; border-left: 8px solid transparent; transform: translateY(-4px) translateX(8px);\"><\/div><\/div><\/div> <div style=\"display: flex; flex-direction: column; flex-grow: 1; justify-content: center; margin-bottom: 24px;\"> <div style=\" background-color: #F4F4F4; border-radius: 4px; flex-grow: 0; height: 14px; margin-bottom: 6px; width: 224px;\"><\/div> <div style=\" background-color: #F4F4F4; border-radius: 4px; flex-grow: 0; height: 14px; width: 144px;\"><\/div><\/div><\/a><p style=\" color:#c9c8cd; font-family:Arial,sans-serif; font-size:14px; line-height:17px; margin-bottom:0; margin-top:8px; overflow:hidden; padding:8px 0 7px; text-align:center; text-overflow:ellipsis; white-space:nowrap;\"><a href=\"https:\/\/www.instagram.com\/p\/DVvsxFqjKYN\/?utm_source=ig_embed&utm_campaign=loading\" style=\" color:#c9c8cd; font-family:Arial,sans-serif; font-size:14px; font-style:normal; font-weight:normal; line-height:17px; text-decoration:none;\" target=\"_blank\">Una publicaci\u00f3n compartida de Marta Vilavella | Dermat\u00f3loga (@dra.martavilavella_derma)<\/a><\/p><\/div><\/blockquote>\n<script async src=\"\/\/www.instagram.com\/embed.js\"><\/script><div class=\"fusion-clearfix\"><\/div><\/div><\/div><\/div><\/div><\/p>\n","protected":false},"excerpt":{"rendered":"<p>Tratamientos para \u00f3valo facial y cuello: rellenos, papada, cirug\u00eda y HIFU Litera seg\u00fan flacidez y p\u00e9rdida de definici\u00f3n.<\/p>\n","protected":false},"author":3,"featured_media":9612,"comment_status":"open","ping_status":"closed","sticky":false,"template":"","format":"standard","meta":{"_joinchat":[],"footnotes":""},"categories":[37,56],"tags":[],"class_list":["post-9603","post","type-post","status-publish","format-standard","has-post-thumbnail","hentry","category-tecnologia","category-tratamientos-de-cirugia-estetica"],"yoast_head":"<!-- This site is optimized with the Yoast SEO plugin v28.4 - https:\/\/yoast.com\/product\/yoast-seo-wordpress\/ -->\n<title>\u00d3valo facial y cuello: Mejores tratamientos seg\u00fan la flacidez, la papada y la p\u00e9rdida de definici\u00f3n -<\/title>\n<meta name=\"description\" content=\"Tratamientos para \u00f3valo facial y cuello: rellenos, papada, cirug\u00eda y HIFU Litera seg\u00fan flacidez y p\u00e9rdida de definici\u00f3n.\" \/>\n<meta name=\"robots\" content=\"index, follow, max-snippet:-1, max-image-preview:large, max-video-preview:-1\" \/>\n<link rel=\"canonical\" href=\"https:\/\/www.idermic.es\/es\/ovalo-facial-y-cuello-mejores-tratamientos-segun-la-flacidez-la-papada-y-la-perdida-de-definicion\/\" \/>\n<meta property=\"og:locale\" content=\"es_ES\" \/>\n<meta property=\"og:type\" content=\"article\" \/>\n<meta property=\"og:title\" content=\"\u00d3valo facial y cuello: Mejores tratamientos seg\u00fan la flacidez, la papada y la p\u00e9rdida de definici\u00f3n -\" \/>\n<meta property=\"og:description\" content=\"Tratamientos para \u00f3valo facial y cuello: rellenos, papada, cirug\u00eda y HIFU Litera seg\u00fan flacidez y p\u00e9rdida de definici\u00f3n.\" \/>\n<meta property=\"og:url\" content=\"https:\/\/www.idermic.es\/es\/ovalo-facial-y-cuello-mejores-tratamientos-segun-la-flacidez-la-papada-y-la-perdida-de-definicion\/\" \/>\n<meta property=\"og:site_name\" content=\"Idermic. Dermatolog\u00eda en Terrassa\" \/>\n<meta property=\"article:publisher\" content=\"https:\/\/www.facebook.com\/Idermic\" \/>\n<meta property=\"article:published_time\" content=\"2026-04-14T06:20:29+00:00\" \/>\n<meta property=\"article:modified_time\" content=\"2026-06-05T15:40:23+00:00\" \/>\n<meta property=\"og:image\" content=\"https:\/\/www.idermic.es\/wp-content\/uploads\/2026\/04\/Ovalo-facial-y-el-cuello-5.jpg\" \/>\n\t<meta property=\"og:image:width\" content=\"1080\" \/>\n\t<meta property=\"og:image:height\" content=\"1350\" \/>\n\t<meta property=\"og:image:type\" content=\"image\/jpeg\" \/>\n<meta name=\"author\" content=\"Equipo\" \/>\n<meta name=\"twitter:card\" content=\"summary_large_image\" \/>\n<meta name=\"twitter:creator\" content=\"@idermic\" \/>\n<meta name=\"twitter:site\" content=\"@idermic\" \/>\n<meta name=\"twitter:label1\" content=\"Escrito por\" \/>\n\t<meta name=\"twitter:data1\" content=\"Equipo\" \/>\n\t<meta name=\"twitter:label2\" content=\"Tiempo de lectura\" \/>\n\t<meta name=\"twitter:data2\" content=\"11 minutos\" \/>\n<script type=\"application\/ld+json\" class=\"yoast-schema-graph\">{\"@context\":\"https:\\\/\\\/schema.org\",\"@graph\":[{\"@type\":\"Article\",\"@id\":\"https:\\\/\\\/www.idermic.es\\\/es\\\/ovalo-facial-y-cuello-mejores-tratamientos-segun-la-flacidez-la-papada-y-la-perdida-de-definicion\\\/#article\",\"isPartOf\":{\"@id\":\"https:\\\/\\\/www.idermic.es\\\/es\\\/ovalo-facial-y-cuello-mejores-tratamientos-segun-la-flacidez-la-papada-y-la-perdida-de-definicion\\\/\"},\"author\":{\"name\":\"Equipo\",\"@id\":\"https:\\\/\\\/www.idermic.es\\\/#\\\/schema\\\/person\\\/c12703027a878b23d3c71c87921a82f8\"},\"headline\":\"\u00d3valo facial y cuello: Mejores tratamientos seg\u00fan la flacidez, la papada y la p\u00e9rdida de definici\u00f3n\",\"datePublished\":\"2026-04-14T06:20:29+00:00\",\"dateModified\":\"2026-06-05T15:40:23+00:00\",\"mainEntityOfPage\":{\"@id\":\"https:\\\/\\\/www.idermic.es\\\/es\\\/ovalo-facial-y-cuello-mejores-tratamientos-segun-la-flacidez-la-papada-y-la-perdida-de-definicion\\\/\"},\"wordCount\":13101,\"commentCount\":0,\"publisher\":{\"@id\":\"https:\\\/\\\/www.idermic.es\\\/#organization\"},\"image\":{\"@id\":\"https:\\\/\\\/www.idermic.es\\\/es\\\/ovalo-facial-y-cuello-mejores-tratamientos-segun-la-flacidez-la-papada-y-la-perdida-de-definicion\\\/#primaryimage\"},\"thumbnailUrl\":\"https:\\\/\\\/www.idermic.es\\\/wp-content\\\/uploads\\\/2026\\\/04\\\/Ovalo-facial-y-el-cuello-5.jpg\",\"articleSection\":[\"Tecnolog\u00eda\",\"Tratamientos de Cirug\u00eda Est\u00e9tica\"],\"inLanguage\":\"es\",\"potentialAction\":[{\"@type\":\"CommentAction\",\"name\":\"Comment\",\"target\":[\"https:\\\/\\\/www.idermic.es\\\/es\\\/ovalo-facial-y-cuello-mejores-tratamientos-segun-la-flacidez-la-papada-y-la-perdida-de-definicion\\\/#respond\"]}]},{\"@type\":\"WebPage\",\"@id\":\"https:\\\/\\\/www.idermic.es\\\/es\\\/ovalo-facial-y-cuello-mejores-tratamientos-segun-la-flacidez-la-papada-y-la-perdida-de-definicion\\\/\",\"url\":\"https:\\\/\\\/www.idermic.es\\\/es\\\/ovalo-facial-y-cuello-mejores-tratamientos-segun-la-flacidez-la-papada-y-la-perdida-de-definicion\\\/\",\"name\":\"\u00d3valo facial y cuello: Mejores tratamientos seg\u00fan la flacidez, la papada y la p\u00e9rdida de definici\u00f3n -\",\"isPartOf\":{\"@id\":\"https:\\\/\\\/www.idermic.es\\\/#website\"},\"primaryImageOfPage\":{\"@id\":\"https:\\\/\\\/www.idermic.es\\\/es\\\/ovalo-facial-y-cuello-mejores-tratamientos-segun-la-flacidez-la-papada-y-la-perdida-de-definicion\\\/#primaryimage\"},\"image\":{\"@id\":\"https:\\\/\\\/www.idermic.es\\\/es\\\/ovalo-facial-y-cuello-mejores-tratamientos-segun-la-flacidez-la-papada-y-la-perdida-de-definicion\\\/#primaryimage\"},\"thumbnailUrl\":\"https:\\\/\\\/www.idermic.es\\\/wp-content\\\/uploads\\\/2026\\\/04\\\/Ovalo-facial-y-el-cuello-5.jpg\",\"datePublished\":\"2026-04-14T06:20:29+00:00\",\"dateModified\":\"2026-06-05T15:40:23+00:00\",\"description\":\"Tratamientos para \u00f3valo facial y cuello: rellenos, papada, cirug\u00eda y HIFU Litera seg\u00fan flacidez y p\u00e9rdida de definici\u00f3n.\",\"breadcrumb\":{\"@id\":\"https:\\\/\\\/www.idermic.es\\\/es\\\/ovalo-facial-y-cuello-mejores-tratamientos-segun-la-flacidez-la-papada-y-la-perdida-de-definicion\\\/#breadcrumb\"},\"inLanguage\":\"es\",\"potentialAction\":[{\"@type\":\"ReadAction\",\"target\":[\"https:\\\/\\\/www.idermic.es\\\/es\\\/ovalo-facial-y-cuello-mejores-tratamientos-segun-la-flacidez-la-papada-y-la-perdida-de-definicion\\\/\"]}]},{\"@type\":\"ImageObject\",\"inLanguage\":\"es\",\"@id\":\"https:\\\/\\\/www.idermic.es\\\/es\\\/ovalo-facial-y-cuello-mejores-tratamientos-segun-la-flacidez-la-papada-y-la-perdida-de-definicion\\\/#primaryimage\",\"url\":\"https:\\\/\\\/www.idermic.es\\\/wp-content\\\/uploads\\\/2026\\\/04\\\/Ovalo-facial-y-el-cuello-5.jpg\",\"contentUrl\":\"https:\\\/\\\/www.idermic.es\\\/wp-content\\\/uploads\\\/2026\\\/04\\\/Ovalo-facial-y-el-cuello-5.jpg\",\"width\":1080,\"height\":1350,\"caption\":\"Antes\\\/despu\u00e9s de la utilizaci\u00f3n de HIFU Liftera en \u00f3valo facial y cuello.\"},{\"@type\":\"BreadcrumbList\",\"@id\":\"https:\\\/\\\/www.idermic.es\\\/es\\\/ovalo-facial-y-cuello-mejores-tratamientos-segun-la-flacidez-la-papada-y-la-perdida-de-definicion\\\/#breadcrumb\",\"itemListElement\":[{\"@type\":\"ListItem\",\"position\":1,\"name\":\"Inici\",\"item\":\"https:\\\/\\\/www.idermic.es\\\/es\\\/\"},{\"@type\":\"ListItem\",\"position\":2,\"name\":\"\u00d3valo facial y cuello: Mejores tratamientos seg\u00fan la flacidez, la papada y la p\u00e9rdida de definici\u00f3n\"}]},{\"@type\":\"WebSite\",\"@id\":\"https:\\\/\\\/www.idermic.es\\\/#website\",\"url\":\"https:\\\/\\\/www.idermic.es\\\/\",\"name\":\"Idermic. Dermatolog\u00eda en Terrassa\",\"description\":\"Dermatolog\u00eda, Medicina est\u00e9tica, Cirurg\u00eda Pl\u00e0stica\",\"publisher\":{\"@id\":\"https:\\\/\\\/www.idermic.es\\\/#organization\"},\"potentialAction\":[{\"@type\":\"SearchAction\",\"target\":{\"@type\":\"EntryPoint\",\"urlTemplate\":\"https:\\\/\\\/www.idermic.es\\\/?s={search_term_string}\"},\"query-input\":{\"@type\":\"PropertyValueSpecification\",\"valueRequired\":true,\"valueName\":\"search_term_string\"}}],\"inLanguage\":\"es\"},{\"@type\":\"Organization\",\"@id\":\"https:\\\/\\\/www.idermic.es\\\/#organization\",\"name\":\"Idermic. Dermatolog\u00eda en Terrassa\",\"url\":\"https:\\\/\\\/www.idermic.es\\\/\",\"logo\":{\"@type\":\"ImageObject\",\"inLanguage\":\"es\",\"@id\":\"https:\\\/\\\/www.idermic.es\\\/#\\\/schema\\\/logo\\\/image\\\/\",\"url\":\"https:\\\/\\\/www.idermic.es\\\/wp-content\\\/uploads\\\/2025\\\/10\\\/Logo-Idermic.jpg\",\"contentUrl\":\"https:\\\/\\\/www.idermic.es\\\/wp-content\\\/uploads\\\/2025\\\/10\\\/Logo-Idermic.jpg\",\"width\":501,\"height\":502,\"caption\":\"Idermic. Dermatolog\u00eda en Terrassa\"},\"image\":{\"@id\":\"https:\\\/\\\/www.idermic.es\\\/#\\\/schema\\\/logo\\\/image\\\/\"},\"sameAs\":[\"https:\\\/\\\/www.facebook.com\\\/Idermic\",\"https:\\\/\\\/x.com\\\/idermic\",\"https:\\\/\\\/www.instagram.com\\\/idermicclinic\\\/\",\"https:\\\/\\\/www.youtube.com\\\/channel\\\/UCyAHC9-p8lc6hr_nguO8p_g\"]},{\"@type\":\"Person\",\"@id\":\"https:\\\/\\\/www.idermic.es\\\/#\\\/schema\\\/person\\\/c12703027a878b23d3c71c87921a82f8\",\"name\":\"Equipo\",\"image\":{\"@type\":\"ImageObject\",\"inLanguage\":\"es\",\"@id\":\"https:\\\/\\\/secure.gravatar.com\\\/avatar\\\/7ca0be23248108c6b0887e0693b7dcf7764bd3503f84d1f04e6653ef7c3b9420?s=96&d=mm&r=g\",\"url\":\"https:\\\/\\\/secure.gravatar.com\\\/avatar\\\/7ca0be23248108c6b0887e0693b7dcf7764bd3503f84d1f04e6653ef7c3b9420?s=96&d=mm&r=g\",\"contentUrl\":\"https:\\\/\\\/secure.gravatar.com\\\/avatar\\\/7ca0be23248108c6b0887e0693b7dcf7764bd3503f84d1f04e6653ef7c3b9420?s=96&d=mm&r=g\",\"caption\":\"Equipo\"},\"description\":\"Equipo de Idermic\"}]}<\/script>\n<!-- \/ Yoast SEO plugin. -->","yoast_head_json":{"title":"\u00d3valo facial y cuello: Mejores tratamientos seg\u00fan la flacidez, la papada y la p\u00e9rdida de definici\u00f3n -","description":"Tratamientos para \u00f3valo facial y cuello: rellenos, papada, cirug\u00eda y HIFU Litera seg\u00fan flacidez y p\u00e9rdida de definici\u00f3n.","robots":{"index":"index","follow":"follow","max-snippet":"max-snippet:-1","max-image-preview":"max-image-preview:large","max-video-preview":"max-video-preview:-1"},"canonical":"https:\/\/www.idermic.es\/es\/ovalo-facial-y-cuello-mejores-tratamientos-segun-la-flacidez-la-papada-y-la-perdida-de-definicion\/","og_locale":"es_ES","og_type":"article","og_title":"\u00d3valo facial y cuello: Mejores tratamientos seg\u00fan la flacidez, la papada y la p\u00e9rdida de definici\u00f3n -","og_description":"Tratamientos para \u00f3valo facial y cuello: rellenos, papada, cirug\u00eda y HIFU Litera seg\u00fan flacidez y p\u00e9rdida de definici\u00f3n.","og_url":"https:\/\/www.idermic.es\/es\/ovalo-facial-y-cuello-mejores-tratamientos-segun-la-flacidez-la-papada-y-la-perdida-de-definicion\/","og_site_name":"Idermic. Dermatolog\u00eda en Terrassa","article_publisher":"https:\/\/www.facebook.com\/Idermic","article_published_time":"2026-04-14T06:20:29+00:00","article_modified_time":"2026-06-05T15:40:23+00:00","og_image":[{"width":1080,"height":1350,"url":"https:\/\/www.idermic.es\/wp-content\/uploads\/2026\/04\/Ovalo-facial-y-el-cuello-5.jpg","type":"image\/jpeg"}],"author":"Equipo","twitter_card":"summary_large_image","twitter_creator":"@idermic","twitter_site":"@idermic","twitter_misc":{"Escrito por":"Equipo","Tiempo de lectura":"11 minutos"},"schema":{"@context":"https:\/\/schema.org","@graph":[{"@type":"Article","@id":"https:\/\/www.idermic.es\/es\/ovalo-facial-y-cuello-mejores-tratamientos-segun-la-flacidez-la-papada-y-la-perdida-de-definicion\/#article","isPartOf":{"@id":"https:\/\/www.idermic.es\/es\/ovalo-facial-y-cuello-mejores-tratamientos-segun-la-flacidez-la-papada-y-la-perdida-de-definicion\/"},"author":{"name":"Equipo","@id":"https:\/\/www.idermic.es\/#\/schema\/person\/c12703027a878b23d3c71c87921a82f8"},"headline":"\u00d3valo facial y cuello: Mejores tratamientos seg\u00fan la flacidez, la papada y la p\u00e9rdida de definici\u00f3n","datePublished":"2026-04-14T06:20:29+00:00","dateModified":"2026-06-05T15:40:23+00:00","mainEntityOfPage":{"@id":"https:\/\/www.idermic.es\/es\/ovalo-facial-y-cuello-mejores-tratamientos-segun-la-flacidez-la-papada-y-la-perdida-de-definicion\/"},"wordCount":13101,"commentCount":0,"publisher":{"@id":"https:\/\/www.idermic.es\/#organization"},"image":{"@id":"https:\/\/www.idermic.es\/es\/ovalo-facial-y-cuello-mejores-tratamientos-segun-la-flacidez-la-papada-y-la-perdida-de-definicion\/#primaryimage"},"thumbnailUrl":"https:\/\/www.idermic.es\/wp-content\/uploads\/2026\/04\/Ovalo-facial-y-el-cuello-5.jpg","articleSection":["Tecnolog\u00eda","Tratamientos de Cirug\u00eda Est\u00e9tica"],"inLanguage":"es","potentialAction":[{"@type":"CommentAction","name":"Comment","target":["https:\/\/www.idermic.es\/es\/ovalo-facial-y-cuello-mejores-tratamientos-segun-la-flacidez-la-papada-y-la-perdida-de-definicion\/#respond"]}]},{"@type":"WebPage","@id":"https:\/\/www.idermic.es\/es\/ovalo-facial-y-cuello-mejores-tratamientos-segun-la-flacidez-la-papada-y-la-perdida-de-definicion\/","url":"https:\/\/www.idermic.es\/es\/ovalo-facial-y-cuello-mejores-tratamientos-segun-la-flacidez-la-papada-y-la-perdida-de-definicion\/","name":"\u00d3valo facial y cuello: Mejores tratamientos seg\u00fan la flacidez, la papada y la p\u00e9rdida de definici\u00f3n -","isPartOf":{"@id":"https:\/\/www.idermic.es\/#website"},"primaryImageOfPage":{"@id":"https:\/\/www.idermic.es\/es\/ovalo-facial-y-cuello-mejores-tratamientos-segun-la-flacidez-la-papada-y-la-perdida-de-definicion\/#primaryimage"},"image":{"@id":"https:\/\/www.idermic.es\/es\/ovalo-facial-y-cuello-mejores-tratamientos-segun-la-flacidez-la-papada-y-la-perdida-de-definicion\/#primaryimage"},"thumbnailUrl":"https:\/\/www.idermic.es\/wp-content\/uploads\/2026\/04\/Ovalo-facial-y-el-cuello-5.jpg","datePublished":"2026-04-14T06:20:29+00:00","dateModified":"2026-06-05T15:40:23+00:00","description":"Tratamientos para \u00f3valo facial y cuello: rellenos, papada, cirug\u00eda y HIFU Litera seg\u00fan flacidez y p\u00e9rdida de definici\u00f3n.","breadcrumb":{"@id":"https:\/\/www.idermic.es\/es\/ovalo-facial-y-cuello-mejores-tratamientos-segun-la-flacidez-la-papada-y-la-perdida-de-definicion\/#breadcrumb"},"inLanguage":"es","potentialAction":[{"@type":"ReadAction","target":["https:\/\/www.idermic.es\/es\/ovalo-facial-y-cuello-mejores-tratamientos-segun-la-flacidez-la-papada-y-la-perdida-de-definicion\/"]}]},{"@type":"ImageObject","inLanguage":"es","@id":"https:\/\/www.idermic.es\/es\/ovalo-facial-y-cuello-mejores-tratamientos-segun-la-flacidez-la-papada-y-la-perdida-de-definicion\/#primaryimage","url":"https:\/\/www.idermic.es\/wp-content\/uploads\/2026\/04\/Ovalo-facial-y-el-cuello-5.jpg","contentUrl":"https:\/\/www.idermic.es\/wp-content\/uploads\/2026\/04\/Ovalo-facial-y-el-cuello-5.jpg","width":1080,"height":1350,"caption":"Antes\/despu\u00e9s de la utilizaci\u00f3n de HIFU Liftera en \u00f3valo facial y cuello."},{"@type":"BreadcrumbList","@id":"https:\/\/www.idermic.es\/es\/ovalo-facial-y-cuello-mejores-tratamientos-segun-la-flacidez-la-papada-y-la-perdida-de-definicion\/#breadcrumb","itemListElement":[{"@type":"ListItem","position":1,"name":"Inici","item":"https:\/\/www.idermic.es\/es\/"},{"@type":"ListItem","position":2,"name":"\u00d3valo facial y cuello: Mejores tratamientos seg\u00fan la flacidez, la papada y la p\u00e9rdida de definici\u00f3n"}]},{"@type":"WebSite","@id":"https:\/\/www.idermic.es\/#website","url":"https:\/\/www.idermic.es\/","name":"Idermic. Dermatolog\u00eda en Terrassa","description":"Dermatolog\u00eda, Medicina est\u00e9tica, Cirurg\u00eda Pl\u00e0stica","publisher":{"@id":"https:\/\/www.idermic.es\/#organization"},"potentialAction":[{"@type":"SearchAction","target":{"@type":"EntryPoint","urlTemplate":"https:\/\/www.idermic.es\/?s={search_term_string}"},"query-input":{"@type":"PropertyValueSpecification","valueRequired":true,"valueName":"search_term_string"}}],"inLanguage":"es"},{"@type":"Organization","@id":"https:\/\/www.idermic.es\/#organization","name":"Idermic. Dermatolog\u00eda en Terrassa","url":"https:\/\/www.idermic.es\/","logo":{"@type":"ImageObject","inLanguage":"es","@id":"https:\/\/www.idermic.es\/#\/schema\/logo\/image\/","url":"https:\/\/www.idermic.es\/wp-content\/uploads\/2025\/10\/Logo-Idermic.jpg","contentUrl":"https:\/\/www.idermic.es\/wp-content\/uploads\/2025\/10\/Logo-Idermic.jpg","width":501,"height":502,"caption":"Idermic. Dermatolog\u00eda en Terrassa"},"image":{"@id":"https:\/\/www.idermic.es\/#\/schema\/logo\/image\/"},"sameAs":["https:\/\/www.facebook.com\/Idermic","https:\/\/x.com\/idermic","https:\/\/www.instagram.com\/idermicclinic\/","https:\/\/www.youtube.com\/channel\/UCyAHC9-p8lc6hr_nguO8p_g"]},{"@type":"Person","@id":"https:\/\/www.idermic.es\/#\/schema\/person\/c12703027a878b23d3c71c87921a82f8","name":"Equipo","image":{"@type":"ImageObject","inLanguage":"es","@id":"https:\/\/secure.gravatar.com\/avatar\/7ca0be23248108c6b0887e0693b7dcf7764bd3503f84d1f04e6653ef7c3b9420?s=96&d=mm&r=g","url":"https:\/\/secure.gravatar.com\/avatar\/7ca0be23248108c6b0887e0693b7dcf7764bd3503f84d1f04e6653ef7c3b9420?s=96&d=mm&r=g","contentUrl":"https:\/\/secure.gravatar.com\/avatar\/7ca0be23248108c6b0887e0693b7dcf7764bd3503f84d1f04e6653ef7c3b9420?s=96&d=mm&r=g","caption":"Equipo"},"description":"Equipo de Idermic"}]}},"_links":{"self":[{"href":"https:\/\/www.idermic.es\/es\/wp-json\/wp\/v2\/posts\/9603","targetHints":{"allow":["GET"]}}],"collection":[{"href":"https:\/\/www.idermic.es\/es\/wp-json\/wp\/v2\/posts"}],"about":[{"href":"https:\/\/www.idermic.es\/es\/wp-json\/wp\/v2\/types\/post"}],"author":[{"embeddable":true,"href":"https:\/\/www.idermic.es\/es\/wp-json\/wp\/v2\/users\/3"}],"replies":[{"embeddable":true,"href":"https:\/\/www.idermic.es\/es\/wp-json\/wp\/v2\/comments?post=9603"}],"version-history":[{"count":17,"href":"https:\/\/www.idermic.es\/es\/wp-json\/wp\/v2\/posts\/9603\/revisions"}],"predecessor-version":[{"id":9967,"href":"https:\/\/www.idermic.es\/es\/wp-json\/wp\/v2\/posts\/9603\/revisions\/9967"}],"wp:featuredmedia":[{"embeddable":true,"href":"https:\/\/www.idermic.es\/es\/wp-json\/wp\/v2\/media\/9612"}],"wp:attachment":[{"href":"https:\/\/www.idermic.es\/es\/wp-json\/wp\/v2\/media?parent=9603"}],"wp:term":[{"taxonomy":"category","embeddable":true,"href":"https:\/\/www.idermic.es\/es\/wp-json\/wp\/v2\/categories?post=9603"},{"taxonomy":"post_tag","embeddable":true,"href":"https:\/\/www.idermic.es\/es\/wp-json\/wp\/v2\/tags?post=9603"}],"curies":[{"name":"wp","href":"https:\/\/api.w.org\/{rel}","templated":true}]}}