{"id":9590,"date":"2026-04-08T09:36:58","date_gmt":"2026-04-08T09:36:58","guid":{"rendered":"https:\/\/www.idermic.es\/?p=9590"},"modified":"2026-04-30T07:04:37","modified_gmt":"2026-04-30T07:04:37","slug":"congreso-dermus-2026","status":"publish","type":"post","link":"https:\/\/www.idermic.es\/es\/congreso-dermus-2026\/","title":{"rendered":"Congreso Dermus 2026"},"content":{"rendered":"<p><div class=\"fusion-fullwidth fullwidth-box fusion-builder-row-1 nonhundred-percent-fullwidth non-hundred-percent-height-scrolling\" style=\"--awb-border-radius-top-left:0px;--awb-border-radius-top-right:0px;--awb-border-radius-bottom-right:0px;--awb-border-radius-bottom-left:0px;--awb-flex-wrap:wrap;\" ><div class=\"fusion-builder-row fusion-row\"><div class=\"fusion-layout-column fusion_builder_column fusion-builder-column-0 fusion_builder_column_1_1 1_1 fusion-one-full fusion-column-first fusion-column-last\" style=\"--awb-bg-size:cover;\"><div class=\"fusion-column-wrapper fusion-flex-column-wrapper-legacy\"><div class=\"fusion-text fusion-text-1\"><h1 style=\"text-align: center;\">Congreso Dermus 2026<\/h1>\n<\/div><div class=\"fusion-clearfix\"><\/div><\/div><\/div><\/div><\/div><div class=\"fusion-fullwidth fullwidth-box fusion-builder-row-2 nonhundred-percent-fullwidth non-hundred-percent-height-scrolling\" style=\"--awb-border-radius-top-left:0px;--awb-border-radius-top-right:0px;--awb-border-radius-bottom-right:0px;--awb-border-radius-bottom-left:0px;--awb-flex-wrap:wrap;\" ><div class=\"fusion-builder-row fusion-row\"><div class=\"fusion-layout-column fusion_builder_column fusion-builder-column-1 fusion_builder_column_1_2 1_2 fusion-one-half fusion-column-first\" style=\"--awb-bg-size:cover;width:50%;width:calc(50% - ( ( 4% ) * 0.5 ) );margin-right: 4%;\"><div class=\"fusion-column-wrapper fusion-flex-column-wrapper-legacy\"><div class=\"fusion-text fusion-text-2\"><p><span style=\"font-weight: 400;\">La <\/span><b>XVIII Reuni\u00f3n de Dermatolog\u00eda Privada y Nuevas Tecnolog\u00edas<\/b><span style=\"font-weight: 400;\"> reforz\u00f3 en Madrid su papel como punto de encuentro para la actualizaci\u00f3n cl\u00ednica, la innovaci\u00f3n aplicada y la reflexi\u00f3n sobre el presente de la especialidad. <\/span><\/p>\n<p><span style=\"font-weight: 400;\">En esta edici\u00f3n destac\u00f3 tambi\u00e9n la presencia de la <\/span><b>Dra. Marta Vilavella<\/b><span style=\"font-weight: 400;\">, vinculada de forma directa al desarrollo del congreso no solo por su asistencia y participaci\u00f3n en el programa, sino tambi\u00e9n por su pertenencia al <\/span><b>Comit\u00e9 Cient\u00edfico de DERMUS<\/b><span style=\"font-weight: 400;\">. <\/span><\/p>\n<p><span style=\"font-weight: 400;\">Su implicaci\u00f3n aport\u00f3 valor a una cita que, del 26 al 28 de marzo de 2026 en el Madrid Marriott Auditorium, volvi\u00f3 a reunir a profesionales comprometidos con una dermatolog\u00eda privada cada vez m\u00e1s preparada para integrar ciencia, tecnolog\u00eda y gesti\u00f3n en la pr\u00e1ctica diaria.\u00a0<\/span><\/p>\n<\/div><div class=\"fusion-clearfix\"><\/div><\/div><\/div><div class=\"fusion-layout-column fusion_builder_column fusion-builder-column-2 fusion_builder_column_1_2 1_2 fusion-one-half fusion-column-last\" style=\"--awb-bg-size:cover;width:50%;width:calc(50% - ( ( 4% ) * 0.5 ) );\"><div class=\"fusion-column-wrapper fusion-flex-column-wrapper-legacy\"><div class=\"fusion-image-element in-legacy-container\" style=\"--awb-caption-title-font-family:var(--h2_typography-font-family);--awb-caption-title-font-weight:var(--h2_typography-font-weight);--awb-caption-title-font-style:var(--h2_typography-font-style);--awb-caption-title-size:var(--h2_typography-font-size);--awb-caption-title-transform:var(--h2_typography-text-transform);--awb-caption-title-line-height:var(--h2_typography-line-height);--awb-caption-title-letter-spacing:var(--h2_typography-letter-spacing);\"><span class=\" fusion-imageframe imageframe-none imageframe-1 hover-type-none\"><img decoding=\"async\" width=\"675\" height=\"900\" alt=\"La Dra. Marta Vilavella participa en Dermus 2026\" title=\"Dermus 2026\" src=\"https:\/\/www.idermic.es\/wp-content\/uploads\/2026\/04\/Dermus-2026.jpg\" class=\"img-responsive wp-image-9594\" srcset=\"https:\/\/www.idermic.es\/wp-content\/uploads\/2026\/04\/Dermus-2026-200x267.jpg 200w, https:\/\/www.idermic.es\/wp-content\/uploads\/2026\/04\/Dermus-2026-400x533.jpg 400w, https:\/\/www.idermic.es\/wp-content\/uploads\/2026\/04\/Dermus-2026-600x800.jpg 600w, https:\/\/www.idermic.es\/wp-content\/uploads\/2026\/04\/Dermus-2026.jpg 675w\" sizes=\"(max-width: 800px) 100vw, 600px\" \/><\/span><\/div><div class=\"fusion-clearfix\"><\/div><\/div><\/div><\/div><\/div><div class=\"fusion-fullwidth fullwidth-box fusion-builder-row-3 nonhundred-percent-fullwidth non-hundred-percent-height-scrolling\" style=\"--awb-border-radius-top-left:0px;--awb-border-radius-top-right:0px;--awb-border-radius-bottom-right:0px;--awb-border-radius-bottom-left:0px;--awb-flex-wrap:wrap;\" ><div class=\"fusion-builder-row fusion-row\"><div class=\"fusion-layout-column fusion_builder_column fusion-builder-column-3 fusion_builder_column_1_1 1_1 fusion-one-full fusion-column-first fusion-column-last\" style=\"--awb-bg-size:cover;\"><div class=\"fusion-column-wrapper fusion-flex-column-wrapper-legacy\"><div class=\"fusion-text fusion-text-3\"><h2>Dermus 2026: ciencia, gesti\u00f3n e innovaci\u00f3n en la pr\u00e1ctica dermatol\u00f3gica<\/h2>\n<p><span style=\"font-weight: 400;\">La <a href=\"https:\/\/www.dermus.es\/xviii-reunion-de-dermatologia-privada-y-nuevas-tecnologias\/\"><strong>XVIII Reuni\u00f3n de Dermatolog\u00eda Privada y Nuevas Tecnolog\u00edas<\/strong><\/a> se consolid\u00f3 como una cita de referencia para los profesionales de la especialidad que desarrollan su actividad en el \u00e1mbito privado. Celebrada del 26 al 28 de marzo de 2026 en el Madrid Marriott Auditorium, la reuni\u00f3n reuni\u00f3 a dermat\u00f3logos, equipos cl\u00ednicos, responsables de gesti\u00f3n y empresas del sector en torno a un objetivo com\u00fan: compartir conocimiento \u00fatil, revisar tendencias y analizar c\u00f3mo la innovaci\u00f3n tecnol\u00f3gica puede integrarse de forma realista en la consulta diaria. La propia estructura del encuentro muestra que no se trat\u00f3 solo de un congreso cient\u00edfico convencional, sino de un espacio orientado a la actualizaci\u00f3n cl\u00ednica, la eficiencia organizativa y la evoluci\u00f3n del modelo de dermatolog\u00eda privada.<\/span><\/p>\n<h2>Un formato pensado para la realidad de la dermatolog\u00eda privada<\/h2>\n<p><span style=\"font-weight: 400;\">Uno de los rasgos m\u00e1s distintivos de DERMUS 2026 fue su enfoque eminentemente pr\u00e1ctico. La organizaci\u00f3n present\u00f3 esta edici\u00f3n como un encuentro dise\u00f1ado para reforzar la identidad de la comunidad dermatol\u00f3gica privada, consolidar competencias cl\u00ednicas y de gesti\u00f3n y proyectar la especialidad hacia un futuro innovador y cohesionado. Ese planteamiento se tradujo en un programa que combin\u00f3 ciencia, t\u00e9cnica, organizaci\u00f3n cl\u00ednica, liderazgo e innovaci\u00f3n, manteniendo siempre el foco en las necesidades del d\u00eda a d\u00eda. En este sentido, el congreso apost\u00f3 por un formato participativo, con mesas de di\u00e1logo y sesiones aplicadas, en lugar de limitarse a un esquema puramente expositivo.<\/span><\/p>\n<p><span style=\"font-weight: 400;\">La reuni\u00f3n comenz\u00f3 con el Foro Dermus 2026, concebido como un espacio de reflexi\u00f3n estrat\u00e9gica. En esta apertura se abordaron cuestiones de especial relevancia para el presente y el futuro de la dermatolog\u00eda privada, como los modelos organizativos, la relaci\u00f3n entre industria y especialistas, la digitalizaci\u00f3n y el impacto de la inteligencia artificial y de los datos en el crecimiento de las cl\u00ednicas. Esta parte inicial permite entender el esp\u00edritu general del encuentro: la dermatolog\u00eda no se analiza \u00fanicamente desde el punto de vista asistencial, sino tambi\u00e9n como una actividad m\u00e9dica que requiere visi\u00f3n empresarial, coordinaci\u00f3n de equipos y adaptaci\u00f3n constante a un entorno cambiante.<\/span><\/p>\n<h2>Un programa amplio: formaci\u00f3n cl\u00ednica, gesti\u00f3n y equipos<\/h2>\n<p><span style=\"font-weight: 400;\">El contenido de la reuni\u00f3n se articul\u00f3 en varios bloques complementarios. Junto al foro estrat\u00e9gico, el programa incluy\u00f3 un curso precongreso formativo dedicado a t\u00e9cnicas infiltrativas, l\u00e1ser y dispositivos emisores de energ\u00eda, con niveles de iniciaci\u00f3n e intermedio y bajo la denominaci\u00f3n \u201cDra. Marisa Tirado\u201d, como homenaje a una figura destacada en la formaci\u00f3n de generaciones de dermat\u00f3logos. Adem\u00e1s, se organiz\u00f3 un curso espec\u00edfico para enfermer\u00eda y auxiliares, orientado a reforzar la preparaci\u00f3n t\u00e9cnica, la seguridad, los protocolos y la comunicaci\u00f3n asistencial de estos perfiles, considerados por la organizaci\u00f3n como piezas clave dentro de la calidad de las cl\u00ednicas dermatol\u00f3gicas.<\/span><\/p>\n<p><span style=\"font-weight: 400;\">Otro de los ejes del congreso fue la gesti\u00f3n. Las sesiones de Gesti\u00f3n Dermus abordaron herramientas concretas para la pr\u00e1ctica privada, entre ellas sistemas CRM y gesti\u00f3n de pacientes, inteligencia artificial aplicada a la cl\u00ednica dermatol\u00f3gica, marketing y comunicaci\u00f3n m\u00e9dica, y ciberseguridad para centros sanitarios. A ello se sum\u00f3 una mesa redonda sobre los retos de la especialidad, con cuestiones ligadas a la cultura del trabajo entre generaciones, la cohesi\u00f3n de equipos, la relaci\u00f3n entre actividad cl\u00ednica y servicios est\u00e9ticos, y el impacto de la IA en la relaci\u00f3n m\u00e9dico-paciente. Este planteamiento ampl\u00eda el foco tradicional de los congresos m\u00e9dicos y sit\u00faa la gesti\u00f3n como una competencia inseparable del ejercicio dermatol\u00f3gico privado contempor\u00e1neo.<\/span><\/p>\n<h2>Innovaci\u00f3n tecnol\u00f3gica y actualizaci\u00f3n terap\u00e9utica<\/h2>\n<p><span style=\"font-weight: 400;\">La parte cl\u00ednica y tecnol\u00f3gica ocup\u00f3 tambi\u00e9n un lugar central. El programa incluy\u00f3 mesas sobre formulaci\u00f3n magistral y cosm\u00e9tica, tratamientos sist\u00e9micos, cirug\u00eda est\u00e9tica, t\u00e9cnicas infiltrativas, complicaciones en inyectables y l\u00e1seres, as\u00ed como una sesi\u00f3n espec\u00edfica sobre novedades de 2026 en dermatolog\u00eda cl\u00ednica, est\u00e9tica m\u00e9dica, gesti\u00f3n, inteligencia artificial y dispositivos. Esta combinaci\u00f3n de \u00e1reas refleja una visi\u00f3n amplia de la especialidad, donde conviven la dermatolog\u00eda cl\u00ednica, la est\u00e9tica, la seguridad de los procedimientos y la incorporaci\u00f3n de nuevas herramientas diagn\u00f3sticas y terap\u00e9uticas.<\/span><\/p>\n<p><span style=\"font-weight: 400;\">Dentro de ese entorno de innovaci\u00f3n, distintas compa\u00f1\u00edas del sector participaron mostrando soluciones tecnol\u00f3gicas avanzadas. Entre ellas, Alma M\u00e9dica comunic\u00f3 su presencia en la reuni\u00f3n con equipos como Alma Harmony y Alma Hybrid, orientados a m\u00faltiples indicaciones dermatol\u00f3gicas, desde rejuvenecimiento cut\u00e1neo hasta lesiones pigmentadas, vasculares y cicatrices. M\u00e1s all\u00e1 de la presencia comercial, este tipo de participaci\u00f3n resulta relevante porque permite a los asistentes conocer de forma directa tecnolog\u00edas que ya est\u00e1n influyendo en la pr\u00e1ctica diaria y comparar c\u00f3mo se integran en protocolos cl\u00ednicos eficaces y seguros.<\/span><\/p>\n<h2>Dermus 2026: un congreso entendido como comunidad profesional<\/h2>\n<p><span style=\"font-weight: 400;\">La XVIII Reuni\u00f3n de Dermatolog\u00eda Privada y Nuevas Tecnolog\u00edas tambi\u00e9n puso el acento en la dimensi\u00f3n colectiva de la especialidad. La organizaci\u00f3n subray\u00f3 su voluntad de \u201c<em>unir, compartir, aprender y avanzar<\/em>\u201d, y el programa incorpor\u00f3 incluso un homenaje al <strong>Dr. Manolo As\u00edn<\/strong>, presentado como una figura de referencia en la dermatolog\u00eda est\u00e9tica en Espa\u00f1a. Este componente simb\u00f3lico ayuda a entender que DERMUS no se plantea solo como un calendario de ponencias, sino como una comunidad profesional que busca continuidad, cohesi\u00f3n interna y transmisi\u00f3n de experiencia entre generaciones.<\/span><\/p>\n<p><span style=\"font-weight: 400;\">En conjunto, la cita celebrada en Madrid proyect\u00f3 la imagen de una dermatolog\u00eda privada cada vez m\u00e1s t\u00e9cnica, m\u00e1s organizada y m\u00e1s abierta a la innovaci\u00f3n. Durante tres jornadas, el encuentro sirvi\u00f3 para vincular ciencia, pr\u00e1ctica cl\u00ednica, tecnolog\u00eda y gesti\u00f3n en un mismo marco, algo especialmente valioso en un contexto en el que las consultas especializadas necesitan responder a exigencias asistenciales, operativas y competitivas cada vez mayores. Por ello, la XVIII Reuni\u00f3n de Dermatolog\u00eda Privada y Nuevas Tecnolog\u00edas puede interpretarse como una muestra clara de hacia d\u00f3nde se dirige el sector: hacia modelos m\u00e1s integrados, m\u00e1s colaborativos y m\u00e1s preparados para incorporar avances sin perder el rigor m\u00e9dico.<\/span><\/p>\n<p data-start=\"3470\" data-end=\"3817\">La cita celebrada en Madrid confirma que la excelencia en dermatolog\u00eda exige una actitud abierta al aprendizaje, a la tecnolog\u00eda y a la mejora permanente. En esa l\u00ednea se sit\u00faa la <a href=\"https:\/\/www.idermic.es\/es\/\"><strong>Cl\u00ednica Idermic<\/strong><\/a>, cuya trayectoria muestra una atenci\u00f3n constante a la innovaci\u00f3n y a la evoluci\u00f3n de la especialidad, siempre con el objetivo de ofrecer tratamientos y soluciones alineados con los est\u00e1ndares m\u00e1s exigentes de la dermatolog\u00eda actual.<\/p>\n<\/div><div class=\"fusion-clearfix\"><\/div><\/div><\/div><\/div><\/div><\/p>\n","protected":false},"excerpt":{"rendered":"<p>Dermus 2026: XVIII Reuni\u00f3n de Dermatolog\u00eda Privada y Nuevas Tecnolog\u00edas reuni\u00f3 en Madrid ciencia, innovaci\u00f3n aplicada a la pr\u00e1ctica privada.<\/p>\n","protected":false},"author":3,"featured_media":9592,"comment_status":"open","ping_status":"closed","sticky":false,"template":"","format":"standard","meta":{"_joinchat":[],"footnotes":""},"categories":[25],"tags":[263],"class_list":["post-9590","post","type-post","status-publish","format-standard","has-post-thumbnail","hentry","category-noticias","tag-eventos"],"yoast_head":"<!-- This site is optimized with the Yoast SEO plugin v28.4 - https:\/\/yoast.com\/product\/yoast-seo-wordpress\/ -->\n<title>Congreso Dermus 2026 -<\/title>\n<meta name=\"description\" content=\"Dermus 2026: XVIII Reuni\u00f3n de Dermatolog\u00eda Privada y Nuevas Tecnolog\u00edas reuni\u00f3 en Madrid ciencia, innovaci\u00f3n aplicada a la pr\u00e1ctica privada.\" \/>\n<meta name=\"robots\" content=\"index, follow, max-snippet:-1, max-image-preview:large, max-video-preview:-1\" \/>\n<link rel=\"canonical\" href=\"https:\/\/www.idermic.es\/es\/congreso-dermus-2026\/\" \/>\n<meta property=\"og:locale\" content=\"es_ES\" \/>\n<meta property=\"og:type\" content=\"article\" \/>\n<meta property=\"og:title\" content=\"Congreso Dermus 2026 -\" \/>\n<meta property=\"og:description\" content=\"Dermus 2026: XVIII Reuni\u00f3n de Dermatolog\u00eda Privada y Nuevas Tecnolog\u00edas reuni\u00f3 en Madrid ciencia, innovaci\u00f3n aplicada a la pr\u00e1ctica privada.\" \/>\n<meta property=\"og:url\" content=\"https:\/\/www.idermic.es\/es\/congreso-dermus-2026\/\" \/>\n<meta property=\"og:site_name\" content=\"Idermic. Dermatolog\u00eda en Terrassa\" \/>\n<meta property=\"article:publisher\" content=\"https:\/\/www.facebook.com\/Idermic\" \/>\n<meta property=\"article:published_time\" content=\"2026-04-08T09:36:58+00:00\" \/>\n<meta property=\"article:modified_time\" content=\"2026-04-30T07:04:37+00:00\" \/>\n<meta property=\"og:image\" content=\"https:\/\/www.idermic.es\/wp-content\/uploads\/2026\/04\/Logo.jpg\" \/>\n\t<meta property=\"og:image:width\" content=\"653\" \/>\n\t<meta property=\"og:image:height\" content=\"657\" \/>\n\t<meta property=\"og:image:type\" content=\"image\/jpeg\" \/>\n<meta name=\"author\" content=\"Equipo\" \/>\n<meta name=\"twitter:card\" content=\"summary_large_image\" \/>\n<meta name=\"twitter:creator\" content=\"@idermic\" \/>\n<meta name=\"twitter:site\" content=\"@idermic\" \/>\n<meta name=\"twitter:label1\" content=\"Escrito por\" \/>\n\t<meta name=\"twitter:data1\" content=\"Equipo\" \/>\n\t<meta name=\"twitter:label2\" content=\"Tiempo de lectura\" \/>\n\t<meta name=\"twitter:data2\" content=\"7 minutos\" \/>\n<script type=\"application\/ld+json\" class=\"yoast-schema-graph\">{\"@context\":\"https:\\\/\\\/schema.org\",\"@graph\":[{\"@type\":\"Article\",\"@id\":\"https:\\\/\\\/www.idermic.es\\\/es\\\/congreso-dermus-2026\\\/#article\",\"isPartOf\":{\"@id\":\"https:\\\/\\\/www.idermic.es\\\/es\\\/congreso-dermus-2026\\\/\"},\"author\":{\"name\":\"Equipo\",\"@id\":\"https:\\\/\\\/www.idermic.es\\\/#\\\/schema\\\/person\\\/c12703027a878b23d3c71c87921a82f8\"},\"headline\":\"Congreso Dermus 2026\",\"datePublished\":\"2026-04-08T09:36:58+00:00\",\"dateModified\":\"2026-04-30T07:04:37+00:00\",\"mainEntityOfPage\":{\"@id\":\"https:\\\/\\\/www.idermic.es\\\/es\\\/congreso-dermus-2026\\\/\"},\"wordCount\":2722,\"commentCount\":0,\"publisher\":{\"@id\":\"https:\\\/\\\/www.idermic.es\\\/#organization\"},\"image\":{\"@id\":\"https:\\\/\\\/www.idermic.es\\\/es\\\/congreso-dermus-2026\\\/#primaryimage\"},\"thumbnailUrl\":\"https:\\\/\\\/www.idermic.es\\\/wp-content\\\/uploads\\\/2026\\\/04\\\/Logo.jpg\",\"keywords\":[\"Eventos\"],\"articleSection\":[\"Noticias\"],\"inLanguage\":\"es\",\"potentialAction\":[{\"@type\":\"CommentAction\",\"name\":\"Comment\",\"target\":[\"https:\\\/\\\/www.idermic.es\\\/es\\\/congreso-dermus-2026\\\/#respond\"]}]},{\"@type\":\"WebPage\",\"@id\":\"https:\\\/\\\/www.idermic.es\\\/es\\\/congreso-dermus-2026\\\/\",\"url\":\"https:\\\/\\\/www.idermic.es\\\/es\\\/congreso-dermus-2026\\\/\",\"name\":\"Congreso Dermus 2026 -\",\"isPartOf\":{\"@id\":\"https:\\\/\\\/www.idermic.es\\\/#website\"},\"primaryImageOfPage\":{\"@id\":\"https:\\\/\\\/www.idermic.es\\\/es\\\/congreso-dermus-2026\\\/#primaryimage\"},\"image\":{\"@id\":\"https:\\\/\\\/www.idermic.es\\\/es\\\/congreso-dermus-2026\\\/#primaryimage\"},\"thumbnailUrl\":\"https:\\\/\\\/www.idermic.es\\\/wp-content\\\/uploads\\\/2026\\\/04\\\/Logo.jpg\",\"datePublished\":\"2026-04-08T09:36:58+00:00\",\"dateModified\":\"2026-04-30T07:04:37+00:00\",\"description\":\"Dermus 2026: XVIII Reuni\u00f3n de Dermatolog\u00eda Privada y Nuevas Tecnolog\u00edas reuni\u00f3 en Madrid ciencia, innovaci\u00f3n aplicada a la pr\u00e1ctica privada.\",\"breadcrumb\":{\"@id\":\"https:\\\/\\\/www.idermic.es\\\/es\\\/congreso-dermus-2026\\\/#breadcrumb\"},\"inLanguage\":\"es\",\"potentialAction\":[{\"@type\":\"ReadAction\",\"target\":[\"https:\\\/\\\/www.idermic.es\\\/es\\\/congreso-dermus-2026\\\/\"]}]},{\"@type\":\"ImageObject\",\"inLanguage\":\"es\",\"@id\":\"https:\\\/\\\/www.idermic.es\\\/es\\\/congreso-dermus-2026\\\/#primaryimage\",\"url\":\"https:\\\/\\\/www.idermic.es\\\/wp-content\\\/uploads\\\/2026\\\/04\\\/Logo.jpg\",\"contentUrl\":\"https:\\\/\\\/www.idermic.es\\\/wp-content\\\/uploads\\\/2026\\\/04\\\/Logo.jpg\",\"width\":653,\"height\":657,\"caption\":\"Cartel del Congreso Dermus 2026 celebrado en Madrid del 26 al 28 de marzo\"},{\"@type\":\"BreadcrumbList\",\"@id\":\"https:\\\/\\\/www.idermic.es\\\/es\\\/congreso-dermus-2026\\\/#breadcrumb\",\"itemListElement\":[{\"@type\":\"ListItem\",\"position\":1,\"name\":\"Inici\",\"item\":\"https:\\\/\\\/www.idermic.es\\\/es\\\/\"},{\"@type\":\"ListItem\",\"position\":2,\"name\":\"Congreso Dermus 2026\"}]},{\"@type\":\"WebSite\",\"@id\":\"https:\\\/\\\/www.idermic.es\\\/#website\",\"url\":\"https:\\\/\\\/www.idermic.es\\\/\",\"name\":\"Idermic. Dermatolog\u00eda en Terrassa\",\"description\":\"Dermatolog\u00eda, Medicina est\u00e9tica, Cirurg\u00eda Pl\u00e0stica\",\"publisher\":{\"@id\":\"https:\\\/\\\/www.idermic.es\\\/#organization\"},\"potentialAction\":[{\"@type\":\"SearchAction\",\"target\":{\"@type\":\"EntryPoint\",\"urlTemplate\":\"https:\\\/\\\/www.idermic.es\\\/?s={search_term_string}\"},\"query-input\":{\"@type\":\"PropertyValueSpecification\",\"valueRequired\":true,\"valueName\":\"search_term_string\"}}],\"inLanguage\":\"es\"},{\"@type\":\"Organization\",\"@id\":\"https:\\\/\\\/www.idermic.es\\\/#organization\",\"name\":\"Idermic. Dermatolog\u00eda en Terrassa\",\"url\":\"https:\\\/\\\/www.idermic.es\\\/\",\"logo\":{\"@type\":\"ImageObject\",\"inLanguage\":\"es\",\"@id\":\"https:\\\/\\\/www.idermic.es\\\/#\\\/schema\\\/logo\\\/image\\\/\",\"url\":\"https:\\\/\\\/www.idermic.es\\\/wp-content\\\/uploads\\\/2025\\\/10\\\/Logo-Idermic.jpg\",\"contentUrl\":\"https:\\\/\\\/www.idermic.es\\\/wp-content\\\/uploads\\\/2025\\\/10\\\/Logo-Idermic.jpg\",\"width\":501,\"height\":502,\"caption\":\"Idermic. Dermatolog\u00eda en Terrassa\"},\"image\":{\"@id\":\"https:\\\/\\\/www.idermic.es\\\/#\\\/schema\\\/logo\\\/image\\\/\"},\"sameAs\":[\"https:\\\/\\\/www.facebook.com\\\/Idermic\",\"https:\\\/\\\/x.com\\\/idermic\",\"https:\\\/\\\/www.instagram.com\\\/idermicclinic\\\/\",\"https:\\\/\\\/www.youtube.com\\\/channel\\\/UCyAHC9-p8lc6hr_nguO8p_g\"]},{\"@type\":\"Person\",\"@id\":\"https:\\\/\\\/www.idermic.es\\\/#\\\/schema\\\/person\\\/c12703027a878b23d3c71c87921a82f8\",\"name\":\"Equipo\",\"image\":{\"@type\":\"ImageObject\",\"inLanguage\":\"es\",\"@id\":\"https:\\\/\\\/secure.gravatar.com\\\/avatar\\\/7ca0be23248108c6b0887e0693b7dcf7764bd3503f84d1f04e6653ef7c3b9420?s=96&d=mm&r=g\",\"url\":\"https:\\\/\\\/secure.gravatar.com\\\/avatar\\\/7ca0be23248108c6b0887e0693b7dcf7764bd3503f84d1f04e6653ef7c3b9420?s=96&d=mm&r=g\",\"contentUrl\":\"https:\\\/\\\/secure.gravatar.com\\\/avatar\\\/7ca0be23248108c6b0887e0693b7dcf7764bd3503f84d1f04e6653ef7c3b9420?s=96&d=mm&r=g\",\"caption\":\"Equipo\"},\"description\":\"Equipo de Idermic\"}]}<\/script>\n<!-- \/ Yoast SEO plugin. -->","yoast_head_json":{"title":"Congreso Dermus 2026 -","description":"Dermus 2026: XVIII Reuni\u00f3n de Dermatolog\u00eda Privada y Nuevas Tecnolog\u00edas reuni\u00f3 en Madrid ciencia, innovaci\u00f3n aplicada a la pr\u00e1ctica privada.","robots":{"index":"index","follow":"follow","max-snippet":"max-snippet:-1","max-image-preview":"max-image-preview:large","max-video-preview":"max-video-preview:-1"},"canonical":"https:\/\/www.idermic.es\/es\/congreso-dermus-2026\/","og_locale":"es_ES","og_type":"article","og_title":"Congreso Dermus 2026 -","og_description":"Dermus 2026: XVIII Reuni\u00f3n de Dermatolog\u00eda Privada y Nuevas Tecnolog\u00edas reuni\u00f3 en Madrid ciencia, innovaci\u00f3n aplicada a la pr\u00e1ctica privada.","og_url":"https:\/\/www.idermic.es\/es\/congreso-dermus-2026\/","og_site_name":"Idermic. Dermatolog\u00eda en Terrassa","article_publisher":"https:\/\/www.facebook.com\/Idermic","article_published_time":"2026-04-08T09:36:58+00:00","article_modified_time":"2026-04-30T07:04:37+00:00","og_image":[{"width":653,"height":657,"url":"https:\/\/www.idermic.es\/wp-content\/uploads\/2026\/04\/Logo.jpg","type":"image\/jpeg"}],"author":"Equipo","twitter_card":"summary_large_image","twitter_creator":"@idermic","twitter_site":"@idermic","twitter_misc":{"Escrito por":"Equipo","Tiempo de lectura":"7 minutos"},"schema":{"@context":"https:\/\/schema.org","@graph":[{"@type":"Article","@id":"https:\/\/www.idermic.es\/es\/congreso-dermus-2026\/#article","isPartOf":{"@id":"https:\/\/www.idermic.es\/es\/congreso-dermus-2026\/"},"author":{"name":"Equipo","@id":"https:\/\/www.idermic.es\/#\/schema\/person\/c12703027a878b23d3c71c87921a82f8"},"headline":"Congreso Dermus 2026","datePublished":"2026-04-08T09:36:58+00:00","dateModified":"2026-04-30T07:04:37+00:00","mainEntityOfPage":{"@id":"https:\/\/www.idermic.es\/es\/congreso-dermus-2026\/"},"wordCount":2722,"commentCount":0,"publisher":{"@id":"https:\/\/www.idermic.es\/#organization"},"image":{"@id":"https:\/\/www.idermic.es\/es\/congreso-dermus-2026\/#primaryimage"},"thumbnailUrl":"https:\/\/www.idermic.es\/wp-content\/uploads\/2026\/04\/Logo.jpg","keywords":["Eventos"],"articleSection":["Noticias"],"inLanguage":"es","potentialAction":[{"@type":"CommentAction","name":"Comment","target":["https:\/\/www.idermic.es\/es\/congreso-dermus-2026\/#respond"]}]},{"@type":"WebPage","@id":"https:\/\/www.idermic.es\/es\/congreso-dermus-2026\/","url":"https:\/\/www.idermic.es\/es\/congreso-dermus-2026\/","name":"Congreso Dermus 2026 -","isPartOf":{"@id":"https:\/\/www.idermic.es\/#website"},"primaryImageOfPage":{"@id":"https:\/\/www.idermic.es\/es\/congreso-dermus-2026\/#primaryimage"},"image":{"@id":"https:\/\/www.idermic.es\/es\/congreso-dermus-2026\/#primaryimage"},"thumbnailUrl":"https:\/\/www.idermic.es\/wp-content\/uploads\/2026\/04\/Logo.jpg","datePublished":"2026-04-08T09:36:58+00:00","dateModified":"2026-04-30T07:04:37+00:00","description":"Dermus 2026: XVIII Reuni\u00f3n de Dermatolog\u00eda Privada y Nuevas Tecnolog\u00edas reuni\u00f3 en Madrid ciencia, innovaci\u00f3n aplicada a la pr\u00e1ctica privada.","breadcrumb":{"@id":"https:\/\/www.idermic.es\/es\/congreso-dermus-2026\/#breadcrumb"},"inLanguage":"es","potentialAction":[{"@type":"ReadAction","target":["https:\/\/www.idermic.es\/es\/congreso-dermus-2026\/"]}]},{"@type":"ImageObject","inLanguage":"es","@id":"https:\/\/www.idermic.es\/es\/congreso-dermus-2026\/#primaryimage","url":"https:\/\/www.idermic.es\/wp-content\/uploads\/2026\/04\/Logo.jpg","contentUrl":"https:\/\/www.idermic.es\/wp-content\/uploads\/2026\/04\/Logo.jpg","width":653,"height":657,"caption":"Cartel del Congreso Dermus 2026 celebrado en Madrid del 26 al 28 de marzo"},{"@type":"BreadcrumbList","@id":"https:\/\/www.idermic.es\/es\/congreso-dermus-2026\/#breadcrumb","itemListElement":[{"@type":"ListItem","position":1,"name":"Inici","item":"https:\/\/www.idermic.es\/es\/"},{"@type":"ListItem","position":2,"name":"Congreso Dermus 2026"}]},{"@type":"WebSite","@id":"https:\/\/www.idermic.es\/#website","url":"https:\/\/www.idermic.es\/","name":"Idermic. Dermatolog\u00eda en Terrassa","description":"Dermatolog\u00eda, Medicina est\u00e9tica, Cirurg\u00eda Pl\u00e0stica","publisher":{"@id":"https:\/\/www.idermic.es\/#organization"},"potentialAction":[{"@type":"SearchAction","target":{"@type":"EntryPoint","urlTemplate":"https:\/\/www.idermic.es\/?s={search_term_string}"},"query-input":{"@type":"PropertyValueSpecification","valueRequired":true,"valueName":"search_term_string"}}],"inLanguage":"es"},{"@type":"Organization","@id":"https:\/\/www.idermic.es\/#organization","name":"Idermic. Dermatolog\u00eda en Terrassa","url":"https:\/\/www.idermic.es\/","logo":{"@type":"ImageObject","inLanguage":"es","@id":"https:\/\/www.idermic.es\/#\/schema\/logo\/image\/","url":"https:\/\/www.idermic.es\/wp-content\/uploads\/2025\/10\/Logo-Idermic.jpg","contentUrl":"https:\/\/www.idermic.es\/wp-content\/uploads\/2025\/10\/Logo-Idermic.jpg","width":501,"height":502,"caption":"Idermic. Dermatolog\u00eda en Terrassa"},"image":{"@id":"https:\/\/www.idermic.es\/#\/schema\/logo\/image\/"},"sameAs":["https:\/\/www.facebook.com\/Idermic","https:\/\/x.com\/idermic","https:\/\/www.instagram.com\/idermicclinic\/","https:\/\/www.youtube.com\/channel\/UCyAHC9-p8lc6hr_nguO8p_g"]},{"@type":"Person","@id":"https:\/\/www.idermic.es\/#\/schema\/person\/c12703027a878b23d3c71c87921a82f8","name":"Equipo","image":{"@type":"ImageObject","inLanguage":"es","@id":"https:\/\/secure.gravatar.com\/avatar\/7ca0be23248108c6b0887e0693b7dcf7764bd3503f84d1f04e6653ef7c3b9420?s=96&d=mm&r=g","url":"https:\/\/secure.gravatar.com\/avatar\/7ca0be23248108c6b0887e0693b7dcf7764bd3503f84d1f04e6653ef7c3b9420?s=96&d=mm&r=g","contentUrl":"https:\/\/secure.gravatar.com\/avatar\/7ca0be23248108c6b0887e0693b7dcf7764bd3503f84d1f04e6653ef7c3b9420?s=96&d=mm&r=g","caption":"Equipo"},"description":"Equipo de Idermic"}]}},"_links":{"self":[{"href":"https:\/\/www.idermic.es\/es\/wp-json\/wp\/v2\/posts\/9590","targetHints":{"allow":["GET"]}}],"collection":[{"href":"https:\/\/www.idermic.es\/es\/wp-json\/wp\/v2\/posts"}],"about":[{"href":"https:\/\/www.idermic.es\/es\/wp-json\/wp\/v2\/types\/post"}],"author":[{"embeddable":true,"href":"https:\/\/www.idermic.es\/es\/wp-json\/wp\/v2\/users\/3"}],"replies":[{"embeddable":true,"href":"https:\/\/www.idermic.es\/es\/wp-json\/wp\/v2\/comments?post=9590"}],"version-history":[{"count":7,"href":"https:\/\/www.idermic.es\/es\/wp-json\/wp\/v2\/posts\/9590\/revisions"}],"predecessor-version":[{"id":9601,"href":"https:\/\/www.idermic.es\/es\/wp-json\/wp\/v2\/posts\/9590\/revisions\/9601"}],"wp:featuredmedia":[{"embeddable":true,"href":"https:\/\/www.idermic.es\/es\/wp-json\/wp\/v2\/media\/9592"}],"wp:attachment":[{"href":"https:\/\/www.idermic.es\/es\/wp-json\/wp\/v2\/media?parent=9590"}],"wp:term":[{"taxonomy":"category","embeddable":true,"href":"https:\/\/www.idermic.es\/es\/wp-json\/wp\/v2\/categories?post=9590"},{"taxonomy":"post_tag","embeddable":true,"href":"https:\/\/www.idermic.es\/es\/wp-json\/wp\/v2\/tags?post=9590"}],"curies":[{"name":"wp","href":"https:\/\/api.w.org\/{rel}","templated":true}]}}