{"id":9552,"date":"2026-03-24T08:33:34","date_gmt":"2026-03-24T08:33:34","guid":{"rendered":"https:\/\/www.idermic.es\/?p=9552"},"modified":"2026-06-06T06:38:24","modified_gmt":"2026-06-06T06:38:24","slug":"vichy-longevity-clinic-participacion-de-la-dra-marta-vilavella","status":"publish","type":"post","link":"https:\/\/www.idermic.es\/es\/vichy-longevity-clinic-participacion-de-la-dra-marta-vilavella\/","title":{"rendered":"Vichy Longevity Clinic: Participaci\u00f3n de la Dra. Marta Vilavella"},"content":{"rendered":"<p><div class=\"fusion-fullwidth fullwidth-box fusion-builder-row-1 nonhundred-percent-fullwidth non-hundred-percent-height-scrolling\" style=\"--awb-border-radius-top-left:0px;--awb-border-radius-top-right:0px;--awb-border-radius-bottom-right:0px;--awb-border-radius-bottom-left:0px;--awb-flex-wrap:wrap;\" ><div class=\"fusion-builder-row fusion-row\"><div class=\"fusion-layout-column fusion_builder_column fusion-builder-column-0 fusion_builder_column_1_1 1_1 fusion-one-full fusion-column-first fusion-column-last\" style=\"--awb-bg-size:cover;\"><div class=\"fusion-column-wrapper fusion-flex-column-wrapper-legacy\"><div class=\"fusion-text fusion-text-1\"><h1 style=\"text-align: center;\">Vichy Longevity Clinic: Participaci\u00f3n de la Dra. Marta Vilavella<\/h1>\n<\/div><div class=\"fusion-clearfix\"><\/div><\/div><\/div><\/div><\/div><div class=\"fusion-fullwidth fullwidth-box fusion-builder-row-2 nonhundred-percent-fullwidth non-hundred-percent-height-scrolling\" style=\"--awb-border-radius-top-left:0px;--awb-border-radius-top-right:0px;--awb-border-radius-bottom-right:0px;--awb-border-radius-bottom-left:0px;--awb-flex-wrap:wrap;\" ><div class=\"fusion-builder-row fusion-row\"><div class=\"fusion-layout-column fusion_builder_column fusion-builder-column-1 fusion_builder_column_1_2 1_2 fusion-one-half fusion-column-first\" style=\"--awb-bg-size:cover;width:50%;width:calc(50% - ( ( 4% ) * 0.5 ) );margin-right: 4%;\"><div class=\"fusion-column-wrapper fusion-flex-column-wrapper-legacy\"><div class=\"fusion-text fusion-text-2\"><p data-start=\"80\" data-end=\"490\">La <strong><a href=\"https:\/\/www.idermic.es\/es\/marta-vilavella-rius\/\">Dra. Marta Vilavella<\/a><\/strong>, especialista en dermatolog\u00eda est\u00e9tica en Idermic, particip\u00f3 el pasado 18 de marzo en el encuentro <strong data-start=\"186\" data-end=\"212\">Vichy Longevity Clinic<\/strong>, organizado por <a href=\"https:\/\/www.vichy.es\/\"><strong><span class=\"hover:entity-accent entity-underline inline cursor-pointer align-baseline\"><span class=\"whitespace-normal\">Laboratorios Vichy<\/span><\/span><\/strong><\/a> y celebrado en el <a href=\"https:\/\/www.mmb.cat\/es\/\"><strong><span class=\"hover:entity-accent entity-underline inline cursor-pointer align-baseline\"><span class=\"whitespace-normal\">Museo Mar\u00edtimo de Barcelona<\/span><\/span><\/strong><\/a>.<\/p>\n<p data-start=\"80\" data-end=\"490\">Esta jornada reuni\u00f3 a profesionales del \u00e1mbito m\u00e9dico y cient\u00edfico para profundizar en los avances m\u00e1s recientes sobre longevidad y su impacto en la salud de la piel.<\/p>\n<\/div><div class=\"fusion-clearfix\"><\/div><\/div><\/div><div class=\"fusion-layout-column fusion_builder_column fusion-builder-column-2 fusion_builder_column_1_2 1_2 fusion-one-half fusion-column-last\" style=\"--awb-bg-size:cover;width:50%;width:calc(50% - ( ( 4% ) * 0.5 ) );\"><div class=\"fusion-column-wrapper fusion-flex-column-wrapper-legacy\"><div class=\"fusion-image-element in-legacy-container\" style=\"--awb-caption-title-font-family:var(--h2_typography-font-family);--awb-caption-title-font-weight:var(--h2_typography-font-weight);--awb-caption-title-font-style:var(--h2_typography-font-style);--awb-caption-title-size:var(--h2_typography-font-size);--awb-caption-title-transform:var(--h2_typography-text-transform);--awb-caption-title-line-height:var(--h2_typography-line-height);--awb-caption-title-letter-spacing:var(--h2_typography-letter-spacing);\"><span class=\" fusion-imageframe imageframe-none imageframe-1 hover-type-none\"><img decoding=\"async\" width=\"300\" height=\"238\" alt=\"Participaci\u00f3n de la Dra. Marta Vilavella en el Longevity Clinic organizado por Laboratorios Vichy\" title=\"Vichy Longevity Clinic\" src=\"https:\/\/www.idermic.es\/wp-content\/uploads\/2026\/03\/Vichy-Longevity-Clinic-1-300x238.jpg\" class=\"img-responsive wp-image-9554\" srcset=\"https:\/\/www.idermic.es\/wp-content\/uploads\/2026\/03\/Vichy-Longevity-Clinic-1-200x158.jpg 200w, https:\/\/www.idermic.es\/wp-content\/uploads\/2026\/03\/Vichy-Longevity-Clinic-1-400x317.jpg 400w, https:\/\/www.idermic.es\/wp-content\/uploads\/2026\/03\/Vichy-Longevity-Clinic-1-600x475.jpg 600w, https:\/\/www.idermic.es\/wp-content\/uploads\/2026\/03\/Vichy-Longevity-Clinic-1.jpg 720w\" sizes=\"(max-width: 800px) 100vw, 600px\" \/><\/span><\/div><div class=\"fusion-clearfix\"><\/div><\/div><\/div><\/div><\/div><div class=\"fusion-fullwidth fullwidth-box fusion-builder-row-3 fusion-flex-container has-pattern-background has-mask-background nonhundred-percent-fullwidth non-hundred-percent-height-scrolling\" style=\"--awb-border-radius-top-left:0px;--awb-border-radius-top-right:0px;--awb-border-radius-bottom-right:0px;--awb-border-radius-bottom-left:0px;--awb-flex-wrap:wrap;\" ><div class=\"fusion-builder-row fusion-row fusion-flex-align-items-flex-start fusion-flex-content-wrap\" style=\"max-width:1227.2px;margin-left: calc(-4% \/ 2 );margin-right: calc(-4% \/ 2 );\"><div class=\"fusion-layout-column fusion_builder_column fusion-builder-column-3 fusion_builder_column_1_1 1_1 fusion-flex-column\" style=\"--awb-bg-size:cover;--awb-width-large:100%;--awb-margin-top-large:0px;--awb-spacing-right-large:1.92%;--awb-margin-bottom-large:0px;--awb-spacing-left-large:1.92%;--awb-width-medium:100%;--awb-order-medium:0;--awb-spacing-right-medium:1.92%;--awb-spacing-left-medium:1.92%;--awb-width-small:100%;--awb-order-small:0;--awb-spacing-right-small:1.92%;--awb-spacing-left-small:1.92%;\"><div class=\"fusion-column-wrapper fusion-column-has-shadow fusion-flex-justify-content-flex-start fusion-content-layout-column\"><div class=\"fusion-separator fusion-full-width-sep\" style=\"align-self: center;margin-left: auto;margin-right: auto;width:100%;\"><div class=\"fusion-separator-border sep-double\" style=\"--awb-height:20px;--awb-amount:20px;border-color:#e0dede;border-top-width:1px;border-bottom-width:1px;\"><\/div><\/div><\/div><\/div><\/div><\/div><div class=\"fusion-fullwidth fullwidth-box fusion-builder-row-4 nonhundred-percent-fullwidth non-hundred-percent-height-scrolling\" style=\"--awb-border-radius-top-left:0px;--awb-border-radius-top-right:0px;--awb-border-radius-bottom-right:0px;--awb-border-radius-bottom-left:0px;--awb-flex-wrap:wrap;\" ><div class=\"fusion-builder-row fusion-row\"><div class=\"fusion-layout-column fusion_builder_column fusion-builder-column-4 fusion_builder_column_1_1 1_1 fusion-one-full fusion-column-first fusion-column-last\" style=\"--awb-bg-size:cover;\"><div class=\"fusion-column-wrapper fusion-flex-column-wrapper-legacy\"><div class=\"fusion-text fusion-text-3\"><p data-section-id=\"8ie6w2\" data-start=\"763\" data-end=\"827\">El evento puso de manifiesto un cambio relevante en el enfoque de la medicina est\u00e9tica: el envejecimiento deja de entenderse \u00fanicamente como un fen\u00f3meno visible para abordarse como un proceso biol\u00f3gico complejo, influido por m\u00faltiples factores que pueden ser modulados.<\/p>\n<h2 data-section-id=\"8ie6w2\" data-start=\"763\" data-end=\"827\">Epigen\u00e9tica: el papel de los h\u00e1bitos en la expresi\u00f3n gen\u00e9tica<\/h2>\n<p data-start=\"829\" data-end=\"1170\">Uno de los puntos clave del encuentro fue la intervenci\u00f3n del <span class=\"hover:entity-accent entity-underline inline cursor-pointer align-baseline\"><span class=\"whitespace-normal\">Manel Esteller<\/span><\/span>, quien subray\u00f3 que el envejecimiento no depende exclusivamente de la gen\u00e9tica heredada. La epigen\u00e9tica demuestra que la forma en que se expresan los genes est\u00e1 condicionada por factores como la alimentaci\u00f3n, el ejercicio o el entorno social.<\/p>\n<p data-start=\"1172\" data-end=\"1450\">Este enfoque se ve respaldado por estudios sobre <a href=\"https:\/\/www.sanibook.net\/velocidad-de-escape-y-longevidad\/\">longevidad extrema<\/a>, que evidencian que el envejecimiento no es un proceso fijo, sino modulable. En consecuencia, la prevenci\u00f3n y el estilo de vida adquieren un papel protagonista en la medicina actual, incluyendo la dermatolog\u00eda.<\/p>\n<h2 data-section-id=\"1icn82b\" data-start=\"1452\" data-end=\"1542\">La aportaci\u00f3n de la Dra. Marta Vilavella: los tres pilares del envejecimiento saludable<\/h2>\n<p data-start=\"1544\" data-end=\"1701\">En su intervenci\u00f3n, la Dra. Marta Vilavella sintetiz\u00f3 este nuevo paradigma en tres pilares fundamentales que orientan el abordaje moderno del envejecimiento:<\/p>\n<ul style=\"list-style-type: square;\" data-start=\"1703\" data-end=\"2151\">\n<li data-section-id=\"1l5bkls\" data-start=\"1703\" data-end=\"1853\"><strong data-start=\"1705\" data-end=\"1719\">Estructura<\/strong>, relacionada con el mantenimiento de los componentes que sostienen la piel, como el col\u00e1geno, la elastina y la matriz extracelular.<\/li>\n<li data-section-id=\"1cdeph6\" data-start=\"1854\" data-end=\"2005\"><strong data-start=\"1856\" data-end=\"1880\">Se\u00f1alizaci\u00f3n celular<\/strong>, que regula la comunicaci\u00f3n entre c\u00e9lulas y permite coordinar procesos clave como la regeneraci\u00f3n y la reparaci\u00f3n tisular.<\/li>\n<li data-section-id=\"1q7mbzt\" data-start=\"2006\" data-end=\"2151\"><strong data-start=\"2008\" data-end=\"2023\">Metabolismo<\/strong>, vinculado a la eficiencia energ\u00e9tica y funcional de las c\u00e9lulas, esencial para preservar su actividad a lo largo del tiempo.<\/li>\n<\/ul>\n<p data-start=\"2153\" data-end=\"2313\">Esta visi\u00f3n pone el foco en la biolog\u00eda del envejecimiento, desplazando el objetivo desde la apariencia hacia la funcionalidad celular y la salud a largo plazo.<\/p>\n<h2 data-section-id=\"qsrjfh\" data-start=\"2315\" data-end=\"2363\">Innovaci\u00f3n en micronutrici\u00f3n y dermocosm\u00e9tica<\/h2>\n<p data-start=\"2365\" data-end=\"2709\">Durante la jornada tambi\u00e9n se abordaron nuevas estrategias complementarias en el cuidado de la piel, como la micronutrici\u00f3n. Se destac\u00f3 el potencial de ingredientes innovadores, como el col\u00e1geno derivado de la membrana de la c\u00e1scara de huevo, capaz de actuar desde el interior favoreciendo un entorno celular m\u00e1s favorable para la regeneraci\u00f3n.<\/p>\n<p data-start=\"2711\" data-end=\"2966\">Asimismo, <span class=\"hover:entity-accent entity-underline inline cursor-pointer align-baseline\"><span class=\"whitespace-normal\">Laboratorios Vichy<\/span><\/span> present\u00f3 avances dermocosm\u00e9ticos orientados a la longevidad celular, alineados con las \u00faltimas investigaciones cient\u00edficas y enfocados en mejorar la calidad y funcionalidad de la piel m\u00e1s all\u00e1 de lo visible.<\/p>\n<h2 data-section-id=\"zezbbk\" data-start=\"2968\" data-end=\"3018\">Hacia una dermatolog\u00eda integrativa y preventiva<\/h2>\n<p data-start=\"3020\" data-end=\"3205\">La experiencia cl\u00ednica actual confirma que los mejores resultados se obtienen mediante un enfoque combinado. La dermatolog\u00eda est\u00e9tica evoluciona hacia un modelo integrativo que incluye:<\/p>\n<ul style=\"list-style-type: square;\" data-start=\"3207\" data-end=\"3316\">\n<li data-section-id=\"w5zpyl\" data-start=\"3207\" data-end=\"3248\">Procedimientos m\u00e9dicos personalizados<\/li>\n<li data-section-id=\"1ubrq9t\" data-start=\"3249\" data-end=\"3285\">Tratamientos t\u00f3picos espec\u00edficos<\/li>\n<li data-section-id=\"1phjs8f\" data-start=\"3286\" data-end=\"3316\">H\u00e1bitos de vida saludables<\/li>\n<\/ul>\n<p data-start=\"3318\" data-end=\"3468\">Este planteamiento permite no solo mejorar el aspecto de la piel, sino tambi\u00e9n intervenir en los procesos biol\u00f3gicos que determinan su envejecimiento.<\/p>\n<p data-start=\"3470\" data-end=\"3817\">La participaci\u00f3n de la Dra. Marta Vilavella en este encuentro refuerza el compromiso de la <a href=\"https:\/\/www.idermic.es\/\"><strong>Cl\u00ednica Idermic<\/strong><\/a>, con una dermatolog\u00eda basada en la evidencia cient\u00edfica y orientada a la prevenci\u00f3n. El objetivo ya no es \u00fanicamente tratar los signos del envejecimiento, sino comprender sus mecanismos, anticiparse a ellos y acompa\u00f1ar al paciente en un proceso de cuidado global.<\/p>\n<p data-start=\"3819\" data-end=\"4012\" data-is-last-node=\"\" data-is-only-node=\"\">En este contexto, la longevidad se consolida como el nuevo eje de la medicina est\u00e9tica, marcando el camino hacia una pr\u00e1ctica m\u00e1s personalizada, cient\u00edfica y centrada en la salud a largo plazo.<\/p>\n<\/div><div class=\"fusion-clearfix\"><\/div><\/div><\/div><\/div><\/div><div class=\"fusion-fullwidth fullwidth-box fusion-builder-row-5 nonhundred-percent-fullwidth non-hundred-percent-height-scrolling\" style=\"--awb-border-radius-top-left:0px;--awb-border-radius-top-right:0px;--awb-border-radius-bottom-right:0px;--awb-border-radius-bottom-left:0px;--awb-flex-wrap:wrap;\" ><div class=\"fusion-builder-row fusion-row\"><div class=\"fusion-layout-column fusion_builder_column fusion-builder-column-5 fusion_builder_column_1_1 1_1 fusion-one-full fusion-column-first fusion-column-last\" style=\"--awb-bg-size:cover;\"><div class=\"fusion-column-wrapper fusion-flex-column-wrapper-legacy\"><blockquote class=\"instagram-media\" data-instgrm-captioned data-instgrm-permalink=\"https:\/\/www.instagram.com\/p\/DWL65paDDbO\/?utm_source=ig_embed&utm_campaign=loading\" data-instgrm-version=\"14\" style=\" background:#FFF; border:0; border-radius:3px; box-shadow:0 0 1px 0 rgba(0,0,0,0.5),0 1px 10px 0 rgba(0,0,0,0.15); margin: 1px; max-width:540px; min-width:326px; padding:0; width:99.375%; width:-webkit-calc(100% - 2px); width:calc(100% - 2px);\"><div style=\"padding:16px;\"> <a href=\"https:\/\/www.instagram.com\/p\/DWL65paDDbO\/?utm_source=ig_embed&utm_campaign=loading\" style=\" background:#FFFFFF; line-height:0; padding:0 0; text-align:center; text-decoration:none; width:100%;\" target=\"_blank\"> <div style=\" display: flex; flex-direction: row; align-items: center;\"> <div style=\"background-color: #F4F4F4; border-radius: 50%; flex-grow: 0; height: 40px; margin-right: 14px; width: 40px;\"><\/div> <div style=\"display: flex; flex-direction: column; flex-grow: 1; justify-content: center;\"> <div style=\" background-color: #F4F4F4; border-radius: 4px; flex-grow: 0; height: 14px; margin-bottom: 6px; width: 100px;\"><\/div> <div style=\" background-color: #F4F4F4; border-radius: 4px; flex-grow: 0; height: 14px; width: 60px;\"><\/div><\/div><\/div><div style=\"padding: 19% 0;\"><\/div> <div style=\"display:block; height:50px; margin:0 auto 12px; width:50px;\"><svg width=\"50px\" height=\"50px\" viewBox=\"0 0 60 60\" version=\"1.1\" xmlns=\"https:\/\/www.w3.org\/2000\/svg\" xmlns:xlink=\"https:\/\/www.w3.org\/1999\/xlink\"><g stroke=\"none\" stroke-width=\"1\" fill=\"none\" fill-rule=\"evenodd\"><g transform=\"translate(-511.000000, -20.000000)\" fill=\"#000000\"><g><path d=\"M556.869,30.41 C554.814,30.41 553.148,32.076 553.148,34.131 C553.148,36.186 554.814,37.852 556.869,37.852 C558.924,37.852 560.59,36.186 560.59,34.131 C560.59,32.076 558.924,30.41 556.869,30.41 M541,60.657 C535.114,60.657 530.342,55.887 530.342,50 C530.342,44.114 535.114,39.342 541,39.342 C546.887,39.342 551.658,44.114 551.658,50 C551.658,55.887 546.887,60.657 541,60.657 M541,33.886 C532.1,33.886 524.886,41.1 524.886,50 C524.886,58.899 532.1,66.113 541,66.113 C549.9,66.113 557.115,58.899 557.115,50 C557.115,41.1 549.9,33.886 541,33.886 M565.378,62.101 C565.244,65.022 564.756,66.606 564.346,67.663 C563.803,69.06 563.154,70.057 562.106,71.106 C561.058,72.155 560.06,72.803 558.662,73.347 C557.607,73.757 556.021,74.244 553.102,74.378 C549.944,74.521 548.997,74.552 541,74.552 C533.003,74.552 532.056,74.521 528.898,74.378 C525.979,74.244 524.393,73.757 523.338,73.347 C521.94,72.803 520.942,72.155 519.894,71.106 C518.846,70.057 518.197,69.06 517.654,67.663 C517.244,66.606 516.755,65.022 516.623,62.101 C516.479,58.943 516.448,57.996 516.448,50 C516.448,42.003 516.479,41.056 516.623,37.899 C516.755,34.978 517.244,33.391 517.654,32.338 C518.197,30.938 518.846,29.942 519.894,28.894 C520.942,27.846 521.94,27.196 523.338,26.654 C524.393,26.244 525.979,25.756 528.898,25.623 C532.057,25.479 533.004,25.448 541,25.448 C548.997,25.448 549.943,25.479 553.102,25.623 C556.021,25.756 557.607,26.244 558.662,26.654 C560.06,27.196 561.058,27.846 562.106,28.894 C563.154,29.942 563.803,30.938 564.346,32.338 C564.756,33.391 565.244,34.978 565.378,37.899 C565.522,41.056 565.552,42.003 565.552,50 C565.552,57.996 565.522,58.943 565.378,62.101 M570.82,37.631 C570.674,34.438 570.167,32.258 569.425,30.349 C568.659,28.377 567.633,26.702 565.965,25.035 C564.297,23.368 562.623,22.342 560.652,21.575 C558.743,20.834 556.562,20.326 553.369,20.18 C550.169,20.033 549.148,20 541,20 C532.853,20 531.831,20.033 528.631,20.18 C525.438,20.326 523.257,20.834 521.349,21.575 C519.376,22.342 517.703,23.368 516.035,25.035 C514.368,26.702 513.342,28.377 512.574,30.349 C511.834,32.258 511.326,34.438 511.181,37.631 C511.035,40.831 511,41.851 511,50 C511,58.147 511.035,59.17 511.181,62.369 C511.326,65.562 511.834,67.743 512.574,69.651 C513.342,71.625 514.368,73.296 516.035,74.965 C517.703,76.634 519.376,77.658 521.349,78.425 C523.257,79.167 525.438,79.673 528.631,79.82 C531.831,79.965 532.853,80.001 541,80.001 C549.148,80.001 550.169,79.965 553.369,79.82 C556.562,79.673 558.743,79.167 560.652,78.425 C562.623,77.658 564.297,76.634 565.965,74.965 C567.633,73.296 568.659,71.625 569.425,69.651 C570.167,67.743 570.674,65.562 570.82,62.369 C570.966,59.17 571,58.147 571,50 C571,41.851 570.966,40.831 570.82,37.631\"><\/path><\/g><\/g><\/g><\/svg><\/div><div style=\"padding-top: 8px;\"> <div style=\" color:#3897f0; font-family:Arial,sans-serif; font-size:14px; font-style:normal; font-weight:550; line-height:18px;\">Ver esta publicaci\u00f3n en Instagram<\/div><\/div><div style=\"padding: 12.5% 0;\"><\/div> <div style=\"display: flex; flex-direction: row; margin-bottom: 14px; align-items: center;\"><div> <div style=\"background-color: #F4F4F4; border-radius: 50%; height: 12.5px; width: 12.5px; transform: translateX(0px) translateY(7px);\"><\/div> <div style=\"background-color: #F4F4F4; height: 12.5px; transform: rotate(-45deg) translateX(3px) translateY(1px); width: 12.5px; flex-grow: 0; margin-right: 14px; margin-left: 2px;\"><\/div> <div style=\"background-color: #F4F4F4; border-radius: 50%; height: 12.5px; width: 12.5px; transform: translateX(9px) translateY(-18px);\"><\/div><\/div><div style=\"margin-left: 8px;\"> <div style=\" background-color: #F4F4F4; border-radius: 50%; flex-grow: 0; height: 20px; width: 20px;\"><\/div> <div style=\" width: 0; height: 0; border-top: 2px solid transparent; border-left: 6px solid #f4f4f4; border-bottom: 2px solid transparent; transform: translateX(16px) translateY(-4px) rotate(30deg)\"><\/div><\/div><div style=\"margin-left: auto;\"> <div style=\" width: 0px; border-top: 8px solid #F4F4F4; border-right: 8px solid transparent; transform: translateY(16px);\"><\/div> <div style=\" background-color: #F4F4F4; flex-grow: 0; height: 12px; width: 16px; transform: translateY(-4px);\"><\/div> <div style=\" width: 0; height: 0; border-top: 8px solid #F4F4F4; border-left: 8px solid transparent; transform: translateY(-4px) translateX(8px);\"><\/div><\/div><\/div> <div style=\"display: flex; flex-direction: column; flex-grow: 1; justify-content: center; margin-bottom: 24px;\"> <div style=\" background-color: #F4F4F4; border-radius: 4px; flex-grow: 0; height: 14px; margin-bottom: 6px; width: 224px;\"><\/div> <div style=\" background-color: #F4F4F4; border-radius: 4px; flex-grow: 0; height: 14px; width: 144px;\"><\/div><\/div><\/a><p style=\" color:#c9c8cd; font-family:Arial,sans-serif; font-size:14px; line-height:17px; margin-bottom:0; margin-top:8px; overflow:hidden; padding:8px 0 7px; text-align:center; text-overflow:ellipsis; white-space:nowrap;\"><a href=\"https:\/\/www.instagram.com\/p\/DWL65paDDbO\/?utm_source=ig_embed&utm_campaign=loading\" style=\" color:#c9c8cd; font-family:Arial,sans-serif; font-size:14px; font-style:normal; font-weight:normal; line-height:17px; text-decoration:none;\" target=\"_blank\">Una publicaci\u00f3n compartida de Marta Vilavella | Dermat\u00f3loga (@dra.martavilavella_derma)<\/a><\/p><\/div><\/blockquote>\n<script async src=\"\/\/www.instagram.com\/embed.js\"><\/script><div class=\"fusion-clearfix\"><\/div><\/div><\/div><\/div><\/div><\/p>\n","protected":false},"excerpt":{"rendered":"<p>La Dra. Marta Vilavella participa en Vichy Longevity Clinic en Barcelona, abordando la longevidad y la salud cut\u00e1nea desde un enfoque cient\u00edfico integral.<\/p>\n","protected":false},"author":3,"featured_media":9556,"comment_status":"open","ping_status":"closed","sticky":false,"template":"","format":"standard","meta":{"_joinchat":[],"footnotes":""},"categories":[25],"tags":[263],"class_list":["post-9552","post","type-post","status-publish","format-standard","has-post-thumbnail","hentry","category-noticias","tag-eventos"],"yoast_head":"<!-- This site is optimized with the Yoast SEO plugin v28.4 - https:\/\/yoast.com\/product\/yoast-seo-wordpress\/ -->\n<title>Vichy Longevity Clinic: Participaci\u00f3n de la Dra. Marta Vilavella -<\/title>\n<meta name=\"description\" content=\"La Dra. Marta Vilavella participa en Vichy Longevity Clinic, abordando la longevidad y la salud cut\u00e1nea desde un enfoque cient\u00edfico integral\" \/>\n<meta name=\"robots\" content=\"index, follow, max-snippet:-1, max-image-preview:large, max-video-preview:-1\" \/>\n<link rel=\"canonical\" href=\"https:\/\/www.idermic.es\/es\/vichy-longevity-clinic-participacion-de-la-dra-marta-vilavella\/\" \/>\n<meta property=\"og:locale\" content=\"es_ES\" \/>\n<meta property=\"og:type\" content=\"article\" \/>\n<meta property=\"og:title\" content=\"Vichy Longevity Clinic: Participaci\u00f3n de la Dra. Marta Vilavella -\" \/>\n<meta property=\"og:description\" content=\"La Dra. Marta Vilavella participa en Vichy Longevity Clinic, abordando la longevidad y la salud cut\u00e1nea desde un enfoque cient\u00edfico integral\" \/>\n<meta property=\"og:url\" content=\"https:\/\/www.idermic.es\/es\/vichy-longevity-clinic-participacion-de-la-dra-marta-vilavella\/\" \/>\n<meta property=\"og:site_name\" content=\"Idermic. Dermatolog\u00eda en Terrassa\" \/>\n<meta property=\"article:publisher\" content=\"https:\/\/www.facebook.com\/Idermic\" \/>\n<meta property=\"article:published_time\" content=\"2026-03-24T08:33:34+00:00\" \/>\n<meta property=\"article:modified_time\" content=\"2026-06-06T06:38:24+00:00\" \/>\n<meta property=\"og:image\" content=\"https:\/\/www.idermic.es\/wp-content\/uploads\/2026\/03\/Vichy-Longevity-Clinic.jpg\" \/>\n\t<meta property=\"og:image:width\" content=\"900\" \/>\n\t<meta property=\"og:image:height\" content=\"861\" \/>\n\t<meta property=\"og:image:type\" content=\"image\/jpeg\" \/>\n<meta name=\"author\" content=\"Equipo\" \/>\n<meta name=\"twitter:card\" content=\"summary_large_image\" \/>\n<meta name=\"twitter:creator\" content=\"@idermic\" \/>\n<meta name=\"twitter:site\" content=\"@idermic\" \/>\n<meta name=\"twitter:label1\" content=\"Escrito por\" \/>\n\t<meta name=\"twitter:data1\" content=\"Equipo\" \/>\n\t<meta name=\"twitter:label2\" content=\"Tiempo de lectura\" \/>\n\t<meta name=\"twitter:data2\" content=\"4 minutos\" \/>\n<script type=\"application\/ld+json\" class=\"yoast-schema-graph\">{\"@context\":\"https:\\\/\\\/schema.org\",\"@graph\":[{\"@type\":\"Article\",\"@id\":\"https:\\\/\\\/www.idermic.es\\\/es\\\/vichy-longevity-clinic-participacion-de-la-dra-marta-vilavella\\\/#article\",\"isPartOf\":{\"@id\":\"https:\\\/\\\/www.idermic.es\\\/es\\\/vichy-longevity-clinic-participacion-de-la-dra-marta-vilavella\\\/\"},\"author\":{\"name\":\"Equipo\",\"@id\":\"https:\\\/\\\/www.idermic.es\\\/#\\\/schema\\\/person\\\/c12703027a878b23d3c71c87921a82f8\"},\"headline\":\"Vichy Longevity Clinic: Participaci\u00f3n de la Dra. Marta Vilavella\",\"datePublished\":\"2026-03-24T08:33:34+00:00\",\"dateModified\":\"2026-06-06T06:38:24+00:00\",\"mainEntityOfPage\":{\"@id\":\"https:\\\/\\\/www.idermic.es\\\/es\\\/vichy-longevity-clinic-participacion-de-la-dra-marta-vilavella\\\/\"},\"wordCount\":4549,\"commentCount\":0,\"publisher\":{\"@id\":\"https:\\\/\\\/www.idermic.es\\\/#organization\"},\"image\":{\"@id\":\"https:\\\/\\\/www.idermic.es\\\/es\\\/vichy-longevity-clinic-participacion-de-la-dra-marta-vilavella\\\/#primaryimage\"},\"thumbnailUrl\":\"https:\\\/\\\/www.idermic.es\\\/wp-content\\\/uploads\\\/2026\\\/03\\\/Vichy-Longevity-Clinic.jpg\",\"keywords\":[\"Eventos\"],\"articleSection\":[\"Noticias\"],\"inLanguage\":\"es\",\"potentialAction\":[{\"@type\":\"CommentAction\",\"name\":\"Comment\",\"target\":[\"https:\\\/\\\/www.idermic.es\\\/es\\\/vichy-longevity-clinic-participacion-de-la-dra-marta-vilavella\\\/#respond\"]}]},{\"@type\":\"WebPage\",\"@id\":\"https:\\\/\\\/www.idermic.es\\\/es\\\/vichy-longevity-clinic-participacion-de-la-dra-marta-vilavella\\\/\",\"url\":\"https:\\\/\\\/www.idermic.es\\\/es\\\/vichy-longevity-clinic-participacion-de-la-dra-marta-vilavella\\\/\",\"name\":\"Vichy Longevity Clinic: Participaci\u00f3n de la Dra. Marta Vilavella -\",\"isPartOf\":{\"@id\":\"https:\\\/\\\/www.idermic.es\\\/#website\"},\"primaryImageOfPage\":{\"@id\":\"https:\\\/\\\/www.idermic.es\\\/es\\\/vichy-longevity-clinic-participacion-de-la-dra-marta-vilavella\\\/#primaryimage\"},\"image\":{\"@id\":\"https:\\\/\\\/www.idermic.es\\\/es\\\/vichy-longevity-clinic-participacion-de-la-dra-marta-vilavella\\\/#primaryimage\"},\"thumbnailUrl\":\"https:\\\/\\\/www.idermic.es\\\/wp-content\\\/uploads\\\/2026\\\/03\\\/Vichy-Longevity-Clinic.jpg\",\"datePublished\":\"2026-03-24T08:33:34+00:00\",\"dateModified\":\"2026-06-06T06:38:24+00:00\",\"description\":\"La Dra. Marta Vilavella participa en Vichy Longevity Clinic, abordando la longevidad y la salud cut\u00e1nea desde un enfoque cient\u00edfico integral\",\"breadcrumb\":{\"@id\":\"https:\\\/\\\/www.idermic.es\\\/es\\\/vichy-longevity-clinic-participacion-de-la-dra-marta-vilavella\\\/#breadcrumb\"},\"inLanguage\":\"es\",\"potentialAction\":[{\"@type\":\"ReadAction\",\"target\":[\"https:\\\/\\\/www.idermic.es\\\/es\\\/vichy-longevity-clinic-participacion-de-la-dra-marta-vilavella\\\/\"]}]},{\"@type\":\"ImageObject\",\"inLanguage\":\"es\",\"@id\":\"https:\\\/\\\/www.idermic.es\\\/es\\\/vichy-longevity-clinic-participacion-de-la-dra-marta-vilavella\\\/#primaryimage\",\"url\":\"https:\\\/\\\/www.idermic.es\\\/wp-content\\\/uploads\\\/2026\\\/03\\\/Vichy-Longevity-Clinic.jpg\",\"contentUrl\":\"https:\\\/\\\/www.idermic.es\\\/wp-content\\\/uploads\\\/2026\\\/03\\\/Vichy-Longevity-Clinic.jpg\",\"width\":900,\"height\":861,\"caption\":\"Vichy Longevity Clinic. Interior del Museo Mar\u00edtimo donde se organiz\u00f3 el evento\"},{\"@type\":\"BreadcrumbList\",\"@id\":\"https:\\\/\\\/www.idermic.es\\\/es\\\/vichy-longevity-clinic-participacion-de-la-dra-marta-vilavella\\\/#breadcrumb\",\"itemListElement\":[{\"@type\":\"ListItem\",\"position\":1,\"name\":\"Inici\",\"item\":\"https:\\\/\\\/www.idermic.es\\\/es\\\/\"},{\"@type\":\"ListItem\",\"position\":2,\"name\":\"Vichy Longevity Clinic: Participaci\u00f3n de la Dra. Marta Vilavella\"}]},{\"@type\":\"WebSite\",\"@id\":\"https:\\\/\\\/www.idermic.es\\\/#website\",\"url\":\"https:\\\/\\\/www.idermic.es\\\/\",\"name\":\"Idermic. Dermatolog\u00eda en Terrassa\",\"description\":\"Dermatolog\u00eda, Medicina est\u00e9tica, Cirurg\u00eda Pl\u00e0stica\",\"publisher\":{\"@id\":\"https:\\\/\\\/www.idermic.es\\\/#organization\"},\"potentialAction\":[{\"@type\":\"SearchAction\",\"target\":{\"@type\":\"EntryPoint\",\"urlTemplate\":\"https:\\\/\\\/www.idermic.es\\\/?s={search_term_string}\"},\"query-input\":{\"@type\":\"PropertyValueSpecification\",\"valueRequired\":true,\"valueName\":\"search_term_string\"}}],\"inLanguage\":\"es\"},{\"@type\":\"Organization\",\"@id\":\"https:\\\/\\\/www.idermic.es\\\/#organization\",\"name\":\"Idermic. Dermatolog\u00eda en Terrassa\",\"url\":\"https:\\\/\\\/www.idermic.es\\\/\",\"logo\":{\"@type\":\"ImageObject\",\"inLanguage\":\"es\",\"@id\":\"https:\\\/\\\/www.idermic.es\\\/#\\\/schema\\\/logo\\\/image\\\/\",\"url\":\"https:\\\/\\\/www.idermic.es\\\/wp-content\\\/uploads\\\/2025\\\/10\\\/Logo-Idermic.jpg\",\"contentUrl\":\"https:\\\/\\\/www.idermic.es\\\/wp-content\\\/uploads\\\/2025\\\/10\\\/Logo-Idermic.jpg\",\"width\":501,\"height\":502,\"caption\":\"Idermic. Dermatolog\u00eda en Terrassa\"},\"image\":{\"@id\":\"https:\\\/\\\/www.idermic.es\\\/#\\\/schema\\\/logo\\\/image\\\/\"},\"sameAs\":[\"https:\\\/\\\/www.facebook.com\\\/Idermic\",\"https:\\\/\\\/x.com\\\/idermic\",\"https:\\\/\\\/www.instagram.com\\\/idermicclinic\\\/\",\"https:\\\/\\\/www.youtube.com\\\/channel\\\/UCyAHC9-p8lc6hr_nguO8p_g\"]},{\"@type\":\"Person\",\"@id\":\"https:\\\/\\\/www.idermic.es\\\/#\\\/schema\\\/person\\\/c12703027a878b23d3c71c87921a82f8\",\"name\":\"Equipo\",\"image\":{\"@type\":\"ImageObject\",\"inLanguage\":\"es\",\"@id\":\"https:\\\/\\\/secure.gravatar.com\\\/avatar\\\/7ca0be23248108c6b0887e0693b7dcf7764bd3503f84d1f04e6653ef7c3b9420?s=96&d=mm&r=g\",\"url\":\"https:\\\/\\\/secure.gravatar.com\\\/avatar\\\/7ca0be23248108c6b0887e0693b7dcf7764bd3503f84d1f04e6653ef7c3b9420?s=96&d=mm&r=g\",\"contentUrl\":\"https:\\\/\\\/secure.gravatar.com\\\/avatar\\\/7ca0be23248108c6b0887e0693b7dcf7764bd3503f84d1f04e6653ef7c3b9420?s=96&d=mm&r=g\",\"caption\":\"Equipo\"},\"description\":\"Equipo de Idermic\"}]}<\/script>\n<!-- \/ Yoast SEO plugin. -->","yoast_head_json":{"title":"Vichy Longevity Clinic: Participaci\u00f3n de la Dra. Marta Vilavella -","description":"La Dra. Marta Vilavella participa en Vichy Longevity Clinic, abordando la longevidad y la salud cut\u00e1nea desde un enfoque cient\u00edfico integral","robots":{"index":"index","follow":"follow","max-snippet":"max-snippet:-1","max-image-preview":"max-image-preview:large","max-video-preview":"max-video-preview:-1"},"canonical":"https:\/\/www.idermic.es\/es\/vichy-longevity-clinic-participacion-de-la-dra-marta-vilavella\/","og_locale":"es_ES","og_type":"article","og_title":"Vichy Longevity Clinic: Participaci\u00f3n de la Dra. Marta Vilavella -","og_description":"La Dra. Marta Vilavella participa en Vichy Longevity Clinic, abordando la longevidad y la salud cut\u00e1nea desde un enfoque cient\u00edfico integral","og_url":"https:\/\/www.idermic.es\/es\/vichy-longevity-clinic-participacion-de-la-dra-marta-vilavella\/","og_site_name":"Idermic. Dermatolog\u00eda en Terrassa","article_publisher":"https:\/\/www.facebook.com\/Idermic","article_published_time":"2026-03-24T08:33:34+00:00","article_modified_time":"2026-06-06T06:38:24+00:00","og_image":[{"width":900,"height":861,"url":"https:\/\/www.idermic.es\/wp-content\/uploads\/2026\/03\/Vichy-Longevity-Clinic.jpg","type":"image\/jpeg"}],"author":"Equipo","twitter_card":"summary_large_image","twitter_creator":"@idermic","twitter_site":"@idermic","twitter_misc":{"Escrito por":"Equipo","Tiempo de lectura":"4 minutos"},"schema":{"@context":"https:\/\/schema.org","@graph":[{"@type":"Article","@id":"https:\/\/www.idermic.es\/es\/vichy-longevity-clinic-participacion-de-la-dra-marta-vilavella\/#article","isPartOf":{"@id":"https:\/\/www.idermic.es\/es\/vichy-longevity-clinic-participacion-de-la-dra-marta-vilavella\/"},"author":{"name":"Equipo","@id":"https:\/\/www.idermic.es\/#\/schema\/person\/c12703027a878b23d3c71c87921a82f8"},"headline":"Vichy Longevity Clinic: Participaci\u00f3n de la Dra. Marta Vilavella","datePublished":"2026-03-24T08:33:34+00:00","dateModified":"2026-06-06T06:38:24+00:00","mainEntityOfPage":{"@id":"https:\/\/www.idermic.es\/es\/vichy-longevity-clinic-participacion-de-la-dra-marta-vilavella\/"},"wordCount":4549,"commentCount":0,"publisher":{"@id":"https:\/\/www.idermic.es\/#organization"},"image":{"@id":"https:\/\/www.idermic.es\/es\/vichy-longevity-clinic-participacion-de-la-dra-marta-vilavella\/#primaryimage"},"thumbnailUrl":"https:\/\/www.idermic.es\/wp-content\/uploads\/2026\/03\/Vichy-Longevity-Clinic.jpg","keywords":["Eventos"],"articleSection":["Noticias"],"inLanguage":"es","potentialAction":[{"@type":"CommentAction","name":"Comment","target":["https:\/\/www.idermic.es\/es\/vichy-longevity-clinic-participacion-de-la-dra-marta-vilavella\/#respond"]}]},{"@type":"WebPage","@id":"https:\/\/www.idermic.es\/es\/vichy-longevity-clinic-participacion-de-la-dra-marta-vilavella\/","url":"https:\/\/www.idermic.es\/es\/vichy-longevity-clinic-participacion-de-la-dra-marta-vilavella\/","name":"Vichy Longevity Clinic: Participaci\u00f3n de la Dra. Marta Vilavella -","isPartOf":{"@id":"https:\/\/www.idermic.es\/#website"},"primaryImageOfPage":{"@id":"https:\/\/www.idermic.es\/es\/vichy-longevity-clinic-participacion-de-la-dra-marta-vilavella\/#primaryimage"},"image":{"@id":"https:\/\/www.idermic.es\/es\/vichy-longevity-clinic-participacion-de-la-dra-marta-vilavella\/#primaryimage"},"thumbnailUrl":"https:\/\/www.idermic.es\/wp-content\/uploads\/2026\/03\/Vichy-Longevity-Clinic.jpg","datePublished":"2026-03-24T08:33:34+00:00","dateModified":"2026-06-06T06:38:24+00:00","description":"La Dra. Marta Vilavella participa en Vichy Longevity Clinic, abordando la longevidad y la salud cut\u00e1nea desde un enfoque cient\u00edfico integral","breadcrumb":{"@id":"https:\/\/www.idermic.es\/es\/vichy-longevity-clinic-participacion-de-la-dra-marta-vilavella\/#breadcrumb"},"inLanguage":"es","potentialAction":[{"@type":"ReadAction","target":["https:\/\/www.idermic.es\/es\/vichy-longevity-clinic-participacion-de-la-dra-marta-vilavella\/"]}]},{"@type":"ImageObject","inLanguage":"es","@id":"https:\/\/www.idermic.es\/es\/vichy-longevity-clinic-participacion-de-la-dra-marta-vilavella\/#primaryimage","url":"https:\/\/www.idermic.es\/wp-content\/uploads\/2026\/03\/Vichy-Longevity-Clinic.jpg","contentUrl":"https:\/\/www.idermic.es\/wp-content\/uploads\/2026\/03\/Vichy-Longevity-Clinic.jpg","width":900,"height":861,"caption":"Vichy Longevity Clinic. Interior del Museo Mar\u00edtimo donde se organiz\u00f3 el evento"},{"@type":"BreadcrumbList","@id":"https:\/\/www.idermic.es\/es\/vichy-longevity-clinic-participacion-de-la-dra-marta-vilavella\/#breadcrumb","itemListElement":[{"@type":"ListItem","position":1,"name":"Inici","item":"https:\/\/www.idermic.es\/es\/"},{"@type":"ListItem","position":2,"name":"Vichy Longevity Clinic: Participaci\u00f3n de la Dra. Marta Vilavella"}]},{"@type":"WebSite","@id":"https:\/\/www.idermic.es\/#website","url":"https:\/\/www.idermic.es\/","name":"Idermic. Dermatolog\u00eda en Terrassa","description":"Dermatolog\u00eda, Medicina est\u00e9tica, Cirurg\u00eda Pl\u00e0stica","publisher":{"@id":"https:\/\/www.idermic.es\/#organization"},"potentialAction":[{"@type":"SearchAction","target":{"@type":"EntryPoint","urlTemplate":"https:\/\/www.idermic.es\/?s={search_term_string}"},"query-input":{"@type":"PropertyValueSpecification","valueRequired":true,"valueName":"search_term_string"}}],"inLanguage":"es"},{"@type":"Organization","@id":"https:\/\/www.idermic.es\/#organization","name":"Idermic. Dermatolog\u00eda en Terrassa","url":"https:\/\/www.idermic.es\/","logo":{"@type":"ImageObject","inLanguage":"es","@id":"https:\/\/www.idermic.es\/#\/schema\/logo\/image\/","url":"https:\/\/www.idermic.es\/wp-content\/uploads\/2025\/10\/Logo-Idermic.jpg","contentUrl":"https:\/\/www.idermic.es\/wp-content\/uploads\/2025\/10\/Logo-Idermic.jpg","width":501,"height":502,"caption":"Idermic. Dermatolog\u00eda en Terrassa"},"image":{"@id":"https:\/\/www.idermic.es\/#\/schema\/logo\/image\/"},"sameAs":["https:\/\/www.facebook.com\/Idermic","https:\/\/x.com\/idermic","https:\/\/www.instagram.com\/idermicclinic\/","https:\/\/www.youtube.com\/channel\/UCyAHC9-p8lc6hr_nguO8p_g"]},{"@type":"Person","@id":"https:\/\/www.idermic.es\/#\/schema\/person\/c12703027a878b23d3c71c87921a82f8","name":"Equipo","image":{"@type":"ImageObject","inLanguage":"es","@id":"https:\/\/secure.gravatar.com\/avatar\/7ca0be23248108c6b0887e0693b7dcf7764bd3503f84d1f04e6653ef7c3b9420?s=96&d=mm&r=g","url":"https:\/\/secure.gravatar.com\/avatar\/7ca0be23248108c6b0887e0693b7dcf7764bd3503f84d1f04e6653ef7c3b9420?s=96&d=mm&r=g","contentUrl":"https:\/\/secure.gravatar.com\/avatar\/7ca0be23248108c6b0887e0693b7dcf7764bd3503f84d1f04e6653ef7c3b9420?s=96&d=mm&r=g","caption":"Equipo"},"description":"Equipo de Idermic"}]}},"_links":{"self":[{"href":"https:\/\/www.idermic.es\/es\/wp-json\/wp\/v2\/posts\/9552","targetHints":{"allow":["GET"]}}],"collection":[{"href":"https:\/\/www.idermic.es\/es\/wp-json\/wp\/v2\/posts"}],"about":[{"href":"https:\/\/www.idermic.es\/es\/wp-json\/wp\/v2\/types\/post"}],"author":[{"embeddable":true,"href":"https:\/\/www.idermic.es\/es\/wp-json\/wp\/v2\/users\/3"}],"replies":[{"embeddable":true,"href":"https:\/\/www.idermic.es\/es\/wp-json\/wp\/v2\/comments?post=9552"}],"version-history":[{"count":8,"href":"https:\/\/www.idermic.es\/es\/wp-json\/wp\/v2\/posts\/9552\/revisions"}],"predecessor-version":[{"id":9564,"href":"https:\/\/www.idermic.es\/es\/wp-json\/wp\/v2\/posts\/9552\/revisions\/9564"}],"wp:featuredmedia":[{"embeddable":true,"href":"https:\/\/www.idermic.es\/es\/wp-json\/wp\/v2\/media\/9556"}],"wp:attachment":[{"href":"https:\/\/www.idermic.es\/es\/wp-json\/wp\/v2\/media?parent=9552"}],"wp:term":[{"taxonomy":"category","embeddable":true,"href":"https:\/\/www.idermic.es\/es\/wp-json\/wp\/v2\/categories?post=9552"},{"taxonomy":"post_tag","embeddable":true,"href":"https:\/\/www.idermic.es\/es\/wp-json\/wp\/v2\/tags?post=9552"}],"curies":[{"name":"wp","href":"https:\/\/api.w.org\/{rel}","templated":true}]}}