{"id":9431,"date":"2025-12-18T08:54:32","date_gmt":"2025-12-18T08:54:32","guid":{"rendered":"https:\/\/www.idermic.es\/?p=9431"},"modified":"2026-05-26T09:50:41","modified_gmt":"2026-05-26T09:50:41","slug":"tratamiento-con-laser-ipl-frax-tecnologia-avanzada-para-mejorar-la-calidad-de-la-piel","status":"publish","type":"post","link":"https:\/\/www.idermic.es\/es\/tratamiento-con-laser-ipl-frax-tecnologia-avanzada-para-mejorar-la-calidad-de-la-piel\/","title":{"rendered":"Tratamiento con l\u00e1ser IPL + FRAX: tecnolog\u00eda avanzada para mejorar la calidad de la piel"},"content":{"rendered":"<p><div class=\"fusion-fullwidth fullwidth-box fusion-builder-row-1 nonhundred-percent-fullwidth non-hundred-percent-height-scrolling\" style=\"--awb-border-radius-top-left:0px;--awb-border-radius-top-right:0px;--awb-border-radius-bottom-right:0px;--awb-border-radius-bottom-left:0px;--awb-flex-wrap:wrap;\" ><div class=\"fusion-builder-row fusion-row\"><div class=\"fusion-layout-column fusion_builder_column fusion-builder-column-0 fusion_builder_column_1_1 1_1 fusion-one-full fusion-column-first fusion-column-last\" style=\"--awb-bg-size:cover;\"><div class=\"fusion-column-wrapper fusion-flex-column-wrapper-legacy\"><div class=\"fusion-text fusion-text-1\"><h1 style=\"text-align: center;\">Tratamiento con l\u00e1ser IPL + FRAX: tecnolog\u00eda avanzada para mejorar la calidad de la piel<\/h1>\n<\/div><div class=\"fusion-clearfix\"><\/div><\/div><\/div><\/div><\/div><div class=\"fusion-fullwidth fullwidth-box fusion-builder-row-2 nonhundred-percent-fullwidth non-hundred-percent-height-scrolling\" style=\"--awb-border-radius-top-left:0px;--awb-border-radius-top-right:0px;--awb-border-radius-bottom-right:0px;--awb-border-radius-bottom-left:0px;--awb-flex-wrap:wrap;\" ><div class=\"fusion-builder-row fusion-row\"><div class=\"fusion-layout-column fusion_builder_column fusion-builder-column-1 fusion_builder_column_2_3 2_3 fusion-two-third fusion-column-first\" style=\"--awb-bg-size:cover;width:66.666666666667%;width:calc(66.666666666667% - ( ( 4% ) * 0.66666666666667 ) );margin-right: 4%;\"><div class=\"fusion-column-wrapper fusion-flex-column-wrapper-legacy\"><div class=\"fusion-text fusion-text-2\"><p data-start=\"92\" data-end=\"555\">El <strong data-start=\"95\" data-end=\"131\">tratamiento con l\u00e1ser IPL + FRAX<\/strong> es una de las tecnolog\u00edas m\u00e1s avanzadas utilizadas actualmente en dermatolog\u00eda est\u00e9tica para mejorar la calidad de la piel, tratar signos de envejecimiento y corregir diversas alteraciones cut\u00e1neas. Este procedimiento combina dos t\u00e9cnicas complementarias \u2014la <strong data-start=\"391\" data-end=\"420\">luz pulsada intensa (IPL)<\/strong> y el <strong data-start=\"426\" data-end=\"453\">l\u00e1ser fraccional (FRAX)<\/strong>\u2014 que permiten actuar en diferentes capas de la piel para obtener resultados m\u00e1s completos y visibles.<\/p>\n<p data-start=\"557\" data-end=\"963\">La combinaci\u00f3n de estas dos tecnolog\u00edas permite tratar simult\u00e1neamente <strong data-start=\"628\" data-end=\"713\"><a href=\"https:\/\/www.idermic.es\/es\/manchas-en-piel-fotos-y-tratamiento-con-laser\/\">manchas<\/a>, arrugas finas, textura irregular, <a href=\"https:\/\/www.idermic.es\/es\/poros-dilatados-tratamientos-mas-efectivos\/\">poros dilatados<\/a> o falta de luminosidad<\/strong>, favoreciendo la regeneraci\u00f3n cut\u00e1nea. Gracias a su enfoque integral, el IPL + FRAX se ha convertido en un tratamiento muy valorado por pacientes que desean mejorar el aspecto de su piel de forma progresiva y sin recurrir a procedimientos invasivos.<\/p>\n<\/div><div class=\"fusion-clearfix\"><\/div><\/div><\/div><div class=\"fusion-layout-column fusion_builder_column fusion-builder-column-2 fusion_builder_column_1_3 1_3 fusion-one-third fusion-column-last\" style=\"--awb-bg-size:cover;width:33.333333333333%;width:calc(33.333333333333% - ( ( 4% ) * 0.33333333333333 ) );\"><div class=\"fusion-column-wrapper fusion-flex-column-wrapper-legacy\"><div class=\"fusion-image-element in-legacy-container\" style=\"--awb-caption-title-font-family:var(--h2_typography-font-family);--awb-caption-title-font-weight:var(--h2_typography-font-weight);--awb-caption-title-font-style:var(--h2_typography-font-style);--awb-caption-title-size:var(--h2_typography-font-size);--awb-caption-title-transform:var(--h2_typography-text-transform);--awb-caption-title-line-height:var(--h2_typography-line-height);--awb-caption-title-letter-spacing:var(--h2_typography-letter-spacing);\"><span class=\" fusion-imageframe imageframe-none imageframe-1 hover-type-none\"><img decoding=\"async\" width=\"236\" height=\"300\" alt=\"Tratamiento con l\u00e1ser IPL + FRAX\" title=\"IPL+ Frax\" src=\"https:\/\/www.idermic.es\/wp-content\/uploads\/2025\/12\/IPL-Frax-236x300.jpg\" class=\"img-responsive wp-image-9439\" srcset=\"https:\/\/www.idermic.es\/wp-content\/uploads\/2025\/12\/IPL-Frax-200x255.jpg 200w, https:\/\/www.idermic.es\/wp-content\/uploads\/2025\/12\/IPL-Frax-400x509.jpg 400w, https:\/\/www.idermic.es\/wp-content\/uploads\/2025\/12\/IPL-Frax.jpg 411w\" sizes=\"(max-width: 800px) 100vw, 400px\" \/><\/span><\/div><div class=\"fusion-clearfix\"><\/div><\/div><\/div><\/div><\/div><div class=\"fusion-fullwidth fullwidth-box fusion-builder-row-3 nonhundred-percent-fullwidth non-hundred-percent-height-scrolling\" style=\"--awb-border-radius-top-left:0px;--awb-border-radius-top-right:0px;--awb-border-radius-bottom-right:0px;--awb-border-radius-bottom-left:0px;--awb-flex-wrap:wrap;\" ><div class=\"fusion-builder-row fusion-row\"><div class=\"fusion-layout-column fusion_builder_column fusion-builder-column-3 fusion_builder_column_1_1 1_1 fusion-one-full fusion-column-first fusion-column-last\" style=\"--awb-bg-size:cover;\"><div class=\"fusion-column-wrapper fusion-flex-column-wrapper-legacy\"><div class=\"fusion-text fusion-text-3\"><h2 data-section-id=\"1xemsat\" data-start=\"965\" data-end=\"1009\">En qu\u00e9 consiste el tratamiento IPL + FRAX<\/h2>\n<p data-start=\"1011\" data-end=\"1127\">El tratamiento IPL + FRAX combina dos sistemas de energ\u00eda lum\u00ednica que act\u00faan de forma complementaria sobre la piel.<\/p>\n<p data-start=\"1129\" data-end=\"1414\">La <strong data-start=\"1132\" data-end=\"1161\">luz pulsada intensa (IPL)<\/strong> emite pulsos de luz de diferentes longitudes de onda que penetran en la piel y act\u00faan principalmente sobre pigmentaciones y vasos sangu\u00edneos superficiales. Esta tecnolog\u00eda se utiliza para tratar manchas solares, rojeces o alteraciones del tono cut\u00e1neo.<\/p>\n<p data-start=\"1416\" data-end=\"1700\">Por su parte, el <strong data-start=\"1433\" data-end=\"1460\">l\u00e1ser fraccional (FRAX)<\/strong> act\u00faa creando microcolumnas de energ\u00eda t\u00e9rmica en la piel que estimulan la regeneraci\u00f3n del tejido y la producci\u00f3n de col\u00e1geno. Este proceso activa los mecanismos naturales de reparaci\u00f3n cut\u00e1nea, favoreciendo una piel m\u00e1s firme y uniforme.<\/p>\n<p data-start=\"1702\" data-end=\"1881\">Al combinar ambas tecnolog\u00edas en un mismo tratamiento se consigue actuar sobre diferentes problemas de la piel al mismo tiempo, logrando una <strong data-start=\"1843\" data-end=\"1880\">mejora global del aspecto cut\u00e1neo<\/strong>.<\/p>\n<h2 data-section-id=\"6lqhg\" data-start=\"1883\" data-end=\"1924\">C\u00f3mo act\u00faa el IPL + FRAX sobre la piel<\/h2>\n<p data-start=\"259\" data-end=\"945\">La combinaci\u00f3n de <strong data-start=\"277\" data-end=\"306\">luz pulsada intensa (IPL)<\/strong> y <strong data-start=\"309\" data-end=\"336\">l\u00e1ser fraccional (FRAX)<\/strong> permite abordar m\u00faltiples alteraciones cut\u00e1neas desde diferentes niveles de la piel. Mientras la tecnolog\u00eda IPL trabaja principalmente sobre el tono y las pigmentaciones superficiales, el l\u00e1ser fraccional act\u00faa estimulando la regeneraci\u00f3n de las capas m\u00e1s profundas. Esta acci\u00f3n complementaria permite tratar simult\u00e1neamente problemas como manchas solares, rojeces, textura irregular o signos iniciales de envejecimiento. Gracias a este enfoque combinado, el tratamiento no se limita a mejorar un \u00fanico aspecto de la piel, sino que contribuye a una <strong data-start=\"886\" data-end=\"944\">mejora global de su calidad, luminosidad y uniformidad<\/strong>.<\/p>\n<h3 data-section-id=\"1ck4uc0\" data-start=\"947\" data-end=\"981\">Correcci\u00f3n del tono de la piel<\/h3>\n<p data-start=\"983\" data-end=\"1664\">Uno de los efectos m\u00e1s visibles del tratamiento IPL es la mejora del tono cut\u00e1neo. Con el paso del tiempo, factores como la exposici\u00f3n solar, el envejecimiento o determinadas alteraciones hormonales pueden provocar manchas, pigmentaciones irregulares o rojeces persistentes en la piel. La luz pulsada intensa act\u00faa sobre los pigmentos responsables de estas alteraciones, fragment\u00e1ndolos y facilitando su eliminaci\u00f3n progresiva por el propio organismo. De este modo, el tratamiento contribuye a recuperar un <strong data-start=\"1490\" data-end=\"1530\">tono de piel m\u00e1s uniforme y luminoso<\/strong>, reduciendo la apariencia de manchas solares, lentigos o peque\u00f1as dilataciones vasculares que afectan al aspecto est\u00e9tico de la piel.<\/p>\n<h3 data-section-id=\"1hs4jhc\" data-start=\"1666\" data-end=\"1695\">Estimulaci\u00f3n del col\u00e1geno<\/h3>\n<p data-start=\"1697\" data-end=\"2369\">El l\u00e1ser fraccional FRAX act\u00faa mediante la creaci\u00f3n de microcolumnas t\u00e9rmicas controladas en la piel. Estas microlesiones activan los mecanismos naturales de reparaci\u00f3n del organismo, estimulando la producci\u00f3n de col\u00e1geno y elastina. Estas prote\u00ednas son fundamentales para mantener la firmeza, elasticidad y estructura de la piel. Con el paso de las semanas tras el tratamiento, el aumento de col\u00e1geno contribuye a mejorar la calidad del tejido cut\u00e1neo, aportando mayor firmeza y reduciendo la apariencia de arrugas finas o signos iniciales de flacidez. Este proceso de regeneraci\u00f3n progresiva permite que la piel recupere un <strong data-start=\"2323\" data-end=\"2368\">aspecto m\u00e1s joven, saludable y resistente<\/strong>.<\/p>\n<h3 data-section-id=\"40vokm\" data-start=\"2371\" data-end=\"2403\">Mejora de la textura cut\u00e1nea<\/h3>\n<p data-start=\"2405\" data-end=\"3027\">Adem\u00e1s de actuar sobre manchas o arrugas, el tratamiento IPL + FRAX tambi\u00e9n contribuye a mejorar la textura general de la piel. Muchas personas presentan irregularidades superficiales como poros dilatados, peque\u00f1as cicatrices, marcas de acn\u00e9 o una superficie cut\u00e1nea poco uniforme. El l\u00e1ser fraccional favorece la renovaci\u00f3n celular y la reorganizaci\u00f3n de las fibras de col\u00e1geno, lo que permite refinar progresivamente la textura de la piel. Como resultado, la piel suele percibirse <strong data-start=\"2888\" data-end=\"2945\">m\u00e1s suave, m\u00e1s uniforme y con un aspecto m\u00e1s luminoso<\/strong>, lo que contribuye a mejorar el aspecto global del rostro y otras zonas tratadas.<\/p>\n<h2 data-section-id=\"yl1kcw\" data-start=\"3377\" data-end=\"3433\">Situaciones en las que se recomienda este tratamiento<\/h2>\n<p data-start=\"3435\" data-end=\"3592\">El l\u00e1ser IPL + FRAX puede ser una opci\u00f3n adecuada para pacientes que desean mejorar el estado general de su piel o tratar determinadas alteraciones cut\u00e1neas.<\/p>\n<h3 data-section-id=\"xtmzcj\" data-start=\"3594\" data-end=\"3626\">Signos de fotoenvejecimiento<\/h3>\n<p data-start=\"3628\" data-end=\"3838\">La exposici\u00f3n prolongada al sol puede provocar manchas, p\u00e9rdida de elasticidad y textura irregular en la piel. El tratamiento ayuda a <strong data-start=\"3762\" data-end=\"3837\">corregir parte de estos efectos y mejorar el aspecto general del rostro<\/strong>.<\/p>\n<h3 data-section-id=\"12p95wn\" data-start=\"3840\" data-end=\"3860\">Manchas cut\u00e1neas<\/h3>\n<p data-start=\"3862\" data-end=\"4074\">Las manchas solares o las alteraciones del tono cut\u00e1neo son uno de los motivos m\u00e1s frecuentes de consulta dermatol\u00f3gica. La luz pulsada intensa puede ayudar a <strong data-start=\"4021\" data-end=\"4073\">reducir estas pigmentaciones de forma progresiva<\/strong>.<\/p>\n<h3 data-section-id=\"sqk0oe\" data-start=\"4076\" data-end=\"4106\">Piel con textura irregular<\/h3>\n<p data-start=\"4108\" data-end=\"4279\">Cuando la piel presenta poros dilatados, peque\u00f1as cicatrices o irregularidades, el l\u00e1ser fraccional puede contribuir a <strong data-start=\"4227\" data-end=\"4278\">refinar la textura cut\u00e1nea y mejorar su aspecto<\/strong>.<\/p>\n<h3 data-section-id=\"1ibc1fn\" data-start=\"4281\" data-end=\"4307\">P\u00e9rdida de luminosidad<\/h3>\n<p data-start=\"4309\" data-end=\"4436\">En pieles apagadas o con aspecto fatigado, el tratamiento puede ayudar a recuperar una <strong data-start=\"4396\" data-end=\"4435\">apariencia m\u00e1s luminosa y saludable<\/strong>.<\/p>\n<h2 data-section-id=\"1sjogbl\" data-start=\"4438\" data-end=\"4482\">Zonas donde puede aplicarse el IPL + FRAX<\/h2>\n<p data-start=\"4484\" data-end=\"4651\">Aunque el rostro es la zona m\u00e1s habitual, esta tecnolog\u00eda puede utilizarse en diferentes \u00e1reas del cuerpo donde la piel presenta signos de envejecimiento o da\u00f1o solar.<\/p>\n<p data-section-id=\"pt3lmp\" data-start=\"4653\" data-end=\"4663\"><strong>Rostro: <\/strong>El tratamiento facial permite mejorar manchas, textura cut\u00e1nea, luminosidad y arrugas finas.<\/p>\n<p data-section-id=\"exuzne\" data-start=\"4759\" data-end=\"4769\"><strong>Cuello: <\/strong>La piel del cuello es especialmente sensible al envejecimiento. El tratamiento puede ayudar a mejorar su textura y uniformidad.<\/p>\n<p data-section-id=\"g49lrh\" data-start=\"4900\" data-end=\"4910\"><strong>Escote: <\/strong>El <a href=\"https:\/\/www.idermic.es\/es\/biorevitalizacion-del-escote\/\"><strong>escote<\/strong><\/a> suele estar expuesto al sol y puede presentar manchas o p\u00e9rdida de elasticidad. El IPL + FRAX puede contribuir a mejorar su aspecto.<\/p>\n<p data-section-id=\"73gye0\" data-start=\"5056\" data-end=\"5065\"><strong>Manos: <\/strong>Las manos tambi\u00e9n reflejan el paso del tiempo. Este tratamiento puede ayudar a mejorar manchas y calidad de la piel en esta zona.<\/p>\n<h2 data-section-id=\"gzmsvl\" data-start=\"5198\" data-end=\"5260\">Ventajas del tratamiento IPL + FRAX frente a otras t\u00e9cnicas<\/h2>\n<p data-start=\"5262\" data-end=\"5367\">La combinaci\u00f3n de tecnolog\u00edas ofrece varias ventajas frente a tratamientos que utilizan un \u00fanico sistema.<\/p>\n<p data-section-id=\"1d4iape\" data-start=\"5369\" data-end=\"5404\"><strong>Tratamiento integral de la piel: <\/strong>Al actuar tanto sobre pigmentaciones como sobre la textura cut\u00e1nea, permite abordar diferentes problemas en una misma sesi\u00f3n.<\/p>\n<p data-section-id=\"mair36\" data-start=\"5533\" data-end=\"5568\"><strong>Estimulaci\u00f3n natural de la piel: <\/strong>El l\u00e1ser fraccional estimula los procesos naturales de regeneraci\u00f3n cut\u00e1nea, favoreciendo resultados progresivos.<\/p>\n<p data-section-id=\"126sefv\" data-start=\"5685\" data-end=\"5723\"><strong>Procedimiento m\u00ednimamente invasivo: <\/strong>El tratamiento se realiza sin cirug\u00eda y generalmente permite retomar la actividad habitual en poco tiempo.<\/p>\n<p data-section-id=\"1ri0ath\" data-start=\"5833\" data-end=\"5871\"><strong>Resultados progresivos y naturales: <\/strong>La mejora de la piel se produce gradualmente, lo que contribuye a que los cambios sean discretos y naturales.<\/p>\n<h2 data-section-id=\"u3ssfc\" data-start=\"5984\" data-end=\"6050\">Un tratamiento orientado a mejorar la calidad global de la piel<\/h2>\n<p data-start=\"6052\" data-end=\"6434\">El tratamiento con l\u00e1ser IPL + FRAX se ha convertido en una herramienta eficaz dentro de la dermatolog\u00eda est\u00e9tica para mejorar el tono, la textura y la calidad general de la piel. Su capacidad para actuar sobre diferentes alteraciones cut\u00e1neas y estimular la regeneraci\u00f3n del tejido lo convierte en una opci\u00f3n interesante para quienes buscan rejuvenecer su piel de forma progresiva.<\/p>\n<p data-start=\"6436\" data-end=\"6623\">Para obtener resultados adecuados y seguros, es fundamental realizar siempre una valoraci\u00f3n dermatol\u00f3gica previa que permita adaptar el tratamiento a las caracter\u00edsticas de cada paciente.<\/p>\n<p data-start=\"6625\" data-end=\"6970\" data-is-last-node=\"\" data-is-only-node=\"\">En este contexto, la cl\u00ednica<strong data-start=\"1206\" data-end=\"1240\"> Idermic, <\/strong>tu<a href=\"https:\/\/www.idermic.es\/\"><strong data-start=\"1206\" data-end=\"1240\"> dermat\u00f3logo en Terrassa<\/strong><\/a> \u00a0se ha consolidado como un centro de referencia en tratamientos dermatol\u00f3gicos avanzados, incluyendo tecnolog\u00edas como el l\u00e1ser IPL + FRAX, aplicadas dentro de un enfoque m\u00e9dico orientado a mejorar la salud y la calidad de la piel mediante procedimientos seguros y personalizados.<\/p>\n<\/div><div class=\"fusion-clearfix\"><\/div><\/div><\/div><\/div><\/div><\/p>\n","protected":false},"excerpt":{"rendered":"<p>Tratamiento l\u00e1ser IPL + FRAX: tecnolog\u00eda dermatol\u00f3gica para mejorar manchas, textura y luminosidad de la piel estimulando su regeneraci\u00f3n natural.<\/p>\n","protected":false},"author":3,"featured_media":9436,"comment_status":"open","ping_status":"closed","sticky":false,"template":"","format":"standard","meta":{"_joinchat":[],"footnotes":""},"categories":[60,37],"tags":[],"class_list":["post-9431","post","type-post","status-publish","format-standard","has-post-thumbnail","hentry","category-dermatologia-estetica-es","category-tecnologia"],"yoast_head":"<!-- This site is optimized with the Yoast SEO plugin v28.4 - https:\/\/yoast.com\/product\/yoast-seo-wordpress\/ -->\n<title>Tratamiento con l\u00e1ser IPL + FRAX: tecnolog\u00eda avanzada para mejorar la calidad de la piel -<\/title>\n<meta name=\"description\" content=\"Tratamiento l\u00e1ser IPL + FRAX: tecnolog\u00eda dermatol\u00f3gica para mejorar manchas, textura y luminosidad de la piel estimulando su regeneraci\u00f3n.\" \/>\n<meta name=\"robots\" content=\"index, follow, max-snippet:-1, max-image-preview:large, max-video-preview:-1\" \/>\n<link rel=\"canonical\" href=\"https:\/\/www.idermic.es\/es\/tratamiento-con-laser-ipl-frax-tecnologia-avanzada-para-mejorar-la-calidad-de-la-piel\/\" \/>\n<meta property=\"og:locale\" content=\"es_ES\" \/>\n<meta property=\"og:type\" content=\"article\" \/>\n<meta property=\"og:title\" content=\"Tratamiento con l\u00e1ser IPL + FRAX: tecnolog\u00eda avanzada para mejorar la calidad de la piel -\" \/>\n<meta property=\"og:description\" content=\"Tratamiento l\u00e1ser IPL + FRAX: tecnolog\u00eda dermatol\u00f3gica para mejorar manchas, textura y luminosidad de la piel estimulando su regeneraci\u00f3n.\" \/>\n<meta property=\"og:url\" content=\"https:\/\/www.idermic.es\/es\/tratamiento-con-laser-ipl-frax-tecnologia-avanzada-para-mejorar-la-calidad-de-la-piel\/\" \/>\n<meta property=\"og:site_name\" content=\"Idermic. Dermatolog\u00eda en Terrassa\" \/>\n<meta property=\"article:publisher\" content=\"https:\/\/www.facebook.com\/Idermic\" \/>\n<meta property=\"article:published_time\" content=\"2025-12-18T08:54:32+00:00\" \/>\n<meta property=\"article:modified_time\" content=\"2026-05-26T09:50:41+00:00\" \/>\n<meta property=\"og:image\" content=\"https:\/\/www.idermic.es\/wp-content\/uploads\/2025\/12\/Tratamiento-con-laser-IPL-FRAX-1.png\" \/>\n\t<meta property=\"og:image:width\" content=\"900\" \/>\n\t<meta property=\"og:image:height\" content=\"600\" \/>\n\t<meta property=\"og:image:type\" content=\"image\/png\" \/>\n<meta name=\"author\" content=\"Equipo\" \/>\n<meta name=\"twitter:card\" content=\"summary_large_image\" \/>\n<meta name=\"twitter:creator\" content=\"@idermic\" \/>\n<meta name=\"twitter:site\" content=\"@idermic\" \/>\n<meta name=\"twitter:label1\" content=\"Escrito por\" \/>\n\t<meta name=\"twitter:data1\" content=\"Equipo\" \/>\n\t<meta name=\"twitter:label2\" content=\"Tiempo de lectura\" \/>\n\t<meta name=\"twitter:data2\" content=\"8 minutos\" \/>\n<script type=\"application\/ld+json\" class=\"yoast-schema-graph\">{\"@context\":\"https:\\\/\\\/schema.org\",\"@graph\":[{\"@type\":\"Article\",\"@id\":\"https:\\\/\\\/www.idermic.es\\\/es\\\/tratamiento-con-laser-ipl-frax-tecnologia-avanzada-para-mejorar-la-calidad-de-la-piel\\\/#article\",\"isPartOf\":{\"@id\":\"https:\\\/\\\/www.idermic.es\\\/es\\\/tratamiento-con-laser-ipl-frax-tecnologia-avanzada-para-mejorar-la-calidad-de-la-piel\\\/\"},\"author\":{\"name\":\"Equipo\",\"@id\":\"https:\\\/\\\/www.idermic.es\\\/#\\\/schema\\\/person\\\/c12703027a878b23d3c71c87921a82f8\"},\"headline\":\"Tratamiento con l\u00e1ser IPL + FRAX: tecnolog\u00eda avanzada para mejorar la calidad de la piel\",\"datePublished\":\"2025-12-18T08:54:32+00:00\",\"dateModified\":\"2026-05-26T09:50:41+00:00\",\"mainEntityOfPage\":{\"@id\":\"https:\\\/\\\/www.idermic.es\\\/es\\\/tratamiento-con-laser-ipl-frax-tecnologia-avanzada-para-mejorar-la-calidad-de-la-piel\\\/\"},\"wordCount\":2760,\"commentCount\":0,\"publisher\":{\"@id\":\"https:\\\/\\\/www.idermic.es\\\/#organization\"},\"image\":{\"@id\":\"https:\\\/\\\/www.idermic.es\\\/es\\\/tratamiento-con-laser-ipl-frax-tecnologia-avanzada-para-mejorar-la-calidad-de-la-piel\\\/#primaryimage\"},\"thumbnailUrl\":\"https:\\\/\\\/www.idermic.es\\\/wp-content\\\/uploads\\\/2025\\\/12\\\/Tratamiento-con-laser-IPL-FRAX-1.png\",\"articleSection\":[\"Dermatologia est\u00e8tica\",\"Tecnolog\u00eda\"],\"inLanguage\":\"es\",\"potentialAction\":[{\"@type\":\"CommentAction\",\"name\":\"Comment\",\"target\":[\"https:\\\/\\\/www.idermic.es\\\/es\\\/tratamiento-con-laser-ipl-frax-tecnologia-avanzada-para-mejorar-la-calidad-de-la-piel\\\/#respond\"]}]},{\"@type\":\"WebPage\",\"@id\":\"https:\\\/\\\/www.idermic.es\\\/es\\\/tratamiento-con-laser-ipl-frax-tecnologia-avanzada-para-mejorar-la-calidad-de-la-piel\\\/\",\"url\":\"https:\\\/\\\/www.idermic.es\\\/es\\\/tratamiento-con-laser-ipl-frax-tecnologia-avanzada-para-mejorar-la-calidad-de-la-piel\\\/\",\"name\":\"Tratamiento con l\u00e1ser IPL + FRAX: tecnolog\u00eda avanzada para mejorar la calidad de la piel -\",\"isPartOf\":{\"@id\":\"https:\\\/\\\/www.idermic.es\\\/#website\"},\"primaryImageOfPage\":{\"@id\":\"https:\\\/\\\/www.idermic.es\\\/es\\\/tratamiento-con-laser-ipl-frax-tecnologia-avanzada-para-mejorar-la-calidad-de-la-piel\\\/#primaryimage\"},\"image\":{\"@id\":\"https:\\\/\\\/www.idermic.es\\\/es\\\/tratamiento-con-laser-ipl-frax-tecnologia-avanzada-para-mejorar-la-calidad-de-la-piel\\\/#primaryimage\"},\"thumbnailUrl\":\"https:\\\/\\\/www.idermic.es\\\/wp-content\\\/uploads\\\/2025\\\/12\\\/Tratamiento-con-laser-IPL-FRAX-1.png\",\"datePublished\":\"2025-12-18T08:54:32+00:00\",\"dateModified\":\"2026-05-26T09:50:41+00:00\",\"description\":\"Tratamiento l\u00e1ser IPL + FRAX: tecnolog\u00eda dermatol\u00f3gica para mejorar manchas, textura y luminosidad de la piel estimulando su regeneraci\u00f3n.\",\"breadcrumb\":{\"@id\":\"https:\\\/\\\/www.idermic.es\\\/es\\\/tratamiento-con-laser-ipl-frax-tecnologia-avanzada-para-mejorar-la-calidad-de-la-piel\\\/#breadcrumb\"},\"inLanguage\":\"es\",\"potentialAction\":[{\"@type\":\"ReadAction\",\"target\":[\"https:\\\/\\\/www.idermic.es\\\/es\\\/tratamiento-con-laser-ipl-frax-tecnologia-avanzada-para-mejorar-la-calidad-de-la-piel\\\/\"]}]},{\"@type\":\"ImageObject\",\"inLanguage\":\"es\",\"@id\":\"https:\\\/\\\/www.idermic.es\\\/es\\\/tratamiento-con-laser-ipl-frax-tecnologia-avanzada-para-mejorar-la-calidad-de-la-piel\\\/#primaryimage\",\"url\":\"https:\\\/\\\/www.idermic.es\\\/wp-content\\\/uploads\\\/2025\\\/12\\\/Tratamiento-con-laser-IPL-FRAX-1.png\",\"contentUrl\":\"https:\\\/\\\/www.idermic.es\\\/wp-content\\\/uploads\\\/2025\\\/12\\\/Tratamiento-con-laser-IPL-FRAX-1.png\",\"width\":900,\"height\":600,\"caption\":\"Tratamiento con l\u00e1ser IPL + FRAX: tecnolog\u00eda avanzada para mejorar la calidad de la piel\"},{\"@type\":\"BreadcrumbList\",\"@id\":\"https:\\\/\\\/www.idermic.es\\\/es\\\/tratamiento-con-laser-ipl-frax-tecnologia-avanzada-para-mejorar-la-calidad-de-la-piel\\\/#breadcrumb\",\"itemListElement\":[{\"@type\":\"ListItem\",\"position\":1,\"name\":\"Inici\",\"item\":\"https:\\\/\\\/www.idermic.es\\\/es\\\/\"},{\"@type\":\"ListItem\",\"position\":2,\"name\":\"Tratamiento con l\u00e1ser IPL + FRAX: tecnolog\u00eda avanzada para mejorar la calidad de la piel\"}]},{\"@type\":\"WebSite\",\"@id\":\"https:\\\/\\\/www.idermic.es\\\/#website\",\"url\":\"https:\\\/\\\/www.idermic.es\\\/\",\"name\":\"Idermic. Dermatolog\u00eda en Terrassa\",\"description\":\"Dermatolog\u00eda, Medicina est\u00e9tica, Cirurg\u00eda Pl\u00e0stica\",\"publisher\":{\"@id\":\"https:\\\/\\\/www.idermic.es\\\/#organization\"},\"potentialAction\":[{\"@type\":\"SearchAction\",\"target\":{\"@type\":\"EntryPoint\",\"urlTemplate\":\"https:\\\/\\\/www.idermic.es\\\/?s={search_term_string}\"},\"query-input\":{\"@type\":\"PropertyValueSpecification\",\"valueRequired\":true,\"valueName\":\"search_term_string\"}}],\"inLanguage\":\"es\"},{\"@type\":\"Organization\",\"@id\":\"https:\\\/\\\/www.idermic.es\\\/#organization\",\"name\":\"Idermic. Dermatolog\u00eda en Terrassa\",\"url\":\"https:\\\/\\\/www.idermic.es\\\/\",\"logo\":{\"@type\":\"ImageObject\",\"inLanguage\":\"es\",\"@id\":\"https:\\\/\\\/www.idermic.es\\\/#\\\/schema\\\/logo\\\/image\\\/\",\"url\":\"https:\\\/\\\/www.idermic.es\\\/wp-content\\\/uploads\\\/2025\\\/10\\\/Logo-Idermic.jpg\",\"contentUrl\":\"https:\\\/\\\/www.idermic.es\\\/wp-content\\\/uploads\\\/2025\\\/10\\\/Logo-Idermic.jpg\",\"width\":501,\"height\":502,\"caption\":\"Idermic. Dermatolog\u00eda en Terrassa\"},\"image\":{\"@id\":\"https:\\\/\\\/www.idermic.es\\\/#\\\/schema\\\/logo\\\/image\\\/\"},\"sameAs\":[\"https:\\\/\\\/www.facebook.com\\\/Idermic\",\"https:\\\/\\\/x.com\\\/idermic\",\"https:\\\/\\\/www.instagram.com\\\/idermicclinic\\\/\",\"https:\\\/\\\/www.youtube.com\\\/channel\\\/UCyAHC9-p8lc6hr_nguO8p_g\"]},{\"@type\":\"Person\",\"@id\":\"https:\\\/\\\/www.idermic.es\\\/#\\\/schema\\\/person\\\/c12703027a878b23d3c71c87921a82f8\",\"name\":\"Equipo\",\"image\":{\"@type\":\"ImageObject\",\"inLanguage\":\"es\",\"@id\":\"https:\\\/\\\/secure.gravatar.com\\\/avatar\\\/7ca0be23248108c6b0887e0693b7dcf7764bd3503f84d1f04e6653ef7c3b9420?s=96&d=mm&r=g\",\"url\":\"https:\\\/\\\/secure.gravatar.com\\\/avatar\\\/7ca0be23248108c6b0887e0693b7dcf7764bd3503f84d1f04e6653ef7c3b9420?s=96&d=mm&r=g\",\"contentUrl\":\"https:\\\/\\\/secure.gravatar.com\\\/avatar\\\/7ca0be23248108c6b0887e0693b7dcf7764bd3503f84d1f04e6653ef7c3b9420?s=96&d=mm&r=g\",\"caption\":\"Equipo\"},\"description\":\"Equipo de Idermic\"}]}<\/script>\n<!-- \/ Yoast SEO plugin. -->","yoast_head_json":{"title":"Tratamiento con l\u00e1ser IPL + FRAX: tecnolog\u00eda avanzada para mejorar la calidad de la piel -","description":"Tratamiento l\u00e1ser IPL + FRAX: tecnolog\u00eda dermatol\u00f3gica para mejorar manchas, textura y luminosidad de la piel estimulando su regeneraci\u00f3n.","robots":{"index":"index","follow":"follow","max-snippet":"max-snippet:-1","max-image-preview":"max-image-preview:large","max-video-preview":"max-video-preview:-1"},"canonical":"https:\/\/www.idermic.es\/es\/tratamiento-con-laser-ipl-frax-tecnologia-avanzada-para-mejorar-la-calidad-de-la-piel\/","og_locale":"es_ES","og_type":"article","og_title":"Tratamiento con l\u00e1ser IPL + FRAX: tecnolog\u00eda avanzada para mejorar la calidad de la piel -","og_description":"Tratamiento l\u00e1ser IPL + FRAX: tecnolog\u00eda dermatol\u00f3gica para mejorar manchas, textura y luminosidad de la piel estimulando su regeneraci\u00f3n.","og_url":"https:\/\/www.idermic.es\/es\/tratamiento-con-laser-ipl-frax-tecnologia-avanzada-para-mejorar-la-calidad-de-la-piel\/","og_site_name":"Idermic. Dermatolog\u00eda en Terrassa","article_publisher":"https:\/\/www.facebook.com\/Idermic","article_published_time":"2025-12-18T08:54:32+00:00","article_modified_time":"2026-05-26T09:50:41+00:00","og_image":[{"width":900,"height":600,"url":"https:\/\/www.idermic.es\/wp-content\/uploads\/2025\/12\/Tratamiento-con-laser-IPL-FRAX-1.png","type":"image\/png"}],"author":"Equipo","twitter_card":"summary_large_image","twitter_creator":"@idermic","twitter_site":"@idermic","twitter_misc":{"Escrito por":"Equipo","Tiempo de lectura":"8 minutos"},"schema":{"@context":"https:\/\/schema.org","@graph":[{"@type":"Article","@id":"https:\/\/www.idermic.es\/es\/tratamiento-con-laser-ipl-frax-tecnologia-avanzada-para-mejorar-la-calidad-de-la-piel\/#article","isPartOf":{"@id":"https:\/\/www.idermic.es\/es\/tratamiento-con-laser-ipl-frax-tecnologia-avanzada-para-mejorar-la-calidad-de-la-piel\/"},"author":{"name":"Equipo","@id":"https:\/\/www.idermic.es\/#\/schema\/person\/c12703027a878b23d3c71c87921a82f8"},"headline":"Tratamiento con l\u00e1ser IPL + FRAX: tecnolog\u00eda avanzada para mejorar la calidad de la piel","datePublished":"2025-12-18T08:54:32+00:00","dateModified":"2026-05-26T09:50:41+00:00","mainEntityOfPage":{"@id":"https:\/\/www.idermic.es\/es\/tratamiento-con-laser-ipl-frax-tecnologia-avanzada-para-mejorar-la-calidad-de-la-piel\/"},"wordCount":2760,"commentCount":0,"publisher":{"@id":"https:\/\/www.idermic.es\/#organization"},"image":{"@id":"https:\/\/www.idermic.es\/es\/tratamiento-con-laser-ipl-frax-tecnologia-avanzada-para-mejorar-la-calidad-de-la-piel\/#primaryimage"},"thumbnailUrl":"https:\/\/www.idermic.es\/wp-content\/uploads\/2025\/12\/Tratamiento-con-laser-IPL-FRAX-1.png","articleSection":["Dermatologia est\u00e8tica","Tecnolog\u00eda"],"inLanguage":"es","potentialAction":[{"@type":"CommentAction","name":"Comment","target":["https:\/\/www.idermic.es\/es\/tratamiento-con-laser-ipl-frax-tecnologia-avanzada-para-mejorar-la-calidad-de-la-piel\/#respond"]}]},{"@type":"WebPage","@id":"https:\/\/www.idermic.es\/es\/tratamiento-con-laser-ipl-frax-tecnologia-avanzada-para-mejorar-la-calidad-de-la-piel\/","url":"https:\/\/www.idermic.es\/es\/tratamiento-con-laser-ipl-frax-tecnologia-avanzada-para-mejorar-la-calidad-de-la-piel\/","name":"Tratamiento con l\u00e1ser IPL + FRAX: tecnolog\u00eda avanzada para mejorar la calidad de la piel -","isPartOf":{"@id":"https:\/\/www.idermic.es\/#website"},"primaryImageOfPage":{"@id":"https:\/\/www.idermic.es\/es\/tratamiento-con-laser-ipl-frax-tecnologia-avanzada-para-mejorar-la-calidad-de-la-piel\/#primaryimage"},"image":{"@id":"https:\/\/www.idermic.es\/es\/tratamiento-con-laser-ipl-frax-tecnologia-avanzada-para-mejorar-la-calidad-de-la-piel\/#primaryimage"},"thumbnailUrl":"https:\/\/www.idermic.es\/wp-content\/uploads\/2025\/12\/Tratamiento-con-laser-IPL-FRAX-1.png","datePublished":"2025-12-18T08:54:32+00:00","dateModified":"2026-05-26T09:50:41+00:00","description":"Tratamiento l\u00e1ser IPL + FRAX: tecnolog\u00eda dermatol\u00f3gica para mejorar manchas, textura y luminosidad de la piel estimulando su regeneraci\u00f3n.","breadcrumb":{"@id":"https:\/\/www.idermic.es\/es\/tratamiento-con-laser-ipl-frax-tecnologia-avanzada-para-mejorar-la-calidad-de-la-piel\/#breadcrumb"},"inLanguage":"es","potentialAction":[{"@type":"ReadAction","target":["https:\/\/www.idermic.es\/es\/tratamiento-con-laser-ipl-frax-tecnologia-avanzada-para-mejorar-la-calidad-de-la-piel\/"]}]},{"@type":"ImageObject","inLanguage":"es","@id":"https:\/\/www.idermic.es\/es\/tratamiento-con-laser-ipl-frax-tecnologia-avanzada-para-mejorar-la-calidad-de-la-piel\/#primaryimage","url":"https:\/\/www.idermic.es\/wp-content\/uploads\/2025\/12\/Tratamiento-con-laser-IPL-FRAX-1.png","contentUrl":"https:\/\/www.idermic.es\/wp-content\/uploads\/2025\/12\/Tratamiento-con-laser-IPL-FRAX-1.png","width":900,"height":600,"caption":"Tratamiento con l\u00e1ser IPL + FRAX: tecnolog\u00eda avanzada para mejorar la calidad de la piel"},{"@type":"BreadcrumbList","@id":"https:\/\/www.idermic.es\/es\/tratamiento-con-laser-ipl-frax-tecnologia-avanzada-para-mejorar-la-calidad-de-la-piel\/#breadcrumb","itemListElement":[{"@type":"ListItem","position":1,"name":"Inici","item":"https:\/\/www.idermic.es\/es\/"},{"@type":"ListItem","position":2,"name":"Tratamiento con l\u00e1ser IPL + FRAX: tecnolog\u00eda avanzada para mejorar la calidad de la piel"}]},{"@type":"WebSite","@id":"https:\/\/www.idermic.es\/#website","url":"https:\/\/www.idermic.es\/","name":"Idermic. Dermatolog\u00eda en Terrassa","description":"Dermatolog\u00eda, Medicina est\u00e9tica, Cirurg\u00eda Pl\u00e0stica","publisher":{"@id":"https:\/\/www.idermic.es\/#organization"},"potentialAction":[{"@type":"SearchAction","target":{"@type":"EntryPoint","urlTemplate":"https:\/\/www.idermic.es\/?s={search_term_string}"},"query-input":{"@type":"PropertyValueSpecification","valueRequired":true,"valueName":"search_term_string"}}],"inLanguage":"es"},{"@type":"Organization","@id":"https:\/\/www.idermic.es\/#organization","name":"Idermic. Dermatolog\u00eda en Terrassa","url":"https:\/\/www.idermic.es\/","logo":{"@type":"ImageObject","inLanguage":"es","@id":"https:\/\/www.idermic.es\/#\/schema\/logo\/image\/","url":"https:\/\/www.idermic.es\/wp-content\/uploads\/2025\/10\/Logo-Idermic.jpg","contentUrl":"https:\/\/www.idermic.es\/wp-content\/uploads\/2025\/10\/Logo-Idermic.jpg","width":501,"height":502,"caption":"Idermic. Dermatolog\u00eda en Terrassa"},"image":{"@id":"https:\/\/www.idermic.es\/#\/schema\/logo\/image\/"},"sameAs":["https:\/\/www.facebook.com\/Idermic","https:\/\/x.com\/idermic","https:\/\/www.instagram.com\/idermicclinic\/","https:\/\/www.youtube.com\/channel\/UCyAHC9-p8lc6hr_nguO8p_g"]},{"@type":"Person","@id":"https:\/\/www.idermic.es\/#\/schema\/person\/c12703027a878b23d3c71c87921a82f8","name":"Equipo","image":{"@type":"ImageObject","inLanguage":"es","@id":"https:\/\/secure.gravatar.com\/avatar\/7ca0be23248108c6b0887e0693b7dcf7764bd3503f84d1f04e6653ef7c3b9420?s=96&d=mm&r=g","url":"https:\/\/secure.gravatar.com\/avatar\/7ca0be23248108c6b0887e0693b7dcf7764bd3503f84d1f04e6653ef7c3b9420?s=96&d=mm&r=g","contentUrl":"https:\/\/secure.gravatar.com\/avatar\/7ca0be23248108c6b0887e0693b7dcf7764bd3503f84d1f04e6653ef7c3b9420?s=96&d=mm&r=g","caption":"Equipo"},"description":"Equipo de Idermic"}]}},"_links":{"self":[{"href":"https:\/\/www.idermic.es\/es\/wp-json\/wp\/v2\/posts\/9431","targetHints":{"allow":["GET"]}}],"collection":[{"href":"https:\/\/www.idermic.es\/es\/wp-json\/wp\/v2\/posts"}],"about":[{"href":"https:\/\/www.idermic.es\/es\/wp-json\/wp\/v2\/types\/post"}],"author":[{"embeddable":true,"href":"https:\/\/www.idermic.es\/es\/wp-json\/wp\/v2\/users\/3"}],"replies":[{"embeddable":true,"href":"https:\/\/www.idermic.es\/es\/wp-json\/wp\/v2\/comments?post=9431"}],"version-history":[{"count":6,"href":"https:\/\/www.idermic.es\/es\/wp-json\/wp\/v2\/posts\/9431\/revisions"}],"predecessor-version":[{"id":9445,"href":"https:\/\/www.idermic.es\/es\/wp-json\/wp\/v2\/posts\/9431\/revisions\/9445"}],"wp:featuredmedia":[{"embeddable":true,"href":"https:\/\/www.idermic.es\/es\/wp-json\/wp\/v2\/media\/9436"}],"wp:attachment":[{"href":"https:\/\/www.idermic.es\/es\/wp-json\/wp\/v2\/media?parent=9431"}],"wp:term":[{"taxonomy":"category","embeddable":true,"href":"https:\/\/www.idermic.es\/es\/wp-json\/wp\/v2\/categories?post=9431"},{"taxonomy":"post_tag","embeddable":true,"href":"https:\/\/www.idermic.es\/es\/wp-json\/wp\/v2\/tags?post=9431"}],"curies":[{"name":"wp","href":"https:\/\/api.w.org\/{rel}","templated":true}]}}