{"id":8673,"date":"2026-01-04T12:37:48","date_gmt":"2026-01-04T12:37:48","guid":{"rendered":"https:\/\/www.idermic.es\/?p=8673"},"modified":"2026-05-26T09:44:54","modified_gmt":"2026-05-26T09:44:54","slug":"idermic-es-2026-12-meses-12-tratamientos","status":"publish","type":"post","link":"https:\/\/www.idermic.es\/es\/idermic-es-2026-12-meses-12-tratamientos\/","title":{"rendered":"Idermic.es 2026: 12 meses 12 tratamientos"},"content":{"rendered":"<p><div class=\"fusion-fullwidth fullwidth-box fusion-builder-row-1 nonhundred-percent-fullwidth non-hundred-percent-height-scrolling\" style=\"--awb-border-radius-top-left:0px;--awb-border-radius-top-right:0px;--awb-border-radius-bottom-right:0px;--awb-border-radius-bottom-left:0px;--awb-flex-wrap:wrap;\" ><div class=\"fusion-builder-row fusion-row\"><div class=\"fusion-layout-column fusion_builder_column fusion-builder-column-0 fusion_builder_column_1_1 1_1 fusion-one-full fusion-column-first fusion-column-last\" style=\"--awb-bg-size:cover;\"><div class=\"fusion-column-wrapper fusion-flex-column-wrapper-legacy\"><div class=\"fusion-text fusion-text-1\"><h1 style=\"text-align: center;\">Idermic.es 2026: 12 meses 12 tratamientos<\/h1>\n<\/div><div class=\"fusion-clearfix\"><\/div><\/div><\/div><\/div><\/div><div class=\"fusion-fullwidth fullwidth-box fusion-builder-row-2 nonhundred-percent-fullwidth non-hundred-percent-height-scrolling\" style=\"--awb-border-radius-top-left:0px;--awb-border-radius-top-right:0px;--awb-border-radius-bottom-right:0px;--awb-border-radius-bottom-left:0px;--awb-flex-wrap:wrap;\" ><div class=\"fusion-builder-row fusion-row\"><div class=\"fusion-layout-column fusion_builder_column fusion-builder-column-1 fusion_builder_column_1_2 1_2 fusion-one-half fusion-column-first\" style=\"--awb-bg-size:cover;width:50%;width:calc(50% - ( ( 4% ) * 0.5 ) );margin-right: 4%;\"><div class=\"fusion-column-wrapper fusion-flex-column-wrapper-legacy\"><div class=\"fusion-text fusion-text-2\"><p data-start=\"136\" data-end=\"528\">La planificaci\u00f3n anual de tratamientos dermatol\u00f3gicos permite optimizar resultados teniendo en cuenta factores clave como la exposici\u00f3n solar, los tiempos de recuperaci\u00f3n y los procesos biol\u00f3gicos propios de la piel. A lo largo del a\u00f1o, la piel presenta diferentes necesidades y niveles de tolerancia a determinadas tecnolog\u00edas, lo que hace recomendable una estrategia escalonada y coherente.<\/p>\n<p data-start=\"530\" data-end=\"1052\" data-is-last-node=\"\" data-is-only-node=\"\">Desde esta perspectiva, se propone una selecci\u00f3n de doce tratamientos dermatol\u00f3gicos, uno para cada mes del a\u00f1o, que abordan de forma integral el rejuvenecimiento, la salud cut\u00e1nea y la mejora est\u00e9tica. Aunque cada tratamiento se asocia a un periodo concreto, muchos de ellos pueden realizarse en otros momentos del a\u00f1o bajo supervisi\u00f3n m\u00e9dica.<\/p>\n<\/div><div class=\"fusion-clearfix\"><\/div><\/div><\/div><div class=\"fusion-layout-column fusion_builder_column fusion-builder-column-2 fusion_builder_column_1_2 1_2 fusion-one-half fusion-column-last\" style=\"--awb-bg-size:cover;width:50%;width:calc(50% - ( ( 4% ) * 0.5 ) );\"><div class=\"fusion-column-wrapper fusion-flex-column-wrapper-legacy\"><div class=\"fusion-image-element in-legacy-container\" style=\"--awb-caption-title-font-family:var(--h2_typography-font-family);--awb-caption-title-font-weight:var(--h2_typography-font-weight);--awb-caption-title-font-style:var(--h2_typography-font-style);--awb-caption-title-size:var(--h2_typography-font-size);--awb-caption-title-transform:var(--h2_typography-text-transform);--awb-caption-title-line-height:var(--h2_typography-line-height);--awb-caption-title-letter-spacing:var(--h2_typography-letter-spacing);\"><span class=\" fusion-imageframe imageframe-none imageframe-1 hover-type-none\"><img decoding=\"async\" width=\"240\" height=\"300\" alt=\"Idermic 2026: 12 meses y 12 tratamientos dermatol\u00f3gicos.\" title=\"12 meses 12 tratamientos\" src=\"https:\/\/www.idermic.es\/wp-content\/uploads\/2026\/01\/idermic.es-2026.-12-meses-12-tratamientos-240x300.jpg\" class=\"img-responsive wp-image-8675\" srcset=\"https:\/\/www.idermic.es\/wp-content\/uploads\/2026\/01\/idermic.es-2026.-12-meses-12-tratamientos-200x250.jpg 200w, https:\/\/www.idermic.es\/wp-content\/uploads\/2026\/01\/idermic.es-2026.-12-meses-12-tratamientos-400x500.jpg 400w, https:\/\/www.idermic.es\/wp-content\/uploads\/2026\/01\/idermic.es-2026.-12-meses-12-tratamientos-600x750.jpg 600w, https:\/\/www.idermic.es\/wp-content\/uploads\/2026\/01\/idermic.es-2026.-12-meses-12-tratamientos-800x1000.jpg 800w, https:\/\/www.idermic.es\/wp-content\/uploads\/2026\/01\/idermic.es-2026.-12-meses-12-tratamientos.jpg 1080w\" sizes=\"(max-width: 800px) 100vw, 600px\" \/><\/span><\/div><div class=\"fusion-clearfix\"><\/div><\/div><\/div><\/div><\/div><div class=\"fusion-fullwidth fullwidth-box fusion-builder-row-3 fusion-flex-container has-pattern-background has-mask-background nonhundred-percent-fullwidth non-hundred-percent-height-scrolling\" style=\"--awb-border-radius-top-left:0px;--awb-border-radius-top-right:0px;--awb-border-radius-bottom-right:0px;--awb-border-radius-bottom-left:0px;--awb-flex-wrap:wrap;\" ><div class=\"fusion-builder-row fusion-row fusion-flex-align-items-flex-start fusion-flex-content-wrap\" style=\"max-width:1227.2px;margin-left: calc(-4% \/ 2 );margin-right: calc(-4% \/ 2 );\"><div class=\"fusion-layout-column fusion_builder_column fusion-builder-column-3 fusion_builder_column_1_1 1_1 fusion-flex-column\" style=\"--awb-bg-size:cover;--awb-width-large:100%;--awb-margin-top-large:0px;--awb-spacing-right-large:1.92%;--awb-margin-bottom-large:0px;--awb-spacing-left-large:1.92%;--awb-width-medium:100%;--awb-order-medium:0;--awb-spacing-right-medium:1.92%;--awb-spacing-left-medium:1.92%;--awb-width-small:100%;--awb-order-small:0;--awb-spacing-right-small:1.92%;--awb-spacing-left-small:1.92%;\"><div class=\"fusion-column-wrapper fusion-column-has-shadow fusion-flex-justify-content-flex-start fusion-content-layout-column\"><div class=\"fusion-text fusion-text-3\"><p>La base de cualquier protocolo eficaz reside en la valoraci\u00f3n dermatol\u00f3gica individualizada, adaptando la indicaci\u00f3n, la intensidad y la combinaci\u00f3n de t\u00e9cnicas a cada paciente.<\/p>\n<\/div><\/div><\/div><\/div><\/div><div class=\"fusion-fullwidth fullwidth-box fusion-builder-row-4 nonhundred-percent-fullwidth non-hundred-percent-height-scrolling\" style=\"--awb-border-radius-top-left:0px;--awb-border-radius-top-right:0px;--awb-border-radius-bottom-right:0px;--awb-border-radius-bottom-left:0px;--awb-flex-wrap:wrap;\" ><div class=\"fusion-builder-row fusion-row\"><div class=\"fusion-layout-column fusion_builder_column fusion-builder-column-4 fusion_builder_column_1_1 1_1 fusion-one-full fusion-column-first fusion-column-last\" style=\"--awb-bg-size:cover;\"><div class=\"fusion-column-wrapper fusion-flex-column-wrapper-legacy\"><div class=\"fusion-text fusion-text-4\"><h2 data-start=\"4247\" data-end=\"4275\">1.-Enero: Blefarol\u00e1ser<\/h2>\n<p data-start=\"347\" data-end=\"867\">El <a href=\"https:\/\/www.idermic.es\/es\/blefaroplastia-con-laser-co2\/\"><strong>Blefarol\u00e1ser<\/strong><\/a> es un tratamiento orientado al rejuvenecimiento de la zona periocular mediante tecnolog\u00eda l\u00e1ser, dise\u00f1ado para mejorar el aspecto de los p\u00e1rpados superiores e inferiores sin recurrir a cirug\u00eda convencional. Su objetivo principal es reducir el exceso de piel, atenuar arrugas finas y mejorar la firmeza cut\u00e1nea alrededor de los ojos. Este procedimiento act\u00faa estimulando la retracci\u00f3n del tejido y la producci\u00f3n de col\u00e1geno, lo que contribuye a una apariencia m\u00e1s descansada y rejuvenecida de la mirada.<\/p>\n<p data-start=\"869\" data-end=\"1415\">En un entorno cl\u00ednico como Idermic, el Blefarol\u00e1ser se indica tras una valoraci\u00f3n dermatol\u00f3gica individualizada, teniendo en cuenta el grado de flacidez, la calidad de la piel y las expectativas del paciente. Es un tratamiento m\u00ednimamente invasivo, con tiempos de recuperaci\u00f3n moderados y resultados progresivos. Adem\u00e1s de su finalidad est\u00e9tica, puede aportar beneficios funcionales en casos donde el exceso de piel afecta al campo visual. Se trata de una opci\u00f3n t\u00e9cnica avanzada dentro de los protocolos de rejuvenecimiento facial no quir\u00fargico.<\/p>\n<\/div><div class=\"fusion-clearfix\"><\/div><\/div><\/div><\/div><\/div><div class=\"fusion-fullwidth fullwidth-box fusion-builder-row-5 nonhundred-percent-fullwidth non-hundred-percent-height-scrolling\" style=\"--awb-border-radius-top-left:0px;--awb-border-radius-top-right:0px;--awb-border-radius-bottom-right:0px;--awb-border-radius-bottom-left:0px;--awb-flex-wrap:wrap;\" ><div class=\"fusion-builder-row fusion-row\"><div class=\"fusion-layout-column fusion_builder_column fusion-builder-column-5 fusion_builder_column_1_1 1_1 fusion-one-full fusion-column-first fusion-column-last\" style=\"--awb-bg-size:cover;\"><div class=\"fusion-column-wrapper fusion-flex-column-wrapper-legacy\"><div class=\"fusion-text fusion-text-5\"><h2 data-start=\"1422\" data-end=\"1447\">2.-Febrero: Morpheus 8<\/h2>\n<p data-start=\"1448\" data-end=\"1895\"><a href=\"https:\/\/www.idermic.es\/es\/morpheus8-de-inmodemd-tecnologia-de-radiofrecuencia-fraccionada\/\"><strong>Morpheus 8<\/strong><\/a> es una tecnolog\u00eda de radiofrecuencia fraccionada con microagujas que act\u00faa en capas profundas de la piel, combinando estimulaci\u00f3n mec\u00e1nica y t\u00e9rmica. Este tratamiento se utiliza para mejorar la textura cut\u00e1nea, reducir la flacidez y favorecer la remodelaci\u00f3n del col\u00e1geno y la elastina. Su versatilidad permite aplicarlo tanto en rostro como en zonas corporales, adaptando la profundidad de penetraci\u00f3n seg\u00fan las necesidades cl\u00ednicas.<\/p>\n<p data-start=\"1897\" data-end=\"2521\">En Idermic, Morpheus 8 se integra dentro de planes de rejuvenecimiento personalizados, especialmente indicado para pacientes que buscan una mejora global de la calidad de la piel sin procedimientos quir\u00fargicos. El tratamiento genera microlesiones controladas que activan procesos naturales de regeneraci\u00f3n, con resultados que se desarrollan de forma progresiva en las semanas posteriores. Desde un punto de vista t\u00e9cnico, destaca por su capacidad de actuar en el tejido subd\u00e9rmico, lo que lo convierte en una herramienta eficaz para abordar flacidez moderada, irregularidades cut\u00e1neas y signos de envejecimiento estructural.<\/p>\n<\/div><div class=\"fusion-clearfix\"><\/div><\/div><\/div><\/div><\/div><div class=\"fusion-fullwidth fullwidth-box fusion-builder-row-6 nonhundred-percent-fullwidth non-hundred-percent-height-scrolling\" style=\"--awb-border-radius-top-left:0px;--awb-border-radius-top-right:0px;--awb-border-radius-bottom-right:0px;--awb-border-radius-bottom-left:0px;--awb-flex-wrap:wrap;\" ><div class=\"fusion-builder-row fusion-row\"><div class=\"fusion-layout-column fusion_builder_column fusion-builder-column-6 fusion_builder_column_1_1 1_1 fusion-one-full fusion-column-first fusion-column-last\" style=\"--awb-bg-size:cover;\"><div class=\"fusion-column-wrapper fusion-flex-column-wrapper-legacy\"><div class=\"fusion-text fusion-text-6\"><h2>3.-Marzo: L\u00e1ser Vascular<\/h2>\n<p data-start=\"2556\" data-end=\"2946\">El l\u00e1ser vascular es un tratamiento espec\u00edfico para <strong><a href=\"https:\/\/www.idermic.es\/es\/telangiectasias-y-lesiones-vasculares\/\">lesiones vasculares cut\u00e1neas<\/a><\/strong>, como telangiectasias, cuperosis, angiomas o eritema facial persistente. Su funcionamiento se basa en la fototerm\u00f3lisis selectiva, que permite actuar sobre la hemoglobina de los vasos dilatados sin da\u00f1ar el tejido circundante. Esto facilita su eliminaci\u00f3n progresiva y mejora el aspecto uniforme de la piel.<\/p>\n<p data-start=\"2948\" data-end=\"3584\">En el contexto cl\u00ednico de Idermic, este tratamiento se indica tras un diagn\u00f3stico dermatol\u00f3gico preciso, diferenciando entre patolog\u00edas vasculares est\u00e9ticas y condiciones m\u00e9dicas subyacentes. Es especialmente habitual en pacientes con ros\u00e1cea o en zonas como rostro, cuello y piernas. Desde una perspectiva t\u00e9cnica, el l\u00e1ser vascular requiere un ajuste preciso de par\u00e1metros para garantizar eficacia y seguridad. Los resultados suelen ser visibles tras varias sesiones, con una mejora significativa del enrojecimiento y una recuperaci\u00f3n generalmente r\u00e1pida, lo que lo convierte en una opci\u00f3n consolidada dentro de la dermatolog\u00eda l\u00e1ser.<\/p>\n<\/div><div class=\"fusion-clearfix\"><\/div><\/div><\/div><\/div><\/div><div class=\"fusion-fullwidth fullwidth-box fusion-builder-row-7 nonhundred-percent-fullwidth non-hundred-percent-height-scrolling\" style=\"--awb-border-radius-top-left:0px;--awb-border-radius-top-right:0px;--awb-border-radius-bottom-right:0px;--awb-border-radius-bottom-left:0px;--awb-flex-wrap:wrap;\" ><div class=\"fusion-builder-row fusion-row\"><div class=\"fusion-layout-column fusion_builder_column fusion-builder-column-7 fusion_builder_column_1_1 1_1 fusion-one-full fusion-column-first fusion-column-last\" style=\"--awb-bg-size:cover;\"><div class=\"fusion-column-wrapper fusion-flex-column-wrapper-legacy\"><div class=\"fusion-text fusion-text-7\"><h2>4.-Abril: \u00c1cido Hialur\u00f3nico<\/h2>\n<p data-start=\"3622\" data-end=\"4013\">El tratamiento con <a href=\"https:\/\/www.idermic.es\/es\/el-acido-hialuronico-y-la-cirugia-estetica\/\"><strong>\u00e1cido hialur\u00f3nico<\/strong><\/a> se emplea en dermatolog\u00eda est\u00e9tica para restaurar vol\u00famenes, mejorar la hidrataci\u00f3n profunda y corregir arrugas o surcos. Esta sustancia, presente de forma natural en la piel, destaca por su capacidad para retener agua y aportar elasticidad a los tejidos. En funci\u00f3n de su reticulaci\u00f3n, puede utilizarse con fines estructurales o puramente hidratantes.<\/p>\n<p data-start=\"4015\" data-end=\"4608\">En Idermic, la aplicaci\u00f3n de \u00e1cido hialur\u00f3nico se realiza bajo criterios m\u00e9dicos, priorizando la armon\u00eda facial y la naturalidad del resultado. El procedimiento se adapta a diferentes \u00e1reas, como p\u00f3mulos, surcos nasogenianos, labios o contorno mandibular. Desde un punto de vista t\u00e9cnico, es fundamental conocer la anatom\u00eda vascular y seleccionar el producto adecuado para cada indicaci\u00f3n. Los resultados son inmediatos, aunque el efecto final se estabiliza en d\u00edas posteriores. Este tratamiento forma parte de protocolos integrales de rejuvenecimiento y prevenci\u00f3n del envejecimiento cut\u00e1neo.<\/p>\n<\/div><div class=\"fusion-clearfix\"><\/div><\/div><\/div><\/div><\/div><div class=\"fusion-fullwidth fullwidth-box fusion-builder-row-8 nonhundred-percent-fullwidth non-hundred-percent-height-scrolling\" style=\"--awb-border-radius-top-left:0px;--awb-border-radius-top-right:0px;--awb-border-radius-bottom-right:0px;--awb-border-radius-bottom-left:0px;--awb-flex-wrap:wrap;\" ><div class=\"fusion-builder-row fusion-row\"><div class=\"fusion-layout-column fusion_builder_column fusion-builder-column-8 fusion_builder_column_1_1 1_1 fusion-one-full fusion-column-first fusion-column-last\" style=\"--awb-bg-size:cover;\"><div class=\"fusion-column-wrapper fusion-flex-column-wrapper-legacy\"><div class=\"fusion-text fusion-text-8\"><h2 data-start=\"4644\" data-end=\"5010\">5.-Mayo: Neuromoduladores<\/h2>\n<p data-start=\"4644\" data-end=\"5010\">Los <a href=\"https:\/\/www.idermic.es\/es\/neuromoduladores-que-son-como-funcionan-y-por-que-se-utilizan-en-medicina-estetica\/\"><strong>neuromoduladores<\/strong><\/a> se utilizan para tratar arrugas de expresi\u00f3n mediante la relajaci\u00f3n temporal de determinados m\u00fasculos faciales. Su aplicaci\u00f3n controlada permite suavizar l\u00edneas din\u00e1micas, especialmente en frente, entrecejo y regi\u00f3n periocular, sin alterar la expresividad natural del rostro. Act\u00faan bloqueando de forma reversible la transmisi\u00f3n neuromuscular.<\/p>\n<p data-start=\"5012\" data-end=\"5620\">En un entorno especializado como Idermic, este tratamiento se realiza tras una evaluaci\u00f3n funcional del gesto facial, ajustando dosis y puntos de infiltraci\u00f3n seg\u00fan el patr\u00f3n muscular del paciente. Desde una perspectiva t\u00e9cnica, la precisi\u00f3n es clave para obtener resultados equilibrados y seguros. Los efectos comienzan a observarse a los pocos d\u00edas y alcanzan su m\u00e1ximo en aproximadamente dos semanas. Adem\u00e1s de su uso est\u00e9tico, los neuromoduladores tienen aplicaciones terap\u00e9uticas en dermatolog\u00eda. Su car\u00e1cter temporal permite un control evolutivo continuo dentro de planes de tratamiento personalizados.<\/p>\n<\/div><div class=\"fusion-clearfix\"><\/div><\/div><\/div><\/div><\/div><div class=\"fusion-fullwidth fullwidth-box fusion-builder-row-9 nonhundred-percent-fullwidth non-hundred-percent-height-scrolling\" style=\"--awb-border-radius-top-left:0px;--awb-border-radius-top-right:0px;--awb-border-radius-bottom-right:0px;--awb-border-radius-bottom-left:0px;--awb-flex-wrap:wrap;\" ><div class=\"fusion-builder-row fusion-row\"><div class=\"fusion-layout-column fusion_builder_column fusion-builder-column-9 fusion_builder_column_1_1 1_1 fusion-one-full fusion-column-first fusion-column-last\" style=\"--awb-bg-size:cover;\"><div class=\"fusion-column-wrapper fusion-flex-column-wrapper-legacy\"><div class=\"fusion-text fusion-text-9\"><h2 data-start=\"5627\" data-end=\"5644\">6.-Junio: HIFU<\/h2>\n<p>El <a href=\"https:\/\/www.idermic.es\/es\/hifu-facial-con-liftera-lifting-facial-no-invasivo-y-eficaz\/\"><strong>HIFU<\/strong><\/a> (ultrasonidos focalizados de alta intensidad) es una tecnolog\u00eda no invasiva destinada al tensado y lifting de la piel mediante la estimulaci\u00f3n de capas profundas, incluyendo el SMAS. Act\u00faa generando puntos de coagulaci\u00f3n t\u00e9rmica que desencadenan la producci\u00f3n de col\u00e1geno sin afectar la superficie cut\u00e1nea. En Idermic, el HIFU se emplea como alternativa o complemento a otros tratamientos reafirmantes, indicado en casos de flacidez leve o moderada.<\/p>\n<p>Desde un enfoque t\u00e9cnico, permite trabajar a diferentes profundidades, adapt\u00e1ndose a las caracter\u00edsticas anat\u00f3micas del paciente. Los resultados se desarrollan de forma progresiva durante varios meses, lo que lo convierte en un tratamiento de efecto acumulativo. Su principal ventaja es la ausencia de tiempo de baja m\u00e9dica, manteniendo un perfil de seguridad elevado cuando se realiza bajo supervisi\u00f3n dermatol\u00f3gica especializada.<\/p>\n<\/div><div class=\"fusion-clearfix\"><\/div><\/div><\/div><\/div><\/div><div class=\"fusion-fullwidth fullwidth-box fusion-builder-row-10 nonhundred-percent-fullwidth non-hundred-percent-height-scrolling\" style=\"--awb-border-radius-top-left:0px;--awb-border-radius-top-right:0px;--awb-border-radius-bottom-right:0px;--awb-border-radius-bottom-left:0px;--awb-flex-wrap:wrap;\" ><div class=\"fusion-builder-row fusion-row\"><div class=\"fusion-layout-column fusion_builder_column fusion-builder-column-10 fusion_builder_column_1_1 1_1 fusion-one-full fusion-column-first fusion-column-last\" style=\"--awb-bg-size:cover;\"><div class=\"fusion-column-wrapper fusion-flex-column-wrapper-legacy\"><div class=\"fusion-text fusion-text-10\"><h2 data-start=\"6544\" data-end=\"6579\">7.-Julio: Inductores de col\u00e1geno<\/h2>\n<p data-start=\"6580\" data-end=\"6858\">Los <a href=\"https:\/\/www.idermic.es\/es\/inductores-de-colageno-que-zonas-podemos-tratar\/\"><strong>inductores de col\u00e1geno<\/strong><\/a> son tratamientos inyectables dise\u00f1ados para estimular la producci\u00f3n end\u00f3gena de col\u00e1geno, mejorando la firmeza y calidad de la piel a medio y largo plazo. A diferencia de los rellenos cl\u00e1sicos, su efecto no es inmediato, sino progresivo y biol\u00f3gico.<\/p>\n<p data-start=\"6860\" data-end=\"7408\">En la pr\u00e1ctica cl\u00ednica de Idermic, estos tratamientos se indican en pacientes que buscan una mejora global del envejecimiento cut\u00e1neo, especialmente en rostro y cuello. Desde un punto de vista t\u00e9cnico, requieren una planificaci\u00f3n adecuada y un conocimiento preciso del producto y la t\u00e9cnica de infiltraci\u00f3n. Los resultados se consolidan en semanas o meses, aportando una piel m\u00e1s densa y estructurada. Este tipo de tratamiento encaja dentro de estrategias de rejuvenecimiento progresivo, con un enfoque preventivo y regenerativo m\u00e1s que correctivo.<\/p>\n<\/div><div class=\"fusion-clearfix\"><\/div><\/div><\/div><\/div><\/div><div class=\"fusion-fullwidth fullwidth-box fusion-builder-row-11 nonhundred-percent-fullwidth non-hundred-percent-height-scrolling\" style=\"--awb-border-radius-top-left:0px;--awb-border-radius-top-right:0px;--awb-border-radius-bottom-right:0px;--awb-border-radius-bottom-left:0px;--awb-flex-wrap:wrap;\" ><div class=\"fusion-builder-row fusion-row\"><div class=\"fusion-layout-column fusion_builder_column fusion-builder-column-11 fusion_builder_column_1_1 1_1 fusion-one-full fusion-column-first fusion-column-last\" style=\"--awb-bg-size:cover;\"><div class=\"fusion-column-wrapper fusion-flex-column-wrapper-legacy\"><div class=\"fusion-text fusion-text-11\"><h2>8.-Agosto: Aquapure<\/h2>\n<p><a href=\"https:\/\/www.idermic.es\/es\/limpieza-facial-con-aquapure\/\"><strong>Aquapure<\/strong><\/a> es un tratamiento de limpieza facial avanzada que combina exfoliaci\u00f3n, extracci\u00f3n, hidrataci\u00f3n y protecci\u00f3n antioxidante en un solo protocolo. Utiliza tecnolog\u00eda de vac\u00edo y soluciones espec\u00edficas para mejorar la calidad de la piel de forma inmediata.<\/p>\n<p data-start=\"7701\" data-end=\"8276\">En Idermic, Aquapure se emplea tanto como tratamiento \u00fanico como parte de programas de mantenimiento dermatol\u00f3gico. Est\u00e1 indicado para todo tipo de pieles y resulta especialmente \u00fatil en casos de poros dilatados, exceso de sebo o piel apagada. Desde una perspectiva t\u00e9cnica, destaca por su car\u00e1cter no invasivo y su capacidad de preparar la piel para otros procedimientos m\u00e9dicos-est\u00e9ticos. Los resultados son visibles desde la primera sesi\u00f3n, con una mejora en textura, luminosidad e hidrataci\u00f3n. Es un tratamiento frecuente en periodos estivales por su r\u00e1pida recuperaci\u00f3n.<\/p>\n<\/div><div class=\"fusion-clearfix\"><\/div><\/div><\/div><\/div><\/div><div class=\"fusion-fullwidth fullwidth-box fusion-builder-row-12 nonhundred-percent-fullwidth non-hundred-percent-height-scrolling\" style=\"--awb-border-radius-top-left:0px;--awb-border-radius-top-right:0px;--awb-border-radius-bottom-right:0px;--awb-border-radius-bottom-left:0px;--awb-flex-wrap:wrap;\" ><div class=\"fusion-builder-row fusion-row\"><div class=\"fusion-layout-column fusion_builder_column fusion-builder-column-12 fusion_builder_column_1_1 1_1 fusion-one-full fusion-column-first fusion-column-last\" style=\"--awb-bg-size:cover;\"><div class=\"fusion-column-wrapper fusion-flex-column-wrapper-legacy\"><div class=\"fusion-text fusion-text-12\"><h2 data-start=\"8283\" data-end=\"8313\">9.-Septiembre: Skin Booster<\/h2>\n<p>El <a href=\"https:\/\/www.idermic.es\/es\/skin-booster-hidratacion-profunda-y-mejora-de-la-calidad-de-la-piel\/\"><strong>Skin Booster<\/strong><\/a> es un tratamiento inyectable destinado a mejorar la hidrataci\u00f3n profunda y la calidad global de la piel, sin modificar vol\u00famenes ni rasgos faciales. Se basa en microinyecciones de \u00e1cido hialur\u00f3nico poco reticulado, distribuidas de forma homog\u00e9nea.En el enfoque cl\u00ednico de Idermic, el Skin Booster se indica como tratamiento preventivo del envejecimiento y como complemento a otros procedimientos.<\/p>\n<p>Desde un punto de vista t\u00e9cnico, su objetivo es mejorar la elasticidad, luminosidad y textura cut\u00e1nea. Los efectos son progresivos y requieren varias sesiones para su mantenimiento. Es especialmente valorado en pacientes que buscan resultados naturales y una mejora integral de la piel, manteniendo la expresividad y la anatom\u00eda original del rostro.<\/p>\n<\/div><div class=\"fusion-clearfix\"><\/div><\/div><\/div><\/div><\/div><div class=\"fusion-fullwidth fullwidth-box fusion-builder-row-13 nonhundred-percent-fullwidth non-hundred-percent-height-scrolling\" style=\"--awb-border-radius-top-left:0px;--awb-border-radius-top-right:0px;--awb-border-radius-bottom-right:0px;--awb-border-radius-bottom-left:0px;--awb-flex-wrap:wrap;\" ><div class=\"fusion-builder-row fusion-row\"><div class=\"fusion-layout-column fusion_builder_column fusion-builder-column-13 fusion_builder_column_1_1 1_1 fusion-one-full fusion-column-first fusion-column-last\" style=\"--awb-bg-size:cover;\"><div class=\"fusion-column-wrapper fusion-flex-column-wrapper-legacy\"><div class=\"fusion-text fusion-text-13\"><h2 data-start=\"9087\" data-end=\"9118\">10.-Octubre: L\u00e1ser IPL + FRAX<\/h2>\n<p data-start=\"9119\" data-end=\"9393\">La combinaci\u00f3n de IPL (luz pulsada intensa) y l\u00e1ser fraccional (FRAX) permite abordar de forma integral diferentes signos de envejecimiento cut\u00e1neo, como manchas, poros, textura irregular y primeras arrugas. Cada tecnolog\u00eda act\u00faa sobre un componente espec\u00edfico de la piel.<\/p>\n<p data-start=\"9395\" data-end=\"9888\">En Idermic, este protocolo combinado se dise\u00f1a tras una valoraci\u00f3n dermatol\u00f3gica detallada, ajustando par\u00e1metros seg\u00fan fototipo y necesidades cl\u00ednicas. Desde una perspectiva t\u00e9cnica, la sinergia entre <a href=\"https:\/\/www.idermic.es\/es\/tratamiento-con-laser-ipl-frax-tecnologia-avanzada-para-mejorar-la-calidad-de-la-piel\/\"><strong>IPL y FRAX<\/strong><\/a> optimiza resultados al tratar tanto alteraciones superficiales como profundas. El tratamiento estimula la renovaci\u00f3n celular y la producci\u00f3n de col\u00e1geno, con una recuperaci\u00f3n variable seg\u00fan la intensidad aplicada. Es una opci\u00f3n habitual en planes de rejuvenecimiento facial global.<\/p>\n<\/div><div class=\"fusion-clearfix\"><\/div><\/div><\/div><\/div><\/div><div class=\"fusion-fullwidth fullwidth-box fusion-builder-row-14 nonhundred-percent-fullwidth non-hundred-percent-height-scrolling\" style=\"--awb-border-radius-top-left:0px;--awb-border-radius-top-right:0px;--awb-border-radius-bottom-right:0px;--awb-border-radius-bottom-left:0px;--awb-flex-wrap:wrap;\" ><div class=\"fusion-builder-row fusion-row\"><div class=\"fusion-layout-column fusion_builder_column fusion-builder-column-14 fusion_builder_column_1_1 1_1 fusion-one-full fusion-column-first fusion-column-last\" style=\"--awb-bg-size:cover;\"><div class=\"fusion-column-wrapper fusion-flex-column-wrapper-legacy\"><div class=\"fusion-text fusion-text-14\"><h2 data-start=\"9895\" data-end=\"9950\">11.-Noviembre: Rejuvenecimiento L\u00e1ser CO\u2082 Fraccionado<\/h2>\n<p data-start=\"9951\" data-end=\"10205\">El <strong><a href=\"https:\/\/www.idermic.es\/es\/laser-de-co2-en-dermatologia-el-dermatologo-te-explica-sus-aplicaciones\/\">l\u00e1ser CO\u2082<\/a><\/strong> fraccionado es uno de los tratamientos m\u00e1s avanzados para el rejuvenecimiento cut\u00e1neo, indicado para arrugas profundas, cicatrices y da\u00f1o solar severo. Act\u00faa creando microcolumnas t\u00e9rmicas que estimulan una intensa regeneraci\u00f3n de la piel.<\/p>\n<p data-start=\"10207\" data-end=\"10665\">En la cl\u00ednica Idermic, este tratamiento se realiza bajo estrictos criterios m\u00e9dicos, debido a su potencia y a los tiempos de recuperaci\u00f3n asociados. Desde el punto de vista t\u00e9cnico, permite una renovaci\u00f3n profunda del tejido cut\u00e1neo, con resultados duraderos. La mejora se observa de forma progresiva tras la fase de recuperaci\u00f3n, con una piel m\u00e1s uniforme, firme y rejuvenecida. Es un procedimiento de alta eficacia dentro de la dermatolog\u00eda l\u00e1ser avanzada.<\/p>\n<\/div><div class=\"fusion-clearfix\"><\/div><\/div><\/div><\/div><\/div><div class=\"fusion-fullwidth fullwidth-box fusion-builder-row-15 nonhundred-percent-fullwidth non-hundred-percent-height-scrolling\" style=\"--awb-border-radius-top-left:0px;--awb-border-radius-top-right:0px;--awb-border-radius-bottom-right:0px;--awb-border-radius-bottom-left:0px;--awb-flex-wrap:wrap;\" ><div class=\"fusion-builder-row fusion-row\"><div class=\"fusion-layout-column fusion_builder_column fusion-builder-column-15 fusion_builder_column_1_1 1_1 fusion-one-full fusion-column-first fusion-column-last\" style=\"--awb-bg-size:cover;\"><div class=\"fusion-column-wrapper fusion-flex-column-wrapper-legacy\"><div class=\"fusion-text fusion-text-15\"><h2 data-start=\"10672\" data-end=\"10727\">12.-Diciembre: Rejuvenecimiento L\u00e1ser de Picosegundos<\/h2>\n<p data-start=\"10728\" data-end=\"10997\">El <a href=\"https:\/\/www.idermic.es\/es\/eliminacion-de-micropigmentacion-con-el-laser-de-picosegundos\/\"><strong>l\u00e1ser de picosegundos<\/strong><\/a> es una tecnolog\u00eda de \u00faltima generaci\u00f3n que act\u00faa mediante pulsos ultracortos, permitiendo tratar manchas, arrugas finas y textura cut\u00e1nea con alta precisi\u00f3n y menor da\u00f1o t\u00e9rmico. Su mecanismo se basa en un efecto fotoac\u00fastico m\u00e1s que t\u00e9rmico.<\/p>\n<p data-start=\"10999\" data-end=\"11458\" data-is-last-node=\"\" data-is-only-node=\"\">En Idermic, este tratamiento se integra en protocolos de rejuvenecimiento para pacientes que buscan eficacia con una recuperaci\u00f3n m\u00e1s r\u00e1pida. Desde una perspectiva t\u00e9cnica, ofrece ventajas en seguridad y versatilidad, siendo apto para diferentes fototipos. Estimula la producci\u00f3n de col\u00e1geno y mejora la calidad de la piel de forma progresiva. Es especialmente valorado como tratamiento de cierre de a\u00f1o dentro de planes de mantenimiento y renovaci\u00f3n cut\u00e1nea.<\/p>\n<\/div><div class=\"fusion-clearfix\"><\/div><\/div><\/div><\/div><\/div><div class=\"fusion-fullwidth fullwidth-box fusion-builder-row-16 nonhundred-percent-fullwidth non-hundred-percent-height-scrolling\" style=\"--awb-border-radius-top-left:0px;--awb-border-radius-top-right:0px;--awb-border-radius-bottom-right:0px;--awb-border-radius-bottom-left:0px;--awb-flex-wrap:wrap;\" ><div class=\"fusion-builder-row fusion-row\"><div class=\"fusion-layout-column fusion_builder_column fusion-builder-column-16 fusion_builder_column_1_1 1_1 fusion-one-full fusion-column-first fusion-column-last\" style=\"--awb-bg-size:cover;\"><div class=\"fusion-column-wrapper fusion-flex-column-wrapper-legacy\"><blockquote class=\"instagram-media\" data-instgrm-captioned data-instgrm-permalink=\"https:\/\/www.instagram.com\/p\/DS7eRIHjNsJ\/?utm_source=ig_embed&utm_campaign=loading\" data-instgrm-version=\"14\" style=\" background:#FFF; border:0; border-radius:3px; box-shadow:0 0 1px 0 rgba(0,0,0,0.5),0 1px 10px 0 rgba(0,0,0,0.15); margin: 1px; max-width:540px; min-width:326px; padding:0; width:99.375%; width:-webkit-calc(100% - 2px); width:calc(100% - 2px);\"><div style=\"padding:16px;\"> <a href=\"https:\/\/www.instagram.com\/p\/DS7eRIHjNsJ\/?utm_source=ig_embed&utm_campaign=loading\" style=\" background:#FFFFFF; line-height:0; padding:0 0; text-align:center; text-decoration:none; width:100%;\" target=\"_blank\"> <div style=\" display: flex; flex-direction: row; align-items: center;\"> <div style=\"background-color: #F4F4F4; border-radius: 50%; flex-grow: 0; height: 40px; margin-right: 14px; width: 40px;\"><\/div> <div style=\"display: flex; flex-direction: column; flex-grow: 1; justify-content: center;\"> <div style=\" background-color: #F4F4F4; border-radius: 4px; flex-grow: 0; height: 14px; margin-bottom: 6px; width: 100px;\"><\/div> <div style=\" background-color: #F4F4F4; border-radius: 4px; flex-grow: 0; height: 14px; width: 60px;\"><\/div><\/div><\/div><div style=\"padding: 19% 0;\"><\/div> <div style=\"display:block; height:50px; margin:0 auto 12px; width:50px;\"><svg width=\"50px\" height=\"50px\" viewBox=\"0 0 60 60\" version=\"1.1\" xmlns=\"https:\/\/www.w3.org\/2000\/svg\" xmlns:xlink=\"https:\/\/www.w3.org\/1999\/xlink\"><g stroke=\"none\" stroke-width=\"1\" fill=\"none\" fill-rule=\"evenodd\"><g transform=\"translate(-511.000000, -20.000000)\" fill=\"#000000\"><g><path d=\"M556.869,30.41 C554.814,30.41 553.148,32.076 553.148,34.131 C553.148,36.186 554.814,37.852 556.869,37.852 C558.924,37.852 560.59,36.186 560.59,34.131 C560.59,32.076 558.924,30.41 556.869,30.41 M541,60.657 C535.114,60.657 530.342,55.887 530.342,50 C530.342,44.114 535.114,39.342 541,39.342 C546.887,39.342 551.658,44.114 551.658,50 C551.658,55.887 546.887,60.657 541,60.657 M541,33.886 C532.1,33.886 524.886,41.1 524.886,50 C524.886,58.899 532.1,66.113 541,66.113 C549.9,66.113 557.115,58.899 557.115,50 C557.115,41.1 549.9,33.886 541,33.886 M565.378,62.101 C565.244,65.022 564.756,66.606 564.346,67.663 C563.803,69.06 563.154,70.057 562.106,71.106 C561.058,72.155 560.06,72.803 558.662,73.347 C557.607,73.757 556.021,74.244 553.102,74.378 C549.944,74.521 548.997,74.552 541,74.552 C533.003,74.552 532.056,74.521 528.898,74.378 C525.979,74.244 524.393,73.757 523.338,73.347 C521.94,72.803 520.942,72.155 519.894,71.106 C518.846,70.057 518.197,69.06 517.654,67.663 C517.244,66.606 516.755,65.022 516.623,62.101 C516.479,58.943 516.448,57.996 516.448,50 C516.448,42.003 516.479,41.056 516.623,37.899 C516.755,34.978 517.244,33.391 517.654,32.338 C518.197,30.938 518.846,29.942 519.894,28.894 C520.942,27.846 521.94,27.196 523.338,26.654 C524.393,26.244 525.979,25.756 528.898,25.623 C532.057,25.479 533.004,25.448 541,25.448 C548.997,25.448 549.943,25.479 553.102,25.623 C556.021,25.756 557.607,26.244 558.662,26.654 C560.06,27.196 561.058,27.846 562.106,28.894 C563.154,29.942 563.803,30.938 564.346,32.338 C564.756,33.391 565.244,34.978 565.378,37.899 C565.522,41.056 565.552,42.003 565.552,50 C565.552,57.996 565.522,58.943 565.378,62.101 M570.82,37.631 C570.674,34.438 570.167,32.258 569.425,30.349 C568.659,28.377 567.633,26.702 565.965,25.035 C564.297,23.368 562.623,22.342 560.652,21.575 C558.743,20.834 556.562,20.326 553.369,20.18 C550.169,20.033 549.148,20 541,20 C532.853,20 531.831,20.033 528.631,20.18 C525.438,20.326 523.257,20.834 521.349,21.575 C519.376,22.342 517.703,23.368 516.035,25.035 C514.368,26.702 513.342,28.377 512.574,30.349 C511.834,32.258 511.326,34.438 511.181,37.631 C511.035,40.831 511,41.851 511,50 C511,58.147 511.035,59.17 511.181,62.369 C511.326,65.562 511.834,67.743 512.574,69.651 C513.342,71.625 514.368,73.296 516.035,74.965 C517.703,76.634 519.376,77.658 521.349,78.425 C523.257,79.167 525.438,79.673 528.631,79.82 C531.831,79.965 532.853,80.001 541,80.001 C549.148,80.001 550.169,79.965 553.369,79.82 C556.562,79.673 558.743,79.167 560.652,78.425 C562.623,77.658 564.297,76.634 565.965,74.965 C567.633,73.296 568.659,71.625 569.425,69.651 C570.167,67.743 570.674,65.562 570.82,62.369 C570.966,59.17 571,58.147 571,50 C571,41.851 570.966,40.831 570.82,37.631\"><\/path><\/g><\/g><\/g><\/svg><\/div><div style=\"padding-top: 8px;\"> <div style=\" color:#3897f0; font-family:Arial,sans-serif; font-size:14px; font-style:normal; font-weight:550; line-height:18px;\">Ver esta publicaci\u00f3n en Instagram<\/div><\/div><div style=\"padding: 12.5% 0;\"><\/div> <div style=\"display: flex; flex-direction: row; margin-bottom: 14px; align-items: center;\"><div> <div style=\"background-color: #F4F4F4; border-radius: 50%; height: 12.5px; width: 12.5px; transform: translateX(0px) translateY(7px);\"><\/div> <div style=\"background-color: #F4F4F4; height: 12.5px; transform: rotate(-45deg) translateX(3px) translateY(1px); width: 12.5px; flex-grow: 0; margin-right: 14px; margin-left: 2px;\"><\/div> <div style=\"background-color: #F4F4F4; border-radius: 50%; height: 12.5px; width: 12.5px; transform: translateX(9px) translateY(-18px);\"><\/div><\/div><div style=\"margin-left: 8px;\"> <div style=\" background-color: #F4F4F4; border-radius: 50%; flex-grow: 0; height: 20px; width: 20px;\"><\/div> <div style=\" width: 0; height: 0; border-top: 2px solid transparent; border-left: 6px solid #f4f4f4; border-bottom: 2px solid transparent; transform: translateX(16px) translateY(-4px) rotate(30deg)\"><\/div><\/div><div style=\"margin-left: auto;\"> <div style=\" width: 0px; border-top: 8px solid #F4F4F4; border-right: 8px solid transparent; transform: translateY(16px);\"><\/div> <div style=\" background-color: #F4F4F4; flex-grow: 0; height: 12px; width: 16px; transform: translateY(-4px);\"><\/div> <div style=\" width: 0; height: 0; border-top: 8px solid #F4F4F4; border-left: 8px solid transparent; transform: translateY(-4px) translateX(8px);\"><\/div><\/div><\/div> <div style=\"display: flex; flex-direction: column; flex-grow: 1; justify-content: center; margin-bottom: 24px;\"> <div style=\" background-color: #F4F4F4; border-radius: 4px; flex-grow: 0; height: 14px; margin-bottom: 6px; width: 224px;\"><\/div> <div style=\" background-color: #F4F4F4; border-radius: 4px; flex-grow: 0; height: 14px; width: 144px;\"><\/div><\/div><\/a><p style=\" color:#c9c8cd; font-family:Arial,sans-serif; font-size:14px; line-height:17px; margin-bottom:0; margin-top:8px; overflow:hidden; padding:8px 0 7px; text-align:center; text-overflow:ellipsis; white-space:nowrap;\"><a href=\"https:\/\/www.instagram.com\/p\/DS7eRIHjNsJ\/?utm_source=ig_embed&utm_campaign=loading\" style=\" color:#c9c8cd; font-family:Arial,sans-serif; font-size:14px; font-style:normal; font-weight:normal; line-height:17px; text-decoration:none;\" target=\"_blank\">Una publicaci\u00f3n compartida de Marta Vilavella|Dermat\u00f3loga Est\u00e9tica (@dra.martavilavella_derma)<\/a><\/p><\/div><\/blockquote>\n<script async src=\"\/\/www.instagram.com\/embed.js\"><\/script><div class=\"fusion-clearfix\"><\/div><\/div><\/div><\/div><\/div><\/p>\n","protected":false},"excerpt":{"rendered":"<p>Plan anual de 12 tratamientos dermatol\u00f3gicos en Idermic Terrassa, adaptados a cada mes seg\u00fan la piel, el sol y los tiempos de recuperaci\u00f3n.<\/p>\n","protected":false},"author":3,"featured_media":8675,"comment_status":"open","ping_status":"closed","sticky":false,"template":"","format":"standard","meta":{"_joinchat":[],"footnotes":""},"categories":[52,37],"tags":[],"class_list":["post-8673","post","type-post","status-publish","format-standard","has-post-thumbnail","hentry","category-dermatologia","category-tecnologia"],"yoast_head":"<!-- This site is optimized with the Yoast SEO plugin v28.4 - https:\/\/yoast.com\/product\/yoast-seo-wordpress\/ -->\n<title>Idermic.es 2026: 12 meses 12 tratamientos -<\/title>\n<meta name=\"description\" content=\"Plan anual de 12 tratamientos dermatol\u00f3gicos en Idermic Terrassa, adaptados a cada mes seg\u00fan la piel, el sol y los tiempos de recuperaci\u00f3n.\" \/>\n<meta name=\"robots\" content=\"index, follow, max-snippet:-1, max-image-preview:large, max-video-preview:-1\" \/>\n<link rel=\"canonical\" href=\"https:\/\/www.idermic.es\/es\/idermic-es-2026-12-meses-12-tratamientos\/\" \/>\n<meta property=\"og:locale\" content=\"es_ES\" \/>\n<meta property=\"og:type\" content=\"article\" \/>\n<meta property=\"og:title\" content=\"Idermic.es 2026: 12 meses 12 tratamientos -\" \/>\n<meta property=\"og:description\" content=\"Plan anual de 12 tratamientos dermatol\u00f3gicos en Idermic Terrassa, adaptados a cada mes seg\u00fan la piel, el sol y los tiempos de recuperaci\u00f3n.\" \/>\n<meta property=\"og:url\" content=\"https:\/\/www.idermic.es\/es\/idermic-es-2026-12-meses-12-tratamientos\/\" \/>\n<meta property=\"og:site_name\" content=\"Idermic. Dermatolog\u00eda en Terrassa\" \/>\n<meta property=\"article:publisher\" content=\"https:\/\/www.facebook.com\/Idermic\" \/>\n<meta property=\"article:published_time\" content=\"2026-01-04T12:37:48+00:00\" \/>\n<meta property=\"article:modified_time\" content=\"2026-05-26T09:44:54+00:00\" \/>\n<meta property=\"og:image\" content=\"https:\/\/www.idermic.es\/wp-content\/uploads\/2026\/01\/idermic.es-2026.-12-meses-12-tratamientos.jpg\" \/>\n\t<meta property=\"og:image:width\" content=\"1080\" \/>\n\t<meta property=\"og:image:height\" content=\"1350\" \/>\n\t<meta property=\"og:image:type\" content=\"image\/jpeg\" \/>\n<meta name=\"author\" content=\"Equipo\" \/>\n<meta name=\"twitter:card\" content=\"summary_large_image\" \/>\n<meta name=\"twitter:creator\" content=\"@idermic\" \/>\n<meta name=\"twitter:site\" content=\"@idermic\" \/>\n<meta name=\"twitter:label1\" content=\"Escrito por\" \/>\n\t<meta name=\"twitter:data1\" content=\"Equipo\" \/>\n\t<meta name=\"twitter:label2\" content=\"Tiempo de lectura\" \/>\n\t<meta name=\"twitter:data2\" content=\"10 minutos\" \/>\n<script type=\"application\/ld+json\" class=\"yoast-schema-graph\">{\"@context\":\"https:\\\/\\\/schema.org\",\"@graph\":[{\"@type\":\"Article\",\"@id\":\"https:\\\/\\\/www.idermic.es\\\/es\\\/idermic-es-2026-12-meses-12-tratamientos\\\/#article\",\"isPartOf\":{\"@id\":\"https:\\\/\\\/www.idermic.es\\\/es\\\/idermic-es-2026-12-meses-12-tratamientos\\\/\"},\"author\":{\"name\":\"Equipo\",\"@id\":\"https:\\\/\\\/www.idermic.es\\\/#\\\/schema\\\/person\\\/c12703027a878b23d3c71c87921a82f8\"},\"headline\":\"Idermic.es 2026: 12 meses 12 tratamientos\",\"datePublished\":\"2026-01-04T12:37:48+00:00\",\"dateModified\":\"2026-05-26T09:44:54+00:00\",\"mainEntityOfPage\":{\"@id\":\"https:\\\/\\\/www.idermic.es\\\/es\\\/idermic-es-2026-12-meses-12-tratamientos\\\/\"},\"wordCount\":9664,\"commentCount\":0,\"publisher\":{\"@id\":\"https:\\\/\\\/www.idermic.es\\\/#organization\"},\"image\":{\"@id\":\"https:\\\/\\\/www.idermic.es\\\/es\\\/idermic-es-2026-12-meses-12-tratamientos\\\/#primaryimage\"},\"thumbnailUrl\":\"https:\\\/\\\/www.idermic.es\\\/wp-content\\\/uploads\\\/2026\\\/01\\\/idermic.es-2026.-12-meses-12-tratamientos.jpg\",\"articleSection\":[\"Dermatolog\u00eda\",\"Tecnolog\u00eda\"],\"inLanguage\":\"es\",\"potentialAction\":[{\"@type\":\"CommentAction\",\"name\":\"Comment\",\"target\":[\"https:\\\/\\\/www.idermic.es\\\/es\\\/idermic-es-2026-12-meses-12-tratamientos\\\/#respond\"]}]},{\"@type\":\"WebPage\",\"@id\":\"https:\\\/\\\/www.idermic.es\\\/es\\\/idermic-es-2026-12-meses-12-tratamientos\\\/\",\"url\":\"https:\\\/\\\/www.idermic.es\\\/es\\\/idermic-es-2026-12-meses-12-tratamientos\\\/\",\"name\":\"Idermic.es 2026: 12 meses 12 tratamientos -\",\"isPartOf\":{\"@id\":\"https:\\\/\\\/www.idermic.es\\\/#website\"},\"primaryImageOfPage\":{\"@id\":\"https:\\\/\\\/www.idermic.es\\\/es\\\/idermic-es-2026-12-meses-12-tratamientos\\\/#primaryimage\"},\"image\":{\"@id\":\"https:\\\/\\\/www.idermic.es\\\/es\\\/idermic-es-2026-12-meses-12-tratamientos\\\/#primaryimage\"},\"thumbnailUrl\":\"https:\\\/\\\/www.idermic.es\\\/wp-content\\\/uploads\\\/2026\\\/01\\\/idermic.es-2026.-12-meses-12-tratamientos.jpg\",\"datePublished\":\"2026-01-04T12:37:48+00:00\",\"dateModified\":\"2026-05-26T09:44:54+00:00\",\"description\":\"Plan anual de 12 tratamientos dermatol\u00f3gicos en Idermic Terrassa, adaptados a cada mes seg\u00fan la piel, el sol y los tiempos de recuperaci\u00f3n.\",\"breadcrumb\":{\"@id\":\"https:\\\/\\\/www.idermic.es\\\/es\\\/idermic-es-2026-12-meses-12-tratamientos\\\/#breadcrumb\"},\"inLanguage\":\"es\",\"potentialAction\":[{\"@type\":\"ReadAction\",\"target\":[\"https:\\\/\\\/www.idermic.es\\\/es\\\/idermic-es-2026-12-meses-12-tratamientos\\\/\"]}]},{\"@type\":\"ImageObject\",\"inLanguage\":\"es\",\"@id\":\"https:\\\/\\\/www.idermic.es\\\/es\\\/idermic-es-2026-12-meses-12-tratamientos\\\/#primaryimage\",\"url\":\"https:\\\/\\\/www.idermic.es\\\/wp-content\\\/uploads\\\/2026\\\/01\\\/idermic.es-2026.-12-meses-12-tratamientos.jpg\",\"contentUrl\":\"https:\\\/\\\/www.idermic.es\\\/wp-content\\\/uploads\\\/2026\\\/01\\\/idermic.es-2026.-12-meses-12-tratamientos.jpg\",\"width\":1080,\"height\":1350,\"caption\":\"Idermic 2026: 12 meses y 12 tratamientos dermatol\u00f3gicos.\"},{\"@type\":\"BreadcrumbList\",\"@id\":\"https:\\\/\\\/www.idermic.es\\\/es\\\/idermic-es-2026-12-meses-12-tratamientos\\\/#breadcrumb\",\"itemListElement\":[{\"@type\":\"ListItem\",\"position\":1,\"name\":\"Inici\",\"item\":\"https:\\\/\\\/www.idermic.es\\\/es\\\/\"},{\"@type\":\"ListItem\",\"position\":2,\"name\":\"Idermic.es 2026: 12 meses 12 tratamientos\"}]},{\"@type\":\"WebSite\",\"@id\":\"https:\\\/\\\/www.idermic.es\\\/#website\",\"url\":\"https:\\\/\\\/www.idermic.es\\\/\",\"name\":\"Idermic. Dermatolog\u00eda en Terrassa\",\"description\":\"Dermatolog\u00eda, Medicina est\u00e9tica, Cirurg\u00eda Pl\u00e0stica\",\"publisher\":{\"@id\":\"https:\\\/\\\/www.idermic.es\\\/#organization\"},\"potentialAction\":[{\"@type\":\"SearchAction\",\"target\":{\"@type\":\"EntryPoint\",\"urlTemplate\":\"https:\\\/\\\/www.idermic.es\\\/?s={search_term_string}\"},\"query-input\":{\"@type\":\"PropertyValueSpecification\",\"valueRequired\":true,\"valueName\":\"search_term_string\"}}],\"inLanguage\":\"es\"},{\"@type\":\"Organization\",\"@id\":\"https:\\\/\\\/www.idermic.es\\\/#organization\",\"name\":\"Idermic. Dermatolog\u00eda en Terrassa\",\"url\":\"https:\\\/\\\/www.idermic.es\\\/\",\"logo\":{\"@type\":\"ImageObject\",\"inLanguage\":\"es\",\"@id\":\"https:\\\/\\\/www.idermic.es\\\/#\\\/schema\\\/logo\\\/image\\\/\",\"url\":\"https:\\\/\\\/www.idermic.es\\\/wp-content\\\/uploads\\\/2025\\\/10\\\/Logo-Idermic.jpg\",\"contentUrl\":\"https:\\\/\\\/www.idermic.es\\\/wp-content\\\/uploads\\\/2025\\\/10\\\/Logo-Idermic.jpg\",\"width\":501,\"height\":502,\"caption\":\"Idermic. Dermatolog\u00eda en Terrassa\"},\"image\":{\"@id\":\"https:\\\/\\\/www.idermic.es\\\/#\\\/schema\\\/logo\\\/image\\\/\"},\"sameAs\":[\"https:\\\/\\\/www.facebook.com\\\/Idermic\",\"https:\\\/\\\/x.com\\\/idermic\",\"https:\\\/\\\/www.instagram.com\\\/idermicclinic\\\/\",\"https:\\\/\\\/www.youtube.com\\\/channel\\\/UCyAHC9-p8lc6hr_nguO8p_g\"]},{\"@type\":\"Person\",\"@id\":\"https:\\\/\\\/www.idermic.es\\\/#\\\/schema\\\/person\\\/c12703027a878b23d3c71c87921a82f8\",\"name\":\"Equipo\",\"image\":{\"@type\":\"ImageObject\",\"inLanguage\":\"es\",\"@id\":\"https:\\\/\\\/secure.gravatar.com\\\/avatar\\\/7ca0be23248108c6b0887e0693b7dcf7764bd3503f84d1f04e6653ef7c3b9420?s=96&d=mm&r=g\",\"url\":\"https:\\\/\\\/secure.gravatar.com\\\/avatar\\\/7ca0be23248108c6b0887e0693b7dcf7764bd3503f84d1f04e6653ef7c3b9420?s=96&d=mm&r=g\",\"contentUrl\":\"https:\\\/\\\/secure.gravatar.com\\\/avatar\\\/7ca0be23248108c6b0887e0693b7dcf7764bd3503f84d1f04e6653ef7c3b9420?s=96&d=mm&r=g\",\"caption\":\"Equipo\"},\"description\":\"Equipo de Idermic\"}]}<\/script>\n<!-- \/ Yoast SEO plugin. -->","yoast_head_json":{"title":"Idermic.es 2026: 12 meses 12 tratamientos -","description":"Plan anual de 12 tratamientos dermatol\u00f3gicos en Idermic Terrassa, adaptados a cada mes seg\u00fan la piel, el sol y los tiempos de recuperaci\u00f3n.","robots":{"index":"index","follow":"follow","max-snippet":"max-snippet:-1","max-image-preview":"max-image-preview:large","max-video-preview":"max-video-preview:-1"},"canonical":"https:\/\/www.idermic.es\/es\/idermic-es-2026-12-meses-12-tratamientos\/","og_locale":"es_ES","og_type":"article","og_title":"Idermic.es 2026: 12 meses 12 tratamientos -","og_description":"Plan anual de 12 tratamientos dermatol\u00f3gicos en Idermic Terrassa, adaptados a cada mes seg\u00fan la piel, el sol y los tiempos de recuperaci\u00f3n.","og_url":"https:\/\/www.idermic.es\/es\/idermic-es-2026-12-meses-12-tratamientos\/","og_site_name":"Idermic. Dermatolog\u00eda en Terrassa","article_publisher":"https:\/\/www.facebook.com\/Idermic","article_published_time":"2026-01-04T12:37:48+00:00","article_modified_time":"2026-05-26T09:44:54+00:00","og_image":[{"width":1080,"height":1350,"url":"https:\/\/www.idermic.es\/wp-content\/uploads\/2026\/01\/idermic.es-2026.-12-meses-12-tratamientos.jpg","type":"image\/jpeg"}],"author":"Equipo","twitter_card":"summary_large_image","twitter_creator":"@idermic","twitter_site":"@idermic","twitter_misc":{"Escrito por":"Equipo","Tiempo de lectura":"10 minutos"},"schema":{"@context":"https:\/\/schema.org","@graph":[{"@type":"Article","@id":"https:\/\/www.idermic.es\/es\/idermic-es-2026-12-meses-12-tratamientos\/#article","isPartOf":{"@id":"https:\/\/www.idermic.es\/es\/idermic-es-2026-12-meses-12-tratamientos\/"},"author":{"name":"Equipo","@id":"https:\/\/www.idermic.es\/#\/schema\/person\/c12703027a878b23d3c71c87921a82f8"},"headline":"Idermic.es 2026: 12 meses 12 tratamientos","datePublished":"2026-01-04T12:37:48+00:00","dateModified":"2026-05-26T09:44:54+00:00","mainEntityOfPage":{"@id":"https:\/\/www.idermic.es\/es\/idermic-es-2026-12-meses-12-tratamientos\/"},"wordCount":9664,"commentCount":0,"publisher":{"@id":"https:\/\/www.idermic.es\/#organization"},"image":{"@id":"https:\/\/www.idermic.es\/es\/idermic-es-2026-12-meses-12-tratamientos\/#primaryimage"},"thumbnailUrl":"https:\/\/www.idermic.es\/wp-content\/uploads\/2026\/01\/idermic.es-2026.-12-meses-12-tratamientos.jpg","articleSection":["Dermatolog\u00eda","Tecnolog\u00eda"],"inLanguage":"es","potentialAction":[{"@type":"CommentAction","name":"Comment","target":["https:\/\/www.idermic.es\/es\/idermic-es-2026-12-meses-12-tratamientos\/#respond"]}]},{"@type":"WebPage","@id":"https:\/\/www.idermic.es\/es\/idermic-es-2026-12-meses-12-tratamientos\/","url":"https:\/\/www.idermic.es\/es\/idermic-es-2026-12-meses-12-tratamientos\/","name":"Idermic.es 2026: 12 meses 12 tratamientos -","isPartOf":{"@id":"https:\/\/www.idermic.es\/#website"},"primaryImageOfPage":{"@id":"https:\/\/www.idermic.es\/es\/idermic-es-2026-12-meses-12-tratamientos\/#primaryimage"},"image":{"@id":"https:\/\/www.idermic.es\/es\/idermic-es-2026-12-meses-12-tratamientos\/#primaryimage"},"thumbnailUrl":"https:\/\/www.idermic.es\/wp-content\/uploads\/2026\/01\/idermic.es-2026.-12-meses-12-tratamientos.jpg","datePublished":"2026-01-04T12:37:48+00:00","dateModified":"2026-05-26T09:44:54+00:00","description":"Plan anual de 12 tratamientos dermatol\u00f3gicos en Idermic Terrassa, adaptados a cada mes seg\u00fan la piel, el sol y los tiempos de recuperaci\u00f3n.","breadcrumb":{"@id":"https:\/\/www.idermic.es\/es\/idermic-es-2026-12-meses-12-tratamientos\/#breadcrumb"},"inLanguage":"es","potentialAction":[{"@type":"ReadAction","target":["https:\/\/www.idermic.es\/es\/idermic-es-2026-12-meses-12-tratamientos\/"]}]},{"@type":"ImageObject","inLanguage":"es","@id":"https:\/\/www.idermic.es\/es\/idermic-es-2026-12-meses-12-tratamientos\/#primaryimage","url":"https:\/\/www.idermic.es\/wp-content\/uploads\/2026\/01\/idermic.es-2026.-12-meses-12-tratamientos.jpg","contentUrl":"https:\/\/www.idermic.es\/wp-content\/uploads\/2026\/01\/idermic.es-2026.-12-meses-12-tratamientos.jpg","width":1080,"height":1350,"caption":"Idermic 2026: 12 meses y 12 tratamientos dermatol\u00f3gicos."},{"@type":"BreadcrumbList","@id":"https:\/\/www.idermic.es\/es\/idermic-es-2026-12-meses-12-tratamientos\/#breadcrumb","itemListElement":[{"@type":"ListItem","position":1,"name":"Inici","item":"https:\/\/www.idermic.es\/es\/"},{"@type":"ListItem","position":2,"name":"Idermic.es 2026: 12 meses 12 tratamientos"}]},{"@type":"WebSite","@id":"https:\/\/www.idermic.es\/#website","url":"https:\/\/www.idermic.es\/","name":"Idermic. Dermatolog\u00eda en Terrassa","description":"Dermatolog\u00eda, Medicina est\u00e9tica, Cirurg\u00eda Pl\u00e0stica","publisher":{"@id":"https:\/\/www.idermic.es\/#organization"},"potentialAction":[{"@type":"SearchAction","target":{"@type":"EntryPoint","urlTemplate":"https:\/\/www.idermic.es\/?s={search_term_string}"},"query-input":{"@type":"PropertyValueSpecification","valueRequired":true,"valueName":"search_term_string"}}],"inLanguage":"es"},{"@type":"Organization","@id":"https:\/\/www.idermic.es\/#organization","name":"Idermic. Dermatolog\u00eda en Terrassa","url":"https:\/\/www.idermic.es\/","logo":{"@type":"ImageObject","inLanguage":"es","@id":"https:\/\/www.idermic.es\/#\/schema\/logo\/image\/","url":"https:\/\/www.idermic.es\/wp-content\/uploads\/2025\/10\/Logo-Idermic.jpg","contentUrl":"https:\/\/www.idermic.es\/wp-content\/uploads\/2025\/10\/Logo-Idermic.jpg","width":501,"height":502,"caption":"Idermic. Dermatolog\u00eda en Terrassa"},"image":{"@id":"https:\/\/www.idermic.es\/#\/schema\/logo\/image\/"},"sameAs":["https:\/\/www.facebook.com\/Idermic","https:\/\/x.com\/idermic","https:\/\/www.instagram.com\/idermicclinic\/","https:\/\/www.youtube.com\/channel\/UCyAHC9-p8lc6hr_nguO8p_g"]},{"@type":"Person","@id":"https:\/\/www.idermic.es\/#\/schema\/person\/c12703027a878b23d3c71c87921a82f8","name":"Equipo","image":{"@type":"ImageObject","inLanguage":"es","@id":"https:\/\/secure.gravatar.com\/avatar\/7ca0be23248108c6b0887e0693b7dcf7764bd3503f84d1f04e6653ef7c3b9420?s=96&d=mm&r=g","url":"https:\/\/secure.gravatar.com\/avatar\/7ca0be23248108c6b0887e0693b7dcf7764bd3503f84d1f04e6653ef7c3b9420?s=96&d=mm&r=g","contentUrl":"https:\/\/secure.gravatar.com\/avatar\/7ca0be23248108c6b0887e0693b7dcf7764bd3503f84d1f04e6653ef7c3b9420?s=96&d=mm&r=g","caption":"Equipo"},"description":"Equipo de Idermic"}]}},"_links":{"self":[{"href":"https:\/\/www.idermic.es\/es\/wp-json\/wp\/v2\/posts\/8673","targetHints":{"allow":["GET"]}}],"collection":[{"href":"https:\/\/www.idermic.es\/es\/wp-json\/wp\/v2\/posts"}],"about":[{"href":"https:\/\/www.idermic.es\/es\/wp-json\/wp\/v2\/types\/post"}],"author":[{"embeddable":true,"href":"https:\/\/www.idermic.es\/es\/wp-json\/wp\/v2\/users\/3"}],"replies":[{"embeddable":true,"href":"https:\/\/www.idermic.es\/es\/wp-json\/wp\/v2\/comments?post=8673"}],"version-history":[{"count":16,"href":"https:\/\/www.idermic.es\/es\/wp-json\/wp\/v2\/posts\/8673\/revisions"}],"predecessor-version":[{"id":9442,"href":"https:\/\/www.idermic.es\/es\/wp-json\/wp\/v2\/posts\/8673\/revisions\/9442"}],"wp:featuredmedia":[{"embeddable":true,"href":"https:\/\/www.idermic.es\/es\/wp-json\/wp\/v2\/media\/8675"}],"wp:attachment":[{"href":"https:\/\/www.idermic.es\/es\/wp-json\/wp\/v2\/media?parent=8673"}],"wp:term":[{"taxonomy":"category","embeddable":true,"href":"https:\/\/www.idermic.es\/es\/wp-json\/wp\/v2\/categories?post=8673"},{"taxonomy":"post_tag","embeddable":true,"href":"https:\/\/www.idermic.es\/es\/wp-json\/wp\/v2\/tags?post=8673"}],"curies":[{"name":"wp","href":"https:\/\/api.w.org\/{rel}","templated":true}]}}