{"id":8497,"date":"2025-10-31T08:29:59","date_gmt":"2025-10-31T08:29:59","guid":{"rendered":"https:\/\/www.idermic.es\/?p=8497"},"modified":"2026-06-09T21:21:45","modified_gmt":"2026-06-09T21:21:45","slug":"rejuvenecimiento-facial-full-face-tratamiento-integral-sin-cirugia-para-armonizar-el-rostro","status":"publish","type":"post","link":"https:\/\/www.idermic.es\/es\/rejuvenecimiento-facial-full-face-tratamiento-integral-sin-cirugia-para-armonizar-el-rostro\/","title":{"rendered":"Rejuvenecimiento facial full face: Tratamiento integral sin cirug\u00eda para armonizar el rostro"},"content":{"rendered":"<p><div class=\"fusion-fullwidth fullwidth-box fusion-builder-row-1 nonhundred-percent-fullwidth non-hundred-percent-height-scrolling\" style=\"--awb-border-radius-top-left:0px;--awb-border-radius-top-right:0px;--awb-border-radius-bottom-right:0px;--awb-border-radius-bottom-left:0px;--awb-flex-wrap:wrap;\" ><div class=\"fusion-builder-row fusion-row\"><div class=\"fusion-layout-column fusion_builder_column fusion-builder-column-0 fusion_builder_column_1_1 1_1 fusion-one-full fusion-column-first fusion-column-last\" style=\"--awb-bg-size:cover;\"><div class=\"fusion-column-wrapper fusion-flex-column-wrapper-legacy\"><div class=\"fusion-text fusion-text-1\"><h1 style=\"text-align: center;\">Rejuvenecimiento facial full face: Tratamiento integral sin cirug\u00eda para armonizar el rostro<\/h1>\n<\/div><div class=\"fusion-clearfix\"><\/div><\/div><\/div><\/div><\/div><div class=\"fusion-fullwidth fullwidth-box fusion-builder-row-2 nonhundred-percent-fullwidth non-hundred-percent-height-scrolling\" style=\"--awb-border-radius-top-left:0px;--awb-border-radius-top-right:0px;--awb-border-radius-bottom-right:0px;--awb-border-radius-bottom-left:0px;--awb-flex-wrap:wrap;\" ><div class=\"fusion-builder-row fusion-row\"><div class=\"fusion-layout-column fusion_builder_column fusion-builder-column-1 fusion_builder_column_1_2 1_2 fusion-one-half fusion-column-first\" style=\"--awb-bg-size:cover;width:50%;width:calc(50% - ( ( 4% ) * 0.5 ) );margin-right: 4%;\"><div class=\"fusion-column-wrapper fusion-flex-column-wrapper-legacy\"><div class=\"fusion-text fusion-text-2\"><p data-start=\"2695\" data-end=\"3140\">El rejuvenecimiento facial full face es una t\u00e9cnica avanzada de medicina est\u00e9tica que aborda el rostro como un todo, con el objetivo de recuperar la armon\u00eda, juventud y vitalidad perdidas con el paso del tiempo.<\/p>\n<p data-start=\"2695\" data-end=\"3140\">A diferencia de otros tratamientos est\u00e9ticos que se enfocan en zonas aisladas, el enfoque \u201cfull face\u201d propone una intervenci\u00f3n global que considera la simetr\u00eda facial, la estructura \u00f3sea, la calidad de la piel y la expresi\u00f3n natural.<\/p>\n<\/div><div class=\"fusion-clearfix\"><\/div><\/div><\/div><div class=\"fusion-layout-column fusion_builder_column fusion-builder-column-2 fusion_builder_column_1_2 1_2 fusion-one-half fusion-column-last\" style=\"--awb-bg-size:cover;width:50%;width:calc(50% - ( ( 4% ) * 0.5 ) );\"><div class=\"fusion-column-wrapper fusion-flex-column-wrapper-legacy\"><div class=\"fusion-image-element in-legacy-container\" style=\"--awb-caption-title-font-family:var(--h2_typography-font-family);--awb-caption-title-font-weight:var(--h2_typography-font-weight);--awb-caption-title-font-style:var(--h2_typography-font-style);--awb-caption-title-size:var(--h2_typography-font-size);--awb-caption-title-transform:var(--h2_typography-text-transform);--awb-caption-title-line-height:var(--h2_typography-line-height);--awb-caption-title-letter-spacing:var(--h2_typography-letter-spacing);\"><span class=\" fusion-imageframe imageframe-none imageframe-1 hover-type-none\"><img decoding=\"async\" width=\"240\" height=\"300\" alt=\"Rejuvenecimiento facial full face: Tratamiento integral sin cirug\u00eda para armonizar el rostro\" title=\"Rejuvenecimiento facial full face con \u00e1cido hialur\u00f3nico \ud83d\udca7Mi paciente quer\u00eda mejorar su aspecto (2)\" src=\"https:\/\/www.idermic.es\/wp-content\/uploads\/2025\/10\/Rejuvenecimiento-facial-full-face-con-acido-hialuronico-\ud83d\udca7Mi-paciente-queria-mejorar-su-aspecto-2-240x300.jpg\" class=\"img-responsive wp-image-8498\" srcset=\"https:\/\/www.idermic.es\/wp-content\/uploads\/2025\/10\/Rejuvenecimiento-facial-full-face-con-acido-hialuronico-\ud83d\udca7Mi-paciente-queria-mejorar-su-aspecto-2-200x250.jpg 200w, https:\/\/www.idermic.es\/wp-content\/uploads\/2025\/10\/Rejuvenecimiento-facial-full-face-con-acido-hialuronico-\ud83d\udca7Mi-paciente-queria-mejorar-su-aspecto-2-400x500.jpg 400w, https:\/\/www.idermic.es\/wp-content\/uploads\/2025\/10\/Rejuvenecimiento-facial-full-face-con-acido-hialuronico-\ud83d\udca7Mi-paciente-queria-mejorar-su-aspecto-2-600x750.jpg 600w, https:\/\/www.idermic.es\/wp-content\/uploads\/2025\/10\/Rejuvenecimiento-facial-full-face-con-acido-hialuronico-\ud83d\udca7Mi-paciente-queria-mejorar-su-aspecto-2-800x1000.jpg 800w, https:\/\/www.idermic.es\/wp-content\/uploads\/2025\/10\/Rejuvenecimiento-facial-full-face-con-acido-hialuronico-\ud83d\udca7Mi-paciente-queria-mejorar-su-aspecto-2.jpg 1080w\" sizes=\"(max-width: 800px) 100vw, 240px\" \/><\/span><\/div><div class=\"fusion-clearfix\"><\/div><\/div><\/div><\/div><\/div><div class=\"fusion-fullwidth fullwidth-box fusion-builder-row-3 nonhundred-percent-fullwidth non-hundred-percent-height-scrolling\" style=\"--awb-border-radius-top-left:0px;--awb-border-radius-top-right:0px;--awb-border-radius-bottom-right:0px;--awb-border-radius-bottom-left:0px;--awb-flex-wrap:wrap;\" ><div class=\"fusion-builder-row fusion-row\"><div class=\"fusion-layout-column fusion_builder_column fusion-builder-column-3 fusion_builder_column_1_1 1_1 fusion-one-full fusion-column-first fusion-column-last\" style=\"--awb-bg-size:cover;\"><div class=\"fusion-column-wrapper fusion-flex-column-wrapper-legacy\"><div class=\"fusion-text fusion-text-3\"><p data-start=\"2641\" data-end=\"2693\">Este tratamiento integral permite personalizar cada procedimiento seg\u00fan las necesidades del paciente, evitando resultados artificiales o desproporcionados. Se trata de una de las tendencias m\u00e1s demandadas actualmente en el \u00e1mbito de la est\u00e9tica facial avanzada, ya que ofrece resultados visibles sin necesidad de recurrir al bistur\u00ed.<\/p>\n<h2 data-start=\"2641\" data-end=\"2693\">\u00bfQu\u00e9 es el rejuvenecimiento facial full face?<\/h2>\n<p data-start=\"2695\" data-end=\"3140\">El rejuvenecimiento facial full face es una t\u00e9cnica avanzada de medicina est\u00e9tica que aborda el rostro como un todo, con el objetivo de recuperar la armon\u00eda, juventud y vitalidad perdidas con el paso del tiempo. A diferencia de otros tratamientos est\u00e9ticos que se enfocan en zonas aisladas, el enfoque \u201cfull face\u201d propone una intervenci\u00f3n global que considera la simetr\u00eda facial, la estructura \u00f3sea, la calidad de la piel y la expresi\u00f3n natural.<\/p>\n<p data-start=\"3142\" data-end=\"3475\">Este tratamiento integral permite personalizar cada procedimiento seg\u00fan las necesidades del paciente, evitando resultados artificiales o desproporcionados. Se trata de una de las tendencias m\u00e1s demandadas actualmente en el \u00e1mbito de la est\u00e9tica facial avanzada, ya que ofrece resultados visibles sin necesidad de recurrir al bistur\u00ed.<\/p>\n<h2 data-start=\"3477\" data-end=\"3526\">\u00bfEn qu\u00e9 consiste el tratamiento full face?<\/h2>\n<p data-start=\"3528\" data-end=\"3777\">El tratamiento full face se compone de diferentes t\u00e9cnicas combinadas que se aplican estrat\u00e9gicamente para restaurar vol\u00famenes perdidos, suavizar arrugas y redefinir el contorno facial. Las herramientas m\u00e1s utilizadas en este procedimiento incluyen:<\/p>\n<h3 data-start=\"3779\" data-end=\"3829\">1. Rellenos d\u00e9rmicos con \u00e1cido hialur\u00f3nico<\/h3>\n<p data-start=\"3830\" data-end=\"4063\">Se emplean para aportar volumen en zonas como los p\u00f3mulos, el ment\u00f3n, las sienes o los surcos nasogenianos. El \u00e1cido hialur\u00f3nico es un compuesto biocompatible que hidrata y rellena, ofreciendo un aspecto m\u00e1s terso y fresco al rostro.<\/p>\n<h3 data-start=\"4065\" data-end=\"4102\">2. Toxina botul\u00ednica (Botox\u00ae)<\/h3>\n<p data-start=\"4103\" data-end=\"4301\">Utilizada para <a href=\"https:\/\/www.idermic.es\/es\/botox-en-terrassa\/\">relajar los m\u00fasculos responsables de las arrugas de expresi\u00f3n<\/a>, especialmente en la frente, entrecejo y patas de gallo. Su aplicaci\u00f3n mejora la expresividad sin alterar la naturalidad.<\/p>\n<h3 data-start=\"4303\" data-end=\"4369\">3. Bioestimulaci\u00f3n con vitaminas o factores de crecimiento<\/h3>\n<p data-start=\"4370\" data-end=\"4561\">Estimula la producci\u00f3n de col\u00e1geno y elastina, mejorando la textura y luminosidad de la piel. Es ideal para pacientes que buscan mejorar la calidad cut\u00e1nea sin modificar estructuras faciales.<\/p>\n<h3 data-start=\"4563\" data-end=\"4588\">4. Hilos tensores<\/h3>\n<p data-start=\"4589\" data-end=\"4742\">Contribuyen a elevar los tejidos ca\u00eddos, proporcionando un efecto lifting sin cirug\u00eda. Son recomendables en casos donde se nota flacidez leve o moderada.<\/p>\n<h3 data-start=\"4744\" data-end=\"4773\">5. Mesoterapia facial<\/h3>\n<p data-start=\"4774\" data-end=\"4936\">Mejora la hidrataci\u00f3n, aporta nutrientes esenciales y revitaliza la piel desde las capas m\u00e1s profundas. Es un excelente complemento para el resto de tratamientos.<\/p>\n<\/div><div class=\"fusion-clearfix\"><\/div><\/div><\/div><\/div><\/div><div class=\"fusion-fullwidth fullwidth-box fusion-builder-row-4 nonhundred-percent-fullwidth non-hundred-percent-height-scrolling\" style=\"--awb-border-radius-top-left:0px;--awb-border-radius-top-right:0px;--awb-border-radius-bottom-right:0px;--awb-border-radius-bottom-left:0px;--awb-flex-wrap:wrap;\" ><div class=\"fusion-builder-row fusion-row\"><div class=\"fusion-layout-column fusion_builder_column fusion-builder-column-4 fusion_builder_column_1_3 1_3 fusion-one-third fusion-column-first\" style=\"--awb-bg-size:cover;width:33.333333333333%;width:calc(33.333333333333% - ( ( 4% + 4% ) * 0.33333333333333 ) );margin-right: 4%;\"><div class=\"fusion-column-wrapper fusion-flex-column-wrapper-legacy\"><div class=\"fusion-image-element in-legacy-container\" style=\"--awb-caption-title-font-family:var(--h2_typography-font-family);--awb-caption-title-font-weight:var(--h2_typography-font-weight);--awb-caption-title-font-style:var(--h2_typography-font-style);--awb-caption-title-size:var(--h2_typography-font-size);--awb-caption-title-transform:var(--h2_typography-text-transform);--awb-caption-title-line-height:var(--h2_typography-line-height);--awb-caption-title-letter-spacing:var(--h2_typography-letter-spacing);\"><span class=\" fusion-imageframe imageframe-none imageframe-2 hover-type-none\"><img decoding=\"async\" width=\"240\" height=\"300\" alt=\"Rejuvenecimiento facial full face: Tratamiento integral sin cirug\u00eda para armonizar el rostro\" title=\"Rejuvenecimiento facial full face con \u00e1cido hialur\u00f3nico \ud83d\udca7Mi paciente quer\u00eda mejorar su aspecto (2)\" src=\"https:\/\/www.idermic.es\/wp-content\/uploads\/2025\/10\/Rejuvenecimiento-facial-full-face-con-acido-hialuronico-\ud83d\udca7Mi-paciente-queria-mejorar-su-aspecto-2-240x300.jpg\" class=\"img-responsive wp-image-8498\" srcset=\"https:\/\/www.idermic.es\/wp-content\/uploads\/2025\/10\/Rejuvenecimiento-facial-full-face-con-acido-hialuronico-\ud83d\udca7Mi-paciente-queria-mejorar-su-aspecto-2-200x250.jpg 200w, https:\/\/www.idermic.es\/wp-content\/uploads\/2025\/10\/Rejuvenecimiento-facial-full-face-con-acido-hialuronico-\ud83d\udca7Mi-paciente-queria-mejorar-su-aspecto-2-400x500.jpg 400w, https:\/\/www.idermic.es\/wp-content\/uploads\/2025\/10\/Rejuvenecimiento-facial-full-face-con-acido-hialuronico-\ud83d\udca7Mi-paciente-queria-mejorar-su-aspecto-2-600x750.jpg 600w, https:\/\/www.idermic.es\/wp-content\/uploads\/2025\/10\/Rejuvenecimiento-facial-full-face-con-acido-hialuronico-\ud83d\udca7Mi-paciente-queria-mejorar-su-aspecto-2-800x1000.jpg 800w, https:\/\/www.idermic.es\/wp-content\/uploads\/2025\/10\/Rejuvenecimiento-facial-full-face-con-acido-hialuronico-\ud83d\udca7Mi-paciente-queria-mejorar-su-aspecto-2.jpg 1080w\" sizes=\"(max-width: 800px) 100vw, 240px\" \/><\/span><\/div><div class=\"fusion-clearfix\"><\/div><\/div><\/div><div class=\"fusion-layout-column fusion_builder_column fusion-builder-column-5 fusion_builder_column_1_3 1_3 fusion-one-third\" style=\"--awb-bg-size:cover;width:33.333333333333%;width:calc(33.333333333333% - ( ( 4% + 4% ) * 0.33333333333333 ) );margin-right: 4%;\"><div class=\"fusion-column-wrapper fusion-flex-column-wrapper-legacy\"><div class=\"fusion-image-element in-legacy-container\" style=\"--awb-caption-title-font-family:var(--h2_typography-font-family);--awb-caption-title-font-weight:var(--h2_typography-font-weight);--awb-caption-title-font-style:var(--h2_typography-font-style);--awb-caption-title-size:var(--h2_typography-font-size);--awb-caption-title-transform:var(--h2_typography-text-transform);--awb-caption-title-line-height:var(--h2_typography-line-height);--awb-caption-title-letter-spacing:var(--h2_typography-letter-spacing);\"><span class=\" fusion-imageframe imageframe-none imageframe-3 hover-type-none\"><img decoding=\"async\" width=\"240\" height=\"300\" alt=\"Rejuvenecimiento facial full face: Tratamiento integral sin cirug\u00eda para armonizar el rostro\" title=\"Rejuvenecimiento facial full face con \u00e1cido hialur\u00f3nico \ud83d\udca7Mi paciente quer\u00eda mejorar su aspecto (1)\" src=\"https:\/\/www.idermic.es\/wp-content\/uploads\/2025\/10\/Rejuvenecimiento-facial-full-face-con-acido-hialuronico-\ud83d\udca7Mi-paciente-queria-mejorar-su-aspecto-1-240x300.jpg\" class=\"img-responsive wp-image-8500\" srcset=\"https:\/\/www.idermic.es\/wp-content\/uploads\/2025\/10\/Rejuvenecimiento-facial-full-face-con-acido-hialuronico-\ud83d\udca7Mi-paciente-queria-mejorar-su-aspecto-1-200x250.jpg 200w, https:\/\/www.idermic.es\/wp-content\/uploads\/2025\/10\/Rejuvenecimiento-facial-full-face-con-acido-hialuronico-\ud83d\udca7Mi-paciente-queria-mejorar-su-aspecto-1-400x500.jpg 400w, https:\/\/www.idermic.es\/wp-content\/uploads\/2025\/10\/Rejuvenecimiento-facial-full-face-con-acido-hialuronico-\ud83d\udca7Mi-paciente-queria-mejorar-su-aspecto-1-600x750.jpg 600w, https:\/\/www.idermic.es\/wp-content\/uploads\/2025\/10\/Rejuvenecimiento-facial-full-face-con-acido-hialuronico-\ud83d\udca7Mi-paciente-queria-mejorar-su-aspecto-1-800x1000.jpg 800w, https:\/\/www.idermic.es\/wp-content\/uploads\/2025\/10\/Rejuvenecimiento-facial-full-face-con-acido-hialuronico-\ud83d\udca7Mi-paciente-queria-mejorar-su-aspecto-1.jpg 1080w\" sizes=\"(max-width: 800px) 100vw, 240px\" \/><\/span><\/div><div class=\"fusion-clearfix\"><\/div><\/div><\/div><div class=\"fusion-layout-column fusion_builder_column fusion-builder-column-6 fusion_builder_column_1_3 1_3 fusion-one-third fusion-column-last\" style=\"--awb-bg-size:cover;width:33.333333333333%;width:calc(33.333333333333% - ( ( 4% + 4% ) * 0.33333333333333 ) );\"><div class=\"fusion-column-wrapper fusion-flex-column-wrapper-legacy\"><div class=\"fusion-image-element in-legacy-container\" style=\"--awb-caption-title-font-family:var(--h2_typography-font-family);--awb-caption-title-font-weight:var(--h2_typography-font-weight);--awb-caption-title-font-style:var(--h2_typography-font-style);--awb-caption-title-size:var(--h2_typography-font-size);--awb-caption-title-transform:var(--h2_typography-text-transform);--awb-caption-title-line-height:var(--h2_typography-line-height);--awb-caption-title-letter-spacing:var(--h2_typography-letter-spacing);\"><span class=\" fusion-imageframe imageframe-none imageframe-4 hover-type-none\"><img decoding=\"async\" width=\"240\" height=\"300\" alt=\"Rejuvenecimiento facial full face: Tratamiento integral sin cirug\u00eda para armonizar el rostro\" title=\"Rejuvenecimiento facial full face con \u00e1cido hialur\u00f3nico \ud83d\udca7Mi paciente quer\u00eda mejorar su aspecto\" src=\"https:\/\/www.idermic.es\/wp-content\/uploads\/2025\/10\/Rejuvenecimiento-facial-full-face-con-acido-hialuronico-\ud83d\udca7Mi-paciente-queria-mejorar-su-aspecto--240x300.jpg\" class=\"img-responsive wp-image-8502\" srcset=\"https:\/\/www.idermic.es\/wp-content\/uploads\/2025\/10\/Rejuvenecimiento-facial-full-face-con-acido-hialuronico-\ud83d\udca7Mi-paciente-queria-mejorar-su-aspecto--200x250.jpg 200w, https:\/\/www.idermic.es\/wp-content\/uploads\/2025\/10\/Rejuvenecimiento-facial-full-face-con-acido-hialuronico-\ud83d\udca7Mi-paciente-queria-mejorar-su-aspecto--400x500.jpg 400w, https:\/\/www.idermic.es\/wp-content\/uploads\/2025\/10\/Rejuvenecimiento-facial-full-face-con-acido-hialuronico-\ud83d\udca7Mi-paciente-queria-mejorar-su-aspecto--600x750.jpg 600w, https:\/\/www.idermic.es\/wp-content\/uploads\/2025\/10\/Rejuvenecimiento-facial-full-face-con-acido-hialuronico-\ud83d\udca7Mi-paciente-queria-mejorar-su-aspecto--800x1000.jpg 800w, https:\/\/www.idermic.es\/wp-content\/uploads\/2025\/10\/Rejuvenecimiento-facial-full-face-con-acido-hialuronico-\ud83d\udca7Mi-paciente-queria-mejorar-su-aspecto-.jpg 1080w\" sizes=\"(max-width: 800px) 100vw, 240px\" \/><\/span><\/div><div class=\"fusion-clearfix\"><\/div><\/div><\/div><\/div><\/div><div class=\"fusion-fullwidth fullwidth-box fusion-builder-row-5 nonhundred-percent-fullwidth non-hundred-percent-height-scrolling\" style=\"--awb-border-radius-top-left:0px;--awb-border-radius-top-right:0px;--awb-border-radius-bottom-right:0px;--awb-border-radius-bottom-left:0px;--awb-flex-wrap:wrap;\" ><div class=\"fusion-builder-row fusion-row\"><div class=\"fusion-layout-column fusion_builder_column fusion-builder-column-7 fusion_builder_column_1_1 1_1 fusion-one-full fusion-column-first fusion-column-last\" style=\"--awb-bg-size:cover;\"><div class=\"fusion-column-wrapper fusion-flex-column-wrapper-legacy\"><div class=\"fusion-text fusion-text-4\"><h2 data-start=\"4938\" data-end=\"4994\">\u00bfCu\u00e1les son los beneficios del enfoque full face?<\/h2>\n<p data-start=\"4996\" data-end=\"5124\">Optar por un tratamiento de rejuvenecimiento facial full face proporciona m\u00faltiples beneficios tanto est\u00e9ticos como emocionales:<\/p>\n<ul style=\"list-style-type: square;\" data-start=\"5126\" data-end=\"5440\">\n<li data-start=\"5126\" data-end=\"5159\">\n<p data-start=\"5128\" data-end=\"5159\">Resultado armonioso y natural<\/p>\n<\/li>\n<li data-start=\"5160\" data-end=\"5196\">\n<p data-start=\"5162\" data-end=\"5196\">Mejora global del aspecto facial<\/p>\n<\/li>\n<li data-start=\"5197\" data-end=\"5227\">\n<p data-start=\"5199\" data-end=\"5227\">Efecto lifting sin cirug\u00eda<\/p>\n<\/li>\n<li data-start=\"5228\" data-end=\"5285\">\n<p data-start=\"5230\" data-end=\"5285\">Procedimiento poco invasivo y con m\u00ednima recuperaci\u00f3n<\/p>\n<\/li>\n<li data-start=\"5286\" data-end=\"5336\">\n<p data-start=\"5288\" data-end=\"5336\">Adaptaci\u00f3n personalizada a cada tipo de rostro<\/p>\n<\/li>\n<li data-start=\"5337\" data-end=\"5389\">\n<p data-start=\"5339\" data-end=\"5389\">Reversibilidad en caso de resultados no deseados<\/p>\n<\/li>\n<li data-start=\"5390\" data-end=\"5440\">\n<p data-start=\"5392\" data-end=\"5440\">Estimulaci\u00f3n del col\u00e1geno para efectos duraderos<\/p>\n<\/li>\n<\/ul>\n<h2 data-start=\"5442\" data-end=\"5503\">\u00bfQui\u00e9nes son candidatos ideales para este tratamiento?<\/h2>\n<p data-start=\"5505\" data-end=\"5842\">Este tipo de procedimiento est\u00e1 recomendado para personas que presentan signos de envejecimiento facial como flacidez, p\u00e9rdida de volumen, l\u00edneas de expresi\u00f3n marcadas o piel apagada. Tanto hombres como mujeres pueden beneficiarse del tratamiento full face, siempre que cuenten con una valoraci\u00f3n m\u00e9dica previa que confirme su idoneidad.<\/p>\n<p data-start=\"5844\" data-end=\"6010\">Pacientes entre los 35 y 60 a\u00f1os son los que habitualmente recurren a este enfoque, aunque la tendencia al rejuvenecimiento preventivo ha ampliado este rango de edad.<\/p>\n<h2 data-start=\"6012\" data-end=\"6059\">\u00bfC\u00f3mo es el procedimiento y cu\u00e1nto dura?<\/h2>\n<p data-start=\"6061\" data-end=\"6385\">La duraci\u00f3n del tratamiento var\u00eda seg\u00fan las zonas a tratar y la combinaci\u00f3n de t\u00e9cnicas empleadas, pero en general puede realizarse en una sola sesi\u00f3n de entre 60 y 90 minutos. En algunos casos, se recomienda un enfoque escalonado, realizando diferentes fases con semanas de diferencia para observar los efectos progresivos.<\/p>\n<p data-start=\"6387\" data-end=\"6581\">Los resultados son visibles de forma inmediata en algunos procedimientos (como el \u00e1cido hialur\u00f3nico), mientras que otros (como la bioestimulaci\u00f3n) muestran sus efectos al cabo de varias semanas.<\/p>\n<p data-start=\"6583\" data-end=\"6734\">La duraci\u00f3n de los resultados tambi\u00e9n depende de los productos utilizados y del metabolismo de cada paciente, pero suele mantenerse entre 9 y 18 meses.<\/p>\n<h2 data-start=\"6736\" data-end=\"6792\">\u00bfQu\u00e9 cuidados se deben tener tras el tratamiento?<\/h2>\n<p data-start=\"6794\" data-end=\"7097\">Tras una sesi\u00f3n de rejuvenecimiento facial integral, se recomienda evitar la exposici\u00f3n solar directa, no realizar ejercicio f\u00edsico intenso en las primeras 24-48 horas y no manipular la zona tratada. Algunos efectos secundarios temporales pueden incluir enrojecimiento, inflamaci\u00f3n o peque\u00f1os hematomas.<\/p>\n<p data-start=\"7099\" data-end=\"7205\">Los cuidados posteriores son m\u00ednimos, y la reincorporaci\u00f3n a la vida cotidiana es pr\u00e1cticamente inmediata.<\/p>\n<h2 data-start=\"7207\" data-end=\"7276\">\u00bfPor qu\u00e9 es tan demandado el rejuvenecimiento facial integral?<\/h2>\n<p data-start=\"7278\" data-end=\"7585\">La evoluci\u00f3n de la medicina est\u00e9tica ha permitido lograr transformaciones sutiles pero efectivas, con t\u00e9cnicas cada vez m\u00e1s seguras y eficaces. El rejuvenecimiento facial full face responde a la necesidad de armonizar el rostro sin alterar la identidad del paciente, alej\u00e1ndose de estereotipos artificiales.<\/p>\n<p data-start=\"7587\" data-end=\"7794\">Adem\u00e1s, el hecho de evitar la cirug\u00eda y permitir una recuperaci\u00f3n r\u00e1pida convierte este procedimiento en una soluci\u00f3n ideal para quienes desean mejorar su apariencia sin someterse a intervenciones invasivas.<\/p>\n<\/div><div class=\"fusion-clearfix\"><\/div><\/div><\/div><\/div><\/div><div class=\"fusion-fullwidth fullwidth-box fusion-builder-row-6 nonhundred-percent-fullwidth non-hundred-percent-height-scrolling\" style=\"--awb-border-radius-top-left:0px;--awb-border-radius-top-right:0px;--awb-border-radius-bottom-right:0px;--awb-border-radius-bottom-left:0px;--awb-flex-wrap:wrap;\" ><div class=\"fusion-builder-row fusion-row\"><div class=\"fusion-layout-column fusion_builder_column fusion-builder-column-8 fusion_builder_column_1_1 1_1 fusion-one-full fusion-column-first fusion-column-last\" style=\"--awb-bg-size:cover;\"><div class=\"fusion-column-wrapper fusion-flex-column-wrapper-legacy\"><div class=\"fusion-text fusion-text-5\"><h2 data-start=\"7801\" data-end=\"7846\">Antecedentes del tratamiento full face<\/h2>\n<p data-start=\"7848\" data-end=\"8203\">El concepto de \u201c<strong>full face<\/strong>\u201d comenz\u00f3 a ganar popularidad en los \u00faltimos a\u00f1os gracias al enfoque hol\u00edstico que proponen cl\u00ednicas de medicina est\u00e9tica de referencia. A partir de una visi\u00f3n integral del rostro, los profesionales comenzaron a aplicar tratamientos m\u00e1s completos y coordinados, abandonando el abordaje zonal que predominaba en d\u00e9cadas anteriores.<\/p>\n<p data-start=\"8205\" data-end=\"8449\">Actualmente, el tratamiento se ha convertido en el est\u00e1ndar de oro para quienes buscan un rejuvenecimiento facial arm\u00f3nico y sin cirug\u00edas, siendo respaldado por importantes avances tecnol\u00f3gicos en materiales inyectables y aparatolog\u00eda est\u00e9tica.<\/p>\n<p data-start=\"8205\" data-end=\"8449\">El rejuvenecimiento facial full face representa una revoluci\u00f3n en el campo de la est\u00e9tica avanzada. A trav\u00e9s de una intervenci\u00f3n global, m\u00ednimamente invasiva y totalmente personalizada, permite recuperar la juventud y luminosidad del rostro con resultados naturales y duraderos. Su enfoque armonizador, junto con la combinaci\u00f3n de t\u00e9cnicas como el \u00e1cido hialur\u00f3nico, la toxina botul\u00ednica o los hilos tensores, lo posicionan como uno de los tratamientos m\u00e1s eficaces para quienes buscan mejorar su apariencia sin alterar su esencia.<\/p>\n<p data-start=\"7563\" data-end=\"7786\">Para cualquier consulta sobre el <strong data-start=\"7804\" data-end=\"7846\">tratamiento full face,<\/strong>\u00a0en Idermic, tu <strong><a href=\"http:\/\/idermic.es\/\">dermat\u00f3logo en Terrassa<\/a><\/strong> estaremos encantados de atenderte.<\/p>\n<\/div><div class=\"fusion-clearfix\"><\/div><\/div><\/div><\/div><\/div><div class=\"fusion-fullwidth fullwidth-box fusion-builder-row-7 nonhundred-percent-fullwidth non-hundred-percent-height-scrolling\" style=\"--awb-border-radius-top-left:0px;--awb-border-radius-top-right:0px;--awb-border-radius-bottom-right:0px;--awb-border-radius-bottom-left:0px;--awb-flex-wrap:wrap;\" ><div class=\"fusion-builder-row fusion-row\"><div class=\"fusion-layout-column fusion_builder_column fusion-builder-column-9 fusion_builder_column_1_1 1_1 fusion-one-full fusion-column-first fusion-column-last\" style=\"--awb-bg-size:cover;\"><div class=\"fusion-column-wrapper fusion-flex-column-wrapper-legacy\"><blockquote class=\"instagram-media\" data-instgrm-captioned data-instgrm-permalink=\"https:\/\/www.instagram.com\/p\/DQUFH3WDJzn\/?utm_source=ig_embed&utm_campaign=loading\" data-instgrm-version=\"14\" style=\" background:#FFF; border:0; border-radius:3px; box-shadow:0 0 1px 0 rgba(0,0,0,0.5),0 1px 10px 0 rgba(0,0,0,0.15); margin: 1px; max-width:540px; min-width:326px; padding:0; width:99.375%; width:-webkit-calc(100% - 2px); width:calc(100% - 2px);\"><div style=\"padding:16px;\"> <a href=\"https:\/\/www.instagram.com\/p\/DQUFH3WDJzn\/?utm_source=ig_embed&utm_campaign=loading\" style=\" background:#FFFFFF; line-height:0; padding:0 0; text-align:center; text-decoration:none; width:100%;\" target=\"_blank\"> <div style=\" display: flex; flex-direction: row; align-items: center;\"> <div style=\"background-color: #F4F4F4; border-radius: 50%; flex-grow: 0; height: 40px; margin-right: 14px; width: 40px;\"><\/div> <div style=\"display: flex; flex-direction: column; flex-grow: 1; justify-content: center;\"> <div style=\" background-color: #F4F4F4; border-radius: 4px; flex-grow: 0; height: 14px; margin-bottom: 6px; width: 100px;\"><\/div> <div style=\" background-color: #F4F4F4; border-radius: 4px; flex-grow: 0; height: 14px; width: 60px;\"><\/div><\/div><\/div><div style=\"padding: 19% 0;\"><\/div> <div style=\"display:block; height:50px; margin:0 auto 12px; width:50px;\"><svg width=\"50px\" height=\"50px\" viewBox=\"0 0 60 60\" version=\"1.1\" xmlns=\"https:\/\/www.w3.org\/2000\/svg\" xmlns:xlink=\"https:\/\/www.w3.org\/1999\/xlink\"><g stroke=\"none\" stroke-width=\"1\" fill=\"none\" fill-rule=\"evenodd\"><g transform=\"translate(-511.000000, -20.000000)\" fill=\"#000000\"><g><path d=\"M556.869,30.41 C554.814,30.41 553.148,32.076 553.148,34.131 C553.148,36.186 554.814,37.852 556.869,37.852 C558.924,37.852 560.59,36.186 560.59,34.131 C560.59,32.076 558.924,30.41 556.869,30.41 M541,60.657 C535.114,60.657 530.342,55.887 530.342,50 C530.342,44.114 535.114,39.342 541,39.342 C546.887,39.342 551.658,44.114 551.658,50 C551.658,55.887 546.887,60.657 541,60.657 M541,33.886 C532.1,33.886 524.886,41.1 524.886,50 C524.886,58.899 532.1,66.113 541,66.113 C549.9,66.113 557.115,58.899 557.115,50 C557.115,41.1 549.9,33.886 541,33.886 M565.378,62.101 C565.244,65.022 564.756,66.606 564.346,67.663 C563.803,69.06 563.154,70.057 562.106,71.106 C561.058,72.155 560.06,72.803 558.662,73.347 C557.607,73.757 556.021,74.244 553.102,74.378 C549.944,74.521 548.997,74.552 541,74.552 C533.003,74.552 532.056,74.521 528.898,74.378 C525.979,74.244 524.393,73.757 523.338,73.347 C521.94,72.803 520.942,72.155 519.894,71.106 C518.846,70.057 518.197,69.06 517.654,67.663 C517.244,66.606 516.755,65.022 516.623,62.101 C516.479,58.943 516.448,57.996 516.448,50 C516.448,42.003 516.479,41.056 516.623,37.899 C516.755,34.978 517.244,33.391 517.654,32.338 C518.197,30.938 518.846,29.942 519.894,28.894 C520.942,27.846 521.94,27.196 523.338,26.654 C524.393,26.244 525.979,25.756 528.898,25.623 C532.057,25.479 533.004,25.448 541,25.448 C548.997,25.448 549.943,25.479 553.102,25.623 C556.021,25.756 557.607,26.244 558.662,26.654 C560.06,27.196 561.058,27.846 562.106,28.894 C563.154,29.942 563.803,30.938 564.346,32.338 C564.756,33.391 565.244,34.978 565.378,37.899 C565.522,41.056 565.552,42.003 565.552,50 C565.552,57.996 565.522,58.943 565.378,62.101 M570.82,37.631 C570.674,34.438 570.167,32.258 569.425,30.349 C568.659,28.377 567.633,26.702 565.965,25.035 C564.297,23.368 562.623,22.342 560.652,21.575 C558.743,20.834 556.562,20.326 553.369,20.18 C550.169,20.033 549.148,20 541,20 C532.853,20 531.831,20.033 528.631,20.18 C525.438,20.326 523.257,20.834 521.349,21.575 C519.376,22.342 517.703,23.368 516.035,25.035 C514.368,26.702 513.342,28.377 512.574,30.349 C511.834,32.258 511.326,34.438 511.181,37.631 C511.035,40.831 511,41.851 511,50 C511,58.147 511.035,59.17 511.181,62.369 C511.326,65.562 511.834,67.743 512.574,69.651 C513.342,71.625 514.368,73.296 516.035,74.965 C517.703,76.634 519.376,77.658 521.349,78.425 C523.257,79.167 525.438,79.673 528.631,79.82 C531.831,79.965 532.853,80.001 541,80.001 C549.148,80.001 550.169,79.965 553.369,79.82 C556.562,79.673 558.743,79.167 560.652,78.425 C562.623,77.658 564.297,76.634 565.965,74.965 C567.633,73.296 568.659,71.625 569.425,69.651 C570.167,67.743 570.674,65.562 570.82,62.369 C570.966,59.17 571,58.147 571,50 C571,41.851 570.966,40.831 570.82,37.631\"><\/path><\/g><\/g><\/g><\/svg><\/div><div style=\"padding-top: 8px;\"> <div style=\" color:#3897f0; font-family:Arial,sans-serif; font-size:14px; font-style:normal; font-weight:550; line-height:18px;\">Ver esta publicaci\u00f3n en Instagram<\/div><\/div><div style=\"padding: 12.5% 0;\"><\/div> <div style=\"display: flex; flex-direction: row; margin-bottom: 14px; align-items: center;\"><div> <div style=\"background-color: #F4F4F4; border-radius: 50%; height: 12.5px; width: 12.5px; transform: translateX(0px) translateY(7px);\"><\/div> <div style=\"background-color: #F4F4F4; height: 12.5px; transform: rotate(-45deg) translateX(3px) translateY(1px); width: 12.5px; flex-grow: 0; margin-right: 14px; margin-left: 2px;\"><\/div> <div style=\"background-color: #F4F4F4; border-radius: 50%; height: 12.5px; width: 12.5px; transform: translateX(9px) translateY(-18px);\"><\/div><\/div><div style=\"margin-left: 8px;\"> <div style=\" background-color: #F4F4F4; border-radius: 50%; flex-grow: 0; height: 20px; width: 20px;\"><\/div> <div style=\" width: 0; height: 0; border-top: 2px solid transparent; border-left: 6px solid #f4f4f4; border-bottom: 2px solid transparent; transform: translateX(16px) translateY(-4px) rotate(30deg)\"><\/div><\/div><div style=\"margin-left: auto;\"> <div style=\" width: 0px; border-top: 8px solid #F4F4F4; border-right: 8px solid transparent; transform: translateY(16px);\"><\/div> <div style=\" background-color: #F4F4F4; flex-grow: 0; height: 12px; width: 16px; transform: translateY(-4px);\"><\/div> <div style=\" width: 0; height: 0; border-top: 8px solid #F4F4F4; border-left: 8px solid transparent; transform: translateY(-4px) translateX(8px);\"><\/div><\/div><\/div> <div style=\"display: flex; flex-direction: column; flex-grow: 1; justify-content: center; margin-bottom: 24px;\"> <div style=\" background-color: #F4F4F4; border-radius: 4px; flex-grow: 0; height: 14px; margin-bottom: 6px; width: 224px;\"><\/div> <div style=\" background-color: #F4F4F4; border-radius: 4px; flex-grow: 0; height: 14px; width: 144px;\"><\/div><\/div><\/a><p style=\" color:#c9c8cd; font-family:Arial,sans-serif; font-size:14px; line-height:17px; margin-bottom:0; margin-top:8px; overflow:hidden; padding:8px 0 7px; text-align:center; text-overflow:ellipsis; white-space:nowrap;\"><a href=\"https:\/\/www.instagram.com\/p\/DQUFH3WDJzn\/?utm_source=ig_embed&utm_campaign=loading\" style=\" color:#c9c8cd; font-family:Arial,sans-serif; font-size:14px; font-style:normal; font-weight:normal; line-height:17px; text-decoration:none;\" target=\"_blank\">Una publicaci\u00f3n compartida de Marta Vilavella|Dermat\u00f3loga Est\u00e9tica (@dra.martavilavella_derma)<\/a><\/p><\/div><\/blockquote>\n<script async src=\"\/\/www.instagram.com\/embed.js\"><\/script><div class=\"fusion-clearfix\"><\/div><\/div><\/div><\/div><\/div><\/p>\n","protected":false},"excerpt":{"rendered":"<p>Tratamiento facial integral Full Face, sin cirug\u00eda que rejuvenece, armoniza y revitaliza el rostro con resultados naturales y duraderos.<\/p>\n","protected":false},"author":3,"featured_media":8437,"comment_status":"open","ping_status":"closed","sticky":false,"template":"","format":"standard","meta":{"_joinchat":[],"footnotes":""},"categories":[60],"tags":[],"class_list":["post-8497","post","type-post","status-publish","format-standard","has-post-thumbnail","hentry","category-dermatologia-estetica-es"],"yoast_head":"<!-- This site is optimized with the Yoast SEO plugin v28.4 - https:\/\/yoast.com\/product\/yoast-seo-wordpress\/ -->\n<title>Rejuvenecimiento facial full face: Tratamiento integral sin cirug\u00eda para armonizar el rostro -<\/title>\n<meta name=\"description\" content=\"Tratamiento facial integral Full Face, sin cirug\u00eda que rejuvenece, armoniza y revitaliza el rostro con resultados naturales y duraderos.\" \/>\n<meta name=\"robots\" content=\"index, follow, max-snippet:-1, max-image-preview:large, max-video-preview:-1\" \/>\n<link rel=\"canonical\" href=\"https:\/\/www.idermic.es\/es\/rejuvenecimiento-facial-full-face-tratamiento-integral-sin-cirugia-para-armonizar-el-rostro\/\" \/>\n<meta property=\"og:locale\" content=\"es_ES\" \/>\n<meta property=\"og:type\" content=\"article\" \/>\n<meta property=\"og:title\" content=\"Rejuvenecimiento facial full face: Tratamiento integral sin cirug\u00eda para armonizar el rostro -\" \/>\n<meta property=\"og:description\" content=\"Tratamiento facial integral Full Face, sin cirug\u00eda que rejuvenece, armoniza y revitaliza el rostro con resultados naturales y duraderos.\" \/>\n<meta property=\"og:url\" content=\"https:\/\/www.idermic.es\/es\/rejuvenecimiento-facial-full-face-tratamiento-integral-sin-cirugia-para-armonizar-el-rostro\/\" \/>\n<meta property=\"og:site_name\" content=\"Idermic. Dermatolog\u00eda en Terrassa\" \/>\n<meta property=\"article:publisher\" content=\"https:\/\/www.facebook.com\/Idermic\" \/>\n<meta property=\"article:published_time\" content=\"2025-10-31T08:29:59+00:00\" \/>\n<meta property=\"article:modified_time\" content=\"2026-06-09T21:21:45+00:00\" \/>\n<meta property=\"og:image\" content=\"https:\/\/www.idermic.es\/wp-content\/uploads\/2025\/10\/Captura-de-pantalla-2025-10-17-104305.jpg\" \/>\n\t<meta property=\"og:image:width\" content=\"472\" \/>\n\t<meta property=\"og:image:height\" content=\"437\" \/>\n\t<meta property=\"og:image:type\" content=\"image\/jpeg\" \/>\n<meta name=\"author\" content=\"Equipo\" \/>\n<meta name=\"twitter:card\" content=\"summary_large_image\" \/>\n<meta name=\"twitter:creator\" content=\"@idermic\" \/>\n<meta name=\"twitter:site\" content=\"@idermic\" \/>\n<meta name=\"twitter:label1\" content=\"Escrito por\" \/>\n\t<meta name=\"twitter:data1\" content=\"Equipo\" \/>\n\t<meta name=\"twitter:label2\" content=\"Tiempo de lectura\" \/>\n\t<meta name=\"twitter:data2\" content=\"6 minutos\" \/>\n<script type=\"application\/ld+json\" class=\"yoast-schema-graph\">{\"@context\":\"https:\\\/\\\/schema.org\",\"@graph\":[{\"@type\":\"Article\",\"@id\":\"https:\\\/\\\/www.idermic.es\\\/es\\\/rejuvenecimiento-facial-full-face-tratamiento-integral-sin-cirugia-para-armonizar-el-rostro\\\/#article\",\"isPartOf\":{\"@id\":\"https:\\\/\\\/www.idermic.es\\\/es\\\/rejuvenecimiento-facial-full-face-tratamiento-integral-sin-cirugia-para-armonizar-el-rostro\\\/\"},\"author\":{\"name\":\"Equipo\",\"@id\":\"https:\\\/\\\/www.idermic.es\\\/#\\\/schema\\\/person\\\/c12703027a878b23d3c71c87921a82f8\"},\"headline\":\"Rejuvenecimiento facial full face: Tratamiento integral sin cirug\u00eda para armonizar el rostro\",\"datePublished\":\"2025-10-31T08:29:59+00:00\",\"dateModified\":\"2026-06-09T21:21:45+00:00\",\"mainEntityOfPage\":{\"@id\":\"https:\\\/\\\/www.idermic.es\\\/es\\\/rejuvenecimiento-facial-full-face-tratamiento-integral-sin-cirugia-para-armonizar-el-rostro\\\/\"},\"wordCount\":4422,\"commentCount\":0,\"publisher\":{\"@id\":\"https:\\\/\\\/www.idermic.es\\\/#organization\"},\"image\":{\"@id\":\"https:\\\/\\\/www.idermic.es\\\/es\\\/rejuvenecimiento-facial-full-face-tratamiento-integral-sin-cirugia-para-armonizar-el-rostro\\\/#primaryimage\"},\"thumbnailUrl\":\"https:\\\/\\\/www.idermic.es\\\/wp-content\\\/uploads\\\/2025\\\/10\\\/Captura-de-pantalla-2025-10-17-104305.jpg\",\"articleSection\":[\"Dermatologia est\u00e8tica\"],\"inLanguage\":\"es\",\"potentialAction\":[{\"@type\":\"CommentAction\",\"name\":\"Comment\",\"target\":[\"https:\\\/\\\/www.idermic.es\\\/es\\\/rejuvenecimiento-facial-full-face-tratamiento-integral-sin-cirugia-para-armonizar-el-rostro\\\/#respond\"]}]},{\"@type\":\"WebPage\",\"@id\":\"https:\\\/\\\/www.idermic.es\\\/es\\\/rejuvenecimiento-facial-full-face-tratamiento-integral-sin-cirugia-para-armonizar-el-rostro\\\/\",\"url\":\"https:\\\/\\\/www.idermic.es\\\/es\\\/rejuvenecimiento-facial-full-face-tratamiento-integral-sin-cirugia-para-armonizar-el-rostro\\\/\",\"name\":\"Rejuvenecimiento facial full face: Tratamiento integral sin cirug\u00eda para armonizar el rostro -\",\"isPartOf\":{\"@id\":\"https:\\\/\\\/www.idermic.es\\\/#website\"},\"primaryImageOfPage\":{\"@id\":\"https:\\\/\\\/www.idermic.es\\\/es\\\/rejuvenecimiento-facial-full-face-tratamiento-integral-sin-cirugia-para-armonizar-el-rostro\\\/#primaryimage\"},\"image\":{\"@id\":\"https:\\\/\\\/www.idermic.es\\\/es\\\/rejuvenecimiento-facial-full-face-tratamiento-integral-sin-cirugia-para-armonizar-el-rostro\\\/#primaryimage\"},\"thumbnailUrl\":\"https:\\\/\\\/www.idermic.es\\\/wp-content\\\/uploads\\\/2025\\\/10\\\/Captura-de-pantalla-2025-10-17-104305.jpg\",\"datePublished\":\"2025-10-31T08:29:59+00:00\",\"dateModified\":\"2026-06-09T21:21:45+00:00\",\"description\":\"Tratamiento facial integral Full Face, sin cirug\u00eda que rejuvenece, armoniza y revitaliza el rostro con resultados naturales y duraderos.\",\"breadcrumb\":{\"@id\":\"https:\\\/\\\/www.idermic.es\\\/es\\\/rejuvenecimiento-facial-full-face-tratamiento-integral-sin-cirugia-para-armonizar-el-rostro\\\/#breadcrumb\"},\"inLanguage\":\"es\",\"potentialAction\":[{\"@type\":\"ReadAction\",\"target\":[\"https:\\\/\\\/www.idermic.es\\\/es\\\/rejuvenecimiento-facial-full-face-tratamiento-integral-sin-cirugia-para-armonizar-el-rostro\\\/\"]}]},{\"@type\":\"ImageObject\",\"inLanguage\":\"es\",\"@id\":\"https:\\\/\\\/www.idermic.es\\\/es\\\/rejuvenecimiento-facial-full-face-tratamiento-integral-sin-cirugia-para-armonizar-el-rostro\\\/#primaryimage\",\"url\":\"https:\\\/\\\/www.idermic.es\\\/wp-content\\\/uploads\\\/2025\\\/10\\\/Captura-de-pantalla-2025-10-17-104305.jpg\",\"contentUrl\":\"https:\\\/\\\/www.idermic.es\\\/wp-content\\\/uploads\\\/2025\\\/10\\\/Captura-de-pantalla-2025-10-17-104305.jpg\",\"width\":472,\"height\":437,\"caption\":\"ID Fresh Look: rejuvenecimiento eficaz del contorno ocular\"},{\"@type\":\"BreadcrumbList\",\"@id\":\"https:\\\/\\\/www.idermic.es\\\/es\\\/rejuvenecimiento-facial-full-face-tratamiento-integral-sin-cirugia-para-armonizar-el-rostro\\\/#breadcrumb\",\"itemListElement\":[{\"@type\":\"ListItem\",\"position\":1,\"name\":\"Inici\",\"item\":\"https:\\\/\\\/www.idermic.es\\\/es\\\/\"},{\"@type\":\"ListItem\",\"position\":2,\"name\":\"Rejuvenecimiento facial full face: Tratamiento integral sin cirug\u00eda para armonizar el rostro\"}]},{\"@type\":\"WebSite\",\"@id\":\"https:\\\/\\\/www.idermic.es\\\/#website\",\"url\":\"https:\\\/\\\/www.idermic.es\\\/\",\"name\":\"Idermic. Dermatolog\u00eda en Terrassa\",\"description\":\"Dermatolog\u00eda, Medicina est\u00e9tica, Cirurg\u00eda Pl\u00e0stica\",\"publisher\":{\"@id\":\"https:\\\/\\\/www.idermic.es\\\/#organization\"},\"potentialAction\":[{\"@type\":\"SearchAction\",\"target\":{\"@type\":\"EntryPoint\",\"urlTemplate\":\"https:\\\/\\\/www.idermic.es\\\/?s={search_term_string}\"},\"query-input\":{\"@type\":\"PropertyValueSpecification\",\"valueRequired\":true,\"valueName\":\"search_term_string\"}}],\"inLanguage\":\"es\"},{\"@type\":\"Organization\",\"@id\":\"https:\\\/\\\/www.idermic.es\\\/#organization\",\"name\":\"Idermic. Dermatolog\u00eda en Terrassa\",\"url\":\"https:\\\/\\\/www.idermic.es\\\/\",\"logo\":{\"@type\":\"ImageObject\",\"inLanguage\":\"es\",\"@id\":\"https:\\\/\\\/www.idermic.es\\\/#\\\/schema\\\/logo\\\/image\\\/\",\"url\":\"https:\\\/\\\/www.idermic.es\\\/wp-content\\\/uploads\\\/2025\\\/10\\\/Logo-Idermic.jpg\",\"contentUrl\":\"https:\\\/\\\/www.idermic.es\\\/wp-content\\\/uploads\\\/2025\\\/10\\\/Logo-Idermic.jpg\",\"width\":501,\"height\":502,\"caption\":\"Idermic. Dermatolog\u00eda en Terrassa\"},\"image\":{\"@id\":\"https:\\\/\\\/www.idermic.es\\\/#\\\/schema\\\/logo\\\/image\\\/\"},\"sameAs\":[\"https:\\\/\\\/www.facebook.com\\\/Idermic\",\"https:\\\/\\\/x.com\\\/idermic\",\"https:\\\/\\\/www.instagram.com\\\/idermicclinic\\\/\",\"https:\\\/\\\/www.youtube.com\\\/channel\\\/UCyAHC9-p8lc6hr_nguO8p_g\"]},{\"@type\":\"Person\",\"@id\":\"https:\\\/\\\/www.idermic.es\\\/#\\\/schema\\\/person\\\/c12703027a878b23d3c71c87921a82f8\",\"name\":\"Equipo\",\"image\":{\"@type\":\"ImageObject\",\"inLanguage\":\"es\",\"@id\":\"https:\\\/\\\/secure.gravatar.com\\\/avatar\\\/7ca0be23248108c6b0887e0693b7dcf7764bd3503f84d1f04e6653ef7c3b9420?s=96&d=mm&r=g\",\"url\":\"https:\\\/\\\/secure.gravatar.com\\\/avatar\\\/7ca0be23248108c6b0887e0693b7dcf7764bd3503f84d1f04e6653ef7c3b9420?s=96&d=mm&r=g\",\"contentUrl\":\"https:\\\/\\\/secure.gravatar.com\\\/avatar\\\/7ca0be23248108c6b0887e0693b7dcf7764bd3503f84d1f04e6653ef7c3b9420?s=96&d=mm&r=g\",\"caption\":\"Equipo\"},\"description\":\"Equipo de Idermic\"}]}<\/script>\n<!-- \/ Yoast SEO plugin. -->","yoast_head_json":{"title":"Rejuvenecimiento facial full face: Tratamiento integral sin cirug\u00eda para armonizar el rostro -","description":"Tratamiento facial integral Full Face, sin cirug\u00eda que rejuvenece, armoniza y revitaliza el rostro con resultados naturales y duraderos.","robots":{"index":"index","follow":"follow","max-snippet":"max-snippet:-1","max-image-preview":"max-image-preview:large","max-video-preview":"max-video-preview:-1"},"canonical":"https:\/\/www.idermic.es\/es\/rejuvenecimiento-facial-full-face-tratamiento-integral-sin-cirugia-para-armonizar-el-rostro\/","og_locale":"es_ES","og_type":"article","og_title":"Rejuvenecimiento facial full face: Tratamiento integral sin cirug\u00eda para armonizar el rostro -","og_description":"Tratamiento facial integral Full Face, sin cirug\u00eda que rejuvenece, armoniza y revitaliza el rostro con resultados naturales y duraderos.","og_url":"https:\/\/www.idermic.es\/es\/rejuvenecimiento-facial-full-face-tratamiento-integral-sin-cirugia-para-armonizar-el-rostro\/","og_site_name":"Idermic. Dermatolog\u00eda en Terrassa","article_publisher":"https:\/\/www.facebook.com\/Idermic","article_published_time":"2025-10-31T08:29:59+00:00","article_modified_time":"2026-06-09T21:21:45+00:00","og_image":[{"width":472,"height":437,"url":"https:\/\/www.idermic.es\/wp-content\/uploads\/2025\/10\/Captura-de-pantalla-2025-10-17-104305.jpg","type":"image\/jpeg"}],"author":"Equipo","twitter_card":"summary_large_image","twitter_creator":"@idermic","twitter_site":"@idermic","twitter_misc":{"Escrito por":"Equipo","Tiempo de lectura":"6 minutos"},"schema":{"@context":"https:\/\/schema.org","@graph":[{"@type":"Article","@id":"https:\/\/www.idermic.es\/es\/rejuvenecimiento-facial-full-face-tratamiento-integral-sin-cirugia-para-armonizar-el-rostro\/#article","isPartOf":{"@id":"https:\/\/www.idermic.es\/es\/rejuvenecimiento-facial-full-face-tratamiento-integral-sin-cirugia-para-armonizar-el-rostro\/"},"author":{"name":"Equipo","@id":"https:\/\/www.idermic.es\/#\/schema\/person\/c12703027a878b23d3c71c87921a82f8"},"headline":"Rejuvenecimiento facial full face: Tratamiento integral sin cirug\u00eda para armonizar el rostro","datePublished":"2025-10-31T08:29:59+00:00","dateModified":"2026-06-09T21:21:45+00:00","mainEntityOfPage":{"@id":"https:\/\/www.idermic.es\/es\/rejuvenecimiento-facial-full-face-tratamiento-integral-sin-cirugia-para-armonizar-el-rostro\/"},"wordCount":4422,"commentCount":0,"publisher":{"@id":"https:\/\/www.idermic.es\/#organization"},"image":{"@id":"https:\/\/www.idermic.es\/es\/rejuvenecimiento-facial-full-face-tratamiento-integral-sin-cirugia-para-armonizar-el-rostro\/#primaryimage"},"thumbnailUrl":"https:\/\/www.idermic.es\/wp-content\/uploads\/2025\/10\/Captura-de-pantalla-2025-10-17-104305.jpg","articleSection":["Dermatologia est\u00e8tica"],"inLanguage":"es","potentialAction":[{"@type":"CommentAction","name":"Comment","target":["https:\/\/www.idermic.es\/es\/rejuvenecimiento-facial-full-face-tratamiento-integral-sin-cirugia-para-armonizar-el-rostro\/#respond"]}]},{"@type":"WebPage","@id":"https:\/\/www.idermic.es\/es\/rejuvenecimiento-facial-full-face-tratamiento-integral-sin-cirugia-para-armonizar-el-rostro\/","url":"https:\/\/www.idermic.es\/es\/rejuvenecimiento-facial-full-face-tratamiento-integral-sin-cirugia-para-armonizar-el-rostro\/","name":"Rejuvenecimiento facial full face: Tratamiento integral sin cirug\u00eda para armonizar el rostro -","isPartOf":{"@id":"https:\/\/www.idermic.es\/#website"},"primaryImageOfPage":{"@id":"https:\/\/www.idermic.es\/es\/rejuvenecimiento-facial-full-face-tratamiento-integral-sin-cirugia-para-armonizar-el-rostro\/#primaryimage"},"image":{"@id":"https:\/\/www.idermic.es\/es\/rejuvenecimiento-facial-full-face-tratamiento-integral-sin-cirugia-para-armonizar-el-rostro\/#primaryimage"},"thumbnailUrl":"https:\/\/www.idermic.es\/wp-content\/uploads\/2025\/10\/Captura-de-pantalla-2025-10-17-104305.jpg","datePublished":"2025-10-31T08:29:59+00:00","dateModified":"2026-06-09T21:21:45+00:00","description":"Tratamiento facial integral Full Face, sin cirug\u00eda que rejuvenece, armoniza y revitaliza el rostro con resultados naturales y duraderos.","breadcrumb":{"@id":"https:\/\/www.idermic.es\/es\/rejuvenecimiento-facial-full-face-tratamiento-integral-sin-cirugia-para-armonizar-el-rostro\/#breadcrumb"},"inLanguage":"es","potentialAction":[{"@type":"ReadAction","target":["https:\/\/www.idermic.es\/es\/rejuvenecimiento-facial-full-face-tratamiento-integral-sin-cirugia-para-armonizar-el-rostro\/"]}]},{"@type":"ImageObject","inLanguage":"es","@id":"https:\/\/www.idermic.es\/es\/rejuvenecimiento-facial-full-face-tratamiento-integral-sin-cirugia-para-armonizar-el-rostro\/#primaryimage","url":"https:\/\/www.idermic.es\/wp-content\/uploads\/2025\/10\/Captura-de-pantalla-2025-10-17-104305.jpg","contentUrl":"https:\/\/www.idermic.es\/wp-content\/uploads\/2025\/10\/Captura-de-pantalla-2025-10-17-104305.jpg","width":472,"height":437,"caption":"ID Fresh Look: rejuvenecimiento eficaz del contorno ocular"},{"@type":"BreadcrumbList","@id":"https:\/\/www.idermic.es\/es\/rejuvenecimiento-facial-full-face-tratamiento-integral-sin-cirugia-para-armonizar-el-rostro\/#breadcrumb","itemListElement":[{"@type":"ListItem","position":1,"name":"Inici","item":"https:\/\/www.idermic.es\/es\/"},{"@type":"ListItem","position":2,"name":"Rejuvenecimiento facial full face: Tratamiento integral sin cirug\u00eda para armonizar el rostro"}]},{"@type":"WebSite","@id":"https:\/\/www.idermic.es\/#website","url":"https:\/\/www.idermic.es\/","name":"Idermic. Dermatolog\u00eda en Terrassa","description":"Dermatolog\u00eda, Medicina est\u00e9tica, Cirurg\u00eda Pl\u00e0stica","publisher":{"@id":"https:\/\/www.idermic.es\/#organization"},"potentialAction":[{"@type":"SearchAction","target":{"@type":"EntryPoint","urlTemplate":"https:\/\/www.idermic.es\/?s={search_term_string}"},"query-input":{"@type":"PropertyValueSpecification","valueRequired":true,"valueName":"search_term_string"}}],"inLanguage":"es"},{"@type":"Organization","@id":"https:\/\/www.idermic.es\/#organization","name":"Idermic. Dermatolog\u00eda en Terrassa","url":"https:\/\/www.idermic.es\/","logo":{"@type":"ImageObject","inLanguage":"es","@id":"https:\/\/www.idermic.es\/#\/schema\/logo\/image\/","url":"https:\/\/www.idermic.es\/wp-content\/uploads\/2025\/10\/Logo-Idermic.jpg","contentUrl":"https:\/\/www.idermic.es\/wp-content\/uploads\/2025\/10\/Logo-Idermic.jpg","width":501,"height":502,"caption":"Idermic. Dermatolog\u00eda en Terrassa"},"image":{"@id":"https:\/\/www.idermic.es\/#\/schema\/logo\/image\/"},"sameAs":["https:\/\/www.facebook.com\/Idermic","https:\/\/x.com\/idermic","https:\/\/www.instagram.com\/idermicclinic\/","https:\/\/www.youtube.com\/channel\/UCyAHC9-p8lc6hr_nguO8p_g"]},{"@type":"Person","@id":"https:\/\/www.idermic.es\/#\/schema\/person\/c12703027a878b23d3c71c87921a82f8","name":"Equipo","image":{"@type":"ImageObject","inLanguage":"es","@id":"https:\/\/secure.gravatar.com\/avatar\/7ca0be23248108c6b0887e0693b7dcf7764bd3503f84d1f04e6653ef7c3b9420?s=96&d=mm&r=g","url":"https:\/\/secure.gravatar.com\/avatar\/7ca0be23248108c6b0887e0693b7dcf7764bd3503f84d1f04e6653ef7c3b9420?s=96&d=mm&r=g","contentUrl":"https:\/\/secure.gravatar.com\/avatar\/7ca0be23248108c6b0887e0693b7dcf7764bd3503f84d1f04e6653ef7c3b9420?s=96&d=mm&r=g","caption":"Equipo"},"description":"Equipo de Idermic"}]}},"_links":{"self":[{"href":"https:\/\/www.idermic.es\/es\/wp-json\/wp\/v2\/posts\/8497","targetHints":{"allow":["GET"]}}],"collection":[{"href":"https:\/\/www.idermic.es\/es\/wp-json\/wp\/v2\/posts"}],"about":[{"href":"https:\/\/www.idermic.es\/es\/wp-json\/wp\/v2\/types\/post"}],"author":[{"embeddable":true,"href":"https:\/\/www.idermic.es\/es\/wp-json\/wp\/v2\/users\/3"}],"replies":[{"embeddable":true,"href":"https:\/\/www.idermic.es\/es\/wp-json\/wp\/v2\/comments?post=8497"}],"version-history":[{"count":8,"href":"https:\/\/www.idermic.es\/es\/wp-json\/wp\/v2\/posts\/8497\/revisions"}],"predecessor-version":[{"id":10040,"href":"https:\/\/www.idermic.es\/es\/wp-json\/wp\/v2\/posts\/8497\/revisions\/10040"}],"wp:featuredmedia":[{"embeddable":true,"href":"https:\/\/www.idermic.es\/es\/wp-json\/wp\/v2\/media\/8437"}],"wp:attachment":[{"href":"https:\/\/www.idermic.es\/es\/wp-json\/wp\/v2\/media?parent=8497"}],"wp:term":[{"taxonomy":"category","embeddable":true,"href":"https:\/\/www.idermic.es\/es\/wp-json\/wp\/v2\/categories?post=8497"},{"taxonomy":"post_tag","embeddable":true,"href":"https:\/\/www.idermic.es\/es\/wp-json\/wp\/v2\/tags?post=8497"}],"curies":[{"name":"wp","href":"https:\/\/api.w.org\/{rel}","templated":true}]}}