{"id":8409,"date":"2025-10-15T08:24:08","date_gmt":"2025-10-15T08:24:08","guid":{"rendered":"https:\/\/www.idermic.es\/?p=8409"},"modified":"2026-05-26T09:50:42","modified_gmt":"2026-05-26T09:50:42","slug":"programa-clearskin-el-enfoque-integral-de-idermic-para-la-recuperacion-de-la-piel-con-acne","status":"publish","type":"post","link":"https:\/\/www.idermic.es\/es\/programa-clearskin-el-enfoque-integral-de-idermic-para-la-recuperacion-de-la-piel-con-acne\/","title":{"rendered":"Programa ClearSkin, el enfoque integral de Idermic para la recuperaci\u00f3n de la piel con acn\u00e9"},"content":{"rendered":"<p><div class=\"fusion-fullwidth fullwidth-box fusion-builder-row-1 nonhundred-percent-fullwidth non-hundred-percent-height-scrolling\" style=\"--awb-border-radius-top-left:0px;--awb-border-radius-top-right:0px;--awb-border-radius-bottom-right:0px;--awb-border-radius-bottom-left:0px;--awb-flex-wrap:wrap;\" ><div class=\"fusion-builder-row fusion-row\"><div class=\"fusion-layout-column fusion_builder_column fusion-builder-column-0 fusion_builder_column_1_1 1_1 fusion-one-full fusion-column-first fusion-column-last\" style=\"--awb-bg-size:cover;\"><div class=\"fusion-column-wrapper fusion-flex-column-wrapper-legacy\"><div class=\"fusion-text fusion-text-1\"><h1 style=\"text-align: center;\">Programa ClearSkin, el enfoque integral de Idermic para la recuperaci\u00f3n de la piel con acn\u00e9<\/h1>\n<\/div><div class=\"fusion-clearfix\"><\/div><\/div><\/div><\/div><\/div><div class=\"fusion-fullwidth fullwidth-box fusion-builder-row-2 nonhundred-percent-fullwidth non-hundred-percent-height-scrolling\" style=\"--awb-border-radius-top-left:0px;--awb-border-radius-top-right:0px;--awb-border-radius-bottom-right:0px;--awb-border-radius-bottom-left:0px;--awb-flex-wrap:wrap;\" ><div class=\"fusion-builder-row fusion-row\"><div class=\"fusion-layout-column fusion_builder_column fusion-builder-column-1 fusion_builder_column_1_2 1_2 fusion-one-half fusion-column-first\" style=\"--awb-bg-size:cover;width:50%;width:calc(50% - ( ( 4% ) * 0.5 ) );margin-right: 4%;\"><div class=\"fusion-column-wrapper fusion-flex-column-wrapper-legacy\"><div class=\"fusion-text fusion-text-2\"><p data-start=\"424\" data-end=\"840\">El acn\u00e9 no es \u00fanicamente una preocupaci\u00f3n est\u00e9tica. Es una afecci\u00f3n inflamatoria de la piel que puede afectar significativamente la calidad de vida de quienes lo padecen.<\/p>\n<p data-start=\"424\" data-end=\"840\">M\u00e1s all\u00e1 de los brotes visibles, el acn\u00e9 puede dejar cicatrices f\u00edsicas y emocionales duraderas.<\/p>\n<p data-start=\"424\" data-end=\"840\">Aunque se asocia frecuentemente a la adolescencia, cada vez son m\u00e1s los adultos que presentan formas persistentes o recurrentes de esta patolog\u00eda.<\/p>\n<\/div><div class=\"fusion-clearfix\"><\/div><\/div><\/div><div class=\"fusion-layout-column fusion_builder_column fusion-builder-column-2 fusion_builder_column_1_2 1_2 fusion-one-half fusion-column-last\" style=\"--awb-bg-size:cover;width:50%;width:calc(50% - ( ( 4% ) * 0.5 ) );\"><div class=\"fusion-column-wrapper fusion-flex-column-wrapper-legacy\"><div class=\"fusion-image-element in-legacy-container\" style=\"--awb-caption-title-font-family:var(--h2_typography-font-family);--awb-caption-title-font-weight:var(--h2_typography-font-weight);--awb-caption-title-font-style:var(--h2_typography-font-style);--awb-caption-title-size:var(--h2_typography-font-size);--awb-caption-title-transform:var(--h2_typography-text-transform);--awb-caption-title-line-height:var(--h2_typography-line-height);--awb-caption-title-letter-spacing:var(--h2_typography-letter-spacing);\"><span class=\" fusion-imageframe imageframe-none imageframe-1 hover-type-none\"><img decoding=\"async\" width=\"171\" height=\"300\" alt=\"Programa ClearSkin, el enfoque integral de Idermic para la recuperaci\u00f3n de la piel con acn\u00e9\" title=\"Programa ClearSkin\" src=\"https:\/\/www.idermic.es\/wp-content\/uploads\/2025\/10\/Captura-de-pantalla-2025-10-15-100202-171x300.jpg\" class=\"img-responsive wp-image-8413\" srcset=\"https:\/\/www.idermic.es\/wp-content\/uploads\/2025\/10\/Captura-de-pantalla-2025-10-15-100202-200x350.jpg 200w, https:\/\/www.idermic.es\/wp-content\/uploads\/2025\/10\/Captura-de-pantalla-2025-10-15-100202.jpg 311w\" sizes=\"(max-width: 800px) 100vw, 171px\" \/><\/span><\/div><div class=\"fusion-clearfix\"><\/div><\/div><\/div><\/div><\/div><div class=\"fusion-fullwidth fullwidth-box fusion-builder-row-3 nonhundred-percent-fullwidth non-hundred-percent-height-scrolling\" style=\"--awb-border-radius-top-left:0px;--awb-border-radius-top-right:0px;--awb-border-radius-bottom-right:0px;--awb-border-radius-bottom-left:0px;--awb-flex-wrap:wrap;\" ><div class=\"fusion-builder-row fusion-row\"><div class=\"fusion-layout-column fusion_builder_column fusion-builder-column-3 fusion_builder_column_1_1 1_1 fusion-one-full fusion-column-first fusion-column-last\" style=\"--awb-bg-size:cover;\"><div class=\"fusion-column-wrapper fusion-flex-column-wrapper-legacy\"><div class=\"fusion-sep-clear\"><\/div><div class=\"fusion-separator fusion-full-width-sep\" style=\"margin-left: auto;margin-right: auto;width:100%;\"><div class=\"fusion-separator-border sep-double\" style=\"--awb-height:20px;--awb-amount:20px;border-color:#e0dede;border-top-width:1px;border-bottom-width:1px;\"><\/div><\/div><div class=\"fusion-sep-clear\"><\/div><div class=\"fusion-clearfix\"><\/div><\/div><\/div><\/div><\/div><div class=\"fusion-fullwidth fullwidth-box fusion-builder-row-4 nonhundred-percent-fullwidth non-hundred-percent-height-scrolling\" style=\"--awb-border-radius-top-left:0px;--awb-border-radius-top-right:0px;--awb-border-radius-bottom-right:0px;--awb-border-radius-bottom-left:0px;--awb-flex-wrap:wrap;\" ><div class=\"fusion-builder-row fusion-row\"><div class=\"fusion-layout-column fusion_builder_column fusion-builder-column-4 fusion_builder_column_1_1 1_1 fusion-one-full fusion-column-first fusion-column-last\" style=\"--awb-bg-size:cover;\"><div class=\"fusion-column-wrapper fusion-flex-column-wrapper-legacy\"><div class=\"fusion-text fusion-text-3\"><p>En respuesta a esta realidad, la Cl\u00ednica Idermic, situada en Terrassa y especializada en dermatolog\u00eda avanzada, ha desarrollado un protocolo completo y personalizado para tratar tanto el acn\u00e9 activo como sus secuelas: el <strong data-start=\"1063\" data-end=\"1085\">programa ClearSkin<\/strong>. Este tratamiento integral se basa en la combinaci\u00f3n de tecnolog\u00edas m\u00e9dicas y est\u00e9ticas de \u00faltima generaci\u00f3n, abordando el problema desde m\u00faltiples frentes para lograr una <strong data-start=\"1258\" data-end=\"1301\">recuperaci\u00f3n real y duradera de la piel<\/strong>.<\/p>\n<h2 data-start=\"1304\" data-end=\"1358\">Un enfoque personalizado para cada tipo de piel<\/h2>\n<p data-start=\"1360\" data-end=\"1717\">Cada caso de acn\u00e9 es \u00fanico. No existen dos pieles iguales, y por ello, los tratamientos est\u00e1ndar rara vez ofrecen resultados \u00f3ptimos en todos los pacientes.<br data-start=\"1516\" data-end=\"1519\" \/>El programa ClearSkin se diferencia por su capacidad de <strong data-start=\"1575\" data-end=\"1604\">adaptarse a cada paciente<\/strong>, ajustando la combinaci\u00f3n terap\u00e9utica seg\u00fan la tipolog\u00eda de piel, el grado de acn\u00e9 y la sensibilidad individual.<\/p>\n<p data-start=\"1719\" data-end=\"1772\">Este programa se estructura sobre tres pilares clave:<\/p>\n<h3 data-start=\"1774\" data-end=\"1814\">1. <strong data-start=\"1781\" data-end=\"1814\">Medicaci\u00f3n oral a dosis bajas<\/strong><\/h3>\n<p data-start=\"1816\" data-end=\"2312\">Lejos de los tratamientos agresivos con altas dosis de retinoides o antibi\u00f3ticos, el protocolo ClearSkin opta por <strong data-start=\"1930\" data-end=\"1970\">una medicaci\u00f3n oral en dosis m\u00ednimas<\/strong>, cuidadosamente ajustadas para minimizar efectos secundarios. Esto permite mantener un control eficaz del acn\u00e9 activo sin comprometer la salud general del paciente.<br data-start=\"2135\" data-end=\"2138\" \/>La medicaci\u00f3n se selecciona tras una evaluaci\u00f3n dermatol\u00f3gica rigurosa, que puede incluir estudios hormonales, an\u00e1lisis de piel y revisi\u00f3n del historial cl\u00ednico del paciente.<\/p>\n<h3 data-start=\"2314\" data-end=\"2370\">2. <strong data-start=\"2321\" data-end=\"2370\">Tratamiento con l\u00e1ser fraccionado no ablativo<\/strong><\/h3>\n<p data-start=\"2372\" data-end=\"2631\">La tecnolog\u00eda l\u00e1ser es una de las piedras angulares del programa. Idermic trabaja con <strong data-start=\"2458\" data-end=\"2475\">ClearSkin PRO<\/strong>, un sistema l\u00e1ser Er:Glass de Alma Lasers, dise\u00f1ado espec\u00edficamente para <strong data-start=\"2549\" data-end=\"2630\">estimular la regeneraci\u00f3n de la piel sin causar da\u00f1o en la superficie cut\u00e1nea<\/strong>.<\/p>\n<p data-start=\"2633\" data-end=\"3062\">Este l\u00e1ser act\u00faa penetrando la dermis y provocando una respuesta regenerativa, que favorece la producci\u00f3n natural de col\u00e1geno y elastina. Al ser <strong data-start=\"2778\" data-end=\"2793\">no ablativo<\/strong>, no se producen costras ni descamaciones, y el paciente puede reincorporarse de inmediato a su vida cotidiana.<br data-start=\"2904\" data-end=\"2907\" \/>Adem\u00e1s, su acci\u00f3n t\u00e9rmica elimina las bacterias causantes del acn\u00e9 (Propionibacterium acnes), ayudando a reducir la inflamaci\u00f3n y a prevenir nuevos brotes.<\/p>\n<h3 data-start=\"3064\" data-end=\"3105\">3. <strong data-start=\"3071\" data-end=\"3105\">Rutina cosm\u00e9tica personalizada<\/strong><\/h3>\n<p data-start=\"3107\" data-end=\"3411\">Los resultados del tratamiento m\u00e9dico se consolidan y potencian mediante el dise\u00f1o de una <strong data-start=\"3197\" data-end=\"3248\">rutina dermocosm\u00e9tica espec\u00edfica para cada piel<\/strong>. Esta rutina se compone de productos con activos como \u00e1cido salic\u00edlico, niacinamida, retinol o azeloglicina, seleccionados seg\u00fan las caracter\u00edsticas del paciente.<\/p>\n<p data-start=\"3413\" data-end=\"3641\">El equipo de Idermic gu\u00eda al paciente en el uso adecuado de cada producto, asegurando una correcta aplicaci\u00f3n y evitando irritaciones. Este seguimiento continuo es clave para mantener los avances conseguidos y prevenir reca\u00eddas.<\/p>\n<\/div><div class=\"fusion-clearfix\"><\/div><\/div><\/div><\/div><\/div><div class=\"fusion-fullwidth fullwidth-box fusion-builder-row-5 nonhundred-percent-fullwidth non-hundred-percent-height-scrolling\" style=\"--awb-border-radius-top-left:0px;--awb-border-radius-top-right:0px;--awb-border-radius-bottom-right:0px;--awb-border-radius-bottom-left:0px;--awb-flex-wrap:wrap;\" ><div class=\"fusion-builder-row fusion-row\"><div class=\"fusion-layout-column fusion_builder_column fusion-builder-column-5 fusion_builder_column_1_3 1_3 fusion-one-third fusion-column-first\" style=\"--awb-bg-size:cover;width:33.333333333333%;width:calc(33.333333333333% - ( ( 4% + 4% ) * 0.33333333333333 ) );margin-right: 4%;\"><div class=\"fusion-column-wrapper fusion-flex-column-wrapper-legacy\"><div class=\"fusion-image-element in-legacy-container\" style=\"--awb-caption-title-font-family:var(--h2_typography-font-family);--awb-caption-title-font-weight:var(--h2_typography-font-weight);--awb-caption-title-font-style:var(--h2_typography-font-style);--awb-caption-title-size:var(--h2_typography-font-size);--awb-caption-title-transform:var(--h2_typography-text-transform);--awb-caption-title-line-height:var(--h2_typography-line-height);--awb-caption-title-letter-spacing:var(--h2_typography-letter-spacing);\"><span class=\" fusion-imageframe imageframe-none imageframe-2 hover-type-none\"><img decoding=\"async\" width=\"240\" height=\"300\" alt=\"Programa ClearSkin de Idermic. Imagen lateral\" title=\"Programa ClearSkin de Idermic\" src=\"https:\/\/www.idermic.es\/wp-content\/uploads\/2025\/10\/\u2728-Recuperar-una-piel-con-acne-es-posible.El-programa-ClearSkin-de-@idermicclinic-esta-disenado-e-2-240x300.jpg\" class=\"img-responsive wp-image-8419\" srcset=\"https:\/\/www.idermic.es\/wp-content\/uploads\/2025\/10\/\u2728-Recuperar-una-piel-con-acne-es-posible.El-programa-ClearSkin-de-@idermicclinic-esta-disenado-e-2-200x250.jpg 200w, https:\/\/www.idermic.es\/wp-content\/uploads\/2025\/10\/\u2728-Recuperar-una-piel-con-acne-es-posible.El-programa-ClearSkin-de-@idermicclinic-esta-disenado-e-2-400x500.jpg 400w, https:\/\/www.idermic.es\/wp-content\/uploads\/2025\/10\/\u2728-Recuperar-una-piel-con-acne-es-posible.El-programa-ClearSkin-de-@idermicclinic-esta-disenado-e-2-600x750.jpg 600w, https:\/\/www.idermic.es\/wp-content\/uploads\/2025\/10\/\u2728-Recuperar-una-piel-con-acne-es-posible.El-programa-ClearSkin-de-@idermicclinic-esta-disenado-e-2-800x1000.jpg 800w, https:\/\/www.idermic.es\/wp-content\/uploads\/2025\/10\/\u2728-Recuperar-una-piel-con-acne-es-posible.El-programa-ClearSkin-de-@idermicclinic-esta-disenado-e-2.jpg 1080w\" sizes=\"(max-width: 800px) 100vw, 240px\" \/><\/span><\/div><div class=\"fusion-clearfix\"><\/div><\/div><\/div><div class=\"fusion-layout-column fusion_builder_column fusion-builder-column-6 fusion_builder_column_1_3 1_3 fusion-one-third\" style=\"--awb-bg-size:cover;width:33.333333333333%;width:calc(33.333333333333% - ( ( 4% + 4% ) * 0.33333333333333 ) );margin-right: 4%;\"><div class=\"fusion-column-wrapper fusion-flex-column-wrapper-legacy\"><div class=\"fusion-image-element in-legacy-container\" style=\"--awb-caption-title-font-family:var(--h2_typography-font-family);--awb-caption-title-font-weight:var(--h2_typography-font-weight);--awb-caption-title-font-style:var(--h2_typography-font-style);--awb-caption-title-size:var(--h2_typography-font-size);--awb-caption-title-transform:var(--h2_typography-text-transform);--awb-caption-title-line-height:var(--h2_typography-line-height);--awb-caption-title-letter-spacing:var(--h2_typography-letter-spacing);\"><span class=\" fusion-imageframe imageframe-none imageframe-3 hover-type-none\"><img decoding=\"async\" width=\"240\" height=\"300\" alt=\"Programa ClearSkin de Idermic. Imagen Frontal\" title=\"Programa ClearSkin\" src=\"https:\/\/www.idermic.es\/wp-content\/uploads\/2025\/10\/\u2728-Recuperar-una-piel-con-acne-es-posible.El-programa-ClearSkin-de-@idermicclinic-esta-disenado-e-240x300.jpg\" class=\"img-responsive wp-image-8423\" srcset=\"https:\/\/www.idermic.es\/wp-content\/uploads\/2025\/10\/\u2728-Recuperar-una-piel-con-acne-es-posible.El-programa-ClearSkin-de-@idermicclinic-esta-disenado-e-200x250.jpg 200w, https:\/\/www.idermic.es\/wp-content\/uploads\/2025\/10\/\u2728-Recuperar-una-piel-con-acne-es-posible.El-programa-ClearSkin-de-@idermicclinic-esta-disenado-e-400x500.jpg 400w, https:\/\/www.idermic.es\/wp-content\/uploads\/2025\/10\/\u2728-Recuperar-una-piel-con-acne-es-posible.El-programa-ClearSkin-de-@idermicclinic-esta-disenado-e-600x750.jpg 600w, https:\/\/www.idermic.es\/wp-content\/uploads\/2025\/10\/\u2728-Recuperar-una-piel-con-acne-es-posible.El-programa-ClearSkin-de-@idermicclinic-esta-disenado-e-800x1000.jpg 800w, https:\/\/www.idermic.es\/wp-content\/uploads\/2025\/10\/\u2728-Recuperar-una-piel-con-acne-es-posible.El-programa-ClearSkin-de-@idermicclinic-esta-disenado-e.jpg 1080w\" sizes=\"(max-width: 800px) 100vw, 240px\" \/><\/span><\/div><div class=\"fusion-clearfix\"><\/div><\/div><\/div><div class=\"fusion-layout-column fusion_builder_column fusion-builder-column-7 fusion_builder_column_1_3 1_3 fusion-one-third fusion-column-last\" style=\"--awb-bg-size:cover;width:33.333333333333%;width:calc(33.333333333333% - ( ( 4% + 4% ) * 0.33333333333333 ) );\"><div class=\"fusion-column-wrapper fusion-flex-column-wrapper-legacy\"><div class=\"fusion-image-element in-legacy-container\" style=\"--awb-caption-title-font-family:var(--h2_typography-font-family);--awb-caption-title-font-weight:var(--h2_typography-font-weight);--awb-caption-title-font-style:var(--h2_typography-font-style);--awb-caption-title-size:var(--h2_typography-font-size);--awb-caption-title-transform:var(--h2_typography-text-transform);--awb-caption-title-line-height:var(--h2_typography-line-height);--awb-caption-title-letter-spacing:var(--h2_typography-letter-spacing);\"><span class=\" fusion-imageframe imageframe-none imageframe-4 hover-type-none\"><img decoding=\"async\" width=\"240\" height=\"300\" alt=\"Programa ClearSkin de Idermic. Imagen lateral\" title=\"Programa ClearSkin de Idermic\" src=\"https:\/\/www.idermic.es\/wp-content\/uploads\/2025\/10\/\u2728-Recuperar-una-piel-con-acne-es-posible.El-programa-ClearSkin-de-@idermicclinic-esta-disenado-e-1-240x300.jpg\" class=\"img-responsive wp-image-8421\" srcset=\"https:\/\/www.idermic.es\/wp-content\/uploads\/2025\/10\/\u2728-Recuperar-una-piel-con-acne-es-posible.El-programa-ClearSkin-de-@idermicclinic-esta-disenado-e-1-200x250.jpg 200w, https:\/\/www.idermic.es\/wp-content\/uploads\/2025\/10\/\u2728-Recuperar-una-piel-con-acne-es-posible.El-programa-ClearSkin-de-@idermicclinic-esta-disenado-e-1-400x500.jpg 400w, https:\/\/www.idermic.es\/wp-content\/uploads\/2025\/10\/\u2728-Recuperar-una-piel-con-acne-es-posible.El-programa-ClearSkin-de-@idermicclinic-esta-disenado-e-1-600x750.jpg 600w, https:\/\/www.idermic.es\/wp-content\/uploads\/2025\/10\/\u2728-Recuperar-una-piel-con-acne-es-posible.El-programa-ClearSkin-de-@idermicclinic-esta-disenado-e-1-800x1000.jpg 800w, https:\/\/www.idermic.es\/wp-content\/uploads\/2025\/10\/\u2728-Recuperar-una-piel-con-acne-es-posible.El-programa-ClearSkin-de-@idermicclinic-esta-disenado-e-1.jpg 1080w\" sizes=\"(max-width: 800px) 100vw, 240px\" \/><\/span><\/div><div class=\"fusion-clearfix\"><\/div><\/div><\/div><\/div><\/div><div class=\"fusion-fullwidth fullwidth-box fusion-builder-row-6 nonhundred-percent-fullwidth non-hundred-percent-height-scrolling\" style=\"--awb-border-radius-top-left:0px;--awb-border-radius-top-right:0px;--awb-border-radius-bottom-right:0px;--awb-border-radius-bottom-left:0px;--awb-flex-wrap:wrap;\" ><div class=\"fusion-builder-row fusion-row\"><div class=\"fusion-layout-column fusion_builder_column fusion-builder-column-8 fusion_builder_column_1_1 1_1 fusion-one-full fusion-column-first fusion-column-last\" style=\"--awb-bg-size:cover;\"><div class=\"fusion-column-wrapper fusion-flex-column-wrapper-legacy\"><div class=\"fusion-text fusion-text-4\"><h2 data-start=\"3643\" data-end=\"3697\">Resultados visibles desde las primeras sesiones<\/h2>\n<p data-start=\"3699\" data-end=\"4019\">Uno de los grandes atractivos del programa ClearSkin es la rapidez con la que comienzan a apreciarse los cambios en la piel. En la mayor\u00eda de los casos, <strong data-start=\"3852\" data-end=\"3919\">los resultados se hacen evidentes a partir de la tercera sesi\u00f3n<\/strong>, aunque este ritmo puede variar seg\u00fan la severidad del acn\u00e9 y la respuesta individual del paciente.<\/p>\n<p data-start=\"4021\" data-end=\"4062\">Entre los beneficios observados destacan:<\/p>\n<ul style=\"list-style-type: square;\" data-start=\"4064\" data-end=\"4339\">\n<li data-start=\"4064\" data-end=\"4113\">\n<p data-start=\"4066\" data-end=\"4113\">Reducci\u00f3n progresiva de las lesiones activas.<\/p>\n<\/li>\n<li data-start=\"4114\" data-end=\"4155\">\n<p data-start=\"4116\" data-end=\"4155\">Mejora notable de la textura cut\u00e1nea.<\/p>\n<\/li>\n<li data-start=\"4156\" data-end=\"4213\">\n<p data-start=\"4158\" data-end=\"4213\">Atenuaci\u00f3n de marcas y cicatrices post-inflamatorias.<\/p>\n<\/li>\n<li data-start=\"4214\" data-end=\"4266\">\n<p data-start=\"4216\" data-end=\"4266\">Disminuci\u00f3n del enrojecimiento y la inflamaci\u00f3n.<\/p>\n<\/li>\n<li data-start=\"4267\" data-end=\"4303\">\n<p data-start=\"4269\" data-end=\"4303\">Unificaci\u00f3n del tono de la piel.<\/p>\n<\/li>\n<li data-start=\"4304\" data-end=\"4339\">\n<p data-start=\"4306\" data-end=\"4339\">Aspecto m\u00e1s luminoso y saludable.<\/p>\n<\/li>\n<\/ul>\n<p data-start=\"4341\" data-end=\"4606\">Un caso compartido recientemente en las redes sociales de Idermic mostr\u00f3 la transformaci\u00f3n de una paciente tras solo tres sesiones de l\u00e1ser fraccionado no ablativo: las marcas se suavizaron, la textura mejor\u00f3 visiblemente y la piel present\u00f3 un aspecto m\u00e1s uniforme.<\/p>\n<p data-start=\"4608\" data-end=\"4778\">Este tipo de resultados refuerzan la confianza de los pacientes y su compromiso con el tratamiento, lo cual es esencial en un proceso terap\u00e9utico que requiere constancia.<\/p>\n<\/div><div class=\"fusion-clearfix\"><\/div><\/div><\/div><\/div><\/div><div class=\"fusion-fullwidth fullwidth-box fusion-builder-row-7 nonhundred-percent-fullwidth non-hundred-percent-height-scrolling\" style=\"--awb-border-radius-top-left:0px;--awb-border-radius-top-right:0px;--awb-border-radius-bottom-right:0px;--awb-border-radius-bottom-left:0px;--awb-flex-wrap:wrap;\" ><div class=\"fusion-builder-row fusion-row\"><div class=\"fusion-layout-column fusion_builder_column fusion-builder-column-9 fusion_builder_column_1_1 1_1 fusion-one-full fusion-column-first fusion-column-last\" style=\"--awb-bg-size:cover;\"><div class=\"fusion-column-wrapper fusion-flex-column-wrapper-legacy\"><div class=\"fusion-text fusion-text-5\"><h2 data-start=\"4780\" data-end=\"4839\">La importancia de tratar y regenerar al mismo tiempo<\/h2>\n<p data-start=\"4841\" data-end=\"5125\">Tradicionalmente, los tratamientos para el acn\u00e9 se enfocaban en <strong data-start=\"4905\" data-end=\"4939\">detener la actividad del brote<\/strong>, dejando en segundo plano las secuelas que este pod\u00eda dejar en la piel. Sin embargo, Idermic apuesta por un cambio de paradigma: <strong data-start=\"5069\" data-end=\"5124\">tratar la causa y regenerar la piel simult\u00e1neamente<\/strong>.<\/p>\n<p data-start=\"5127\" data-end=\"5445\">Esta sinergia es fundamental, ya que reduce el tiempo de recuperaci\u00f3n total, minimiza el impacto emocional del paciente y mejora la apariencia general desde las primeras etapas del tratamiento.<br data-start=\"5320\" data-end=\"5323\" \/>Al combinar medicina oral, tecnolog\u00eda l\u00e1ser y cosm\u00e9tica avanzada, se logra una acci\u00f3n profunda, completa y menos invasiva.<\/p>\n<p data-start=\"5447\" data-end=\"5714\">Adem\u00e1s, este enfoque integral permite <strong data-start=\"5485\" data-end=\"5529\">prevenir la aparici\u00f3n de nuevas lesiones<\/strong> mientras se trabaja en reparar el da\u00f1o ya causado. El seguimiento dermatol\u00f3gico continuo tambi\u00e9n ayuda a hacer ajustes din\u00e1micos en el tratamiento, garantizando as\u00ed su m\u00e1xima eficacia.<\/p>\n<h2 data-start=\"5716\" data-end=\"5770\">La evoluci\u00f3n del tratamiento del acn\u00e9<\/h2>\n<p data-start=\"5772\" data-end=\"6136\">El tratamiento del acn\u00e9 ha evolucionado sustancialmente en las \u00faltimas d\u00e9cadas. Durante mucho tiempo, se recurri\u00f3 casi exclusivamente a antibi\u00f3ticos, anticonceptivos hormonales o isotretino\u00edna en altas dosis. Aunque eficaces, estos m\u00e9todos conllevan efectos secundarios importantes y en muchos casos no abordan el da\u00f1o d\u00e9rmico producido por la inflamaci\u00f3n cr\u00f3nica.<\/p>\n<p data-start=\"6138\" data-end=\"6455\">La llegada de <strong data-start=\"6152\" data-end=\"6206\">tecnolog\u00edas no invasivas como el l\u00e1ser fraccionado<\/strong> ha revolucionado el campo de la dermatolog\u00eda. Hoy en d\u00eda, cl\u00ednicas especializadas como Idermic representan la <strong data-start=\"6317\" data-end=\"6363\">nueva generaci\u00f3n de atenci\u00f3n dermatol\u00f3gica<\/strong>, donde se combinan tratamientos m\u00e9dicos personalizados con recursos tecnol\u00f3gicos avanzados.<\/p>\n<p data-start=\"6457\" data-end=\"6668\">Este modelo asistencial no solo prioriza la eficacia terap\u00e9utica, sino tambi\u00e9n la seguridad, la comodidad del paciente y la minimizaci\u00f3n del downtime, es decir, el tiempo de recuperaci\u00f3n posterior a cada sesi\u00f3n.<\/p>\n<h2 data-start=\"6670\" data-end=\"6745\">Un nuevo horizonte para quienes buscan recuperar su piel<\/h2>\n<p data-start=\"6747\" data-end=\"7127\">En definitiva, el <strong data-start=\"6765\" data-end=\"6821\">programa ClearSkin de la Cl\u00ednica Idermic de Terrassa<\/strong> representa una de las propuestas m\u00e1s completas y efectivas del panorama actual para abordar el acn\u00e9 y sus consecuencias. Su enfoque integral, respaldado por una s\u00f3lida base cient\u00edfica y tecnol\u00f3gica, ofrece una alternativa viable para quienes buscan <strong data-start=\"7071\" data-end=\"7126\">una piel m\u00e1s sana, equilibrada y sin imperfecciones<\/strong>.<\/p>\n<p data-start=\"7129\" data-end=\"7515\">Gracias a la personalizaci\u00f3n del tratamiento, la combinaci\u00f3n terap\u00e9utica y el seguimiento continuo por parte de profesionales altamente cualificados, cada paciente encuentra un camino real hacia la <strong data-start=\"7327\" data-end=\"7360\">recuperaci\u00f3n total de su piel<\/strong>.<br data-start=\"7361\" data-end=\"7364\" \/>En una sociedad donde la salud cut\u00e1nea est\u00e1 cada vez m\u00e1s ligada al bienestar emocional, contar con soluciones como ClearSkin marca una gran diferencia.<\/p>\n<p data-start=\"7879\" data-end=\"8284\">Para cualquier consulta sobre el <strong>programa ClearSkin<\/strong>, en Idermic, tu <strong><a href=\"http:\/\/idermic.es\/\">dermat\u00f3logo en Terrassa<\/a><\/strong> estaremos encantados de atenderte.<\/p>\n<\/div><div class=\"fusion-clearfix\"><\/div><\/div><\/div><\/div><\/div><div class=\"fusion-fullwidth fullwidth-box fusion-builder-row-8 nonhundred-percent-fullwidth non-hundred-percent-height-scrolling\" style=\"--awb-border-radius-top-left:0px;--awb-border-radius-top-right:0px;--awb-border-radius-bottom-right:0px;--awb-border-radius-bottom-left:0px;--awb-flex-wrap:wrap;\" ><div class=\"fusion-builder-row fusion-row\"><div class=\"fusion-layout-column fusion_builder_column fusion-builder-column-10 fusion_builder_column_1_1 1_1 fusion-one-full fusion-column-first fusion-column-last\" style=\"--awb-bg-size:cover;\"><div class=\"fusion-column-wrapper fusion-flex-column-wrapper-legacy\"><blockquote class=\"instagram-media\" data-instgrm-captioned data-instgrm-permalink=\"https:\/\/www.instagram.com\/p\/DPlkCEWDKXd\/?utm_source=ig_embed&utm_campaign=loading\" data-instgrm-version=\"14\" style=\" background:#FFF; border:0; border-radius:3px; box-shadow:0 0 1px 0 rgba(0,0,0,0.5),0 1px 10px 0 rgba(0,0,0,0.15); margin: 1px; max-width:540px; min-width:326px; padding:0; width:99.375%; width:-webkit-calc(100% - 2px); width:calc(100% - 2px);\"><div style=\"padding:16px;\"> <a href=\"https:\/\/www.instagram.com\/p\/DPlkCEWDKXd\/?utm_source=ig_embed&utm_campaign=loading\" style=\" background:#FFFFFF; line-height:0; padding:0 0; text-align:center; text-decoration:none; width:100%;\" target=\"_blank\"> <div style=\" display: flex; flex-direction: row; align-items: center;\"> <div style=\"background-color: #F4F4F4; border-radius: 50%; flex-grow: 0; height: 40px; margin-right: 14px; width: 40px;\"><\/div> <div style=\"display: flex; flex-direction: column; flex-grow: 1; justify-content: center;\"> <div style=\" background-color: #F4F4F4; border-radius: 4px; flex-grow: 0; height: 14px; margin-bottom: 6px; width: 100px;\"><\/div> <div style=\" background-color: #F4F4F4; border-radius: 4px; flex-grow: 0; height: 14px; width: 60px;\"><\/div><\/div><\/div><div style=\"padding: 19% 0;\"><\/div> <div style=\"display:block; height:50px; margin:0 auto 12px; width:50px;\"><svg width=\"50px\" height=\"50px\" viewBox=\"0 0 60 60\" version=\"1.1\" xmlns=\"https:\/\/www.w3.org\/2000\/svg\" xmlns:xlink=\"https:\/\/www.w3.org\/1999\/xlink\"><g stroke=\"none\" stroke-width=\"1\" fill=\"none\" fill-rule=\"evenodd\"><g transform=\"translate(-511.000000, -20.000000)\" fill=\"#000000\"><g><path d=\"M556.869,30.41 C554.814,30.41 553.148,32.076 553.148,34.131 C553.148,36.186 554.814,37.852 556.869,37.852 C558.924,37.852 560.59,36.186 560.59,34.131 C560.59,32.076 558.924,30.41 556.869,30.41 M541,60.657 C535.114,60.657 530.342,55.887 530.342,50 C530.342,44.114 535.114,39.342 541,39.342 C546.887,39.342 551.658,44.114 551.658,50 C551.658,55.887 546.887,60.657 541,60.657 M541,33.886 C532.1,33.886 524.886,41.1 524.886,50 C524.886,58.899 532.1,66.113 541,66.113 C549.9,66.113 557.115,58.899 557.115,50 C557.115,41.1 549.9,33.886 541,33.886 M565.378,62.101 C565.244,65.022 564.756,66.606 564.346,67.663 C563.803,69.06 563.154,70.057 562.106,71.106 C561.058,72.155 560.06,72.803 558.662,73.347 C557.607,73.757 556.021,74.244 553.102,74.378 C549.944,74.521 548.997,74.552 541,74.552 C533.003,74.552 532.056,74.521 528.898,74.378 C525.979,74.244 524.393,73.757 523.338,73.347 C521.94,72.803 520.942,72.155 519.894,71.106 C518.846,70.057 518.197,69.06 517.654,67.663 C517.244,66.606 516.755,65.022 516.623,62.101 C516.479,58.943 516.448,57.996 516.448,50 C516.448,42.003 516.479,41.056 516.623,37.899 C516.755,34.978 517.244,33.391 517.654,32.338 C518.197,30.938 518.846,29.942 519.894,28.894 C520.942,27.846 521.94,27.196 523.338,26.654 C524.393,26.244 525.979,25.756 528.898,25.623 C532.057,25.479 533.004,25.448 541,25.448 C548.997,25.448 549.943,25.479 553.102,25.623 C556.021,25.756 557.607,26.244 558.662,26.654 C560.06,27.196 561.058,27.846 562.106,28.894 C563.154,29.942 563.803,30.938 564.346,32.338 C564.756,33.391 565.244,34.978 565.378,37.899 C565.522,41.056 565.552,42.003 565.552,50 C565.552,57.996 565.522,58.943 565.378,62.101 M570.82,37.631 C570.674,34.438 570.167,32.258 569.425,30.349 C568.659,28.377 567.633,26.702 565.965,25.035 C564.297,23.368 562.623,22.342 560.652,21.575 C558.743,20.834 556.562,20.326 553.369,20.18 C550.169,20.033 549.148,20 541,20 C532.853,20 531.831,20.033 528.631,20.18 C525.438,20.326 523.257,20.834 521.349,21.575 C519.376,22.342 517.703,23.368 516.035,25.035 C514.368,26.702 513.342,28.377 512.574,30.349 C511.834,32.258 511.326,34.438 511.181,37.631 C511.035,40.831 511,41.851 511,50 C511,58.147 511.035,59.17 511.181,62.369 C511.326,65.562 511.834,67.743 512.574,69.651 C513.342,71.625 514.368,73.296 516.035,74.965 C517.703,76.634 519.376,77.658 521.349,78.425 C523.257,79.167 525.438,79.673 528.631,79.82 C531.831,79.965 532.853,80.001 541,80.001 C549.148,80.001 550.169,79.965 553.369,79.82 C556.562,79.673 558.743,79.167 560.652,78.425 C562.623,77.658 564.297,76.634 565.965,74.965 C567.633,73.296 568.659,71.625 569.425,69.651 C570.167,67.743 570.674,65.562 570.82,62.369 C570.966,59.17 571,58.147 571,50 C571,41.851 570.966,40.831 570.82,37.631\"><\/path><\/g><\/g><\/g><\/svg><\/div><div style=\"padding-top: 8px;\"> <div style=\" color:#3897f0; font-family:Arial,sans-serif; font-size:14px; font-style:normal; font-weight:550; line-height:18px;\">Ver esta publicaci\u00f3n en Instagram<\/div><\/div><div style=\"padding: 12.5% 0;\"><\/div> <div style=\"display: flex; flex-direction: row; margin-bottom: 14px; align-items: center;\"><div> <div style=\"background-color: #F4F4F4; border-radius: 50%; height: 12.5px; width: 12.5px; transform: translateX(0px) translateY(7px);\"><\/div> <div style=\"background-color: #F4F4F4; height: 12.5px; transform: rotate(-45deg) translateX(3px) translateY(1px); width: 12.5px; flex-grow: 0; margin-right: 14px; margin-left: 2px;\"><\/div> <div style=\"background-color: #F4F4F4; border-radius: 50%; height: 12.5px; width: 12.5px; transform: translateX(9px) translateY(-18px);\"><\/div><\/div><div style=\"margin-left: 8px;\"> <div style=\" background-color: #F4F4F4; border-radius: 50%; flex-grow: 0; height: 20px; width: 20px;\"><\/div> <div style=\" width: 0; height: 0; border-top: 2px solid transparent; border-left: 6px solid #f4f4f4; border-bottom: 2px solid transparent; transform: translateX(16px) translateY(-4px) rotate(30deg)\"><\/div><\/div><div style=\"margin-left: auto;\"> <div style=\" width: 0px; border-top: 8px solid #F4F4F4; border-right: 8px solid transparent; transform: translateY(16px);\"><\/div> <div style=\" background-color: #F4F4F4; flex-grow: 0; height: 12px; width: 16px; transform: translateY(-4px);\"><\/div> <div style=\" width: 0; height: 0; border-top: 8px solid #F4F4F4; border-left: 8px solid transparent; transform: translateY(-4px) translateX(8px);\"><\/div><\/div><\/div> <div style=\"display: flex; flex-direction: column; flex-grow: 1; justify-content: center; margin-bottom: 24px;\"> <div style=\" background-color: #F4F4F4; border-radius: 4px; flex-grow: 0; height: 14px; margin-bottom: 6px; width: 224px;\"><\/div> <div style=\" background-color: #F4F4F4; border-radius: 4px; flex-grow: 0; height: 14px; width: 144px;\"><\/div><\/div><\/a><p style=\" color:#c9c8cd; font-family:Arial,sans-serif; font-size:14px; line-height:17px; margin-bottom:0; margin-top:8px; overflow:hidden; padding:8px 0 7px; text-align:center; text-overflow:ellipsis; white-space:nowrap;\"><a href=\"https:\/\/www.instagram.com\/p\/DPlkCEWDKXd\/?utm_source=ig_embed&utm_campaign=loading\" style=\" color:#c9c8cd; font-family:Arial,sans-serif; font-size:14px; font-style:normal; font-weight:normal; line-height:17px; text-decoration:none;\" target=\"_blank\">Una publicaci\u00f3n compartida de Marta Vilavella|Dermat\u00f3loga Est\u00e9tica (@dra.martavilavella_derma)<\/a><\/p><\/div><\/blockquote>\n<script async src=\"\/\/www.instagram.com\/embed.js\"><\/script><div class=\"fusion-clearfix\"><\/div><\/div><\/div><\/div><\/div><\/p>\n","protected":false},"excerpt":{"rendered":"<p>Programa ClearSkin de Idermic trata acn\u00e9 y cicatrices con l\u00e1ser y cosm\u00e9tica personalizada. Recupera tu piel con resultados reales.<\/p>\n","protected":false},"author":3,"featured_media":8348,"comment_status":"open","ping_status":"closed","sticky":false,"template":"","format":"standard","meta":{"_joinchat":[],"footnotes":""},"categories":[60,37],"tags":[],"class_list":["post-8409","post","type-post","status-publish","format-standard","has-post-thumbnail","hentry","category-dermatologia-estetica-es","category-tecnologia"],"yoast_head":"<!-- This site is optimized with the Yoast SEO plugin v28.4 - https:\/\/yoast.com\/product\/yoast-seo-wordpress\/ -->\n<title>Programa ClearSkin, el enfoque integral de Idermic para la recuperaci\u00f3n de la piel con acn\u00e9 -<\/title>\n<meta name=\"description\" content=\"Programa ClearSkin de Idermic trata acn\u00e9 y cicatrices con l\u00e1ser y cosm\u00e9tica personalizada. Recupera tu piel con resultados reales.\" \/>\n<meta name=\"robots\" content=\"index, follow, max-snippet:-1, max-image-preview:large, max-video-preview:-1\" \/>\n<link rel=\"canonical\" href=\"https:\/\/www.idermic.es\/es\/programa-clearskin-el-enfoque-integral-de-idermic-para-la-recuperacion-de-la-piel-con-acne\/\" \/>\n<meta property=\"og:locale\" content=\"es_ES\" \/>\n<meta property=\"og:type\" content=\"article\" \/>\n<meta property=\"og:title\" content=\"Programa ClearSkin, el enfoque integral de Idermic para la recuperaci\u00f3n de la piel con acn\u00e9 -\" \/>\n<meta property=\"og:description\" content=\"Programa ClearSkin de Idermic trata acn\u00e9 y cicatrices con l\u00e1ser y cosm\u00e9tica personalizada. Recupera tu piel con resultados reales.\" \/>\n<meta property=\"og:url\" content=\"https:\/\/www.idermic.es\/es\/programa-clearskin-el-enfoque-integral-de-idermic-para-la-recuperacion-de-la-piel-con-acne\/\" \/>\n<meta property=\"og:site_name\" content=\"Idermic. Dermatolog\u00eda en Terrassa\" \/>\n<meta property=\"article:publisher\" content=\"https:\/\/www.facebook.com\/Idermic\" \/>\n<meta property=\"article:published_time\" content=\"2025-10-15T08:24:08+00:00\" \/>\n<meta property=\"article:modified_time\" content=\"2026-05-26T09:50:42+00:00\" \/>\n<meta property=\"og:image\" content=\"https:\/\/www.idermic.es\/wp-content\/uploads\/2025\/09\/Lobuloplastia-3.jpg\" \/>\n\t<meta property=\"og:image:width\" content=\"368\" \/>\n\t<meta property=\"og:image:height\" content=\"587\" \/>\n\t<meta property=\"og:image:type\" content=\"image\/jpeg\" \/>\n<meta name=\"author\" content=\"Equipo\" \/>\n<meta name=\"twitter:card\" content=\"summary_large_image\" \/>\n<meta name=\"twitter:creator\" content=\"@idermic\" \/>\n<meta name=\"twitter:site\" content=\"@idermic\" \/>\n<meta name=\"twitter:label1\" content=\"Escrito por\" \/>\n\t<meta name=\"twitter:data1\" content=\"Equipo\" \/>\n\t<meta name=\"twitter:label2\" content=\"Tiempo de lectura\" \/>\n\t<meta name=\"twitter:data2\" content=\"11 minutos\" \/>\n<script type=\"application\/ld+json\" class=\"yoast-schema-graph\">{\"@context\":\"https:\\\/\\\/schema.org\",\"@graph\":[{\"@type\":\"Article\",\"@id\":\"https:\\\/\\\/www.idermic.es\\\/es\\\/programa-clearskin-el-enfoque-integral-de-idermic-para-la-recuperacion-de-la-piel-con-acne\\\/#article\",\"isPartOf\":{\"@id\":\"https:\\\/\\\/www.idermic.es\\\/es\\\/programa-clearskin-el-enfoque-integral-de-idermic-para-la-recuperacion-de-la-piel-con-acne\\\/\"},\"author\":{\"name\":\"Equipo\",\"@id\":\"https:\\\/\\\/www.idermic.es\\\/#\\\/schema\\\/person\\\/c12703027a878b23d3c71c87921a82f8\"},\"headline\":\"Programa ClearSkin, el enfoque integral de Idermic para la recuperaci\u00f3n de la piel con acn\u00e9\",\"datePublished\":\"2025-10-15T08:24:08+00:00\",\"dateModified\":\"2026-05-26T09:50:42+00:00\",\"mainEntityOfPage\":{\"@id\":\"https:\\\/\\\/www.idermic.es\\\/es\\\/programa-clearskin-el-enfoque-integral-de-idermic-para-la-recuperacion-de-la-piel-con-acne\\\/\"},\"wordCount\":4546,\"commentCount\":0,\"publisher\":{\"@id\":\"https:\\\/\\\/www.idermic.es\\\/#organization\"},\"image\":{\"@id\":\"https:\\\/\\\/www.idermic.es\\\/es\\\/programa-clearskin-el-enfoque-integral-de-idermic-para-la-recuperacion-de-la-piel-con-acne\\\/#primaryimage\"},\"thumbnailUrl\":\"https:\\\/\\\/www.idermic.es\\\/wp-content\\\/uploads\\\/2025\\\/09\\\/Lobuloplastia-3.jpg\",\"articleSection\":[\"Dermatologia est\u00e8tica\",\"Tecnolog\u00eda\"],\"inLanguage\":\"es\",\"potentialAction\":[{\"@type\":\"CommentAction\",\"name\":\"Comment\",\"target\":[\"https:\\\/\\\/www.idermic.es\\\/es\\\/programa-clearskin-el-enfoque-integral-de-idermic-para-la-recuperacion-de-la-piel-con-acne\\\/#respond\"]}]},{\"@type\":\"WebPage\",\"@id\":\"https:\\\/\\\/www.idermic.es\\\/es\\\/programa-clearskin-el-enfoque-integral-de-idermic-para-la-recuperacion-de-la-piel-con-acne\\\/\",\"url\":\"https:\\\/\\\/www.idermic.es\\\/es\\\/programa-clearskin-el-enfoque-integral-de-idermic-para-la-recuperacion-de-la-piel-con-acne\\\/\",\"name\":\"Programa ClearSkin, el enfoque integral de Idermic para la recuperaci\u00f3n de la piel con acn\u00e9 -\",\"isPartOf\":{\"@id\":\"https:\\\/\\\/www.idermic.es\\\/#website\"},\"primaryImageOfPage\":{\"@id\":\"https:\\\/\\\/www.idermic.es\\\/es\\\/programa-clearskin-el-enfoque-integral-de-idermic-para-la-recuperacion-de-la-piel-con-acne\\\/#primaryimage\"},\"image\":{\"@id\":\"https:\\\/\\\/www.idermic.es\\\/es\\\/programa-clearskin-el-enfoque-integral-de-idermic-para-la-recuperacion-de-la-piel-con-acne\\\/#primaryimage\"},\"thumbnailUrl\":\"https:\\\/\\\/www.idermic.es\\\/wp-content\\\/uploads\\\/2025\\\/09\\\/Lobuloplastia-3.jpg\",\"datePublished\":\"2025-10-15T08:24:08+00:00\",\"dateModified\":\"2026-05-26T09:50:42+00:00\",\"description\":\"Programa ClearSkin de Idermic trata acn\u00e9 y cicatrices con l\u00e1ser y cosm\u00e9tica personalizada. Recupera tu piel con resultados reales.\",\"breadcrumb\":{\"@id\":\"https:\\\/\\\/www.idermic.es\\\/es\\\/programa-clearskin-el-enfoque-integral-de-idermic-para-la-recuperacion-de-la-piel-con-acne\\\/#breadcrumb\"},\"inLanguage\":\"es\",\"potentialAction\":[{\"@type\":\"ReadAction\",\"target\":[\"https:\\\/\\\/www.idermic.es\\\/es\\\/programa-clearskin-el-enfoque-integral-de-idermic-para-la-recuperacion-de-la-piel-con-acne\\\/\"]}]},{\"@type\":\"ImageObject\",\"inLanguage\":\"es\",\"@id\":\"https:\\\/\\\/www.idermic.es\\\/es\\\/programa-clearskin-el-enfoque-integral-de-idermic-para-la-recuperacion-de-la-piel-con-acne\\\/#primaryimage\",\"url\":\"https:\\\/\\\/www.idermic.es\\\/wp-content\\\/uploads\\\/2025\\\/09\\\/Lobuloplastia-3.jpg\",\"contentUrl\":\"https:\\\/\\\/www.idermic.es\\\/wp-content\\\/uploads\\\/2025\\\/09\\\/Lobuloplastia-3.jpg\",\"width\":368,\"height\":587,\"caption\":\"Lobuloplastia: la cirug\u00eda est\u00e9tica que repara y rejuvenece los l\u00f3bulos de la oreja\"},{\"@type\":\"BreadcrumbList\",\"@id\":\"https:\\\/\\\/www.idermic.es\\\/es\\\/programa-clearskin-el-enfoque-integral-de-idermic-para-la-recuperacion-de-la-piel-con-acne\\\/#breadcrumb\",\"itemListElement\":[{\"@type\":\"ListItem\",\"position\":1,\"name\":\"Inici\",\"item\":\"https:\\\/\\\/www.idermic.es\\\/es\\\/\"},{\"@type\":\"ListItem\",\"position\":2,\"name\":\"Programa ClearSkin, el enfoque integral de Idermic para la recuperaci\u00f3n de la piel con acn\u00e9\"}]},{\"@type\":\"WebSite\",\"@id\":\"https:\\\/\\\/www.idermic.es\\\/#website\",\"url\":\"https:\\\/\\\/www.idermic.es\\\/\",\"name\":\"Idermic. Dermatolog\u00eda en Terrassa\",\"description\":\"Dermatolog\u00eda, Medicina est\u00e9tica, Cirurg\u00eda Pl\u00e0stica\",\"publisher\":{\"@id\":\"https:\\\/\\\/www.idermic.es\\\/#organization\"},\"potentialAction\":[{\"@type\":\"SearchAction\",\"target\":{\"@type\":\"EntryPoint\",\"urlTemplate\":\"https:\\\/\\\/www.idermic.es\\\/?s={search_term_string}\"},\"query-input\":{\"@type\":\"PropertyValueSpecification\",\"valueRequired\":true,\"valueName\":\"search_term_string\"}}],\"inLanguage\":\"es\"},{\"@type\":\"Organization\",\"@id\":\"https:\\\/\\\/www.idermic.es\\\/#organization\",\"name\":\"Idermic. Dermatolog\u00eda en Terrassa\",\"url\":\"https:\\\/\\\/www.idermic.es\\\/\",\"logo\":{\"@type\":\"ImageObject\",\"inLanguage\":\"es\",\"@id\":\"https:\\\/\\\/www.idermic.es\\\/#\\\/schema\\\/logo\\\/image\\\/\",\"url\":\"https:\\\/\\\/www.idermic.es\\\/wp-content\\\/uploads\\\/2025\\\/10\\\/Logo-Idermic.jpg\",\"contentUrl\":\"https:\\\/\\\/www.idermic.es\\\/wp-content\\\/uploads\\\/2025\\\/10\\\/Logo-Idermic.jpg\",\"width\":501,\"height\":502,\"caption\":\"Idermic. Dermatolog\u00eda en Terrassa\"},\"image\":{\"@id\":\"https:\\\/\\\/www.idermic.es\\\/#\\\/schema\\\/logo\\\/image\\\/\"},\"sameAs\":[\"https:\\\/\\\/www.facebook.com\\\/Idermic\",\"https:\\\/\\\/x.com\\\/idermic\",\"https:\\\/\\\/www.instagram.com\\\/idermicclinic\\\/\",\"https:\\\/\\\/www.youtube.com\\\/channel\\\/UCyAHC9-p8lc6hr_nguO8p_g\"]},{\"@type\":\"Person\",\"@id\":\"https:\\\/\\\/www.idermic.es\\\/#\\\/schema\\\/person\\\/c12703027a878b23d3c71c87921a82f8\",\"name\":\"Equipo\",\"image\":{\"@type\":\"ImageObject\",\"inLanguage\":\"es\",\"@id\":\"https:\\\/\\\/secure.gravatar.com\\\/avatar\\\/7ca0be23248108c6b0887e0693b7dcf7764bd3503f84d1f04e6653ef7c3b9420?s=96&d=mm&r=g\",\"url\":\"https:\\\/\\\/secure.gravatar.com\\\/avatar\\\/7ca0be23248108c6b0887e0693b7dcf7764bd3503f84d1f04e6653ef7c3b9420?s=96&d=mm&r=g\",\"contentUrl\":\"https:\\\/\\\/secure.gravatar.com\\\/avatar\\\/7ca0be23248108c6b0887e0693b7dcf7764bd3503f84d1f04e6653ef7c3b9420?s=96&d=mm&r=g\",\"caption\":\"Equipo\"},\"description\":\"Equipo de Idermic\"}]}<\/script>\n<!-- \/ Yoast SEO plugin. -->","yoast_head_json":{"title":"Programa ClearSkin, el enfoque integral de Idermic para la recuperaci\u00f3n de la piel con acn\u00e9 -","description":"Programa ClearSkin de Idermic trata acn\u00e9 y cicatrices con l\u00e1ser y cosm\u00e9tica personalizada. Recupera tu piel con resultados reales.","robots":{"index":"index","follow":"follow","max-snippet":"max-snippet:-1","max-image-preview":"max-image-preview:large","max-video-preview":"max-video-preview:-1"},"canonical":"https:\/\/www.idermic.es\/es\/programa-clearskin-el-enfoque-integral-de-idermic-para-la-recuperacion-de-la-piel-con-acne\/","og_locale":"es_ES","og_type":"article","og_title":"Programa ClearSkin, el enfoque integral de Idermic para la recuperaci\u00f3n de la piel con acn\u00e9 -","og_description":"Programa ClearSkin de Idermic trata acn\u00e9 y cicatrices con l\u00e1ser y cosm\u00e9tica personalizada. Recupera tu piel con resultados reales.","og_url":"https:\/\/www.idermic.es\/es\/programa-clearskin-el-enfoque-integral-de-idermic-para-la-recuperacion-de-la-piel-con-acne\/","og_site_name":"Idermic. Dermatolog\u00eda en Terrassa","article_publisher":"https:\/\/www.facebook.com\/Idermic","article_published_time":"2025-10-15T08:24:08+00:00","article_modified_time":"2026-05-26T09:50:42+00:00","og_image":[{"width":368,"height":587,"url":"https:\/\/www.idermic.es\/wp-content\/uploads\/2025\/09\/Lobuloplastia-3.jpg","type":"image\/jpeg"}],"author":"Equipo","twitter_card":"summary_large_image","twitter_creator":"@idermic","twitter_site":"@idermic","twitter_misc":{"Escrito por":"Equipo","Tiempo de lectura":"11 minutos"},"schema":{"@context":"https:\/\/schema.org","@graph":[{"@type":"Article","@id":"https:\/\/www.idermic.es\/es\/programa-clearskin-el-enfoque-integral-de-idermic-para-la-recuperacion-de-la-piel-con-acne\/#article","isPartOf":{"@id":"https:\/\/www.idermic.es\/es\/programa-clearskin-el-enfoque-integral-de-idermic-para-la-recuperacion-de-la-piel-con-acne\/"},"author":{"name":"Equipo","@id":"https:\/\/www.idermic.es\/#\/schema\/person\/c12703027a878b23d3c71c87921a82f8"},"headline":"Programa ClearSkin, el enfoque integral de Idermic para la recuperaci\u00f3n de la piel con acn\u00e9","datePublished":"2025-10-15T08:24:08+00:00","dateModified":"2026-05-26T09:50:42+00:00","mainEntityOfPage":{"@id":"https:\/\/www.idermic.es\/es\/programa-clearskin-el-enfoque-integral-de-idermic-para-la-recuperacion-de-la-piel-con-acne\/"},"wordCount":4546,"commentCount":0,"publisher":{"@id":"https:\/\/www.idermic.es\/#organization"},"image":{"@id":"https:\/\/www.idermic.es\/es\/programa-clearskin-el-enfoque-integral-de-idermic-para-la-recuperacion-de-la-piel-con-acne\/#primaryimage"},"thumbnailUrl":"https:\/\/www.idermic.es\/wp-content\/uploads\/2025\/09\/Lobuloplastia-3.jpg","articleSection":["Dermatologia est\u00e8tica","Tecnolog\u00eda"],"inLanguage":"es","potentialAction":[{"@type":"CommentAction","name":"Comment","target":["https:\/\/www.idermic.es\/es\/programa-clearskin-el-enfoque-integral-de-idermic-para-la-recuperacion-de-la-piel-con-acne\/#respond"]}]},{"@type":"WebPage","@id":"https:\/\/www.idermic.es\/es\/programa-clearskin-el-enfoque-integral-de-idermic-para-la-recuperacion-de-la-piel-con-acne\/","url":"https:\/\/www.idermic.es\/es\/programa-clearskin-el-enfoque-integral-de-idermic-para-la-recuperacion-de-la-piel-con-acne\/","name":"Programa ClearSkin, el enfoque integral de Idermic para la recuperaci\u00f3n de la piel con acn\u00e9 -","isPartOf":{"@id":"https:\/\/www.idermic.es\/#website"},"primaryImageOfPage":{"@id":"https:\/\/www.idermic.es\/es\/programa-clearskin-el-enfoque-integral-de-idermic-para-la-recuperacion-de-la-piel-con-acne\/#primaryimage"},"image":{"@id":"https:\/\/www.idermic.es\/es\/programa-clearskin-el-enfoque-integral-de-idermic-para-la-recuperacion-de-la-piel-con-acne\/#primaryimage"},"thumbnailUrl":"https:\/\/www.idermic.es\/wp-content\/uploads\/2025\/09\/Lobuloplastia-3.jpg","datePublished":"2025-10-15T08:24:08+00:00","dateModified":"2026-05-26T09:50:42+00:00","description":"Programa ClearSkin de Idermic trata acn\u00e9 y cicatrices con l\u00e1ser y cosm\u00e9tica personalizada. Recupera tu piel con resultados reales.","breadcrumb":{"@id":"https:\/\/www.idermic.es\/es\/programa-clearskin-el-enfoque-integral-de-idermic-para-la-recuperacion-de-la-piel-con-acne\/#breadcrumb"},"inLanguage":"es","potentialAction":[{"@type":"ReadAction","target":["https:\/\/www.idermic.es\/es\/programa-clearskin-el-enfoque-integral-de-idermic-para-la-recuperacion-de-la-piel-con-acne\/"]}]},{"@type":"ImageObject","inLanguage":"es","@id":"https:\/\/www.idermic.es\/es\/programa-clearskin-el-enfoque-integral-de-idermic-para-la-recuperacion-de-la-piel-con-acne\/#primaryimage","url":"https:\/\/www.idermic.es\/wp-content\/uploads\/2025\/09\/Lobuloplastia-3.jpg","contentUrl":"https:\/\/www.idermic.es\/wp-content\/uploads\/2025\/09\/Lobuloplastia-3.jpg","width":368,"height":587,"caption":"Lobuloplastia: la cirug\u00eda est\u00e9tica que repara y rejuvenece los l\u00f3bulos de la oreja"},{"@type":"BreadcrumbList","@id":"https:\/\/www.idermic.es\/es\/programa-clearskin-el-enfoque-integral-de-idermic-para-la-recuperacion-de-la-piel-con-acne\/#breadcrumb","itemListElement":[{"@type":"ListItem","position":1,"name":"Inici","item":"https:\/\/www.idermic.es\/es\/"},{"@type":"ListItem","position":2,"name":"Programa ClearSkin, el enfoque integral de Idermic para la recuperaci\u00f3n de la piel con acn\u00e9"}]},{"@type":"WebSite","@id":"https:\/\/www.idermic.es\/#website","url":"https:\/\/www.idermic.es\/","name":"Idermic. Dermatolog\u00eda en Terrassa","description":"Dermatolog\u00eda, Medicina est\u00e9tica, Cirurg\u00eda Pl\u00e0stica","publisher":{"@id":"https:\/\/www.idermic.es\/#organization"},"potentialAction":[{"@type":"SearchAction","target":{"@type":"EntryPoint","urlTemplate":"https:\/\/www.idermic.es\/?s={search_term_string}"},"query-input":{"@type":"PropertyValueSpecification","valueRequired":true,"valueName":"search_term_string"}}],"inLanguage":"es"},{"@type":"Organization","@id":"https:\/\/www.idermic.es\/#organization","name":"Idermic. Dermatolog\u00eda en Terrassa","url":"https:\/\/www.idermic.es\/","logo":{"@type":"ImageObject","inLanguage":"es","@id":"https:\/\/www.idermic.es\/#\/schema\/logo\/image\/","url":"https:\/\/www.idermic.es\/wp-content\/uploads\/2025\/10\/Logo-Idermic.jpg","contentUrl":"https:\/\/www.idermic.es\/wp-content\/uploads\/2025\/10\/Logo-Idermic.jpg","width":501,"height":502,"caption":"Idermic. Dermatolog\u00eda en Terrassa"},"image":{"@id":"https:\/\/www.idermic.es\/#\/schema\/logo\/image\/"},"sameAs":["https:\/\/www.facebook.com\/Idermic","https:\/\/x.com\/idermic","https:\/\/www.instagram.com\/idermicclinic\/","https:\/\/www.youtube.com\/channel\/UCyAHC9-p8lc6hr_nguO8p_g"]},{"@type":"Person","@id":"https:\/\/www.idermic.es\/#\/schema\/person\/c12703027a878b23d3c71c87921a82f8","name":"Equipo","image":{"@type":"ImageObject","inLanguage":"es","@id":"https:\/\/secure.gravatar.com\/avatar\/7ca0be23248108c6b0887e0693b7dcf7764bd3503f84d1f04e6653ef7c3b9420?s=96&d=mm&r=g","url":"https:\/\/secure.gravatar.com\/avatar\/7ca0be23248108c6b0887e0693b7dcf7764bd3503f84d1f04e6653ef7c3b9420?s=96&d=mm&r=g","contentUrl":"https:\/\/secure.gravatar.com\/avatar\/7ca0be23248108c6b0887e0693b7dcf7764bd3503f84d1f04e6653ef7c3b9420?s=96&d=mm&r=g","caption":"Equipo"},"description":"Equipo de Idermic"}]}},"_links":{"self":[{"href":"https:\/\/www.idermic.es\/es\/wp-json\/wp\/v2\/posts\/8409","targetHints":{"allow":["GET"]}}],"collection":[{"href":"https:\/\/www.idermic.es\/es\/wp-json\/wp\/v2\/posts"}],"about":[{"href":"https:\/\/www.idermic.es\/es\/wp-json\/wp\/v2\/types\/post"}],"author":[{"embeddable":true,"href":"https:\/\/www.idermic.es\/es\/wp-json\/wp\/v2\/users\/3"}],"replies":[{"embeddable":true,"href":"https:\/\/www.idermic.es\/es\/wp-json\/wp\/v2\/comments?post=8409"}],"version-history":[{"count":13,"href":"https:\/\/www.idermic.es\/es\/wp-json\/wp\/v2\/posts\/8409\/revisions"}],"predecessor-version":[{"id":8432,"href":"https:\/\/www.idermic.es\/es\/wp-json\/wp\/v2\/posts\/8409\/revisions\/8432"}],"wp:featuredmedia":[{"embeddable":true,"href":"https:\/\/www.idermic.es\/es\/wp-json\/wp\/v2\/media\/8348"}],"wp:attachment":[{"href":"https:\/\/www.idermic.es\/es\/wp-json\/wp\/v2\/media?parent=8409"}],"wp:term":[{"taxonomy":"category","embeddable":true,"href":"https:\/\/www.idermic.es\/es\/wp-json\/wp\/v2\/categories?post=8409"},{"taxonomy":"post_tag","embeddable":true,"href":"https:\/\/www.idermic.es\/es\/wp-json\/wp\/v2\/tags?post=8409"}],"curies":[{"name":"wp","href":"https:\/\/api.w.org\/{rel}","templated":true}]}}