{"id":8396,"date":"2025-09-28T07:17:15","date_gmt":"2025-09-28T07:17:15","guid":{"rendered":"https:\/\/www.idermic.es\/?p=8396"},"modified":"2026-06-06T06:41:48","modified_gmt":"2026-06-06T06:41:48","slug":"36a-reunion-del-gedet-participacion-de-la-dra-marta-vilavella","status":"publish","type":"post","link":"https:\/\/www.idermic.es\/es\/36a-reunion-del-gedet-participacion-de-la-dra-marta-vilavella\/","title":{"rendered":"36\u00aa Reuni\u00f3n del GEDET: Participaci\u00f3n de la Dra. Marta Vilavella"},"content":{"rendered":"<p><div class=\"fusion-fullwidth fullwidth-box fusion-builder-row-1 nonhundred-percent-fullwidth non-hundred-percent-height-scrolling\" style=\"--awb-border-radius-top-left:0px;--awb-border-radius-top-right:0px;--awb-border-radius-bottom-right:0px;--awb-border-radius-bottom-left:0px;--awb-flex-wrap:wrap;\" ><div class=\"fusion-builder-row fusion-row\"><div class=\"fusion-layout-column fusion_builder_column fusion-builder-column-0 fusion_builder_column_1_1 1_1 fusion-one-full fusion-column-first fusion-column-last\" style=\"--awb-bg-size:cover;\"><div class=\"fusion-column-wrapper fusion-flex-column-wrapper-legacy\"><div class=\"fusion-text fusion-text-1\"><h1 style=\"text-align: center;\">36\u00aa Reuni\u00f3n del GEDET: Participaci\u00f3n de la Dra. Marta Vilavella<\/h1>\n<\/div><div class=\"fusion-clearfix\"><\/div><\/div><\/div><\/div><\/div><div class=\"fusion-fullwidth fullwidth-box fusion-builder-row-2 nonhundred-percent-fullwidth non-hundred-percent-height-scrolling\" style=\"--awb-border-radius-top-left:0px;--awb-border-radius-top-right:0px;--awb-border-radius-bottom-right:0px;--awb-border-radius-bottom-left:0px;--awb-flex-wrap:wrap;\" ><div class=\"fusion-builder-row fusion-row\"><div class=\"fusion-layout-column fusion_builder_column fusion-builder-column-1 fusion_builder_column_1_2 1_2 fusion-one-half fusion-column-first\" style=\"--awb-bg-size:cover;width:50%;width:calc(50% - ( ( 4% ) * 0.5 ) );margin-right: 4%;\"><div class=\"fusion-column-wrapper fusion-flex-column-wrapper-legacy\"><div class=\"fusion-text fusion-text-2\"><p>La dermat\u00f3loga <strong data-start=\"143\" data-end=\"167\">Dra. Marta Vilavella<\/strong>, especialista en dermatolog\u00eda est\u00e9tica y m\u00e9dica, ha participado en la <strong data-start=\"238\" data-end=\"318\">36\u00aa reuni\u00f3n del Grupo Espa\u00f1ol de Dermatolog\u00eda Est\u00e9tica y Terap\u00e9utica (GEDET)<\/strong>, un encuentro de referencia organizado por la <strong data-start=\"365\" data-end=\"424\">Academia Espa\u00f1ola de Dermatolog\u00eda y Venereolog\u00eda (AEDV)<\/strong>. El evento, celebrado entre del 25 al 27 de septiembre en el Hotel Meli\u00e1 de Madrid, ha reunido a los principales expertos nacionales para compartir conocimientos y experiencias sobre las \u00faltimas innovaciones en t\u00e9cnicas est\u00e9ticas y terap\u00e9uticas.<\/p>\n<\/div><div class=\"fusion-clearfix\"><\/div><\/div><\/div><div class=\"fusion-layout-column fusion_builder_column fusion-builder-column-2 fusion_builder_column_1_2 1_2 fusion-one-half fusion-column-last\" style=\"--awb-bg-size:cover;width:50%;width:calc(50% - ( ( 4% ) * 0.5 ) );\"><div class=\"fusion-column-wrapper fusion-flex-column-wrapper-legacy\"><div class=\"fusion-image-element in-legacy-container\" style=\"--awb-caption-title-font-family:var(--h2_typography-font-family);--awb-caption-title-font-weight:var(--h2_typography-font-weight);--awb-caption-title-font-style:var(--h2_typography-font-style);--awb-caption-title-size:var(--h2_typography-font-size);--awb-caption-title-transform:var(--h2_typography-text-transform);--awb-caption-title-line-height:var(--h2_typography-line-height);--awb-caption-title-letter-spacing:var(--h2_typography-letter-spacing);\"><span class=\" fusion-imageframe imageframe-none imageframe-1 hover-type-none\"><img decoding=\"async\" width=\"300\" height=\"225\" alt=\"La Dra. Marta Vilavella participa en la 36\u00aa Reuni\u00f3n del GEDET\" title=\"36\u00aa Reuni\u00f3n del GEDET\" src=\"https:\/\/www.idermic.es\/wp-content\/uploads\/2025\/09\/Muy-agradecida-a-la-@aedv_es-y-al-Grupo-Espanol-de-Dermatologia-Estetica-y-Terapeutica-GEDET-po-1-300x225.jpg\" class=\"img-responsive wp-image-8398\" srcset=\"https:\/\/www.idermic.es\/wp-content\/uploads\/2025\/09\/Muy-agradecida-a-la-@aedv_es-y-al-Grupo-Espanol-de-Dermatologia-Estetica-y-Terapeutica-GEDET-po-1-200x150.jpg 200w, https:\/\/www.idermic.es\/wp-content\/uploads\/2025\/09\/Muy-agradecida-a-la-@aedv_es-y-al-Grupo-Espanol-de-Dermatologia-Estetica-y-Terapeutica-GEDET-po-1-400x300.jpg 400w, https:\/\/www.idermic.es\/wp-content\/uploads\/2025\/09\/Muy-agradecida-a-la-@aedv_es-y-al-Grupo-Espanol-de-Dermatologia-Estetica-y-Terapeutica-GEDET-po-1-600x450.jpg 600w, https:\/\/www.idermic.es\/wp-content\/uploads\/2025\/09\/Muy-agradecida-a-la-@aedv_es-y-al-Grupo-Espanol-de-Dermatologia-Estetica-y-Terapeutica-GEDET-po-1-800x600.jpg 800w, https:\/\/www.idermic.es\/wp-content\/uploads\/2025\/09\/Muy-agradecida-a-la-@aedv_es-y-al-Grupo-Espanol-de-Dermatologia-Estetica-y-Terapeutica-GEDET-po-1.jpg 1080w\" sizes=\"(max-width: 800px) 100vw, 300px\" \/><\/span><\/div><div class=\"fusion-clearfix\"><\/div><\/div><\/div><\/div><\/div><div class=\"fusion-fullwidth fullwidth-box fusion-builder-row-3 nonhundred-percent-fullwidth non-hundred-percent-height-scrolling\" style=\"--awb-border-radius-top-left:0px;--awb-border-radius-top-right:0px;--awb-border-radius-bottom-right:0px;--awb-border-radius-bottom-left:0px;--awb-flex-wrap:wrap;\" ><div class=\"fusion-builder-row fusion-row\"><div class=\"fusion-layout-column fusion_builder_column fusion-builder-column-3 fusion_builder_column_1_1 1_1 fusion-one-full fusion-column-first fusion-column-last\" style=\"--awb-bg-size:cover;\"><div class=\"fusion-column-wrapper fusion-flex-column-wrapper-legacy\"><div class=\"fusion-text fusion-text-3\"><p data-start=\"128\" data-end=\"625\">La dermat\u00f3loga <a href=\"https:\/\/www.idermic.es\/es\/marta-vilavella-rius\/\"><strong data-start=\"143\" data-end=\"167\">Dra. Marta Vilavella<\/strong><\/a>, especialista en dermatolog\u00eda est\u00e9tica y m\u00e9dica, ha participado en la <strong data-start=\"238\" data-end=\"318\">36\u00aa reuni\u00f3n del Grupo Espa\u00f1ol de Dermatolog\u00eda Est\u00e9tica y Terap\u00e9utica (GEDET)<\/strong>, un encuentro de referencia organizado por la <strong data-start=\"365\" data-end=\"424\">Academia Espa\u00f1ola de Dermatolog\u00eda y Venereolog\u00eda (AEDV)<\/strong>. El evento, celebrado recientemente, ha reunido a los principales expertos nacionales para compartir conocimientos y experiencias sobre las \u00faltimas innovaciones en t\u00e9cnicas est\u00e9ticas y terap\u00e9uticas.<\/p>\n<p data-start=\"627\" data-end=\"1164\">Durante su intervenci\u00f3n, la Dra. Vilavella form\u00f3 parte del bloque dedicado a las <strong data-start=\"708\" data-end=\"761\">\u201cT\u00e9cnicas infiltrativas en dermatolog\u00eda est\u00e9tica\u201d<\/strong>, donde comparti\u00f3 su experiencia profesional en el <strong data-start=\"812\" data-end=\"863\">tratamiento de las ojeras con \u00e1cido hialur\u00f3nico<\/strong>. En su ponencia, expuso los fundamentos de su propia t\u00e9cnica, enfocada en lograr resultados naturales, arm\u00f3nicos y seguros para los pacientes. Su participaci\u00f3n fue especialmente valorada por su car\u00e1cter pr\u00e1ctico y por la aportaci\u00f3n de una visi\u00f3n personalizada basada en a\u00f1os de experiencia cl\u00ednica.<\/p>\n<p data-start=\"1166\" data-end=\"1423\">\u201c<em>Ha sido un placer poder seguir sumando conocimiento y aprendiendo junto a grandes compa\u00f1eros y referentes de la dermatolog\u00eda est\u00e9tica<\/em>\u201d, expres\u00f3 la doctora tras su intervenci\u00f3n, agradeciendo al GEDET y a la AEDV la invitaci\u00f3n a formar parte del encuentro.<\/p>\n<h2 data-start=\"1430\" data-end=\"1517\">La 36\u00aa Reuni\u00f3n del GEDET, punto de encuentro para la innovaci\u00f3n dermatol\u00f3gica<\/h2>\n<p data-start=\"1519\" data-end=\"2010\">La <strong data-start=\"1522\" data-end=\"1547\">36\u00aa Reuni\u00f3n del GEDET<\/strong>, celebrada bajo el lema <em data-start=\"1572\" data-end=\"1641\">\u201cProyecto T.I.D.E: T\u00e9cnicas Infiltrativas en Dermatolog\u00eda Est\u00e9tica\u201d<\/em>, ha tenido como objetivo principal <strong data-start=\"1677\" data-end=\"1787\">actualizar y perfeccionar las competencias de los dermat\u00f3logos en el uso de t\u00e9cnicas m\u00ednimamente invasivas<\/strong>. A lo largo de las jornadas, se presentaron las \u00faltimas tendencias en infiltraciones, toxina botul\u00ednica, bioestimulaci\u00f3n con \u00e1cido hialur\u00f3nico, manejo de complicaciones y protocolos combinados de rejuvenecimiento facial.<\/p>\n<p data-start=\"2012\" data-end=\"2430\">El encuentro, organizado por la <strong data-start=\"2044\" data-end=\"2052\">AEDV<\/strong>, ha contado con un programa cient\u00edfico de alto nivel que ha incluido ponencias, talleres pr\u00e1cticos y mesas de debate. En ellas se abordaron los avances m\u00e1s recientes en <strong data-start=\"2222\" data-end=\"2293\">dermatolog\u00eda est\u00e9tica, cosm\u00e9tica, terap\u00e9utica y tecnolog\u00eda aplicada<\/strong>, consolidando el papel del GEDET como <strong data-start=\"2332\" data-end=\"2392\">referente en formaci\u00f3n continua y excelencia profesional<\/strong> dentro de la dermatolog\u00eda espa\u00f1ola.<\/p>\n<\/div><div class=\"fusion-clearfix\"><\/div><\/div><\/div><\/div><\/div><div class=\"fusion-fullwidth fullwidth-box fusion-builder-row-4 nonhundred-percent-fullwidth non-hundred-percent-height-scrolling\" style=\"--awb-border-radius-top-left:0px;--awb-border-radius-top-right:0px;--awb-border-radius-bottom-right:0px;--awb-border-radius-bottom-left:0px;--awb-flex-wrap:wrap;\" ><div class=\"fusion-builder-row fusion-row\"><div class=\"fusion-layout-column fusion_builder_column fusion-builder-column-4 fusion_builder_column_1_1 1_1 fusion-one-full fusion-column-first fusion-column-last\" style=\"--awb-bg-size:cover;\"><div class=\"fusion-column-wrapper fusion-flex-column-wrapper-legacy\"><div class=\"fusion-text fusion-text-4\"><h2 data-start=\"2437\" data-end=\"2507\">El papel del GEDET en la dermatolog\u00eda est\u00e9tica y terap\u00e9utica<\/h2>\n<p data-start=\"2509\" data-end=\"2854\">El <strong data-start=\"2512\" data-end=\"2576\">Grupo Espa\u00f1ol de Dermatolog\u00eda Est\u00e9tica y Terap\u00e9utica (GEDET)<\/strong> es uno de los 16 grupos de trabajo de la <strong data-start=\"2618\" data-end=\"2677\">Academia Espa\u00f1ola de Dermatolog\u00eda y Venereolog\u00eda (AEDV)<\/strong>. Fundado en 1986, su misi\u00f3n es fomentar el conocimiento, la formaci\u00f3n y el intercambio de experiencias entre profesionales dedicados a la dermatolog\u00eda est\u00e9tica y terap\u00e9utica.<\/p>\n<p data-start=\"2856\" data-end=\"2906\">Entre sus objetivos principales, el GEDET busca:<\/p>\n<ul style=\"list-style-type: square;\" data-start=\"2907\" data-end=\"3336\">\n<li data-start=\"2907\" data-end=\"3064\">\n<p data-start=\"2909\" data-end=\"3064\"><strong data-start=\"2909\" data-end=\"2935\">Para los dermat\u00f3logos:<\/strong> difundir las novedades en t\u00e9cnicas y dispositivos, y ofrecer un foro de encuentro para compartir conocimientos y experiencias.<\/p>\n<\/li>\n<li data-start=\"3065\" data-end=\"3212\">\n<p data-start=\"3067\" data-end=\"3212\"><strong data-start=\"3067\" data-end=\"3090\">Para los pacientes:<\/strong> actuar como fuente fiable de informaci\u00f3n sobre tratamientos dermatol\u00f3gicos y cosm\u00e9ticos que mejoran la calidad de vida.<\/p>\n<\/li>\n<li data-start=\"3213\" data-end=\"3336\">\n<p data-start=\"3215\" data-end=\"3336\"><strong data-start=\"3215\" data-end=\"3236\">Para la sociedad:<\/strong> proyectar la dermatolog\u00eda espa\u00f1ola como referente en est\u00e9tica m\u00e9dica y terap\u00e9utica dermatol\u00f3gica.<\/p>\n<\/li>\n<\/ul>\n<p data-start=\"3338\" data-end=\"3614\">El grupo tambi\u00e9n promueve la incorporaci\u00f3n de nuevos miembros interesados en la especialidad. Los licenciados en Medicina o \u00e1reas afines pueden solicitar su ingreso como <strong data-start=\"3508\" data-end=\"3530\">Miembros Asociados<\/strong>, siempre que cuenten con el aval de al menos diez miembros numerarios o de honor.<\/p>\n<h2 data-start=\"3621\" data-end=\"3681\">Compromiso con la formaci\u00f3n y la excelencia m\u00e9dica<\/h2>\n<p data-start=\"3683\" data-end=\"4030\">La participaci\u00f3n de la <strong data-start=\"3706\" data-end=\"3730\">Dra. Marta Vilavella<\/strong> en la 36\u00aa Reuni\u00f3n del GEDET reafirma su compromiso con la <strong data-start=\"3789\" data-end=\"3839\">formaci\u00f3n continua y la excelencia profesional<\/strong> en dermatolog\u00eda est\u00e9tica. Su labor contribuye a fortalecer la divulgaci\u00f3n de t\u00e9cnicas seguras, cient\u00edficamente avaladas y orientadas a mejorar la confianza y el bienestar de los pacientes.<\/p>\n<p data-start=\"4032\" data-end=\"4286\">Con cada nueva edici\u00f3n, el GEDET refuerza su papel como <strong data-start=\"4088\" data-end=\"4166\">espacio de actualizaci\u00f3n, intercambio cient\u00edfico y crecimiento profesional<\/strong>, en el que especialistas como la Dra. Vilavella aportan valor y conocimiento a una disciplina en constante evoluci\u00f3n.<\/p>\n<h2 data-start=\"4293\" data-end=\"4355\">Idermic, a la vanguardia de la dermatolog\u00eda est\u00e9tica<\/h2>\n<p data-start=\"4357\" data-end=\"4930\">La <strong data-start=\"4360\" data-end=\"4379\">Cl\u00ednica Idermic<\/strong>, donde la Dra. Marta Vilavella desarrolla su labor asistencial, se distingue por su compromiso con la <strong data-start=\"4482\" data-end=\"4546\">innovaci\u00f3n y la excelencia en dermatolog\u00eda m\u00e9dica y est\u00e9tica<\/strong>. El centro apuesta por incorporar los <strong data-start=\"4585\" data-end=\"4663\">tratamientos m\u00e1s avanzados y productos dermatol\u00f3gicos de \u00faltima generaci\u00f3n<\/strong>, ofreciendo a sus pacientes resultados eficaces, seguros y personalizados. Gracias a su constante actualizaci\u00f3n cient\u00edfica y tecnol\u00f3gica, Idermic tu <a href=\"https:\/\/www.idermic.es\/\"><strong>dermat\u00f3logo en Terrassa<\/strong><\/a>, contin\u00faa posicion\u00e1ndose como un referente en dermatolog\u00eda y medicina est\u00e9tica en Terrassa y su \u00e1rea de influencia.<\/p>\n<\/div><div class=\"fusion-clearfix\"><\/div><\/div><\/div><\/div><\/div><div class=\"fusion-fullwidth fullwidth-box fusion-builder-row-5 nonhundred-percent-fullwidth non-hundred-percent-height-scrolling\" style=\"--awb-border-radius-top-left:0px;--awb-border-radius-top-right:0px;--awb-border-radius-bottom-right:0px;--awb-border-radius-bottom-left:0px;--awb-flex-wrap:wrap;\" ><div class=\"fusion-builder-row fusion-row\"><div class=\"fusion-layout-column fusion_builder_column fusion-builder-column-5 fusion_builder_column_1_1 1_1 fusion-one-full fusion-column-first fusion-column-last\" style=\"--awb-bg-size:cover;\"><div class=\"fusion-column-wrapper fusion-flex-column-wrapper-legacy\"><blockquote class=\"instagram-media\" data-instgrm-captioned data-instgrm-permalink=\"https:\/\/www.instagram.com\/p\/DPHAcZpjE_a\/?utm_source=ig_embed&utm_campaign=loading\" data-instgrm-version=\"14\" style=\" background:#FFF; border:0; border-radius:3px; box-shadow:0 0 1px 0 rgba(0,0,0,0.5),0 1px 10px 0 rgba(0,0,0,0.15); margin: 1px; max-width:540px; min-width:326px; padding:0; width:99.375%; width:-webkit-calc(100% - 2px); width:calc(100% - 2px);\"><div style=\"padding:16px;\"> <a href=\"https:\/\/www.instagram.com\/p\/DPHAcZpjE_a\/?utm_source=ig_embed&utm_campaign=loading\" style=\" background:#FFFFFF; line-height:0; padding:0 0; text-align:center; text-decoration:none; width:100%;\" target=\"_blank\"> <div style=\" display: flex; flex-direction: row; align-items: center;\"> <div style=\"background-color: #F4F4F4; border-radius: 50%; flex-grow: 0; height: 40px; margin-right: 14px; width: 40px;\"><\/div> <div style=\"display: flex; flex-direction: column; flex-grow: 1; justify-content: center;\"> <div style=\" background-color: #F4F4F4; border-radius: 4px; flex-grow: 0; height: 14px; margin-bottom: 6px; width: 100px;\"><\/div> <div style=\" background-color: #F4F4F4; border-radius: 4px; flex-grow: 0; height: 14px; width: 60px;\"><\/div><\/div><\/div><div style=\"padding: 19% 0;\"><\/div> <div style=\"display:block; height:50px; margin:0 auto 12px; width:50px;\"><svg width=\"50px\" height=\"50px\" viewBox=\"0 0 60 60\" version=\"1.1\" xmlns=\"https:\/\/www.w3.org\/2000\/svg\" xmlns:xlink=\"https:\/\/www.w3.org\/1999\/xlink\"><g stroke=\"none\" stroke-width=\"1\" fill=\"none\" fill-rule=\"evenodd\"><g transform=\"translate(-511.000000, -20.000000)\" fill=\"#000000\"><g><path d=\"M556.869,30.41 C554.814,30.41 553.148,32.076 553.148,34.131 C553.148,36.186 554.814,37.852 556.869,37.852 C558.924,37.852 560.59,36.186 560.59,34.131 C560.59,32.076 558.924,30.41 556.869,30.41 M541,60.657 C535.114,60.657 530.342,55.887 530.342,50 C530.342,44.114 535.114,39.342 541,39.342 C546.887,39.342 551.658,44.114 551.658,50 C551.658,55.887 546.887,60.657 541,60.657 M541,33.886 C532.1,33.886 524.886,41.1 524.886,50 C524.886,58.899 532.1,66.113 541,66.113 C549.9,66.113 557.115,58.899 557.115,50 C557.115,41.1 549.9,33.886 541,33.886 M565.378,62.101 C565.244,65.022 564.756,66.606 564.346,67.663 C563.803,69.06 563.154,70.057 562.106,71.106 C561.058,72.155 560.06,72.803 558.662,73.347 C557.607,73.757 556.021,74.244 553.102,74.378 C549.944,74.521 548.997,74.552 541,74.552 C533.003,74.552 532.056,74.521 528.898,74.378 C525.979,74.244 524.393,73.757 523.338,73.347 C521.94,72.803 520.942,72.155 519.894,71.106 C518.846,70.057 518.197,69.06 517.654,67.663 C517.244,66.606 516.755,65.022 516.623,62.101 C516.479,58.943 516.448,57.996 516.448,50 C516.448,42.003 516.479,41.056 516.623,37.899 C516.755,34.978 517.244,33.391 517.654,32.338 C518.197,30.938 518.846,29.942 519.894,28.894 C520.942,27.846 521.94,27.196 523.338,26.654 C524.393,26.244 525.979,25.756 528.898,25.623 C532.057,25.479 533.004,25.448 541,25.448 C548.997,25.448 549.943,25.479 553.102,25.623 C556.021,25.756 557.607,26.244 558.662,26.654 C560.06,27.196 561.058,27.846 562.106,28.894 C563.154,29.942 563.803,30.938 564.346,32.338 C564.756,33.391 565.244,34.978 565.378,37.899 C565.522,41.056 565.552,42.003 565.552,50 C565.552,57.996 565.522,58.943 565.378,62.101 M570.82,37.631 C570.674,34.438 570.167,32.258 569.425,30.349 C568.659,28.377 567.633,26.702 565.965,25.035 C564.297,23.368 562.623,22.342 560.652,21.575 C558.743,20.834 556.562,20.326 553.369,20.18 C550.169,20.033 549.148,20 541,20 C532.853,20 531.831,20.033 528.631,20.18 C525.438,20.326 523.257,20.834 521.349,21.575 C519.376,22.342 517.703,23.368 516.035,25.035 C514.368,26.702 513.342,28.377 512.574,30.349 C511.834,32.258 511.326,34.438 511.181,37.631 C511.035,40.831 511,41.851 511,50 C511,58.147 511.035,59.17 511.181,62.369 C511.326,65.562 511.834,67.743 512.574,69.651 C513.342,71.625 514.368,73.296 516.035,74.965 C517.703,76.634 519.376,77.658 521.349,78.425 C523.257,79.167 525.438,79.673 528.631,79.82 C531.831,79.965 532.853,80.001 541,80.001 C549.148,80.001 550.169,79.965 553.369,79.82 C556.562,79.673 558.743,79.167 560.652,78.425 C562.623,77.658 564.297,76.634 565.965,74.965 C567.633,73.296 568.659,71.625 569.425,69.651 C570.167,67.743 570.674,65.562 570.82,62.369 C570.966,59.17 571,58.147 571,50 C571,41.851 570.966,40.831 570.82,37.631\"><\/path><\/g><\/g><\/g><\/svg><\/div><div style=\"padding-top: 8px;\"> <div style=\" color:#3897f0; font-family:Arial,sans-serif; font-size:14px; font-style:normal; font-weight:550; line-height:18px;\">Ver esta publicaci\u00f3n en Instagram<\/div><\/div><div style=\"padding: 12.5% 0;\"><\/div> <div style=\"display: flex; flex-direction: row; margin-bottom: 14px; align-items: center;\"><div> <div style=\"background-color: #F4F4F4; border-radius: 50%; height: 12.5px; width: 12.5px; transform: translateX(0px) translateY(7px);\"><\/div> <div style=\"background-color: #F4F4F4; height: 12.5px; transform: rotate(-45deg) translateX(3px) translateY(1px); width: 12.5px; flex-grow: 0; margin-right: 14px; margin-left: 2px;\"><\/div> <div style=\"background-color: #F4F4F4; border-radius: 50%; height: 12.5px; width: 12.5px; transform: translateX(9px) translateY(-18px);\"><\/div><\/div><div style=\"margin-left: 8px;\"> <div style=\" background-color: #F4F4F4; border-radius: 50%; flex-grow: 0; height: 20px; width: 20px;\"><\/div> <div style=\" width: 0; height: 0; border-top: 2px solid transparent; border-left: 6px solid #f4f4f4; border-bottom: 2px solid transparent; transform: translateX(16px) translateY(-4px) rotate(30deg)\"><\/div><\/div><div style=\"margin-left: auto;\"> <div style=\" width: 0px; border-top: 8px solid #F4F4F4; border-right: 8px solid transparent; transform: translateY(16px);\"><\/div> <div style=\" background-color: #F4F4F4; flex-grow: 0; height: 12px; width: 16px; transform: translateY(-4px);\"><\/div> <div style=\" width: 0; height: 0; border-top: 8px solid #F4F4F4; border-left: 8px solid transparent; transform: translateY(-4px) translateX(8px);\"><\/div><\/div><\/div> <div style=\"display: flex; flex-direction: column; flex-grow: 1; justify-content: center; margin-bottom: 24px;\"> <div style=\" background-color: #F4F4F4; border-radius: 4px; flex-grow: 0; height: 14px; margin-bottom: 6px; width: 224px;\"><\/div> <div style=\" background-color: #F4F4F4; border-radius: 4px; flex-grow: 0; height: 14px; width: 144px;\"><\/div><\/div><\/a><p style=\" color:#c9c8cd; font-family:Arial,sans-serif; font-size:14px; line-height:17px; margin-bottom:0; margin-top:8px; overflow:hidden; padding:8px 0 7px; text-align:center; text-overflow:ellipsis; white-space:nowrap;\"><a href=\"https:\/\/www.instagram.com\/p\/DPHAcZpjE_a\/?utm_source=ig_embed&utm_campaign=loading\" style=\" color:#c9c8cd; font-family:Arial,sans-serif; font-size:14px; font-style:normal; font-weight:normal; line-height:17px; text-decoration:none;\" target=\"_blank\">Una publicaci\u00f3n compartida de Marta Vilavella|Dermat\u00f3loga Est\u00e9tica (@dra.martavilavella_derma)<\/a><\/p><\/div><\/blockquote>\n<script async src=\"\/\/www.instagram.com\/embed.js\"><\/script><div class=\"fusion-clearfix\"><\/div><\/div><\/div><\/div><\/div><\/p>\n","protected":false},"excerpt":{"rendered":"<p>La Dra. Marta Vilavella participa en la 36\u00aa Reuni\u00f3n del GEDET, compartiendo su t\u00e9cnica de tratamiento de ojeras con \u00e1cido hialur\u00f3nico.<\/p>\n","protected":false},"author":3,"featured_media":8400,"comment_status":"open","ping_status":"closed","sticky":false,"template":"","format":"standard","meta":{"_joinchat":[],"footnotes":""},"categories":[25],"tags":[263],"class_list":["post-8396","post","type-post","status-publish","format-standard","has-post-thumbnail","hentry","category-noticias","tag-eventos"],"yoast_head":"<!-- This site is optimized with the Yoast SEO plugin v28.4 - https:\/\/yoast.com\/product\/yoast-seo-wordpress\/ -->\n<title>36\u00aa Reuni\u00f3n del GEDET: Participaci\u00f3n de la Dra. Marta Vilavella -<\/title>\n<meta name=\"description\" content=\"La Dra. Marta Vilavella participa en la 36\u00aa Reuni\u00f3n del GEDET, compartiendo su t\u00e9cnica de tratamiento de ojeras con \u00e1cido hialur\u00f3nico.\" \/>\n<meta name=\"robots\" content=\"index, follow, max-snippet:-1, max-image-preview:large, max-video-preview:-1\" \/>\n<link rel=\"canonical\" href=\"https:\/\/www.idermic.es\/es\/36a-reunion-del-gedet-participacion-de-la-dra-marta-vilavella\/\" \/>\n<meta property=\"og:locale\" content=\"es_ES\" \/>\n<meta property=\"og:type\" content=\"article\" \/>\n<meta property=\"og:title\" content=\"36\u00aa Reuni\u00f3n del GEDET: Participaci\u00f3n de la Dra. Marta Vilavella -\" \/>\n<meta property=\"og:description\" content=\"La Dra. Marta Vilavella participa en la 36\u00aa Reuni\u00f3n del GEDET, compartiendo su t\u00e9cnica de tratamiento de ojeras con \u00e1cido hialur\u00f3nico.\" \/>\n<meta property=\"og:url\" content=\"https:\/\/www.idermic.es\/es\/36a-reunion-del-gedet-participacion-de-la-dra-marta-vilavella\/\" \/>\n<meta property=\"og:site_name\" content=\"Idermic. Dermatolog\u00eda en Terrassa\" \/>\n<meta property=\"article:publisher\" content=\"https:\/\/www.facebook.com\/Idermic\" \/>\n<meta property=\"article:published_time\" content=\"2025-09-28T07:17:15+00:00\" \/>\n<meta property=\"article:modified_time\" content=\"2026-06-06T06:41:48+00:00\" \/>\n<meta property=\"og:image\" content=\"https:\/\/www.idermic.es\/wp-content\/uploads\/2025\/09\/Muy-agradecida-a-la-@aedv_es-y-al-Grupo-Espanol-de-Dermatologia-Estetica-y-Terapeutica-GEDET-po.jpg\" \/>\n\t<meta property=\"og:image:width\" content=\"885\" \/>\n\t<meta property=\"og:image:height\" content=\"664\" \/>\n\t<meta property=\"og:image:type\" content=\"image\/jpeg\" \/>\n<meta name=\"author\" content=\"Equipo\" \/>\n<meta name=\"twitter:card\" content=\"summary_large_image\" \/>\n<meta name=\"twitter:creator\" content=\"@idermic\" \/>\n<meta name=\"twitter:site\" content=\"@idermic\" \/>\n<meta name=\"twitter:label1\" content=\"Escrito por\" \/>\n\t<meta name=\"twitter:data1\" content=\"Equipo\" \/>\n\t<meta name=\"twitter:label2\" content=\"Tiempo de lectura\" \/>\n\t<meta name=\"twitter:data2\" content=\"5 minutos\" \/>\n<script type=\"application\/ld+json\" class=\"yoast-schema-graph\">{\"@context\":\"https:\\\/\\\/schema.org\",\"@graph\":[{\"@type\":\"Article\",\"@id\":\"https:\\\/\\\/www.idermic.es\\\/es\\\/36a-reunion-del-gedet-participacion-de-la-dra-marta-vilavella\\\/#article\",\"isPartOf\":{\"@id\":\"https:\\\/\\\/www.idermic.es\\\/es\\\/36a-reunion-del-gedet-participacion-de-la-dra-marta-vilavella\\\/\"},\"author\":{\"name\":\"Equipo\",\"@id\":\"https:\\\/\\\/www.idermic.es\\\/#\\\/schema\\\/person\\\/c12703027a878b23d3c71c87921a82f8\"},\"headline\":\"36\u00aa Reuni\u00f3n del GEDET: Participaci\u00f3n de la Dra. Marta Vilavella\",\"datePublished\":\"2025-09-28T07:17:15+00:00\",\"dateModified\":\"2026-06-06T06:41:48+00:00\",\"mainEntityOfPage\":{\"@id\":\"https:\\\/\\\/www.idermic.es\\\/es\\\/36a-reunion-del-gedet-participacion-de-la-dra-marta-vilavella\\\/\"},\"wordCount\":3354,\"commentCount\":0,\"publisher\":{\"@id\":\"https:\\\/\\\/www.idermic.es\\\/#organization\"},\"image\":{\"@id\":\"https:\\\/\\\/www.idermic.es\\\/es\\\/36a-reunion-del-gedet-participacion-de-la-dra-marta-vilavella\\\/#primaryimage\"},\"thumbnailUrl\":\"https:\\\/\\\/www.idermic.es\\\/wp-content\\\/uploads\\\/2025\\\/09\\\/Muy-agradecida-a-la-@aedv_es-y-al-Grupo-Espanol-de-Dermatologia-Estetica-y-Terapeutica-GEDET-po.jpg\",\"keywords\":[\"Eventos\"],\"articleSection\":[\"Noticias\"],\"inLanguage\":\"es\",\"potentialAction\":[{\"@type\":\"CommentAction\",\"name\":\"Comment\",\"target\":[\"https:\\\/\\\/www.idermic.es\\\/es\\\/36a-reunion-del-gedet-participacion-de-la-dra-marta-vilavella\\\/#respond\"]}]},{\"@type\":\"WebPage\",\"@id\":\"https:\\\/\\\/www.idermic.es\\\/es\\\/36a-reunion-del-gedet-participacion-de-la-dra-marta-vilavella\\\/\",\"url\":\"https:\\\/\\\/www.idermic.es\\\/es\\\/36a-reunion-del-gedet-participacion-de-la-dra-marta-vilavella\\\/\",\"name\":\"36\u00aa Reuni\u00f3n del GEDET: Participaci\u00f3n de la Dra. Marta Vilavella -\",\"isPartOf\":{\"@id\":\"https:\\\/\\\/www.idermic.es\\\/#website\"},\"primaryImageOfPage\":{\"@id\":\"https:\\\/\\\/www.idermic.es\\\/es\\\/36a-reunion-del-gedet-participacion-de-la-dra-marta-vilavella\\\/#primaryimage\"},\"image\":{\"@id\":\"https:\\\/\\\/www.idermic.es\\\/es\\\/36a-reunion-del-gedet-participacion-de-la-dra-marta-vilavella\\\/#primaryimage\"},\"thumbnailUrl\":\"https:\\\/\\\/www.idermic.es\\\/wp-content\\\/uploads\\\/2025\\\/09\\\/Muy-agradecida-a-la-@aedv_es-y-al-Grupo-Espanol-de-Dermatologia-Estetica-y-Terapeutica-GEDET-po.jpg\",\"datePublished\":\"2025-09-28T07:17:15+00:00\",\"dateModified\":\"2026-06-06T06:41:48+00:00\",\"description\":\"La Dra. Marta Vilavella participa en la 36\u00aa Reuni\u00f3n del GEDET, compartiendo su t\u00e9cnica de tratamiento de ojeras con \u00e1cido hialur\u00f3nico.\",\"breadcrumb\":{\"@id\":\"https:\\\/\\\/www.idermic.es\\\/es\\\/36a-reunion-del-gedet-participacion-de-la-dra-marta-vilavella\\\/#breadcrumb\"},\"inLanguage\":\"es\",\"potentialAction\":[{\"@type\":\"ReadAction\",\"target\":[\"https:\\\/\\\/www.idermic.es\\\/es\\\/36a-reunion-del-gedet-participacion-de-la-dra-marta-vilavella\\\/\"]}]},{\"@type\":\"ImageObject\",\"inLanguage\":\"es\",\"@id\":\"https:\\\/\\\/www.idermic.es\\\/es\\\/36a-reunion-del-gedet-participacion-de-la-dra-marta-vilavella\\\/#primaryimage\",\"url\":\"https:\\\/\\\/www.idermic.es\\\/wp-content\\\/uploads\\\/2025\\\/09\\\/Muy-agradecida-a-la-@aedv_es-y-al-Grupo-Espanol-de-Dermatologia-Estetica-y-Terapeutica-GEDET-po.jpg\",\"contentUrl\":\"https:\\\/\\\/www.idermic.es\\\/wp-content\\\/uploads\\\/2025\\\/09\\\/Muy-agradecida-a-la-@aedv_es-y-al-Grupo-Espanol-de-Dermatologia-Estetica-y-Terapeutica-GEDET-po.jpg\",\"width\":885,\"height\":664,\"caption\":\"La Dra. Marta Vilavella participa en la 36\u00aa Reuni\u00f3n del GEDET\"},{\"@type\":\"BreadcrumbList\",\"@id\":\"https:\\\/\\\/www.idermic.es\\\/es\\\/36a-reunion-del-gedet-participacion-de-la-dra-marta-vilavella\\\/#breadcrumb\",\"itemListElement\":[{\"@type\":\"ListItem\",\"position\":1,\"name\":\"Inici\",\"item\":\"https:\\\/\\\/www.idermic.es\\\/es\\\/\"},{\"@type\":\"ListItem\",\"position\":2,\"name\":\"36\u00aa Reuni\u00f3n del GEDET: Participaci\u00f3n de la Dra. Marta Vilavella\"}]},{\"@type\":\"WebSite\",\"@id\":\"https:\\\/\\\/www.idermic.es\\\/#website\",\"url\":\"https:\\\/\\\/www.idermic.es\\\/\",\"name\":\"Idermic. Dermatolog\u00eda en Terrassa\",\"description\":\"Dermatolog\u00eda, Medicina est\u00e9tica, Cirurg\u00eda Pl\u00e0stica\",\"publisher\":{\"@id\":\"https:\\\/\\\/www.idermic.es\\\/#organization\"},\"potentialAction\":[{\"@type\":\"SearchAction\",\"target\":{\"@type\":\"EntryPoint\",\"urlTemplate\":\"https:\\\/\\\/www.idermic.es\\\/?s={search_term_string}\"},\"query-input\":{\"@type\":\"PropertyValueSpecification\",\"valueRequired\":true,\"valueName\":\"search_term_string\"}}],\"inLanguage\":\"es\"},{\"@type\":\"Organization\",\"@id\":\"https:\\\/\\\/www.idermic.es\\\/#organization\",\"name\":\"Idermic. Dermatolog\u00eda en Terrassa\",\"url\":\"https:\\\/\\\/www.idermic.es\\\/\",\"logo\":{\"@type\":\"ImageObject\",\"inLanguage\":\"es\",\"@id\":\"https:\\\/\\\/www.idermic.es\\\/#\\\/schema\\\/logo\\\/image\\\/\",\"url\":\"https:\\\/\\\/www.idermic.es\\\/wp-content\\\/uploads\\\/2025\\\/10\\\/Logo-Idermic.jpg\",\"contentUrl\":\"https:\\\/\\\/www.idermic.es\\\/wp-content\\\/uploads\\\/2025\\\/10\\\/Logo-Idermic.jpg\",\"width\":501,\"height\":502,\"caption\":\"Idermic. Dermatolog\u00eda en Terrassa\"},\"image\":{\"@id\":\"https:\\\/\\\/www.idermic.es\\\/#\\\/schema\\\/logo\\\/image\\\/\"},\"sameAs\":[\"https:\\\/\\\/www.facebook.com\\\/Idermic\",\"https:\\\/\\\/x.com\\\/idermic\",\"https:\\\/\\\/www.instagram.com\\\/idermicclinic\\\/\",\"https:\\\/\\\/www.youtube.com\\\/channel\\\/UCyAHC9-p8lc6hr_nguO8p_g\"]},{\"@type\":\"Person\",\"@id\":\"https:\\\/\\\/www.idermic.es\\\/#\\\/schema\\\/person\\\/c12703027a878b23d3c71c87921a82f8\",\"name\":\"Equipo\",\"image\":{\"@type\":\"ImageObject\",\"inLanguage\":\"es\",\"@id\":\"https:\\\/\\\/secure.gravatar.com\\\/avatar\\\/7ca0be23248108c6b0887e0693b7dcf7764bd3503f84d1f04e6653ef7c3b9420?s=96&d=mm&r=g\",\"url\":\"https:\\\/\\\/secure.gravatar.com\\\/avatar\\\/7ca0be23248108c6b0887e0693b7dcf7764bd3503f84d1f04e6653ef7c3b9420?s=96&d=mm&r=g\",\"contentUrl\":\"https:\\\/\\\/secure.gravatar.com\\\/avatar\\\/7ca0be23248108c6b0887e0693b7dcf7764bd3503f84d1f04e6653ef7c3b9420?s=96&d=mm&r=g\",\"caption\":\"Equipo\"},\"description\":\"Equipo de Idermic\"}]}<\/script>\n<!-- \/ Yoast SEO plugin. -->","yoast_head_json":{"title":"36\u00aa Reuni\u00f3n del GEDET: Participaci\u00f3n de la Dra. Marta Vilavella -","description":"La Dra. Marta Vilavella participa en la 36\u00aa Reuni\u00f3n del GEDET, compartiendo su t\u00e9cnica de tratamiento de ojeras con \u00e1cido hialur\u00f3nico.","robots":{"index":"index","follow":"follow","max-snippet":"max-snippet:-1","max-image-preview":"max-image-preview:large","max-video-preview":"max-video-preview:-1"},"canonical":"https:\/\/www.idermic.es\/es\/36a-reunion-del-gedet-participacion-de-la-dra-marta-vilavella\/","og_locale":"es_ES","og_type":"article","og_title":"36\u00aa Reuni\u00f3n del GEDET: Participaci\u00f3n de la Dra. Marta Vilavella -","og_description":"La Dra. Marta Vilavella participa en la 36\u00aa Reuni\u00f3n del GEDET, compartiendo su t\u00e9cnica de tratamiento de ojeras con \u00e1cido hialur\u00f3nico.","og_url":"https:\/\/www.idermic.es\/es\/36a-reunion-del-gedet-participacion-de-la-dra-marta-vilavella\/","og_site_name":"Idermic. Dermatolog\u00eda en Terrassa","article_publisher":"https:\/\/www.facebook.com\/Idermic","article_published_time":"2025-09-28T07:17:15+00:00","article_modified_time":"2026-06-06T06:41:48+00:00","og_image":[{"width":885,"height":664,"url":"https:\/\/www.idermic.es\/wp-content\/uploads\/2025\/09\/Muy-agradecida-a-la-@aedv_es-y-al-Grupo-Espanol-de-Dermatologia-Estetica-y-Terapeutica-GEDET-po.jpg","type":"image\/jpeg"}],"author":"Equipo","twitter_card":"summary_large_image","twitter_creator":"@idermic","twitter_site":"@idermic","twitter_misc":{"Escrito por":"Equipo","Tiempo de lectura":"5 minutos"},"schema":{"@context":"https:\/\/schema.org","@graph":[{"@type":"Article","@id":"https:\/\/www.idermic.es\/es\/36a-reunion-del-gedet-participacion-de-la-dra-marta-vilavella\/#article","isPartOf":{"@id":"https:\/\/www.idermic.es\/es\/36a-reunion-del-gedet-participacion-de-la-dra-marta-vilavella\/"},"author":{"name":"Equipo","@id":"https:\/\/www.idermic.es\/#\/schema\/person\/c12703027a878b23d3c71c87921a82f8"},"headline":"36\u00aa Reuni\u00f3n del GEDET: Participaci\u00f3n de la Dra. Marta Vilavella","datePublished":"2025-09-28T07:17:15+00:00","dateModified":"2026-06-06T06:41:48+00:00","mainEntityOfPage":{"@id":"https:\/\/www.idermic.es\/es\/36a-reunion-del-gedet-participacion-de-la-dra-marta-vilavella\/"},"wordCount":3354,"commentCount":0,"publisher":{"@id":"https:\/\/www.idermic.es\/#organization"},"image":{"@id":"https:\/\/www.idermic.es\/es\/36a-reunion-del-gedet-participacion-de-la-dra-marta-vilavella\/#primaryimage"},"thumbnailUrl":"https:\/\/www.idermic.es\/wp-content\/uploads\/2025\/09\/Muy-agradecida-a-la-@aedv_es-y-al-Grupo-Espanol-de-Dermatologia-Estetica-y-Terapeutica-GEDET-po.jpg","keywords":["Eventos"],"articleSection":["Noticias"],"inLanguage":"es","potentialAction":[{"@type":"CommentAction","name":"Comment","target":["https:\/\/www.idermic.es\/es\/36a-reunion-del-gedet-participacion-de-la-dra-marta-vilavella\/#respond"]}]},{"@type":"WebPage","@id":"https:\/\/www.idermic.es\/es\/36a-reunion-del-gedet-participacion-de-la-dra-marta-vilavella\/","url":"https:\/\/www.idermic.es\/es\/36a-reunion-del-gedet-participacion-de-la-dra-marta-vilavella\/","name":"36\u00aa Reuni\u00f3n del GEDET: Participaci\u00f3n de la Dra. Marta Vilavella -","isPartOf":{"@id":"https:\/\/www.idermic.es\/#website"},"primaryImageOfPage":{"@id":"https:\/\/www.idermic.es\/es\/36a-reunion-del-gedet-participacion-de-la-dra-marta-vilavella\/#primaryimage"},"image":{"@id":"https:\/\/www.idermic.es\/es\/36a-reunion-del-gedet-participacion-de-la-dra-marta-vilavella\/#primaryimage"},"thumbnailUrl":"https:\/\/www.idermic.es\/wp-content\/uploads\/2025\/09\/Muy-agradecida-a-la-@aedv_es-y-al-Grupo-Espanol-de-Dermatologia-Estetica-y-Terapeutica-GEDET-po.jpg","datePublished":"2025-09-28T07:17:15+00:00","dateModified":"2026-06-06T06:41:48+00:00","description":"La Dra. Marta Vilavella participa en la 36\u00aa Reuni\u00f3n del GEDET, compartiendo su t\u00e9cnica de tratamiento de ojeras con \u00e1cido hialur\u00f3nico.","breadcrumb":{"@id":"https:\/\/www.idermic.es\/es\/36a-reunion-del-gedet-participacion-de-la-dra-marta-vilavella\/#breadcrumb"},"inLanguage":"es","potentialAction":[{"@type":"ReadAction","target":["https:\/\/www.idermic.es\/es\/36a-reunion-del-gedet-participacion-de-la-dra-marta-vilavella\/"]}]},{"@type":"ImageObject","inLanguage":"es","@id":"https:\/\/www.idermic.es\/es\/36a-reunion-del-gedet-participacion-de-la-dra-marta-vilavella\/#primaryimage","url":"https:\/\/www.idermic.es\/wp-content\/uploads\/2025\/09\/Muy-agradecida-a-la-@aedv_es-y-al-Grupo-Espanol-de-Dermatologia-Estetica-y-Terapeutica-GEDET-po.jpg","contentUrl":"https:\/\/www.idermic.es\/wp-content\/uploads\/2025\/09\/Muy-agradecida-a-la-@aedv_es-y-al-Grupo-Espanol-de-Dermatologia-Estetica-y-Terapeutica-GEDET-po.jpg","width":885,"height":664,"caption":"La Dra. Marta Vilavella participa en la 36\u00aa Reuni\u00f3n del GEDET"},{"@type":"BreadcrumbList","@id":"https:\/\/www.idermic.es\/es\/36a-reunion-del-gedet-participacion-de-la-dra-marta-vilavella\/#breadcrumb","itemListElement":[{"@type":"ListItem","position":1,"name":"Inici","item":"https:\/\/www.idermic.es\/es\/"},{"@type":"ListItem","position":2,"name":"36\u00aa Reuni\u00f3n del GEDET: Participaci\u00f3n de la Dra. Marta Vilavella"}]},{"@type":"WebSite","@id":"https:\/\/www.idermic.es\/#website","url":"https:\/\/www.idermic.es\/","name":"Idermic. Dermatolog\u00eda en Terrassa","description":"Dermatolog\u00eda, Medicina est\u00e9tica, Cirurg\u00eda Pl\u00e0stica","publisher":{"@id":"https:\/\/www.idermic.es\/#organization"},"potentialAction":[{"@type":"SearchAction","target":{"@type":"EntryPoint","urlTemplate":"https:\/\/www.idermic.es\/?s={search_term_string}"},"query-input":{"@type":"PropertyValueSpecification","valueRequired":true,"valueName":"search_term_string"}}],"inLanguage":"es"},{"@type":"Organization","@id":"https:\/\/www.idermic.es\/#organization","name":"Idermic. Dermatolog\u00eda en Terrassa","url":"https:\/\/www.idermic.es\/","logo":{"@type":"ImageObject","inLanguage":"es","@id":"https:\/\/www.idermic.es\/#\/schema\/logo\/image\/","url":"https:\/\/www.idermic.es\/wp-content\/uploads\/2025\/10\/Logo-Idermic.jpg","contentUrl":"https:\/\/www.idermic.es\/wp-content\/uploads\/2025\/10\/Logo-Idermic.jpg","width":501,"height":502,"caption":"Idermic. Dermatolog\u00eda en Terrassa"},"image":{"@id":"https:\/\/www.idermic.es\/#\/schema\/logo\/image\/"},"sameAs":["https:\/\/www.facebook.com\/Idermic","https:\/\/x.com\/idermic","https:\/\/www.instagram.com\/idermicclinic\/","https:\/\/www.youtube.com\/channel\/UCyAHC9-p8lc6hr_nguO8p_g"]},{"@type":"Person","@id":"https:\/\/www.idermic.es\/#\/schema\/person\/c12703027a878b23d3c71c87921a82f8","name":"Equipo","image":{"@type":"ImageObject","inLanguage":"es","@id":"https:\/\/secure.gravatar.com\/avatar\/7ca0be23248108c6b0887e0693b7dcf7764bd3503f84d1f04e6653ef7c3b9420?s=96&d=mm&r=g","url":"https:\/\/secure.gravatar.com\/avatar\/7ca0be23248108c6b0887e0693b7dcf7764bd3503f84d1f04e6653ef7c3b9420?s=96&d=mm&r=g","contentUrl":"https:\/\/secure.gravatar.com\/avatar\/7ca0be23248108c6b0887e0693b7dcf7764bd3503f84d1f04e6653ef7c3b9420?s=96&d=mm&r=g","caption":"Equipo"},"description":"Equipo de Idermic"}]}},"_links":{"self":[{"href":"https:\/\/www.idermic.es\/es\/wp-json\/wp\/v2\/posts\/8396","targetHints":{"allow":["GET"]}}],"collection":[{"href":"https:\/\/www.idermic.es\/es\/wp-json\/wp\/v2\/posts"}],"about":[{"href":"https:\/\/www.idermic.es\/es\/wp-json\/wp\/v2\/types\/post"}],"author":[{"embeddable":true,"href":"https:\/\/www.idermic.es\/es\/wp-json\/wp\/v2\/users\/3"}],"replies":[{"embeddable":true,"href":"https:\/\/www.idermic.es\/es\/wp-json\/wp\/v2\/comments?post=8396"}],"version-history":[{"count":9,"href":"https:\/\/www.idermic.es\/es\/wp-json\/wp\/v2\/posts\/8396\/revisions"}],"predecessor-version":[{"id":9711,"href":"https:\/\/www.idermic.es\/es\/wp-json\/wp\/v2\/posts\/8396\/revisions\/9711"}],"wp:featuredmedia":[{"embeddable":true,"href":"https:\/\/www.idermic.es\/es\/wp-json\/wp\/v2\/media\/8400"}],"wp:attachment":[{"href":"https:\/\/www.idermic.es\/es\/wp-json\/wp\/v2\/media?parent=8396"}],"wp:term":[{"taxonomy":"category","embeddable":true,"href":"https:\/\/www.idermic.es\/es\/wp-json\/wp\/v2\/categories?post=8396"},{"taxonomy":"post_tag","embeddable":true,"href":"https:\/\/www.idermic.es\/es\/wp-json\/wp\/v2\/tags?post=8396"}],"curies":[{"name":"wp","href":"https:\/\/api.w.org\/{rel}","templated":true}]}}