{"id":8383,"date":"2025-09-23T09:03:32","date_gmt":"2025-09-23T09:03:32","guid":{"rendered":"https:\/\/www.idermic.es\/?p=8383"},"modified":"2026-04-30T07:17:13","modified_gmt":"2026-04-30T07:17:13","slug":"congreso-de-la-academia-europea-de-dermatologia-en-paris","status":"publish","type":"post","link":"https:\/\/www.idermic.es\/es\/congreso-de-la-academia-europea-de-dermatologia-en-paris\/","title":{"rendered":"Congreso de la Academia Europea de Dermatolog\u00eda en Par\u00eds"},"content":{"rendered":"<p><div class=\"fusion-fullwidth fullwidth-box fusion-builder-row-1 nonhundred-percent-fullwidth non-hundred-percent-height-scrolling\" style=\"--awb-border-radius-top-left:0px;--awb-border-radius-top-right:0px;--awb-border-radius-bottom-right:0px;--awb-border-radius-bottom-left:0px;--awb-flex-wrap:wrap;\" ><div class=\"fusion-builder-row fusion-row\"><div class=\"fusion-layout-column fusion_builder_column fusion-builder-column-0 fusion_builder_column_1_1 1_1 fusion-one-full fusion-column-first fusion-column-last\" style=\"--awb-bg-size:cover;\"><div class=\"fusion-column-wrapper fusion-flex-column-wrapper-legacy\"><div class=\"fusion-text fusion-text-1\"><h1 style=\"text-align: center;\">La Dra. Marta Vilavella asiste al Congreso Europeo de Dermatolog\u00eda en Par\u00eds<\/h1>\n<\/div><div class=\"fusion-clearfix\"><\/div><\/div><\/div><\/div><\/div><div class=\"fusion-fullwidth fullwidth-box fusion-builder-row-2 nonhundred-percent-fullwidth non-hundred-percent-height-scrolling\" style=\"--awb-border-radius-top-left:0px;--awb-border-radius-top-right:0px;--awb-border-radius-bottom-right:0px;--awb-border-radius-bottom-left:0px;--awb-flex-wrap:wrap;\" ><div class=\"fusion-builder-row fusion-row\"><div class=\"fusion-layout-column fusion_builder_column fusion-builder-column-1 fusion_builder_column_1_2 1_2 fusion-one-half fusion-column-first\" style=\"--awb-bg-size:cover;width:50%;width:calc(50% - ( ( 4% ) * 0.5 ) );margin-right: 4%;\"><div class=\"fusion-column-wrapper fusion-flex-column-wrapper-legacy\"><div class=\"fusion-text fusion-text-2\"><p>Del 17 al 20 de septiembre tuvo lugar en Par\u00eds el <strong data-start=\"450\" data-end=\"508\">Congreso Europeo de Dermatolog\u00eda y Venereolog\u00eda (EADV)<\/strong>, el encuentro cient\u00edfico m\u00e1s importante de Europa en el \u00e1mbito dermatol\u00f3gico.<\/p>\n<p>El evento reuni\u00f3 a miles de especialistas de todo el mundo, que compartieron los \u00faltimos avances en investigaci\u00f3n, prevenci\u00f3n y tratamiento de enfermedades de la piel.<\/p>\n<\/div><div class=\"fusion-clearfix\"><\/div><\/div><\/div><div class=\"fusion-layout-column fusion_builder_column fusion-builder-column-2 fusion_builder_column_1_2 1_2 fusion-one-half fusion-column-last\" style=\"--awb-bg-size:cover;width:50%;width:calc(50% - ( ( 4% ) * 0.5 ) );\"><div class=\"fusion-column-wrapper fusion-flex-column-wrapper-legacy\"><div class=\"fusion-image-element in-legacy-container\" style=\"--awb-caption-title-font-family:var(--h2_typography-font-family);--awb-caption-title-font-weight:var(--h2_typography-font-weight);--awb-caption-title-font-style:var(--h2_typography-font-style);--awb-caption-title-size:var(--h2_typography-font-size);--awb-caption-title-transform:var(--h2_typography-text-transform);--awb-caption-title-line-height:var(--h2_typography-line-height);--awb-caption-title-letter-spacing:var(--h2_typography-letter-spacing);\"><span class=\" fusion-imageframe imageframe-none imageframe-1 hover-type-none\"><img decoding=\"async\" width=\"300\" height=\"288\" alt=\"La Dra. Marta Vilavella asiste al Congreso Europeo de Dermatolog\u00eda en Par\u00eds\" title=\"Congreso Europeo de Dermatolog\u00eda\" src=\"https:\/\/www.idermic.es\/wp-content\/uploads\/2025\/09\/Captura-de-pantalla-2025-10-03-103006-300x288.png\" class=\"img-responsive wp-image-8374\" srcset=\"https:\/\/www.idermic.es\/wp-content\/uploads\/2025\/09\/Captura-de-pantalla-2025-10-03-103006-200x192.png 200w, https:\/\/www.idermic.es\/wp-content\/uploads\/2025\/09\/Captura-de-pantalla-2025-10-03-103006-400x384.png 400w, https:\/\/www.idermic.es\/wp-content\/uploads\/2025\/09\/Captura-de-pantalla-2025-10-03-103006.png 429w\" sizes=\"(max-width: 800px) 100vw, 300px\" \/><\/span><\/div><div class=\"fusion-clearfix\"><\/div><\/div><\/div><\/div><\/div><div class=\"fusion-fullwidth fullwidth-box fusion-builder-row-3 nonhundred-percent-fullwidth non-hundred-percent-height-scrolling\" style=\"--awb-border-radius-top-left:0px;--awb-border-radius-top-right:0px;--awb-border-radius-bottom-right:0px;--awb-border-radius-bottom-left:0px;--awb-flex-wrap:wrap;\" ><div class=\"fusion-builder-row fusion-row\"><div class=\"fusion-layout-column fusion_builder_column fusion-builder-column-3 fusion_builder_column_1_1 1_1 fusion-one-full fusion-column-first fusion-column-last\" style=\"--awb-bg-size:cover;\"><div class=\"fusion-column-wrapper fusion-flex-column-wrapper-legacy\"><div class=\"fusion-sep-clear\"><\/div><div class=\"fusion-separator fusion-full-width-sep\" style=\"margin-left: auto;margin-right: auto;width:100%;\"><div class=\"fusion-separator-border sep-double\" style=\"--awb-height:20px;--awb-amount:20px;border-color:#e0dede;border-top-width:1px;border-bottom-width:1px;\"><\/div><\/div><div class=\"fusion-sep-clear\"><\/div><div class=\"fusion-clearfix\"><\/div><\/div><\/div><\/div><\/div><div class=\"fusion-fullwidth fullwidth-box fusion-builder-row-4 nonhundred-percent-fullwidth non-hundred-percent-height-scrolling\" style=\"--awb-border-radius-top-left:0px;--awb-border-radius-top-right:0px;--awb-border-radius-bottom-right:0px;--awb-border-radius-bottom-left:0px;--awb-flex-wrap:wrap;\" ><div class=\"fusion-builder-row fusion-row\"><div class=\"fusion-layout-column fusion_builder_column fusion-builder-column-4 fusion_builder_column_1_1 1_1 fusion-one-full fusion-column-first fusion-column-last\" style=\"--awb-bg-size:cover;\"><div class=\"fusion-column-wrapper fusion-flex-column-wrapper-legacy\"><div class=\"fusion-text fusion-text-3\"><h2 data-start=\"276\" data-end=\"740\">Congreso Europeo de Dermatolog\u00eda y Venereolog\u00eda (EADV)<\/h2>\n<p data-start=\"276\" data-end=\"740\">Entre las principales innovaciones presentadas en esta edici\u00f3n, destacaron productos como el <strong data-start=\"851\" data-end=\"881\">s\u00e9rum Ever Better Clinical<\/strong>, formulado para la reducci\u00f3n y prevenci\u00f3n de manchas; la l\u00ednea <strong data-start=\"945\" data-end=\"970\">Anti-Blemish Solution<\/strong>, dise\u00f1ada para tratar de forma espec\u00edfica el acn\u00e9; as\u00ed como la gama de <strong data-start=\"1042\" data-end=\"1072\">maquillajes dermatol\u00f3gicos<\/strong> que, adem\u00e1s de embellecer, ofrecen beneficios de cuidado cut\u00e1neo.<\/p>\n<p data-start=\"742\" data-end=\"985\">En este marco, la <a href=\"https:\/\/www.idermic.es\/es\/marta-vilavella-rius\/\"><strong data-start=\"760\" data-end=\"784\">Dra. Marta Vilavella<\/strong><\/a> particip\u00f3 activamente en las jornadas, asistiendo a conferencias, talleres y sesiones formativas orientadas a la actualizaci\u00f3n cient\u00edfica y al trabajo interdisciplinar en beneficio de los pacientes.<\/p>\n<h2 data-start=\"1094\" data-end=\"1136\">La edici\u00f3n 2025 del Congreso de Dermatolog\u00eda en Par\u00eds<\/h2>\n<p data-start=\"1137\" data-end=\"1407\">El <a href=\"https:\/\/eadv.org\/congress\/\"><strong data-start=\"1140\" data-end=\"1162\">Congreso EADV 2025<\/strong><\/a> mostr\u00f3 lo \u00faltimo en <strong data-start=\"1183\" data-end=\"1274\">ciencia, investigaci\u00f3n y mejores pr\u00e1cticas en todas las \u00e1reas de la dermatovenereolog\u00eda<\/strong>, ofreciendo un extenso programa de talleres pr\u00e1cticos, sesiones espec\u00edficas de subespecialidades y presentaciones de la industria.<\/p>\n<p data-start=\"1409\" data-end=\"1721\">Adem\u00e1s de las ponencias cient\u00edficas, la edici\u00f3n incluy\u00f3 una <strong data-start=\"1469\" data-end=\"1495\">amplia zona expositiva<\/strong> en la que los asistentes pudieron descubrir de primera mano las tecnolog\u00edas m\u00e1s avanzadas, tratamientos innovadores y nuevos productos que marcar\u00e1n tendencia en la pr\u00e1ctica dermatol\u00f3gica y farmac\u00e9utica en los pr\u00f3ximos a\u00f1os.<\/p>\n<p data-start=\"1723\" data-end=\"1944\">Este enfoque integral permiti\u00f3 actualizar conocimientos, fomentar la innovaci\u00f3n y crear sinergias entre profesionales de diferentes disciplinas, fortaleciendo as\u00ed la cooperaci\u00f3n entre dermatolog\u00eda, farmacia e industria.<\/p>\n<\/div><div class=\"fusion-clearfix\"><\/div><\/div><\/div><\/div><\/div><div class=\"fusion-fullwidth fullwidth-box fusion-builder-row-5 nonhundred-percent-fullwidth non-hundred-percent-height-scrolling\" style=\"--awb-border-radius-top-left:0px;--awb-border-radius-top-right:0px;--awb-border-radius-bottom-right:0px;--awb-border-radius-bottom-left:0px;--awb-flex-wrap:wrap;\" ><div class=\"fusion-builder-row fusion-row\"><div class=\"fusion-layout-column fusion_builder_column fusion-builder-column-5 fusion_builder_column_1_1 1_1 fusion-one-full fusion-column-first fusion-column-last\" style=\"--awb-bg-size:cover;\"><div class=\"fusion-column-wrapper fusion-flex-column-wrapper-legacy\"><div class=\"fusion-sep-clear\"><\/div><div class=\"fusion-separator fusion-full-width-sep\" style=\"margin-left: auto;margin-right: auto;width:100%;\"><div class=\"fusion-separator-border sep-double\" style=\"--awb-height:20px;--awb-amount:20px;border-color:#e0dede;border-top-width:1px;border-bottom-width:1px;\"><\/div><\/div><div class=\"fusion-sep-clear\"><\/div><div class=\"fusion-clearfix\"><\/div><\/div><\/div><\/div><\/div><div class=\"fusion-fullwidth fullwidth-box fusion-builder-row-6 nonhundred-percent-fullwidth non-hundred-percent-height-scrolling\" style=\"--awb-border-radius-top-left:0px;--awb-border-radius-top-right:0px;--awb-border-radius-bottom-right:0px;--awb-border-radius-bottom-left:0px;--awb-flex-wrap:wrap;\" ><div class=\"fusion-builder-row fusion-row\"><div class=\"fusion-layout-column fusion_builder_column fusion-builder-column-6 fusion_builder_column_1_1 1_1 fusion-one-full fusion-column-first fusion-column-last\" style=\"--awb-bg-size:cover;\"><div class=\"fusion-column-wrapper fusion-flex-column-wrapper-legacy\"><div class=\"fusion-video fusion-youtube\" style=\"--awb-max-width:600px;--awb-max-height:360px;\"><div class=\"video-shortcode\"><div class=\"fluid-width-video-wrapper\" style=\"padding-top:60%;\" ><iframe title=\"YouTube video player 1\" src=\"https:\/\/www.youtube.com\/embed\/bVkGLf5Pv7k?wmode=transparent&autoplay=0\" width=\"600\" height=\"360\" allowfullscreen allow=\"autoplay; clipboard-write; encrypted-media; gyroscope; picture-in-picture;\"><\/iframe><\/div><\/div><\/div><div class=\"fusion-clearfix\"><\/div><\/div><\/div><\/div><\/div><div class=\"fusion-fullwidth fullwidth-box fusion-builder-row-7 nonhundred-percent-fullwidth non-hundred-percent-height-scrolling\" style=\"--awb-border-radius-top-left:0px;--awb-border-radius-top-right:0px;--awb-border-radius-bottom-right:0px;--awb-border-radius-bottom-left:0px;--awb-flex-wrap:wrap;\" ><div class=\"fusion-builder-row fusion-row\"><div class=\"fusion-layout-column fusion_builder_column fusion-builder-column-7 fusion_builder_column_1_1 1_1 fusion-one-full fusion-column-first fusion-column-last\" style=\"--awb-bg-size:cover;\"><div class=\"fusion-column-wrapper fusion-flex-column-wrapper-legacy\"><div class=\"fusion-sep-clear\"><\/div><div class=\"fusion-separator fusion-full-width-sep\" style=\"margin-left: auto;margin-right: auto;width:100%;\"><div class=\"fusion-separator-border sep-double\" style=\"--awb-height:20px;--awb-amount:20px;border-color:#e0dede;border-top-width:1px;border-bottom-width:1px;\"><\/div><\/div><div class=\"fusion-sep-clear\"><\/div><div class=\"fusion-clearfix\"><\/div><\/div><\/div><\/div><\/div><div class=\"fusion-fullwidth fullwidth-box fusion-builder-row-8 nonhundred-percent-fullwidth non-hundred-percent-height-scrolling\" style=\"--awb-border-radius-top-left:0px;--awb-border-radius-top-right:0px;--awb-border-radius-bottom-right:0px;--awb-border-radius-bottom-left:0px;--awb-flex-wrap:wrap;\" ><div class=\"fusion-builder-row fusion-row\"><div class=\"fusion-layout-column fusion_builder_column fusion-builder-column-8 fusion_builder_column_1_1 1_1 fusion-one-full fusion-column-first fusion-column-last\" style=\"--awb-bg-size:cover;\"><div class=\"fusion-column-wrapper fusion-flex-column-wrapper-legacy\"><div class=\"fusion-text fusion-text-4\"><h2 data-start=\"1946\" data-end=\"1993\">Colaboraci\u00f3n entre dermatolog\u00eda y farmacia<\/h2>\n<p data-start=\"1994\" data-end=\"2473\">La <strong data-start=\"1997\" data-end=\"2021\">Dra. Marta Vilavella<\/strong> particip\u00f3 activamente en este encuentro internacional, asistiendo a conferencias y sesiones formativas de alto nivel. Su presencia estuvo acompa\u00f1ada de reconocidas profesionales del \u00e1mbito farmac\u00e9utico como <strong data-start=\"2229\" data-end=\"2269\">Estefan\u00eda Blanco (@estefaniablancol)<\/strong>, <strong data-start=\"2271\" data-end=\"2311\">Farmacia N\u00famero 4 (@farmacianumero4)<\/strong> y <strong data-start=\"2314\" data-end=\"2342\">Marta Masi (@martamasi5)<\/strong>, consolidando la importancia del trabajo conjunto entre dermatolog\u00eda y farmacia para ofrecer una atenci\u00f3n m\u00e1s completa y eficaz.<\/p>\n<p data-start=\"2475\" data-end=\"2692\">Asimismo, la asistencia cont\u00f3 con el apoyo de <strong data-start=\"2521\" data-end=\"2555\">Clinique Espa\u00f1a (@clinique_es)<\/strong> y <strong data-start=\"2558\" data-end=\"2596\">Amy Amadabernat (@amy_amadabernat)<\/strong>, lo que ampli\u00f3 el espacio de aprendizaje y cooperaci\u00f3n en un entorno de innovaci\u00f3n constante.<\/p>\n<p data-start=\"2694\" data-end=\"2969\">La participaci\u00f3n de la Dra. Marta Vilavella en el Congreso Europeo de Dermatolog\u00eda refleja el compromiso de Idermic, tu <a href=\"https:\/\/www.idermic.es\/\"><strong>dermat\u00f3logo en Terrassa<\/strong><\/a>, con la formaci\u00f3n continuada y con la incorporaci\u00f3n de nuevas perspectivas que enriquecen la pr\u00e1ctica cl\u00ednica diaria, siempre con el paciente como centro de la atenci\u00f3n.<\/p>\n<\/div><div class=\"fusion-clearfix\"><\/div><\/div><\/div><\/div><\/div><div class=\"fusion-fullwidth fullwidth-box fusion-builder-row-9 nonhundred-percent-fullwidth non-hundred-percent-height-scrolling\" style=\"--awb-border-radius-top-left:0px;--awb-border-radius-top-right:0px;--awb-border-radius-bottom-right:0px;--awb-border-radius-bottom-left:0px;--awb-flex-wrap:wrap;\" ><div class=\"fusion-builder-row fusion-row\"><div class=\"fusion-layout-column fusion_builder_column fusion-builder-column-9 fusion_builder_column_1_1 1_1 fusion-one-full fusion-column-first fusion-column-last\" style=\"--awb-bg-size:cover;\"><div class=\"fusion-column-wrapper fusion-flex-column-wrapper-legacy\"><div class=\"fusion-sep-clear\"><\/div><div class=\"fusion-separator fusion-full-width-sep\" style=\"margin-left: auto;margin-right: auto;width:100%;\"><div class=\"fusion-separator-border sep-double\" style=\"--awb-height:20px;--awb-amount:20px;border-color:#e0dede;border-top-width:1px;border-bottom-width:1px;\"><\/div><\/div><div class=\"fusion-sep-clear\"><\/div><div class=\"fusion-clearfix\"><\/div><\/div><\/div><\/div><\/div><div class=\"fusion-fullwidth fullwidth-box fusion-builder-row-10 nonhundred-percent-fullwidth non-hundred-percent-height-scrolling\" style=\"--awb-border-radius-top-left:0px;--awb-border-radius-top-right:0px;--awb-border-radius-bottom-right:0px;--awb-border-radius-bottom-left:0px;--awb-flex-wrap:wrap;\" ><div class=\"fusion-builder-row fusion-row\"><div class=\"fusion-layout-column fusion_builder_column fusion-builder-column-10 fusion_builder_column_1_1 1_1 fusion-one-full fusion-column-first fusion-column-last\" style=\"--awb-bg-size:cover;\"><div class=\"fusion-column-wrapper fusion-flex-column-wrapper-legacy\"><blockquote class=\"instagram-media\" data-instgrm-captioned data-instgrm-permalink=\"https:\/\/www.instagram.com\/reel\/DO6LbUyDCvw\/?utm_source=ig_embed&utm_campaign=loading\" data-instgrm-version=\"14\" style=\" background:#FFF; border:0; border-radius:3px; box-shadow:0 0 1px 0 rgba(0,0,0,0.5),0 1px 10px 0 rgba(0,0,0,0.15); margin: 1px; max-width:540px; min-width:326px; padding:0; width:99.375%; width:-webkit-calc(100% - 2px); width:calc(100% - 2px);\"><div style=\"padding:16px;\"> <a href=\"https:\/\/www.instagram.com\/reel\/DO6LbUyDCvw\/?utm_source=ig_embed&utm_campaign=loading\" style=\" background:#FFFFFF; line-height:0; padding:0 0; text-align:center; text-decoration:none; width:100%;\" target=\"_blank\"> <div style=\" display: flex; flex-direction: row; align-items: center;\"> <div style=\"background-color: #F4F4F4; border-radius: 50%; flex-grow: 0; height: 40px; margin-right: 14px; width: 40px;\"><\/div> <div style=\"display: flex; flex-direction: column; flex-grow: 1; justify-content: center;\"> <div style=\" background-color: #F4F4F4; border-radius: 4px; flex-grow: 0; height: 14px; margin-bottom: 6px; width: 100px;\"><\/div> <div style=\" background-color: #F4F4F4; border-radius: 4px; flex-grow: 0; height: 14px; width: 60px;\"><\/div><\/div><\/div><div style=\"padding: 19% 0;\"><\/div> <div style=\"display:block; height:50px; margin:0 auto 12px; width:50px;\"><svg width=\"50px\" height=\"50px\" viewBox=\"0 0 60 60\" version=\"1.1\" xmlns=\"https:\/\/www.w3.org\/2000\/svg\" xmlns:xlink=\"https:\/\/www.w3.org\/1999\/xlink\"><g stroke=\"none\" stroke-width=\"1\" fill=\"none\" fill-rule=\"evenodd\"><g transform=\"translate(-511.000000, -20.000000)\" fill=\"#000000\"><g><path d=\"M556.869,30.41 C554.814,30.41 553.148,32.076 553.148,34.131 C553.148,36.186 554.814,37.852 556.869,37.852 C558.924,37.852 560.59,36.186 560.59,34.131 C560.59,32.076 558.924,30.41 556.869,30.41 M541,60.657 C535.114,60.657 530.342,55.887 530.342,50 C530.342,44.114 535.114,39.342 541,39.342 C546.887,39.342 551.658,44.114 551.658,50 C551.658,55.887 546.887,60.657 541,60.657 M541,33.886 C532.1,33.886 524.886,41.1 524.886,50 C524.886,58.899 532.1,66.113 541,66.113 C549.9,66.113 557.115,58.899 557.115,50 C557.115,41.1 549.9,33.886 541,33.886 M565.378,62.101 C565.244,65.022 564.756,66.606 564.346,67.663 C563.803,69.06 563.154,70.057 562.106,71.106 C561.058,72.155 560.06,72.803 558.662,73.347 C557.607,73.757 556.021,74.244 553.102,74.378 C549.944,74.521 548.997,74.552 541,74.552 C533.003,74.552 532.056,74.521 528.898,74.378 C525.979,74.244 524.393,73.757 523.338,73.347 C521.94,72.803 520.942,72.155 519.894,71.106 C518.846,70.057 518.197,69.06 517.654,67.663 C517.244,66.606 516.755,65.022 516.623,62.101 C516.479,58.943 516.448,57.996 516.448,50 C516.448,42.003 516.479,41.056 516.623,37.899 C516.755,34.978 517.244,33.391 517.654,32.338 C518.197,30.938 518.846,29.942 519.894,28.894 C520.942,27.846 521.94,27.196 523.338,26.654 C524.393,26.244 525.979,25.756 528.898,25.623 C532.057,25.479 533.004,25.448 541,25.448 C548.997,25.448 549.943,25.479 553.102,25.623 C556.021,25.756 557.607,26.244 558.662,26.654 C560.06,27.196 561.058,27.846 562.106,28.894 C563.154,29.942 563.803,30.938 564.346,32.338 C564.756,33.391 565.244,34.978 565.378,37.899 C565.522,41.056 565.552,42.003 565.552,50 C565.552,57.996 565.522,58.943 565.378,62.101 M570.82,37.631 C570.674,34.438 570.167,32.258 569.425,30.349 C568.659,28.377 567.633,26.702 565.965,25.035 C564.297,23.368 562.623,22.342 560.652,21.575 C558.743,20.834 556.562,20.326 553.369,20.18 C550.169,20.033 549.148,20 541,20 C532.853,20 531.831,20.033 528.631,20.18 C525.438,20.326 523.257,20.834 521.349,21.575 C519.376,22.342 517.703,23.368 516.035,25.035 C514.368,26.702 513.342,28.377 512.574,30.349 C511.834,32.258 511.326,34.438 511.181,37.631 C511.035,40.831 511,41.851 511,50 C511,58.147 511.035,59.17 511.181,62.369 C511.326,65.562 511.834,67.743 512.574,69.651 C513.342,71.625 514.368,73.296 516.035,74.965 C517.703,76.634 519.376,77.658 521.349,78.425 C523.257,79.167 525.438,79.673 528.631,79.82 C531.831,79.965 532.853,80.001 541,80.001 C549.148,80.001 550.169,79.965 553.369,79.82 C556.562,79.673 558.743,79.167 560.652,78.425 C562.623,77.658 564.297,76.634 565.965,74.965 C567.633,73.296 568.659,71.625 569.425,69.651 C570.167,67.743 570.674,65.562 570.82,62.369 C570.966,59.17 571,58.147 571,50 C571,41.851 570.966,40.831 570.82,37.631\"><\/path><\/g><\/g><\/g><\/svg><\/div><div style=\"padding-top: 8px;\"> <div style=\" color:#3897f0; font-family:Arial,sans-serif; font-size:14px; font-style:normal; font-weight:550; line-height:18px;\">Ver esta publicaci\u00f3n en Instagram<\/div><\/div><div style=\"padding: 12.5% 0;\"><\/div> <div style=\"display: flex; flex-direction: row; margin-bottom: 14px; align-items: center;\"><div> <div style=\"background-color: #F4F4F4; border-radius: 50%; height: 12.5px; width: 12.5px; transform: translateX(0px) translateY(7px);\"><\/div> <div style=\"background-color: #F4F4F4; height: 12.5px; transform: rotate(-45deg) translateX(3px) translateY(1px); width: 12.5px; flex-grow: 0; margin-right: 14px; margin-left: 2px;\"><\/div> <div style=\"background-color: #F4F4F4; border-radius: 50%; height: 12.5px; width: 12.5px; transform: translateX(9px) translateY(-18px);\"><\/div><\/div><div style=\"margin-left: 8px;\"> <div style=\" background-color: #F4F4F4; border-radius: 50%; flex-grow: 0; height: 20px; width: 20px;\"><\/div> <div style=\" width: 0; height: 0; border-top: 2px solid transparent; border-left: 6px solid #f4f4f4; border-bottom: 2px solid transparent; transform: translateX(16px) translateY(-4px) rotate(30deg)\"><\/div><\/div><div style=\"margin-left: auto;\"> <div style=\" width: 0px; border-top: 8px solid #F4F4F4; border-right: 8px solid transparent; transform: translateY(16px);\"><\/div> <div style=\" background-color: #F4F4F4; flex-grow: 0; height: 12px; width: 16px; transform: translateY(-4px);\"><\/div> <div style=\" width: 0; height: 0; border-top: 8px solid #F4F4F4; border-left: 8px solid transparent; transform: translateY(-4px) translateX(8px);\"><\/div><\/div><\/div> <div style=\"display: flex; flex-direction: column; flex-grow: 1; justify-content: center; margin-bottom: 24px;\"> <div style=\" background-color: #F4F4F4; border-radius: 4px; flex-grow: 0; height: 14px; margin-bottom: 6px; width: 224px;\"><\/div> <div style=\" background-color: #F4F4F4; border-radius: 4px; flex-grow: 0; height: 14px; width: 144px;\"><\/div><\/div><\/a><p style=\" color:#c9c8cd; font-family:Arial,sans-serif; font-size:14px; line-height:17px; margin-bottom:0; margin-top:8px; overflow:hidden; padding:8px 0 7px; text-align:center; text-overflow:ellipsis; white-space:nowrap;\"><a href=\"https:\/\/www.instagram.com\/reel\/DO6LbUyDCvw\/?utm_source=ig_embed&utm_campaign=loading\" style=\" color:#c9c8cd; font-family:Arial,sans-serif; font-size:14px; font-style:normal; font-weight:normal; line-height:17px; text-decoration:none;\" target=\"_blank\">Una publicaci\u00f3n compartida de Marta Vilavella|Dermat\u00f3loga Est\u00e9tica (@dra.martavilavella_derma)<\/a><\/p><\/div><\/blockquote>\n<script async src=\"\/\/www.instagram.com\/embed.js\"><\/script><div class=\"fusion-clearfix\"><\/div><\/div><\/div><\/div><\/div><\/p>\n","protected":false},"excerpt":{"rendered":"<p>La Dra. Marta Vilavella en el Congreso Europeo de Dermatolog\u00eda 2025 en Par\u00eds, conociendo las \u00faltimas innovaciones en ciencia y tratamientos.<\/p>\n","protected":false},"author":3,"featured_media":8370,"comment_status":"open","ping_status":"closed","sticky":false,"template":"","format":"standard","meta":{"_joinchat":[],"footnotes":""},"categories":[25],"tags":[263],"class_list":["post-8383","post","type-post","status-publish","format-standard","has-post-thumbnail","hentry","category-noticias","tag-eventos"],"yoast_head":"<!-- This site is optimized with the Yoast SEO plugin v28.4 - https:\/\/yoast.com\/product\/yoast-seo-wordpress\/ -->\n<title>Congreso de la Academia Europea de Dermatolog\u00eda en Par\u00eds -<\/title>\n<meta name=\"description\" content=\"La Dra. Marta Vilavella en el Congreso Europeo de Dermatolog\u00eda 2025 en Par\u00eds, conociendo las \u00faltimas innovaciones en ciencia y tratamientos.\" \/>\n<meta name=\"robots\" content=\"index, follow, max-snippet:-1, max-image-preview:large, max-video-preview:-1\" \/>\n<link rel=\"canonical\" href=\"https:\/\/www.idermic.es\/es\/congreso-de-la-academia-europea-de-dermatologia-en-paris\/\" \/>\n<meta property=\"og:locale\" content=\"es_ES\" \/>\n<meta property=\"og:type\" content=\"article\" \/>\n<meta property=\"og:title\" content=\"Congreso de la Academia Europea de Dermatolog\u00eda en Par\u00eds -\" \/>\n<meta property=\"og:description\" content=\"La Dra. Marta Vilavella en el Congreso Europeo de Dermatolog\u00eda 2025 en Par\u00eds, conociendo las \u00faltimas innovaciones en ciencia y tratamientos.\" \/>\n<meta property=\"og:url\" content=\"https:\/\/www.idermic.es\/es\/congreso-de-la-academia-europea-de-dermatologia-en-paris\/\" \/>\n<meta property=\"og:site_name\" content=\"Idermic. Dermatolog\u00eda en Terrassa\" \/>\n<meta property=\"article:publisher\" content=\"https:\/\/www.facebook.com\/Idermic\" \/>\n<meta property=\"article:published_time\" content=\"2025-09-23T09:03:32+00:00\" \/>\n<meta property=\"article:modified_time\" content=\"2026-04-30T07:17:13+00:00\" \/>\n<meta property=\"og:image\" content=\"https:\/\/www.idermic.es\/wp-content\/uploads\/2025\/09\/La-Dra.-Marta-Vilavella-asiste-al-Congreso-Europeo-de-Dermatologia-en-Paris-1.png\" \/>\n\t<meta property=\"og:image:width\" content=\"533\" \/>\n\t<meta property=\"og:image:height\" content=\"200\" \/>\n\t<meta property=\"og:image:type\" content=\"image\/png\" \/>\n<meta name=\"author\" content=\"Equipo\" \/>\n<meta name=\"twitter:card\" content=\"summary_large_image\" \/>\n<meta name=\"twitter:creator\" content=\"@idermic\" \/>\n<meta name=\"twitter:site\" content=\"@idermic\" \/>\n<meta name=\"twitter:label1\" content=\"Escrito por\" \/>\n\t<meta name=\"twitter:data1\" content=\"Equipo\" \/>\n\t<meta name=\"twitter:label2\" content=\"Tiempo de lectura\" \/>\n\t<meta name=\"twitter:data2\" content=\"3 minutos\" \/>\n<script type=\"application\/ld+json\" class=\"yoast-schema-graph\">{\"@context\":\"https:\\\/\\\/schema.org\",\"@graph\":[{\"@type\":\"Article\",\"@id\":\"https:\\\/\\\/www.idermic.es\\\/es\\\/congreso-de-la-academia-europea-de-dermatologia-en-paris\\\/#article\",\"isPartOf\":{\"@id\":\"https:\\\/\\\/www.idermic.es\\\/es\\\/congreso-de-la-academia-europea-de-dermatologia-en-paris\\\/\"},\"author\":{\"name\":\"Equipo\",\"@id\":\"https:\\\/\\\/www.idermic.es\\\/#\\\/schema\\\/person\\\/c12703027a878b23d3c71c87921a82f8\"},\"headline\":\"Congreso de la Academia Europea de Dermatolog\u00eda en Par\u00eds\",\"datePublished\":\"2025-09-23T09:03:32+00:00\",\"dateModified\":\"2026-04-30T07:17:13+00:00\",\"mainEntityOfPage\":{\"@id\":\"https:\\\/\\\/www.idermic.es\\\/es\\\/congreso-de-la-academia-europea-de-dermatologia-en-paris\\\/\"},\"wordCount\":4103,\"commentCount\":0,\"publisher\":{\"@id\":\"https:\\\/\\\/www.idermic.es\\\/#organization\"},\"image\":{\"@id\":\"https:\\\/\\\/www.idermic.es\\\/es\\\/congreso-de-la-academia-europea-de-dermatologia-en-paris\\\/#primaryimage\"},\"thumbnailUrl\":\"https:\\\/\\\/www.idermic.es\\\/wp-content\\\/uploads\\\/2025\\\/09\\\/La-Dra.-Marta-Vilavella-asiste-al-Congreso-Europeo-de-Dermatologia-en-Paris-1.png\",\"keywords\":[\"Eventos\"],\"articleSection\":[\"Noticias\"],\"inLanguage\":\"es\",\"potentialAction\":[{\"@type\":\"CommentAction\",\"name\":\"Comment\",\"target\":[\"https:\\\/\\\/www.idermic.es\\\/es\\\/congreso-de-la-academia-europea-de-dermatologia-en-paris\\\/#respond\"]}]},{\"@type\":\"WebPage\",\"@id\":\"https:\\\/\\\/www.idermic.es\\\/es\\\/congreso-de-la-academia-europea-de-dermatologia-en-paris\\\/\",\"url\":\"https:\\\/\\\/www.idermic.es\\\/es\\\/congreso-de-la-academia-europea-de-dermatologia-en-paris\\\/\",\"name\":\"Congreso de la Academia Europea de Dermatolog\u00eda en Par\u00eds -\",\"isPartOf\":{\"@id\":\"https:\\\/\\\/www.idermic.es\\\/#website\"},\"primaryImageOfPage\":{\"@id\":\"https:\\\/\\\/www.idermic.es\\\/es\\\/congreso-de-la-academia-europea-de-dermatologia-en-paris\\\/#primaryimage\"},\"image\":{\"@id\":\"https:\\\/\\\/www.idermic.es\\\/es\\\/congreso-de-la-academia-europea-de-dermatologia-en-paris\\\/#primaryimage\"},\"thumbnailUrl\":\"https:\\\/\\\/www.idermic.es\\\/wp-content\\\/uploads\\\/2025\\\/09\\\/La-Dra.-Marta-Vilavella-asiste-al-Congreso-Europeo-de-Dermatologia-en-Paris-1.png\",\"datePublished\":\"2025-09-23T09:03:32+00:00\",\"dateModified\":\"2026-04-30T07:17:13+00:00\",\"description\":\"La Dra. Marta Vilavella en el Congreso Europeo de Dermatolog\u00eda 2025 en Par\u00eds, conociendo las \u00faltimas innovaciones en ciencia y tratamientos.\",\"breadcrumb\":{\"@id\":\"https:\\\/\\\/www.idermic.es\\\/es\\\/congreso-de-la-academia-europea-de-dermatologia-en-paris\\\/#breadcrumb\"},\"inLanguage\":\"es\",\"potentialAction\":[{\"@type\":\"ReadAction\",\"target\":[\"https:\\\/\\\/www.idermic.es\\\/es\\\/congreso-de-la-academia-europea-de-dermatologia-en-paris\\\/\"]}]},{\"@type\":\"ImageObject\",\"inLanguage\":\"es\",\"@id\":\"https:\\\/\\\/www.idermic.es\\\/es\\\/congreso-de-la-academia-europea-de-dermatologia-en-paris\\\/#primaryimage\",\"url\":\"https:\\\/\\\/www.idermic.es\\\/wp-content\\\/uploads\\\/2025\\\/09\\\/La-Dra.-Marta-Vilavella-asiste-al-Congreso-Europeo-de-Dermatologia-en-Paris-1.png\",\"contentUrl\":\"https:\\\/\\\/www.idermic.es\\\/wp-content\\\/uploads\\\/2025\\\/09\\\/La-Dra.-Marta-Vilavella-asiste-al-Congreso-Europeo-de-Dermatologia-en-Paris-1.png\",\"width\":533,\"height\":200,\"caption\":\"La Dra. Marta Vilavella asiste al Congreso Europeo de Dermatolog\u00eda en Par\u00eds\"},{\"@type\":\"BreadcrumbList\",\"@id\":\"https:\\\/\\\/www.idermic.es\\\/es\\\/congreso-de-la-academia-europea-de-dermatologia-en-paris\\\/#breadcrumb\",\"itemListElement\":[{\"@type\":\"ListItem\",\"position\":1,\"name\":\"Inici\",\"item\":\"https:\\\/\\\/www.idermic.es\\\/es\\\/\"},{\"@type\":\"ListItem\",\"position\":2,\"name\":\"Congreso de la Academia Europea de Dermatolog\u00eda en Par\u00eds\"}]},{\"@type\":\"WebSite\",\"@id\":\"https:\\\/\\\/www.idermic.es\\\/#website\",\"url\":\"https:\\\/\\\/www.idermic.es\\\/\",\"name\":\"Idermic. Dermatolog\u00eda en Terrassa\",\"description\":\"Dermatolog\u00eda, Medicina est\u00e9tica, Cirurg\u00eda Pl\u00e0stica\",\"publisher\":{\"@id\":\"https:\\\/\\\/www.idermic.es\\\/#organization\"},\"potentialAction\":[{\"@type\":\"SearchAction\",\"target\":{\"@type\":\"EntryPoint\",\"urlTemplate\":\"https:\\\/\\\/www.idermic.es\\\/?s={search_term_string}\"},\"query-input\":{\"@type\":\"PropertyValueSpecification\",\"valueRequired\":true,\"valueName\":\"search_term_string\"}}],\"inLanguage\":\"es\"},{\"@type\":\"Organization\",\"@id\":\"https:\\\/\\\/www.idermic.es\\\/#organization\",\"name\":\"Idermic. Dermatolog\u00eda en Terrassa\",\"url\":\"https:\\\/\\\/www.idermic.es\\\/\",\"logo\":{\"@type\":\"ImageObject\",\"inLanguage\":\"es\",\"@id\":\"https:\\\/\\\/www.idermic.es\\\/#\\\/schema\\\/logo\\\/image\\\/\",\"url\":\"https:\\\/\\\/www.idermic.es\\\/wp-content\\\/uploads\\\/2025\\\/10\\\/Logo-Idermic.jpg\",\"contentUrl\":\"https:\\\/\\\/www.idermic.es\\\/wp-content\\\/uploads\\\/2025\\\/10\\\/Logo-Idermic.jpg\",\"width\":501,\"height\":502,\"caption\":\"Idermic. Dermatolog\u00eda en Terrassa\"},\"image\":{\"@id\":\"https:\\\/\\\/www.idermic.es\\\/#\\\/schema\\\/logo\\\/image\\\/\"},\"sameAs\":[\"https:\\\/\\\/www.facebook.com\\\/Idermic\",\"https:\\\/\\\/x.com\\\/idermic\",\"https:\\\/\\\/www.instagram.com\\\/idermicclinic\\\/\",\"https:\\\/\\\/www.youtube.com\\\/channel\\\/UCyAHC9-p8lc6hr_nguO8p_g\"]},{\"@type\":\"Person\",\"@id\":\"https:\\\/\\\/www.idermic.es\\\/#\\\/schema\\\/person\\\/c12703027a878b23d3c71c87921a82f8\",\"name\":\"Equipo\",\"image\":{\"@type\":\"ImageObject\",\"inLanguage\":\"es\",\"@id\":\"https:\\\/\\\/secure.gravatar.com\\\/avatar\\\/7ca0be23248108c6b0887e0693b7dcf7764bd3503f84d1f04e6653ef7c3b9420?s=96&d=mm&r=g\",\"url\":\"https:\\\/\\\/secure.gravatar.com\\\/avatar\\\/7ca0be23248108c6b0887e0693b7dcf7764bd3503f84d1f04e6653ef7c3b9420?s=96&d=mm&r=g\",\"contentUrl\":\"https:\\\/\\\/secure.gravatar.com\\\/avatar\\\/7ca0be23248108c6b0887e0693b7dcf7764bd3503f84d1f04e6653ef7c3b9420?s=96&d=mm&r=g\",\"caption\":\"Equipo\"},\"description\":\"Equipo de Idermic\"}]}<\/script>\n<!-- \/ Yoast SEO plugin. -->","yoast_head_json":{"title":"Congreso de la Academia Europea de Dermatolog\u00eda en Par\u00eds -","description":"La Dra. Marta Vilavella en el Congreso Europeo de Dermatolog\u00eda 2025 en Par\u00eds, conociendo las \u00faltimas innovaciones en ciencia y tratamientos.","robots":{"index":"index","follow":"follow","max-snippet":"max-snippet:-1","max-image-preview":"max-image-preview:large","max-video-preview":"max-video-preview:-1"},"canonical":"https:\/\/www.idermic.es\/es\/congreso-de-la-academia-europea-de-dermatologia-en-paris\/","og_locale":"es_ES","og_type":"article","og_title":"Congreso de la Academia Europea de Dermatolog\u00eda en Par\u00eds -","og_description":"La Dra. Marta Vilavella en el Congreso Europeo de Dermatolog\u00eda 2025 en Par\u00eds, conociendo las \u00faltimas innovaciones en ciencia y tratamientos.","og_url":"https:\/\/www.idermic.es\/es\/congreso-de-la-academia-europea-de-dermatologia-en-paris\/","og_site_name":"Idermic. Dermatolog\u00eda en Terrassa","article_publisher":"https:\/\/www.facebook.com\/Idermic","article_published_time":"2025-09-23T09:03:32+00:00","article_modified_time":"2026-04-30T07:17:13+00:00","og_image":[{"width":533,"height":200,"url":"https:\/\/www.idermic.es\/wp-content\/uploads\/2025\/09\/La-Dra.-Marta-Vilavella-asiste-al-Congreso-Europeo-de-Dermatologia-en-Paris-1.png","type":"image\/png"}],"author":"Equipo","twitter_card":"summary_large_image","twitter_creator":"@idermic","twitter_site":"@idermic","twitter_misc":{"Escrito por":"Equipo","Tiempo de lectura":"3 minutos"},"schema":{"@context":"https:\/\/schema.org","@graph":[{"@type":"Article","@id":"https:\/\/www.idermic.es\/es\/congreso-de-la-academia-europea-de-dermatologia-en-paris\/#article","isPartOf":{"@id":"https:\/\/www.idermic.es\/es\/congreso-de-la-academia-europea-de-dermatologia-en-paris\/"},"author":{"name":"Equipo","@id":"https:\/\/www.idermic.es\/#\/schema\/person\/c12703027a878b23d3c71c87921a82f8"},"headline":"Congreso de la Academia Europea de Dermatolog\u00eda en Par\u00eds","datePublished":"2025-09-23T09:03:32+00:00","dateModified":"2026-04-30T07:17:13+00:00","mainEntityOfPage":{"@id":"https:\/\/www.idermic.es\/es\/congreso-de-la-academia-europea-de-dermatologia-en-paris\/"},"wordCount":4103,"commentCount":0,"publisher":{"@id":"https:\/\/www.idermic.es\/#organization"},"image":{"@id":"https:\/\/www.idermic.es\/es\/congreso-de-la-academia-europea-de-dermatologia-en-paris\/#primaryimage"},"thumbnailUrl":"https:\/\/www.idermic.es\/wp-content\/uploads\/2025\/09\/La-Dra.-Marta-Vilavella-asiste-al-Congreso-Europeo-de-Dermatologia-en-Paris-1.png","keywords":["Eventos"],"articleSection":["Noticias"],"inLanguage":"es","potentialAction":[{"@type":"CommentAction","name":"Comment","target":["https:\/\/www.idermic.es\/es\/congreso-de-la-academia-europea-de-dermatologia-en-paris\/#respond"]}]},{"@type":"WebPage","@id":"https:\/\/www.idermic.es\/es\/congreso-de-la-academia-europea-de-dermatologia-en-paris\/","url":"https:\/\/www.idermic.es\/es\/congreso-de-la-academia-europea-de-dermatologia-en-paris\/","name":"Congreso de la Academia Europea de Dermatolog\u00eda en Par\u00eds -","isPartOf":{"@id":"https:\/\/www.idermic.es\/#website"},"primaryImageOfPage":{"@id":"https:\/\/www.idermic.es\/es\/congreso-de-la-academia-europea-de-dermatologia-en-paris\/#primaryimage"},"image":{"@id":"https:\/\/www.idermic.es\/es\/congreso-de-la-academia-europea-de-dermatologia-en-paris\/#primaryimage"},"thumbnailUrl":"https:\/\/www.idermic.es\/wp-content\/uploads\/2025\/09\/La-Dra.-Marta-Vilavella-asiste-al-Congreso-Europeo-de-Dermatologia-en-Paris-1.png","datePublished":"2025-09-23T09:03:32+00:00","dateModified":"2026-04-30T07:17:13+00:00","description":"La Dra. Marta Vilavella en el Congreso Europeo de Dermatolog\u00eda 2025 en Par\u00eds, conociendo las \u00faltimas innovaciones en ciencia y tratamientos.","breadcrumb":{"@id":"https:\/\/www.idermic.es\/es\/congreso-de-la-academia-europea-de-dermatologia-en-paris\/#breadcrumb"},"inLanguage":"es","potentialAction":[{"@type":"ReadAction","target":["https:\/\/www.idermic.es\/es\/congreso-de-la-academia-europea-de-dermatologia-en-paris\/"]}]},{"@type":"ImageObject","inLanguage":"es","@id":"https:\/\/www.idermic.es\/es\/congreso-de-la-academia-europea-de-dermatologia-en-paris\/#primaryimage","url":"https:\/\/www.idermic.es\/wp-content\/uploads\/2025\/09\/La-Dra.-Marta-Vilavella-asiste-al-Congreso-Europeo-de-Dermatologia-en-Paris-1.png","contentUrl":"https:\/\/www.idermic.es\/wp-content\/uploads\/2025\/09\/La-Dra.-Marta-Vilavella-asiste-al-Congreso-Europeo-de-Dermatologia-en-Paris-1.png","width":533,"height":200,"caption":"La Dra. Marta Vilavella asiste al Congreso Europeo de Dermatolog\u00eda en Par\u00eds"},{"@type":"BreadcrumbList","@id":"https:\/\/www.idermic.es\/es\/congreso-de-la-academia-europea-de-dermatologia-en-paris\/#breadcrumb","itemListElement":[{"@type":"ListItem","position":1,"name":"Inici","item":"https:\/\/www.idermic.es\/es\/"},{"@type":"ListItem","position":2,"name":"Congreso de la Academia Europea de Dermatolog\u00eda en Par\u00eds"}]},{"@type":"WebSite","@id":"https:\/\/www.idermic.es\/#website","url":"https:\/\/www.idermic.es\/","name":"Idermic. Dermatolog\u00eda en Terrassa","description":"Dermatolog\u00eda, Medicina est\u00e9tica, Cirurg\u00eda Pl\u00e0stica","publisher":{"@id":"https:\/\/www.idermic.es\/#organization"},"potentialAction":[{"@type":"SearchAction","target":{"@type":"EntryPoint","urlTemplate":"https:\/\/www.idermic.es\/?s={search_term_string}"},"query-input":{"@type":"PropertyValueSpecification","valueRequired":true,"valueName":"search_term_string"}}],"inLanguage":"es"},{"@type":"Organization","@id":"https:\/\/www.idermic.es\/#organization","name":"Idermic. Dermatolog\u00eda en Terrassa","url":"https:\/\/www.idermic.es\/","logo":{"@type":"ImageObject","inLanguage":"es","@id":"https:\/\/www.idermic.es\/#\/schema\/logo\/image\/","url":"https:\/\/www.idermic.es\/wp-content\/uploads\/2025\/10\/Logo-Idermic.jpg","contentUrl":"https:\/\/www.idermic.es\/wp-content\/uploads\/2025\/10\/Logo-Idermic.jpg","width":501,"height":502,"caption":"Idermic. Dermatolog\u00eda en Terrassa"},"image":{"@id":"https:\/\/www.idermic.es\/#\/schema\/logo\/image\/"},"sameAs":["https:\/\/www.facebook.com\/Idermic","https:\/\/x.com\/idermic","https:\/\/www.instagram.com\/idermicclinic\/","https:\/\/www.youtube.com\/channel\/UCyAHC9-p8lc6hr_nguO8p_g"]},{"@type":"Person","@id":"https:\/\/www.idermic.es\/#\/schema\/person\/c12703027a878b23d3c71c87921a82f8","name":"Equipo","image":{"@type":"ImageObject","inLanguage":"es","@id":"https:\/\/secure.gravatar.com\/avatar\/7ca0be23248108c6b0887e0693b7dcf7764bd3503f84d1f04e6653ef7c3b9420?s=96&d=mm&r=g","url":"https:\/\/secure.gravatar.com\/avatar\/7ca0be23248108c6b0887e0693b7dcf7764bd3503f84d1f04e6653ef7c3b9420?s=96&d=mm&r=g","contentUrl":"https:\/\/secure.gravatar.com\/avatar\/7ca0be23248108c6b0887e0693b7dcf7764bd3503f84d1f04e6653ef7c3b9420?s=96&d=mm&r=g","caption":"Equipo"},"description":"Equipo de Idermic"}]}},"_links":{"self":[{"href":"https:\/\/www.idermic.es\/es\/wp-json\/wp\/v2\/posts\/8383","targetHints":{"allow":["GET"]}}],"collection":[{"href":"https:\/\/www.idermic.es\/es\/wp-json\/wp\/v2\/posts"}],"about":[{"href":"https:\/\/www.idermic.es\/es\/wp-json\/wp\/v2\/types\/post"}],"author":[{"embeddable":true,"href":"https:\/\/www.idermic.es\/es\/wp-json\/wp\/v2\/users\/3"}],"replies":[{"embeddable":true,"href":"https:\/\/www.idermic.es\/es\/wp-json\/wp\/v2\/comments?post=8383"}],"version-history":[{"count":11,"href":"https:\/\/www.idermic.es\/es\/wp-json\/wp\/v2\/posts\/8383\/revisions"}],"predecessor-version":[{"id":9712,"href":"https:\/\/www.idermic.es\/es\/wp-json\/wp\/v2\/posts\/8383\/revisions\/9712"}],"wp:featuredmedia":[{"embeddable":true,"href":"https:\/\/www.idermic.es\/es\/wp-json\/wp\/v2\/media\/8370"}],"wp:attachment":[{"href":"https:\/\/www.idermic.es\/es\/wp-json\/wp\/v2\/media?parent=8383"}],"wp:term":[{"taxonomy":"category","embeddable":true,"href":"https:\/\/www.idermic.es\/es\/wp-json\/wp\/v2\/categories?post=8383"},{"taxonomy":"post_tag","embeddable":true,"href":"https:\/\/www.idermic.es\/es\/wp-json\/wp\/v2\/tags?post=8383"}],"curies":[{"name":"wp","href":"https:\/\/api.w.org\/{rel}","templated":true}]}}