{"id":8260,"date":"2025-09-10T09:04:21","date_gmt":"2025-09-10T09:04:21","guid":{"rendered":"https:\/\/www.idermic.es\/?p=8260"},"modified":"2026-05-26T09:44:55","modified_gmt":"2026-05-26T09:44:55","slug":"arrugas-en-la-frente-y-entrecejo-tratamientos-para-suavizar-su-apariencia","status":"publish","type":"post","link":"https:\/\/www.idermic.es\/es\/arrugas-en-la-frente-y-entrecejo-tratamientos-para-suavizar-su-apariencia\/","title":{"rendered":"Arrugas en la frente y entrecejo: Tratamientos para suavizar su apariencia"},"content":{"rendered":"<p><div class=\"fusion-fullwidth fullwidth-box fusion-builder-row-1 nonhundred-percent-fullwidth non-hundred-percent-height-scrolling\" style=\"--awb-border-radius-top-left:0px;--awb-border-radius-top-right:0px;--awb-border-radius-bottom-right:0px;--awb-border-radius-bottom-left:0px;--awb-flex-wrap:wrap;\" ><div class=\"fusion-builder-row fusion-row\"><div class=\"fusion-layout-column fusion_builder_column fusion-builder-column-0 fusion_builder_column_1_1 1_1 fusion-one-full fusion-column-first fusion-column-last\" style=\"--awb-bg-size:cover;\"><div class=\"fusion-column-wrapper fusion-flex-column-wrapper-legacy\"><div class=\"fusion-text fusion-text-1\"><h1 style=\"text-align: center;\">Arrugas en la frente y entrecejo: Tratamientos para suavizar su apariencia<\/h1>\n<\/div><div class=\"fusion-clearfix\"><\/div><\/div><\/div><\/div><\/div><div class=\"fusion-fullwidth fullwidth-box fusion-builder-row-2 nonhundred-percent-fullwidth non-hundred-percent-height-scrolling\" style=\"--awb-border-radius-top-left:0px;--awb-border-radius-top-right:0px;--awb-border-radius-bottom-right:0px;--awb-border-radius-bottom-left:0px;--awb-flex-wrap:wrap;\" ><div class=\"fusion-builder-row fusion-row\"><div class=\"fusion-layout-column fusion_builder_column fusion-builder-column-1 fusion_builder_column_1_2 1_2 fusion-one-half fusion-column-first\" style=\"--awb-bg-size:cover;width:50%;width:calc(50% - ( ( 4% ) * 0.5 ) );margin-right: 4%;\"><div class=\"fusion-column-wrapper fusion-flex-column-wrapper-legacy\"><div class=\"fusion-text fusion-text-2\"><p data-start=\"162\" data-end=\"616\">Cada vez m\u00e1s hombres y mujeres se interesan por mejorar la calidad de su piel y preservar una imagen rejuvenecida y saludable. Dentro de las preocupaciones est\u00e9ticas m\u00e1s frecuentes destacan las arrugas del tercio superior del rostro: las l\u00edneas de expresi\u00f3n en la frente, el entrecejo y las conocidas patas de gallo. Estas zonas son de las primeras en reflejar el paso del tiempo, el estr\u00e9s, los gestos repetitivos y la p\u00e9rdida de elasticidad de la piel.<\/p>\n<p data-start=\"618\" data-end=\"813\">Hoy en d\u00eda, existen m\u00faltiples tratamientos m\u00e9dico-est\u00e9ticos que permiten suavizar visiblemente estas arrugas sin necesidad de recurrir a la cirug\u00eda, con resultados naturales, seguros y duraderos.<\/p>\n<\/div><div class=\"fusion-clearfix\"><\/div><\/div><\/div><div class=\"fusion-layout-column fusion_builder_column fusion-builder-column-2 fusion_builder_column_1_2 1_2 fusion-one-half fusion-column-last\" style=\"--awb-bg-size:cover;width:50%;width:calc(50% - ( ( 4% ) * 0.5 ) );\"><div class=\"fusion-column-wrapper fusion-flex-column-wrapper-legacy\"><div class=\"fusion-image-element in-legacy-container\" style=\"--awb-caption-title-font-family:var(--h2_typography-font-family);--awb-caption-title-font-weight:var(--h2_typography-font-weight);--awb-caption-title-font-style:var(--h2_typography-font-style);--awb-caption-title-size:var(--h2_typography-font-size);--awb-caption-title-transform:var(--h2_typography-text-transform);--awb-caption-title-line-height:var(--h2_typography-line-height);--awb-caption-title-letter-spacing:var(--h2_typography-letter-spacing);\"><span class=\" fusion-imageframe imageframe-none imageframe-1 hover-type-none\"><img decoding=\"async\" width=\"203\" height=\"300\" title=\"Arrugas en la frente y entrecejo\" src=\"https:\/\/www.idermic.es\/wp-content\/uploads\/2025\/09\/Despues-4-203x300.jpg\" alt class=\"img-responsive wp-image-8265\" srcset=\"https:\/\/www.idermic.es\/wp-content\/uploads\/2025\/09\/Despues-4-200x295.jpg 200w, https:\/\/www.idermic.es\/wp-content\/uploads\/2025\/09\/Despues-4-400x591.jpg 400w, https:\/\/www.idermic.es\/wp-content\/uploads\/2025\/09\/Despues-4.jpg 465w\" sizes=\"(max-width: 800px) 100vw, 203px\" \/><\/span><\/div><div class=\"fusion-clearfix\"><\/div><\/div><\/div><\/div><\/div><div class=\"fusion-fullwidth fullwidth-box fusion-builder-row-3 nonhundred-percent-fullwidth non-hundred-percent-height-scrolling\" style=\"--awb-border-radius-top-left:0px;--awb-border-radius-top-right:0px;--awb-border-radius-bottom-right:0px;--awb-border-radius-bottom-left:0px;--awb-flex-wrap:wrap;\" ><div class=\"fusion-builder-row fusion-row\"><div class=\"fusion-layout-column fusion_builder_column fusion-builder-column-3 fusion_builder_column_1_1 1_1 fusion-one-full fusion-column-first fusion-column-last\" style=\"--awb-bg-size:cover;\"><div class=\"fusion-column-wrapper fusion-flex-column-wrapper-legacy\"><div class=\"fusion-sep-clear\"><\/div><div class=\"fusion-separator fusion-full-width-sep\" style=\"margin-left: auto;margin-right: auto;width:100%;\"><div class=\"fusion-separator-border sep-double\" style=\"--awb-height:20px;--awb-amount:20px;border-color:#e0dede;border-top-width:1px;border-bottom-width:1px;\"><\/div><\/div><div class=\"fusion-sep-clear\"><\/div><div class=\"fusion-clearfix\"><\/div><\/div><\/div><\/div><\/div><div class=\"fusion-fullwidth fullwidth-box fusion-builder-row-4 nonhundred-percent-fullwidth non-hundred-percent-height-scrolling\" style=\"--awb-border-radius-top-left:0px;--awb-border-radius-top-right:0px;--awb-border-radius-bottom-right:0px;--awb-border-radius-bottom-left:0px;--awb-flex-wrap:wrap;\" ><div class=\"fusion-builder-row fusion-row\"><div class=\"fusion-layout-column fusion_builder_column fusion-builder-column-4 fusion_builder_column_1_1 1_1 fusion-one-full fusion-column-first fusion-column-last\" style=\"--awb-bg-size:cover;\"><div class=\"fusion-column-wrapper fusion-flex-column-wrapper-legacy\"><div class=\"fusion-text fusion-text-3\"><h2 data-start=\"820\" data-end=\"875\">\u00bfQu\u00e9 son las arrugas del tercio superior del rostro?<\/h2>\n<p data-start=\"440\" data-end=\"547\">Adem\u00e1s de la explicaci\u00f3n b\u00e1sica de estas arrugas, es \u00fatil entender que se dividen en dos tipos principales:<\/p>\n<ul style=\"list-style-type: square;\" data-start=\"549\" data-end=\"913\">\n<li data-start=\"549\" data-end=\"732\">\n<p data-start=\"551\" data-end=\"732\"><strong data-start=\"551\" data-end=\"572\">Arrugas din\u00e1micas<\/strong>: aparecen al mover los m\u00fasculos faciales, como al fruncir el ce\u00f1o o levantar las cejas. Son comunes en personas j\u00f3venes, y pueden tratarse de forma preventiva.<\/p>\n<\/li>\n<li data-start=\"733\" data-end=\"913\">\n<p data-start=\"735\" data-end=\"913\"><strong data-start=\"735\" data-end=\"756\">Arrugas est\u00e1ticas<\/strong>: se observan incluso con el rostro en reposo. Surgen con la edad y son resultado de la p\u00e9rdida de elasticidad, deshidrataci\u00f3n, y la disminuci\u00f3n de col\u00e1geno.<\/p>\n<\/li>\n<\/ul>\n<p data-start=\"915\" data-end=\"1195\">Estas arrugas no solo afectan la est\u00e9tica facial, sino que tambi\u00e9n modifican la expresi\u00f3n del rostro. Por ejemplo, las arrugas del entrecejo pueden dar una apariencia constante de enfado, mientras que las patas de gallo pueden reflejar cansancio, aunque la persona se sienta bien.<\/p>\n<p data-start=\"1197\" data-end=\"1342\">Adem\u00e1s, la zona del entrecejo es particularmente delicada por la cercan\u00eda con los ojos, por lo que su tratamiento requiere precisi\u00f3n profesional.<\/p>\n<h2 data-start=\"1349\" data-end=\"1384\">\u00bfPor qu\u00e9 aparecen estas arrugas?<\/h2>\n<p data-start=\"1449\" data-end=\"1484\">Aqu\u00ed es importante destacar que <strong data-start=\"1418\" data-end=\"1433\">la gen\u00e9tica<\/strong> tambi\u00e9n juega un papel importante. Algunas personas desarrollan arrugas tempranas por una predisposici\u00f3n hereditaria, independientemente de sus h\u00e1bitos de vida. Otros factores clave que favorecen la aparici\u00f3n de arrugas son:<\/p>\n<ul style=\"list-style-type: square;\" data-start=\"1661\" data-end=\"2176\">\n<li data-start=\"1661\" data-end=\"1782\"><strong data-start=\"1663\" data-end=\"1700\">Deshidrataci\u00f3n cr\u00f3nica de la piel<\/strong>: muchas veces por no beber suficiente agua o usar productos cosm\u00e9ticos agresivos.<\/li>\n<li data-start=\"1783\" data-end=\"1906\"><strong data-start=\"1785\" data-end=\"1807\">Poluci\u00f3n ambiental<\/strong>: las part\u00edculas contaminantes alteran la funci\u00f3n barrera de la piel, acelerando su envejecimiento.<\/li>\n<li data-start=\"1907\" data-end=\"2019\"><strong data-start=\"1909\" data-end=\"1940\">P\u00e9rdida de grasa subcut\u00e1nea<\/strong>: reduce el soporte estructural de la piel, facilitando la formaci\u00f3n de surcos.<\/li>\n<li data-start=\"2020\" data-end=\"2176\"><strong data-start=\"2022\" data-end=\"2052\">Tensi\u00f3n muscular mantenida<\/strong>: personas que fruncen el ce\u00f1o habitualmente (por costumbre o estr\u00e9s) tienden a desarrollar arrugas glabelares m\u00e1s marcadas.<\/li>\n<\/ul>\n<p data-start=\"1449\" data-end=\"1484\">Esto explica por qu\u00e9 el envejecimiento facial no sigue el mismo patr\u00f3n en todas las personas, y por qu\u00e9 algunas arrugas requieren enfoques m\u00e1s personalizados.<\/p>\n<h2 data-start=\"2343\" data-end=\"2397\">Neuromoduladores: la t\u00e9cnica m\u00e1s demandada y eficaz<\/h2>\n<p data-start=\"2399\" data-end=\"2669\">En este apartado se puede profundizar en c\u00f3mo act\u00faan los neuromoduladores a nivel fisiol\u00f3gico. Estas sustancias, derivadas de la toxina botul\u00ednica tipo A, <strong data-start=\"2554\" data-end=\"2609\">inhiben temporalmente la liberaci\u00f3n de acetilcolina<\/strong>, el neurotransmisor responsable de la contracci\u00f3n muscular.<\/p>\n<p data-start=\"2671\" data-end=\"2821\">Esto provoca una <strong data-start=\"2688\" data-end=\"2732\">relajaci\u00f3n selectiva del m\u00fasculo tratado<\/strong>, lo que impide la formaci\u00f3n de nuevas arrugas y alisa progresivamente las ya existentes.<\/p>\n<p data-start=\"2823\" data-end=\"2842\">M\u00e1s detalles clave:<\/p>\n<ul style=\"list-style-type: square;\" data-start=\"2844\" data-end=\"3349\">\n<li data-start=\"2844\" data-end=\"3002\">\n<p data-start=\"2846\" data-end=\"3002\"><strong data-start=\"2846\" data-end=\"2867\">Zonas espec\u00edficas<\/strong> donde se aplica: m\u00fasculos frontales (arrugas horizontales), corrugador y procerus (entrecejo), orbicular de los ojos (patas de gallo).<\/p>\n<\/li>\n<li data-start=\"3003\" data-end=\"3153\">\n<p data-start=\"3005\" data-end=\"3153\"><strong data-start=\"3005\" data-end=\"3027\">Cantidad y t\u00e9cnica<\/strong>: se adapta a cada paciente. Los hombres suelen requerir dosis ligeramente superiores debido a una mayor masa muscular facial.<\/p>\n<\/li>\n<li data-start=\"3154\" data-end=\"3349\">\n<p data-start=\"3156\" data-end=\"3349\"><strong data-start=\"3156\" data-end=\"3169\">Seguridad<\/strong>: cuando es aplicado por un profesional capacitado, tiene un perfil de seguridad excelente. Los efectos secundarios (como peque\u00f1os hematomas o cefalea leve) son raros y temporales.<\/p>\n<\/li>\n<\/ul>\n<p data-start=\"3351\" data-end=\"3551\">Adem\u00e1s, se puede combinar con otras terapias (como hilos tensores o rellenos) en protocolos conocidos como \u00ab<strong data-start=\"3459\" data-end=\"3503\">tratamiento integral del tercio superior<\/strong>\u00ab, para un rejuvenecimiento completo y arm\u00f3nico.<\/p>\n<\/div><div class=\"fusion-clearfix\"><\/div><\/div><\/div><\/div><\/div><div class=\"fusion-fullwidth fullwidth-box fusion-builder-row-5 nonhundred-percent-fullwidth non-hundred-percent-height-scrolling\" style=\"--awb-border-radius-top-left:0px;--awb-border-radius-top-right:0px;--awb-border-radius-bottom-right:0px;--awb-border-radius-bottom-left:0px;--awb-flex-wrap:wrap;\" ><div class=\"fusion-builder-row fusion-row\"><div class=\"fusion-layout-column fusion_builder_column fusion-builder-column-5 fusion_builder_column_1_1 1_1 fusion-one-full fusion-column-first fusion-column-last\" style=\"--awb-bg-size:cover;\"><div class=\"fusion-column-wrapper fusion-flex-column-wrapper-legacy\"><div class=\"fusion-sep-clear\"><\/div><div class=\"fusion-separator fusion-full-width-sep\" style=\"margin-left: auto;margin-right: auto;width:100%;\"><div class=\"fusion-separator-border sep-double\" style=\"--awb-height:20px;--awb-amount:20px;border-color:#e0dede;border-top-width:1px;border-bottom-width:1px;\"><\/div><\/div><div class=\"fusion-sep-clear\"><\/div><div class=\"fusion-clearfix\"><\/div><\/div><\/div><\/div><\/div><div class=\"fusion-fullwidth fullwidth-box fusion-builder-row-6 nonhundred-percent-fullwidth non-hundred-percent-height-scrolling\" style=\"--awb-border-radius-top-left:0px;--awb-border-radius-top-right:0px;--awb-border-radius-bottom-right:0px;--awb-border-radius-bottom-left:0px;--awb-flex-wrap:wrap;\" ><div class=\"fusion-builder-row fusion-row\"><div class=\"fusion-layout-column fusion_builder_column fusion-builder-column-6 fusion_builder_column_1_1 1_1 fusion-one-full fusion-column-first fusion-column-last\" style=\"--awb-bg-size:cover;\"><div class=\"fusion-column-wrapper fusion-flex-column-wrapper-legacy\"><div class=\"fusion-text fusion-text-4\"><h2>Antes del tratamiento con neuromoduladores<\/h2>\n<\/div><div class=\"fusion-clearfix\"><\/div><\/div><\/div><\/div><\/div><div class=\"fusion-fullwidth fullwidth-box fusion-builder-row-7 nonhundred-percent-fullwidth non-hundred-percent-height-scrolling\" style=\"--awb-border-radius-top-left:0px;--awb-border-radius-top-right:0px;--awb-border-radius-bottom-right:0px;--awb-border-radius-bottom-left:0px;--awb-flex-wrap:wrap;\" ><div class=\"fusion-builder-row fusion-row\"><div class=\"fusion-layout-column fusion_builder_column fusion-builder-column-7 fusion_builder_column_1_3 1_3 fusion-one-third fusion-column-first\" style=\"--awb-bg-size:cover;width:33.333333333333%;width:calc(33.333333333333% - ( ( 4% + 4% ) * 0.33333333333333 ) );margin-right: 4%;\"><div class=\"fusion-column-wrapper fusion-flex-column-wrapper-legacy\"><div class=\"fusion-image-element in-legacy-container\" style=\"--awb-caption-title-font-family:var(--h2_typography-font-family);--awb-caption-title-font-weight:var(--h2_typography-font-weight);--awb-caption-title-font-style:var(--h2_typography-font-style);--awb-caption-title-size:var(--h2_typography-font-size);--awb-caption-title-transform:var(--h2_typography-text-transform);--awb-caption-title-line-height:var(--h2_typography-line-height);--awb-caption-title-letter-spacing:var(--h2_typography-letter-spacing);\"><span class=\" fusion-imageframe imageframe-none imageframe-2 hover-type-none\"><img decoding=\"async\" width=\"181\" height=\"300\" title=\"Antes-1\" src=\"https:\/\/www.idermic.es\/wp-content\/uploads\/2025\/09\/Antes-1-181x300.jpg\" alt class=\"img-responsive wp-image-8279\" srcset=\"https:\/\/www.idermic.es\/wp-content\/uploads\/2025\/09\/Antes-1-200x331.jpg 200w, https:\/\/www.idermic.es\/wp-content\/uploads\/2025\/09\/Antes-1-400x663.jpg 400w, https:\/\/www.idermic.es\/wp-content\/uploads\/2025\/09\/Antes-1.jpg 472w\" sizes=\"(max-width: 800px) 100vw, 181px\" \/><\/span><\/div><div class=\"fusion-clearfix\"><\/div><\/div><\/div><div class=\"fusion-layout-column fusion_builder_column fusion-builder-column-8 fusion_builder_column_1_3 1_3 fusion-one-third\" style=\"--awb-bg-size:cover;width:33.333333333333%;width:calc(33.333333333333% - ( ( 4% + 4% ) * 0.33333333333333 ) );margin-right: 4%;\"><div class=\"fusion-column-wrapper fusion-flex-column-wrapper-legacy\"><div class=\"fusion-image-element in-legacy-container\" style=\"--awb-caption-title-font-family:var(--h2_typography-font-family);--awb-caption-title-font-weight:var(--h2_typography-font-weight);--awb-caption-title-font-style:var(--h2_typography-font-style);--awb-caption-title-size:var(--h2_typography-font-size);--awb-caption-title-transform:var(--h2_typography-text-transform);--awb-caption-title-line-height:var(--h2_typography-line-height);--awb-caption-title-letter-spacing:var(--h2_typography-letter-spacing);\"><span class=\" fusion-imageframe imageframe-none imageframe-3 hover-type-none\"><img decoding=\"async\" width=\"182\" height=\"300\" title=\"Antes-2\" src=\"https:\/\/www.idermic.es\/wp-content\/uploads\/2025\/09\/Antes-2-182x300.jpg\" alt class=\"img-responsive wp-image-8277\" srcset=\"https:\/\/www.idermic.es\/wp-content\/uploads\/2025\/09\/Antes-2-200x331.jpg 200w, https:\/\/www.idermic.es\/wp-content\/uploads\/2025\/09\/Antes-2-400x661.jpg 400w, https:\/\/www.idermic.es\/wp-content\/uploads\/2025\/09\/Antes-2.jpg 475w\" sizes=\"(max-width: 800px) 100vw, 182px\" \/><\/span><\/div><div class=\"fusion-clearfix\"><\/div><\/div><\/div><div class=\"fusion-layout-column fusion_builder_column fusion-builder-column-9 fusion_builder_column_1_3 1_3 fusion-one-third fusion-column-last\" style=\"--awb-bg-size:cover;width:33.333333333333%;width:calc(33.333333333333% - ( ( 4% + 4% ) * 0.33333333333333 ) );\"><div class=\"fusion-column-wrapper fusion-flex-column-wrapper-legacy\"><div class=\"fusion-image-element in-legacy-container\" style=\"--awb-caption-title-font-family:var(--h2_typography-font-family);--awb-caption-title-font-weight:var(--h2_typography-font-weight);--awb-caption-title-font-style:var(--h2_typography-font-style);--awb-caption-title-size:var(--h2_typography-font-size);--awb-caption-title-transform:var(--h2_typography-text-transform);--awb-caption-title-line-height:var(--h2_typography-line-height);--awb-caption-title-letter-spacing:var(--h2_typography-letter-spacing);\"><span class=\" fusion-imageframe imageframe-none imageframe-4 hover-type-none\"><img decoding=\"async\" width=\"178\" height=\"300\" title=\"Antes-3\" src=\"https:\/\/www.idermic.es\/wp-content\/uploads\/2025\/09\/Antes-3-178x300.jpg\" alt class=\"img-responsive wp-image-8275\" srcset=\"https:\/\/www.idermic.es\/wp-content\/uploads\/2025\/09\/Antes-3-200x337.jpg 200w, https:\/\/www.idermic.es\/wp-content\/uploads\/2025\/09\/Antes-3-400x675.jpg 400w, https:\/\/www.idermic.es\/wp-content\/uploads\/2025\/09\/Antes-3.jpg 472w\" sizes=\"(max-width: 800px) 100vw, 178px\" \/><\/span><\/div><div class=\"fusion-clearfix\"><\/div><\/div><\/div><\/div><\/div><div class=\"fusion-fullwidth fullwidth-box fusion-builder-row-8 nonhundred-percent-fullwidth non-hundred-percent-height-scrolling\" style=\"--awb-border-radius-top-left:0px;--awb-border-radius-top-right:0px;--awb-border-radius-bottom-right:0px;--awb-border-radius-bottom-left:0px;--awb-flex-wrap:wrap;\" ><div class=\"fusion-builder-row fusion-row\"><div class=\"fusion-layout-column fusion_builder_column fusion-builder-column-10 fusion_builder_column_1_1 1_1 fusion-one-full fusion-column-first fusion-column-last\" style=\"--awb-bg-size:cover;\"><div class=\"fusion-column-wrapper fusion-flex-column-wrapper-legacy\"><div class=\"fusion-sep-clear\"><\/div><div class=\"fusion-separator fusion-full-width-sep\" style=\"margin-left: auto;margin-right: auto;width:100%;\"><div class=\"fusion-separator-border sep-double\" style=\"--awb-height:20px;--awb-amount:20px;border-color:#e0dede;border-top-width:1px;border-bottom-width:1px;\"><\/div><\/div><div class=\"fusion-sep-clear\"><\/div><div class=\"fusion-clearfix\"><\/div><\/div><\/div><\/div><\/div><div class=\"fusion-fullwidth fullwidth-box fusion-builder-row-9 nonhundred-percent-fullwidth non-hundred-percent-height-scrolling\" style=\"--awb-border-radius-top-left:0px;--awb-border-radius-top-right:0px;--awb-border-radius-bottom-right:0px;--awb-border-radius-bottom-left:0px;--awb-flex-wrap:wrap;\" ><div class=\"fusion-builder-row fusion-row\"><div class=\"fusion-layout-column fusion_builder_column fusion-builder-column-11 fusion_builder_column_1_1 1_1 fusion-one-full fusion-column-first fusion-column-last\" style=\"--awb-bg-size:cover;\"><div class=\"fusion-column-wrapper fusion-flex-column-wrapper-legacy\"><div class=\"fusion-text fusion-text-5\"><h2>Despu\u00e9s del tratamiento con neuromoduladores<\/h2>\n<\/div><div class=\"fusion-clearfix\"><\/div><\/div><\/div><\/div><\/div><div class=\"fusion-fullwidth fullwidth-box fusion-builder-row-10 nonhundred-percent-fullwidth non-hundred-percent-height-scrolling\" style=\"--awb-border-radius-top-left:0px;--awb-border-radius-top-right:0px;--awb-border-radius-bottom-right:0px;--awb-border-radius-bottom-left:0px;--awb-flex-wrap:wrap;\" ><div class=\"fusion-builder-row fusion-row\"><div class=\"fusion-layout-column fusion_builder_column fusion-builder-column-12 fusion_builder_column_1_3 1_3 fusion-one-third fusion-column-first\" style=\"--awb-bg-size:cover;width:33.333333333333%;width:calc(33.333333333333% - ( ( 4% + 4% ) * 0.33333333333333 ) );margin-right: 4%;\"><div class=\"fusion-column-wrapper fusion-flex-column-wrapper-legacy\"><div class=\"fusion-image-element in-legacy-container\" style=\"--awb-caption-title-font-family:var(--h2_typography-font-family);--awb-caption-title-font-weight:var(--h2_typography-font-weight);--awb-caption-title-font-style:var(--h2_typography-font-style);--awb-caption-title-size:var(--h2_typography-font-size);--awb-caption-title-transform:var(--h2_typography-text-transform);--awb-caption-title-line-height:var(--h2_typography-line-height);--awb-caption-title-letter-spacing:var(--h2_typography-letter-spacing);\"><span class=\" fusion-imageframe imageframe-none imageframe-5 hover-type-none\"><img decoding=\"async\" width=\"179\" height=\"300\" title=\"Despu\u00e9s-2\" src=\"https:\/\/www.idermic.es\/wp-content\/uploads\/2025\/09\/Despues-2-179x300.jpg\" alt class=\"img-responsive wp-image-8271\" srcset=\"https:\/\/www.idermic.es\/wp-content\/uploads\/2025\/09\/Despues-2-200x335.jpg 200w, https:\/\/www.idermic.es\/wp-content\/uploads\/2025\/09\/Despues-2-400x671.jpg 400w, https:\/\/www.idermic.es\/wp-content\/uploads\/2025\/09\/Despues-2.jpg 467w\" sizes=\"(max-width: 800px) 100vw, 179px\" \/><\/span><\/div><div class=\"fusion-clearfix\"><\/div><\/div><\/div><div class=\"fusion-layout-column fusion_builder_column fusion-builder-column-13 fusion_builder_column_1_3 1_3 fusion-one-third\" style=\"--awb-bg-size:cover;width:33.333333333333%;width:calc(33.333333333333% - ( ( 4% + 4% ) * 0.33333333333333 ) );margin-right: 4%;\"><div class=\"fusion-column-wrapper fusion-flex-column-wrapper-legacy\"><div class=\"fusion-image-element in-legacy-container\" style=\"--awb-caption-title-font-family:var(--h2_typography-font-family);--awb-caption-title-font-weight:var(--h2_typography-font-weight);--awb-caption-title-font-style:var(--h2_typography-font-style);--awb-caption-title-size:var(--h2_typography-font-size);--awb-caption-title-transform:var(--h2_typography-text-transform);--awb-caption-title-line-height:var(--h2_typography-line-height);--awb-caption-title-letter-spacing:var(--h2_typography-letter-spacing);\"><span class=\" fusion-imageframe imageframe-none imageframe-6 hover-type-none\"><img decoding=\"async\" width=\"183\" height=\"300\" title=\"Despu\u00e9s-1\" src=\"https:\/\/www.idermic.es\/wp-content\/uploads\/2025\/09\/Despues-1-183x300.jpg\" alt class=\"img-responsive wp-image-8273\" srcset=\"https:\/\/www.idermic.es\/wp-content\/uploads\/2025\/09\/Despues-1-200x328.jpg 200w, https:\/\/www.idermic.es\/wp-content\/uploads\/2025\/09\/Despues-1-400x657.jpg 400w, https:\/\/www.idermic.es\/wp-content\/uploads\/2025\/09\/Despues-1.jpg 472w\" sizes=\"(max-width: 800px) 100vw, 183px\" \/><\/span><\/div><div class=\"fusion-clearfix\"><\/div><\/div><\/div><div class=\"fusion-layout-column fusion_builder_column fusion-builder-column-14 fusion_builder_column_1_3 1_3 fusion-one-third fusion-column-last\" style=\"--awb-bg-size:cover;width:33.333333333333%;width:calc(33.333333333333% - ( ( 4% + 4% ) * 0.33333333333333 ) );\"><div class=\"fusion-column-wrapper fusion-flex-column-wrapper-legacy\"><div class=\"fusion-image-element in-legacy-container\" style=\"--awb-caption-title-font-family:var(--h2_typography-font-family);--awb-caption-title-font-weight:var(--h2_typography-font-weight);--awb-caption-title-font-style:var(--h2_typography-font-style);--awb-caption-title-size:var(--h2_typography-font-size);--awb-caption-title-transform:var(--h2_typography-text-transform);--awb-caption-title-line-height:var(--h2_typography-line-height);--awb-caption-title-letter-spacing:var(--h2_typography-letter-spacing);\"><span class=\" fusion-imageframe imageframe-none imageframe-7 hover-type-none\"><img decoding=\"async\" width=\"182\" height=\"300\" title=\"Despu\u00e9s-3\" src=\"https:\/\/www.idermic.es\/wp-content\/uploads\/2025\/09\/Despues-3-182x300.jpg\" alt class=\"img-responsive wp-image-8269\" srcset=\"https:\/\/www.idermic.es\/wp-content\/uploads\/2025\/09\/Despues-3-200x331.jpg 200w, https:\/\/www.idermic.es\/wp-content\/uploads\/2025\/09\/Despues-3-400x661.jpg 400w, https:\/\/www.idermic.es\/wp-content\/uploads\/2025\/09\/Despues-3.jpg 472w\" sizes=\"(max-width: 800px) 100vw, 182px\" \/><\/span><\/div><div class=\"fusion-clearfix\"><\/div><\/div><\/div><\/div><\/div><div class=\"fusion-fullwidth fullwidth-box fusion-builder-row-11 nonhundred-percent-fullwidth non-hundred-percent-height-scrolling\" style=\"--awb-border-radius-top-left:0px;--awb-border-radius-top-right:0px;--awb-border-radius-bottom-right:0px;--awb-border-radius-bottom-left:0px;--awb-flex-wrap:wrap;\" ><div class=\"fusion-builder-row fusion-row\"><div class=\"fusion-layout-column fusion_builder_column fusion-builder-column-15 fusion_builder_column_1_1 1_1 fusion-one-full fusion-column-first fusion-column-last\" style=\"--awb-bg-size:cover;\"><div class=\"fusion-column-wrapper fusion-flex-column-wrapper-legacy\"><div class=\"fusion-sep-clear\"><\/div><div class=\"fusion-separator fusion-full-width-sep\" style=\"margin-left: auto;margin-right: auto;width:100%;\"><div class=\"fusion-separator-border sep-double\" style=\"--awb-height:20px;--awb-amount:20px;border-color:#e0dede;border-top-width:1px;border-bottom-width:1px;\"><\/div><\/div><div class=\"fusion-sep-clear\"><\/div><div class=\"fusion-clearfix\"><\/div><\/div><\/div><\/div><\/div><div class=\"fusion-fullwidth fullwidth-box fusion-builder-row-12 nonhundred-percent-fullwidth non-hundred-percent-height-scrolling\" style=\"--awb-border-radius-top-left:0px;--awb-border-radius-top-right:0px;--awb-border-radius-bottom-right:0px;--awb-border-radius-bottom-left:0px;--awb-flex-wrap:wrap;\" ><div class=\"fusion-builder-row fusion-row\"><div class=\"fusion-layout-column fusion_builder_column fusion-builder-column-16 fusion_builder_column_1_1 1_1 fusion-one-full fusion-column-first fusion-column-last\" style=\"--awb-bg-size:cover;\"><div class=\"fusion-column-wrapper fusion-flex-column-wrapper-legacy\"><div class=\"fusion-text fusion-text-6\"><h2 data-start=\"3558\" data-end=\"3611\">Otros tratamientos efectivos para suavizar arrugas<\/h2>\n<h3 data-start=\"3613\" data-end=\"3634\">\u00c1cido hialur\u00f3nico<\/h3>\n<p data-start=\"3635\" data-end=\"3784\">M\u00e1s all\u00e1 del relleno, el \u00e1cido hialur\u00f3nico estimula la <strong data-start=\"3690\" data-end=\"3725\">hidrataci\u00f3n profunda de la piel<\/strong> y activa los fibroblastos para que produzcan m\u00e1s col\u00e1geno.<\/p>\n<p data-start=\"3786\" data-end=\"3807\">Hay diferentes tipos:<\/p>\n<ul style=\"list-style-type: square;\" data-start=\"3808\" data-end=\"3976\">\n<li data-start=\"3808\" data-end=\"3880\">\n<p data-start=\"3810\" data-end=\"3880\"><strong data-start=\"3810\" data-end=\"3824\">Reticulado<\/strong> (m\u00e1s denso): ideal para surcos profundos del entrecejo.<\/p>\n<\/li>\n<li data-start=\"3881\" data-end=\"3976\">\n<p data-start=\"3883\" data-end=\"3976\"><strong data-start=\"3883\" data-end=\"3900\">No reticulado<\/strong>: mejora la textura cut\u00e1nea en tratamientos de mesoterapia o revitalizaci\u00f3n.<\/p>\n<\/li>\n<\/ul>\n<p data-start=\"3978\" data-end=\"4139\">Adem\u00e1s, se puede usar en combinaci\u00f3n con neuromoduladores para <strong data-start=\"4041\" data-end=\"4102\">tratar tanto la causa muscular como la p\u00e9rdida de volumen<\/strong>, logrando un resultado m\u00e1s completo.<\/p>\n<h3 data-start=\"4141\" data-end=\"4163\">Mesoterapia facial<\/h3>\n<p data-start=\"4164\" data-end=\"4330\">La mesoterapia facial es especialmente \u00fatil en personas j\u00f3venes o como tratamiento preventivo. Se administra en m\u00faltiples puntos superficiales con una aguja muy fina.<\/p>\n<p data-start=\"4332\" data-end=\"4360\">Los c\u00f3cteles pueden incluir:<\/p>\n<ul style=\"list-style-type: square;\" data-start=\"4361\" data-end=\"4500\">\n<li data-start=\"4361\" data-end=\"4381\">\n<p data-start=\"4363\" data-end=\"4381\">Vitaminas A, C y E<\/p>\n<\/li>\n<li data-start=\"4382\" data-end=\"4424\">\n<p data-start=\"4384\" data-end=\"4424\">\u00c1cido hialur\u00f3nico de bajo peso molecular<\/p>\n<\/li>\n<li data-start=\"4425\" data-end=\"4455\">\n<p data-start=\"4427\" data-end=\"4455\">Amino\u00e1cidos y oligoelementos<\/p>\n<\/li>\n<li data-start=\"4456\" data-end=\"4500\">\n<p data-start=\"4458\" data-end=\"4500\">\u00c1cido tranex\u00e1mico (para manchas y rojeces)<\/p>\n<\/li>\n<\/ul>\n<p data-start=\"4502\" data-end=\"4573\">Aporta luminosidad, firmeza y frescura sin cambiar la expresi\u00f3n facial.<\/p>\n<h3 data-start=\"4575\" data-end=\"4618\">Radiofrecuencia fraccionada y l\u00e1ser CO2<\/h3>\n<p data-start=\"4619\" data-end=\"4768\">Ambas tecnolog\u00edas generan <strong data-start=\"4645\" data-end=\"4699\">calor controlado en las capas profundas de la piel<\/strong>, estimulando una <strong data-start=\"4717\" data-end=\"4735\">neocolag\u00e9nesis<\/strong> (formaci\u00f3n de nuevo col\u00e1geno).<\/p>\n<ul style=\"list-style-type: square;\" data-start=\"4770\" data-end=\"4960\">\n<li data-start=\"4770\" data-end=\"4838\">\n<p data-start=\"4772\" data-end=\"4838\">La radiofrecuencia es ideal para pieles finas o con flacidez leve.<\/p>\n<\/li>\n<li data-start=\"4839\" data-end=\"4960\">\n<p data-start=\"4841\" data-end=\"4960\">El l\u00e1ser CO2 es m\u00e1s agresivo, pero ofrece resultados espectaculares en arrugas profundas y textura cut\u00e1nea deteriorada.<\/p>\n<\/li>\n<\/ul>\n<p data-start=\"4962\" data-end=\"5051\">Ambos tratamientos requieren tiempo de recuperaci\u00f3n y deben realizarse por especialistas.<\/p>\n<h3 data-start=\"5053\" data-end=\"5071\">Hilos tensores<\/h3>\n<p data-start=\"5072\" data-end=\"5273\">Utilizan materiales biocompatibles como el \u00e1cido polil\u00e1ctico o la policaprolactona. Al introducirse en la piel, generan un <strong data-start=\"5195\" data-end=\"5223\">efecto lifting inmediato<\/strong>, adem\u00e1s de estimular la regeneraci\u00f3n de col\u00e1geno.<\/p>\n<p data-start=\"5275\" data-end=\"5404\">Son una excelente opci\u00f3n cuando existe una combinaci\u00f3n de flacidez con arrugas, especialmente en pacientes que no desean cirug\u00eda.<\/p>\n<h2 data-start=\"5411\" data-end=\"5465\">\u00bfA qu\u00e9 edad se recomienda empezar con tratamientos?<\/h2>\n<p data-start=\"5467\" data-end=\"5651\">El concepto de <strong data-start=\"5482\" data-end=\"5514\">medicina est\u00e9tica preventiva<\/strong> est\u00e1 ganando fuerza. Iniciar tratamientos antes de que las arrugas se fijen puede hacer que estas nunca lleguen a marcarse visiblemente.<\/p>\n<p data-start=\"5653\" data-end=\"5751\">Adem\u00e1s de los 30, hay <strong data-start=\"5675\" data-end=\"5696\">otros indicadores<\/strong> que sugieren que puede ser buen momento para comenzar:<\/p>\n<ul style=\"list-style-type: square;\" data-start=\"5753\" data-end=\"5957\">\n<li data-start=\"5753\" data-end=\"5788\">\n<p data-start=\"5755\" data-end=\"5788\">Cambios en la textura de la piel.<\/p>\n<\/li>\n<li data-start=\"5789\" data-end=\"5848\">\n<p data-start=\"5791\" data-end=\"5848\">Aparici\u00f3n de l\u00edneas finas visibles al aplicar maquillaje.<\/p>\n<\/li>\n<li data-start=\"5849\" data-end=\"5884\">\n<p data-start=\"5851\" data-end=\"5884\">P\u00e9rdida de luminosidad o firmeza.<\/p>\n<\/li>\n<li data-start=\"5885\" data-end=\"5957\">\n<p data-start=\"5887\" data-end=\"5957\">Expresi\u00f3n facial tensa o con aspecto de fatiga, aunque se duerma bien<\/p>\n<\/li>\n<\/ul>\n<p data-start=\"5959\" data-end=\"6106\">En estos casos, comenzar con peque\u00f1as dosis de neuromoduladores o mesoterapia puede marcar la diferencia en la evoluci\u00f3n del envejecimiento facial.<\/p>\n<\/div><div class=\"fusion-clearfix\"><\/div><\/div><\/div><\/div><\/div><div class=\"fusion-fullwidth fullwidth-box fusion-builder-row-13 nonhundred-percent-fullwidth non-hundred-percent-height-scrolling\" style=\"--awb-border-radius-top-left:0px;--awb-border-radius-top-right:0px;--awb-border-radius-bottom-right:0px;--awb-border-radius-bottom-left:0px;--awb-flex-wrap:wrap;\" ><div class=\"fusion-builder-row fusion-row\"><div class=\"fusion-layout-column fusion_builder_column fusion-builder-column-17 fusion_builder_column_1_1 1_1 fusion-one-full fusion-column-first fusion-column-last\" style=\"--awb-bg-size:cover;\"><div class=\"fusion-column-wrapper fusion-flex-column-wrapper-legacy\"><div class=\"fusion-sep-clear\"><\/div><div class=\"fusion-separator fusion-full-width-sep\" style=\"margin-left: auto;margin-right: auto;width:100%;\"><div class=\"fusion-separator-border sep-double\" style=\"--awb-height:20px;--awb-amount:20px;border-color:#e0dede;border-top-width:1px;border-bottom-width:1px;\"><\/div><\/div><div class=\"fusion-sep-clear\"><\/div><div class=\"fusion-clearfix\"><\/div><\/div><\/div><\/div><\/div><div class=\"fusion-fullwidth fullwidth-box fusion-builder-row-14 nonhundred-percent-fullwidth non-hundred-percent-height-scrolling\" style=\"--awb-border-radius-top-left:0px;--awb-border-radius-top-right:0px;--awb-border-radius-bottom-right:0px;--awb-border-radius-bottom-left:0px;--awb-flex-wrap:wrap;\" ><div class=\"fusion-builder-row fusion-row\"><div class=\"fusion-layout-column fusion_builder_column fusion-builder-column-18 fusion_builder_column_1_1 1_1 fusion-one-full fusion-column-first fusion-column-last\" style=\"--awb-bg-size:cover;\"><div class=\"fusion-column-wrapper fusion-flex-column-wrapper-legacy\"><div class=\"fusion-text fusion-text-7\"><h2 data-start=\"6113\" data-end=\"6166\">Enfoque masculino: est\u00e9tica y salud van de la mano<\/h2>\n<p data-start=\"6168\" data-end=\"6278\">A medida que los hombres han empezado a normalizar el cuidado est\u00e9tico, tambi\u00e9n han evolucionado sus demandas:<\/p>\n<ul style=\"list-style-type: square;\" data-start=\"6280\" data-end=\"6498\">\n<li data-start=\"6280\" data-end=\"6343\">\n<p data-start=\"6282\" data-end=\"6343\">Buscan <strong data-start=\"6289\" data-end=\"6313\">resultados discretos<\/strong>, que no alteren su expresi\u00f3n.<\/p>\n<\/li>\n<li data-start=\"6344\" data-end=\"6414\">\n<p data-start=\"6346\" data-end=\"6414\">Quieren procedimientos r\u00e1pidos, seguros y sin baja social o laboral.<\/p>\n<\/li>\n<li data-start=\"6415\" data-end=\"6498\">\n<p data-start=\"6417\" data-end=\"6498\">Prefieren tratamientos con efecto <strong data-start=\"6451\" data-end=\"6471\">fresco y natural<\/strong>, sin feminizar sus rasgos.<\/p>\n<\/li>\n<\/ul>\n<p data-start=\"6500\" data-end=\"6581\">Los m\u00e9dicos est\u00e9ticos adaptan las t\u00e9cnicas para respetar la morfolog\u00eda masculina:<\/p>\n<ul style=\"list-style-type: square;\" data-start=\"6582\" data-end=\"6803\">\n<li data-start=\"6582\" data-end=\"6638\">\n<p data-start=\"6584\" data-end=\"6638\">Menos arqueo en las cejas al aplicar neuromoduladores.<\/p>\n<\/li>\n<li data-start=\"6639\" data-end=\"6731\">\n<p data-start=\"6641\" data-end=\"6731\">Mayor atenci\u00f3n al entrecejo, ya que esta zona tiende a ser m\u00e1s fuerte y activa en varones.<\/p>\n<\/li>\n<li data-start=\"6732\" data-end=\"6803\">\n<p data-start=\"6734\" data-end=\"6803\">Mantenimiento de los rasgos estructurales (mand\u00edbula, frente, nariz)<\/p>\n<\/li>\n<\/ul>\n<p data-start=\"6805\" data-end=\"6967\">Tambi\u00e9n es com\u00fan que los hombres comiencen con <strong data-start=\"6852\" data-end=\"6873\">zonas espec\u00edficas<\/strong>, como el entrecejo, y luego ampl\u00eden a otras \u00e1reas tras comprobar la eficacia del tratamiento.<\/p>\n<h2 data-start=\"6974\" data-end=\"7035\">Cuidado diario y prevenci\u00f3n: el papel de la dermocosm\u00e9tica<\/h2>\n<p data-start=\"7037\" data-end=\"7289\">Una buena rutina de cuidado facial es la base para que cualquier tratamiento est\u00e9tico tenga un efecto m\u00e1s duradero. El objetivo no es solo prevenir arrugas, sino <strong data-start=\"7199\" data-end=\"7288\">mantener la funci\u00f3n barrera de la piel, su hidrataci\u00f3n y su capacidad de regeneraci\u00f3n<\/strong>.<\/p>\n<p data-start=\"7291\" data-end=\"7343\">Algunos activos cosm\u00e9ticos con evidencia cient\u00edfica:<\/p>\n<ul style=\"list-style-type: square;\" data-start=\"7344\" data-end=\"7632\">\n<li data-start=\"7344\" data-end=\"7421\">\n<p data-start=\"7346\" data-end=\"7421\"><strong data-start=\"7346\" data-end=\"7361\">Niacinamida<\/strong>: antiinflamatoria, mejora el tono de piel y la elasticidad.<\/p>\n<\/li>\n<li data-start=\"7422\" data-end=\"7492\">\n<p data-start=\"7424\" data-end=\"7492\"><strong data-start=\"7424\" data-end=\"7437\">Bakuchiol<\/strong>: alternativa vegetal al retinol para pieles sensibles.<\/p>\n<\/li>\n<li data-start=\"7493\" data-end=\"7547\">\n<p data-start=\"7495\" data-end=\"7547\"><strong data-start=\"7495\" data-end=\"7518\">Ceramidas y l\u00edpidos<\/strong>: reparan la barrera cut\u00e1nea.<\/p>\n<\/li>\n<li data-start=\"7548\" data-end=\"7632\">\n<p data-start=\"7550\" data-end=\"7632\"><strong data-start=\"7550\" data-end=\"7594\">Proteoglicanos y factores de crecimiento<\/strong>: regeneran e hidratan en profundidad<\/p>\n<\/li>\n<\/ul>\n<p data-start=\"7634\" data-end=\"7798\">Adem\u00e1s, es fundamental que el uso de protector solar sea <strong data-start=\"7691\" data-end=\"7722\">diario, durante todo el a\u00f1o<\/strong>, incluso en d\u00edas nublados o si se trabaja en interiores con luz artificial.<\/p>\n<p data-start=\"7829\" data-end=\"8051\">La medicina est\u00e9tica moderna permite hoy <strong data-start=\"7870\" data-end=\"7936\">tratar las arrugas de forma preventiva, personalizada y eficaz<\/strong>. No se trata solo de eliminar l\u00edneas de expresi\u00f3n, sino de <strong data-start=\"7996\" data-end=\"8050\">mantener un aspecto vital, equilibrado y saludable<\/strong>.<\/p>\n<p data-start=\"8053\" data-end=\"8257\">Gracias a los neuromoduladores, el \u00e1cido hialur\u00f3nico y otros tratamientos complementarios, es posible <strong data-start=\"8155\" data-end=\"8182\">rejuvenecer sin cirug\u00eda<\/strong>, con resultados visibles, naturales y sin alterar la identidad del rostro.<\/p>\n<p data-start=\"8259\" data-end=\"8463\">Tanto hombres como mujeres pueden beneficiarse de estas soluciones. El objetivo no es alcanzar la perfecci\u00f3n, sino <strong data-start=\"8374\" data-end=\"8462\">reflejar en el rostro el bienestar interior y proyectar una imagen segura y positiva<\/strong>.<\/p>\n<p data-start=\"8259\" data-end=\"8463\">Para cualquier consulta sobre tratamientos para suavizar las arrugas del tercio superior del rostro, en Idermic, tu <strong><a href=\"http:\/\/idermic.es\/\">dermat\u00f3logo en Terrassa<\/a><\/strong> estaremos encantados de atenderte.<\/p>\n<\/div><div class=\"fusion-clearfix\"><\/div><\/div><\/div><\/div><\/div><div class=\"fusion-fullwidth fullwidth-box fusion-builder-row-15 nonhundred-percent-fullwidth non-hundred-percent-height-scrolling\" style=\"--awb-border-radius-top-left:0px;--awb-border-radius-top-right:0px;--awb-border-radius-bottom-right:0px;--awb-border-radius-bottom-left:0px;--awb-flex-wrap:wrap;\" ><div class=\"fusion-builder-row fusion-row\"><div class=\"fusion-layout-column fusion_builder_column fusion-builder-column-19 fusion_builder_column_1_1 1_1 fusion-one-full fusion-column-first fusion-column-last\" style=\"--awb-bg-size:cover;\"><div class=\"fusion-column-wrapper fusion-flex-column-wrapper-legacy\"><div class=\"fusion-sep-clear\"><\/div><div class=\"fusion-separator fusion-full-width-sep\" style=\"margin-left: auto;margin-right: auto;width:100%;\"><div class=\"fusion-separator-border sep-double\" style=\"--awb-height:20px;--awb-amount:20px;border-color:#e0dede;border-top-width:1px;border-bottom-width:1px;\"><\/div><\/div><div class=\"fusion-sep-clear\"><\/div><div class=\"fusion-clearfix\"><\/div><\/div><\/div><\/div><\/div><div class=\"fusion-fullwidth fullwidth-box fusion-builder-row-16 nonhundred-percent-fullwidth non-hundred-percent-height-scrolling\" style=\"--awb-border-radius-top-left:0px;--awb-border-radius-top-right:0px;--awb-border-radius-bottom-right:0px;--awb-border-radius-bottom-left:0px;--awb-flex-wrap:wrap;\" ><div class=\"fusion-builder-row fusion-row\"><div class=\"fusion-layout-column fusion_builder_column fusion-builder-column-20 fusion_builder_column_1_1 1_1 fusion-one-full fusion-column-first fusion-column-last\" style=\"--awb-bg-size:cover;\"><div class=\"fusion-column-wrapper fusion-flex-column-wrapper-legacy\"><div class=\"fusion-video fusion-youtube\" style=\"--awb-max-width:600px;--awb-max-height:360px;\"><div class=\"video-shortcode\"><div class=\"fluid-width-video-wrapper\" style=\"padding-top:60%;\" ><iframe title=\"YouTube video player 1\" src=\"https:\/\/www.youtube.com\/embed\/NDceKEBYhVA?wmode=transparent&autoplay=0\" width=\"600\" height=\"360\" allowfullscreen allow=\"autoplay; clipboard-write; encrypted-media; gyroscope; picture-in-picture;\"><\/iframe><\/div><\/div><\/div><div class=\"fusion-clearfix\"><\/div><\/div><\/div><\/div><\/div><div class=\"fusion-fullwidth fullwidth-box fusion-builder-row-17 nonhundred-percent-fullwidth non-hundred-percent-height-scrolling\" style=\"--awb-border-radius-top-left:0px;--awb-border-radius-top-right:0px;--awb-border-radius-bottom-right:0px;--awb-border-radius-bottom-left:0px;--awb-flex-wrap:wrap;\" ><div class=\"fusion-builder-row fusion-row\"><div class=\"fusion-layout-column fusion_builder_column fusion-builder-column-21 fusion_builder_column_1_1 1_1 fusion-one-full fusion-column-first fusion-column-last\" style=\"--awb-bg-size:cover;\"><div class=\"fusion-column-wrapper fusion-flex-column-wrapper-legacy\"><div class=\"fusion-sep-clear\"><\/div><div class=\"fusion-separator fusion-full-width-sep\" style=\"margin-left: auto;margin-right: auto;width:100%;\"><div class=\"fusion-separator-border sep-double\" style=\"--awb-height:20px;--awb-amount:20px;border-color:#e0dede;border-top-width:1px;border-bottom-width:1px;\"><\/div><\/div><div class=\"fusion-sep-clear\"><\/div><div class=\"fusion-clearfix\"><\/div><\/div><\/div><\/div><\/div><div class=\"fusion-fullwidth fullwidth-box fusion-builder-row-18 nonhundred-percent-fullwidth non-hundred-percent-height-scrolling\" style=\"--awb-border-radius-top-left:0px;--awb-border-radius-top-right:0px;--awb-border-radius-bottom-right:0px;--awb-border-radius-bottom-left:0px;--awb-flex-wrap:wrap;\" ><div class=\"fusion-builder-row fusion-row\"><div class=\"fusion-layout-column fusion_builder_column fusion-builder-column-22 fusion_builder_column_1_1 1_1 fusion-one-full fusion-column-first fusion-column-last\" style=\"--awb-bg-size:cover;\"><div class=\"fusion-column-wrapper fusion-flex-column-wrapper-legacy\"><blockquote class=\"instagram-media\" data-instgrm-captioned data-instgrm-permalink=\"https:\/\/www.instagram.com\/reel\/DOOOFlfCHxx\/?utm_source=ig_embed&utm_campaign=loading\" data-instgrm-version=\"14\" style=\" background:#FFF; border:0; border-radius:3px; box-shadow:0 0 1px 0 rgba(0,0,0,0.5),0 1px 10px 0 rgba(0,0,0,0.15); margin: 1px; max-width:540px; min-width:326px; padding:0; width:99.375%; width:-webkit-calc(100% - 2px); width:calc(100% - 2px);\"><div style=\"padding:16px;\"> <a href=\"https:\/\/www.instagram.com\/reel\/DOOOFlfCHxx\/?utm_source=ig_embed&utm_campaign=loading\" style=\" background:#FFFFFF; line-height:0; padding:0 0; text-align:center; text-decoration:none; width:100%;\" target=\"_blank\"> <div style=\" display: flex; flex-direction: row; align-items: center;\"> <div style=\"background-color: #F4F4F4; border-radius: 50%; flex-grow: 0; height: 40px; margin-right: 14px; width: 40px;\"><\/div> <div style=\"display: flex; flex-direction: column; flex-grow: 1; justify-content: center;\"> <div style=\" background-color: #F4F4F4; border-radius: 4px; flex-grow: 0; height: 14px; margin-bottom: 6px; width: 100px;\"><\/div> <div style=\" background-color: #F4F4F4; border-radius: 4px; flex-grow: 0; height: 14px; width: 60px;\"><\/div><\/div><\/div><div style=\"padding: 19% 0;\"><\/div> <div style=\"display:block; height:50px; margin:0 auto 12px; width:50px;\"><svg width=\"50px\" height=\"50px\" viewBox=\"0 0 60 60\" version=\"1.1\" xmlns=\"https:\/\/www.w3.org\/2000\/svg\" xmlns:xlink=\"https:\/\/www.w3.org\/1999\/xlink\"><g stroke=\"none\" stroke-width=\"1\" fill=\"none\" fill-rule=\"evenodd\"><g transform=\"translate(-511.000000, -20.000000)\" fill=\"#000000\"><g><path d=\"M556.869,30.41 C554.814,30.41 553.148,32.076 553.148,34.131 C553.148,36.186 554.814,37.852 556.869,37.852 C558.924,37.852 560.59,36.186 560.59,34.131 C560.59,32.076 558.924,30.41 556.869,30.41 M541,60.657 C535.114,60.657 530.342,55.887 530.342,50 C530.342,44.114 535.114,39.342 541,39.342 C546.887,39.342 551.658,44.114 551.658,50 C551.658,55.887 546.887,60.657 541,60.657 M541,33.886 C532.1,33.886 524.886,41.1 524.886,50 C524.886,58.899 532.1,66.113 541,66.113 C549.9,66.113 557.115,58.899 557.115,50 C557.115,41.1 549.9,33.886 541,33.886 M565.378,62.101 C565.244,65.022 564.756,66.606 564.346,67.663 C563.803,69.06 563.154,70.057 562.106,71.106 C561.058,72.155 560.06,72.803 558.662,73.347 C557.607,73.757 556.021,74.244 553.102,74.378 C549.944,74.521 548.997,74.552 541,74.552 C533.003,74.552 532.056,74.521 528.898,74.378 C525.979,74.244 524.393,73.757 523.338,73.347 C521.94,72.803 520.942,72.155 519.894,71.106 C518.846,70.057 518.197,69.06 517.654,67.663 C517.244,66.606 516.755,65.022 516.623,62.101 C516.479,58.943 516.448,57.996 516.448,50 C516.448,42.003 516.479,41.056 516.623,37.899 C516.755,34.978 517.244,33.391 517.654,32.338 C518.197,30.938 518.846,29.942 519.894,28.894 C520.942,27.846 521.94,27.196 523.338,26.654 C524.393,26.244 525.979,25.756 528.898,25.623 C532.057,25.479 533.004,25.448 541,25.448 C548.997,25.448 549.943,25.479 553.102,25.623 C556.021,25.756 557.607,26.244 558.662,26.654 C560.06,27.196 561.058,27.846 562.106,28.894 C563.154,29.942 563.803,30.938 564.346,32.338 C564.756,33.391 565.244,34.978 565.378,37.899 C565.522,41.056 565.552,42.003 565.552,50 C565.552,57.996 565.522,58.943 565.378,62.101 M570.82,37.631 C570.674,34.438 570.167,32.258 569.425,30.349 C568.659,28.377 567.633,26.702 565.965,25.035 C564.297,23.368 562.623,22.342 560.652,21.575 C558.743,20.834 556.562,20.326 553.369,20.18 C550.169,20.033 549.148,20 541,20 C532.853,20 531.831,20.033 528.631,20.18 C525.438,20.326 523.257,20.834 521.349,21.575 C519.376,22.342 517.703,23.368 516.035,25.035 C514.368,26.702 513.342,28.377 512.574,30.349 C511.834,32.258 511.326,34.438 511.181,37.631 C511.035,40.831 511,41.851 511,50 C511,58.147 511.035,59.17 511.181,62.369 C511.326,65.562 511.834,67.743 512.574,69.651 C513.342,71.625 514.368,73.296 516.035,74.965 C517.703,76.634 519.376,77.658 521.349,78.425 C523.257,79.167 525.438,79.673 528.631,79.82 C531.831,79.965 532.853,80.001 541,80.001 C549.148,80.001 550.169,79.965 553.369,79.82 C556.562,79.673 558.743,79.167 560.652,78.425 C562.623,77.658 564.297,76.634 565.965,74.965 C567.633,73.296 568.659,71.625 569.425,69.651 C570.167,67.743 570.674,65.562 570.82,62.369 C570.966,59.17 571,58.147 571,50 C571,41.851 570.966,40.831 570.82,37.631\"><\/path><\/g><\/g><\/g><\/svg><\/div><div style=\"padding-top: 8px;\"> <div style=\" color:#3897f0; font-family:Arial,sans-serif; font-size:14px; font-style:normal; font-weight:550; line-height:18px;\">Ver esta publicaci\u00f3n en Instagram<\/div><\/div><div style=\"padding: 12.5% 0;\"><\/div> <div style=\"display: flex; flex-direction: row; margin-bottom: 14px; align-items: center;\"><div> <div style=\"background-color: #F4F4F4; border-radius: 50%; height: 12.5px; width: 12.5px; transform: translateX(0px) translateY(7px);\"><\/div> <div style=\"background-color: #F4F4F4; height: 12.5px; transform: rotate(-45deg) translateX(3px) translateY(1px); width: 12.5px; flex-grow: 0; margin-right: 14px; margin-left: 2px;\"><\/div> <div style=\"background-color: #F4F4F4; border-radius: 50%; height: 12.5px; width: 12.5px; transform: translateX(9px) translateY(-18px);\"><\/div><\/div><div style=\"margin-left: 8px;\"> <div style=\" background-color: #F4F4F4; border-radius: 50%; flex-grow: 0; height: 20px; width: 20px;\"><\/div> <div style=\" width: 0; height: 0; border-top: 2px solid transparent; border-left: 6px solid #f4f4f4; border-bottom: 2px solid transparent; transform: translateX(16px) translateY(-4px) rotate(30deg)\"><\/div><\/div><div style=\"margin-left: auto;\"> <div style=\" width: 0px; border-top: 8px solid #F4F4F4; border-right: 8px solid transparent; transform: translateY(16px);\"><\/div> <div style=\" background-color: #F4F4F4; flex-grow: 0; height: 12px; width: 16px; transform: translateY(-4px);\"><\/div> <div style=\" width: 0; height: 0; border-top: 8px solid #F4F4F4; border-left: 8px solid transparent; transform: translateY(-4px) translateX(8px);\"><\/div><\/div><\/div> <div style=\"display: flex; flex-direction: column; flex-grow: 1; justify-content: center; margin-bottom: 24px;\"> <div style=\" background-color: #F4F4F4; border-radius: 4px; flex-grow: 0; height: 14px; margin-bottom: 6px; width: 224px;\"><\/div> <div style=\" background-color: #F4F4F4; border-radius: 4px; flex-grow: 0; height: 14px; width: 144px;\"><\/div><\/div><\/a><p style=\" color:#c9c8cd; font-family:Arial,sans-serif; font-size:14px; line-height:17px; margin-bottom:0; margin-top:8px; overflow:hidden; padding:8px 0 7px; text-align:center; text-overflow:ellipsis; white-space:nowrap;\"><a href=\"https:\/\/www.instagram.com\/reel\/DOOOFlfCHxx\/?utm_source=ig_embed&utm_campaign=loading\" style=\" color:#c9c8cd; font-family:Arial,sans-serif; font-size:14px; font-style:normal; font-weight:normal; line-height:17px; text-decoration:none;\" target=\"_blank\">Una publicaci\u00f3n compartida por IDERMIC - Dermatolog\u00eda m\u00e9dica y est\u00e9tica (@idermicclinic)<\/a><\/p><\/div><\/blockquote>\n<script async src=\"\/\/www.instagram.com\/embed.js\"><\/script><div class=\"fusion-clearfix\"><\/div><\/div><\/div><\/div><\/div><\/p>\n","protected":false},"excerpt":{"rendered":"<p>Tratamientos eficaces para arrugas en la frente, entrecejo y patas de gallo. Resultados visibles, naturales y duraderos sin cirug\u00eda.<\/p>\n","protected":false},"author":3,"featured_media":8262,"comment_status":"open","ping_status":"closed","sticky":false,"template":"","format":"standard","meta":{"_joinchat":[],"footnotes":""},"categories":[60,37],"tags":[],"class_list":["post-8260","post","type-post","status-publish","format-standard","has-post-thumbnail","hentry","category-dermatologia-estetica-es","category-tecnologia"],"yoast_head":"<!-- This site is optimized with the Yoast SEO plugin v28.4 - https:\/\/yoast.com\/product\/yoast-seo-wordpress\/ -->\n<title>Arrugas en la frente y entrecejo: Tratamientos para suavizar su apariencia -<\/title>\n<meta name=\"description\" content=\"Tratamientos eficaces para arrugas en la frente, entrecejo y patas de gallo. Resultados visibles, naturales y duraderos sin cirug\u00eda.\" \/>\n<meta name=\"robots\" content=\"index, follow, max-snippet:-1, max-image-preview:large, max-video-preview:-1\" \/>\n<link rel=\"canonical\" href=\"https:\/\/www.idermic.es\/es\/arrugas-en-la-frente-y-entrecejo-tratamientos-para-suavizar-su-apariencia\/\" \/>\n<meta property=\"og:locale\" content=\"es_ES\" \/>\n<meta property=\"og:type\" content=\"article\" \/>\n<meta property=\"og:title\" content=\"Arrugas en la frente y entrecejo: Tratamientos para suavizar su apariencia -\" \/>\n<meta property=\"og:description\" content=\"Tratamientos eficaces para arrugas en la frente, entrecejo y patas de gallo. Resultados visibles, naturales y duraderos sin cirug\u00eda.\" \/>\n<meta property=\"og:url\" content=\"https:\/\/www.idermic.es\/es\/arrugas-en-la-frente-y-entrecejo-tratamientos-para-suavizar-su-apariencia\/\" \/>\n<meta property=\"og:site_name\" content=\"Idermic. Dermatolog\u00eda en Terrassa\" \/>\n<meta property=\"article:publisher\" content=\"https:\/\/www.facebook.com\/Idermic\" \/>\n<meta property=\"article:published_time\" content=\"2025-09-10T09:04:21+00:00\" \/>\n<meta property=\"article:modified_time\" content=\"2026-05-26T09:44:55+00:00\" \/>\n<meta property=\"og:image\" content=\"https:\/\/www.idermic.es\/wp-content\/uploads\/2025\/09\/arrugas-y-entrecejo.jpg\" \/>\n\t<meta property=\"og:image:width\" content=\"501\" \/>\n\t<meta property=\"og:image:height\" content=\"502\" \/>\n\t<meta property=\"og:image:type\" content=\"image\/jpeg\" \/>\n<meta name=\"author\" content=\"Equipo\" \/>\n<meta name=\"twitter:card\" content=\"summary_large_image\" \/>\n<meta name=\"twitter:creator\" content=\"@idermic\" \/>\n<meta name=\"twitter:site\" content=\"@idermic\" \/>\n<meta name=\"twitter:label1\" content=\"Escrito por\" \/>\n\t<meta name=\"twitter:data1\" content=\"Equipo\" \/>\n\t<meta name=\"twitter:label2\" content=\"Tiempo de lectura\" \/>\n\t<meta name=\"twitter:data2\" content=\"17 minutos\" \/>\n<script type=\"application\/ld+json\" class=\"yoast-schema-graph\">{\"@context\":\"https:\\\/\\\/schema.org\",\"@graph\":[{\"@type\":\"Article\",\"@id\":\"https:\\\/\\\/www.idermic.es\\\/es\\\/arrugas-en-la-frente-y-entrecejo-tratamientos-para-suavizar-su-apariencia\\\/#article\",\"isPartOf\":{\"@id\":\"https:\\\/\\\/www.idermic.es\\\/es\\\/arrugas-en-la-frente-y-entrecejo-tratamientos-para-suavizar-su-apariencia\\\/\"},\"author\":{\"name\":\"Equipo\",\"@id\":\"https:\\\/\\\/www.idermic.es\\\/#\\\/schema\\\/person\\\/c12703027a878b23d3c71c87921a82f8\"},\"headline\":\"Arrugas en la frente y entrecejo: Tratamientos para suavizar su apariencia\",\"datePublished\":\"2025-09-10T09:04:21+00:00\",\"dateModified\":\"2026-05-26T09:44:55+00:00\",\"mainEntityOfPage\":{\"@id\":\"https:\\\/\\\/www.idermic.es\\\/es\\\/arrugas-en-la-frente-y-entrecejo-tratamientos-para-suavizar-su-apariencia\\\/\"},\"wordCount\":7222,\"commentCount\":0,\"publisher\":{\"@id\":\"https:\\\/\\\/www.idermic.es\\\/#organization\"},\"image\":{\"@id\":\"https:\\\/\\\/www.idermic.es\\\/es\\\/arrugas-en-la-frente-y-entrecejo-tratamientos-para-suavizar-su-apariencia\\\/#primaryimage\"},\"thumbnailUrl\":\"https:\\\/\\\/www.idermic.es\\\/wp-content\\\/uploads\\\/2025\\\/09\\\/arrugas-y-entrecejo.jpg\",\"articleSection\":[\"Dermatologia est\u00e8tica\",\"Tecnolog\u00eda\"],\"inLanguage\":\"es\",\"potentialAction\":[{\"@type\":\"CommentAction\",\"name\":\"Comment\",\"target\":[\"https:\\\/\\\/www.idermic.es\\\/es\\\/arrugas-en-la-frente-y-entrecejo-tratamientos-para-suavizar-su-apariencia\\\/#respond\"]}]},{\"@type\":\"WebPage\",\"@id\":\"https:\\\/\\\/www.idermic.es\\\/es\\\/arrugas-en-la-frente-y-entrecejo-tratamientos-para-suavizar-su-apariencia\\\/\",\"url\":\"https:\\\/\\\/www.idermic.es\\\/es\\\/arrugas-en-la-frente-y-entrecejo-tratamientos-para-suavizar-su-apariencia\\\/\",\"name\":\"Arrugas en la frente y entrecejo: Tratamientos para suavizar su apariencia -\",\"isPartOf\":{\"@id\":\"https:\\\/\\\/www.idermic.es\\\/#website\"},\"primaryImageOfPage\":{\"@id\":\"https:\\\/\\\/www.idermic.es\\\/es\\\/arrugas-en-la-frente-y-entrecejo-tratamientos-para-suavizar-su-apariencia\\\/#primaryimage\"},\"image\":{\"@id\":\"https:\\\/\\\/www.idermic.es\\\/es\\\/arrugas-en-la-frente-y-entrecejo-tratamientos-para-suavizar-su-apariencia\\\/#primaryimage\"},\"thumbnailUrl\":\"https:\\\/\\\/www.idermic.es\\\/wp-content\\\/uploads\\\/2025\\\/09\\\/arrugas-y-entrecejo.jpg\",\"datePublished\":\"2025-09-10T09:04:21+00:00\",\"dateModified\":\"2026-05-26T09:44:55+00:00\",\"description\":\"Tratamientos eficaces para arrugas en la frente, entrecejo y patas de gallo. Resultados visibles, naturales y duraderos sin cirug\u00eda.\",\"breadcrumb\":{\"@id\":\"https:\\\/\\\/www.idermic.es\\\/es\\\/arrugas-en-la-frente-y-entrecejo-tratamientos-para-suavizar-su-apariencia\\\/#breadcrumb\"},\"inLanguage\":\"es\",\"potentialAction\":[{\"@type\":\"ReadAction\",\"target\":[\"https:\\\/\\\/www.idermic.es\\\/es\\\/arrugas-en-la-frente-y-entrecejo-tratamientos-para-suavizar-su-apariencia\\\/\"]}]},{\"@type\":\"ImageObject\",\"inLanguage\":\"es\",\"@id\":\"https:\\\/\\\/www.idermic.es\\\/es\\\/arrugas-en-la-frente-y-entrecejo-tratamientos-para-suavizar-su-apariencia\\\/#primaryimage\",\"url\":\"https:\\\/\\\/www.idermic.es\\\/wp-content\\\/uploads\\\/2025\\\/09\\\/arrugas-y-entrecejo.jpg\",\"contentUrl\":\"https:\\\/\\\/www.idermic.es\\\/wp-content\\\/uploads\\\/2025\\\/09\\\/arrugas-y-entrecejo.jpg\",\"width\":501,\"height\":502,\"caption\":\"Arrugas en la frente y entrecejo: Tratamientos para suavizar su apariencia\"},{\"@type\":\"BreadcrumbList\",\"@id\":\"https:\\\/\\\/www.idermic.es\\\/es\\\/arrugas-en-la-frente-y-entrecejo-tratamientos-para-suavizar-su-apariencia\\\/#breadcrumb\",\"itemListElement\":[{\"@type\":\"ListItem\",\"position\":1,\"name\":\"Inici\",\"item\":\"https:\\\/\\\/www.idermic.es\\\/es\\\/\"},{\"@type\":\"ListItem\",\"position\":2,\"name\":\"Arrugas en la frente y entrecejo: Tratamientos para suavizar su apariencia\"}]},{\"@type\":\"WebSite\",\"@id\":\"https:\\\/\\\/www.idermic.es\\\/#website\",\"url\":\"https:\\\/\\\/www.idermic.es\\\/\",\"name\":\"Idermic. Dermatolog\u00eda en Terrassa\",\"description\":\"Dermatolog\u00eda, Medicina est\u00e9tica, Cirurg\u00eda Pl\u00e0stica\",\"publisher\":{\"@id\":\"https:\\\/\\\/www.idermic.es\\\/#organization\"},\"potentialAction\":[{\"@type\":\"SearchAction\",\"target\":{\"@type\":\"EntryPoint\",\"urlTemplate\":\"https:\\\/\\\/www.idermic.es\\\/?s={search_term_string}\"},\"query-input\":{\"@type\":\"PropertyValueSpecification\",\"valueRequired\":true,\"valueName\":\"search_term_string\"}}],\"inLanguage\":\"es\"},{\"@type\":\"Organization\",\"@id\":\"https:\\\/\\\/www.idermic.es\\\/#organization\",\"name\":\"Idermic. Dermatolog\u00eda en Terrassa\",\"url\":\"https:\\\/\\\/www.idermic.es\\\/\",\"logo\":{\"@type\":\"ImageObject\",\"inLanguage\":\"es\",\"@id\":\"https:\\\/\\\/www.idermic.es\\\/#\\\/schema\\\/logo\\\/image\\\/\",\"url\":\"https:\\\/\\\/www.idermic.es\\\/wp-content\\\/uploads\\\/2025\\\/10\\\/Logo-Idermic.jpg\",\"contentUrl\":\"https:\\\/\\\/www.idermic.es\\\/wp-content\\\/uploads\\\/2025\\\/10\\\/Logo-Idermic.jpg\",\"width\":501,\"height\":502,\"caption\":\"Idermic. Dermatolog\u00eda en Terrassa\"},\"image\":{\"@id\":\"https:\\\/\\\/www.idermic.es\\\/#\\\/schema\\\/logo\\\/image\\\/\"},\"sameAs\":[\"https:\\\/\\\/www.facebook.com\\\/Idermic\",\"https:\\\/\\\/x.com\\\/idermic\",\"https:\\\/\\\/www.instagram.com\\\/idermicclinic\\\/\",\"https:\\\/\\\/www.youtube.com\\\/channel\\\/UCyAHC9-p8lc6hr_nguO8p_g\"]},{\"@type\":\"Person\",\"@id\":\"https:\\\/\\\/www.idermic.es\\\/#\\\/schema\\\/person\\\/c12703027a878b23d3c71c87921a82f8\",\"name\":\"Equipo\",\"image\":{\"@type\":\"ImageObject\",\"inLanguage\":\"es\",\"@id\":\"https:\\\/\\\/secure.gravatar.com\\\/avatar\\\/7ca0be23248108c6b0887e0693b7dcf7764bd3503f84d1f04e6653ef7c3b9420?s=96&d=mm&r=g\",\"url\":\"https:\\\/\\\/secure.gravatar.com\\\/avatar\\\/7ca0be23248108c6b0887e0693b7dcf7764bd3503f84d1f04e6653ef7c3b9420?s=96&d=mm&r=g\",\"contentUrl\":\"https:\\\/\\\/secure.gravatar.com\\\/avatar\\\/7ca0be23248108c6b0887e0693b7dcf7764bd3503f84d1f04e6653ef7c3b9420?s=96&d=mm&r=g\",\"caption\":\"Equipo\"},\"description\":\"Equipo de Idermic\"}]}<\/script>\n<!-- \/ Yoast SEO plugin. -->","yoast_head_json":{"title":"Arrugas en la frente y entrecejo: Tratamientos para suavizar su apariencia -","description":"Tratamientos eficaces para arrugas en la frente, entrecejo y patas de gallo. Resultados visibles, naturales y duraderos sin cirug\u00eda.","robots":{"index":"index","follow":"follow","max-snippet":"max-snippet:-1","max-image-preview":"max-image-preview:large","max-video-preview":"max-video-preview:-1"},"canonical":"https:\/\/www.idermic.es\/es\/arrugas-en-la-frente-y-entrecejo-tratamientos-para-suavizar-su-apariencia\/","og_locale":"es_ES","og_type":"article","og_title":"Arrugas en la frente y entrecejo: Tratamientos para suavizar su apariencia -","og_description":"Tratamientos eficaces para arrugas en la frente, entrecejo y patas de gallo. Resultados visibles, naturales y duraderos sin cirug\u00eda.","og_url":"https:\/\/www.idermic.es\/es\/arrugas-en-la-frente-y-entrecejo-tratamientos-para-suavizar-su-apariencia\/","og_site_name":"Idermic. Dermatolog\u00eda en Terrassa","article_publisher":"https:\/\/www.facebook.com\/Idermic","article_published_time":"2025-09-10T09:04:21+00:00","article_modified_time":"2026-05-26T09:44:55+00:00","og_image":[{"width":501,"height":502,"url":"https:\/\/www.idermic.es\/wp-content\/uploads\/2025\/09\/arrugas-y-entrecejo.jpg","type":"image\/jpeg"}],"author":"Equipo","twitter_card":"summary_large_image","twitter_creator":"@idermic","twitter_site":"@idermic","twitter_misc":{"Escrito por":"Equipo","Tiempo de lectura":"17 minutos"},"schema":{"@context":"https:\/\/schema.org","@graph":[{"@type":"Article","@id":"https:\/\/www.idermic.es\/es\/arrugas-en-la-frente-y-entrecejo-tratamientos-para-suavizar-su-apariencia\/#article","isPartOf":{"@id":"https:\/\/www.idermic.es\/es\/arrugas-en-la-frente-y-entrecejo-tratamientos-para-suavizar-su-apariencia\/"},"author":{"name":"Equipo","@id":"https:\/\/www.idermic.es\/#\/schema\/person\/c12703027a878b23d3c71c87921a82f8"},"headline":"Arrugas en la frente y entrecejo: Tratamientos para suavizar su apariencia","datePublished":"2025-09-10T09:04:21+00:00","dateModified":"2026-05-26T09:44:55+00:00","mainEntityOfPage":{"@id":"https:\/\/www.idermic.es\/es\/arrugas-en-la-frente-y-entrecejo-tratamientos-para-suavizar-su-apariencia\/"},"wordCount":7222,"commentCount":0,"publisher":{"@id":"https:\/\/www.idermic.es\/#organization"},"image":{"@id":"https:\/\/www.idermic.es\/es\/arrugas-en-la-frente-y-entrecejo-tratamientos-para-suavizar-su-apariencia\/#primaryimage"},"thumbnailUrl":"https:\/\/www.idermic.es\/wp-content\/uploads\/2025\/09\/arrugas-y-entrecejo.jpg","articleSection":["Dermatologia est\u00e8tica","Tecnolog\u00eda"],"inLanguage":"es","potentialAction":[{"@type":"CommentAction","name":"Comment","target":["https:\/\/www.idermic.es\/es\/arrugas-en-la-frente-y-entrecejo-tratamientos-para-suavizar-su-apariencia\/#respond"]}]},{"@type":"WebPage","@id":"https:\/\/www.idermic.es\/es\/arrugas-en-la-frente-y-entrecejo-tratamientos-para-suavizar-su-apariencia\/","url":"https:\/\/www.idermic.es\/es\/arrugas-en-la-frente-y-entrecejo-tratamientos-para-suavizar-su-apariencia\/","name":"Arrugas en la frente y entrecejo: Tratamientos para suavizar su apariencia -","isPartOf":{"@id":"https:\/\/www.idermic.es\/#website"},"primaryImageOfPage":{"@id":"https:\/\/www.idermic.es\/es\/arrugas-en-la-frente-y-entrecejo-tratamientos-para-suavizar-su-apariencia\/#primaryimage"},"image":{"@id":"https:\/\/www.idermic.es\/es\/arrugas-en-la-frente-y-entrecejo-tratamientos-para-suavizar-su-apariencia\/#primaryimage"},"thumbnailUrl":"https:\/\/www.idermic.es\/wp-content\/uploads\/2025\/09\/arrugas-y-entrecejo.jpg","datePublished":"2025-09-10T09:04:21+00:00","dateModified":"2026-05-26T09:44:55+00:00","description":"Tratamientos eficaces para arrugas en la frente, entrecejo y patas de gallo. Resultados visibles, naturales y duraderos sin cirug\u00eda.","breadcrumb":{"@id":"https:\/\/www.idermic.es\/es\/arrugas-en-la-frente-y-entrecejo-tratamientos-para-suavizar-su-apariencia\/#breadcrumb"},"inLanguage":"es","potentialAction":[{"@type":"ReadAction","target":["https:\/\/www.idermic.es\/es\/arrugas-en-la-frente-y-entrecejo-tratamientos-para-suavizar-su-apariencia\/"]}]},{"@type":"ImageObject","inLanguage":"es","@id":"https:\/\/www.idermic.es\/es\/arrugas-en-la-frente-y-entrecejo-tratamientos-para-suavizar-su-apariencia\/#primaryimage","url":"https:\/\/www.idermic.es\/wp-content\/uploads\/2025\/09\/arrugas-y-entrecejo.jpg","contentUrl":"https:\/\/www.idermic.es\/wp-content\/uploads\/2025\/09\/arrugas-y-entrecejo.jpg","width":501,"height":502,"caption":"Arrugas en la frente y entrecejo: Tratamientos para suavizar su apariencia"},{"@type":"BreadcrumbList","@id":"https:\/\/www.idermic.es\/es\/arrugas-en-la-frente-y-entrecejo-tratamientos-para-suavizar-su-apariencia\/#breadcrumb","itemListElement":[{"@type":"ListItem","position":1,"name":"Inici","item":"https:\/\/www.idermic.es\/es\/"},{"@type":"ListItem","position":2,"name":"Arrugas en la frente y entrecejo: Tratamientos para suavizar su apariencia"}]},{"@type":"WebSite","@id":"https:\/\/www.idermic.es\/#website","url":"https:\/\/www.idermic.es\/","name":"Idermic. Dermatolog\u00eda en Terrassa","description":"Dermatolog\u00eda, Medicina est\u00e9tica, Cirurg\u00eda Pl\u00e0stica","publisher":{"@id":"https:\/\/www.idermic.es\/#organization"},"potentialAction":[{"@type":"SearchAction","target":{"@type":"EntryPoint","urlTemplate":"https:\/\/www.idermic.es\/?s={search_term_string}"},"query-input":{"@type":"PropertyValueSpecification","valueRequired":true,"valueName":"search_term_string"}}],"inLanguage":"es"},{"@type":"Organization","@id":"https:\/\/www.idermic.es\/#organization","name":"Idermic. Dermatolog\u00eda en Terrassa","url":"https:\/\/www.idermic.es\/","logo":{"@type":"ImageObject","inLanguage":"es","@id":"https:\/\/www.idermic.es\/#\/schema\/logo\/image\/","url":"https:\/\/www.idermic.es\/wp-content\/uploads\/2025\/10\/Logo-Idermic.jpg","contentUrl":"https:\/\/www.idermic.es\/wp-content\/uploads\/2025\/10\/Logo-Idermic.jpg","width":501,"height":502,"caption":"Idermic. Dermatolog\u00eda en Terrassa"},"image":{"@id":"https:\/\/www.idermic.es\/#\/schema\/logo\/image\/"},"sameAs":["https:\/\/www.facebook.com\/Idermic","https:\/\/x.com\/idermic","https:\/\/www.instagram.com\/idermicclinic\/","https:\/\/www.youtube.com\/channel\/UCyAHC9-p8lc6hr_nguO8p_g"]},{"@type":"Person","@id":"https:\/\/www.idermic.es\/#\/schema\/person\/c12703027a878b23d3c71c87921a82f8","name":"Equipo","image":{"@type":"ImageObject","inLanguage":"es","@id":"https:\/\/secure.gravatar.com\/avatar\/7ca0be23248108c6b0887e0693b7dcf7764bd3503f84d1f04e6653ef7c3b9420?s=96&d=mm&r=g","url":"https:\/\/secure.gravatar.com\/avatar\/7ca0be23248108c6b0887e0693b7dcf7764bd3503f84d1f04e6653ef7c3b9420?s=96&d=mm&r=g","contentUrl":"https:\/\/secure.gravatar.com\/avatar\/7ca0be23248108c6b0887e0693b7dcf7764bd3503f84d1f04e6653ef7c3b9420?s=96&d=mm&r=g","caption":"Equipo"},"description":"Equipo de Idermic"}]}},"_links":{"self":[{"href":"https:\/\/www.idermic.es\/es\/wp-json\/wp\/v2\/posts\/8260","targetHints":{"allow":["GET"]}}],"collection":[{"href":"https:\/\/www.idermic.es\/es\/wp-json\/wp\/v2\/posts"}],"about":[{"href":"https:\/\/www.idermic.es\/es\/wp-json\/wp\/v2\/types\/post"}],"author":[{"embeddable":true,"href":"https:\/\/www.idermic.es\/es\/wp-json\/wp\/v2\/users\/3"}],"replies":[{"embeddable":true,"href":"https:\/\/www.idermic.es\/es\/wp-json\/wp\/v2\/comments?post=8260"}],"version-history":[{"count":19,"href":"https:\/\/www.idermic.es\/es\/wp-json\/wp\/v2\/posts\/8260\/revisions"}],"predecessor-version":[{"id":8298,"href":"https:\/\/www.idermic.es\/es\/wp-json\/wp\/v2\/posts\/8260\/revisions\/8298"}],"wp:featuredmedia":[{"embeddable":true,"href":"https:\/\/www.idermic.es\/es\/wp-json\/wp\/v2\/media\/8262"}],"wp:attachment":[{"href":"https:\/\/www.idermic.es\/es\/wp-json\/wp\/v2\/media?parent=8260"}],"wp:term":[{"taxonomy":"category","embeddable":true,"href":"https:\/\/www.idermic.es\/es\/wp-json\/wp\/v2\/categories?post=8260"},{"taxonomy":"post_tag","embeddable":true,"href":"https:\/\/www.idermic.es\/es\/wp-json\/wp\/v2\/tags?post=8260"}],"curies":[{"name":"wp","href":"https:\/\/api.w.org\/{rel}","templated":true}]}}