{"id":8175,"date":"2025-08-20T07:58:19","date_gmt":"2025-08-20T07:58:19","guid":{"rendered":"https:\/\/www.idermic.es\/?p=8175"},"modified":"2026-06-05T15:32:19","modified_gmt":"2026-06-05T15:32:19","slug":"que-es-liftera","status":"publish","type":"post","link":"https:\/\/www.idermic.es\/es\/que-es-liftera\/","title":{"rendered":"Qu\u00e9 es Liftera"},"content":{"rendered":"<p><div class=\"fusion-fullwidth fullwidth-box fusion-builder-row-1 nonhundred-percent-fullwidth non-hundred-percent-height-scrolling\" style=\"--awb-border-radius-top-left:0px;--awb-border-radius-top-right:0px;--awb-border-radius-bottom-right:0px;--awb-border-radius-bottom-left:0px;--awb-flex-wrap:wrap;\" ><div class=\"fusion-builder-row fusion-row\"><div class=\"fusion-layout-column fusion_builder_column fusion-builder-column-0 fusion_builder_column_1_1 1_1 fusion-one-full fusion-column-first fusion-column-last\" style=\"--awb-bg-size:cover;\"><div class=\"fusion-column-wrapper fusion-flex-column-wrapper-legacy\"><div class=\"fusion-text fusion-text-1\"><p style=\"text-align: center;\"><span style=\"font-size: 24pt;\"><strong>Qu\u00e9 es Liftera<\/strong><\/span><\/p>\n<\/div><div class=\"fusion-clearfix\"><\/div><\/div><\/div><\/div><\/div><div class=\"fusion-fullwidth fullwidth-box fusion-builder-row-2 nonhundred-percent-fullwidth non-hundred-percent-height-scrolling\" style=\"--awb-border-radius-top-left:0px;--awb-border-radius-top-right:0px;--awb-border-radius-bottom-right:0px;--awb-border-radius-bottom-left:0px;--awb-flex-wrap:wrap;\" ><div class=\"fusion-builder-row fusion-row\"><div class=\"fusion-layout-column fusion_builder_column fusion-builder-column-1 fusion_builder_column_2_3 2_3 fusion-two-third fusion-column-first\" style=\"--awb-bg-size:cover;width:66.666666666667%;width:calc(66.666666666667% - ( ( 4% ) * 0.66666666666667 ) );margin-right: 4%;\"><div class=\"fusion-column-wrapper fusion-flex-column-wrapper-legacy\"><div class=\"fusion-text fusion-text-2\"><p>En el mundo de la medicina est\u00e9tica, la b\u00fasqueda de tratamientos eficaces y no invasivos ha llevado al desarrollo de innovaciones que prometen resultados visibles sin necesidad de bistur\u00ed.<\/p>\n<p>Uno de los avances m\u00e1s notables en este campo es <strong data-start=\"468\" data-end=\"479\">Liftera<\/strong>, una tecnolog\u00eda basada en ultrasonido focalizado de alta intensidad (HIFU) que se presenta como una <strong data-start=\"580\" data-end=\"625\">alternativa moderna al lifting quir\u00fargico<\/strong>.<\/p>\n<p>Este sistema est\u00e1 ganando cada vez m\u00e1s popularidad entre quienes desean combatir la flacidez facial y rejuvenecer su piel sin someterse a procedimientos invasivos. Aqu\u00ed tienes m\u00e1s informaci\u00f3n sobre <strong><a href=\"https:\/\/www.idermic.es\/es\/hifu-en-terrassa-lifting-facial-sin-cirugia\/\">tratamiento HIFU en Terrassa<\/a><\/strong>.<\/p>\n<\/div><div class=\"fusion-clearfix\"><\/div><\/div><\/div><div class=\"fusion-layout-column fusion_builder_column fusion-builder-column-2 fusion_builder_column_1_3 1_3 fusion-one-third fusion-column-last\" style=\"--awb-bg-size:cover;width:33.333333333333%;width:calc(33.333333333333% - ( ( 4% ) * 0.33333333333333 ) );\"><div class=\"fusion-column-wrapper fusion-flex-column-wrapper-legacy\"><div class=\"fusion-image-element in-legacy-container\" style=\"--awb-caption-title-font-family:var(--h2_typography-font-family);--awb-caption-title-font-weight:var(--h2_typography-font-weight);--awb-caption-title-font-style:var(--h2_typography-font-style);--awb-caption-title-size:var(--h2_typography-font-size);--awb-caption-title-transform:var(--h2_typography-text-transform);--awb-caption-title-line-height:var(--h2_typography-line-height);--awb-caption-title-letter-spacing:var(--h2_typography-letter-spacing);\"><span class=\" fusion-imageframe imageframe-none imageframe-1 hover-type-none\"><img decoding=\"async\" width=\"300\" height=\"300\" alt=\"HIFU facial. Qu\u00e9 es Liftera\" title=\"Qu\u00e9 es Liftera\" src=\"https:\/\/www.idermic.es\/wp-content\/uploads\/2025\/08\/Que-es-Liftera-300x300.png\" class=\"img-responsive wp-image-8179\" srcset=\"https:\/\/www.idermic.es\/wp-content\/uploads\/2025\/08\/Que-es-Liftera-200x200.png 200w, https:\/\/www.idermic.es\/wp-content\/uploads\/2025\/08\/Que-es-Liftera-400x400.png 400w, https:\/\/www.idermic.es\/wp-content\/uploads\/2025\/08\/Que-es-Liftera-600x600.png 600w, https:\/\/www.idermic.es\/wp-content\/uploads\/2025\/08\/Que-es-Liftera-800x800.png 800w, https:\/\/www.idermic.es\/wp-content\/uploads\/2025\/08\/Que-es-Liftera.png 1024w\" sizes=\"(max-width: 800px) 100vw, 300px\" \/><\/span><\/div><div class=\"fusion-clearfix\"><\/div><\/div><\/div><\/div><\/div><div class=\"fusion-fullwidth fullwidth-box fusion-builder-row-3 nonhundred-percent-fullwidth non-hundred-percent-height-scrolling\" style=\"--awb-border-radius-top-left:0px;--awb-border-radius-top-right:0px;--awb-border-radius-bottom-right:0px;--awb-border-radius-bottom-left:0px;--awb-margin-top:32px;--awb-margin-bottom:32px;--awb-flex-wrap:wrap;\" ><div class=\"fusion-builder-row fusion-row\"><div class=\"fusion-layout-column fusion_builder_column fusion-builder-column-3 fusion_builder_column_1_1 1_1 fusion-one-full fusion-column-first fusion-column-last\" style=\"--awb-bg-size:cover;\"><div class=\"fusion-column-wrapper fusion-flex-column-wrapper-legacy\"><div class=\"fusion-text fusion-text-3\"><h2 data-start=\"3250\" data-end=\"3281\">\u00bfQu\u00e9 es exactamente Liftera?<\/h2>\n<p data-start=\"825\" data-end=\"1260\"><strong data-start=\"825\" data-end=\"836\">Liftera<\/strong> es una <strong data-start=\"844\" data-end=\"867\">plataforma est\u00e9tica<\/strong> de <strong data-start=\"871\" data-end=\"926\">tecnolog\u00eda <a href=\"https:\/\/www.idermic.es\/es\/hifu-facial-con-liftera-lifting-facial-no-invasivo-y-eficaz\/\">HIFU<\/a> (High-Intensity Focused Ultrasound)<\/strong>, desarrollada para tratar la flacidez cut\u00e1nea tanto facial como corporal. A trav\u00e9s de un sistema de ultrasonido micro y macro focalizado, <strong data-start=\"1065\" data-end=\"1090\">la plataforma Liftera<\/strong> permite actuar directamente sobre las capas m\u00e1s profundas de la piel, estimulando la producci\u00f3n natural de col\u00e1geno y provocando un efecto tensor inmediato y progresivo.<\/p>\n<p data-start=\"1262\" data-end=\"1485\">A diferencia de otros sistemas tradicionales, <strong data-start=\"1308\" data-end=\"1319\">Liftera<\/strong> utiliza una <strong data-start=\"1332\" data-end=\"1377\">tecnolog\u00eda de disparo lineal y fraccional<\/strong> que mejora la precisi\u00f3n del tratamiento, reduciendo el tiempo de recuperaci\u00f3n y maximizando los resultados.<\/p>\n<h2 data-start=\"3919\" data-end=\"3960\">\u00bfC\u00f3mo funciona el tratamiento Liftera?<\/h2>\n<p data-start=\"1534\" data-end=\"1868\">El procedimiento consiste en aplicar ondas de ultrasonido focalizadas sobre zonas espec\u00edficas del rostro o del cuerpo. Estas ondas penetran de forma controlada hasta las capas m\u00e1s profundas de la dermis, en particular la capa SMAS (sistema m\u00fasculo aponeur\u00f3tico superficial), que es la misma que se trata durante un lifting quir\u00fargico.<\/p>\n<p data-start=\"1870\" data-end=\"2133\">El <strong data-start=\"1873\" data-end=\"1902\">efecto t\u00e9rmico controlado<\/strong> que genera el ultrasonido causa una contracci\u00f3n de las fibras de col\u00e1geno existentes y estimula la formaci\u00f3n de nuevo col\u00e1geno, lo que da lugar a un <strong data-start=\"2052\" data-end=\"2090\">efecto tensor natural y progresivo<\/strong> que puede mantenerse durante varios meses.<\/p>\n<h2 data-start=\"4563\" data-end=\"4606\">\u00bfQu\u00e9 zonas se pueden tratar con Liftera?<\/h2>\n<p data-start=\"2191\" data-end=\"2356\">Aunque es especialmente popular en tratamientos faciales, la <strong>plataforma Liftera<\/strong> tambi\u00e9n se utiliza en otras partes del cuerpo. Las zonas m\u00e1s habituales incluyen:<\/p>\n<ul style=\"list-style-type: square;\" data-start=\"2358\" data-end=\"2546\">\n<li data-start=\"2358\" data-end=\"2406\">\n<p data-start=\"2360\" data-end=\"2406\">Contorno facial (p\u00f3mulos, mand\u00edbula, papada)<\/p>\n<\/li>\n<li data-start=\"2407\" data-end=\"2429\">\n<p data-start=\"2409\" data-end=\"2429\">Frente y entrecejo<\/p>\n<\/li>\n<li data-start=\"2430\" data-end=\"2449\">\n<p data-start=\"2432\" data-end=\"2449\">Cuello y escote<\/p>\n<\/li>\n<li data-start=\"2450\" data-end=\"2495\">\n<p data-start=\"2452\" data-end=\"2495\">Zona periocular (ojeras, p\u00e1rpados ca\u00eddos)<\/p>\n<\/li>\n<li data-start=\"2496\" data-end=\"2507\">\n<p data-start=\"2498\" data-end=\"2507\">Abdomen<\/p>\n<\/li>\n<li data-start=\"2508\" data-end=\"2546\">\n<p data-start=\"2510\" data-end=\"2546\">Brazos y parte interna de los muslos<\/p>\n<\/li>\n<\/ul>\n<p data-start=\"2548\" data-end=\"2725\">El objetivo principal del <strong data-start=\"2574\" data-end=\"2597\">tratamiento Liftera<\/strong> es lograr una <strong data-start=\"2612\" data-end=\"2652\">piel m\u00e1s firme, tersa y rejuvenecida<\/strong>, sin alterar los rasgos faciales ni recurrir a procedimientos invasivos.<\/p>\n<h2 data-start=\"5118\" data-end=\"5155\">Beneficios del tratamiento Liftera<\/h2>\n<p data-start=\"2770\" data-end=\"2901\"><strong data-start=\"2770\" data-end=\"2781\">Liftera<\/strong> se ha consolidado como una de las <strong data-start=\"2816\" data-end=\"2845\">plataformas m\u00e1s avanzadas<\/strong> en su segmento por los m\u00faltiples beneficios que ofrece:<\/p>\n<ul style=\"list-style-type: square;\" data-start=\"2903\" data-end=\"3244\">\n<li data-start=\"2903\" data-end=\"2956\">\n<p data-start=\"2905\" data-end=\"2956\">Tratamiento no invasivo, sin necesidad de cirug\u00eda<\/p>\n<\/li>\n<li data-start=\"2957\" data-end=\"2985\">\n<p data-start=\"2959\" data-end=\"2985\">Sin incisiones ni agujas<\/p>\n<\/li>\n<li data-start=\"2986\" data-end=\"3011\">\n<p data-start=\"2988\" data-end=\"3011\">No requiere anestesia<\/p>\n<\/li>\n<li data-start=\"3012\" data-end=\"3043\">\n<p data-start=\"3014\" data-end=\"3043\">Sin periodo de recuperaci\u00f3n<\/p>\n<\/li>\n<li data-start=\"3044\" data-end=\"3095\">\n<p data-start=\"3046\" data-end=\"3095\">Resultados visibles a partir de las 2-4 semanas<\/p>\n<\/li>\n<li data-start=\"3096\" data-end=\"3150\">\n<p data-start=\"3098\" data-end=\"3150\">Mejora progresiva durante los siguientes 2-3 meses<\/p>\n<\/li>\n<li data-start=\"3151\" data-end=\"3200\">\n<p data-start=\"3153\" data-end=\"3200\">Estimula la regeneraci\u00f3n natural del col\u00e1geno<\/p>\n<\/li>\n<li data-start=\"3201\" data-end=\"3244\">\n<p data-start=\"3203\" data-end=\"3244\">Efecto tensor duradero (hasta 12 meses)<\/p>\n<\/li>\n<\/ul>\n<p data-start=\"3246\" data-end=\"3439\">Estas ventajas lo convierten en una opci\u00f3n especialmente atractiva para pacientes que buscan resultados visibles pero sin asumir los riesgos o el tiempo de recuperaci\u00f3n de una cirug\u00eda est\u00e9tica.<\/p>\n<h2 data-start=\"5804\" data-end=\"5855\">\u00bfQu\u00e9 diferencia a Liftera de otros tratamientos?<\/h2>\n<p data-start=\"3498\" data-end=\"3769\">A diferencia de otras tecnolog\u00edas como la radiofrecuencia o el l\u00e1ser, el <a href=\"https:\/\/www.idermic.es\/es\/hifu-facial-con-liftera-lifting-facial-no-invasivo-y-eficaz\/\"><strong data-start=\"3571\" data-end=\"3590\">HIFU de Liftera<\/strong><\/a> act\u00faa en capas m\u00e1s profundas de la piel sin da\u00f1ar la superficie. Su modo de disparo permite trabajar de forma m\u00e1s precisa en \u00e1reas sensibles, como la zona periocular o el cuello.<\/p>\n<p data-start=\"3771\" data-end=\"4101\">En comparaci\u00f3n con otros aparatos HIFU, <strong data-start=\"3811\" data-end=\"3836\">la plataforma Liftera<\/strong> incorpora una <strong data-start=\"3851\" data-end=\"3884\">plataforma digital optimizada<\/strong> que adapta los par\u00e1metros del tratamiento en tiempo real, lo cual mejora la experiencia del paciente y reduce molestias. Adem\u00e1s, al ser un tratamiento fraccional, permite obtener resultados m\u00e1s uniformes y naturales.<\/p>\n<h2 data-start=\"6444\" data-end=\"6480\">\u00bfCu\u00e1ntas sesiones son necesarias?<\/h2>\n<p data-start=\"6482\" data-end=\"6747\">Generalmente, una sola sesi\u00f3n puede ser suficiente para obtener resultados visibles, aunque esto depende del grado de flacidez y de la respuesta individual del paciente. En algunos casos se recomienda una segunda sesi\u00f3n a los 6 u 8 meses para potenciar los efectos.<\/p>\n<p data-start=\"6749\" data-end=\"6932\">Cada sesi\u00f3n tiene una duraci\u00f3n aproximada de 30 a 60 minutos, seg\u00fan la zona tratada. El tratamiento puede realizarse una vez al a\u00f1o como parte de una rutina est\u00e9tica de mantenimiento.<\/p>\n<h2 data-start=\"6934\" data-end=\"6970\">Indicaciones y contraindicaciones<\/h2>\n<p data-start=\"6972\" data-end=\"7240\"><strong data-start=\"6972\" data-end=\"6983\">Liftera<\/strong> est\u00e1 indicado para personas que presentan signos iniciales o moderados de flacidez facial o corporal, pero que no desean someterse a cirug\u00eda. Es ideal para hombres y mujeres a partir de los 35 a\u00f1os que buscan mejorar el aspecto de su piel de forma natural.<\/p>\n<p data-start=\"7242\" data-end=\"7299\">No obstante, no est\u00e1 recomendado en los siguientes casos:<\/p>\n<ul style=\"list-style-type: square;\" data-start=\"7301\" data-end=\"7454\">\n<li data-start=\"7301\" data-end=\"7323\">\n<p data-start=\"7303\" data-end=\"7323\">Embarazo o lactancia<\/p>\n<\/li>\n<li data-start=\"7324\" data-end=\"7378\">\n<p data-start=\"7326\" data-end=\"7378\">Implantes met\u00e1licos o marcapasos en la zona a tratar<\/p>\n<\/li>\n<li data-start=\"7379\" data-end=\"7410\">\n<p data-start=\"7381\" data-end=\"7410\">Enfermedades cut\u00e1neas activas<\/p>\n<\/li>\n<li data-start=\"7411\" data-end=\"7454\">\n<p data-start=\"7413\" data-end=\"7454\">Heridas abiertas o infecciones en la piel<\/p>\n<\/li>\n<\/ul>\n<h2 data-start=\"7456\" data-end=\"7488\">\u00bfExisten efectos secundarios?<\/h2>\n<p data-start=\"7490\" data-end=\"7805\">Los efectos secundarios son m\u00ednimos y transitorios. Algunos pacientes pueden experimentar <strong data-start=\"7580\" data-end=\"7639\">enrojecimiento leve, hinchaz\u00f3n o sensaci\u00f3n de hormigueo<\/strong>, pero estos s\u00edntomas suelen desaparecer en pocas horas. La mayor\u00eda de los pacientes pueden retomar sus actividades cotidianas inmediatamente despu\u00e9s del tratamiento.<\/p>\n<p data-start=\"7875\" data-end=\"8265\">Por consiguiente, podemos afirmar que liftera representa una <strong data-start=\"7898\" data-end=\"7952\">alternativa segura y eficaz al lifting tradicional<\/strong>, especialmente para quienes buscan rejuvenecer su piel sin recurrir a procedimientos invasivos. Su capacidad para estimular el col\u00e1geno, reafirmar los tejidos y ofrecer resultados visibles con una sola sesi\u00f3n lo convierten en una herramienta de referencia en cl\u00ednicas est\u00e9ticas y dermatol\u00f3gicas de todo el mundo.<\/p>\n<p data-start=\"8267\" data-end=\"8521\">Su creciente demanda responde no solo a los avances tecnol\u00f3gicos que incorpora, sino tambi\u00e9n a una nueva filosof\u00eda de cuidado est\u00e9tico, donde <strong data-start=\"8409\" data-end=\"8466\">la naturalidad, la prevenci\u00f3n y la m\u00ednima invasividad<\/strong> son valores cada vez m\u00e1s apreciados por los pacientes.<\/p>\n<p data-start=\"8267\" data-end=\"8521\">Para cualquier consulta sobre Liftera u otros tratamientos faciales, en Idermic, tu <strong><a href=\"http:\/\/idermic.es\/\">dermat\u00f3logo en Terrassa<\/a><\/strong> estaremos encantados de atenderte.<\/p>\n<\/div><div class=\"fusion-clearfix\"><\/div><\/div><\/div><\/div><div class=\"fusion-builder-row fusion-row\"><\/div><\/div><\/p>\n","protected":false},"excerpt":{"rendered":"<p>Descubre qu\u00e9 es Liftera, c\u00f3mo funciona este tratamiento con HIFU facial y por qu\u00e9 es una alternativa al lifting sin cirug\u00eda.<\/p>\n","protected":false},"author":3,"featured_media":8179,"comment_status":"open","ping_status":"closed","sticky":false,"template":"","format":"standard","meta":{"_joinchat":[],"footnotes":""},"categories":[52,37],"tags":[104,108,48],"class_list":["post-8175","post","type-post","status-publish","format-standard","has-post-thumbnail","hentry","category-dermatologia","category-tecnologia","tag-piel","tag-procedimientos-faciales","tag-rejuvenecimiento-de-la-piel"],"yoast_head":"<!-- This site is optimized with the Yoast SEO plugin v28.4 - https:\/\/yoast.com\/product\/yoast-seo-wordpress\/ -->\n<title>Qu\u00e9 es Liftera -<\/title>\n<meta name=\"description\" content=\"Descubre qu\u00e9 es Liftera, c\u00f3mo funciona este tratamiento con HIFU facial y por qu\u00e9 es una alternativa al lifting sin cirug\u00eda.\" \/>\n<meta name=\"robots\" content=\"index, follow, max-snippet:-1, max-image-preview:large, max-video-preview:-1\" \/>\n<link rel=\"canonical\" href=\"https:\/\/www.idermic.es\/es\/que-es-liftera\/\" \/>\n<meta property=\"og:locale\" content=\"es_ES\" \/>\n<meta property=\"og:type\" content=\"article\" \/>\n<meta property=\"og:title\" content=\"Qu\u00e9 es Liftera -\" \/>\n<meta property=\"og:description\" content=\"Descubre qu\u00e9 es Liftera, c\u00f3mo funciona este tratamiento con HIFU facial y por qu\u00e9 es una alternativa al lifting sin cirug\u00eda.\" \/>\n<meta property=\"og:url\" content=\"https:\/\/www.idermic.es\/es\/que-es-liftera\/\" \/>\n<meta property=\"og:site_name\" content=\"Idermic. Dermatolog\u00eda en Terrassa\" \/>\n<meta property=\"article:publisher\" content=\"https:\/\/www.facebook.com\/Idermic\" \/>\n<meta property=\"article:published_time\" content=\"2025-08-20T07:58:19+00:00\" \/>\n<meta property=\"article:modified_time\" content=\"2026-06-05T15:32:19+00:00\" \/>\n<meta property=\"og:image\" content=\"https:\/\/www.idermic.es\/wp-content\/uploads\/2025\/08\/Que-es-Liftera.png\" \/>\n\t<meta property=\"og:image:width\" content=\"1024\" \/>\n\t<meta property=\"og:image:height\" content=\"1024\" \/>\n\t<meta property=\"og:image:type\" content=\"image\/png\" \/>\n<meta name=\"author\" content=\"Equipo\" \/>\n<meta name=\"twitter:card\" content=\"summary_large_image\" \/>\n<meta name=\"twitter:creator\" content=\"@idermic\" \/>\n<meta name=\"twitter:site\" content=\"@idermic\" \/>\n<meta name=\"twitter:label1\" content=\"Escrito por\" \/>\n\t<meta name=\"twitter:data1\" content=\"Equipo\" \/>\n\t<meta name=\"twitter:label2\" content=\"Tiempo de lectura\" \/>\n\t<meta name=\"twitter:data2\" content=\"5 minutos\" \/>\n<script type=\"application\/ld+json\" class=\"yoast-schema-graph\">{\"@context\":\"https:\\\/\\\/schema.org\",\"@graph\":[{\"@type\":\"Article\",\"@id\":\"https:\\\/\\\/www.idermic.es\\\/es\\\/que-es-liftera\\\/#article\",\"isPartOf\":{\"@id\":\"https:\\\/\\\/www.idermic.es\\\/es\\\/que-es-liftera\\\/\"},\"author\":{\"name\":\"Equipo\",\"@id\":\"https:\\\/\\\/www.idermic.es\\\/#\\\/schema\\\/person\\\/c12703027a878b23d3c71c87921a82f8\"},\"headline\":\"Qu\u00e9 es Liftera\",\"datePublished\":\"2025-08-20T07:58:19+00:00\",\"dateModified\":\"2026-06-05T15:32:19+00:00\",\"mainEntityOfPage\":{\"@id\":\"https:\\\/\\\/www.idermic.es\\\/es\\\/que-es-liftera\\\/\"},\"wordCount\":2024,\"commentCount\":0,\"publisher\":{\"@id\":\"https:\\\/\\\/www.idermic.es\\\/#organization\"},\"image\":{\"@id\":\"https:\\\/\\\/www.idermic.es\\\/es\\\/que-es-liftera\\\/#primaryimage\"},\"thumbnailUrl\":\"https:\\\/\\\/www.idermic.es\\\/wp-content\\\/uploads\\\/2025\\\/08\\\/Que-es-Liftera.png\",\"keywords\":[\"piel\",\"procedimientos faciales\",\"rejuvenecimiento de la piel\"],\"articleSection\":[\"Dermatolog\u00eda\",\"Tecnolog\u00eda\"],\"inLanguage\":\"es\",\"potentialAction\":[{\"@type\":\"CommentAction\",\"name\":\"Comment\",\"target\":[\"https:\\\/\\\/www.idermic.es\\\/es\\\/que-es-liftera\\\/#respond\"]}]},{\"@type\":\"WebPage\",\"@id\":\"https:\\\/\\\/www.idermic.es\\\/es\\\/que-es-liftera\\\/\",\"url\":\"https:\\\/\\\/www.idermic.es\\\/es\\\/que-es-liftera\\\/\",\"name\":\"Qu\u00e9 es Liftera -\",\"isPartOf\":{\"@id\":\"https:\\\/\\\/www.idermic.es\\\/#website\"},\"primaryImageOfPage\":{\"@id\":\"https:\\\/\\\/www.idermic.es\\\/es\\\/que-es-liftera\\\/#primaryimage\"},\"image\":{\"@id\":\"https:\\\/\\\/www.idermic.es\\\/es\\\/que-es-liftera\\\/#primaryimage\"},\"thumbnailUrl\":\"https:\\\/\\\/www.idermic.es\\\/wp-content\\\/uploads\\\/2025\\\/08\\\/Que-es-Liftera.png\",\"datePublished\":\"2025-08-20T07:58:19+00:00\",\"dateModified\":\"2026-06-05T15:32:19+00:00\",\"description\":\"Descubre qu\u00e9 es Liftera, c\u00f3mo funciona este tratamiento con HIFU facial y por qu\u00e9 es una alternativa al lifting sin cirug\u00eda.\",\"breadcrumb\":{\"@id\":\"https:\\\/\\\/www.idermic.es\\\/es\\\/que-es-liftera\\\/#breadcrumb\"},\"inLanguage\":\"es\",\"potentialAction\":[{\"@type\":\"ReadAction\",\"target\":[\"https:\\\/\\\/www.idermic.es\\\/es\\\/que-es-liftera\\\/\"]}]},{\"@type\":\"ImageObject\",\"inLanguage\":\"es\",\"@id\":\"https:\\\/\\\/www.idermic.es\\\/es\\\/que-es-liftera\\\/#primaryimage\",\"url\":\"https:\\\/\\\/www.idermic.es\\\/wp-content\\\/uploads\\\/2025\\\/08\\\/Que-es-Liftera.png\",\"contentUrl\":\"https:\\\/\\\/www.idermic.es\\\/wp-content\\\/uploads\\\/2025\\\/08\\\/Que-es-Liftera.png\",\"width\":1024,\"height\":1024,\"caption\":\"HIFU facial. Qu\u00e9 es Liftera\"},{\"@type\":\"BreadcrumbList\",\"@id\":\"https:\\\/\\\/www.idermic.es\\\/es\\\/que-es-liftera\\\/#breadcrumb\",\"itemListElement\":[{\"@type\":\"ListItem\",\"position\":1,\"name\":\"Inici\",\"item\":\"https:\\\/\\\/www.idermic.es\\\/es\\\/\"},{\"@type\":\"ListItem\",\"position\":2,\"name\":\"Qu\u00e9 es Liftera\"}]},{\"@type\":\"WebSite\",\"@id\":\"https:\\\/\\\/www.idermic.es\\\/#website\",\"url\":\"https:\\\/\\\/www.idermic.es\\\/\",\"name\":\"Idermic. Dermatolog\u00eda en Terrassa\",\"description\":\"Dermatolog\u00eda, Medicina est\u00e9tica, Cirurg\u00eda Pl\u00e0stica\",\"publisher\":{\"@id\":\"https:\\\/\\\/www.idermic.es\\\/#organization\"},\"potentialAction\":[{\"@type\":\"SearchAction\",\"target\":{\"@type\":\"EntryPoint\",\"urlTemplate\":\"https:\\\/\\\/www.idermic.es\\\/?s={search_term_string}\"},\"query-input\":{\"@type\":\"PropertyValueSpecification\",\"valueRequired\":true,\"valueName\":\"search_term_string\"}}],\"inLanguage\":\"es\"},{\"@type\":\"Organization\",\"@id\":\"https:\\\/\\\/www.idermic.es\\\/#organization\",\"name\":\"Idermic. Dermatolog\u00eda en Terrassa\",\"url\":\"https:\\\/\\\/www.idermic.es\\\/\",\"logo\":{\"@type\":\"ImageObject\",\"inLanguage\":\"es\",\"@id\":\"https:\\\/\\\/www.idermic.es\\\/#\\\/schema\\\/logo\\\/image\\\/\",\"url\":\"https:\\\/\\\/www.idermic.es\\\/wp-content\\\/uploads\\\/2025\\\/10\\\/Logo-Idermic.jpg\",\"contentUrl\":\"https:\\\/\\\/www.idermic.es\\\/wp-content\\\/uploads\\\/2025\\\/10\\\/Logo-Idermic.jpg\",\"width\":501,\"height\":502,\"caption\":\"Idermic. Dermatolog\u00eda en Terrassa\"},\"image\":{\"@id\":\"https:\\\/\\\/www.idermic.es\\\/#\\\/schema\\\/logo\\\/image\\\/\"},\"sameAs\":[\"https:\\\/\\\/www.facebook.com\\\/Idermic\",\"https:\\\/\\\/x.com\\\/idermic\",\"https:\\\/\\\/www.instagram.com\\\/idermicclinic\\\/\",\"https:\\\/\\\/www.youtube.com\\\/channel\\\/UCyAHC9-p8lc6hr_nguO8p_g\"]},{\"@type\":\"Person\",\"@id\":\"https:\\\/\\\/www.idermic.es\\\/#\\\/schema\\\/person\\\/c12703027a878b23d3c71c87921a82f8\",\"name\":\"Equipo\",\"image\":{\"@type\":\"ImageObject\",\"inLanguage\":\"es\",\"@id\":\"https:\\\/\\\/secure.gravatar.com\\\/avatar\\\/7ca0be23248108c6b0887e0693b7dcf7764bd3503f84d1f04e6653ef7c3b9420?s=96&d=mm&r=g\",\"url\":\"https:\\\/\\\/secure.gravatar.com\\\/avatar\\\/7ca0be23248108c6b0887e0693b7dcf7764bd3503f84d1f04e6653ef7c3b9420?s=96&d=mm&r=g\",\"contentUrl\":\"https:\\\/\\\/secure.gravatar.com\\\/avatar\\\/7ca0be23248108c6b0887e0693b7dcf7764bd3503f84d1f04e6653ef7c3b9420?s=96&d=mm&r=g\",\"caption\":\"Equipo\"},\"description\":\"Equipo de Idermic\"}]}<\/script>\n<!-- \/ Yoast SEO plugin. -->","yoast_head_json":{"title":"Qu\u00e9 es Liftera -","description":"Descubre qu\u00e9 es Liftera, c\u00f3mo funciona este tratamiento con HIFU facial y por qu\u00e9 es una alternativa al lifting sin cirug\u00eda.","robots":{"index":"index","follow":"follow","max-snippet":"max-snippet:-1","max-image-preview":"max-image-preview:large","max-video-preview":"max-video-preview:-1"},"canonical":"https:\/\/www.idermic.es\/es\/que-es-liftera\/","og_locale":"es_ES","og_type":"article","og_title":"Qu\u00e9 es Liftera -","og_description":"Descubre qu\u00e9 es Liftera, c\u00f3mo funciona este tratamiento con HIFU facial y por qu\u00e9 es una alternativa al lifting sin cirug\u00eda.","og_url":"https:\/\/www.idermic.es\/es\/que-es-liftera\/","og_site_name":"Idermic. Dermatolog\u00eda en Terrassa","article_publisher":"https:\/\/www.facebook.com\/Idermic","article_published_time":"2025-08-20T07:58:19+00:00","article_modified_time":"2026-06-05T15:32:19+00:00","og_image":[{"width":1024,"height":1024,"url":"https:\/\/www.idermic.es\/wp-content\/uploads\/2025\/08\/Que-es-Liftera.png","type":"image\/png"}],"author":"Equipo","twitter_card":"summary_large_image","twitter_creator":"@idermic","twitter_site":"@idermic","twitter_misc":{"Escrito por":"Equipo","Tiempo de lectura":"5 minutos"},"schema":{"@context":"https:\/\/schema.org","@graph":[{"@type":"Article","@id":"https:\/\/www.idermic.es\/es\/que-es-liftera\/#article","isPartOf":{"@id":"https:\/\/www.idermic.es\/es\/que-es-liftera\/"},"author":{"name":"Equipo","@id":"https:\/\/www.idermic.es\/#\/schema\/person\/c12703027a878b23d3c71c87921a82f8"},"headline":"Qu\u00e9 es Liftera","datePublished":"2025-08-20T07:58:19+00:00","dateModified":"2026-06-05T15:32:19+00:00","mainEntityOfPage":{"@id":"https:\/\/www.idermic.es\/es\/que-es-liftera\/"},"wordCount":2024,"commentCount":0,"publisher":{"@id":"https:\/\/www.idermic.es\/#organization"},"image":{"@id":"https:\/\/www.idermic.es\/es\/que-es-liftera\/#primaryimage"},"thumbnailUrl":"https:\/\/www.idermic.es\/wp-content\/uploads\/2025\/08\/Que-es-Liftera.png","keywords":["piel","procedimientos faciales","rejuvenecimiento de la piel"],"articleSection":["Dermatolog\u00eda","Tecnolog\u00eda"],"inLanguage":"es","potentialAction":[{"@type":"CommentAction","name":"Comment","target":["https:\/\/www.idermic.es\/es\/que-es-liftera\/#respond"]}]},{"@type":"WebPage","@id":"https:\/\/www.idermic.es\/es\/que-es-liftera\/","url":"https:\/\/www.idermic.es\/es\/que-es-liftera\/","name":"Qu\u00e9 es Liftera -","isPartOf":{"@id":"https:\/\/www.idermic.es\/#website"},"primaryImageOfPage":{"@id":"https:\/\/www.idermic.es\/es\/que-es-liftera\/#primaryimage"},"image":{"@id":"https:\/\/www.idermic.es\/es\/que-es-liftera\/#primaryimage"},"thumbnailUrl":"https:\/\/www.idermic.es\/wp-content\/uploads\/2025\/08\/Que-es-Liftera.png","datePublished":"2025-08-20T07:58:19+00:00","dateModified":"2026-06-05T15:32:19+00:00","description":"Descubre qu\u00e9 es Liftera, c\u00f3mo funciona este tratamiento con HIFU facial y por qu\u00e9 es una alternativa al lifting sin cirug\u00eda.","breadcrumb":{"@id":"https:\/\/www.idermic.es\/es\/que-es-liftera\/#breadcrumb"},"inLanguage":"es","potentialAction":[{"@type":"ReadAction","target":["https:\/\/www.idermic.es\/es\/que-es-liftera\/"]}]},{"@type":"ImageObject","inLanguage":"es","@id":"https:\/\/www.idermic.es\/es\/que-es-liftera\/#primaryimage","url":"https:\/\/www.idermic.es\/wp-content\/uploads\/2025\/08\/Que-es-Liftera.png","contentUrl":"https:\/\/www.idermic.es\/wp-content\/uploads\/2025\/08\/Que-es-Liftera.png","width":1024,"height":1024,"caption":"HIFU facial. Qu\u00e9 es Liftera"},{"@type":"BreadcrumbList","@id":"https:\/\/www.idermic.es\/es\/que-es-liftera\/#breadcrumb","itemListElement":[{"@type":"ListItem","position":1,"name":"Inici","item":"https:\/\/www.idermic.es\/es\/"},{"@type":"ListItem","position":2,"name":"Qu\u00e9 es Liftera"}]},{"@type":"WebSite","@id":"https:\/\/www.idermic.es\/#website","url":"https:\/\/www.idermic.es\/","name":"Idermic. Dermatolog\u00eda en Terrassa","description":"Dermatolog\u00eda, Medicina est\u00e9tica, Cirurg\u00eda Pl\u00e0stica","publisher":{"@id":"https:\/\/www.idermic.es\/#organization"},"potentialAction":[{"@type":"SearchAction","target":{"@type":"EntryPoint","urlTemplate":"https:\/\/www.idermic.es\/?s={search_term_string}"},"query-input":{"@type":"PropertyValueSpecification","valueRequired":true,"valueName":"search_term_string"}}],"inLanguage":"es"},{"@type":"Organization","@id":"https:\/\/www.idermic.es\/#organization","name":"Idermic. Dermatolog\u00eda en Terrassa","url":"https:\/\/www.idermic.es\/","logo":{"@type":"ImageObject","inLanguage":"es","@id":"https:\/\/www.idermic.es\/#\/schema\/logo\/image\/","url":"https:\/\/www.idermic.es\/wp-content\/uploads\/2025\/10\/Logo-Idermic.jpg","contentUrl":"https:\/\/www.idermic.es\/wp-content\/uploads\/2025\/10\/Logo-Idermic.jpg","width":501,"height":502,"caption":"Idermic. Dermatolog\u00eda en Terrassa"},"image":{"@id":"https:\/\/www.idermic.es\/#\/schema\/logo\/image\/"},"sameAs":["https:\/\/www.facebook.com\/Idermic","https:\/\/x.com\/idermic","https:\/\/www.instagram.com\/idermicclinic\/","https:\/\/www.youtube.com\/channel\/UCyAHC9-p8lc6hr_nguO8p_g"]},{"@type":"Person","@id":"https:\/\/www.idermic.es\/#\/schema\/person\/c12703027a878b23d3c71c87921a82f8","name":"Equipo","image":{"@type":"ImageObject","inLanguage":"es","@id":"https:\/\/secure.gravatar.com\/avatar\/7ca0be23248108c6b0887e0693b7dcf7764bd3503f84d1f04e6653ef7c3b9420?s=96&d=mm&r=g","url":"https:\/\/secure.gravatar.com\/avatar\/7ca0be23248108c6b0887e0693b7dcf7764bd3503f84d1f04e6653ef7c3b9420?s=96&d=mm&r=g","contentUrl":"https:\/\/secure.gravatar.com\/avatar\/7ca0be23248108c6b0887e0693b7dcf7764bd3503f84d1f04e6653ef7c3b9420?s=96&d=mm&r=g","caption":"Equipo"},"description":"Equipo de Idermic"}]}},"_links":{"self":[{"href":"https:\/\/www.idermic.es\/es\/wp-json\/wp\/v2\/posts\/8175","targetHints":{"allow":["GET"]}}],"collection":[{"href":"https:\/\/www.idermic.es\/es\/wp-json\/wp\/v2\/posts"}],"about":[{"href":"https:\/\/www.idermic.es\/es\/wp-json\/wp\/v2\/types\/post"}],"author":[{"embeddable":true,"href":"https:\/\/www.idermic.es\/es\/wp-json\/wp\/v2\/users\/3"}],"replies":[{"embeddable":true,"href":"https:\/\/www.idermic.es\/es\/wp-json\/wp\/v2\/comments?post=8175"}],"version-history":[{"count":9,"href":"https:\/\/www.idermic.es\/es\/wp-json\/wp\/v2\/posts\/8175\/revisions"}],"predecessor-version":[{"id":9966,"href":"https:\/\/www.idermic.es\/es\/wp-json\/wp\/v2\/posts\/8175\/revisions\/9966"}],"wp:featuredmedia":[{"embeddable":true,"href":"https:\/\/www.idermic.es\/es\/wp-json\/wp\/v2\/media\/8179"}],"wp:attachment":[{"href":"https:\/\/www.idermic.es\/es\/wp-json\/wp\/v2\/media?parent=8175"}],"wp:term":[{"taxonomy":"category","embeddable":true,"href":"https:\/\/www.idermic.es\/es\/wp-json\/wp\/v2\/categories?post=8175"},{"taxonomy":"post_tag","embeddable":true,"href":"https:\/\/www.idermic.es\/es\/wp-json\/wp\/v2\/tags?post=8175"}],"curies":[{"name":"wp","href":"https:\/\/api.w.org\/{rel}","templated":true}]}}