{"id":8122,"date":"2025-08-18T11:49:52","date_gmt":"2025-08-18T11:49:52","guid":{"rendered":"https:\/\/www.idermic.es\/?p=8122"},"modified":"2025-08-18T14:20:36","modified_gmt":"2025-08-18T14:20:36","slug":"laser-de-co2-en-dermatologia-el-dermatologo-te-explica-sus-aplicaciones","status":"publish","type":"post","link":"https:\/\/www.idermic.es\/es\/laser-de-co2-en-dermatologia-el-dermatologo-te-explica-sus-aplicaciones\/","title":{"rendered":"L\u00e1ser de CO2 en dermatolog\u00eda. El dermat\u00f3logo te explica sus aplicaciones"},"content":{"rendered":"<p><div class=\"fusion-fullwidth fullwidth-box fusion-builder-row-1 nonhundred-percent-fullwidth non-hundred-percent-height-scrolling\" style=\"--awb-border-radius-top-left:0px;--awb-border-radius-top-right:0px;--awb-border-radius-bottom-right:0px;--awb-border-radius-bottom-left:0px;--awb-flex-wrap:wrap;\" ><div class=\"fusion-builder-row fusion-row\"><div class=\"fusion-layout-column fusion_builder_column fusion-builder-column-0 fusion_builder_column_1_1 1_1 fusion-one-full fusion-column-first fusion-column-last\" style=\"--awb-bg-size:cover;\"><div class=\"fusion-column-wrapper fusion-flex-column-wrapper-legacy\"><div class=\"fusion-text fusion-text-1\"><h1 style=\"text-align: center;\">L\u00e1ser de CO2 en dermatolog\u00eda. El dermat\u00f3logo te explica sus aplicaciones<\/h1>\n<\/div><div class=\"fusion-clearfix\"><\/div><\/div><\/div><\/div><\/div><div class=\"fusion-fullwidth fullwidth-box fusion-builder-row-2 nonhundred-percent-fullwidth non-hundred-percent-height-scrolling\" style=\"--awb-border-radius-top-left:0px;--awb-border-radius-top-right:0px;--awb-border-radius-bottom-right:0px;--awb-border-radius-bottom-left:0px;--awb-flex-wrap:wrap;\" ><div class=\"fusion-builder-row fusion-row\"><div class=\"fusion-layout-column fusion_builder_column fusion-builder-column-1 fusion_builder_column_1_2 1_2 fusion-one-half fusion-column-first\" style=\"--awb-bg-size:cover;width:50%;width:calc(50% - ( ( 4% ) * 0.5 ) );margin-right: 4%;\"><div class=\"fusion-column-wrapper fusion-flex-column-wrapper-legacy\"><div class=\"fusion-text fusion-text-2\"><p data-start=\"147\" data-end=\"734\">Como dermat\u00f3logos de Idermic, trabajamos frecuentemente con una de las herramientas m\u00e1s vers\u00e1tiles y precisas que tenemos en medicina est\u00e9tica y dermatolog\u00eda: el l\u00e1ser de CO2.<\/p>\n<p data-start=\"147\" data-end=\"734\">Se trata de una tecnolog\u00eda que emite un haz de luz capaz de vaporizar de forma controlada las capas superficiales de la piel, lo que permite tratar lesiones cut\u00e1neas, rejuvenecer la piel y estimular la producci\u00f3n de col\u00e1geno.<\/p>\n<p data-start=\"147\" data-end=\"734\">Su gran ventaja es que combina eficacia con seguridad, ya que nos permite actuar con exactitud milim\u00e9trica en la zona a tratar, minimizando los riesgos y reduciendo los tiempos de recuperaci\u00f3n.<\/p>\n<\/div><div class=\"fusion-clearfix\"><\/div><\/div><\/div><div class=\"fusion-layout-column fusion_builder_column fusion-builder-column-2 fusion_builder_column_1_2 1_2 fusion-one-half fusion-column-last\" style=\"--awb-bg-size:cover;width:50%;width:calc(50% - ( ( 4% ) * 0.5 ) );\"><div class=\"fusion-column-wrapper fusion-flex-column-wrapper-legacy\"><div class=\"fusion-image-element in-legacy-container\" style=\"--awb-caption-title-font-family:var(--h2_typography-font-family);--awb-caption-title-font-weight:var(--h2_typography-font-weight);--awb-caption-title-font-style:var(--h2_typography-font-style);--awb-caption-title-size:var(--h2_typography-font-size);--awb-caption-title-transform:var(--h2_typography-text-transform);--awb-caption-title-line-height:var(--h2_typography-line-height);--awb-caption-title-letter-spacing:var(--h2_typography-letter-spacing);\"><span class=\" fusion-imageframe imageframe-none imageframe-1 hover-type-none\"><img decoding=\"async\" width=\"200\" height=\"300\" alt=\"L\u00e1ser de CO2 en dermatolog\u00eda\" title=\"L\u00e1ser CO2\" src=\"https:\/\/www.idermic.es\/wp-content\/uploads\/2025\/08\/Laser-CO2-200x300.png\" class=\"img-responsive wp-image-8126\" srcset=\"https:\/\/www.idermic.es\/wp-content\/uploads\/2025\/08\/Laser-CO2-200x300.png 200w, https:\/\/www.idermic.es\/wp-content\/uploads\/2025\/08\/Laser-CO2-400x600.png 400w, https:\/\/www.idermic.es\/wp-content\/uploads\/2025\/08\/Laser-CO2-600x900.png 600w, https:\/\/www.idermic.es\/wp-content\/uploads\/2025\/08\/Laser-CO2-800x1200.png 800w, https:\/\/www.idermic.es\/wp-content\/uploads\/2025\/08\/Laser-CO2.png 1024w\" sizes=\"(max-width: 800px) 100vw, 200px\" \/><\/span><\/div><div class=\"fusion-clearfix\"><\/div><\/div><\/div><\/div><\/div><div class=\"fusion-fullwidth fullwidth-box fusion-builder-row-3 nonhundred-percent-fullwidth non-hundred-percent-height-scrolling\" style=\"--awb-border-radius-top-left:0px;--awb-border-radius-top-right:0px;--awb-border-radius-bottom-right:0px;--awb-border-radius-bottom-left:0px;--awb-flex-wrap:wrap;\" ><div class=\"fusion-builder-row fusion-row\"><div class=\"fusion-layout-column fusion_builder_column fusion-builder-column-3 fusion_builder_column_1_1 1_1 fusion-one-full fusion-column-first fusion-column-last\" style=\"--awb-bg-size:cover;\"><div class=\"fusion-column-wrapper fusion-flex-column-wrapper-legacy\"><div class=\"fusion-sep-clear\"><\/div><div class=\"fusion-separator fusion-full-width-sep\" style=\"margin-left: auto;margin-right: auto;width:100%;\"><div class=\"fusion-separator-border sep-double\" style=\"--awb-height:20px;--awb-amount:20px;border-color:#e0dede;border-top-width:1px;border-bottom-width:1px;\"><\/div><\/div><div class=\"fusion-sep-clear\"><\/div><div class=\"fusion-clearfix\"><\/div><\/div><\/div><\/div><\/div><div class=\"fusion-fullwidth fullwidth-box fusion-builder-row-4 nonhundred-percent-fullwidth non-hundred-percent-height-scrolling\" style=\"--awb-border-radius-top-left:0px;--awb-border-radius-top-right:0px;--awb-border-radius-bottom-right:0px;--awb-border-radius-bottom-left:0px;--awb-flex-wrap:wrap;\" ><div class=\"fusion-builder-row fusion-row\"><div class=\"fusion-layout-column fusion_builder_column fusion-builder-column-4 fusion_builder_column_1_1 1_1 fusion-one-full fusion-column-first fusion-column-last\" style=\"--awb-bg-size:cover;\"><div class=\"fusion-column-wrapper fusion-flex-column-wrapper-legacy\"><div class=\"fusion-text fusion-text-3\"><p data-start=\"3509\" data-end=\"3551\">En nuestra pr\u00e1ctica cl\u00ednica lo utilizamos para abordar m\u00faltiples indicaciones: desde la eliminaci\u00f3n de lesiones benignas como nevus o verrugas, hasta procedimientos est\u00e9ticos de gran demanda como la blefaroplastia sin cirug\u00eda o el tratamiento de arrugas y cicatrices. Adem\u00e1s, en los \u00faltimos a\u00f1os el l\u00e1ser de CO2 se ha convertido en un referente en la <strong>salud \u00edntima femenina<\/strong>, gracias a sus aplicaciones en el <a href=\"https:\/\/www.idermic.es\/es\/laser-vaginal-co2\/\">rejuvenecimiento vaginal<\/a> y en la mejora de la calidad de los tejidos. La experiencia acumulada en la cl\u00ednica y los resultados obtenidos con nuestros pacientes confirman que es una de las tecnolog\u00edas m\u00e1s eficaces para mejorar la salud y la apariencia de la piel, ofreciendo soluciones personalizadas seg\u00fan cada caso.<\/p>\n<h2 data-start=\"1459\" data-end=\"1500\">Uso del L\u00e1ser CO2 en la dermatolog\u00eda<\/h2>\n<p>Entre los principales usos del L\u00e1ser CO2 en la cl\u00ednica Idermic de Terrassa destacamos los siguientes:<\/p>\n<h3 data-start=\"1502\" data-end=\"2057\">Blefaroplastia con l\u00e1ser CO2<\/h3>\n<p data-start=\"1502\" data-end=\"2057\">La <a href=\"https:\/\/www.idermic.es\/es\/blefaroplastia-con-laser-co2\/\"><strong>blefaroplastia con l\u00e1ser CO2<\/strong><\/a> es una alternativa no quir\u00fargica para rejuvenecer la mirada. Consiste en tensar la piel del p\u00e1rpado superior e inferior eliminando el exceso de tejido y arrugas finas sin necesidad de bistur\u00ed. Este procedimiento permite mejorar el aspecto cansado y envejecido de los ojos, logrando resultados naturales con una recuperaci\u00f3n r\u00e1pida. Adem\u00e1s, el l\u00e1ser estimula la producci\u00f3n de col\u00e1geno, lo que contribuye a mantener los resultados a largo plazo y mejorar la firmeza de la piel periocular.<\/p>\n<h3 data-start=\"2059\" data-end=\"2621\">Eliminaci\u00f3n de nevus d\u00e9rmico con l\u00e1ser CO2<\/h3>\n<p data-start=\"2059\" data-end=\"2621\">El l\u00e1ser CO2 es altamente eficaz para la <a href=\"https:\/\/www.idermic.es\/es\/nevus-dermico-eliminacion-con-laser-co2\/\"><strong>eliminaci\u00f3n de nevus d\u00e9rmicos<\/strong><\/a> de forma segura y precisa. Este procedimiento vaporiza el tejido sin da\u00f1ar en exceso las estructuras circundantes, reduciendo as\u00ed el riesgo de cicatrices visibles. Es una t\u00e9cnica ambulatoria, m\u00ednimamente invasiva y muy bien tolerada por los pacientes. Permite eliminar lesiones que pueden resultar antiest\u00e9ticas o molestas, con un resultado est\u00e9tico excelente y una recuperaci\u00f3n r\u00e1pida, sin necesidad de recurrir a m\u00e9todos quir\u00fargicos tradicionales.<\/p>\n<h3 data-start=\"2623\" data-end=\"3140\">L\u00e1ser vaginal CO2<\/h3>\n<p data-start=\"213\" data-end=\"703\">El <a href=\"https:\/\/www.idermic.es\/es\/laser-vaginal-co2\/\"><strong>l\u00e1ser vaginal CO2<\/strong><\/a> ha supuesto un gran avance en el cuidado de la salud \u00edntima y en la ginecolog\u00eda regenerativa. Gracias a la aplicaci\u00f3n de pulsos controlados sobre la mucosa vaginal, estimula la producci\u00f3n de col\u00e1geno y elastina, favoreciendo la recuperaci\u00f3n de la elasticidad y tonicidad de los tejidos. Este procedimiento resulta especialmente indicado para mujeres que experimentan sequedad, laxitud vaginal o molestias asociadas a la menopausia, al posparto o a cambios hormonales.<\/p>\n<p data-start=\"705\" data-end=\"1042\">Entre sus principales beneficios se encuentran la mejora de la hidrataci\u00f3n natural y del pH vaginal, la disminuci\u00f3n de la sequedad y la irritaci\u00f3n, as\u00ed como la recuperaci\u00f3n del confort durante las relaciones sexuales. Tambi\u00e9n contribuye a reforzar los tejidos de soporte, lo que ayuda a reducir s\u00edntomas de incontinencia urinaria leve.<\/p>\n<p data-start=\"1044\" data-end=\"1524\">Otra de sus ventajas es que se trata de un tratamiento no quir\u00fargico y pr\u00e1cticamente indoloro, que no requiere hospitalizaci\u00f3n ni periodo de baja m\u00e9dica. Las sesiones son r\u00e1pidas y permiten una reincorporaci\u00f3n inmediata a la vida cotidiana, lo que lo convierte en una opci\u00f3n c\u00f3moda y eficaz. Adem\u00e1s, los resultados son progresivos y acumulativos: tras varias sesiones, la paciente experimenta una notable mejora tanto en el bienestar f\u00edsico como en la calidad de vida emocional.<\/p>\n<p data-start=\"1526\" data-end=\"1755\">En Idermic, este procedimiento se aborda de forma personalizada, adaptando el n\u00famero de sesiones y la intensidad del tratamiento a las necesidades de cada mujer, con la seguridad y el respaldo m\u00e9dico que ofrece nuestra cl\u00ednica.<\/p>\n<h3 data-start=\"3697\" data-end=\"4258\">Tratamiento facial con l\u00e1ser CO2<\/h3>\n<p data-start=\"3697\" data-end=\"4258\">El l\u00e1ser CO2 fraccionado se emplea en <strong><a href=\"https:\/\/www.idermic.es\/es\/tratamiento-facial\/\">tratamientos faciales<\/a><\/strong> para renovar la piel, reducir manchas, atenuar arrugas y mejorar la textura. Al eliminar las capas superficiales da\u00f1adas y estimular la regeneraci\u00f3n, consigue un aspecto m\u00e1s uniforme, luminoso y joven. Es especialmente eficaz en pieles con signos de fotoenvejecimiento, aportando resultados progresivos y naturales. La personalizaci\u00f3n del tratamiento permite adaptarlo a las necesidades de cada paciente, combinando seguridad con un alto grado de satisfacci\u00f3n.<\/p>\n<h3 data-start=\"4794\" data-end=\"5312\">Tratamiento de cicatrices atr\u00f3ficas de acn\u00e9 con l\u00e1ser CO2<\/h3>\n<p data-start=\"4794\" data-end=\"5312\">El l\u00e1ser CO2 es una de las t\u00e9cnicas m\u00e1s efectivas para tratar <a href=\"https:\/\/www.idermic.es\/es\/tratamiento-de-las-cicatrices-atroficas-de-acne-con-laser\/\"><strong>cicatrices atr\u00f3ficas de acn\u00e9<\/strong><\/a>. Funciona remodelando el col\u00e1geno y favoreciendo la regeneraci\u00f3n de la piel en profundidad. De esta manera, las irregularidades se suavizan y la superficie cut\u00e1nea adquiere una textura m\u00e1s uniforme. Aunque requiere varias sesiones, los resultados son notables y duraderos, proporcionando mayor confianza a quienes han sufrido secuelas de acn\u00e9 moderado o severo.<\/p>\n<h3 data-start=\"5314\" data-end=\"5805\">Correcci\u00f3n de arrugas de expresi\u00f3n con l\u00e1ser CO2<\/h3>\n<p data-start=\"5314\" data-end=\"5805\">En dermatolog\u00eda est\u00e9tica, el l\u00e1ser CO2 se emplea para la <a href=\"https:\/\/www.idermic.es\/es\/dermatologia-estetica-tratamientos-para-corregir-las-arrugas-de-expresion\/\"><strong>correcci\u00f3n de las arrugas de expresi\u00f3n<\/strong><\/a>. El tratamiento act\u00faa tanto a nivel superficial como en la dermis profunda, estimulando col\u00e1geno y mejorando la elasticidad. Es una opci\u00f3n ideal para quienes buscan resultados naturales sin recurrir a t\u00e9cnicas quir\u00fargicas. Permite rejuvenecer el rostro de manera progresiva, mejorando la firmeza y aportando un aspecto m\u00e1s descansado y arm\u00f3nico.<\/p>\n<p data-start=\"5314\" data-end=\"5805\">Para cualquier consulta sobre el l\u00e1ser CO2 en dermatolog\u00eda, en Idermic, tu <strong><a href=\"http:\/\/idermic.es\/\">dermat\u00f3logo en Terrassa<\/a><\/strong> estaremos encantados de atenderte.<\/p>\n<\/div><div class=\"fusion-clearfix\"><\/div><\/div><\/div><\/div><\/div><div class=\"fusion-fullwidth fullwidth-box fusion-builder-row-5 nonhundred-percent-fullwidth non-hundred-percent-height-scrolling\" style=\"--awb-border-radius-top-left:0px;--awb-border-radius-top-right:0px;--awb-border-radius-bottom-right:0px;--awb-border-radius-bottom-left:0px;--awb-flex-wrap:wrap;\" ><div class=\"fusion-builder-row fusion-row\"><div class=\"fusion-layout-column fusion_builder_column fusion-builder-column-5 fusion_builder_column_1_1 1_1 fusion-one-full fusion-column-first fusion-column-last\" style=\"--awb-bg-size:cover;\"><div class=\"fusion-column-wrapper fusion-flex-column-wrapper-legacy\"><div class=\"fusion-sep-clear\"><\/div><div class=\"fusion-separator fusion-full-width-sep\" style=\"margin-left: auto;margin-right: auto;width:100%;\"><div class=\"fusion-separator-border sep-double\" style=\"--awb-height:20px;--awb-amount:20px;border-color:#e0dede;border-top-width:1px;border-bottom-width:1px;\"><\/div><\/div><div class=\"fusion-sep-clear\"><\/div><div class=\"fusion-clearfix\"><\/div><\/div><\/div><\/div><\/div><div class=\"fusion-fullwidth fullwidth-box fusion-builder-row-6 nonhundred-percent-fullwidth non-hundred-percent-height-scrolling\" style=\"--awb-border-radius-top-left:0px;--awb-border-radius-top-right:0px;--awb-border-radius-bottom-right:0px;--awb-border-radius-bottom-left:0px;--awb-flex-wrap:wrap;\" ><div class=\"fusion-builder-row fusion-row\"><div class=\"fusion-layout-column fusion_builder_column fusion-builder-column-6 fusion_builder_column_1_1 1_1 fusion-one-full fusion-column-first fusion-column-last\" style=\"--awb-bg-size:cover;\"><div class=\"fusion-column-wrapper fusion-flex-column-wrapper-legacy\"><div class=\"fusion-sep-clear\"><\/div><div class=\"fusion-separator fusion-full-width-sep\" style=\"margin-left: auto;margin-right: auto;width:100%;\"><div class=\"fusion-separator-border sep-double\" style=\"--awb-height:20px;--awb-amount:20px;border-color:#e0dede;border-top-width:1px;border-bottom-width:1px;\"><\/div><\/div><div class=\"fusion-sep-clear\"><\/div><div class=\"fusion-clearfix\"><\/div><\/div><\/div><\/div><\/div><\/p>\n","protected":false},"excerpt":{"rendered":"<p>L\u00e1ser CO2 en dermatolog\u00eda: rejuvenecimiento, eliminaci\u00f3n de lesiones y salud \u00edntima con resultados seguros y naturales en Idermic.<\/p>\n","protected":false},"author":3,"featured_media":8123,"comment_status":"open","ping_status":"closed","sticky":false,"template":"","format":"standard","meta":{"_joinchat":[],"footnotes":""},"categories":[37],"tags":[],"class_list":["post-8122","post","type-post","status-publish","format-standard","has-post-thumbnail","hentry","category-tecnologia"],"yoast_head":"<!-- This site is optimized with the Yoast SEO plugin v28.4 - https:\/\/yoast.com\/product\/yoast-seo-wordpress\/ -->\n<title>L\u00e1ser de CO2 en dermatolog\u00eda. El dermat\u00f3logo te explica sus aplicaciones -<\/title>\n<meta name=\"description\" content=\"L\u00e1ser CO2 en dermatolog\u00eda: rejuvenecimiento, eliminaci\u00f3n de lesiones y salud \u00edntima con resultados seguros y naturales en Idermic.\" \/>\n<meta name=\"robots\" content=\"index, follow, max-snippet:-1, max-image-preview:large, max-video-preview:-1\" \/>\n<link rel=\"canonical\" href=\"https:\/\/www.idermic.es\/es\/laser-de-co2-en-dermatologia-el-dermatologo-te-explica-sus-aplicaciones\/\" \/>\n<meta property=\"og:locale\" content=\"es_ES\" \/>\n<meta property=\"og:type\" content=\"article\" \/>\n<meta property=\"og:title\" content=\"L\u00e1ser de CO2 en dermatolog\u00eda. El dermat\u00f3logo te explica sus aplicaciones -\" \/>\n<meta property=\"og:description\" content=\"L\u00e1ser CO2 en dermatolog\u00eda: rejuvenecimiento, eliminaci\u00f3n de lesiones y salud \u00edntima con resultados seguros y naturales en Idermic.\" \/>\n<meta property=\"og:url\" content=\"https:\/\/www.idermic.es\/es\/laser-de-co2-en-dermatologia-el-dermatologo-te-explica-sus-aplicaciones\/\" \/>\n<meta property=\"og:site_name\" content=\"Idermic. Dermatolog\u00eda en Terrassa\" \/>\n<meta property=\"article:publisher\" content=\"https:\/\/www.facebook.com\/Idermic\" \/>\n<meta property=\"article:published_time\" content=\"2025-08-18T11:49:52+00:00\" \/>\n<meta property=\"article:modified_time\" content=\"2025-08-18T14:20:36+00:00\" \/>\n<meta property=\"og:image\" content=\"https:\/\/www.idermic.es\/wp-content\/uploads\/2025\/08\/Clinica-Idermic.jpg\" \/>\n\t<meta property=\"og:image:width\" content=\"695\" \/>\n\t<meta property=\"og:image:height\" content=\"558\" \/>\n\t<meta property=\"og:image:type\" content=\"image\/jpeg\" \/>\n<meta name=\"author\" content=\"Equipo\" \/>\n<meta name=\"twitter:card\" content=\"summary_large_image\" \/>\n<meta name=\"twitter:creator\" content=\"@idermic\" \/>\n<meta name=\"twitter:site\" content=\"@idermic\" \/>\n<meta name=\"twitter:label1\" content=\"Escrito por\" \/>\n\t<meta name=\"twitter:data1\" content=\"Equipo\" \/>\n\t<meta name=\"twitter:label2\" content=\"Tiempo de lectura\" \/>\n\t<meta name=\"twitter:data2\" content=\"7 minutos\" \/>\n<script type=\"application\/ld+json\" class=\"yoast-schema-graph\">{\"@context\":\"https:\\\/\\\/schema.org\",\"@graph\":[{\"@type\":\"Article\",\"@id\":\"https:\\\/\\\/www.idermic.es\\\/es\\\/laser-de-co2-en-dermatologia-el-dermatologo-te-explica-sus-aplicaciones\\\/#article\",\"isPartOf\":{\"@id\":\"https:\\\/\\\/www.idermic.es\\\/es\\\/laser-de-co2-en-dermatologia-el-dermatologo-te-explica-sus-aplicaciones\\\/\"},\"author\":{\"name\":\"Equipo\",\"@id\":\"https:\\\/\\\/www.idermic.es\\\/#\\\/schema\\\/person\\\/c12703027a878b23d3c71c87921a82f8\"},\"headline\":\"L\u00e1ser de CO2 en dermatolog\u00eda. El dermat\u00f3logo te explica sus aplicaciones\",\"datePublished\":\"2025-08-18T11:49:52+00:00\",\"dateModified\":\"2025-08-18T14:20:36+00:00\",\"mainEntityOfPage\":{\"@id\":\"https:\\\/\\\/www.idermic.es\\\/es\\\/laser-de-co2-en-dermatologia-el-dermatologo-te-explica-sus-aplicaciones\\\/\"},\"wordCount\":2467,\"commentCount\":0,\"publisher\":{\"@id\":\"https:\\\/\\\/www.idermic.es\\\/#organization\"},\"image\":{\"@id\":\"https:\\\/\\\/www.idermic.es\\\/es\\\/laser-de-co2-en-dermatologia-el-dermatologo-te-explica-sus-aplicaciones\\\/#primaryimage\"},\"thumbnailUrl\":\"https:\\\/\\\/www.idermic.es\\\/wp-content\\\/uploads\\\/2025\\\/08\\\/Clinica-Idermic.jpg\",\"articleSection\":[\"Tecnolog\u00eda\"],\"inLanguage\":\"es\",\"potentialAction\":[{\"@type\":\"CommentAction\",\"name\":\"Comment\",\"target\":[\"https:\\\/\\\/www.idermic.es\\\/es\\\/laser-de-co2-en-dermatologia-el-dermatologo-te-explica-sus-aplicaciones\\\/#respond\"]}]},{\"@type\":\"WebPage\",\"@id\":\"https:\\\/\\\/www.idermic.es\\\/es\\\/laser-de-co2-en-dermatologia-el-dermatologo-te-explica-sus-aplicaciones\\\/\",\"url\":\"https:\\\/\\\/www.idermic.es\\\/es\\\/laser-de-co2-en-dermatologia-el-dermatologo-te-explica-sus-aplicaciones\\\/\",\"name\":\"L\u00e1ser de CO2 en dermatolog\u00eda. El dermat\u00f3logo te explica sus aplicaciones -\",\"isPartOf\":{\"@id\":\"https:\\\/\\\/www.idermic.es\\\/#website\"},\"primaryImageOfPage\":{\"@id\":\"https:\\\/\\\/www.idermic.es\\\/es\\\/laser-de-co2-en-dermatologia-el-dermatologo-te-explica-sus-aplicaciones\\\/#primaryimage\"},\"image\":{\"@id\":\"https:\\\/\\\/www.idermic.es\\\/es\\\/laser-de-co2-en-dermatologia-el-dermatologo-te-explica-sus-aplicaciones\\\/#primaryimage\"},\"thumbnailUrl\":\"https:\\\/\\\/www.idermic.es\\\/wp-content\\\/uploads\\\/2025\\\/08\\\/Clinica-Idermic.jpg\",\"datePublished\":\"2025-08-18T11:49:52+00:00\",\"dateModified\":\"2025-08-18T14:20:36+00:00\",\"description\":\"L\u00e1ser CO2 en dermatolog\u00eda: rejuvenecimiento, eliminaci\u00f3n de lesiones y salud \u00edntima con resultados seguros y naturales en Idermic.\",\"breadcrumb\":{\"@id\":\"https:\\\/\\\/www.idermic.es\\\/es\\\/laser-de-co2-en-dermatologia-el-dermatologo-te-explica-sus-aplicaciones\\\/#breadcrumb\"},\"inLanguage\":\"es\",\"potentialAction\":[{\"@type\":\"ReadAction\",\"target\":[\"https:\\\/\\\/www.idermic.es\\\/es\\\/laser-de-co2-en-dermatologia-el-dermatologo-te-explica-sus-aplicaciones\\\/\"]}]},{\"@type\":\"ImageObject\",\"inLanguage\":\"es\",\"@id\":\"https:\\\/\\\/www.idermic.es\\\/es\\\/laser-de-co2-en-dermatologia-el-dermatologo-te-explica-sus-aplicaciones\\\/#primaryimage\",\"url\":\"https:\\\/\\\/www.idermic.es\\\/wp-content\\\/uploads\\\/2025\\\/08\\\/Clinica-Idermic.jpg\",\"contentUrl\":\"https:\\\/\\\/www.idermic.es\\\/wp-content\\\/uploads\\\/2025\\\/08\\\/Clinica-Idermic.jpg\",\"width\":695,\"height\":558,\"caption\":\"L\u00e1ser de CO2 en dermatolog\u00eda\"},{\"@type\":\"BreadcrumbList\",\"@id\":\"https:\\\/\\\/www.idermic.es\\\/es\\\/laser-de-co2-en-dermatologia-el-dermatologo-te-explica-sus-aplicaciones\\\/#breadcrumb\",\"itemListElement\":[{\"@type\":\"ListItem\",\"position\":1,\"name\":\"Inici\",\"item\":\"https:\\\/\\\/www.idermic.es\\\/es\\\/\"},{\"@type\":\"ListItem\",\"position\":2,\"name\":\"L\u00e1ser de CO2 en dermatolog\u00eda. El dermat\u00f3logo te explica sus aplicaciones\"}]},{\"@type\":\"WebSite\",\"@id\":\"https:\\\/\\\/www.idermic.es\\\/#website\",\"url\":\"https:\\\/\\\/www.idermic.es\\\/\",\"name\":\"Idermic. Dermatolog\u00eda en Terrassa\",\"description\":\"Dermatolog\u00eda, Medicina est\u00e9tica, Cirurg\u00eda Pl\u00e0stica\",\"publisher\":{\"@id\":\"https:\\\/\\\/www.idermic.es\\\/#organization\"},\"potentialAction\":[{\"@type\":\"SearchAction\",\"target\":{\"@type\":\"EntryPoint\",\"urlTemplate\":\"https:\\\/\\\/www.idermic.es\\\/?s={search_term_string}\"},\"query-input\":{\"@type\":\"PropertyValueSpecification\",\"valueRequired\":true,\"valueName\":\"search_term_string\"}}],\"inLanguage\":\"es\"},{\"@type\":\"Organization\",\"@id\":\"https:\\\/\\\/www.idermic.es\\\/#organization\",\"name\":\"Idermic. Dermatolog\u00eda en Terrassa\",\"url\":\"https:\\\/\\\/www.idermic.es\\\/\",\"logo\":{\"@type\":\"ImageObject\",\"inLanguage\":\"es\",\"@id\":\"https:\\\/\\\/www.idermic.es\\\/#\\\/schema\\\/logo\\\/image\\\/\",\"url\":\"https:\\\/\\\/www.idermic.es\\\/wp-content\\\/uploads\\\/2025\\\/10\\\/Logo-Idermic.jpg\",\"contentUrl\":\"https:\\\/\\\/www.idermic.es\\\/wp-content\\\/uploads\\\/2025\\\/10\\\/Logo-Idermic.jpg\",\"width\":501,\"height\":502,\"caption\":\"Idermic. Dermatolog\u00eda en Terrassa\"},\"image\":{\"@id\":\"https:\\\/\\\/www.idermic.es\\\/#\\\/schema\\\/logo\\\/image\\\/\"},\"sameAs\":[\"https:\\\/\\\/www.facebook.com\\\/Idermic\",\"https:\\\/\\\/x.com\\\/idermic\",\"https:\\\/\\\/www.instagram.com\\\/idermicclinic\\\/\",\"https:\\\/\\\/www.youtube.com\\\/channel\\\/UCyAHC9-p8lc6hr_nguO8p_g\"]},{\"@type\":\"Person\",\"@id\":\"https:\\\/\\\/www.idermic.es\\\/#\\\/schema\\\/person\\\/c12703027a878b23d3c71c87921a82f8\",\"name\":\"Equipo\",\"image\":{\"@type\":\"ImageObject\",\"inLanguage\":\"es\",\"@id\":\"https:\\\/\\\/secure.gravatar.com\\\/avatar\\\/7ca0be23248108c6b0887e0693b7dcf7764bd3503f84d1f04e6653ef7c3b9420?s=96&d=mm&r=g\",\"url\":\"https:\\\/\\\/secure.gravatar.com\\\/avatar\\\/7ca0be23248108c6b0887e0693b7dcf7764bd3503f84d1f04e6653ef7c3b9420?s=96&d=mm&r=g\",\"contentUrl\":\"https:\\\/\\\/secure.gravatar.com\\\/avatar\\\/7ca0be23248108c6b0887e0693b7dcf7764bd3503f84d1f04e6653ef7c3b9420?s=96&d=mm&r=g\",\"caption\":\"Equipo\"},\"description\":\"Equipo de Idermic\"}]}<\/script>\n<!-- \/ Yoast SEO plugin. -->","yoast_head_json":{"title":"L\u00e1ser de CO2 en dermatolog\u00eda. El dermat\u00f3logo te explica sus aplicaciones -","description":"L\u00e1ser CO2 en dermatolog\u00eda: rejuvenecimiento, eliminaci\u00f3n de lesiones y salud \u00edntima con resultados seguros y naturales en Idermic.","robots":{"index":"index","follow":"follow","max-snippet":"max-snippet:-1","max-image-preview":"max-image-preview:large","max-video-preview":"max-video-preview:-1"},"canonical":"https:\/\/www.idermic.es\/es\/laser-de-co2-en-dermatologia-el-dermatologo-te-explica-sus-aplicaciones\/","og_locale":"es_ES","og_type":"article","og_title":"L\u00e1ser de CO2 en dermatolog\u00eda. El dermat\u00f3logo te explica sus aplicaciones -","og_description":"L\u00e1ser CO2 en dermatolog\u00eda: rejuvenecimiento, eliminaci\u00f3n de lesiones y salud \u00edntima con resultados seguros y naturales en Idermic.","og_url":"https:\/\/www.idermic.es\/es\/laser-de-co2-en-dermatologia-el-dermatologo-te-explica-sus-aplicaciones\/","og_site_name":"Idermic. Dermatolog\u00eda en Terrassa","article_publisher":"https:\/\/www.facebook.com\/Idermic","article_published_time":"2025-08-18T11:49:52+00:00","article_modified_time":"2025-08-18T14:20:36+00:00","og_image":[{"width":695,"height":558,"url":"https:\/\/www.idermic.es\/wp-content\/uploads\/2025\/08\/Clinica-Idermic.jpg","type":"image\/jpeg"}],"author":"Equipo","twitter_card":"summary_large_image","twitter_creator":"@idermic","twitter_site":"@idermic","twitter_misc":{"Escrito por":"Equipo","Tiempo de lectura":"7 minutos"},"schema":{"@context":"https:\/\/schema.org","@graph":[{"@type":"Article","@id":"https:\/\/www.idermic.es\/es\/laser-de-co2-en-dermatologia-el-dermatologo-te-explica-sus-aplicaciones\/#article","isPartOf":{"@id":"https:\/\/www.idermic.es\/es\/laser-de-co2-en-dermatologia-el-dermatologo-te-explica-sus-aplicaciones\/"},"author":{"name":"Equipo","@id":"https:\/\/www.idermic.es\/#\/schema\/person\/c12703027a878b23d3c71c87921a82f8"},"headline":"L\u00e1ser de CO2 en dermatolog\u00eda. El dermat\u00f3logo te explica sus aplicaciones","datePublished":"2025-08-18T11:49:52+00:00","dateModified":"2025-08-18T14:20:36+00:00","mainEntityOfPage":{"@id":"https:\/\/www.idermic.es\/es\/laser-de-co2-en-dermatologia-el-dermatologo-te-explica-sus-aplicaciones\/"},"wordCount":2467,"commentCount":0,"publisher":{"@id":"https:\/\/www.idermic.es\/#organization"},"image":{"@id":"https:\/\/www.idermic.es\/es\/laser-de-co2-en-dermatologia-el-dermatologo-te-explica-sus-aplicaciones\/#primaryimage"},"thumbnailUrl":"https:\/\/www.idermic.es\/wp-content\/uploads\/2025\/08\/Clinica-Idermic.jpg","articleSection":["Tecnolog\u00eda"],"inLanguage":"es","potentialAction":[{"@type":"CommentAction","name":"Comment","target":["https:\/\/www.idermic.es\/es\/laser-de-co2-en-dermatologia-el-dermatologo-te-explica-sus-aplicaciones\/#respond"]}]},{"@type":"WebPage","@id":"https:\/\/www.idermic.es\/es\/laser-de-co2-en-dermatologia-el-dermatologo-te-explica-sus-aplicaciones\/","url":"https:\/\/www.idermic.es\/es\/laser-de-co2-en-dermatologia-el-dermatologo-te-explica-sus-aplicaciones\/","name":"L\u00e1ser de CO2 en dermatolog\u00eda. El dermat\u00f3logo te explica sus aplicaciones -","isPartOf":{"@id":"https:\/\/www.idermic.es\/#website"},"primaryImageOfPage":{"@id":"https:\/\/www.idermic.es\/es\/laser-de-co2-en-dermatologia-el-dermatologo-te-explica-sus-aplicaciones\/#primaryimage"},"image":{"@id":"https:\/\/www.idermic.es\/es\/laser-de-co2-en-dermatologia-el-dermatologo-te-explica-sus-aplicaciones\/#primaryimage"},"thumbnailUrl":"https:\/\/www.idermic.es\/wp-content\/uploads\/2025\/08\/Clinica-Idermic.jpg","datePublished":"2025-08-18T11:49:52+00:00","dateModified":"2025-08-18T14:20:36+00:00","description":"L\u00e1ser CO2 en dermatolog\u00eda: rejuvenecimiento, eliminaci\u00f3n de lesiones y salud \u00edntima con resultados seguros y naturales en Idermic.","breadcrumb":{"@id":"https:\/\/www.idermic.es\/es\/laser-de-co2-en-dermatologia-el-dermatologo-te-explica-sus-aplicaciones\/#breadcrumb"},"inLanguage":"es","potentialAction":[{"@type":"ReadAction","target":["https:\/\/www.idermic.es\/es\/laser-de-co2-en-dermatologia-el-dermatologo-te-explica-sus-aplicaciones\/"]}]},{"@type":"ImageObject","inLanguage":"es","@id":"https:\/\/www.idermic.es\/es\/laser-de-co2-en-dermatologia-el-dermatologo-te-explica-sus-aplicaciones\/#primaryimage","url":"https:\/\/www.idermic.es\/wp-content\/uploads\/2025\/08\/Clinica-Idermic.jpg","contentUrl":"https:\/\/www.idermic.es\/wp-content\/uploads\/2025\/08\/Clinica-Idermic.jpg","width":695,"height":558,"caption":"L\u00e1ser de CO2 en dermatolog\u00eda"},{"@type":"BreadcrumbList","@id":"https:\/\/www.idermic.es\/es\/laser-de-co2-en-dermatologia-el-dermatologo-te-explica-sus-aplicaciones\/#breadcrumb","itemListElement":[{"@type":"ListItem","position":1,"name":"Inici","item":"https:\/\/www.idermic.es\/es\/"},{"@type":"ListItem","position":2,"name":"L\u00e1ser de CO2 en dermatolog\u00eda. El dermat\u00f3logo te explica sus aplicaciones"}]},{"@type":"WebSite","@id":"https:\/\/www.idermic.es\/#website","url":"https:\/\/www.idermic.es\/","name":"Idermic. Dermatolog\u00eda en Terrassa","description":"Dermatolog\u00eda, Medicina est\u00e9tica, Cirurg\u00eda Pl\u00e0stica","publisher":{"@id":"https:\/\/www.idermic.es\/#organization"},"potentialAction":[{"@type":"SearchAction","target":{"@type":"EntryPoint","urlTemplate":"https:\/\/www.idermic.es\/?s={search_term_string}"},"query-input":{"@type":"PropertyValueSpecification","valueRequired":true,"valueName":"search_term_string"}}],"inLanguage":"es"},{"@type":"Organization","@id":"https:\/\/www.idermic.es\/#organization","name":"Idermic. Dermatolog\u00eda en Terrassa","url":"https:\/\/www.idermic.es\/","logo":{"@type":"ImageObject","inLanguage":"es","@id":"https:\/\/www.idermic.es\/#\/schema\/logo\/image\/","url":"https:\/\/www.idermic.es\/wp-content\/uploads\/2025\/10\/Logo-Idermic.jpg","contentUrl":"https:\/\/www.idermic.es\/wp-content\/uploads\/2025\/10\/Logo-Idermic.jpg","width":501,"height":502,"caption":"Idermic. Dermatolog\u00eda en Terrassa"},"image":{"@id":"https:\/\/www.idermic.es\/#\/schema\/logo\/image\/"},"sameAs":["https:\/\/www.facebook.com\/Idermic","https:\/\/x.com\/idermic","https:\/\/www.instagram.com\/idermicclinic\/","https:\/\/www.youtube.com\/channel\/UCyAHC9-p8lc6hr_nguO8p_g"]},{"@type":"Person","@id":"https:\/\/www.idermic.es\/#\/schema\/person\/c12703027a878b23d3c71c87921a82f8","name":"Equipo","image":{"@type":"ImageObject","inLanguage":"es","@id":"https:\/\/secure.gravatar.com\/avatar\/7ca0be23248108c6b0887e0693b7dcf7764bd3503f84d1f04e6653ef7c3b9420?s=96&d=mm&r=g","url":"https:\/\/secure.gravatar.com\/avatar\/7ca0be23248108c6b0887e0693b7dcf7764bd3503f84d1f04e6653ef7c3b9420?s=96&d=mm&r=g","contentUrl":"https:\/\/secure.gravatar.com\/avatar\/7ca0be23248108c6b0887e0693b7dcf7764bd3503f84d1f04e6653ef7c3b9420?s=96&d=mm&r=g","caption":"Equipo"},"description":"Equipo de Idermic"}]}},"_links":{"self":[{"href":"https:\/\/www.idermic.es\/es\/wp-json\/wp\/v2\/posts\/8122","targetHints":{"allow":["GET"]}}],"collection":[{"href":"https:\/\/www.idermic.es\/es\/wp-json\/wp\/v2\/posts"}],"about":[{"href":"https:\/\/www.idermic.es\/es\/wp-json\/wp\/v2\/types\/post"}],"author":[{"embeddable":true,"href":"https:\/\/www.idermic.es\/es\/wp-json\/wp\/v2\/users\/3"}],"replies":[{"embeddable":true,"href":"https:\/\/www.idermic.es\/es\/wp-json\/wp\/v2\/comments?post=8122"}],"version-history":[{"count":10,"href":"https:\/\/www.idermic.es\/es\/wp-json\/wp\/v2\/posts\/8122\/revisions"}],"predecessor-version":[{"id":8143,"href":"https:\/\/www.idermic.es\/es\/wp-json\/wp\/v2\/posts\/8122\/revisions\/8143"}],"wp:featuredmedia":[{"embeddable":true,"href":"https:\/\/www.idermic.es\/es\/wp-json\/wp\/v2\/media\/8123"}],"wp:attachment":[{"href":"https:\/\/www.idermic.es\/es\/wp-json\/wp\/v2\/media?parent=8122"}],"wp:term":[{"taxonomy":"category","embeddable":true,"href":"https:\/\/www.idermic.es\/es\/wp-json\/wp\/v2\/categories?post=8122"},{"taxonomy":"post_tag","embeddable":true,"href":"https:\/\/www.idermic.es\/es\/wp-json\/wp\/v2\/tags?post=8122"}],"curies":[{"name":"wp","href":"https:\/\/api.w.org\/{rel}","templated":true}]}}