{"id":8001,"date":"2025-07-18T08:17:39","date_gmt":"2025-07-18T08:17:39","guid":{"rendered":"https:\/\/www.idermic.es\/?p=8001"},"modified":"2025-11-21T12:37:16","modified_gmt":"2025-11-21T12:37:16","slug":"acne-cosmetico-todo-lo-que-debemos-saber","status":"publish","type":"post","link":"https:\/\/www.idermic.es\/es\/acne-cosmetico-todo-lo-que-debemos-saber\/","title":{"rendered":"Acn\u00e9 cosm\u00e9tico: todo lo que debemos saber"},"content":{"rendered":"<p><div class=\"fusion-fullwidth fullwidth-box fusion-builder-row-1 nonhundred-percent-fullwidth non-hundred-percent-height-scrolling\" style=\"--awb-border-radius-top-left:0px;--awb-border-radius-top-right:0px;--awb-border-radius-bottom-right:0px;--awb-border-radius-bottom-left:0px;--awb-flex-wrap:wrap;\" ><div class=\"fusion-builder-row fusion-row\"><div class=\"fusion-layout-column fusion_builder_column fusion-builder-column-0 fusion_builder_column_1_1 1_1 fusion-one-full fusion-column-first fusion-column-last\" style=\"--awb-bg-size:cover;\"><div class=\"fusion-column-wrapper fusion-flex-column-wrapper-legacy\"><div class=\"fusion-text fusion-text-1\"><h1 style=\"text-align: center;\">Acn\u00e9 cosm\u00e9tico: todo lo que debemos saber<\/h1>\n<\/div><div class=\"fusion-clearfix\"><\/div><\/div><\/div><\/div><\/div><div class=\"fusion-fullwidth fullwidth-box fusion-builder-row-2 nonhundred-percent-fullwidth non-hundred-percent-height-scrolling\" style=\"--awb-border-radius-top-left:0px;--awb-border-radius-top-right:0px;--awb-border-radius-bottom-right:0px;--awb-border-radius-bottom-left:0px;--awb-flex-wrap:wrap;\" ><div class=\"fusion-builder-row fusion-row\"><div class=\"fusion-layout-column fusion_builder_column fusion-builder-column-1 fusion_builder_column_1_2 1_2 fusion-one-half fusion-column-first\" style=\"--awb-bg-size:cover;width:50%;width:calc(50% - ( ( 4% ) * 0.5 ) );margin-right: 4%;\"><div class=\"fusion-column-wrapper fusion-flex-column-wrapper-legacy\"><div class=\"fusion-text fusion-text-2\"><p>El <a href=\"https:\/\/www.idermic.es\/es\/enfermedades-dermatologicas\/#acne\">acn\u00e9 cosm\u00e9tico<\/a> es una forma de afecci\u00f3n cut\u00e1nea que ha cobrado relevancia en los \u00faltimos a\u00f1os debido al aumento del uso de productos de belleza, maquillaje y rutinas de cuidado facial.<\/p>\n<p>Aunque muchas personas asocian el <a href=\"https:\/\/www.idermic.es\/es\/dermatologia_clinica\/acne\/\">acn\u00e9<\/a> con causas hormonales o gen\u00e9ticas, una parte significativa de los brotes puede estar relacionada directamente con el uso continuado de cosm\u00e9ticos inapropiados.<\/p>\n<p>Este fen\u00f3meno afecta a personas de todas las edades y tipos de piel, y su comprensi\u00f3n es clave para prevenir y tratar adecuadamente sus manifestaciones.<\/p>\n<\/div><div class=\"fusion-clearfix\"><\/div><\/div><\/div><div class=\"fusion-layout-column fusion_builder_column fusion-builder-column-2 fusion_builder_column_1_2 1_2 fusion-one-half fusion-column-last\" style=\"--awb-bg-size:cover;width:50%;width:calc(50% - ( ( 4% ) * 0.5 ) );\"><div class=\"fusion-column-wrapper fusion-flex-column-wrapper-legacy\"><div class=\"fusion-image-element in-legacy-container\" style=\"--awb-caption-title-font-family:var(--h2_typography-font-family);--awb-caption-title-font-weight:var(--h2_typography-font-weight);--awb-caption-title-font-style:var(--h2_typography-font-style);--awb-caption-title-size:var(--h2_typography-font-size);--awb-caption-title-transform:var(--h2_typography-text-transform);--awb-caption-title-line-height:var(--h2_typography-line-height);--awb-caption-title-letter-spacing:var(--h2_typography-letter-spacing);\"><span class=\" fusion-imageframe imageframe-none imageframe-1 hover-type-none\"><img decoding=\"async\" width=\"227\" height=\"300\" alt=\"Acn\u00e9 cosm\u00e9tico: todo lo que debemos saber\" title=\"Acn\u00e9 cosm\u00e9tico\" src=\"https:\/\/www.idermic.es\/wp-content\/uploads\/2025\/07\/Acne-cosmetico-todo-lo-que-debemos-saber-227x300.jpg\" class=\"img-responsive wp-image-8009\" srcset=\"https:\/\/www.idermic.es\/wp-content\/uploads\/2025\/07\/Acne-cosmetico-todo-lo-que-debemos-saber-200x264.jpg 200w, https:\/\/www.idermic.es\/wp-content\/uploads\/2025\/07\/Acne-cosmetico-todo-lo-que-debemos-saber-400x528.jpg 400w, https:\/\/www.idermic.es\/wp-content\/uploads\/2025\/07\/Acne-cosmetico-todo-lo-que-debemos-saber-600x792.jpg 600w, https:\/\/www.idermic.es\/wp-content\/uploads\/2025\/07\/Acne-cosmetico-todo-lo-que-debemos-saber-800x1056.jpg 800w, https:\/\/www.idermic.es\/wp-content\/uploads\/2025\/07\/Acne-cosmetico-todo-lo-que-debemos-saber.jpg 970w\" sizes=\"(max-width: 800px) 100vw, 227px\" \/><\/span><\/div><div class=\"fusion-clearfix\"><\/div><\/div><\/div><\/div><\/div><div class=\"fusion-fullwidth fullwidth-box fusion-builder-row-3 nonhundred-percent-fullwidth non-hundred-percent-height-scrolling\" style=\"--awb-border-radius-top-left:0px;--awb-border-radius-top-right:0px;--awb-border-radius-bottom-right:0px;--awb-border-radius-bottom-left:0px;--awb-flex-wrap:wrap;\" ><div class=\"fusion-builder-row fusion-row\"><div class=\"fusion-layout-column fusion_builder_column fusion-builder-column-3 fusion_builder_column_1_1 1_1 fusion-one-full fusion-column-first fusion-column-last\" style=\"--awb-bg-size:cover;\"><div class=\"fusion-column-wrapper fusion-flex-column-wrapper-legacy\"><div class=\"fusion-text fusion-text-3\"><p>En el v\u00eddeo adjunto y en el post de instagram, la Dra. Marta Vilavella nos da algunos consejos para evitar que aparezca este tipo de acn\u00e9. Adem\u00e1s de compartir alguna de sus bases de maquillaje favoritas no comedog\u00e9nicas.<\/p>\n<\/div><div class=\"fusion-clearfix\"><\/div><\/div><\/div><\/div><\/div><div class=\"fusion-fullwidth fullwidth-box fusion-builder-row-4 nonhundred-percent-fullwidth non-hundred-percent-height-scrolling\" style=\"--awb-border-radius-top-left:0px;--awb-border-radius-top-right:0px;--awb-border-radius-bottom-right:0px;--awb-border-radius-bottom-left:0px;--awb-flex-wrap:wrap;\" ><div class=\"fusion-builder-row fusion-row\"><div class=\"fusion-layout-column fusion_builder_column fusion-builder-column-4 fusion_builder_column_1_1 1_1 fusion-one-full fusion-column-first fusion-column-last\" style=\"--awb-bg-size:cover;\"><div class=\"fusion-column-wrapper fusion-flex-column-wrapper-legacy\"><div class=\"fusion-sep-clear\"><\/div><div class=\"fusion-separator fusion-full-width-sep\" style=\"margin-left: auto;margin-right: auto;width:100%;\"><div class=\"fusion-separator-border sep-double\" style=\"--awb-height:20px;--awb-amount:20px;border-color:#e0dede;border-top-width:1px;border-bottom-width:1px;\"><\/div><\/div><div class=\"fusion-sep-clear\"><\/div><div class=\"fusion-clearfix\"><\/div><\/div><\/div><\/div><\/div><div class=\"fusion-fullwidth fullwidth-box fusion-builder-row-5 nonhundred-percent-fullwidth non-hundred-percent-height-scrolling\" style=\"--awb-border-radius-top-left:0px;--awb-border-radius-top-right:0px;--awb-border-radius-bottom-right:0px;--awb-border-radius-bottom-left:0px;--awb-flex-wrap:wrap;\" ><div class=\"fusion-builder-row fusion-row\"><div class=\"fusion-layout-column fusion_builder_column fusion-builder-column-5 fusion_builder_column_1_1 1_1 fusion-one-full fusion-column-first fusion-column-last\" style=\"--awb-bg-size:cover;\"><div class=\"fusion-column-wrapper fusion-flex-column-wrapper-legacy\"><div class=\"fusion-text fusion-text-4\"><h2 data-start=\"3344\" data-end=\"3377\">\u00bfQu\u00e9 es el acn\u00e9 cosm\u00e9tico?<\/h2>\n<p data-start=\"3379\" data-end=\"3736\">El acn\u00e9 cosm\u00e9tico es una forma de <a href=\"https:\/\/www.idermic.es\/es\/dermatologia_clinica\/acne\/\">acn\u00e9<\/a> inducida por el uso de productos t\u00f3picos como maquillaje, cremas, protectores solares o incluso productos de limpieza facial. A diferencia del acn\u00e9 vulgar, de origen hormonal, este tipo de brote cut\u00e1neo se origina por la obstrucci\u00f3n de los poros a causa de ingredientes comedog\u00e9nicos presentes en productos cosm\u00e9ticos.<\/p>\n<p data-start=\"3738\" data-end=\"4066\">Se presenta com\u00fanmente como peque\u00f1os puntos negros, espinillas cerradas o granos inflamados que aparecen en zonas como la frente, mejillas, barbilla y l\u00ednea mandibular. En muchos casos, la piel no presenta signos de inflamaci\u00f3n severa, lo que puede dificultar su identificaci\u00f3n y confundirlo con una simple sensibilidad cut\u00e1nea.<\/p>\n<h2 data-start=\"4073\" data-end=\"4113\">Causas comunes del acn\u00e9 cosm\u00e9tico<\/h2>\n<h3 data-start=\"4115\" data-end=\"4152\">1. Ingredientes comedog\u00e9nicos<\/h3>\n<p data-start=\"4153\" data-end=\"4406\">Uno de los factores m\u00e1s frecuentes es el uso de productos que contienen ingredientes que tienden a obstruir los poros. Sustancias como lanolina, aceites minerales, siliconas pesadas y ciertas ceras pueden ser desencadenantes directos del acn\u00e9 cosm\u00e9tico.<\/p>\n<h3 data-start=\"4408\" data-end=\"4442\">2. Acumulaci\u00f3n de residuos<\/h3>\n<p data-start=\"4443\" data-end=\"4664\">El maquillaje no removido adecuadamente, as\u00ed como una rutina de limpieza ineficaz, permite que se acumulen residuos en los poros, generando un entorno propicio para la proliferaci\u00f3n bacteriana y la formaci\u00f3n de comedones.<\/p>\n<h3 data-start=\"4666\" data-end=\"4696\">3. Exceso de productos<\/h3>\n<p data-start=\"4697\" data-end=\"4872\">El uso simult\u00e1neo de m\u00faltiples capas de productos \u2014base, corrector, polvos, fijadores\u2014 puede dificultar la transpiraci\u00f3n de la piel y facilitar la aparici\u00f3n de imperfecciones.<\/p>\n<\/div><div class=\"fusion-clearfix\"><\/div><\/div><\/div><\/div><\/div><div class=\"fusion-fullwidth fullwidth-box fusion-builder-row-6 nonhundred-percent-fullwidth non-hundred-percent-height-scrolling\" style=\"--awb-border-radius-top-left:0px;--awb-border-radius-top-right:0px;--awb-border-radius-bottom-right:0px;--awb-border-radius-bottom-left:0px;--awb-flex-wrap:wrap;\" ><div class=\"fusion-builder-row fusion-row\"><div class=\"fusion-layout-column fusion_builder_column fusion-builder-column-6 fusion_builder_column_1_1 1_1 fusion-one-full fusion-column-first fusion-column-last\" style=\"--awb-bg-size:cover;\"><div class=\"fusion-column-wrapper fusion-flex-column-wrapper-legacy\"><div class=\"fusion-sep-clear\"><\/div><div class=\"fusion-separator fusion-full-width-sep\" style=\"margin-left: auto;margin-right: auto;width:100%;\"><div class=\"fusion-separator-border sep-double\" style=\"--awb-height:20px;--awb-amount:20px;border-color:#e0dede;border-top-width:1px;border-bottom-width:1px;\"><\/div><\/div><div class=\"fusion-sep-clear\"><\/div><div class=\"fusion-clearfix\"><\/div><\/div><\/div><\/div><\/div><div class=\"fusion-fullwidth fullwidth-box fusion-builder-row-7 nonhundred-percent-fullwidth non-hundred-percent-height-scrolling\" style=\"--awb-border-radius-top-left:0px;--awb-border-radius-top-right:0px;--awb-border-radius-bottom-right:0px;--awb-border-radius-bottom-left:0px;--awb-flex-wrap:wrap;\" ><div class=\"fusion-builder-row fusion-row\"><div class=\"fusion-layout-column fusion_builder_column fusion-builder-column-7 fusion_builder_column_1_1 1_1 fusion-one-full fusion-column-first fusion-column-last\" style=\"--awb-bg-size:cover;\"><div class=\"fusion-column-wrapper fusion-flex-column-wrapper-legacy\"><div class=\"fusion-text fusion-text-5\"><h2>C\u00f3mo identificar el acn\u00e9 cosm\u00e9tico<\/h2>\n<p>A menudo este tipo de acn\u00e9 aparece en patrones espec\u00edficos y suele tener una evoluci\u00f3n cr\u00f3nica pero leve. Entre sus caracter\u00edsticas m\u00e1s frecuentes se encuentran:<\/p>\n<ul>\n<li>Brotes en zonas donde se aplica m\u00e1s maquillaje.<\/li>\n<li>Granos peque\u00f1os, superficiales y persistentes.<\/li>\n<li>Aparici\u00f3n progresiva, sin cambios hormonales asociados.<\/li>\n<li>Mejora evidente al suspender el uso de ciertos cosm\u00e9ticos.<\/li>\n<\/ul>\n<h2>Prevenci\u00f3n del acn\u00e9 cosm\u00e9tico: claves para evitar su aparici\u00f3n<\/h2>\n<h3>Uso de productos no comedog\u00e9nicos<\/h3>\n<p>Seleccionar productos etiquetados como \u00abno comedog\u00e9nicos\u00bb es una de las estrategias m\u00e1s eficaces para prevenir el acn\u00e9 cosm\u00e9tico. Estos cosm\u00e9ticos han sido formulados para minimizar el riesgo de obstrucci\u00f3n de los poros, uno de los factores clave en el desarrollo de lesiones acneicas. Es recomendable revisar la lista de ingredientes y evitar sustancias como el aceite de coco, lanolina, isopropyl myristate o ciertos derivados de siliconas si se tiene piel con tendencia acneica. Consultar con un dermat\u00f3logo tambi\u00e9n puede ayudar a identificar qu\u00e9 ingredientes son seguros seg\u00fan el tipo de piel y condici\u00f3n cut\u00e1nea de cada persona.<\/p>\n<h3>Rutina de limpieza facial profunda<\/h3>\n<p>Una limpieza facial adecuada no solo elimina la suciedad visible, sino tambi\u00e9n los residuos acumulados que pueden no apreciarse a simple vista, como restos de maquillaje, filtros solares y contaminantes ambientales. La doble limpieza \u2014primero con un producto oleoso y luego con un limpiador acuoso suave\u2014 permite una higiene m\u00e1s efectiva sin da\u00f1ar la barrera cut\u00e1nea. Este h\u00e1bito debe realizarse especialmente por la noche, cuando la piel ha estado expuesta a m\u00faltiples factores externos. Evitar limpiadores demasiado agresivos tambi\u00e9n es fundamental para no causar irritaci\u00f3n, sequedad o efecto rebote, que pueden agravar el acn\u00e9.<\/p>\n<h3>Evitar el exceso de capas<\/h3>\n<p>El uso excesivo de capas de productos cosm\u00e9ticos, especialmente en rutinas que combinan maquillaje, cremas hidratantes, s\u00e9rums y protectores solares, puede saturar la piel y dificultar su respiraci\u00f3n natural. Este fen\u00f3meno se agrava en ambientes h\u00famedos o durante el verano, cuando el sudor y el sebo se mezclan con los cosm\u00e9ticos, aumentando el riesgo de poros obstruidos. Una rutina minimalista, con pocos productos bien formulados y adaptados a las necesidades individuales, es preferible. Adem\u00e1s, es clave dejar que los productos se absorban completamente antes de aplicar el siguiente, para evitar la oclusi\u00f3n excesiva de la piel.<\/p>\n<h3>Revisi\u00f3n peri\u00f3dica de los productos<\/h3>\n<p>Con el paso del tiempo, los productos cosm\u00e9ticos pueden cambiar su composici\u00f3n, oxidarse o caducar, lo que no solo reduce su efectividad sino que tambi\u00e9n puede causar reacciones adversas o brotes de acn\u00e9. Es importante revisar cada pocos meses el estado y la fecha de caducidad de los cosm\u00e9ticos utilizados, sobre todo aquellos que se aplican en zonas sensibles como el rostro. Adem\u00e1s, la piel cambia seg\u00fan la edad, el clima, el nivel hormonal y otros factores, por lo que una crema que funcionaba bien en el pasado puede no ser adecuada en el presente. Adaptar la rutina a estas variaciones es esencial.<\/p>\n<\/div><div class=\"fusion-clearfix\"><\/div><\/div><\/div><\/div><\/div><div class=\"fusion-fullwidth fullwidth-box fusion-builder-row-8 nonhundred-percent-fullwidth non-hundred-percent-height-scrolling\" style=\"--awb-border-radius-top-left:0px;--awb-border-radius-top-right:0px;--awb-border-radius-bottom-right:0px;--awb-border-radius-bottom-left:0px;--awb-flex-wrap:wrap;\" ><div class=\"fusion-builder-row fusion-row\"><div class=\"fusion-layout-column fusion_builder_column fusion-builder-column-8 fusion_builder_column_1_1 1_1 fusion-one-full fusion-column-first fusion-column-last\" style=\"--awb-bg-size:cover;\"><div class=\"fusion-column-wrapper fusion-flex-column-wrapper-legacy\"><div class=\"fusion-sep-clear\"><\/div><div class=\"fusion-separator fusion-full-width-sep\" style=\"margin-left: auto;margin-right: auto;width:100%;\"><div class=\"fusion-separator-border sep-double\" style=\"--awb-height:20px;--awb-amount:20px;border-color:#e0dede;border-top-width:1px;border-bottom-width:1px;\"><\/div><\/div><div class=\"fusion-sep-clear\"><\/div><div class=\"fusion-clearfix\"><\/div><\/div><\/div><\/div><\/div><div class=\"fusion-fullwidth fullwidth-box fusion-builder-row-9 nonhundred-percent-fullwidth non-hundred-percent-height-scrolling\" style=\"--awb-border-radius-top-left:0px;--awb-border-radius-top-right:0px;--awb-border-radius-bottom-right:0px;--awb-border-radius-bottom-left:0px;--awb-flex-wrap:wrap;\" ><div class=\"fusion-builder-row fusion-row\"><div class=\"fusion-layout-column fusion_builder_column fusion-builder-column-9 fusion_builder_column_1_1 1_1 fusion-one-full fusion-column-first fusion-column-last\" style=\"--awb-bg-size:cover;\"><div class=\"fusion-column-wrapper fusion-flex-column-wrapper-legacy\"><div class=\"fusion-video fusion-youtube\" style=\"--awb-max-width:600px;--awb-max-height:360px;\"><div class=\"video-shortcode\"><div class=\"fluid-width-video-wrapper\" style=\"padding-top:60%;\" ><iframe title=\"YouTube video player 1\" src=\"https:\/\/www.youtube.com\/embed\/YLVSFkjgE4I?wmode=transparent&autoplay=0\" width=\"600\" height=\"360\" allowfullscreen allow=\"autoplay; clipboard-write; encrypted-media; gyroscope; picture-in-picture;\"><\/iframe><\/div><\/div><\/div><div class=\"fusion-clearfix\"><\/div><\/div><\/div><\/div><\/div><div class=\"fusion-fullwidth fullwidth-box fusion-builder-row-10 nonhundred-percent-fullwidth non-hundred-percent-height-scrolling\" style=\"--awb-border-radius-top-left:0px;--awb-border-radius-top-right:0px;--awb-border-radius-bottom-right:0px;--awb-border-radius-bottom-left:0px;--awb-flex-wrap:wrap;\" ><div class=\"fusion-builder-row fusion-row\"><div class=\"fusion-layout-column fusion_builder_column fusion-builder-column-10 fusion_builder_column_1_1 1_1 fusion-one-full fusion-column-first fusion-column-last\" style=\"--awb-bg-size:cover;\"><div class=\"fusion-column-wrapper fusion-flex-column-wrapper-legacy\"><div class=\"fusion-text fusion-text-6\"><h2 data-start=\"6261\" data-end=\"6298\">Tratamiento del acn\u00e9 cosm\u00e9tico<\/h2>\n<h3 data-start=\"6300\" data-end=\"6343\">1. Suspensi\u00f3n temporal de productos<\/h3>\n<p data-start=\"307\" data-end=\"768\">El primer paso para tratar eficazmente el acn\u00e9 cosm\u00e9tico es identificar los productos potencialmente comedog\u00e9nicos que se est\u00e1n utilizando de forma regular. Esto incluye principalmente bases de maquillaje de alta cobertura, primers densos, cremas hidratantes con siliconas o aceites minerales, y protectores solares con filtros f\u00edsicos pesados. La suspensi\u00f3n no debe hacerse de manera radical con toda la rutina facial, sino de forma progresiva y observacional.<\/p>\n<p data-start=\"770\" data-end=\"784\">Se recomienda:<\/p>\n<ul data-start=\"785\" data-end=\"1009\">\n<li data-start=\"785\" data-end=\"860\">\n<p data-start=\"787\" data-end=\"860\">Retirar uno a uno los productos sospechosos durante al menos dos semanas.<\/p>\n<\/li>\n<li data-start=\"861\" data-end=\"912\">\n<p data-start=\"863\" data-end=\"912\">Observar la evoluci\u00f3n de la piel en este periodo.<\/p>\n<\/li>\n<li data-start=\"913\" data-end=\"1006\">\n<p data-start=\"915\" data-end=\"1006\">Reemplazarlos temporalmente por f\u00f3rmulas m\u00ednimas, espec\u00edficas para piel sensible o acneica.<\/p>\n<\/li>\n<\/ul>\n<p data-start=\"1010\" data-end=\"1297\">Este \u201creset\u201d cut\u00e1neo permite evaluar si los brotes est\u00e1n relacionados con alg\u00fan cosm\u00e9tico espec\u00edfico. Si la piel mejora visiblemente, se confirma la relaci\u00f3n entre producto y acn\u00e9. Este enfoque tambi\u00e9n ayuda a restablecer la barrera cut\u00e1nea natural, que puede haberse visto comprometida.<\/p>\n<h3 data-start=\"6533\" data-end=\"6581\">2. Uso de productos con \u00e1cido salic\u00edlico<\/h3>\n<p data-start=\"1354\" data-end=\"1611\">El \u00e1cido salic\u00edlico (BHA) es un betahidroxi\u00e1cido lipof\u00edlico con alta capacidad de penetraci\u00f3n en los poros. Su principal funci\u00f3n es exfoliar desde el interior del fol\u00edculo, disolviendo los taponamientos de grasa y c\u00e9lulas muertas que originan los comedones.<\/p>\n<p data-start=\"1613\" data-end=\"1835\">Adem\u00e1s de sus propiedades exfoliantes, posee efectos antiinflamatorios y antimicrobianos que reducen la irritaci\u00f3n y el enrojecimiento asociados al acn\u00e9 leve y moderado. Es ideal para tratar el acn\u00e9 cosm\u00e9tico debido a que:<\/p>\n<ul data-start=\"1837\" data-end=\"2043\">\n<li data-start=\"1837\" data-end=\"1896\">\n<p data-start=\"1839\" data-end=\"1896\">No reseca excesivamente como otros activos m\u00e1s agresivos.<\/p>\n<\/li>\n<li data-start=\"1897\" data-end=\"1961\">\n<p data-start=\"1899\" data-end=\"1961\">Es adecuado para uso diario en concentraciones del 0,5% al 2%.<\/p>\n<\/li>\n<li data-start=\"1962\" data-end=\"2043\">\n<p data-start=\"1964\" data-end=\"2043\">Puede encontrarse en limpiadores, t\u00f3nicos, s\u00e9rums y cremas hidratantes ligeras.<\/p>\n<\/li>\n<\/ul>\n<p data-start=\"2045\" data-end=\"2287\">No obstante, es fundamental evitar el uso combinado con otros exfoliantes fuertes (como AHA o retinol) sin supervisi\u00f3n, ya que puede causar irritaci\u00f3n. La constancia en su uso es clave para mantener los poros limpios y prevenir nuevos brotes.<\/p>\n<h3 data-start=\"6750\" data-end=\"6779\">3. Hidrataci\u00f3n ligera<\/h3>\n<p data-start=\"2325\" data-end=\"2580\">Existe una falsa creencia de que hidratar una piel con tendencia acneica puede empeorar la situaci\u00f3n, cuando en realidad una piel deshidratada produce m\u00e1s sebo como mecanismo de defensa. Esto agrava los brotes y aumenta la obstrucci\u00f3n por exceso de grasa.<\/p>\n<p data-start=\"2582\" data-end=\"2643\">En este sentido, la hidrataci\u00f3n debe ser adecuada y adaptada:<\/p>\n<ul data-start=\"2644\" data-end=\"2890\">\n<li data-start=\"2644\" data-end=\"2713\">\n<p data-start=\"2646\" data-end=\"2713\">Texturas tipo <strong data-start=\"2660\" data-end=\"2667\">gel<\/strong>, <strong data-start=\"2669\" data-end=\"2686\">fluido ligero<\/strong> o <strong data-start=\"2689\" data-end=\"2712\">emulsiones oil-free<\/strong>.<\/p>\n<\/li>\n<li data-start=\"2714\" data-end=\"2816\">\n<p data-start=\"2716\" data-end=\"2816\">Ingredientes como <strong data-start=\"2734\" data-end=\"2755\">\u00e1cido hialur\u00f3nico<\/strong>, <strong data-start=\"2757\" data-end=\"2772\">niacinamida<\/strong> o <strong data-start=\"2775\" data-end=\"2788\">glicerina<\/strong>, que hidratan sin obstruir.<\/p>\n<\/li>\n<li data-start=\"2817\" data-end=\"2890\">\n<p data-start=\"2819\" data-end=\"2890\">F\u00f3rmulas <strong data-start=\"2828\" data-end=\"2848\">no comedog\u00e9nicas<\/strong>, <strong data-start=\"2850\" data-end=\"2867\">sin fragancia<\/strong> y con acci\u00f3n calmante.<\/p>\n<\/li>\n<\/ul>\n<p data-start=\"2892\" data-end=\"3167\">La hidrataci\u00f3n correcta no solo regula la producci\u00f3n de sebo, sino que fortalece la barrera cut\u00e1nea y mejora la tolerancia a tratamientos activos como el \u00e1cido salic\u00edlico. Tambi\u00e9n es esencial en las rutinas nocturnas, donde la piel se regenera y asimila mejor los nutrientes.<\/p>\n<h3 data-start=\"6910\" data-end=\"6943\">4. Consulta dermatol\u00f3gica<\/h3>\n<p data-start=\"3209\" data-end=\"3375\">Cuando el acn\u00e9 persiste o empeora a pesar de implementar rutinas de cuidado m\u00e1s estrictas y adaptadas, es indispensable acudir a un dermat\u00f3logo. Un profesional puede:<\/p>\n<ul data-start=\"3377\" data-end=\"3973\">\n<li data-start=\"3377\" data-end=\"3503\">\n<p data-start=\"3379\" data-end=\"3503\">Confirmar si realmente se trata de acn\u00e9 cosm\u00e9tico o de otra patolog\u00eda como ros\u00e1cea, dermatitis acneiforme, foliculitis, etc.<\/p>\n<\/li>\n<li data-start=\"3504\" data-end=\"3695\">\n<p data-start=\"3506\" data-end=\"3695\">Indicar f\u00f3rmulas personalizadas con activos como <strong data-start=\"3555\" data-end=\"3579\">per\u00f3xido de benzoilo<\/strong>, <strong data-start=\"3581\" data-end=\"3594\">adapaleno<\/strong>, <strong data-start=\"3596\" data-end=\"3619\">clindamicina t\u00f3pica<\/strong> o <strong data-start=\"3622\" data-end=\"3640\">\u00e1cido azelaico<\/strong>, en funci\u00f3n del tipo de piel y la severidad del brote.<\/p>\n<\/li>\n<li data-start=\"3696\" data-end=\"3867\">\n<p data-start=\"3698\" data-end=\"3867\">Prescribir, si es necesario, tratamientos orales como antibi\u00f3ticos, anticonceptivos (en casos hormonales combinados) o incluso isotretino\u00edna, en situaciones resistentes.<\/p>\n<\/li>\n<li data-start=\"3868\" data-end=\"3973\">\n<p data-start=\"3870\" data-end=\"3973\">Realizar peelings qu\u00edmicos o limpiezas faciales profesionales como parte de un protocolo dermatol\u00f3gico.<\/p>\n<\/li>\n<\/ul>\n<p data-start=\"3975\" data-end=\"4130\">La intervenci\u00f3n m\u00e9dica temprana evita el empeoramiento del cuadro cl\u00ednico, reduce el riesgo de cicatrices permanentes y acelera la recuperaci\u00f3n de la piel.<\/p>\n<h2 data-start=\"7112\" data-end=\"7169\">Antecedentes: auge del maquillaje y cuidado facial<\/h2>\n<p data-start=\"7171\" data-end=\"7519\">El auge de la industria cosm\u00e9tica, impulsado por las redes sociales y los est\u00e1ndares de belleza actuales, ha multiplicado el uso diario de productos en el rostro. Paralelamente, la falta de educaci\u00f3n dermatol\u00f3gica y la tendencia a seguir rutinas gen\u00e9ricas o de influencers no profesionales han contribuido a la aparici\u00f3n de este tipo de afecciones.<\/p>\n<p data-start=\"7545\" data-end=\"8008\">El acn\u00e9 cosm\u00e9tico es una condici\u00f3n com\u00fan, pero evitable, que puede ser controlada mediante el uso adecuado de productos, una limpieza eficaz y una observaci\u00f3n consciente de las necesidades de la piel. Entender sus causas y reconocer sus s\u00edntomas es fundamental para actuar a tiempo y evitar da\u00f1os cut\u00e1neos mayores. En un contexto donde la imagen personal tiene tanta relevancia, cuidar la salud de la piel debe ir de la mano con el uso est\u00e9tico de los cosm\u00e9ticos.<\/p>\n<div>\n<p>Para cualquier consulta sobre el tratamiento del acn\u00e9 cosm\u00e9tico, en Idermic, tu <strong><a href=\"http:\/\/idermic.es\/\">dermat\u00f3logo en Terrassa<\/a><\/strong> estaremos encantados de atenderte.<\/p>\n<\/div>\n<\/div><div class=\"fusion-clearfix\"><\/div><\/div><\/div><\/div><\/div><div class=\"fusion-fullwidth fullwidth-box fusion-builder-row-11 nonhundred-percent-fullwidth non-hundred-percent-height-scrolling\" style=\"--awb-border-radius-top-left:0px;--awb-border-radius-top-right:0px;--awb-border-radius-bottom-right:0px;--awb-border-radius-bottom-left:0px;--awb-flex-wrap:wrap;\" ><div class=\"fusion-builder-row fusion-row\"><div class=\"fusion-layout-column fusion_builder_column fusion-builder-column-11 fusion_builder_column_1_1 1_1 fusion-one-full fusion-column-first fusion-column-last\" style=\"--awb-bg-size:cover;\"><div class=\"fusion-column-wrapper fusion-flex-column-wrapper-legacy\"><blockquote class=\"instagram-media\" data-instgrm-captioned data-instgrm-permalink=\"https:\/\/www.instagram.com\/reel\/DLXao7htNkC\/?utm_source=ig_embed&utm_campaign=loading\" data-instgrm-version=\"14\" style=\" background:#FFF; border:0; border-radius:3px; box-shadow:0 0 1px 0 rgba(0,0,0,0.5),0 1px 10px 0 rgba(0,0,0,0.15); margin: 1px; max-width:540px; min-width:326px; padding:0; width:99.375%; width:-webkit-calc(100% - 2px); width:calc(100% - 2px);\"><div style=\"padding:16px;\"> <a href=\"https:\/\/www.instagram.com\/reel\/DLXao7htNkC\/?utm_source=ig_embed&utm_campaign=loading\" style=\" background:#FFFFFF; line-height:0; padding:0 0; text-align:center; text-decoration:none; width:100%;\" target=\"_blank\"> <div style=\" display: flex; flex-direction: row; align-items: center;\"> <div style=\"background-color: #F4F4F4; border-radius: 50%; flex-grow: 0; height: 40px; margin-right: 14px; width: 40px;\"><\/div> <div style=\"display: flex; flex-direction: column; flex-grow: 1; justify-content: center;\"> <div style=\" background-color: #F4F4F4; border-radius: 4px; flex-grow: 0; height: 14px; margin-bottom: 6px; width: 100px;\"><\/div> <div style=\" background-color: #F4F4F4; border-radius: 4px; flex-grow: 0; height: 14px; width: 60px;\"><\/div><\/div><\/div><div style=\"padding: 19% 0;\"><\/div> <div style=\"display:block; height:50px; margin:0 auto 12px; width:50px;\"><svg width=\"50px\" height=\"50px\" viewBox=\"0 0 60 60\" version=\"1.1\" xmlns=\"https:\/\/www.w3.org\/2000\/svg\" xmlns:xlink=\"https:\/\/www.w3.org\/1999\/xlink\"><g stroke=\"none\" stroke-width=\"1\" fill=\"none\" fill-rule=\"evenodd\"><g transform=\"translate(-511.000000, -20.000000)\" fill=\"#000000\"><g><path d=\"M556.869,30.41 C554.814,30.41 553.148,32.076 553.148,34.131 C553.148,36.186 554.814,37.852 556.869,37.852 C558.924,37.852 560.59,36.186 560.59,34.131 C560.59,32.076 558.924,30.41 556.869,30.41 M541,60.657 C535.114,60.657 530.342,55.887 530.342,50 C530.342,44.114 535.114,39.342 541,39.342 C546.887,39.342 551.658,44.114 551.658,50 C551.658,55.887 546.887,60.657 541,60.657 M541,33.886 C532.1,33.886 524.886,41.1 524.886,50 C524.886,58.899 532.1,66.113 541,66.113 C549.9,66.113 557.115,58.899 557.115,50 C557.115,41.1 549.9,33.886 541,33.886 M565.378,62.101 C565.244,65.022 564.756,66.606 564.346,67.663 C563.803,69.06 563.154,70.057 562.106,71.106 C561.058,72.155 560.06,72.803 558.662,73.347 C557.607,73.757 556.021,74.244 553.102,74.378 C549.944,74.521 548.997,74.552 541,74.552 C533.003,74.552 532.056,74.521 528.898,74.378 C525.979,74.244 524.393,73.757 523.338,73.347 C521.94,72.803 520.942,72.155 519.894,71.106 C518.846,70.057 518.197,69.06 517.654,67.663 C517.244,66.606 516.755,65.022 516.623,62.101 C516.479,58.943 516.448,57.996 516.448,50 C516.448,42.003 516.479,41.056 516.623,37.899 C516.755,34.978 517.244,33.391 517.654,32.338 C518.197,30.938 518.846,29.942 519.894,28.894 C520.942,27.846 521.94,27.196 523.338,26.654 C524.393,26.244 525.979,25.756 528.898,25.623 C532.057,25.479 533.004,25.448 541,25.448 C548.997,25.448 549.943,25.479 553.102,25.623 C556.021,25.756 557.607,26.244 558.662,26.654 C560.06,27.196 561.058,27.846 562.106,28.894 C563.154,29.942 563.803,30.938 564.346,32.338 C564.756,33.391 565.244,34.978 565.378,37.899 C565.522,41.056 565.552,42.003 565.552,50 C565.552,57.996 565.522,58.943 565.378,62.101 M570.82,37.631 C570.674,34.438 570.167,32.258 569.425,30.349 C568.659,28.377 567.633,26.702 565.965,25.035 C564.297,23.368 562.623,22.342 560.652,21.575 C558.743,20.834 556.562,20.326 553.369,20.18 C550.169,20.033 549.148,20 541,20 C532.853,20 531.831,20.033 528.631,20.18 C525.438,20.326 523.257,20.834 521.349,21.575 C519.376,22.342 517.703,23.368 516.035,25.035 C514.368,26.702 513.342,28.377 512.574,30.349 C511.834,32.258 511.326,34.438 511.181,37.631 C511.035,40.831 511,41.851 511,50 C511,58.147 511.035,59.17 511.181,62.369 C511.326,65.562 511.834,67.743 512.574,69.651 C513.342,71.625 514.368,73.296 516.035,74.965 C517.703,76.634 519.376,77.658 521.349,78.425 C523.257,79.167 525.438,79.673 528.631,79.82 C531.831,79.965 532.853,80.001 541,80.001 C549.148,80.001 550.169,79.965 553.369,79.82 C556.562,79.673 558.743,79.167 560.652,78.425 C562.623,77.658 564.297,76.634 565.965,74.965 C567.633,73.296 568.659,71.625 569.425,69.651 C570.167,67.743 570.674,65.562 570.82,62.369 C570.966,59.17 571,58.147 571,50 C571,41.851 570.966,40.831 570.82,37.631\"><\/path><\/g><\/g><\/g><\/svg><\/div><div style=\"padding-top: 8px;\"> <div style=\" color:#3897f0; font-family:Arial,sans-serif; font-size:14px; font-style:normal; font-weight:550; line-height:18px;\">Ver esta publicaci\u00f3n en Instagram<\/div><\/div><div style=\"padding: 12.5% 0;\"><\/div> <div style=\"display: flex; flex-direction: row; margin-bottom: 14px; align-items: center;\"><div> <div style=\"background-color: #F4F4F4; border-radius: 50%; height: 12.5px; width: 12.5px; transform: translateX(0px) translateY(7px);\"><\/div> <div style=\"background-color: #F4F4F4; height: 12.5px; transform: rotate(-45deg) translateX(3px) translateY(1px); width: 12.5px; flex-grow: 0; margin-right: 14px; margin-left: 2px;\"><\/div> <div style=\"background-color: #F4F4F4; border-radius: 50%; height: 12.5px; width: 12.5px; transform: translateX(9px) translateY(-18px);\"><\/div><\/div><div style=\"margin-left: 8px;\"> <div style=\" background-color: #F4F4F4; border-radius: 50%; flex-grow: 0; height: 20px; width: 20px;\"><\/div> <div style=\" width: 0; height: 0; border-top: 2px solid transparent; border-left: 6px solid #f4f4f4; border-bottom: 2px solid transparent; transform: translateX(16px) translateY(-4px) rotate(30deg)\"><\/div><\/div><div style=\"margin-left: auto;\"> <div style=\" width: 0px; border-top: 8px solid #F4F4F4; border-right: 8px solid transparent; transform: translateY(16px);\"><\/div> <div style=\" background-color: #F4F4F4; flex-grow: 0; height: 12px; width: 16px; transform: translateY(-4px);\"><\/div> <div style=\" width: 0; height: 0; border-top: 8px solid #F4F4F4; border-left: 8px solid transparent; transform: translateY(-4px) translateX(8px);\"><\/div><\/div><\/div> <div style=\"display: flex; flex-direction: column; flex-grow: 1; justify-content: center; margin-bottom: 24px;\"> <div style=\" background-color: #F4F4F4; border-radius: 4px; flex-grow: 0; height: 14px; margin-bottom: 6px; width: 224px;\"><\/div> <div style=\" background-color: #F4F4F4; border-radius: 4px; flex-grow: 0; height: 14px; width: 144px;\"><\/div><\/div><\/a><p style=\" color:#c9c8cd; font-family:Arial,sans-serif; font-size:14px; line-height:17px; margin-bottom:0; margin-top:8px; overflow:hidden; padding:8px 0 7px; text-align:center; text-overflow:ellipsis; white-space:nowrap;\"><a href=\"https:\/\/www.instagram.com\/reel\/DLXao7htNkC\/?utm_source=ig_embed&utm_campaign=loading\" style=\" color:#c9c8cd; font-family:Arial,sans-serif; font-size:14px; font-style:normal; font-weight:normal; line-height:17px; text-decoration:none;\" target=\"_blank\">Una publicaci\u00f3n compartida de Marta Vilavella|Dermat\u00f3loga Est\u00e9tica (@dra.martavilavella_derma)<\/a><\/p><\/div><\/blockquote>\n<script async src=\"\/\/www.instagram.com\/embed.js\"><\/script><div class=\"fusion-clearfix\"><\/div><\/div><\/div><\/div><\/div><\/p>\n","protected":false},"excerpt":{"rendered":"<p>Descubre qu\u00e9 es el acn\u00e9 cosm\u00e9tico, causas, c\u00f3mo prevenirlo y los tratamientos m\u00e1s eficaces para cuidar tu piel sin renunciar al maquillaje.<\/p>\n","protected":false},"author":3,"featured_media":8003,"comment_status":"open","ping_status":"closed","sticky":false,"template":"","format":"standard","meta":{"_joinchat":[],"footnotes":""},"categories":[60],"tags":[43],"class_list":["post-8001","post","type-post","status-publish","format-standard","has-post-thumbnail","hentry","category-dermatologia-estetica-es","tag-acne"],"yoast_head":"<!-- This site is optimized with the Yoast SEO plugin v28.4 - https:\/\/yoast.com\/product\/yoast-seo-wordpress\/ -->\n<title>Acn\u00e9 cosm\u00e9tico: todo lo que debemos saber -<\/title>\n<meta name=\"description\" content=\"Descubre qu\u00e9 es el acn\u00e9 cosm\u00e9tico, causas, c\u00f3mo prevenirlo y los tratamientos m\u00e1s eficaces para cuidar tu piel sin renunciar al maquillaje.\" \/>\n<meta name=\"robots\" content=\"index, follow, max-snippet:-1, max-image-preview:large, max-video-preview:-1\" \/>\n<link rel=\"canonical\" href=\"https:\/\/www.idermic.es\/es\/acne-cosmetico-todo-lo-que-debemos-saber\/\" \/>\n<meta property=\"og:locale\" content=\"es_ES\" \/>\n<meta property=\"og:type\" content=\"article\" \/>\n<meta property=\"og:title\" content=\"Acn\u00e9 cosm\u00e9tico: todo lo que debemos saber -\" \/>\n<meta property=\"og:description\" content=\"Descubre qu\u00e9 es el acn\u00e9 cosm\u00e9tico, causas, c\u00f3mo prevenirlo y los tratamientos m\u00e1s eficaces para cuidar tu piel sin renunciar al maquillaje.\" \/>\n<meta property=\"og:url\" content=\"https:\/\/www.idermic.es\/es\/acne-cosmetico-todo-lo-que-debemos-saber\/\" \/>\n<meta property=\"og:site_name\" content=\"Idermic. Dermatolog\u00eda en Terrassa\" \/>\n<meta property=\"article:publisher\" content=\"https:\/\/www.facebook.com\/Idermic\" \/>\n<meta property=\"article:published_time\" content=\"2025-07-18T08:17:39+00:00\" \/>\n<meta property=\"article:modified_time\" content=\"2025-11-21T12:37:16+00:00\" \/>\n<meta property=\"og:image\" content=\"https:\/\/www.idermic.es\/wp-content\/uploads\/2025\/07\/Captura-de-pantalla-2025-07-18-091601.png\" \/>\n\t<meta property=\"og:image:width\" content=\"452\" \/>\n\t<meta property=\"og:image:height\" content=\"684\" \/>\n\t<meta property=\"og:image:type\" content=\"image\/png\" \/>\n<meta name=\"author\" content=\"Equipo\" \/>\n<meta name=\"twitter:card\" content=\"summary_large_image\" \/>\n<meta name=\"twitter:creator\" content=\"@idermic\" \/>\n<meta name=\"twitter:site\" content=\"@idermic\" \/>\n<meta name=\"twitter:label1\" content=\"Escrito por\" \/>\n\t<meta name=\"twitter:data1\" content=\"Equipo\" \/>\n\t<meta name=\"twitter:label2\" content=\"Tiempo de lectura\" \/>\n\t<meta name=\"twitter:data2\" content=\"14 minutos\" \/>\n<script type=\"application\/ld+json\" class=\"yoast-schema-graph\">{\"@context\":\"https:\\\/\\\/schema.org\",\"@graph\":[{\"@type\":\"Article\",\"@id\":\"https:\\\/\\\/www.idermic.es\\\/es\\\/acne-cosmetico-todo-lo-que-debemos-saber\\\/#article\",\"isPartOf\":{\"@id\":\"https:\\\/\\\/www.idermic.es\\\/es\\\/acne-cosmetico-todo-lo-que-debemos-saber\\\/\"},\"author\":{\"name\":\"Equipo\",\"@id\":\"https:\\\/\\\/www.idermic.es\\\/#\\\/schema\\\/person\\\/c12703027a878b23d3c71c87921a82f8\"},\"headline\":\"Acn\u00e9 cosm\u00e9tico: todo lo que debemos saber\",\"datePublished\":\"2025-07-18T08:17:39+00:00\",\"dateModified\":\"2025-11-21T12:37:16+00:00\",\"mainEntityOfPage\":{\"@id\":\"https:\\\/\\\/www.idermic.es\\\/es\\\/acne-cosmetico-todo-lo-que-debemos-saber\\\/\"},\"wordCount\":5388,\"commentCount\":0,\"publisher\":{\"@id\":\"https:\\\/\\\/www.idermic.es\\\/#organization\"},\"image\":{\"@id\":\"https:\\\/\\\/www.idermic.es\\\/es\\\/acne-cosmetico-todo-lo-que-debemos-saber\\\/#primaryimage\"},\"thumbnailUrl\":\"https:\\\/\\\/www.idermic.es\\\/wp-content\\\/uploads\\\/2025\\\/07\\\/Captura-de-pantalla-2025-07-18-091601.png\",\"keywords\":[\"acn\u00e9\"],\"articleSection\":[\"Dermatologia est\u00e8tica\"],\"inLanguage\":\"es\",\"potentialAction\":[{\"@type\":\"CommentAction\",\"name\":\"Comment\",\"target\":[\"https:\\\/\\\/www.idermic.es\\\/es\\\/acne-cosmetico-todo-lo-que-debemos-saber\\\/#respond\"]}]},{\"@type\":\"WebPage\",\"@id\":\"https:\\\/\\\/www.idermic.es\\\/es\\\/acne-cosmetico-todo-lo-que-debemos-saber\\\/\",\"url\":\"https:\\\/\\\/www.idermic.es\\\/es\\\/acne-cosmetico-todo-lo-que-debemos-saber\\\/\",\"name\":\"Acn\u00e9 cosm\u00e9tico: todo lo que debemos saber -\",\"isPartOf\":{\"@id\":\"https:\\\/\\\/www.idermic.es\\\/#website\"},\"primaryImageOfPage\":{\"@id\":\"https:\\\/\\\/www.idermic.es\\\/es\\\/acne-cosmetico-todo-lo-que-debemos-saber\\\/#primaryimage\"},\"image\":{\"@id\":\"https:\\\/\\\/www.idermic.es\\\/es\\\/acne-cosmetico-todo-lo-que-debemos-saber\\\/#primaryimage\"},\"thumbnailUrl\":\"https:\\\/\\\/www.idermic.es\\\/wp-content\\\/uploads\\\/2025\\\/07\\\/Captura-de-pantalla-2025-07-18-091601.png\",\"datePublished\":\"2025-07-18T08:17:39+00:00\",\"dateModified\":\"2025-11-21T12:37:16+00:00\",\"description\":\"Descubre qu\u00e9 es el acn\u00e9 cosm\u00e9tico, causas, c\u00f3mo prevenirlo y los tratamientos m\u00e1s eficaces para cuidar tu piel sin renunciar al maquillaje.\",\"breadcrumb\":{\"@id\":\"https:\\\/\\\/www.idermic.es\\\/es\\\/acne-cosmetico-todo-lo-que-debemos-saber\\\/#breadcrumb\"},\"inLanguage\":\"es\",\"potentialAction\":[{\"@type\":\"ReadAction\",\"target\":[\"https:\\\/\\\/www.idermic.es\\\/es\\\/acne-cosmetico-todo-lo-que-debemos-saber\\\/\"]}]},{\"@type\":\"ImageObject\",\"inLanguage\":\"es\",\"@id\":\"https:\\\/\\\/www.idermic.es\\\/es\\\/acne-cosmetico-todo-lo-que-debemos-saber\\\/#primaryimage\",\"url\":\"https:\\\/\\\/www.idermic.es\\\/wp-content\\\/uploads\\\/2025\\\/07\\\/Captura-de-pantalla-2025-07-18-091601.png\",\"contentUrl\":\"https:\\\/\\\/www.idermic.es\\\/wp-content\\\/uploads\\\/2025\\\/07\\\/Captura-de-pantalla-2025-07-18-091601.png\",\"width\":452,\"height\":684,\"caption\":\"Acn\u00e9 cosm\u00e9tico: todo lo que debemos saber\"},{\"@type\":\"BreadcrumbList\",\"@id\":\"https:\\\/\\\/www.idermic.es\\\/es\\\/acne-cosmetico-todo-lo-que-debemos-saber\\\/#breadcrumb\",\"itemListElement\":[{\"@type\":\"ListItem\",\"position\":1,\"name\":\"Inici\",\"item\":\"https:\\\/\\\/www.idermic.es\\\/es\\\/\"},{\"@type\":\"ListItem\",\"position\":2,\"name\":\"Acn\u00e9 cosm\u00e9tico: todo lo que debemos saber\"}]},{\"@type\":\"WebSite\",\"@id\":\"https:\\\/\\\/www.idermic.es\\\/#website\",\"url\":\"https:\\\/\\\/www.idermic.es\\\/\",\"name\":\"Idermic. Dermatolog\u00eda en Terrassa\",\"description\":\"Dermatolog\u00eda, Medicina est\u00e9tica, Cirurg\u00eda Pl\u00e0stica\",\"publisher\":{\"@id\":\"https:\\\/\\\/www.idermic.es\\\/#organization\"},\"potentialAction\":[{\"@type\":\"SearchAction\",\"target\":{\"@type\":\"EntryPoint\",\"urlTemplate\":\"https:\\\/\\\/www.idermic.es\\\/?s={search_term_string}\"},\"query-input\":{\"@type\":\"PropertyValueSpecification\",\"valueRequired\":true,\"valueName\":\"search_term_string\"}}],\"inLanguage\":\"es\"},{\"@type\":\"Organization\",\"@id\":\"https:\\\/\\\/www.idermic.es\\\/#organization\",\"name\":\"Idermic. Dermatolog\u00eda en Terrassa\",\"url\":\"https:\\\/\\\/www.idermic.es\\\/\",\"logo\":{\"@type\":\"ImageObject\",\"inLanguage\":\"es\",\"@id\":\"https:\\\/\\\/www.idermic.es\\\/#\\\/schema\\\/logo\\\/image\\\/\",\"url\":\"https:\\\/\\\/www.idermic.es\\\/wp-content\\\/uploads\\\/2025\\\/10\\\/Logo-Idermic.jpg\",\"contentUrl\":\"https:\\\/\\\/www.idermic.es\\\/wp-content\\\/uploads\\\/2025\\\/10\\\/Logo-Idermic.jpg\",\"width\":501,\"height\":502,\"caption\":\"Idermic. Dermatolog\u00eda en Terrassa\"},\"image\":{\"@id\":\"https:\\\/\\\/www.idermic.es\\\/#\\\/schema\\\/logo\\\/image\\\/\"},\"sameAs\":[\"https:\\\/\\\/www.facebook.com\\\/Idermic\",\"https:\\\/\\\/x.com\\\/idermic\",\"https:\\\/\\\/www.instagram.com\\\/idermicclinic\\\/\",\"https:\\\/\\\/www.youtube.com\\\/channel\\\/UCyAHC9-p8lc6hr_nguO8p_g\"]},{\"@type\":\"Person\",\"@id\":\"https:\\\/\\\/www.idermic.es\\\/#\\\/schema\\\/person\\\/c12703027a878b23d3c71c87921a82f8\",\"name\":\"Equipo\",\"image\":{\"@type\":\"ImageObject\",\"inLanguage\":\"es\",\"@id\":\"https:\\\/\\\/secure.gravatar.com\\\/avatar\\\/7ca0be23248108c6b0887e0693b7dcf7764bd3503f84d1f04e6653ef7c3b9420?s=96&d=mm&r=g\",\"url\":\"https:\\\/\\\/secure.gravatar.com\\\/avatar\\\/7ca0be23248108c6b0887e0693b7dcf7764bd3503f84d1f04e6653ef7c3b9420?s=96&d=mm&r=g\",\"contentUrl\":\"https:\\\/\\\/secure.gravatar.com\\\/avatar\\\/7ca0be23248108c6b0887e0693b7dcf7764bd3503f84d1f04e6653ef7c3b9420?s=96&d=mm&r=g\",\"caption\":\"Equipo\"},\"description\":\"Equipo de Idermic\"}]}<\/script>\n<!-- \/ Yoast SEO plugin. -->","yoast_head_json":{"title":"Acn\u00e9 cosm\u00e9tico: todo lo que debemos saber -","description":"Descubre qu\u00e9 es el acn\u00e9 cosm\u00e9tico, causas, c\u00f3mo prevenirlo y los tratamientos m\u00e1s eficaces para cuidar tu piel sin renunciar al maquillaje.","robots":{"index":"index","follow":"follow","max-snippet":"max-snippet:-1","max-image-preview":"max-image-preview:large","max-video-preview":"max-video-preview:-1"},"canonical":"https:\/\/www.idermic.es\/es\/acne-cosmetico-todo-lo-que-debemos-saber\/","og_locale":"es_ES","og_type":"article","og_title":"Acn\u00e9 cosm\u00e9tico: todo lo que debemos saber -","og_description":"Descubre qu\u00e9 es el acn\u00e9 cosm\u00e9tico, causas, c\u00f3mo prevenirlo y los tratamientos m\u00e1s eficaces para cuidar tu piel sin renunciar al maquillaje.","og_url":"https:\/\/www.idermic.es\/es\/acne-cosmetico-todo-lo-que-debemos-saber\/","og_site_name":"Idermic. Dermatolog\u00eda en Terrassa","article_publisher":"https:\/\/www.facebook.com\/Idermic","article_published_time":"2025-07-18T08:17:39+00:00","article_modified_time":"2025-11-21T12:37:16+00:00","og_image":[{"width":452,"height":684,"url":"https:\/\/www.idermic.es\/wp-content\/uploads\/2025\/07\/Captura-de-pantalla-2025-07-18-091601.png","type":"image\/png"}],"author":"Equipo","twitter_card":"summary_large_image","twitter_creator":"@idermic","twitter_site":"@idermic","twitter_misc":{"Escrito por":"Equipo","Tiempo de lectura":"14 minutos"},"schema":{"@context":"https:\/\/schema.org","@graph":[{"@type":"Article","@id":"https:\/\/www.idermic.es\/es\/acne-cosmetico-todo-lo-que-debemos-saber\/#article","isPartOf":{"@id":"https:\/\/www.idermic.es\/es\/acne-cosmetico-todo-lo-que-debemos-saber\/"},"author":{"name":"Equipo","@id":"https:\/\/www.idermic.es\/#\/schema\/person\/c12703027a878b23d3c71c87921a82f8"},"headline":"Acn\u00e9 cosm\u00e9tico: todo lo que debemos saber","datePublished":"2025-07-18T08:17:39+00:00","dateModified":"2025-11-21T12:37:16+00:00","mainEntityOfPage":{"@id":"https:\/\/www.idermic.es\/es\/acne-cosmetico-todo-lo-que-debemos-saber\/"},"wordCount":5388,"commentCount":0,"publisher":{"@id":"https:\/\/www.idermic.es\/#organization"},"image":{"@id":"https:\/\/www.idermic.es\/es\/acne-cosmetico-todo-lo-que-debemos-saber\/#primaryimage"},"thumbnailUrl":"https:\/\/www.idermic.es\/wp-content\/uploads\/2025\/07\/Captura-de-pantalla-2025-07-18-091601.png","keywords":["acn\u00e9"],"articleSection":["Dermatologia est\u00e8tica"],"inLanguage":"es","potentialAction":[{"@type":"CommentAction","name":"Comment","target":["https:\/\/www.idermic.es\/es\/acne-cosmetico-todo-lo-que-debemos-saber\/#respond"]}]},{"@type":"WebPage","@id":"https:\/\/www.idermic.es\/es\/acne-cosmetico-todo-lo-que-debemos-saber\/","url":"https:\/\/www.idermic.es\/es\/acne-cosmetico-todo-lo-que-debemos-saber\/","name":"Acn\u00e9 cosm\u00e9tico: todo lo que debemos saber -","isPartOf":{"@id":"https:\/\/www.idermic.es\/#website"},"primaryImageOfPage":{"@id":"https:\/\/www.idermic.es\/es\/acne-cosmetico-todo-lo-que-debemos-saber\/#primaryimage"},"image":{"@id":"https:\/\/www.idermic.es\/es\/acne-cosmetico-todo-lo-que-debemos-saber\/#primaryimage"},"thumbnailUrl":"https:\/\/www.idermic.es\/wp-content\/uploads\/2025\/07\/Captura-de-pantalla-2025-07-18-091601.png","datePublished":"2025-07-18T08:17:39+00:00","dateModified":"2025-11-21T12:37:16+00:00","description":"Descubre qu\u00e9 es el acn\u00e9 cosm\u00e9tico, causas, c\u00f3mo prevenirlo y los tratamientos m\u00e1s eficaces para cuidar tu piel sin renunciar al maquillaje.","breadcrumb":{"@id":"https:\/\/www.idermic.es\/es\/acne-cosmetico-todo-lo-que-debemos-saber\/#breadcrumb"},"inLanguage":"es","potentialAction":[{"@type":"ReadAction","target":["https:\/\/www.idermic.es\/es\/acne-cosmetico-todo-lo-que-debemos-saber\/"]}]},{"@type":"ImageObject","inLanguage":"es","@id":"https:\/\/www.idermic.es\/es\/acne-cosmetico-todo-lo-que-debemos-saber\/#primaryimage","url":"https:\/\/www.idermic.es\/wp-content\/uploads\/2025\/07\/Captura-de-pantalla-2025-07-18-091601.png","contentUrl":"https:\/\/www.idermic.es\/wp-content\/uploads\/2025\/07\/Captura-de-pantalla-2025-07-18-091601.png","width":452,"height":684,"caption":"Acn\u00e9 cosm\u00e9tico: todo lo que debemos saber"},{"@type":"BreadcrumbList","@id":"https:\/\/www.idermic.es\/es\/acne-cosmetico-todo-lo-que-debemos-saber\/#breadcrumb","itemListElement":[{"@type":"ListItem","position":1,"name":"Inici","item":"https:\/\/www.idermic.es\/es\/"},{"@type":"ListItem","position":2,"name":"Acn\u00e9 cosm\u00e9tico: todo lo que debemos saber"}]},{"@type":"WebSite","@id":"https:\/\/www.idermic.es\/#website","url":"https:\/\/www.idermic.es\/","name":"Idermic. Dermatolog\u00eda en Terrassa","description":"Dermatolog\u00eda, Medicina est\u00e9tica, Cirurg\u00eda Pl\u00e0stica","publisher":{"@id":"https:\/\/www.idermic.es\/#organization"},"potentialAction":[{"@type":"SearchAction","target":{"@type":"EntryPoint","urlTemplate":"https:\/\/www.idermic.es\/?s={search_term_string}"},"query-input":{"@type":"PropertyValueSpecification","valueRequired":true,"valueName":"search_term_string"}}],"inLanguage":"es"},{"@type":"Organization","@id":"https:\/\/www.idermic.es\/#organization","name":"Idermic. Dermatolog\u00eda en Terrassa","url":"https:\/\/www.idermic.es\/","logo":{"@type":"ImageObject","inLanguage":"es","@id":"https:\/\/www.idermic.es\/#\/schema\/logo\/image\/","url":"https:\/\/www.idermic.es\/wp-content\/uploads\/2025\/10\/Logo-Idermic.jpg","contentUrl":"https:\/\/www.idermic.es\/wp-content\/uploads\/2025\/10\/Logo-Idermic.jpg","width":501,"height":502,"caption":"Idermic. Dermatolog\u00eda en Terrassa"},"image":{"@id":"https:\/\/www.idermic.es\/#\/schema\/logo\/image\/"},"sameAs":["https:\/\/www.facebook.com\/Idermic","https:\/\/x.com\/idermic","https:\/\/www.instagram.com\/idermicclinic\/","https:\/\/www.youtube.com\/channel\/UCyAHC9-p8lc6hr_nguO8p_g"]},{"@type":"Person","@id":"https:\/\/www.idermic.es\/#\/schema\/person\/c12703027a878b23d3c71c87921a82f8","name":"Equipo","image":{"@type":"ImageObject","inLanguage":"es","@id":"https:\/\/secure.gravatar.com\/avatar\/7ca0be23248108c6b0887e0693b7dcf7764bd3503f84d1f04e6653ef7c3b9420?s=96&d=mm&r=g","url":"https:\/\/secure.gravatar.com\/avatar\/7ca0be23248108c6b0887e0693b7dcf7764bd3503f84d1f04e6653ef7c3b9420?s=96&d=mm&r=g","contentUrl":"https:\/\/secure.gravatar.com\/avatar\/7ca0be23248108c6b0887e0693b7dcf7764bd3503f84d1f04e6653ef7c3b9420?s=96&d=mm&r=g","caption":"Equipo"},"description":"Equipo de Idermic"}]}},"_links":{"self":[{"href":"https:\/\/www.idermic.es\/es\/wp-json\/wp\/v2\/posts\/8001","targetHints":{"allow":["GET"]}}],"collection":[{"href":"https:\/\/www.idermic.es\/es\/wp-json\/wp\/v2\/posts"}],"about":[{"href":"https:\/\/www.idermic.es\/es\/wp-json\/wp\/v2\/types\/post"}],"author":[{"embeddable":true,"href":"https:\/\/www.idermic.es\/es\/wp-json\/wp\/v2\/users\/3"}],"replies":[{"embeddable":true,"href":"https:\/\/www.idermic.es\/es\/wp-json\/wp\/v2\/comments?post=8001"}],"version-history":[{"count":16,"href":"https:\/\/www.idermic.es\/es\/wp-json\/wp\/v2\/posts\/8001\/revisions"}],"predecessor-version":[{"id":8599,"href":"https:\/\/www.idermic.es\/es\/wp-json\/wp\/v2\/posts\/8001\/revisions\/8599"}],"wp:featuredmedia":[{"embeddable":true,"href":"https:\/\/www.idermic.es\/es\/wp-json\/wp\/v2\/media\/8003"}],"wp:attachment":[{"href":"https:\/\/www.idermic.es\/es\/wp-json\/wp\/v2\/media?parent=8001"}],"wp:term":[{"taxonomy":"category","embeddable":true,"href":"https:\/\/www.idermic.es\/es\/wp-json\/wp\/v2\/categories?post=8001"},{"taxonomy":"post_tag","embeddable":true,"href":"https:\/\/www.idermic.es\/es\/wp-json\/wp\/v2\/tags?post=8001"}],"curies":[{"name":"wp","href":"https:\/\/api.w.org\/{rel}","templated":true}]}}