{"id":7934,"date":"2025-07-01T08:55:02","date_gmt":"2025-07-01T08:55:02","guid":{"rendered":"https:\/\/www.idermic.es\/?p=7934"},"modified":"2026-05-26T09:50:43","modified_gmt":"2026-05-26T09:50:43","slug":"eliminacion-de-micropigmentacion-con-el-laser-de-picosegundos","status":"publish","type":"post","link":"https:\/\/www.idermic.es\/es\/eliminacion-de-micropigmentacion-con-el-laser-de-picosegundos\/","title":{"rendered":"Eliminaci\u00f3n de Micropigmentaci\u00f3n con el l\u00e1ser de picosegundos"},"content":{"rendered":"<p><div class=\"fusion-fullwidth fullwidth-box fusion-builder-row-1 nonhundred-percent-fullwidth non-hundred-percent-height-scrolling\" style=\"--awb-border-radius-top-left:0px;--awb-border-radius-top-right:0px;--awb-border-radius-bottom-right:0px;--awb-border-radius-bottom-left:0px;--awb-flex-wrap:wrap;\" ><div class=\"fusion-builder-row fusion-row\"><div class=\"fusion-layout-column fusion_builder_column fusion-builder-column-0 fusion_builder_column_1_1 1_1 fusion-one-full fusion-column-first fusion-column-last\" style=\"--awb-bg-size:cover;\"><div class=\"fusion-column-wrapper fusion-flex-column-wrapper-legacy\"><div class=\"fusion-text fusion-text-1\"><h1 style=\"text-align: center;\">Eliminaci\u00f3n de Micropigmentaci\u00f3n con el l\u00e1ser de picosegundos<\/h1>\n<\/div><div class=\"fusion-clearfix\"><\/div><\/div><\/div><\/div><\/div><div class=\"fusion-fullwidth fullwidth-box fusion-builder-row-2 nonhundred-percent-fullwidth non-hundred-percent-height-scrolling\" style=\"--awb-border-radius-top-left:0px;--awb-border-radius-top-right:0px;--awb-border-radius-bottom-right:0px;--awb-border-radius-bottom-left:0px;--awb-flex-wrap:wrap;\" ><div class=\"fusion-builder-row fusion-row\"><div class=\"fusion-layout-column fusion_builder_column fusion-builder-column-1 fusion_builder_column_2_3 2_3 fusion-two-third fusion-column-first\" style=\"--awb-bg-size:cover;width:66.666666666667%;width:calc(66.666666666667% - ( ( 4% ) * 0.66666666666667 ) );margin-right: 4%;\"><div class=\"fusion-column-wrapper fusion-flex-column-wrapper-legacy\"><div class=\"fusion-text fusion-text-2\"><p>La micropigmentaci\u00f3n es una t\u00e9cnica de est\u00e9tica semipermanente que ha ganado popularidad por su capacidad para definir rasgos faciales como cejas, labios o l\u00edneas de ojos. Sin embargo, por diferentes razones personales, m\u00e9dicas o est\u00e9ticas, muchas personas optan por eliminar estos pigmentos.<\/p>\n<p>Afortunadamente, la tecnolog\u00eda ha evolucionado, y hoy existen m\u00e9todos altamente eficaces para realizar este proceso de manera segura y con resultados satisfactorios.<\/p>\n<p>En este art\u00edculo se abordan los m\u00e9todos de eliminaci\u00f3n m\u00e1s utilizados, destacando especialmente el uso del l\u00e1ser de picosegundos, con un enfoque en la pr\u00e1ctica m\u00e9dica especializada disponible en la <strong><a href=\"https:\/\/www.idermic.es\/\">Cl\u00ednica Idermic<\/a><\/strong> de Terrassa.<\/p>\n<\/div><div class=\"fusion-clearfix\"><\/div><\/div><\/div><div class=\"fusion-layout-column fusion_builder_column fusion-builder-column-2 fusion_builder_column_1_3 1_3 fusion-one-third fusion-column-last\" style=\"--awb-bg-size:cover;width:33.333333333333%;width:calc(33.333333333333% - ( ( 4% ) * 0.33333333333333 ) );\"><div class=\"fusion-column-wrapper fusion-flex-column-wrapper-legacy\"><div class=\"fusion-image-element fusion-no-small-visibility fusion-no-medium-visibility in-legacy-container\" style=\"--awb-caption-title-font-family:var(--h2_typography-font-family);--awb-caption-title-font-weight:var(--h2_typography-font-weight);--awb-caption-title-font-style:var(--h2_typography-font-style);--awb-caption-title-size:var(--h2_typography-font-size);--awb-caption-title-transform:var(--h2_typography-text-transform);--awb-caption-title-line-height:var(--h2_typography-line-height);--awb-caption-title-letter-spacing:var(--h2_typography-letter-spacing);\"><span class=\" fusion-imageframe imageframe-none imageframe-1 hover-type-none\"><img decoding=\"async\" width=\"186\" height=\"300\" alt=\"Eliminaci\u00f3n de Micropigmentaci\u00f3n con el l\u00e1ser de picosegundos\" title=\"Eliminaci\u00f3n de micropigmentaci\u00f3n\" src=\"https:\/\/www.idermic.es\/wp-content\/uploads\/2025\/07\/Eliminacion-de-micropigmentacion-186x300.jpg\" class=\"img-responsive wp-image-7937\" srcset=\"https:\/\/www.idermic.es\/wp-content\/uploads\/2025\/07\/Eliminacion-de-micropigmentacion-200x323.jpg 200w, https:\/\/www.idermic.es\/wp-content\/uploads\/2025\/07\/Eliminacion-de-micropigmentacion-400x647.jpg 400w, https:\/\/www.idermic.es\/wp-content\/uploads\/2025\/07\/Eliminacion-de-micropigmentacion.jpg 475w\" sizes=\"(max-width: 800px) 100vw, 186px\" \/><\/span><\/div><div class=\"fusion-clearfix\"><\/div><\/div><\/div><\/div><\/div><div class=\"fusion-fullwidth fullwidth-box fusion-builder-row-3 nonhundred-percent-fullwidth non-hundred-percent-height-scrolling\" style=\"--awb-border-radius-top-left:0px;--awb-border-radius-top-right:0px;--awb-border-radius-bottom-right:0px;--awb-border-radius-bottom-left:0px;--awb-flex-wrap:wrap;\" ><div class=\"fusion-builder-row fusion-row\"><div class=\"fusion-layout-column fusion_builder_column fusion-builder-column-3 fusion_builder_column_1_1 1_1 fusion-one-full fusion-column-first fusion-column-last\" style=\"--awb-bg-size:cover;\"><div class=\"fusion-column-wrapper fusion-flex-column-wrapper-legacy\"><div class=\"fusion-sep-clear\"><\/div><div class=\"fusion-separator fusion-full-width-sep\" style=\"margin-left: auto;margin-right: auto;width:100%;\"><div class=\"fusion-separator-border sep-double\" style=\"--awb-height:20px;--awb-amount:20px;border-color:#e0dede;border-top-width:1px;border-bottom-width:1px;\"><\/div><\/div><div class=\"fusion-sep-clear\"><\/div><div class=\"fusion-clearfix\"><\/div><\/div><\/div><\/div><\/div><div class=\"fusion-fullwidth fullwidth-box fusion-builder-row-4 nonhundred-percent-fullwidth non-hundred-percent-height-scrolling\" style=\"--awb-border-radius-top-left:0px;--awb-border-radius-top-right:0px;--awb-border-radius-bottom-right:0px;--awb-border-radius-bottom-left:0px;--awb-flex-wrap:wrap;\" ><div class=\"fusion-builder-row fusion-row\"><div class=\"fusion-layout-column fusion_builder_column fusion-builder-column-4 fusion_builder_column_1_1 1_1 fusion-one-full fusion-column-first fusion-column-last\" style=\"--awb-bg-size:cover;\"><div class=\"fusion-column-wrapper fusion-flex-column-wrapper-legacy\"><div class=\"fusion-text fusion-text-3\"><h2 data-start=\"1121\" data-end=\"1175\">\u00bfQu\u00e9 es la micropigmentaci\u00f3n y por qu\u00e9 se elimina?<\/h2>\n<p data-start=\"1177\" data-end=\"1826\">La micropigmentaci\u00f3n consiste en la implantaci\u00f3n de pigmentos en la capa superficial de la piel mediante microagujas, con fines cosm\u00e9ticos o reconstructivos. Esta t\u00e9cnica permite mejorar el dise\u00f1o de cejas, simular la l\u00ednea del labio o definir el contorno de los ojos. Con el paso del tiempo, sin embargo, el color puede cambiar, los dise\u00f1os quedar obsoletos o simplemente los gustos evolucionar.<\/p>\n<p data-start=\"1177\" data-end=\"1826\">Adem\u00e1s, un procedimiento mal ejecutado o realizado sin el conocimiento adecuado puede dar lugar a resultados indeseados que motiven su eliminaci\u00f3n. En estos casos, existen soluciones seguras y eficaces que pueden revertir los efectos sin da\u00f1ar la piel.<\/p>\n<h2 data-start=\"1833\" data-end=\"1871\">M\u00e9todos de eliminaci\u00f3n disponibles<\/h2>\n<h3 data-start=\"1873\" data-end=\"1906\">1. <strong data-start=\"1881\" data-end=\"1906\">L\u00e1ser de picosegundos<\/strong><\/h3>\n<p data-start=\"1908\" data-end=\"2518\">El l\u00e1ser de picosegundos es la tecnolog\u00eda m\u00e1s avanzada actualmente en la eliminaci\u00f3n de micropigmentaci\u00f3n y tatuajes. A diferencia del l\u00e1ser Q-Switched, que emite pulsos en nanosegundos, el l\u00e1ser de picosegundos act\u00faa con pulsos ultracortos que permiten fragmentar el pigmento en part\u00edculas a\u00fan m\u00e1s peque\u00f1as. Esta mayor precisi\u00f3n facilita una eliminaci\u00f3n m\u00e1s r\u00e1pida y efectiva, reduciendo el n\u00famero de sesiones necesarias. Adem\u00e1s, genera menos calor en la piel, lo que disminuye el riesgo de lesiones t\u00e9rmicas, favorece una mejor recuperaci\u00f3n y permite tratar con seguridad zonas sensibles como cejas y labios.<\/p>\n<h3 data-start=\"2520\" data-end=\"2545\">2. <strong data-start=\"2528\" data-end=\"2545\">M\u00e9todo salino<\/strong><\/h3>\n<p data-start=\"2547\" data-end=\"3142\">El m\u00e9todo salino implica la implantaci\u00f3n de una soluci\u00f3n salina est\u00e9ril sobre la zona pigmentada para forzar una reacci\u00f3n de rechazo por parte de la piel, lo que lleva al pigmento hacia la superficie para su expulsi\u00f3n. Aunque es \u00fatil para ciertos pigmentos que resisten el l\u00e1ser, suele ser m\u00e1s doloroso y conlleva mayor riesgo de cicatrices o hiperpigmentaci\u00f3n postinflamatoria. Este procedimiento tambi\u00e9n requiere varias sesiones y suele utilizarse como recurso secundario cuando el l\u00e1ser no es viable. Es especialmente sensible a factores como el tipo de piel, color y antig\u00fcedad del pigmento.<\/p>\n<h3 data-start=\"3144\" data-end=\"3196\">3. <strong data-start=\"3152\" data-end=\"3196\">\u00c1cidos qu\u00edmicos o cremas despigmentantes<\/strong><\/h3>\n<p data-start=\"3198\" data-end=\"3759\">En algunos casos se han utilizado \u00e1cidos o productos t\u00f3picos con fines despigmentantes, aunque su eficacia es limitada y el riesgo de irritaci\u00f3n o quemaduras es considerable. Estas cremas suelen tener compuestos como TCA (\u00e1cido tricloroac\u00e9tico) o hidroquinona, pero su uso prolongado puede afectar la salud cut\u00e1nea. Adem\u00e1s, carecen de la precisi\u00f3n y profundidad necesarias para alcanzar los pigmentos implantados, lo que las convierte en una opci\u00f3n poco recomendable. Actualmente, su uso se considera obsoleto frente a tecnolog\u00edas como el l\u00e1ser de picosegundos.<\/p>\n<\/div><div class=\"fusion-clearfix\"><\/div><\/div><\/div><\/div><\/div><div class=\"fusion-fullwidth fullwidth-box fusion-builder-row-5 nonhundred-percent-fullwidth non-hundred-percent-height-scrolling\" style=\"--awb-border-radius-top-left:0px;--awb-border-radius-top-right:0px;--awb-border-radius-bottom-right:0px;--awb-border-radius-bottom-left:0px;--awb-flex-wrap:wrap;\" ><div class=\"fusion-builder-row fusion-row\"><div class=\"fusion-layout-column fusion_builder_column fusion-builder-column-5 fusion_builder_column_1_1 1_1 fusion-one-full fusion-column-first fusion-column-last\" style=\"--awb-bg-size:cover;\"><div class=\"fusion-column-wrapper fusion-flex-column-wrapper-legacy\"><div class=\"fusion-sep-clear\"><\/div><div class=\"fusion-separator fusion-full-width-sep\" style=\"margin-left: auto;margin-right: auto;width:100%;\"><div class=\"fusion-separator-border sep-double\" style=\"--awb-height:20px;--awb-amount:20px;border-color:#e0dede;border-top-width:1px;border-bottom-width:1px;\"><\/div><\/div><div class=\"fusion-sep-clear\"><\/div><div class=\"fusion-clearfix\"><\/div><\/div><\/div><\/div><\/div><div class=\"fusion-fullwidth fullwidth-box fusion-builder-row-6 nonhundred-percent-fullwidth non-hundred-percent-height-scrolling\" style=\"--awb-border-radius-top-left:0px;--awb-border-radius-top-right:0px;--awb-border-radius-bottom-right:0px;--awb-border-radius-bottom-left:0px;--awb-flex-wrap:wrap;\" ><div class=\"fusion-builder-row fusion-row\"><div class=\"fusion-layout-column fusion_builder_column fusion-builder-column-6 fusion_builder_column_1_1 1_1 fusion-one-full fusion-column-first fusion-column-last\" style=\"--awb-bg-size:cover;\"><div class=\"fusion-column-wrapper fusion-flex-column-wrapper-legacy\"><div class=\"fusion-text fusion-text-4\"><h3 data-start=\"3766\" data-end=\"3803\">\u00bfCu\u00e1ntas sesiones son necesarias?<\/h3>\n<p data-start=\"3805\" data-end=\"4493\">El n\u00famero de sesiones para eliminar completamente la micropigmentaci\u00f3n var\u00eda en funci\u00f3n de m\u00faltiples factores: el tipo y color del pigmento, su profundidad en la piel, el tipo de piel del paciente y el m\u00e9todo utilizado. Con tecnolog\u00edas tradicionales como el l\u00e1ser Q-Switched, pueden requerirse entre 6 y 10 sesiones, mientras que con el l\u00e1ser de picosegundos este n\u00famero puede reducirse a 3-5 sesiones.<\/p>\n<p data-start=\"3805\" data-end=\"4493\">Tambi\u00e9n influye el tiempo transcurrido desde la aplicaci\u00f3n original del pigmento, ya que con el tiempo tiende a descomponerse y ser m\u00e1s f\u00e1cil de eliminar. Es fundamental mantener intervalos adecuados entre sesiones para permitir la recuperaci\u00f3n de la piel y evitar efectos secundarios.<\/p>\n<h3 data-start=\"4500\" data-end=\"4534\">Proceso y cuidados posteriores<\/h3>\n<p data-start=\"4536\" data-end=\"5262\">Durante una sesi\u00f3n de eliminaci\u00f3n con l\u00e1ser, se aplica anestesia t\u00f3pica para minimizar molestias, especialmente en zonas sensibles como el contorno ocular o labial. El tratamiento, que dura entre 20 y 45 minutos, act\u00faa directamente sobre los pigmentos sin afectar el tejido circundante, especialmente cuando se utiliza tecnolog\u00eda de picosegundos. Posteriormente, es normal que aparezcan enrojecimiento, inflamaci\u00f3n o peque\u00f1as costras, como parte del proceso natural de cicatrizaci\u00f3n. Es crucial evitar la exposici\u00f3n solar directa, mantener la piel hidratada con productos espec\u00edficos y no manipular la zona tratada. Estos cuidados favorecen una recuperaci\u00f3n \u00f3ptima y evitan complicaciones como hiperpigmentaci\u00f3n o infecciones.<\/p>\n<h3 data-start=\"5269\" data-end=\"5311\">Posibles efectos secundarios y riesgos<\/h3>\n<p data-start=\"5313\" data-end=\"6037\">A pesar de su seguridad, el tratamiento puede generar efectos secundarios leves, principalmente en pieles sensibles. Entre los m\u00e1s comunes se encuentran enrojecimiento temporal, costras superficiales, hiperpigmentaci\u00f3n transitoria o sensaci\u00f3n de escozor durante o despu\u00e9s del procedimiento. El uso del l\u00e1ser de picosegundos minimiza estos riesgos gracias a su precisi\u00f3n y menor agresividad t\u00e9rmica sobre la piel. Sin embargo, en casos excepcionales pueden aparecer cicatrices si no se siguen correctamente las indicaciones postratamiento. Por ello, es vital acudir a centros especializados con experiencia m\u00e9dica como Idermic, que garantizan una evaluaci\u00f3n previa detallada y seguimiento profesional durante todo el proceso.<\/p>\n<\/div><div class=\"fusion-clearfix\"><\/div><\/div><\/div><\/div><\/div><div class=\"fusion-fullwidth fullwidth-box fusion-builder-row-7 nonhundred-percent-fullwidth non-hundred-percent-height-scrolling\" style=\"--awb-border-radius-top-left:0px;--awb-border-radius-top-right:0px;--awb-border-radius-bottom-right:0px;--awb-border-radius-bottom-left:0px;--awb-flex-wrap:wrap;\" ><div class=\"fusion-builder-row fusion-row\"><div class=\"fusion-layout-column fusion_builder_column fusion-builder-column-7 fusion_builder_column_1_1 1_1 fusion-one-full fusion-column-first fusion-column-last\" style=\"--awb-bg-size:cover;\"><div class=\"fusion-column-wrapper fusion-flex-column-wrapper-legacy\"><div class=\"fusion-sep-clear\"><\/div><div class=\"fusion-separator fusion-full-width-sep\" style=\"margin-left: auto;margin-right: auto;width:100%;\"><div class=\"fusion-separator-border sep-double\" style=\"--awb-height:20px;--awb-amount:20px;border-color:#e0dede;border-top-width:1px;border-bottom-width:1px;\"><\/div><\/div><div class=\"fusion-sep-clear\"><\/div><div class=\"fusion-clearfix\"><\/div><\/div><\/div><\/div><\/div><div class=\"fusion-fullwidth fullwidth-box fusion-builder-row-8 nonhundred-percent-fullwidth non-hundred-percent-height-scrolling\" style=\"--awb-border-radius-top-left:0px;--awb-border-radius-top-right:0px;--awb-border-radius-bottom-right:0px;--awb-border-radius-bottom-left:0px;--awb-flex-wrap:wrap;\" ><div class=\"fusion-builder-row fusion-row\"><div class=\"fusion-layout-column fusion_builder_column fusion-builder-column-8 fusion_builder_column_1_1 1_1 fusion-one-full fusion-column-first fusion-column-last\" style=\"--awb-bg-size:cover;\"><div class=\"fusion-column-wrapper fusion-flex-column-wrapper-legacy\"><div class=\"fusion-video fusion-youtube\" style=\"--awb-max-width:600px;--awb-max-height:360px;\"><div class=\"video-shortcode\"><div class=\"fluid-width-video-wrapper\" style=\"padding-top:60%;\" ><iframe title=\"YouTube video player 1\" src=\"https:\/\/www.youtube.com\/embed\/Kj4FNtGuAwI?wmode=transparent&autoplay=0\" width=\"600\" height=\"360\" allowfullscreen allow=\"autoplay; clipboard-write; encrypted-media; gyroscope; picture-in-picture;\"><\/iframe><\/div><\/div><\/div><div class=\"fusion-clearfix\"><\/div><\/div><\/div><\/div><\/div><div class=\"fusion-fullwidth fullwidth-box fusion-builder-row-9 nonhundred-percent-fullwidth non-hundred-percent-height-scrolling\" style=\"--awb-border-radius-top-left:0px;--awb-border-radius-top-right:0px;--awb-border-radius-bottom-right:0px;--awb-border-radius-bottom-left:0px;--awb-flex-wrap:wrap;\" ><div class=\"fusion-builder-row fusion-row\"><div class=\"fusion-layout-column fusion_builder_column fusion-builder-column-9 fusion_builder_column_1_1 1_1 fusion-one-full fusion-column-first fusion-column-last\" style=\"--awb-bg-size:cover;\"><div class=\"fusion-column-wrapper fusion-flex-column-wrapper-legacy\"><div class=\"fusion-text fusion-text-5\"><h2 data-start=\"6044\" data-end=\"6110\">Recomendaciones antes de iniciar un tratamiento de eliminaci\u00f3n<\/h2>\n<p data-start=\"6112\" data-end=\"6840\">Antes de iniciar cualquier tratamiento, es imprescindible realizar una valoraci\u00f3n dermatol\u00f3gica completa. Esta evaluaci\u00f3n permite determinar el m\u00e9todo m\u00e1s adecuado en funci\u00f3n del pigmento, la zona afectada y las caracter\u00edsticas individuales de la piel. Tambi\u00e9n es importante descartar alergias, alteraciones cut\u00e1neas o enfermedades que puedan interferir en el proceso de cicatrizaci\u00f3n. Adem\u00e1s, el paciente debe estar bien informado sobre las expectativas realistas, el n\u00famero estimado de sesiones y el coste total del tratamiento. Elegir un centro m\u00e9dico como Idermic en Terrassa ofrece garant\u00edas profesionales y la posibilidad de acceder a tecnolog\u00edas avanzadas como el l\u00e1ser de picosegundos con personal sanitario cualificado.<\/p>\n<h2 data-start=\"6847\" data-end=\"6914\">Antecedentes: evoluci\u00f3n del tratamiento de la micropigmentaci\u00f3n<\/h2>\n<p data-start=\"6916\" data-end=\"7611\">Hace a\u00f1os, las t\u00e9cnicas para eliminar micropigmentaci\u00f3n eran rudimentarias, dolorosas y con alto riesgo de cicatrices. El l\u00e1ser Q-Switched supuso un cambio radical en esta pr\u00e1ctica al permitir una eliminaci\u00f3n m\u00e1s selectiva del pigmento. Sin embargo, la verdadera revoluci\u00f3n ha sido la introducci\u00f3n del l\u00e1ser de picosegundos, que ha mejorado significativamente los resultados cl\u00ednicos, reduciendo el n\u00famero de sesiones necesarias y minimizando los efectos secundarios. Gracias a esta evoluci\u00f3n tecnol\u00f3gica, hoy en d\u00eda es posible eliminar micropigmentaciones complejas de forma precisa y con m\u00ednimos riesgos, abriendo nuevas posibilidades para quienes desean corregir errores est\u00e9ticos del pasado.<\/p>\n<p data-start=\"7634\" data-end=\"8276\">La eliminaci\u00f3n de la micropigmentaci\u00f3n ha dejado de ser un proceso invasivo e incierto gracias al avance de tecnolog\u00edas como el l\u00e1ser de picosegundos. Este tipo de tratamiento permite fragmentar los pigmentos de forma m\u00e1s eficaz y segura, con menos sesiones y un mejor perfil de recuperaci\u00f3n. La clave para obtener resultados \u00f3ptimos radica en una correcta evaluaci\u00f3n previa y en la elecci\u00f3n de un centro m\u00e9dico especializado que ofrezca garant\u00edas profesionales, como Idermic en Terrassa. Con una planificaci\u00f3n adecuada y seguimiento experto, es posible recuperar la piel sin secuelas visibles y volver a sentirse c\u00f3modo con la propia imagen.<\/p>\n<p>Para cualquier consulta sobre la eliminaci\u00f3n de la micropigmentaci\u00f3n con el l\u00e1ser de picosegundos, en Idermic, tu <strong><a href=\"http:\/\/idermic.es\/\">dermat\u00f3logo en Terrassa<\/a><\/strong> estaremos encantados de atenderte.<\/p>\n<\/div><div class=\"fusion-clearfix\"><\/div><\/div><\/div><\/div><\/div><div class=\"fusion-fullwidth fullwidth-box fusion-builder-row-10 nonhundred-percent-fullwidth non-hundred-percent-height-scrolling\" style=\"--awb-border-radius-top-left:0px;--awb-border-radius-top-right:0px;--awb-border-radius-bottom-right:0px;--awb-border-radius-bottom-left:0px;--awb-flex-wrap:wrap;\" ><div class=\"fusion-builder-row fusion-row\"><div class=\"fusion-layout-column fusion_builder_column fusion-builder-column-10 fusion_builder_column_1_1 1_1 fusion-one-full fusion-column-first fusion-column-last\" style=\"--awb-bg-size:cover;\"><div class=\"fusion-column-wrapper fusion-flex-column-wrapper-legacy\"><blockquote class=\"instagram-media\" data-instgrm-captioned data-instgrm-permalink=\"https:\/\/www.instagram.com\/reel\/C3paQ_dNj-L\/?utm_source=ig_embed&utm_campaign=loading\" data-instgrm-version=\"14\" style=\" background:#FFF; border:0; border-radius:3px; box-shadow:0 0 1px 0 rgba(0,0,0,0.5),0 1px 10px 0 rgba(0,0,0,0.15); margin: 1px; max-width:540px; min-width:326px; padding:0; width:99.375%; width:-webkit-calc(100% - 2px); width:calc(100% - 2px);\"><div style=\"padding:16px;\"> <a href=\"https:\/\/www.instagram.com\/reel\/C3paQ_dNj-L\/?utm_source=ig_embed&utm_campaign=loading\" style=\" background:#FFFFFF; line-height:0; padding:0 0; text-align:center; text-decoration:none; width:100%;\" target=\"_blank\"> <div style=\" display: flex; flex-direction: row; align-items: center;\"> <div style=\"background-color: #F4F4F4; border-radius: 50%; flex-grow: 0; height: 40px; margin-right: 14px; width: 40px;\"><\/div> <div style=\"display: flex; flex-direction: column; flex-grow: 1; justify-content: center;\"> <div style=\" background-color: #F4F4F4; border-radius: 4px; flex-grow: 0; height: 14px; margin-bottom: 6px; width: 100px;\"><\/div> <div style=\" background-color: #F4F4F4; border-radius: 4px; flex-grow: 0; height: 14px; width: 60px;\"><\/div><\/div><\/div><div style=\"padding: 19% 0;\"><\/div> <div style=\"display:block; height:50px; margin:0 auto 12px; width:50px;\"><svg width=\"50px\" height=\"50px\" viewBox=\"0 0 60 60\" version=\"1.1\" xmlns=\"https:\/\/www.w3.org\/2000\/svg\" xmlns:xlink=\"https:\/\/www.w3.org\/1999\/xlink\"><g stroke=\"none\" stroke-width=\"1\" fill=\"none\" fill-rule=\"evenodd\"><g transform=\"translate(-511.000000, -20.000000)\" fill=\"#000000\"><g><path d=\"M556.869,30.41 C554.814,30.41 553.148,32.076 553.148,34.131 C553.148,36.186 554.814,37.852 556.869,37.852 C558.924,37.852 560.59,36.186 560.59,34.131 C560.59,32.076 558.924,30.41 556.869,30.41 M541,60.657 C535.114,60.657 530.342,55.887 530.342,50 C530.342,44.114 535.114,39.342 541,39.342 C546.887,39.342 551.658,44.114 551.658,50 C551.658,55.887 546.887,60.657 541,60.657 M541,33.886 C532.1,33.886 524.886,41.1 524.886,50 C524.886,58.899 532.1,66.113 541,66.113 C549.9,66.113 557.115,58.899 557.115,50 C557.115,41.1 549.9,33.886 541,33.886 M565.378,62.101 C565.244,65.022 564.756,66.606 564.346,67.663 C563.803,69.06 563.154,70.057 562.106,71.106 C561.058,72.155 560.06,72.803 558.662,73.347 C557.607,73.757 556.021,74.244 553.102,74.378 C549.944,74.521 548.997,74.552 541,74.552 C533.003,74.552 532.056,74.521 528.898,74.378 C525.979,74.244 524.393,73.757 523.338,73.347 C521.94,72.803 520.942,72.155 519.894,71.106 C518.846,70.057 518.197,69.06 517.654,67.663 C517.244,66.606 516.755,65.022 516.623,62.101 C516.479,58.943 516.448,57.996 516.448,50 C516.448,42.003 516.479,41.056 516.623,37.899 C516.755,34.978 517.244,33.391 517.654,32.338 C518.197,30.938 518.846,29.942 519.894,28.894 C520.942,27.846 521.94,27.196 523.338,26.654 C524.393,26.244 525.979,25.756 528.898,25.623 C532.057,25.479 533.004,25.448 541,25.448 C548.997,25.448 549.943,25.479 553.102,25.623 C556.021,25.756 557.607,26.244 558.662,26.654 C560.06,27.196 561.058,27.846 562.106,28.894 C563.154,29.942 563.803,30.938 564.346,32.338 C564.756,33.391 565.244,34.978 565.378,37.899 C565.522,41.056 565.552,42.003 565.552,50 C565.552,57.996 565.522,58.943 565.378,62.101 M570.82,37.631 C570.674,34.438 570.167,32.258 569.425,30.349 C568.659,28.377 567.633,26.702 565.965,25.035 C564.297,23.368 562.623,22.342 560.652,21.575 C558.743,20.834 556.562,20.326 553.369,20.18 C550.169,20.033 549.148,20 541,20 C532.853,20 531.831,20.033 528.631,20.18 C525.438,20.326 523.257,20.834 521.349,21.575 C519.376,22.342 517.703,23.368 516.035,25.035 C514.368,26.702 513.342,28.377 512.574,30.349 C511.834,32.258 511.326,34.438 511.181,37.631 C511.035,40.831 511,41.851 511,50 C511,58.147 511.035,59.17 511.181,62.369 C511.326,65.562 511.834,67.743 512.574,69.651 C513.342,71.625 514.368,73.296 516.035,74.965 C517.703,76.634 519.376,77.658 521.349,78.425 C523.257,79.167 525.438,79.673 528.631,79.82 C531.831,79.965 532.853,80.001 541,80.001 C549.148,80.001 550.169,79.965 553.369,79.82 C556.562,79.673 558.743,79.167 560.652,78.425 C562.623,77.658 564.297,76.634 565.965,74.965 C567.633,73.296 568.659,71.625 569.425,69.651 C570.167,67.743 570.674,65.562 570.82,62.369 C570.966,59.17 571,58.147 571,50 C571,41.851 570.966,40.831 570.82,37.631\"><\/path><\/g><\/g><\/g><\/svg><\/div><div style=\"padding-top: 8px;\"> <div style=\" color:#3897f0; font-family:Arial,sans-serif; font-size:14px; font-style:normal; font-weight:550; line-height:18px;\">Ver esta publicaci\u00f3n en Instagram<\/div><\/div><div style=\"padding: 12.5% 0;\"><\/div> <div style=\"display: flex; flex-direction: row; margin-bottom: 14px; align-items: center;\"><div> <div style=\"background-color: #F4F4F4; border-radius: 50%; height: 12.5px; width: 12.5px; transform: translateX(0px) translateY(7px);\"><\/div> <div style=\"background-color: #F4F4F4; height: 12.5px; transform: rotate(-45deg) translateX(3px) translateY(1px); width: 12.5px; flex-grow: 0; margin-right: 14px; margin-left: 2px;\"><\/div> <div style=\"background-color: #F4F4F4; border-radius: 50%; height: 12.5px; width: 12.5px; transform: translateX(9px) translateY(-18px);\"><\/div><\/div><div style=\"margin-left: 8px;\"> <div style=\" background-color: #F4F4F4; border-radius: 50%; flex-grow: 0; height: 20px; width: 20px;\"><\/div> <div style=\" width: 0; height: 0; border-top: 2px solid transparent; border-left: 6px solid #f4f4f4; border-bottom: 2px solid transparent; transform: translateX(16px) translateY(-4px) rotate(30deg)\"><\/div><\/div><div style=\"margin-left: auto;\"> <div style=\" width: 0px; border-top: 8px solid #F4F4F4; border-right: 8px solid transparent; transform: translateY(16px);\"><\/div> <div style=\" background-color: #F4F4F4; flex-grow: 0; height: 12px; width: 16px; transform: translateY(-4px);\"><\/div> <div style=\" width: 0; height: 0; border-top: 8px solid #F4F4F4; border-left: 8px solid transparent; transform: translateY(-4px) translateX(8px);\"><\/div><\/div><\/div> <div style=\"display: flex; flex-direction: column; flex-grow: 1; justify-content: center; margin-bottom: 24px;\"> <div style=\" background-color: #F4F4F4; border-radius: 4px; flex-grow: 0; height: 14px; margin-bottom: 6px; width: 224px;\"><\/div> <div style=\" background-color: #F4F4F4; border-radius: 4px; flex-grow: 0; height: 14px; width: 144px;\"><\/div><\/div><\/a><p style=\" color:#c9c8cd; font-family:Arial,sans-serif; font-size:14px; line-height:17px; margin-bottom:0; margin-top:8px; overflow:hidden; padding:8px 0 7px; text-align:center; text-overflow:ellipsis; white-space:nowrap;\"><a href=\"https:\/\/www.instagram.com\/reel\/C3paQ_dNj-L\/?utm_source=ig_embed&utm_campaign=loading\" style=\" color:#c9c8cd; font-family:Arial,sans-serif; font-size:14px; font-style:normal; font-weight:normal; line-height:17px; text-decoration:none;\" target=\"_blank\">Una publicaci\u00f3n compartida de IDERMIC - Dermatolog\u00eda m\u00e9dica y est\u00e9tica (@idermicclinic)<\/a><\/p><\/div><\/blockquote>\n<script async src=\"\/\/www.instagram.com\/embed.js\"><\/script><div class=\"fusion-clearfix\"><\/div><\/div><\/div><\/div><\/div><\/p>\n","protected":false},"excerpt":{"rendered":"<p>Todo sobre la eliminaci\u00f3n de micropigmentaci\u00f3n: m\u00e9todos, sesiones, riesgos y consejos, con enfoque m\u00e9dico especializado en Terrassa.<\/p>\n","protected":false},"author":3,"featured_media":7937,"comment_status":"open","ping_status":"closed","sticky":false,"template":"","format":"standard","meta":{"_joinchat":[],"footnotes":""},"categories":[52,37],"tags":[],"class_list":["post-7934","post","type-post","status-publish","format-standard","has-post-thumbnail","hentry","category-dermatologia","category-tecnologia"],"yoast_head":"<!-- This site is optimized with the Yoast SEO plugin v28.4 - https:\/\/yoast.com\/product\/yoast-seo-wordpress\/ -->\n<title>Eliminaci\u00f3n de Micropigmentaci\u00f3n con el l\u00e1ser de picosegundos -<\/title>\n<meta name=\"description\" content=\"Todo sobre la eliminaci\u00f3n de micropigmentaci\u00f3n: m\u00e9todos, sesiones, riesgos y consejos, con enfoque m\u00e9dico especializado en Terrassa.\" \/>\n<meta name=\"robots\" content=\"index, follow, max-snippet:-1, max-image-preview:large, max-video-preview:-1\" \/>\n<link rel=\"canonical\" href=\"https:\/\/www.idermic.es\/es\/eliminacion-de-micropigmentacion-con-el-laser-de-picosegundos\/\" \/>\n<meta property=\"og:locale\" content=\"es_ES\" \/>\n<meta property=\"og:type\" content=\"article\" \/>\n<meta property=\"og:title\" content=\"Eliminaci\u00f3n de Micropigmentaci\u00f3n con el l\u00e1ser de picosegundos -\" \/>\n<meta property=\"og:description\" content=\"Todo sobre la eliminaci\u00f3n de micropigmentaci\u00f3n: m\u00e9todos, sesiones, riesgos y consejos, con enfoque m\u00e9dico especializado en Terrassa.\" \/>\n<meta property=\"og:url\" content=\"https:\/\/www.idermic.es\/es\/eliminacion-de-micropigmentacion-con-el-laser-de-picosegundos\/\" \/>\n<meta property=\"og:site_name\" content=\"Idermic. Dermatolog\u00eda en Terrassa\" \/>\n<meta property=\"article:publisher\" content=\"https:\/\/www.facebook.com\/Idermic\" \/>\n<meta property=\"article:published_time\" content=\"2025-07-01T08:55:02+00:00\" \/>\n<meta property=\"article:modified_time\" content=\"2026-05-26T09:50:43+00:00\" \/>\n<meta property=\"og:image\" content=\"https:\/\/www.idermic.es\/wp-content\/uploads\/2025\/07\/Eliminacion-de-micropigmentacion.jpg\" \/>\n\t<meta property=\"og:image:width\" content=\"475\" \/>\n\t<meta property=\"og:image:height\" content=\"768\" \/>\n\t<meta property=\"og:image:type\" content=\"image\/jpeg\" \/>\n<meta name=\"author\" content=\"Equipo\" \/>\n<meta name=\"twitter:card\" content=\"summary_large_image\" \/>\n<meta name=\"twitter:creator\" content=\"@idermic\" \/>\n<meta name=\"twitter:site\" content=\"@idermic\" \/>\n<meta name=\"twitter:label1\" content=\"Escrito por\" \/>\n\t<meta name=\"twitter:data1\" content=\"Equipo\" \/>\n\t<meta name=\"twitter:label2\" content=\"Tiempo de lectura\" \/>\n\t<meta name=\"twitter:data2\" content=\"12 minutos\" \/>\n<script type=\"application\/ld+json\" class=\"yoast-schema-graph\">{\"@context\":\"https:\\\/\\\/schema.org\",\"@graph\":[{\"@type\":\"Article\",\"@id\":\"https:\\\/\\\/www.idermic.es\\\/es\\\/eliminacion-de-micropigmentacion-con-el-laser-de-picosegundos\\\/#article\",\"isPartOf\":{\"@id\":\"https:\\\/\\\/www.idermic.es\\\/es\\\/eliminacion-de-micropigmentacion-con-el-laser-de-picosegundos\\\/\"},\"author\":{\"name\":\"Equipo\",\"@id\":\"https:\\\/\\\/www.idermic.es\\\/#\\\/schema\\\/person\\\/c12703027a878b23d3c71c87921a82f8\"},\"headline\":\"Eliminaci\u00f3n de Micropigmentaci\u00f3n con el l\u00e1ser de picosegundos\",\"datePublished\":\"2025-07-01T08:55:02+00:00\",\"dateModified\":\"2026-05-26T09:50:43+00:00\",\"mainEntityOfPage\":{\"@id\":\"https:\\\/\\\/www.idermic.es\\\/es\\\/eliminacion-de-micropigmentacion-con-el-laser-de-picosegundos\\\/\"},\"wordCount\":4791,\"commentCount\":0,\"publisher\":{\"@id\":\"https:\\\/\\\/www.idermic.es\\\/#organization\"},\"image\":{\"@id\":\"https:\\\/\\\/www.idermic.es\\\/es\\\/eliminacion-de-micropigmentacion-con-el-laser-de-picosegundos\\\/#primaryimage\"},\"thumbnailUrl\":\"https:\\\/\\\/www.idermic.es\\\/wp-content\\\/uploads\\\/2025\\\/07\\\/Eliminacion-de-micropigmentacion.jpg\",\"articleSection\":[\"Dermatolog\u00eda\",\"Tecnolog\u00eda\"],\"inLanguage\":\"es\",\"potentialAction\":[{\"@type\":\"CommentAction\",\"name\":\"Comment\",\"target\":[\"https:\\\/\\\/www.idermic.es\\\/es\\\/eliminacion-de-micropigmentacion-con-el-laser-de-picosegundos\\\/#respond\"]}]},{\"@type\":\"WebPage\",\"@id\":\"https:\\\/\\\/www.idermic.es\\\/es\\\/eliminacion-de-micropigmentacion-con-el-laser-de-picosegundos\\\/\",\"url\":\"https:\\\/\\\/www.idermic.es\\\/es\\\/eliminacion-de-micropigmentacion-con-el-laser-de-picosegundos\\\/\",\"name\":\"Eliminaci\u00f3n de Micropigmentaci\u00f3n con el l\u00e1ser de picosegundos -\",\"isPartOf\":{\"@id\":\"https:\\\/\\\/www.idermic.es\\\/#website\"},\"primaryImageOfPage\":{\"@id\":\"https:\\\/\\\/www.idermic.es\\\/es\\\/eliminacion-de-micropigmentacion-con-el-laser-de-picosegundos\\\/#primaryimage\"},\"image\":{\"@id\":\"https:\\\/\\\/www.idermic.es\\\/es\\\/eliminacion-de-micropigmentacion-con-el-laser-de-picosegundos\\\/#primaryimage\"},\"thumbnailUrl\":\"https:\\\/\\\/www.idermic.es\\\/wp-content\\\/uploads\\\/2025\\\/07\\\/Eliminacion-de-micropigmentacion.jpg\",\"datePublished\":\"2025-07-01T08:55:02+00:00\",\"dateModified\":\"2026-05-26T09:50:43+00:00\",\"description\":\"Todo sobre la eliminaci\u00f3n de micropigmentaci\u00f3n: m\u00e9todos, sesiones, riesgos y consejos, con enfoque m\u00e9dico especializado en Terrassa.\",\"breadcrumb\":{\"@id\":\"https:\\\/\\\/www.idermic.es\\\/es\\\/eliminacion-de-micropigmentacion-con-el-laser-de-picosegundos\\\/#breadcrumb\"},\"inLanguage\":\"es\",\"potentialAction\":[{\"@type\":\"ReadAction\",\"target\":[\"https:\\\/\\\/www.idermic.es\\\/es\\\/eliminacion-de-micropigmentacion-con-el-laser-de-picosegundos\\\/\"]}]},{\"@type\":\"ImageObject\",\"inLanguage\":\"es\",\"@id\":\"https:\\\/\\\/www.idermic.es\\\/es\\\/eliminacion-de-micropigmentacion-con-el-laser-de-picosegundos\\\/#primaryimage\",\"url\":\"https:\\\/\\\/www.idermic.es\\\/wp-content\\\/uploads\\\/2025\\\/07\\\/Eliminacion-de-micropigmentacion.jpg\",\"contentUrl\":\"https:\\\/\\\/www.idermic.es\\\/wp-content\\\/uploads\\\/2025\\\/07\\\/Eliminacion-de-micropigmentacion.jpg\",\"width\":475,\"height\":768,\"caption\":\"Eliminaci\u00f3n de Micropigmentaci\u00f3n con el l\u00e1ser de picosegundos\"},{\"@type\":\"BreadcrumbList\",\"@id\":\"https:\\\/\\\/www.idermic.es\\\/es\\\/eliminacion-de-micropigmentacion-con-el-laser-de-picosegundos\\\/#breadcrumb\",\"itemListElement\":[{\"@type\":\"ListItem\",\"position\":1,\"name\":\"Inici\",\"item\":\"https:\\\/\\\/www.idermic.es\\\/es\\\/\"},{\"@type\":\"ListItem\",\"position\":2,\"name\":\"Eliminaci\u00f3n de Micropigmentaci\u00f3n con el l\u00e1ser de picosegundos\"}]},{\"@type\":\"WebSite\",\"@id\":\"https:\\\/\\\/www.idermic.es\\\/#website\",\"url\":\"https:\\\/\\\/www.idermic.es\\\/\",\"name\":\"Idermic. Dermatolog\u00eda en Terrassa\",\"description\":\"Dermatolog\u00eda, Medicina est\u00e9tica, Cirurg\u00eda Pl\u00e0stica\",\"publisher\":{\"@id\":\"https:\\\/\\\/www.idermic.es\\\/#organization\"},\"potentialAction\":[{\"@type\":\"SearchAction\",\"target\":{\"@type\":\"EntryPoint\",\"urlTemplate\":\"https:\\\/\\\/www.idermic.es\\\/?s={search_term_string}\"},\"query-input\":{\"@type\":\"PropertyValueSpecification\",\"valueRequired\":true,\"valueName\":\"search_term_string\"}}],\"inLanguage\":\"es\"},{\"@type\":\"Organization\",\"@id\":\"https:\\\/\\\/www.idermic.es\\\/#organization\",\"name\":\"Idermic. Dermatolog\u00eda en Terrassa\",\"url\":\"https:\\\/\\\/www.idermic.es\\\/\",\"logo\":{\"@type\":\"ImageObject\",\"inLanguage\":\"es\",\"@id\":\"https:\\\/\\\/www.idermic.es\\\/#\\\/schema\\\/logo\\\/image\\\/\",\"url\":\"https:\\\/\\\/www.idermic.es\\\/wp-content\\\/uploads\\\/2025\\\/10\\\/Logo-Idermic.jpg\",\"contentUrl\":\"https:\\\/\\\/www.idermic.es\\\/wp-content\\\/uploads\\\/2025\\\/10\\\/Logo-Idermic.jpg\",\"width\":501,\"height\":502,\"caption\":\"Idermic. Dermatolog\u00eda en Terrassa\"},\"image\":{\"@id\":\"https:\\\/\\\/www.idermic.es\\\/#\\\/schema\\\/logo\\\/image\\\/\"},\"sameAs\":[\"https:\\\/\\\/www.facebook.com\\\/Idermic\",\"https:\\\/\\\/x.com\\\/idermic\",\"https:\\\/\\\/www.instagram.com\\\/idermicclinic\\\/\",\"https:\\\/\\\/www.youtube.com\\\/channel\\\/UCyAHC9-p8lc6hr_nguO8p_g\"]},{\"@type\":\"Person\",\"@id\":\"https:\\\/\\\/www.idermic.es\\\/#\\\/schema\\\/person\\\/c12703027a878b23d3c71c87921a82f8\",\"name\":\"Equipo\",\"image\":{\"@type\":\"ImageObject\",\"inLanguage\":\"es\",\"@id\":\"https:\\\/\\\/secure.gravatar.com\\\/avatar\\\/7ca0be23248108c6b0887e0693b7dcf7764bd3503f84d1f04e6653ef7c3b9420?s=96&d=mm&r=g\",\"url\":\"https:\\\/\\\/secure.gravatar.com\\\/avatar\\\/7ca0be23248108c6b0887e0693b7dcf7764bd3503f84d1f04e6653ef7c3b9420?s=96&d=mm&r=g\",\"contentUrl\":\"https:\\\/\\\/secure.gravatar.com\\\/avatar\\\/7ca0be23248108c6b0887e0693b7dcf7764bd3503f84d1f04e6653ef7c3b9420?s=96&d=mm&r=g\",\"caption\":\"Equipo\"},\"description\":\"Equipo de Idermic\"}]}<\/script>\n<!-- \/ Yoast SEO plugin. -->","yoast_head_json":{"title":"Eliminaci\u00f3n de Micropigmentaci\u00f3n con el l\u00e1ser de picosegundos -","description":"Todo sobre la eliminaci\u00f3n de micropigmentaci\u00f3n: m\u00e9todos, sesiones, riesgos y consejos, con enfoque m\u00e9dico especializado en Terrassa.","robots":{"index":"index","follow":"follow","max-snippet":"max-snippet:-1","max-image-preview":"max-image-preview:large","max-video-preview":"max-video-preview:-1"},"canonical":"https:\/\/www.idermic.es\/es\/eliminacion-de-micropigmentacion-con-el-laser-de-picosegundos\/","og_locale":"es_ES","og_type":"article","og_title":"Eliminaci\u00f3n de Micropigmentaci\u00f3n con el l\u00e1ser de picosegundos -","og_description":"Todo sobre la eliminaci\u00f3n de micropigmentaci\u00f3n: m\u00e9todos, sesiones, riesgos y consejos, con enfoque m\u00e9dico especializado en Terrassa.","og_url":"https:\/\/www.idermic.es\/es\/eliminacion-de-micropigmentacion-con-el-laser-de-picosegundos\/","og_site_name":"Idermic. Dermatolog\u00eda en Terrassa","article_publisher":"https:\/\/www.facebook.com\/Idermic","article_published_time":"2025-07-01T08:55:02+00:00","article_modified_time":"2026-05-26T09:50:43+00:00","og_image":[{"width":475,"height":768,"url":"https:\/\/www.idermic.es\/wp-content\/uploads\/2025\/07\/Eliminacion-de-micropigmentacion.jpg","type":"image\/jpeg"}],"author":"Equipo","twitter_card":"summary_large_image","twitter_creator":"@idermic","twitter_site":"@idermic","twitter_misc":{"Escrito por":"Equipo","Tiempo de lectura":"12 minutos"},"schema":{"@context":"https:\/\/schema.org","@graph":[{"@type":"Article","@id":"https:\/\/www.idermic.es\/es\/eliminacion-de-micropigmentacion-con-el-laser-de-picosegundos\/#article","isPartOf":{"@id":"https:\/\/www.idermic.es\/es\/eliminacion-de-micropigmentacion-con-el-laser-de-picosegundos\/"},"author":{"name":"Equipo","@id":"https:\/\/www.idermic.es\/#\/schema\/person\/c12703027a878b23d3c71c87921a82f8"},"headline":"Eliminaci\u00f3n de Micropigmentaci\u00f3n con el l\u00e1ser de picosegundos","datePublished":"2025-07-01T08:55:02+00:00","dateModified":"2026-05-26T09:50:43+00:00","mainEntityOfPage":{"@id":"https:\/\/www.idermic.es\/es\/eliminacion-de-micropigmentacion-con-el-laser-de-picosegundos\/"},"wordCount":4791,"commentCount":0,"publisher":{"@id":"https:\/\/www.idermic.es\/#organization"},"image":{"@id":"https:\/\/www.idermic.es\/es\/eliminacion-de-micropigmentacion-con-el-laser-de-picosegundos\/#primaryimage"},"thumbnailUrl":"https:\/\/www.idermic.es\/wp-content\/uploads\/2025\/07\/Eliminacion-de-micropigmentacion.jpg","articleSection":["Dermatolog\u00eda","Tecnolog\u00eda"],"inLanguage":"es","potentialAction":[{"@type":"CommentAction","name":"Comment","target":["https:\/\/www.idermic.es\/es\/eliminacion-de-micropigmentacion-con-el-laser-de-picosegundos\/#respond"]}]},{"@type":"WebPage","@id":"https:\/\/www.idermic.es\/es\/eliminacion-de-micropigmentacion-con-el-laser-de-picosegundos\/","url":"https:\/\/www.idermic.es\/es\/eliminacion-de-micropigmentacion-con-el-laser-de-picosegundos\/","name":"Eliminaci\u00f3n de Micropigmentaci\u00f3n con el l\u00e1ser de picosegundos -","isPartOf":{"@id":"https:\/\/www.idermic.es\/#website"},"primaryImageOfPage":{"@id":"https:\/\/www.idermic.es\/es\/eliminacion-de-micropigmentacion-con-el-laser-de-picosegundos\/#primaryimage"},"image":{"@id":"https:\/\/www.idermic.es\/es\/eliminacion-de-micropigmentacion-con-el-laser-de-picosegundos\/#primaryimage"},"thumbnailUrl":"https:\/\/www.idermic.es\/wp-content\/uploads\/2025\/07\/Eliminacion-de-micropigmentacion.jpg","datePublished":"2025-07-01T08:55:02+00:00","dateModified":"2026-05-26T09:50:43+00:00","description":"Todo sobre la eliminaci\u00f3n de micropigmentaci\u00f3n: m\u00e9todos, sesiones, riesgos y consejos, con enfoque m\u00e9dico especializado en Terrassa.","breadcrumb":{"@id":"https:\/\/www.idermic.es\/es\/eliminacion-de-micropigmentacion-con-el-laser-de-picosegundos\/#breadcrumb"},"inLanguage":"es","potentialAction":[{"@type":"ReadAction","target":["https:\/\/www.idermic.es\/es\/eliminacion-de-micropigmentacion-con-el-laser-de-picosegundos\/"]}]},{"@type":"ImageObject","inLanguage":"es","@id":"https:\/\/www.idermic.es\/es\/eliminacion-de-micropigmentacion-con-el-laser-de-picosegundos\/#primaryimage","url":"https:\/\/www.idermic.es\/wp-content\/uploads\/2025\/07\/Eliminacion-de-micropigmentacion.jpg","contentUrl":"https:\/\/www.idermic.es\/wp-content\/uploads\/2025\/07\/Eliminacion-de-micropigmentacion.jpg","width":475,"height":768,"caption":"Eliminaci\u00f3n de Micropigmentaci\u00f3n con el l\u00e1ser de picosegundos"},{"@type":"BreadcrumbList","@id":"https:\/\/www.idermic.es\/es\/eliminacion-de-micropigmentacion-con-el-laser-de-picosegundos\/#breadcrumb","itemListElement":[{"@type":"ListItem","position":1,"name":"Inici","item":"https:\/\/www.idermic.es\/es\/"},{"@type":"ListItem","position":2,"name":"Eliminaci\u00f3n de Micropigmentaci\u00f3n con el l\u00e1ser de picosegundos"}]},{"@type":"WebSite","@id":"https:\/\/www.idermic.es\/#website","url":"https:\/\/www.idermic.es\/","name":"Idermic. Dermatolog\u00eda en Terrassa","description":"Dermatolog\u00eda, Medicina est\u00e9tica, Cirurg\u00eda Pl\u00e0stica","publisher":{"@id":"https:\/\/www.idermic.es\/#organization"},"potentialAction":[{"@type":"SearchAction","target":{"@type":"EntryPoint","urlTemplate":"https:\/\/www.idermic.es\/?s={search_term_string}"},"query-input":{"@type":"PropertyValueSpecification","valueRequired":true,"valueName":"search_term_string"}}],"inLanguage":"es"},{"@type":"Organization","@id":"https:\/\/www.idermic.es\/#organization","name":"Idermic. Dermatolog\u00eda en Terrassa","url":"https:\/\/www.idermic.es\/","logo":{"@type":"ImageObject","inLanguage":"es","@id":"https:\/\/www.idermic.es\/#\/schema\/logo\/image\/","url":"https:\/\/www.idermic.es\/wp-content\/uploads\/2025\/10\/Logo-Idermic.jpg","contentUrl":"https:\/\/www.idermic.es\/wp-content\/uploads\/2025\/10\/Logo-Idermic.jpg","width":501,"height":502,"caption":"Idermic. Dermatolog\u00eda en Terrassa"},"image":{"@id":"https:\/\/www.idermic.es\/#\/schema\/logo\/image\/"},"sameAs":["https:\/\/www.facebook.com\/Idermic","https:\/\/x.com\/idermic","https:\/\/www.instagram.com\/idermicclinic\/","https:\/\/www.youtube.com\/channel\/UCyAHC9-p8lc6hr_nguO8p_g"]},{"@type":"Person","@id":"https:\/\/www.idermic.es\/#\/schema\/person\/c12703027a878b23d3c71c87921a82f8","name":"Equipo","image":{"@type":"ImageObject","inLanguage":"es","@id":"https:\/\/secure.gravatar.com\/avatar\/7ca0be23248108c6b0887e0693b7dcf7764bd3503f84d1f04e6653ef7c3b9420?s=96&d=mm&r=g","url":"https:\/\/secure.gravatar.com\/avatar\/7ca0be23248108c6b0887e0693b7dcf7764bd3503f84d1f04e6653ef7c3b9420?s=96&d=mm&r=g","contentUrl":"https:\/\/secure.gravatar.com\/avatar\/7ca0be23248108c6b0887e0693b7dcf7764bd3503f84d1f04e6653ef7c3b9420?s=96&d=mm&r=g","caption":"Equipo"},"description":"Equipo de Idermic"}]}},"_links":{"self":[{"href":"https:\/\/www.idermic.es\/es\/wp-json\/wp\/v2\/posts\/7934","targetHints":{"allow":["GET"]}}],"collection":[{"href":"https:\/\/www.idermic.es\/es\/wp-json\/wp\/v2\/posts"}],"about":[{"href":"https:\/\/www.idermic.es\/es\/wp-json\/wp\/v2\/types\/post"}],"author":[{"embeddable":true,"href":"https:\/\/www.idermic.es\/es\/wp-json\/wp\/v2\/users\/3"}],"replies":[{"embeddable":true,"href":"https:\/\/www.idermic.es\/es\/wp-json\/wp\/v2\/comments?post=7934"}],"version-history":[{"count":6,"href":"https:\/\/www.idermic.es\/es\/wp-json\/wp\/v2\/posts\/7934\/revisions"}],"predecessor-version":[{"id":7942,"href":"https:\/\/www.idermic.es\/es\/wp-json\/wp\/v2\/posts\/7934\/revisions\/7942"}],"wp:featuredmedia":[{"embeddable":true,"href":"https:\/\/www.idermic.es\/es\/wp-json\/wp\/v2\/media\/7937"}],"wp:attachment":[{"href":"https:\/\/www.idermic.es\/es\/wp-json\/wp\/v2\/media?parent=7934"}],"wp:term":[{"taxonomy":"category","embeddable":true,"href":"https:\/\/www.idermic.es\/es\/wp-json\/wp\/v2\/categories?post=7934"},{"taxonomy":"post_tag","embeddable":true,"href":"https:\/\/www.idermic.es\/es\/wp-json\/wp\/v2\/tags?post=7934"}],"curies":[{"name":"wp","href":"https:\/\/api.w.org\/{rel}","templated":true}]}}