{"id":7846,"date":"2025-06-13T07:23:57","date_gmt":"2025-06-13T07:23:57","guid":{"rendered":"https:\/\/www.idermic.es\/?p=7846"},"modified":"2026-05-26T09:50:44","modified_gmt":"2026-05-26T09:50:44","slug":"quemaduras-en-la-piel-tratamiento-con-laser","status":"publish","type":"post","link":"https:\/\/www.idermic.es\/es\/quemaduras-en-la-piel-tratamiento-con-laser\/","title":{"rendered":"Quemaduras en la piel: Tratamiento con l\u00e1ser"},"content":{"rendered":"<p><div class=\"fusion-fullwidth fullwidth-box fusion-builder-row-1 nonhundred-percent-fullwidth non-hundred-percent-height-scrolling\" style=\"--awb-border-radius-top-left:0px;--awb-border-radius-top-right:0px;--awb-border-radius-bottom-right:0px;--awb-border-radius-bottom-left:0px;--awb-flex-wrap:wrap;\" ><div class=\"fusion-builder-row fusion-row\"><div class=\"fusion-layout-column fusion_builder_column fusion-builder-column-0 fusion_builder_column_1_1 1_1 fusion-one-full fusion-column-first fusion-column-last\" style=\"--awb-bg-size:cover;\"><div class=\"fusion-column-wrapper fusion-flex-column-wrapper-legacy\"><div class=\"fusion-text fusion-text-1\"><h1 style=\"text-align: center;\">Quemaduras en la piel: Tratamiento con l\u00e1ser<\/h1>\n<\/div><div class=\"fusion-clearfix\"><\/div><\/div><\/div><\/div><\/div><div class=\"fusion-fullwidth fullwidth-box fusion-builder-row-2 nonhundred-percent-fullwidth non-hundred-percent-height-scrolling\" style=\"--awb-border-radius-top-left:0px;--awb-border-radius-top-right:0px;--awb-border-radius-bottom-right:0px;--awb-border-radius-bottom-left:0px;--awb-flex-wrap:wrap;\" ><div class=\"fusion-builder-row fusion-row\"><div class=\"fusion-layout-column fusion_builder_column fusion-builder-column-1 fusion_builder_column_2_3 2_3 fusion-two-third fusion-column-first\" style=\"--awb-bg-size:cover;width:66.666666666667%;width:calc(66.666666666667% - ( ( 4% ) * 0.66666666666667 ) );margin-right: 4%;\"><div class=\"fusion-column-wrapper fusion-flex-column-wrapper-legacy\"><div class=\"fusion-text fusion-text-2\"><p>Las quemaduras en la piel, ya sean causadas por exposici\u00f3n al calor, al sol o a productos qu\u00edmicos, pueden dejar cicatrices permanentes que afectan tanto a la est\u00e9tica como a la funcionalidad de la piel.<\/p>\n<p>En las \u00faltimas d\u00e9cadas, los avances en dermatolog\u00eda han abierto una nueva v\u00eda de esperanza para quienes sufren estas secuelas: el tratamiento con l\u00e1ser. Esta t\u00e9cnica, m\u00ednimamente invasiva y altamente precisa, ha demostrado ser eficaz en la mejora est\u00e9tica y estructural de las cicatrices por quemaduras.<\/p>\n<\/div><div class=\"fusion-clearfix\"><\/div><\/div><\/div><div class=\"fusion-layout-column fusion_builder_column fusion-builder-column-2 fusion_builder_column_1_3 1_3 fusion-one-third fusion-column-last\" style=\"--awb-bg-size:cover;width:33.333333333333%;width:calc(33.333333333333% - ( ( 4% ) * 0.33333333333333 ) );\"><div class=\"fusion-column-wrapper fusion-flex-column-wrapper-legacy\"><div class=\"fusion-image-element fusion-no-small-visibility fusion-no-medium-visibility in-legacy-container\" style=\"--awb-caption-title-font-family:var(--h2_typography-font-family);--awb-caption-title-font-weight:var(--h2_typography-font-weight);--awb-caption-title-font-style:var(--h2_typography-font-style);--awb-caption-title-size:var(--h2_typography-font-size);--awb-caption-title-transform:var(--h2_typography-text-transform);--awb-caption-title-line-height:var(--h2_typography-line-height);--awb-caption-title-letter-spacing:var(--h2_typography-letter-spacing);\"><span class=\" fusion-imageframe imageframe-none imageframe-1 hover-type-none\"><img decoding=\"async\" width=\"300\" height=\"225\" alt=\"https:\/\/www.idermic.es\/es\/quemaduras-en-la-piel-tratamiento-con-laser\/\" title=\"Cl\u00ednica Idermic de Terrassa\" src=\"https:\/\/www.idermic.es\/wp-content\/uploads\/2025\/06\/Captura-de-pantalla-2025-06-13-080846-1-300x225.png\" class=\"img-responsive wp-image-7863\" srcset=\"https:\/\/www.idermic.es\/wp-content\/uploads\/2025\/06\/Captura-de-pantalla-2025-06-13-080846-1-200x150.png 200w, https:\/\/www.idermic.es\/wp-content\/uploads\/2025\/06\/Captura-de-pantalla-2025-06-13-080846-1-400x300.png 400w, https:\/\/www.idermic.es\/wp-content\/uploads\/2025\/06\/Captura-de-pantalla-2025-06-13-080846-1.png 470w\" sizes=\"(max-width: 800px) 100vw, 300px\" \/><\/span><\/div><div class=\"fusion-clearfix\"><\/div><\/div><\/div><\/div><\/div><div class=\"fusion-fullwidth fullwidth-box fusion-builder-row-3 nonhundred-percent-fullwidth non-hundred-percent-height-scrolling\" style=\"--awb-border-radius-top-left:0px;--awb-border-radius-top-right:0px;--awb-border-radius-bottom-right:0px;--awb-border-radius-bottom-left:0px;--awb-flex-wrap:wrap;\" ><div class=\"fusion-builder-row fusion-row\"><div class=\"fusion-layout-column fusion_builder_column fusion-builder-column-3 fusion_builder_column_1_1 1_1 fusion-one-full fusion-column-first fusion-column-last\" style=\"--awb-bg-size:cover;\"><div class=\"fusion-column-wrapper fusion-flex-column-wrapper-legacy\"><div class=\"fusion-sep-clear\"><\/div><div class=\"fusion-separator fusion-full-width-sep\" style=\"margin-left: auto;margin-right: auto;width:100%;\"><div class=\"fusion-separator-border sep-double\" style=\"--awb-height:20px;--awb-amount:20px;border-color:#e0dede;border-top-width:1px;border-bottom-width:1px;\"><\/div><\/div><div class=\"fusion-sep-clear\"><\/div><div class=\"fusion-clearfix\"><\/div><\/div><\/div><\/div><\/div><div class=\"fusion-fullwidth fullwidth-box fusion-builder-row-4 nonhundred-percent-fullwidth non-hundred-percent-height-scrolling\" style=\"--awb-border-radius-top-left:0px;--awb-border-radius-top-right:0px;--awb-border-radius-bottom-right:0px;--awb-border-radius-bottom-left:0px;--awb-flex-wrap:wrap;\" ><div class=\"fusion-builder-row fusion-row\"><div class=\"fusion-layout-column fusion_builder_column fusion-builder-column-4 fusion_builder_column_1_1 1_1 fusion-one-full fusion-column-first fusion-column-last\" style=\"--awb-bg-size:cover;\"><div class=\"fusion-column-wrapper fusion-flex-column-wrapper-legacy\"><div class=\"fusion-text fusion-text-3\"><h2 data-start=\"885\" data-end=\"941\">\u00bfQu\u00e9 son las quemaduras y c\u00f3mo afectan a la piel?<\/h2>\n<p data-start=\"178\" data-end=\"569\">Las quemaduras son lesiones en los tejidos del cuerpo, predominantemente en la piel, provocadas por la exposici\u00f3n directa a agentes nocivos como calor, sustancias qu\u00edmicas, electricidad, radiaci\u00f3n o incluso fricci\u00f3n. Estas lesiones pueden alterar no solo la estructura externa de la piel, sino tambi\u00e9n comprometer tejidos subyacentes como m\u00fasculos, tendones o huesos en los casos m\u00e1s graves.<\/p>\n<p data-start=\"571\" data-end=\"654\">Seg\u00fan su profundidad y extensi\u00f3n, las quemaduras se clasifican en distintos grados:<\/p>\n<h3 data-start=\"943\" data-end=\"986\">Tipos de quemaduras seg\u00fan su origen<\/h3>\n<p data-start=\"988\" data-end=\"1119\">Las quemaduras pueden ser provocadas por diversas causas, y cada una implica diferentes caracter\u00edsticas y necesidades terap\u00e9uticas:<\/p>\n<ul data-start=\"1120\" data-end=\"1724\">\n<li data-start=\"1120\" data-end=\"1225\">\n<p data-start=\"1122\" data-end=\"1225\"><strong data-start=\"1122\" data-end=\"1135\">T\u00e9rmicas:<\/strong> Producidas por el contacto con llamas, l\u00edquidos calientes, vapor o superficies calientes.<\/p>\n<\/li>\n<li data-start=\"1226\" data-end=\"1339\">\n<p data-start=\"1228\" data-end=\"1339\"><strong data-start=\"1228\" data-end=\"1241\">Qu\u00edmicas:<\/strong> Generadas por sustancias c\u00e1usticas como \u00e1cidos o bases fuertes que alteran la estructura celular.<\/p>\n<\/li>\n<li data-start=\"1340\" data-end=\"1469\">\n<p data-start=\"1342\" data-end=\"1469\"><strong data-start=\"1342\" data-end=\"1357\">El\u00e9ctricas:<\/strong> Causadas por la corriente el\u00e9ctrica que atraviesa el cuerpo, pudiendo da\u00f1ar \u00f3rganos internos adem\u00e1s de la piel.<\/p>\n<\/li>\n<li data-start=\"1470\" data-end=\"1603\">\n<p data-start=\"1472\" data-end=\"1603\"><strong data-start=\"1472\" data-end=\"1486\">Radiaci\u00f3n:<\/strong> Com\u00fanmente asociadas a la sobreexposici\u00f3n al sol (quemaduras solares) o a tratamientos m\u00e9dicos como la radioterapia.<\/p>\n<\/li>\n<li data-start=\"1604\" data-end=\"1724\">\n<p data-start=\"1606\" data-end=\"1724\"><strong data-start=\"1606\" data-end=\"1623\">Por fricci\u00f3n:<\/strong> Producto del contacto intenso y prolongado con superficies abrasivas, como en accidentes de tr\u00e1fico.<\/p>\n<\/li>\n<\/ul>\n<p data-start=\"1726\" data-end=\"1865\">Cada una de estas formas de quemadura requiere una evaluaci\u00f3n m\u00e9dica individualizada, ya que sus efectos no se limitan solo a la epidermis.<\/p>\n<h3 data-start=\"1867\" data-end=\"1912\">Clasificaci\u00f3n por grados de severidad<\/h3>\n<p data-start=\"1914\" data-end=\"1973\">La profundidad del da\u00f1o determina el grado de la quemadura:<\/p>\n<ul data-start=\"1974\" data-end=\"2557\">\n<li data-start=\"1974\" data-end=\"2072\">\n<p data-start=\"1976\" data-end=\"2072\"><strong data-start=\"1976\" data-end=\"1993\">Primer grado:<\/strong> Da\u00f1o superficial. Piel enrojecida, sensible al tacto. No suele dejar cicatriz.<\/p>\n<\/li>\n<li data-start=\"2073\" data-end=\"2214\">\n<p data-start=\"2075\" data-end=\"2214\"><strong data-start=\"2075\" data-end=\"2105\">Segundo grado superficial:<\/strong> Afecta la epidermis y parte de la dermis. Aparecen ampollas y dolor intenso. Pueden dejar marcas temporales.<\/p>\n<\/li>\n<li data-start=\"2215\" data-end=\"2309\">\n<p data-start=\"2217\" data-end=\"2309\"><strong data-start=\"2217\" data-end=\"2244\">Segundo grado profundo:<\/strong> Mayor da\u00f1o d\u00e9rmico. Alta probabilidad de cicatrices permanentes.<\/p>\n<\/li>\n<li data-start=\"2310\" data-end=\"2462\">\n<p data-start=\"2312\" data-end=\"2462\"><strong data-start=\"2312\" data-end=\"2329\">Tercer grado:<\/strong> Destrucci\u00f3n completa de las capas cut\u00e1neas. Piel insensible, blanca o carbonizada. Requiere injertos o tratamientos reconstructivos.<\/p>\n<\/li>\n<li data-start=\"2463\" data-end=\"2557\">\n<p data-start=\"2465\" data-end=\"2557\"><strong data-start=\"2465\" data-end=\"2482\">Cuarto grado:<\/strong> Afectaci\u00f3n de m\u00fasculos, tendones o hueso. Casos extremos con riesgo vital.<\/p>\n<\/li>\n<\/ul>\n<h3 data-start=\"2559\" data-end=\"2611\">Impacto f\u00edsico y emocional de las quemaduras<\/h3>\n<p data-start=\"2613\" data-end=\"2673\">M\u00e1s all\u00e1 de la lesi\u00f3n visible, las quemaduras pueden causar:<\/p>\n<ul data-start=\"2674\" data-end=\"3106\">\n<li data-start=\"2674\" data-end=\"2749\">\n<p data-start=\"2676\" data-end=\"2749\"><strong data-start=\"2676\" data-end=\"2717\">Cicatrices hipertr\u00f3ficas y queloides:<\/strong> Elevadas, gruesas, enrojecidas.<\/p>\n<\/li>\n<li data-start=\"2750\" data-end=\"2857\">\n<p data-start=\"2752\" data-end=\"2857\"><strong data-start=\"2752\" data-end=\"2769\">Contracturas:<\/strong> Reducci\u00f3n de la movilidad por cicatrizaci\u00f3n retr\u00e1ctil, especialmente en articulaciones.<\/p>\n<\/li>\n<li data-start=\"2858\" data-end=\"2965\">\n<p data-start=\"2860\" data-end=\"2965\"><strong data-start=\"2860\" data-end=\"2894\">Trastornos de la pigmentaci\u00f3n:<\/strong> Zonas m\u00e1s oscuras (hiperpigmentaci\u00f3n) o m\u00e1s claras (hipopigmentaci\u00f3n).<\/p>\n<\/li>\n<li data-start=\"2966\" data-end=\"3006\">\n<p data-start=\"2968\" data-end=\"3006\"><strong data-start=\"2968\" data-end=\"3006\">Dolor cr\u00f3nico y picor persistente.<\/strong><\/p>\n<\/li>\n<li data-start=\"3007\" data-end=\"3106\">\n<p data-start=\"3009\" data-end=\"3106\"><strong data-start=\"3009\" data-end=\"3053\">Aislamiento social, depresi\u00f3n o ansiedad<\/strong>, sobre todo cuando la cicatriz es visible o extensa.<\/p>\n<\/li>\n<\/ul>\n<p data-start=\"3108\" data-end=\"3279\">Estas secuelas pueden extenderse por a\u00f1os si no se tratan adecuadamente. Por ello, la medicina moderna apuesta por estrategias regenerativas como el tratamiento con l\u00e1ser.<\/p>\n<\/div><div class=\"fusion-clearfix\"><\/div><\/div><\/div><\/div><\/div><div class=\"fusion-fullwidth fullwidth-box fusion-builder-row-5 nonhundred-percent-fullwidth non-hundred-percent-height-scrolling\" style=\"--awb-border-radius-top-left:0px;--awb-border-radius-top-right:0px;--awb-border-radius-bottom-right:0px;--awb-border-radius-bottom-left:0px;--awb-flex-wrap:wrap;\" ><div class=\"fusion-builder-row fusion-row\"><div class=\"fusion-layout-column fusion_builder_column fusion-builder-column-5 fusion_builder_column_1_1 1_1 fusion-one-full fusion-column-first fusion-column-last\" style=\"--awb-bg-size:cover;\"><div class=\"fusion-column-wrapper fusion-flex-column-wrapper-legacy\"><div class=\"fusion-sep-clear\"><\/div><div class=\"fusion-separator fusion-full-width-sep\" style=\"margin-left: auto;margin-right: auto;width:100%;\"><div class=\"fusion-separator-border sep-double\" style=\"--awb-height:20px;--awb-amount:20px;border-color:#e0dede;border-top-width:1px;border-bottom-width:1px;\"><\/div><\/div><div class=\"fusion-sep-clear\"><\/div><div class=\"fusion-clearfix\"><\/div><\/div><\/div><\/div><\/div><div class=\"fusion-fullwidth fullwidth-box fusion-builder-row-6 nonhundred-percent-fullwidth non-hundred-percent-height-scrolling\" style=\"--awb-border-radius-top-left:0px;--awb-border-radius-top-right:0px;--awb-border-radius-bottom-right:0px;--awb-border-radius-bottom-left:0px;--awb-flex-wrap:wrap;\" ><div class=\"fusion-builder-row fusion-row\"><div class=\"fusion-layout-column fusion_builder_column fusion-builder-column-6 fusion_builder_column_1_1 1_1 fusion-one-full fusion-column-first fusion-column-last\" style=\"--awb-bg-size:cover;\"><div class=\"fusion-column-wrapper fusion-flex-column-wrapper-legacy\"><div class=\"fusion-text fusion-text-4\"><h2 data-start=\"2350\" data-end=\"2413\">\u00bfPor qu\u00e9 el l\u00e1ser es efectivo en cicatrices por quemaduras?<\/h2>\n<h3 data-start=\"3354\" data-end=\"3405\">Mecanismo de acci\u00f3n del l\u00e1ser dermatol\u00f3gico<\/h3>\n<p data-start=\"3407\" data-end=\"3612\">La tecnolog\u00eda l\u00e1ser funciona mediante pulsos de luz altamente concentrados que penetran en la piel y provocan microlesiones controladas. Este efecto induce una respuesta curativa del organismo que incluye:<\/p>\n<ul data-start=\"3613\" data-end=\"3846\">\n<li data-start=\"3613\" data-end=\"3672\">\n<p data-start=\"3615\" data-end=\"3672\">Estimulaci\u00f3n de la <strong data-start=\"3634\" data-end=\"3660\">producci\u00f3n de col\u00e1geno<\/strong> y elastina.<\/p>\n<\/li>\n<li data-start=\"3673\" data-end=\"3714\">\n<p data-start=\"3675\" data-end=\"3714\">Remodelaci\u00f3n del tejido fibroso da\u00f1ado.<\/p>\n<\/li>\n<li data-start=\"3715\" data-end=\"3777\">\n<p data-start=\"3717\" data-end=\"3777\">Mejora del flujo sangu\u00edneo y oxigenaci\u00f3n en la zona tratada.<\/p>\n<\/li>\n<li data-start=\"3778\" data-end=\"3846\">\n<p data-start=\"3780\" data-end=\"3846\">Suavizado de irregularidades, rugosidades o retracciones cut\u00e1neas.<\/p>\n<\/li>\n<\/ul>\n<p data-start=\"3848\" data-end=\"3977\">El resultado es una piel m\u00e1s flexible, homog\u00e9nea y con mejor textura, reduciendo el impacto visual y funcional de las cicatrices.<\/p>\n<h3 data-start=\"3979\" data-end=\"4044\">Tipos de l\u00e1ser utilizados en el tratamiento de quemaduras<\/h3>\n<h4 data-start=\"4046\" data-end=\"4087\">1. L\u00e1ser fraccionado no ablativo<\/h4>\n<ul data-start=\"4088\" data-end=\"4341\">\n<li data-start=\"4088\" data-end=\"4168\">\n<p data-start=\"4090\" data-end=\"4168\"><strong data-start=\"4090\" data-end=\"4102\">Funci\u00f3n:<\/strong> Estimula las capas profundas de la dermis sin da\u00f1ar la epidermis.<\/p>\n<\/li>\n<li data-start=\"4169\" data-end=\"4241\">\n<p data-start=\"4171\" data-end=\"4241\"><strong data-start=\"4171\" data-end=\"4184\">Ventajas:<\/strong> Menor tiempo de recuperaci\u00f3n, menos efectos secundarios.<\/p>\n<\/li>\n<li data-start=\"4242\" data-end=\"4341\">\n<p data-start=\"4244\" data-end=\"4341\"><strong data-start=\"4244\" data-end=\"4261\">Indicaciones:<\/strong> Cicatrices superficiales o medianamente profundas. Ideal para pieles sensibles.<\/p>\n<\/li>\n<\/ul>\n<h4 data-start=\"4343\" data-end=\"4408\">2. L\u00e1ser fraccionado ablativo (CO\u2082 fraccionado o Er:YAG)<\/h4>\n<ul data-start=\"4409\" data-end=\"4658\">\n<li data-start=\"4409\" data-end=\"4515\">\n<p data-start=\"4411\" data-end=\"4515\"><strong data-start=\"4411\" data-end=\"4423\">Funci\u00f3n:<\/strong> Elimina microcolumnas de tejido epid\u00e9rmico y d\u00e9rmico, promoviendo una regeneraci\u00f3n intensa.<\/p>\n<\/li>\n<li data-start=\"4516\" data-end=\"4568\">\n<p data-start=\"4518\" data-end=\"4568\"><strong data-start=\"4518\" data-end=\"4531\">Ventajas:<\/strong> Resultados visibles m\u00e1s r\u00e1pidamente.<\/p>\n<\/li>\n<li data-start=\"4569\" data-end=\"4658\">\n<p data-start=\"4571\" data-end=\"4658\"><strong data-start=\"4571\" data-end=\"4588\">Indicaciones:<\/strong> Cicatrices m\u00e1s severas, retracciones, quemaduras antiguas o extensas.<\/p>\n<\/li>\n<\/ul>\n<h4 data-start=\"4660\" data-end=\"4711\">3. L\u00e1ser vascular (PDL \u2013 Pulsed Dye Laser)<\/h4>\n<ul data-start=\"4712\" data-end=\"4899\">\n<li data-start=\"4712\" data-end=\"4823\">\n<p data-start=\"4714\" data-end=\"4823\"><strong data-start=\"4714\" data-end=\"4726\">Funci\u00f3n:<\/strong> Dirigido a vasos sangu\u00edneos superficiales. Reduce el enrojecimiento de las cicatrices recientes.<\/p>\n<\/li>\n<li data-start=\"4824\" data-end=\"4899\">\n<p data-start=\"4826\" data-end=\"4899\"><strong data-start=\"4826\" data-end=\"4843\">Indicaciones:<\/strong> Cicatrices inflamadas, en fase activa, queloides rojos.<\/p>\n<\/li>\n<\/ul>\n<h4 data-start=\"4901\" data-end=\"4925\">4. L\u00e1ser Nd:YAG<\/h4>\n<ul data-start=\"4926\" data-end=\"5099\">\n<li data-start=\"4926\" data-end=\"5012\">\n<p data-start=\"4928\" data-end=\"5012\"><strong data-start=\"4928\" data-end=\"4940\">Funci\u00f3n:<\/strong> Penetraci\u00f3n profunda con efecto sobre capilares y estructuras d\u00e9rmicas.<\/p>\n<\/li>\n<li data-start=\"5013\" data-end=\"5099\">\n<p data-start=\"5015\" data-end=\"5099\"><strong data-start=\"5015\" data-end=\"5032\">Indicaciones:<\/strong> Complementario en pieles m\u00e1s oscuras o con cicatrices resistentes.<\/p>\n<\/li>\n<\/ul>\n<p data-start=\"5101\" data-end=\"5225\">Cada tipo de l\u00e1ser tiene par\u00e1metros ajustables seg\u00fan el fototipo del paciente, el \u00e1rea tratada y los objetivos terap\u00e9uticos.<\/p>\n<h3 data-start=\"5227\" data-end=\"5287\">Factores que influyen en la elecci\u00f3n del tratamiento<\/h3>\n<p data-start=\"5289\" data-end=\"5333\">El dermat\u00f3logo o cirujano pl\u00e1stico evaluar\u00e1:<\/p>\n<ul data-start=\"5334\" data-end=\"5573\">\n<li data-start=\"5334\" data-end=\"5387\">\n<p data-start=\"5336\" data-end=\"5387\"><strong data-start=\"5336\" data-end=\"5359\">Edad de la cicatriz<\/strong> (reci\u00e9n formada o estable).<\/p>\n<\/li>\n<li data-start=\"5388\" data-end=\"5414\">\n<p data-start=\"5390\" data-end=\"5414\"><strong data-start=\"5390\" data-end=\"5414\">Ubicaci\u00f3n anat\u00f3mica.<\/strong><\/p>\n<\/li>\n<li data-start=\"5415\" data-end=\"5462\">\n<p data-start=\"5417\" data-end=\"5462\"><strong data-start=\"5417\" data-end=\"5462\">Tipo de piel y tolerancia al tratamiento.<\/strong><\/p>\n<\/li>\n<li data-start=\"5463\" data-end=\"5495\">\n<p data-start=\"5465\" data-end=\"5495\"><strong data-start=\"5465\" data-end=\"5495\">Expectativas del paciente.<\/strong><\/p>\n<\/li>\n<li data-start=\"5496\" data-end=\"5573\">\n<p data-start=\"5498\" data-end=\"5573\"><strong data-start=\"5498\" data-end=\"5541\">Presencia de otros tratamientos previos<\/strong> (injertos, compresi\u00f3n, cremas).<\/p>\n<\/li>\n<\/ul>\n<p data-start=\"5575\" data-end=\"5808\">Por lo general, se requieren entre <strong data-start=\"5610\" data-end=\"5628\">3 y 6 sesiones<\/strong>, espaciadas de 4 a 8 semanas, para lograr resultados significativos. Es com\u00fan combinar el l\u00e1ser con otros enfoques (cremas regeneradoras, terapia de silicona, presoterapia, etc.).<\/p>\n<\/div><div class=\"fusion-clearfix\"><\/div><\/div><\/div><\/div><\/div><div class=\"fusion-fullwidth fullwidth-box fusion-builder-row-7 nonhundred-percent-fullwidth non-hundred-percent-height-scrolling\" style=\"--awb-border-radius-top-left:0px;--awb-border-radius-top-right:0px;--awb-border-radius-bottom-right:0px;--awb-border-radius-bottom-left:0px;--awb-flex-wrap:wrap;\" ><div class=\"fusion-builder-row fusion-row\"><div class=\"fusion-layout-column fusion_builder_column fusion-builder-column-7 fusion_builder_column_1_1 1_1 fusion-one-full fusion-column-first fusion-column-last\" style=\"--awb-bg-size:cover;\"><div class=\"fusion-column-wrapper fusion-flex-column-wrapper-legacy\"><div class=\"fusion-sep-clear\"><\/div><div class=\"fusion-separator fusion-full-width-sep\" style=\"margin-left: auto;margin-right: auto;width:100%;\"><div class=\"fusion-separator-border sep-double\" style=\"--awb-height:20px;--awb-amount:20px;border-color:#e0dede;border-top-width:1px;border-bottom-width:1px;\"><\/div><\/div><div class=\"fusion-sep-clear\"><\/div><div class=\"fusion-clearfix\"><\/div><\/div><\/div><\/div><\/div><div class=\"fusion-fullwidth fullwidth-box fusion-builder-row-8 nonhundred-percent-fullwidth non-hundred-percent-height-scrolling\" style=\"--awb-border-radius-top-left:0px;--awb-border-radius-top-right:0px;--awb-border-radius-bottom-right:0px;--awb-border-radius-bottom-left:0px;--awb-flex-wrap:wrap;\" ><div class=\"fusion-builder-row fusion-row\"><div class=\"fusion-layout-column fusion_builder_column fusion-builder-column-8 fusion_builder_column_1_2 1_2 fusion-one-half fusion-column-first\" style=\"--awb-bg-size:cover;width:50%;width:calc(50% - ( ( 4% ) * 0.5 ) );margin-right: 4%;\"><div class=\"fusion-column-wrapper fusion-flex-column-wrapper-legacy\"><div class=\"fusion-image-element in-legacy-container\" style=\"--awb-caption-title-font-family:var(--h2_typography-font-family);--awb-caption-title-font-weight:var(--h2_typography-font-weight);--awb-caption-title-font-style:var(--h2_typography-font-style);--awb-caption-title-size:var(--h2_typography-font-size);--awb-caption-title-transform:var(--h2_typography-text-transform);--awb-caption-title-line-height:var(--h2_typography-line-height);--awb-caption-title-letter-spacing:var(--h2_typography-letter-spacing);\"><span class=\" fusion-imageframe imageframe-none imageframe-2 hover-type-none\"><img decoding=\"async\" width=\"180\" height=\"300\" alt=\"Antes del tratamiento con l\u00e1ser\" title=\"Quemaduras con agua hirviendo\" src=\"https:\/\/www.idermic.es\/wp-content\/uploads\/2025\/06\/Antes-del-tratamiento-con-laser-180x300.jpg\" class=\"img-responsive wp-image-7850\" srcset=\"https:\/\/www.idermic.es\/wp-content\/uploads\/2025\/06\/Antes-del-tratamiento-con-laser-200x334.jpg 200w, https:\/\/www.idermic.es\/wp-content\/uploads\/2025\/06\/Antes-del-tratamiento-con-laser-400x668.jpg 400w, https:\/\/www.idermic.es\/wp-content\/uploads\/2025\/06\/Antes-del-tratamiento-con-laser.jpg 471w\" sizes=\"(max-width: 800px) 100vw, 180px\" \/><\/span><\/div><div class=\"fusion-text fusion-text-5\"><p>Foto de una quemadura con agua hirviendo, antes del tratamiento con IPL + Frax 1550<\/p>\n<\/div><div class=\"fusion-clearfix\"><\/div><\/div><\/div><div class=\"fusion-layout-column fusion_builder_column fusion-builder-column-9 fusion_builder_column_1_2 1_2 fusion-one-half fusion-column-last\" style=\"--awb-bg-size:cover;width:50%;width:calc(50% - ( ( 4% ) * 0.5 ) );\"><div class=\"fusion-column-wrapper fusion-flex-column-wrapper-legacy\"><div class=\"fusion-image-element in-legacy-container\" style=\"--awb-caption-title-font-family:var(--h2_typography-font-family);--awb-caption-title-font-weight:var(--h2_typography-font-weight);--awb-caption-title-font-style:var(--h2_typography-font-style);--awb-caption-title-size:var(--h2_typography-font-size);--awb-caption-title-transform:var(--h2_typography-text-transform);--awb-caption-title-line-height:var(--h2_typography-line-height);--awb-caption-title-letter-spacing:var(--h2_typography-letter-spacing);\"><span class=\" fusion-imageframe imageframe-none imageframe-3 hover-type-none\"><img decoding=\"async\" width=\"181\" height=\"300\" alt=\"Despu\u00e9s de 3 sesiones con l\u00e1ser\" title=\"Quemaduras con agua hirviendo\" src=\"https:\/\/www.idermic.es\/wp-content\/uploads\/2025\/06\/Despues-de-3-sesiones-con-laser-IPL-181x300.jpg\" class=\"img-responsive wp-image-7848\" srcset=\"https:\/\/www.idermic.es\/wp-content\/uploads\/2025\/06\/Despues-de-3-sesiones-con-laser-IPL-200x332.jpg 200w, https:\/\/www.idermic.es\/wp-content\/uploads\/2025\/06\/Despues-de-3-sesiones-con-laser-IPL-400x665.jpg 400w, https:\/\/www.idermic.es\/wp-content\/uploads\/2025\/06\/Despues-de-3-sesiones-con-laser-IPL.jpg 470w\" sizes=\"(max-width: 800px) 100vw, 181px\" \/><\/span><\/div><div class=\"fusion-text fusion-text-6\"><p>Foto despu\u00e9s de 3 sesiones con l\u00e1ser IPL + Frax 1550<\/p>\n<\/div><div class=\"fusion-clearfix\"><\/div><\/div><\/div><\/div><\/div><div class=\"fusion-fullwidth fullwidth-box fusion-builder-row-9 nonhundred-percent-fullwidth non-hundred-percent-height-scrolling\" style=\"--awb-border-radius-top-left:0px;--awb-border-radius-top-right:0px;--awb-border-radius-bottom-right:0px;--awb-border-radius-bottom-left:0px;--awb-flex-wrap:wrap;\" ><div class=\"fusion-builder-row fusion-row\"><div class=\"fusion-layout-column fusion_builder_column fusion-builder-column-10 fusion_builder_column_1_1 1_1 fusion-one-full fusion-column-first fusion-column-last\" style=\"--awb-bg-size:cover;\"><div class=\"fusion-column-wrapper fusion-flex-column-wrapper-legacy\"><div class=\"fusion-sep-clear\"><\/div><div class=\"fusion-separator fusion-full-width-sep\" style=\"margin-left: auto;margin-right: auto;width:100%;\"><div class=\"fusion-separator-border sep-double\" style=\"--awb-height:20px;--awb-amount:20px;border-color:#e0dede;border-top-width:1px;border-bottom-width:1px;\"><\/div><\/div><div class=\"fusion-sep-clear\"><\/div><div class=\"fusion-clearfix\"><\/div><\/div><\/div><\/div><\/div><div class=\"fusion-fullwidth fullwidth-box fusion-builder-row-10 nonhundred-percent-fullwidth non-hundred-percent-height-scrolling\" style=\"--awb-border-radius-top-left:0px;--awb-border-radius-top-right:0px;--awb-border-radius-bottom-right:0px;--awb-border-radius-bottom-left:0px;--awb-flex-wrap:wrap;\" ><div class=\"fusion-builder-row fusion-row\"><div class=\"fusion-layout-column fusion_builder_column fusion-builder-column-11 fusion_builder_column_1_1 1_1 fusion-one-full fusion-column-first fusion-column-last\" style=\"--awb-bg-size:cover;\"><div class=\"fusion-column-wrapper fusion-flex-column-wrapper-legacy\"><div class=\"fusion-video fusion-youtube\" style=\"--awb-max-width:600px;--awb-max-height:360px;\"><div class=\"video-shortcode\"><div class=\"fluid-width-video-wrapper\" style=\"padding-top:60%;\" ><iframe title=\"YouTube video player 1\" src=\"https:\/\/www.youtube.com\/embed\/11EKsb6TRDc?wmode=transparent&autoplay=0\" width=\"600\" height=\"360\" allowfullscreen allow=\"autoplay; clipboard-write; encrypted-media; gyroscope; picture-in-picture;\"><\/iframe><\/div><\/div><\/div><div class=\"fusion-clearfix\"><\/div><\/div><\/div><\/div><\/div><div class=\"fusion-fullwidth fullwidth-box fusion-builder-row-11 nonhundred-percent-fullwidth non-hundred-percent-height-scrolling\" style=\"--awb-border-radius-top-left:0px;--awb-border-radius-top-right:0px;--awb-border-radius-bottom-right:0px;--awb-border-radius-bottom-left:0px;--awb-flex-wrap:wrap;\" ><div class=\"fusion-builder-row fusion-row\"><div class=\"fusion-layout-column fusion_builder_column fusion-builder-column-12 fusion_builder_column_1_1 1_1 fusion-one-full fusion-column-first fusion-column-last\" style=\"--awb-bg-size:cover;\"><div class=\"fusion-column-wrapper fusion-flex-column-wrapper-legacy\"><div class=\"fusion-text fusion-text-7\"><h2 data-start=\"5815\" data-end=\"5879\">Beneficios cl\u00ednicos y est\u00e9ticos del tratamiento con l\u00e1ser<\/h2>\n<p data-start=\"5881\" data-end=\"6018\">Los tratamientos con l\u00e1ser han demostrado m\u00faltiples beneficios tanto en la mejora del aspecto est\u00e9tico como en la recuperaci\u00f3n funcional:<\/p>\n<ul data-start=\"6019\" data-end=\"6287\">\n<li data-start=\"6019\" data-end=\"6085\">\n<p data-start=\"6021\" data-end=\"6085\"><strong data-start=\"6021\" data-end=\"6059\">Reducci\u00f3n de la rigidez de la piel<\/strong> y mejora de la movilidad.<\/p>\n<\/li>\n<li data-start=\"6086\" data-end=\"6145\">\n<p data-start=\"6088\" data-end=\"6145\"><strong data-start=\"6088\" data-end=\"6145\">Disminuci\u00f3n del grosor y elevaci\u00f3n de las cicatrices.<\/strong><\/p>\n<\/li>\n<li data-start=\"6146\" data-end=\"6191\">\n<p data-start=\"6148\" data-end=\"6191\"><strong data-start=\"6148\" data-end=\"6191\">Unificaci\u00f3n del tono y textura cut\u00e1nea.<\/strong><\/p>\n<\/li>\n<li data-start=\"6192\" data-end=\"6236\">\n<p data-start=\"6194\" data-end=\"6236\"><strong data-start=\"6194\" data-end=\"6236\">Alivio del dolor, picor o incomodidad.<\/strong><\/p>\n<\/li>\n<li data-start=\"6237\" data-end=\"6287\">\n<p data-start=\"6239\" data-end=\"6287\"><strong data-start=\"6239\" data-end=\"6287\">Mejora del bienestar emocional y autoestima.<\/strong><\/p>\n<\/li>\n<\/ul>\n<p data-start=\"6289\" data-end=\"6419\">A largo plazo, estos resultados contribuyen a una mayor calidad de vida y una mejor integraci\u00f3n social y profesional del paciente.<\/p>\n<h2 data-start=\"6426\" data-end=\"6477\">Antecedentes cl\u00ednicos y avances tecnol\u00f3gicos<\/h2>\n<p data-start=\"6479\" data-end=\"6711\">La aplicaci\u00f3n de l\u00e1ser en dermatolog\u00eda comenz\u00f3 en los a\u00f1os 90, pero su uso espec\u00edfico en cicatrices por quemaduras ha cobrado protagonismo en las \u00faltimas dos d\u00e9cadas gracias a la mejora de dispositivos y estudios cl\u00ednicos rigurosos.<\/p>\n<ul data-start=\"6713\" data-end=\"7210\">\n<li data-start=\"6713\" data-end=\"6911\">\n<p data-start=\"6715\" data-end=\"6911\">En hospitales de referencia como el Hospital Vall d\u2019Hebron (Espa\u00f1a) o el Massachusetts General Hospital (EE.UU.), el tratamiento con l\u00e1ser se ha convertido en est\u00e1ndar en protocolos postquemadura.<\/p>\n<\/li>\n<li data-start=\"6912\" data-end=\"7072\">\n<p data-start=\"6914\" data-end=\"7072\">Estudios publicados en revistas como <em data-start=\"6951\" data-end=\"6958\">Burns<\/em> y <em data-start=\"6961\" data-end=\"6994\">Journal of Burn Care &amp; Research<\/em> avalan la seguridad y efectividad del l\u00e1ser, incluso en ni\u00f1os y adolescentes.<\/p>\n<\/li>\n<li data-start=\"7073\" data-end=\"7210\">\n<p data-start=\"7075\" data-end=\"7210\">La combinaci\u00f3n del l\u00e1ser con <strong data-start=\"7104\" data-end=\"7131\">tecnolog\u00eda de imagen 3D<\/strong> o <strong data-start=\"7134\" data-end=\"7171\">seguimiento digital de cicatrices<\/strong> ha optimizado los resultados cl\u00ednicos.<\/p>\n<\/li>\n<\/ul>\n<p data-start=\"7236\" data-end=\"7541\">El tratamiento con l\u00e1ser para cicatrices por quemaduras representa un avance significativo en la medicina est\u00e9tica y reparadora. Gracias a su capacidad para regenerar tejido, suavizar cicatrices y mejorar la funcionalidad de la piel, se ha posicionado como una alternativa segura, eficaz y personalizable.<\/p>\n<p data-start=\"7543\" data-end=\"7902\">No obstante, su \u00e9xito depende de una correcta evaluaci\u00f3n m\u00e9dica, la elecci\u00f3n del tipo de l\u00e1ser m\u00e1s adecuado y el seguimiento de un plan terap\u00e9utico integral. En manos de especialistas cualificados, el l\u00e1ser no solo mejora la apariencia f\u00edsica, sino que contribuye activamente a la recuperaci\u00f3n psicol\u00f3gica y emocional de las personas afectadas por quemaduras.<\/p>\n<p>Para cualquier consulta sobre quemaduras en la piel, en Idermic, tu <strong><a href=\"http:\/\/idermic.es\/\">dermat\u00f3logo en Terrassa<\/a><\/strong> estaremos encantados de atenderte.<\/p>\n<\/div><div class=\"fusion-clearfix\"><\/div><\/div><\/div><\/div><\/div><div class=\"fusion-fullwidth fullwidth-box fusion-builder-row-12 nonhundred-percent-fullwidth non-hundred-percent-height-scrolling\" style=\"--awb-border-radius-top-left:0px;--awb-border-radius-top-right:0px;--awb-border-radius-bottom-right:0px;--awb-border-radius-bottom-left:0px;--awb-flex-wrap:wrap;\" ><div class=\"fusion-builder-row fusion-row\"><div class=\"fusion-layout-column fusion_builder_column fusion-builder-column-13 fusion_builder_column_1_1 1_1 fusion-one-full fusion-column-first fusion-column-last\" style=\"--awb-bg-size:cover;\"><div class=\"fusion-column-wrapper fusion-flex-column-wrapper-legacy\"><blockquote class=\"instagram-media\" data-instgrm-captioned data-instgrm-permalink=\"https:\/\/www.instagram.com\/reel\/DKwtGAMI9ty\/?utm_source=ig_embed&utm_campaign=loading\" data-instgrm-version=\"14\" style=\" background:#FFF; border:0; border-radius:3px; box-shadow:0 0 1px 0 rgba(0,0,0,0.5),0 1px 10px 0 rgba(0,0,0,0.15); margin: 1px; max-width:540px; min-width:326px; padding:0; width:99.375%; width:-webkit-calc(100% - 2px); width:calc(100% - 2px);\"><div style=\"padding:16px;\"> <a href=\"https:\/\/www.instagram.com\/reel\/DKwtGAMI9ty\/?utm_source=ig_embed&utm_campaign=loading\" style=\" background:#FFFFFF; line-height:0; padding:0 0; text-align:center; text-decoration:none; width:100%;\" target=\"_blank\"> <div style=\" display: flex; flex-direction: row; align-items: center;\"> <div style=\"background-color: #F4F4F4; border-radius: 50%; flex-grow: 0; height: 40px; margin-right: 14px; width: 40px;\"><\/div> <div style=\"display: flex; flex-direction: column; flex-grow: 1; justify-content: center;\"> <div style=\" background-color: #F4F4F4; border-radius: 4px; flex-grow: 0; height: 14px; margin-bottom: 6px; width: 100px;\"><\/div> <div style=\" background-color: #F4F4F4; border-radius: 4px; flex-grow: 0; height: 14px; width: 60px;\"><\/div><\/div><\/div><div style=\"padding: 19% 0;\"><\/div> <div style=\"display:block; height:50px; margin:0 auto 12px; width:50px;\"><svg width=\"50px\" height=\"50px\" viewBox=\"0 0 60 60\" version=\"1.1\" xmlns=\"https:\/\/www.w3.org\/2000\/svg\" xmlns:xlink=\"https:\/\/www.w3.org\/1999\/xlink\"><g stroke=\"none\" stroke-width=\"1\" fill=\"none\" fill-rule=\"evenodd\"><g transform=\"translate(-511.000000, -20.000000)\" fill=\"#000000\"><g><path d=\"M556.869,30.41 C554.814,30.41 553.148,32.076 553.148,34.131 C553.148,36.186 554.814,37.852 556.869,37.852 C558.924,37.852 560.59,36.186 560.59,34.131 C560.59,32.076 558.924,30.41 556.869,30.41 M541,60.657 C535.114,60.657 530.342,55.887 530.342,50 C530.342,44.114 535.114,39.342 541,39.342 C546.887,39.342 551.658,44.114 551.658,50 C551.658,55.887 546.887,60.657 541,60.657 M541,33.886 C532.1,33.886 524.886,41.1 524.886,50 C524.886,58.899 532.1,66.113 541,66.113 C549.9,66.113 557.115,58.899 557.115,50 C557.115,41.1 549.9,33.886 541,33.886 M565.378,62.101 C565.244,65.022 564.756,66.606 564.346,67.663 C563.803,69.06 563.154,70.057 562.106,71.106 C561.058,72.155 560.06,72.803 558.662,73.347 C557.607,73.757 556.021,74.244 553.102,74.378 C549.944,74.521 548.997,74.552 541,74.552 C533.003,74.552 532.056,74.521 528.898,74.378 C525.979,74.244 524.393,73.757 523.338,73.347 C521.94,72.803 520.942,72.155 519.894,71.106 C518.846,70.057 518.197,69.06 517.654,67.663 C517.244,66.606 516.755,65.022 516.623,62.101 C516.479,58.943 516.448,57.996 516.448,50 C516.448,42.003 516.479,41.056 516.623,37.899 C516.755,34.978 517.244,33.391 517.654,32.338 C518.197,30.938 518.846,29.942 519.894,28.894 C520.942,27.846 521.94,27.196 523.338,26.654 C524.393,26.244 525.979,25.756 528.898,25.623 C532.057,25.479 533.004,25.448 541,25.448 C548.997,25.448 549.943,25.479 553.102,25.623 C556.021,25.756 557.607,26.244 558.662,26.654 C560.06,27.196 561.058,27.846 562.106,28.894 C563.154,29.942 563.803,30.938 564.346,32.338 C564.756,33.391 565.244,34.978 565.378,37.899 C565.522,41.056 565.552,42.003 565.552,50 C565.552,57.996 565.522,58.943 565.378,62.101 M570.82,37.631 C570.674,34.438 570.167,32.258 569.425,30.349 C568.659,28.377 567.633,26.702 565.965,25.035 C564.297,23.368 562.623,22.342 560.652,21.575 C558.743,20.834 556.562,20.326 553.369,20.18 C550.169,20.033 549.148,20 541,20 C532.853,20 531.831,20.033 528.631,20.18 C525.438,20.326 523.257,20.834 521.349,21.575 C519.376,22.342 517.703,23.368 516.035,25.035 C514.368,26.702 513.342,28.377 512.574,30.349 C511.834,32.258 511.326,34.438 511.181,37.631 C511.035,40.831 511,41.851 511,50 C511,58.147 511.035,59.17 511.181,62.369 C511.326,65.562 511.834,67.743 512.574,69.651 C513.342,71.625 514.368,73.296 516.035,74.965 C517.703,76.634 519.376,77.658 521.349,78.425 C523.257,79.167 525.438,79.673 528.631,79.82 C531.831,79.965 532.853,80.001 541,80.001 C549.148,80.001 550.169,79.965 553.369,79.82 C556.562,79.673 558.743,79.167 560.652,78.425 C562.623,77.658 564.297,76.634 565.965,74.965 C567.633,73.296 568.659,71.625 569.425,69.651 C570.167,67.743 570.674,65.562 570.82,62.369 C570.966,59.17 571,58.147 571,50 C571,41.851 570.966,40.831 570.82,37.631\"><\/path><\/g><\/g><\/g><\/svg><\/div><div style=\"padding-top: 8px;\"> <div style=\" color:#3897f0; font-family:Arial,sans-serif; font-size:14px; font-style:normal; font-weight:550; line-height:18px;\">Ver esta publicaci\u00f3n en Instagram<\/div><\/div><div style=\"padding: 12.5% 0;\"><\/div> <div style=\"display: flex; flex-direction: row; margin-bottom: 14px; align-items: center;\"><div> <div style=\"background-color: #F4F4F4; border-radius: 50%; height: 12.5px; width: 12.5px; transform: translateX(0px) translateY(7px);\"><\/div> <div style=\"background-color: #F4F4F4; height: 12.5px; transform: rotate(-45deg) translateX(3px) translateY(1px); width: 12.5px; flex-grow: 0; margin-right: 14px; margin-left: 2px;\"><\/div> <div style=\"background-color: #F4F4F4; border-radius: 50%; height: 12.5px; width: 12.5px; transform: translateX(9px) translateY(-18px);\"><\/div><\/div><div style=\"margin-left: 8px;\"> <div style=\" background-color: #F4F4F4; border-radius: 50%; flex-grow: 0; height: 20px; width: 20px;\"><\/div> <div style=\" width: 0; height: 0; border-top: 2px solid transparent; border-left: 6px solid #f4f4f4; border-bottom: 2px solid transparent; transform: translateX(16px) translateY(-4px) rotate(30deg)\"><\/div><\/div><div style=\"margin-left: auto;\"> <div style=\" width: 0px; border-top: 8px solid #F4F4F4; border-right: 8px solid transparent; transform: translateY(16px);\"><\/div> <div style=\" background-color: #F4F4F4; flex-grow: 0; height: 12px; width: 16px; transform: translateY(-4px);\"><\/div> <div style=\" width: 0; height: 0; border-top: 8px solid #F4F4F4; border-left: 8px solid transparent; transform: translateY(-4px) translateX(8px);\"><\/div><\/div><\/div> <div style=\"display: flex; flex-direction: column; flex-grow: 1; justify-content: center; margin-bottom: 24px;\"> <div style=\" background-color: #F4F4F4; border-radius: 4px; flex-grow: 0; height: 14px; margin-bottom: 6px; width: 224px;\"><\/div> <div style=\" background-color: #F4F4F4; border-radius: 4px; flex-grow: 0; height: 14px; width: 144px;\"><\/div><\/div><\/a><p style=\" color:#c9c8cd; font-family:Arial,sans-serif; font-size:14px; line-height:17px; margin-bottom:0; margin-top:8px; overflow:hidden; padding:8px 0 7px; text-align:center; text-overflow:ellipsis; white-space:nowrap;\"><a href=\"https:\/\/www.instagram.com\/reel\/DKwtGAMI9ty\/?utm_source=ig_embed&utm_campaign=loading\" style=\" color:#c9c8cd; font-family:Arial,sans-serif; font-size:14px; font-style:normal; font-weight:normal; line-height:17px; text-decoration:none;\" target=\"_blank\">Una publicaci\u00f3n compartida de IDERMIC - Dermatolog\u00eda m\u00e9dica y est\u00e9tica (@idermicclinic)<\/a><\/p><\/div><\/blockquote>\n<script async src=\"\/\/www.instagram.com\/embed.js\"><\/script><div class=\"fusion-clearfix\"><\/div><\/div><\/div><\/div><\/div><\/p>\n","protected":false},"excerpt":{"rendered":"<p>Tratamiento con l\u00e1ser para cicatrices de quemaduras: tipos, beneficios y resultados en la regeneraci\u00f3n est\u00e9tica y funcional de la piel.<\/p>\n","protected":false},"author":3,"featured_media":0,"comment_status":"open","ping_status":"closed","sticky":false,"template":"","format":"standard","meta":{"_joinchat":[],"footnotes":""},"categories":[37,36],"tags":[],"class_list":["post-7846","post","type-post","status-publish","format-standard","hentry","category-tecnologia","category-tratamientos-de-medicina-estetica"],"yoast_head":"<!-- This site is optimized with the Yoast SEO plugin v28.4 - https:\/\/yoast.com\/product\/yoast-seo-wordpress\/ -->\n<title>Quemaduras en la piel: Tratamiento con l\u00e1ser -<\/title>\n<meta name=\"description\" content=\"Tratamiento con l\u00e1ser para cicatrices de quemaduras: tipos, beneficios y resultados en la regeneraci\u00f3n est\u00e9tica y funcional de la piel.\" \/>\n<meta name=\"robots\" content=\"index, follow, max-snippet:-1, max-image-preview:large, max-video-preview:-1\" \/>\n<link rel=\"canonical\" href=\"https:\/\/www.idermic.es\/es\/quemaduras-en-la-piel-tratamiento-con-laser\/\" \/>\n<meta property=\"og:locale\" content=\"es_ES\" \/>\n<meta property=\"og:type\" content=\"article\" \/>\n<meta property=\"og:title\" content=\"Quemaduras en la piel: Tratamiento con l\u00e1ser -\" \/>\n<meta property=\"og:description\" content=\"Tratamiento con l\u00e1ser para cicatrices de quemaduras: tipos, beneficios y resultados en la regeneraci\u00f3n est\u00e9tica y funcional de la piel.\" \/>\n<meta property=\"og:url\" content=\"https:\/\/www.idermic.es\/es\/quemaduras-en-la-piel-tratamiento-con-laser\/\" \/>\n<meta property=\"og:site_name\" content=\"Idermic. Dermatolog\u00eda en Terrassa\" \/>\n<meta property=\"article:publisher\" content=\"https:\/\/www.facebook.com\/Idermic\" \/>\n<meta property=\"article:published_time\" content=\"2025-06-13T07:23:57+00:00\" \/>\n<meta property=\"article:modified_time\" content=\"2026-05-26T09:50:44+00:00\" \/>\n<meta name=\"author\" content=\"Equipo\" \/>\n<meta name=\"twitter:card\" content=\"summary_large_image\" \/>\n<meta name=\"twitter:creator\" content=\"@idermic\" \/>\n<meta name=\"twitter:site\" content=\"@idermic\" \/>\n<meta name=\"twitter:label1\" content=\"Escrito por\" \/>\n\t<meta name=\"twitter:data1\" content=\"Equipo\" \/>\n\t<meta name=\"twitter:label2\" content=\"Tiempo de lectura\" \/>\n\t<meta name=\"twitter:data2\" content=\"13 minutos\" \/>\n<script type=\"application\/ld+json\" class=\"yoast-schema-graph\">{\"@context\":\"https:\\\/\\\/schema.org\",\"@graph\":[{\"@type\":\"Article\",\"@id\":\"https:\\\/\\\/www.idermic.es\\\/es\\\/quemaduras-en-la-piel-tratamiento-con-laser\\\/#article\",\"isPartOf\":{\"@id\":\"https:\\\/\\\/www.idermic.es\\\/es\\\/quemaduras-en-la-piel-tratamiento-con-laser\\\/\"},\"author\":{\"name\":\"Equipo\",\"@id\":\"https:\\\/\\\/www.idermic.es\\\/#\\\/schema\\\/person\\\/c12703027a878b23d3c71c87921a82f8\"},\"headline\":\"Quemaduras en la piel: Tratamiento con l\u00e1ser\",\"datePublished\":\"2025-06-13T07:23:57+00:00\",\"dateModified\":\"2026-05-26T09:50:44+00:00\",\"mainEntityOfPage\":{\"@id\":\"https:\\\/\\\/www.idermic.es\\\/es\\\/quemaduras-en-la-piel-tratamiento-con-laser\\\/\"},\"wordCount\":5428,\"commentCount\":0,\"publisher\":{\"@id\":\"https:\\\/\\\/www.idermic.es\\\/#organization\"},\"articleSection\":[\"Tecnolog\u00eda\",\"Tratamientos de Medicina Est\u00e9tica\"],\"inLanguage\":\"es\",\"potentialAction\":[{\"@type\":\"CommentAction\",\"name\":\"Comment\",\"target\":[\"https:\\\/\\\/www.idermic.es\\\/es\\\/quemaduras-en-la-piel-tratamiento-con-laser\\\/#respond\"]}]},{\"@type\":\"WebPage\",\"@id\":\"https:\\\/\\\/www.idermic.es\\\/es\\\/quemaduras-en-la-piel-tratamiento-con-laser\\\/\",\"url\":\"https:\\\/\\\/www.idermic.es\\\/es\\\/quemaduras-en-la-piel-tratamiento-con-laser\\\/\",\"name\":\"Quemaduras en la piel: Tratamiento con l\u00e1ser -\",\"isPartOf\":{\"@id\":\"https:\\\/\\\/www.idermic.es\\\/#website\"},\"datePublished\":\"2025-06-13T07:23:57+00:00\",\"dateModified\":\"2026-05-26T09:50:44+00:00\",\"description\":\"Tratamiento con l\u00e1ser para cicatrices de quemaduras: tipos, beneficios y resultados en la regeneraci\u00f3n est\u00e9tica y funcional de la piel.\",\"breadcrumb\":{\"@id\":\"https:\\\/\\\/www.idermic.es\\\/es\\\/quemaduras-en-la-piel-tratamiento-con-laser\\\/#breadcrumb\"},\"inLanguage\":\"es\",\"potentialAction\":[{\"@type\":\"ReadAction\",\"target\":[\"https:\\\/\\\/www.idermic.es\\\/es\\\/quemaduras-en-la-piel-tratamiento-con-laser\\\/\"]}]},{\"@type\":\"BreadcrumbList\",\"@id\":\"https:\\\/\\\/www.idermic.es\\\/es\\\/quemaduras-en-la-piel-tratamiento-con-laser\\\/#breadcrumb\",\"itemListElement\":[{\"@type\":\"ListItem\",\"position\":1,\"name\":\"Inici\",\"item\":\"https:\\\/\\\/www.idermic.es\\\/es\\\/\"},{\"@type\":\"ListItem\",\"position\":2,\"name\":\"Quemaduras en la piel: Tratamiento con l\u00e1ser\"}]},{\"@type\":\"WebSite\",\"@id\":\"https:\\\/\\\/www.idermic.es\\\/#website\",\"url\":\"https:\\\/\\\/www.idermic.es\\\/\",\"name\":\"Idermic. Dermatolog\u00eda en Terrassa\",\"description\":\"Dermatolog\u00eda, Medicina est\u00e9tica, Cirurg\u00eda Pl\u00e0stica\",\"publisher\":{\"@id\":\"https:\\\/\\\/www.idermic.es\\\/#organization\"},\"potentialAction\":[{\"@type\":\"SearchAction\",\"target\":{\"@type\":\"EntryPoint\",\"urlTemplate\":\"https:\\\/\\\/www.idermic.es\\\/?s={search_term_string}\"},\"query-input\":{\"@type\":\"PropertyValueSpecification\",\"valueRequired\":true,\"valueName\":\"search_term_string\"}}],\"inLanguage\":\"es\"},{\"@type\":\"Organization\",\"@id\":\"https:\\\/\\\/www.idermic.es\\\/#organization\",\"name\":\"Idermic. Dermatolog\u00eda en Terrassa\",\"url\":\"https:\\\/\\\/www.idermic.es\\\/\",\"logo\":{\"@type\":\"ImageObject\",\"inLanguage\":\"es\",\"@id\":\"https:\\\/\\\/www.idermic.es\\\/#\\\/schema\\\/logo\\\/image\\\/\",\"url\":\"https:\\\/\\\/www.idermic.es\\\/wp-content\\\/uploads\\\/2025\\\/10\\\/Logo-Idermic.jpg\",\"contentUrl\":\"https:\\\/\\\/www.idermic.es\\\/wp-content\\\/uploads\\\/2025\\\/10\\\/Logo-Idermic.jpg\",\"width\":501,\"height\":502,\"caption\":\"Idermic. Dermatolog\u00eda en Terrassa\"},\"image\":{\"@id\":\"https:\\\/\\\/www.idermic.es\\\/#\\\/schema\\\/logo\\\/image\\\/\"},\"sameAs\":[\"https:\\\/\\\/www.facebook.com\\\/Idermic\",\"https:\\\/\\\/x.com\\\/idermic\",\"https:\\\/\\\/www.instagram.com\\\/idermicclinic\\\/\",\"https:\\\/\\\/www.youtube.com\\\/channel\\\/UCyAHC9-p8lc6hr_nguO8p_g\"]},{\"@type\":\"Person\",\"@id\":\"https:\\\/\\\/www.idermic.es\\\/#\\\/schema\\\/person\\\/c12703027a878b23d3c71c87921a82f8\",\"name\":\"Equipo\",\"image\":{\"@type\":\"ImageObject\",\"inLanguage\":\"es\",\"@id\":\"https:\\\/\\\/secure.gravatar.com\\\/avatar\\\/7ca0be23248108c6b0887e0693b7dcf7764bd3503f84d1f04e6653ef7c3b9420?s=96&d=mm&r=g\",\"url\":\"https:\\\/\\\/secure.gravatar.com\\\/avatar\\\/7ca0be23248108c6b0887e0693b7dcf7764bd3503f84d1f04e6653ef7c3b9420?s=96&d=mm&r=g\",\"contentUrl\":\"https:\\\/\\\/secure.gravatar.com\\\/avatar\\\/7ca0be23248108c6b0887e0693b7dcf7764bd3503f84d1f04e6653ef7c3b9420?s=96&d=mm&r=g\",\"caption\":\"Equipo\"},\"description\":\"Equipo de Idermic\"}]}<\/script>\n<!-- \/ Yoast SEO plugin. -->","yoast_head_json":{"title":"Quemaduras en la piel: Tratamiento con l\u00e1ser -","description":"Tratamiento con l\u00e1ser para cicatrices de quemaduras: tipos, beneficios y resultados en la regeneraci\u00f3n est\u00e9tica y funcional de la piel.","robots":{"index":"index","follow":"follow","max-snippet":"max-snippet:-1","max-image-preview":"max-image-preview:large","max-video-preview":"max-video-preview:-1"},"canonical":"https:\/\/www.idermic.es\/es\/quemaduras-en-la-piel-tratamiento-con-laser\/","og_locale":"es_ES","og_type":"article","og_title":"Quemaduras en la piel: Tratamiento con l\u00e1ser -","og_description":"Tratamiento con l\u00e1ser para cicatrices de quemaduras: tipos, beneficios y resultados en la regeneraci\u00f3n est\u00e9tica y funcional de la piel.","og_url":"https:\/\/www.idermic.es\/es\/quemaduras-en-la-piel-tratamiento-con-laser\/","og_site_name":"Idermic. Dermatolog\u00eda en Terrassa","article_publisher":"https:\/\/www.facebook.com\/Idermic","article_published_time":"2025-06-13T07:23:57+00:00","article_modified_time":"2026-05-26T09:50:44+00:00","author":"Equipo","twitter_card":"summary_large_image","twitter_creator":"@idermic","twitter_site":"@idermic","twitter_misc":{"Escrito por":"Equipo","Tiempo de lectura":"13 minutos"},"schema":{"@context":"https:\/\/schema.org","@graph":[{"@type":"Article","@id":"https:\/\/www.idermic.es\/es\/quemaduras-en-la-piel-tratamiento-con-laser\/#article","isPartOf":{"@id":"https:\/\/www.idermic.es\/es\/quemaduras-en-la-piel-tratamiento-con-laser\/"},"author":{"name":"Equipo","@id":"https:\/\/www.idermic.es\/#\/schema\/person\/c12703027a878b23d3c71c87921a82f8"},"headline":"Quemaduras en la piel: Tratamiento con l\u00e1ser","datePublished":"2025-06-13T07:23:57+00:00","dateModified":"2026-05-26T09:50:44+00:00","mainEntityOfPage":{"@id":"https:\/\/www.idermic.es\/es\/quemaduras-en-la-piel-tratamiento-con-laser\/"},"wordCount":5428,"commentCount":0,"publisher":{"@id":"https:\/\/www.idermic.es\/#organization"},"articleSection":["Tecnolog\u00eda","Tratamientos de Medicina Est\u00e9tica"],"inLanguage":"es","potentialAction":[{"@type":"CommentAction","name":"Comment","target":["https:\/\/www.idermic.es\/es\/quemaduras-en-la-piel-tratamiento-con-laser\/#respond"]}]},{"@type":"WebPage","@id":"https:\/\/www.idermic.es\/es\/quemaduras-en-la-piel-tratamiento-con-laser\/","url":"https:\/\/www.idermic.es\/es\/quemaduras-en-la-piel-tratamiento-con-laser\/","name":"Quemaduras en la piel: Tratamiento con l\u00e1ser -","isPartOf":{"@id":"https:\/\/www.idermic.es\/#website"},"datePublished":"2025-06-13T07:23:57+00:00","dateModified":"2026-05-26T09:50:44+00:00","description":"Tratamiento con l\u00e1ser para cicatrices de quemaduras: tipos, beneficios y resultados en la regeneraci\u00f3n est\u00e9tica y funcional de la piel.","breadcrumb":{"@id":"https:\/\/www.idermic.es\/es\/quemaduras-en-la-piel-tratamiento-con-laser\/#breadcrumb"},"inLanguage":"es","potentialAction":[{"@type":"ReadAction","target":["https:\/\/www.idermic.es\/es\/quemaduras-en-la-piel-tratamiento-con-laser\/"]}]},{"@type":"BreadcrumbList","@id":"https:\/\/www.idermic.es\/es\/quemaduras-en-la-piel-tratamiento-con-laser\/#breadcrumb","itemListElement":[{"@type":"ListItem","position":1,"name":"Inici","item":"https:\/\/www.idermic.es\/es\/"},{"@type":"ListItem","position":2,"name":"Quemaduras en la piel: Tratamiento con l\u00e1ser"}]},{"@type":"WebSite","@id":"https:\/\/www.idermic.es\/#website","url":"https:\/\/www.idermic.es\/","name":"Idermic. Dermatolog\u00eda en Terrassa","description":"Dermatolog\u00eda, Medicina est\u00e9tica, Cirurg\u00eda Pl\u00e0stica","publisher":{"@id":"https:\/\/www.idermic.es\/#organization"},"potentialAction":[{"@type":"SearchAction","target":{"@type":"EntryPoint","urlTemplate":"https:\/\/www.idermic.es\/?s={search_term_string}"},"query-input":{"@type":"PropertyValueSpecification","valueRequired":true,"valueName":"search_term_string"}}],"inLanguage":"es"},{"@type":"Organization","@id":"https:\/\/www.idermic.es\/#organization","name":"Idermic. Dermatolog\u00eda en Terrassa","url":"https:\/\/www.idermic.es\/","logo":{"@type":"ImageObject","inLanguage":"es","@id":"https:\/\/www.idermic.es\/#\/schema\/logo\/image\/","url":"https:\/\/www.idermic.es\/wp-content\/uploads\/2025\/10\/Logo-Idermic.jpg","contentUrl":"https:\/\/www.idermic.es\/wp-content\/uploads\/2025\/10\/Logo-Idermic.jpg","width":501,"height":502,"caption":"Idermic. Dermatolog\u00eda en Terrassa"},"image":{"@id":"https:\/\/www.idermic.es\/#\/schema\/logo\/image\/"},"sameAs":["https:\/\/www.facebook.com\/Idermic","https:\/\/x.com\/idermic","https:\/\/www.instagram.com\/idermicclinic\/","https:\/\/www.youtube.com\/channel\/UCyAHC9-p8lc6hr_nguO8p_g"]},{"@type":"Person","@id":"https:\/\/www.idermic.es\/#\/schema\/person\/c12703027a878b23d3c71c87921a82f8","name":"Equipo","image":{"@type":"ImageObject","inLanguage":"es","@id":"https:\/\/secure.gravatar.com\/avatar\/7ca0be23248108c6b0887e0693b7dcf7764bd3503f84d1f04e6653ef7c3b9420?s=96&d=mm&r=g","url":"https:\/\/secure.gravatar.com\/avatar\/7ca0be23248108c6b0887e0693b7dcf7764bd3503f84d1f04e6653ef7c3b9420?s=96&d=mm&r=g","contentUrl":"https:\/\/secure.gravatar.com\/avatar\/7ca0be23248108c6b0887e0693b7dcf7764bd3503f84d1f04e6653ef7c3b9420?s=96&d=mm&r=g","caption":"Equipo"},"description":"Equipo de Idermic"}]}},"_links":{"self":[{"href":"https:\/\/www.idermic.es\/es\/wp-json\/wp\/v2\/posts\/7846","targetHints":{"allow":["GET"]}}],"collection":[{"href":"https:\/\/www.idermic.es\/es\/wp-json\/wp\/v2\/posts"}],"about":[{"href":"https:\/\/www.idermic.es\/es\/wp-json\/wp\/v2\/types\/post"}],"author":[{"embeddable":true,"href":"https:\/\/www.idermic.es\/es\/wp-json\/wp\/v2\/users\/3"}],"replies":[{"embeddable":true,"href":"https:\/\/www.idermic.es\/es\/wp-json\/wp\/v2\/comments?post=7846"}],"version-history":[{"count":11,"href":"https:\/\/www.idermic.es\/es\/wp-json\/wp\/v2\/posts\/7846\/revisions"}],"predecessor-version":[{"id":7862,"href":"https:\/\/www.idermic.es\/es\/wp-json\/wp\/v2\/posts\/7846\/revisions\/7862"}],"wp:attachment":[{"href":"https:\/\/www.idermic.es\/es\/wp-json\/wp\/v2\/media?parent=7846"}],"wp:term":[{"taxonomy":"category","embeddable":true,"href":"https:\/\/www.idermic.es\/es\/wp-json\/wp\/v2\/categories?post=7846"},{"taxonomy":"post_tag","embeddable":true,"href":"https:\/\/www.idermic.es\/es\/wp-json\/wp\/v2\/tags?post=7846"}],"curies":[{"name":"wp","href":"https:\/\/api.w.org\/{rel}","templated":true}]}}