{"id":7733,"date":"2025-05-20T11:26:40","date_gmt":"2025-05-20T11:26:40","guid":{"rendered":"https:\/\/www.idermic.es\/?p=7733"},"modified":"2025-05-20T11:36:33","modified_gmt":"2025-05-20T11:36:33","slug":"marcacion-del-angulo-mandibular-con-acido-hialuronico","status":"publish","type":"post","link":"https:\/\/www.idermic.es\/es\/marcacion-del-angulo-mandibular-con-acido-hialuronico\/","title":{"rendered":"Marcaci\u00f3n del \u00e1ngulo mandibular con \u00e1cido hialur\u00f3nico"},"content":{"rendered":"<p><div class=\"fusion-fullwidth fullwidth-box fusion-builder-row-1 nonhundred-percent-fullwidth non-hundred-percent-height-scrolling\" style=\"--awb-border-radius-top-left:0px;--awb-border-radius-top-right:0px;--awb-border-radius-bottom-right:0px;--awb-border-radius-bottom-left:0px;--awb-flex-wrap:wrap;\" ><div class=\"fusion-builder-row fusion-row\"><div class=\"fusion-layout-column fusion_builder_column fusion-builder-column-0 fusion_builder_column_1_1 1_1 fusion-one-full fusion-column-first fusion-column-last\" style=\"--awb-bg-size:cover;\"><div class=\"fusion-column-wrapper fusion-flex-column-wrapper-legacy\"><div class=\"fusion-text fusion-text-1\"><h1 style=\"text-align: center;\">Marcaci\u00f3n del \u00e1ngulo mandibular con \u00e1cido hialur\u00f3nico<\/h1>\n<\/div><div class=\"fusion-clearfix\"><\/div><\/div><\/div><\/div><\/div><div class=\"fusion-fullwidth fullwidth-box fusion-builder-row-2 nonhundred-percent-fullwidth non-hundred-percent-height-scrolling\" style=\"--awb-border-radius-top-left:0px;--awb-border-radius-top-right:0px;--awb-border-radius-bottom-right:0px;--awb-border-radius-bottom-left:0px;--awb-flex-wrap:wrap;\" ><div class=\"fusion-builder-row fusion-row\"><div class=\"fusion-layout-column fusion_builder_column fusion-builder-column-1 fusion_builder_column_2_3 2_3 fusion-two-third fusion-column-first\" style=\"--awb-bg-size:cover;width:66.666666666667%;width:calc(66.666666666667% - ( ( 4% ) * 0.66666666666667 ) );margin-right: 4%;\"><div class=\"fusion-column-wrapper fusion-flex-column-wrapper-legacy\"><div class=\"fusion-text fusion-text-2\"><p>La marcaci\u00f3n mandibular es una t\u00e9cnica de medicina est\u00e9tica cuyo objetivo es mejorar la definici\u00f3n de la l\u00ednea que une el ment\u00f3n con el \u00e1ngulo mandibular, una zona crucial para el equilibrio y simetr\u00eda del rostro. Este procedimiento responde al creciente inter\u00e9s por obtener un perfil facial estilizado, arm\u00f3nico y con apariencia m\u00e1s juvenil, sin necesidad de cirug\u00eda.<\/p>\n<p>A lo largo de los \u00faltimos a\u00f1os, esta t\u00e9cnica ha pasado de ser un tratamiento selectivo a convertirse en una intervenci\u00f3n demandada por un p\u00fablico amplio y diverso, motivado por referentes est\u00e9ticos actuales, la accesibilidad de las t\u00e9cnicas m\u00ednimamente invasivas y la naturalidad de los resultados.<\/p>\n<p>La zona mandibular, al ser estructuralmente decisiva en la apariencia del tercio inferior de la cara, incide directamente en c\u00f3mo se percibe la proporci\u00f3n del rostro, la firmeza de la piel y la transici\u00f3n hacia el cuello.<\/p>\n<\/div><div class=\"fusion-clearfix\"><\/div><\/div><\/div><div class=\"fusion-layout-column fusion_builder_column fusion-builder-column-2 fusion_builder_column_1_3 1_3 fusion-one-third fusion-column-last\" style=\"--awb-bg-size:cover;width:33.333333333333%;width:calc(33.333333333333% - ( ( 4% ) * 0.33333333333333 ) );\"><div class=\"fusion-column-wrapper fusion-flex-column-wrapper-legacy\"><div class=\"fusion-image-element in-legacy-container\" style=\"--awb-caption-title-font-family:var(--h2_typography-font-family);--awb-caption-title-font-weight:var(--h2_typography-font-weight);--awb-caption-title-font-style:var(--h2_typography-font-style);--awb-caption-title-size:var(--h2_typography-font-size);--awb-caption-title-transform:var(--h2_typography-text-transform);--awb-caption-title-line-height:var(--h2_typography-line-height);--awb-caption-title-letter-spacing:var(--h2_typography-letter-spacing);\"><span class=\" fusion-imageframe imageframe-none imageframe-1 hover-type-none\"><img decoding=\"async\" width=\"188\" height=\"300\" alt=\"Marcaci\u00f3n mandibular con \u00e1cido hialur\u00f3nico\" title=\"Marcaci\u00f3n mandibular con \u00e1cido hialur\u00f3nico\" src=\"https:\/\/www.idermic.es\/wp-content\/uploads\/2025\/05\/Marcacion-mandibular-con-acido-hialuronico-6-188x300.jpg\" class=\"img-responsive wp-image-7747\" srcset=\"https:\/\/www.idermic.es\/wp-content\/uploads\/2025\/05\/Marcacion-mandibular-con-acido-hialuronico-6-200x319.jpg 200w, https:\/\/www.idermic.es\/wp-content\/uploads\/2025\/05\/Marcacion-mandibular-con-acido-hialuronico-6.jpg 367w\" sizes=\"(max-width: 800px) 100vw, 188px\" \/><\/span><\/div><div class=\"fusion-clearfix\"><\/div><\/div><\/div><\/div><\/div><div class=\"fusion-fullwidth fullwidth-box fusion-builder-row-3 nonhundred-percent-fullwidth non-hundred-percent-height-scrolling\" style=\"--awb-border-radius-top-left:0px;--awb-border-radius-top-right:0px;--awb-border-radius-bottom-right:0px;--awb-border-radius-bottom-left:0px;--awb-flex-wrap:wrap;\" ><div class=\"fusion-builder-row fusion-row\"><div class=\"fusion-layout-column fusion_builder_column fusion-builder-column-3 fusion_builder_column_1_1 1_1 fusion-one-full fusion-column-first fusion-column-last\" style=\"--awb-bg-size:cover;\"><div class=\"fusion-column-wrapper fusion-flex-column-wrapper-legacy\"><div class=\"fusion-sep-clear\"><\/div><div class=\"fusion-separator fusion-full-width-sep\" style=\"margin-left: auto;margin-right: auto;width:100%;\"><div class=\"fusion-separator-border sep-double\" style=\"--awb-height:20px;--awb-amount:20px;border-color:#e0dede;border-top-width:1px;border-bottom-width:1px;\"><\/div><\/div><div class=\"fusion-sep-clear\"><\/div><div class=\"fusion-clearfix\"><\/div><\/div><\/div><\/div><\/div><div class=\"fusion-fullwidth fullwidth-box fusion-builder-row-4 nonhundred-percent-fullwidth non-hundred-percent-height-scrolling\" style=\"--awb-border-radius-top-left:0px;--awb-border-radius-top-right:0px;--awb-border-radius-bottom-right:0px;--awb-border-radius-bottom-left:0px;--awb-flex-wrap:wrap;\" ><div class=\"fusion-builder-row fusion-row\"><div class=\"fusion-layout-column fusion_builder_column fusion-builder-column-4 fusion_builder_column_1_1 1_1 fusion-one-full fusion-column-first fusion-column-last\" style=\"--awb-bg-size:cover;\"><div class=\"fusion-column-wrapper fusion-flex-column-wrapper-legacy\"><div class=\"fusion-text fusion-text-3\"><h2>\u00bfC\u00f3mo se lleva a cabo el perfilado mandibular?<\/h2>\n<p>El procedimiento de marcaci\u00f3n del \u00e1ngulo mandibular se realiza mediante la aplicaci\u00f3n estrat\u00e9gica de sustancias de relleno en puntos clave de la mand\u00edbula. La finalidad es crear volumen, realzar la proyecci\u00f3n \u00f3sea y establecer un contorno limpio y definido entre la mand\u00edbula y el cuello.<\/p>\n<p>Previamente, se realiza un an\u00e1lisis morfol\u00f3gico personalizado para evaluar la forma del rostro, la simetr\u00eda, la presencia de flacidez o asimetr\u00edas, y otros factores que puedan influir en el resultado final. Una vez determinado el plan de tratamiento, se aplica anestesia local para minimizar cualquier molestia.<\/p>\n<p>El profesional distribuye el producto siguiendo patrones anat\u00f3micos, respetando l\u00edneas naturales y evitando sobre correcciones. El tratamiento completo suele durar entre 30 y 45 minutos y permite al paciente retomar sus actividades habituales el mismo d\u00eda.<\/p>\n<h2>Marcaci\u00f3n mandibular con \u00e1cido hialur\u00f3nico: t\u00e9cnica, ventajas y duraci\u00f3n<\/h2>\n<p>El \u00e1cido hialur\u00f3nico es la sustancia m\u00e1s utilizada para este tipo de procedimiento debido a su alta compatibilidad con el organismo, su capacidad de integraci\u00f3n en los tejidos y su efecto modelador inmediato.<\/p>\n<h3>\u00bfPor qu\u00e9 se utiliza \u00e1cido hialur\u00f3nico?<\/h3>\n<p>El \u00e1cido hialur\u00f3nico es un polisac\u00e1rido presente de forma natural en el cuerpo humano, especialmente en la piel y el tejido conectivo. Su capacidad para retener agua lo convierte en un excelente agente de relleno, permitiendo mejorar la turgencia y estructura de la piel sin rigidez.<\/p>\n<p>Para la marcaci\u00f3n mandibular, se emplean formulaciones de alta densidad que proporcionan la estructura necesaria para simular el hueso y mantener la forma deseada durante meses.<\/p>\n<h3>T\u00e9cnica de aplicaci\u00f3n<\/h3>\n<p>La aplicaci\u00f3n se realiza mediante micro c\u00e1nulas o agujas finas en puntos espec\u00edficos del borde mandibular, el \u00e1ngulo de la mand\u00edbula y, en algunos casos, el ment\u00f3n. Esta t\u00e9cnica permite esculpir el tercio inferior del rostro con gran precisi\u00f3n, adapt\u00e1ndose tanto a rostros masculinos como femeninos, respetando sus particularidades anat\u00f3micas.<\/p>\n<h3>Ventajas espec\u00edficas del uso de \u00e1cido hialur\u00f3nico<\/h3>\n<p><strong>Resultados inmediatos y naturales:<\/strong> Uno de los principales atractivos del \u00e1cido hialur\u00f3nico es la rapidez con la que se aprecian los cambios est\u00e9ticos. En la mayor\u00eda de los casos, el contorno mandibular se define de forma visible al finalizar la sesi\u00f3n, sin necesidad de esperar semanas. Adem\u00e1s, el producto se integra de forma arm\u00f3nica con los tejidos, ofreciendo un resultado natural, sin rigidez ni sobrevolumen artificial. Esto permite una mejora est\u00e9tica notable sin alterar la expresi\u00f3n facial.<\/p>\n<p><strong>Sustancia reabsorbible y segura:<\/strong> El \u00e1cido hialur\u00f3nico es una mol\u00e9cula presente de manera natural en el organismo, lo que lo convierte en un material altamente compatible. Al ser reabsorbible, se degrada gradualmente con el tiempo sin dejar residuos, lo que minimiza el riesgo de rechazo o reacciones adversas a largo plazo. Su uso est\u00e1 aprobado por autoridades sanitarias internacionales y ha demostrado un excelente perfil de seguridad en m\u00faltiples aplicaciones est\u00e9ticas y m\u00e9dicas.<\/p>\n<p><strong>M\u00ednimo riesgo de efectos secundarios:<\/strong> La aplicaci\u00f3n del \u00e1cido hialur\u00f3nico mediante t\u00e9cnicas m\u00ednimamente invasivas reduce considerablemente las probabilidades de complicaciones. Cuando el procedimiento es realizado por un profesional capacitado, los efectos secundarios suelen limitarse a molestias leves y temporales como enrojecimiento o inflamaci\u00f3n local. No requiere cirug\u00eda ni hospitalizaci\u00f3n, lo que disminuye tambi\u00e9n los riesgos relacionados con la recuperaci\u00f3n.<\/p>\n<p><strong>Reversibilidad del tratamiento en caso necesario:<\/strong> Una de las grandes ventajas diferenciales del \u00e1cido hialur\u00f3nico frente a otros materiales de relleno es su reversibilidad. En caso de que el resultado no sea el esperado, o si el paciente desea revertir el efecto por cualquier motivo, existe una enzima llamada hialuronidasa que puede disolver el producto de forma r\u00e1pida y segura. Esta opci\u00f3n aporta una gran tranquilidad tanto al profesional como al paciente.<\/p>\n<p><strong>Posibilidad de retoques o ajustes progresivos: <\/strong>El tratamiento con \u00e1cido hialur\u00f3nico permite una evoluci\u00f3n controlada del resultado est\u00e9tico. Es posible realizar retoques en sesiones posteriores para perfeccionar el contorno mandibular o adaptarlo a los cambios naturales del rostro. Esta flexibilidad resulta especialmente \u00fatil para quienes buscan una mejora gradual o desean mantener el efecto a lo largo del tiempo con ajustes peri\u00f3dicos. Adem\u00e1s, permite una planificaci\u00f3n personalizada sin necesidad de intervenciones dr\u00e1sticas.<\/p>\n<h3>Duraci\u00f3n de los efectos<\/h3>\n<p>Los resultados de la marcaci\u00f3n mandibular con \u00e1cido hialur\u00f3nico pueden mantenerse entre 12 y 18 meses, dependiendo de factores como el metabolismo del paciente, el tipo de producto utilizado y los h\u00e1bitos de vida. La reabsorci\u00f3n es gradual, lo que permite una transici\u00f3n natural sin alteraciones abruptas del rostro.<\/p>\n<\/div><div class=\"fusion-clearfix\"><\/div><\/div><\/div><\/div><\/div><div class=\"fusion-fullwidth fullwidth-box fusion-builder-row-5 nonhundred-percent-fullwidth non-hundred-percent-height-scrolling\" style=\"--awb-border-radius-top-left:0px;--awb-border-radius-top-right:0px;--awb-border-radius-bottom-right:0px;--awb-border-radius-bottom-left:0px;--awb-flex-wrap:wrap;\" ><div class=\"fusion-builder-row fusion-row\"><div class=\"fusion-layout-column fusion_builder_column fusion-builder-column-5 fusion_builder_column_1_3 1_3 fusion-one-third fusion-column-first\" style=\"--awb-bg-size:cover;width:33.333333333333%;width:calc(33.333333333333% - ( ( 4% + 4% ) * 0.33333333333333 ) );margin-right: 4%;\"><div class=\"fusion-column-wrapper fusion-flex-column-wrapper-legacy\"><div class=\"fusion-image-element in-legacy-container\" style=\"--awb-caption-title-font-family:var(--h2_typography-font-family);--awb-caption-title-font-weight:var(--h2_typography-font-weight);--awb-caption-title-font-style:var(--h2_typography-font-style);--awb-caption-title-size:var(--h2_typography-font-size);--awb-caption-title-transform:var(--h2_typography-text-transform);--awb-caption-title-line-height:var(--h2_typography-line-height);--awb-caption-title-letter-spacing:var(--h2_typography-letter-spacing);\"><span class=\" fusion-imageframe imageframe-none imageframe-2 hover-type-none\"><img decoding=\"async\" width=\"190\" height=\"300\" title=\"Marcaci\u00f3n mandibular con \u00e1cido hialur\u00f3nico\" src=\"https:\/\/www.idermic.es\/wp-content\/uploads\/2025\/05\/Marcacion-mandibular-con-acido-hialuronico-190x300.jpg\" alt class=\"img-responsive wp-image-7745\" srcset=\"https:\/\/www.idermic.es\/wp-content\/uploads\/2025\/05\/Marcacion-mandibular-con-acido-hialuronico-200x316.jpg 200w, https:\/\/www.idermic.es\/wp-content\/uploads\/2025\/05\/Marcacion-mandibular-con-acido-hialuronico-400x632.jpg 400w, https:\/\/www.idermic.es\/wp-content\/uploads\/2025\/05\/Marcacion-mandibular-con-acido-hialuronico.jpg 470w\" sizes=\"(max-width: 800px) 100vw, 190px\" \/><\/span><\/div><div class=\"fusion-text fusion-text-4\"><p>Marcaci\u00f3n del \u00e1ngulo mandibular con \u00e1cido hialur\u00f3nico. Foto 1<\/p>\n<\/div><div class=\"fusion-clearfix\"><\/div><\/div><\/div><div class=\"fusion-layout-column fusion_builder_column fusion-builder-column-6 fusion_builder_column_1_3 1_3 fusion-one-third\" style=\"--awb-bg-size:cover;width:33.333333333333%;width:calc(33.333333333333% - ( ( 4% + 4% ) * 0.33333333333333 ) );margin-right: 4%;\"><div class=\"fusion-column-wrapper fusion-flex-column-wrapper-legacy\"><div class=\"fusion-image-element in-legacy-container\" style=\"--awb-caption-title-font-family:var(--h2_typography-font-family);--awb-caption-title-font-weight:var(--h2_typography-font-weight);--awb-caption-title-font-style:var(--h2_typography-font-style);--awb-caption-title-size:var(--h2_typography-font-size);--awb-caption-title-transform:var(--h2_typography-text-transform);--awb-caption-title-line-height:var(--h2_typography-line-height);--awb-caption-title-letter-spacing:var(--h2_typography-letter-spacing);\"><span class=\" fusion-imageframe imageframe-none imageframe-3 hover-type-none\"><img decoding=\"async\" width=\"186\" height=\"300\" title=\"Marcaci\u00f3n mandibular con \u00e1cido hialur\u00f3nico-3\" src=\"https:\/\/www.idermic.es\/wp-content\/uploads\/2025\/05\/Marcacion-mandibular-con-acido-hialuronico-3-186x300.jpg\" alt class=\"img-responsive wp-image-7741\" srcset=\"https:\/\/www.idermic.es\/wp-content\/uploads\/2025\/05\/Marcacion-mandibular-con-acido-hialuronico-3-200x323.jpg 200w, https:\/\/www.idermic.es\/wp-content\/uploads\/2025\/05\/Marcacion-mandibular-con-acido-hialuronico-3.jpg 367w\" sizes=\"(max-width: 800px) 100vw, 186px\" \/><\/span><\/div><div class=\"fusion-text fusion-text-5\"><p>Marcaci\u00f3n del \u00e1ngulo mandibular con \u00e1cido hialur\u00f3nico. Foto 2<\/p>\n<\/div><div class=\"fusion-clearfix\"><\/div><\/div><\/div><div class=\"fusion-layout-column fusion_builder_column fusion-builder-column-7 fusion_builder_column_1_3 1_3 fusion-one-third fusion-column-last\" style=\"--awb-bg-size:cover;width:33.333333333333%;width:calc(33.333333333333% - ( ( 4% + 4% ) * 0.33333333333333 ) );\"><div class=\"fusion-column-wrapper fusion-flex-column-wrapper-legacy\"><div class=\"fusion-image-element in-legacy-container\" style=\"--awb-caption-title-font-family:var(--h2_typography-font-family);--awb-caption-title-font-weight:var(--h2_typography-font-weight);--awb-caption-title-font-style:var(--h2_typography-font-style);--awb-caption-title-size:var(--h2_typography-font-size);--awb-caption-title-transform:var(--h2_typography-text-transform);--awb-caption-title-line-height:var(--h2_typography-line-height);--awb-caption-title-letter-spacing:var(--h2_typography-letter-spacing);\"><span class=\" fusion-imageframe imageframe-none imageframe-4 hover-type-none\"><img decoding=\"async\" width=\"184\" height=\"300\" title=\"Marcaci\u00f3n mandibular con \u00e1cido hialur\u00f3nico-4\" src=\"https:\/\/www.idermic.es\/wp-content\/uploads\/2025\/05\/Marcacion-mandibular-con-acido-hialuronico-4-184x300.jpg\" alt class=\"img-responsive wp-image-7739\" srcset=\"https:\/\/www.idermic.es\/wp-content\/uploads\/2025\/05\/Marcacion-mandibular-con-acido-hialuronico-4-200x326.jpg 200w, https:\/\/www.idermic.es\/wp-content\/uploads\/2025\/05\/Marcacion-mandibular-con-acido-hialuronico-4.jpg 363w\" sizes=\"(max-width: 800px) 100vw, 184px\" \/><\/span><\/div><div class=\"fusion-text fusion-text-6\"><p>Marcaci\u00f3n del \u00e1ngulo mandibular con \u00e1cido hialur\u00f3nico. Foto 3<\/p>\n<\/div><div class=\"fusion-clearfix\"><\/div><\/div><\/div><\/div><\/div><div class=\"fusion-fullwidth fullwidth-box fusion-builder-row-6 nonhundred-percent-fullwidth non-hundred-percent-height-scrolling\" style=\"--awb-border-radius-top-left:0px;--awb-border-radius-top-right:0px;--awb-border-radius-bottom-right:0px;--awb-border-radius-bottom-left:0px;--awb-flex-wrap:wrap;\" ><div class=\"fusion-builder-row fusion-row\"><div class=\"fusion-layout-column fusion_builder_column fusion-builder-column-8 fusion_builder_column_1_1 1_1 fusion-one-full fusion-column-first fusion-column-last\" style=\"--awb-bg-size:cover;\"><div class=\"fusion-column-wrapper fusion-flex-column-wrapper-legacy\"><div class=\"fusion-sep-clear\"><\/div><div class=\"fusion-separator fusion-full-width-sep\" style=\"margin-left: auto;margin-right: auto;width:100%;\"><div class=\"fusion-separator-border sep-double\" style=\"--awb-height:20px;--awb-amount:20px;border-color:#e0dede;border-top-width:1px;border-bottom-width:1px;\"><\/div><\/div><div class=\"fusion-sep-clear\"><\/div><div class=\"fusion-clearfix\"><\/div><\/div><\/div><\/div><\/div><div class=\"fusion-fullwidth fullwidth-box fusion-builder-row-7 nonhundred-percent-fullwidth non-hundred-percent-height-scrolling\" style=\"--awb-border-radius-top-left:0px;--awb-border-radius-top-right:0px;--awb-border-radius-bottom-right:0px;--awb-border-radius-bottom-left:0px;--awb-flex-wrap:wrap;\" ><div class=\"fusion-builder-row fusion-row\"><div class=\"fusion-layout-column fusion_builder_column fusion-builder-column-9 fusion_builder_column_1_1 1_1 fusion-one-full fusion-column-first fusion-column-last\" style=\"--awb-bg-size:cover;\"><div class=\"fusion-column-wrapper fusion-flex-column-wrapper-legacy\"><div class=\"fusion-video fusion-youtube\" style=\"--awb-max-width:600px;--awb-max-height:360px;\"><div class=\"video-shortcode\"><div class=\"fluid-width-video-wrapper\" style=\"padding-top:60%;\" ><iframe title=\"YouTube video player 1\" src=\"https:\/\/www.youtube.com\/embed\/spg17EH_D_k?wmode=transparent&autoplay=0\" width=\"600\" height=\"360\" allowfullscreen allow=\"autoplay; clipboard-write; encrypted-media; gyroscope; picture-in-picture;\"><\/iframe><\/div><\/div><\/div><div class=\"fusion-clearfix\"><\/div><\/div><\/div><\/div><\/div><div class=\"fusion-fullwidth fullwidth-box fusion-builder-row-8 nonhundred-percent-fullwidth non-hundred-percent-height-scrolling\" style=\"--awb-border-radius-top-left:0px;--awb-border-radius-top-right:0px;--awb-border-radius-bottom-right:0px;--awb-border-radius-bottom-left:0px;--awb-flex-wrap:wrap;\" ><div class=\"fusion-builder-row fusion-row\"><div class=\"fusion-layout-column fusion_builder_column fusion-builder-column-10 fusion_builder_column_1_1 1_1 fusion-one-full fusion-column-first fusion-column-last\" style=\"--awb-bg-size:cover;\"><div class=\"fusion-column-wrapper fusion-flex-column-wrapper-legacy\"><div class=\"fusion-sep-clear\"><\/div><div class=\"fusion-separator fusion-full-width-sep\" style=\"margin-left: auto;margin-right: auto;width:100%;\"><div class=\"fusion-separator-border sep-double\" style=\"--awb-height:20px;--awb-amount:20px;border-color:#e0dede;border-top-width:1px;border-bottom-width:1px;\"><\/div><\/div><div class=\"fusion-sep-clear\"><\/div><div class=\"fusion-clearfix\"><\/div><\/div><\/div><\/div><\/div><div class=\"fusion-fullwidth fullwidth-box fusion-builder-row-9 nonhundred-percent-fullwidth non-hundred-percent-height-scrolling\" style=\"--awb-border-radius-top-left:0px;--awb-border-radius-top-right:0px;--awb-border-radius-bottom-right:0px;--awb-border-radius-bottom-left:0px;--awb-flex-wrap:wrap;\" ><div class=\"fusion-builder-row fusion-row\"><div class=\"fusion-layout-column fusion_builder_column fusion-builder-column-11 fusion_builder_column_1_1 1_1 fusion-one-full fusion-column-first fusion-column-last\" style=\"--awb-bg-size:cover;\"><div class=\"fusion-column-wrapper fusion-flex-column-wrapper-legacy\"><div class=\"fusion-text fusion-text-7\"><h2 class=\"\" data-start=\"4167\" data-end=\"4240\">Beneficios est\u00e9ticos y funcionales de definir el \u00e1ngulo mandibular<\/h2>\n<p class=\"\" data-start=\"4242\" data-end=\"4430\">Una mand\u00edbula bien definida no solo tiene un impacto est\u00e9tico relevante, sino que tambi\u00e9n contribuye a mejorar la armon\u00eda del conjunto facial. Entre los beneficios m\u00e1s relevantes destacan:<\/p>\n<p><strong>Mejora del perfil facial lateral y frontal: <\/strong>Una mand\u00edbula definida realza tanto la vista lateral como la frontal del rostro, generando un contorno m\u00e1s n\u00edtido entre el rostro y el cuello. Esto es especialmente \u00fatil en personas con facciones redondeadas, donde suele faltar contraste estructural. Asimismo, contribuye a recuperar la definici\u00f3n facial que puede perderse con la edad, aportando una apariencia m\u00e1s firme y rejuvenecida. La mejora del perfil impacta directamente en la percepci\u00f3n est\u00e9tica global del rostro.<\/p>\n<p><strong>Equilibrio visual entre las proporciones del rostro: <\/strong>El contorno mandibular influye en la percepci\u00f3n de simetr\u00eda y proporci\u00f3n entre el tercio inferior, medio y superior del rostro. Un \u00e1ngulo mandibular bien marcado permite establecer una relaci\u00f3n visual arm\u00f3nica entre mand\u00edbula, ment\u00f3n y cuello. Esto da como resultado un rostro equilibrado, donde ning\u00fan elemento facial domina de forma desproporcionada. Es un aspecto clave en la llamada \u00abarmonizaci\u00f3n facial\u00bb.<\/p>\n<p><strong>Atenuaci\u00f3n de signos de flacidez o papada leve: <\/strong>El volumen estructural que aporta el tratamiento con \u00e1cido hialur\u00f3nico tiene un efecto tensor en la zona mandibular. Esto puede disimular la presencia de papada incipiente y mejorar la firmeza de los tejidos circundantes. Aunque no sustituye a un lifting quir\u00fargico, s\u00ed es eficaz en casos leves o moderados, proporcionando un efecto visual de mayor tonicidad sin recurrir a procedimientos invasivos.<\/p>\n<p><strong>Realce del car\u00e1cter y expresi\u00f3n facial: <\/strong>Una mand\u00edbula m\u00e1s angulosa y definida influye en la percepci\u00f3n emocional y social del rostro. En el caso de los hombres, se asocia con rasgos de fuerza, decisi\u00f3n y masculinidad. En las mujeres, puede transmitir elegancia, sofisticaci\u00f3n y firmeza en la expresi\u00f3n. Al redefinir esta \u00e1rea, se mejora no solo la est\u00e9tica, sino tambi\u00e9n la proyecci\u00f3n de la personalidad facial percibida.<\/p>\n<p><strong>Versatilidad del tratamiento:<\/strong> La marcaci\u00f3n mandibular con \u00e1cido hialur\u00f3nico es altamente personalizable y se adapta tanto a objetivos femeninos como masculinos. Mientras que algunos pacientes buscan suavizar contornos o recuperar volumen perdido, otros desean marcar \u00e1ngulos m\u00e1s pronunciados y estructurados. La t\u00e9cnica permite responder a una amplia variedad de necesidades, ajustando el volumen, la forma y la proyecci\u00f3n en funci\u00f3n del rostro y del resultado deseado.<\/p>\n<h2>Aspectos a considerar antes del tratamiento<\/h2>\n<p>Antes de realizarse una marcaci\u00f3n mandibular con \u00e1cido hialur\u00f3nico, es esencial tener en cuenta diversas variables que influyen tanto en la seguridad del procedimiento como en la satisfacci\u00f3n con los resultados.<\/p>\n<p><strong>Valoraci\u00f3n profesional personalizada: <\/strong>Una evaluaci\u00f3n inicial realizada por un especialista es fundamental para garantizar que el tratamiento sea adecuado al tipo de rostro, edad, anatom\u00eda \u00f3sea y condiciones de salud del paciente. Este an\u00e1lisis permite establecer expectativas realistas sobre el resultado y definir la cantidad de producto necesaria, as\u00ed como la t\u00e9cnica de aplicaci\u00f3n m\u00e1s adecuada. La valoraci\u00f3n personalizada es clave para evitar resultados artificiales o desproporcionados.<\/p>\n<p><strong>Contraindicaciones temporales: <\/strong>Existen ciertas condiciones de salud o situaciones puntuales que pueden contraindicar temporalmente la aplicaci\u00f3n del \u00e1cido hialur\u00f3nico. Infecciones cut\u00e1neas activas, brotes de acn\u00e9 inflamatorio, herpes labial o procesos inflamatorios localizados en la mand\u00edbula deben resolverse antes del tratamiento. Asimismo, se desaconseja realizar el procedimiento en mujeres embarazadas o en periodo de lactancia, como medida preventiva.<\/p>\n<p><strong>Elecci\u00f3n del producto: <\/strong>El tipo de \u00e1cido hialur\u00f3nico utilizado influye directamente en la durabilidad, seguridad y aspecto del resultado. Se recomienda el uso de productos aprobados por agencias sanitarias como la EMA (Agencia Europea de Medicamentos) o la FDA (Administraci\u00f3n de Alimentos y Medicamentos de EE. UU.), que cuenten con estudios cl\u00ednicos de respaldo. Adem\u00e1s, la densidad del producto debe ser la adecuada para crear soporte estructural sin migraciones ni irregularidades.<\/p>\n<p><strong>Hidrataci\u00f3n y cuidados previos: <\/strong>Mantener una buena hidrataci\u00f3n corporal los d\u00edas previos al tratamiento mejora la condici\u00f3n de la piel y favorece la integraci\u00f3n del producto. Tambi\u00e9n es recomendable evitar la ingesta de alcohol, antiinflamatorios o anticoagulantes al menos 24 horas antes, ya que pueden aumentar el riesgo de hematomas. Una piel bien cuidada y sin irritaciones permitir\u00e1 una mejor respuesta al procedimiento y reducir\u00e1 los tiempos de recuperaci\u00f3n.<\/p>\n<p><strong>Efectos secundarios y cuidados posteriores: <\/strong>Tras la marcaci\u00f3n mandibular con \u00e1cido hialur\u00f3nico, es habitual que aparezcan efectos secundarios leves y transitorios, que forman parte del proceso natural de adaptaci\u00f3n del organismo al producto inyectado.<\/p>\n<h2>Reacciones esperadas tras el procedimiento<\/h2>\n<p>Entre las reacciones m\u00e1s comunes se encuentran una ligera inflamaci\u00f3n en la zona tratada, enrojecimiento, sensaci\u00f3n de presi\u00f3n y la aparici\u00f3n de hematomas peque\u00f1os o zonas de sensibilidad. Estos efectos suelen durar entre 48 y 72 horas, y no afectan el resultado final. En casos muy raros, pueden presentarse n\u00f3dulos o asimetr\u00edas que normalmente se resuelven con masajes m\u00e9dicos o ajustes posteriores.<\/p>\n<p><strong>Evitar la exposici\u00f3n solar directa durante las primeras 24-48 horas<\/strong><\/p>\n<p>Tras el tratamiento, la piel puede estar m\u00e1s sensible y susceptible a la pigmentaci\u00f3n o irritaci\u00f3n por radiaci\u00f3n solar. Se recomienda evitar la exposici\u00f3n directa al sol y a fuentes de calor intenso como saunas o ba\u00f1os calientes. En caso de necesitar salir al exterior, es aconsejable aplicar protector solar de amplio espectro para prevenir manchas o inflamaciones.<\/p>\n<p><strong>No masajear la zona tratada<\/strong><\/p>\n<p>Durante las primeras 48 horas posteriores, es fundamental evitar tocar o masajear la mand\u00edbula, ya que esto podr\u00eda desplazar el \u00e1cido hialur\u00f3nico y alterar la forma lograda con el tratamiento. La manipulaci\u00f3n inadecuada del \u00e1rea puede provocar asimetr\u00edas o comprometer la fijaci\u00f3n del producto, afectando negativamente la evoluci\u00f3n del resultado.<\/p>\n<p><strong>Evitar ejercicio f\u00edsico intenso el mismo d\u00eda del procedimiento<\/strong><\/p>\n<p>La actividad f\u00edsica vigorosa puede aumentar la circulaci\u00f3n sangu\u00ednea y la presi\u00f3n en el rostro, elevando el riesgo de inflamaci\u00f3n, hematomas o desplazamiento del relleno. Por ello, se recomienda posponer el ejercicio hasta al menos 24 horas despu\u00e9s de la sesi\u00f3n para permitir que el producto se estabilice correctamente en los tejidos.<\/p>\n<p><strong>Mantener una correcta hidrataci\u00f3n y alimentaci\u00f3n<\/strong><\/p>\n<p>Beber suficiente agua favorece la integraci\u00f3n del \u00e1cido hialur\u00f3nico, ya que esta mol\u00e9cula act\u00faa como un captador de agua en los tejidos. Una alimentaci\u00f3n equilibrada, rica en antioxidantes y baja en sodio, tambi\u00e9n ayuda a reducir la inflamaci\u00f3n y mejorar la calidad de la piel en la fase postratamiento. Cuidar estos aspectos contribuye a prolongar los efectos est\u00e9ticos logrados.<\/p>\n<h2 class=\"\" data-start=\"6278\" data-end=\"6344\">\u00bfQu\u00e9 diferencia este tratamiento de una cirug\u00eda mandibular?<\/h2>\n<p class=\"\" data-start=\"6346\" data-end=\"6593\">A diferencia de las intervenciones quir\u00fargicas de mentoplastia o cirug\u00eda maxilofacial, la marcaci\u00f3n mandibular con \u00e1cido hialur\u00f3nico es una t\u00e9cnica no invasiva, sin necesidad de incisiones, anestesia general ni tiempos prolongados de recuperaci\u00f3n.<\/p>\n<p class=\"\" data-start=\"6595\" data-end=\"6872\">Mientras que la cirug\u00eda ofrece resultados permanentes, el tratamiento con \u00e1cido hialur\u00f3nico permite realizar correcciones graduales, evaluar su impacto visual antes de consolidar cambios definitivos, y mantener una est\u00e9tica natural que respeta la identidad facial del paciente.<\/p>\n<p class=\"\" data-start=\"6898\" data-end=\"7262\">La marcaci\u00f3n mandibular con \u00e1cido hialur\u00f3nico se ha consolidado como una alternativa moderna, segura y eficaz para quienes desean mejorar el contorno inferior del rostro. Gracias a su efecto inmediato, reversibilidad y capacidad de personalizaci\u00f3n, este tratamiento se posiciona como uno de los pilares de la armonizaci\u00f3n facial en medicina est\u00e9tica contempor\u00e1nea.<\/p>\n<p class=\"\" data-start=\"7264\" data-end=\"7484\">Su enfoque m\u00ednimamente invasivo, adaptabilidad a distintos tipos de rostro y bajo riesgo lo convierten en una soluci\u00f3n cada vez m\u00e1s valorada por personas que buscan una mejora sutil, pero significativa, en su apariencia.<\/p>\n<p>Para cualquier consulta sobre la marcaci\u00f3n mandibular con \u00e1cido hialur\u00f3nico, en Idermic, tu <strong><a href=\"http:\/\/idermic.es\/\">dermat\u00f3logo en Terrassa<\/a><\/strong> estaremos encantados de atenderte.<\/p>\n<\/div><div class=\"fusion-clearfix\"><\/div><\/div><\/div><\/div><\/div><div class=\"fusion-fullwidth fullwidth-box fusion-builder-row-10 nonhundred-percent-fullwidth non-hundred-percent-height-scrolling\" style=\"--awb-border-radius-top-left:0px;--awb-border-radius-top-right:0px;--awb-border-radius-bottom-right:0px;--awb-border-radius-bottom-left:0px;--awb-flex-wrap:wrap;\" ><div class=\"fusion-builder-row fusion-row\"><div class=\"fusion-layout-column fusion_builder_column fusion-builder-column-12 fusion_builder_column_1_1 1_1 fusion-one-full fusion-column-first fusion-column-last\" style=\"--awb-bg-size:cover;\"><div class=\"fusion-column-wrapper fusion-flex-column-wrapper-legacy\"><blockquote class=\"instagram-media\" data-instgrm-captioned data-instgrm-permalink=\"https:\/\/www.instagram.com\/reel\/CdtBYPus_t3\/?utm_source=ig_embed&utm_campaign=loading\" data-instgrm-version=\"14\" style=\" background:#FFF; border:0; border-radius:3px; box-shadow:0 0 1px 0 rgba(0,0,0,0.5),0 1px 10px 0 rgba(0,0,0,0.15); margin: 1px; max-width:540px; min-width:326px; padding:0; width:99.375%; width:-webkit-calc(100% - 2px); width:calc(100% - 2px);\"><div style=\"padding:16px;\"> <a href=\"https:\/\/www.instagram.com\/reel\/CdtBYPus_t3\/?utm_source=ig_embed&utm_campaign=loading\" style=\" background:#FFFFFF; line-height:0; padding:0 0; text-align:center; text-decoration:none; width:100%;\" target=\"_blank\"> <div style=\" display: flex; flex-direction: row; align-items: center;\"> <div style=\"background-color: #F4F4F4; border-radius: 50%; flex-grow: 0; height: 40px; margin-right: 14px; width: 40px;\"><\/div> <div style=\"display: flex; flex-direction: column; flex-grow: 1; justify-content: center;\"> <div style=\" background-color: #F4F4F4; border-radius: 4px; flex-grow: 0; height: 14px; margin-bottom: 6px; width: 100px;\"><\/div> <div style=\" background-color: #F4F4F4; border-radius: 4px; flex-grow: 0; height: 14px; width: 60px;\"><\/div><\/div><\/div><div style=\"padding: 19% 0;\"><\/div> <div style=\"display:block; height:50px; margin:0 auto 12px; width:50px;\"><svg width=\"50px\" height=\"50px\" viewBox=\"0 0 60 60\" version=\"1.1\" xmlns=\"https:\/\/www.w3.org\/2000\/svg\" xmlns:xlink=\"https:\/\/www.w3.org\/1999\/xlink\"><g stroke=\"none\" stroke-width=\"1\" fill=\"none\" fill-rule=\"evenodd\"><g transform=\"translate(-511.000000, -20.000000)\" fill=\"#000000\"><g><path d=\"M556.869,30.41 C554.814,30.41 553.148,32.076 553.148,34.131 C553.148,36.186 554.814,37.852 556.869,37.852 C558.924,37.852 560.59,36.186 560.59,34.131 C560.59,32.076 558.924,30.41 556.869,30.41 M541,60.657 C535.114,60.657 530.342,55.887 530.342,50 C530.342,44.114 535.114,39.342 541,39.342 C546.887,39.342 551.658,44.114 551.658,50 C551.658,55.887 546.887,60.657 541,60.657 M541,33.886 C532.1,33.886 524.886,41.1 524.886,50 C524.886,58.899 532.1,66.113 541,66.113 C549.9,66.113 557.115,58.899 557.115,50 C557.115,41.1 549.9,33.886 541,33.886 M565.378,62.101 C565.244,65.022 564.756,66.606 564.346,67.663 C563.803,69.06 563.154,70.057 562.106,71.106 C561.058,72.155 560.06,72.803 558.662,73.347 C557.607,73.757 556.021,74.244 553.102,74.378 C549.944,74.521 548.997,74.552 541,74.552 C533.003,74.552 532.056,74.521 528.898,74.378 C525.979,74.244 524.393,73.757 523.338,73.347 C521.94,72.803 520.942,72.155 519.894,71.106 C518.846,70.057 518.197,69.06 517.654,67.663 C517.244,66.606 516.755,65.022 516.623,62.101 C516.479,58.943 516.448,57.996 516.448,50 C516.448,42.003 516.479,41.056 516.623,37.899 C516.755,34.978 517.244,33.391 517.654,32.338 C518.197,30.938 518.846,29.942 519.894,28.894 C520.942,27.846 521.94,27.196 523.338,26.654 C524.393,26.244 525.979,25.756 528.898,25.623 C532.057,25.479 533.004,25.448 541,25.448 C548.997,25.448 549.943,25.479 553.102,25.623 C556.021,25.756 557.607,26.244 558.662,26.654 C560.06,27.196 561.058,27.846 562.106,28.894 C563.154,29.942 563.803,30.938 564.346,32.338 C564.756,33.391 565.244,34.978 565.378,37.899 C565.522,41.056 565.552,42.003 565.552,50 C565.552,57.996 565.522,58.943 565.378,62.101 M570.82,37.631 C570.674,34.438 570.167,32.258 569.425,30.349 C568.659,28.377 567.633,26.702 565.965,25.035 C564.297,23.368 562.623,22.342 560.652,21.575 C558.743,20.834 556.562,20.326 553.369,20.18 C550.169,20.033 549.148,20 541,20 C532.853,20 531.831,20.033 528.631,20.18 C525.438,20.326 523.257,20.834 521.349,21.575 C519.376,22.342 517.703,23.368 516.035,25.035 C514.368,26.702 513.342,28.377 512.574,30.349 C511.834,32.258 511.326,34.438 511.181,37.631 C511.035,40.831 511,41.851 511,50 C511,58.147 511.035,59.17 511.181,62.369 C511.326,65.562 511.834,67.743 512.574,69.651 C513.342,71.625 514.368,73.296 516.035,74.965 C517.703,76.634 519.376,77.658 521.349,78.425 C523.257,79.167 525.438,79.673 528.631,79.82 C531.831,79.965 532.853,80.001 541,80.001 C549.148,80.001 550.169,79.965 553.369,79.82 C556.562,79.673 558.743,79.167 560.652,78.425 C562.623,77.658 564.297,76.634 565.965,74.965 C567.633,73.296 568.659,71.625 569.425,69.651 C570.167,67.743 570.674,65.562 570.82,62.369 C570.966,59.17 571,58.147 571,50 C571,41.851 570.966,40.831 570.82,37.631\"><\/path><\/g><\/g><\/g><\/svg><\/div><div style=\"padding-top: 8px;\"> <div style=\" color:#3897f0; font-family:Arial,sans-serif; font-size:14px; font-style:normal; font-weight:550; line-height:18px;\">Ver esta publicaci\u00f3n en Instagram<\/div><\/div><div style=\"padding: 12.5% 0;\"><\/div> <div style=\"display: flex; flex-direction: row; margin-bottom: 14px; align-items: center;\"><div> <div style=\"background-color: #F4F4F4; border-radius: 50%; height: 12.5px; width: 12.5px; transform: translateX(0px) translateY(7px);\"><\/div> <div style=\"background-color: #F4F4F4; height: 12.5px; transform: rotate(-45deg) translateX(3px) translateY(1px); width: 12.5px; flex-grow: 0; margin-right: 14px; margin-left: 2px;\"><\/div> <div style=\"background-color: #F4F4F4; border-radius: 50%; height: 12.5px; width: 12.5px; transform: translateX(9px) translateY(-18px);\"><\/div><\/div><div style=\"margin-left: 8px;\"> <div style=\" background-color: #F4F4F4; border-radius: 50%; flex-grow: 0; height: 20px; width: 20px;\"><\/div> <div style=\" width: 0; height: 0; border-top: 2px solid transparent; border-left: 6px solid #f4f4f4; border-bottom: 2px solid transparent; transform: translateX(16px) translateY(-4px) rotate(30deg)\"><\/div><\/div><div style=\"margin-left: auto;\"> <div style=\" width: 0px; border-top: 8px solid #F4F4F4; border-right: 8px solid transparent; transform: translateY(16px);\"><\/div> <div style=\" background-color: #F4F4F4; flex-grow: 0; height: 12px; width: 16px; transform: translateY(-4px);\"><\/div> <div style=\" width: 0; height: 0; border-top: 8px solid #F4F4F4; border-left: 8px solid transparent; transform: translateY(-4px) translateX(8px);\"><\/div><\/div><\/div> <div style=\"display: flex; flex-direction: column; flex-grow: 1; justify-content: center; margin-bottom: 24px;\"> <div style=\" background-color: #F4F4F4; border-radius: 4px; flex-grow: 0; height: 14px; margin-bottom: 6px; width: 224px;\"><\/div> <div style=\" background-color: #F4F4F4; border-radius: 4px; flex-grow: 0; height: 14px; width: 144px;\"><\/div><\/div><\/a><p style=\" color:#c9c8cd; font-family:Arial,sans-serif; font-size:14px; line-height:17px; margin-bottom:0; margin-top:8px; overflow:hidden; padding:8px 0 7px; text-align:center; text-overflow:ellipsis; white-space:nowrap;\"><a href=\"https:\/\/www.instagram.com\/reel\/CdtBYPus_t3\/?utm_source=ig_embed&utm_campaign=loading\" style=\" color:#c9c8cd; font-family:Arial,sans-serif; font-size:14px; font-style:normal; font-weight:normal; line-height:17px; text-decoration:none;\" target=\"_blank\">Una publicaci\u00f3n compartida de Marta Vilavella - Dermat\u00f3loga (@dra.martavilavella_derma)<\/a><\/p><\/div><\/blockquote>\n<script async src=\"\/\/www.instagram.com\/embed.js\"><\/script><div class=\"fusion-clearfix\"><\/div><\/div><\/div><\/div><\/div><\/p>\n","protected":false},"excerpt":{"rendered":"<p>Marcaci\u00f3n mandibular con \u00e1cido hialur\u00f3nico: tratamiento est\u00e9tico para definir el rostro con resultados naturales, seguros y sin cirug\u00eda invasiva<\/p>\n","protected":false},"author":3,"featured_media":7747,"comment_status":"open","ping_status":"closed","sticky":false,"template":"","format":"standard","meta":{"_joinchat":[],"footnotes":""},"categories":[56],"tags":[],"class_list":["post-7733","post","type-post","status-publish","format-standard","has-post-thumbnail","hentry","category-tratamientos-de-cirugia-estetica"],"yoast_head":"<!-- This site is optimized with the Yoast SEO plugin v28.4 - https:\/\/yoast.com\/product\/yoast-seo-wordpress\/ -->\n<title>Marcaci\u00f3n del \u00e1ngulo mandibular con \u00e1cido hialur\u00f3nico -<\/title>\n<meta name=\"description\" content=\"Marcaci\u00f3n mandibular con \u00e1cido hialur\u00f3nico: tratamiento est\u00e9tico para definir el rostro con resultados naturales, seguros y sin cirug\u00eda invasiva\" \/>\n<meta name=\"robots\" content=\"index, follow, max-snippet:-1, max-image-preview:large, max-video-preview:-1\" \/>\n<link rel=\"canonical\" href=\"https:\/\/www.idermic.es\/es\/marcacion-del-angulo-mandibular-con-acido-hialuronico\/\" \/>\n<meta property=\"og:locale\" content=\"es_ES\" \/>\n<meta property=\"og:type\" content=\"article\" \/>\n<meta property=\"og:title\" content=\"Marcaci\u00f3n del \u00e1ngulo mandibular con \u00e1cido hialur\u00f3nico -\" \/>\n<meta property=\"og:description\" content=\"Marcaci\u00f3n mandibular con \u00e1cido hialur\u00f3nico: tratamiento est\u00e9tico para definir el rostro con resultados naturales, seguros y sin cirug\u00eda invasiva\" \/>\n<meta property=\"og:url\" content=\"https:\/\/www.idermic.es\/es\/marcacion-del-angulo-mandibular-con-acido-hialuronico\/\" \/>\n<meta property=\"og:site_name\" content=\"Idermic. Dermatolog\u00eda en Terrassa\" \/>\n<meta property=\"article:publisher\" content=\"https:\/\/www.facebook.com\/Idermic\" \/>\n<meta property=\"article:published_time\" content=\"2025-05-20T11:26:40+00:00\" \/>\n<meta property=\"article:modified_time\" content=\"2025-05-20T11:36:33+00:00\" \/>\n<meta property=\"og:image\" content=\"https:\/\/www.idermic.es\/wp-content\/uploads\/2025\/05\/Marcacion-mandibular-con-acido-hialuronico-6.jpg\" \/>\n\t<meta property=\"og:image:width\" content=\"367\" \/>\n\t<meta property=\"og:image:height\" content=\"586\" \/>\n\t<meta property=\"og:image:type\" content=\"image\/jpeg\" \/>\n<meta name=\"author\" content=\"Equipo\" \/>\n<meta name=\"twitter:card\" content=\"summary_large_image\" \/>\n<meta name=\"twitter:creator\" content=\"@idermic\" \/>\n<meta name=\"twitter:site\" content=\"@idermic\" \/>\n<meta name=\"twitter:label1\" content=\"Escrito por\" \/>\n\t<meta name=\"twitter:data1\" content=\"Equipo\" \/>\n\t<meta name=\"twitter:label2\" content=\"Tiempo de lectura\" \/>\n\t<meta name=\"twitter:data2\" content=\"18 minutos\" \/>\n<script type=\"application\/ld+json\" class=\"yoast-schema-graph\">{\"@context\":\"https:\\\/\\\/schema.org\",\"@graph\":[{\"@type\":\"Article\",\"@id\":\"https:\\\/\\\/www.idermic.es\\\/es\\\/marcacion-del-angulo-mandibular-con-acido-hialuronico\\\/#article\",\"isPartOf\":{\"@id\":\"https:\\\/\\\/www.idermic.es\\\/es\\\/marcacion-del-angulo-mandibular-con-acido-hialuronico\\\/\"},\"author\":{\"name\":\"Equipo\",\"@id\":\"https:\\\/\\\/www.idermic.es\\\/#\\\/schema\\\/person\\\/c12703027a878b23d3c71c87921a82f8\"},\"headline\":\"Marcaci\u00f3n del \u00e1ngulo mandibular con \u00e1cido hialur\u00f3nico\",\"datePublished\":\"2025-05-20T11:26:40+00:00\",\"dateModified\":\"2025-05-20T11:36:33+00:00\",\"mainEntityOfPage\":{\"@id\":\"https:\\\/\\\/www.idermic.es\\\/es\\\/marcacion-del-angulo-mandibular-con-acido-hialuronico\\\/\"},\"wordCount\":6218,\"commentCount\":0,\"publisher\":{\"@id\":\"https:\\\/\\\/www.idermic.es\\\/#organization\"},\"image\":{\"@id\":\"https:\\\/\\\/www.idermic.es\\\/es\\\/marcacion-del-angulo-mandibular-con-acido-hialuronico\\\/#primaryimage\"},\"thumbnailUrl\":\"https:\\\/\\\/www.idermic.es\\\/wp-content\\\/uploads\\\/2025\\\/05\\\/Marcacion-mandibular-con-acido-hialuronico-6.jpg\",\"articleSection\":[\"Tratamientos de Cirug\u00eda Est\u00e9tica\"],\"inLanguage\":\"es\",\"potentialAction\":[{\"@type\":\"CommentAction\",\"name\":\"Comment\",\"target\":[\"https:\\\/\\\/www.idermic.es\\\/es\\\/marcacion-del-angulo-mandibular-con-acido-hialuronico\\\/#respond\"]}]},{\"@type\":\"WebPage\",\"@id\":\"https:\\\/\\\/www.idermic.es\\\/es\\\/marcacion-del-angulo-mandibular-con-acido-hialuronico\\\/\",\"url\":\"https:\\\/\\\/www.idermic.es\\\/es\\\/marcacion-del-angulo-mandibular-con-acido-hialuronico\\\/\",\"name\":\"Marcaci\u00f3n del \u00e1ngulo mandibular con \u00e1cido hialur\u00f3nico -\",\"isPartOf\":{\"@id\":\"https:\\\/\\\/www.idermic.es\\\/#website\"},\"primaryImageOfPage\":{\"@id\":\"https:\\\/\\\/www.idermic.es\\\/es\\\/marcacion-del-angulo-mandibular-con-acido-hialuronico\\\/#primaryimage\"},\"image\":{\"@id\":\"https:\\\/\\\/www.idermic.es\\\/es\\\/marcacion-del-angulo-mandibular-con-acido-hialuronico\\\/#primaryimage\"},\"thumbnailUrl\":\"https:\\\/\\\/www.idermic.es\\\/wp-content\\\/uploads\\\/2025\\\/05\\\/Marcacion-mandibular-con-acido-hialuronico-6.jpg\",\"datePublished\":\"2025-05-20T11:26:40+00:00\",\"dateModified\":\"2025-05-20T11:36:33+00:00\",\"description\":\"Marcaci\u00f3n mandibular con \u00e1cido hialur\u00f3nico: tratamiento est\u00e9tico para definir el rostro con resultados naturales, seguros y sin cirug\u00eda invasiva\",\"breadcrumb\":{\"@id\":\"https:\\\/\\\/www.idermic.es\\\/es\\\/marcacion-del-angulo-mandibular-con-acido-hialuronico\\\/#breadcrumb\"},\"inLanguage\":\"es\",\"potentialAction\":[{\"@type\":\"ReadAction\",\"target\":[\"https:\\\/\\\/www.idermic.es\\\/es\\\/marcacion-del-angulo-mandibular-con-acido-hialuronico\\\/\"]}]},{\"@type\":\"ImageObject\",\"inLanguage\":\"es\",\"@id\":\"https:\\\/\\\/www.idermic.es\\\/es\\\/marcacion-del-angulo-mandibular-con-acido-hialuronico\\\/#primaryimage\",\"url\":\"https:\\\/\\\/www.idermic.es\\\/wp-content\\\/uploads\\\/2025\\\/05\\\/Marcacion-mandibular-con-acido-hialuronico-6.jpg\",\"contentUrl\":\"https:\\\/\\\/www.idermic.es\\\/wp-content\\\/uploads\\\/2025\\\/05\\\/Marcacion-mandibular-con-acido-hialuronico-6.jpg\",\"width\":367,\"height\":586,\"caption\":\"Marcaci\u00f3n mandibular con \u00e1cido hialur\u00f3nico\"},{\"@type\":\"BreadcrumbList\",\"@id\":\"https:\\\/\\\/www.idermic.es\\\/es\\\/marcacion-del-angulo-mandibular-con-acido-hialuronico\\\/#breadcrumb\",\"itemListElement\":[{\"@type\":\"ListItem\",\"position\":1,\"name\":\"Inici\",\"item\":\"https:\\\/\\\/www.idermic.es\\\/es\\\/\"},{\"@type\":\"ListItem\",\"position\":2,\"name\":\"Marcaci\u00f3n del \u00e1ngulo mandibular con \u00e1cido hialur\u00f3nico\"}]},{\"@type\":\"WebSite\",\"@id\":\"https:\\\/\\\/www.idermic.es\\\/#website\",\"url\":\"https:\\\/\\\/www.idermic.es\\\/\",\"name\":\"Idermic. Dermatolog\u00eda en Terrassa\",\"description\":\"Dermatolog\u00eda, Medicina est\u00e9tica, Cirurg\u00eda Pl\u00e0stica\",\"publisher\":{\"@id\":\"https:\\\/\\\/www.idermic.es\\\/#organization\"},\"potentialAction\":[{\"@type\":\"SearchAction\",\"target\":{\"@type\":\"EntryPoint\",\"urlTemplate\":\"https:\\\/\\\/www.idermic.es\\\/?s={search_term_string}\"},\"query-input\":{\"@type\":\"PropertyValueSpecification\",\"valueRequired\":true,\"valueName\":\"search_term_string\"}}],\"inLanguage\":\"es\"},{\"@type\":\"Organization\",\"@id\":\"https:\\\/\\\/www.idermic.es\\\/#organization\",\"name\":\"Idermic. Dermatolog\u00eda en Terrassa\",\"url\":\"https:\\\/\\\/www.idermic.es\\\/\",\"logo\":{\"@type\":\"ImageObject\",\"inLanguage\":\"es\",\"@id\":\"https:\\\/\\\/www.idermic.es\\\/#\\\/schema\\\/logo\\\/image\\\/\",\"url\":\"https:\\\/\\\/www.idermic.es\\\/wp-content\\\/uploads\\\/2025\\\/10\\\/Logo-Idermic.jpg\",\"contentUrl\":\"https:\\\/\\\/www.idermic.es\\\/wp-content\\\/uploads\\\/2025\\\/10\\\/Logo-Idermic.jpg\",\"width\":501,\"height\":502,\"caption\":\"Idermic. Dermatolog\u00eda en Terrassa\"},\"image\":{\"@id\":\"https:\\\/\\\/www.idermic.es\\\/#\\\/schema\\\/logo\\\/image\\\/\"},\"sameAs\":[\"https:\\\/\\\/www.facebook.com\\\/Idermic\",\"https:\\\/\\\/x.com\\\/idermic\",\"https:\\\/\\\/www.instagram.com\\\/idermicclinic\\\/\",\"https:\\\/\\\/www.youtube.com\\\/channel\\\/UCyAHC9-p8lc6hr_nguO8p_g\"]},{\"@type\":\"Person\",\"@id\":\"https:\\\/\\\/www.idermic.es\\\/#\\\/schema\\\/person\\\/c12703027a878b23d3c71c87921a82f8\",\"name\":\"Equipo\",\"image\":{\"@type\":\"ImageObject\",\"inLanguage\":\"es\",\"@id\":\"https:\\\/\\\/secure.gravatar.com\\\/avatar\\\/7ca0be23248108c6b0887e0693b7dcf7764bd3503f84d1f04e6653ef7c3b9420?s=96&d=mm&r=g\",\"url\":\"https:\\\/\\\/secure.gravatar.com\\\/avatar\\\/7ca0be23248108c6b0887e0693b7dcf7764bd3503f84d1f04e6653ef7c3b9420?s=96&d=mm&r=g\",\"contentUrl\":\"https:\\\/\\\/secure.gravatar.com\\\/avatar\\\/7ca0be23248108c6b0887e0693b7dcf7764bd3503f84d1f04e6653ef7c3b9420?s=96&d=mm&r=g\",\"caption\":\"Equipo\"},\"description\":\"Equipo de Idermic\"}]}<\/script>\n<!-- \/ Yoast SEO plugin. -->","yoast_head_json":{"title":"Marcaci\u00f3n del \u00e1ngulo mandibular con \u00e1cido hialur\u00f3nico -","description":"Marcaci\u00f3n mandibular con \u00e1cido hialur\u00f3nico: tratamiento est\u00e9tico para definir el rostro con resultados naturales, seguros y sin cirug\u00eda invasiva","robots":{"index":"index","follow":"follow","max-snippet":"max-snippet:-1","max-image-preview":"max-image-preview:large","max-video-preview":"max-video-preview:-1"},"canonical":"https:\/\/www.idermic.es\/es\/marcacion-del-angulo-mandibular-con-acido-hialuronico\/","og_locale":"es_ES","og_type":"article","og_title":"Marcaci\u00f3n del \u00e1ngulo mandibular con \u00e1cido hialur\u00f3nico -","og_description":"Marcaci\u00f3n mandibular con \u00e1cido hialur\u00f3nico: tratamiento est\u00e9tico para definir el rostro con resultados naturales, seguros y sin cirug\u00eda invasiva","og_url":"https:\/\/www.idermic.es\/es\/marcacion-del-angulo-mandibular-con-acido-hialuronico\/","og_site_name":"Idermic. Dermatolog\u00eda en Terrassa","article_publisher":"https:\/\/www.facebook.com\/Idermic","article_published_time":"2025-05-20T11:26:40+00:00","article_modified_time":"2025-05-20T11:36:33+00:00","og_image":[{"width":367,"height":586,"url":"https:\/\/www.idermic.es\/wp-content\/uploads\/2025\/05\/Marcacion-mandibular-con-acido-hialuronico-6.jpg","type":"image\/jpeg"}],"author":"Equipo","twitter_card":"summary_large_image","twitter_creator":"@idermic","twitter_site":"@idermic","twitter_misc":{"Escrito por":"Equipo","Tiempo de lectura":"18 minutos"},"schema":{"@context":"https:\/\/schema.org","@graph":[{"@type":"Article","@id":"https:\/\/www.idermic.es\/es\/marcacion-del-angulo-mandibular-con-acido-hialuronico\/#article","isPartOf":{"@id":"https:\/\/www.idermic.es\/es\/marcacion-del-angulo-mandibular-con-acido-hialuronico\/"},"author":{"name":"Equipo","@id":"https:\/\/www.idermic.es\/#\/schema\/person\/c12703027a878b23d3c71c87921a82f8"},"headline":"Marcaci\u00f3n del \u00e1ngulo mandibular con \u00e1cido hialur\u00f3nico","datePublished":"2025-05-20T11:26:40+00:00","dateModified":"2025-05-20T11:36:33+00:00","mainEntityOfPage":{"@id":"https:\/\/www.idermic.es\/es\/marcacion-del-angulo-mandibular-con-acido-hialuronico\/"},"wordCount":6218,"commentCount":0,"publisher":{"@id":"https:\/\/www.idermic.es\/#organization"},"image":{"@id":"https:\/\/www.idermic.es\/es\/marcacion-del-angulo-mandibular-con-acido-hialuronico\/#primaryimage"},"thumbnailUrl":"https:\/\/www.idermic.es\/wp-content\/uploads\/2025\/05\/Marcacion-mandibular-con-acido-hialuronico-6.jpg","articleSection":["Tratamientos de Cirug\u00eda Est\u00e9tica"],"inLanguage":"es","potentialAction":[{"@type":"CommentAction","name":"Comment","target":["https:\/\/www.idermic.es\/es\/marcacion-del-angulo-mandibular-con-acido-hialuronico\/#respond"]}]},{"@type":"WebPage","@id":"https:\/\/www.idermic.es\/es\/marcacion-del-angulo-mandibular-con-acido-hialuronico\/","url":"https:\/\/www.idermic.es\/es\/marcacion-del-angulo-mandibular-con-acido-hialuronico\/","name":"Marcaci\u00f3n del \u00e1ngulo mandibular con \u00e1cido hialur\u00f3nico -","isPartOf":{"@id":"https:\/\/www.idermic.es\/#website"},"primaryImageOfPage":{"@id":"https:\/\/www.idermic.es\/es\/marcacion-del-angulo-mandibular-con-acido-hialuronico\/#primaryimage"},"image":{"@id":"https:\/\/www.idermic.es\/es\/marcacion-del-angulo-mandibular-con-acido-hialuronico\/#primaryimage"},"thumbnailUrl":"https:\/\/www.idermic.es\/wp-content\/uploads\/2025\/05\/Marcacion-mandibular-con-acido-hialuronico-6.jpg","datePublished":"2025-05-20T11:26:40+00:00","dateModified":"2025-05-20T11:36:33+00:00","description":"Marcaci\u00f3n mandibular con \u00e1cido hialur\u00f3nico: tratamiento est\u00e9tico para definir el rostro con resultados naturales, seguros y sin cirug\u00eda invasiva","breadcrumb":{"@id":"https:\/\/www.idermic.es\/es\/marcacion-del-angulo-mandibular-con-acido-hialuronico\/#breadcrumb"},"inLanguage":"es","potentialAction":[{"@type":"ReadAction","target":["https:\/\/www.idermic.es\/es\/marcacion-del-angulo-mandibular-con-acido-hialuronico\/"]}]},{"@type":"ImageObject","inLanguage":"es","@id":"https:\/\/www.idermic.es\/es\/marcacion-del-angulo-mandibular-con-acido-hialuronico\/#primaryimage","url":"https:\/\/www.idermic.es\/wp-content\/uploads\/2025\/05\/Marcacion-mandibular-con-acido-hialuronico-6.jpg","contentUrl":"https:\/\/www.idermic.es\/wp-content\/uploads\/2025\/05\/Marcacion-mandibular-con-acido-hialuronico-6.jpg","width":367,"height":586,"caption":"Marcaci\u00f3n mandibular con \u00e1cido hialur\u00f3nico"},{"@type":"BreadcrumbList","@id":"https:\/\/www.idermic.es\/es\/marcacion-del-angulo-mandibular-con-acido-hialuronico\/#breadcrumb","itemListElement":[{"@type":"ListItem","position":1,"name":"Inici","item":"https:\/\/www.idermic.es\/es\/"},{"@type":"ListItem","position":2,"name":"Marcaci\u00f3n del \u00e1ngulo mandibular con \u00e1cido hialur\u00f3nico"}]},{"@type":"WebSite","@id":"https:\/\/www.idermic.es\/#website","url":"https:\/\/www.idermic.es\/","name":"Idermic. Dermatolog\u00eda en Terrassa","description":"Dermatolog\u00eda, Medicina est\u00e9tica, Cirurg\u00eda Pl\u00e0stica","publisher":{"@id":"https:\/\/www.idermic.es\/#organization"},"potentialAction":[{"@type":"SearchAction","target":{"@type":"EntryPoint","urlTemplate":"https:\/\/www.idermic.es\/?s={search_term_string}"},"query-input":{"@type":"PropertyValueSpecification","valueRequired":true,"valueName":"search_term_string"}}],"inLanguage":"es"},{"@type":"Organization","@id":"https:\/\/www.idermic.es\/#organization","name":"Idermic. Dermatolog\u00eda en Terrassa","url":"https:\/\/www.idermic.es\/","logo":{"@type":"ImageObject","inLanguage":"es","@id":"https:\/\/www.idermic.es\/#\/schema\/logo\/image\/","url":"https:\/\/www.idermic.es\/wp-content\/uploads\/2025\/10\/Logo-Idermic.jpg","contentUrl":"https:\/\/www.idermic.es\/wp-content\/uploads\/2025\/10\/Logo-Idermic.jpg","width":501,"height":502,"caption":"Idermic. Dermatolog\u00eda en Terrassa"},"image":{"@id":"https:\/\/www.idermic.es\/#\/schema\/logo\/image\/"},"sameAs":["https:\/\/www.facebook.com\/Idermic","https:\/\/x.com\/idermic","https:\/\/www.instagram.com\/idermicclinic\/","https:\/\/www.youtube.com\/channel\/UCyAHC9-p8lc6hr_nguO8p_g"]},{"@type":"Person","@id":"https:\/\/www.idermic.es\/#\/schema\/person\/c12703027a878b23d3c71c87921a82f8","name":"Equipo","image":{"@type":"ImageObject","inLanguage":"es","@id":"https:\/\/secure.gravatar.com\/avatar\/7ca0be23248108c6b0887e0693b7dcf7764bd3503f84d1f04e6653ef7c3b9420?s=96&d=mm&r=g","url":"https:\/\/secure.gravatar.com\/avatar\/7ca0be23248108c6b0887e0693b7dcf7764bd3503f84d1f04e6653ef7c3b9420?s=96&d=mm&r=g","contentUrl":"https:\/\/secure.gravatar.com\/avatar\/7ca0be23248108c6b0887e0693b7dcf7764bd3503f84d1f04e6653ef7c3b9420?s=96&d=mm&r=g","caption":"Equipo"},"description":"Equipo de Idermic"}]}},"_links":{"self":[{"href":"https:\/\/www.idermic.es\/es\/wp-json\/wp\/v2\/posts\/7733","targetHints":{"allow":["GET"]}}],"collection":[{"href":"https:\/\/www.idermic.es\/es\/wp-json\/wp\/v2\/posts"}],"about":[{"href":"https:\/\/www.idermic.es\/es\/wp-json\/wp\/v2\/types\/post"}],"author":[{"embeddable":true,"href":"https:\/\/www.idermic.es\/es\/wp-json\/wp\/v2\/users\/3"}],"replies":[{"embeddable":true,"href":"https:\/\/www.idermic.es\/es\/wp-json\/wp\/v2\/comments?post=7733"}],"version-history":[{"count":12,"href":"https:\/\/www.idermic.es\/es\/wp-json\/wp\/v2\/posts\/7733\/revisions"}],"predecessor-version":[{"id":7757,"href":"https:\/\/www.idermic.es\/es\/wp-json\/wp\/v2\/posts\/7733\/revisions\/7757"}],"wp:featuredmedia":[{"embeddable":true,"href":"https:\/\/www.idermic.es\/es\/wp-json\/wp\/v2\/media\/7747"}],"wp:attachment":[{"href":"https:\/\/www.idermic.es\/es\/wp-json\/wp\/v2\/media?parent=7733"}],"wp:term":[{"taxonomy":"category","embeddable":true,"href":"https:\/\/www.idermic.es\/es\/wp-json\/wp\/v2\/categories?post=7733"},{"taxonomy":"post_tag","embeddable":true,"href":"https:\/\/www.idermic.es\/es\/wp-json\/wp\/v2\/tags?post=7733"}],"curies":[{"name":"wp","href":"https:\/\/api.w.org\/{rel}","templated":true}]}}