{"id":7719,"date":"2025-05-14T08:26:19","date_gmt":"2025-05-14T08:26:19","guid":{"rendered":"https:\/\/www.idermic.es\/?p=7719"},"modified":"2025-05-14T08:55:41","modified_gmt":"2025-05-14T08:55:41","slug":"thiamidol-el-activo-despigmentante-recomendado-por-la-dra-marta-vilavella","status":"publish","type":"post","link":"https:\/\/www.idermic.es\/es\/thiamidol-el-activo-despigmentante-recomendado-por-la-dra-marta-vilavella\/","title":{"rendered":"Thiamidol: el activo despigmentante recomendado por la Dra. Marta Vilavella"},"content":{"rendered":"<p><div class=\"fusion-fullwidth fullwidth-box fusion-builder-row-1 nonhundred-percent-fullwidth non-hundred-percent-height-scrolling\" style=\"--awb-border-radius-top-left:0px;--awb-border-radius-top-right:0px;--awb-border-radius-bottom-right:0px;--awb-border-radius-bottom-left:0px;--awb-flex-wrap:wrap;\" ><div class=\"fusion-builder-row fusion-row\"><div class=\"fusion-layout-column fusion_builder_column fusion-builder-column-0 fusion_builder_column_1_1 1_1 fusion-one-full fusion-column-first fusion-column-last\" style=\"--awb-bg-size:cover;\"><div class=\"fusion-column-wrapper fusion-flex-column-wrapper-legacy\"><div class=\"fusion-text fusion-text-1\"><h1 style=\"text-align: center;\">Thiamidol: el activo despigmentante recomendado por la Dra. Marta Vilavella<\/h1>\n<\/div><div class=\"fusion-clearfix\"><\/div><\/div><\/div><\/div><\/div><div class=\"fusion-fullwidth fullwidth-box fusion-builder-row-2 nonhundred-percent-fullwidth non-hundred-percent-height-scrolling\" style=\"--awb-border-radius-top-left:0px;--awb-border-radius-top-right:0px;--awb-border-radius-bottom-right:0px;--awb-border-radius-bottom-left:0px;--awb-flex-wrap:wrap;\" ><div class=\"fusion-builder-row fusion-row\"><div class=\"fusion-layout-column fusion_builder_column fusion-builder-column-1 fusion_builder_column_2_3 2_3 fusion-two-third fusion-column-first\" style=\"--awb-bg-size:cover;width:66.666666666667%;width:calc(66.666666666667% - ( ( 4% ) * 0.66666666666667 ) );margin-right: 4%;\"><div class=\"fusion-column-wrapper fusion-flex-column-wrapper-legacy\"><div class=\"fusion-text fusion-text-2\"><p>La <a href=\"https:\/\/www.idermic.es\/es\/marta-vilavella-rius\/\"><strong>Dra. Marta Vilavella<\/strong><\/a> contin\u00faa compartiendo su experiencia con activos dermatol\u00f3gicos de vanguardia, destacando aquellos que ofrecen resultados cl\u00ednicamente probados en el tratamiento de afecciones cut\u00e1neas comunes como la hiperpigmentaci\u00f3n.<\/p>\n<p>En esta ocasi\u00f3n, pone el foco en el Thiamidol, un ingrediente que ha demostrado una alta eficacia en la correcci\u00f3n de manchas y que ya se ha convertido en un aliado habitual en sus protocolos de despigmentaci\u00f3n.<\/p>\n<p>En este art\u00edculo conoceremos las caracter\u00edsticas de este ingrediente patentado por Eucerin y presentado por la Dra. Marta Vilavella de la <a href=\"https:\/\/www.idermic.es\/\"><strong>Cl\u00ednica Idermic<\/strong><\/a>.<\/p>\n<\/div><div class=\"fusion-clearfix\"><\/div><\/div><\/div><div class=\"fusion-layout-column fusion_builder_column fusion-builder-column-2 fusion_builder_column_1_3 1_3 fusion-one-third fusion-column-last\" style=\"--awb-bg-size:cover;width:33.333333333333%;width:calc(33.333333333333% - ( ( 4% ) * 0.33333333333333 ) );\"><div class=\"fusion-column-wrapper fusion-flex-column-wrapper-legacy\"><div class=\"fusion-image-element in-legacy-container\" style=\"--awb-caption-title-font-family:var(--h2_typography-font-family);--awb-caption-title-font-weight:var(--h2_typography-font-weight);--awb-caption-title-font-style:var(--h2_typography-font-style);--awb-caption-title-size:var(--h2_typography-font-size);--awb-caption-title-transform:var(--h2_typography-text-transform);--awb-caption-title-line-height:var(--h2_typography-line-height);--awb-caption-title-letter-spacing:var(--h2_typography-letter-spacing);\"><span class=\" fusion-imageframe imageframe-none imageframe-1 hover-type-none\"><img decoding=\"async\" width=\"281\" height=\"300\" alt=\"Thiamidol: el activo despigmentante recomendado por la Dra. Marta Vilavella\" title=\"Thiamidol\" src=\"https:\/\/www.idermic.es\/wp-content\/uploads\/2025\/05\/Thiamidol-2-281x300.jpg\" class=\"img-responsive wp-image-7721\" srcset=\"https:\/\/www.idermic.es\/wp-content\/uploads\/2025\/05\/Thiamidol-2-200x214.jpg 200w, https:\/\/www.idermic.es\/wp-content\/uploads\/2025\/05\/Thiamidol-2.jpg 367w\" sizes=\"(max-width: 800px) 100vw, 281px\" \/><\/span><\/div><div class=\"fusion-clearfix\"><\/div><\/div><\/div><\/div><\/div><div class=\"fusion-fullwidth fullwidth-box fusion-builder-row-3 nonhundred-percent-fullwidth non-hundred-percent-height-scrolling\" style=\"--awb-border-radius-top-left:0px;--awb-border-radius-top-right:0px;--awb-border-radius-bottom-right:0px;--awb-border-radius-bottom-left:0px;--awb-flex-wrap:wrap;\" ><div class=\"fusion-builder-row fusion-row\"><div class=\"fusion-layout-column fusion_builder_column fusion-builder-column-3 fusion_builder_column_1_1 1_1 fusion-one-full fusion-column-first fusion-column-last\" style=\"--awb-bg-size:cover;\"><div class=\"fusion-column-wrapper fusion-flex-column-wrapper-legacy\"><div class=\"fusion-sep-clear\"><\/div><div class=\"fusion-separator fusion-full-width-sep\" style=\"margin-left: auto;margin-right: auto;width:100%;\"><div class=\"fusion-separator-border sep-double\" style=\"--awb-height:20px;--awb-amount:20px;border-color:#e0dede;border-top-width:1px;border-bottom-width:1px;\"><\/div><\/div><div class=\"fusion-sep-clear\"><\/div><div class=\"fusion-clearfix\"><\/div><\/div><\/div><\/div><\/div><div class=\"fusion-fullwidth fullwidth-box fusion-builder-row-4 nonhundred-percent-fullwidth non-hundred-percent-height-scrolling\" style=\"--awb-border-radius-top-left:0px;--awb-border-radius-top-right:0px;--awb-border-radius-bottom-right:0px;--awb-border-radius-bottom-left:0px;--awb-flex-wrap:wrap;\" ><div class=\"fusion-builder-row fusion-row\"><div class=\"fusion-layout-column fusion_builder_column fusion-builder-column-4 fusion_builder_column_1_1 1_1 fusion-one-full fusion-column-first fusion-column-last\" style=\"--awb-bg-size:cover;\"><div class=\"fusion-column-wrapper fusion-flex-column-wrapper-legacy\"><div class=\"fusion-text fusion-text-3\"><h2>Thiamidol: un activo innovador y eficaz para tratar y prevenir la hiperpigmentaci\u00f3n<\/h2>\n<p>El Thiamidol es un ingrediente despigmentante patentado por <a href=\"https:\/\/www.eucerin.es\/\"><strong>Eucerin<\/strong><\/a>, desarrollado tras un exhaustivo proceso de investigaci\u00f3n en el que se analizaron m\u00e1s de 50.000 compuestos. Es el \u00fanico inhibidor de la enzima tirosinasa que ha sido desarrollado espec\u00edficamente a partir de la tirosinasa humana, lo que le otorga una eficacia superior frente a otras alternativas de origen vegetal. Su acci\u00f3n act\u00faa directamente sobre el origen de la hiperpigmentaci\u00f3n, ayudando tanto a reducir las manchas existentes como a prevenir su reaparici\u00f3n.<\/p>\n<p>Este activo est\u00e1 presente en toda la l\u00ednea Anti-Pigment de Eucerin, una gama que desde la consulta de la Dra. Marta Vilavella se suele recomendar como complemento ideal a tratamientos cl\u00ednicos como el l\u00e1ser, la luz pulsada intensa (IPL) o el <a href=\"https:\/\/www.idermic.es\/es\/microneedling\/\"><strong>microneedling<\/strong><\/a> con \u00e1cido tranex\u00e1mico.<\/p>\n<p>Adem\u00e1s de su eficacia, el Thiamidol destaca por su alta tolerancia cut\u00e1nea, lo que lo hace apto para todo tipo de pieles. Puede aplicarse tanto por la ma\u00f1ana como por la noche, incluso en \u00e9pocas de mayor exposici\u00f3n solar. Su textura ligera y de r\u00e1pida absorci\u00f3n lo convierte en una opci\u00f3n c\u00f3moda y efectiva dentro de cualquier rutina de cuidado facial.<\/p>\n<\/div><div class=\"fusion-clearfix\"><\/div><\/div><\/div><\/div><\/div><div class=\"fusion-fullwidth fullwidth-box fusion-builder-row-5 nonhundred-percent-fullwidth non-hundred-percent-height-scrolling\" style=\"--awb-border-radius-top-left:0px;--awb-border-radius-top-right:0px;--awb-border-radius-bottom-right:0px;--awb-border-radius-bottom-left:0px;--awb-flex-wrap:wrap;\" ><div class=\"fusion-builder-row fusion-row\"><div class=\"fusion-layout-column fusion_builder_column fusion-builder-column-5 fusion_builder_column_1_1 1_1 fusion-one-full fusion-column-first fusion-column-last\" style=\"--awb-bg-size:cover;\"><div class=\"fusion-column-wrapper fusion-flex-column-wrapper-legacy\"><iframe width=\"315\" height=\"560\" src=\"https:\/\/www.youtube.com\/embed\/S2Pp3uHJ5Cc\" title=\"La Dra. Vilavella nos habla del Thiamidol\" frameborder=\"0\" allow=\"accelerometer; autoplay; clipboard-write; encrypted-media; gyroscope; picture-in-picture; web-share\" referrerpolicy=\"strict-origin-when-cross-origin\" allowfullscreen><\/iframe><div class=\"fusion-clearfix\"><\/div><\/div><\/div><\/div><\/div><\/p>\n","protected":false},"excerpt":{"rendered":"<p>La Dra. Vilavella nos explica la eficacia del Thiamidol en el tratamiento y prevenci\u00f3n de manchas complementando el tratamiento con l\u00e1ser.<\/p>\n","protected":false},"author":3,"featured_media":7729,"comment_status":"open","ping_status":"closed","sticky":false,"template":"","format":"standard","meta":{"_joinchat":[],"footnotes":""},"categories":[60],"tags":[],"class_list":["post-7719","post","type-post","status-publish","format-standard","has-post-thumbnail","hentry","category-dermatologia-estetica-es"],"yoast_head":"<!-- This site is optimized with the Yoast SEO plugin v28.4 - https:\/\/yoast.com\/product\/yoast-seo-wordpress\/ -->\n<title>Thiamidol: el activo despigmentante recomendado por la Dra. Marta Vilavella -<\/title>\n<meta name=\"description\" content=\"La Dra. Vilavella nos explica la eficacia del Thiamidol en el tratamiento y prevenci\u00f3n de manchas complementando el tratamiento con l\u00e1ser.\" \/>\n<meta name=\"robots\" content=\"index, follow, max-snippet:-1, max-image-preview:large, max-video-preview:-1\" \/>\n<link rel=\"canonical\" href=\"https:\/\/www.idermic.es\/es\/thiamidol-el-activo-despigmentante-recomendado-por-la-dra-marta-vilavella\/\" \/>\n<meta property=\"og:locale\" content=\"es_ES\" \/>\n<meta property=\"og:type\" content=\"article\" \/>\n<meta property=\"og:title\" content=\"Thiamidol: el activo despigmentante recomendado por la Dra. Marta Vilavella -\" \/>\n<meta property=\"og:description\" content=\"La Dra. Vilavella nos explica la eficacia del Thiamidol en el tratamiento y prevenci\u00f3n de manchas complementando el tratamiento con l\u00e1ser.\" \/>\n<meta property=\"og:url\" content=\"https:\/\/www.idermic.es\/es\/thiamidol-el-activo-despigmentante-recomendado-por-la-dra-marta-vilavella\/\" \/>\n<meta property=\"og:site_name\" content=\"Idermic. Dermatolog\u00eda en Terrassa\" \/>\n<meta property=\"article:publisher\" content=\"https:\/\/www.facebook.com\/Idermic\" \/>\n<meta property=\"article:published_time\" content=\"2025-05-14T08:26:19+00:00\" \/>\n<meta property=\"article:modified_time\" content=\"2025-05-14T08:55:41+00:00\" \/>\n<meta property=\"og:image\" content=\"https:\/\/www.idermic.es\/wp-content\/uploads\/2025\/05\/Thiamidol-4.jpg\" \/>\n\t<meta property=\"og:image:width\" content=\"652\" \/>\n\t<meta property=\"og:image:height\" content=\"652\" \/>\n\t<meta property=\"og:image:type\" content=\"image\/jpeg\" \/>\n<meta name=\"author\" content=\"Equipo\" \/>\n<meta name=\"twitter:card\" content=\"summary_large_image\" \/>\n<meta name=\"twitter:creator\" content=\"@idermic\" \/>\n<meta name=\"twitter:site\" content=\"@idermic\" \/>\n<meta name=\"twitter:label1\" content=\"Escrito por\" \/>\n\t<meta name=\"twitter:data1\" content=\"Equipo\" \/>\n\t<meta name=\"twitter:label2\" content=\"Tiempo de lectura\" \/>\n\t<meta name=\"twitter:data2\" content=\"5 minutos\" \/>\n<script type=\"application\/ld+json\" class=\"yoast-schema-graph\">{\"@context\":\"https:\\\/\\\/schema.org\",\"@graph\":[{\"@type\":\"Article\",\"@id\":\"https:\\\/\\\/www.idermic.es\\\/es\\\/thiamidol-el-activo-despigmentante-recomendado-por-la-dra-marta-vilavella\\\/#article\",\"isPartOf\":{\"@id\":\"https:\\\/\\\/www.idermic.es\\\/es\\\/thiamidol-el-activo-despigmentante-recomendado-por-la-dra-marta-vilavella\\\/\"},\"author\":{\"name\":\"Equipo\",\"@id\":\"https:\\\/\\\/www.idermic.es\\\/#\\\/schema\\\/person\\\/c12703027a878b23d3c71c87921a82f8\"},\"headline\":\"Thiamidol: el activo despigmentante recomendado por la Dra. Marta Vilavella\",\"datePublished\":\"2025-05-14T08:26:19+00:00\",\"dateModified\":\"2025-05-14T08:55:41+00:00\",\"mainEntityOfPage\":{\"@id\":\"https:\\\/\\\/www.idermic.es\\\/es\\\/thiamidol-el-activo-despigmentante-recomendado-por-la-dra-marta-vilavella\\\/\"},\"wordCount\":1586,\"commentCount\":0,\"publisher\":{\"@id\":\"https:\\\/\\\/www.idermic.es\\\/#organization\"},\"image\":{\"@id\":\"https:\\\/\\\/www.idermic.es\\\/es\\\/thiamidol-el-activo-despigmentante-recomendado-por-la-dra-marta-vilavella\\\/#primaryimage\"},\"thumbnailUrl\":\"https:\\\/\\\/www.idermic.es\\\/wp-content\\\/uploads\\\/2025\\\/05\\\/Thiamidol-4.jpg\",\"articleSection\":[\"Dermatologia est\u00e8tica\"],\"inLanguage\":\"es\",\"potentialAction\":[{\"@type\":\"CommentAction\",\"name\":\"Comment\",\"target\":[\"https:\\\/\\\/www.idermic.es\\\/es\\\/thiamidol-el-activo-despigmentante-recomendado-por-la-dra-marta-vilavella\\\/#respond\"]}]},{\"@type\":\"WebPage\",\"@id\":\"https:\\\/\\\/www.idermic.es\\\/es\\\/thiamidol-el-activo-despigmentante-recomendado-por-la-dra-marta-vilavella\\\/\",\"url\":\"https:\\\/\\\/www.idermic.es\\\/es\\\/thiamidol-el-activo-despigmentante-recomendado-por-la-dra-marta-vilavella\\\/\",\"name\":\"Thiamidol: el activo despigmentante recomendado por la Dra. Marta Vilavella -\",\"isPartOf\":{\"@id\":\"https:\\\/\\\/www.idermic.es\\\/#website\"},\"primaryImageOfPage\":{\"@id\":\"https:\\\/\\\/www.idermic.es\\\/es\\\/thiamidol-el-activo-despigmentante-recomendado-por-la-dra-marta-vilavella\\\/#primaryimage\"},\"image\":{\"@id\":\"https:\\\/\\\/www.idermic.es\\\/es\\\/thiamidol-el-activo-despigmentante-recomendado-por-la-dra-marta-vilavella\\\/#primaryimage\"},\"thumbnailUrl\":\"https:\\\/\\\/www.idermic.es\\\/wp-content\\\/uploads\\\/2025\\\/05\\\/Thiamidol-4.jpg\",\"datePublished\":\"2025-05-14T08:26:19+00:00\",\"dateModified\":\"2025-05-14T08:55:41+00:00\",\"description\":\"La Dra. Vilavella nos explica la eficacia del Thiamidol en el tratamiento y prevenci\u00f3n de manchas complementando el tratamiento con l\u00e1ser.\",\"breadcrumb\":{\"@id\":\"https:\\\/\\\/www.idermic.es\\\/es\\\/thiamidol-el-activo-despigmentante-recomendado-por-la-dra-marta-vilavella\\\/#breadcrumb\"},\"inLanguage\":\"es\",\"potentialAction\":[{\"@type\":\"ReadAction\",\"target\":[\"https:\\\/\\\/www.idermic.es\\\/es\\\/thiamidol-el-activo-despigmentante-recomendado-por-la-dra-marta-vilavella\\\/\"]}]},{\"@type\":\"ImageObject\",\"inLanguage\":\"es\",\"@id\":\"https:\\\/\\\/www.idermic.es\\\/es\\\/thiamidol-el-activo-despigmentante-recomendado-por-la-dra-marta-vilavella\\\/#primaryimage\",\"url\":\"https:\\\/\\\/www.idermic.es\\\/wp-content\\\/uploads\\\/2025\\\/05\\\/Thiamidol-4.jpg\",\"contentUrl\":\"https:\\\/\\\/www.idermic.es\\\/wp-content\\\/uploads\\\/2025\\\/05\\\/Thiamidol-4.jpg\",\"width\":652,\"height\":652,\"caption\":\"El thiamidol es un ingrediente patentado por Eucerin.\"},{\"@type\":\"BreadcrumbList\",\"@id\":\"https:\\\/\\\/www.idermic.es\\\/es\\\/thiamidol-el-activo-despigmentante-recomendado-por-la-dra-marta-vilavella\\\/#breadcrumb\",\"itemListElement\":[{\"@type\":\"ListItem\",\"position\":1,\"name\":\"Inici\",\"item\":\"https:\\\/\\\/www.idermic.es\\\/es\\\/\"},{\"@type\":\"ListItem\",\"position\":2,\"name\":\"Thiamidol: el activo despigmentante recomendado por la Dra. Marta Vilavella\"}]},{\"@type\":\"WebSite\",\"@id\":\"https:\\\/\\\/www.idermic.es\\\/#website\",\"url\":\"https:\\\/\\\/www.idermic.es\\\/\",\"name\":\"Idermic. Dermatolog\u00eda en Terrassa\",\"description\":\"Dermatolog\u00eda, Medicina est\u00e9tica, Cirurg\u00eda Pl\u00e0stica\",\"publisher\":{\"@id\":\"https:\\\/\\\/www.idermic.es\\\/#organization\"},\"potentialAction\":[{\"@type\":\"SearchAction\",\"target\":{\"@type\":\"EntryPoint\",\"urlTemplate\":\"https:\\\/\\\/www.idermic.es\\\/?s={search_term_string}\"},\"query-input\":{\"@type\":\"PropertyValueSpecification\",\"valueRequired\":true,\"valueName\":\"search_term_string\"}}],\"inLanguage\":\"es\"},{\"@type\":\"Organization\",\"@id\":\"https:\\\/\\\/www.idermic.es\\\/#organization\",\"name\":\"Idermic. Dermatolog\u00eda en Terrassa\",\"url\":\"https:\\\/\\\/www.idermic.es\\\/\",\"logo\":{\"@type\":\"ImageObject\",\"inLanguage\":\"es\",\"@id\":\"https:\\\/\\\/www.idermic.es\\\/#\\\/schema\\\/logo\\\/image\\\/\",\"url\":\"https:\\\/\\\/www.idermic.es\\\/wp-content\\\/uploads\\\/2025\\\/10\\\/Logo-Idermic.jpg\",\"contentUrl\":\"https:\\\/\\\/www.idermic.es\\\/wp-content\\\/uploads\\\/2025\\\/10\\\/Logo-Idermic.jpg\",\"width\":501,\"height\":502,\"caption\":\"Idermic. Dermatolog\u00eda en Terrassa\"},\"image\":{\"@id\":\"https:\\\/\\\/www.idermic.es\\\/#\\\/schema\\\/logo\\\/image\\\/\"},\"sameAs\":[\"https:\\\/\\\/www.facebook.com\\\/Idermic\",\"https:\\\/\\\/x.com\\\/idermic\",\"https:\\\/\\\/www.instagram.com\\\/idermicclinic\\\/\",\"https:\\\/\\\/www.youtube.com\\\/channel\\\/UCyAHC9-p8lc6hr_nguO8p_g\"]},{\"@type\":\"Person\",\"@id\":\"https:\\\/\\\/www.idermic.es\\\/#\\\/schema\\\/person\\\/c12703027a878b23d3c71c87921a82f8\",\"name\":\"Equipo\",\"image\":{\"@type\":\"ImageObject\",\"inLanguage\":\"es\",\"@id\":\"https:\\\/\\\/secure.gravatar.com\\\/avatar\\\/7ca0be23248108c6b0887e0693b7dcf7764bd3503f84d1f04e6653ef7c3b9420?s=96&d=mm&r=g\",\"url\":\"https:\\\/\\\/secure.gravatar.com\\\/avatar\\\/7ca0be23248108c6b0887e0693b7dcf7764bd3503f84d1f04e6653ef7c3b9420?s=96&d=mm&r=g\",\"contentUrl\":\"https:\\\/\\\/secure.gravatar.com\\\/avatar\\\/7ca0be23248108c6b0887e0693b7dcf7764bd3503f84d1f04e6653ef7c3b9420?s=96&d=mm&r=g\",\"caption\":\"Equipo\"},\"description\":\"Equipo de Idermic\"}]}<\/script>\n<!-- \/ Yoast SEO plugin. -->","yoast_head_json":{"title":"Thiamidol: el activo despigmentante recomendado por la Dra. Marta Vilavella -","description":"La Dra. Vilavella nos explica la eficacia del Thiamidol en el tratamiento y prevenci\u00f3n de manchas complementando el tratamiento con l\u00e1ser.","robots":{"index":"index","follow":"follow","max-snippet":"max-snippet:-1","max-image-preview":"max-image-preview:large","max-video-preview":"max-video-preview:-1"},"canonical":"https:\/\/www.idermic.es\/es\/thiamidol-el-activo-despigmentante-recomendado-por-la-dra-marta-vilavella\/","og_locale":"es_ES","og_type":"article","og_title":"Thiamidol: el activo despigmentante recomendado por la Dra. Marta Vilavella -","og_description":"La Dra. Vilavella nos explica la eficacia del Thiamidol en el tratamiento y prevenci\u00f3n de manchas complementando el tratamiento con l\u00e1ser.","og_url":"https:\/\/www.idermic.es\/es\/thiamidol-el-activo-despigmentante-recomendado-por-la-dra-marta-vilavella\/","og_site_name":"Idermic. Dermatolog\u00eda en Terrassa","article_publisher":"https:\/\/www.facebook.com\/Idermic","article_published_time":"2025-05-14T08:26:19+00:00","article_modified_time":"2025-05-14T08:55:41+00:00","og_image":[{"width":652,"height":652,"url":"https:\/\/www.idermic.es\/wp-content\/uploads\/2025\/05\/Thiamidol-4.jpg","type":"image\/jpeg"}],"author":"Equipo","twitter_card":"summary_large_image","twitter_creator":"@idermic","twitter_site":"@idermic","twitter_misc":{"Escrito por":"Equipo","Tiempo de lectura":"5 minutos"},"schema":{"@context":"https:\/\/schema.org","@graph":[{"@type":"Article","@id":"https:\/\/www.idermic.es\/es\/thiamidol-el-activo-despigmentante-recomendado-por-la-dra-marta-vilavella\/#article","isPartOf":{"@id":"https:\/\/www.idermic.es\/es\/thiamidol-el-activo-despigmentante-recomendado-por-la-dra-marta-vilavella\/"},"author":{"name":"Equipo","@id":"https:\/\/www.idermic.es\/#\/schema\/person\/c12703027a878b23d3c71c87921a82f8"},"headline":"Thiamidol: el activo despigmentante recomendado por la Dra. Marta Vilavella","datePublished":"2025-05-14T08:26:19+00:00","dateModified":"2025-05-14T08:55:41+00:00","mainEntityOfPage":{"@id":"https:\/\/www.idermic.es\/es\/thiamidol-el-activo-despigmentante-recomendado-por-la-dra-marta-vilavella\/"},"wordCount":1586,"commentCount":0,"publisher":{"@id":"https:\/\/www.idermic.es\/#organization"},"image":{"@id":"https:\/\/www.idermic.es\/es\/thiamidol-el-activo-despigmentante-recomendado-por-la-dra-marta-vilavella\/#primaryimage"},"thumbnailUrl":"https:\/\/www.idermic.es\/wp-content\/uploads\/2025\/05\/Thiamidol-4.jpg","articleSection":["Dermatologia est\u00e8tica"],"inLanguage":"es","potentialAction":[{"@type":"CommentAction","name":"Comment","target":["https:\/\/www.idermic.es\/es\/thiamidol-el-activo-despigmentante-recomendado-por-la-dra-marta-vilavella\/#respond"]}]},{"@type":"WebPage","@id":"https:\/\/www.idermic.es\/es\/thiamidol-el-activo-despigmentante-recomendado-por-la-dra-marta-vilavella\/","url":"https:\/\/www.idermic.es\/es\/thiamidol-el-activo-despigmentante-recomendado-por-la-dra-marta-vilavella\/","name":"Thiamidol: el activo despigmentante recomendado por la Dra. Marta Vilavella -","isPartOf":{"@id":"https:\/\/www.idermic.es\/#website"},"primaryImageOfPage":{"@id":"https:\/\/www.idermic.es\/es\/thiamidol-el-activo-despigmentante-recomendado-por-la-dra-marta-vilavella\/#primaryimage"},"image":{"@id":"https:\/\/www.idermic.es\/es\/thiamidol-el-activo-despigmentante-recomendado-por-la-dra-marta-vilavella\/#primaryimage"},"thumbnailUrl":"https:\/\/www.idermic.es\/wp-content\/uploads\/2025\/05\/Thiamidol-4.jpg","datePublished":"2025-05-14T08:26:19+00:00","dateModified":"2025-05-14T08:55:41+00:00","description":"La Dra. Vilavella nos explica la eficacia del Thiamidol en el tratamiento y prevenci\u00f3n de manchas complementando el tratamiento con l\u00e1ser.","breadcrumb":{"@id":"https:\/\/www.idermic.es\/es\/thiamidol-el-activo-despigmentante-recomendado-por-la-dra-marta-vilavella\/#breadcrumb"},"inLanguage":"es","potentialAction":[{"@type":"ReadAction","target":["https:\/\/www.idermic.es\/es\/thiamidol-el-activo-despigmentante-recomendado-por-la-dra-marta-vilavella\/"]}]},{"@type":"ImageObject","inLanguage":"es","@id":"https:\/\/www.idermic.es\/es\/thiamidol-el-activo-despigmentante-recomendado-por-la-dra-marta-vilavella\/#primaryimage","url":"https:\/\/www.idermic.es\/wp-content\/uploads\/2025\/05\/Thiamidol-4.jpg","contentUrl":"https:\/\/www.idermic.es\/wp-content\/uploads\/2025\/05\/Thiamidol-4.jpg","width":652,"height":652,"caption":"El thiamidol es un ingrediente patentado por Eucerin."},{"@type":"BreadcrumbList","@id":"https:\/\/www.idermic.es\/es\/thiamidol-el-activo-despigmentante-recomendado-por-la-dra-marta-vilavella\/#breadcrumb","itemListElement":[{"@type":"ListItem","position":1,"name":"Inici","item":"https:\/\/www.idermic.es\/es\/"},{"@type":"ListItem","position":2,"name":"Thiamidol: el activo despigmentante recomendado por la Dra. Marta Vilavella"}]},{"@type":"WebSite","@id":"https:\/\/www.idermic.es\/#website","url":"https:\/\/www.idermic.es\/","name":"Idermic. Dermatolog\u00eda en Terrassa","description":"Dermatolog\u00eda, Medicina est\u00e9tica, Cirurg\u00eda Pl\u00e0stica","publisher":{"@id":"https:\/\/www.idermic.es\/#organization"},"potentialAction":[{"@type":"SearchAction","target":{"@type":"EntryPoint","urlTemplate":"https:\/\/www.idermic.es\/?s={search_term_string}"},"query-input":{"@type":"PropertyValueSpecification","valueRequired":true,"valueName":"search_term_string"}}],"inLanguage":"es"},{"@type":"Organization","@id":"https:\/\/www.idermic.es\/#organization","name":"Idermic. Dermatolog\u00eda en Terrassa","url":"https:\/\/www.idermic.es\/","logo":{"@type":"ImageObject","inLanguage":"es","@id":"https:\/\/www.idermic.es\/#\/schema\/logo\/image\/","url":"https:\/\/www.idermic.es\/wp-content\/uploads\/2025\/10\/Logo-Idermic.jpg","contentUrl":"https:\/\/www.idermic.es\/wp-content\/uploads\/2025\/10\/Logo-Idermic.jpg","width":501,"height":502,"caption":"Idermic. Dermatolog\u00eda en Terrassa"},"image":{"@id":"https:\/\/www.idermic.es\/#\/schema\/logo\/image\/"},"sameAs":["https:\/\/www.facebook.com\/Idermic","https:\/\/x.com\/idermic","https:\/\/www.instagram.com\/idermicclinic\/","https:\/\/www.youtube.com\/channel\/UCyAHC9-p8lc6hr_nguO8p_g"]},{"@type":"Person","@id":"https:\/\/www.idermic.es\/#\/schema\/person\/c12703027a878b23d3c71c87921a82f8","name":"Equipo","image":{"@type":"ImageObject","inLanguage":"es","@id":"https:\/\/secure.gravatar.com\/avatar\/7ca0be23248108c6b0887e0693b7dcf7764bd3503f84d1f04e6653ef7c3b9420?s=96&d=mm&r=g","url":"https:\/\/secure.gravatar.com\/avatar\/7ca0be23248108c6b0887e0693b7dcf7764bd3503f84d1f04e6653ef7c3b9420?s=96&d=mm&r=g","contentUrl":"https:\/\/secure.gravatar.com\/avatar\/7ca0be23248108c6b0887e0693b7dcf7764bd3503f84d1f04e6653ef7c3b9420?s=96&d=mm&r=g","caption":"Equipo"},"description":"Equipo de Idermic"}]}},"_links":{"self":[{"href":"https:\/\/www.idermic.es\/es\/wp-json\/wp\/v2\/posts\/7719","targetHints":{"allow":["GET"]}}],"collection":[{"href":"https:\/\/www.idermic.es\/es\/wp-json\/wp\/v2\/posts"}],"about":[{"href":"https:\/\/www.idermic.es\/es\/wp-json\/wp\/v2\/types\/post"}],"author":[{"embeddable":true,"href":"https:\/\/www.idermic.es\/es\/wp-json\/wp\/v2\/users\/3"}],"replies":[{"embeddable":true,"href":"https:\/\/www.idermic.es\/es\/wp-json\/wp\/v2\/comments?post=7719"}],"version-history":[{"count":7,"href":"https:\/\/www.idermic.es\/es\/wp-json\/wp\/v2\/posts\/7719\/revisions"}],"predecessor-version":[{"id":7731,"href":"https:\/\/www.idermic.es\/es\/wp-json\/wp\/v2\/posts\/7719\/revisions\/7731"}],"wp:featuredmedia":[{"embeddable":true,"href":"https:\/\/www.idermic.es\/es\/wp-json\/wp\/v2\/media\/7729"}],"wp:attachment":[{"href":"https:\/\/www.idermic.es\/es\/wp-json\/wp\/v2\/media?parent=7719"}],"wp:term":[{"taxonomy":"category","embeddable":true,"href":"https:\/\/www.idermic.es\/es\/wp-json\/wp\/v2\/categories?post=7719"},{"taxonomy":"post_tag","embeddable":true,"href":"https:\/\/www.idermic.es\/es\/wp-json\/wp\/v2\/tags?post=7719"}],"curies":[{"name":"wp","href":"https:\/\/api.w.org\/{rel}","templated":true}]}}