{"id":7701,"date":"2025-05-12T08:41:24","date_gmt":"2025-05-12T08:41:24","guid":{"rendered":"https:\/\/www.idermic.es\/?p=7701"},"modified":"2026-05-10T07:19:59","modified_gmt":"2026-05-10T07:19:59","slug":"congreso-nacional-de-dermatologia-de-la-aedv-la-dra-marta-vilavella-participa-como-ponente","status":"publish","type":"post","link":"https:\/\/www.idermic.es\/es\/congreso-nacional-de-dermatologia-de-la-aedv-la-dra-marta-vilavella-participa-como-ponente\/","title":{"rendered":"Congreso Nacional de Dermatolog\u00eda de la AEDV. La Dra. Marta Vilavella participa como ponente"},"content":{"rendered":"<p><div class=\"fusion-fullwidth fullwidth-box fusion-builder-row-1 nonhundred-percent-fullwidth non-hundred-percent-height-scrolling\" style=\"--awb-border-radius-top-left:0px;--awb-border-radius-top-right:0px;--awb-border-radius-bottom-right:0px;--awb-border-radius-bottom-left:0px;--awb-flex-wrap:wrap;\" ><div class=\"fusion-builder-row fusion-row\"><div class=\"fusion-layout-column fusion_builder_column fusion-builder-column-0 fusion_builder_column_1_1 1_1 fusion-one-full fusion-column-first fusion-column-last\" style=\"--awb-bg-size:cover;\"><div class=\"fusion-column-wrapper fusion-flex-column-wrapper-legacy\"><div class=\"fusion-text fusion-text-1\"><h1 style=\"text-align: center;\">Congreso Nacional de Dermatolog\u00eda de la AEDV. La Dra. Marta Vilavella participa como ponente<\/h1>\n<\/div><div class=\"fusion-clearfix\"><\/div><\/div><\/div><\/div><\/div><div class=\"fusion-fullwidth fullwidth-box fusion-builder-row-2 nonhundred-percent-fullwidth non-hundred-percent-height-scrolling\" style=\"--awb-border-radius-top-left:0px;--awb-border-radius-top-right:0px;--awb-border-radius-bottom-right:0px;--awb-border-radius-bottom-left:0px;--awb-flex-wrap:wrap;\" ><div class=\"fusion-builder-row fusion-row\"><div class=\"fusion-layout-column fusion_builder_column fusion-builder-column-1 fusion_builder_column_2_3 2_3 fusion-two-third fusion-column-first\" style=\"--awb-bg-size:cover;width:66.666666666667%;width:calc(66.666666666667% - ( ( 4% ) * 0.66666666666667 ) );margin-right: 4%;\"><div class=\"fusion-column-wrapper fusion-flex-column-wrapper-legacy\"><div class=\"fusion-text fusion-text-2\"><p>La Dra. Marta Vilavella ha participado un a\u00f1o m\u00e1s en el Congreso Nacional de Dermatolog\u00eda de la AEDV, uno de los principales encuentros cient\u00edficos del pa\u00eds en el \u00e1mbito de la dermatolog\u00eda cl\u00ednica y est\u00e9tica.<\/p>\n<p>En esta ocasi\u00f3n la Dra. Vilavella particip\u00f3 con una de las ponencias del Congreso dermatol\u00f3gico sobre t\u00e9cnicas de infiltraci\u00f3n y rejuvenecimiento no invasivo.<\/p>\n<p>Este evento, considerado una cita imprescindible para los profesionales del sector, ha reunido a especialistas de toda Espa\u00f1a para compartir conocimientos, avances y experiencias.<\/p>\n<\/div><div class=\"fusion-clearfix\"><\/div><\/div><\/div><div class=\"fusion-layout-column fusion_builder_column fusion-builder-column-2 fusion_builder_column_1_3 1_3 fusion-one-third fusion-column-last\" style=\"--awb-bg-size:cover;width:33.333333333333%;width:calc(33.333333333333% - ( ( 4% ) * 0.33333333333333 ) );\"><div class=\"fusion-column-wrapper fusion-flex-column-wrapper-legacy\"><div class=\"fusion-image-element in-legacy-container\" style=\"--awb-caption-title-font-family:var(--h2_typography-font-family);--awb-caption-title-font-weight:var(--h2_typography-font-weight);--awb-caption-title-font-style:var(--h2_typography-font-style);--awb-caption-title-size:var(--h2_typography-font-size);--awb-caption-title-transform:var(--h2_typography-text-transform);--awb-caption-title-line-height:var(--h2_typography-line-height);--awb-caption-title-letter-spacing:var(--h2_typography-letter-spacing);\"><span class=\" fusion-imageframe imageframe-none imageframe-1 hover-type-none\"><img decoding=\"async\" width=\"234\" height=\"300\" alt=\"Congreso Nacional de Dermatolog\u00eda de la AEDV. La Dra. Marta Vilavella participa como ponente\" title=\"Congreso Nacional de Dermatolog\u00eda de la AEDV\" src=\"https:\/\/www.idermic.es\/wp-content\/uploads\/2025\/05\/La-Dra-Vilavella-en-el-Congreso-234x300.jpg\" class=\"img-responsive wp-image-7704\" srcset=\"https:\/\/www.idermic.es\/wp-content\/uploads\/2025\/05\/La-Dra-Vilavella-en-el-Congreso-200x257.jpg 200w, https:\/\/www.idermic.es\/wp-content\/uploads\/2025\/05\/La-Dra-Vilavella-en-el-Congreso-400x514.jpg 400w, https:\/\/www.idermic.es\/wp-content\/uploads\/2025\/05\/La-Dra-Vilavella-en-el-Congreso.jpg 592w\" sizes=\"(max-width: 800px) 100vw, 234px\" \/><\/span><\/div><div class=\"fusion-clearfix\"><\/div><\/div><\/div><\/div><\/div><div class=\"fusion-fullwidth fullwidth-box fusion-builder-row-3 nonhundred-percent-fullwidth non-hundred-percent-height-scrolling\" style=\"--awb-border-radius-top-left:0px;--awb-border-radius-top-right:0px;--awb-border-radius-bottom-right:0px;--awb-border-radius-bottom-left:0px;--awb-flex-wrap:wrap;\" ><div class=\"fusion-builder-row fusion-row\"><div class=\"fusion-layout-column fusion_builder_column fusion-builder-column-3 fusion_builder_column_1_1 1_1 fusion-one-full fusion-column-first fusion-column-last\" style=\"--awb-bg-size:cover;\"><div class=\"fusion-column-wrapper fusion-flex-column-wrapper-legacy\"><div class=\"fusion-sep-clear\"><\/div><div class=\"fusion-separator fusion-full-width-sep\" style=\"margin-left: auto;margin-right: auto;width:100%;\"><div class=\"fusion-separator-border sep-double\" style=\"--awb-height:20px;--awb-amount:20px;border-color:#e0dede;border-top-width:1px;border-bottom-width:1px;\"><\/div><\/div><div class=\"fusion-sep-clear\"><\/div><div class=\"fusion-clearfix\"><\/div><\/div><\/div><\/div><\/div><div class=\"fusion-fullwidth fullwidth-box fusion-builder-row-4 nonhundred-percent-fullwidth non-hundred-percent-height-scrolling\" style=\"--awb-border-radius-top-left:0px;--awb-border-radius-top-right:0px;--awb-border-radius-bottom-right:0px;--awb-border-radius-bottom-left:0px;--awb-flex-wrap:wrap;\" ><div class=\"fusion-builder-row fusion-row\"><div class=\"fusion-layout-column fusion_builder_column fusion-builder-column-4 fusion_builder_column_1_1 1_1 fusion-one-full fusion-column-first fusion-column-last\" style=\"--awb-bg-size:cover;\"><div class=\"fusion-column-wrapper fusion-flex-column-wrapper-legacy\"><div class=\"fusion-text fusion-text-3\"><h2 class=\"\" data-start=\"503\" data-end=\"574\">Ponencia sobre t\u00e9cnicas infiltrativas y rejuvenecimiento no invasivo<\/h2>\n<p class=\"\" data-start=\"576\" data-end=\"1004\">En esta edici\u00f3n, la Dra. Vilavella intervino como ponente en el curso sobre T\u00e9cnicas infiltrativas, centrado en el diagn\u00f3stico y tratamiento global del rostro con rellenos d\u00e9rmicos y toxina botul\u00ednica, formando parte de una mesa integrada por expertos de reconocido prestigio. Asimismo, present\u00f3 innovadoras t\u00e9cnicas de rejuvenecimiento no invasivo mediante bioestimuladores, en colaboraci\u00f3n con la firma Aesthetics by Galderma.<\/p>\n<p class=\"\" data-start=\"1006\" data-end=\"1225\">La participaci\u00f3n en este tipo de congresos refleja el compromiso de la Dra. Vilavella con la actualizaci\u00f3n continua y el intercambio de conocimientos, pilares fundamentales para una pr\u00e1ctica dermatol\u00f3gica de excelencia.<\/p>\n<\/div><div class=\"fusion-clearfix\"><\/div><\/div><\/div><\/div><\/div><div class=\"fusion-fullwidth fullwidth-box fusion-builder-row-5 nonhundred-percent-fullwidth non-hundred-percent-height-scrolling\" style=\"--awb-border-radius-top-left:0px;--awb-border-radius-top-right:0px;--awb-border-radius-bottom-right:0px;--awb-border-radius-bottom-left:0px;--awb-flex-wrap:wrap;\" ><div class=\"fusion-builder-row fusion-row\"><div class=\"fusion-layout-column fusion_builder_column fusion-builder-column-5 fusion_builder_column_1_3 1_3 fusion-one-third fusion-column-first\" style=\"--awb-bg-size:cover;width:33.333333333333%;width:calc(33.333333333333% - ( ( 4% + 4% ) * 0.33333333333333 ) );margin-right: 4%;\"><div class=\"fusion-column-wrapper fusion-flex-column-wrapper-legacy\"><div class=\"fusion-image-element in-legacy-container\" style=\"--awb-caption-title-font-family:var(--h2_typography-font-family);--awb-caption-title-font-weight:var(--h2_typography-font-weight);--awb-caption-title-font-style:var(--h2_typography-font-style);--awb-caption-title-size:var(--h2_typography-font-size);--awb-caption-title-transform:var(--h2_typography-text-transform);--awb-caption-title-line-height:var(--h2_typography-line-height);--awb-caption-title-letter-spacing:var(--h2_typography-letter-spacing);\"><span class=\" fusion-imageframe imageframe-none imageframe-2 hover-type-none\"><img decoding=\"async\" width=\"248\" height=\"300\" alt=\"Congreso Nacional de Dermatolog\u00eda de la AEDV. La Dra. Vilavella durante la ponencia\" title=\"Congreso Nacional de Dermatolog\u00eda de la AEDV\" src=\"https:\/\/www.idermic.es\/wp-content\/uploads\/2025\/05\/La-Dra-Vilavella-en-el-Congreso-1-248x300.jpg\" class=\"img-responsive wp-image-7711\" srcset=\"https:\/\/www.idermic.es\/wp-content\/uploads\/2025\/05\/La-Dra-Vilavella-en-el-Congreso-1-200x242.jpg 200w, https:\/\/www.idermic.es\/wp-content\/uploads\/2025\/05\/La-Dra-Vilavella-en-el-Congreso-1-400x484.jpg 400w, https:\/\/www.idermic.es\/wp-content\/uploads\/2025\/05\/La-Dra-Vilavella-en-el-Congreso-1-600x726.jpg 600w, https:\/\/www.idermic.es\/wp-content\/uploads\/2025\/05\/La-Dra-Vilavella-en-el-Congreso-1.jpg 717w\" sizes=\"(max-width: 800px) 100vw, 248px\" \/><\/span><\/div><div class=\"fusion-text fusion-text-4\"><p>Congreso Nacional de Dermatolog\u00eda de la AEDV. La Dra. Vilavella durante la ponencia. Foto 1<\/p>\n<\/div><div class=\"fusion-clearfix\"><\/div><\/div><\/div><div class=\"fusion-layout-column fusion_builder_column fusion-builder-column-6 fusion_builder_column_1_3 1_3 fusion-one-third\" style=\"--awb-bg-size:cover;width:33.333333333333%;width:calc(33.333333333333% - ( ( 4% + 4% ) * 0.33333333333333 ) );margin-right: 4%;\"><div class=\"fusion-column-wrapper fusion-flex-column-wrapper-legacy\"><div class=\"fusion-image-element in-legacy-container\" style=\"--awb-caption-title-font-family:var(--h2_typography-font-family);--awb-caption-title-font-weight:var(--h2_typography-font-weight);--awb-caption-title-font-style:var(--h2_typography-font-style);--awb-caption-title-size:var(--h2_typography-font-size);--awb-caption-title-transform:var(--h2_typography-text-transform);--awb-caption-title-line-height:var(--h2_typography-line-height);--awb-caption-title-letter-spacing:var(--h2_typography-letter-spacing);\"><span class=\" fusion-imageframe imageframe-none imageframe-3 hover-type-none\"><img decoding=\"async\" width=\"240\" height=\"300\" alt=\"Congreso Nacional de Dermatolog\u00eda de la AEDV. La Dra. Vilavella en el stand de Galderma\" title=\"Congreso Nacional de Dermatolog\u00eda de la AEDV\" src=\"https:\/\/www.idermic.es\/wp-content\/uploads\/2025\/05\/La-Dra-Vilavella-en-el-Congreso-2-240x300.jpg\" class=\"img-responsive wp-image-7709\" srcset=\"https:\/\/www.idermic.es\/wp-content\/uploads\/2025\/05\/La-Dra-Vilavella-en-el-Congreso-2-200x250.jpg 200w, https:\/\/www.idermic.es\/wp-content\/uploads\/2025\/05\/La-Dra-Vilavella-en-el-Congreso-2-400x500.jpg 400w, https:\/\/www.idermic.es\/wp-content\/uploads\/2025\/05\/La-Dra-Vilavella-en-el-Congreso-2-600x751.jpg 600w, https:\/\/www.idermic.es\/wp-content\/uploads\/2025\/05\/La-Dra-Vilavella-en-el-Congreso-2.jpg 717w\" sizes=\"(max-width: 800px) 100vw, 240px\" \/><\/span><\/div><div class=\"fusion-text fusion-text-5\"><p>Congreso Nacional de Dermatolog\u00eda de la AEDV. La Dra. Vilavella en el stand de Galderma. Foto 2<\/p>\n<\/div><div class=\"fusion-clearfix\"><\/div><\/div><\/div><div class=\"fusion-layout-column fusion_builder_column fusion-builder-column-7 fusion_builder_column_1_3 1_3 fusion-one-third fusion-column-last\" style=\"--awb-bg-size:cover;width:33.333333333333%;width:calc(33.333333333333% - ( ( 4% + 4% ) * 0.33333333333333 ) );\"><div class=\"fusion-column-wrapper fusion-flex-column-wrapper-legacy\"><div class=\"fusion-image-element in-legacy-container\" style=\"--awb-caption-title-font-family:var(--h2_typography-font-family);--awb-caption-title-font-weight:var(--h2_typography-font-weight);--awb-caption-title-font-style:var(--h2_typography-font-style);--awb-caption-title-size:var(--h2_typography-font-size);--awb-caption-title-transform:var(--h2_typography-text-transform);--awb-caption-title-line-height:var(--h2_typography-line-height);--awb-caption-title-letter-spacing:var(--h2_typography-letter-spacing);\"><span class=\" fusion-imageframe imageframe-none imageframe-4 hover-type-none\"><img decoding=\"async\" width=\"243\" height=\"300\" alt=\"Congreso Nacional de Dermatolog\u00eda de la AEDV. La Dra. Vilavella con otras asistentes al evento.\" title=\"Congreso Nacional de Dermatolog\u00eda de la AEDV\" src=\"https:\/\/www.idermic.es\/wp-content\/uploads\/2025\/05\/La-Dra-Vilavella-en-el-Congreso-3-243x300.jpg\" class=\"img-responsive wp-image-7707\" srcset=\"https:\/\/www.idermic.es\/wp-content\/uploads\/2025\/05\/La-Dra-Vilavella-en-el-Congreso-3-200x247.jpg 200w, https:\/\/www.idermic.es\/wp-content\/uploads\/2025\/05\/La-Dra-Vilavella-en-el-Congreso-3-400x495.jpg 400w, https:\/\/www.idermic.es\/wp-content\/uploads\/2025\/05\/La-Dra-Vilavella-en-el-Congreso-3-600x742.jpg 600w, https:\/\/www.idermic.es\/wp-content\/uploads\/2025\/05\/La-Dra-Vilavella-en-el-Congreso-3.jpg 717w\" sizes=\"(max-width: 800px) 100vw, 243px\" \/><\/span><\/div><div class=\"fusion-text fusion-text-6\"><p>Congreso Nacional de Dermatolog\u00eda de la AEDV. La Dra. Vilavella con otras asistentes al evento. Foto 3<\/p>\n<\/div><div class=\"fusion-clearfix\"><\/div><\/div><\/div><\/div><\/div><div class=\"fusion-fullwidth fullwidth-box fusion-builder-row-6 nonhundred-percent-fullwidth non-hundred-percent-height-scrolling\" style=\"--awb-border-radius-top-left:0px;--awb-border-radius-top-right:0px;--awb-border-radius-bottom-right:0px;--awb-border-radius-bottom-left:0px;--awb-flex-wrap:wrap;\" ><div class=\"fusion-builder-row fusion-row\"><div class=\"fusion-layout-column fusion_builder_column fusion-builder-column-8 fusion_builder_column_1_1 1_1 fusion-one-full fusion-column-first fusion-column-last\" style=\"--awb-bg-size:cover;\"><div class=\"fusion-column-wrapper fusion-flex-column-wrapper-legacy\"><div class=\"fusion-sep-clear\"><\/div><div class=\"fusion-separator fusion-full-width-sep\" style=\"margin-left: auto;margin-right: auto;width:100%;\"><div class=\"fusion-separator-border sep-double\" style=\"--awb-height:20px;--awb-amount:20px;border-color:#e0dede;border-top-width:1px;border-bottom-width:1px;\"><\/div><\/div><div class=\"fusion-sep-clear\"><\/div><div class=\"fusion-clearfix\"><\/div><\/div><\/div><\/div><\/div><div class=\"fusion-fullwidth fullwidth-box fusion-builder-row-7 nonhundred-percent-fullwidth non-hundred-percent-height-scrolling\" style=\"--awb-border-radius-top-left:0px;--awb-border-radius-top-right:0px;--awb-border-radius-bottom-right:0px;--awb-border-radius-bottom-left:0px;--awb-flex-wrap:wrap;\" ><div class=\"fusion-builder-row fusion-row\"><div class=\"fusion-layout-column fusion_builder_column fusion-builder-column-9 fusion_builder_column_1_1 1_1 fusion-one-full fusion-column-first fusion-column-last\" style=\"--awb-bg-size:cover;\"><div class=\"fusion-column-wrapper fusion-flex-column-wrapper-legacy\"><div class=\"fusion-text fusion-text-7\"><h2 class=\"\" data-start=\"87\" data-end=\"134\">Congreso Nacional de Dermatolog\u00eda de la AEDV<\/h2>\n<p class=\"\" data-start=\"136\" data-end=\"646\">El Congreso Nacional de Dermatolog\u00eda y Venereolog\u00eda, organizado anualmente por la Academia Espa\u00f1ola de Dermatolog\u00eda y Venereolog\u00eda (AEDV), se ha consolidado como el principal encuentro cient\u00edfico y formativo para dermat\u00f3logos en Espa\u00f1a. Cada edici\u00f3n re\u00fane a miles de especialistas de todo el pa\u00eds y del extranjero, convirti\u00e9ndose en un espacio clave para el intercambio de conocimientos, la actualizaci\u00f3n cl\u00ednica y el an\u00e1lisis de las \u00faltimas tendencias en dermatolog\u00eda m\u00e9dica, quir\u00fargica, est\u00e9tica y cosm\u00e9tica.<\/p>\n<p class=\"\" data-start=\"648\" data-end=\"1008\">El programa del congreso abarca una amplia variedad de temas, incluyendo patolog\u00edas cut\u00e1neas, dermatoscopia, terapias biol\u00f3gicas, t\u00e9cnicas avanzadas en medicina est\u00e9tica y novedades en tratamientos dermatol\u00f3gicos. Adem\u00e1s, se celebran talleres pr\u00e1cticos, sesiones interactivas, cursos de formaci\u00f3n continua y simposios con expertos nacionales e internacionales.<\/p>\n<p class=\"\" data-start=\"1010\" data-end=\"1379\">La edici\u00f3n de este a\u00f1o ha puesto especial \u00e9nfasis en la innovaci\u00f3n, la medicina personalizada y el enfoque integral del paciente, con especial atenci\u00f3n al envejecimiento saludable, el abordaje multidisciplinar y las terapias m\u00ednimamente invasivas. Tambi\u00e9n ha sido una plataforma para presentar estudios cl\u00ednicos, avances tecnol\u00f3gicos y nuevas herramientas diagn\u00f3sticas.<\/p>\n<p class=\"\" data-start=\"1381\" data-end=\"1609\">Este congreso no solo refuerza el papel de la dermatolog\u00eda como especialidad clave en la salud y el bienestar de la poblaci\u00f3n, sino que tambi\u00e9n promueve la excelencia profesional y el aprendizaje colaborativo entre dermat\u00f3logos.<\/p>\n<\/div><div class=\"fusion-clearfix\"><\/div><\/div><\/div><\/div><\/div><div class=\"fusion-fullwidth fullwidth-box fusion-builder-row-8 nonhundred-percent-fullwidth non-hundred-percent-height-scrolling\" style=\"--awb-border-radius-top-left:0px;--awb-border-radius-top-right:0px;--awb-border-radius-bottom-right:0px;--awb-border-radius-bottom-left:0px;--awb-flex-wrap:wrap;\" ><div class=\"fusion-builder-row fusion-row\"><div class=\"fusion-layout-column fusion_builder_column fusion-builder-column-10 fusion_builder_column_1_1 1_1 fusion-one-full fusion-column-first fusion-column-last\" style=\"--awb-bg-size:cover;\"><div class=\"fusion-column-wrapper fusion-flex-column-wrapper-legacy\"><iframe width=\"315\" height=\"560\" src=\"https:\/\/www.youtube.com\/embed\/0xzDX4Wuu58\" title=\"La Dra. Vilavella participa como ponente en el Congreso Nacional de Dermatolog\u00eda de la AEDV\" frameborder=\"0\" allow=\"accelerometer; autoplay; clipboard-write; encrypted-media; gyroscope; picture-in-picture; web-share\" referrerpolicy=\"strict-origin-when-cross-origin\" allowfullscreen><\/iframe><div class=\"fusion-clearfix\"><\/div><\/div><\/div><\/div><\/div><\/p>\n","protected":false},"excerpt":{"rendered":"<p>La Dra. Marta Vilavella participa en el Congreso Nacional de Dermatolog\u00eda de la AEDV, presentando t\u00e9cnicas avanzadas en est\u00e9tica y rejuvenecimiento.<\/p>\n","protected":false},"author":3,"featured_media":7704,"comment_status":"open","ping_status":"closed","sticky":false,"template":"","format":"standard","meta":{"_joinchat":[],"footnotes":""},"categories":[25],"tags":[263],"class_list":["post-7701","post","type-post","status-publish","format-standard","has-post-thumbnail","hentry","category-noticias","tag-eventos"],"yoast_head":"<!-- This site is optimized with the Yoast SEO plugin v28.4 - https:\/\/yoast.com\/product\/yoast-seo-wordpress\/ -->\n<title>Congreso Nacional de Dermatolog\u00eda de la AEDV. La Dra. Marta Vilavella participa como ponente -<\/title>\n<meta name=\"description\" content=\"La Dra. Marta Vilavella participa en el Congreso Nacional de Dermatolog\u00eda de la AEDV, presentando t\u00e9cnicas avanzadas en est\u00e9tica y rejuvenecimiento\" \/>\n<meta name=\"robots\" content=\"index, follow, max-snippet:-1, max-image-preview:large, max-video-preview:-1\" \/>\n<link rel=\"canonical\" href=\"https:\/\/www.idermic.es\/es\/congreso-nacional-de-dermatologia-de-la-aedv-la-dra-marta-vilavella-participa-como-ponente\/\" \/>\n<meta property=\"og:locale\" content=\"es_ES\" \/>\n<meta property=\"og:type\" content=\"article\" \/>\n<meta property=\"og:title\" content=\"Congreso Nacional de Dermatolog\u00eda de la AEDV. La Dra. Marta Vilavella participa como ponente -\" \/>\n<meta property=\"og:description\" content=\"La Dra. Marta Vilavella participa en el Congreso Nacional de Dermatolog\u00eda de la AEDV, presentando t\u00e9cnicas avanzadas en est\u00e9tica y rejuvenecimiento\" \/>\n<meta property=\"og:url\" content=\"https:\/\/www.idermic.es\/es\/congreso-nacional-de-dermatologia-de-la-aedv-la-dra-marta-vilavella-participa-como-ponente\/\" \/>\n<meta property=\"og:site_name\" content=\"Idermic. Dermatolog\u00eda en Terrassa\" \/>\n<meta property=\"article:publisher\" content=\"https:\/\/www.facebook.com\/Idermic\" \/>\n<meta property=\"article:published_time\" content=\"2025-05-12T08:41:24+00:00\" \/>\n<meta property=\"article:modified_time\" content=\"2026-05-10T07:19:59+00:00\" \/>\n<meta property=\"og:image\" content=\"https:\/\/www.idermic.es\/wp-content\/uploads\/2025\/05\/La-Dra-Vilavella-en-el-Congreso.jpg\" \/>\n\t<meta property=\"og:image:width\" content=\"592\" \/>\n\t<meta property=\"og:image:height\" content=\"760\" \/>\n\t<meta property=\"og:image:type\" content=\"image\/jpeg\" \/>\n<meta name=\"author\" content=\"Equipo\" \/>\n<meta name=\"twitter:card\" content=\"summary_large_image\" \/>\n<meta name=\"twitter:creator\" content=\"@idermic\" \/>\n<meta name=\"twitter:site\" content=\"@idermic\" \/>\n<meta name=\"twitter:label1\" content=\"Escrito por\" \/>\n\t<meta name=\"twitter:data1\" content=\"Equipo\" \/>\n\t<meta name=\"twitter:label2\" content=\"Tiempo de lectura\" \/>\n\t<meta name=\"twitter:data2\" content=\"4 minutos\" \/>\n<script type=\"application\/ld+json\" class=\"yoast-schema-graph\">{\"@context\":\"https:\\\/\\\/schema.org\",\"@graph\":[{\"@type\":\"Article\",\"@id\":\"https:\\\/\\\/www.idermic.es\\\/es\\\/congreso-nacional-de-dermatologia-de-la-aedv-la-dra-marta-vilavella-participa-como-ponente\\\/#article\",\"isPartOf\":{\"@id\":\"https:\\\/\\\/www.idermic.es\\\/es\\\/congreso-nacional-de-dermatologia-de-la-aedv-la-dra-marta-vilavella-participa-como-ponente\\\/\"},\"author\":{\"name\":\"Equipo\",\"@id\":\"https:\\\/\\\/www.idermic.es\\\/#\\\/schema\\\/person\\\/c12703027a878b23d3c71c87921a82f8\"},\"headline\":\"Congreso Nacional de Dermatolog\u00eda de la AEDV. La Dra. Marta Vilavella participa como ponente\",\"datePublished\":\"2025-05-12T08:41:24+00:00\",\"dateModified\":\"2026-05-10T07:19:59+00:00\",\"mainEntityOfPage\":{\"@id\":\"https:\\\/\\\/www.idermic.es\\\/es\\\/congreso-nacional-de-dermatologia-de-la-aedv-la-dra-marta-vilavella-participa-como-ponente\\\/\"},\"wordCount\":2940,\"commentCount\":0,\"publisher\":{\"@id\":\"https:\\\/\\\/www.idermic.es\\\/#organization\"},\"image\":{\"@id\":\"https:\\\/\\\/www.idermic.es\\\/es\\\/congreso-nacional-de-dermatologia-de-la-aedv-la-dra-marta-vilavella-participa-como-ponente\\\/#primaryimage\"},\"thumbnailUrl\":\"https:\\\/\\\/www.idermic.es\\\/wp-content\\\/uploads\\\/2025\\\/05\\\/La-Dra-Vilavella-en-el-Congreso.jpg\",\"keywords\":[\"Eventos\"],\"articleSection\":[\"Noticias\"],\"inLanguage\":\"es\",\"potentialAction\":[{\"@type\":\"CommentAction\",\"name\":\"Comment\",\"target\":[\"https:\\\/\\\/www.idermic.es\\\/es\\\/congreso-nacional-de-dermatologia-de-la-aedv-la-dra-marta-vilavella-participa-como-ponente\\\/#respond\"]}]},{\"@type\":\"WebPage\",\"@id\":\"https:\\\/\\\/www.idermic.es\\\/es\\\/congreso-nacional-de-dermatologia-de-la-aedv-la-dra-marta-vilavella-participa-como-ponente\\\/\",\"url\":\"https:\\\/\\\/www.idermic.es\\\/es\\\/congreso-nacional-de-dermatologia-de-la-aedv-la-dra-marta-vilavella-participa-como-ponente\\\/\",\"name\":\"Congreso Nacional de Dermatolog\u00eda de la AEDV. La Dra. Marta Vilavella participa como ponente -\",\"isPartOf\":{\"@id\":\"https:\\\/\\\/www.idermic.es\\\/#website\"},\"primaryImageOfPage\":{\"@id\":\"https:\\\/\\\/www.idermic.es\\\/es\\\/congreso-nacional-de-dermatologia-de-la-aedv-la-dra-marta-vilavella-participa-como-ponente\\\/#primaryimage\"},\"image\":{\"@id\":\"https:\\\/\\\/www.idermic.es\\\/es\\\/congreso-nacional-de-dermatologia-de-la-aedv-la-dra-marta-vilavella-participa-como-ponente\\\/#primaryimage\"},\"thumbnailUrl\":\"https:\\\/\\\/www.idermic.es\\\/wp-content\\\/uploads\\\/2025\\\/05\\\/La-Dra-Vilavella-en-el-Congreso.jpg\",\"datePublished\":\"2025-05-12T08:41:24+00:00\",\"dateModified\":\"2026-05-10T07:19:59+00:00\",\"description\":\"La Dra. Marta Vilavella participa en el Congreso Nacional de Dermatolog\u00eda de la AEDV, presentando t\u00e9cnicas avanzadas en est\u00e9tica y rejuvenecimiento\",\"breadcrumb\":{\"@id\":\"https:\\\/\\\/www.idermic.es\\\/es\\\/congreso-nacional-de-dermatologia-de-la-aedv-la-dra-marta-vilavella-participa-como-ponente\\\/#breadcrumb\"},\"inLanguage\":\"es\",\"potentialAction\":[{\"@type\":\"ReadAction\",\"target\":[\"https:\\\/\\\/www.idermic.es\\\/es\\\/congreso-nacional-de-dermatologia-de-la-aedv-la-dra-marta-vilavella-participa-como-ponente\\\/\"]}]},{\"@type\":\"ImageObject\",\"inLanguage\":\"es\",\"@id\":\"https:\\\/\\\/www.idermic.es\\\/es\\\/congreso-nacional-de-dermatologia-de-la-aedv-la-dra-marta-vilavella-participa-como-ponente\\\/#primaryimage\",\"url\":\"https:\\\/\\\/www.idermic.es\\\/wp-content\\\/uploads\\\/2025\\\/05\\\/La-Dra-Vilavella-en-el-Congreso.jpg\",\"contentUrl\":\"https:\\\/\\\/www.idermic.es\\\/wp-content\\\/uploads\\\/2025\\\/05\\\/La-Dra-Vilavella-en-el-Congreso.jpg\",\"width\":592,\"height\":760,\"caption\":\"Congreso Nacional de Dermatolog\u00eda de la AEDV. La Dra. Marta Vilavella participa como ponente\"},{\"@type\":\"BreadcrumbList\",\"@id\":\"https:\\\/\\\/www.idermic.es\\\/es\\\/congreso-nacional-de-dermatologia-de-la-aedv-la-dra-marta-vilavella-participa-como-ponente\\\/#breadcrumb\",\"itemListElement\":[{\"@type\":\"ListItem\",\"position\":1,\"name\":\"Inici\",\"item\":\"https:\\\/\\\/www.idermic.es\\\/es\\\/\"},{\"@type\":\"ListItem\",\"position\":2,\"name\":\"Congreso Nacional de Dermatolog\u00eda de la AEDV. La Dra. Marta Vilavella participa como ponente\"}]},{\"@type\":\"WebSite\",\"@id\":\"https:\\\/\\\/www.idermic.es\\\/#website\",\"url\":\"https:\\\/\\\/www.idermic.es\\\/\",\"name\":\"Idermic. Dermatolog\u00eda en Terrassa\",\"description\":\"Dermatolog\u00eda, Medicina est\u00e9tica, Cirurg\u00eda Pl\u00e0stica\",\"publisher\":{\"@id\":\"https:\\\/\\\/www.idermic.es\\\/#organization\"},\"potentialAction\":[{\"@type\":\"SearchAction\",\"target\":{\"@type\":\"EntryPoint\",\"urlTemplate\":\"https:\\\/\\\/www.idermic.es\\\/?s={search_term_string}\"},\"query-input\":{\"@type\":\"PropertyValueSpecification\",\"valueRequired\":true,\"valueName\":\"search_term_string\"}}],\"inLanguage\":\"es\"},{\"@type\":\"Organization\",\"@id\":\"https:\\\/\\\/www.idermic.es\\\/#organization\",\"name\":\"Idermic. Dermatolog\u00eda en Terrassa\",\"url\":\"https:\\\/\\\/www.idermic.es\\\/\",\"logo\":{\"@type\":\"ImageObject\",\"inLanguage\":\"es\",\"@id\":\"https:\\\/\\\/www.idermic.es\\\/#\\\/schema\\\/logo\\\/image\\\/\",\"url\":\"https:\\\/\\\/www.idermic.es\\\/wp-content\\\/uploads\\\/2025\\\/10\\\/Logo-Idermic.jpg\",\"contentUrl\":\"https:\\\/\\\/www.idermic.es\\\/wp-content\\\/uploads\\\/2025\\\/10\\\/Logo-Idermic.jpg\",\"width\":501,\"height\":502,\"caption\":\"Idermic. Dermatolog\u00eda en Terrassa\"},\"image\":{\"@id\":\"https:\\\/\\\/www.idermic.es\\\/#\\\/schema\\\/logo\\\/image\\\/\"},\"sameAs\":[\"https:\\\/\\\/www.facebook.com\\\/Idermic\",\"https:\\\/\\\/x.com\\\/idermic\",\"https:\\\/\\\/www.instagram.com\\\/idermicclinic\\\/\",\"https:\\\/\\\/www.youtube.com\\\/channel\\\/UCyAHC9-p8lc6hr_nguO8p_g\"]},{\"@type\":\"Person\",\"@id\":\"https:\\\/\\\/www.idermic.es\\\/#\\\/schema\\\/person\\\/c12703027a878b23d3c71c87921a82f8\",\"name\":\"Equipo\",\"image\":{\"@type\":\"ImageObject\",\"inLanguage\":\"es\",\"@id\":\"https:\\\/\\\/secure.gravatar.com\\\/avatar\\\/7ca0be23248108c6b0887e0693b7dcf7764bd3503f84d1f04e6653ef7c3b9420?s=96&d=mm&r=g\",\"url\":\"https:\\\/\\\/secure.gravatar.com\\\/avatar\\\/7ca0be23248108c6b0887e0693b7dcf7764bd3503f84d1f04e6653ef7c3b9420?s=96&d=mm&r=g\",\"contentUrl\":\"https:\\\/\\\/secure.gravatar.com\\\/avatar\\\/7ca0be23248108c6b0887e0693b7dcf7764bd3503f84d1f04e6653ef7c3b9420?s=96&d=mm&r=g\",\"caption\":\"Equipo\"},\"description\":\"Equipo de Idermic\"}]}<\/script>\n<!-- \/ Yoast SEO plugin. -->","yoast_head_json":{"title":"Congreso Nacional de Dermatolog\u00eda de la AEDV. La Dra. Marta Vilavella participa como ponente -","description":"La Dra. Marta Vilavella participa en el Congreso Nacional de Dermatolog\u00eda de la AEDV, presentando t\u00e9cnicas avanzadas en est\u00e9tica y rejuvenecimiento","robots":{"index":"index","follow":"follow","max-snippet":"max-snippet:-1","max-image-preview":"max-image-preview:large","max-video-preview":"max-video-preview:-1"},"canonical":"https:\/\/www.idermic.es\/es\/congreso-nacional-de-dermatologia-de-la-aedv-la-dra-marta-vilavella-participa-como-ponente\/","og_locale":"es_ES","og_type":"article","og_title":"Congreso Nacional de Dermatolog\u00eda de la AEDV. La Dra. Marta Vilavella participa como ponente -","og_description":"La Dra. Marta Vilavella participa en el Congreso Nacional de Dermatolog\u00eda de la AEDV, presentando t\u00e9cnicas avanzadas en est\u00e9tica y rejuvenecimiento","og_url":"https:\/\/www.idermic.es\/es\/congreso-nacional-de-dermatologia-de-la-aedv-la-dra-marta-vilavella-participa-como-ponente\/","og_site_name":"Idermic. Dermatolog\u00eda en Terrassa","article_publisher":"https:\/\/www.facebook.com\/Idermic","article_published_time":"2025-05-12T08:41:24+00:00","article_modified_time":"2026-05-10T07:19:59+00:00","og_image":[{"width":592,"height":760,"url":"https:\/\/www.idermic.es\/wp-content\/uploads\/2025\/05\/La-Dra-Vilavella-en-el-Congreso.jpg","type":"image\/jpeg"}],"author":"Equipo","twitter_card":"summary_large_image","twitter_creator":"@idermic","twitter_site":"@idermic","twitter_misc":{"Escrito por":"Equipo","Tiempo de lectura":"4 minutos"},"schema":{"@context":"https:\/\/schema.org","@graph":[{"@type":"Article","@id":"https:\/\/www.idermic.es\/es\/congreso-nacional-de-dermatologia-de-la-aedv-la-dra-marta-vilavella-participa-como-ponente\/#article","isPartOf":{"@id":"https:\/\/www.idermic.es\/es\/congreso-nacional-de-dermatologia-de-la-aedv-la-dra-marta-vilavella-participa-como-ponente\/"},"author":{"name":"Equipo","@id":"https:\/\/www.idermic.es\/#\/schema\/person\/c12703027a878b23d3c71c87921a82f8"},"headline":"Congreso Nacional de Dermatolog\u00eda de la AEDV. La Dra. Marta Vilavella participa como ponente","datePublished":"2025-05-12T08:41:24+00:00","dateModified":"2026-05-10T07:19:59+00:00","mainEntityOfPage":{"@id":"https:\/\/www.idermic.es\/es\/congreso-nacional-de-dermatologia-de-la-aedv-la-dra-marta-vilavella-participa-como-ponente\/"},"wordCount":2940,"commentCount":0,"publisher":{"@id":"https:\/\/www.idermic.es\/#organization"},"image":{"@id":"https:\/\/www.idermic.es\/es\/congreso-nacional-de-dermatologia-de-la-aedv-la-dra-marta-vilavella-participa-como-ponente\/#primaryimage"},"thumbnailUrl":"https:\/\/www.idermic.es\/wp-content\/uploads\/2025\/05\/La-Dra-Vilavella-en-el-Congreso.jpg","keywords":["Eventos"],"articleSection":["Noticias"],"inLanguage":"es","potentialAction":[{"@type":"CommentAction","name":"Comment","target":["https:\/\/www.idermic.es\/es\/congreso-nacional-de-dermatologia-de-la-aedv-la-dra-marta-vilavella-participa-como-ponente\/#respond"]}]},{"@type":"WebPage","@id":"https:\/\/www.idermic.es\/es\/congreso-nacional-de-dermatologia-de-la-aedv-la-dra-marta-vilavella-participa-como-ponente\/","url":"https:\/\/www.idermic.es\/es\/congreso-nacional-de-dermatologia-de-la-aedv-la-dra-marta-vilavella-participa-como-ponente\/","name":"Congreso Nacional de Dermatolog\u00eda de la AEDV. La Dra. Marta Vilavella participa como ponente -","isPartOf":{"@id":"https:\/\/www.idermic.es\/#website"},"primaryImageOfPage":{"@id":"https:\/\/www.idermic.es\/es\/congreso-nacional-de-dermatologia-de-la-aedv-la-dra-marta-vilavella-participa-como-ponente\/#primaryimage"},"image":{"@id":"https:\/\/www.idermic.es\/es\/congreso-nacional-de-dermatologia-de-la-aedv-la-dra-marta-vilavella-participa-como-ponente\/#primaryimage"},"thumbnailUrl":"https:\/\/www.idermic.es\/wp-content\/uploads\/2025\/05\/La-Dra-Vilavella-en-el-Congreso.jpg","datePublished":"2025-05-12T08:41:24+00:00","dateModified":"2026-05-10T07:19:59+00:00","description":"La Dra. Marta Vilavella participa en el Congreso Nacional de Dermatolog\u00eda de la AEDV, presentando t\u00e9cnicas avanzadas en est\u00e9tica y rejuvenecimiento","breadcrumb":{"@id":"https:\/\/www.idermic.es\/es\/congreso-nacional-de-dermatologia-de-la-aedv-la-dra-marta-vilavella-participa-como-ponente\/#breadcrumb"},"inLanguage":"es","potentialAction":[{"@type":"ReadAction","target":["https:\/\/www.idermic.es\/es\/congreso-nacional-de-dermatologia-de-la-aedv-la-dra-marta-vilavella-participa-como-ponente\/"]}]},{"@type":"ImageObject","inLanguage":"es","@id":"https:\/\/www.idermic.es\/es\/congreso-nacional-de-dermatologia-de-la-aedv-la-dra-marta-vilavella-participa-como-ponente\/#primaryimage","url":"https:\/\/www.idermic.es\/wp-content\/uploads\/2025\/05\/La-Dra-Vilavella-en-el-Congreso.jpg","contentUrl":"https:\/\/www.idermic.es\/wp-content\/uploads\/2025\/05\/La-Dra-Vilavella-en-el-Congreso.jpg","width":592,"height":760,"caption":"Congreso Nacional de Dermatolog\u00eda de la AEDV. La Dra. Marta Vilavella participa como ponente"},{"@type":"BreadcrumbList","@id":"https:\/\/www.idermic.es\/es\/congreso-nacional-de-dermatologia-de-la-aedv-la-dra-marta-vilavella-participa-como-ponente\/#breadcrumb","itemListElement":[{"@type":"ListItem","position":1,"name":"Inici","item":"https:\/\/www.idermic.es\/es\/"},{"@type":"ListItem","position":2,"name":"Congreso Nacional de Dermatolog\u00eda de la AEDV. La Dra. Marta Vilavella participa como ponente"}]},{"@type":"WebSite","@id":"https:\/\/www.idermic.es\/#website","url":"https:\/\/www.idermic.es\/","name":"Idermic. Dermatolog\u00eda en Terrassa","description":"Dermatolog\u00eda, Medicina est\u00e9tica, Cirurg\u00eda Pl\u00e0stica","publisher":{"@id":"https:\/\/www.idermic.es\/#organization"},"potentialAction":[{"@type":"SearchAction","target":{"@type":"EntryPoint","urlTemplate":"https:\/\/www.idermic.es\/?s={search_term_string}"},"query-input":{"@type":"PropertyValueSpecification","valueRequired":true,"valueName":"search_term_string"}}],"inLanguage":"es"},{"@type":"Organization","@id":"https:\/\/www.idermic.es\/#organization","name":"Idermic. Dermatolog\u00eda en Terrassa","url":"https:\/\/www.idermic.es\/","logo":{"@type":"ImageObject","inLanguage":"es","@id":"https:\/\/www.idermic.es\/#\/schema\/logo\/image\/","url":"https:\/\/www.idermic.es\/wp-content\/uploads\/2025\/10\/Logo-Idermic.jpg","contentUrl":"https:\/\/www.idermic.es\/wp-content\/uploads\/2025\/10\/Logo-Idermic.jpg","width":501,"height":502,"caption":"Idermic. Dermatolog\u00eda en Terrassa"},"image":{"@id":"https:\/\/www.idermic.es\/#\/schema\/logo\/image\/"},"sameAs":["https:\/\/www.facebook.com\/Idermic","https:\/\/x.com\/idermic","https:\/\/www.instagram.com\/idermicclinic\/","https:\/\/www.youtube.com\/channel\/UCyAHC9-p8lc6hr_nguO8p_g"]},{"@type":"Person","@id":"https:\/\/www.idermic.es\/#\/schema\/person\/c12703027a878b23d3c71c87921a82f8","name":"Equipo","image":{"@type":"ImageObject","inLanguage":"es","@id":"https:\/\/secure.gravatar.com\/avatar\/7ca0be23248108c6b0887e0693b7dcf7764bd3503f84d1f04e6653ef7c3b9420?s=96&d=mm&r=g","url":"https:\/\/secure.gravatar.com\/avatar\/7ca0be23248108c6b0887e0693b7dcf7764bd3503f84d1f04e6653ef7c3b9420?s=96&d=mm&r=g","contentUrl":"https:\/\/secure.gravatar.com\/avatar\/7ca0be23248108c6b0887e0693b7dcf7764bd3503f84d1f04e6653ef7c3b9420?s=96&d=mm&r=g","caption":"Equipo"},"description":"Equipo de Idermic"}]}},"_links":{"self":[{"href":"https:\/\/www.idermic.es\/es\/wp-json\/wp\/v2\/posts\/7701","targetHints":{"allow":["GET"]}}],"collection":[{"href":"https:\/\/www.idermic.es\/es\/wp-json\/wp\/v2\/posts"}],"about":[{"href":"https:\/\/www.idermic.es\/es\/wp-json\/wp\/v2\/types\/post"}],"author":[{"embeddable":true,"href":"https:\/\/www.idermic.es\/es\/wp-json\/wp\/v2\/users\/3"}],"replies":[{"embeddable":true,"href":"https:\/\/www.idermic.es\/es\/wp-json\/wp\/v2\/comments?post=7701"}],"version-history":[{"count":10,"href":"https:\/\/www.idermic.es\/es\/wp-json\/wp\/v2\/posts\/7701\/revisions"}],"predecessor-version":[{"id":9736,"href":"https:\/\/www.idermic.es\/es\/wp-json\/wp\/v2\/posts\/7701\/revisions\/9736"}],"wp:featuredmedia":[{"embeddable":true,"href":"https:\/\/www.idermic.es\/es\/wp-json\/wp\/v2\/media\/7704"}],"wp:attachment":[{"href":"https:\/\/www.idermic.es\/es\/wp-json\/wp\/v2\/media?parent=7701"}],"wp:term":[{"taxonomy":"category","embeddable":true,"href":"https:\/\/www.idermic.es\/es\/wp-json\/wp\/v2\/categories?post=7701"},{"taxonomy":"post_tag","embeddable":true,"href":"https:\/\/www.idermic.es\/es\/wp-json\/wp\/v2\/tags?post=7701"}],"curies":[{"name":"wp","href":"https:\/\/api.w.org\/{rel}","templated":true}]}}