{"id":7666,"date":"2025-05-04T07:30:14","date_gmt":"2025-05-04T07:30:14","guid":{"rendered":"https:\/\/www.idermic.es\/?p=7666"},"modified":"2026-05-26T09:50:44","modified_gmt":"2026-05-26T09:50:44","slug":"hidrosadenitis-una-afeccion-cronica-que-requiere-mayor-visibilidad","status":"publish","type":"post","link":"https:\/\/www.idermic.es\/es\/hidrosadenitis-una-afeccion-cronica-que-requiere-mayor-visibilidad\/","title":{"rendered":"Hidrosadenitis: una afecci\u00f3n cr\u00f3nica que requiere mayor visibilidad"},"content":{"rendered":"<p><div class=\"fusion-fullwidth fullwidth-box fusion-builder-row-1 nonhundred-percent-fullwidth non-hundred-percent-height-scrolling\" style=\"--awb-border-radius-top-left:0px;--awb-border-radius-top-right:0px;--awb-border-radius-bottom-right:0px;--awb-border-radius-bottom-left:0px;--awb-flex-wrap:wrap;\" ><div class=\"fusion-builder-row fusion-row\"><div class=\"fusion-layout-column fusion_builder_column fusion-builder-column-0 fusion_builder_column_1_1 1_1 fusion-one-full fusion-column-first fusion-column-last\" style=\"--awb-bg-size:cover;\"><div class=\"fusion-column-wrapper fusion-flex-column-wrapper-legacy\"><div class=\"fusion-text fusion-text-1\"><h1 style=\"text-align: center;\">Hidrosadenitis: una afecci\u00f3n cr\u00f3nica que requiere mayor visibilidad<\/h1>\n<\/div><div class=\"fusion-clearfix\"><\/div><\/div><\/div><\/div><\/div><div class=\"fusion-fullwidth fullwidth-box fusion-builder-row-2 nonhundred-percent-fullwidth non-hundred-percent-height-scrolling\" style=\"--awb-border-radius-top-left:0px;--awb-border-radius-top-right:0px;--awb-border-radius-bottom-right:0px;--awb-border-radius-bottom-left:0px;--awb-flex-wrap:wrap;\" ><div class=\"fusion-builder-row fusion-row\"><div class=\"fusion-layout-column fusion_builder_column fusion-builder-column-1 fusion_builder_column_2_3 2_3 fusion-two-third fusion-column-first\" style=\"--awb-bg-size:cover;width:66.666666666667%;width:calc(66.666666666667% - ( ( 4% ) * 0.66666666666667 ) );margin-right: 4%;\"><div class=\"fusion-column-wrapper fusion-flex-column-wrapper-legacy\"><div class=\"fusion-text fusion-text-2\"><p>La <strong>hidrosadenitis supurativa<\/strong> es una patolog\u00eda dermatol\u00f3gica cr\u00f3nica caracterizada por inflamaciones recurrentes en \u00e1reas corporales con gl\u00e1ndulas sudor\u00edparas apocrinas. Las zonas m\u00e1s afectadas incluyen las axilas, ingles, regi\u00f3n perianal y bajo los senos. Esta enfermedad, de evoluci\u00f3n prolongada, se manifiesta con la aparici\u00f3n de protuberancias dolorosas que pueden evolucionar hacia abscesos, secreci\u00f3n purulenta y formaci\u00f3n de cicatrices permanentes.<\/p>\n<p>Frecuentemente confundida con infecciones cut\u00e1neas comunes, esta afecci\u00f3n suele presentar un retraso en el diagn\u00f3stico. Su impacto no se limita al aspecto f\u00edsico, ya que genera consecuencias emocionales y sociales considerables. En este art\u00edculo el Dr. Corral nos explica en que consiste esta patolog\u00eda y como la depilaci\u00f3n con l\u00e1ser es una buena forma de prevenci\u00f3n y tratamiento<\/p>\n<\/div><div class=\"fusion-clearfix\"><\/div><\/div><\/div><div class=\"fusion-layout-column fusion_builder_column fusion-builder-column-2 fusion_builder_column_1_3 1_3 fusion-one-third fusion-column-last\" style=\"--awb-bg-size:cover;width:33.333333333333%;width:calc(33.333333333333% - ( ( 4% ) * 0.33333333333333 ) );\"><div class=\"fusion-column-wrapper fusion-flex-column-wrapper-legacy\"><div class=\"fusion-image-element in-legacy-container\" style=\"--awb-caption-title-font-family:var(--h2_typography-font-family);--awb-caption-title-font-weight:var(--h2_typography-font-weight);--awb-caption-title-font-style:var(--h2_typography-font-style);--awb-caption-title-size:var(--h2_typography-font-size);--awb-caption-title-transform:var(--h2_typography-text-transform);--awb-caption-title-line-height:var(--h2_typography-line-height);--awb-caption-title-letter-spacing:var(--h2_typography-letter-spacing);\"><span class=\" fusion-imageframe imageframe-none imageframe-1 hover-type-none\"><img decoding=\"async\" width=\"215\" height=\"300\" alt=\"El Dr. Corral nos explica que es la hidrosadenitis\" title=\"Hidrosadenitis\" src=\"https:\/\/www.idermic.es\/wp-content\/uploads\/2025\/05\/Hidrosadenitis-una-afeccion-cronica-que-requiere-mayor-visibilidad-215x300.jpg\" class=\"img-responsive wp-image-7673\" srcset=\"https:\/\/www.idermic.es\/wp-content\/uploads\/2025\/05\/Hidrosadenitis-una-afeccion-cronica-que-requiere-mayor-visibilidad-200x279.jpg 200w, https:\/\/www.idermic.es\/wp-content\/uploads\/2025\/05\/Hidrosadenitis-una-afeccion-cronica-que-requiere-mayor-visibilidad-400x558.jpg 400w, https:\/\/www.idermic.es\/wp-content\/uploads\/2025\/05\/Hidrosadenitis-una-afeccion-cronica-que-requiere-mayor-visibilidad.jpg 470w\" sizes=\"(max-width: 800px) 100vw, 215px\" \/><\/span><\/div><div class=\"fusion-clearfix\"><\/div><\/div><\/div><\/div><\/div><div class=\"fusion-fullwidth fullwidth-box fusion-builder-row-3 nonhundred-percent-fullwidth non-hundred-percent-height-scrolling\" style=\"--awb-border-radius-top-left:0px;--awb-border-radius-top-right:0px;--awb-border-radius-bottom-right:0px;--awb-border-radius-bottom-left:0px;--awb-flex-wrap:wrap;\" ><div class=\"fusion-builder-row fusion-row\"><div class=\"fusion-layout-column fusion_builder_column fusion-builder-column-3 fusion_builder_column_1_1 1_1 fusion-one-full fusion-column-first fusion-column-last\" style=\"--awb-bg-size:cover;\"><div class=\"fusion-column-wrapper fusion-flex-column-wrapper-legacy\"><div class=\"fusion-sep-clear\"><\/div><div class=\"fusion-separator fusion-full-width-sep\" style=\"margin-left: auto;margin-right: auto;width:100%;\"><div class=\"fusion-separator-border sep-double\" style=\"--awb-height:20px;--awb-amount:20px;border-color:#e0dede;border-top-width:1px;border-bottom-width:1px;\"><\/div><\/div><div class=\"fusion-sep-clear\"><\/div><div class=\"fusion-clearfix\"><\/div><\/div><\/div><\/div><\/div><div class=\"fusion-fullwidth fullwidth-box fusion-builder-row-4 nonhundred-percent-fullwidth non-hundred-percent-height-scrolling\" style=\"--awb-border-radius-top-left:0px;--awb-border-radius-top-right:0px;--awb-border-radius-bottom-right:0px;--awb-border-radius-bottom-left:0px;--awb-flex-wrap:wrap;\" ><div class=\"fusion-builder-row fusion-row\"><div class=\"fusion-layout-column fusion_builder_column fusion-builder-column-4 fusion_builder_column_1_1 1_1 fusion-one-full fusion-column-first fusion-column-last\" style=\"--awb-bg-size:cover;\"><div class=\"fusion-column-wrapper fusion-flex-column-wrapper-legacy\"><div class=\"fusion-text fusion-text-3\"><h2>Posibles desencadenantes y condiciones asociadas<\/h2>\n<p>Aunque los mecanismos espec\u00edficos que originan la hidrosadenitis no est\u00e1n completamente aclarados, se considera que hay una alteraci\u00f3n inflamatoria en la ra\u00edz del fol\u00edculo piloso. Esta alteraci\u00f3n puede derivar en la oclusi\u00f3n del conducto folicular, desencadenando procesos infecciosos y acumulaci\u00f3n de material inflamatorio en el tejido subcut\u00e1neo.<\/p>\n<p>La literatura m\u00e9dica identifica varios elementos que incrementan el riesgo de padecer esta condici\u00f3n:<\/p>\n<ul>\n<li><strong>Predisposici\u00f3n gen\u00e9tica<\/strong>: Estudios indican que entre un 30 % y un 40 % de los pacientes con hidrosadenitis tienen antecedentes familiares directos con la enfermedad. Esto sugiere un componente hereditario relevante, posiblemente relacionado con mutaciones gen\u00e9ticas que afectan la respuesta inflamatoria cut\u00e1nea.<\/li>\n<li><strong>Sobrepeso<\/strong>: La obesidad contribuye al aumento del calor y la fricci\u00f3n en zonas propensas a los brotes. Adem\u00e1s, el exceso de tejido adiposo produce citocinas proinflamatorias que pueden agravar el proceso inmunol\u00f3gico subyacente, favoreciendo la cronificaci\u00f3n de la enfermedad.<\/li>\n<li><strong>Tabaquismo<\/strong>: Fumar cigarrillos est\u00e1 estrechamente asociado con un mayor n\u00famero de brotes. El tabaco altera el sistema inmunol\u00f3gico, reduce la oxigenaci\u00f3n de los tejidos y puede interferir en la cicatrizaci\u00f3n, haciendo que las lesiones sean m\u00e1s persistentes y dif\u00edciles de tratar.<\/li>\n<li><strong>Desequilibrios hormonales<\/strong>: La enfermedad es m\u00e1s com\u00fan en mujeres j\u00f3venes, especialmente en aquellas que experimentan fluctuaciones hormonales importantes. Los brotes pueden intensificarse durante la menstruaci\u00f3n, el embarazo o el uso de anticonceptivos, lo que sugiere que las hormonas sexuales desempe\u00f1an un papel significativo.<\/li>\n<\/ul>\n<p>Adem\u00e1s, existen comorbilidades frecuentes que se manifiestan junto a la hidrosadenitis. Enfermedades inflamatorias como la colitis ulcerosa, la enfermedad de Crohn y afecciones metab\u00f3licas como la diabetes tipo 2 o el s\u00edndrome del ovario poliqu\u00edstico son condiciones que pueden coexistir y agravar el cuadro cl\u00ednico.<\/p>\n<h2>Manifestaciones cl\u00ednicas y evoluci\u00f3n<\/h2>\n<p>Las primeras se\u00f1ales suelen ser peque\u00f1as lesiones subcut\u00e1neas que se inflaman y provocan molestia. Con el tiempo, si no se controla, la enfermedad progresa generando trayectos fistulosos y cicatrices que distorsionan el tejido afectado. La evoluci\u00f3n puede ser lenta pero progresiva, con consecuencias f\u00edsicas y psicol\u00f3gicas relevantes.<\/p>\n<p>Los s\u00edntomas m\u00e1s representativos incluyen:<\/p>\n<ul>\n<li><strong>Aparici\u00f3n de masas dolorosas en zonas de pliegue<\/strong>: Estas lesiones suelen iniciar como bultos duros bajo la piel, similares a for\u00fanculos. Aparecen con mayor frecuencia en axilas, ingles y bajo los senos, y pueden aumentar de tama\u00f1o r\u00e1pidamente, provocando dolor al tacto o movimiento.<\/li>\n<li><strong>Inflamaci\u00f3n persistente con secreci\u00f3n<\/strong>: Cuando las lesiones se infectan, pueden supurar pus o sangre. Esta secreci\u00f3n constante no solo es inc\u00f3moda, sino que tambi\u00e9n favorece nuevas infecciones secundarias y empeora el estado general de la piel afectada.<\/li>\n<li><strong>Piel endurecida por cicatrizaci\u00f3n<\/strong>: Con el paso del tiempo, los brotes repetitivos provocan fibrosis. La piel se vuelve r\u00edgida y engrosada, y se forman cordones o n\u00f3dulos cicatriciales que pueden limitar la movilidad y afectar la est\u00e9tica corporal.<\/li>\n<li><strong>Malestar al realizar movimientos simples<\/strong>: Las lesiones en \u00e1reas de pliegue dificultan tareas cotidianas como caminar, levantar los brazos o sentarse. El dolor puede llegar a ser incapacitante, especialmente durante los brotes activos.<\/li>\n<li><strong>Fiebre en los casos m\u00e1s agudos<\/strong>: Cuando la infecci\u00f3n se extiende o la inflamaci\u00f3n es severa, el cuerpo puede responder con fiebre y s\u00edntomas generales como fatiga y malestar, lo que obliga en algunos casos a la administraci\u00f3n de antibi\u00f3ticos por v\u00eda sist\u00e9mica.<\/li>\n<\/ul>\n<p>El patr\u00f3n de reca\u00eddas es uno de los mayores desaf\u00edos en la hidrosadenitis. Aun tras un tratamiento exitoso, es com\u00fan que las lesiones reaparezcan en la misma zona u otras nuevas, lo que requiere vigilancia m\u00e9dica continua y un enfoque terap\u00e9utico a largo plazo.<\/p>\n<\/div><div class=\"fusion-clearfix\"><\/div><\/div><\/div><\/div><\/div><div class=\"fusion-fullwidth fullwidth-box fusion-builder-row-5 nonhundred-percent-fullwidth non-hundred-percent-height-scrolling\" style=\"--awb-border-radius-top-left:0px;--awb-border-radius-top-right:0px;--awb-border-radius-bottom-right:0px;--awb-border-radius-bottom-left:0px;--awb-flex-wrap:wrap;\" ><div class=\"fusion-builder-row fusion-row\"><div class=\"fusion-layout-column fusion_builder_column fusion-builder-column-5 fusion_builder_column_1_3 1_3 fusion-one-third fusion-column-first\" style=\"--awb-bg-size:cover;width:33.333333333333%;width:calc(33.333333333333% - ( ( 4% + 4% ) * 0.33333333333333 ) );margin-right: 4%;\"><div class=\"fusion-column-wrapper fusion-flex-column-wrapper-legacy\"><div class=\"fusion-image-element in-legacy-container\" style=\"--awb-caption-title-font-family:var(--h2_typography-font-family);--awb-caption-title-font-weight:var(--h2_typography-font-weight);--awb-caption-title-font-style:var(--h2_typography-font-style);--awb-caption-title-size:var(--h2_typography-font-size);--awb-caption-title-transform:var(--h2_typography-text-transform);--awb-caption-title-line-height:var(--h2_typography-line-height);--awb-caption-title-letter-spacing:var(--h2_typography-letter-spacing);\"><span class=\" fusion-imageframe imageframe-none imageframe-2 hover-type-none\"><img decoding=\"async\" width=\"300\" height=\"300\" alt=\"Foto 1\" title=\"Hidrosadenitis\" src=\"https:\/\/www.idermic.es\/wp-content\/uploads\/2025\/05\/Hidrosadenitis-una-afeccion-cronica-que-requiere-mayor-visibilidad-4-1-300x300.jpg\" class=\"img-responsive wp-image-7689\" srcset=\"https:\/\/www.idermic.es\/wp-content\/uploads\/2025\/05\/Hidrosadenitis-una-afeccion-cronica-que-requiere-mayor-visibilidad-4-1-200x200.jpg 200w, https:\/\/www.idermic.es\/wp-content\/uploads\/2025\/05\/Hidrosadenitis-una-afeccion-cronica-que-requiere-mayor-visibilidad-4-1-400x400.jpg 400w, https:\/\/www.idermic.es\/wp-content\/uploads\/2025\/05\/Hidrosadenitis-una-afeccion-cronica-que-requiere-mayor-visibilidad-4-1.jpg 500w\" sizes=\"(max-width: 800px) 100vw, 300px\" \/><\/span><\/div><div class=\"fusion-text fusion-text-4\"><p>Paciente con Hidrosadenitis. Foto 1<\/p>\n<\/div><div class=\"fusion-clearfix\"><\/div><\/div><\/div><div class=\"fusion-layout-column fusion_builder_column fusion-builder-column-6 fusion_builder_column_1_3 1_3 fusion-one-third\" style=\"--awb-bg-size:cover;width:33.333333333333%;width:calc(33.333333333333% - ( ( 4% + 4% ) * 0.33333333333333 ) );margin-right: 4%;\"><div class=\"fusion-column-wrapper fusion-flex-column-wrapper-legacy\"><div class=\"fusion-image-element in-legacy-container\" style=\"--awb-caption-title-font-family:var(--h2_typography-font-family);--awb-caption-title-font-weight:var(--h2_typography-font-weight);--awb-caption-title-font-style:var(--h2_typography-font-style);--awb-caption-title-size:var(--h2_typography-font-size);--awb-caption-title-transform:var(--h2_typography-text-transform);--awb-caption-title-line-height:var(--h2_typography-line-height);--awb-caption-title-letter-spacing:var(--h2_typography-letter-spacing);\"><span class=\" fusion-imageframe imageframe-none imageframe-3 hover-type-none\"><img decoding=\"async\" width=\"300\" height=\"300\" alt=\"Foto 2\" title=\"Hidrosadenitis\" src=\"https:\/\/www.idermic.es\/wp-content\/uploads\/2025\/05\/Captura-de-pantalla-2025-05-08-092456-1-300x300.jpg\" class=\"img-responsive wp-image-7693\" srcset=\"https:\/\/www.idermic.es\/wp-content\/uploads\/2025\/05\/Captura-de-pantalla-2025-05-08-092456-1-200x200.jpg 200w, https:\/\/www.idermic.es\/wp-content\/uploads\/2025\/05\/Captura-de-pantalla-2025-05-08-092456-1-400x400.jpg 400w, https:\/\/www.idermic.es\/wp-content\/uploads\/2025\/05\/Captura-de-pantalla-2025-05-08-092456-1.jpg 500w\" sizes=\"(max-width: 800px) 100vw, 300px\" \/><\/span><\/div><div class=\"fusion-text fusion-text-5\"><p>Paciente con Hidrosadenitis. Foto 2<\/p>\n<\/div><div class=\"fusion-clearfix\"><\/div><\/div><\/div><div class=\"fusion-layout-column fusion_builder_column fusion-builder-column-7 fusion_builder_column_1_3 1_3 fusion-one-third fusion-column-last\" style=\"--awb-bg-size:cover;width:33.333333333333%;width:calc(33.333333333333% - ( ( 4% + 4% ) * 0.33333333333333 ) );\"><div class=\"fusion-column-wrapper fusion-flex-column-wrapper-legacy\"><div class=\"fusion-image-element in-legacy-container\" style=\"--awb-caption-title-font-family:var(--h2_typography-font-family);--awb-caption-title-font-weight:var(--h2_typography-font-weight);--awb-caption-title-font-style:var(--h2_typography-font-style);--awb-caption-title-size:var(--h2_typography-font-size);--awb-caption-title-transform:var(--h2_typography-text-transform);--awb-caption-title-line-height:var(--h2_typography-line-height);--awb-caption-title-letter-spacing:var(--h2_typography-letter-spacing);\"><span class=\" fusion-imageframe imageframe-none imageframe-4 hover-type-none\"><img decoding=\"async\" width=\"300\" height=\"300\" alt=\"Foto 3\" title=\"Hidrosadenitis\" src=\"https:\/\/www.idermic.es\/wp-content\/uploads\/2025\/05\/Hidrosadenitis-una-afeccion-cronica-que-requiere-mayor-visibilidad-3-2-300x300.jpg\" class=\"img-responsive wp-image-7691\" srcset=\"https:\/\/www.idermic.es\/wp-content\/uploads\/2025\/05\/Hidrosadenitis-una-afeccion-cronica-que-requiere-mayor-visibilidad-3-2-200x200.jpg 200w, https:\/\/www.idermic.es\/wp-content\/uploads\/2025\/05\/Hidrosadenitis-una-afeccion-cronica-que-requiere-mayor-visibilidad-3-2-400x400.jpg 400w, https:\/\/www.idermic.es\/wp-content\/uploads\/2025\/05\/Hidrosadenitis-una-afeccion-cronica-que-requiere-mayor-visibilidad-3-2.jpg 500w\" sizes=\"(max-width: 800px) 100vw, 300px\" \/><\/span><\/div><div class=\"fusion-text fusion-text-6\"><p>Paciente con Hidrosadenitis. Foto 3<\/p>\n<\/div><div class=\"fusion-clearfix\"><\/div><\/div><\/div><\/div><\/div><div class=\"fusion-fullwidth fullwidth-box fusion-builder-row-6 nonhundred-percent-fullwidth non-hundred-percent-height-scrolling\" style=\"--awb-border-radius-top-left:0px;--awb-border-radius-top-right:0px;--awb-border-radius-bottom-right:0px;--awb-border-radius-bottom-left:0px;--awb-flex-wrap:wrap;\" ><div class=\"fusion-builder-row fusion-row\"><div class=\"fusion-layout-column fusion_builder_column fusion-builder-column-8 fusion_builder_column_1_1 1_1 fusion-one-full fusion-column-first fusion-column-last\" style=\"--awb-bg-size:cover;\"><div class=\"fusion-column-wrapper fusion-flex-column-wrapper-legacy\"><div class=\"fusion-sep-clear\"><\/div><div class=\"fusion-separator fusion-full-width-sep\" style=\"margin-left: auto;margin-right: auto;width:100%;\"><div class=\"fusion-separator-border sep-double\" style=\"--awb-height:20px;--awb-amount:20px;border-color:#e0dede;border-top-width:1px;border-bottom-width:1px;\"><\/div><\/div><div class=\"fusion-sep-clear\"><\/div><div class=\"fusion-clearfix\"><\/div><\/div><\/div><\/div><\/div><div class=\"fusion-fullwidth fullwidth-box fusion-builder-row-7 nonhundred-percent-fullwidth non-hundred-percent-height-scrolling\" style=\"--awb-border-radius-top-left:0px;--awb-border-radius-top-right:0px;--awb-border-radius-bottom-right:0px;--awb-border-radius-bottom-left:0px;--awb-flex-wrap:wrap;\" ><div class=\"fusion-builder-row fusion-row\"><div class=\"fusion-layout-column fusion_builder_column fusion-builder-column-9 fusion_builder_column_1_1 1_1 fusion-one-full fusion-column-first fusion-column-last\" style=\"--awb-bg-size:cover;\"><div class=\"fusion-column-wrapper fusion-flex-column-wrapper-legacy\"><div class=\"fusion-text fusion-text-7\"><h2>Procedimientos para confirmar el diagn\u00f3stico<\/h2>\n<p>El diagn\u00f3stico de la hidrosadenitis supurativa se fundamenta principalmente en la <strong>valoraci\u00f3n cl\u00ednica directa<\/strong>. El especialista, habitualmente un dermat\u00f3logo con experiencia en enfermedades inflamatorias de la piel, identifica el patr\u00f3n t\u00edpico de las lesiones: su localizaci\u00f3n anat\u00f3mica, el car\u00e1cter recidivante y el tipo de afectaci\u00f3n del tejido.<\/p>\n<p>El m\u00e9dico recopila el historial completo del paciente, poniendo especial atenci\u00f3n a:<\/p>\n<ul>\n<li><strong>Frecuencia de los brotes<\/strong> y si las lesiones aparecen en las mismas \u00e1reas.<\/li>\n<li><strong>Duraci\u00f3n de los s\u00edntomas<\/strong>, especialmente si se extienden por m\u00e1s de seis meses.<\/li>\n<li><strong>Presencia de cicatrices o f\u00edstulas<\/strong>, que son indicativos de fases avanzadas.<\/li>\n<\/ul>\n<p>Aunque no existen an\u00e1lisis espec\u00edficos que confirmen la enfermedad, pueden utilizarse herramientas complementarias para <strong>descartar otras patolog\u00edas infecciosas o dermatol\u00f3gicas<\/strong> similares, como los for\u00fanculos recurrentes, el acn\u00e9 inverso, o la tuberculosis cut\u00e1nea.<\/p>\n<p>Entre las pruebas que pueden solicitarse est\u00e1n:<\/p>\n<ul>\n<li><strong>Cultivos de pus o tejido<\/strong>: permiten identificar infecciones bacterianas secundarias.<\/li>\n<li><strong>Biopsia cut\u00e1nea<\/strong>: se realiza ocasionalmente para examinar la estructura del fol\u00edculo piloso y descartar enfermedades raras.<\/li>\n<li><strong>Ecograf\u00eda de partes blandas<\/strong>: \u00fatil para visualizar trayectos fistulosos subcut\u00e1neos no evidentes a simple vista.<\/li>\n<\/ul>\n<p>Asimismo, para establecer un tratamiento adecuado, se recurre con frecuencia a una <strong>clasificaci\u00f3n por estadios<\/strong>, siendo la m\u00e1s utilizada la <strong>escala de Hurley<\/strong>:<\/p>\n<ul>\n<li><strong>Estadio I<\/strong>: n\u00f3dulos aislados sin trayectos ni cicatrices.<\/li>\n<li><strong>Estadio II<\/strong>: lesiones repetidas con f\u00edstulas y cicatrices leves.<\/li>\n<li><strong>Estadio III<\/strong>: \u00e1reas afectadas extensas con m\u00faltiples f\u00edstulas interconectadas.<\/li>\n<\/ul>\n<p>Esta clasificaci\u00f3n permite orientar las decisiones terap\u00e9uticas y pronosticar la evoluci\u00f3n del paciente a largo plazo.<\/p>\n<h2>Alternativas de tratamiento disponibles<\/h2>\n<p>La hidrosadenitis supurativa no tiene una cura definitiva, pero gracias a los avances m\u00e9dicos existe una <strong>amplia gama de tratamientos<\/strong> dise\u00f1ados para reducir la frecuencia de los brotes, aliviar los s\u00edntomas y mejorar la calidad de vida de quienes la padecen. El tratamiento debe adaptarse a cada paciente en funci\u00f3n del estadio cl\u00ednico, la respuesta previa a otras terapias y la existencia de comorbilidades.<\/p>\n<p>Entre las opciones m\u00e1s utilizadas se encuentran:<\/p>\n<ul>\n<li><strong>Antibi\u00f3ticos sist\u00e9micos o t\u00f3picos<\/strong>: se emplean durante las fases activas para combatir la sobreinfecci\u00f3n bacteriana. La clindamicina t\u00f3pica es com\u00fan en etapas iniciales, mientras que en casos m\u00e1s agresivos se administran combinaciones orales como rifampicina con clindamicina. Aunque no curan la enfermedad, ayudan a contener el brote y evitar complicaciones inmediatas.<\/li>\n<li><strong>Terapias inmunomoduladoras<\/strong>: en pacientes con hidrosadenitis moderada o severa, se han aprobado tratamientos biol\u00f3gicos como el adalimumab, un inhibidor del factor de necrosis tumoral (anti-TNF). Este tipo de medicamentos modula la respuesta inmunitaria del organismo y puede disminuir significativamente la inflamaci\u00f3n y la frecuencia de las lesiones. Tambi\u00e9n se investiga el uso de otros inmunosupresores como infliximab o ustekinumab en casos resistentes.<\/li>\n<li><strong>Cirug\u00eda dermatol\u00f3gica<\/strong>: cuando la afectaci\u00f3n es localizada pero profunda, se puede realizar una escisi\u00f3n quir\u00fargica completa del tejido da\u00f1ado. Este procedimiento consiste en la eliminaci\u00f3n total de la zona afectada, incluyendo piel y tejido subcut\u00e1neo, y suele realizarse en fases avanzadas. En algunos casos, se necesita injerto o cierre asistido. Es una de las opciones m\u00e1s eficaces para prevenir recurrencias en el \u00e1rea tratada.<\/li>\n<li><strong>Tratamientos m\u00ednimamente invasivos<\/strong>: entre ellos destacan el drenaje de abscesos en consulta y el uso de l\u00e1ser CO\u2082, que destruye los fol\u00edculos pilosos sin necesidad de incisiones quir\u00fargicas. Estas opciones son recomendables para lesiones aisladas o de menor gravedad, y pueden repetirse seg\u00fan la evoluci\u00f3n cl\u00ednica.<\/li>\n<li><strong>Abordaje psicol\u00f3gico y apoyo emocional<\/strong>: el impacto psicosocial de la hidrosadenitis es elevado. Muchos pacientes sufren ansiedad, depresi\u00f3n y aislamiento social debido al dolor cr\u00f3nico y la alteraci\u00f3n est\u00e9tica de la piel. El acompa\u00f1amiento psicol\u00f3gico profesional, la participaci\u00f3n en grupos de apoyo y el asesoramiento por parte de trabajadores sociales especializados pueden marcar la diferencia en el proceso terap\u00e9utico.<\/li>\n<\/ul>\n<p>Adem\u00e1s, se recomienda integrar <strong>h\u00e1bitos saludables<\/strong> en el plan de tratamiento, como mantener un peso adecuado, evitar el tabaco, usar ropa holgada, y cuidar la higiene de las zonas afectadas sin generar fricci\u00f3n. En conjunto, estas medidas complementan la intervenci\u00f3n m\u00e9dica y aumentan las posibilidades de controlar la enfermedad de forma eficaz.<\/p>\n<h2>La depilaci\u00f3n con l\u00e1ser: una herramienta preventiva clave<\/h2>\n<p>Dentro de los m\u00e9todos no farmacol\u00f3gicos para el control de la hidrosadenitis supurativa, la <strong>depilaci\u00f3n m\u00e9dica con l\u00e1ser<\/strong> ha ganado reconocimiento por su efectividad en la reducci\u00f3n de brotes. Al eliminar los fol\u00edculos pilosos \u2014donde comienza el proceso inflamatorio\u2014, se previene la obstrucci\u00f3n que da origen a las lesiones caracter\u00edsticas de la enfermedad.<\/p>\n<p>Los equipos m\u00e1s utilizados son los dispositivos de <strong>l\u00e1ser de diodo<\/strong> y <strong>l\u00e1ser ND-YAG<\/strong>, ya que poseen la capacidad de penetrar profundamente en la piel sin da\u00f1ar el tejido circundante. Estas tecnolog\u00edas permiten tratar zonas propensas como axilas, ingles o parte interna de los muslos, con resultados visibles tras varias sesiones.<\/p>\n<p>Este procedimiento ha demostrado disminuir significativamente la aparici\u00f3n de nuevos n\u00f3dulos y abscesos. Adem\u00e1s, <strong>su uso preventivo reduce la necesidad de tratamientos m\u00e1s agresivos<\/strong>, como los antibi\u00f3ticos cr\u00f3nicos o intervenciones quir\u00fargicas, lo cual representa una ventaja tanto para el paciente como para el sistema sanitario.<\/p>\n<p>La depilaci\u00f3n con l\u00e1ser es <strong>segura, ambulatoria y bien tolerada<\/strong>, siempre que sea realizada por un profesional cualificado. Tambi\u00e9n contribuye a mejorar el aspecto est\u00e9tico de la piel afectada, al reducir las manchas y cicatrices superficiales asociadas a la inflamaci\u00f3n persistente. Por todo ello, se considera una estrategia eficaz dentro de los enfoques integrales de control a largo plazo.<\/p>\n<\/div><div class=\"fusion-clearfix\"><\/div><\/div><\/div><\/div><\/div><div class=\"fusion-fullwidth fullwidth-box fusion-builder-row-8 nonhundred-percent-fullwidth non-hundred-percent-height-scrolling\" style=\"--awb-border-radius-top-left:0px;--awb-border-radius-top-right:0px;--awb-border-radius-bottom-right:0px;--awb-border-radius-bottom-left:0px;--awb-flex-wrap:wrap;\" ><div class=\"fusion-builder-row fusion-row\"><div class=\"fusion-layout-column fusion_builder_column fusion-builder-column-10 fusion_builder_column_1_1 1_1 fusion-one-full fusion-column-first fusion-column-last\" style=\"--awb-bg-size:cover;\"><div class=\"fusion-column-wrapper fusion-flex-column-wrapper-legacy\"><div class=\"fusion-video fusion-youtube\" style=\"--awb-max-width:600px;--awb-max-height:360px;\"><div class=\"video-shortcode\"><div class=\"fluid-width-video-wrapper\" style=\"padding-top:60%;\" ><iframe title=\"YouTube video player 1\" src=\"https:\/\/www.youtube.com\/embed\/l2JfcGVHq3E?wmode=transparent&autoplay=0\" width=\"600\" height=\"360\" allowfullscreen allow=\"autoplay; clipboard-write; encrypted-media; gyroscope; picture-in-picture;\"><\/iframe><\/div><\/div><\/div><div class=\"fusion-clearfix\"><\/div><\/div><\/div><\/div><\/div><div class=\"fusion-fullwidth fullwidth-box fusion-builder-row-9 nonhundred-percent-fullwidth non-hundred-percent-height-scrolling\" style=\"--awb-border-radius-top-left:0px;--awb-border-radius-top-right:0px;--awb-border-radius-bottom-right:0px;--awb-border-radius-bottom-left:0px;--awb-flex-wrap:wrap;\" ><div class=\"fusion-builder-row fusion-row\"><div class=\"fusion-layout-column fusion_builder_column fusion-builder-column-11 fusion_builder_column_1_1 1_1 fusion-one-full fusion-column-first fusion-column-last\" style=\"--awb-bg-size:cover;\"><div class=\"fusion-column-wrapper fusion-flex-column-wrapper-legacy\"><div class=\"fusion-sep-clear\"><\/div><div class=\"fusion-separator fusion-full-width-sep\" style=\"margin-left: auto;margin-right: auto;width:100%;\"><div class=\"fusion-separator-border sep-double\" style=\"--awb-height:20px;--awb-amount:20px;border-color:#e0dede;border-top-width:1px;border-bottom-width:1px;\"><\/div><\/div><div class=\"fusion-sep-clear\"><\/div><div class=\"fusion-clearfix\"><\/div><\/div><\/div><\/div><\/div><div class=\"fusion-fullwidth fullwidth-box fusion-builder-row-10 nonhundred-percent-fullwidth non-hundred-percent-height-scrolling\" style=\"--awb-border-radius-top-left:0px;--awb-border-radius-top-right:0px;--awb-border-radius-bottom-right:0px;--awb-border-radius-bottom-left:0px;--awb-flex-wrap:wrap;\" ><div class=\"fusion-builder-row fusion-row\"><div class=\"fusion-layout-column fusion_builder_column fusion-builder-column-12 fusion_builder_column_1_1 1_1 fusion-one-full fusion-column-first fusion-column-last\" style=\"--awb-bg-size:cover;\"><div class=\"fusion-column-wrapper fusion-flex-column-wrapper-legacy\"><div class=\"fusion-text fusion-text-8\"><hr \/>\n<h2>Impacto emocional y necesidad de mayor visibilidad<\/h2>\n<p>La dimensi\u00f3n emocional de la hidrosadenitis supurativa sigue siendo una de las m\u00e1s <strong>subestimadas<\/strong> en el manejo cl\u00ednico de la enfermedad. El dolor constante, las heridas abiertas y la supuraci\u00f3n frecuente generan no solo malestar f\u00edsico, sino tambi\u00e9n <strong>aislamiento, verg\u00fcenza y p\u00e9rdida de autoestima<\/strong> en quienes la padecen.<\/p>\n<p>Muchos pacientes, especialmente mujeres j\u00f3venes, ocultan su condici\u00f3n durante a\u00f1os por temor al juicio social o a ser malinterpretados por su entorno laboral, familiar o afectivo. Esta invisibilizaci\u00f3n conduce a un <strong>retraso en el diagn\u00f3stico<\/strong> y, por tanto, a una peor evoluci\u00f3n cl\u00ednica y m\u00e1s secuelas f\u00edsicas.<\/p>\n<p>Estudios recientes han demostrado que las personas con hidrosadenitis presentan un riesgo m\u00e1s elevado de sufrir trastornos como la <strong>ansiedad generalizada, la depresi\u00f3n y el estr\u00e9s postraum\u00e1tico<\/strong>. La relaci\u00f3n entre la gravedad de los s\u00edntomas y el impacto psicol\u00f3gico es directa, lo que hace necesario un enfoque multidisciplinar que incluya atenci\u00f3n psicol\u00f3gica especializada.<\/p>\n<p>Afortunadamente, en los \u00faltimos a\u00f1os se ha intensificado el trabajo de <strong>asociaciones de pacientes<\/strong>, que ofrecen apoyo, visibilidad y recursos \u00fatiles. Campa\u00f1as informativas, presencia en medios de comunicaci\u00f3n y formaci\u00f3n espec\u00edfica para profesionales sanitarios han permitido <strong>romper el silencio<\/strong> en torno a esta enfermedad cr\u00f3nica, favoreciendo un abordaje m\u00e1s emp\u00e1tico y eficaz.<\/p>\n<h2>Un desaf\u00edo m\u00e9dico que requiere enfoque integral<\/h2>\n<p>La hidrosadenitis supurativa representa uno de los mayores retos dentro de la dermatolog\u00eda inflamatoria. Su car\u00e1cter <strong>recidivante, imprevisible y multifactorial<\/strong> obliga a los profesionales a adoptar una estrategia terap\u00e9utica amplia, que combine tratamientos m\u00e9dicos, medidas preventivas, apoyo emocional y educaci\u00f3n del paciente.<\/p>\n<p>No se trata \u00fanicamente de tratar los s\u00edntomas f\u00edsicos visibles, sino de <strong>entender el contexto completo<\/strong> de cada paciente: su estilo de vida, su entorno psicosocial, sus expectativas de tratamiento y sus antecedentes cl\u00ednicos. La coordinaci\u00f3n entre dermat\u00f3logos, cirujanos, psic\u00f3logos, endocrin\u00f3logos y m\u00e9dicos de atenci\u00f3n primaria es clave para ofrecer soluciones personalizadas y sostenibles.<\/p>\n<p>El <strong>diagn\u00f3stico precoz<\/strong> sigue siendo una de las herramientas m\u00e1s potentes para mejorar el pron\u00f3stico. Cuanto antes se identifique la enfermedad y se inicie el tratamiento adecuado, menores ser\u00e1n las complicaciones f\u00edsicas y emocionales a largo plazo. Esto requiere que tanto el personal m\u00e9dico como la poblaci\u00f3n general est\u00e9n sensibilizados sobre los signos tempranos y la importancia de acudir al especialista.<\/p>\n<p>Finalmente, el <strong>avance en la investigaci\u00f3n cl\u00ednica<\/strong> es otro pilar fundamental. Se est\u00e1n desarrollando nuevas mol\u00e9culas inmunol\u00f3gicas, t\u00e9cnicas quir\u00fargicas menos invasivas y tecnolog\u00edas de diagn\u00f3stico por imagen que podr\u00edan revolucionar el manejo de la hidrosadenitis. La participaci\u00f3n activa de los pacientes en estudios cl\u00ednicos tambi\u00e9n ser\u00e1 decisiva para acelerar el desarrollo de soluciones innovadoras.<\/p>\n<p>Para cualquier consulta sobre la hidrosadenitis y otras patolog\u00edas cut\u00e1neas en Idermic, tu <strong><a href=\"http:\/\/idermic.es\/\">dermat\u00f3logo en Terrassa<\/a><\/strong> estaremos encantados de atenderte.<\/p>\n<\/div><div class=\"fusion-clearfix\"><\/div><\/div><\/div><\/div><\/div><div class=\"fusion-fullwidth fullwidth-box fusion-builder-row-11 nonhundred-percent-fullwidth non-hundred-percent-height-scrolling\" style=\"--awb-border-radius-top-left:0px;--awb-border-radius-top-right:0px;--awb-border-radius-bottom-right:0px;--awb-border-radius-bottom-left:0px;--awb-flex-wrap:wrap;\" ><div class=\"fusion-builder-row fusion-row\"><div class=\"fusion-layout-column fusion_builder_column fusion-builder-column-13 fusion_builder_column_1_1 1_1 fusion-one-full fusion-column-first fusion-column-last\" style=\"--awb-bg-size:cover;\"><div class=\"fusion-column-wrapper fusion-flex-column-wrapper-legacy\"><blockquote class=\"instagram-media\" data-instgrm-captioned data-instgrm-permalink=\"https:\/\/www.instagram.com\/reel\/DJWqu3fIR0x\/?utm_source=ig_embed&utm_campaign=loading\" data-instgrm-version=\"14\" style=\" background:#FFF; border:0; border-radius:3px; box-shadow:0 0 1px 0 rgba(0,0,0,0.5),0 1px 10px 0 rgba(0,0,0,0.15); margin: 1px; max-width:540px; min-width:326px; padding:0; width:99.375%; width:-webkit-calc(100% - 2px); width:calc(100% - 2px);\"><div style=\"padding:16px;\"> <a href=\"https:\/\/www.instagram.com\/reel\/DJWqu3fIR0x\/?utm_source=ig_embed&utm_campaign=loading\" style=\" background:#FFFFFF; line-height:0; padding:0 0; text-align:center; text-decoration:none; width:100%;\" target=\"_blank\"> <div style=\" display: flex; flex-direction: row; align-items: center;\"> <div style=\"background-color: #F4F4F4; border-radius: 50%; flex-grow: 0; height: 40px; margin-right: 14px; width: 40px;\"><\/div> <div style=\"display: flex; flex-direction: column; flex-grow: 1; justify-content: center;\"> <div style=\" background-color: #F4F4F4; border-radius: 4px; flex-grow: 0; height: 14px; margin-bottom: 6px; width: 100px;\"><\/div> <div style=\" background-color: #F4F4F4; border-radius: 4px; flex-grow: 0; height: 14px; width: 60px;\"><\/div><\/div><\/div><div style=\"padding: 19% 0;\"><\/div> <div style=\"display:block; height:50px; margin:0 auto 12px; width:50px;\"><svg width=\"50px\" height=\"50px\" viewBox=\"0 0 60 60\" version=\"1.1\" xmlns=\"https:\/\/www.w3.org\/2000\/svg\" xmlns:xlink=\"https:\/\/www.w3.org\/1999\/xlink\"><g stroke=\"none\" stroke-width=\"1\" fill=\"none\" fill-rule=\"evenodd\"><g transform=\"translate(-511.000000, -20.000000)\" fill=\"#000000\"><g><path d=\"M556.869,30.41 C554.814,30.41 553.148,32.076 553.148,34.131 C553.148,36.186 554.814,37.852 556.869,37.852 C558.924,37.852 560.59,36.186 560.59,34.131 C560.59,32.076 558.924,30.41 556.869,30.41 M541,60.657 C535.114,60.657 530.342,55.887 530.342,50 C530.342,44.114 535.114,39.342 541,39.342 C546.887,39.342 551.658,44.114 551.658,50 C551.658,55.887 546.887,60.657 541,60.657 M541,33.886 C532.1,33.886 524.886,41.1 524.886,50 C524.886,58.899 532.1,66.113 541,66.113 C549.9,66.113 557.115,58.899 557.115,50 C557.115,41.1 549.9,33.886 541,33.886 M565.378,62.101 C565.244,65.022 564.756,66.606 564.346,67.663 C563.803,69.06 563.154,70.057 562.106,71.106 C561.058,72.155 560.06,72.803 558.662,73.347 C557.607,73.757 556.021,74.244 553.102,74.378 C549.944,74.521 548.997,74.552 541,74.552 C533.003,74.552 532.056,74.521 528.898,74.378 C525.979,74.244 524.393,73.757 523.338,73.347 C521.94,72.803 520.942,72.155 519.894,71.106 C518.846,70.057 518.197,69.06 517.654,67.663 C517.244,66.606 516.755,65.022 516.623,62.101 C516.479,58.943 516.448,57.996 516.448,50 C516.448,42.003 516.479,41.056 516.623,37.899 C516.755,34.978 517.244,33.391 517.654,32.338 C518.197,30.938 518.846,29.942 519.894,28.894 C520.942,27.846 521.94,27.196 523.338,26.654 C524.393,26.244 525.979,25.756 528.898,25.623 C532.057,25.479 533.004,25.448 541,25.448 C548.997,25.448 549.943,25.479 553.102,25.623 C556.021,25.756 557.607,26.244 558.662,26.654 C560.06,27.196 561.058,27.846 562.106,28.894 C563.154,29.942 563.803,30.938 564.346,32.338 C564.756,33.391 565.244,34.978 565.378,37.899 C565.522,41.056 565.552,42.003 565.552,50 C565.552,57.996 565.522,58.943 565.378,62.101 M570.82,37.631 C570.674,34.438 570.167,32.258 569.425,30.349 C568.659,28.377 567.633,26.702 565.965,25.035 C564.297,23.368 562.623,22.342 560.652,21.575 C558.743,20.834 556.562,20.326 553.369,20.18 C550.169,20.033 549.148,20 541,20 C532.853,20 531.831,20.033 528.631,20.18 C525.438,20.326 523.257,20.834 521.349,21.575 C519.376,22.342 517.703,23.368 516.035,25.035 C514.368,26.702 513.342,28.377 512.574,30.349 C511.834,32.258 511.326,34.438 511.181,37.631 C511.035,40.831 511,41.851 511,50 C511,58.147 511.035,59.17 511.181,62.369 C511.326,65.562 511.834,67.743 512.574,69.651 C513.342,71.625 514.368,73.296 516.035,74.965 C517.703,76.634 519.376,77.658 521.349,78.425 C523.257,79.167 525.438,79.673 528.631,79.82 C531.831,79.965 532.853,80.001 541,80.001 C549.148,80.001 550.169,79.965 553.369,79.82 C556.562,79.673 558.743,79.167 560.652,78.425 C562.623,77.658 564.297,76.634 565.965,74.965 C567.633,73.296 568.659,71.625 569.425,69.651 C570.167,67.743 570.674,65.562 570.82,62.369 C570.966,59.17 571,58.147 571,50 C571,41.851 570.966,40.831 570.82,37.631\"><\/path><\/g><\/g><\/g><\/svg><\/div><div style=\"padding-top: 8px;\"> <div style=\" color:#3897f0; font-family:Arial,sans-serif; font-size:14px; font-style:normal; font-weight:550; line-height:18px;\">Ver esta publicaci\u00f3n en Instagram<\/div><\/div><div style=\"padding: 12.5% 0;\"><\/div> <div style=\"display: flex; flex-direction: row; margin-bottom: 14px; align-items: center;\"><div> <div style=\"background-color: #F4F4F4; border-radius: 50%; height: 12.5px; width: 12.5px; transform: translateX(0px) translateY(7px);\"><\/div> <div style=\"background-color: #F4F4F4; height: 12.5px; transform: rotate(-45deg) translateX(3px) translateY(1px); width: 12.5px; flex-grow: 0; margin-right: 14px; margin-left: 2px;\"><\/div> <div style=\"background-color: #F4F4F4; border-radius: 50%; height: 12.5px; width: 12.5px; transform: translateX(9px) translateY(-18px);\"><\/div><\/div><div style=\"margin-left: 8px;\"> <div style=\" background-color: #F4F4F4; border-radius: 50%; flex-grow: 0; height: 20px; width: 20px;\"><\/div> <div style=\" width: 0; height: 0; border-top: 2px solid transparent; border-left: 6px solid #f4f4f4; border-bottom: 2px solid transparent; transform: translateX(16px) translateY(-4px) rotate(30deg)\"><\/div><\/div><div style=\"margin-left: auto;\"> <div style=\" width: 0px; border-top: 8px solid #F4F4F4; border-right: 8px solid transparent; transform: translateY(16px);\"><\/div> <div style=\" background-color: #F4F4F4; flex-grow: 0; height: 12px; width: 16px; transform: translateY(-4px);\"><\/div> <div style=\" width: 0; height: 0; border-top: 8px solid #F4F4F4; border-left: 8px solid transparent; transform: translateY(-4px) translateX(8px);\"><\/div><\/div><\/div> <div style=\"display: flex; flex-direction: column; flex-grow: 1; justify-content: center; margin-bottom: 24px;\"> <div style=\" background-color: #F4F4F4; border-radius: 4px; flex-grow: 0; height: 14px; margin-bottom: 6px; width: 224px;\"><\/div> <div style=\" background-color: #F4F4F4; border-radius: 4px; flex-grow: 0; height: 14px; width: 144px;\"><\/div><\/div><\/a><p style=\" color:#c9c8cd; font-family:Arial,sans-serif; font-size:14px; line-height:17px; margin-bottom:0; margin-top:8px; overflow:hidden; padding:8px 0 7px; text-align:center; text-overflow:ellipsis; white-space:nowrap;\"><a href=\"https:\/\/www.instagram.com\/reel\/DJWqu3fIR0x\/?utm_source=ig_embed&utm_campaign=loading\" style=\" color:#c9c8cd; font-family:Arial,sans-serif; font-size:14px; font-style:normal; font-weight:normal; line-height:17px; text-decoration:none;\" target=\"_blank\">Una publicaci\u00f3n compartida de IDERMIC - Dermatolog\u00eda m\u00e9dica y est\u00e9tica (@idermicclinic)<\/a><\/p><\/div><\/blockquote>\n<script async src=\"\/\/www.instagram.com\/embed.js\"><\/script><div class=\"fusion-clearfix\"><\/div><\/div><\/div><\/div><\/div><\/p>\n","protected":false},"excerpt":{"rendered":"<p>Tratamiento, causas y prevenci\u00f3n de la hidrosadenitis. Conoce c\u00f3mo el l\u00e1ser y el enfoque integral mejoran la vida de los pacientes.<\/p>\n","protected":false},"author":3,"featured_media":7669,"comment_status":"open","ping_status":"closed","sticky":false,"template":"","format":"standard","meta":{"_joinchat":[],"footnotes":""},"categories":[60,37],"tags":[],"class_list":["post-7666","post","type-post","status-publish","format-standard","has-post-thumbnail","hentry","category-dermatologia-estetica-es","category-tecnologia"],"yoast_head":"<!-- This site is optimized with the Yoast SEO plugin v28.4 - https:\/\/yoast.com\/product\/yoast-seo-wordpress\/ -->\n<title>Hidrosadenitis: una afecci\u00f3n cr\u00f3nica que requiere mayor visibilidad -<\/title>\n<meta name=\"description\" content=\"Tratamiento, causas y prevenci\u00f3n de la hidrosadenitis. Conoce c\u00f3mo el l\u00e1ser y el enfoque integral mejoran la vida de los pacientes.\" \/>\n<meta name=\"robots\" content=\"index, follow, max-snippet:-1, max-image-preview:large, max-video-preview:-1\" \/>\n<link rel=\"canonical\" href=\"https:\/\/www.idermic.es\/es\/hidrosadenitis-una-afeccion-cronica-que-requiere-mayor-visibilidad\/\" \/>\n<meta property=\"og:locale\" content=\"es_ES\" \/>\n<meta property=\"og:type\" content=\"article\" \/>\n<meta property=\"og:title\" content=\"Hidrosadenitis: una afecci\u00f3n cr\u00f3nica que requiere mayor visibilidad -\" \/>\n<meta property=\"og:description\" content=\"Tratamiento, causas y prevenci\u00f3n de la hidrosadenitis. Conoce c\u00f3mo el l\u00e1ser y el enfoque integral mejoran la vida de los pacientes.\" \/>\n<meta property=\"og:url\" content=\"https:\/\/www.idermic.es\/es\/hidrosadenitis-una-afeccion-cronica-que-requiere-mayor-visibilidad\/\" \/>\n<meta property=\"og:site_name\" content=\"Idermic. Dermatolog\u00eda en Terrassa\" \/>\n<meta property=\"article:publisher\" content=\"https:\/\/www.facebook.com\/Idermic\" \/>\n<meta property=\"article:published_time\" content=\"2025-05-04T07:30:14+00:00\" \/>\n<meta property=\"article:modified_time\" content=\"2026-05-26T09:50:44+00:00\" \/>\n<meta property=\"og:image\" content=\"https:\/\/www.idermic.es\/wp-content\/uploads\/2025\/05\/Hidrosadenitis-una-afeccion-cronica-que-requiere-mayor-visibilidad-2.jpg\" \/>\n\t<meta property=\"og:image:width\" content=\"472\" \/>\n\t<meta property=\"og:image:height\" content=\"667\" \/>\n\t<meta property=\"og:image:type\" content=\"image\/jpeg\" \/>\n<meta name=\"author\" content=\"Equipo\" \/>\n<meta name=\"twitter:card\" content=\"summary_large_image\" \/>\n<meta name=\"twitter:creator\" content=\"@idermic\" \/>\n<meta name=\"twitter:site\" content=\"@idermic\" \/>\n<meta name=\"twitter:label1\" content=\"Escrito por\" \/>\n\t<meta name=\"twitter:data1\" content=\"Equipo\" \/>\n\t<meta name=\"twitter:label2\" content=\"Tiempo de lectura\" \/>\n\t<meta name=\"twitter:data2\" content=\"18 minutos\" \/>\n<script type=\"application\/ld+json\" class=\"yoast-schema-graph\">{\"@context\":\"https:\\\/\\\/schema.org\",\"@graph\":[{\"@type\":\"Article\",\"@id\":\"https:\\\/\\\/www.idermic.es\\\/es\\\/hidrosadenitis-una-afeccion-cronica-que-requiere-mayor-visibilidad\\\/#article\",\"isPartOf\":{\"@id\":\"https:\\\/\\\/www.idermic.es\\\/es\\\/hidrosadenitis-una-afeccion-cronica-que-requiere-mayor-visibilidad\\\/\"},\"author\":{\"name\":\"Equipo\",\"@id\":\"https:\\\/\\\/www.idermic.es\\\/#\\\/schema\\\/person\\\/c12703027a878b23d3c71c87921a82f8\"},\"headline\":\"Hidrosadenitis: una afecci\u00f3n cr\u00f3nica que requiere mayor visibilidad\",\"datePublished\":\"2025-05-04T07:30:14+00:00\",\"dateModified\":\"2026-05-26T09:50:44+00:00\",\"mainEntityOfPage\":{\"@id\":\"https:\\\/\\\/www.idermic.es\\\/es\\\/hidrosadenitis-una-afeccion-cronica-que-requiere-mayor-visibilidad\\\/\"},\"wordCount\":6378,\"commentCount\":0,\"publisher\":{\"@id\":\"https:\\\/\\\/www.idermic.es\\\/#organization\"},\"image\":{\"@id\":\"https:\\\/\\\/www.idermic.es\\\/es\\\/hidrosadenitis-una-afeccion-cronica-que-requiere-mayor-visibilidad\\\/#primaryimage\"},\"thumbnailUrl\":\"https:\\\/\\\/www.idermic.es\\\/wp-content\\\/uploads\\\/2025\\\/05\\\/Hidrosadenitis-una-afeccion-cronica-que-requiere-mayor-visibilidad-2.jpg\",\"articleSection\":[\"Dermatologia est\u00e8tica\",\"Tecnolog\u00eda\"],\"inLanguage\":\"es\",\"potentialAction\":[{\"@type\":\"CommentAction\",\"name\":\"Comment\",\"target\":[\"https:\\\/\\\/www.idermic.es\\\/es\\\/hidrosadenitis-una-afeccion-cronica-que-requiere-mayor-visibilidad\\\/#respond\"]}]},{\"@type\":\"WebPage\",\"@id\":\"https:\\\/\\\/www.idermic.es\\\/es\\\/hidrosadenitis-una-afeccion-cronica-que-requiere-mayor-visibilidad\\\/\",\"url\":\"https:\\\/\\\/www.idermic.es\\\/es\\\/hidrosadenitis-una-afeccion-cronica-que-requiere-mayor-visibilidad\\\/\",\"name\":\"Hidrosadenitis: una afecci\u00f3n cr\u00f3nica que requiere mayor visibilidad -\",\"isPartOf\":{\"@id\":\"https:\\\/\\\/www.idermic.es\\\/#website\"},\"primaryImageOfPage\":{\"@id\":\"https:\\\/\\\/www.idermic.es\\\/es\\\/hidrosadenitis-una-afeccion-cronica-que-requiere-mayor-visibilidad\\\/#primaryimage\"},\"image\":{\"@id\":\"https:\\\/\\\/www.idermic.es\\\/es\\\/hidrosadenitis-una-afeccion-cronica-que-requiere-mayor-visibilidad\\\/#primaryimage\"},\"thumbnailUrl\":\"https:\\\/\\\/www.idermic.es\\\/wp-content\\\/uploads\\\/2025\\\/05\\\/Hidrosadenitis-una-afeccion-cronica-que-requiere-mayor-visibilidad-2.jpg\",\"datePublished\":\"2025-05-04T07:30:14+00:00\",\"dateModified\":\"2026-05-26T09:50:44+00:00\",\"description\":\"Tratamiento, causas y prevenci\u00f3n de la hidrosadenitis. Conoce c\u00f3mo el l\u00e1ser y el enfoque integral mejoran la vida de los pacientes.\",\"breadcrumb\":{\"@id\":\"https:\\\/\\\/www.idermic.es\\\/es\\\/hidrosadenitis-una-afeccion-cronica-que-requiere-mayor-visibilidad\\\/#breadcrumb\"},\"inLanguage\":\"es\",\"potentialAction\":[{\"@type\":\"ReadAction\",\"target\":[\"https:\\\/\\\/www.idermic.es\\\/es\\\/hidrosadenitis-una-afeccion-cronica-que-requiere-mayor-visibilidad\\\/\"]}]},{\"@type\":\"ImageObject\",\"inLanguage\":\"es\",\"@id\":\"https:\\\/\\\/www.idermic.es\\\/es\\\/hidrosadenitis-una-afeccion-cronica-que-requiere-mayor-visibilidad\\\/#primaryimage\",\"url\":\"https:\\\/\\\/www.idermic.es\\\/wp-content\\\/uploads\\\/2025\\\/05\\\/Hidrosadenitis-una-afeccion-cronica-que-requiere-mayor-visibilidad-2.jpg\",\"contentUrl\":\"https:\\\/\\\/www.idermic.es\\\/wp-content\\\/uploads\\\/2025\\\/05\\\/Hidrosadenitis-una-afeccion-cronica-que-requiere-mayor-visibilidad-2.jpg\",\"width\":472,\"height\":667,\"caption\":\"La hidrosadenitis y la depilaci\u00f3n con l\u00e1ser como mejor forma de prevenci\u00f3n\"},{\"@type\":\"BreadcrumbList\",\"@id\":\"https:\\\/\\\/www.idermic.es\\\/es\\\/hidrosadenitis-una-afeccion-cronica-que-requiere-mayor-visibilidad\\\/#breadcrumb\",\"itemListElement\":[{\"@type\":\"ListItem\",\"position\":1,\"name\":\"Inici\",\"item\":\"https:\\\/\\\/www.idermic.es\\\/es\\\/\"},{\"@type\":\"ListItem\",\"position\":2,\"name\":\"Hidrosadenitis: una afecci\u00f3n cr\u00f3nica que requiere mayor visibilidad\"}]},{\"@type\":\"WebSite\",\"@id\":\"https:\\\/\\\/www.idermic.es\\\/#website\",\"url\":\"https:\\\/\\\/www.idermic.es\\\/\",\"name\":\"Idermic. Dermatolog\u00eda en Terrassa\",\"description\":\"Dermatolog\u00eda, Medicina est\u00e9tica, Cirurg\u00eda Pl\u00e0stica\",\"publisher\":{\"@id\":\"https:\\\/\\\/www.idermic.es\\\/#organization\"},\"potentialAction\":[{\"@type\":\"SearchAction\",\"target\":{\"@type\":\"EntryPoint\",\"urlTemplate\":\"https:\\\/\\\/www.idermic.es\\\/?s={search_term_string}\"},\"query-input\":{\"@type\":\"PropertyValueSpecification\",\"valueRequired\":true,\"valueName\":\"search_term_string\"}}],\"inLanguage\":\"es\"},{\"@type\":\"Organization\",\"@id\":\"https:\\\/\\\/www.idermic.es\\\/#organization\",\"name\":\"Idermic. Dermatolog\u00eda en Terrassa\",\"url\":\"https:\\\/\\\/www.idermic.es\\\/\",\"logo\":{\"@type\":\"ImageObject\",\"inLanguage\":\"es\",\"@id\":\"https:\\\/\\\/www.idermic.es\\\/#\\\/schema\\\/logo\\\/image\\\/\",\"url\":\"https:\\\/\\\/www.idermic.es\\\/wp-content\\\/uploads\\\/2025\\\/10\\\/Logo-Idermic.jpg\",\"contentUrl\":\"https:\\\/\\\/www.idermic.es\\\/wp-content\\\/uploads\\\/2025\\\/10\\\/Logo-Idermic.jpg\",\"width\":501,\"height\":502,\"caption\":\"Idermic. Dermatolog\u00eda en Terrassa\"},\"image\":{\"@id\":\"https:\\\/\\\/www.idermic.es\\\/#\\\/schema\\\/logo\\\/image\\\/\"},\"sameAs\":[\"https:\\\/\\\/www.facebook.com\\\/Idermic\",\"https:\\\/\\\/x.com\\\/idermic\",\"https:\\\/\\\/www.instagram.com\\\/idermicclinic\\\/\",\"https:\\\/\\\/www.youtube.com\\\/channel\\\/UCyAHC9-p8lc6hr_nguO8p_g\"]},{\"@type\":\"Person\",\"@id\":\"https:\\\/\\\/www.idermic.es\\\/#\\\/schema\\\/person\\\/c12703027a878b23d3c71c87921a82f8\",\"name\":\"Equipo\",\"image\":{\"@type\":\"ImageObject\",\"inLanguage\":\"es\",\"@id\":\"https:\\\/\\\/secure.gravatar.com\\\/avatar\\\/7ca0be23248108c6b0887e0693b7dcf7764bd3503f84d1f04e6653ef7c3b9420?s=96&d=mm&r=g\",\"url\":\"https:\\\/\\\/secure.gravatar.com\\\/avatar\\\/7ca0be23248108c6b0887e0693b7dcf7764bd3503f84d1f04e6653ef7c3b9420?s=96&d=mm&r=g\",\"contentUrl\":\"https:\\\/\\\/secure.gravatar.com\\\/avatar\\\/7ca0be23248108c6b0887e0693b7dcf7764bd3503f84d1f04e6653ef7c3b9420?s=96&d=mm&r=g\",\"caption\":\"Equipo\"},\"description\":\"Equipo de Idermic\"}]}<\/script>\n<!-- \/ Yoast SEO plugin. -->","yoast_head_json":{"title":"Hidrosadenitis: una afecci\u00f3n cr\u00f3nica que requiere mayor visibilidad -","description":"Tratamiento, causas y prevenci\u00f3n de la hidrosadenitis. Conoce c\u00f3mo el l\u00e1ser y el enfoque integral mejoran la vida de los pacientes.","robots":{"index":"index","follow":"follow","max-snippet":"max-snippet:-1","max-image-preview":"max-image-preview:large","max-video-preview":"max-video-preview:-1"},"canonical":"https:\/\/www.idermic.es\/es\/hidrosadenitis-una-afeccion-cronica-que-requiere-mayor-visibilidad\/","og_locale":"es_ES","og_type":"article","og_title":"Hidrosadenitis: una afecci\u00f3n cr\u00f3nica que requiere mayor visibilidad -","og_description":"Tratamiento, causas y prevenci\u00f3n de la hidrosadenitis. Conoce c\u00f3mo el l\u00e1ser y el enfoque integral mejoran la vida de los pacientes.","og_url":"https:\/\/www.idermic.es\/es\/hidrosadenitis-una-afeccion-cronica-que-requiere-mayor-visibilidad\/","og_site_name":"Idermic. Dermatolog\u00eda en Terrassa","article_publisher":"https:\/\/www.facebook.com\/Idermic","article_published_time":"2025-05-04T07:30:14+00:00","article_modified_time":"2026-05-26T09:50:44+00:00","og_image":[{"width":472,"height":667,"url":"https:\/\/www.idermic.es\/wp-content\/uploads\/2025\/05\/Hidrosadenitis-una-afeccion-cronica-que-requiere-mayor-visibilidad-2.jpg","type":"image\/jpeg"}],"author":"Equipo","twitter_card":"summary_large_image","twitter_creator":"@idermic","twitter_site":"@idermic","twitter_misc":{"Escrito por":"Equipo","Tiempo de lectura":"18 minutos"},"schema":{"@context":"https:\/\/schema.org","@graph":[{"@type":"Article","@id":"https:\/\/www.idermic.es\/es\/hidrosadenitis-una-afeccion-cronica-que-requiere-mayor-visibilidad\/#article","isPartOf":{"@id":"https:\/\/www.idermic.es\/es\/hidrosadenitis-una-afeccion-cronica-que-requiere-mayor-visibilidad\/"},"author":{"name":"Equipo","@id":"https:\/\/www.idermic.es\/#\/schema\/person\/c12703027a878b23d3c71c87921a82f8"},"headline":"Hidrosadenitis: una afecci\u00f3n cr\u00f3nica que requiere mayor visibilidad","datePublished":"2025-05-04T07:30:14+00:00","dateModified":"2026-05-26T09:50:44+00:00","mainEntityOfPage":{"@id":"https:\/\/www.idermic.es\/es\/hidrosadenitis-una-afeccion-cronica-que-requiere-mayor-visibilidad\/"},"wordCount":6378,"commentCount":0,"publisher":{"@id":"https:\/\/www.idermic.es\/#organization"},"image":{"@id":"https:\/\/www.idermic.es\/es\/hidrosadenitis-una-afeccion-cronica-que-requiere-mayor-visibilidad\/#primaryimage"},"thumbnailUrl":"https:\/\/www.idermic.es\/wp-content\/uploads\/2025\/05\/Hidrosadenitis-una-afeccion-cronica-que-requiere-mayor-visibilidad-2.jpg","articleSection":["Dermatologia est\u00e8tica","Tecnolog\u00eda"],"inLanguage":"es","potentialAction":[{"@type":"CommentAction","name":"Comment","target":["https:\/\/www.idermic.es\/es\/hidrosadenitis-una-afeccion-cronica-que-requiere-mayor-visibilidad\/#respond"]}]},{"@type":"WebPage","@id":"https:\/\/www.idermic.es\/es\/hidrosadenitis-una-afeccion-cronica-que-requiere-mayor-visibilidad\/","url":"https:\/\/www.idermic.es\/es\/hidrosadenitis-una-afeccion-cronica-que-requiere-mayor-visibilidad\/","name":"Hidrosadenitis: una afecci\u00f3n cr\u00f3nica que requiere mayor visibilidad -","isPartOf":{"@id":"https:\/\/www.idermic.es\/#website"},"primaryImageOfPage":{"@id":"https:\/\/www.idermic.es\/es\/hidrosadenitis-una-afeccion-cronica-que-requiere-mayor-visibilidad\/#primaryimage"},"image":{"@id":"https:\/\/www.idermic.es\/es\/hidrosadenitis-una-afeccion-cronica-que-requiere-mayor-visibilidad\/#primaryimage"},"thumbnailUrl":"https:\/\/www.idermic.es\/wp-content\/uploads\/2025\/05\/Hidrosadenitis-una-afeccion-cronica-que-requiere-mayor-visibilidad-2.jpg","datePublished":"2025-05-04T07:30:14+00:00","dateModified":"2026-05-26T09:50:44+00:00","description":"Tratamiento, causas y prevenci\u00f3n de la hidrosadenitis. Conoce c\u00f3mo el l\u00e1ser y el enfoque integral mejoran la vida de los pacientes.","breadcrumb":{"@id":"https:\/\/www.idermic.es\/es\/hidrosadenitis-una-afeccion-cronica-que-requiere-mayor-visibilidad\/#breadcrumb"},"inLanguage":"es","potentialAction":[{"@type":"ReadAction","target":["https:\/\/www.idermic.es\/es\/hidrosadenitis-una-afeccion-cronica-que-requiere-mayor-visibilidad\/"]}]},{"@type":"ImageObject","inLanguage":"es","@id":"https:\/\/www.idermic.es\/es\/hidrosadenitis-una-afeccion-cronica-que-requiere-mayor-visibilidad\/#primaryimage","url":"https:\/\/www.idermic.es\/wp-content\/uploads\/2025\/05\/Hidrosadenitis-una-afeccion-cronica-que-requiere-mayor-visibilidad-2.jpg","contentUrl":"https:\/\/www.idermic.es\/wp-content\/uploads\/2025\/05\/Hidrosadenitis-una-afeccion-cronica-que-requiere-mayor-visibilidad-2.jpg","width":472,"height":667,"caption":"La hidrosadenitis y la depilaci\u00f3n con l\u00e1ser como mejor forma de prevenci\u00f3n"},{"@type":"BreadcrumbList","@id":"https:\/\/www.idermic.es\/es\/hidrosadenitis-una-afeccion-cronica-que-requiere-mayor-visibilidad\/#breadcrumb","itemListElement":[{"@type":"ListItem","position":1,"name":"Inici","item":"https:\/\/www.idermic.es\/es\/"},{"@type":"ListItem","position":2,"name":"Hidrosadenitis: una afecci\u00f3n cr\u00f3nica que requiere mayor visibilidad"}]},{"@type":"WebSite","@id":"https:\/\/www.idermic.es\/#website","url":"https:\/\/www.idermic.es\/","name":"Idermic. Dermatolog\u00eda en Terrassa","description":"Dermatolog\u00eda, Medicina est\u00e9tica, Cirurg\u00eda Pl\u00e0stica","publisher":{"@id":"https:\/\/www.idermic.es\/#organization"},"potentialAction":[{"@type":"SearchAction","target":{"@type":"EntryPoint","urlTemplate":"https:\/\/www.idermic.es\/?s={search_term_string}"},"query-input":{"@type":"PropertyValueSpecification","valueRequired":true,"valueName":"search_term_string"}}],"inLanguage":"es"},{"@type":"Organization","@id":"https:\/\/www.idermic.es\/#organization","name":"Idermic. Dermatolog\u00eda en Terrassa","url":"https:\/\/www.idermic.es\/","logo":{"@type":"ImageObject","inLanguage":"es","@id":"https:\/\/www.idermic.es\/#\/schema\/logo\/image\/","url":"https:\/\/www.idermic.es\/wp-content\/uploads\/2025\/10\/Logo-Idermic.jpg","contentUrl":"https:\/\/www.idermic.es\/wp-content\/uploads\/2025\/10\/Logo-Idermic.jpg","width":501,"height":502,"caption":"Idermic. Dermatolog\u00eda en Terrassa"},"image":{"@id":"https:\/\/www.idermic.es\/#\/schema\/logo\/image\/"},"sameAs":["https:\/\/www.facebook.com\/Idermic","https:\/\/x.com\/idermic","https:\/\/www.instagram.com\/idermicclinic\/","https:\/\/www.youtube.com\/channel\/UCyAHC9-p8lc6hr_nguO8p_g"]},{"@type":"Person","@id":"https:\/\/www.idermic.es\/#\/schema\/person\/c12703027a878b23d3c71c87921a82f8","name":"Equipo","image":{"@type":"ImageObject","inLanguage":"es","@id":"https:\/\/secure.gravatar.com\/avatar\/7ca0be23248108c6b0887e0693b7dcf7764bd3503f84d1f04e6653ef7c3b9420?s=96&d=mm&r=g","url":"https:\/\/secure.gravatar.com\/avatar\/7ca0be23248108c6b0887e0693b7dcf7764bd3503f84d1f04e6653ef7c3b9420?s=96&d=mm&r=g","contentUrl":"https:\/\/secure.gravatar.com\/avatar\/7ca0be23248108c6b0887e0693b7dcf7764bd3503f84d1f04e6653ef7c3b9420?s=96&d=mm&r=g","caption":"Equipo"},"description":"Equipo de Idermic"}]}},"_links":{"self":[{"href":"https:\/\/www.idermic.es\/es\/wp-json\/wp\/v2\/posts\/7666","targetHints":{"allow":["GET"]}}],"collection":[{"href":"https:\/\/www.idermic.es\/es\/wp-json\/wp\/v2\/posts"}],"about":[{"href":"https:\/\/www.idermic.es\/es\/wp-json\/wp\/v2\/types\/post"}],"author":[{"embeddable":true,"href":"https:\/\/www.idermic.es\/es\/wp-json\/wp\/v2\/users\/3"}],"replies":[{"embeddable":true,"href":"https:\/\/www.idermic.es\/es\/wp-json\/wp\/v2\/comments?post=7666"}],"version-history":[{"count":14,"href":"https:\/\/www.idermic.es\/es\/wp-json\/wp\/v2\/posts\/7666\/revisions"}],"predecessor-version":[{"id":7700,"href":"https:\/\/www.idermic.es\/es\/wp-json\/wp\/v2\/posts\/7666\/revisions\/7700"}],"wp:featuredmedia":[{"embeddable":true,"href":"https:\/\/www.idermic.es\/es\/wp-json\/wp\/v2\/media\/7669"}],"wp:attachment":[{"href":"https:\/\/www.idermic.es\/es\/wp-json\/wp\/v2\/media?parent=7666"}],"wp:term":[{"taxonomy":"category","embeddable":true,"href":"https:\/\/www.idermic.es\/es\/wp-json\/wp\/v2\/categories?post=7666"},{"taxonomy":"post_tag","embeddable":true,"href":"https:\/\/www.idermic.es\/es\/wp-json\/wp\/v2\/tags?post=7666"}],"curies":[{"name":"wp","href":"https:\/\/api.w.org\/{rel}","templated":true}]}}