{"id":7579,"date":"2025-04-22T08:28:01","date_gmt":"2025-04-22T08:28:01","guid":{"rendered":"https:\/\/www.idermic.es\/?p=7579"},"modified":"2026-05-26T09:50:44","modified_gmt":"2026-05-26T09:50:44","slug":"tratamientos-para-la-flacidez-facial","status":"publish","type":"post","link":"https:\/\/www.idermic.es\/es\/tratamientos-para-la-flacidez-facial\/","title":{"rendered":"Tratamientos para la flacidez facial"},"content":{"rendered":"<p><div class=\"fusion-fullwidth fullwidth-box fusion-builder-row-1 nonhundred-percent-fullwidth non-hundred-percent-height-scrolling\" style=\"--awb-border-radius-top-left:0px;--awb-border-radius-top-right:0px;--awb-border-radius-bottom-right:0px;--awb-border-radius-bottom-left:0px;--awb-flex-wrap:wrap;\" ><div class=\"fusion-builder-row fusion-row\"><div class=\"fusion-layout-column fusion_builder_column fusion-builder-column-0 fusion_builder_column_1_1 1_1 fusion-one-full fusion-column-first fusion-column-last\" style=\"--awb-bg-size:cover;\"><div class=\"fusion-column-wrapper fusion-flex-column-wrapper-legacy\"><div class=\"fusion-text fusion-text-1\"><h1 style=\"text-align: center;\">Tratamientos para la flacidez facial<\/h1>\n<\/div><div class=\"fusion-clearfix\"><\/div><\/div><\/div><\/div><\/div><div class=\"fusion-fullwidth fullwidth-box fusion-builder-row-2 nonhundred-percent-fullwidth non-hundred-percent-height-scrolling\" style=\"--awb-border-radius-top-left:0px;--awb-border-radius-top-right:0px;--awb-border-radius-bottom-right:0px;--awb-border-radius-bottom-left:0px;--awb-flex-wrap:wrap;\" ><div class=\"fusion-builder-row fusion-row\"><div class=\"fusion-layout-column fusion_builder_column fusion-builder-column-1 fusion_builder_column_2_3 2_3 fusion-two-third fusion-column-first\" style=\"--awb-bg-size:cover;width:66.666666666667%;width:calc(66.666666666667% - ( ( 4% ) * 0.66666666666667 ) );margin-right: 4%;\"><div class=\"fusion-column-wrapper fusion-flex-column-wrapper-legacy\"><div class=\"fusion-text fusion-text-2\"><p>La flacidez facial es una preocupaci\u00f3n est\u00e9tica com\u00fan que afecta a muchas personas con el paso del tiempo. Se caracteriza por la p\u00e9rdida de firmeza y elasticidad en la piel del rostro, lo que puede dar lugar a un aspecto envejecido y cansado. Esta condici\u00f3n es el resultado de m\u00faltiples factores, incluyendo la disminuci\u00f3n de col\u00e1geno y elastina, la p\u00e9rdida de volumen \u00f3seo y muscular, y cambios en la estructura de la piel.<\/p>\n<p>La Dra. Marta Vilavella nos muestra la combinaci\u00f3n de varios tratamientos como soluci\u00f3n a todos estos problemas, destacando que no hay una \u00abreceta\u00bb \u00fanica para todos los rostros y que la estrategia a utilizar debe ser personalizada y sobre todo realista.<\/p>\n<\/div><div class=\"fusion-clearfix\"><\/div><\/div><\/div><div class=\"fusion-layout-column fusion_builder_column fusion-builder-column-2 fusion_builder_column_1_3 1_3 fusion-one-third fusion-column-last\" style=\"--awb-bg-size:cover;width:33.333333333333%;width:calc(33.333333333333% - ( ( 4% ) * 0.33333333333333 ) );\"><div class=\"fusion-column-wrapper fusion-flex-column-wrapper-legacy\"><div class=\"fusion-image-element in-legacy-container\" style=\"--awb-caption-title-font-family:var(--h2_typography-font-family);--awb-caption-title-font-weight:var(--h2_typography-font-weight);--awb-caption-title-font-style:var(--h2_typography-font-style);--awb-caption-title-size:var(--h2_typography-font-size);--awb-caption-title-transform:var(--h2_typography-text-transform);--awb-caption-title-line-height:var(--h2_typography-line-height);--awb-caption-title-letter-spacing:var(--h2_typography-letter-spacing);\"><span class=\" fusion-imageframe imageframe-none imageframe-1 hover-type-none\"><img decoding=\"async\" width=\"226\" height=\"300\" alt=\"La Dra. Vilavella destaca la combinaci\u00f3n de diferentes tratamientos como soluci\u00f3n a la flacidez facial.\" title=\"Tratamientos para la flacidez facial\" src=\"https:\/\/www.idermic.es\/wp-content\/uploads\/2025\/04\/Tratamientos-para-la-flacidez-facial-1-226x300.png\" class=\"img-responsive wp-image-7584\" srcset=\"https:\/\/www.idermic.es\/wp-content\/uploads\/2025\/04\/Tratamientos-para-la-flacidez-facial-1-200x266.png 200w, https:\/\/www.idermic.es\/wp-content\/uploads\/2025\/04\/Tratamientos-para-la-flacidez-facial-1-400x532.png 400w, https:\/\/www.idermic.es\/wp-content\/uploads\/2025\/04\/Tratamientos-para-la-flacidez-facial-1.png 470w\" sizes=\"(max-width: 800px) 100vw, 226px\" \/><\/span><\/div><div class=\"fusion-clearfix\"><\/div><\/div><\/div><\/div><\/div><div class=\"fusion-fullwidth fullwidth-box fusion-builder-row-3 nonhundred-percent-fullwidth non-hundred-percent-height-scrolling\" style=\"--awb-border-radius-top-left:0px;--awb-border-radius-top-right:0px;--awb-border-radius-bottom-right:0px;--awb-border-radius-bottom-left:0px;--awb-flex-wrap:wrap;\" ><div class=\"fusion-builder-row fusion-row\"><div class=\"fusion-layout-column fusion_builder_column fusion-builder-column-3 fusion_builder_column_1_1 1_1 fusion-one-full fusion-column-first fusion-column-last\" style=\"--awb-bg-size:cover;\"><div class=\"fusion-column-wrapper fusion-flex-column-wrapper-legacy\"><div class=\"fusion-sep-clear\"><\/div><div class=\"fusion-separator fusion-full-width-sep\" style=\"margin-left: auto;margin-right: auto;width:100%;\"><div class=\"fusion-separator-border sep-double\" style=\"--awb-height:20px;--awb-amount:20px;border-color:#e0dede;border-top-width:1px;border-bottom-width:1px;\"><\/div><\/div><div class=\"fusion-sep-clear\"><\/div><div class=\"fusion-clearfix\"><\/div><\/div><\/div><\/div><\/div><div class=\"fusion-fullwidth fullwidth-box fusion-builder-row-4 nonhundred-percent-fullwidth non-hundred-percent-height-scrolling\" style=\"--awb-border-radius-top-left:0px;--awb-border-radius-top-right:0px;--awb-border-radius-bottom-right:0px;--awb-border-radius-bottom-left:0px;--awb-flex-wrap:wrap;\" ><div class=\"fusion-builder-row fusion-row\"><div class=\"fusion-layout-column fusion_builder_column fusion-builder-column-4 fusion_builder_column_1_1 1_1 fusion-one-full fusion-column-first fusion-column-last\" style=\"--awb-bg-size:cover;\"><div class=\"fusion-column-wrapper fusion-flex-column-wrapper-legacy\"><div class=\"fusion-text fusion-text-3\"><h2>La importancia de un enfoque combinado para el tratamiento de la flacidez facial<\/h2>\n<p class=\"\" data-start=\"273\" data-end=\"715\">En medicina est\u00e9tica, tratar la flacidez facial de manera efectiva requiere mucho m\u00e1s que un procedimiento puntual. La estructura del rostro es compleja, compuesta por hueso, grasa, m\u00fasculo y piel, todos ellos afectados por el envejecimiento de forma diferente. No es suficiente con tensar la piel o aplicar un relleno; cada capa necesita ser abordada con t\u00e9cnicas espec\u00edficas y complementarias que restauren su funci\u00f3n y apariencia original.<\/p>\n<p class=\"\" data-start=\"717\" data-end=\"1192\">Un tratamiento integral debe atender simult\u00e1neamente la p\u00e9rdida de volumen \u00f3seo, la relajaci\u00f3n muscular y el deterioro de la calidad cut\u00e1nea. Es decir, intervenir desde dentro hacia fuera, respetando la anatom\u00eda facial y las caracter\u00edsticas \u00fanicas de cada paciente. Por ello, se impone un enfoque combinado, donde distintas tecnolog\u00edas se aplican en conjunto, creando sinergias terap\u00e9uticas que no s\u00f3lo mejoran los resultados est\u00e9ticos, sino tambi\u00e9n su duraci\u00f3n en el tiempo.<\/p>\n<p class=\"\" data-start=\"1194\" data-end=\"1468\">Esta estrategia no solo mejora el resultado visual, sino que evita la artificialidad que a menudo se observa cuando se aplican tratamientos aislados o sobredosificados. El objetivo no es transformar el rostro, sino lograr un <a href=\"https:\/\/www.idermic.es\/es\/rejuvenecimiento-facial\/\"><strong>rejuvenecimiento facial<\/strong><\/a> manteniendo su identidad y expresi\u00f3n natural.<\/p>\n<h3 class=\"\" data-start=\"1470\" data-end=\"1522\">Restauraci\u00f3n del volumen \u00f3seo: \u00c1cido hialur\u00f3nico<\/h3>\n<p class=\"\" data-start=\"1524\" data-end=\"1856\">El paso del tiempo provoca una reabsorci\u00f3n progresiva de los huesos faciales, especialmente en la regi\u00f3n malar (p\u00f3mulos), el maxilar superior, la mand\u00edbula y la zona temporal. Esta p\u00e9rdida de volumen \u00f3seo altera el soporte estructural del rostro, produciendo un efecto de descolgamiento, acentuaci\u00f3n de surcos y p\u00e9rdida de contorno.<\/p>\n<p class=\"\" data-start=\"1858\" data-end=\"2294\">El \u00e1cido hialur\u00f3nico de alta densidad se utiliza como relleno d\u00e9rmico para compensar esta p\u00e9rdida de volumen. Se inyecta estrat\u00e9gicamente en puntos clave del rostro para restaurar la arquitectura \u00f3sea, elevar tejidos descendidos y redefinir el contorno facial. Esta t\u00e9cnica, adem\u00e1s de aportar soporte, mejora la proyecci\u00f3n de zonas hundidas y puede inducir una ligera tracci\u00f3n de la piel, favoreciendo un efecto lifting suave y natural.<\/p>\n<p class=\"\" data-start=\"2296\" data-end=\"2645\">Una de las ventajas del \u00e1cido hialur\u00f3nico es su seguridad, al tratarse de una sustancia reabsorbible y biocompatible. Permite un control preciso del volumen aplicado y es reversible, lo cual otorga flexibilidad al tratamiento y tranquilidad al paciente. Tambi\u00e9n puede estimular la hidrataci\u00f3n profunda y mejorar la calidad cut\u00e1nea en \u00e1reas tratadas.<\/p>\n<h3 class=\"\" data-start=\"2647\" data-end=\"2698\">Tonificaci\u00f3n muscular: HIFU y neuroestimulaci\u00f3n<\/h3>\n<p class=\"\" data-start=\"2700\" data-end=\"2991\">Los m\u00fasculos del rostro forman parte del sistema de soporte de los tejidos blandos. Con la edad, pierden firmeza, elasticidad y capacidad de contracci\u00f3n. Esto contribuye significativamente a la ca\u00edda de mejillas, aparici\u00f3n de pliegues nasogenianos y p\u00e9rdida de definici\u00f3n en el \u00f3valo facial.<\/p>\n<p class=\"\" data-start=\"2993\" data-end=\"3461\">Para contrarrestar estos efectos, se recurre a tecnolog\u00edas como el <strong><a href=\"https:\/\/www.idermic.es\/es\/hifu-facial-con-liftera-lifting-facial-no-invasivo-y-eficaz\/\">HIFU Facial<\/a><\/strong> (High-Intensity Focused Ultrasound), que act\u00faa a trav\u00e9s de la generaci\u00f3n de calor controlado en las capas m\u00e1s profundas de la piel, incluyendo el SMAS (sistema m\u00fasculo-aponeur\u00f3tico superficial), una estructura clave en la firmeza facial. Esta estimulaci\u00f3n t\u00e9rmica promueve la contracci\u00f3n de tejidos y la producci\u00f3n progresiva de col\u00e1geno, proporcionando un efecto tensor sin necesidad de cirug\u00eda.<\/p>\n<p class=\"\" data-start=\"3463\" data-end=\"3912\">Complementariamente, la neuroestimulaci\u00f3n facial emplea impulsos el\u00e9ctricos de baja frecuencia para activar la musculatura facial de forma segura y efectiva. Esta t\u00e9cnica mejora el tono muscular, reactiva la circulaci\u00f3n sangu\u00ednea local y favorece el drenaje linf\u00e1tico, lo cual reduce la hinchaz\u00f3n y mejora el aspecto general del rostro. Adem\u00e1s, tiene un efecto revitalizante inmediato, siendo ideal como parte de rutinas peri\u00f3dicas de mantenimiento.<\/p>\n<h3 class=\"\" data-start=\"3914\" data-end=\"4009\">Mejora de la calidad de la piel: Bioestimuladores de col\u00e1geno y radiofrecuencia fraccionada<\/h3>\n<p class=\"\" data-start=\"4011\" data-end=\"4373\">La piel es el reflejo visible del envejecimiento facial. Con el tiempo, pierde su densidad, elasticidad y capacidad de regeneraci\u00f3n. Esto se debe a la disminuci\u00f3n de fibras estructurales como el col\u00e1geno y la elastina, responsables de su firmeza y textura. Adem\u00e1s, factores como la exposici\u00f3n solar, el estr\u00e9s, el tabaco y la contaminaci\u00f3n aceleran este proceso.<\/p>\n<h4 data-start=\"4011\" data-end=\"4373\">Bioestimuladores de col\u00e1geno<\/h4>\n<p class=\"\" data-start=\"4375\" data-end=\"4871\">Para revertir estos efectos, los bioestimuladores de col\u00e1geno juegan un papel esencial. Sustancias como la hidroxiapatita c\u00e1lcica o el \u00e1cido polil\u00e1ctico se inyectan en la dermis profunda o hipodermis para activar los fibroblastos, que son las c\u00e9lulas encargadas de sintetizar nuevo col\u00e1geno. A diferencia de los rellenos, su objetivo no es aportar volumen inmediato, sino regenerar la piel desde dentro, logrando una mejora progresiva y duradera en la densidad, elasticidad y luminosidad cut\u00e1nea.<\/p>\n<h4>Radiofrecuencia fraccionada<\/h4>\n<p class=\"\" data-start=\"4873\" data-end=\"5315\">Por su parte, la radiofrecuencia fraccionada con microagujas combina dos mecanismos: las microlesiones controladas provocadas por las agujas y la energ\u00eda t\u00e9rmica de la radiofrecuencia. Esta t\u00e9cnica estimula intensamente la producci\u00f3n de col\u00e1geno y elastina, mejora la textura de la piel, reduce poros dilatados y suaviza l\u00edneas finas. Al trabajar en profundidad, sus efectos son visibles tras varias semanas y pueden mantenerse durante meses.<\/p>\n<p class=\"\" data-start=\"5317\" data-end=\"5600\">La combinaci\u00f3n de estas dos t\u00e9cnicas potencia la regeneraci\u00f3n de la piel, proporcionando una superficie m\u00e1s uniforme, el\u00e1stica y rejuvenecida. Adem\u00e1s, son compatibles con otros tratamientos est\u00e9ticos, lo que permite integrarlas en protocolos m\u00e1s amplios sin riesgo de interferencias.<\/p>\n<\/div><div class=\"fusion-clearfix\"><\/div><\/div><\/div><\/div><\/div><div class=\"fusion-fullwidth fullwidth-box fusion-builder-row-5 nonhundred-percent-fullwidth non-hundred-percent-height-scrolling\" style=\"--awb-border-radius-top-left:0px;--awb-border-radius-top-right:0px;--awb-border-radius-bottom-right:0px;--awb-border-radius-bottom-left:0px;--awb-flex-wrap:wrap;\" ><div class=\"fusion-builder-row fusion-row\"><div class=\"fusion-layout-column fusion_builder_column fusion-builder-column-5 fusion_builder_column_1_3 1_3 fusion-one-third fusion-column-first\" style=\"--awb-bg-size:cover;width:33.333333333333%;width:calc(33.333333333333% - ( ( 4% + 4% ) * 0.33333333333333 ) );margin-right: 4%;\"><div class=\"fusion-column-wrapper fusion-flex-column-wrapper-legacy\"><div class=\"fusion-image-element in-legacy-container\" style=\"--awb-caption-title-font-family:var(--h2_typography-font-family);--awb-caption-title-font-weight:var(--h2_typography-font-weight);--awb-caption-title-font-style:var(--h2_typography-font-style);--awb-caption-title-size:var(--h2_typography-font-size);--awb-caption-title-transform:var(--h2_typography-text-transform);--awb-caption-title-line-height:var(--h2_typography-line-height);--awb-caption-title-letter-spacing:var(--h2_typography-letter-spacing);\"><span class=\" fusion-imageframe imageframe-none imageframe-2 hover-type-none\"><img decoding=\"async\" width=\"181\" height=\"300\" alt=\"El \u00e1cido hialur\u00f3nico es un tratamiento que se utiliza para compensar la p\u00e9rdida de volumen y cambios en en la estructura facial a nivel \u00f3seo.\" title=\"Tratamientos para la flacidez facial\" src=\"https:\/\/www.idermic.es\/wp-content\/uploads\/2025\/04\/Tratamientos-para-la-flacidez-facial-1-4-181x300.png\" class=\"img-responsive wp-image-7587\" srcset=\"https:\/\/www.idermic.es\/wp-content\/uploads\/2025\/04\/Tratamientos-para-la-flacidez-facial-1-4-200x332.png 200w, https:\/\/www.idermic.es\/wp-content\/uploads\/2025\/04\/Tratamientos-para-la-flacidez-facial-1-4-400x664.png 400w, https:\/\/www.idermic.es\/wp-content\/uploads\/2025\/04\/Tratamientos-para-la-flacidez-facial-1-4.png 471w\" sizes=\"(max-width: 800px) 100vw, 181px\" \/><\/span><\/div><div class=\"fusion-text fusion-text-4\"><p>El \u00e1cido hialur\u00f3nico es un tratamiento que se utiliza para compensar la p\u00e9rdida de volumen y cambios en en la estructura facial a nivel \u00f3seo. Foto 1<\/p>\n<\/div><div class=\"fusion-clearfix\"><\/div><\/div><\/div><div class=\"fusion-layout-column fusion_builder_column fusion-builder-column-6 fusion_builder_column_1_3 1_3 fusion-one-third\" style=\"--awb-bg-size:cover;width:33.333333333333%;width:calc(33.333333333333% - ( ( 4% + 4% ) * 0.33333333333333 ) );margin-right: 4%;\"><div class=\"fusion-column-wrapper fusion-flex-column-wrapper-legacy\"><div class=\"fusion-image-element in-legacy-container\" style=\"--awb-caption-title-font-family:var(--h2_typography-font-family);--awb-caption-title-font-weight:var(--h2_typography-font-weight);--awb-caption-title-font-style:var(--h2_typography-font-style);--awb-caption-title-size:var(--h2_typography-font-size);--awb-caption-title-transform:var(--h2_typography-text-transform);--awb-caption-title-line-height:var(--h2_typography-line-height);--awb-caption-title-letter-spacing:var(--h2_typography-letter-spacing);\"><span class=\" fusion-imageframe imageframe-none imageframe-3 hover-type-none\"><img decoding=\"async\" width=\"188\" height=\"300\" alt=\"A nivel muscular, cuando los m\u00fasculos se relajan y se destensan, HIFU y neuroestimulaci\u00f3n como mejores soluciones para la flacidez facial.\" title=\"Tratamientos para la flacidez facial\" src=\"https:\/\/www.idermic.es\/wp-content\/uploads\/2025\/04\/Tratamientos-para-la-flacidez-facial-2-188x300.png\" class=\"img-responsive wp-image-7591\" srcset=\"https:\/\/www.idermic.es\/wp-content\/uploads\/2025\/04\/Tratamientos-para-la-flacidez-facial-2-200x319.png 200w, https:\/\/www.idermic.es\/wp-content\/uploads\/2025\/04\/Tratamientos-para-la-flacidez-facial-2-400x638.png 400w, https:\/\/www.idermic.es\/wp-content\/uploads\/2025\/04\/Tratamientos-para-la-flacidez-facial-2.png 475w\" sizes=\"(max-width: 800px) 100vw, 188px\" \/><\/span><\/div><div class=\"fusion-text fusion-text-5\"><p>A nivel muscular, cuando los m\u00fasculos se relajan y se destensan, <a href=\"https:\/\/www.idermic.es\/es\/hifu-facial-con-liftera-lifting-facial-no-invasivo-y-eficaz\/\">HIFU Facial<\/a> y neuroestimulaci\u00f3n como mejores soluciones para la flacidez facial. Foto 2<\/p>\n<\/div><div class=\"fusion-clearfix\"><\/div><\/div><\/div><div class=\"fusion-layout-column fusion_builder_column fusion-builder-column-7 fusion_builder_column_1_3 1_3 fusion-one-third fusion-column-last\" style=\"--awb-bg-size:cover;width:33.333333333333%;width:calc(33.333333333333% - ( ( 4% + 4% ) * 0.33333333333333 ) );\"><div class=\"fusion-column-wrapper fusion-flex-column-wrapper-legacy\"><div class=\"fusion-image-element in-legacy-container\" style=\"--awb-caption-title-font-family:var(--h2_typography-font-family);--awb-caption-title-font-weight:var(--h2_typography-font-weight);--awb-caption-title-font-style:var(--h2_typography-font-style);--awb-caption-title-size:var(--h2_typography-font-size);--awb-caption-title-transform:var(--h2_typography-text-transform);--awb-caption-title-line-height:var(--h2_typography-line-height);--awb-caption-title-letter-spacing:var(--h2_typography-letter-spacing);\"><span class=\" fusion-imageframe imageframe-none imageframe-4 hover-type-none\"><img decoding=\"async\" width=\"183\" height=\"300\" alt=\"En la capa superficial con la p\u00e9rdida de col\u00e1geno y elastina se pueden utilizar Bioestimuladores de col\u00e1geno y Radiofrecuencia fraccionada con agujas contra la flacidez facial.\" title=\"Tratamientos para la flacidez facial\" src=\"https:\/\/www.idermic.es\/wp-content\/uploads\/2025\/04\/Tratamientos-para-la-flacidez-facial-3-183x300.png\" class=\"img-responsive wp-image-7589\" srcset=\"https:\/\/www.idermic.es\/wp-content\/uploads\/2025\/04\/Tratamientos-para-la-flacidez-facial-3-200x327.png 200w, https:\/\/www.idermic.es\/wp-content\/uploads\/2025\/04\/Tratamientos-para-la-flacidez-facial-3-400x654.png 400w, https:\/\/www.idermic.es\/wp-content\/uploads\/2025\/04\/Tratamientos-para-la-flacidez-facial-3.png 472w\" sizes=\"(max-width: 800px) 100vw, 183px\" \/><\/span><\/div><div class=\"fusion-text fusion-text-6\"><p>En la capa superficial con la p\u00e9rdida de col\u00e1geno y elastina se pueden utilizar Bioestimuladores de col\u00e1geno y Radiofrecuencia fraccionada con agujas contra la flacidez facial. Foto 3<\/p>\n<\/div><div class=\"fusion-clearfix\"><\/div><\/div><\/div><\/div><\/div><div class=\"fusion-fullwidth fullwidth-box fusion-builder-row-6 nonhundred-percent-fullwidth non-hundred-percent-height-scrolling\" style=\"--awb-border-radius-top-left:0px;--awb-border-radius-top-right:0px;--awb-border-radius-bottom-right:0px;--awb-border-radius-bottom-left:0px;--awb-flex-wrap:wrap;\" ><div class=\"fusion-builder-row fusion-row\"><div class=\"fusion-layout-column fusion_builder_column fusion-builder-column-8 fusion_builder_column_1_1 1_1 fusion-one-full fusion-column-first fusion-column-last\" style=\"--awb-bg-size:cover;\"><div class=\"fusion-column-wrapper fusion-flex-column-wrapper-legacy\"><div class=\"fusion-sep-clear\"><\/div><div class=\"fusion-separator fusion-full-width-sep\" style=\"margin-left: auto;margin-right: auto;width:100%;\"><div class=\"fusion-separator-border sep-double\" style=\"--awb-height:20px;--awb-amount:20px;border-color:#e0dede;border-top-width:1px;border-bottom-width:1px;\"><\/div><\/div><div class=\"fusion-sep-clear\"><\/div><div class=\"fusion-clearfix\"><\/div><\/div><\/div><\/div><\/div><div class=\"fusion-fullwidth fullwidth-box fusion-builder-row-7 nonhundred-percent-fullwidth non-hundred-percent-height-scrolling\" style=\"--awb-border-radius-top-left:0px;--awb-border-radius-top-right:0px;--awb-border-radius-bottom-right:0px;--awb-border-radius-bottom-left:0px;--awb-flex-wrap:wrap;\" ><div class=\"fusion-builder-row fusion-row\"><div class=\"fusion-layout-column fusion_builder_column fusion-builder-column-9 fusion_builder_column_1_1 1_1 fusion-one-full fusion-column-first fusion-column-last\" style=\"--awb-bg-size:cover;\"><div class=\"fusion-column-wrapper fusion-flex-column-wrapper-legacy\"><div class=\"fusion-video fusion-youtube\" style=\"--awb-max-width:600px;--awb-max-height:360px;\"><div class=\"video-shortcode\"><div class=\"fluid-width-video-wrapper\" style=\"padding-top:60%;\" ><iframe title=\"YouTube video player 1\" src=\"https:\/\/www.youtube.com\/embed\/TKAK1NKcnQg?wmode=transparent&autoplay=0\" width=\"600\" height=\"360\" allowfullscreen allow=\"autoplay; clipboard-write; encrypted-media; gyroscope; picture-in-picture;\"><\/iframe><\/div><\/div><\/div><div class=\"fusion-clearfix\"><\/div><\/div><\/div><\/div><\/div><div class=\"fusion-fullwidth fullwidth-box fusion-builder-row-8 nonhundred-percent-fullwidth non-hundred-percent-height-scrolling\" style=\"--awb-border-radius-top-left:0px;--awb-border-radius-top-right:0px;--awb-border-radius-bottom-right:0px;--awb-border-radius-bottom-left:0px;--awb-flex-wrap:wrap;\" ><div class=\"fusion-builder-row fusion-row\"><div class=\"fusion-layout-column fusion_builder_column fusion-builder-column-10 fusion_builder_column_1_1 1_1 fusion-one-full fusion-column-first fusion-column-last\" style=\"--awb-bg-size:cover;\"><div class=\"fusion-column-wrapper fusion-flex-column-wrapper-legacy\"><div class=\"fusion-text fusion-text-7\"><h2 class=\"\" data-start=\"161\" data-end=\"195\">Personalizaci\u00f3n del tratamiento<\/h2>\n<p class=\"\" data-start=\"197\" data-end=\"915\">La medicina est\u00e9tica contempor\u00e1nea se sustenta en la premisa de que <strong data-start=\"265\" data-end=\"302\">no existen soluciones universales<\/strong> cuando se trata del rejuvenecimiento facial. La flacidez no afecta a todos los pacientes por igual ni de la misma manera. Factores como la gen\u00e9tica, el tipo de piel, el grado de exposici\u00f3n solar a lo largo de la vida, los h\u00e1bitos alimentarios, el consumo de tabaco o alcohol, la variaci\u00f3n hormonal e incluso la m\u00edmica facial habitual determinan c\u00f3mo y en qu\u00e9 zonas del rostro se manifiestan los signos del envejecimiento. Por tanto, abordar la flacidez facial de forma efectiva implica <strong data-start=\"789\" data-end=\"826\">una planificaci\u00f3n individualizada<\/strong> que atienda a las particularidades anat\u00f3micas, funcionales y est\u00e9ticas de cada paciente.<\/p>\n<h3 class=\"\" data-start=\"917\" data-end=\"957\">Evaluaci\u00f3n diagn\u00f3stica personalizada<\/h3>\n<p class=\"\" data-start=\"959\" data-end=\"1085\">El primer paso para dise\u00f1ar un tratamiento eficaz es realizar una <strong data-start=\"1025\" data-end=\"1058\">valoraci\u00f3n cl\u00ednica exhaustiva<\/strong>. Este diagn\u00f3stico incluye:<\/p>\n<ul data-start=\"1087\" data-end=\"1714\">\n<li class=\"\" data-start=\"1087\" data-end=\"1263\">\n<p class=\"\" data-start=\"1089\" data-end=\"1263\"><strong data-start=\"1089\" data-end=\"1123\">An\u00e1lisis facial tridimensional<\/strong>: Este an\u00e1lisis se realiza mediante observaci\u00f3n directa y, en algunos casos, con herramientas digitales de escaneo facial. Permite identificar desproporciones sutiles y mapear \u00e1reas donde el tejido ha perdido soporte. A partir de este estudio, se establecen las zonas prioritarias de intervenci\u00f3n para recuperar el equilibrio facial sin alterar la expresi\u00f3n natural.<\/p>\n<\/li>\n<li class=\"\" data-start=\"1264\" data-end=\"1398\">\n<p class=\"\" data-start=\"1266\" data-end=\"1398\"><strong data-start=\"1266\" data-end=\"1299\">Evaluaci\u00f3n del estado cut\u00e1neo<\/strong>: A trav\u00e9s de la palpaci\u00f3n, observaci\u00f3n con luz y dispositivos de diagn\u00f3stico d\u00e9rmico, se mide la resistencia, elasticidad y grosor de la piel. Se valora la presencia de signos de fotoenvejecimiento, como pigmentaciones irregulares o textura rugosa, que pueden interferir en la respuesta a tratamientos regenerativos y deben ser corregidos de forma complementaria.<\/p>\n<\/li>\n<li class=\"\" data-start=\"1399\" data-end=\"1556\">\n<p class=\"\" data-start=\"1401\" data-end=\"1556\"><strong data-start=\"1401\" data-end=\"1424\">Valoraci\u00f3n muscular<\/strong>: Incluye tanto la observaci\u00f3n en reposo como la din\u00e1mica facial al gesticular, para detectar debilidad, hipertrofia o asimetr\u00edas musculares. Esta informaci\u00f3n es clave para decidir si se necesita tonificaci\u00f3n activa, relajaci\u00f3n muscular selectiva o ambos enfoques, seg\u00fan el patr\u00f3n funcional y la expresividad habitual del paciente.<\/p>\n<\/li>\n<li class=\"\" data-start=\"1557\" data-end=\"1714\">\n<p class=\"\" data-start=\"1559\" data-end=\"1714\"><strong data-start=\"1559\" data-end=\"1597\">Historia cl\u00ednica y h\u00e1bitos de vida<\/strong>: Se recopilan datos sobre enfermedades cr\u00f3nicas, antecedentes est\u00e9ticos, uso de medicaci\u00f3n y h\u00e1bitos diarios como sue\u00f1o, dieta o ejercicio, todos ellos influyentes en la salud cut\u00e1nea. Adem\u00e1s, se consideran factores emocionales y de autoestima que pueden impactar en la percepci\u00f3n del resultado est\u00e9tico y la adherencia al tratamiento propuesto.<\/p>\n<\/li>\n<\/ul>\n<p class=\"\" data-start=\"1716\" data-end=\"1883\">Esta evaluaci\u00f3n permite establecer un <strong data-start=\"1754\" data-end=\"1790\">diagn\u00f3stico est\u00e9tico diferencial<\/strong>, clave para definir un protocolo de tratamiento que sea no solo eficaz, sino tambi\u00e9n seguro.<\/p>\n<h3 class=\"\" data-start=\"1885\" data-end=\"1927\">Dise\u00f1o de un plan terap\u00e9utico a medida<\/h3>\n<p class=\"\" data-start=\"1929\" data-end=\"2045\">Con la informaci\u00f3n obtenida, se construye un plan terap\u00e9utico personalizado que responde a las siguientes preguntas:<\/p>\n<h4 data-start=\"2049\" data-end=\"2120\">\u00bfQu\u00e9 capas del rostro necesitan intervenci\u00f3n (\u00f3sea, muscular, d\u00e9rmica)?<\/h4>\n<p class=\"\" data-start=\"2049\" data-end=\"2120\">Cada rostro envejece de forma diferente y no todas las capas se ven afectadas con la misma intensidad. Mediante la evaluaci\u00f3n previa, se determina qu\u00e9 estructuras han perdido soporte, elasticidad o tonicidad. Esta diferenciaci\u00f3n permite aplicar recursos espec\u00edficos en cada plano anat\u00f3mico, evitando tratamientos innecesarios y optimizando la intervenci\u00f3n.<\/p>\n<h4 data-start=\"2123\" data-end=\"2215\">\u00bfQu\u00e9 t\u00e9cnicas son las m\u00e1s adecuadas seg\u00fan la edad, tipo de piel y expectativas del paciente?<\/h4>\n<p class=\"\" data-start=\"2123\" data-end=\"2215\">La elecci\u00f3n de t\u00e9cnicas se adapta tanto al estado biol\u00f3gico del paciente como a sus objetivos est\u00e9ticos y nivel de tolerancia a procedimientos. Mientras que en edades tempranas pueden bastar los bioestimuladores o la radiofrecuencia, en pieles maduras o m\u00e1s desvitalizadas pueden requerirse rellenos estructurales o tecnolog\u00edas m\u00e1s profundas, siempre en funci\u00f3n del resultado deseado.<\/p>\n<h4 data-start=\"2218\" data-end=\"2328\">\u00bfCu\u00e1l es la secuencia ideal de tratamientos para maximizar resultados sin interferencias entre procedimientos?<\/h4>\n<p class=\"\" data-start=\"2218\" data-end=\"2328\">Un protocolo eficaz no solo considera qu\u00e9 t\u00e9cnicas se aplican, sino en qu\u00e9 orden se integran. Comenzar por restaurar volumen o estimular estructuras profundas permite que los tratamientos posteriores en la superficie cut\u00e1nea sean m\u00e1s efectivos. Evitar la superposici\u00f3n de procedimientos tambi\u00e9n minimiza el riesgo de inflamaci\u00f3n, incompatibilidades o efectos no deseados.<\/p>\n<h4 data-start=\"2331\" data-end=\"2421\">\u00bfQu\u00e9 ritmo de sesiones y mantenimiento se requiere para sostener los efectos en el tiempo?<\/h4>\n<p class=\"\" data-start=\"2331\" data-end=\"2421\">La longevidad de los resultados depende tanto del tipo de tratamiento como de la respuesta individual del paciente. Por ello, se establece un cronograma de sesiones iniciales seguido de un plan de mantenimiento ajustado al ritmo de envejecimiento biol\u00f3gico. Este seguimiento asegura que los beneficios se prolonguen y que cualquier signo de reca\u00edda se corrija de forma precoz.<\/p>\n<p class=\"\" data-start=\"2423\" data-end=\"2745\">El protocolo puede combinar tecnolog\u00edas m\u00ednimamente invasivas como <strong data-start=\"2490\" data-end=\"2572\">\u00e1cido hialur\u00f3nico, <a href=\"https:\/\/www.idermic.es\/es\/hifu-facial-con-liftera-lifting-facial-no-invasivo-y-eficaz\/\">HIFU<\/a>, bioestimuladores, radiofrecuencia o neuroestimulaci\u00f3n<\/strong>, en funci\u00f3n de la evaluaci\u00f3n realizada. En pacientes con flacidez moderada a severa, tambi\u00e9n puede contemplarse la combinaci\u00f3n con t\u00e9cnicas quir\u00fargicas, si fuera necesario.<\/p>\n<h3 class=\"\" data-start=\"2747\" data-end=\"2786\">Adaptaci\u00f3n progresiva y seguimiento<\/h3>\n<p class=\"\" data-start=\"2788\" data-end=\"3176\">Otra ventaja de la personalizaci\u00f3n es la posibilidad de realizar un <strong data-start=\"2856\" data-end=\"2895\">tratamiento progresivo y controlado<\/strong>, evitando cambios bruscos o antinaturales. La intervenci\u00f3n est\u00e9tica puede distribuirse en varias sesiones, evaluando los resultados paso a paso y ajustando la estrategia seg\u00fan la evoluci\u00f3n del rostro. Esto permite corregir de forma m\u00e1s precisa y obtener resultados m\u00e1s armoniosos.<\/p>\n<p class=\"\" data-start=\"3178\" data-end=\"3490\">El <strong data-start=\"3181\" data-end=\"3213\">seguimiento post-tratamiento<\/strong> tambi\u00e9n es parte esencial de la personalizaci\u00f3n. A trav\u00e9s de controles peri\u00f3dicos, el especialista puede monitorizar los efectos del tratamiento, recomendar ajustes, indicar cuidados domiciliarios complementarios y planificar sesiones de mantenimiento en los plazos adecuados.<\/p>\n<h3 class=\"\" data-start=\"3492\" data-end=\"3537\">Resultados m\u00e1s naturales y satisfactorios<\/h3>\n<p class=\"\" data-start=\"3539\" data-end=\"4065\">Finalmente, la personalizaci\u00f3n garantiza que los resultados obtenidos respeten la <strong data-start=\"3621\" data-end=\"3654\">identidad facial del paciente<\/strong>, sin forzar simetr\u00edas imposibles ni alterar los rasgos que lo definen. Esta armon\u00eda es fundamental para que el rejuvenecimiento facial sea percibido como un reflejo de vitalidad, y no como una transformaci\u00f3n artificial. Adem\u00e1s, se reducen significativamente los riesgos de efectos adversos o insatisfacci\u00f3n, ya que el tratamiento est\u00e1 alineado con las expectativas reales del paciente y su anatom\u00eda espec\u00edfica.<\/p>\n<h2 class=\"\" data-start=\"6022\" data-end=\"6035\">Consideraciones finales<\/h2>\n<p>La<strong> flacidez facial<\/strong> es una condici\u00f3n compleja que requiere un enfoque integral y personalizado. La combinaci\u00f3n de tratamientos que act\u00faan sobre las diferentes capas del rostro \u2014\u00f3sea, muscular y superficial\u2014 permite abordar de manera efectiva las causas subyacentes de la flacidez, restaurando la firmeza y juventud del rostro. Consultar con un especialista en medicina est\u00e9tica es el primer paso para dise\u00f1ar un plan de tratamiento adecuado y seguro.<\/p>\n<p>Para cualquier consulta sobre la flacidez facial y sus posibles tratamientos, en Idermic, tu <strong><a href=\"http:\/\/idermic.es\/\">dermat\u00f3logo en Terrassa<\/a><\/strong> estaremos encantados de atenderte.<\/p>\n<\/div><div class=\"fusion-clearfix\"><\/div><\/div><\/div><\/div><\/div><div class=\"fusion-fullwidth fullwidth-box fusion-builder-row-9 nonhundred-percent-fullwidth non-hundred-percent-height-scrolling\" style=\"--awb-border-radius-top-left:0px;--awb-border-radius-top-right:0px;--awb-border-radius-bottom-right:0px;--awb-border-radius-bottom-left:0px;--awb-flex-wrap:wrap;\" ><div class=\"fusion-builder-row fusion-row\"><div class=\"fusion-layout-column fusion_builder_column fusion-builder-column-11 fusion_builder_column_1_1 1_1 fusion-one-full fusion-column-first fusion-column-last\" style=\"--awb-bg-size:cover;\"><div class=\"fusion-column-wrapper fusion-flex-column-wrapper-legacy\"><div class=\"fusion-sep-clear\"><\/div><div class=\"fusion-separator fusion-full-width-sep\" style=\"margin-left: auto;margin-right: auto;width:100%;\"><div class=\"fusion-separator-border sep-double\" style=\"--awb-height:20px;--awb-amount:20px;border-color:#e0dede;border-top-width:1px;border-bottom-width:1px;\"><\/div><\/div><div class=\"fusion-sep-clear\"><\/div><div class=\"fusion-clearfix\"><\/div><\/div><\/div><\/div><\/div><div class=\"fusion-fullwidth fullwidth-box fusion-builder-row-10 nonhundred-percent-fullwidth non-hundred-percent-height-scrolling\" style=\"--awb-border-radius-top-left:0px;--awb-border-radius-top-right:0px;--awb-border-radius-bottom-right:0px;--awb-border-radius-bottom-left:0px;--awb-flex-wrap:wrap;\" ><div class=\"fusion-builder-row fusion-row\"><div class=\"fusion-layout-column fusion_builder_column fusion-builder-column-12 fusion_builder_column_1_1 1_1 fusion-one-full fusion-column-first fusion-column-last\" style=\"--awb-bg-size:cover;\"><div class=\"fusion-column-wrapper fusion-flex-column-wrapper-legacy\"><blockquote class=\"instagram-media\" data-instgrm-captioned data-instgrm-permalink=\"https:\/\/www.instagram.com\/reel\/DIyc8UnomaD\/?utm_source=ig_embed&utm_campaign=loading\" data-instgrm-version=\"14\" style=\" background:#FFF; border:0; border-radius:3px; box-shadow:0 0 1px 0 rgba(0,0,0,0.5),0 1px 10px 0 rgba(0,0,0,0.15); margin: 1px; max-width:540px; min-width:326px; padding:0; width:99.375%; width:-webkit-calc(100% - 2px); width:calc(100% - 2px);\"><div style=\"padding:16px;\"> <a href=\"https:\/\/www.instagram.com\/reel\/DIyc8UnomaD\/?utm_source=ig_embed&utm_campaign=loading\" style=\" background:#FFFFFF; line-height:0; padding:0 0; text-align:center; text-decoration:none; width:100%;\" target=\"_blank\"> <div style=\" display: flex; flex-direction: row; align-items: center;\"> <div style=\"background-color: #F4F4F4; border-radius: 50%; flex-grow: 0; height: 40px; margin-right: 14px; width: 40px;\"><\/div> <div style=\"display: flex; flex-direction: column; flex-grow: 1; justify-content: center;\"> <div style=\" background-color: #F4F4F4; border-radius: 4px; flex-grow: 0; height: 14px; margin-bottom: 6px; width: 100px;\"><\/div> <div style=\" background-color: #F4F4F4; border-radius: 4px; flex-grow: 0; height: 14px; width: 60px;\"><\/div><\/div><\/div><div style=\"padding: 19% 0;\"><\/div> <div style=\"display:block; height:50px; margin:0 auto 12px; width:50px;\"><svg width=\"50px\" height=\"50px\" viewBox=\"0 0 60 60\" version=\"1.1\" xmlns=\"https:\/\/www.w3.org\/2000\/svg\" xmlns:xlink=\"https:\/\/www.w3.org\/1999\/xlink\"><g stroke=\"none\" stroke-width=\"1\" fill=\"none\" fill-rule=\"evenodd\"><g transform=\"translate(-511.000000, -20.000000)\" fill=\"#000000\"><g><path d=\"M556.869,30.41 C554.814,30.41 553.148,32.076 553.148,34.131 C553.148,36.186 554.814,37.852 556.869,37.852 C558.924,37.852 560.59,36.186 560.59,34.131 C560.59,32.076 558.924,30.41 556.869,30.41 M541,60.657 C535.114,60.657 530.342,55.887 530.342,50 C530.342,44.114 535.114,39.342 541,39.342 C546.887,39.342 551.658,44.114 551.658,50 C551.658,55.887 546.887,60.657 541,60.657 M541,33.886 C532.1,33.886 524.886,41.1 524.886,50 C524.886,58.899 532.1,66.113 541,66.113 C549.9,66.113 557.115,58.899 557.115,50 C557.115,41.1 549.9,33.886 541,33.886 M565.378,62.101 C565.244,65.022 564.756,66.606 564.346,67.663 C563.803,69.06 563.154,70.057 562.106,71.106 C561.058,72.155 560.06,72.803 558.662,73.347 C557.607,73.757 556.021,74.244 553.102,74.378 C549.944,74.521 548.997,74.552 541,74.552 C533.003,74.552 532.056,74.521 528.898,74.378 C525.979,74.244 524.393,73.757 523.338,73.347 C521.94,72.803 520.942,72.155 519.894,71.106 C518.846,70.057 518.197,69.06 517.654,67.663 C517.244,66.606 516.755,65.022 516.623,62.101 C516.479,58.943 516.448,57.996 516.448,50 C516.448,42.003 516.479,41.056 516.623,37.899 C516.755,34.978 517.244,33.391 517.654,32.338 C518.197,30.938 518.846,29.942 519.894,28.894 C520.942,27.846 521.94,27.196 523.338,26.654 C524.393,26.244 525.979,25.756 528.898,25.623 C532.057,25.479 533.004,25.448 541,25.448 C548.997,25.448 549.943,25.479 553.102,25.623 C556.021,25.756 557.607,26.244 558.662,26.654 C560.06,27.196 561.058,27.846 562.106,28.894 C563.154,29.942 563.803,30.938 564.346,32.338 C564.756,33.391 565.244,34.978 565.378,37.899 C565.522,41.056 565.552,42.003 565.552,50 C565.552,57.996 565.522,58.943 565.378,62.101 M570.82,37.631 C570.674,34.438 570.167,32.258 569.425,30.349 C568.659,28.377 567.633,26.702 565.965,25.035 C564.297,23.368 562.623,22.342 560.652,21.575 C558.743,20.834 556.562,20.326 553.369,20.18 C550.169,20.033 549.148,20 541,20 C532.853,20 531.831,20.033 528.631,20.18 C525.438,20.326 523.257,20.834 521.349,21.575 C519.376,22.342 517.703,23.368 516.035,25.035 C514.368,26.702 513.342,28.377 512.574,30.349 C511.834,32.258 511.326,34.438 511.181,37.631 C511.035,40.831 511,41.851 511,50 C511,58.147 511.035,59.17 511.181,62.369 C511.326,65.562 511.834,67.743 512.574,69.651 C513.342,71.625 514.368,73.296 516.035,74.965 C517.703,76.634 519.376,77.658 521.349,78.425 C523.257,79.167 525.438,79.673 528.631,79.82 C531.831,79.965 532.853,80.001 541,80.001 C549.148,80.001 550.169,79.965 553.369,79.82 C556.562,79.673 558.743,79.167 560.652,78.425 C562.623,77.658 564.297,76.634 565.965,74.965 C567.633,73.296 568.659,71.625 569.425,69.651 C570.167,67.743 570.674,65.562 570.82,62.369 C570.966,59.17 571,58.147 571,50 C571,41.851 570.966,40.831 570.82,37.631\"><\/path><\/g><\/g><\/g><\/svg><\/div><div style=\"padding-top: 8px;\"> <div style=\" color:#3897f0; font-family:Arial,sans-serif; font-size:14px; font-style:normal; font-weight:550; line-height:18px;\">Ver esta publicaci\u00f3n en Instagram<\/div><\/div><div style=\"padding: 12.5% 0;\"><\/div> <div style=\"display: flex; flex-direction: row; margin-bottom: 14px; align-items: center;\"><div> <div style=\"background-color: #F4F4F4; border-radius: 50%; height: 12.5px; width: 12.5px; transform: translateX(0px) translateY(7px);\"><\/div> <div style=\"background-color: #F4F4F4; height: 12.5px; transform: rotate(-45deg) translateX(3px) translateY(1px); width: 12.5px; flex-grow: 0; margin-right: 14px; margin-left: 2px;\"><\/div> <div style=\"background-color: #F4F4F4; border-radius: 50%; height: 12.5px; width: 12.5px; transform: translateX(9px) translateY(-18px);\"><\/div><\/div><div style=\"margin-left: 8px;\"> <div style=\" background-color: #F4F4F4; border-radius: 50%; flex-grow: 0; height: 20px; width: 20px;\"><\/div> <div style=\" width: 0; height: 0; border-top: 2px solid transparent; border-left: 6px solid #f4f4f4; border-bottom: 2px solid transparent; transform: translateX(16px) translateY(-4px) rotate(30deg)\"><\/div><\/div><div style=\"margin-left: auto;\"> <div style=\" width: 0px; border-top: 8px solid #F4F4F4; border-right: 8px solid transparent; transform: translateY(16px);\"><\/div> <div style=\" background-color: #F4F4F4; flex-grow: 0; height: 12px; width: 16px; transform: translateY(-4px);\"><\/div> <div style=\" width: 0; height: 0; border-top: 8px solid #F4F4F4; border-left: 8px solid transparent; transform: translateY(-4px) translateX(8px);\"><\/div><\/div><\/div> <div style=\"display: flex; flex-direction: column; flex-grow: 1; justify-content: center; margin-bottom: 24px;\"> <div style=\" background-color: #F4F4F4; border-radius: 4px; flex-grow: 0; height: 14px; margin-bottom: 6px; width: 224px;\"><\/div> <div style=\" background-color: #F4F4F4; border-radius: 4px; flex-grow: 0; height: 14px; width: 144px;\"><\/div><\/div><\/a><p style=\" color:#c9c8cd; font-family:Arial,sans-serif; font-size:14px; line-height:17px; margin-bottom:0; margin-top:8px; overflow:hidden; padding:8px 0 7px; text-align:center; text-overflow:ellipsis; white-space:nowrap;\"><a href=\"https:\/\/www.instagram.com\/reel\/DIyc8UnomaD\/?utm_source=ig_embed&utm_campaign=loading\" style=\" color:#c9c8cd; font-family:Arial,sans-serif; font-size:14px; font-style:normal; font-weight:normal; line-height:17px; text-decoration:none;\" target=\"_blank\">Una publicaci\u00f3n compartida de IDERMIC - Dermatolog\u00eda m\u00e9dica y est\u00e9tica (@idermicclinic)<\/a><\/p><\/div><\/blockquote>\n<script async src=\"\/\/www.instagram.com\/embed.js\"><\/script><div class=\"fusion-clearfix\"><\/div><\/div><\/div><\/div><\/div><\/p>\n","protected":false},"excerpt":{"rendered":"<p>Tratamientos combinados m\u00e1s eficaces para la flacidez facial: \u00e1cido hialur\u00f3nico, HIFU, radiofrecuencia con aguja y neuroestimulaci\u00f3n.<\/p>\n","protected":false},"author":3,"featured_media":7587,"comment_status":"open","ping_status":"closed","sticky":false,"template":"","format":"standard","meta":{"_joinchat":[],"footnotes":""},"categories":[60,37],"tags":[],"class_list":["post-7579","post","type-post","status-publish","format-standard","has-post-thumbnail","hentry","category-dermatologia-estetica-es","category-tecnologia"],"yoast_head":"<!-- This site is optimized with the Yoast SEO plugin v28.4 - https:\/\/yoast.com\/product\/yoast-seo-wordpress\/ -->\n<title>Tratamientos para la flacidez facial -<\/title>\n<meta name=\"description\" content=\"Tratamientos combinados m\u00e1s eficaces para la flacidez facial: \u00e1cido hialur\u00f3nico, HIFU, radiofrecuencia con aguja y neuroestimulaci\u00f3n.\" \/>\n<meta name=\"robots\" content=\"index, follow, max-snippet:-1, max-image-preview:large, max-video-preview:-1\" \/>\n<link rel=\"canonical\" href=\"https:\/\/www.idermic.es\/es\/tratamientos-para-la-flacidez-facial\/\" \/>\n<meta property=\"og:locale\" content=\"es_ES\" \/>\n<meta property=\"og:type\" content=\"article\" \/>\n<meta property=\"og:title\" content=\"Tratamientos para la flacidez facial -\" \/>\n<meta property=\"og:description\" content=\"Tratamientos combinados m\u00e1s eficaces para la flacidez facial: \u00e1cido hialur\u00f3nico, HIFU, radiofrecuencia con aguja y neuroestimulaci\u00f3n.\" \/>\n<meta property=\"og:url\" content=\"https:\/\/www.idermic.es\/es\/tratamientos-para-la-flacidez-facial\/\" \/>\n<meta property=\"og:site_name\" content=\"Idermic. Dermatolog\u00eda en Terrassa\" \/>\n<meta property=\"article:publisher\" content=\"https:\/\/www.facebook.com\/Idermic\" \/>\n<meta property=\"article:published_time\" content=\"2025-04-22T08:28:01+00:00\" \/>\n<meta property=\"article:modified_time\" content=\"2026-05-26T09:50:44+00:00\" \/>\n<meta property=\"og:image\" content=\"https:\/\/www.idermic.es\/wp-content\/uploads\/2025\/04\/Tratamientos-para-la-flacidez-facial-1-4.png\" \/>\n\t<meta property=\"og:image:width\" content=\"471\" \/>\n\t<meta property=\"og:image:height\" content=\"782\" \/>\n\t<meta property=\"og:image:type\" content=\"image\/png\" \/>\n<meta name=\"author\" content=\"Equipo\" \/>\n<meta name=\"twitter:card\" content=\"summary_large_image\" \/>\n<meta name=\"twitter:creator\" content=\"@idermic\" \/>\n<meta name=\"twitter:site\" content=\"@idermic\" \/>\n<meta name=\"twitter:label1\" content=\"Escrito por\" \/>\n\t<meta name=\"twitter:data1\" content=\"Equipo\" \/>\n\t<meta name=\"twitter:label2\" content=\"Tiempo de lectura\" \/>\n\t<meta name=\"twitter:data2\" content=\"14 minutos\" \/>\n<script type=\"application\/ld+json\" class=\"yoast-schema-graph\">{\"@context\":\"https:\\\/\\\/schema.org\",\"@graph\":[{\"@type\":\"Article\",\"@id\":\"https:\\\/\\\/www.idermic.es\\\/es\\\/tratamientos-para-la-flacidez-facial\\\/#article\",\"isPartOf\":{\"@id\":\"https:\\\/\\\/www.idermic.es\\\/es\\\/tratamientos-para-la-flacidez-facial\\\/\"},\"author\":{\"name\":\"Equipo\",\"@id\":\"https:\\\/\\\/www.idermic.es\\\/#\\\/schema\\\/person\\\/c12703027a878b23d3c71c87921a82f8\"},\"headline\":\"Tratamientos para la flacidez facial\",\"datePublished\":\"2025-04-22T08:28:01+00:00\",\"dateModified\":\"2026-05-26T09:50:44+00:00\",\"mainEntityOfPage\":{\"@id\":\"https:\\\/\\\/www.idermic.es\\\/es\\\/tratamientos-para-la-flacidez-facial\\\/\"},\"wordCount\":6065,\"commentCount\":0,\"publisher\":{\"@id\":\"https:\\\/\\\/www.idermic.es\\\/#organization\"},\"image\":{\"@id\":\"https:\\\/\\\/www.idermic.es\\\/es\\\/tratamientos-para-la-flacidez-facial\\\/#primaryimage\"},\"thumbnailUrl\":\"https:\\\/\\\/www.idermic.es\\\/wp-content\\\/uploads\\\/2025\\\/04\\\/Tratamientos-para-la-flacidez-facial-1-4.png\",\"articleSection\":[\"Dermatologia est\u00e8tica\",\"Tecnolog\u00eda\"],\"inLanguage\":\"es\",\"potentialAction\":[{\"@type\":\"CommentAction\",\"name\":\"Comment\",\"target\":[\"https:\\\/\\\/www.idermic.es\\\/es\\\/tratamientos-para-la-flacidez-facial\\\/#respond\"]}]},{\"@type\":\"WebPage\",\"@id\":\"https:\\\/\\\/www.idermic.es\\\/es\\\/tratamientos-para-la-flacidez-facial\\\/\",\"url\":\"https:\\\/\\\/www.idermic.es\\\/es\\\/tratamientos-para-la-flacidez-facial\\\/\",\"name\":\"Tratamientos para la flacidez facial -\",\"isPartOf\":{\"@id\":\"https:\\\/\\\/www.idermic.es\\\/#website\"},\"primaryImageOfPage\":{\"@id\":\"https:\\\/\\\/www.idermic.es\\\/es\\\/tratamientos-para-la-flacidez-facial\\\/#primaryimage\"},\"image\":{\"@id\":\"https:\\\/\\\/www.idermic.es\\\/es\\\/tratamientos-para-la-flacidez-facial\\\/#primaryimage\"},\"thumbnailUrl\":\"https:\\\/\\\/www.idermic.es\\\/wp-content\\\/uploads\\\/2025\\\/04\\\/Tratamientos-para-la-flacidez-facial-1-4.png\",\"datePublished\":\"2025-04-22T08:28:01+00:00\",\"dateModified\":\"2026-05-26T09:50:44+00:00\",\"description\":\"Tratamientos combinados m\u00e1s eficaces para la flacidez facial: \u00e1cido hialur\u00f3nico, HIFU, radiofrecuencia con aguja y neuroestimulaci\u00f3n.\",\"breadcrumb\":{\"@id\":\"https:\\\/\\\/www.idermic.es\\\/es\\\/tratamientos-para-la-flacidez-facial\\\/#breadcrumb\"},\"inLanguage\":\"es\",\"potentialAction\":[{\"@type\":\"ReadAction\",\"target\":[\"https:\\\/\\\/www.idermic.es\\\/es\\\/tratamientos-para-la-flacidez-facial\\\/\"]}]},{\"@type\":\"ImageObject\",\"inLanguage\":\"es\",\"@id\":\"https:\\\/\\\/www.idermic.es\\\/es\\\/tratamientos-para-la-flacidez-facial\\\/#primaryimage\",\"url\":\"https:\\\/\\\/www.idermic.es\\\/wp-content\\\/uploads\\\/2025\\\/04\\\/Tratamientos-para-la-flacidez-facial-1-4.png\",\"contentUrl\":\"https:\\\/\\\/www.idermic.es\\\/wp-content\\\/uploads\\\/2025\\\/04\\\/Tratamientos-para-la-flacidez-facial-1-4.png\",\"width\":471,\"height\":782,\"caption\":\"El \u00e1cido hialur\u00f3nico es un tratamiento que se utiliza para compensar la p\u00e9rdida de volumen y cambios en en la estructura facial a nivel \u00f3seo.\"},{\"@type\":\"BreadcrumbList\",\"@id\":\"https:\\\/\\\/www.idermic.es\\\/es\\\/tratamientos-para-la-flacidez-facial\\\/#breadcrumb\",\"itemListElement\":[{\"@type\":\"ListItem\",\"position\":1,\"name\":\"Inici\",\"item\":\"https:\\\/\\\/www.idermic.es\\\/es\\\/\"},{\"@type\":\"ListItem\",\"position\":2,\"name\":\"Tratamientos para la flacidez facial\"}]},{\"@type\":\"WebSite\",\"@id\":\"https:\\\/\\\/www.idermic.es\\\/#website\",\"url\":\"https:\\\/\\\/www.idermic.es\\\/\",\"name\":\"Idermic. Dermatolog\u00eda en Terrassa\",\"description\":\"Dermatolog\u00eda, Medicina est\u00e9tica, Cirurg\u00eda Pl\u00e0stica\",\"publisher\":{\"@id\":\"https:\\\/\\\/www.idermic.es\\\/#organization\"},\"potentialAction\":[{\"@type\":\"SearchAction\",\"target\":{\"@type\":\"EntryPoint\",\"urlTemplate\":\"https:\\\/\\\/www.idermic.es\\\/?s={search_term_string}\"},\"query-input\":{\"@type\":\"PropertyValueSpecification\",\"valueRequired\":true,\"valueName\":\"search_term_string\"}}],\"inLanguage\":\"es\"},{\"@type\":\"Organization\",\"@id\":\"https:\\\/\\\/www.idermic.es\\\/#organization\",\"name\":\"Idermic. Dermatolog\u00eda en Terrassa\",\"url\":\"https:\\\/\\\/www.idermic.es\\\/\",\"logo\":{\"@type\":\"ImageObject\",\"inLanguage\":\"es\",\"@id\":\"https:\\\/\\\/www.idermic.es\\\/#\\\/schema\\\/logo\\\/image\\\/\",\"url\":\"https:\\\/\\\/www.idermic.es\\\/wp-content\\\/uploads\\\/2025\\\/10\\\/Logo-Idermic.jpg\",\"contentUrl\":\"https:\\\/\\\/www.idermic.es\\\/wp-content\\\/uploads\\\/2025\\\/10\\\/Logo-Idermic.jpg\",\"width\":501,\"height\":502,\"caption\":\"Idermic. Dermatolog\u00eda en Terrassa\"},\"image\":{\"@id\":\"https:\\\/\\\/www.idermic.es\\\/#\\\/schema\\\/logo\\\/image\\\/\"},\"sameAs\":[\"https:\\\/\\\/www.facebook.com\\\/Idermic\",\"https:\\\/\\\/x.com\\\/idermic\",\"https:\\\/\\\/www.instagram.com\\\/idermicclinic\\\/\",\"https:\\\/\\\/www.youtube.com\\\/channel\\\/UCyAHC9-p8lc6hr_nguO8p_g\"]},{\"@type\":\"Person\",\"@id\":\"https:\\\/\\\/www.idermic.es\\\/#\\\/schema\\\/person\\\/c12703027a878b23d3c71c87921a82f8\",\"name\":\"Equipo\",\"image\":{\"@type\":\"ImageObject\",\"inLanguage\":\"es\",\"@id\":\"https:\\\/\\\/secure.gravatar.com\\\/avatar\\\/7ca0be23248108c6b0887e0693b7dcf7764bd3503f84d1f04e6653ef7c3b9420?s=96&d=mm&r=g\",\"url\":\"https:\\\/\\\/secure.gravatar.com\\\/avatar\\\/7ca0be23248108c6b0887e0693b7dcf7764bd3503f84d1f04e6653ef7c3b9420?s=96&d=mm&r=g\",\"contentUrl\":\"https:\\\/\\\/secure.gravatar.com\\\/avatar\\\/7ca0be23248108c6b0887e0693b7dcf7764bd3503f84d1f04e6653ef7c3b9420?s=96&d=mm&r=g\",\"caption\":\"Equipo\"},\"description\":\"Equipo de Idermic\"}]}<\/script>\n<!-- \/ Yoast SEO plugin. -->","yoast_head_json":{"title":"Tratamientos para la flacidez facial -","description":"Tratamientos combinados m\u00e1s eficaces para la flacidez facial: \u00e1cido hialur\u00f3nico, HIFU, radiofrecuencia con aguja y neuroestimulaci\u00f3n.","robots":{"index":"index","follow":"follow","max-snippet":"max-snippet:-1","max-image-preview":"max-image-preview:large","max-video-preview":"max-video-preview:-1"},"canonical":"https:\/\/www.idermic.es\/es\/tratamientos-para-la-flacidez-facial\/","og_locale":"es_ES","og_type":"article","og_title":"Tratamientos para la flacidez facial -","og_description":"Tratamientos combinados m\u00e1s eficaces para la flacidez facial: \u00e1cido hialur\u00f3nico, HIFU, radiofrecuencia con aguja y neuroestimulaci\u00f3n.","og_url":"https:\/\/www.idermic.es\/es\/tratamientos-para-la-flacidez-facial\/","og_site_name":"Idermic. Dermatolog\u00eda en Terrassa","article_publisher":"https:\/\/www.facebook.com\/Idermic","article_published_time":"2025-04-22T08:28:01+00:00","article_modified_time":"2026-05-26T09:50:44+00:00","og_image":[{"width":471,"height":782,"url":"https:\/\/www.idermic.es\/wp-content\/uploads\/2025\/04\/Tratamientos-para-la-flacidez-facial-1-4.png","type":"image\/png"}],"author":"Equipo","twitter_card":"summary_large_image","twitter_creator":"@idermic","twitter_site":"@idermic","twitter_misc":{"Escrito por":"Equipo","Tiempo de lectura":"14 minutos"},"schema":{"@context":"https:\/\/schema.org","@graph":[{"@type":"Article","@id":"https:\/\/www.idermic.es\/es\/tratamientos-para-la-flacidez-facial\/#article","isPartOf":{"@id":"https:\/\/www.idermic.es\/es\/tratamientos-para-la-flacidez-facial\/"},"author":{"name":"Equipo","@id":"https:\/\/www.idermic.es\/#\/schema\/person\/c12703027a878b23d3c71c87921a82f8"},"headline":"Tratamientos para la flacidez facial","datePublished":"2025-04-22T08:28:01+00:00","dateModified":"2026-05-26T09:50:44+00:00","mainEntityOfPage":{"@id":"https:\/\/www.idermic.es\/es\/tratamientos-para-la-flacidez-facial\/"},"wordCount":6065,"commentCount":0,"publisher":{"@id":"https:\/\/www.idermic.es\/#organization"},"image":{"@id":"https:\/\/www.idermic.es\/es\/tratamientos-para-la-flacidez-facial\/#primaryimage"},"thumbnailUrl":"https:\/\/www.idermic.es\/wp-content\/uploads\/2025\/04\/Tratamientos-para-la-flacidez-facial-1-4.png","articleSection":["Dermatologia est\u00e8tica","Tecnolog\u00eda"],"inLanguage":"es","potentialAction":[{"@type":"CommentAction","name":"Comment","target":["https:\/\/www.idermic.es\/es\/tratamientos-para-la-flacidez-facial\/#respond"]}]},{"@type":"WebPage","@id":"https:\/\/www.idermic.es\/es\/tratamientos-para-la-flacidez-facial\/","url":"https:\/\/www.idermic.es\/es\/tratamientos-para-la-flacidez-facial\/","name":"Tratamientos para la flacidez facial -","isPartOf":{"@id":"https:\/\/www.idermic.es\/#website"},"primaryImageOfPage":{"@id":"https:\/\/www.idermic.es\/es\/tratamientos-para-la-flacidez-facial\/#primaryimage"},"image":{"@id":"https:\/\/www.idermic.es\/es\/tratamientos-para-la-flacidez-facial\/#primaryimage"},"thumbnailUrl":"https:\/\/www.idermic.es\/wp-content\/uploads\/2025\/04\/Tratamientos-para-la-flacidez-facial-1-4.png","datePublished":"2025-04-22T08:28:01+00:00","dateModified":"2026-05-26T09:50:44+00:00","description":"Tratamientos combinados m\u00e1s eficaces para la flacidez facial: \u00e1cido hialur\u00f3nico, HIFU, radiofrecuencia con aguja y neuroestimulaci\u00f3n.","breadcrumb":{"@id":"https:\/\/www.idermic.es\/es\/tratamientos-para-la-flacidez-facial\/#breadcrumb"},"inLanguage":"es","potentialAction":[{"@type":"ReadAction","target":["https:\/\/www.idermic.es\/es\/tratamientos-para-la-flacidez-facial\/"]}]},{"@type":"ImageObject","inLanguage":"es","@id":"https:\/\/www.idermic.es\/es\/tratamientos-para-la-flacidez-facial\/#primaryimage","url":"https:\/\/www.idermic.es\/wp-content\/uploads\/2025\/04\/Tratamientos-para-la-flacidez-facial-1-4.png","contentUrl":"https:\/\/www.idermic.es\/wp-content\/uploads\/2025\/04\/Tratamientos-para-la-flacidez-facial-1-4.png","width":471,"height":782,"caption":"El \u00e1cido hialur\u00f3nico es un tratamiento que se utiliza para compensar la p\u00e9rdida de volumen y cambios en en la estructura facial a nivel \u00f3seo."},{"@type":"BreadcrumbList","@id":"https:\/\/www.idermic.es\/es\/tratamientos-para-la-flacidez-facial\/#breadcrumb","itemListElement":[{"@type":"ListItem","position":1,"name":"Inici","item":"https:\/\/www.idermic.es\/es\/"},{"@type":"ListItem","position":2,"name":"Tratamientos para la flacidez facial"}]},{"@type":"WebSite","@id":"https:\/\/www.idermic.es\/#website","url":"https:\/\/www.idermic.es\/","name":"Idermic. Dermatolog\u00eda en Terrassa","description":"Dermatolog\u00eda, Medicina est\u00e9tica, Cirurg\u00eda Pl\u00e0stica","publisher":{"@id":"https:\/\/www.idermic.es\/#organization"},"potentialAction":[{"@type":"SearchAction","target":{"@type":"EntryPoint","urlTemplate":"https:\/\/www.idermic.es\/?s={search_term_string}"},"query-input":{"@type":"PropertyValueSpecification","valueRequired":true,"valueName":"search_term_string"}}],"inLanguage":"es"},{"@type":"Organization","@id":"https:\/\/www.idermic.es\/#organization","name":"Idermic. Dermatolog\u00eda en Terrassa","url":"https:\/\/www.idermic.es\/","logo":{"@type":"ImageObject","inLanguage":"es","@id":"https:\/\/www.idermic.es\/#\/schema\/logo\/image\/","url":"https:\/\/www.idermic.es\/wp-content\/uploads\/2025\/10\/Logo-Idermic.jpg","contentUrl":"https:\/\/www.idermic.es\/wp-content\/uploads\/2025\/10\/Logo-Idermic.jpg","width":501,"height":502,"caption":"Idermic. Dermatolog\u00eda en Terrassa"},"image":{"@id":"https:\/\/www.idermic.es\/#\/schema\/logo\/image\/"},"sameAs":["https:\/\/www.facebook.com\/Idermic","https:\/\/x.com\/idermic","https:\/\/www.instagram.com\/idermicclinic\/","https:\/\/www.youtube.com\/channel\/UCyAHC9-p8lc6hr_nguO8p_g"]},{"@type":"Person","@id":"https:\/\/www.idermic.es\/#\/schema\/person\/c12703027a878b23d3c71c87921a82f8","name":"Equipo","image":{"@type":"ImageObject","inLanguage":"es","@id":"https:\/\/secure.gravatar.com\/avatar\/7ca0be23248108c6b0887e0693b7dcf7764bd3503f84d1f04e6653ef7c3b9420?s=96&d=mm&r=g","url":"https:\/\/secure.gravatar.com\/avatar\/7ca0be23248108c6b0887e0693b7dcf7764bd3503f84d1f04e6653ef7c3b9420?s=96&d=mm&r=g","contentUrl":"https:\/\/secure.gravatar.com\/avatar\/7ca0be23248108c6b0887e0693b7dcf7764bd3503f84d1f04e6653ef7c3b9420?s=96&d=mm&r=g","caption":"Equipo"},"description":"Equipo de Idermic"}]}},"_links":{"self":[{"href":"https:\/\/www.idermic.es\/es\/wp-json\/wp\/v2\/posts\/7579","targetHints":{"allow":["GET"]}}],"collection":[{"href":"https:\/\/www.idermic.es\/es\/wp-json\/wp\/v2\/posts"}],"about":[{"href":"https:\/\/www.idermic.es\/es\/wp-json\/wp\/v2\/types\/post"}],"author":[{"embeddable":true,"href":"https:\/\/www.idermic.es\/es\/wp-json\/wp\/v2\/users\/3"}],"replies":[{"embeddable":true,"href":"https:\/\/www.idermic.es\/es\/wp-json\/wp\/v2\/comments?post=7579"}],"version-history":[{"count":12,"href":"https:\/\/www.idermic.es\/es\/wp-json\/wp\/v2\/posts\/7579\/revisions"}],"predecessor-version":[{"id":8070,"href":"https:\/\/www.idermic.es\/es\/wp-json\/wp\/v2\/posts\/7579\/revisions\/8070"}],"wp:featuredmedia":[{"embeddable":true,"href":"https:\/\/www.idermic.es\/es\/wp-json\/wp\/v2\/media\/7587"}],"wp:attachment":[{"href":"https:\/\/www.idermic.es\/es\/wp-json\/wp\/v2\/media?parent=7579"}],"wp:term":[{"taxonomy":"category","embeddable":true,"href":"https:\/\/www.idermic.es\/es\/wp-json\/wp\/v2\/categories?post=7579"},{"taxonomy":"post_tag","embeddable":true,"href":"https:\/\/www.idermic.es\/es\/wp-json\/wp\/v2\/tags?post=7579"}],"curies":[{"name":"wp","href":"https:\/\/api.w.org\/{rel}","templated":true}]}}