{"id":7549,"date":"2025-04-17T11:44:02","date_gmt":"2025-04-17T11:44:02","guid":{"rendered":"https:\/\/www.idermic.es\/?p=7549"},"modified":"2025-04-24T07:57:15","modified_gmt":"2025-04-24T07:57:15","slug":"dermatologia-pediatrica-el-sindrome-del-anageno-suelto","status":"publish","type":"post","link":"https:\/\/www.idermic.es\/es\/dermatologia-pediatrica-el-sindrome-del-anageno-suelto\/","title":{"rendered":"Dermatolog\u00eda pedi\u00e1trica: el s\u00edndrome del an\u00e1geno suelto"},"content":{"rendered":"<p><div class=\"fusion-fullwidth fullwidth-box fusion-builder-row-1 nonhundred-percent-fullwidth non-hundred-percent-height-scrolling\" style=\"--awb-border-radius-top-left:0px;--awb-border-radius-top-right:0px;--awb-border-radius-bottom-right:0px;--awb-border-radius-bottom-left:0px;--awb-flex-wrap:wrap;\" ><div class=\"fusion-builder-row fusion-row\"><div class=\"fusion-layout-column fusion_builder_column fusion-builder-column-0 fusion_builder_column_1_1 1_1 fusion-one-full fusion-column-first fusion-column-last\" style=\"--awb-bg-size:cover;\"><div class=\"fusion-column-wrapper fusion-flex-column-wrapper-legacy\"><div class=\"fusion-text fusion-text-1\"><h1 style=\"text-align: center;\">Dermatolog\u00eda pedi\u00e1trica: el s\u00edndrome del an\u00e1geno suelto<\/h1>\n<\/div><div class=\"fusion-clearfix\"><\/div><\/div><\/div><\/div><\/div><div class=\"fusion-fullwidth fullwidth-box fusion-builder-row-2 nonhundred-percent-fullwidth non-hundred-percent-height-scrolling\" style=\"--awb-border-radius-top-left:0px;--awb-border-radius-top-right:0px;--awb-border-radius-bottom-right:0px;--awb-border-radius-bottom-left:0px;--awb-flex-wrap:wrap;\" ><div class=\"fusion-builder-row fusion-row\"><div class=\"fusion-layout-column fusion_builder_column fusion-builder-column-1 fusion_builder_column_2_3 2_3 fusion-two-third fusion-column-first\" style=\"--awb-bg-size:cover;width:66.666666666667%;width:calc(66.666666666667% - ( ( 4% ) * 0.66666666666667 ) );margin-right: 4%;\"><div class=\"fusion-column-wrapper fusion-flex-column-wrapper-legacy\"><div class=\"fusion-text fusion-text-2\"><p>El s\u00edndrome del an\u00e1geno suelto es un trastorno capilar poco frecuente que se presenta principalmente en la infancia y suele estar subdiagnosticado en las consultas de dermatolog\u00eda pedi\u00e1trica.<\/p>\n<p>Caracterizado por la facilidad con la que el cabello se desprende del cuero cabelludo sin dolor ni inflamaci\u00f3n visible, este s\u00edndrome plantea retos tanto en su diagn\u00f3stico como en su manejo cl\u00ednico.<\/p>\n<p>Su identificaci\u00f3n precoz es clave para evitar preocupaciones innecesarias por parte de los cuidadores y orientar adecuadamente a las familias. En este art\u00edculo la Dra Carolina Prat nos explica todo lo que debemos saber sobre este trastorno capilar.<\/p>\n<\/div><div class=\"fusion-clearfix\"><\/div><\/div><\/div><div class=\"fusion-layout-column fusion_builder_column fusion-builder-column-2 fusion_builder_column_1_3 1_3 fusion-one-third fusion-column-last\" style=\"--awb-bg-size:cover;width:33.333333333333%;width:calc(33.333333333333% - ( ( 4% ) * 0.33333333333333 ) );\"><div class=\"fusion-column-wrapper fusion-flex-column-wrapper-legacy\"><div class=\"fusion-image-element in-legacy-container\" style=\"--awb-caption-title-font-family:var(--h2_typography-font-family);--awb-caption-title-font-weight:var(--h2_typography-font-weight);--awb-caption-title-font-style:var(--h2_typography-font-style);--awb-caption-title-size:var(--h2_typography-font-size);--awb-caption-title-transform:var(--h2_typography-text-transform);--awb-caption-title-line-height:var(--h2_typography-line-height);--awb-caption-title-letter-spacing:var(--h2_typography-letter-spacing);\"><span class=\" fusion-imageframe imageframe-none imageframe-1 hover-type-none\"><img decoding=\"async\" width=\"230\" height=\"300\" alt=\"La Dra. Carolina Prat nos explica un caso com\u00fan en dermatolog\u00eda pedi\u00e1trica: el s\u00edndrome del an\u00e1geno suelto.\" title=\"S\u00edndrome del an\u00e1geno suelto\" src=\"https:\/\/www.idermic.es\/wp-content\/uploads\/2025\/04\/Dermatologia-pediatrica.-el-sindrome-del-anageno-suelto-2-230x300.jpg\" class=\"img-responsive wp-image-7552\" srcset=\"https:\/\/www.idermic.es\/wp-content\/uploads\/2025\/04\/Dermatologia-pediatrica.-el-sindrome-del-anageno-suelto-2-200x260.jpg 200w, https:\/\/www.idermic.es\/wp-content\/uploads\/2025\/04\/Dermatologia-pediatrica.-el-sindrome-del-anageno-suelto-2-400x521.jpg 400w, https:\/\/www.idermic.es\/wp-content\/uploads\/2025\/04\/Dermatologia-pediatrica.-el-sindrome-del-anageno-suelto-2.jpg 473w\" sizes=\"(max-width: 800px) 100vw, 230px\" \/><\/span><\/div><div class=\"fusion-clearfix\"><\/div><\/div><\/div><\/div><\/div><div class=\"fusion-fullwidth fullwidth-box fusion-builder-row-3 nonhundred-percent-fullwidth non-hundred-percent-height-scrolling\" style=\"--awb-border-radius-top-left:0px;--awb-border-radius-top-right:0px;--awb-border-radius-bottom-right:0px;--awb-border-radius-bottom-left:0px;--awb-flex-wrap:wrap;\" ><div class=\"fusion-builder-row fusion-row\"><div class=\"fusion-layout-column fusion_builder_column fusion-builder-column-3 fusion_builder_column_1_1 1_1 fusion-one-full fusion-column-first fusion-column-last\" style=\"--awb-bg-size:cover;\"><div class=\"fusion-column-wrapper fusion-flex-column-wrapper-legacy\"><div class=\"fusion-sep-clear\"><\/div><div class=\"fusion-separator fusion-full-width-sep\" style=\"margin-left: auto;margin-right: auto;width:100%;\"><div class=\"fusion-separator-border sep-double\" style=\"--awb-height:20px;--awb-amount:20px;border-color:#e0dede;border-top-width:1px;border-bottom-width:1px;\"><\/div><\/div><div class=\"fusion-sep-clear\"><\/div><div class=\"fusion-clearfix\"><\/div><\/div><\/div><\/div><\/div><div class=\"fusion-fullwidth fullwidth-box fusion-builder-row-4 nonhundred-percent-fullwidth non-hundred-percent-height-scrolling\" style=\"--awb-border-radius-top-left:0px;--awb-border-radius-top-right:0px;--awb-border-radius-bottom-right:0px;--awb-border-radius-bottom-left:0px;--awb-flex-wrap:wrap;\" ><div class=\"fusion-builder-row fusion-row\"><div class=\"fusion-layout-column fusion_builder_column fusion-builder-column-4 fusion_builder_column_1_1 1_1 fusion-one-full fusion-column-first fusion-column-last\" style=\"--awb-bg-size:cover;\"><div class=\"fusion-column-wrapper fusion-flex-column-wrapper-legacy\"><div class=\"fusion-text fusion-text-3\"><h2 class=\"\" data-start=\"2816\" data-end=\"2858\">\u00bfQu\u00e9 es el s\u00edndrome del an\u00e1geno suelto?<\/h2>\n<p class=\"\" data-start=\"464\" data-end=\"996\">El <strong data-start=\"467\" data-end=\"498\">s\u00edndrome del an\u00e1geno suelto<\/strong> es una anomal\u00eda del ciclo capilar que afecta la fase an\u00e1gena, es decir, la etapa de crecimiento activo del cabello. En condiciones normales, el fol\u00edculo piloso sostiene firmemente el tallo capilar durante esta fase, que puede durar entre 2 y 6 a\u00f1os. Sin embargo, en pacientes con este s\u00edndrome, existe una alteraci\u00f3n en la adherencia del tallo a la vaina radicular externa. Este factor provoca que el cabello se desprenda con facilidad incluso ante maniobras suaves, como el cepillado o el simple roce.<\/p>\n<p class=\"\" data-start=\"998\" data-end=\"1453\">Este trastorno es predominantemente <strong data-start=\"1034\" data-end=\"1048\">pedi\u00e1trico<\/strong>, aunque puede manifestarse tambi\u00e9n en adolescentes o, en raros casos, en adultos j\u00f3venes. La mayor\u00eda de los diagn\u00f3sticos ocurren en ni\u00f1as entre los 2 y los 9 a\u00f1os, especialmente con cabello rubio, fino y lacio, aunque tambi\u00e9n puede encontrarse en otros tipos de cabello. A menudo, el s\u00edndrome pasa desapercibido o se confunde con alopecia de otras etiolog\u00edas, debido a su presentaci\u00f3n sutil y progresiva.<\/p>\n<h2 class=\"\" data-start=\"1460\" data-end=\"1487\">Manifestaciones cl\u00ednicas<\/h2>\n<p class=\"\" data-start=\"1489\" data-end=\"1906\">Desde el punto de vista cl\u00ednico, el s\u00edndrome se presenta con una <strong data-start=\"1554\" data-end=\"1599\">reducci\u00f3n de la densidad capilar aparente<\/strong>, que da la impresi\u00f3n de una alopecia leve o cabello d\u00e9bil. El cabello suele ser suave, de textura fina y de aspecto desvitalizado. Un signo caracter\u00edstico es que, al tirar suavemente del pelo, se puede extraer una cantidad significativa sin causar dolor ni mostrar signos inflamatorios del cuero cabelludo.<\/p>\n<p class=\"\" data-start=\"1908\" data-end=\"2322\">Algunos ni\u00f1os presentan zonas de menor densidad capilar, pero en la mayor\u00eda de los casos no hay calvas definidas ni inflamaci\u00f3n perifolicular. Esto ayuda a diferenciarlo de otras condiciones como la <strong data-start=\"2107\" data-end=\"2126\">alopecia areata<\/strong>, donde se aprecian \u00e1reas de p\u00e9rdida del cabello m\u00e1s delimitadas. Tambi\u00e9n puede haber episodios c\u00edclicos de mayor ca\u00edda capilar sin causa aparente, lo que incrementa la preocupaci\u00f3n de los padres.<\/p>\n<p class=\"\" data-start=\"2324\" data-end=\"2528\">En ciertos casos, los s\u00edntomas pueden mejorar con el tiempo. En cambio, en otros persisten hasta la pubertad, cuando los cambios hormonales pueden favorecer una fijaci\u00f3n m\u00e1s firme del tallo al fol\u00edculo.<\/p>\n<h2 class=\"\" data-start=\"2535\" data-end=\"2580\">Diagn\u00f3stico: el papel clave del tricograma<\/h2>\n<p class=\"\" data-start=\"2582\" data-end=\"2878\">El <strong data-start=\"2585\" data-end=\"2599\">tricograma<\/strong> es una herramienta diagn\u00f3stica esencial en dermatolog\u00eda capilar. Esta t\u00e9cnica consiste en la recolecci\u00f3n de una muestra de cabello arrancado manualmente, generalmente entre 50 y 100 pelos, que luego se analizan al microscopio para evaluar las diferentes fases del ciclo capilar.<\/p>\n<p class=\"\" data-start=\"2880\" data-end=\"3221\">En el s\u00edndrome del an\u00e1geno suelto, el tricograma revela una proporci\u00f3n anormalmente alta de cabellos en fase an\u00e1gena \u2014frecuentemente m\u00e1s del 70%\u2014, pero con morfolog\u00eda alterada. Espec\u00edficamente, los tallos muestran una <strong data-start=\"3098\" data-end=\"3146\">vaina radicular externa ausente o malformada<\/strong> y una ra\u00edz con forma de \u201cflama\u201d o \u201cpluma\u201d, lo que indica un anclaje d\u00e9bil.<\/p>\n<p class=\"\" data-start=\"3223\" data-end=\"3605\">Este hallazgo diferencia claramente el s\u00edndrome de otros tipos de alopecia infantil. El tricograma es una t\u00e9cnica no invasiva y bien tolerada por los ni\u00f1os, por lo que constituye el m\u00e9todo de elecci\u00f3n para confirmar el diagn\u00f3stico. En casos dudosos o at\u00edpicos, se puede complementar con dermatoscopia o, raramente, con una biopsia de cuero cabelludo para descartar otras patolog\u00edas.<\/p>\n<\/div><div class=\"fusion-clearfix\"><\/div><\/div><\/div><\/div><\/div><div class=\"fusion-fullwidth fullwidth-box fusion-builder-row-5 nonhundred-percent-fullwidth non-hundred-percent-height-scrolling\" style=\"--awb-border-radius-top-left:0px;--awb-border-radius-top-right:0px;--awb-border-radius-bottom-right:0px;--awb-border-radius-bottom-left:0px;--awb-flex-wrap:wrap;\" ><div class=\"fusion-builder-row fusion-row\"><div class=\"fusion-layout-column fusion_builder_column fusion-builder-column-5 fusion_builder_column_1_3 1_3 fusion-one-third fusion-column-first\" style=\"--awb-bg-size:cover;width:33.333333333333%;width:calc(33.333333333333% - ( ( 4% + 4% ) * 0.33333333333333 ) );margin-right: 4%;\"><div class=\"fusion-column-wrapper fusion-flex-column-wrapper-legacy\"><div class=\"fusion-image-element in-legacy-container\" style=\"--awb-caption-title-font-family:var(--h2_typography-font-family);--awb-caption-title-font-weight:var(--h2_typography-font-weight);--awb-caption-title-font-style:var(--h2_typography-font-style);--awb-caption-title-size:var(--h2_typography-font-size);--awb-caption-title-transform:var(--h2_typography-text-transform);--awb-caption-title-line-height:var(--h2_typography-line-height);--awb-caption-title-letter-spacing:var(--h2_typography-letter-spacing);\"><span class=\" fusion-imageframe imageframe-none imageframe-2 hover-type-none\"><img decoding=\"async\" width=\"300\" height=\"178\" alt=\"Dermatolog\u00eda pedi\u00e1trica: el s\u00edndrome del an\u00e1geno suelto. Foto 1\" title=\"S\u00edndrome del an\u00e1geno suelto\" src=\"https:\/\/www.idermic.es\/wp-content\/uploads\/2025\/04\/Dermatologia-pediatrica.-el-sindrome-del-anageno-suelto-3-300x178.jpg\" class=\"img-responsive wp-image-7558\" srcset=\"https:\/\/www.idermic.es\/wp-content\/uploads\/2025\/04\/Dermatologia-pediatrica.-el-sindrome-del-anageno-suelto-3-200x119.jpg 200w, https:\/\/www.idermic.es\/wp-content\/uploads\/2025\/04\/Dermatologia-pediatrica.-el-sindrome-del-anageno-suelto-3-400x237.jpg 400w, https:\/\/www.idermic.es\/wp-content\/uploads\/2025\/04\/Dermatologia-pediatrica.-el-sindrome-del-anageno-suelto-3.jpg 465w\" sizes=\"(max-width: 800px) 100vw, 300px\" \/><\/span><\/div><div class=\"fusion-text fusion-text-4\"><p>Dermatolog\u00eda pedi\u00e1trica: el s\u00edndrome del an\u00e1geno suelto. Foto 1<\/p>\n<\/div><div class=\"fusion-clearfix\"><\/div><\/div><\/div><div class=\"fusion-layout-column fusion_builder_column fusion-builder-column-6 fusion_builder_column_1_3 1_3 fusion-one-third\" style=\"--awb-bg-size:cover;width:33.333333333333%;width:calc(33.333333333333% - ( ( 4% + 4% ) * 0.33333333333333 ) );margin-right: 4%;\"><div class=\"fusion-column-wrapper fusion-flex-column-wrapper-legacy\"><div class=\"fusion-image-element in-legacy-container\" style=\"--awb-caption-title-font-family:var(--h2_typography-font-family);--awb-caption-title-font-weight:var(--h2_typography-font-weight);--awb-caption-title-font-style:var(--h2_typography-font-style);--awb-caption-title-size:var(--h2_typography-font-size);--awb-caption-title-transform:var(--h2_typography-text-transform);--awb-caption-title-line-height:var(--h2_typography-line-height);--awb-caption-title-letter-spacing:var(--h2_typography-letter-spacing);\"><span class=\" fusion-imageframe imageframe-none imageframe-3 hover-type-none\"><img decoding=\"async\" width=\"300\" height=\"176\" alt=\"Dermatolog\u00eda pedi\u00e1trica: el s\u00edndrome del an\u00e1geno suelto. Foto 2\" title=\"Dermatolog\u00eda pedi\u00e1trica. el s\u00edndrome del an\u00e1geno suelto-3-4\" src=\"https:\/\/www.idermic.es\/wp-content\/uploads\/2025\/04\/Dermatologia-pediatrica.-el-sindrome-del-anageno-suelto-3-4-1-300x176.jpg\" class=\"img-responsive wp-image-7563\" srcset=\"https:\/\/www.idermic.es\/wp-content\/uploads\/2025\/04\/Dermatologia-pediatrica.-el-sindrome-del-anageno-suelto-3-4-1-200x117.jpg 200w, https:\/\/www.idermic.es\/wp-content\/uploads\/2025\/04\/Dermatologia-pediatrica.-el-sindrome-del-anageno-suelto-3-4-1-400x235.jpg 400w, https:\/\/www.idermic.es\/wp-content\/uploads\/2025\/04\/Dermatologia-pediatrica.-el-sindrome-del-anageno-suelto-3-4-1.jpg 470w\" sizes=\"(max-width: 800px) 100vw, 300px\" \/><\/span><\/div><div class=\"fusion-text fusion-text-5\"><p>Dermatolog\u00eda pedi\u00e1trica: el s\u00edndrome del an\u00e1geno suelto. Foto 2<\/p>\n<\/div><div class=\"fusion-clearfix\"><\/div><\/div><\/div><div class=\"fusion-layout-column fusion_builder_column fusion-builder-column-7 fusion_builder_column_1_3 1_3 fusion-one-third fusion-column-last\" style=\"--awb-bg-size:cover;width:33.333333333333%;width:calc(33.333333333333% - ( ( 4% + 4% ) * 0.33333333333333 ) );\"><div class=\"fusion-column-wrapper fusion-flex-column-wrapper-legacy\"><div class=\"fusion-image-element in-legacy-container\" style=\"--awb-caption-title-font-family:var(--h2_typography-font-family);--awb-caption-title-font-weight:var(--h2_typography-font-weight);--awb-caption-title-font-style:var(--h2_typography-font-style);--awb-caption-title-size:var(--h2_typography-font-size);--awb-caption-title-transform:var(--h2_typography-text-transform);--awb-caption-title-line-height:var(--h2_typography-line-height);--awb-caption-title-letter-spacing:var(--h2_typography-letter-spacing);\"><span class=\" fusion-imageframe imageframe-none imageframe-4 hover-type-none\"><img decoding=\"async\" width=\"300\" height=\"178\" alt=\"Dermatolog\u00eda pedi\u00e1trica: el s\u00edndrome del an\u00e1geno suelto. Foto 1\" title=\"S\u00edndrome del an\u00e1geno suelto\" src=\"https:\/\/www.idermic.es\/wp-content\/uploads\/2025\/04\/Dermatologia-pediatrica.-el-sindrome-del-anageno-suelto-3-300x178.jpg\" class=\"img-responsive wp-image-7558\" srcset=\"https:\/\/www.idermic.es\/wp-content\/uploads\/2025\/04\/Dermatologia-pediatrica.-el-sindrome-del-anageno-suelto-3-200x119.jpg 200w, https:\/\/www.idermic.es\/wp-content\/uploads\/2025\/04\/Dermatologia-pediatrica.-el-sindrome-del-anageno-suelto-3-400x237.jpg 400w, https:\/\/www.idermic.es\/wp-content\/uploads\/2025\/04\/Dermatologia-pediatrica.-el-sindrome-del-anageno-suelto-3.jpg 465w\" sizes=\"(max-width: 800px) 100vw, 300px\" \/><\/span><\/div><div class=\"fusion-text fusion-text-6\"><p>Dermatolog\u00eda pedi\u00e1trica: el s\u00edndrome del an\u00e1geno suelto. Foto 3<\/p>\n<\/div><div class=\"fusion-clearfix\"><\/div><\/div><\/div><\/div><\/div><div class=\"fusion-fullwidth fullwidth-box fusion-builder-row-6 nonhundred-percent-fullwidth non-hundred-percent-height-scrolling\" style=\"--awb-border-radius-top-left:0px;--awb-border-radius-top-right:0px;--awb-border-radius-bottom-right:0px;--awb-border-radius-bottom-left:0px;--awb-flex-wrap:wrap;\" ><div class=\"fusion-builder-row fusion-row\"><div class=\"fusion-layout-column fusion_builder_column fusion-builder-column-8 fusion_builder_column_1_1 1_1 fusion-one-full fusion-column-first fusion-column-last\" style=\"--awb-bg-size:cover;\"><div class=\"fusion-column-wrapper fusion-flex-column-wrapper-legacy\"><div class=\"fusion-sep-clear\"><\/div><div class=\"fusion-separator fusion-full-width-sep\" style=\"margin-left: auto;margin-right: auto;width:100%;\"><div class=\"fusion-separator-border sep-double\" style=\"--awb-height:20px;--awb-amount:20px;border-color:#e0dede;border-top-width:1px;border-bottom-width:1px;\"><\/div><\/div><div class=\"fusion-sep-clear\"><\/div><div class=\"fusion-clearfix\"><\/div><\/div><\/div><\/div><\/div><div class=\"fusion-fullwidth fullwidth-box fusion-builder-row-7 nonhundred-percent-fullwidth non-hundred-percent-height-scrolling\" style=\"--awb-border-radius-top-left:0px;--awb-border-radius-top-right:0px;--awb-border-radius-bottom-right:0px;--awb-border-radius-bottom-left:0px;--awb-flex-wrap:wrap;\" ><div class=\"fusion-builder-row fusion-row\"><div class=\"fusion-layout-column fusion_builder_column fusion-builder-column-9 fusion_builder_column_1_1 1_1 fusion-one-full fusion-column-first fusion-column-last\" style=\"--awb-bg-size:cover;\"><div class=\"fusion-column-wrapper fusion-flex-column-wrapper-legacy\"><div class=\"fusion-video fusion-youtube\" style=\"--awb-max-width:600px;--awb-max-height:360px;\"><div class=\"video-shortcode\"><div class=\"fluid-width-video-wrapper\" style=\"padding-top:60%;\" ><iframe title=\"YouTube video player 1\" src=\"https:\/\/www.youtube.com\/embed\/7IWitTynP4Q?wmode=transparent&autoplay=0\" width=\"600\" height=\"360\" allowfullscreen allow=\"autoplay; clipboard-write; encrypted-media; gyroscope; picture-in-picture;\"><\/iframe><\/div><\/div><\/div><div class=\"fusion-clearfix\"><\/div><\/div><\/div><\/div><\/div><div class=\"fusion-fullwidth fullwidth-box fusion-builder-row-8 nonhundred-percent-fullwidth non-hundred-percent-height-scrolling\" style=\"--awb-border-radius-top-left:0px;--awb-border-radius-top-right:0px;--awb-border-radius-bottom-right:0px;--awb-border-radius-bottom-left:0px;--awb-flex-wrap:wrap;\" ><div class=\"fusion-builder-row fusion-row\"><div class=\"fusion-layout-column fusion_builder_column fusion-builder-column-10 fusion_builder_column_1_1 1_1 fusion-one-full fusion-column-first fusion-column-last\" style=\"--awb-bg-size:cover;\"><div class=\"fusion-column-wrapper fusion-flex-column-wrapper-legacy\"><div class=\"fusion-text fusion-text-7\"><h2 class=\"\" data-start=\"3612\" data-end=\"3639\">Tratamiento y pron\u00f3stico<\/h2>\n<p class=\"\" data-start=\"3641\" data-end=\"4001\">Actualmente, no existe un tratamiento farmacol\u00f3gico espec\u00edfico aprobado para el s\u00edndrome del an\u00e1geno suelto. Afortunadamente, se trata de una afecci\u00f3n <strong data-start=\"3792\" data-end=\"3818\">benigna y autolimitada<\/strong>, que tiende a mejorar con el tiempo, especialmente durante la adolescencia, cuando los fol\u00edculos pilosos maduran y el cabello comienza a fijarse con mayor firmeza al cuero cabelludo.<\/p>\n<p class=\"\" data-start=\"4003\" data-end=\"4286\">El abordaje terap\u00e9utico se basa principalmente en la <strong data-start=\"4056\" data-end=\"4087\">educaci\u00f3n de los cuidadores<\/strong> y la adopci\u00f3n de medidas conservadoras. Es fundamental explicar a los padres que el s\u00edndrome no implica p\u00e9rdida definitiva del cabello ni una enfermedad grave, sino un trastorno temporal y est\u00e9tico.<\/p>\n<p class=\"\" data-start=\"4288\" data-end=\"4728\">Algunos estudios y casos cl\u00ednicos han explorado el uso de <strong data-start=\"4346\" data-end=\"4375\">suplementos nutricionales<\/strong>, especialmente aquellos ricos en biotina, zinc y vitaminas del grupo B, aunque su eficacia no est\u00e1 demostrada de forma concluyente. En ciertos pacientes, tambi\u00e9n se ha observado una mejor\u00eda subjetiva con el uso de <strong data-start=\"4590\" data-end=\"4610\">minoxidil t\u00f3pico<\/strong>, pero su uso en poblaci\u00f3n pedi\u00e1trica debe considerarse con extrema precauci\u00f3n y bajo indicaci\u00f3n m\u00e9dica especializada.<\/p>\n<p class=\"\" data-start=\"4730\" data-end=\"4983\">La clave del tratamiento reside en el <strong data-start=\"4768\" data-end=\"4828\">seguimiento regular por parte del dermat\u00f3logo pedi\u00e1trico<\/strong>, con \u00e9nfasis en tranquilizar a la familia y evitar tratamientos innecesarios o agresivos, como corticoides t\u00f3picos o antibi\u00f3ticos, que no est\u00e1n indicados.<\/p>\n<h2 class=\"\" data-start=\"4990\" data-end=\"5016\">Antecedentes y contexto<\/h2>\n<p class=\"\" data-start=\"5018\" data-end=\"5318\">El s\u00edndrome del an\u00e1geno suelto fue descrito por primera vez en la literatura m\u00e9dica en la d\u00e9cada de los 80. Desde entonces, ha sido objeto de diversos estudios cl\u00ednicos y publicaciones cient\u00edficas, aunque su conocimiento entre pediatras generales y dermat\u00f3logos no especializados todav\u00eda es limitado.<\/p>\n<p class=\"\" data-start=\"5320\" data-end=\"5703\">Se desconoce su prevalencia exacta, aunque se considera <strong data-start=\"5376\" data-end=\"5396\">subdiagnosticado<\/strong>, debido a que muchos casos no se reconocen cl\u00ednicamente o se confunden con otros trastornos del cabello. Tambi\u00e9n se ha reportado cierta asociaci\u00f3n con s\u00edndromes gen\u00e9ticos, como el <strong data-start=\"5577\" data-end=\"5599\">s\u00edndrome de Noonan<\/strong> o el <strong data-start=\"5605\" data-end=\"5638\">s\u00edndrome de tricotiodistrofia<\/strong>, aunque en la mayor\u00eda de los casos se presenta de forma aislada.<\/p>\n<p class=\"\" data-start=\"5705\" data-end=\"6015\">En los \u00faltimos a\u00f1os, su inclusi\u00f3n en gu\u00edas cl\u00ednicas y manuales de dermatolog\u00eda ha mejorado su visibilidad, permitiendo un diagn\u00f3stico m\u00e1s temprano y evitando exploraciones invasivas innecesarias. Esto es crucial para la tranquilidad de las familias y para una correcta planificaci\u00f3n del seguimiento pedi\u00e1trico.<\/p>\n<h2 class=\"\" data-start=\"6022\" data-end=\"6035\">Consideraciones finales<\/h2>\n<p class=\"\" data-start=\"6037\" data-end=\"6453\">El <strong data-start=\"6040\" data-end=\"6071\">s\u00edndrome del an\u00e1geno suelto<\/strong> representa un ejemplo cl\u00e1sico de c\u00f3mo una afecci\u00f3n dermatol\u00f3gica benigna puede generar gran inquietud en los padres cuando no es correctamente diagnosticada. El conocimiento adecuado de esta patolog\u00eda por parte del personal sanitario, especialmente en \u00e1reas de dermatolog\u00eda pedi\u00e1trica, es clave para ofrecer una atenci\u00f3n eficiente, basada en la evidencia y centrada en el paciente.<\/p>\n<p class=\"\" data-start=\"6455\" data-end=\"6772\">Un diagn\u00f3stico acertado, basado en criterios cl\u00ednicos claros y apoyado por un tricograma, permite evitar tratamientos innecesarios y reduce el estr\u00e9s familiar. Aunque su curso es benigno, el seguimiento m\u00e9dico puede ofrecer tranquilidad y ayudar a diferenciar este s\u00edndrome de otras causas de alopecia en la infancia.<\/p>\n<p>Para cualquier consulta sobre el s\u00edndrome del an\u00e1geno suelto u otro trastorno capilar de dermatolog\u00eda pedi\u00e1trica, en Idermic, tu <a href=\"http:\/\/idermic.es\/\">dermat\u00f3logo en Terrassa<\/a> estaremos encantados de atenderte.<\/p>\n<\/div><div class=\"fusion-clearfix\"><\/div><\/div><\/div><\/div><\/div><div class=\"fusion-fullwidth fullwidth-box fusion-builder-row-9 nonhundred-percent-fullwidth non-hundred-percent-height-scrolling\" style=\"--awb-border-radius-top-left:0px;--awb-border-radius-top-right:0px;--awb-border-radius-bottom-right:0px;--awb-border-radius-bottom-left:0px;--awb-flex-wrap:wrap;\" ><div class=\"fusion-builder-row fusion-row\"><div class=\"fusion-layout-column fusion_builder_column fusion-builder-column-11 fusion_builder_column_1_1 1_1 fusion-one-full fusion-column-first fusion-column-last\" style=\"--awb-bg-size:cover;\"><div class=\"fusion-column-wrapper fusion-flex-column-wrapper-legacy\"><div class=\"fusion-sep-clear\"><\/div><div class=\"fusion-separator fusion-full-width-sep\" style=\"margin-left: auto;margin-right: auto;width:100%;\"><div class=\"fusion-separator-border sep-double\" style=\"--awb-height:20px;--awb-amount:20px;border-color:#e0dede;border-top-width:1px;border-bottom-width:1px;\"><\/div><\/div><div class=\"fusion-sep-clear\"><\/div><div class=\"fusion-clearfix\"><\/div><\/div><\/div><\/div><\/div><div class=\"fusion-fullwidth fullwidth-box fusion-builder-row-10 nonhundred-percent-fullwidth non-hundred-percent-height-scrolling\" style=\"--awb-border-radius-top-left:0px;--awb-border-radius-top-right:0px;--awb-border-radius-bottom-right:0px;--awb-border-radius-bottom-left:0px;--awb-flex-wrap:wrap;\" ><div class=\"fusion-builder-row fusion-row\"><div class=\"fusion-layout-column fusion_builder_column fusion-builder-column-12 fusion_builder_column_1_1 1_1 fusion-one-full fusion-column-first fusion-column-last\" style=\"--awb-bg-size:cover;\"><div class=\"fusion-column-wrapper fusion-flex-column-wrapper-legacy\"><blockquote class=\"instagram-media\" data-instgrm-captioned data-instgrm-permalink=\"https:\/\/www.instagram.com\/reel\/DIREIeIo4du\/?utm_source=ig_embed&utm_campaign=loading\" data-instgrm-version=\"14\" style=\" background:#FFF; border:0; border-radius:3px; box-shadow:0 0 1px 0 rgba(0,0,0,0.5),0 1px 10px 0 rgba(0,0,0,0.15); margin: 1px; max-width:540px; min-width:326px; padding:0; width:99.375%; width:-webkit-calc(100% - 2px); width:calc(100% - 2px);\"><div style=\"padding:16px;\"> <a href=\"https:\/\/www.instagram.com\/reel\/DIREIeIo4du\/?utm_source=ig_embed&utm_campaign=loading\" style=\" background:#FFFFFF; line-height:0; padding:0 0; text-align:center; text-decoration:none; width:100%;\" target=\"_blank\"> <div style=\" display: flex; flex-direction: row; align-items: center;\"> <div style=\"background-color: #F4F4F4; border-radius: 50%; flex-grow: 0; height: 40px; margin-right: 14px; width: 40px;\"><\/div> <div style=\"display: flex; flex-direction: column; flex-grow: 1; justify-content: center;\"> <div style=\" background-color: #F4F4F4; border-radius: 4px; flex-grow: 0; height: 14px; margin-bottom: 6px; width: 100px;\"><\/div> <div style=\" background-color: #F4F4F4; border-radius: 4px; flex-grow: 0; height: 14px; width: 60px;\"><\/div><\/div><\/div><div style=\"padding: 19% 0;\"><\/div> <div style=\"display:block; height:50px; margin:0 auto 12px; width:50px;\"><svg width=\"50px\" height=\"50px\" viewBox=\"0 0 60 60\" version=\"1.1\" xmlns=\"https:\/\/www.w3.org\/2000\/svg\" xmlns:xlink=\"https:\/\/www.w3.org\/1999\/xlink\"><g stroke=\"none\" stroke-width=\"1\" fill=\"none\" fill-rule=\"evenodd\"><g transform=\"translate(-511.000000, -20.000000)\" fill=\"#000000\"><g><path d=\"M556.869,30.41 C554.814,30.41 553.148,32.076 553.148,34.131 C553.148,36.186 554.814,37.852 556.869,37.852 C558.924,37.852 560.59,36.186 560.59,34.131 C560.59,32.076 558.924,30.41 556.869,30.41 M541,60.657 C535.114,60.657 530.342,55.887 530.342,50 C530.342,44.114 535.114,39.342 541,39.342 C546.887,39.342 551.658,44.114 551.658,50 C551.658,55.887 546.887,60.657 541,60.657 M541,33.886 C532.1,33.886 524.886,41.1 524.886,50 C524.886,58.899 532.1,66.113 541,66.113 C549.9,66.113 557.115,58.899 557.115,50 C557.115,41.1 549.9,33.886 541,33.886 M565.378,62.101 C565.244,65.022 564.756,66.606 564.346,67.663 C563.803,69.06 563.154,70.057 562.106,71.106 C561.058,72.155 560.06,72.803 558.662,73.347 C557.607,73.757 556.021,74.244 553.102,74.378 C549.944,74.521 548.997,74.552 541,74.552 C533.003,74.552 532.056,74.521 528.898,74.378 C525.979,74.244 524.393,73.757 523.338,73.347 C521.94,72.803 520.942,72.155 519.894,71.106 C518.846,70.057 518.197,69.06 517.654,67.663 C517.244,66.606 516.755,65.022 516.623,62.101 C516.479,58.943 516.448,57.996 516.448,50 C516.448,42.003 516.479,41.056 516.623,37.899 C516.755,34.978 517.244,33.391 517.654,32.338 C518.197,30.938 518.846,29.942 519.894,28.894 C520.942,27.846 521.94,27.196 523.338,26.654 C524.393,26.244 525.979,25.756 528.898,25.623 C532.057,25.479 533.004,25.448 541,25.448 C548.997,25.448 549.943,25.479 553.102,25.623 C556.021,25.756 557.607,26.244 558.662,26.654 C560.06,27.196 561.058,27.846 562.106,28.894 C563.154,29.942 563.803,30.938 564.346,32.338 C564.756,33.391 565.244,34.978 565.378,37.899 C565.522,41.056 565.552,42.003 565.552,50 C565.552,57.996 565.522,58.943 565.378,62.101 M570.82,37.631 C570.674,34.438 570.167,32.258 569.425,30.349 C568.659,28.377 567.633,26.702 565.965,25.035 C564.297,23.368 562.623,22.342 560.652,21.575 C558.743,20.834 556.562,20.326 553.369,20.18 C550.169,20.033 549.148,20 541,20 C532.853,20 531.831,20.033 528.631,20.18 C525.438,20.326 523.257,20.834 521.349,21.575 C519.376,22.342 517.703,23.368 516.035,25.035 C514.368,26.702 513.342,28.377 512.574,30.349 C511.834,32.258 511.326,34.438 511.181,37.631 C511.035,40.831 511,41.851 511,50 C511,58.147 511.035,59.17 511.181,62.369 C511.326,65.562 511.834,67.743 512.574,69.651 C513.342,71.625 514.368,73.296 516.035,74.965 C517.703,76.634 519.376,77.658 521.349,78.425 C523.257,79.167 525.438,79.673 528.631,79.82 C531.831,79.965 532.853,80.001 541,80.001 C549.148,80.001 550.169,79.965 553.369,79.82 C556.562,79.673 558.743,79.167 560.652,78.425 C562.623,77.658 564.297,76.634 565.965,74.965 C567.633,73.296 568.659,71.625 569.425,69.651 C570.167,67.743 570.674,65.562 570.82,62.369 C570.966,59.17 571,58.147 571,50 C571,41.851 570.966,40.831 570.82,37.631\"><\/path><\/g><\/g><\/g><\/svg><\/div><div style=\"padding-top: 8px;\"> <div style=\" color:#3897f0; font-family:Arial,sans-serif; font-size:14px; font-style:normal; font-weight:550; line-height:18px;\">Ver esta publicaci\u00f3n en Instagram<\/div><\/div><div style=\"padding: 12.5% 0;\"><\/div> <div style=\"display: flex; flex-direction: row; margin-bottom: 14px; align-items: center;\"><div> <div style=\"background-color: #F4F4F4; border-radius: 50%; height: 12.5px; width: 12.5px; transform: translateX(0px) translateY(7px);\"><\/div> <div style=\"background-color: #F4F4F4; height: 12.5px; transform: rotate(-45deg) translateX(3px) translateY(1px); width: 12.5px; flex-grow: 0; margin-right: 14px; margin-left: 2px;\"><\/div> <div style=\"background-color: #F4F4F4; border-radius: 50%; height: 12.5px; width: 12.5px; transform: translateX(9px) translateY(-18px);\"><\/div><\/div><div style=\"margin-left: 8px;\"> <div style=\" background-color: #F4F4F4; border-radius: 50%; flex-grow: 0; height: 20px; width: 20px;\"><\/div> <div style=\" width: 0; height: 0; border-top: 2px solid transparent; border-left: 6px solid #f4f4f4; border-bottom: 2px solid transparent; transform: translateX(16px) translateY(-4px) rotate(30deg)\"><\/div><\/div><div style=\"margin-left: auto;\"> <div style=\" width: 0px; border-top: 8px solid #F4F4F4; border-right: 8px solid transparent; transform: translateY(16px);\"><\/div> <div style=\" background-color: #F4F4F4; flex-grow: 0; height: 12px; width: 16px; transform: translateY(-4px);\"><\/div> <div style=\" width: 0; height: 0; border-top: 8px solid #F4F4F4; border-left: 8px solid transparent; transform: translateY(-4px) translateX(8px);\"><\/div><\/div><\/div> <div style=\"display: flex; flex-direction: column; flex-grow: 1; justify-content: center; margin-bottom: 24px;\"> <div style=\" background-color: #F4F4F4; border-radius: 4px; flex-grow: 0; height: 14px; margin-bottom: 6px; width: 224px;\"><\/div> <div style=\" background-color: #F4F4F4; border-radius: 4px; flex-grow: 0; height: 14px; width: 144px;\"><\/div><\/div><\/a><p style=\" color:#c9c8cd; font-family:Arial,sans-serif; font-size:14px; line-height:17px; margin-bottom:0; margin-top:8px; overflow:hidden; padding:8px 0 7px; text-align:center; text-overflow:ellipsis; white-space:nowrap;\"><a href=\"https:\/\/www.instagram.com\/reel\/DIREIeIo4du\/?utm_source=ig_embed&utm_campaign=loading\" style=\" color:#c9c8cd; font-family:Arial,sans-serif; font-size:14px; font-style:normal; font-weight:normal; line-height:17px; text-decoration:none;\" target=\"_blank\">Una publicaci\u00f3n compartida de IDERMIC - Dermatolog\u00eda m\u00e9dica y est\u00e9tica (@idermicclinic)<\/a><\/p><\/div><\/blockquote>\n<script async src=\"\/\/www.instagram.com\/embed.js\"><\/script><div class=\"fusion-clearfix\"><\/div><\/div><\/div><\/div><\/div><\/p>\n","protected":false},"excerpt":{"rendered":"<p>La Dra. Carolina Prat nos explica qu\u00e9 es el s\u00edndrome del an\u00e1geno suelto en ni\u00f1os y c\u00f3mo se diagnostica en dermatolog\u00eda pedi\u00e1trica.<\/p>\n","protected":false},"author":3,"featured_media":7558,"comment_status":"open","ping_status":"closed","sticky":false,"template":"","format":"standard","meta":{"_joinchat":[],"footnotes":""},"categories":[52],"tags":[],"class_list":["post-7549","post","type-post","status-publish","format-standard","has-post-thumbnail","hentry","category-dermatologia"],"yoast_head":"<!-- This site is optimized with the Yoast SEO plugin v28.4 - https:\/\/yoast.com\/product\/yoast-seo-wordpress\/ -->\n<title>Dermatolog\u00eda pedi\u00e1trica: el s\u00edndrome del an\u00e1geno suelto -<\/title>\n<meta name=\"description\" content=\"La Dra. Carolina Prat nos explica qu\u00e9 es el s\u00edndrome del an\u00e1geno suelto en ni\u00f1os y c\u00f3mo se diagnostica en dermatolog\u00eda pedi\u00e1trica.\" \/>\n<meta name=\"robots\" content=\"index, follow, max-snippet:-1, max-image-preview:large, max-video-preview:-1\" \/>\n<link rel=\"canonical\" href=\"https:\/\/www.idermic.es\/es\/dermatologia-pediatrica-el-sindrome-del-anageno-suelto\/\" \/>\n<meta property=\"og:locale\" content=\"es_ES\" \/>\n<meta property=\"og:type\" content=\"article\" \/>\n<meta property=\"og:title\" content=\"Dermatolog\u00eda pedi\u00e1trica: el s\u00edndrome del an\u00e1geno suelto -\" \/>\n<meta property=\"og:description\" content=\"La Dra. Carolina Prat nos explica qu\u00e9 es el s\u00edndrome del an\u00e1geno suelto en ni\u00f1os y c\u00f3mo se diagnostica en dermatolog\u00eda pedi\u00e1trica.\" \/>\n<meta property=\"og:url\" content=\"https:\/\/www.idermic.es\/es\/dermatologia-pediatrica-el-sindrome-del-anageno-suelto\/\" \/>\n<meta property=\"og:site_name\" content=\"Idermic. Dermatolog\u00eda en Terrassa\" \/>\n<meta property=\"article:publisher\" content=\"https:\/\/www.facebook.com\/Idermic\" \/>\n<meta property=\"article:published_time\" content=\"2025-04-17T11:44:02+00:00\" \/>\n<meta property=\"article:modified_time\" content=\"2025-04-24T07:57:15+00:00\" \/>\n<meta property=\"og:image\" content=\"https:\/\/www.idermic.es\/wp-content\/uploads\/2025\/04\/Dermatologia-pediatrica.-el-sindrome-del-anageno-suelto-3.jpg\" \/>\n\t<meta property=\"og:image:width\" content=\"465\" \/>\n\t<meta property=\"og:image:height\" content=\"276\" \/>\n\t<meta property=\"og:image:type\" content=\"image\/jpeg\" \/>\n<meta name=\"author\" content=\"Equipo\" \/>\n<meta name=\"twitter:card\" content=\"summary_large_image\" \/>\n<meta name=\"twitter:creator\" content=\"@idermic\" \/>\n<meta name=\"twitter:site\" content=\"@idermic\" \/>\n<meta name=\"twitter:label1\" content=\"Escrito por\" \/>\n\t<meta name=\"twitter:data1\" content=\"Equipo\" \/>\n\t<meta name=\"twitter:label2\" content=\"Tiempo de lectura\" \/>\n\t<meta name=\"twitter:data2\" content=\"12 minutos\" \/>\n<script type=\"application\/ld+json\" class=\"yoast-schema-graph\">{\"@context\":\"https:\\\/\\\/schema.org\",\"@graph\":[{\"@type\":\"Article\",\"@id\":\"https:\\\/\\\/www.idermic.es\\\/es\\\/dermatologia-pediatrica-el-sindrome-del-anageno-suelto\\\/#article\",\"isPartOf\":{\"@id\":\"https:\\\/\\\/www.idermic.es\\\/es\\\/dermatologia-pediatrica-el-sindrome-del-anageno-suelto\\\/\"},\"author\":{\"name\":\"Equipo\",\"@id\":\"https:\\\/\\\/www.idermic.es\\\/#\\\/schema\\\/person\\\/c12703027a878b23d3c71c87921a82f8\"},\"headline\":\"Dermatolog\u00eda pedi\u00e1trica: el s\u00edndrome del an\u00e1geno suelto\",\"datePublished\":\"2025-04-17T11:44:02+00:00\",\"dateModified\":\"2025-04-24T07:57:15+00:00\",\"mainEntityOfPage\":{\"@id\":\"https:\\\/\\\/www.idermic.es\\\/es\\\/dermatologia-pediatrica-el-sindrome-del-anageno-suelto\\\/\"},\"wordCount\":5124,\"commentCount\":0,\"publisher\":{\"@id\":\"https:\\\/\\\/www.idermic.es\\\/#organization\"},\"image\":{\"@id\":\"https:\\\/\\\/www.idermic.es\\\/es\\\/dermatologia-pediatrica-el-sindrome-del-anageno-suelto\\\/#primaryimage\"},\"thumbnailUrl\":\"https:\\\/\\\/www.idermic.es\\\/wp-content\\\/uploads\\\/2025\\\/04\\\/Dermatologia-pediatrica.-el-sindrome-del-anageno-suelto-3.jpg\",\"articleSection\":[\"Dermatolog\u00eda\"],\"inLanguage\":\"es\",\"potentialAction\":[{\"@type\":\"CommentAction\",\"name\":\"Comment\",\"target\":[\"https:\\\/\\\/www.idermic.es\\\/es\\\/dermatologia-pediatrica-el-sindrome-del-anageno-suelto\\\/#respond\"]}]},{\"@type\":\"WebPage\",\"@id\":\"https:\\\/\\\/www.idermic.es\\\/es\\\/dermatologia-pediatrica-el-sindrome-del-anageno-suelto\\\/\",\"url\":\"https:\\\/\\\/www.idermic.es\\\/es\\\/dermatologia-pediatrica-el-sindrome-del-anageno-suelto\\\/\",\"name\":\"Dermatolog\u00eda pedi\u00e1trica: el s\u00edndrome del an\u00e1geno suelto -\",\"isPartOf\":{\"@id\":\"https:\\\/\\\/www.idermic.es\\\/#website\"},\"primaryImageOfPage\":{\"@id\":\"https:\\\/\\\/www.idermic.es\\\/es\\\/dermatologia-pediatrica-el-sindrome-del-anageno-suelto\\\/#primaryimage\"},\"image\":{\"@id\":\"https:\\\/\\\/www.idermic.es\\\/es\\\/dermatologia-pediatrica-el-sindrome-del-anageno-suelto\\\/#primaryimage\"},\"thumbnailUrl\":\"https:\\\/\\\/www.idermic.es\\\/wp-content\\\/uploads\\\/2025\\\/04\\\/Dermatologia-pediatrica.-el-sindrome-del-anageno-suelto-3.jpg\",\"datePublished\":\"2025-04-17T11:44:02+00:00\",\"dateModified\":\"2025-04-24T07:57:15+00:00\",\"description\":\"La Dra. Carolina Prat nos explica qu\u00e9 es el s\u00edndrome del an\u00e1geno suelto en ni\u00f1os y c\u00f3mo se diagnostica en dermatolog\u00eda pedi\u00e1trica.\",\"breadcrumb\":{\"@id\":\"https:\\\/\\\/www.idermic.es\\\/es\\\/dermatologia-pediatrica-el-sindrome-del-anageno-suelto\\\/#breadcrumb\"},\"inLanguage\":\"es\",\"potentialAction\":[{\"@type\":\"ReadAction\",\"target\":[\"https:\\\/\\\/www.idermic.es\\\/es\\\/dermatologia-pediatrica-el-sindrome-del-anageno-suelto\\\/\"]}]},{\"@type\":\"ImageObject\",\"inLanguage\":\"es\",\"@id\":\"https:\\\/\\\/www.idermic.es\\\/es\\\/dermatologia-pediatrica-el-sindrome-del-anageno-suelto\\\/#primaryimage\",\"url\":\"https:\\\/\\\/www.idermic.es\\\/wp-content\\\/uploads\\\/2025\\\/04\\\/Dermatologia-pediatrica.-el-sindrome-del-anageno-suelto-3.jpg\",\"contentUrl\":\"https:\\\/\\\/www.idermic.es\\\/wp-content\\\/uploads\\\/2025\\\/04\\\/Dermatologia-pediatrica.-el-sindrome-del-anageno-suelto-3.jpg\",\"width\":465,\"height\":276,\"caption\":\"Dermatolog\u00eda pedi\u00e1trica: el s\u00edndrome del an\u00e1geno suelto. Foto 1\"},{\"@type\":\"BreadcrumbList\",\"@id\":\"https:\\\/\\\/www.idermic.es\\\/es\\\/dermatologia-pediatrica-el-sindrome-del-anageno-suelto\\\/#breadcrumb\",\"itemListElement\":[{\"@type\":\"ListItem\",\"position\":1,\"name\":\"Inici\",\"item\":\"https:\\\/\\\/www.idermic.es\\\/es\\\/\"},{\"@type\":\"ListItem\",\"position\":2,\"name\":\"Dermatolog\u00eda pedi\u00e1trica: el s\u00edndrome del an\u00e1geno suelto\"}]},{\"@type\":\"WebSite\",\"@id\":\"https:\\\/\\\/www.idermic.es\\\/#website\",\"url\":\"https:\\\/\\\/www.idermic.es\\\/\",\"name\":\"Idermic. Dermatolog\u00eda en Terrassa\",\"description\":\"Dermatolog\u00eda, Medicina est\u00e9tica, Cirurg\u00eda Pl\u00e0stica\",\"publisher\":{\"@id\":\"https:\\\/\\\/www.idermic.es\\\/#organization\"},\"potentialAction\":[{\"@type\":\"SearchAction\",\"target\":{\"@type\":\"EntryPoint\",\"urlTemplate\":\"https:\\\/\\\/www.idermic.es\\\/?s={search_term_string}\"},\"query-input\":{\"@type\":\"PropertyValueSpecification\",\"valueRequired\":true,\"valueName\":\"search_term_string\"}}],\"inLanguage\":\"es\"},{\"@type\":\"Organization\",\"@id\":\"https:\\\/\\\/www.idermic.es\\\/#organization\",\"name\":\"Idermic. Dermatolog\u00eda en Terrassa\",\"url\":\"https:\\\/\\\/www.idermic.es\\\/\",\"logo\":{\"@type\":\"ImageObject\",\"inLanguage\":\"es\",\"@id\":\"https:\\\/\\\/www.idermic.es\\\/#\\\/schema\\\/logo\\\/image\\\/\",\"url\":\"https:\\\/\\\/www.idermic.es\\\/wp-content\\\/uploads\\\/2025\\\/10\\\/Logo-Idermic.jpg\",\"contentUrl\":\"https:\\\/\\\/www.idermic.es\\\/wp-content\\\/uploads\\\/2025\\\/10\\\/Logo-Idermic.jpg\",\"width\":501,\"height\":502,\"caption\":\"Idermic. Dermatolog\u00eda en Terrassa\"},\"image\":{\"@id\":\"https:\\\/\\\/www.idermic.es\\\/#\\\/schema\\\/logo\\\/image\\\/\"},\"sameAs\":[\"https:\\\/\\\/www.facebook.com\\\/Idermic\",\"https:\\\/\\\/x.com\\\/idermic\",\"https:\\\/\\\/www.instagram.com\\\/idermicclinic\\\/\",\"https:\\\/\\\/www.youtube.com\\\/channel\\\/UCyAHC9-p8lc6hr_nguO8p_g\"]},{\"@type\":\"Person\",\"@id\":\"https:\\\/\\\/www.idermic.es\\\/#\\\/schema\\\/person\\\/c12703027a878b23d3c71c87921a82f8\",\"name\":\"Equipo\",\"image\":{\"@type\":\"ImageObject\",\"inLanguage\":\"es\",\"@id\":\"https:\\\/\\\/secure.gravatar.com\\\/avatar\\\/7ca0be23248108c6b0887e0693b7dcf7764bd3503f84d1f04e6653ef7c3b9420?s=96&d=mm&r=g\",\"url\":\"https:\\\/\\\/secure.gravatar.com\\\/avatar\\\/7ca0be23248108c6b0887e0693b7dcf7764bd3503f84d1f04e6653ef7c3b9420?s=96&d=mm&r=g\",\"contentUrl\":\"https:\\\/\\\/secure.gravatar.com\\\/avatar\\\/7ca0be23248108c6b0887e0693b7dcf7764bd3503f84d1f04e6653ef7c3b9420?s=96&d=mm&r=g\",\"caption\":\"Equipo\"},\"description\":\"Equipo de Idermic\"}]}<\/script>\n<!-- \/ Yoast SEO plugin. -->","yoast_head_json":{"title":"Dermatolog\u00eda pedi\u00e1trica: el s\u00edndrome del an\u00e1geno suelto -","description":"La Dra. Carolina Prat nos explica qu\u00e9 es el s\u00edndrome del an\u00e1geno suelto en ni\u00f1os y c\u00f3mo se diagnostica en dermatolog\u00eda pedi\u00e1trica.","robots":{"index":"index","follow":"follow","max-snippet":"max-snippet:-1","max-image-preview":"max-image-preview:large","max-video-preview":"max-video-preview:-1"},"canonical":"https:\/\/www.idermic.es\/es\/dermatologia-pediatrica-el-sindrome-del-anageno-suelto\/","og_locale":"es_ES","og_type":"article","og_title":"Dermatolog\u00eda pedi\u00e1trica: el s\u00edndrome del an\u00e1geno suelto -","og_description":"La Dra. Carolina Prat nos explica qu\u00e9 es el s\u00edndrome del an\u00e1geno suelto en ni\u00f1os y c\u00f3mo se diagnostica en dermatolog\u00eda pedi\u00e1trica.","og_url":"https:\/\/www.idermic.es\/es\/dermatologia-pediatrica-el-sindrome-del-anageno-suelto\/","og_site_name":"Idermic. Dermatolog\u00eda en Terrassa","article_publisher":"https:\/\/www.facebook.com\/Idermic","article_published_time":"2025-04-17T11:44:02+00:00","article_modified_time":"2025-04-24T07:57:15+00:00","og_image":[{"width":465,"height":276,"url":"https:\/\/www.idermic.es\/wp-content\/uploads\/2025\/04\/Dermatologia-pediatrica.-el-sindrome-del-anageno-suelto-3.jpg","type":"image\/jpeg"}],"author":"Equipo","twitter_card":"summary_large_image","twitter_creator":"@idermic","twitter_site":"@idermic","twitter_misc":{"Escrito por":"Equipo","Tiempo de lectura":"12 minutos"},"schema":{"@context":"https:\/\/schema.org","@graph":[{"@type":"Article","@id":"https:\/\/www.idermic.es\/es\/dermatologia-pediatrica-el-sindrome-del-anageno-suelto\/#article","isPartOf":{"@id":"https:\/\/www.idermic.es\/es\/dermatologia-pediatrica-el-sindrome-del-anageno-suelto\/"},"author":{"name":"Equipo","@id":"https:\/\/www.idermic.es\/#\/schema\/person\/c12703027a878b23d3c71c87921a82f8"},"headline":"Dermatolog\u00eda pedi\u00e1trica: el s\u00edndrome del an\u00e1geno suelto","datePublished":"2025-04-17T11:44:02+00:00","dateModified":"2025-04-24T07:57:15+00:00","mainEntityOfPage":{"@id":"https:\/\/www.idermic.es\/es\/dermatologia-pediatrica-el-sindrome-del-anageno-suelto\/"},"wordCount":5124,"commentCount":0,"publisher":{"@id":"https:\/\/www.idermic.es\/#organization"},"image":{"@id":"https:\/\/www.idermic.es\/es\/dermatologia-pediatrica-el-sindrome-del-anageno-suelto\/#primaryimage"},"thumbnailUrl":"https:\/\/www.idermic.es\/wp-content\/uploads\/2025\/04\/Dermatologia-pediatrica.-el-sindrome-del-anageno-suelto-3.jpg","articleSection":["Dermatolog\u00eda"],"inLanguage":"es","potentialAction":[{"@type":"CommentAction","name":"Comment","target":["https:\/\/www.idermic.es\/es\/dermatologia-pediatrica-el-sindrome-del-anageno-suelto\/#respond"]}]},{"@type":"WebPage","@id":"https:\/\/www.idermic.es\/es\/dermatologia-pediatrica-el-sindrome-del-anageno-suelto\/","url":"https:\/\/www.idermic.es\/es\/dermatologia-pediatrica-el-sindrome-del-anageno-suelto\/","name":"Dermatolog\u00eda pedi\u00e1trica: el s\u00edndrome del an\u00e1geno suelto -","isPartOf":{"@id":"https:\/\/www.idermic.es\/#website"},"primaryImageOfPage":{"@id":"https:\/\/www.idermic.es\/es\/dermatologia-pediatrica-el-sindrome-del-anageno-suelto\/#primaryimage"},"image":{"@id":"https:\/\/www.idermic.es\/es\/dermatologia-pediatrica-el-sindrome-del-anageno-suelto\/#primaryimage"},"thumbnailUrl":"https:\/\/www.idermic.es\/wp-content\/uploads\/2025\/04\/Dermatologia-pediatrica.-el-sindrome-del-anageno-suelto-3.jpg","datePublished":"2025-04-17T11:44:02+00:00","dateModified":"2025-04-24T07:57:15+00:00","description":"La Dra. Carolina Prat nos explica qu\u00e9 es el s\u00edndrome del an\u00e1geno suelto en ni\u00f1os y c\u00f3mo se diagnostica en dermatolog\u00eda pedi\u00e1trica.","breadcrumb":{"@id":"https:\/\/www.idermic.es\/es\/dermatologia-pediatrica-el-sindrome-del-anageno-suelto\/#breadcrumb"},"inLanguage":"es","potentialAction":[{"@type":"ReadAction","target":["https:\/\/www.idermic.es\/es\/dermatologia-pediatrica-el-sindrome-del-anageno-suelto\/"]}]},{"@type":"ImageObject","inLanguage":"es","@id":"https:\/\/www.idermic.es\/es\/dermatologia-pediatrica-el-sindrome-del-anageno-suelto\/#primaryimage","url":"https:\/\/www.idermic.es\/wp-content\/uploads\/2025\/04\/Dermatologia-pediatrica.-el-sindrome-del-anageno-suelto-3.jpg","contentUrl":"https:\/\/www.idermic.es\/wp-content\/uploads\/2025\/04\/Dermatologia-pediatrica.-el-sindrome-del-anageno-suelto-3.jpg","width":465,"height":276,"caption":"Dermatolog\u00eda pedi\u00e1trica: el s\u00edndrome del an\u00e1geno suelto. Foto 1"},{"@type":"BreadcrumbList","@id":"https:\/\/www.idermic.es\/es\/dermatologia-pediatrica-el-sindrome-del-anageno-suelto\/#breadcrumb","itemListElement":[{"@type":"ListItem","position":1,"name":"Inici","item":"https:\/\/www.idermic.es\/es\/"},{"@type":"ListItem","position":2,"name":"Dermatolog\u00eda pedi\u00e1trica: el s\u00edndrome del an\u00e1geno suelto"}]},{"@type":"WebSite","@id":"https:\/\/www.idermic.es\/#website","url":"https:\/\/www.idermic.es\/","name":"Idermic. Dermatolog\u00eda en Terrassa","description":"Dermatolog\u00eda, Medicina est\u00e9tica, Cirurg\u00eda Pl\u00e0stica","publisher":{"@id":"https:\/\/www.idermic.es\/#organization"},"potentialAction":[{"@type":"SearchAction","target":{"@type":"EntryPoint","urlTemplate":"https:\/\/www.idermic.es\/?s={search_term_string}"},"query-input":{"@type":"PropertyValueSpecification","valueRequired":true,"valueName":"search_term_string"}}],"inLanguage":"es"},{"@type":"Organization","@id":"https:\/\/www.idermic.es\/#organization","name":"Idermic. Dermatolog\u00eda en Terrassa","url":"https:\/\/www.idermic.es\/","logo":{"@type":"ImageObject","inLanguage":"es","@id":"https:\/\/www.idermic.es\/#\/schema\/logo\/image\/","url":"https:\/\/www.idermic.es\/wp-content\/uploads\/2025\/10\/Logo-Idermic.jpg","contentUrl":"https:\/\/www.idermic.es\/wp-content\/uploads\/2025\/10\/Logo-Idermic.jpg","width":501,"height":502,"caption":"Idermic. Dermatolog\u00eda en Terrassa"},"image":{"@id":"https:\/\/www.idermic.es\/#\/schema\/logo\/image\/"},"sameAs":["https:\/\/www.facebook.com\/Idermic","https:\/\/x.com\/idermic","https:\/\/www.instagram.com\/idermicclinic\/","https:\/\/www.youtube.com\/channel\/UCyAHC9-p8lc6hr_nguO8p_g"]},{"@type":"Person","@id":"https:\/\/www.idermic.es\/#\/schema\/person\/c12703027a878b23d3c71c87921a82f8","name":"Equipo","image":{"@type":"ImageObject","inLanguage":"es","@id":"https:\/\/secure.gravatar.com\/avatar\/7ca0be23248108c6b0887e0693b7dcf7764bd3503f84d1f04e6653ef7c3b9420?s=96&d=mm&r=g","url":"https:\/\/secure.gravatar.com\/avatar\/7ca0be23248108c6b0887e0693b7dcf7764bd3503f84d1f04e6653ef7c3b9420?s=96&d=mm&r=g","contentUrl":"https:\/\/secure.gravatar.com\/avatar\/7ca0be23248108c6b0887e0693b7dcf7764bd3503f84d1f04e6653ef7c3b9420?s=96&d=mm&r=g","caption":"Equipo"},"description":"Equipo de Idermic"}]}},"_links":{"self":[{"href":"https:\/\/www.idermic.es\/es\/wp-json\/wp\/v2\/posts\/7549","targetHints":{"allow":["GET"]}}],"collection":[{"href":"https:\/\/www.idermic.es\/es\/wp-json\/wp\/v2\/posts"}],"about":[{"href":"https:\/\/www.idermic.es\/es\/wp-json\/wp\/v2\/types\/post"}],"author":[{"embeddable":true,"href":"https:\/\/www.idermic.es\/es\/wp-json\/wp\/v2\/users\/3"}],"replies":[{"embeddable":true,"href":"https:\/\/www.idermic.es\/es\/wp-json\/wp\/v2\/comments?post=7549"}],"version-history":[{"count":18,"href":"https:\/\/www.idermic.es\/es\/wp-json\/wp\/v2\/posts\/7549\/revisions"}],"predecessor-version":[{"id":7602,"href":"https:\/\/www.idermic.es\/es\/wp-json\/wp\/v2\/posts\/7549\/revisions\/7602"}],"wp:featuredmedia":[{"embeddable":true,"href":"https:\/\/www.idermic.es\/es\/wp-json\/wp\/v2\/media\/7558"}],"wp:attachment":[{"href":"https:\/\/www.idermic.es\/es\/wp-json\/wp\/v2\/media?parent=7549"}],"wp:term":[{"taxonomy":"category","embeddable":true,"href":"https:\/\/www.idermic.es\/es\/wp-json\/wp\/v2\/categories?post=7549"},{"taxonomy":"post_tag","embeddable":true,"href":"https:\/\/www.idermic.es\/es\/wp-json\/wp\/v2\/tags?post=7549"}],"curies":[{"name":"wp","href":"https:\/\/api.w.org\/{rel}","templated":true}]}}