{"id":7526,"date":"2025-04-08T08:54:45","date_gmt":"2025-04-08T08:54:45","guid":{"rendered":"https:\/\/www.idermic.es\/?p=7526"},"modified":"2026-06-06T06:48:01","modified_gmt":"2026-06-06T06:48:01","slug":"la-dra-vilavella-con-los-laboratorios-dermatologicos","status":"publish","type":"post","link":"https:\/\/www.idermic.es\/es\/la-dra-vilavella-con-los-laboratorios-dermatologicos\/","title":{"rendered":"La Dra Vilavella con los laboratorios dermatol\u00f3gicos"},"content":{"rendered":"<p><div class=\"fusion-fullwidth fullwidth-box fusion-builder-row-1 nonhundred-percent-fullwidth non-hundred-percent-height-scrolling\" style=\"--awb-border-radius-top-left:0px;--awb-border-radius-top-right:0px;--awb-border-radius-bottom-right:0px;--awb-border-radius-bottom-left:0px;--awb-flex-wrap:wrap;\" ><div class=\"fusion-builder-row fusion-row\"><div class=\"fusion-layout-column fusion_builder_column fusion-builder-column-0 fusion_builder_column_1_1 1_1 fusion-one-full fusion-column-first fusion-column-last\" style=\"--awb-bg-size:cover;\"><div class=\"fusion-column-wrapper fusion-flex-column-wrapper-legacy\"><div class=\"fusion-text fusion-text-1\"><h1 style=\"text-align: center;\">La Dra Vilavella con los laboratorios dermatol\u00f3gicos<\/h1>\n<\/div><div class=\"fusion-clearfix\"><\/div><\/div><\/div><\/div><\/div><div class=\"fusion-fullwidth fullwidth-box fusion-builder-row-2 nonhundred-percent-fullwidth non-hundred-percent-height-scrolling\" style=\"--awb-border-radius-top-left:0px;--awb-border-radius-top-right:0px;--awb-border-radius-bottom-right:0px;--awb-border-radius-bottom-left:0px;--awb-flex-wrap:wrap;\" ><div class=\"fusion-builder-row fusion-row\"><div class=\"fusion-layout-column fusion_builder_column fusion-builder-column-1 fusion_builder_column_2_3 2_3 fusion-two-third fusion-column-first\" style=\"--awb-bg-size:cover;width:66.666666666667%;width:calc(66.666666666667% - ( ( 4% ) * 0.66666666666667 ) );margin-right: 4%;\"><div class=\"fusion-column-wrapper fusion-flex-column-wrapper-legacy\"><div class=\"fusion-text fusion-text-2\"><p class=\"\" data-start=\"0\" data-end=\"393\">La Dra. Vilavella, dermat\u00f3loga de la <strong><a href=\"https:\/\/www.idermic.es\/\">cl\u00ednica Idermic de Terrassa<\/a><\/strong>, ha participado en una intensa semana de actividades profesionales junto a reconocidos laboratorios dermatol\u00f3gicos como Vichy, Eucerin y Bioderma. Su implicaci\u00f3n en estos eventos refleja su compromiso con la formaci\u00f3n continua, el intercambio de experiencias con otros especialistas y la colaboraci\u00f3n con marcas que apuestan por la ciencia y el rigor cl\u00ednico.<\/p>\n<p class=\"\" data-start=\"395\" data-end=\"901\">Entre las citas destacadas, la Dra. Vilavella form\u00f3 parte de una velada organizada por <strong>Laboratorios Vichy<\/strong> en la <a href=\"http:\/\/www.llotjademar.cat\/es\"><strong>Llotja de Mar<\/strong><\/a>, donde se abord\u00f3 el papel del <strong><a href=\"https:\/\/www.idermic.es\/es\/inductores-de-colageno-que-zonas-podemos-tratar\/\">col\u00e1geno<\/a><\/strong> en el <a href=\"https:\/\/www.idermic.es\/es\/guia-para-el-cuidado-de-la-piel\/\"><strong>cuidado de la piel<\/strong><\/a>. Tambi\u00e9n asisti\u00f3 a un encuentro de Eucerin en el espacio <strong>America\u2019s Cup Experience<\/strong>, en un entorno de alto nivel y rodeada de otros expertos del sector. Finalmente, colabor\u00f3 con Bioderma en la presentaci\u00f3n de sus novedades para 2025, un evento celebrado en el restaurante <a href=\"https:\/\/www.noburestaurants.com\/barcelona\"><strong>NOBU Barcelona<\/strong><\/a> que incluy\u00f3 un taller de sushi.<\/p>\n<\/div><div class=\"fusion-clearfix\"><\/div><\/div><\/div><div class=\"fusion-layout-column fusion_builder_column fusion-builder-column-2 fusion_builder_column_1_3 1_3 fusion-one-third fusion-column-last\" style=\"--awb-bg-size:cover;width:33.333333333333%;width:calc(33.333333333333% - ( ( 4% ) * 0.33333333333333 ) );\"><div class=\"fusion-column-wrapper fusion-flex-column-wrapper-legacy\"><div class=\"fusion-image-element in-legacy-container\" style=\"--awb-caption-title-font-family:var(--h2_typography-font-family);--awb-caption-title-font-weight:var(--h2_typography-font-weight);--awb-caption-title-font-style:var(--h2_typography-font-style);--awb-caption-title-size:var(--h2_typography-font-size);--awb-caption-title-transform:var(--h2_typography-text-transform);--awb-caption-title-line-height:var(--h2_typography-line-height);--awb-caption-title-letter-spacing:var(--h2_typography-letter-spacing);\"><span class=\" fusion-imageframe imageframe-none imageframe-1 hover-type-none\"><img decoding=\"async\" width=\"244\" height=\"300\" alt=\"Dra Vilavella y los laboratorios dermatol\u00f3gicos\" title=\"Laboratorios dermatol\u00f3gicos\" src=\"https:\/\/www.idermic.es\/wp-content\/uploads\/2025\/04\/Dra-Vilavella-y-los-Laboratorios-Vichy-1-244x300.jpg\" class=\"img-responsive wp-image-7531\" srcset=\"https:\/\/www.idermic.es\/wp-content\/uploads\/2025\/04\/Dra-Vilavella-y-los-Laboratorios-Vichy-1-200x246.jpg 200w, https:\/\/www.idermic.es\/wp-content\/uploads\/2025\/04\/Dra-Vilavella-y-los-Laboratorios-Vichy-1-400x492.jpg 400w, https:\/\/www.idermic.es\/wp-content\/uploads\/2025\/04\/Dra-Vilavella-y-los-Laboratorios-Vichy-1.jpg 485w\" sizes=\"(max-width: 800px) 100vw, 244px\" \/><\/span><\/div><div class=\"fusion-clearfix\"><\/div><\/div><\/div><\/div><\/div><div class=\"fusion-fullwidth fullwidth-box fusion-builder-row-3 nonhundred-percent-fullwidth non-hundred-percent-height-scrolling\" style=\"--awb-border-radius-top-left:0px;--awb-border-radius-top-right:0px;--awb-border-radius-bottom-right:0px;--awb-border-radius-bottom-left:0px;--awb-flex-wrap:wrap;\" ><div class=\"fusion-builder-row fusion-row\"><div class=\"fusion-layout-column fusion_builder_column fusion-builder-column-3 fusion_builder_column_1_1 1_1 fusion-one-full fusion-column-first fusion-column-last\" style=\"--awb-bg-size:cover;\"><div class=\"fusion-column-wrapper fusion-flex-column-wrapper-legacy\"><div class=\"fusion-text fusion-text-3\"><p>Estos encuentros consolidan la posici\u00f3n de la Dra. Vilavella como una referente en el \u00e1mbito de la dermatolog\u00eda y la cosm\u00e9tica m\u00e9dica, siempre en contacto con las \u00faltimas innovaciones y con una clara vocaci\u00f3n divulgativa.<\/p>\n<\/div><div class=\"fusion-clearfix\"><\/div><\/div><\/div><\/div><\/div><div class=\"fusion-fullwidth fullwidth-box fusion-builder-row-4 nonhundred-percent-fullwidth non-hundred-percent-height-scrolling\" style=\"--awb-border-radius-top-left:0px;--awb-border-radius-top-right:0px;--awb-border-radius-bottom-right:0px;--awb-border-radius-bottom-left:0px;--awb-flex-wrap:wrap;\" ><div class=\"fusion-builder-row fusion-row\"><div class=\"fusion-layout-column fusion_builder_column fusion-builder-column-4 fusion_builder_column_1_3 1_3 fusion-one-third fusion-column-first\" style=\"--awb-bg-size:cover;width:33.333333333333%;width:calc(33.333333333333% - ( ( 4% + 4% ) * 0.33333333333333 ) );margin-right: 4%;\"><div class=\"fusion-column-wrapper fusion-flex-column-wrapper-legacy\"><div class=\"fusion-image-element in-legacy-container\" style=\"--awb-caption-title-font-family:var(--h2_typography-font-family);--awb-caption-title-font-weight:var(--h2_typography-font-weight);--awb-caption-title-font-style:var(--h2_typography-font-style);--awb-caption-title-size:var(--h2_typography-font-size);--awb-caption-title-transform:var(--h2_typography-text-transform);--awb-caption-title-line-height:var(--h2_typography-line-height);--awb-caption-title-letter-spacing:var(--h2_typography-letter-spacing);\"><span class=\" fusion-imageframe imageframe-none imageframe-2 hover-type-none\"><img decoding=\"async\" width=\"216\" height=\"300\" alt=\"Dra Vilavella y los laboratorios dermatol\u00f3gicos\" title=\"Laboratorios dermatol\u00f3gicos\" src=\"https:\/\/www.idermic.es\/wp-content\/uploads\/2025\/04\/Dra-Vilavella-y-los-Laboratorios-Vichy-3-216x300.jpg\" class=\"img-responsive wp-image-7527\" srcset=\"https:\/\/www.idermic.es\/wp-content\/uploads\/2025\/04\/Dra-Vilavella-y-los-Laboratorios-Vichy-3-200x277.jpg 200w, https:\/\/www.idermic.es\/wp-content\/uploads\/2025\/04\/Dra-Vilavella-y-los-Laboratorios-Vichy-3-400x554.jpg 400w, https:\/\/www.idermic.es\/wp-content\/uploads\/2025\/04\/Dra-Vilavella-y-los-Laboratorios-Vichy-3.jpg 438w\" sizes=\"(max-width: 800px) 100vw, 216px\" \/><\/span><\/div><div class=\"fusion-clearfix\"><\/div><\/div><\/div><div class=\"fusion-layout-column fusion_builder_column fusion-builder-column-5 fusion_builder_column_1_3 1_3 fusion-one-third\" style=\"--awb-bg-size:cover;width:33.333333333333%;width:calc(33.333333333333% - ( ( 4% + 4% ) * 0.33333333333333 ) );margin-right: 4%;\"><div class=\"fusion-column-wrapper fusion-flex-column-wrapper-legacy\"><div class=\"fusion-image-element in-legacy-container\" style=\"--awb-caption-title-font-family:var(--h2_typography-font-family);--awb-caption-title-font-weight:var(--h2_typography-font-weight);--awb-caption-title-font-style:var(--h2_typography-font-style);--awb-caption-title-size:var(--h2_typography-font-size);--awb-caption-title-transform:var(--h2_typography-text-transform);--awb-caption-title-line-height:var(--h2_typography-line-height);--awb-caption-title-letter-spacing:var(--h2_typography-letter-spacing);\"><span class=\" fusion-imageframe imageframe-none imageframe-3 hover-type-none\"><img decoding=\"async\" width=\"195\" height=\"300\" alt=\"Dra Vilavella y los laboratorios dermatol\u00f3gicos\" title=\"Laboratorios dermatol\u00f3gicos\" src=\"https:\/\/www.idermic.es\/wp-content\/uploads\/2025\/04\/Dra-Vilavella-y-los-Laboratorios-Vichy-2-195x300.jpg\" class=\"img-responsive wp-image-7529\" srcset=\"https:\/\/www.idermic.es\/wp-content\/uploads\/2025\/04\/Dra-Vilavella-y-los-Laboratorios-Vichy-2-200x308.jpg 200w, https:\/\/www.idermic.es\/wp-content\/uploads\/2025\/04\/Dra-Vilavella-y-los-Laboratorios-Vichy-2-400x616.jpg 400w, https:\/\/www.idermic.es\/wp-content\/uploads\/2025\/04\/Dra-Vilavella-y-los-Laboratorios-Vichy-2.jpg 416w\" sizes=\"(max-width: 800px) 100vw, 195px\" \/><\/span><\/div><div class=\"fusion-clearfix\"><\/div><\/div><\/div><div class=\"fusion-layout-column fusion_builder_column fusion-builder-column-6 fusion_builder_column_1_3 1_3 fusion-one-third fusion-column-last\" style=\"--awb-bg-size:cover;width:33.333333333333%;width:calc(33.333333333333% - ( ( 4% + 4% ) * 0.33333333333333 ) );\"><div class=\"fusion-column-wrapper fusion-flex-column-wrapper-legacy\"><div class=\"fusion-image-element in-legacy-container\" style=\"--awb-caption-title-font-family:var(--h2_typography-font-family);--awb-caption-title-font-weight:var(--h2_typography-font-weight);--awb-caption-title-font-style:var(--h2_typography-font-style);--awb-caption-title-size:var(--h2_typography-font-size);--awb-caption-title-transform:var(--h2_typography-text-transform);--awb-caption-title-line-height:var(--h2_typography-line-height);--awb-caption-title-letter-spacing:var(--h2_typography-letter-spacing);\"><span class=\" fusion-imageframe imageframe-none imageframe-4 hover-type-none\"><img decoding=\"async\" width=\"214\" height=\"300\" alt=\"Imagen del interior de la Llotja de Mar\" title=\"Dra Vilavella y los Laboratorios Vichy-4\" src=\"https:\/\/www.idermic.es\/wp-content\/uploads\/2025\/04\/Dra-Vilavella-y-los-Laboratorios-Vichy-4-214x300.jpg\" class=\"img-responsive wp-image-7539\" srcset=\"https:\/\/www.idermic.es\/wp-content\/uploads\/2025\/04\/Dra-Vilavella-y-los-Laboratorios-Vichy-4-200x281.jpg 200w, https:\/\/www.idermic.es\/wp-content\/uploads\/2025\/04\/Dra-Vilavella-y-los-Laboratorios-Vichy-4-400x561.jpg 400w, https:\/\/www.idermic.es\/wp-content\/uploads\/2025\/04\/Dra-Vilavella-y-los-Laboratorios-Vichy-4.jpg 412w\" sizes=\"(max-width: 800px) 100vw, 214px\" \/><\/span><\/div><div class=\"fusion-clearfix\"><\/div><\/div><\/div><\/div><\/div><div class=\"fusion-fullwidth fullwidth-box fusion-builder-row-5 nonhundred-percent-fullwidth non-hundred-percent-height-scrolling\" style=\"--awb-border-radius-top-left:0px;--awb-border-radius-top-right:0px;--awb-border-radius-bottom-right:0px;--awb-border-radius-bottom-left:0px;--awb-flex-wrap:wrap;\" ><div class=\"fusion-builder-row fusion-row\"><div class=\"fusion-layout-column fusion_builder_column fusion-builder-column-7 fusion_builder_column_1_1 1_1 fusion-one-full fusion-column-first fusion-column-last\" style=\"--awb-bg-size:cover;\"><div class=\"fusion-column-wrapper fusion-flex-column-wrapper-legacy\"><div class=\"fusion-sep-clear\"><\/div><div class=\"fusion-separator fusion-full-width-sep\" style=\"margin-left: auto;margin-right: auto;width:100%;\"><div class=\"fusion-separator-border sep-double\" style=\"--awb-height:20px;--awb-amount:20px;border-color:#e0dede;border-top-width:1px;border-bottom-width:1px;\"><\/div><\/div><div class=\"fusion-sep-clear\"><\/div><div class=\"fusion-clearfix\"><\/div><\/div><\/div><\/div><\/div><div class=\"fusion-fullwidth fullwidth-box fusion-builder-row-6 nonhundred-percent-fullwidth non-hundred-percent-height-scrolling\" style=\"--awb-border-radius-top-left:0px;--awb-border-radius-top-right:0px;--awb-border-radius-bottom-right:0px;--awb-border-radius-bottom-left:0px;--awb-flex-wrap:wrap;\" ><div class=\"fusion-builder-row fusion-row\"><div class=\"fusion-layout-column fusion_builder_column fusion-builder-column-8 fusion_builder_column_1_1 1_1 fusion-one-full fusion-column-first fusion-column-last\" style=\"--awb-bg-size:cover;\"><div class=\"fusion-column-wrapper fusion-flex-column-wrapper-legacy\"><div class=\"fusion-text fusion-text-4\"><h2 class=\"\" data-start=\"0\" data-end=\"79\">Laboratorios Vichy: ciencia dermatol\u00f3gica al servicio del cuidado de la piel<\/h2>\n<p class=\"\" data-start=\"81\" data-end=\"782\"><a href=\"https:\/\/www.vichy.es\/\"><strong>Laboratorios Vichy<\/strong><\/a> naci\u00f3 en 1931 en la ciudad termal de Vichy, en el coraz\u00f3n de Francia, de la mano del doctor Haller, un dermat\u00f3logo que descubri\u00f3 las propiedades regeneradoras del agua volc\u00e1nica de la regi\u00f3n. Desde entonces, la marca se ha consolidado como una referencia en el \u00e1mbito de la dermocosm\u00e9tica, combinando ingredientes activos de alta eficacia con formulaciones respetuosas con la piel, incluso la m\u00e1s sensible. A lo largo de las d\u00e9cadas, Vichy ha desarrollado l\u00edneas de productos innovadoras que abarcan desde el tratamiento del envejecimiento cut\u00e1neo hasta el cuidado del cuero cabelludo, pasando por soluciones espec\u00edficas para pieles acneicas, deshidratadas o con p\u00e9rdida de firmeza.<\/p>\n<p class=\"\" data-start=\"784\" data-end=\"1152\">Entre sus productos m\u00e1s conocidos se encuentran la gama Min\u00e9ral 89, un s\u00e9rum reforzador formulado con \u00e1cido hialur\u00f3nico y agua volc\u00e1nica; Liftactiv, centrada en la firmeza y la reducci\u00f3n de arrugas; y Dercos, especializada en la salud capilar. Todos ellos se desarrollan bajo estrictos controles dermatol\u00f3gicos y se basan en estudios cient\u00edficos avalados por expertos.<\/p>\n<p class=\"\" data-start=\"1154\" data-end=\"1406\">La cl\u00ednica Idermic de Terrassa conf\u00eda plenamente en los Laboratorios Vichy por su compromiso con la ciencia, la innovaci\u00f3n constante y la eficacia demostrada de sus tratamientos, recomend\u00e1ndolos como complemento ideal para el cuidado diario de la piel.<\/p>\n<\/div><div class=\"fusion-clearfix\"><\/div><\/div><\/div><\/div><\/div><div class=\"fusion-fullwidth fullwidth-box fusion-builder-row-7 nonhundred-percent-fullwidth non-hundred-percent-height-scrolling\" style=\"--awb-border-radius-top-left:0px;--awb-border-radius-top-right:0px;--awb-border-radius-bottom-right:0px;--awb-border-radius-bottom-left:0px;--awb-flex-wrap:wrap;\" ><div class=\"fusion-builder-row fusion-row\"><div class=\"fusion-layout-column fusion_builder_column fusion-builder-column-9 fusion_builder_column_1_1 1_1 fusion-one-full fusion-column-first fusion-column-last\" style=\"--awb-bg-size:cover;\"><div class=\"fusion-column-wrapper fusion-flex-column-wrapper-legacy\"><div class=\"fusion-text fusion-text-5\"><h2 class=\"\" data-start=\"154\" data-end=\"224\">Eucerin: m\u00e1s de un siglo de experiencia en el cuidado dermatol\u00f3gico<\/h2>\n<p class=\"\" data-start=\"226\" data-end=\"754\"><a href=\"https:\/\/www.eucerin.es\/\"><strong>Eucerin<\/strong><\/a> es una marca alemana con m\u00e1s de 100 a\u00f1os de trayectoria en el desarrollo de productos dermocosm\u00e9ticos avalados cient\u00edficamente. Fundada en 1900 por el qu\u00edmico Isaac Lifsch\u00fctz y con el respaldo de dermat\u00f3logos desde sus inicios, Eucerin forma parte del grupo Beiersdorf, y se ha convertido en un referente mundial en soluciones para pieles sensibles, problem\u00e1ticas y envejecidas. Su filosof\u00eda combina la innovaci\u00f3n farmac\u00e9utica con la eficacia cl\u00ednica, siempre con el objetivo de restaurar y mantener la salud de la piel.<\/p>\n<p class=\"\" data-start=\"756\" data-end=\"1145\">Entre sus productos m\u00e1s reconocidos se encuentran la gama Hyaluron-Filler, que combate las arrugas y la p\u00e9rdida de volumen con \u00e1cido hialur\u00f3nico y saponina; AtopiControl, ideal para pieles at\u00f3picas y propensas a la irritaci\u00f3n; y Sun Protection, formulaciones solares adaptadas incluso a las pieles m\u00e1s reactivas. Todos sus productos se someten a rigurosas pruebas de tolerancia y eficacia.<\/p>\n<p class=\"\" data-start=\"1147\" data-end=\"1424\">En la cl\u00ednica Idermic de Terrassa, la Dra. Vilavella conf\u00eda en Eucerin como aliado habitual en el tratamiento dermatol\u00f3gico cotidiano, por su enfoque cl\u00ednico, su compromiso con la investigaci\u00f3n y su capacidad para ofrecer soluciones eficaces y seguras para todo tipo de pieles.<\/p>\n<\/div><div class=\"fusion-clearfix\"><\/div><\/div><\/div><\/div><\/div><div class=\"fusion-fullwidth fullwidth-box fusion-builder-row-8 nonhundred-percent-fullwidth non-hundred-percent-height-scrolling\" style=\"--awb-border-radius-top-left:0px;--awb-border-radius-top-right:0px;--awb-border-radius-bottom-right:0px;--awb-border-radius-bottom-left:0px;--awb-flex-wrap:wrap;\" ><div class=\"fusion-builder-row fusion-row\"><div class=\"fusion-layout-column fusion_builder_column fusion-builder-column-10 fusion_builder_column_1_1 1_1 fusion-one-full fusion-column-first fusion-column-last\" style=\"--awb-bg-size:cover;\"><div class=\"fusion-column-wrapper fusion-flex-column-wrapper-legacy\"><div class=\"fusion-text fusion-text-6\"><h2 class=\"\" data-start=\"1431\" data-end=\"1501\">Bioderma: innovaci\u00f3n biol\u00f3gica para restaurar el equilibrio cut\u00e1neo<\/h2>\n<p class=\"\" data-start=\"1503\" data-end=\"1956\"><a href=\"https:\/\/www.bioderma.es\/\"><strong>Bioderma<\/strong><\/a> es una marca francesa de dermocosm\u00e9tica fundada en 1977 por el farmac\u00e9utico Jean-No\u00ebl Thorel. Su enfoque innovador se basa en la ecobiolog\u00eda, una visi\u00f3n que entiende la piel como un ecosistema en constante interacci\u00f3n con su entorno. Esta filosof\u00eda ha llevado a Bioderma a desarrollar productos que no solo tratan los s\u00edntomas, sino que restauran las funciones naturales de la piel, respetando su biolog\u00eda y fortaleciendo su barrera protectora.<\/p>\n<p class=\"\" data-start=\"1958\" data-end=\"2445\">Una de sus gamas m\u00e1s emblem\u00e1ticas es Sensibio, especialmente conocida por el agua micelar Sensibio H2O, l\u00edder en limpieza facial para pieles sensibles. Tambi\u00e9n destacan productos como Atoderm, dise\u00f1ada para pieles muy secas o con tendencia at\u00f3pica, y Photoderm, su l\u00ednea de fotoprotecci\u00f3n avanzada con soluciones adaptadas a diferentes tipos de piel y necesidades. Cada f\u00f3rmula est\u00e1 respaldada por estudios cient\u00edficos y desarrollada con la colaboraci\u00f3n de dermat\u00f3logos de todo el mundo.<\/p>\n<p class=\"\" data-start=\"2447\" data-end=\"2738\">La cl\u00ednica Idermic de Terrassa colabora estrechamente con Bioderma por su enfoque cient\u00edfico, su respeto por la fisiolog\u00eda cut\u00e1nea y su capacidad para ofrecer tratamientos que complementan eficazmente la consulta dermatol\u00f3gica, especialmente en pieles sensibles o con patolog\u00edas espec\u00edficas.<\/p>\n<p>Para cualquier consulta relacionada con el col\u00e1geno y el cuidado de la piel, en Idermic, tu <strong><a href=\"http:\/\/idermic.es\/\">dermat\u00f3logo en Terrassa<\/a><\/strong> estaremos encantados de atenderte.<\/p>\n<\/div><div class=\"fusion-clearfix\"><\/div><\/div><\/div><\/div><\/div><div class=\"fusion-fullwidth fullwidth-box fusion-builder-row-9 nonhundred-percent-fullwidth non-hundred-percent-height-scrolling\" style=\"--awb-border-radius-top-left:0px;--awb-border-radius-top-right:0px;--awb-border-radius-bottom-right:0px;--awb-border-radius-bottom-left:0px;--awb-flex-wrap:wrap;\" ><div class=\"fusion-builder-row fusion-row\"><div class=\"fusion-layout-column fusion_builder_column fusion-builder-column-11 fusion_builder_column_1_2 1_2 fusion-one-half fusion-column-first\" style=\"--awb-bg-size:cover;width:50%;width:calc(50% - ( ( 4% ) * 0.5 ) );margin-right: 4%;\"><div class=\"fusion-column-wrapper fusion-flex-column-wrapper-legacy\"><iframe width=\"315\" height=\"560\" src=\"https:\/\/www.youtube.com\/embed\/8Vq0IJBNK1w\" title=\"La Dra Vilavella con los laboratorios dermatol\u00f3gicos\" frameborder=\"0\" allow=\"accelerometer; autoplay; clipboard-write; encrypted-media; gyroscope; picture-in-picture; web-share\" referrerpolicy=\"strict-origin-when-cross-origin\" allowfullscreen><\/iframe><div class=\"fusion-clearfix\"><\/div><\/div><\/div><div class=\"fusion-layout-column fusion_builder_column fusion-builder-column-12 fusion_builder_column_1_2 1_2 fusion-one-half fusion-column-last\" style=\"--awb-bg-size:cover;width:50%;width:calc(50% - ( ( 4% ) * 0.5 ) );\"><div class=\"fusion-column-wrapper fusion-flex-column-wrapper-legacy\"><iframe width=\"315\" height=\"560\" src=\"https:\/\/www.youtube.com\/embed\/1LfRho5REGk\" title=\"La Dra Vilavella con los laboratorios dermatol\u00f3gicos Vichy, Eucerin y Bioderma-2\" frameborder=\"0\" allow=\"accelerometer; autoplay; clipboard-write; encrypted-media; gyroscope; picture-in-picture; web-share\" referrerpolicy=\"strict-origin-when-cross-origin\" allowfullscreen><\/iframe><div class=\"fusion-clearfix\"><\/div><\/div><\/div><\/div><\/div><\/p>\n","protected":false},"excerpt":{"rendered":"<p>La Dra. Vilavella refuerza su v\u00ednculo con laboratorios como Vichy, Eucerin y Bioderma en una semana llena de charlas, encuentros y novedades.<\/p>\n","protected":false},"author":3,"featured_media":7527,"comment_status":"open","ping_status":"closed","sticky":false,"template":"","format":"standard","meta":{"_joinchat":[],"footnotes":""},"categories":[25],"tags":[263],"class_list":["post-7526","post","type-post","status-publish","format-standard","has-post-thumbnail","hentry","category-noticias","tag-eventos"],"yoast_head":"<!-- This site is optimized with the Yoast SEO plugin v28.4 - https:\/\/yoast.com\/product\/yoast-seo-wordpress\/ -->\n<title>La Dra Vilavella con los laboratorios dermatol\u00f3gicos -<\/title>\n<meta name=\"description\" content=\"La Dra. Vilavella refuerza su v\u00ednculo con laboratorios como Vichy, Eucerin y Bioderma en una semana llena de charlas, encuentros y novedades.\" \/>\n<meta name=\"robots\" content=\"index, follow, max-snippet:-1, max-image-preview:large, max-video-preview:-1\" \/>\n<link rel=\"canonical\" href=\"https:\/\/www.idermic.es\/es\/la-dra-vilavella-con-los-laboratorios-dermatologicos\/\" \/>\n<meta property=\"og:locale\" content=\"es_ES\" \/>\n<meta property=\"og:type\" content=\"article\" \/>\n<meta property=\"og:title\" content=\"La Dra Vilavella con los laboratorios dermatol\u00f3gicos -\" \/>\n<meta property=\"og:description\" content=\"La Dra. Vilavella refuerza su v\u00ednculo con laboratorios como Vichy, Eucerin y Bioderma en una semana llena de charlas, encuentros y novedades.\" \/>\n<meta property=\"og:url\" content=\"https:\/\/www.idermic.es\/es\/la-dra-vilavella-con-los-laboratorios-dermatologicos\/\" \/>\n<meta property=\"og:site_name\" content=\"Idermic. Dermatolog\u00eda en Terrassa\" \/>\n<meta property=\"article:publisher\" content=\"https:\/\/www.facebook.com\/Idermic\" \/>\n<meta property=\"article:published_time\" content=\"2025-04-08T08:54:45+00:00\" \/>\n<meta property=\"article:modified_time\" content=\"2026-06-06T06:48:01+00:00\" \/>\n<meta property=\"og:image\" content=\"https:\/\/www.idermic.es\/wp-content\/uploads\/2025\/04\/Dra-Vilavella-y-los-Laboratorios-Vichy-3.jpg\" \/>\n\t<meta property=\"og:image:width\" content=\"438\" \/>\n\t<meta property=\"og:image:height\" content=\"607\" \/>\n\t<meta property=\"og:image:type\" content=\"image\/jpeg\" \/>\n<meta name=\"author\" content=\"Equipo\" \/>\n<meta name=\"twitter:card\" content=\"summary_large_image\" \/>\n<meta name=\"twitter:creator\" content=\"@idermic\" \/>\n<meta name=\"twitter:site\" content=\"@idermic\" \/>\n<meta name=\"twitter:label1\" content=\"Escrito por\" \/>\n\t<meta name=\"twitter:data1\" content=\"Equipo\" \/>\n\t<meta name=\"twitter:label2\" content=\"Tiempo de lectura\" \/>\n\t<meta name=\"twitter:data2\" content=\"6 minutos\" \/>\n<script type=\"application\/ld+json\" class=\"yoast-schema-graph\">{\"@context\":\"https:\\\/\\\/schema.org\",\"@graph\":[{\"@type\":\"Article\",\"@id\":\"https:\\\/\\\/www.idermic.es\\\/es\\\/la-dra-vilavella-con-los-laboratorios-dermatologicos\\\/#article\",\"isPartOf\":{\"@id\":\"https:\\\/\\\/www.idermic.es\\\/es\\\/la-dra-vilavella-con-los-laboratorios-dermatologicos\\\/\"},\"author\":{\"name\":\"Equipo\",\"@id\":\"https:\\\/\\\/www.idermic.es\\\/#\\\/schema\\\/person\\\/c12703027a878b23d3c71c87921a82f8\"},\"headline\":\"La Dra Vilavella con los laboratorios dermatol\u00f3gicos\",\"datePublished\":\"2025-04-08T08:54:45+00:00\",\"dateModified\":\"2026-06-06T06:48:01+00:00\",\"mainEntityOfPage\":{\"@id\":\"https:\\\/\\\/www.idermic.es\\\/es\\\/la-dra-vilavella-con-los-laboratorios-dermatologicos\\\/\"},\"wordCount\":3610,\"commentCount\":0,\"publisher\":{\"@id\":\"https:\\\/\\\/www.idermic.es\\\/#organization\"},\"image\":{\"@id\":\"https:\\\/\\\/www.idermic.es\\\/es\\\/la-dra-vilavella-con-los-laboratorios-dermatologicos\\\/#primaryimage\"},\"thumbnailUrl\":\"https:\\\/\\\/www.idermic.es\\\/wp-content\\\/uploads\\\/2025\\\/04\\\/Dra-Vilavella-y-los-Laboratorios-Vichy-3.jpg\",\"keywords\":[\"Eventos\"],\"articleSection\":[\"Noticias\"],\"inLanguage\":\"es\",\"potentialAction\":[{\"@type\":\"CommentAction\",\"name\":\"Comment\",\"target\":[\"https:\\\/\\\/www.idermic.es\\\/es\\\/la-dra-vilavella-con-los-laboratorios-dermatologicos\\\/#respond\"]}]},{\"@type\":\"WebPage\",\"@id\":\"https:\\\/\\\/www.idermic.es\\\/es\\\/la-dra-vilavella-con-los-laboratorios-dermatologicos\\\/\",\"url\":\"https:\\\/\\\/www.idermic.es\\\/es\\\/la-dra-vilavella-con-los-laboratorios-dermatologicos\\\/\",\"name\":\"La Dra Vilavella con los laboratorios dermatol\u00f3gicos -\",\"isPartOf\":{\"@id\":\"https:\\\/\\\/www.idermic.es\\\/#website\"},\"primaryImageOfPage\":{\"@id\":\"https:\\\/\\\/www.idermic.es\\\/es\\\/la-dra-vilavella-con-los-laboratorios-dermatologicos\\\/#primaryimage\"},\"image\":{\"@id\":\"https:\\\/\\\/www.idermic.es\\\/es\\\/la-dra-vilavella-con-los-laboratorios-dermatologicos\\\/#primaryimage\"},\"thumbnailUrl\":\"https:\\\/\\\/www.idermic.es\\\/wp-content\\\/uploads\\\/2025\\\/04\\\/Dra-Vilavella-y-los-Laboratorios-Vichy-3.jpg\",\"datePublished\":\"2025-04-08T08:54:45+00:00\",\"dateModified\":\"2026-06-06T06:48:01+00:00\",\"description\":\"La Dra. Vilavella refuerza su v\u00ednculo con laboratorios como Vichy, Eucerin y Bioderma en una semana llena de charlas, encuentros y novedades.\",\"breadcrumb\":{\"@id\":\"https:\\\/\\\/www.idermic.es\\\/es\\\/la-dra-vilavella-con-los-laboratorios-dermatologicos\\\/#breadcrumb\"},\"inLanguage\":\"es\",\"potentialAction\":[{\"@type\":\"ReadAction\",\"target\":[\"https:\\\/\\\/www.idermic.es\\\/es\\\/la-dra-vilavella-con-los-laboratorios-dermatologicos\\\/\"]}]},{\"@type\":\"ImageObject\",\"inLanguage\":\"es\",\"@id\":\"https:\\\/\\\/www.idermic.es\\\/es\\\/la-dra-vilavella-con-los-laboratorios-dermatologicos\\\/#primaryimage\",\"url\":\"https:\\\/\\\/www.idermic.es\\\/wp-content\\\/uploads\\\/2025\\\/04\\\/Dra-Vilavella-y-los-Laboratorios-Vichy-3.jpg\",\"contentUrl\":\"https:\\\/\\\/www.idermic.es\\\/wp-content\\\/uploads\\\/2025\\\/04\\\/Dra-Vilavella-y-los-Laboratorios-Vichy-3.jpg\",\"width\":438,\"height\":607,\"caption\":\"Dra Vilavella y los laboratorios dermatol\u00f3gicos\"},{\"@type\":\"BreadcrumbList\",\"@id\":\"https:\\\/\\\/www.idermic.es\\\/es\\\/la-dra-vilavella-con-los-laboratorios-dermatologicos\\\/#breadcrumb\",\"itemListElement\":[{\"@type\":\"ListItem\",\"position\":1,\"name\":\"Inici\",\"item\":\"https:\\\/\\\/www.idermic.es\\\/es\\\/\"},{\"@type\":\"ListItem\",\"position\":2,\"name\":\"La Dra Vilavella con los laboratorios dermatol\u00f3gicos\"}]},{\"@type\":\"WebSite\",\"@id\":\"https:\\\/\\\/www.idermic.es\\\/#website\",\"url\":\"https:\\\/\\\/www.idermic.es\\\/\",\"name\":\"Idermic. Dermatolog\u00eda en Terrassa\",\"description\":\"Dermatolog\u00eda, Medicina est\u00e9tica, Cirurg\u00eda Pl\u00e0stica\",\"publisher\":{\"@id\":\"https:\\\/\\\/www.idermic.es\\\/#organization\"},\"potentialAction\":[{\"@type\":\"SearchAction\",\"target\":{\"@type\":\"EntryPoint\",\"urlTemplate\":\"https:\\\/\\\/www.idermic.es\\\/?s={search_term_string}\"},\"query-input\":{\"@type\":\"PropertyValueSpecification\",\"valueRequired\":true,\"valueName\":\"search_term_string\"}}],\"inLanguage\":\"es\"},{\"@type\":\"Organization\",\"@id\":\"https:\\\/\\\/www.idermic.es\\\/#organization\",\"name\":\"Idermic. Dermatolog\u00eda en Terrassa\",\"url\":\"https:\\\/\\\/www.idermic.es\\\/\",\"logo\":{\"@type\":\"ImageObject\",\"inLanguage\":\"es\",\"@id\":\"https:\\\/\\\/www.idermic.es\\\/#\\\/schema\\\/logo\\\/image\\\/\",\"url\":\"https:\\\/\\\/www.idermic.es\\\/wp-content\\\/uploads\\\/2025\\\/10\\\/Logo-Idermic.jpg\",\"contentUrl\":\"https:\\\/\\\/www.idermic.es\\\/wp-content\\\/uploads\\\/2025\\\/10\\\/Logo-Idermic.jpg\",\"width\":501,\"height\":502,\"caption\":\"Idermic. Dermatolog\u00eda en Terrassa\"},\"image\":{\"@id\":\"https:\\\/\\\/www.idermic.es\\\/#\\\/schema\\\/logo\\\/image\\\/\"},\"sameAs\":[\"https:\\\/\\\/www.facebook.com\\\/Idermic\",\"https:\\\/\\\/x.com\\\/idermic\",\"https:\\\/\\\/www.instagram.com\\\/idermicclinic\\\/\",\"https:\\\/\\\/www.youtube.com\\\/channel\\\/UCyAHC9-p8lc6hr_nguO8p_g\"]},{\"@type\":\"Person\",\"@id\":\"https:\\\/\\\/www.idermic.es\\\/#\\\/schema\\\/person\\\/c12703027a878b23d3c71c87921a82f8\",\"name\":\"Equipo\",\"image\":{\"@type\":\"ImageObject\",\"inLanguage\":\"es\",\"@id\":\"https:\\\/\\\/secure.gravatar.com\\\/avatar\\\/7ca0be23248108c6b0887e0693b7dcf7764bd3503f84d1f04e6653ef7c3b9420?s=96&d=mm&r=g\",\"url\":\"https:\\\/\\\/secure.gravatar.com\\\/avatar\\\/7ca0be23248108c6b0887e0693b7dcf7764bd3503f84d1f04e6653ef7c3b9420?s=96&d=mm&r=g\",\"contentUrl\":\"https:\\\/\\\/secure.gravatar.com\\\/avatar\\\/7ca0be23248108c6b0887e0693b7dcf7764bd3503f84d1f04e6653ef7c3b9420?s=96&d=mm&r=g\",\"caption\":\"Equipo\"},\"description\":\"Equipo de Idermic\"}]}<\/script>\n<!-- \/ Yoast SEO plugin. -->","yoast_head_json":{"title":"La Dra Vilavella con los laboratorios dermatol\u00f3gicos -","description":"La Dra. Vilavella refuerza su v\u00ednculo con laboratorios como Vichy, Eucerin y Bioderma en una semana llena de charlas, encuentros y novedades.","robots":{"index":"index","follow":"follow","max-snippet":"max-snippet:-1","max-image-preview":"max-image-preview:large","max-video-preview":"max-video-preview:-1"},"canonical":"https:\/\/www.idermic.es\/es\/la-dra-vilavella-con-los-laboratorios-dermatologicos\/","og_locale":"es_ES","og_type":"article","og_title":"La Dra Vilavella con los laboratorios dermatol\u00f3gicos -","og_description":"La Dra. Vilavella refuerza su v\u00ednculo con laboratorios como Vichy, Eucerin y Bioderma en una semana llena de charlas, encuentros y novedades.","og_url":"https:\/\/www.idermic.es\/es\/la-dra-vilavella-con-los-laboratorios-dermatologicos\/","og_site_name":"Idermic. Dermatolog\u00eda en Terrassa","article_publisher":"https:\/\/www.facebook.com\/Idermic","article_published_time":"2025-04-08T08:54:45+00:00","article_modified_time":"2026-06-06T06:48:01+00:00","og_image":[{"width":438,"height":607,"url":"https:\/\/www.idermic.es\/wp-content\/uploads\/2025\/04\/Dra-Vilavella-y-los-Laboratorios-Vichy-3.jpg","type":"image\/jpeg"}],"author":"Equipo","twitter_card":"summary_large_image","twitter_creator":"@idermic","twitter_site":"@idermic","twitter_misc":{"Escrito por":"Equipo","Tiempo de lectura":"6 minutos"},"schema":{"@context":"https:\/\/schema.org","@graph":[{"@type":"Article","@id":"https:\/\/www.idermic.es\/es\/la-dra-vilavella-con-los-laboratorios-dermatologicos\/#article","isPartOf":{"@id":"https:\/\/www.idermic.es\/es\/la-dra-vilavella-con-los-laboratorios-dermatologicos\/"},"author":{"name":"Equipo","@id":"https:\/\/www.idermic.es\/#\/schema\/person\/c12703027a878b23d3c71c87921a82f8"},"headline":"La Dra Vilavella con los laboratorios dermatol\u00f3gicos","datePublished":"2025-04-08T08:54:45+00:00","dateModified":"2026-06-06T06:48:01+00:00","mainEntityOfPage":{"@id":"https:\/\/www.idermic.es\/es\/la-dra-vilavella-con-los-laboratorios-dermatologicos\/"},"wordCount":3610,"commentCount":0,"publisher":{"@id":"https:\/\/www.idermic.es\/#organization"},"image":{"@id":"https:\/\/www.idermic.es\/es\/la-dra-vilavella-con-los-laboratorios-dermatologicos\/#primaryimage"},"thumbnailUrl":"https:\/\/www.idermic.es\/wp-content\/uploads\/2025\/04\/Dra-Vilavella-y-los-Laboratorios-Vichy-3.jpg","keywords":["Eventos"],"articleSection":["Noticias"],"inLanguage":"es","potentialAction":[{"@type":"CommentAction","name":"Comment","target":["https:\/\/www.idermic.es\/es\/la-dra-vilavella-con-los-laboratorios-dermatologicos\/#respond"]}]},{"@type":"WebPage","@id":"https:\/\/www.idermic.es\/es\/la-dra-vilavella-con-los-laboratorios-dermatologicos\/","url":"https:\/\/www.idermic.es\/es\/la-dra-vilavella-con-los-laboratorios-dermatologicos\/","name":"La Dra Vilavella con los laboratorios dermatol\u00f3gicos -","isPartOf":{"@id":"https:\/\/www.idermic.es\/#website"},"primaryImageOfPage":{"@id":"https:\/\/www.idermic.es\/es\/la-dra-vilavella-con-los-laboratorios-dermatologicos\/#primaryimage"},"image":{"@id":"https:\/\/www.idermic.es\/es\/la-dra-vilavella-con-los-laboratorios-dermatologicos\/#primaryimage"},"thumbnailUrl":"https:\/\/www.idermic.es\/wp-content\/uploads\/2025\/04\/Dra-Vilavella-y-los-Laboratorios-Vichy-3.jpg","datePublished":"2025-04-08T08:54:45+00:00","dateModified":"2026-06-06T06:48:01+00:00","description":"La Dra. Vilavella refuerza su v\u00ednculo con laboratorios como Vichy, Eucerin y Bioderma en una semana llena de charlas, encuentros y novedades.","breadcrumb":{"@id":"https:\/\/www.idermic.es\/es\/la-dra-vilavella-con-los-laboratorios-dermatologicos\/#breadcrumb"},"inLanguage":"es","potentialAction":[{"@type":"ReadAction","target":["https:\/\/www.idermic.es\/es\/la-dra-vilavella-con-los-laboratorios-dermatologicos\/"]}]},{"@type":"ImageObject","inLanguage":"es","@id":"https:\/\/www.idermic.es\/es\/la-dra-vilavella-con-los-laboratorios-dermatologicos\/#primaryimage","url":"https:\/\/www.idermic.es\/wp-content\/uploads\/2025\/04\/Dra-Vilavella-y-los-Laboratorios-Vichy-3.jpg","contentUrl":"https:\/\/www.idermic.es\/wp-content\/uploads\/2025\/04\/Dra-Vilavella-y-los-Laboratorios-Vichy-3.jpg","width":438,"height":607,"caption":"Dra Vilavella y los laboratorios dermatol\u00f3gicos"},{"@type":"BreadcrumbList","@id":"https:\/\/www.idermic.es\/es\/la-dra-vilavella-con-los-laboratorios-dermatologicos\/#breadcrumb","itemListElement":[{"@type":"ListItem","position":1,"name":"Inici","item":"https:\/\/www.idermic.es\/es\/"},{"@type":"ListItem","position":2,"name":"La Dra Vilavella con los laboratorios dermatol\u00f3gicos"}]},{"@type":"WebSite","@id":"https:\/\/www.idermic.es\/#website","url":"https:\/\/www.idermic.es\/","name":"Idermic. Dermatolog\u00eda en Terrassa","description":"Dermatolog\u00eda, Medicina est\u00e9tica, Cirurg\u00eda Pl\u00e0stica","publisher":{"@id":"https:\/\/www.idermic.es\/#organization"},"potentialAction":[{"@type":"SearchAction","target":{"@type":"EntryPoint","urlTemplate":"https:\/\/www.idermic.es\/?s={search_term_string}"},"query-input":{"@type":"PropertyValueSpecification","valueRequired":true,"valueName":"search_term_string"}}],"inLanguage":"es"},{"@type":"Organization","@id":"https:\/\/www.idermic.es\/#organization","name":"Idermic. Dermatolog\u00eda en Terrassa","url":"https:\/\/www.idermic.es\/","logo":{"@type":"ImageObject","inLanguage":"es","@id":"https:\/\/www.idermic.es\/#\/schema\/logo\/image\/","url":"https:\/\/www.idermic.es\/wp-content\/uploads\/2025\/10\/Logo-Idermic.jpg","contentUrl":"https:\/\/www.idermic.es\/wp-content\/uploads\/2025\/10\/Logo-Idermic.jpg","width":501,"height":502,"caption":"Idermic. Dermatolog\u00eda en Terrassa"},"image":{"@id":"https:\/\/www.idermic.es\/#\/schema\/logo\/image\/"},"sameAs":["https:\/\/www.facebook.com\/Idermic","https:\/\/x.com\/idermic","https:\/\/www.instagram.com\/idermicclinic\/","https:\/\/www.youtube.com\/channel\/UCyAHC9-p8lc6hr_nguO8p_g"]},{"@type":"Person","@id":"https:\/\/www.idermic.es\/#\/schema\/person\/c12703027a878b23d3c71c87921a82f8","name":"Equipo","image":{"@type":"ImageObject","inLanguage":"es","@id":"https:\/\/secure.gravatar.com\/avatar\/7ca0be23248108c6b0887e0693b7dcf7764bd3503f84d1f04e6653ef7c3b9420?s=96&d=mm&r=g","url":"https:\/\/secure.gravatar.com\/avatar\/7ca0be23248108c6b0887e0693b7dcf7764bd3503f84d1f04e6653ef7c3b9420?s=96&d=mm&r=g","contentUrl":"https:\/\/secure.gravatar.com\/avatar\/7ca0be23248108c6b0887e0693b7dcf7764bd3503f84d1f04e6653ef7c3b9420?s=96&d=mm&r=g","caption":"Equipo"},"description":"Equipo de Idermic"}]}},"_links":{"self":[{"href":"https:\/\/www.idermic.es\/es\/wp-json\/wp\/v2\/posts\/7526","targetHints":{"allow":["GET"]}}],"collection":[{"href":"https:\/\/www.idermic.es\/es\/wp-json\/wp\/v2\/posts"}],"about":[{"href":"https:\/\/www.idermic.es\/es\/wp-json\/wp\/v2\/types\/post"}],"author":[{"embeddable":true,"href":"https:\/\/www.idermic.es\/es\/wp-json\/wp\/v2\/users\/3"}],"replies":[{"embeddable":true,"href":"https:\/\/www.idermic.es\/es\/wp-json\/wp\/v2\/comments?post=7526"}],"version-history":[{"count":13,"href":"https:\/\/www.idermic.es\/es\/wp-json\/wp\/v2\/posts\/7526\/revisions"}],"predecessor-version":[{"id":9737,"href":"https:\/\/www.idermic.es\/es\/wp-json\/wp\/v2\/posts\/7526\/revisions\/9737"}],"wp:featuredmedia":[{"embeddable":true,"href":"https:\/\/www.idermic.es\/es\/wp-json\/wp\/v2\/media\/7527"}],"wp:attachment":[{"href":"https:\/\/www.idermic.es\/es\/wp-json\/wp\/v2\/media?parent=7526"}],"wp:term":[{"taxonomy":"category","embeddable":true,"href":"https:\/\/www.idermic.es\/es\/wp-json\/wp\/v2\/categories?post=7526"},{"taxonomy":"post_tag","embeddable":true,"href":"https:\/\/www.idermic.es\/es\/wp-json\/wp\/v2\/tags?post=7526"}],"curies":[{"name":"wp","href":"https:\/\/api.w.org\/{rel}","templated":true}]}}