{"id":7506,"date":"2025-04-03T07:25:02","date_gmt":"2025-04-03T07:25:02","guid":{"rendered":"https:\/\/www.idermic.es\/?p=7506"},"modified":"2025-04-24T07:55:03","modified_gmt":"2025-04-24T07:55:03","slug":"costra-lactea-en-bebes","status":"publish","type":"post","link":"https:\/\/www.idermic.es\/es\/costra-lactea-en-bebes\/","title":{"rendered":"Costra l\u00e1ctea en beb\u00e9s"},"content":{"rendered":"<p><div class=\"fusion-fullwidth fullwidth-box fusion-builder-row-1 nonhundred-percent-fullwidth non-hundred-percent-height-scrolling\" style=\"--awb-border-radius-top-left:0px;--awb-border-radius-top-right:0px;--awb-border-radius-bottom-right:0px;--awb-border-radius-bottom-left:0px;--awb-flex-wrap:wrap;\" ><div class=\"fusion-builder-row fusion-row\"><div class=\"fusion-layout-column fusion_builder_column fusion-builder-column-0 fusion_builder_column_1_1 1_1 fusion-one-full fusion-column-first fusion-column-last\" style=\"--awb-bg-size:cover;\"><div class=\"fusion-column-wrapper fusion-flex-column-wrapper-legacy\"><div class=\"fusion-text fusion-text-1\"><h1 style=\"text-align: center;\">Costra l\u00e1ctea en beb\u00e9s<\/h1>\n<\/div><div class=\"fusion-clearfix\"><\/div><\/div><\/div><\/div><\/div><div class=\"fusion-fullwidth fullwidth-box fusion-builder-row-2 nonhundred-percent-fullwidth non-hundred-percent-height-scrolling\" style=\"--awb-border-radius-top-left:0px;--awb-border-radius-top-right:0px;--awb-border-radius-bottom-right:0px;--awb-border-radius-bottom-left:0px;--awb-flex-wrap:wrap;\" ><div class=\"fusion-builder-row fusion-row\"><div class=\"fusion-layout-column fusion_builder_column fusion-builder-column-1 fusion_builder_column_2_3 2_3 fusion-two-third fusion-column-first\" style=\"--awb-bg-size:cover;width:66.666666666667%;width:calc(66.666666666667% - ( ( 4% ) * 0.66666666666667 ) );margin-right: 4%;\"><div class=\"fusion-column-wrapper fusion-flex-column-wrapper-legacy\"><div class=\"fusion-text fusion-text-2\"><p>La costra l\u00e1ctea es una afecci\u00f3n com\u00fan en reci\u00e9n nacidos y lactantes, que suele preocupar a muchos padres primerizos por su apariencia.<\/p>\n<p>Aunque su aspecto puede ser llamativo, se trata de un trastorno benigno del cuero cabelludo que no causa molestias al beb\u00e9 ni representa un riesgo para su salud.<\/p>\n<p>A continuaci\u00f3n, se presenta una gu\u00eda completa y actualizada sobre qu\u00e9 es, por qu\u00e9 aparece y c\u00f3mo se puede tratar. En este art\u00edculo te vamos a explicar todo lo que debes saber sobre la costra l\u00e1ctea en beb\u00e9s.<\/p>\n<\/div><div class=\"fusion-clearfix\"><\/div><\/div><\/div><div class=\"fusion-layout-column fusion_builder_column fusion-builder-column-2 fusion_builder_column_1_3 1_3 fusion-one-third fusion-column-last\" style=\"--awb-bg-size:cover;width:33.333333333333%;width:calc(33.333333333333% - ( ( 4% ) * 0.33333333333333 ) );\"><div class=\"fusion-column-wrapper fusion-flex-column-wrapper-legacy\"><div class=\"fusion-image-element in-legacy-container\" style=\"--awb-caption-title-font-family:var(--h2_typography-font-family);--awb-caption-title-font-weight:var(--h2_typography-font-weight);--awb-caption-title-font-style:var(--h2_typography-font-style);--awb-caption-title-size:var(--h2_typography-font-size);--awb-caption-title-transform:var(--h2_typography-text-transform);--awb-caption-title-line-height:var(--h2_typography-line-height);--awb-caption-title-letter-spacing:var(--h2_typography-letter-spacing);\"><span class=\" fusion-imageframe imageframe-none imageframe-1 hover-type-none\"><img decoding=\"async\" width=\"231\" height=\"300\" alt=\"Todo lo que debes saber sobre la costra l\u00e1ctea en beb\u00e9s\" title=\"Costra l\u00e1ctea en beb\u00e9s\" src=\"https:\/\/www.idermic.es\/wp-content\/uploads\/2025\/04\/Costra-lactea-en-bebes-231x300.png\" class=\"img-responsive wp-image-7508\" srcset=\"https:\/\/www.idermic.es\/wp-content\/uploads\/2025\/04\/Costra-lactea-en-bebes-200x260.png 200w, https:\/\/www.idermic.es\/wp-content\/uploads\/2025\/04\/Costra-lactea-en-bebes-400x520.png 400w, https:\/\/www.idermic.es\/wp-content\/uploads\/2025\/04\/Costra-lactea-en-bebes.png 467w\" sizes=\"(max-width: 800px) 100vw, 231px\" \/><\/span><\/div><div class=\"fusion-clearfix\"><\/div><\/div><\/div><\/div><\/div><div class=\"fusion-fullwidth fullwidth-box fusion-builder-row-3 nonhundred-percent-fullwidth non-hundred-percent-height-scrolling\" style=\"--awb-border-radius-top-left:0px;--awb-border-radius-top-right:0px;--awb-border-radius-bottom-right:0px;--awb-border-radius-bottom-left:0px;--awb-flex-wrap:wrap;\" ><div class=\"fusion-builder-row fusion-row\"><div class=\"fusion-layout-column fusion_builder_column fusion-builder-column-3 fusion_builder_column_1_1 1_1 fusion-one-full fusion-column-first fusion-column-last\" style=\"--awb-bg-size:cover;\"><div class=\"fusion-column-wrapper fusion-flex-column-wrapper-legacy\"><div class=\"fusion-sep-clear\"><\/div><div class=\"fusion-separator fusion-full-width-sep\" style=\"margin-left: auto;margin-right: auto;width:100%;\"><div class=\"fusion-separator-border sep-double\" style=\"--awb-height:20px;--awb-amount:20px;border-color:#e0dede;border-top-width:1px;border-bottom-width:1px;\"><\/div><\/div><div class=\"fusion-sep-clear\"><\/div><div class=\"fusion-clearfix\"><\/div><\/div><\/div><\/div><\/div><div class=\"fusion-fullwidth fullwidth-box fusion-builder-row-4 nonhundred-percent-fullwidth non-hundred-percent-height-scrolling\" style=\"--awb-border-radius-top-left:0px;--awb-border-radius-top-right:0px;--awb-border-radius-bottom-right:0px;--awb-border-radius-bottom-left:0px;--awb-flex-wrap:wrap;\" ><div class=\"fusion-builder-row fusion-row\"><div class=\"fusion-layout-column fusion_builder_column fusion-builder-column-4 fusion_builder_column_1_1 1_1 fusion-one-full fusion-column-first fusion-column-last\" style=\"--awb-bg-size:cover;\"><div class=\"fusion-column-wrapper fusion-flex-column-wrapper-legacy\"><div class=\"fusion-text fusion-text-3\"><h2 data-start=\"2458\" data-end=\"2496\">\ud83d\udccc \u00bfQu\u00e9 es la costra l\u00e1ctea?<\/h2>\n<p class=\"\" data-start=\"159\" data-end=\"721\">La costra l\u00e1ctea, conocida en t\u00e9rminos m\u00e9dicos como dermatitis seborreica infantil, es una afecci\u00f3n cut\u00e1nea benigna y no contagiosa que afecta principalmente a reci\u00e9n nacidos y lactantes menores de seis meses. Se caracteriza por la aparici\u00f3n de escamas gruesas, amarillentas o blanquecinas, adheridas al cuero cabelludo. Su aspecto puede recordar a la caspa, aunque es m\u00e1s denso y oleoso. Aunque suele localizarse en la cabeza, tambi\u00e9n puede extenderse a zonas como las cejas, detr\u00e1s de las orejas, los p\u00e1rpados, el cuello o incluso la parte superior del tronco.<\/p>\n<p class=\"\" data-start=\"723\" data-end=\"1096\">A pesar de su apariencia llamativa, no causa picor, dolor ni molestias en la mayor\u00eda de los casos, por lo que no suele interferir con el bienestar del beb\u00e9. La costra l\u00e1ctea no est\u00e1 relacionada con una higiene deficiente ni con alergias, y su aparici\u00f3n es com\u00fan incluso en beb\u00e9s perfectamente cuidados. Generalmente, desaparece de forma espont\u00e1nea en pocas semanas o meses.<\/p>\n<h2 data-start=\"2854\" data-end=\"2912\">\ud83d\udccd \u00bfPor qu\u00e9 aparece esta condici\u00f3n en los beb\u00e9s?<\/h2>\n<p class=\"\" data-start=\"196\" data-end=\"677\">Aunque la causa precisa de la costra l\u00e1ctea sigue sin estar completamente clara, se han identificado varios factores que podr\u00edan contribuir a su aparici\u00f3n. Uno de ellos es la inmadurez del sistema inmunol\u00f3gico del beb\u00e9, que a\u00fan no ha desarrollado una respuesta eficiente frente a ciertos microorganismos que habitan de forma natural en la piel. Esta vulnerabilidad facilita desequilibrios en la microbiota cut\u00e1nea, lo que puede desencadenar reacciones como la formaci\u00f3n de escamas.<\/p>\n<p class=\"\" data-start=\"679\" data-end=\"1179\">Adem\u00e1s, algunos estudios sugieren que existe una predisposici\u00f3n gen\u00e9tica, ya que la dermatitis seborreica infantil es m\u00e1s frecuente en beb\u00e9s con antecedentes familiares de eccema, asma o alergias. Tambi\u00e9n se ha observado una mayor incidencia en climas fr\u00edos o secos, donde la piel tiende a resecarse m\u00e1s. Aunque estos factores pueden favorecer la aparici\u00f3n de la costra l\u00e1ctea, es importante recordar que se trata de un proceso natural y autolimitado, sin consecuencias graves para la salud del ni\u00f1o.<\/p>\n<\/div><div class=\"fusion-clearfix\"><\/div><\/div><\/div><\/div><\/div><div class=\"fusion-fullwidth fullwidth-box fusion-builder-row-5 nonhundred-percent-fullwidth non-hundred-percent-height-scrolling\" style=\"--awb-border-radius-top-left:0px;--awb-border-radius-top-right:0px;--awb-border-radius-bottom-right:0px;--awb-border-radius-bottom-left:0px;--awb-flex-wrap:wrap;\" ><div class=\"fusion-builder-row fusion-row\"><div class=\"fusion-layout-column fusion_builder_column fusion-builder-column-5 fusion_builder_column_1_1 1_1 fusion-one-full fusion-column-first fusion-column-last\" style=\"--awb-bg-size:cover;\"><div class=\"fusion-column-wrapper fusion-flex-column-wrapper-legacy\"><div class=\"fusion-text fusion-text-4\"><h3 class=\"\" data-start=\"146\" data-end=\"201\">\ud83d\udd0d \u00bfC\u00f3mo se distingue de otras afecciones cut\u00e1neas?<\/h3>\n<p class=\"\" data-start=\"203\" data-end=\"604\">Identificar correctamente la costra l\u00e1ctea es fundamental para evitar confusiones con otras enfermedades dermatol\u00f3gicas m\u00e1s complejas. Una de las principales diferencias es que, aunque su apariencia puede ser llamativa, la costra l\u00e1ctea no provoca inflamaci\u00f3n significativa, ni enrojecimiento intenso de la piel circundante. Adem\u00e1s, su evoluci\u00f3n suele ser estable, sin brotes agudos o cambios bruscos.<\/p>\n<p class=\"\" data-start=\"606\" data-end=\"964\">Por otro lado, la dermatitis at\u00f3pica suele manifestarse con placas secas y descamativas que generan picor intenso, lo que lleva al beb\u00e9 a rascarse y provocar lesiones por fricci\u00f3n. En cambio, las infecciones por hongos, como la candidiasis cut\u00e1nea, tienden a presentar un borde bien delimitado, con \u00e1reas h\u00famedas o enrojecidas, y se propagan m\u00e1s r\u00e1pidamente.<\/p>\n<p class=\"\" data-start=\"966\" data-end=\"1238\">Otra diferencia clave es la edad de aparici\u00f3n: la costra l\u00e1ctea suele manifestarse en los primeros meses de vida, mientras que otras afecciones dermatol\u00f3gicas pueden aparecer m\u00e1s adelante. El diagn\u00f3stico diferencial debe ser siempre valorado por un pediatra o dermat\u00f3logo.<\/p>\n<\/div><div class=\"fusion-clearfix\"><\/div><\/div><\/div><\/div><\/div><div class=\"fusion-fullwidth fullwidth-box fusion-builder-row-6 nonhundred-percent-fullwidth non-hundred-percent-height-scrolling\" style=\"--awb-border-radius-top-left:0px;--awb-border-radius-top-right:0px;--awb-border-radius-bottom-right:0px;--awb-border-radius-bottom-left:0px;--awb-flex-wrap:wrap;\" ><div class=\"fusion-builder-row fusion-row\"><div class=\"fusion-layout-column fusion_builder_column fusion-builder-column-6 fusion_builder_column_1_3 1_3 fusion-one-third fusion-column-first\" style=\"--awb-bg-size:cover;width:33.333333333333%;width:calc(33.333333333333% - ( ( 4% + 4% ) * 0.33333333333333 ) );margin-right: 4%;\"><div class=\"fusion-column-wrapper fusion-flex-column-wrapper-legacy\"><div class=\"fusion-image-element in-legacy-container\" style=\"--awb-caption-title-font-family:var(--h2_typography-font-family);--awb-caption-title-font-weight:var(--h2_typography-font-weight);--awb-caption-title-font-style:var(--h2_typography-font-style);--awb-caption-title-size:var(--h2_typography-font-size);--awb-caption-title-transform:var(--h2_typography-text-transform);--awb-caption-title-line-height:var(--h2_typography-line-height);--awb-caption-title-letter-spacing:var(--h2_typography-letter-spacing);\"><span class=\" fusion-imageframe imageframe-none imageframe-2 hover-type-none\"><img decoding=\"async\" width=\"227\" height=\"300\" title=\"Costra l\u00e1ctea en beb\u00e9s\" src=\"https:\/\/www.idermic.es\/wp-content\/uploads\/2025\/04\/Captura-de-pantalla-2025-04-03-083644-227x300.png\" alt class=\"img-responsive wp-image-7517\" srcset=\"https:\/\/www.idermic.es\/wp-content\/uploads\/2025\/04\/Captura-de-pantalla-2025-04-03-083644-200x264.png 200w, https:\/\/www.idermic.es\/wp-content\/uploads\/2025\/04\/Captura-de-pantalla-2025-04-03-083644-400x528.png 400w, https:\/\/www.idermic.es\/wp-content\/uploads\/2025\/04\/Captura-de-pantalla-2025-04-03-083644.png 466w\" sizes=\"(max-width: 800px) 100vw, 227px\" \/><\/span><\/div><div class=\"fusion-clearfix\"><\/div><\/div><\/div><div class=\"fusion-layout-column fusion_builder_column fusion-builder-column-7 fusion_builder_column_1_3 1_3 fusion-one-third\" style=\"--awb-bg-size:cover;width:33.333333333333%;width:calc(33.333333333333% - ( ( 4% + 4% ) * 0.33333333333333 ) );margin-right: 4%;\"><div class=\"fusion-column-wrapper fusion-flex-column-wrapper-legacy\"><div class=\"fusion-image-element in-legacy-container\" style=\"--awb-caption-title-font-family:var(--h2_typography-font-family);--awb-caption-title-font-weight:var(--h2_typography-font-weight);--awb-caption-title-font-style:var(--h2_typography-font-style);--awb-caption-title-size:var(--h2_typography-font-size);--awb-caption-title-transform:var(--h2_typography-text-transform);--awb-caption-title-line-height:var(--h2_typography-line-height);--awb-caption-title-letter-spacing:var(--h2_typography-letter-spacing);\"><span class=\" fusion-imageframe imageframe-none imageframe-3 hover-type-none\"><img decoding=\"async\" width=\"219\" height=\"300\" title=\"Captura de pantalla 2025-04-03 083619\" src=\"https:\/\/www.idermic.es\/wp-content\/uploads\/2025\/04\/Captura-de-pantalla-2025-04-03-083619-219x300.png\" alt class=\"img-responsive wp-image-7519\" srcset=\"https:\/\/www.idermic.es\/wp-content\/uploads\/2025\/04\/Captura-de-pantalla-2025-04-03-083619-200x274.png 200w, https:\/\/www.idermic.es\/wp-content\/uploads\/2025\/04\/Captura-de-pantalla-2025-04-03-083619-400x548.png 400w, https:\/\/www.idermic.es\/wp-content\/uploads\/2025\/04\/Captura-de-pantalla-2025-04-03-083619.png 464w\" sizes=\"(max-width: 800px) 100vw, 219px\" \/><\/span><\/div><div class=\"fusion-clearfix\"><\/div><\/div><\/div><div class=\"fusion-layout-column fusion_builder_column fusion-builder-column-8 fusion_builder_column_1_3 1_3 fusion-one-third fusion-column-last\" style=\"--awb-bg-size:cover;width:33.333333333333%;width:calc(33.333333333333% - ( ( 4% + 4% ) * 0.33333333333333 ) );\"><div class=\"fusion-column-wrapper fusion-flex-column-wrapper-legacy\"><div class=\"fusion-image-element in-legacy-container\" style=\"--awb-caption-title-font-family:var(--h2_typography-font-family);--awb-caption-title-font-weight:var(--h2_typography-font-weight);--awb-caption-title-font-style:var(--h2_typography-font-style);--awb-caption-title-size:var(--h2_typography-font-size);--awb-caption-title-transform:var(--h2_typography-text-transform);--awb-caption-title-line-height:var(--h2_typography-line-height);--awb-caption-title-letter-spacing:var(--h2_typography-letter-spacing);\"><span class=\" fusion-imageframe imageframe-none imageframe-4 hover-type-none\"><img decoding=\"async\" width=\"228\" height=\"300\" title=\"Costra l\u00e1ctea en beb\u00e9s\" src=\"https:\/\/www.idermic.es\/wp-content\/uploads\/2025\/04\/Captura-de-pantalla-2025-04-03-083659-228x300.png\" alt class=\"img-responsive wp-image-7521\" srcset=\"https:\/\/www.idermic.es\/wp-content\/uploads\/2025\/04\/Captura-de-pantalla-2025-04-03-083659-200x263.png 200w, https:\/\/www.idermic.es\/wp-content\/uploads\/2025\/04\/Captura-de-pantalla-2025-04-03-083659-400x527.png 400w, https:\/\/www.idermic.es\/wp-content\/uploads\/2025\/04\/Captura-de-pantalla-2025-04-03-083659.png 463w\" sizes=\"(max-width: 800px) 100vw, 228px\" \/><\/span><\/div><div class=\"fusion-clearfix\"><\/div><\/div><\/div><\/div><\/div><div class=\"fusion-fullwidth fullwidth-box fusion-builder-row-7 nonhundred-percent-fullwidth non-hundred-percent-height-scrolling\" style=\"--awb-border-radius-top-left:0px;--awb-border-radius-top-right:0px;--awb-border-radius-bottom-right:0px;--awb-border-radius-bottom-left:0px;--awb-flex-wrap:wrap;\" ><div class=\"fusion-builder-row fusion-row\"><div class=\"fusion-layout-column fusion_builder_column fusion-builder-column-9 fusion_builder_column_1_1 1_1 fusion-one-full fusion-column-first fusion-column-last\" style=\"--awb-bg-size:cover;\"><div class=\"fusion-column-wrapper fusion-flex-column-wrapper-legacy\"><div class=\"fusion-text fusion-text-5\"><h2>\ud83d\udec1 Tratamientos recomendados y cuidados<\/h2>\n<p class=\"\" data-start=\"171\" data-end=\"616\">Adem\u00e1s de los cuidados b\u00e1sicos, existen otras estrategias que pueden complementar el tratamiento de la costra l\u00e1ctea de forma segura. En casos m\u00e1s persistentes, algunos pediatras pueden recomendar el uso de champ\u00fas medicados que contengan ingredientes suaves como ketoconazol o piritionato de zinc, siempre bajo prescripci\u00f3n m\u00e9dica. Estos productos ayudan a controlar la proliferaci\u00f3n de levaduras y a reducir la inflamaci\u00f3n del cuero cabelludo.<\/p>\n<p class=\"\" data-start=\"618\" data-end=\"959\">Tambi\u00e9n se pueden utilizar lociones emolientes formuladas especialmente para pieles sensibles, que hidratan la zona afectada y facilitan el desprendimiento natural de las escamas. El uso de toallitas h\u00famedas especiales para beb\u00e9, sin alcohol ni fragancias, puede ser \u00fatil para limpiar con suavidad las \u00e1reas con residuos sin agredir la piel.<\/p>\n<p class=\"\" data-start=\"961\" data-end=\"1191\">Durante el tratamiento, es fundamental mantener una rutina de cuidado constante, evitando productos perfumados o con alcohol, que podr\u00edan irritar la piel. La clave est\u00e1 en la paciencia y en seguir un enfoque delicado y progresivo.<\/p>\n<\/div><div class=\"fusion-clearfix\"><\/div><\/div><\/div><\/div><\/div><div class=\"fusion-fullwidth fullwidth-box fusion-builder-row-8 nonhundred-percent-fullwidth non-hundred-percent-height-scrolling\" style=\"--awb-border-radius-top-left:0px;--awb-border-radius-top-right:0px;--awb-border-radius-bottom-right:0px;--awb-border-radius-bottom-left:0px;--awb-flex-wrap:wrap;\" ><div class=\"fusion-builder-row fusion-row\"><div class=\"fusion-layout-column fusion_builder_column fusion-builder-column-10 fusion_builder_column_1_1 1_1 fusion-one-full fusion-column-first fusion-column-last\" style=\"--awb-bg-size:cover;\"><div class=\"fusion-column-wrapper fusion-flex-column-wrapper-legacy\"><div class=\"fusion-text fusion-text-6\"><h2 data-start=\"126\" data-end=\"177\">\u26a0\ufe0f \u00bfCu\u00e1ndo consultar al pediatra o dermat\u00f3logo?<\/h2>\n<p class=\"\" data-start=\"179\" data-end=\"766\">Aunque la costra l\u00e1ctea suele resolverse de forma espont\u00e1nea y no representa un riesgo grave para la salud del beb\u00e9, hay ciertas situaciones en las que es aconsejable buscar atenci\u00f3n m\u00e9dica especializada. Uno de los motivos m\u00e1s importantes es la aparici\u00f3n de s\u00edntomas at\u00edpicos que podr\u00edan indicar la presencia de una infecci\u00f3n secundaria, como inflamaci\u00f3n intensa, formaci\u00f3n de p\u00fastulas, sangrado o fiebre. Tambi\u00e9n es recomendable acudir al pediatra si el beb\u00e9 muestra signos de incomodidad persistente, como irritabilidad al tocar la zona afectada, algo poco habitual en esta condici\u00f3n.<\/p>\n<p class=\"\" data-start=\"768\" data-end=\"1200\">Asimismo, si la costra l\u00e1ctea aparece de forma muy extensa o afecta regiones como los p\u00e1rpados, axilas o zona del pa\u00f1al, puede ser necesaria una evaluaci\u00f3n m\u00e1s completa para descartar otras formas de dermatitis. Un dermat\u00f3logo pedi\u00e1trico podr\u00e1 ofrecer un diagn\u00f3stico m\u00e1s preciso y, en algunos casos, prescribir tratamientos espec\u00edficos como corticoides t\u00f3picos suaves o antif\u00fangicos, adaptados a la sensibilidad de la piel infantil.<\/p>\n<p>Conocer qu\u00e9 es la costra l\u00e1ctea y c\u00f3mo manejarla adecuadamente ayuda a los padres a afrontar con tranquilidad esta fase del desarrollo dermatol\u00f3gico infantil. Aunque su presencia puede causar inquietud, se trata de un trastorno leve y autolimitado que raramente requiere intervenci\u00f3n m\u00e9dica. Ante cualquier duda, siempre es recomendable consultar con el pediatra o un dermat\u00f3logo infantil.<\/p>\n<p>Para cualquier consulta sobre la costra l\u00e1ctea en beb\u00e9s u otras afecciones cut\u00e1neas de dermatolog\u00eda pedi\u00e1trica, en Idermic, tu <a href=\"http:\/\/idermic.es\/\">dermat\u00f3logo en Terrassa<\/a> estaremos encantados de atenderte.<\/p>\n<\/div><div class=\"fusion-clearfix\"><\/div><\/div><\/div><\/div><\/div><div class=\"fusion-fullwidth fullwidth-box fusion-builder-row-9 nonhundred-percent-fullwidth non-hundred-percent-height-scrolling\" style=\"--awb-border-radius-top-left:0px;--awb-border-radius-top-right:0px;--awb-border-radius-bottom-right:0px;--awb-border-radius-bottom-left:0px;--awb-flex-wrap:wrap;\" ><div class=\"fusion-builder-row fusion-row\"><div class=\"fusion-layout-column fusion_builder_column fusion-builder-column-11 fusion_builder_column_1_1 1_1 fusion-one-full fusion-column-first fusion-column-last\" style=\"--awb-bg-size:cover;\"><div class=\"fusion-column-wrapper fusion-flex-column-wrapper-legacy\"><div class=\"fusion-sep-clear\"><\/div><div class=\"fusion-separator fusion-full-width-sep\" style=\"margin-left: auto;margin-right: auto;width:100%;\"><div class=\"fusion-separator-border sep-double\" style=\"--awb-height:20px;--awb-amount:20px;border-color:#e0dede;border-top-width:1px;border-bottom-width:1px;\"><\/div><\/div><div class=\"fusion-sep-clear\"><\/div><div class=\"fusion-clearfix\"><\/div><\/div><\/div><\/div><\/div><div class=\"fusion-fullwidth fullwidth-box fusion-builder-row-10 nonhundred-percent-fullwidth non-hundred-percent-height-scrolling\" style=\"--awb-border-radius-top-left:0px;--awb-border-radius-top-right:0px;--awb-border-radius-bottom-right:0px;--awb-border-radius-bottom-left:0px;--awb-flex-wrap:wrap;\" ><div class=\"fusion-builder-row fusion-row\"><div class=\"fusion-layout-column fusion_builder_column fusion-builder-column-12 fusion_builder_column_1_1 1_1 fusion-one-full fusion-column-first fusion-column-last\" style=\"--awb-bg-size:cover;\"><div class=\"fusion-column-wrapper fusion-flex-column-wrapper-legacy\"><div class=\"fusion-video fusion-youtube\" style=\"--awb-max-width:600px;--awb-max-height:360px;\"><div class=\"video-shortcode\"><div class=\"fluid-width-video-wrapper\" style=\"padding-top:60%;\" ><iframe title=\"YouTube video player 1\" src=\"https:\/\/www.youtube.com\/embed\/rvCd9mjh590?wmode=transparent&autoplay=0\" width=\"600\" height=\"360\" allowfullscreen allow=\"autoplay; clipboard-write; encrypted-media; gyroscope; picture-in-picture;\"><\/iframe><\/div><\/div><\/div><div class=\"fusion-clearfix\"><\/div><\/div><\/div><\/div><\/div><div class=\"fusion-fullwidth fullwidth-box fusion-builder-row-11 nonhundred-percent-fullwidth non-hundred-percent-height-scrolling\" style=\"--awb-border-radius-top-left:0px;--awb-border-radius-top-right:0px;--awb-border-radius-bottom-right:0px;--awb-border-radius-bottom-left:0px;--awb-flex-wrap:wrap;\" ><div class=\"fusion-builder-row fusion-row\"><div class=\"fusion-layout-column fusion_builder_column fusion-builder-column-13 fusion_builder_column_1_1 1_1 fusion-one-full fusion-column-first fusion-column-last\" style=\"--awb-bg-size:cover;\"><div class=\"fusion-column-wrapper fusion-flex-column-wrapper-legacy\"><div class=\"fusion-sep-clear\"><\/div><div class=\"fusion-separator fusion-full-width-sep\" style=\"margin-left: auto;margin-right: auto;width:100%;\"><div class=\"fusion-separator-border sep-double\" style=\"--awb-height:20px;--awb-amount:20px;border-color:#e0dede;border-top-width:1px;border-bottom-width:1px;\"><\/div><\/div><div class=\"fusion-sep-clear\"><\/div><div class=\"fusion-clearfix\"><\/div><\/div><\/div><\/div><\/div><div class=\"fusion-fullwidth fullwidth-box fusion-builder-row-12 nonhundred-percent-fullwidth non-hundred-percent-height-scrolling\" style=\"--awb-border-radius-top-left:0px;--awb-border-radius-top-right:0px;--awb-border-radius-bottom-right:0px;--awb-border-radius-bottom-left:0px;--awb-flex-wrap:wrap;\" ><div class=\"fusion-builder-row fusion-row\"><div class=\"fusion-layout-column fusion_builder_column fusion-builder-column-14 fusion_builder_column_1_1 1_1 fusion-one-full fusion-column-first fusion-column-last\" style=\"--awb-bg-size:cover;\"><div class=\"fusion-column-wrapper fusion-flex-column-wrapper-legacy\"><blockquote class=\"instagram-media\" data-instgrm-captioned data-instgrm-permalink=\"https:\/\/www.instagram.com\/reel\/C_iREfCtPF9\/?utm_source=ig_embed&utm_campaign=loading\" data-instgrm-version=\"14\" style=\" background:#FFF; border:0; border-radius:3px; box-shadow:0 0 1px 0 rgba(0,0,0,0.5),0 1px 10px 0 rgba(0,0,0,0.15); margin: 1px; max-width:540px; min-width:326px; padding:0; width:99.375%; width:-webkit-calc(100% - 2px); width:calc(100% - 2px);\"><div style=\"padding:16px;\"> <a href=\"https:\/\/www.instagram.com\/reel\/C_iREfCtPF9\/?utm_source=ig_embed&utm_campaign=loading\" style=\" background:#FFFFFF; line-height:0; padding:0 0; text-align:center; text-decoration:none; width:100%;\" target=\"_blank\"> <div style=\" display: flex; flex-direction: row; align-items: center;\"> <div style=\"background-color: #F4F4F4; border-radius: 50%; flex-grow: 0; height: 40px; margin-right: 14px; width: 40px;\"><\/div> <div style=\"display: flex; flex-direction: column; flex-grow: 1; justify-content: center;\"> <div style=\" background-color: #F4F4F4; border-radius: 4px; flex-grow: 0; height: 14px; margin-bottom: 6px; width: 100px;\"><\/div> <div style=\" background-color: #F4F4F4; border-radius: 4px; flex-grow: 0; height: 14px; width: 60px;\"><\/div><\/div><\/div><div style=\"padding: 19% 0;\"><\/div> <div style=\"display:block; height:50px; margin:0 auto 12px; width:50px;\"><svg width=\"50px\" height=\"50px\" viewBox=\"0 0 60 60\" version=\"1.1\" xmlns=\"https:\/\/www.w3.org\/2000\/svg\" xmlns:xlink=\"https:\/\/www.w3.org\/1999\/xlink\"><g stroke=\"none\" stroke-width=\"1\" fill=\"none\" fill-rule=\"evenodd\"><g transform=\"translate(-511.000000, -20.000000)\" fill=\"#000000\"><g><path d=\"M556.869,30.41 C554.814,30.41 553.148,32.076 553.148,34.131 C553.148,36.186 554.814,37.852 556.869,37.852 C558.924,37.852 560.59,36.186 560.59,34.131 C560.59,32.076 558.924,30.41 556.869,30.41 M541,60.657 C535.114,60.657 530.342,55.887 530.342,50 C530.342,44.114 535.114,39.342 541,39.342 C546.887,39.342 551.658,44.114 551.658,50 C551.658,55.887 546.887,60.657 541,60.657 M541,33.886 C532.1,33.886 524.886,41.1 524.886,50 C524.886,58.899 532.1,66.113 541,66.113 C549.9,66.113 557.115,58.899 557.115,50 C557.115,41.1 549.9,33.886 541,33.886 M565.378,62.101 C565.244,65.022 564.756,66.606 564.346,67.663 C563.803,69.06 563.154,70.057 562.106,71.106 C561.058,72.155 560.06,72.803 558.662,73.347 C557.607,73.757 556.021,74.244 553.102,74.378 C549.944,74.521 548.997,74.552 541,74.552 C533.003,74.552 532.056,74.521 528.898,74.378 C525.979,74.244 524.393,73.757 523.338,73.347 C521.94,72.803 520.942,72.155 519.894,71.106 C518.846,70.057 518.197,69.06 517.654,67.663 C517.244,66.606 516.755,65.022 516.623,62.101 C516.479,58.943 516.448,57.996 516.448,50 C516.448,42.003 516.479,41.056 516.623,37.899 C516.755,34.978 517.244,33.391 517.654,32.338 C518.197,30.938 518.846,29.942 519.894,28.894 C520.942,27.846 521.94,27.196 523.338,26.654 C524.393,26.244 525.979,25.756 528.898,25.623 C532.057,25.479 533.004,25.448 541,25.448 C548.997,25.448 549.943,25.479 553.102,25.623 C556.021,25.756 557.607,26.244 558.662,26.654 C560.06,27.196 561.058,27.846 562.106,28.894 C563.154,29.942 563.803,30.938 564.346,32.338 C564.756,33.391 565.244,34.978 565.378,37.899 C565.522,41.056 565.552,42.003 565.552,50 C565.552,57.996 565.522,58.943 565.378,62.101 M570.82,37.631 C570.674,34.438 570.167,32.258 569.425,30.349 C568.659,28.377 567.633,26.702 565.965,25.035 C564.297,23.368 562.623,22.342 560.652,21.575 C558.743,20.834 556.562,20.326 553.369,20.18 C550.169,20.033 549.148,20 541,20 C532.853,20 531.831,20.033 528.631,20.18 C525.438,20.326 523.257,20.834 521.349,21.575 C519.376,22.342 517.703,23.368 516.035,25.035 C514.368,26.702 513.342,28.377 512.574,30.349 C511.834,32.258 511.326,34.438 511.181,37.631 C511.035,40.831 511,41.851 511,50 C511,58.147 511.035,59.17 511.181,62.369 C511.326,65.562 511.834,67.743 512.574,69.651 C513.342,71.625 514.368,73.296 516.035,74.965 C517.703,76.634 519.376,77.658 521.349,78.425 C523.257,79.167 525.438,79.673 528.631,79.82 C531.831,79.965 532.853,80.001 541,80.001 C549.148,80.001 550.169,79.965 553.369,79.82 C556.562,79.673 558.743,79.167 560.652,78.425 C562.623,77.658 564.297,76.634 565.965,74.965 C567.633,73.296 568.659,71.625 569.425,69.651 C570.167,67.743 570.674,65.562 570.82,62.369 C570.966,59.17 571,58.147 571,50 C571,41.851 570.966,40.831 570.82,37.631\"><\/path><\/g><\/g><\/g><\/svg><\/div><div style=\"padding-top: 8px;\"> <div style=\" color:#3897f0; font-family:Arial,sans-serif; font-size:14px; font-style:normal; font-weight:550; line-height:18px;\">Ver esta publicaci\u00f3n en Instagram<\/div><\/div><div style=\"padding: 12.5% 0;\"><\/div> <div style=\"display: flex; flex-direction: row; margin-bottom: 14px; align-items: center;\"><div> <div style=\"background-color: #F4F4F4; border-radius: 50%; height: 12.5px; width: 12.5px; transform: translateX(0px) translateY(7px);\"><\/div> <div style=\"background-color: #F4F4F4; height: 12.5px; transform: rotate(-45deg) translateX(3px) translateY(1px); width: 12.5px; flex-grow: 0; margin-right: 14px; margin-left: 2px;\"><\/div> <div style=\"background-color: #F4F4F4; border-radius: 50%; height: 12.5px; width: 12.5px; transform: translateX(9px) translateY(-18px);\"><\/div><\/div><div style=\"margin-left: 8px;\"> <div style=\" background-color: #F4F4F4; border-radius: 50%; flex-grow: 0; height: 20px; width: 20px;\"><\/div> <div style=\" width: 0; height: 0; border-top: 2px solid transparent; border-left: 6px solid #f4f4f4; border-bottom: 2px solid transparent; transform: translateX(16px) translateY(-4px) rotate(30deg)\"><\/div><\/div><div style=\"margin-left: auto;\"> <div style=\" width: 0px; border-top: 8px solid #F4F4F4; border-right: 8px solid transparent; transform: translateY(16px);\"><\/div> <div style=\" background-color: #F4F4F4; flex-grow: 0; height: 12px; width: 16px; transform: translateY(-4px);\"><\/div> <div style=\" width: 0; height: 0; border-top: 8px solid #F4F4F4; border-left: 8px solid transparent; transform: translateY(-4px) translateX(8px);\"><\/div><\/div><\/div> <div style=\"display: flex; flex-direction: column; flex-grow: 1; justify-content: center; margin-bottom: 24px;\"> <div style=\" background-color: #F4F4F4; border-radius: 4px; flex-grow: 0; height: 14px; margin-bottom: 6px; width: 224px;\"><\/div> <div style=\" background-color: #F4F4F4; border-radius: 4px; flex-grow: 0; height: 14px; width: 144px;\"><\/div><\/div><\/a><p style=\" color:#c9c8cd; font-family:Arial,sans-serif; font-size:14px; line-height:17px; margin-bottom:0; margin-top:8px; overflow:hidden; padding:8px 0 7px; text-align:center; text-overflow:ellipsis; white-space:nowrap;\"><a href=\"https:\/\/www.instagram.com\/reel\/C_iREfCtPF9\/?utm_source=ig_embed&utm_campaign=loading\" style=\" color:#c9c8cd; font-family:Arial,sans-serif; font-size:14px; font-style:normal; font-weight:normal; line-height:17px; text-decoration:none;\" target=\"_blank\">Una publicaci\u00f3n compartida de IDERMIC - Dermatolog\u00eda m\u00e9dica y est\u00e9tica (@idermicclinic)<\/a><\/p><\/div><\/blockquote>\n<script async src=\"\/\/www.instagram.com\/embed.js\"><\/script><div class=\"fusion-clearfix\"><\/div><\/div><\/div><\/div><\/div><\/p>\n","protected":false},"excerpt":{"rendered":"<p>Gu\u00eda clara y actualizada sobre la costra l\u00e1ctea en beb\u00e9s: Causas, s\u00edntomas, tratamientos y cu\u00e1ndo acudir al pediatra.<\/p>\n","protected":false},"author":3,"featured_media":7508,"comment_status":"open","ping_status":"closed","sticky":false,"template":"","format":"standard","meta":{"_joinchat":[],"footnotes":""},"categories":[52],"tags":[],"class_list":["post-7506","post","type-post","status-publish","format-standard","has-post-thumbnail","hentry","category-dermatologia"],"yoast_head":"<!-- This site is optimized with the Yoast SEO plugin v28.4 - https:\/\/yoast.com\/product\/yoast-seo-wordpress\/ -->\n<title>Costra l\u00e1ctea en beb\u00e9s -<\/title>\n<meta name=\"description\" content=\"Gu\u00eda clara y actualizada sobre la costra l\u00e1ctea en beb\u00e9s: Causas, s\u00edntomas, tratamientos y cu\u00e1ndo acudir al pediatra.\" \/>\n<meta name=\"robots\" content=\"index, follow, max-snippet:-1, max-image-preview:large, max-video-preview:-1\" \/>\n<link rel=\"canonical\" href=\"https:\/\/www.idermic.es\/es\/costra-lactea-en-bebes\/\" \/>\n<meta property=\"og:locale\" content=\"es_ES\" \/>\n<meta property=\"og:type\" content=\"article\" \/>\n<meta property=\"og:title\" content=\"Costra l\u00e1ctea en beb\u00e9s -\" \/>\n<meta property=\"og:description\" content=\"Gu\u00eda clara y actualizada sobre la costra l\u00e1ctea en beb\u00e9s: Causas, s\u00edntomas, tratamientos y cu\u00e1ndo acudir al pediatra.\" \/>\n<meta property=\"og:url\" content=\"https:\/\/www.idermic.es\/es\/costra-lactea-en-bebes\/\" \/>\n<meta property=\"og:site_name\" content=\"Idermic. Dermatolog\u00eda en Terrassa\" \/>\n<meta property=\"article:publisher\" content=\"https:\/\/www.facebook.com\/Idermic\" \/>\n<meta property=\"article:published_time\" content=\"2025-04-03T07:25:02+00:00\" \/>\n<meta property=\"article:modified_time\" content=\"2025-04-24T07:55:03+00:00\" \/>\n<meta property=\"og:image\" content=\"https:\/\/www.idermic.es\/wp-content\/uploads\/2025\/04\/Costra-lactea-en-bebes.png\" \/>\n\t<meta property=\"og:image:width\" content=\"467\" \/>\n\t<meta property=\"og:image:height\" content=\"607\" \/>\n\t<meta property=\"og:image:type\" content=\"image\/png\" \/>\n<meta name=\"author\" content=\"Equipo\" \/>\n<meta name=\"twitter:card\" content=\"summary_large_image\" \/>\n<meta name=\"twitter:creator\" content=\"@idermic\" \/>\n<meta name=\"twitter:site\" content=\"@idermic\" \/>\n<meta name=\"twitter:label1\" content=\"Escrito por\" \/>\n\t<meta name=\"twitter:data1\" content=\"Equipo\" \/>\n\t<meta name=\"twitter:label2\" content=\"Tiempo de lectura\" \/>\n\t<meta name=\"twitter:data2\" content=\"13 minutos\" \/>\n<script type=\"application\/ld+json\" class=\"yoast-schema-graph\">{\"@context\":\"https:\\\/\\\/schema.org\",\"@graph\":[{\"@type\":\"Article\",\"@id\":\"https:\\\/\\\/www.idermic.es\\\/es\\\/costra-lactea-en-bebes\\\/#article\",\"isPartOf\":{\"@id\":\"https:\\\/\\\/www.idermic.es\\\/es\\\/costra-lactea-en-bebes\\\/\"},\"author\":{\"name\":\"Equipo\",\"@id\":\"https:\\\/\\\/www.idermic.es\\\/#\\\/schema\\\/person\\\/c12703027a878b23d3c71c87921a82f8\"},\"headline\":\"Costra l\u00e1ctea en beb\u00e9s\",\"datePublished\":\"2025-04-03T07:25:02+00:00\",\"dateModified\":\"2025-04-24T07:55:03+00:00\",\"mainEntityOfPage\":{\"@id\":\"https:\\\/\\\/www.idermic.es\\\/es\\\/costra-lactea-en-bebes\\\/\"},\"wordCount\":5309,\"commentCount\":0,\"publisher\":{\"@id\":\"https:\\\/\\\/www.idermic.es\\\/#organization\"},\"image\":{\"@id\":\"https:\\\/\\\/www.idermic.es\\\/es\\\/costra-lactea-en-bebes\\\/#primaryimage\"},\"thumbnailUrl\":\"https:\\\/\\\/www.idermic.es\\\/wp-content\\\/uploads\\\/2025\\\/04\\\/Costra-lactea-en-bebes.png\",\"articleSection\":[\"Dermatolog\u00eda\"],\"inLanguage\":\"es\",\"potentialAction\":[{\"@type\":\"CommentAction\",\"name\":\"Comment\",\"target\":[\"https:\\\/\\\/www.idermic.es\\\/es\\\/costra-lactea-en-bebes\\\/#respond\"]}]},{\"@type\":\"WebPage\",\"@id\":\"https:\\\/\\\/www.idermic.es\\\/es\\\/costra-lactea-en-bebes\\\/\",\"url\":\"https:\\\/\\\/www.idermic.es\\\/es\\\/costra-lactea-en-bebes\\\/\",\"name\":\"Costra l\u00e1ctea en beb\u00e9s -\",\"isPartOf\":{\"@id\":\"https:\\\/\\\/www.idermic.es\\\/#website\"},\"primaryImageOfPage\":{\"@id\":\"https:\\\/\\\/www.idermic.es\\\/es\\\/costra-lactea-en-bebes\\\/#primaryimage\"},\"image\":{\"@id\":\"https:\\\/\\\/www.idermic.es\\\/es\\\/costra-lactea-en-bebes\\\/#primaryimage\"},\"thumbnailUrl\":\"https:\\\/\\\/www.idermic.es\\\/wp-content\\\/uploads\\\/2025\\\/04\\\/Costra-lactea-en-bebes.png\",\"datePublished\":\"2025-04-03T07:25:02+00:00\",\"dateModified\":\"2025-04-24T07:55:03+00:00\",\"description\":\"Gu\u00eda clara y actualizada sobre la costra l\u00e1ctea en beb\u00e9s: Causas, s\u00edntomas, tratamientos y cu\u00e1ndo acudir al pediatra.\",\"breadcrumb\":{\"@id\":\"https:\\\/\\\/www.idermic.es\\\/es\\\/costra-lactea-en-bebes\\\/#breadcrumb\"},\"inLanguage\":\"es\",\"potentialAction\":[{\"@type\":\"ReadAction\",\"target\":[\"https:\\\/\\\/www.idermic.es\\\/es\\\/costra-lactea-en-bebes\\\/\"]}]},{\"@type\":\"ImageObject\",\"inLanguage\":\"es\",\"@id\":\"https:\\\/\\\/www.idermic.es\\\/es\\\/costra-lactea-en-bebes\\\/#primaryimage\",\"url\":\"https:\\\/\\\/www.idermic.es\\\/wp-content\\\/uploads\\\/2025\\\/04\\\/Costra-lactea-en-bebes.png\",\"contentUrl\":\"https:\\\/\\\/www.idermic.es\\\/wp-content\\\/uploads\\\/2025\\\/04\\\/Costra-lactea-en-bebes.png\",\"width\":467,\"height\":607,\"caption\":\"Todo lo que debes saber sobre la costra l\u00e1ctea en beb\u00e9s\"},{\"@type\":\"BreadcrumbList\",\"@id\":\"https:\\\/\\\/www.idermic.es\\\/es\\\/costra-lactea-en-bebes\\\/#breadcrumb\",\"itemListElement\":[{\"@type\":\"ListItem\",\"position\":1,\"name\":\"Inici\",\"item\":\"https:\\\/\\\/www.idermic.es\\\/es\\\/\"},{\"@type\":\"ListItem\",\"position\":2,\"name\":\"Costra l\u00e1ctea en beb\u00e9s\"}]},{\"@type\":\"WebSite\",\"@id\":\"https:\\\/\\\/www.idermic.es\\\/#website\",\"url\":\"https:\\\/\\\/www.idermic.es\\\/\",\"name\":\"Idermic. Dermatolog\u00eda en Terrassa\",\"description\":\"Dermatolog\u00eda, Medicina est\u00e9tica, Cirurg\u00eda Pl\u00e0stica\",\"publisher\":{\"@id\":\"https:\\\/\\\/www.idermic.es\\\/#organization\"},\"potentialAction\":[{\"@type\":\"SearchAction\",\"target\":{\"@type\":\"EntryPoint\",\"urlTemplate\":\"https:\\\/\\\/www.idermic.es\\\/?s={search_term_string}\"},\"query-input\":{\"@type\":\"PropertyValueSpecification\",\"valueRequired\":true,\"valueName\":\"search_term_string\"}}],\"inLanguage\":\"es\"},{\"@type\":\"Organization\",\"@id\":\"https:\\\/\\\/www.idermic.es\\\/#organization\",\"name\":\"Idermic. Dermatolog\u00eda en Terrassa\",\"url\":\"https:\\\/\\\/www.idermic.es\\\/\",\"logo\":{\"@type\":\"ImageObject\",\"inLanguage\":\"es\",\"@id\":\"https:\\\/\\\/www.idermic.es\\\/#\\\/schema\\\/logo\\\/image\\\/\",\"url\":\"https:\\\/\\\/www.idermic.es\\\/wp-content\\\/uploads\\\/2025\\\/10\\\/Logo-Idermic.jpg\",\"contentUrl\":\"https:\\\/\\\/www.idermic.es\\\/wp-content\\\/uploads\\\/2025\\\/10\\\/Logo-Idermic.jpg\",\"width\":501,\"height\":502,\"caption\":\"Idermic. Dermatolog\u00eda en Terrassa\"},\"image\":{\"@id\":\"https:\\\/\\\/www.idermic.es\\\/#\\\/schema\\\/logo\\\/image\\\/\"},\"sameAs\":[\"https:\\\/\\\/www.facebook.com\\\/Idermic\",\"https:\\\/\\\/x.com\\\/idermic\",\"https:\\\/\\\/www.instagram.com\\\/idermicclinic\\\/\",\"https:\\\/\\\/www.youtube.com\\\/channel\\\/UCyAHC9-p8lc6hr_nguO8p_g\"]},{\"@type\":\"Person\",\"@id\":\"https:\\\/\\\/www.idermic.es\\\/#\\\/schema\\\/person\\\/c12703027a878b23d3c71c87921a82f8\",\"name\":\"Equipo\",\"image\":{\"@type\":\"ImageObject\",\"inLanguage\":\"es\",\"@id\":\"https:\\\/\\\/secure.gravatar.com\\\/avatar\\\/7ca0be23248108c6b0887e0693b7dcf7764bd3503f84d1f04e6653ef7c3b9420?s=96&d=mm&r=g\",\"url\":\"https:\\\/\\\/secure.gravatar.com\\\/avatar\\\/7ca0be23248108c6b0887e0693b7dcf7764bd3503f84d1f04e6653ef7c3b9420?s=96&d=mm&r=g\",\"contentUrl\":\"https:\\\/\\\/secure.gravatar.com\\\/avatar\\\/7ca0be23248108c6b0887e0693b7dcf7764bd3503f84d1f04e6653ef7c3b9420?s=96&d=mm&r=g\",\"caption\":\"Equipo\"},\"description\":\"Equipo de Idermic\"}]}<\/script>\n<!-- \/ Yoast SEO plugin. -->","yoast_head_json":{"title":"Costra l\u00e1ctea en beb\u00e9s -","description":"Gu\u00eda clara y actualizada sobre la costra l\u00e1ctea en beb\u00e9s: Causas, s\u00edntomas, tratamientos y cu\u00e1ndo acudir al pediatra.","robots":{"index":"index","follow":"follow","max-snippet":"max-snippet:-1","max-image-preview":"max-image-preview:large","max-video-preview":"max-video-preview:-1"},"canonical":"https:\/\/www.idermic.es\/es\/costra-lactea-en-bebes\/","og_locale":"es_ES","og_type":"article","og_title":"Costra l\u00e1ctea en beb\u00e9s -","og_description":"Gu\u00eda clara y actualizada sobre la costra l\u00e1ctea en beb\u00e9s: Causas, s\u00edntomas, tratamientos y cu\u00e1ndo acudir al pediatra.","og_url":"https:\/\/www.idermic.es\/es\/costra-lactea-en-bebes\/","og_site_name":"Idermic. Dermatolog\u00eda en Terrassa","article_publisher":"https:\/\/www.facebook.com\/Idermic","article_published_time":"2025-04-03T07:25:02+00:00","article_modified_time":"2025-04-24T07:55:03+00:00","og_image":[{"width":467,"height":607,"url":"https:\/\/www.idermic.es\/wp-content\/uploads\/2025\/04\/Costra-lactea-en-bebes.png","type":"image\/png"}],"author":"Equipo","twitter_card":"summary_large_image","twitter_creator":"@idermic","twitter_site":"@idermic","twitter_misc":{"Escrito por":"Equipo","Tiempo de lectura":"13 minutos"},"schema":{"@context":"https:\/\/schema.org","@graph":[{"@type":"Article","@id":"https:\/\/www.idermic.es\/es\/costra-lactea-en-bebes\/#article","isPartOf":{"@id":"https:\/\/www.idermic.es\/es\/costra-lactea-en-bebes\/"},"author":{"name":"Equipo","@id":"https:\/\/www.idermic.es\/#\/schema\/person\/c12703027a878b23d3c71c87921a82f8"},"headline":"Costra l\u00e1ctea en beb\u00e9s","datePublished":"2025-04-03T07:25:02+00:00","dateModified":"2025-04-24T07:55:03+00:00","mainEntityOfPage":{"@id":"https:\/\/www.idermic.es\/es\/costra-lactea-en-bebes\/"},"wordCount":5309,"commentCount":0,"publisher":{"@id":"https:\/\/www.idermic.es\/#organization"},"image":{"@id":"https:\/\/www.idermic.es\/es\/costra-lactea-en-bebes\/#primaryimage"},"thumbnailUrl":"https:\/\/www.idermic.es\/wp-content\/uploads\/2025\/04\/Costra-lactea-en-bebes.png","articleSection":["Dermatolog\u00eda"],"inLanguage":"es","potentialAction":[{"@type":"CommentAction","name":"Comment","target":["https:\/\/www.idermic.es\/es\/costra-lactea-en-bebes\/#respond"]}]},{"@type":"WebPage","@id":"https:\/\/www.idermic.es\/es\/costra-lactea-en-bebes\/","url":"https:\/\/www.idermic.es\/es\/costra-lactea-en-bebes\/","name":"Costra l\u00e1ctea en beb\u00e9s -","isPartOf":{"@id":"https:\/\/www.idermic.es\/#website"},"primaryImageOfPage":{"@id":"https:\/\/www.idermic.es\/es\/costra-lactea-en-bebes\/#primaryimage"},"image":{"@id":"https:\/\/www.idermic.es\/es\/costra-lactea-en-bebes\/#primaryimage"},"thumbnailUrl":"https:\/\/www.idermic.es\/wp-content\/uploads\/2025\/04\/Costra-lactea-en-bebes.png","datePublished":"2025-04-03T07:25:02+00:00","dateModified":"2025-04-24T07:55:03+00:00","description":"Gu\u00eda clara y actualizada sobre la costra l\u00e1ctea en beb\u00e9s: Causas, s\u00edntomas, tratamientos y cu\u00e1ndo acudir al pediatra.","breadcrumb":{"@id":"https:\/\/www.idermic.es\/es\/costra-lactea-en-bebes\/#breadcrumb"},"inLanguage":"es","potentialAction":[{"@type":"ReadAction","target":["https:\/\/www.idermic.es\/es\/costra-lactea-en-bebes\/"]}]},{"@type":"ImageObject","inLanguage":"es","@id":"https:\/\/www.idermic.es\/es\/costra-lactea-en-bebes\/#primaryimage","url":"https:\/\/www.idermic.es\/wp-content\/uploads\/2025\/04\/Costra-lactea-en-bebes.png","contentUrl":"https:\/\/www.idermic.es\/wp-content\/uploads\/2025\/04\/Costra-lactea-en-bebes.png","width":467,"height":607,"caption":"Todo lo que debes saber sobre la costra l\u00e1ctea en beb\u00e9s"},{"@type":"BreadcrumbList","@id":"https:\/\/www.idermic.es\/es\/costra-lactea-en-bebes\/#breadcrumb","itemListElement":[{"@type":"ListItem","position":1,"name":"Inici","item":"https:\/\/www.idermic.es\/es\/"},{"@type":"ListItem","position":2,"name":"Costra l\u00e1ctea en beb\u00e9s"}]},{"@type":"WebSite","@id":"https:\/\/www.idermic.es\/#website","url":"https:\/\/www.idermic.es\/","name":"Idermic. Dermatolog\u00eda en Terrassa","description":"Dermatolog\u00eda, Medicina est\u00e9tica, Cirurg\u00eda Pl\u00e0stica","publisher":{"@id":"https:\/\/www.idermic.es\/#organization"},"potentialAction":[{"@type":"SearchAction","target":{"@type":"EntryPoint","urlTemplate":"https:\/\/www.idermic.es\/?s={search_term_string}"},"query-input":{"@type":"PropertyValueSpecification","valueRequired":true,"valueName":"search_term_string"}}],"inLanguage":"es"},{"@type":"Organization","@id":"https:\/\/www.idermic.es\/#organization","name":"Idermic. Dermatolog\u00eda en Terrassa","url":"https:\/\/www.idermic.es\/","logo":{"@type":"ImageObject","inLanguage":"es","@id":"https:\/\/www.idermic.es\/#\/schema\/logo\/image\/","url":"https:\/\/www.idermic.es\/wp-content\/uploads\/2025\/10\/Logo-Idermic.jpg","contentUrl":"https:\/\/www.idermic.es\/wp-content\/uploads\/2025\/10\/Logo-Idermic.jpg","width":501,"height":502,"caption":"Idermic. Dermatolog\u00eda en Terrassa"},"image":{"@id":"https:\/\/www.idermic.es\/#\/schema\/logo\/image\/"},"sameAs":["https:\/\/www.facebook.com\/Idermic","https:\/\/x.com\/idermic","https:\/\/www.instagram.com\/idermicclinic\/","https:\/\/www.youtube.com\/channel\/UCyAHC9-p8lc6hr_nguO8p_g"]},{"@type":"Person","@id":"https:\/\/www.idermic.es\/#\/schema\/person\/c12703027a878b23d3c71c87921a82f8","name":"Equipo","image":{"@type":"ImageObject","inLanguage":"es","@id":"https:\/\/secure.gravatar.com\/avatar\/7ca0be23248108c6b0887e0693b7dcf7764bd3503f84d1f04e6653ef7c3b9420?s=96&d=mm&r=g","url":"https:\/\/secure.gravatar.com\/avatar\/7ca0be23248108c6b0887e0693b7dcf7764bd3503f84d1f04e6653ef7c3b9420?s=96&d=mm&r=g","contentUrl":"https:\/\/secure.gravatar.com\/avatar\/7ca0be23248108c6b0887e0693b7dcf7764bd3503f84d1f04e6653ef7c3b9420?s=96&d=mm&r=g","caption":"Equipo"},"description":"Equipo de Idermic"}]}},"_links":{"self":[{"href":"https:\/\/www.idermic.es\/es\/wp-json\/wp\/v2\/posts\/7506","targetHints":{"allow":["GET"]}}],"collection":[{"href":"https:\/\/www.idermic.es\/es\/wp-json\/wp\/v2\/posts"}],"about":[{"href":"https:\/\/www.idermic.es\/es\/wp-json\/wp\/v2\/types\/post"}],"author":[{"embeddable":true,"href":"https:\/\/www.idermic.es\/es\/wp-json\/wp\/v2\/users\/3"}],"replies":[{"embeddable":true,"href":"https:\/\/www.idermic.es\/es\/wp-json\/wp\/v2\/comments?post=7506"}],"version-history":[{"count":13,"href":"https:\/\/www.idermic.es\/es\/wp-json\/wp\/v2\/posts\/7506\/revisions"}],"predecessor-version":[{"id":7601,"href":"https:\/\/www.idermic.es\/es\/wp-json\/wp\/v2\/posts\/7506\/revisions\/7601"}],"wp:featuredmedia":[{"embeddable":true,"href":"https:\/\/www.idermic.es\/es\/wp-json\/wp\/v2\/media\/7508"}],"wp:attachment":[{"href":"https:\/\/www.idermic.es\/es\/wp-json\/wp\/v2\/media?parent=7506"}],"wp:term":[{"taxonomy":"category","embeddable":true,"href":"https:\/\/www.idermic.es\/es\/wp-json\/wp\/v2\/categories?post=7506"},{"taxonomy":"post_tag","embeddable":true,"href":"https:\/\/www.idermic.es\/es\/wp-json\/wp\/v2\/tags?post=7506"}],"curies":[{"name":"wp","href":"https:\/\/api.w.org\/{rel}","templated":true}]}}