{"id":7492,"date":"2025-03-31T12:16:22","date_gmt":"2025-03-31T12:16:22","guid":{"rendered":"https:\/\/www.idermic.es\/?p=7492"},"modified":"2026-06-06T06:50:57","modified_gmt":"2026-06-06T06:50:57","slug":"infarma-2025-la-dra-vilavella-asiste-al-encuentro","status":"publish","type":"post","link":"https:\/\/www.idermic.es\/es\/infarma-2025-la-dra-vilavella-asiste-al-encuentro\/","title":{"rendered":"Infarma 2025. La Dra. Vilavella asiste al encuentro"},"content":{"rendered":"<p><div class=\"fusion-fullwidth fullwidth-box fusion-builder-row-1 nonhundred-percent-fullwidth non-hundred-percent-height-scrolling\" style=\"--awb-border-radius-top-left:0px;--awb-border-radius-top-right:0px;--awb-border-radius-bottom-right:0px;--awb-border-radius-bottom-left:0px;--awb-flex-wrap:wrap;\" ><div class=\"fusion-builder-row fusion-row\"><div class=\"fusion-layout-column fusion_builder_column fusion-builder-column-0 fusion_builder_column_1_1 1_1 fusion-one-full fusion-column-first fusion-column-last\" style=\"--awb-bg-size:cover;\"><div class=\"fusion-column-wrapper fusion-flex-column-wrapper-legacy\"><div class=\"fusion-text fusion-text-1\"><h1 style=\"text-align: center;\">Infarma 2025. La Dra. Vilavella asiste al encuentro<\/h1>\n<\/div><div class=\"fusion-clearfix\"><\/div><\/div><\/div><\/div><\/div><div class=\"fusion-fullwidth fullwidth-box fusion-builder-row-2 nonhundred-percent-fullwidth non-hundred-percent-height-scrolling\" style=\"--awb-border-radius-top-left:0px;--awb-border-radius-top-right:0px;--awb-border-radius-bottom-right:0px;--awb-border-radius-bottom-left:0px;--awb-flex-wrap:wrap;\" ><div class=\"fusion-builder-row fusion-row\"><div class=\"fusion-layout-column fusion_builder_column fusion-builder-column-1 fusion_builder_column_2_3 2_3 fusion-two-third fusion-column-first\" style=\"--awb-bg-size:cover;width:66.666666666667%;width:calc(66.666666666667% - ( ( 4% ) * 0.66666666666667 ) );margin-right: 4%;\"><div class=\"fusion-column-wrapper fusion-flex-column-wrapper-legacy\"><div class=\"fusion-text fusion-text-2\"><p>La Dra. Vilavella asisti\u00f3 a <a href=\"https:\/\/www.infarma.es\/\">Infarma 2025<\/a>, el encuentro europeo de Farmacia celebrado en Barcelona durante los d\u00edas 25, 26 y 27 de marzo pasados, participando activamente en una jornada de intercambio de conocimientos junto a Vichy Laboratoires. Durante el evento, abord\u00f3 el papel del col\u00e1geno en la salud de la piel, destacando su importancia como prote\u00edna clave para mantener la firmeza y la juventud cut\u00e1nea.<\/p>\n<p>En su intervenci\u00f3n, comparti\u00f3 estrategias para estimular su producci\u00f3n y present\u00f3 tratamientos eficaces orientados al cuidado dermatol\u00f3gico. La participaci\u00f3n de la Dra. Vilavella refleja su compromiso con la formaci\u00f3n continua y la colaboraci\u00f3n con el sector farmac\u00e9utico para ofrecer siempre una atenci\u00f3n de calidad.<\/p>\n<\/div><div class=\"fusion-clearfix\"><\/div><\/div><\/div><div class=\"fusion-layout-column fusion_builder_column fusion-builder-column-2 fusion_builder_column_1_3 1_3 fusion-one-third fusion-column-last\" style=\"--awb-bg-size:cover;width:33.333333333333%;width:calc(33.333333333333% - ( ( 4% ) * 0.33333333333333 ) );\"><div class=\"fusion-column-wrapper fusion-flex-column-wrapper-legacy\"><div class=\"fusion-image-element in-legacy-container\" style=\"--awb-caption-title-font-family:var(--h2_typography-font-family);--awb-caption-title-font-weight:var(--h2_typography-font-weight);--awb-caption-title-font-style:var(--h2_typography-font-style);--awb-caption-title-size:var(--h2_typography-font-size);--awb-caption-title-transform:var(--h2_typography-text-transform);--awb-caption-title-line-height:var(--h2_typography-line-height);--awb-caption-title-letter-spacing:var(--h2_typography-letter-spacing);\"><span class=\" fusion-imageframe imageframe-none imageframe-1 hover-type-none\"><img decoding=\"async\" width=\"227\" height=\"300\" alt=\"La Dra Vilavella asiste a Infarma 2025\" title=\"Infarma 2025\" src=\"https:\/\/www.idermic.es\/wp-content\/uploads\/2025\/03\/La-Dra-Vilavella-asiste-a-Infarma-2025-227x300.jpg\" class=\"img-responsive wp-image-7493\" srcset=\"https:\/\/www.idermic.es\/wp-content\/uploads\/2025\/03\/La-Dra-Vilavella-asiste-a-Infarma-2025-200x264.jpg 200w, https:\/\/www.idermic.es\/wp-content\/uploads\/2025\/03\/La-Dra-Vilavella-asiste-a-Infarma-2025-400x528.jpg 400w, https:\/\/www.idermic.es\/wp-content\/uploads\/2025\/03\/La-Dra-Vilavella-asiste-a-Infarma-2025.jpg 523w\" sizes=\"(max-width: 800px) 100vw, 227px\" \/><\/span><\/div><div class=\"fusion-clearfix\"><\/div><\/div><\/div><\/div><\/div><div class=\"fusion-fullwidth fullwidth-box fusion-builder-row-3 nonhundred-percent-fullwidth non-hundred-percent-height-scrolling\" style=\"--awb-border-radius-top-left:0px;--awb-border-radius-top-right:0px;--awb-border-radius-bottom-right:0px;--awb-border-radius-bottom-left:0px;--awb-flex-wrap:wrap;\" ><div class=\"fusion-builder-row fusion-row\"><div class=\"fusion-layout-column fusion_builder_column fusion-builder-column-3 fusion_builder_column_1_1 1_1 fusion-one-full fusion-column-first fusion-column-last\" style=\"--awb-bg-size:cover;\"><div class=\"fusion-column-wrapper fusion-flex-column-wrapper-legacy\"><div class=\"fusion-sep-clear\"><\/div><div class=\"fusion-separator fusion-full-width-sep\" style=\"margin-left: auto;margin-right: auto;width:100%;\"><div class=\"fusion-separator-border sep-double\" style=\"--awb-height:20px;--awb-amount:20px;border-color:#e0dede;border-top-width:1px;border-bottom-width:1px;\"><\/div><\/div><div class=\"fusion-sep-clear\"><\/div><div class=\"fusion-clearfix\"><\/div><\/div><\/div><\/div><\/div><div class=\"fusion-fullwidth fullwidth-box fusion-builder-row-4 nonhundred-percent-fullwidth non-hundred-percent-height-scrolling\" style=\"--awb-border-radius-top-left:0px;--awb-border-radius-top-right:0px;--awb-border-radius-bottom-right:0px;--awb-border-radius-bottom-left:0px;--awb-flex-wrap:wrap;\" ><div class=\"fusion-builder-row fusion-row\"><div class=\"fusion-layout-column fusion_builder_column fusion-builder-column-4 fusion_builder_column_1_1 1_1 fusion-one-full fusion-column-first fusion-column-last\" style=\"--awb-bg-size:cover;\"><div class=\"fusion-column-wrapper fusion-flex-column-wrapper-legacy\"><div class=\"fusion-text fusion-text-3\"><h2 class=\"\" data-start=\"0\" data-end=\"62\">Infarma 2025: El encuentro europeo de Farmacia en Barcelona<\/h2>\n<p class=\"\" data-start=\"64\" data-end=\"221\"><span class=\"relative -mx-px my-&#091;-0.2rem&#093; rounded px-px py-&#091;0.2rem&#093;\">Infarma Barcelona 2025 se celebr\u00f3 del 25 al 27 de marzo en Fira Barcelona &#8211; Gran Via, consolid\u00e1ndose como el principal evento que integra el Congreso Europeo de Oficina de Farmacia y el Sal\u00f3n de Medicamentos y Parafarmacia.<\/span> <span class=\"relative -mx-px my-&#091;-0.2rem&#093; rounded px-px py-&#091;0.2rem&#093;\">Este encuentro reuni\u00f3 a m\u00e1s de 30.000 profesionales del sector farmac\u00e9utico, ofreciendo un espacio para el intercambio de conocimientos, la innovaci\u00f3n y la exploraci\u00f3n de nuevas oportunidades en el \u00e1mbito de la farmacia comunitaria.<\/span><\/p>\n<p class=\"\" data-start=\"223\" data-end=\"380\"><span class=\"relative -mx-px my-&#091;-0.2rem&#093; rounded px-px py-&#091;0.2rem&#093;\">Durante tres d\u00edas, los asistentes participaron en m\u00e1s de 100 conferencias impartidas por destacados ponentes, abordando temas actuales que impactan el futuro de la oficina de farmacia y su labor asistencial.<\/span> <span class=\"relative -mx-px my-&#091;-0.2rem&#093; rounded px-px py-&#091;0.2rem&#093;\">El programa cient\u00edfico incluy\u00f3 sesiones sobre estrategias para una experiencia diferenciada del cliente, desmontaje de mitos en la perforaci\u00f3n del l\u00f3bulo de la oreja, y retos en salud mental e imagen corporal, entre otros.<\/span><\/p>\n<p class=\"\" data-start=\"382\" data-end=\"543\"><span class=\"relative -mx-px my-&#091;-0.2rem&#093; rounded px-px py-&#091;0.2rem&#093;\">Adem\u00e1s de las conferencias, Infarma 2025 ofreci\u00f3 una amplia exposici\u00f3n de productos y servicios, permitiendo a los farmac\u00e9uticos descubrir las \u00faltimas innovaciones del mercado, explorar nuevas oportunidades de negocio y establecer relaciones con proveedores y colegas del sector.<\/span> <span class=\"relative -mx-px my-&#091;-0.2rem&#093; rounded px-px py-&#091;0.2rem&#093;\">La feria se destac\u00f3 por facilitar la conexi\u00f3n directa entre las soluciones innovadoras de las empresas expositoras y las demandas del mercado, impulsando el crecimiento y la adaptaci\u00f3n estrat\u00e9gica de la oficina de farmacia.<\/span><\/p>\n<p class=\"\" data-start=\"545\" data-end=\"670\"><span class=\"relative -mx-px my-&#091;-0.2rem&#093; rounded px-px py-&#091;0.2rem&#093;\">Infarma 2025 tambi\u00e9n reafirm\u00f3 su compromiso con la sostenibilidad, compensando las emisiones derivadas de la organizaci\u00f3n del evento mediante la adquisici\u00f3n de cr\u00e9ditos de carbono procedentes de proyectos REDD(+) orientados a detener la deforestaci\u00f3n y la degradaci\u00f3n de los ecosistemas en los bosques sudamericanos.<\/span> \u200b<\/p>\n<p class=\"\" data-start=\"672\" data-end=\"797\"><span class=\"relative -mx-px my-&#091;-0.2rem&#093; rounded px-px py-&#091;0.2rem&#093;\">La pr\u00f3xima edici\u00f3n, Infarma Madrid 2026, est\u00e1 programada para los d\u00edas 24, 25 y 26 de marzo en IFEMA Madrid, prometiendo continuar con la tradici\u00f3n de ser el punto de encuentro esencial para los profesionales de la farmacia en Europa.<\/span><\/p>\n<p>Para cualquier consulta relacionada con el col\u00e1geno y sus tratamientos, en Idermic, tu <a href=\"http:\/\/idermic.es\/\">dermat\u00f3logo en Terrassa<\/a> estaremos encantados de atenderte.<\/p>\n<\/div><div class=\"fusion-clearfix\"><\/div><\/div><\/div><\/div><\/div><\/p>\n","protected":false},"excerpt":{"rendered":"<p>La Dra. Vilavella asisti\u00f3 a Infarma 2025 en Barcelona, compartiendo conocimientos sobre col\u00e1geno en el principal evento farmac\u00e9utico europeo.<\/p>\n","protected":false},"author":3,"featured_media":7497,"comment_status":"open","ping_status":"closed","sticky":false,"template":"","format":"standard","meta":{"_joinchat":[],"footnotes":""},"categories":[25],"tags":[],"class_list":["post-7492","post","type-post","status-publish","format-standard","has-post-thumbnail","hentry","category-noticias"],"yoast_head":"<!-- This site is optimized with the Yoast SEO plugin v28.4 - https:\/\/yoast.com\/product\/yoast-seo-wordpress\/ -->\n<title>Infarma 2025. La Dra. Vilavella asiste al encuentro -<\/title>\n<meta name=\"description\" content=\"La Dra. Vilavella asisti\u00f3 a Infarma 2025 en Barcelona, compartiendo conocimientos sobre col\u00e1geno en el principal evento farmac\u00e9utico europeo\" \/>\n<meta name=\"robots\" content=\"index, follow, max-snippet:-1, max-image-preview:large, max-video-preview:-1\" \/>\n<link rel=\"canonical\" href=\"https:\/\/www.idermic.es\/es\/infarma-2025-la-dra-vilavella-asiste-al-encuentro\/\" \/>\n<meta property=\"og:locale\" content=\"es_ES\" \/>\n<meta property=\"og:type\" content=\"article\" \/>\n<meta property=\"og:title\" content=\"Infarma 2025. La Dra. Vilavella asiste al encuentro -\" \/>\n<meta property=\"og:description\" content=\"La Dra. Vilavella asisti\u00f3 a Infarma 2025 en Barcelona, compartiendo conocimientos sobre col\u00e1geno en el principal evento farmac\u00e9utico europeo\" \/>\n<meta property=\"og:url\" content=\"https:\/\/www.idermic.es\/es\/infarma-2025-la-dra-vilavella-asiste-al-encuentro\/\" \/>\n<meta property=\"og:site_name\" content=\"Idermic. Dermatolog\u00eda en Terrassa\" \/>\n<meta property=\"article:publisher\" content=\"https:\/\/www.facebook.com\/Idermic\" \/>\n<meta property=\"article:published_time\" content=\"2025-03-31T12:16:22+00:00\" \/>\n<meta property=\"article:modified_time\" content=\"2026-06-06T06:50:57+00:00\" \/>\n<meta property=\"og:image\" content=\"https:\/\/www.idermic.es\/wp-content\/uploads\/2025\/03\/Infarma-2025.png\" \/>\n\t<meta property=\"og:image:width\" content=\"819\" \/>\n\t<meta property=\"og:image:height\" content=\"515\" \/>\n\t<meta property=\"og:image:type\" content=\"image\/png\" \/>\n<meta name=\"author\" content=\"Equipo\" \/>\n<meta name=\"twitter:card\" content=\"summary_large_image\" \/>\n<meta name=\"twitter:creator\" content=\"@idermic\" \/>\n<meta name=\"twitter:site\" content=\"@idermic\" \/>\n<meta name=\"twitter:label1\" content=\"Escrito por\" \/>\n\t<meta name=\"twitter:data1\" content=\"Equipo\" \/>\n\t<meta name=\"twitter:label2\" content=\"Tiempo de lectura\" \/>\n\t<meta name=\"twitter:data2\" content=\"3 minutos\" \/>\n<script type=\"application\/ld+json\" class=\"yoast-schema-graph\">{\"@context\":\"https:\\\/\\\/schema.org\",\"@graph\":[{\"@type\":\"Article\",\"@id\":\"https:\\\/\\\/www.idermic.es\\\/es\\\/infarma-2025-la-dra-vilavella-asiste-al-encuentro\\\/#article\",\"isPartOf\":{\"@id\":\"https:\\\/\\\/www.idermic.es\\\/es\\\/infarma-2025-la-dra-vilavella-asiste-al-encuentro\\\/\"},\"author\":{\"name\":\"Equipo\",\"@id\":\"https:\\\/\\\/www.idermic.es\\\/#\\\/schema\\\/person\\\/c12703027a878b23d3c71c87921a82f8\"},\"headline\":\"Infarma 2025. La Dra. Vilavella asiste al encuentro\",\"datePublished\":\"2025-03-31T12:16:22+00:00\",\"dateModified\":\"2026-06-06T06:50:57+00:00\",\"mainEntityOfPage\":{\"@id\":\"https:\\\/\\\/www.idermic.es\\\/es\\\/infarma-2025-la-dra-vilavella-asiste-al-encuentro\\\/\"},\"wordCount\":1532,\"commentCount\":0,\"publisher\":{\"@id\":\"https:\\\/\\\/www.idermic.es\\\/#organization\"},\"image\":{\"@id\":\"https:\\\/\\\/www.idermic.es\\\/es\\\/infarma-2025-la-dra-vilavella-asiste-al-encuentro\\\/#primaryimage\"},\"thumbnailUrl\":\"https:\\\/\\\/www.idermic.es\\\/wp-content\\\/uploads\\\/2025\\\/03\\\/Infarma-2025.png\",\"articleSection\":[\"Noticias\"],\"inLanguage\":\"es\",\"potentialAction\":[{\"@type\":\"CommentAction\",\"name\":\"Comment\",\"target\":[\"https:\\\/\\\/www.idermic.es\\\/es\\\/infarma-2025-la-dra-vilavella-asiste-al-encuentro\\\/#respond\"]}]},{\"@type\":\"WebPage\",\"@id\":\"https:\\\/\\\/www.idermic.es\\\/es\\\/infarma-2025-la-dra-vilavella-asiste-al-encuentro\\\/\",\"url\":\"https:\\\/\\\/www.idermic.es\\\/es\\\/infarma-2025-la-dra-vilavella-asiste-al-encuentro\\\/\",\"name\":\"Infarma 2025. La Dra. Vilavella asiste al encuentro -\",\"isPartOf\":{\"@id\":\"https:\\\/\\\/www.idermic.es\\\/#website\"},\"primaryImageOfPage\":{\"@id\":\"https:\\\/\\\/www.idermic.es\\\/es\\\/infarma-2025-la-dra-vilavella-asiste-al-encuentro\\\/#primaryimage\"},\"image\":{\"@id\":\"https:\\\/\\\/www.idermic.es\\\/es\\\/infarma-2025-la-dra-vilavella-asiste-al-encuentro\\\/#primaryimage\"},\"thumbnailUrl\":\"https:\\\/\\\/www.idermic.es\\\/wp-content\\\/uploads\\\/2025\\\/03\\\/Infarma-2025.png\",\"datePublished\":\"2025-03-31T12:16:22+00:00\",\"dateModified\":\"2026-06-06T06:50:57+00:00\",\"description\":\"La Dra. Vilavella asisti\u00f3 a Infarma 2025 en Barcelona, compartiendo conocimientos sobre col\u00e1geno en el principal evento farmac\u00e9utico europeo\",\"breadcrumb\":{\"@id\":\"https:\\\/\\\/www.idermic.es\\\/es\\\/infarma-2025-la-dra-vilavella-asiste-al-encuentro\\\/#breadcrumb\"},\"inLanguage\":\"es\",\"potentialAction\":[{\"@type\":\"ReadAction\",\"target\":[\"https:\\\/\\\/www.idermic.es\\\/es\\\/infarma-2025-la-dra-vilavella-asiste-al-encuentro\\\/\"]}]},{\"@type\":\"ImageObject\",\"inLanguage\":\"es\",\"@id\":\"https:\\\/\\\/www.idermic.es\\\/es\\\/infarma-2025-la-dra-vilavella-asiste-al-encuentro\\\/#primaryimage\",\"url\":\"https:\\\/\\\/www.idermic.es\\\/wp-content\\\/uploads\\\/2025\\\/03\\\/Infarma-2025.png\",\"contentUrl\":\"https:\\\/\\\/www.idermic.es\\\/wp-content\\\/uploads\\\/2025\\\/03\\\/Infarma-2025.png\",\"width\":819,\"height\":515,\"caption\":\"La Dra Vilavella asiste a Infarma 2025, principal evento farmac\u00e9utico europeo.\"},{\"@type\":\"BreadcrumbList\",\"@id\":\"https:\\\/\\\/www.idermic.es\\\/es\\\/infarma-2025-la-dra-vilavella-asiste-al-encuentro\\\/#breadcrumb\",\"itemListElement\":[{\"@type\":\"ListItem\",\"position\":1,\"name\":\"Inici\",\"item\":\"https:\\\/\\\/www.idermic.es\\\/es\\\/\"},{\"@type\":\"ListItem\",\"position\":2,\"name\":\"Infarma 2025. La Dra. Vilavella asiste al encuentro\"}]},{\"@type\":\"WebSite\",\"@id\":\"https:\\\/\\\/www.idermic.es\\\/#website\",\"url\":\"https:\\\/\\\/www.idermic.es\\\/\",\"name\":\"Idermic. Dermatolog\u00eda en Terrassa\",\"description\":\"Dermatolog\u00eda, Medicina est\u00e9tica, Cirurg\u00eda Pl\u00e0stica\",\"publisher\":{\"@id\":\"https:\\\/\\\/www.idermic.es\\\/#organization\"},\"potentialAction\":[{\"@type\":\"SearchAction\",\"target\":{\"@type\":\"EntryPoint\",\"urlTemplate\":\"https:\\\/\\\/www.idermic.es\\\/?s={search_term_string}\"},\"query-input\":{\"@type\":\"PropertyValueSpecification\",\"valueRequired\":true,\"valueName\":\"search_term_string\"}}],\"inLanguage\":\"es\"},{\"@type\":\"Organization\",\"@id\":\"https:\\\/\\\/www.idermic.es\\\/#organization\",\"name\":\"Idermic. Dermatolog\u00eda en Terrassa\",\"url\":\"https:\\\/\\\/www.idermic.es\\\/\",\"logo\":{\"@type\":\"ImageObject\",\"inLanguage\":\"es\",\"@id\":\"https:\\\/\\\/www.idermic.es\\\/#\\\/schema\\\/logo\\\/image\\\/\",\"url\":\"https:\\\/\\\/www.idermic.es\\\/wp-content\\\/uploads\\\/2025\\\/10\\\/Logo-Idermic.jpg\",\"contentUrl\":\"https:\\\/\\\/www.idermic.es\\\/wp-content\\\/uploads\\\/2025\\\/10\\\/Logo-Idermic.jpg\",\"width\":501,\"height\":502,\"caption\":\"Idermic. Dermatolog\u00eda en Terrassa\"},\"image\":{\"@id\":\"https:\\\/\\\/www.idermic.es\\\/#\\\/schema\\\/logo\\\/image\\\/\"},\"sameAs\":[\"https:\\\/\\\/www.facebook.com\\\/Idermic\",\"https:\\\/\\\/x.com\\\/idermic\",\"https:\\\/\\\/www.instagram.com\\\/idermicclinic\\\/\",\"https:\\\/\\\/www.youtube.com\\\/channel\\\/UCyAHC9-p8lc6hr_nguO8p_g\"]},{\"@type\":\"Person\",\"@id\":\"https:\\\/\\\/www.idermic.es\\\/#\\\/schema\\\/person\\\/c12703027a878b23d3c71c87921a82f8\",\"name\":\"Equipo\",\"image\":{\"@type\":\"ImageObject\",\"inLanguage\":\"es\",\"@id\":\"https:\\\/\\\/secure.gravatar.com\\\/avatar\\\/7ca0be23248108c6b0887e0693b7dcf7764bd3503f84d1f04e6653ef7c3b9420?s=96&d=mm&r=g\",\"url\":\"https:\\\/\\\/secure.gravatar.com\\\/avatar\\\/7ca0be23248108c6b0887e0693b7dcf7764bd3503f84d1f04e6653ef7c3b9420?s=96&d=mm&r=g\",\"contentUrl\":\"https:\\\/\\\/secure.gravatar.com\\\/avatar\\\/7ca0be23248108c6b0887e0693b7dcf7764bd3503f84d1f04e6653ef7c3b9420?s=96&d=mm&r=g\",\"caption\":\"Equipo\"},\"description\":\"Equipo de Idermic\"}]}<\/script>\n<!-- \/ Yoast SEO plugin. -->","yoast_head_json":{"title":"Infarma 2025. La Dra. Vilavella asiste al encuentro -","description":"La Dra. Vilavella asisti\u00f3 a Infarma 2025 en Barcelona, compartiendo conocimientos sobre col\u00e1geno en el principal evento farmac\u00e9utico europeo","robots":{"index":"index","follow":"follow","max-snippet":"max-snippet:-1","max-image-preview":"max-image-preview:large","max-video-preview":"max-video-preview:-1"},"canonical":"https:\/\/www.idermic.es\/es\/infarma-2025-la-dra-vilavella-asiste-al-encuentro\/","og_locale":"es_ES","og_type":"article","og_title":"Infarma 2025. La Dra. Vilavella asiste al encuentro -","og_description":"La Dra. Vilavella asisti\u00f3 a Infarma 2025 en Barcelona, compartiendo conocimientos sobre col\u00e1geno en el principal evento farmac\u00e9utico europeo","og_url":"https:\/\/www.idermic.es\/es\/infarma-2025-la-dra-vilavella-asiste-al-encuentro\/","og_site_name":"Idermic. Dermatolog\u00eda en Terrassa","article_publisher":"https:\/\/www.facebook.com\/Idermic","article_published_time":"2025-03-31T12:16:22+00:00","article_modified_time":"2026-06-06T06:50:57+00:00","og_image":[{"width":819,"height":515,"url":"https:\/\/www.idermic.es\/wp-content\/uploads\/2025\/03\/Infarma-2025.png","type":"image\/png"}],"author":"Equipo","twitter_card":"summary_large_image","twitter_creator":"@idermic","twitter_site":"@idermic","twitter_misc":{"Escrito por":"Equipo","Tiempo de lectura":"3 minutos"},"schema":{"@context":"https:\/\/schema.org","@graph":[{"@type":"Article","@id":"https:\/\/www.idermic.es\/es\/infarma-2025-la-dra-vilavella-asiste-al-encuentro\/#article","isPartOf":{"@id":"https:\/\/www.idermic.es\/es\/infarma-2025-la-dra-vilavella-asiste-al-encuentro\/"},"author":{"name":"Equipo","@id":"https:\/\/www.idermic.es\/#\/schema\/person\/c12703027a878b23d3c71c87921a82f8"},"headline":"Infarma 2025. La Dra. Vilavella asiste al encuentro","datePublished":"2025-03-31T12:16:22+00:00","dateModified":"2026-06-06T06:50:57+00:00","mainEntityOfPage":{"@id":"https:\/\/www.idermic.es\/es\/infarma-2025-la-dra-vilavella-asiste-al-encuentro\/"},"wordCount":1532,"commentCount":0,"publisher":{"@id":"https:\/\/www.idermic.es\/#organization"},"image":{"@id":"https:\/\/www.idermic.es\/es\/infarma-2025-la-dra-vilavella-asiste-al-encuentro\/#primaryimage"},"thumbnailUrl":"https:\/\/www.idermic.es\/wp-content\/uploads\/2025\/03\/Infarma-2025.png","articleSection":["Noticias"],"inLanguage":"es","potentialAction":[{"@type":"CommentAction","name":"Comment","target":["https:\/\/www.idermic.es\/es\/infarma-2025-la-dra-vilavella-asiste-al-encuentro\/#respond"]}]},{"@type":"WebPage","@id":"https:\/\/www.idermic.es\/es\/infarma-2025-la-dra-vilavella-asiste-al-encuentro\/","url":"https:\/\/www.idermic.es\/es\/infarma-2025-la-dra-vilavella-asiste-al-encuentro\/","name":"Infarma 2025. La Dra. Vilavella asiste al encuentro -","isPartOf":{"@id":"https:\/\/www.idermic.es\/#website"},"primaryImageOfPage":{"@id":"https:\/\/www.idermic.es\/es\/infarma-2025-la-dra-vilavella-asiste-al-encuentro\/#primaryimage"},"image":{"@id":"https:\/\/www.idermic.es\/es\/infarma-2025-la-dra-vilavella-asiste-al-encuentro\/#primaryimage"},"thumbnailUrl":"https:\/\/www.idermic.es\/wp-content\/uploads\/2025\/03\/Infarma-2025.png","datePublished":"2025-03-31T12:16:22+00:00","dateModified":"2026-06-06T06:50:57+00:00","description":"La Dra. Vilavella asisti\u00f3 a Infarma 2025 en Barcelona, compartiendo conocimientos sobre col\u00e1geno en el principal evento farmac\u00e9utico europeo","breadcrumb":{"@id":"https:\/\/www.idermic.es\/es\/infarma-2025-la-dra-vilavella-asiste-al-encuentro\/#breadcrumb"},"inLanguage":"es","potentialAction":[{"@type":"ReadAction","target":["https:\/\/www.idermic.es\/es\/infarma-2025-la-dra-vilavella-asiste-al-encuentro\/"]}]},{"@type":"ImageObject","inLanguage":"es","@id":"https:\/\/www.idermic.es\/es\/infarma-2025-la-dra-vilavella-asiste-al-encuentro\/#primaryimage","url":"https:\/\/www.idermic.es\/wp-content\/uploads\/2025\/03\/Infarma-2025.png","contentUrl":"https:\/\/www.idermic.es\/wp-content\/uploads\/2025\/03\/Infarma-2025.png","width":819,"height":515,"caption":"La Dra Vilavella asiste a Infarma 2025, principal evento farmac\u00e9utico europeo."},{"@type":"BreadcrumbList","@id":"https:\/\/www.idermic.es\/es\/infarma-2025-la-dra-vilavella-asiste-al-encuentro\/#breadcrumb","itemListElement":[{"@type":"ListItem","position":1,"name":"Inici","item":"https:\/\/www.idermic.es\/es\/"},{"@type":"ListItem","position":2,"name":"Infarma 2025. La Dra. Vilavella asiste al encuentro"}]},{"@type":"WebSite","@id":"https:\/\/www.idermic.es\/#website","url":"https:\/\/www.idermic.es\/","name":"Idermic. Dermatolog\u00eda en Terrassa","description":"Dermatolog\u00eda, Medicina est\u00e9tica, Cirurg\u00eda Pl\u00e0stica","publisher":{"@id":"https:\/\/www.idermic.es\/#organization"},"potentialAction":[{"@type":"SearchAction","target":{"@type":"EntryPoint","urlTemplate":"https:\/\/www.idermic.es\/?s={search_term_string}"},"query-input":{"@type":"PropertyValueSpecification","valueRequired":true,"valueName":"search_term_string"}}],"inLanguage":"es"},{"@type":"Organization","@id":"https:\/\/www.idermic.es\/#organization","name":"Idermic. Dermatolog\u00eda en Terrassa","url":"https:\/\/www.idermic.es\/","logo":{"@type":"ImageObject","inLanguage":"es","@id":"https:\/\/www.idermic.es\/#\/schema\/logo\/image\/","url":"https:\/\/www.idermic.es\/wp-content\/uploads\/2025\/10\/Logo-Idermic.jpg","contentUrl":"https:\/\/www.idermic.es\/wp-content\/uploads\/2025\/10\/Logo-Idermic.jpg","width":501,"height":502,"caption":"Idermic. Dermatolog\u00eda en Terrassa"},"image":{"@id":"https:\/\/www.idermic.es\/#\/schema\/logo\/image\/"},"sameAs":["https:\/\/www.facebook.com\/Idermic","https:\/\/x.com\/idermic","https:\/\/www.instagram.com\/idermicclinic\/","https:\/\/www.youtube.com\/channel\/UCyAHC9-p8lc6hr_nguO8p_g"]},{"@type":"Person","@id":"https:\/\/www.idermic.es\/#\/schema\/person\/c12703027a878b23d3c71c87921a82f8","name":"Equipo","image":{"@type":"ImageObject","inLanguage":"es","@id":"https:\/\/secure.gravatar.com\/avatar\/7ca0be23248108c6b0887e0693b7dcf7764bd3503f84d1f04e6653ef7c3b9420?s=96&d=mm&r=g","url":"https:\/\/secure.gravatar.com\/avatar\/7ca0be23248108c6b0887e0693b7dcf7764bd3503f84d1f04e6653ef7c3b9420?s=96&d=mm&r=g","contentUrl":"https:\/\/secure.gravatar.com\/avatar\/7ca0be23248108c6b0887e0693b7dcf7764bd3503f84d1f04e6653ef7c3b9420?s=96&d=mm&r=g","caption":"Equipo"},"description":"Equipo de Idermic"}]}},"_links":{"self":[{"href":"https:\/\/www.idermic.es\/es\/wp-json\/wp\/v2\/posts\/7492","targetHints":{"allow":["GET"]}}],"collection":[{"href":"https:\/\/www.idermic.es\/es\/wp-json\/wp\/v2\/posts"}],"about":[{"href":"https:\/\/www.idermic.es\/es\/wp-json\/wp\/v2\/types\/post"}],"author":[{"embeddable":true,"href":"https:\/\/www.idermic.es\/es\/wp-json\/wp\/v2\/users\/3"}],"replies":[{"embeddable":true,"href":"https:\/\/www.idermic.es\/es\/wp-json\/wp\/v2\/comments?post=7492"}],"version-history":[{"count":9,"href":"https:\/\/www.idermic.es\/es\/wp-json\/wp\/v2\/posts\/7492\/revisions"}],"predecessor-version":[{"id":9738,"href":"https:\/\/www.idermic.es\/es\/wp-json\/wp\/v2\/posts\/7492\/revisions\/9738"}],"wp:featuredmedia":[{"embeddable":true,"href":"https:\/\/www.idermic.es\/es\/wp-json\/wp\/v2\/media\/7497"}],"wp:attachment":[{"href":"https:\/\/www.idermic.es\/es\/wp-json\/wp\/v2\/media?parent=7492"}],"wp:term":[{"taxonomy":"category","embeddable":true,"href":"https:\/\/www.idermic.es\/es\/wp-json\/wp\/v2\/categories?post=7492"},{"taxonomy":"post_tag","embeddable":true,"href":"https:\/\/www.idermic.es\/es\/wp-json\/wp\/v2\/tags?post=7492"}],"curies":[{"name":"wp","href":"https:\/\/api.w.org\/{rel}","templated":true}]}}