{"id":7303,"date":"2023-01-04T10:34:45","date_gmt":"2023-01-04T10:34:45","guid":{"rendered":"https:\/\/www.idermic.es\/?p=7303"},"modified":"2025-03-04T11:39:05","modified_gmt":"2025-03-04T11:39:05","slug":"viruela-del-mono-que-es-sintomas-transmision-y-prevencion","status":"publish","type":"post","link":"https:\/\/www.idermic.es\/es\/viruela-del-mono-que-es-sintomas-transmision-y-prevencion\/","title":{"rendered":"Viruela del mono: Qu\u00e9 es, s\u00edntomas, transmisi\u00f3n y prevenci\u00f3n"},"content":{"rendered":"<p><div class=\"fusion-fullwidth fullwidth-box fusion-builder-row-1 nonhundred-percent-fullwidth non-hundred-percent-height-scrolling\" style=\"--awb-border-radius-top-left:0px;--awb-border-radius-top-right:0px;--awb-border-radius-bottom-right:0px;--awb-border-radius-bottom-left:0px;--awb-flex-wrap:wrap;\" ><div class=\"fusion-builder-row fusion-row\"><div class=\"fusion-layout-column fusion_builder_column fusion-builder-column-0 fusion_builder_column_1_1 1_1 fusion-one-full fusion-column-first fusion-column-last\" style=\"--awb-bg-size:cover;\"><div class=\"fusion-column-wrapper fusion-flex-column-wrapper-legacy\"><div class=\"fusion-text fusion-text-1\"><h1 style=\"text-align: center;\">Viruela del mono: Qu\u00e9 es, s\u00edntomas, transmisi\u00f3n y prevenci\u00f3n<\/h1>\n<\/div><div class=\"fusion-clearfix\"><\/div><\/div><\/div><\/div><\/div><div class=\"fusion-fullwidth fullwidth-box fusion-builder-row-2 nonhundred-percent-fullwidth non-hundred-percent-height-scrolling\" style=\"--awb-border-radius-top-left:0px;--awb-border-radius-top-right:0px;--awb-border-radius-bottom-right:0px;--awb-border-radius-bottom-left:0px;--awb-flex-wrap:wrap;\" ><div class=\"fusion-builder-row fusion-row\"><div class=\"fusion-layout-column fusion_builder_column fusion-builder-column-1 fusion_builder_column_2_3 2_3 fusion-two-third fusion-column-first\" style=\"--awb-bg-size:cover;width:66.666666666667%;width:calc(66.666666666667% - ( ( 4% ) * 0.66666666666667 ) );margin-right: 4%;\"><div class=\"fusion-column-wrapper fusion-flex-column-wrapper-legacy\"><div class=\"fusion-text fusion-text-2\"><p>La viruela del mono, tambi\u00e9n conocida como viruela s\u00edmica o mpox, es una enfermedad viral causada por un ortopoxvirus. Se trata de una infecci\u00f3n zoon\u00f3tica, lo que significa que puede transmitirse de los animales a los humanos, pero tambi\u00e9n de persona a persona.<\/p>\n<p>Desde su detecci\u00f3n en humanos en 1970, ha sido objeto de vigilancia epidemiol\u00f3gica, especialmente en \u00c1frica y, m\u00e1s recientemente, en otras partes del mundo debido a brotes emergentes.<\/p>\n<\/div><div class=\"fusion-clearfix\"><\/div><\/div><\/div><div class=\"fusion-layout-column fusion_builder_column fusion-builder-column-2 fusion_builder_column_1_3 1_3 fusion-one-third fusion-column-last\" style=\"--awb-bg-size:cover;width:33.333333333333%;width:calc(33.333333333333% - ( ( 4% ) * 0.33333333333333 ) );\"><div class=\"fusion-column-wrapper fusion-flex-column-wrapper-legacy\"><div class=\"fusion-image-element in-legacy-container\" style=\"--awb-caption-title-font-family:var(--h2_typography-font-family);--awb-caption-title-font-weight:var(--h2_typography-font-weight);--awb-caption-title-font-style:var(--h2_typography-font-style);--awb-caption-title-size:var(--h2_typography-font-size);--awb-caption-title-transform:var(--h2_typography-text-transform);--awb-caption-title-line-height:var(--h2_typography-line-height);--awb-caption-title-letter-spacing:var(--h2_typography-letter-spacing);\"><span class=\" fusion-imageframe imageframe-none imageframe-1 hover-type-none\"><img decoding=\"async\" width=\"300\" height=\"200\" alt=\"Viruela del mono: Qu\u00e9 es, s\u00edntomas, transmisi\u00f3n y prevenci\u00f3n.\" title=\"Viruela del Mono\" src=\"https:\/\/www.idermic.es\/wp-content\/uploads\/2023\/01\/Viruela-del-Mono-2-300x200.jpg\" class=\"img-responsive wp-image-7307\" srcset=\"https:\/\/www.idermic.es\/wp-content\/uploads\/2023\/01\/Viruela-del-Mono-2-200x133.jpg 200w, https:\/\/www.idermic.es\/wp-content\/uploads\/2023\/01\/Viruela-del-Mono-2-400x267.jpg 400w, https:\/\/www.idermic.es\/wp-content\/uploads\/2023\/01\/Viruela-del-Mono-2-600x400.jpg 600w, https:\/\/www.idermic.es\/wp-content\/uploads\/2023\/01\/Viruela-del-Mono-2-800x533.jpg 800w, https:\/\/www.idermic.es\/wp-content\/uploads\/2023\/01\/Viruela-del-Mono-2-1200x800.jpg 1200w, https:\/\/www.idermic.es\/wp-content\/uploads\/2023\/01\/Viruela-del-Mono-2.jpg 1280w\" sizes=\"(max-width: 800px) 100vw, 300px\" \/><\/span><\/div><div class=\"fusion-clearfix\"><\/div><\/div><\/div><\/div><\/div><div class=\"fusion-fullwidth fullwidth-box fusion-builder-row-3 nonhundred-percent-fullwidth non-hundred-percent-height-scrolling\" style=\"--awb-border-radius-top-left:0px;--awb-border-radius-top-right:0px;--awb-border-radius-bottom-right:0px;--awb-border-radius-bottom-left:0px;--awb-flex-wrap:wrap;\" ><div class=\"fusion-builder-row fusion-row\"><div class=\"fusion-layout-column fusion_builder_column fusion-builder-column-3 fusion_builder_column_1_1 1_1 fusion-one-full fusion-column-first fusion-column-last\" style=\"--awb-bg-size:cover;\"><div class=\"fusion-column-wrapper fusion-flex-column-wrapper-legacy\"><div class=\"fusion-sep-clear\"><\/div><div class=\"fusion-separator fusion-full-width-sep\" style=\"margin-left: auto;margin-right: auto;width:100%;\"><div class=\"fusion-separator-border sep-double\" style=\"--awb-height:20px;--awb-amount:20px;border-color:#e0dede;border-top-width:1px;border-bottom-width:1px;\"><\/div><\/div><div class=\"fusion-sep-clear\"><\/div><div class=\"fusion-clearfix\"><\/div><\/div><\/div><\/div><\/div><div class=\"fusion-fullwidth fullwidth-box fusion-builder-row-4 nonhundred-percent-fullwidth non-hundred-percent-height-scrolling\" style=\"--awb-border-radius-top-left:0px;--awb-border-radius-top-right:0px;--awb-border-radius-bottom-right:0px;--awb-border-radius-bottom-left:0px;--awb-flex-wrap:wrap;\" ><div class=\"fusion-builder-row fusion-row\"><div class=\"fusion-layout-column fusion_builder_column fusion-builder-column-4 fusion_builder_column_1_1 1_1 fusion-one-full fusion-column-first fusion-column-last\" style=\"--awb-bg-size:cover;\"><div class=\"fusion-column-wrapper fusion-flex-column-wrapper-legacy\"><div class=\"fusion-text fusion-text-3\"><h2 data-start=\"0\" data-end=\"96\">S\u00edntomas de la viruela del mono: Manifestaciones cl\u00ednicas y evoluci\u00f3n de la enfermedad<\/h2>\n<p data-start=\"98\" data-end=\"307\">La viruela del mono presenta un cuadro cl\u00ednico caracter\u00edstico que puede dividirse en varias fases. Aunque su gravedad var\u00eda seg\u00fan la respuesta inmune del paciente, generalmente sigue un patr\u00f3n bien definido.<\/p>\n<h3 data-start=\"309\" data-end=\"344\">1. Fases de la enfermedad<\/h3>\n<h4 data-start=\"346\" data-end=\"397\"><strong data-start=\"351\" data-end=\"395\">Fase prodr\u00f3mica (inicio de los s\u00edntomas)<\/strong><\/h4>\n<p data-start=\"398\" data-end=\"588\">Los primeros s\u00edntomas suelen aparecer entre 5 y 21 d\u00edas despu\u00e9s de la exposici\u00f3n al virus, con una media de incubaci\u00f3n de 6 a 13 d\u00edas. En esta etapa inicial, la persona puede experimentar:<\/p>\n<ul data-start=\"590\" data-end=\"1330\">\n<li data-start=\"590\" data-end=\"687\"><strong data-start=\"592\" data-end=\"607\">Fiebre alta<\/strong>: Generalmente superior a los 38.5 \u00b0C, acompa\u00f1ada de sudoraci\u00f3n y escalofr\u00edos.<\/li>\n<li data-start=\"688\" data-end=\"853\"><strong data-start=\"690\" data-end=\"748\">Dolores musculares y articulares (mialgia y artralgia)<\/strong>: Sensaci\u00f3n de rigidez y fatiga en el cuerpo, similar a la que se experimenta con la gripe o el dengue.<\/li>\n<li data-start=\"854\" data-end=\"954\"><strong data-start=\"856\" data-end=\"883\">Dolor de cabeza intenso<\/strong>: Puede ser persistente y localizado en la regi\u00f3n frontal o temporal.<\/li>\n<li data-start=\"955\" data-end=\"1099\"><strong data-start=\"957\" data-end=\"992\">Fatiga y debilidad generalizada<\/strong>: Sensaci\u00f3n de agotamiento extremo, que en algunos casos dificulta la realizaci\u00f3n de actividades diarias.<\/li>\n<li data-start=\"1100\" data-end=\"1330\"><strong data-start=\"1102\" data-end=\"1161\">Inflamaci\u00f3n de los ganglios linf\u00e1ticos (linfadenopat\u00eda)<\/strong>: A diferencia de la viruela humana, la viruela del mono suele provocar un agrandamiento de los ganglios linf\u00e1ticos, especialmente en el cuello, la ingle y las axilas.<\/li>\n<\/ul>\n<p data-start=\"1332\" data-end=\"1470\">Esta fase suele durar entre 1 y 3 d\u00edas antes de la aparici\u00f3n de la erupci\u00f3n cut\u00e1nea, uno de los signos m\u00e1s distintivos de la enfermedad.<\/p>\n<h3 data-start=\"1477\" data-end=\"1533\">2. Erupci\u00f3n cut\u00e1nea y lesiones caracter\u00edsticas<\/h3>\n<p data-start=\"1535\" data-end=\"1852\">Aproximadamente 1 a 3 d\u00edas despu\u00e9s del inicio de la fiebre, comienza a desarrollarse una erupci\u00f3n cut\u00e1nea que pasa por varias etapas antes de la recuperaci\u00f3n. Estas lesiones suelen aparecer en el rostro y extenderse al resto del cuerpo, incluyendo las palmas de las manos, las plantas de los pies y la zona genital.<\/p>\n<p data-start=\"1854\" data-end=\"1905\">Las lesiones evolucionan en las siguientes fases:<\/p>\n<ol data-start=\"1907\" data-end=\"2388\">\n<li data-start=\"1907\" data-end=\"2021\"><strong data-start=\"1910\" data-end=\"1921\">M\u00e1culas<\/strong>: Peque\u00f1as manchas planas y rojizas en la piel, que pueden causar picaz\u00f3n o sensibilidad al tacto.<\/li>\n<li data-start=\"2022\" data-end=\"2102\"><strong data-start=\"2025\" data-end=\"2036\">P\u00e1pulas<\/strong>: Elevaciones en la piel, endurecidas y con un color m\u00e1s oscuro.<\/li>\n<li data-start=\"2103\" data-end=\"2182\"><strong data-start=\"2106\" data-end=\"2119\">Ves\u00edculas<\/strong>: Ampollas llenas de l\u00edquido claro, que pueden ser dolorosas.<\/li>\n<li data-start=\"2183\" data-end=\"2282\"><strong data-start=\"2186\" data-end=\"2198\">P\u00fastulas<\/strong>: Las ves\u00edculas se llenan de pus, volvi\u00e9ndose m\u00e1s grandes y con una textura densa.<\/li>\n<li data-start=\"2283\" data-end=\"2388\"><strong data-start=\"2286\" data-end=\"2297\">Costras<\/strong>: Las lesiones comienzan a secarse y formar una capa dura que eventualmente se desprende.<\/li>\n<\/ol>\n<p data-start=\"2390\" data-end=\"2560\">El proceso de formaci\u00f3n y resoluci\u00f3n de las lesiones cut\u00e1neas suele durar entre 2 y 4 semanas. En algunos casos, pueden dejar cicatrices o hiperpigmentaci\u00f3n en la piel.<\/p>\n<h3 data-start=\"2567\" data-end=\"2626\">3. S\u00edntomas adicionales y complicaciones posibles<\/h3>\n<p data-start=\"2628\" data-end=\"2790\">Si bien la mayor\u00eda de los casos evolucionan sin mayores complicaciones, algunos pacientes pueden desarrollar s\u00edntomas adicionales que requieren atenci\u00f3n m\u00e9dica.<\/p>\n<ul data-start=\"2792\" data-end=\"3268\">\n<li data-start=\"2792\" data-end=\"2951\"><strong data-start=\"2794\" data-end=\"2840\">Dolor de garganta y dificultad para tragar<\/strong>: En algunos casos, la inflamaci\u00f3n de la mucosa oral puede generar molestias al ingerir alimentos y l\u00edquidos.<\/li>\n<li data-start=\"2952\" data-end=\"3126\"><strong data-start=\"2954\" data-end=\"3005\">Inflamaci\u00f3n ocular (conjuntivitis o queratitis)<\/strong>: Puede ocurrir si el virus entra en contacto con los ojos, lo que puede causar sensibilidad a la luz y visi\u00f3n borrosa.<\/li>\n<li data-start=\"3127\" data-end=\"3268\"><strong data-start=\"3129\" data-end=\"3160\">S\u00edntomas gastrointestinales<\/strong>: N\u00e1useas, v\u00f3mitos o diarrea han sido reportados en algunos pacientes, especialmente en casos m\u00e1s severos.<\/li>\n<\/ul>\n<p data-start=\"3270\" data-end=\"3500\">Las personas con sistemas inmunol\u00f3gicos debilitados (como pacientes con VIH no tratado, personas en tratamiento inmunosupresor o con afecciones cr\u00f3nicas) corren un mayor riesgo de desarrollar complicaciones graves, que incluyen:<\/p>\n<ul data-start=\"3502\" data-end=\"4012\">\n<li data-start=\"3502\" data-end=\"3662\"><strong data-start=\"3504\" data-end=\"3558\">Sobreinfecci\u00f3n bacteriana de las lesiones cut\u00e1neas<\/strong>: Si las ampollas se infectan con bacterias, pueden volverse m\u00e1s dolorosas y tardar m\u00e1s en cicatrizar.<\/li>\n<li data-start=\"3663\" data-end=\"3778\"><strong data-start=\"3665\" data-end=\"3683\">Neumon\u00eda viral<\/strong>: En casos raros, el virus puede afectar los pulmones, provocando dificultades respiratorias.<\/li>\n<li data-start=\"3779\" data-end=\"3932\"><strong data-start=\"3781\" data-end=\"3822\">Encefalitis (inflamaci\u00f3n del cerebro)<\/strong>: Una complicaci\u00f3n poco frecuente pero grave, que puede derivar en convulsiones o alteraciones neurol\u00f3gicas.<\/li>\n<li data-start=\"3933\" data-end=\"4012\"><strong data-start=\"3935\" data-end=\"3945\">Sepsis<\/strong>: Infecci\u00f3n generalizada que pone en riesgo la vida del paciente.<\/li>\n<\/ul>\n<h3 data-start=\"4019\" data-end=\"4055\">4. Duraci\u00f3n y recuperaci\u00f3n<\/h3>\n<p data-start=\"4057\" data-end=\"4269\">La viruela del mono es una enfermedad autolimitada en la mayor\u00eda de los casos, con una duraci\u00f3n total de 2 a 4 semanas. Durante este tiempo, el organismo genera una respuesta inmunitaria para eliminar el virus.<\/p>\n<\/div><div class=\"fusion-clearfix\"><\/div><\/div><\/div><\/div><\/div><div class=\"fusion-fullwidth fullwidth-box fusion-builder-row-5 nonhundred-percent-fullwidth non-hundred-percent-height-scrolling\" style=\"--awb-border-radius-top-left:0px;--awb-border-radius-top-right:0px;--awb-border-radius-bottom-right:0px;--awb-border-radius-bottom-left:0px;--awb-flex-wrap:wrap;\" ><div class=\"fusion-builder-row fusion-row\"><div class=\"fusion-layout-column fusion_builder_column fusion-builder-column-5 fusion_builder_column_1_2 1_2 fusion-one-half fusion-column-first\" style=\"--awb-bg-size:cover;width:50%;width:calc(50% - ( ( 4% ) * 0.5 ) );margin-right: 4%;\"><div class=\"fusion-column-wrapper fusion-flex-column-wrapper-legacy\"><div class=\"fusion-image-element in-legacy-container\" style=\"--awb-caption-title-font-family:var(--h2_typography-font-family);--awb-caption-title-font-weight:var(--h2_typography-font-weight);--awb-caption-title-font-style:var(--h2_typography-font-style);--awb-caption-title-size:var(--h2_typography-font-size);--awb-caption-title-transform:var(--h2_typography-text-transform);--awb-caption-title-line-height:var(--h2_typography-line-height);--awb-caption-title-letter-spacing:var(--h2_typography-letter-spacing);\"><span class=\" fusion-imageframe imageframe-none imageframe-2 hover-type-none\"><img decoding=\"async\" width=\"300\" height=\"200\" alt=\"S\u00edntomas de la viruela del mono: Manifestaciones cl\u00ednicas y evoluci\u00f3n de la enfermedad.\" title=\"Viruela del Mono\" src=\"https:\/\/www.idermic.es\/wp-content\/uploads\/2023\/01\/Monkeypox-300x200.jpg\" class=\"img-responsive wp-image-7331\" srcset=\"https:\/\/www.idermic.es\/wp-content\/uploads\/2023\/01\/Monkeypox-200x133.jpg 200w, https:\/\/www.idermic.es\/wp-content\/uploads\/2023\/01\/Monkeypox-400x267.jpg 400w, https:\/\/www.idermic.es\/wp-content\/uploads\/2023\/01\/Monkeypox-600x400.jpg 600w, https:\/\/www.idermic.es\/wp-content\/uploads\/2023\/01\/Monkeypox-800x533.jpg 800w, https:\/\/www.idermic.es\/wp-content\/uploads\/2023\/01\/Monkeypox-1200x800.jpg 1200w, https:\/\/www.idermic.es\/wp-content\/uploads\/2023\/01\/Monkeypox.jpg 1280w\" sizes=\"(max-width: 800px) 100vw, 300px\" \/><\/span><\/div><div class=\"fusion-clearfix\"><\/div><\/div><\/div><div class=\"fusion-layout-column fusion_builder_column fusion-builder-column-6 fusion_builder_column_1_2 1_2 fusion-one-half fusion-column-last\" style=\"--awb-bg-size:cover;width:50%;width:calc(50% - ( ( 4% ) * 0.5 ) );\"><div class=\"fusion-column-wrapper fusion-flex-column-wrapper-legacy\"><div class=\"fusion-text fusion-text-4\"><p data-start=\"4271\" data-end=\"4485\">Los pacientes con s\u00edntomas leves pueden manejar la enfermedad con reposo, hidrataci\u00f3n y tratamiento sintom\u00e1tico, mientras que los casos m\u00e1s graves pueden requerir hospitalizaci\u00f3n para un monitoreo m\u00e1s exhaustivo.<\/p>\n<p data-start=\"4487\" data-end=\"4670\" data-is-last-node=\"\" data-is-only-node=\"\">La identificaci\u00f3n temprana de los s\u00edntomas y el aislamiento de los casos confirmados son fundamentales para evitar la propagaci\u00f3n del virus y reducir la posibilidad de complicaciones.<\/p>\n<\/div><div class=\"fusion-clearfix\"><\/div><\/div><\/div><\/div><\/div><div class=\"fusion-fullwidth fullwidth-box fusion-builder-row-6 nonhundred-percent-fullwidth non-hundred-percent-height-scrolling\" style=\"--awb-border-radius-top-left:0px;--awb-border-radius-top-right:0px;--awb-border-radius-bottom-right:0px;--awb-border-radius-bottom-left:0px;--awb-flex-wrap:wrap;\" ><div class=\"fusion-builder-row fusion-row\"><div class=\"fusion-layout-column fusion_builder_column fusion-builder-column-7 fusion_builder_column_1_1 1_1 fusion-one-full fusion-column-first fusion-column-last\" style=\"--awb-bg-size:cover;\"><div class=\"fusion-column-wrapper fusion-flex-column-wrapper-legacy\"><div class=\"fusion-sep-clear\"><\/div><div class=\"fusion-separator fusion-full-width-sep\" style=\"margin-left: auto;margin-right: auto;width:100%;\"><div class=\"fusion-separator-border sep-double\" style=\"--awb-height:20px;--awb-amount:20px;border-color:#e0dede;border-top-width:1px;border-bottom-width:1px;\"><\/div><\/div><div class=\"fusion-sep-clear\"><\/div><div class=\"fusion-clearfix\"><\/div><\/div><\/div><\/div><\/div><div class=\"fusion-fullwidth fullwidth-box fusion-builder-row-7 nonhundred-percent-fullwidth non-hundred-percent-height-scrolling\" style=\"--awb-border-radius-top-left:0px;--awb-border-radius-top-right:0px;--awb-border-radius-bottom-right:0px;--awb-border-radius-bottom-left:0px;--awb-flex-wrap:wrap;\" ><div class=\"fusion-builder-row fusion-row\"><div class=\"fusion-layout-column fusion_builder_column fusion-builder-column-8 fusion_builder_column_1_1 1_1 fusion-one-full fusion-column-first fusion-column-last\" style=\"--awb-bg-size:cover;\"><div class=\"fusion-column-wrapper fusion-flex-column-wrapper-legacy\"><div class=\"fusion-text fusion-text-5\"><article class=\"w-full text-token-text-primary focus-visible:outline-2 focus-visible:outline-offset-&#091;-4px&#093;\" dir=\"auto\" data-testid=\"conversation-turn-15\" data-scroll-anchor=\"true\">\n<div class=\"m-auto text-base py-&#091;18px&#093; px-6\">\n<div class=\"mx-auto flex flex-1 text-base gap-4 md:gap-5 lg:gap-6 md:max-w-3xl lg:max-w-&#091;40rem&#093; xl:max-w-&#091;48rem&#093;\">\n<div class=\"group\/conversation-turn relative flex w-full min-w-0 flex-col agent-turn @xs\/thread:px-0 @sm\/thread:px-1.5 @md\/thread:px-4\">\n<div class=\"flex-col gap-1 md:gap-3\">\n<div class=\"flex max-w-full flex-col flex-grow\">\n<div class=\"min-h-8 text-message relative flex w-full flex-col items-end gap-2 whitespace-normal break-words text-start &#091;.text-message+&amp;&#093;:mt-5\" dir=\"auto\" data-message-author-role=\"assistant\" data-message-id=\"a60dc675-91c4-45a9-ba08-e6ed48e9886c\" data-message-model-slug=\"gpt-4o\">\n<div class=\"flex w-full flex-col gap-1 empty:hidden first:pt-&#091;3px&#093;\">\n<div class=\"markdown prose w-full break-words dark:prose-invert light\">\n<h2 data-start=\"0\" data-end=\"53\">Formas de transmisi\u00f3n de la viruela del mono<\/h2>\n<p data-start=\"55\" data-end=\"458\">El virus de la viruela del mono pertenece a la familia de los ortopoxvirus y tiene m\u00faltiples v\u00edas de transmisi\u00f3n, lo que facilita su propagaci\u00f3n tanto entre humanos como desde reservorios animales. Aunque su capacidad de contagio es menor que la de enfermedades como el sarampi\u00f3n o la COVID-19, el contacto estrecho con personas infectadas o materiales contaminados representa un riesgo significativo.<\/p>\n<p data-start=\"460\" data-end=\"538\">A continuaci\u00f3n, se detallan las principales formas de transmisi\u00f3n del virus:<\/p>\n<h3 data-start=\"545\" data-end=\"598\">1. Contacto directo con personas infectadas<\/h3>\n<p data-start=\"600\" data-end=\"748\">El contacto piel con piel con una persona infectada es uno de los principales mecanismos de transmisi\u00f3n. Esto ocurre cuando una persona sana toca:<\/p>\n<ul data-start=\"750\" data-end=\"1321\">\n<li data-start=\"750\" data-end=\"922\"><strong data-start=\"752\" data-end=\"777\">Las lesiones cut\u00e1neas<\/strong>: La erupci\u00f3n caracter\u00edstica de la viruela del mono contiene una alta carga viral, especialmente en las ves\u00edculas y p\u00fastulas llenas de l\u00edquido.<\/li>\n<li data-start=\"923\" data-end=\"1129\"><strong data-start=\"925\" data-end=\"940\">Las costras<\/strong>: Aunque las ampollas se sequen y formen costras, estas siguen conteniendo part\u00edculas virales activas, lo que significa que pueden ser fuente de contagio hasta que se caigan por completo.<\/li>\n<li data-start=\"1130\" data-end=\"1321\"><strong data-start=\"1132\" data-end=\"1162\">Las secreciones corporales<\/strong>: La saliva, el sudor y otros fluidos pueden transportar el virus, especialmente si hay contacto directo con heridas abiertas o mucosas (ojos, boca o nariz).<\/li>\n<\/ul>\n<p data-start=\"1323\" data-end=\"1609\">Este tipo de transmisi\u00f3n es particularmente relevante en interacciones cercanas y prolongadas, como el contacto en el hogar, el cuidado de pacientes infectados o las relaciones sexuales, aunque la viruela del mono no se considera una infecci\u00f3n de transmisi\u00f3n sexual (ITS) en s\u00ed misma.<\/p>\n<h3 data-start=\"1616\" data-end=\"1664\">2. Transmisi\u00f3n por gotas respiratorias<\/h3>\n<p data-start=\"1666\" data-end=\"2020\">El virus tambi\u00e9n puede propagarse a trav\u00e9s de <strong data-start=\"1712\" data-end=\"1747\">got\u00edculas respiratorias grandes<\/strong> que se expulsan al hablar, toser o estornudar. Sin embargo, a diferencia de los virus altamente contagiosos por el aire, como el SARS-CoV-2, las part\u00edculas virales de la viruela del mono no permanecen en suspensi\u00f3n durante largos periodos ni recorren grandes distancias.<\/p>\n<p data-start=\"2022\" data-end=\"2095\">Para que ocurra la transmisi\u00f3n por esta v\u00eda, generalmente es necesario:<\/p>\n<ul data-start=\"2097\" data-end=\"2354\">\n<li data-start=\"2097\" data-end=\"2197\"><strong data-start=\"2099\" data-end=\"2137\">Un contacto cara a cara prolongado<\/strong> (m\u00e1s de tres horas en un espacio cerrado sin mascarilla).<\/li>\n<li data-start=\"2198\" data-end=\"2277\"><strong data-start=\"2200\" data-end=\"2241\">La cercan\u00eda con una persona infectada<\/strong> que est\u00e9 tosiendo o estornudando.<\/li>\n<li data-start=\"2278\" data-end=\"2354\"><strong data-start=\"2280\" data-end=\"2309\">Interacciones con mucosas<\/strong> a trav\u00e9s de besos o contacto oral cercano.<\/li>\n<\/ul>\n<p data-start=\"2356\" data-end=\"2555\">Por esta raz\u00f3n, se han reportado brotes en comunidades con interacciones sociales frecuentes, aunque el uso de mascarillas y medidas de distanciamiento pueden reducir considerablemente este riesgo.<\/p>\n<h3 data-start=\"2562\" data-end=\"2622\">3. Contacto con superficies contaminadas (f\u00f3mites)<\/h3>\n<p data-start=\"2624\" data-end=\"2837\">El virus de la viruela del mono puede permanecer en objetos y superficies que han estado en contacto con personas infectadas. Algunos de los elementos que pueden actuar como <strong data-start=\"2798\" data-end=\"2825\">vectores de transmisi\u00f3n<\/strong> incluyen:<\/p>\n<ul data-start=\"2839\" data-end=\"3379\">\n<li data-start=\"2839\" data-end=\"3011\"><strong data-start=\"2841\" data-end=\"2859\">Ropa y s\u00e1banas<\/strong>: La ropa de cama utilizada por pacientes infectados puede contener part\u00edculas virales, especialmente si ha tenido contacto con las lesiones cut\u00e1neas.<\/li>\n<li data-start=\"3012\" data-end=\"3177\"><strong data-start=\"3014\" data-end=\"3049\">Toallas y utensilios personales<\/strong>: Art\u00edculos como cepillos de dientes, cubiertos o incluso juguetes pueden retener el virus si no se desinfectan adecuadamente.<\/li>\n<li data-start=\"3178\" data-end=\"3379\"><strong data-start=\"3180\" data-end=\"3208\">Mobiliario y superficies<\/strong>: En entornos cerrados, como hospitales, gimnasios o centros de trabajo, el virus puede persistir en mesas, pasamanos, grifos y otras superficies tocadas con frecuencia.<\/li>\n<\/ul>\n<p data-start=\"3381\" data-end=\"3696\">Las investigaciones han demostrado que los ortopoxvirus pueden permanecer viables en materiales como algod\u00f3n y pl\u00e1stico durante d\u00edas o incluso semanas en condiciones de humedad y temperatura favorables. Sin embargo, el uso de productos desinfectantes a base de alcohol o cloro puede eliminar eficazmente el virus.<\/p>\n<h3 data-start=\"3703\" data-end=\"3774\">4. Transmisi\u00f3n zoon\u00f3tica: animales como reservorios del virus<\/h3>\n<p data-start=\"3776\" data-end=\"3993\">Dado que la viruela del mono es una <strong data-start=\"3812\" data-end=\"3836\">enfermedad zoon\u00f3tica<\/strong>, los seres humanos pueden infectarse a trav\u00e9s del contacto con ciertos animales portadores del virus. Entre los principales vectores animales se incluyen:<\/p>\n<ul data-start=\"3995\" data-end=\"4200\">\n<li data-start=\"3995\" data-end=\"4069\"><strong data-start=\"3997\" data-end=\"4019\">Roedores africanos<\/strong> (ratas gigantes de Gambia, ardillas y lirones).<\/li>\n<li data-start=\"4070\" data-end=\"4112\"><strong data-start=\"4072\" data-end=\"4109\">Monos y otros primates no humanos<\/strong>.<\/li>\n<li data-start=\"4113\" data-end=\"4200\"><strong data-start=\"4115\" data-end=\"4161\">Mam\u00edferos peque\u00f1os en contacto con humanos<\/strong> en \u00e1reas donde el virus es end\u00e9mico.<\/li>\n<\/ul>\n<p data-start=\"4202\" data-end=\"4245\">La transmisi\u00f3n puede ocurrir a trav\u00e9s de:<\/p>\n<ul data-start=\"4247\" data-end=\"4519\">\n<li data-start=\"4247\" data-end=\"4301\"><strong data-start=\"4250\" data-end=\"4275\">Mordeduras o ara\u00f1azos<\/strong> de animales infectados.<\/li>\n<li data-start=\"4302\" data-end=\"4383\"><strong data-start=\"4305\" data-end=\"4356\">Manipulaci\u00f3n de carne cruda o animales enfermos<\/strong> sin protecci\u00f3n adecuada.<\/li>\n<li data-start=\"4384\" data-end=\"4519\"><strong data-start=\"4387\" data-end=\"4427\">Consumo de carne de caza contaminada<\/strong> (particularmente en regiones donde la caza de primates o roedores es una pr\u00e1ctica com\u00fan).<\/li>\n<\/ul>\n<p data-start=\"4521\" data-end=\"4758\">A pesar de que los estudios han identificado a estos animales como posibles reservorios, a\u00fan no se ha determinado cu\u00e1l es el <strong data-start=\"4646\" data-end=\"4665\">hu\u00e9sped natural<\/strong> definitivo del virus, lo que dificulta el control de su propagaci\u00f3n en la fauna silvestre.<\/p>\n<h3 data-start=\"4765\" data-end=\"4828\">5. Transmisi\u00f3n de madre a hijo (vertical y perinatal)<\/h3>\n<p data-start=\"4830\" data-end=\"5174\">Las mujeres embarazadas que contraen la viruela del mono pueden transmitir el virus al feto a trav\u00e9s de la placenta, lo que podr\u00eda causar <strong data-start=\"4968\" data-end=\"5009\">complicaciones en el desarrollo fetal<\/strong> o incluso la p\u00e9rdida del embarazo. Tambi\u00e9n se ha reportado la transmisi\u00f3n durante el parto o a trav\u00e9s del contacto piel con piel en el periodo posnatal inmediato.<\/p>\n<p data-start=\"5203\" data-end=\"5751\" data-is-last-node=\"\" data-is-only-node=\"\">La viruela del mono se transmite principalmente a trav\u00e9s del contacto cercano con personas infectadas, superficies contaminadas o animales portadores del virus. Aunque no se propaga con la misma facilidad que otros virus respiratorios, las interacciones prolongadas y la falta de medidas de higiene pueden aumentar significativamente el riesgo de contagio. La prevenci\u00f3n mediante el aislamiento de casos, el uso de equipos de protecci\u00f3n y la desinfecci\u00f3n de superficies sigue siendo la estrategia m\u00e1s efectiva para limitar la propagaci\u00f3n del virus.<\/p>\n<\/div>\n<\/div>\n<\/div>\n<\/div>\n<div class=\"mb-2 flex gap-3 -ml-2\" tabindex=\"0\">\n<div class=\"items-center justify-start rounded-xl p-1 flex\">\n<div class=\"flex items-center\">\n<div class=\"flex\"><\/div>\n<\/div>\n<\/div>\n<\/div>\n<div class=\"mt-3 w-full empty:hidden\">\n<div class=\"text-center\"><\/div>\n<\/div>\n<\/div>\n<div class=\"absolute\">\n<div class=\"flex items-center justify-center\"><\/div>\n<\/div>\n<\/div>\n<\/div>\n<\/div>\n<\/article>\n<div class=\"pointer-events-none h-px w-px\" aria-hidden=\"true\" data-edge=\"true\"><\/div>\n<\/div><div class=\"fusion-clearfix\"><\/div><\/div><\/div><\/div><\/div><div class=\"fusion-fullwidth fullwidth-box fusion-builder-row-8 nonhundred-percent-fullwidth non-hundred-percent-height-scrolling\" style=\"--awb-border-radius-top-left:0px;--awb-border-radius-top-right:0px;--awb-border-radius-bottom-right:0px;--awb-border-radius-bottom-left:0px;--awb-flex-wrap:wrap;\" ><div class=\"fusion-builder-row fusion-row\"><div class=\"fusion-layout-column fusion_builder_column fusion-builder-column-9 fusion_builder_column_1_1 1_1 fusion-one-full fusion-column-first fusion-column-last\" style=\"--awb-bg-size:cover;\"><div class=\"fusion-column-wrapper fusion-flex-column-wrapper-legacy\"><div class=\"fusion-sep-clear\"><\/div><div class=\"fusion-separator fusion-full-width-sep\" style=\"margin-left: auto;margin-right: auto;width:100%;\"><div class=\"fusion-separator-border sep-double\" style=\"--awb-height:20px;--awb-amount:20px;border-color:#e0dede;border-top-width:1px;border-bottom-width:1px;\"><\/div><\/div><div class=\"fusion-sep-clear\"><\/div><div class=\"fusion-clearfix\"><\/div><\/div><\/div><\/div><\/div><div class=\"fusion-fullwidth fullwidth-box fusion-builder-row-9 nonhundred-percent-fullwidth non-hundred-percent-height-scrolling\" style=\"--awb-border-radius-top-left:0px;--awb-border-radius-top-right:0px;--awb-border-radius-bottom-right:0px;--awb-border-radius-bottom-left:0px;--awb-flex-wrap:wrap;\" ><div class=\"fusion-builder-row fusion-row\"><div class=\"fusion-layout-column fusion_builder_column fusion-builder-column-10 fusion_builder_column_1_1 1_1 fusion-one-full fusion-column-first fusion-column-last\" style=\"--awb-bg-size:cover;\"><div class=\"fusion-column-wrapper fusion-flex-column-wrapper-legacy\"><div class=\"fusion-text fusion-text-6\"><article class=\"w-full text-token-text-primary focus-visible:outline-2 focus-visible:outline-offset-&#091;-4px&#093;\" dir=\"auto\" data-testid=\"conversation-turn-15\" data-scroll-anchor=\"true\">\n<div class=\"m-auto text-base py-&#091;18px&#093; px-6\">\n<div class=\"mx-auto flex flex-1 text-base gap-4 md:gap-5 lg:gap-6 md:max-w-3xl lg:max-w-&#091;40rem&#093; xl:max-w-&#091;48rem&#093;\">\n<div class=\"group\/conversation-turn relative flex w-full min-w-0 flex-col agent-turn @xs\/thread:px-0 @sm\/thread:px-1.5 @md\/thread:px-4\">\n<div class=\"flex-col gap-1 md:gap-3\">\n<div class=\"flex max-w-full flex-col flex-grow\">\n<div class=\"min-h-8 text-message relative flex w-full flex-col items-end gap-2 whitespace-normal break-words text-start &#091;.text-message+&amp;&#093;:mt-5\" dir=\"auto\" data-message-author-role=\"assistant\" data-message-id=\"a60dc675-91c4-45a9-ba08-e6ed48e9886c\" data-message-model-slug=\"gpt-4o\">\n<div class=\"flex w-full flex-col gap-1 empty:hidden first:pt-&#091;3px&#093;\">\n<div class=\"markdown prose w-full break-words dark:prose-invert light\">\n<h2 data-start=\"0\" data-end=\"63\">Prevenci\u00f3n y medidas de control de la viruela del mono<\/h2>\n<p data-start=\"65\" data-end=\"468\">Dado que la viruela del mono puede transmitirse tanto entre humanos como desde animales a personas, la prevenci\u00f3n es clave para reducir la propagaci\u00f3n del virus y minimizar el impacto de los brotes. Aunque la tasa de transmisi\u00f3n no es tan alta como en otros virus respiratorios, como la COVID-19 o la gripe, la OMS y otras entidades sanitarias han desarrollado estrategias para contener la enfermedad.<\/p>\n<p data-start=\"470\" data-end=\"574\">A continuaci\u00f3n, se detallan las principales medidas de prevenci\u00f3n y control recomendadas por expertos.<\/p>\n<h3 data-start=\"581\" data-end=\"641\">1. Vacunaci\u00f3n: la principal herramienta preventiva<\/h3>\n<p data-start=\"643\" data-end=\"981\">La vacunaci\u00f3n es una de las estrategias m\u00e1s eficaces para prevenir la infecci\u00f3n y reducir la gravedad de la enfermedad. Aunque no existe una vacuna espec\u00edfica dise\u00f1ada exclusivamente para la viruela del mono, varias vacunas contra la viruela humana han demostrado proporcionar protecci\u00f3n cruzada debido a la similitud entre ambos virus.<\/p>\n<h4 data-start=\"983\" data-end=\"1022\"><strong data-start=\"988\" data-end=\"1020\">Tipos de vacunas disponibles<\/strong><\/h4>\n<p data-start=\"1024\" data-end=\"1123\">Actualmente, se han identificado dos vacunas principales con eficacia contra la viruela del mono:<\/p>\n<ol data-start=\"1125\" data-end=\"1851\">\n<li data-start=\"1125\" data-end=\"1453\">\n<p data-start=\"1128\" data-end=\"1178\"><strong data-start=\"1128\" data-end=\"1176\">JYNNEOS (tambi\u00e9n llamada Imvamune o Imvanex)<\/strong><\/p>\n<ul data-start=\"1182\" data-end=\"1453\">\n<li data-start=\"1182\" data-end=\"1304\">Es una vacuna de virus no replicante aprobada en varios pa\u00edses para la prevenci\u00f3n de la viruela y la viruela del mono.<\/li>\n<li data-start=\"1308\" data-end=\"1374\">Se administra en dos dosis con un intervalo de cuatro semanas.<\/li>\n<li data-start=\"1378\" data-end=\"1453\">Es segura incluso para personas con sistemas inmunol\u00f3gicos debilitados.<\/li>\n<\/ul>\n<\/li>\n<li data-start=\"1455\" data-end=\"1851\">\n<p data-start=\"1458\" data-end=\"1472\"><strong data-start=\"1458\" data-end=\"1470\">ACAM2000<\/strong><\/p>\n<ul data-start=\"1476\" data-end=\"1851\">\n<li data-start=\"1476\" data-end=\"1566\">Una vacuna de virus vivo atenuado derivada de la vacuna tradicional contra la viruela.<\/li>\n<li data-start=\"1570\" data-end=\"1704\">Se administra con una aguja bifurcada y produce una peque\u00f1a lesi\u00f3n en la piel que debe mantenerse cubierta hasta la cicatrizaci\u00f3n.<\/li>\n<li data-start=\"1708\" data-end=\"1851\">No se recomienda para personas con afecciones card\u00edacas, inmunosupresi\u00f3n o dermatitis at\u00f3pica debido a posibles efectos secundarios graves.<\/li>\n<\/ul>\n<\/li>\n<\/ol>\n<h4 data-start=\"1853\" data-end=\"1889\"><strong data-start=\"1858\" data-end=\"1887\">\u00bfQui\u00e9nes deben vacunarse?<\/strong><\/h4>\n<p data-start=\"1891\" data-end=\"1981\">Las autoridades sanitarias recomiendan la vacunaci\u00f3n en los siguientes grupos de riesgo:<\/p>\n<ul data-start=\"1983\" data-end=\"2442\">\n<li data-start=\"1983\" data-end=\"2162\"><strong data-start=\"1985\" data-end=\"2016\">Personas expuestas al virus<\/strong> (contactos estrechos de casos confirmados) en los primeros cuatro d\u00edas tras la exposici\u00f3n para prevenir o reducir la gravedad de la enfermedad.<\/li>\n<li data-start=\"2163\" data-end=\"2255\"><strong data-start=\"2165\" data-end=\"2219\">Trabajadores de la salud y personal de laboratorio<\/strong> que manipulan muestras del virus.<\/li>\n<li data-start=\"2256\" data-end=\"2442\"><strong data-start=\"2258\" data-end=\"2300\">Personas con alto riesgo de exposici\u00f3n<\/strong> en brotes recientes, incluidas aquellas con m\u00faltiples parejas sexuales o contacto frecuente con entornos donde se ha detectado transmisi\u00f3n.<\/li>\n<\/ul>\n<p data-start=\"2444\" data-end=\"2591\">Aunque la vacunaci\u00f3n es una herramienta poderosa, no garantiza una protecci\u00f3n absoluta, por lo que debe combinarse con otras medidas preventivas.<\/p>\n<h3 data-start=\"2598\" data-end=\"2660\">2. Aislamiento de casos: reducci\u00f3n de la propagaci\u00f3n<\/h3>\n<p data-start=\"2662\" data-end=\"2943\">El aislamiento es fundamental para prevenir la transmisi\u00f3n de persona a persona. Dado que el virus sigue siendo contagioso mientras las lesiones cut\u00e1neas est\u00e9n presentes, las personas diagnosticadas con viruela del mono deben permanecer en cuarentena hasta su recuperaci\u00f3n total.<\/p>\n<h4 data-start=\"2945\" data-end=\"2991\"><strong data-start=\"2950\" data-end=\"2989\">Medidas de aislamiento recomendadas<\/strong><\/h4>\n<ul data-start=\"2993\" data-end=\"3807\">\n<li data-start=\"2993\" data-end=\"3211\"><strong data-start=\"2995\" data-end=\"3007\">Duraci\u00f3n<\/strong>: Se recomienda que los pacientes permanezcan aislados hasta que todas las costras de las lesiones cut\u00e1neas hayan ca\u00eddo y se haya formado piel nueva, lo que generalmente toma entre dos y cuatro semanas.<\/li>\n<li data-start=\"3212\" data-end=\"3433\"><strong data-start=\"3214\" data-end=\"3227\">Ubicaci\u00f3n<\/strong>: Siempre que sea posible, el aislamiento debe realizarse en el domicilio del paciente, evitando el contacto con otros miembros de la familia. En casos graves, puede ser necesario el ingreso hospitalario.<\/li>\n<li data-start=\"3434\" data-end=\"3638\"><strong data-start=\"3436\" data-end=\"3458\">Uso de mascarillas<\/strong>: En situaciones donde el aislamiento total no es posible, los pacientes deben utilizar mascarillas quir\u00fargicas para reducir el riesgo de transmisi\u00f3n por got\u00edculas respiratorias.<\/li>\n<li data-start=\"3639\" data-end=\"3807\"><strong data-start=\"3641\" data-end=\"3680\">Evitar compartir objetos personales<\/strong>: Ropa, utensilios de cocina, toallas y ropa de cama deben ser de uso exclusivo del paciente y desinfectarse con regularidad.<\/li>\n<\/ul>\n<p data-start=\"3809\" data-end=\"3994\">Las personas que conviven con un caso confirmado deben vigilar la aparici\u00f3n de s\u00edntomas durante 21 d\u00edas y limitar el contacto f\u00edsico hasta que la persona infectada se haya recuperado.<\/p>\n<h3 data-start=\"4001\" data-end=\"4074\">3. Higiene y desinfecci\u00f3n: eliminaci\u00f3n del virus en superficies<\/h3>\n<p data-start=\"4076\" data-end=\"4277\">Dado que el virus de la viruela del mono puede permanecer en objetos y superficies contaminadas durante periodos prolongados, la higiene y la desinfecci\u00f3n son esenciales para prevenir su transmisi\u00f3n.<\/p>\n<h4 data-start=\"4279\" data-end=\"4311\"><strong data-start=\"4284\" data-end=\"4309\">Recomendaciones clave<\/strong><\/h4>\n<ul data-start=\"4313\" data-end=\"4841\">\n<li data-start=\"4313\" data-end=\"4457\"><strong data-start=\"4315\" data-end=\"4344\">Lavado frecuente de manos<\/strong> con agua y jab\u00f3n durante al menos 20 segundos, especialmente despu\u00e9s de tocar objetos en entornos compartidos.<\/li>\n<li data-start=\"4458\" data-end=\"4603\"><strong data-start=\"4460\" data-end=\"4511\">Uso de desinfectantes a base de alcohol o cloro<\/strong> en superficies de alto contacto, como mesas, pomos de puertas, tel\u00e9fonos m\u00f3viles y ba\u00f1os.<\/li>\n<li data-start=\"4604\" data-end=\"4745\"><strong data-start=\"4606\" data-end=\"4663\">Lavado de ropa de cama y toallas a altas temperaturas<\/strong> para eliminar cualquier part\u00edcula viral que pueda haber quedado en los tejidos.<\/li>\n<li data-start=\"4746\" data-end=\"4841\"><strong data-start=\"4748\" data-end=\"4794\">Evitar tocarse la cara, ojos, nariz y boca<\/strong> si no se han lavado las manos adecuadamente.<\/li>\n<\/ul>\n<p data-start=\"4843\" data-end=\"5076\">Las medidas de higiene tambi\u00e9n son esenciales en hospitales y centros de salud donde se atienden pacientes con la enfermedad, ya que el contacto con secreciones y f\u00f3mites puede aumentar el riesgo de infecci\u00f3n en el personal m\u00e9dico.<\/p>\n<h3 data-start=\"5083\" data-end=\"5170\">4. Evitar el contacto con animales infectados: reducci\u00f3n del riesgo zoon\u00f3tico<\/h3>\n<p data-start=\"5172\" data-end=\"5379\">Como enfermedad zoon\u00f3tica, la viruela del mono puede transmitirse de animales a humanos, por lo que evitar la exposici\u00f3n a especies portadoras del virus es crucial en zonas donde la enfermedad es end\u00e9mica.<\/p>\n<h4 data-start=\"5381\" data-end=\"5432\"><strong data-start=\"5386\" data-end=\"5430\">Medidas de prevenci\u00f3n en \u00e1reas de riesgo<\/strong><\/h4>\n<ul data-start=\"5434\" data-end=\"5891\">\n<li data-start=\"5434\" data-end=\"5533\"><strong data-start=\"5436\" data-end=\"5493\">Evitar el contacto con roedores y primates silvestres<\/strong> que puedan ser reservorios del virus.<\/li>\n<li data-start=\"5534\" data-end=\"5617\"><strong data-start=\"5536\" data-end=\"5580\">No manipular animales enfermos o muertos<\/strong> sin equipo de protecci\u00f3n adecuado.<\/li>\n<li data-start=\"5618\" data-end=\"5771\"><strong data-start=\"5620\" data-end=\"5668\">Cocinar bien la carne de animales silvestres<\/strong> antes de consumirla, ya que el virus puede transmitirse a trav\u00e9s de productos c\u00e1rnicos contaminados.<\/li>\n<li data-start=\"5772\" data-end=\"5891\"><strong data-start=\"5774\" data-end=\"5831\">Uso de guantes y mascarillas en el manejo de animales<\/strong> en entornos de laboratorio, reservas naturales o granjas.<\/li>\n<\/ul>\n<p data-start=\"5893\" data-end=\"6126\">En pa\u00edses donde se han reportado brotes recientes fuera de \u00c1frica, las autoridades han recomendado reforzar la vigilancia de posibles reservorios animales para prevenir la introducci\u00f3n y propagaci\u00f3n del virus en nuevas poblaciones.<\/p>\n<h3 data-start=\"6133\" data-end=\"6206\">5. Educaci\u00f3n y concienciaci\u00f3n p\u00fablica: prevenci\u00f3n a largo plazo<\/h3>\n<p data-start=\"6208\" data-end=\"6400\">Adem\u00e1s de las medidas espec\u00edficas de prevenci\u00f3n, la informaci\u00f3n clara y basada en evidencia cient\u00edfica es clave para reducir la propagaci\u00f3n del virus. Algunas estrategias efectivas incluyen:<\/p>\n<ul data-start=\"6402\" data-end=\"6817\">\n<li data-start=\"6402\" data-end=\"6542\"><strong data-start=\"6404\" data-end=\"6433\">Campa\u00f1as de salud p\u00fablica<\/strong> dirigidas a grupos de alto riesgo, explicando c\u00f3mo reconocer los s\u00edntomas y cu\u00e1ndo buscar atenci\u00f3n m\u00e9dica.<\/li>\n<li data-start=\"6543\" data-end=\"6678\"><strong data-start=\"6545\" data-end=\"6581\">Formaci\u00f3n del personal sanitario<\/strong> para mejorar la identificaci\u00f3n temprana de casos y la implementaci\u00f3n de protocolos de control.<\/li>\n<li data-start=\"6679\" data-end=\"6817\"><strong data-start=\"6681\" data-end=\"6717\">Desmentir mitos y desinformaci\u00f3n<\/strong>, evitando el estigma hacia las personas infectadas y promoviendo la comprensi\u00f3n de la enfermedad.<\/li>\n<\/ul>\n<p data-start=\"6846\" data-end=\"7313\" data-is-last-node=\"\" data-is-only-node=\"\">La prevenci\u00f3n de la viruela del mono requiere un enfoque integral que combine vacunaci\u00f3n, aislamiento de casos, higiene, control del contacto con animales y educaci\u00f3n p\u00fablica. Aunque la enfermedad no es altamente contagiosa en comparaci\u00f3n con otras infecciones virales, el contacto estrecho sigue representando un riesgo significativo. La vigilancia epidemiol\u00f3gica y el cumplimiento de estas medidas son esenciales para minimizar los brotes y proteger a la poblaci\u00f3n.<\/p>\n<\/div>\n<\/div>\n<\/div>\n<\/div>\n<\/div>\n<\/div>\n<\/div>\n<\/div>\n<\/article>\n<\/div><div class=\"fusion-clearfix\"><\/div><\/div><\/div><\/div><\/div><div class=\"fusion-fullwidth fullwidth-box fusion-builder-row-10 nonhundred-percent-fullwidth non-hundred-percent-height-scrolling\" style=\"--awb-border-radius-top-left:0px;--awb-border-radius-top-right:0px;--awb-border-radius-bottom-right:0px;--awb-border-radius-bottom-left:0px;--awb-flex-wrap:wrap;\" ><div class=\"fusion-builder-row fusion-row\"><div class=\"fusion-layout-column fusion_builder_column fusion-builder-column-11 fusion_builder_column_1_1 1_1 fusion-one-full fusion-column-first fusion-column-last\" style=\"--awb-bg-size:cover;\"><div class=\"fusion-column-wrapper fusion-flex-column-wrapper-legacy\"><div class=\"fusion-sep-clear\"><\/div><div class=\"fusion-separator fusion-full-width-sep\" style=\"margin-left: auto;margin-right: auto;width:100%;\"><div class=\"fusion-separator-border sep-double\" style=\"--awb-height:20px;--awb-amount:20px;border-color:#e0dede;border-top-width:1px;border-bottom-width:1px;\"><\/div><\/div><div class=\"fusion-sep-clear\"><\/div><div class=\"fusion-clearfix\"><\/div><\/div><\/div><\/div><\/div><div class=\"fusion-fullwidth fullwidth-box fusion-builder-row-11 nonhundred-percent-fullwidth non-hundred-percent-height-scrolling\" style=\"--awb-border-radius-top-left:0px;--awb-border-radius-top-right:0px;--awb-border-radius-bottom-right:0px;--awb-border-radius-bottom-left:0px;--awb-flex-wrap:wrap;\" ><div class=\"fusion-builder-row fusion-row\"><div class=\"fusion-layout-column fusion_builder_column fusion-builder-column-12 fusion_builder_column_1_1 1_1 fusion-one-full fusion-column-first fusion-column-last\" style=\"--awb-bg-size:cover;\"><div class=\"fusion-column-wrapper fusion-flex-column-wrapper-legacy\"><div class=\"fusion-text fusion-text-7\"><h2 data-start=\"0\" data-end=\"89\">Viruela del mono en ni\u00f1os: caracter\u00edsticas, riesgos y diferencias con los adultos<\/h2>\n<\/div><div class=\"fusion-clearfix\"><\/div><\/div><\/div><\/div><\/div><div class=\"fusion-fullwidth fullwidth-box fusion-builder-row-12 nonhundred-percent-fullwidth non-hundred-percent-height-scrolling\" style=\"--awb-border-radius-top-left:0px;--awb-border-radius-top-right:0px;--awb-border-radius-bottom-right:0px;--awb-border-radius-bottom-left:0px;--awb-flex-wrap:wrap;\" ><div class=\"fusion-builder-row fusion-row\"><div class=\"fusion-layout-column fusion_builder_column fusion-builder-column-13 fusion_builder_column_2_3 2_3 fusion-two-third fusion-column-first\" style=\"--awb-bg-size:cover;width:66.666666666667%;width:calc(66.666666666667% - ( ( 4% ) * 0.66666666666667 ) );margin-right: 4%;\"><div class=\"fusion-column-wrapper fusion-flex-column-wrapper-legacy\"><div class=\"fusion-text fusion-text-8\"><p data-start=\"114\" data-end=\"661\">La viruela del mono puede afectar a personas de todas las edades, pero los ni\u00f1os presentan ciertas particularidades en su respuesta a la infecci\u00f3n. Hist\u00f3ricamente, los brotes de viruela del mono han tenido una tasa de mortalidad m\u00e1s elevada en ni\u00f1os en comparaci\u00f3n con adultos, especialmente en regiones donde el acceso a la atenci\u00f3n m\u00e9dica es limitado. Aunque la mayor\u00eda de los casos recientes han ocurrido en adultos, es fundamental comprender c\u00f3mo se manifiesta la enfermedad en los m\u00e1s peque\u00f1os y qu\u00e9 medidas se deben tomar para protegerlos.<\/p>\n<\/div><div class=\"fusion-clearfix\"><\/div><\/div><\/div><div class=\"fusion-layout-column fusion_builder_column fusion-builder-column-14 fusion_builder_column_1_3 1_3 fusion-one-third fusion-column-last\" style=\"--awb-bg-size:cover;width:33.333333333333%;width:calc(33.333333333333% - ( ( 4% ) * 0.33333333333333 ) );\"><div class=\"fusion-column-wrapper fusion-flex-column-wrapper-legacy\"><div class=\"fusion-image-element in-legacy-container\" style=\"--awb-caption-title-font-family:var(--h2_typography-font-family);--awb-caption-title-font-weight:var(--h2_typography-font-weight);--awb-caption-title-font-style:var(--h2_typography-font-style);--awb-caption-title-size:var(--h2_typography-font-size);--awb-caption-title-transform:var(--h2_typography-text-transform);--awb-caption-title-line-height:var(--h2_typography-line-height);--awb-caption-title-letter-spacing:var(--h2_typography-letter-spacing);\"><span class=\" fusion-imageframe imageframe-none imageframe-3 hover-type-none\"><img decoding=\"async\" width=\"300\" height=\"181\" alt=\"Viruela del mono: Qu\u00e9 es, s\u00edntomas, transmisi\u00f3n y prevenci\u00f3n.\" title=\"Viruela del mono\" src=\"https:\/\/www.idermic.es\/wp-content\/uploads\/2023\/01\/Viruela-del-Mono-Que-es-sintomas-transmision-y-prevencion-300x181.jpg\" class=\"img-responsive wp-image-7305\" srcset=\"https:\/\/www.idermic.es\/wp-content\/uploads\/2023\/01\/Viruela-del-Mono-Que-es-sintomas-transmision-y-prevencion-200x121.jpg 200w, https:\/\/www.idermic.es\/wp-content\/uploads\/2023\/01\/Viruela-del-Mono-Que-es-sintomas-transmision-y-prevencion-400x242.jpg 400w, https:\/\/www.idermic.es\/wp-content\/uploads\/2023\/01\/Viruela-del-Mono-Que-es-sintomas-transmision-y-prevencion-600x363.jpg 600w, https:\/\/www.idermic.es\/wp-content\/uploads\/2023\/01\/Viruela-del-Mono-Que-es-sintomas-transmision-y-prevencion-800x484.jpg 800w, https:\/\/www.idermic.es\/wp-content\/uploads\/2023\/01\/Viruela-del-Mono-Que-es-sintomas-transmision-y-prevencion-1200x726.jpg 1200w, https:\/\/www.idermic.es\/wp-content\/uploads\/2023\/01\/Viruela-del-Mono-Que-es-sintomas-transmision-y-prevencion.jpg 1280w\" sizes=\"(max-width: 800px) 100vw, 300px\" \/><\/span><\/div><div class=\"fusion-clearfix\"><\/div><\/div><\/div><\/div><\/div><div class=\"fusion-fullwidth fullwidth-box fusion-builder-row-13 nonhundred-percent-fullwidth non-hundred-percent-height-scrolling\" style=\"--awb-border-radius-top-left:0px;--awb-border-radius-top-right:0px;--awb-border-radius-bottom-right:0px;--awb-border-radius-bottom-left:0px;--awb-flex-wrap:wrap;\" ><div class=\"fusion-builder-row fusion-row\"><div class=\"fusion-layout-column fusion_builder_column fusion-builder-column-15 fusion_builder_column_1_1 1_1 fusion-one-full fusion-column-first fusion-column-last\" style=\"--awb-bg-size:cover;\"><div class=\"fusion-column-wrapper fusion-flex-column-wrapper-legacy\"><div class=\"fusion-text fusion-text-9\"><article class=\"w-full text-token-text-primary focus-visible:outline-2 focus-visible:outline-offset-&#091;-4px&#093;\" dir=\"auto\" data-testid=\"conversation-turn-19\" data-scroll-anchor=\"true\">\n<div class=\"m-auto text-base py-&#091;18px&#093; px-6\">\n<div class=\"mx-auto flex flex-1 text-base gap-4 md:gap-5 lg:gap-6 md:max-w-3xl lg:max-w-&#091;40rem&#093; xl:max-w-&#091;48rem&#093;\">\n<div class=\"group\/conversation-turn relative flex w-full min-w-0 flex-col agent-turn @xs\/thread:px-0 @sm\/thread:px-1.5 @md\/thread:px-4\">\n<div class=\"flex-col gap-1 md:gap-3\">\n<div class=\"flex max-w-full flex-col flex-grow\">\n<div class=\"min-h-8 text-message relative flex w-full flex-col items-end gap-2 whitespace-normal break-words text-start &#091;.text-message+&amp;&#093;:mt-5\" dir=\"auto\" data-message-author-role=\"assistant\" data-message-id=\"55ebaa89-5464-43f4-b79f-a4e84c463894\" data-message-model-slug=\"gpt-4o\">\n<div class=\"flex w-full flex-col gap-1 empty:hidden first:pt-&#091;3px&#093;\">\n<div class=\"markdown prose w-full break-words dark:prose-invert light\">\n<p>A continuaci\u00f3n, se analizan las caracter\u00edsticas de la viruela del mono en ni\u00f1os, sus diferencias con la presentaci\u00f3n en adultos y las estrategias de prevenci\u00f3n espec\u00edficas para este grupo etario.<\/p>\n<h3 data-start=\"867\" data-end=\"923\">Caracter\u00edsticas de la viruela del mono en ni\u00f1os<\/h3>\n<p data-start=\"925\" data-end=\"1167\">Los s\u00edntomas de la viruela del mono en ni\u00f1os son similares a los observados en adultos, pero pueden ser m\u00e1s intensos debido a la inmadurez del sistema inmunol\u00f3gico en edades tempranas. El cuadro cl\u00ednico suele desarrollarse en varias etapas:<\/p>\n<h4 data-start=\"1169\" data-end=\"1218\">1. Fase prodr\u00f3mica (s\u00edntomas iniciales)<\/h4>\n<p data-start=\"1219\" data-end=\"1289\">Antes de la aparici\u00f3n de la erupci\u00f3n, los ni\u00f1os pueden experimentar:<\/p>\n<ul data-start=\"1291\" data-end=\"1677\">\n<li data-start=\"1291\" data-end=\"1380\"><strong data-start=\"1293\" data-end=\"1308\">Fiebre alta<\/strong> (superior a 38.5 \u00b0C), que suele ser el primer signo de la enfermedad.<\/li>\n<li data-start=\"1381\" data-end=\"1423\"><strong data-start=\"1383\" data-end=\"1421\">Escalofr\u00edos y sudoraci\u00f3n excesiva.<\/strong><\/li>\n<li data-start=\"1424\" data-end=\"1474\"><strong data-start=\"1426\" data-end=\"1472\">Dolores musculares y articulares intensos.<\/strong><\/li>\n<li data-start=\"1475\" data-end=\"1523\"><strong data-start=\"1477\" data-end=\"1521\">Fatiga extrema y debilidad generalizada.<\/strong><\/li>\n<li data-start=\"1524\" data-end=\"1571\"><strong data-start=\"1526\" data-end=\"1569\">P\u00e9rdida del apetito, n\u00e1useas o v\u00f3mitos.<\/strong><\/li>\n<li data-start=\"1572\" data-end=\"1677\"><strong data-start=\"1574\" data-end=\"1675\">Inflamaci\u00f3n de los ganglios linf\u00e1ticos (linfadenopat\u00eda), especialmente en cuello, axilas e ingle.<\/strong><\/li>\n<\/ul>\n<p data-start=\"1679\" data-end=\"1841\">Los s\u00edntomas iniciales pueden confundirse con infecciones virales comunes en la infancia, como la gripe o la varicela, lo que dificulta el diagn\u00f3stico temprano.<\/p>\n<h4 data-start=\"1843\" data-end=\"1900\">2. Erupci\u00f3n cut\u00e1nea y evoluci\u00f3n de las lesiones<\/h4>\n<p data-start=\"1901\" data-end=\"2015\">Alrededor de 1 a 3 d\u00edas despu\u00e9s del inicio de la fiebre, aparece la erupci\u00f3n, que sigue un patr\u00f3n bien definido:<\/p>\n<ol data-start=\"2017\" data-end=\"2412\">\n<li data-start=\"2017\" data-end=\"2109\"><strong data-start=\"2020\" data-end=\"2031\">M\u00e1culas<\/strong>: Manchas rojizas planas en la piel, que pueden causar picaz\u00f3n o irritaci\u00f3n.<\/li>\n<li data-start=\"2110\" data-end=\"2173\"><strong data-start=\"2113\" data-end=\"2124\">P\u00e1pulas<\/strong>: Lesiones elevadas con una textura endurecida.<\/li>\n<li data-start=\"2174\" data-end=\"2234\"><strong data-start=\"2177\" data-end=\"2190\">Ves\u00edculas<\/strong>: Ampollas llenas de l\u00edquido transparente.<\/li>\n<li data-start=\"2235\" data-end=\"2324\"><strong data-start=\"2238\" data-end=\"2250\">P\u00fastulas<\/strong>: Ves\u00edculas que se llenan de pus, haci\u00e9ndolas m\u00e1s dolorosas y sensibles.<\/li>\n<li data-start=\"2325\" data-end=\"2412\"><strong data-start=\"2328\" data-end=\"2339\">Costras<\/strong>: La piel se seca y forma una capa dura que eventualmente se desprende.<\/li>\n<\/ol>\n<p data-start=\"2414\" data-end=\"2693\">En ni\u00f1os, la erupci\u00f3n suele ser m\u00e1s extensa y puede afectar <strong data-start=\"2474\" data-end=\"2493\">zonas sensibles<\/strong>, como el rostro, el \u00e1rea genital y la boca, lo que genera un mayor malestar. Adem\u00e1s, en algunos casos, las lesiones pueden sobreinfectarse con bacterias, lo que aumenta el riesgo de complicaciones.<\/p>\n<h3 data-start=\"2700\" data-end=\"2765\">Diferencias entre la viruela del mono en ni\u00f1os y adultos<\/h3>\n<table data-start=\"2767\" data-end=\"3592\">\n<thead data-start=\"2767\" data-end=\"2811\">\n<tr data-start=\"2767\" data-end=\"2811\">\n<th data-start=\"2767\" data-end=\"2792\">Caracter\u00edstica<\/th>\n<th data-start=\"2792\" data-end=\"2800\">Ni\u00f1os<\/th>\n<th data-start=\"2800\" data-end=\"2811\">Adultos<\/th>\n<\/tr>\n<\/thead>\n<tbody data-start=\"2857\" data-end=\"3592\">\n<tr data-start=\"2857\" data-end=\"3016\">\n<td><strong data-start=\"2859\" data-end=\"2883\">Sistema inmunol\u00f3gico<\/strong><\/td>\n<td>Menos desarrollado, lo que puede aumentar la gravedad de la infecci\u00f3n.<\/td>\n<td>Mejor respuesta inmunitaria en la mayor\u00eda de los casos.<\/td>\n<\/tr>\n<tr data-start=\"3017\" data-end=\"3152\">\n<td><strong data-start=\"3019\" data-end=\"3041\">S\u00edntomas iniciales<\/strong><\/td>\n<td>Fiebre m\u00e1s alta y s\u00edntomas generales m\u00e1s intensos.<\/td>\n<td>S\u00edntomas moderados, a veces sin fiebre significativa.<\/td>\n<\/tr>\n<tr data-start=\"3153\" data-end=\"3288\">\n<td><strong data-start=\"3155\" data-end=\"3175\">Erupci\u00f3n cut\u00e1nea<\/strong><\/td>\n<td>M\u00e1s extensa y con mayor riesgo de infecci\u00f3n secundaria.<\/td>\n<td>Menos lesiones o localizadas en \u00e1reas espec\u00edficas.<\/td>\n<\/tr>\n<tr data-start=\"3289\" data-end=\"3442\">\n<td><strong data-start=\"3291\" data-end=\"3309\">Complicaciones<\/strong><\/td>\n<td>Mayor riesgo de deshidrataci\u00f3n, neumon\u00eda viral o encefalitis.<\/td>\n<td>Generalmente enfermedad leve, con recuperaci\u00f3n en 2 a 4 semanas.<\/td>\n<\/tr>\n<tr data-start=\"3443\" data-end=\"3592\">\n<td><strong data-start=\"3445\" data-end=\"3459\">Mortalidad<\/strong><\/td>\n<td>Hist\u00f3ricamente m\u00e1s alta, especialmente en ni\u00f1os desnutridos o con inmunosupresi\u00f3n.<\/td>\n<td>Baja mortalidad en la mayor\u00eda de los casos.<\/td>\n<\/tr>\n<\/tbody>\n<\/table>\n<\/div>\n<\/div>\n<\/div>\n<\/div>\n<\/div>\n<\/div>\n<\/div>\n<\/div>\n<\/article>\n<\/div><div class=\"fusion-clearfix\"><\/div><\/div><\/div><\/div><\/div><div class=\"fusion-fullwidth fullwidth-box fusion-builder-row-14 nonhundred-percent-fullwidth non-hundred-percent-height-scrolling\" style=\"--awb-border-radius-top-left:0px;--awb-border-radius-top-right:0px;--awb-border-radius-bottom-right:0px;--awb-border-radius-bottom-left:0px;--awb-flex-wrap:wrap;\" ><div class=\"fusion-builder-row fusion-row\"><div class=\"fusion-layout-column fusion_builder_column fusion-builder-column-16 fusion_builder_column_1_1 1_1 fusion-one-full fusion-column-first fusion-column-last\" style=\"--awb-bg-size:cover;\"><div class=\"fusion-column-wrapper fusion-flex-column-wrapper-legacy\"><div class=\"fusion-sep-clear\"><\/div><div class=\"fusion-separator fusion-full-width-sep\" style=\"margin-left: auto;margin-right: auto;width:100%;\"><div class=\"fusion-separator-border sep-double\" style=\"--awb-height:20px;--awb-amount:20px;border-color:#e0dede;border-top-width:1px;border-bottom-width:1px;\"><\/div><\/div><div class=\"fusion-sep-clear\"><\/div><div class=\"fusion-clearfix\"><\/div><\/div><\/div><\/div><\/div><div class=\"fusion-fullwidth fullwidth-box fusion-builder-row-15 nonhundred-percent-fullwidth non-hundred-percent-height-scrolling\" style=\"--awb-border-radius-top-left:0px;--awb-border-radius-top-right:0px;--awb-border-radius-bottom-right:0px;--awb-border-radius-bottom-left:0px;--awb-flex-wrap:wrap;\" ><div class=\"fusion-builder-row fusion-row\"><div class=\"fusion-layout-column fusion_builder_column fusion-builder-column-17 fusion_builder_column_1_1 1_1 fusion-one-full fusion-column-first fusion-column-last\" style=\"--awb-bg-size:cover;\"><div class=\"fusion-column-wrapper fusion-flex-column-wrapper-legacy\"><div class=\"fusion-text fusion-text-10\"><p data-start=\"3594\" data-end=\"3768\">Los ni\u00f1os menores de 8 a\u00f1os, los beb\u00e9s y aquellos con enfermedades cr\u00f3nicas o deficiencias inmunol\u00f3gicas tienen un riesgo mayor de presentar formas graves de la enfermedad.<\/p>\n<h3 data-start=\"3775\" data-end=\"3822\">Complicaciones m\u00e1s frecuentes en ni\u00f1os<\/h3>\n<p data-start=\"3824\" data-end=\"3925\">En los ni\u00f1os, la viruela del mono puede generar complicaciones adicionales, entre las que destacan:<\/p>\n<ul data-start=\"3927\" data-end=\"4487\">\n<li data-start=\"3927\" data-end=\"4030\"><strong data-start=\"3929\" data-end=\"3947\">Deshidrataci\u00f3n<\/strong>: La fiebre alta y la p\u00e9rdida de apetito pueden provocar desequilibrios h\u00eddricos.<\/li>\n<li data-start=\"4031\" data-end=\"4168\"><strong data-start=\"4033\" data-end=\"4087\">Sobreinfecci\u00f3n bacteriana de las lesiones cut\u00e1neas<\/strong>: Especialmente si el ni\u00f1o se rasca o no recibe un cuidado adecuado de la piel.<\/li>\n<li data-start=\"4169\" data-end=\"4277\"><strong data-start=\"4171\" data-end=\"4189\">Neumon\u00eda viral<\/strong>: La propagaci\u00f3n del virus a los pulmones puede derivar en insuficiencia respiratoria.<\/li>\n<li data-start=\"4278\" data-end=\"4378\"><strong data-start=\"4280\" data-end=\"4295\">Encefalitis<\/strong>: Inflamaci\u00f3n del cerebro, que puede causar convulsiones o d\u00e9ficits neurol\u00f3gicos.<\/li>\n<li data-start=\"4379\" data-end=\"4487\"><strong data-start=\"4381\" data-end=\"4411\">Conjuntivitis o queratitis<\/strong>: Si el virus entra en contacto con los ojos, puede comprometer la visi\u00f3n.<\/li>\n<\/ul>\n<p data-start=\"4489\" data-end=\"4605\">Debido a estas complicaciones, los ni\u00f1os infectados deben ser monitoreados de cerca por profesionales de la salud.<\/p>\n<h3 data-start=\"4612\" data-end=\"4661\">Prevenci\u00f3n y medidas de control en ni\u00f1os<\/h3>\n<p data-start=\"4663\" data-end=\"4829\">Dado que los ni\u00f1os suelen tener mayor contacto f\u00edsico en su vida cotidiana (juegos, abrazos, compartir juguetes), las estrategias de prevenci\u00f3n deben ser rigurosas.<\/p>\n<h4 data-start=\"4831\" data-end=\"4873\">1. Vacunaci\u00f3n en menores de edad<\/h4>\n<ul data-start=\"4874\" data-end=\"5227\">\n<li data-start=\"4874\" data-end=\"5045\">Actualmente, la vacuna JYNNEOS est\u00e1 aprobada para su uso en adultos y adolescentes, pero en algunos pa\u00edses se est\u00e1 evaluando su aplicaci\u00f3n en ni\u00f1os expuestos al virus.<\/li>\n<li data-start=\"5046\" data-end=\"5227\">La vacunaci\u00f3n postexposici\u00f3n (dentro de los primeros 4 d\u00edas tras el contacto con un caso confirmado) puede ayudar a prevenir la infecci\u00f3n o reducir la gravedad de la enfermedad.<\/li>\n<\/ul>\n<h4 data-start=\"5229\" data-end=\"5273\">2. Aislamiento de ni\u00f1os infectados<\/h4>\n<ul data-start=\"5274\" data-end=\"5586\">\n<li data-start=\"5274\" data-end=\"5356\">Deben permanecer en cuarentena hasta que todas las lesiones hayan cicatrizado.<\/li>\n<li data-start=\"5357\" data-end=\"5490\">Se recomienda aislamiento domiciliario con cuidados por parte de un solo adulto para minimizar la exposici\u00f3n de otros familiares.<\/li>\n<li data-start=\"5491\" data-end=\"5586\">En caso de hospitalizaci\u00f3n, se deben seguir estrictos protocolos de control de infecciones.<\/li>\n<\/ul>\n<h4 data-start=\"5588\" data-end=\"5623\">3. Higiene y desinfecci\u00f3n<\/h4>\n<ul data-start=\"5624\" data-end=\"5869\">\n<li data-start=\"5624\" data-end=\"5671\">Lavado frecuente de manos con agua y jab\u00f3n.<\/li>\n<li data-start=\"5672\" data-end=\"5784\">Desinfecci\u00f3n de juguetes, ropa, s\u00e1banas y objetos de uso frecuente con soluciones a base de cloro o alcohol.<\/li>\n<li data-start=\"5785\" data-end=\"5869\">Evitar compartir utensilios personales como vasos, platos o cepillos de dientes.<\/li>\n<\/ul>\n<h4 data-start=\"5871\" data-end=\"5945\">4. Reducci\u00f3n del contacto con animales potencialmente infectados<\/h4>\n<ul data-start=\"5946\" data-end=\"6087\">\n<li data-start=\"5946\" data-end=\"6023\">Evitar el contacto con roedores y primates silvestres en zonas de riesgo.<\/li>\n<li data-start=\"6024\" data-end=\"6087\">Ense\u00f1ar a los ni\u00f1os a no tocar animales muertos o enfermos.<\/li>\n<\/ul>\n<h3 data-start=\"6094\" data-end=\"6141\">Cuidados en casa para ni\u00f1os infectados<\/h3>\n<p data-start=\"6143\" data-end=\"6271\">Si un ni\u00f1o contrae la viruela del mono, los cuidados en el hogar pueden ayudar a aliviar los s\u00edntomas y evitar complicaciones:<\/p>\n<ul data-start=\"6273\" data-end=\"6732\">\n<li data-start=\"6273\" data-end=\"6367\"><strong data-start=\"6275\" data-end=\"6312\">Mantener una hidrataci\u00f3n adecuada<\/strong>, ofreci\u00e9ndole agua, jugos naturales o sueros orales.<\/li>\n<li data-start=\"6368\" data-end=\"6527\"><strong data-start=\"6370\" data-end=\"6412\">Administrar medicamentos antipir\u00e9ticos<\/strong>, como paracetamol, para controlar la fiebre (nunca usar aspirina en ni\u00f1os debido al riesgo de s\u00edndrome de Reye).<\/li>\n<li data-start=\"6528\" data-end=\"6644\"><strong data-start=\"6530\" data-end=\"6554\">Evitar que se rasque<\/strong>, utilizando guantes suaves o cort\u00e1ndole las u\u00f1as para prevenir infecciones secundarias.<\/li>\n<li data-start=\"6645\" data-end=\"6732\"><strong data-start=\"6647\" data-end=\"6690\">Vestir al ni\u00f1o con ropa c\u00f3moda y suelta<\/strong>, para reducir la irritaci\u00f3n de la piel.<\/li>\n<\/ul>\n<p data-start=\"6760\" data-end=\"7212\" data-is-last-node=\"\" data-is-only-node=\"\">La viruela del mono en ni\u00f1os presenta diferencias significativas con respecto a los adultos, principalmente en la severidad de los s\u00edntomas y el riesgo de complicaciones. Aunque la enfermedad suele ser autolimitada, los ni\u00f1os peque\u00f1os y aquellos con sistemas inmunol\u00f3gicos debilitados requieren atenci\u00f3n especial. La vacunaci\u00f3n, el aislamiento y la higiene son estrategias clave para reducir la propagaci\u00f3n del virus y proteger a la poblaci\u00f3n infantil.<\/p>\n<p>Para cualquier consulta sobre esta patolog\u00eda u otras similares, en Idermic, tu <a href=\"http:\/\/idermic.es\/\">dermat\u00f3logo en Terrassa<\/a> estaremos encantados de atenderte.<\/p>\n<\/div><div class=\"fusion-clearfix\"><\/div><\/div><\/div><\/div><\/div><\/p>\n","protected":false},"excerpt":{"rendered":"<p>En este art\u00edculo te explicaremos c\u00f3mo se propaga y qu\u00e9 medidas tomar para evitar el contagio de la viruela del mono, una enfermedad viral.<\/p>\n","protected":false},"author":3,"featured_media":7305,"comment_status":"open","ping_status":"closed","sticky":false,"template":"","format":"standard","meta":{"_joinchat":[],"footnotes":""},"categories":[25],"tags":[],"class_list":["post-7303","post","type-post","status-publish","format-standard","has-post-thumbnail","hentry","category-noticias"],"yoast_head":"<!-- This site is optimized with the Yoast SEO plugin v28.4 - https:\/\/yoast.com\/product\/yoast-seo-wordpress\/ -->\n<title>Viruela del mono: Qu\u00e9 es, s\u00edntomas, transmisi\u00f3n y prevenci\u00f3n -<\/title>\n<meta name=\"description\" content=\"En este art\u00edculo te explicaremos c\u00f3mo se propaga y qu\u00e9 medidas tomar para evitar el contagio de la viruela del mono, una enfermedad viral.\" \/>\n<meta name=\"robots\" content=\"index, follow, max-snippet:-1, max-image-preview:large, max-video-preview:-1\" \/>\n<link rel=\"canonical\" href=\"https:\/\/www.idermic.es\/es\/viruela-del-mono-que-es-sintomas-transmision-y-prevencion\/\" \/>\n<meta property=\"og:locale\" content=\"es_ES\" \/>\n<meta property=\"og:type\" content=\"article\" \/>\n<meta property=\"og:title\" content=\"Viruela del mono: Qu\u00e9 es, s\u00edntomas, transmisi\u00f3n y prevenci\u00f3n -\" \/>\n<meta property=\"og:description\" content=\"En este art\u00edculo te explicaremos c\u00f3mo se propaga y qu\u00e9 medidas tomar para evitar el contagio de la viruela del mono, una enfermedad viral.\" \/>\n<meta property=\"og:url\" content=\"https:\/\/www.idermic.es\/es\/viruela-del-mono-que-es-sintomas-transmision-y-prevencion\/\" \/>\n<meta property=\"og:site_name\" content=\"Idermic. Dermatolog\u00eda en Terrassa\" \/>\n<meta property=\"article:publisher\" content=\"https:\/\/www.facebook.com\/Idermic\" \/>\n<meta property=\"article:published_time\" content=\"2023-01-04T10:34:45+00:00\" \/>\n<meta property=\"article:modified_time\" content=\"2025-03-04T11:39:05+00:00\" \/>\n<meta property=\"og:image\" content=\"https:\/\/www.idermic.es\/wp-content\/uploads\/2023\/01\/Viruela-del-Mono-Que-es-sintomas-transmision-y-prevencion.jpg\" \/>\n\t<meta property=\"og:image:width\" content=\"1280\" \/>\n\t<meta property=\"og:image:height\" content=\"774\" \/>\n\t<meta property=\"og:image:type\" content=\"image\/jpeg\" \/>\n<meta name=\"author\" content=\"Equipo\" \/>\n<meta name=\"twitter:card\" content=\"summary_large_image\" \/>\n<meta name=\"twitter:creator\" content=\"@idermic\" \/>\n<meta name=\"twitter:site\" content=\"@idermic\" \/>\n<meta name=\"twitter:label1\" content=\"Escrito por\" \/>\n\t<meta name=\"twitter:data1\" content=\"Equipo\" \/>\n\t<meta name=\"twitter:label2\" content=\"Tiempo de lectura\" \/>\n\t<meta name=\"twitter:data2\" content=\"28 minutos\" \/>\n<script type=\"application\/ld+json\" class=\"yoast-schema-graph\">{\"@context\":\"https:\\\/\\\/schema.org\",\"@graph\":[{\"@type\":\"Article\",\"@id\":\"https:\\\/\\\/www.idermic.es\\\/es\\\/viruela-del-mono-que-es-sintomas-transmision-y-prevencion\\\/#article\",\"isPartOf\":{\"@id\":\"https:\\\/\\\/www.idermic.es\\\/es\\\/viruela-del-mono-que-es-sintomas-transmision-y-prevencion\\\/\"},\"author\":{\"name\":\"Equipo\",\"@id\":\"https:\\\/\\\/www.idermic.es\\\/#\\\/schema\\\/person\\\/c12703027a878b23d3c71c87921a82f8\"},\"headline\":\"Viruela del mono: Qu\u00e9 es, s\u00edntomas, transmisi\u00f3n y prevenci\u00f3n\",\"datePublished\":\"2023-01-04T10:34:45+00:00\",\"dateModified\":\"2025-03-04T11:39:05+00:00\",\"mainEntityOfPage\":{\"@id\":\"https:\\\/\\\/www.idermic.es\\\/es\\\/viruela-del-mono-que-es-sintomas-transmision-y-prevencion\\\/\"},\"wordCount\":7683,\"commentCount\":0,\"publisher\":{\"@id\":\"https:\\\/\\\/www.idermic.es\\\/#organization\"},\"image\":{\"@id\":\"https:\\\/\\\/www.idermic.es\\\/es\\\/viruela-del-mono-que-es-sintomas-transmision-y-prevencion\\\/#primaryimage\"},\"thumbnailUrl\":\"https:\\\/\\\/www.idermic.es\\\/wp-content\\\/uploads\\\/2023\\\/01\\\/Viruela-del-Mono-Que-es-sintomas-transmision-y-prevencion.jpg\",\"articleSection\":[\"Noticias\"],\"inLanguage\":\"es\",\"potentialAction\":[{\"@type\":\"CommentAction\",\"name\":\"Comment\",\"target\":[\"https:\\\/\\\/www.idermic.es\\\/es\\\/viruela-del-mono-que-es-sintomas-transmision-y-prevencion\\\/#respond\"]}]},{\"@type\":\"WebPage\",\"@id\":\"https:\\\/\\\/www.idermic.es\\\/es\\\/viruela-del-mono-que-es-sintomas-transmision-y-prevencion\\\/\",\"url\":\"https:\\\/\\\/www.idermic.es\\\/es\\\/viruela-del-mono-que-es-sintomas-transmision-y-prevencion\\\/\",\"name\":\"Viruela del mono: Qu\u00e9 es, s\u00edntomas, transmisi\u00f3n y prevenci\u00f3n -\",\"isPartOf\":{\"@id\":\"https:\\\/\\\/www.idermic.es\\\/#website\"},\"primaryImageOfPage\":{\"@id\":\"https:\\\/\\\/www.idermic.es\\\/es\\\/viruela-del-mono-que-es-sintomas-transmision-y-prevencion\\\/#primaryimage\"},\"image\":{\"@id\":\"https:\\\/\\\/www.idermic.es\\\/es\\\/viruela-del-mono-que-es-sintomas-transmision-y-prevencion\\\/#primaryimage\"},\"thumbnailUrl\":\"https:\\\/\\\/www.idermic.es\\\/wp-content\\\/uploads\\\/2023\\\/01\\\/Viruela-del-Mono-Que-es-sintomas-transmision-y-prevencion.jpg\",\"datePublished\":\"2023-01-04T10:34:45+00:00\",\"dateModified\":\"2025-03-04T11:39:05+00:00\",\"description\":\"En este art\u00edculo te explicaremos c\u00f3mo se propaga y qu\u00e9 medidas tomar para evitar el contagio de la viruela del mono, una enfermedad viral.\",\"breadcrumb\":{\"@id\":\"https:\\\/\\\/www.idermic.es\\\/es\\\/viruela-del-mono-que-es-sintomas-transmision-y-prevencion\\\/#breadcrumb\"},\"inLanguage\":\"es\",\"potentialAction\":[{\"@type\":\"ReadAction\",\"target\":[\"https:\\\/\\\/www.idermic.es\\\/es\\\/viruela-del-mono-que-es-sintomas-transmision-y-prevencion\\\/\"]}]},{\"@type\":\"ImageObject\",\"inLanguage\":\"es\",\"@id\":\"https:\\\/\\\/www.idermic.es\\\/es\\\/viruela-del-mono-que-es-sintomas-transmision-y-prevencion\\\/#primaryimage\",\"url\":\"https:\\\/\\\/www.idermic.es\\\/wp-content\\\/uploads\\\/2023\\\/01\\\/Viruela-del-Mono-Que-es-sintomas-transmision-y-prevencion.jpg\",\"contentUrl\":\"https:\\\/\\\/www.idermic.es\\\/wp-content\\\/uploads\\\/2023\\\/01\\\/Viruela-del-Mono-Que-es-sintomas-transmision-y-prevencion.jpg\",\"width\":1280,\"height\":774,\"caption\":\"Viruela del mono: Qu\u00e9 es, s\u00edntomas, transmisi\u00f3n y prevenci\u00f3n.\"},{\"@type\":\"BreadcrumbList\",\"@id\":\"https:\\\/\\\/www.idermic.es\\\/es\\\/viruela-del-mono-que-es-sintomas-transmision-y-prevencion\\\/#breadcrumb\",\"itemListElement\":[{\"@type\":\"ListItem\",\"position\":1,\"name\":\"Inici\",\"item\":\"https:\\\/\\\/www.idermic.es\\\/es\\\/\"},{\"@type\":\"ListItem\",\"position\":2,\"name\":\"Viruela del mono: Qu\u00e9 es, s\u00edntomas, transmisi\u00f3n y prevenci\u00f3n\"}]},{\"@type\":\"WebSite\",\"@id\":\"https:\\\/\\\/www.idermic.es\\\/#website\",\"url\":\"https:\\\/\\\/www.idermic.es\\\/\",\"name\":\"Idermic. Dermatolog\u00eda en Terrassa\",\"description\":\"Dermatolog\u00eda, Medicina est\u00e9tica, Cirurg\u00eda Pl\u00e0stica\",\"publisher\":{\"@id\":\"https:\\\/\\\/www.idermic.es\\\/#organization\"},\"potentialAction\":[{\"@type\":\"SearchAction\",\"target\":{\"@type\":\"EntryPoint\",\"urlTemplate\":\"https:\\\/\\\/www.idermic.es\\\/?s={search_term_string}\"},\"query-input\":{\"@type\":\"PropertyValueSpecification\",\"valueRequired\":true,\"valueName\":\"search_term_string\"}}],\"inLanguage\":\"es\"},{\"@type\":\"Organization\",\"@id\":\"https:\\\/\\\/www.idermic.es\\\/#organization\",\"name\":\"Idermic. Dermatolog\u00eda en Terrassa\",\"url\":\"https:\\\/\\\/www.idermic.es\\\/\",\"logo\":{\"@type\":\"ImageObject\",\"inLanguage\":\"es\",\"@id\":\"https:\\\/\\\/www.idermic.es\\\/#\\\/schema\\\/logo\\\/image\\\/\",\"url\":\"https:\\\/\\\/www.idermic.es\\\/wp-content\\\/uploads\\\/2025\\\/10\\\/Logo-Idermic.jpg\",\"contentUrl\":\"https:\\\/\\\/www.idermic.es\\\/wp-content\\\/uploads\\\/2025\\\/10\\\/Logo-Idermic.jpg\",\"width\":501,\"height\":502,\"caption\":\"Idermic. Dermatolog\u00eda en Terrassa\"},\"image\":{\"@id\":\"https:\\\/\\\/www.idermic.es\\\/#\\\/schema\\\/logo\\\/image\\\/\"},\"sameAs\":[\"https:\\\/\\\/www.facebook.com\\\/Idermic\",\"https:\\\/\\\/x.com\\\/idermic\",\"https:\\\/\\\/www.instagram.com\\\/idermicclinic\\\/\",\"https:\\\/\\\/www.youtube.com\\\/channel\\\/UCyAHC9-p8lc6hr_nguO8p_g\"]},{\"@type\":\"Person\",\"@id\":\"https:\\\/\\\/www.idermic.es\\\/#\\\/schema\\\/person\\\/c12703027a878b23d3c71c87921a82f8\",\"name\":\"Equipo\",\"image\":{\"@type\":\"ImageObject\",\"inLanguage\":\"es\",\"@id\":\"https:\\\/\\\/secure.gravatar.com\\\/avatar\\\/7ca0be23248108c6b0887e0693b7dcf7764bd3503f84d1f04e6653ef7c3b9420?s=96&d=mm&r=g\",\"url\":\"https:\\\/\\\/secure.gravatar.com\\\/avatar\\\/7ca0be23248108c6b0887e0693b7dcf7764bd3503f84d1f04e6653ef7c3b9420?s=96&d=mm&r=g\",\"contentUrl\":\"https:\\\/\\\/secure.gravatar.com\\\/avatar\\\/7ca0be23248108c6b0887e0693b7dcf7764bd3503f84d1f04e6653ef7c3b9420?s=96&d=mm&r=g\",\"caption\":\"Equipo\"},\"description\":\"Equipo de Idermic\"}]}<\/script>\n<!-- \/ Yoast SEO plugin. -->","yoast_head_json":{"title":"Viruela del mono: Qu\u00e9 es, s\u00edntomas, transmisi\u00f3n y prevenci\u00f3n -","description":"En este art\u00edculo te explicaremos c\u00f3mo se propaga y qu\u00e9 medidas tomar para evitar el contagio de la viruela del mono, una enfermedad viral.","robots":{"index":"index","follow":"follow","max-snippet":"max-snippet:-1","max-image-preview":"max-image-preview:large","max-video-preview":"max-video-preview:-1"},"canonical":"https:\/\/www.idermic.es\/es\/viruela-del-mono-que-es-sintomas-transmision-y-prevencion\/","og_locale":"es_ES","og_type":"article","og_title":"Viruela del mono: Qu\u00e9 es, s\u00edntomas, transmisi\u00f3n y prevenci\u00f3n -","og_description":"En este art\u00edculo te explicaremos c\u00f3mo se propaga y qu\u00e9 medidas tomar para evitar el contagio de la viruela del mono, una enfermedad viral.","og_url":"https:\/\/www.idermic.es\/es\/viruela-del-mono-que-es-sintomas-transmision-y-prevencion\/","og_site_name":"Idermic. Dermatolog\u00eda en Terrassa","article_publisher":"https:\/\/www.facebook.com\/Idermic","article_published_time":"2023-01-04T10:34:45+00:00","article_modified_time":"2025-03-04T11:39:05+00:00","og_image":[{"width":1280,"height":774,"url":"https:\/\/www.idermic.es\/wp-content\/uploads\/2023\/01\/Viruela-del-Mono-Que-es-sintomas-transmision-y-prevencion.jpg","type":"image\/jpeg"}],"author":"Equipo","twitter_card":"summary_large_image","twitter_creator":"@idermic","twitter_site":"@idermic","twitter_misc":{"Escrito por":"Equipo","Tiempo de lectura":"28 minutos"},"schema":{"@context":"https:\/\/schema.org","@graph":[{"@type":"Article","@id":"https:\/\/www.idermic.es\/es\/viruela-del-mono-que-es-sintomas-transmision-y-prevencion\/#article","isPartOf":{"@id":"https:\/\/www.idermic.es\/es\/viruela-del-mono-que-es-sintomas-transmision-y-prevencion\/"},"author":{"name":"Equipo","@id":"https:\/\/www.idermic.es\/#\/schema\/person\/c12703027a878b23d3c71c87921a82f8"},"headline":"Viruela del mono: Qu\u00e9 es, s\u00edntomas, transmisi\u00f3n y prevenci\u00f3n","datePublished":"2023-01-04T10:34:45+00:00","dateModified":"2025-03-04T11:39:05+00:00","mainEntityOfPage":{"@id":"https:\/\/www.idermic.es\/es\/viruela-del-mono-que-es-sintomas-transmision-y-prevencion\/"},"wordCount":7683,"commentCount":0,"publisher":{"@id":"https:\/\/www.idermic.es\/#organization"},"image":{"@id":"https:\/\/www.idermic.es\/es\/viruela-del-mono-que-es-sintomas-transmision-y-prevencion\/#primaryimage"},"thumbnailUrl":"https:\/\/www.idermic.es\/wp-content\/uploads\/2023\/01\/Viruela-del-Mono-Que-es-sintomas-transmision-y-prevencion.jpg","articleSection":["Noticias"],"inLanguage":"es","potentialAction":[{"@type":"CommentAction","name":"Comment","target":["https:\/\/www.idermic.es\/es\/viruela-del-mono-que-es-sintomas-transmision-y-prevencion\/#respond"]}]},{"@type":"WebPage","@id":"https:\/\/www.idermic.es\/es\/viruela-del-mono-que-es-sintomas-transmision-y-prevencion\/","url":"https:\/\/www.idermic.es\/es\/viruela-del-mono-que-es-sintomas-transmision-y-prevencion\/","name":"Viruela del mono: Qu\u00e9 es, s\u00edntomas, transmisi\u00f3n y prevenci\u00f3n -","isPartOf":{"@id":"https:\/\/www.idermic.es\/#website"},"primaryImageOfPage":{"@id":"https:\/\/www.idermic.es\/es\/viruela-del-mono-que-es-sintomas-transmision-y-prevencion\/#primaryimage"},"image":{"@id":"https:\/\/www.idermic.es\/es\/viruela-del-mono-que-es-sintomas-transmision-y-prevencion\/#primaryimage"},"thumbnailUrl":"https:\/\/www.idermic.es\/wp-content\/uploads\/2023\/01\/Viruela-del-Mono-Que-es-sintomas-transmision-y-prevencion.jpg","datePublished":"2023-01-04T10:34:45+00:00","dateModified":"2025-03-04T11:39:05+00:00","description":"En este art\u00edculo te explicaremos c\u00f3mo se propaga y qu\u00e9 medidas tomar para evitar el contagio de la viruela del mono, una enfermedad viral.","breadcrumb":{"@id":"https:\/\/www.idermic.es\/es\/viruela-del-mono-que-es-sintomas-transmision-y-prevencion\/#breadcrumb"},"inLanguage":"es","potentialAction":[{"@type":"ReadAction","target":["https:\/\/www.idermic.es\/es\/viruela-del-mono-que-es-sintomas-transmision-y-prevencion\/"]}]},{"@type":"ImageObject","inLanguage":"es","@id":"https:\/\/www.idermic.es\/es\/viruela-del-mono-que-es-sintomas-transmision-y-prevencion\/#primaryimage","url":"https:\/\/www.idermic.es\/wp-content\/uploads\/2023\/01\/Viruela-del-Mono-Que-es-sintomas-transmision-y-prevencion.jpg","contentUrl":"https:\/\/www.idermic.es\/wp-content\/uploads\/2023\/01\/Viruela-del-Mono-Que-es-sintomas-transmision-y-prevencion.jpg","width":1280,"height":774,"caption":"Viruela del mono: Qu\u00e9 es, s\u00edntomas, transmisi\u00f3n y prevenci\u00f3n."},{"@type":"BreadcrumbList","@id":"https:\/\/www.idermic.es\/es\/viruela-del-mono-que-es-sintomas-transmision-y-prevencion\/#breadcrumb","itemListElement":[{"@type":"ListItem","position":1,"name":"Inici","item":"https:\/\/www.idermic.es\/es\/"},{"@type":"ListItem","position":2,"name":"Viruela del mono: Qu\u00e9 es, s\u00edntomas, transmisi\u00f3n y prevenci\u00f3n"}]},{"@type":"WebSite","@id":"https:\/\/www.idermic.es\/#website","url":"https:\/\/www.idermic.es\/","name":"Idermic. Dermatolog\u00eda en Terrassa","description":"Dermatolog\u00eda, Medicina est\u00e9tica, Cirurg\u00eda Pl\u00e0stica","publisher":{"@id":"https:\/\/www.idermic.es\/#organization"},"potentialAction":[{"@type":"SearchAction","target":{"@type":"EntryPoint","urlTemplate":"https:\/\/www.idermic.es\/?s={search_term_string}"},"query-input":{"@type":"PropertyValueSpecification","valueRequired":true,"valueName":"search_term_string"}}],"inLanguage":"es"},{"@type":"Organization","@id":"https:\/\/www.idermic.es\/#organization","name":"Idermic. Dermatolog\u00eda en Terrassa","url":"https:\/\/www.idermic.es\/","logo":{"@type":"ImageObject","inLanguage":"es","@id":"https:\/\/www.idermic.es\/#\/schema\/logo\/image\/","url":"https:\/\/www.idermic.es\/wp-content\/uploads\/2025\/10\/Logo-Idermic.jpg","contentUrl":"https:\/\/www.idermic.es\/wp-content\/uploads\/2025\/10\/Logo-Idermic.jpg","width":501,"height":502,"caption":"Idermic. Dermatolog\u00eda en Terrassa"},"image":{"@id":"https:\/\/www.idermic.es\/#\/schema\/logo\/image\/"},"sameAs":["https:\/\/www.facebook.com\/Idermic","https:\/\/x.com\/idermic","https:\/\/www.instagram.com\/idermicclinic\/","https:\/\/www.youtube.com\/channel\/UCyAHC9-p8lc6hr_nguO8p_g"]},{"@type":"Person","@id":"https:\/\/www.idermic.es\/#\/schema\/person\/c12703027a878b23d3c71c87921a82f8","name":"Equipo","image":{"@type":"ImageObject","inLanguage":"es","@id":"https:\/\/secure.gravatar.com\/avatar\/7ca0be23248108c6b0887e0693b7dcf7764bd3503f84d1f04e6653ef7c3b9420?s=96&d=mm&r=g","url":"https:\/\/secure.gravatar.com\/avatar\/7ca0be23248108c6b0887e0693b7dcf7764bd3503f84d1f04e6653ef7c3b9420?s=96&d=mm&r=g","contentUrl":"https:\/\/secure.gravatar.com\/avatar\/7ca0be23248108c6b0887e0693b7dcf7764bd3503f84d1f04e6653ef7c3b9420?s=96&d=mm&r=g","caption":"Equipo"},"description":"Equipo de Idermic"}]}},"_links":{"self":[{"href":"https:\/\/www.idermic.es\/es\/wp-json\/wp\/v2\/posts\/7303","targetHints":{"allow":["GET"]}}],"collection":[{"href":"https:\/\/www.idermic.es\/es\/wp-json\/wp\/v2\/posts"}],"about":[{"href":"https:\/\/www.idermic.es\/es\/wp-json\/wp\/v2\/types\/post"}],"author":[{"embeddable":true,"href":"https:\/\/www.idermic.es\/es\/wp-json\/wp\/v2\/users\/3"}],"replies":[{"embeddable":true,"href":"https:\/\/www.idermic.es\/es\/wp-json\/wp\/v2\/comments?post=7303"}],"version-history":[{"count":23,"href":"https:\/\/www.idermic.es\/es\/wp-json\/wp\/v2\/posts\/7303\/revisions"}],"predecessor-version":[{"id":7334,"href":"https:\/\/www.idermic.es\/es\/wp-json\/wp\/v2\/posts\/7303\/revisions\/7334"}],"wp:featuredmedia":[{"embeddable":true,"href":"https:\/\/www.idermic.es\/es\/wp-json\/wp\/v2\/media\/7305"}],"wp:attachment":[{"href":"https:\/\/www.idermic.es\/es\/wp-json\/wp\/v2\/media?parent=7303"}],"wp:term":[{"taxonomy":"category","embeddable":true,"href":"https:\/\/www.idermic.es\/es\/wp-json\/wp\/v2\/categories?post=7303"},{"taxonomy":"post_tag","embeddable":true,"href":"https:\/\/www.idermic.es\/es\/wp-json\/wp\/v2\/tags?post=7303"}],"curies":[{"name":"wp","href":"https:\/\/api.w.org\/{rel}","templated":true}]}}