{"id":7234,"date":"2025-02-28T17:50:46","date_gmt":"2025-02-28T17:50:46","guid":{"rendered":"https:\/\/www.idermic.es\/?p=7234"},"modified":"2026-05-26T09:45:03","modified_gmt":"2026-05-26T09:45:03","slug":"poiquilodermia-de-civatte-causas-sintomas-y-tratamientos","status":"publish","type":"post","link":"https:\/\/www.idermic.es\/es\/poiquilodermia-de-civatte-causas-sintomas-y-tratamientos\/","title":{"rendered":"Poiquilodermia de Civatte: Causas, s\u00edntomas y tratamientos"},"content":{"rendered":"<p><div class=\"fusion-fullwidth fullwidth-box fusion-builder-row-1 nonhundred-percent-fullwidth non-hundred-percent-height-scrolling\" style=\"--awb-border-radius-top-left:0px;--awb-border-radius-top-right:0px;--awb-border-radius-bottom-right:0px;--awb-border-radius-bottom-left:0px;--awb-flex-wrap:wrap;\" ><div class=\"fusion-builder-row fusion-row\"><div class=\"fusion-layout-column fusion_builder_column fusion-builder-column-0 fusion_builder_column_1_1 1_1 fusion-one-full fusion-column-first fusion-column-last\" style=\"--awb-bg-size:cover;\"><div class=\"fusion-column-wrapper fusion-flex-column-wrapper-legacy\"><div class=\"fusion-text fusion-text-1\"><h1 style=\"text-align: center;\">Poiquilodermia de Civatte<\/h1>\n<\/div><div class=\"fusion-clearfix\"><\/div><\/div><\/div><\/div><\/div><div class=\"fusion-fullwidth fullwidth-box fusion-builder-row-2 nonhundred-percent-fullwidth non-hundred-percent-height-scrolling\" style=\"--awb-border-radius-top-left:0px;--awb-border-radius-top-right:0px;--awb-border-radius-bottom-right:0px;--awb-border-radius-bottom-left:0px;--awb-flex-wrap:wrap;\" ><div class=\"fusion-builder-row fusion-row\"><div class=\"fusion-layout-column fusion_builder_column fusion-builder-column-1 fusion_builder_column_2_3 2_3 fusion-two-third fusion-column-first\" style=\"--awb-bg-size:cover;width:66.666666666667%;width:calc(66.666666666667% - ( ( 4% ) * 0.66666666666667 ) );margin-right: 4%;\"><div class=\"fusion-column-wrapper fusion-flex-column-wrapper-legacy\"><div class=\"fusion-text fusion-text-2\"><p>La <strong>Poiquilodermia de Civatte<\/strong> es una afecci\u00f3n dermatol\u00f3gica caracterizada por cambios en la pigmentaci\u00f3n y textura de la piel, principalmente en la zona del cuello y el escote.<\/p>\n<p>Se manifiesta como una combinaci\u00f3n de <strong data-start=\"2019\" data-end=\"2130\">hiperpigmentaci\u00f3n (manchas oscuras), eritema (enrojecimiento) y atrofia cut\u00e1nea (adelgazamiento de la piel)<\/strong>, afectando con mayor frecuencia a personas de edad avanzada y con antecedentes de exposici\u00f3n prolongada al sol.<\/p>\n<\/div><div class=\"fusion-clearfix\"><\/div><\/div><\/div><div class=\"fusion-layout-column fusion_builder_column fusion-builder-column-2 fusion_builder_column_1_3 1_3 fusion-one-third fusion-column-last\" style=\"--awb-bg-size:cover;width:33.333333333333%;width:calc(33.333333333333% - ( ( 4% ) * 0.33333333333333 ) );\"><div class=\"fusion-column-wrapper fusion-flex-column-wrapper-legacy\"><div class=\"fusion-image-element in-legacy-container\" style=\"--awb-caption-title-font-family:var(--h2_typography-font-family);--awb-caption-title-font-weight:var(--h2_typography-font-weight);--awb-caption-title-font-style:var(--h2_typography-font-style);--awb-caption-title-size:var(--h2_typography-font-size);--awb-caption-title-transform:var(--h2_typography-text-transform);--awb-caption-title-line-height:var(--h2_typography-line-height);--awb-caption-title-letter-spacing:var(--h2_typography-letter-spacing);\"><span class=\" fusion-imageframe imageframe-none imageframe-1 hover-type-none\"><img decoding=\"async\" width=\"239\" height=\"300\" alt=\"En este art\u00edculo os vamos a hablar de la Poiquilodermia de Civatte.\" title=\"Poiquilodermia de Civatte\" src=\"https:\/\/www.idermic.es\/wp-content\/uploads\/2025\/03\/Poiquilodermia-de-Civatte-1-239x300.jpg\" class=\"img-responsive wp-image-7237\" srcset=\"https:\/\/www.idermic.es\/wp-content\/uploads\/2025\/03\/Poiquilodermia-de-Civatte-1-200x251.jpg 200w, https:\/\/www.idermic.es\/wp-content\/uploads\/2025\/03\/Poiquilodermia-de-Civatte-1-400x503.jpg 400w, https:\/\/www.idermic.es\/wp-content\/uploads\/2025\/03\/Poiquilodermia-de-Civatte-1.jpg 487w\" sizes=\"(max-width: 800px) 100vw, 239px\" \/><\/span><\/div><div class=\"fusion-clearfix\"><\/div><\/div><\/div><\/div><\/div><div class=\"fusion-fullwidth fullwidth-box fusion-builder-row-3 nonhundred-percent-fullwidth non-hundred-percent-height-scrolling\" style=\"--awb-border-radius-top-left:0px;--awb-border-radius-top-right:0px;--awb-border-radius-bottom-right:0px;--awb-border-radius-bottom-left:0px;--awb-flex-wrap:wrap;\" ><div class=\"fusion-builder-row fusion-row\"><div class=\"fusion-layout-column fusion_builder_column fusion-builder-column-3 fusion_builder_column_1_1 1_1 fusion-one-full fusion-column-first fusion-column-last\" style=\"--awb-bg-size:cover;\"><div class=\"fusion-column-wrapper fusion-flex-column-wrapper-legacy\"><div class=\"fusion-sep-clear\"><\/div><div class=\"fusion-separator fusion-full-width-sep\" style=\"margin-left: auto;margin-right: auto;width:100%;\"><div class=\"fusion-separator-border sep-double\" style=\"--awb-height:20px;--awb-amount:20px;border-color:#e0dede;border-top-width:1px;border-bottom-width:1px;\"><\/div><\/div><div class=\"fusion-sep-clear\"><\/div><div class=\"fusion-clearfix\"><\/div><\/div><\/div><\/div><\/div><div class=\"fusion-fullwidth fullwidth-box fusion-builder-row-4 nonhundred-percent-fullwidth non-hundred-percent-height-scrolling\" style=\"--awb-border-radius-top-left:0px;--awb-border-radius-top-right:0px;--awb-border-radius-bottom-right:0px;--awb-border-radius-bottom-left:0px;--awb-flex-wrap:wrap;\" ><div class=\"fusion-builder-row fusion-row\"><div class=\"fusion-layout-column fusion_builder_column fusion-builder-column-4 fusion_builder_column_1_1 1_1 fusion-one-full fusion-column-first fusion-column-last\" style=\"--awb-bg-size:cover;\"><div class=\"fusion-column-wrapper fusion-flex-column-wrapper-legacy\"><div class=\"fusion-text fusion-text-3\"><h2>Causas y factores de riesgo de la poiquilodermia de Civatte<\/h2>\n<p>La <strong>poiquilodermia de Civatte<\/strong> es una afecci\u00f3n cut\u00e1nea multifactorial, en la que varios elementos pueden influir en su aparici\u00f3n y progresi\u00f3n. Aunque la <strong>exposici\u00f3n cr\u00f3nica a la radiaci\u00f3n ultravioleta (UV)<\/strong> se considera la causa principal, existen otros factores que contribuyen al da\u00f1o progresivo de la piel y al desarrollo de esta condici\u00f3n.<\/p>\n<h3>1. Exposici\u00f3n cr\u00f3nica a la radiaci\u00f3n ultravioleta (UV)<\/h3>\n<p>La radiaci\u00f3n solar es el factor m\u00e1s determinante en la aparici\u00f3n de la poiquilodermia de Civatte. La exposici\u00f3n prolongada y sin protecci\u00f3n a los <strong>rayos ultravioleta A (UVA) y B (UVB)<\/strong> provoca un da\u00f1o acumulativo en la piel, conocido como <strong>fotoda\u00f1o<\/strong>.<\/p>\n<h4 data-start=\"744\" data-end=\"792\">Mecanismos del da\u00f1o solar en la piel:<\/h4>\n<ul>\n<li><strong>Alteraci\u00f3n del col\u00e1geno y la elastina<\/strong>: La radiaci\u00f3n UV degrada las fibras de col\u00e1geno y elastina, lo que conduce a una p\u00e9rdida de firmeza y elasticidad en la piel.<\/li>\n<li><strong>Estr\u00e9s oxidativo y radicales libres<\/strong>: La exposici\u00f3n al sol genera radicales libres que da\u00f1an las c\u00e9lulas de la piel, acelerando el envejecimiento cut\u00e1neo.<\/li>\n<li><strong>Inflamaci\u00f3n cr\u00f3nica<\/strong>: La radiaci\u00f3n solar provoca una inflamaci\u00f3n persistente en la piel, lo que puede contribuir a la hiperpigmentaci\u00f3n y al enrojecimiento caracter\u00edsticos de la poiquilodermia.<\/li>\n<\/ul>\n<p>Adem\u00e1s, el da\u00f1o solar es acumulativo, lo que significa que los efectos se van manifestando con el paso de los a\u00f1os. Por ello, esta afecci\u00f3n es m\u00e1s frecuente en personas de <strong>mediana edad y adultos mayores<\/strong>, especialmente en aquellas con piel clara que han estado expuestas al sol sin protecci\u00f3n durante largos per\u00edodos de tiempo.<\/p>\n<h3>2. Predisposici\u00f3n gen\u00e9tica<\/h3>\n<p>Si bien la poiquilodermia de Civatte es una enfermedad adquirida, algunos estudios sugieren que <strong>factores gen\u00e9ticos<\/strong> pueden influir en su desarrollo. La tendencia a padecer hiperpigmentaci\u00f3n, da\u00f1o solar prematuro y alteraciones en la respuesta inflamatoria de la piel pueden heredarse.<\/p>\n<ul>\n<li>Personas con antecedentes familiares de <strong>piel sensible o propensa a la hiperpigmentaci\u00f3n<\/strong> pueden tener un mayor riesgo de desarrollar esta afecci\u00f3n.<\/li>\n<li>Factores gen\u00e9ticos tambi\u00e9n pueden influir en la capacidad de la piel para repararse despu\u00e9s de la exposici\u00f3n solar, lo que agrava el da\u00f1o acumulativo.<\/li>\n<\/ul>\n<h3>3. Uso de perfumes y cosm\u00e9ticos fotosensibilizantes<\/h3>\n<p>El uso de ciertos productos cosm\u00e9ticos y perfumes en la zona del cuello y escote puede aumentar la sensibilidad de la piel a la radiaci\u00f3n UV y favorecer la aparici\u00f3n de poiquilodermia. Esto se debe a la presencia de <strong>sustancias fotosensibilizantes<\/strong>, que reaccionan con la luz solar y provocan una pigmentaci\u00f3n desigual.<\/p>\n<p>Algunas sustancias comunes que pueden desencadenar este efecto incluyen:<\/p>\n<ul>\n<li><strong>Bergapteno y furocumarinas<\/strong>, presentes en perfumes c\u00edtricos (como los de naranja, lim\u00f3n y bergamota).<\/li>\n<li><strong>Aceites esenciales de lavanda, s\u00e1ndalo y eucalipto<\/strong>, que pueden aumentar la reactividad de la piel al sol.<\/li>\n<li><strong>Alcoholes y colorantes<\/strong> en algunos cosm\u00e9ticos y cremas.<\/li>\n<\/ul>\n<p>Este fen\u00f3meno, conocido como <strong>fototoxicidad<\/strong>, puede explicar por qu\u00e9 la poiquilodermia de Civatte suele respetar la zona bajo la barbilla, ya que esta regi\u00f3n recibe menos radiaci\u00f3n solar y suele estar menos expuesta a perfumes y productos cosm\u00e9ticos.<\/p>\n<h3>4. Cambios hormonales relacionados con la edad<\/h3>\n<p>El envejecimiento cut\u00e1neo juega un papel clave en la aparici\u00f3n de la poiquilodermia de Civatte. Con el paso del tiempo, la piel pierde su capacidad de <strong>regenerarse y defenderse<\/strong> frente a agresiones externas como la radiaci\u00f3n UV.<\/p>\n<p>Algunos cambios hormonales que influyen en este proceso incluyen:<\/p>\n<ul>\n<li><strong>Disminuci\u00f3n de estr\u00f3genos en mujeres posmenop\u00e1usicas<\/strong>, lo que provoca una piel m\u00e1s delgada, seca y fr\u00e1gil.<\/li>\n<li><strong>Alteraci\u00f3n en la producci\u00f3n de melanina<\/strong>, lo que favorece la aparici\u00f3n de manchas irregulares y enrojecimiento.<\/li>\n<\/ul>\n<p>Estos factores hacen que la piel sea m\u00e1s susceptible al fotoda\u00f1o y a los cambios vasculares caracter\u00edsticos de la poiquilodermia.<\/p>\n<h3>5. Tabaquismo y contaminaci\u00f3n ambiental<\/h3>\n<p>El estilo de vida y la exposici\u00f3n a factores ambientales tambi\u00e9n juegan un papel importante en la salud de la piel.<\/p>\n<ul>\n<li><strong>Tabaquismo:<\/strong> Las sustancias t\u00f3xicas del tabaco <strong>reducen la oxigenaci\u00f3n de la piel<\/strong>, favorecen la inflamaci\u00f3n cr\u00f3nica y aceleran la degradaci\u00f3n del col\u00e1geno. Esto contribuye a la fragilidad capilar y al envejecimiento prematuro.<\/li>\n<li><strong>Contaminaci\u00f3n ambiental:<\/strong> La exposici\u00f3n a part\u00edculas contaminantes genera <strong>estr\u00e9s oxidativo<\/strong> en la piel, lo que puede aumentar la inflamaci\u00f3n y agravar el da\u00f1o solar.<\/li>\n<\/ul>\n<p>La poiquilodermia de Civatte es una afecci\u00f3n compleja en la que intervienen <strong>factores ambientales, gen\u00e9ticos y hormonales<\/strong>. Aunque la exposici\u00f3n solar es el principal desencadenante, el uso de productos fotosensibilizantes, el envejecimiento y h\u00e1bitos como el tabaquismo pueden agravar sus manifestaciones. Por ello, la <strong>prevenci\u00f3n<\/strong> mediante la protecci\u00f3n solar, el uso adecuado de cosm\u00e9ticos y el cuidado de la piel es clave para evitar su desarrollo y progresi\u00f3n.<\/p>\n<\/div><div class=\"fusion-clearfix\"><\/div><\/div><\/div><\/div><\/div><div class=\"fusion-fullwidth fullwidth-box fusion-builder-row-5 nonhundred-percent-fullwidth non-hundred-percent-height-scrolling\" style=\"--awb-border-radius-top-left:0px;--awb-border-radius-top-right:0px;--awb-border-radius-bottom-right:0px;--awb-border-radius-bottom-left:0px;--awb-flex-wrap:wrap;\" ><div class=\"fusion-builder-row fusion-row\"><div class=\"fusion-layout-column fusion_builder_column fusion-builder-column-5 fusion_builder_column_1_1 1_1 fusion-one-full fusion-column-first fusion-column-last\" style=\"--awb-bg-size:cover;\"><div class=\"fusion-column-wrapper fusion-flex-column-wrapper-legacy\"><div class=\"fusion-sep-clear\"><\/div><div class=\"fusion-separator fusion-full-width-sep\" style=\"margin-left: auto;margin-right: auto;width:100%;\"><div class=\"fusion-separator-border sep-double\" style=\"--awb-height:20px;--awb-amount:20px;border-color:#e0dede;border-top-width:1px;border-bottom-width:1px;\"><\/div><\/div><div class=\"fusion-sep-clear\"><\/div><div class=\"fusion-clearfix\"><\/div><\/div><\/div><\/div><\/div><div class=\"fusion-fullwidth fullwidth-box fusion-builder-row-6 nonhundred-percent-fullwidth non-hundred-percent-height-scrolling\" style=\"--awb-border-radius-top-left:0px;--awb-border-radius-top-right:0px;--awb-border-radius-bottom-right:0px;--awb-border-radius-bottom-left:0px;--awb-flex-wrap:wrap;\" ><div class=\"fusion-builder-row fusion-row\"><div class=\"fusion-layout-column fusion_builder_column fusion-builder-column-6 fusion_builder_column_1_1 1_1 fusion-one-full fusion-column-first fusion-column-last\" style=\"--awb-bg-size:cover;\"><div class=\"fusion-column-wrapper fusion-flex-column-wrapper-legacy\"><div class=\"fusion-text fusion-text-4\"><h2>S\u00edntomas y diagn\u00f3stico de la poiquilodermia de Civatte<\/h2>\n<p>La <strong>poiquilodermia de Civatte<\/strong> es una afecci\u00f3n cut\u00e1nea que se desarrolla de forma progresiva y se manifiesta con una serie de cambios visibles en la piel del cuello, el escote y, en algunos casos, en la cara. Aunque no suele causar molestias f\u00edsicas como dolor o picaz\u00f3n, sus efectos est\u00e9ticos pueden generar preocupaci\u00f3n en quienes la padecen.<\/p>\n<h3>S\u00edntomas caracter\u00edsticos<\/h3>\n<p>La poiquilodermia de Civatte se distingue por una serie de signos cl\u00ednicos que afectan la apariencia y la estructura de la piel. Estos s\u00edntomas var\u00edan en intensidad dependiendo de factores como la <strong>duraci\u00f3n de la exposici\u00f3n solar, el tipo de piel y la predisposici\u00f3n gen\u00e9tica<\/strong>.<\/p>\n<h4>1. Aparici\u00f3n de manchas rojas y marrones<\/h4>\n<p>Uno de los signos m\u00e1s evidentes de esta afecci\u00f3n es la <strong>hiperpigmentaci\u00f3n y el eritema<\/strong>, lo que da lugar a la aparici\u00f3n de <strong>manchas irregulares<\/strong> en las zonas expuestas al sol, principalmente el <strong>cuello y el escote<\/strong>.<\/p>\n<ul>\n<li><strong>Manchas marrones o rojizas<\/strong>: Estas variaciones en la pigmentaci\u00f3n se deben a una combinaci\u00f3n de hiperpigmentaci\u00f3n postinflamatoria y cambios vasculares.<\/li>\n<li><strong>Distribuci\u00f3n irregular<\/strong>: Las manchas pueden presentarse en forma de parches dispersos o \u00e1reas m\u00e1s extensas de piel afectada.<\/li>\n<li><strong>Progresi\u00f3n gradual<\/strong>: En las primeras etapas, la piel puede verse ligeramente enrojecida despu\u00e9s de la exposici\u00f3n al sol, pero con el tiempo, las manchas se vuelven permanentes.<\/li>\n<\/ul>\n<h4>2. Piel fina y con aspecto envejecido (atrofia cut\u00e1nea)<\/h4>\n<p>Otro s\u00edntoma clave es el <strong>adelgazamiento progresivo de la piel<\/strong>, una consecuencia del da\u00f1o acumulativo en las fibras de col\u00e1geno y elastina debido a la radiaci\u00f3n ultravioleta.<\/p>\n<ul>\n<li><strong>Fragilidad cut\u00e1nea<\/strong>: La piel afectada pierde su firmeza y resistencia, lo que la hace m\u00e1s propensa a lesiones o irritaciones.<\/li>\n<li><strong>Apariencia arrugada y seca<\/strong>: La poiquilodermia de Civatte contribuye a un envejecimiento prematuro de la piel en las \u00e1reas expuestas.<\/li>\n<li><strong>Menor capacidad de regeneraci\u00f3n<\/strong>: A medida que la enfermedad avanza, la piel pierde su capacidad de repararse tras la exposici\u00f3n solar.<\/li>\n<\/ul>\n<h4>3. Respeto de la zona bajo la barbilla<\/h4>\n<p>Una caracter\u00edstica distintiva de la poiquilodermia de Civatte es que <strong>la piel situada debajo de la barbilla permanece sana y sin lesiones<\/strong>.<\/p>\n<ul>\n<li>Este fen\u00f3meno se debe a que la barbilla proyecta sombra sobre la zona subyacente, reduciendo significativamente la exposici\u00f3n a la radiaci\u00f3n ultravioleta.<\/li>\n<li>Adem\u00e1s, esta zona suele estar menos expuesta a productos fotosensibilizantes, como perfumes y cosm\u00e9ticos, que pueden contribuir a la afecci\u00f3n.<\/li>\n<\/ul>\n<p>Este patr\u00f3n de afectaci\u00f3n es un <strong>indicador clave<\/strong> para el diagn\u00f3stico diferencial de la enfermedad.<\/p>\n<h4>4. Telangiectasias (vasos sangu\u00edneos dilatados visibles en la piel)<\/h4>\n<p>Las <strong>telangiectasias<\/strong> o ara\u00f1as vasculares son peque\u00f1as dilataciones de los capilares sangu\u00edneos superficiales que se hacen visibles en la piel como l\u00edneas finas de color rojo o viol\u00e1ceo.<\/p>\n<ul>\n<li>Su aparici\u00f3n est\u00e1 relacionada con la <strong>degradaci\u00f3n de las paredes capilares<\/strong> debido a la radiaci\u00f3n UV y el envejecimiento.<\/li>\n<li>En algunos casos, pueden provocar un leve enrojecimiento persistente en la piel, acentuando la apariencia moteada caracter\u00edstica de la poiquilodermia.<\/li>\n<li>Se observan principalmente en el escote y los laterales del cuello, aunque tambi\u00e9n pueden aparecer en el rostro.<\/li>\n<\/ul>\n<h2>Diagn\u00f3stico de la poiquilodermia de Civatte<\/h2>\n<p>El diagn\u00f3stico de esta afecci\u00f3n es principalmente cl\u00ednico y se basa en la <strong>evaluaci\u00f3n visual de la piel<\/strong> por parte de un dermat\u00f3logo. Sin embargo, en algunos casos pueden emplearse t\u00e9cnicas complementarias para confirmar el diagn\u00f3stico y descartar otras patolog\u00edas con s\u00edntomas similares.<\/p>\n<h3>1. Examen cl\u00ednico y anamnesis<\/h3>\n<p>El especialista realizar\u00e1 un examen detallado de la piel, tomando en cuenta:<\/p>\n<ul>\n<li><strong>Distribuci\u00f3n de las manchas<\/strong> en cuello, escote y cara.<\/li>\n<li><strong>Patr\u00f3n de afectaci\u00f3n<\/strong>, incluyendo la preservaci\u00f3n de la zona bajo la barbilla.<\/li>\n<li><strong>Presencia de telangiectasias y atrofia cut\u00e1nea<\/strong>.<\/li>\n<li><strong>Historial de exposici\u00f3n solar prolongada<\/strong> y h\u00e1bitos de cuidado de la piel.<\/li>\n<li><strong>Uso de productos cosm\u00e9ticos y perfumes fotosensibilizantes<\/strong>.<\/li>\n<\/ul>\n<h3>2. Dermatoscopia<\/h3>\n<p>La <strong>dermatoscopia digital<\/strong> es una t\u00e9cnica no invasiva que permite examinar la piel con mayor detalle mediante una lupa de aumento con iluminaci\u00f3n especial.<\/p>\n<ul>\n<li>Ayuda a visualizar <strong>los vasos sangu\u00edneos dilatados (telangiectasias) y las variaciones en la pigmentaci\u00f3n<\/strong> con mayor precisi\u00f3n.<\/li>\n<li>Puede revelar <strong>patrones caracter\u00edsticos de da\u00f1o solar<\/strong>, lo que facilita el diagn\u00f3stico diferencial con otras enfermedades dermatol\u00f3gicas.<\/li>\n<\/ul>\n<h3>3. Biopsia de piel (en casos at\u00edpicos o dudosos)<\/h3>\n<p>En casos donde el diagn\u00f3stico no sea claro o se sospeche otra afecci\u00f3n dermatol\u00f3gica, se puede realizar una <strong>biopsia cut\u00e1nea<\/strong>.<\/p>\n<ul>\n<li>Se extrae una peque\u00f1a muestra de piel para su an\u00e1lisis en el laboratorio.<\/li>\n<li>Permite descartar otras enfermedades con manifestaciones similares, como la dermatitis act\u00ednica cr\u00f3nica o ciertas formas de lupus cut\u00e1neo.<\/li>\n<\/ul>\n<h3>4. Diagn\u00f3stico diferencial<\/h3>\n<p>Existen otras condiciones que pueden presentar s\u00edntomas similares a la poiquilodermia de Civatte, por lo que el dermat\u00f3logo debe diferenciarlas adecuadamente:<\/p>\n<table>\n<thead>\n<tr>\n<th>Enfermedad<\/th>\n<th>Diferencias principales<\/th>\n<\/tr>\n<\/thead>\n<tbody>\n<tr>\n<td><strong>Melasma<\/strong><\/td>\n<td>Manchas marrones difusas, sin telangiectasias, exacerbadas por hormonas.<\/td>\n<\/tr>\n<tr>\n<td><strong>Lupus cut\u00e1neo<\/strong><\/td>\n<td>Enrojecimiento con descamaci\u00f3n, afecta otras \u00e1reas expuestas al sol.<\/td>\n<\/tr>\n<tr>\n<td><strong>Dermatitis act\u00ednica cr\u00f3nica<\/strong><\/td>\n<td>Inflamaci\u00f3n m\u00e1s intensa y engrosamiento de la piel.<\/td>\n<\/tr>\n<tr>\n<td><strong>Fotodermatosis<\/strong><\/td>\n<td>Reacci\u00f3n cut\u00e1nea tras exposici\u00f3n solar, con picaz\u00f3n y descamaci\u00f3n.<\/td>\n<\/tr>\n<\/tbody>\n<\/table>\n<\/div><div class=\"fusion-clearfix\"><\/div><\/div><\/div><\/div><\/div><div class=\"fusion-fullwidth fullwidth-box fusion-builder-row-7 nonhundred-percent-fullwidth non-hundred-percent-height-scrolling\" style=\"--awb-border-radius-top-left:0px;--awb-border-radius-top-right:0px;--awb-border-radius-bottom-right:0px;--awb-border-radius-bottom-left:0px;--awb-flex-wrap:wrap;\" ><div class=\"fusion-builder-row fusion-row\"><div class=\"fusion-layout-column fusion_builder_column fusion-builder-column-7 fusion_builder_column_1_1 1_1 fusion-one-full fusion-column-first fusion-column-last\" style=\"--awb-bg-size:cover;\"><div class=\"fusion-column-wrapper fusion-flex-column-wrapper-legacy\"><div class=\"fusion-sep-clear\"><\/div><div class=\"fusion-separator fusion-full-width-sep\" style=\"margin-left: auto;margin-right: auto;width:100%;\"><div class=\"fusion-separator-border sep-double\" style=\"--awb-height:20px;--awb-amount:20px;border-color:#e0dede;border-top-width:1px;border-bottom-width:1px;\"><\/div><\/div><div class=\"fusion-sep-clear\"><\/div><div class=\"fusion-clearfix\"><\/div><\/div><\/div><\/div><\/div><div class=\"fusion-fullwidth fullwidth-box fusion-builder-row-8 nonhundred-percent-fullwidth non-hundred-percent-height-scrolling\" style=\"--awb-border-radius-top-left:0px;--awb-border-radius-top-right:0px;--awb-border-radius-bottom-right:0px;--awb-border-radius-bottom-left:0px;--awb-flex-wrap:wrap;\" ><div class=\"fusion-builder-row fusion-row\"><div class=\"fusion-layout-column fusion_builder_column fusion-builder-column-8 fusion_builder_column_1_1 1_1 fusion-one-full fusion-column-first fusion-column-last\" style=\"--awb-bg-size:cover;\"><div class=\"fusion-column-wrapper fusion-flex-column-wrapper-legacy\"><div class=\"fusion-text fusion-text-5\"><p>Los s\u00edntomas de la poiquilodermia de Civatte son principalmente <strong>cambios en la pigmentaci\u00f3n y estructura de la piel<\/strong>, afectando el cuello y el escote de manera caracter\u00edstica. Aunque la enfermedad no provoca molestias f\u00edsicas, puede generar preocupaci\u00f3n est\u00e9tica. Su diagn\u00f3stico se basa en la evaluaci\u00f3n cl\u00ednica, apoyada en herramientas como la dermatoscopia, y en casos at\u00edpicos, la biopsia de piel. Un diagn\u00f3stico temprano permite implementar medidas de tratamiento y prevenci\u00f3n que pueden mejorar significativamente su apariencia.<\/p>\n<\/div><div class=\"fusion-clearfix\"><\/div><\/div><\/div><\/div><\/div><div class=\"fusion-fullwidth fullwidth-box fusion-builder-row-9 nonhundred-percent-fullwidth non-hundred-percent-height-scrolling\" style=\"--awb-border-radius-top-left:0px;--awb-border-radius-top-right:0px;--awb-border-radius-bottom-right:0px;--awb-border-radius-bottom-left:0px;--awb-flex-wrap:wrap;\" ><div class=\"fusion-builder-row fusion-row\"><div class=\"fusion-layout-column fusion_builder_column fusion-builder-column-9 fusion_builder_column_1_1 1_1 fusion-one-full fusion-column-first fusion-column-last\" style=\"--awb-bg-size:cover;\"><div class=\"fusion-column-wrapper fusion-flex-column-wrapper-legacy\"><div class=\"fusion-text fusion-text-6\"><h2>Tratamientos disponibles para la poiquilodermia de Civatte<\/h2>\n<p>La <strong>poiquilodermia de Civatte<\/strong> es una afecci\u00f3n cut\u00e1nea cr\u00f3nica sin una cura definitiva, pero existen diversas estrategias terap\u00e9uticas que pueden mejorar significativamente su apariencia. El tratamiento se centra en <strong>reducir la hiperpigmentaci\u00f3n, atenuar el enrojecimiento y mejorar la calidad de la piel<\/strong>, adem\u00e1s de adoptar medidas preventivas para evitar su progresi\u00f3n.<\/p>\n<h3>1. Tratamientos t\u00f3picos: despigmentaci\u00f3n y regeneraci\u00f3n cut\u00e1nea<\/h3>\n<p>Los tratamientos t\u00f3picos pueden ser \u00fatiles en los casos m\u00e1s leves o como complemento a terapias m\u00e1s avanzadas. Se emplean cremas y sueros con principios activos que ayudan a <strong>reducir la pigmentaci\u00f3n y mejorar la textura de la piel<\/strong>.<\/p>\n<h4><strong>a) Cremas despigmentantes<\/strong><\/h4>\n<p>La hiperpigmentaci\u00f3n caracter\u00edstica de la poiquilodermia de Civatte puede tratarse con activos despigmentantes que regulan la producci\u00f3n de melanina.<\/p>\n<ul>\n<li><strong>Hidroquinona<\/strong> (2-4%): Es uno de los despigmentantes m\u00e1s efectivos, ya que inhibe la tirosinasa, la enzima clave en la producci\u00f3n de melanina. Sin embargo, su uso prolongado debe ser supervisado por un dermat\u00f3logo debido al riesgo de irritaci\u00f3n y efectos secundarios.<\/li>\n<li><strong>\u00c1cido k\u00f3jico<\/strong>: Tiene propiedades aclarantes y antioxidantes, siendo una alternativa a la hidroquinona para pieles sensibles.<\/li>\n<li><strong>\u00c1cido azelaico<\/strong>: Reduce la hiperpigmentaci\u00f3n postinflamatoria y posee propiedades antiinflamatorias.<\/li>\n<li><strong>Retinoides (tretino\u00edna, retinol, adapaleno)<\/strong>: Favorecen la renovaci\u00f3n celular y la producci\u00f3n de col\u00e1geno, ayudando a mejorar la textura de la piel y reduciendo el oscurecimiento.<\/li>\n<\/ul>\n<h4><strong>b) Antioxidantes y agentes reparadores<\/strong><\/h4>\n<p>Los antioxidantes son esenciales en el tratamiento de la poiquilodermia de Civatte, ya que <strong>neutralizan los radicales libres y previenen el da\u00f1o oxidativo<\/strong> inducido por la radiaci\u00f3n solar.<\/p>\n<ul>\n<li><strong>Vitamina C (\u00e1cido asc\u00f3rbico)<\/strong>: Potente antioxidante que aclara las manchas y estimula la s\u00edntesis de col\u00e1geno. Su combinaci\u00f3n con la vitamina E y el \u00e1cido fer\u00falico potencia sus efectos.<\/li>\n<li><strong>Niacinamida<\/strong>: Reduce la inflamaci\u00f3n y mejora la funci\u00f3n barrera de la piel, disminuyendo el enrojecimiento.<\/li>\n<li><strong>\u00c1cido hialur\u00f3nico<\/strong>: Ayuda a hidratar y fortalecer la piel, mejorando su elasticidad y reduciendo la atrofia cut\u00e1nea.<\/li>\n<\/ul>\n<p>El uso de estos tratamientos debe combinarse con <strong>protecci\u00f3n solar diaria<\/strong>, ya que la exposici\u00f3n a los rayos UV puede anular sus efectos y empeorar la poiquilodermia.<\/p>\n<h3>2. Terapias con l\u00e1ser y luz pulsada: correcci\u00f3n de manchas y telangiectasias<\/h3>\n<p>Cuando los tratamientos t\u00f3picos no son suficientes, los procedimientos dermatol\u00f3gicos con <a href=\"https:\/\/www.consultant360.com\/articles\/poikiloderma-civatte\">tecnolog\u00eda l\u00e1ser para la poiquilodermia de Civatte<\/a> son una opci\u00f3n altamente efectiva para tratar los signos de la enfermedad.<\/p>\n<h4><strong>a) L\u00e1ser vascular (Nd:YAG, IPL)<\/strong><\/h4>\n<p>Los l\u00e1seres vasculares est\u00e1n dise\u00f1ados para <strong>eliminar las telangiectasias y reducir el enrojecimiento<\/strong> asociado a la enfermedad.<\/p>\n<ul>\n<li><strong>L\u00e1ser Nd:YAG de pulso largo<\/strong>: Act\u00faa sobre los vasos sangu\u00edneos dilatados, coagula la hemoglobina y reduce las telangiectasias sin da\u00f1ar la piel circundante.<\/li>\n<li><strong>Luz Pulsada Intensa (IPL)<\/strong>: Es una de las terapias m\u00e1s utilizadas para tratar la poiquilodermia. Su longitud de onda permite abordar tanto el enrojecimiento como la hiperpigmentaci\u00f3n, uniformizando el tono de la piel.<\/li>\n<\/ul>\n<p>Los tratamientos con l\u00e1ser suelen requerir entre <strong>3 y 6 sesiones<\/strong>, dependiendo de la gravedad del caso, y deben ser realizados por un especialista en dermatolog\u00eda est\u00e9tica.<\/p>\n<h4><strong>b) L\u00e1ser fraccionado: mejora de la textura cut\u00e1nea<\/strong><\/h4>\n<p>El l\u00e1ser fraccionado es eficaz para tratar la <strong>atrofia cut\u00e1nea y el envejecimiento prematuro<\/strong> asociados a la poiquilodermia de Civatte.<\/p>\n<ul>\n<li><strong>L\u00e1ser CO\u2082 fraccionado y Erbio-YAG<\/strong>: Promueven la regeneraci\u00f3n de la piel estimulando la producci\u00f3n de col\u00e1geno, mejorando la firmeza y reduciendo la apariencia de las arrugas.<\/li>\n<li><strong>Radiofrecuencia fraccionada<\/strong>: Aunque no es un l\u00e1ser propiamente dicho, esta t\u00e9cnica utiliza energ\u00eda electromagn\u00e9tica para estimular la reparaci\u00f3n de la piel sin afectar la epidermis.<\/li>\n<\/ul>\n<p>Estos tratamientos requieren un periodo de recuperaci\u00f3n corto, pero pueden producir <strong>enrojecimiento y descamaci\u00f3n temporal<\/strong>. Su combinaci\u00f3n con cremas regeneradoras y protecci\u00f3n solar es fundamental para maximizar los resultados.<\/p>\n<\/div><div class=\"fusion-clearfix\"><\/div><\/div><\/div><\/div><\/div><div class=\"fusion-fullwidth fullwidth-box fusion-builder-row-10 nonhundred-percent-fullwidth non-hundred-percent-height-scrolling\" style=\"--awb-border-radius-top-left:0px;--awb-border-radius-top-right:0px;--awb-border-radius-bottom-right:0px;--awb-border-radius-bottom-left:0px;--awb-flex-wrap:wrap;\" ><div class=\"fusion-builder-row fusion-row\"><div class=\"fusion-layout-column fusion_builder_column fusion-builder-column-10 fusion_builder_column_1_2 1_2 fusion-one-half fusion-column-first\" style=\"--awb-bg-size:cover;width:50%;width:calc(50% - ( ( 4% ) * 0.5 ) );margin-right: 4%;\"><div class=\"fusion-column-wrapper fusion-flex-column-wrapper-legacy\"><div class=\"fusion-text fusion-text-7\"><h3>Imagen tomada antes de las sesiones con IPL<\/h3>\n<\/div><div class=\"fusion-image-element in-legacy-container\" style=\"--awb-caption-title-font-family:var(--h2_typography-font-family);--awb-caption-title-font-weight:var(--h2_typography-font-weight);--awb-caption-title-font-style:var(--h2_typography-font-style);--awb-caption-title-size:var(--h2_typography-font-size);--awb-caption-title-transform:var(--h2_typography-text-transform);--awb-caption-title-line-height:var(--h2_typography-line-height);--awb-caption-title-letter-spacing:var(--h2_typography-letter-spacing);\"><span class=\" fusion-imageframe imageframe-none imageframe-2 hover-type-none\"><img decoding=\"async\" width=\"235\" height=\"300\" alt=\"Foto antes del tratamiento con IPL\u00b4.\" title=\"Poiquilodermia de Civatte\" src=\"https:\/\/www.idermic.es\/wp-content\/uploads\/2025\/03\/Poiquilodermia-de-Civatte-3-235x300.jpg\" class=\"img-responsive wp-image-7239\" srcset=\"https:\/\/www.idermic.es\/wp-content\/uploads\/2025\/03\/Poiquilodermia-de-Civatte-3-200x255.jpg 200w, https:\/\/www.idermic.es\/wp-content\/uploads\/2025\/03\/Poiquilodermia-de-Civatte-3-400x510.jpg 400w, https:\/\/www.idermic.es\/wp-content\/uploads\/2025\/03\/Poiquilodermia-de-Civatte-3.jpg 487w\" sizes=\"(max-width: 800px) 100vw, 235px\" \/><\/span><\/div><div class=\"fusion-clearfix\"><\/div><\/div><\/div><div class=\"fusion-layout-column fusion_builder_column fusion-builder-column-11 fusion_builder_column_1_2 1_2 fusion-one-half fusion-column-last\" style=\"--awb-bg-size:cover;width:50%;width:calc(50% - ( ( 4% ) * 0.5 ) );\"><div class=\"fusion-column-wrapper fusion-flex-column-wrapper-legacy\"><div class=\"fusion-text fusion-text-8\"><h3>Imagen tomada despu\u00e9s de dos sesiones con IPL<\/h3>\n<\/div><div class=\"fusion-image-element in-legacy-container\" style=\"--awb-caption-title-font-family:var(--h2_typography-font-family);--awb-caption-title-font-weight:var(--h2_typography-font-weight);--awb-caption-title-font-style:var(--h2_typography-font-style);--awb-caption-title-size:var(--h2_typography-font-size);--awb-caption-title-transform:var(--h2_typography-text-transform);--awb-caption-title-line-height:var(--h2_typography-line-height);--awb-caption-title-letter-spacing:var(--h2_typography-letter-spacing);\"><span class=\" fusion-imageframe imageframe-none imageframe-3 hover-type-none\"><img decoding=\"async\" width=\"255\" height=\"300\" alt=\"Foto despu\u00e9s de 2 sesiones con IPL.\" title=\"Poiquilodermia de Civatte-2\" src=\"https:\/\/www.idermic.es\/wp-content\/uploads\/2025\/03\/Poiquilodermia-de-Civatte-2-255x300.jpg\" class=\"img-responsive wp-image-7235\" srcset=\"https:\/\/www.idermic.es\/wp-content\/uploads\/2025\/03\/Poiquilodermia-de-Civatte-2-200x235.jpg 200w, https:\/\/www.idermic.es\/wp-content\/uploads\/2025\/03\/Poiquilodermia-de-Civatte-2-400x470.jpg 400w, https:\/\/www.idermic.es\/wp-content\/uploads\/2025\/03\/Poiquilodermia-de-Civatte-2.jpg 489w\" sizes=\"(max-width: 800px) 100vw, 255px\" \/><\/span><\/div><div class=\"fusion-clearfix\"><\/div><\/div><\/div><\/div><\/div><div class=\"fusion-fullwidth fullwidth-box fusion-builder-row-11 nonhundred-percent-fullwidth non-hundred-percent-height-scrolling\" style=\"--awb-border-radius-top-left:0px;--awb-border-radius-top-right:0px;--awb-border-radius-bottom-right:0px;--awb-border-radius-bottom-left:0px;--awb-flex-wrap:wrap;\" ><div class=\"fusion-builder-row fusion-row\"><div class=\"fusion-layout-column fusion_builder_column fusion-builder-column-12 fusion_builder_column_1_1 1_1 fusion-one-full fusion-column-first fusion-column-last\" style=\"--awb-bg-size:cover;\"><div class=\"fusion-column-wrapper fusion-flex-column-wrapper-legacy\"><div class=\"fusion-text fusion-text-9\"><h3>3. Medidas preventivas: clave para evitar la progresi\u00f3n de la enfermedad<\/h3>\n<p>Dado que la <strong>exposici\u00f3n solar es el principal desencadenante<\/strong> de la poiquilodermia de Civatte, la\u00a0<a href=\"https:\/\/www.mayoclinic.org\/diseases-conditions\/sunburn\/in-depth\/sun-damage\/art-20546834\"><strong>protecci\u00f3n solar y prevenci\u00f3n de da\u00f1o act\u00ednico<\/strong><\/a> es fundamental para evitar su progresi\u00f3n y mejorar la efectividad de los tratamientos.<\/p>\n<h4><strong>a) Uso de protector solar de amplio espectro<\/strong><\/h4>\n<p>El <strong>fotoprotector diario<\/strong> es el pilar fundamental en la prevenci\u00f3n de la poiquilodermia. Se recomienda:<\/p>\n<ul>\n<li><strong>Filtro solar SPF 50+<\/strong>, con protecci\u00f3n contra rayos <strong>UVA, UVB e infrarrojos<\/strong>.<\/li>\n<li>Formulaciones en <strong>crema o loci\u00f3n<\/strong> para mejorar la adhesi\u00f3n en la zona del cuello y escote.<\/li>\n<li>Reaplicaci\u00f3n cada <strong>2-3 horas<\/strong>, especialmente en d\u00edas soleados o despu\u00e9s de sudar.<\/li>\n<\/ul>\n<p>El uso de fotoprotectores con <strong>antioxidantes a\u00f1adidos<\/strong> (vitamina C, E, niacinamida) puede potenciar su efecto protector y ayudar a combatir el estr\u00e9s oxidativo.<\/p>\n<h4><strong>b) Evitar productos fotosensibilizantes<\/strong><\/h4>\n<p>Ciertos ingredientes en perfumes y cosm\u00e9ticos pueden <strong>aumentar la sensibilidad de la piel a la radiaci\u00f3n UV<\/strong>, favoreciendo la hiperpigmentaci\u00f3n. Se recomienda:<\/p>\n<ul>\n<li>Evitar la aplicaci\u00f3n de <strong>perfumes y colonias<\/strong> en el cuello y escote, especialmente aquellos con extractos c\u00edtricos como bergamota, lim\u00f3n o naranja amarga.<\/li>\n<li>Usar productos cosm\u00e9ticos y cremas sin <strong>alcoholes y aceites esenciales fotosensibilizantes<\/strong>.<\/li>\n<\/ul>\n<h4><strong>c) Ropa protectora y cambios en el estilo de vida<\/strong><\/h4>\n<ul>\n<li>Utilizar prendas de <strong>tejido transpirable con protecci\u00f3n UV<\/strong> para reducir la exposici\u00f3n solar.<\/li>\n<li>Emplear <strong>sombreros de ala ancha<\/strong> para proteger el cuello del sol directo.<\/li>\n<li>Evitar la exposici\u00f3n solar en <strong>las horas de mayor radiaci\u00f3n<\/strong> (entre las 10:00 y las 16:00 horas).<\/li>\n<li><strong>No fumar<\/strong>, ya que el tabaquismo agrava el da\u00f1o oxidativo en la piel y acelera su envejecimiento.<\/li>\n<\/ul>\n<p>El tratamiento de la poiquilodermia de Civatte requiere un enfoque integral que combine <strong>terapias t\u00f3picas, procedimientos con l\u00e1ser y medidas preventivas<\/strong>. Mientras que las cremas despigmentantes y antioxidantes pueden mejorar la pigmentaci\u00f3n, las terapias con luz pulsada y l\u00e1ser ofrecen una soluci\u00f3n m\u00e1s efectiva para eliminar las telangiectasias y mejorar la textura de la piel. La prevenci\u00f3n mediante el <strong>uso constante de protector solar y la evitaci\u00f3n de productos fotosensibilizantes<\/strong> es fundamental para evitar el avance de la enfermedad y prolongar los efectos de los tratamientos. Consultar a un dermat\u00f3logo es esencial para elegir la mejor estrategia terap\u00e9utica seg\u00fan el caso individual.<\/p>\n<p>Para cualquier consulta sobre esta alteraci\u00f3n cr\u00f3nica de la piel causada por la exposici\u00f3n solar, en Idermic, tu <a href=\"http:\/\/idermic.es\/\">dermat\u00f3logo en Terrassa<\/a> estaremos encantados de atenderte.<\/p>\n<\/div><div class=\"fusion-clearfix\"><\/div><\/div><\/div><\/div><\/div><div class=\"fusion-fullwidth fullwidth-box fusion-builder-row-12 nonhundred-percent-fullwidth non-hundred-percent-height-scrolling\" style=\"--awb-border-radius-top-left:0px;--awb-border-radius-top-right:0px;--awb-border-radius-bottom-right:0px;--awb-border-radius-bottom-left:0px;--awb-flex-wrap:wrap;\" ><div class=\"fusion-builder-row fusion-row\"><div class=\"fusion-layout-column fusion_builder_column fusion-builder-column-13 fusion_builder_column_1_1 1_1 fusion-one-full fusion-column-first fusion-column-last\" style=\"--awb-bg-size:cover;\"><div class=\"fusion-column-wrapper fusion-flex-column-wrapper-legacy\"><div class=\"fusion-sep-clear\"><\/div><div class=\"fusion-separator fusion-full-width-sep\" style=\"margin-left: auto;margin-right: auto;width:100%;\"><div class=\"fusion-separator-border sep-double\" style=\"--awb-height:20px;--awb-amount:20px;border-color:#e0dede;border-top-width:1px;border-bottom-width:1px;\"><\/div><\/div><div class=\"fusion-sep-clear\"><\/div><div class=\"fusion-clearfix\"><\/div><\/div><\/div><\/div><\/div><div class=\"fusion-fullwidth fullwidth-box fusion-builder-row-13 nonhundred-percent-fullwidth non-hundred-percent-height-scrolling\" style=\"--awb-border-radius-top-left:0px;--awb-border-radius-top-right:0px;--awb-border-radius-bottom-right:0px;--awb-border-radius-bottom-left:0px;--awb-flex-wrap:wrap;\" ><div class=\"fusion-builder-row fusion-row\"><div class=\"fusion-layout-column fusion_builder_column fusion-builder-column-14 fusion_builder_column_1_1 1_1 fusion-one-full fusion-column-first fusion-column-last\" style=\"--awb-bg-size:cover;\"><div class=\"fusion-column-wrapper fusion-flex-column-wrapper-legacy\"><div class=\"fusion-video fusion-youtube\" style=\"--awb-max-width:600px;--awb-max-height:360px;\"><div class=\"video-shortcode\"><div class=\"fluid-width-video-wrapper\" style=\"padding-top:60%;\" ><iframe title=\"YouTube video player 1\" src=\"https:\/\/www.youtube.com\/embed\/kg1p9MG10SY?wmode=transparent&autoplay=0\" width=\"600\" height=\"360\" allowfullscreen allow=\"autoplay; clipboard-write; encrypted-media; gyroscope; picture-in-picture;\"><\/iframe><\/div><\/div><\/div><div class=\"fusion-clearfix\"><\/div><\/div><\/div><\/div><\/div><div class=\"fusion-fullwidth fullwidth-box fusion-builder-row-14 nonhundred-percent-fullwidth non-hundred-percent-height-scrolling\" style=\"--awb-border-radius-top-left:0px;--awb-border-radius-top-right:0px;--awb-border-radius-bottom-right:0px;--awb-border-radius-bottom-left:0px;--awb-flex-wrap:wrap;\" ><div class=\"fusion-builder-row fusion-row\"><div class=\"fusion-layout-column fusion_builder_column fusion-builder-column-15 fusion_builder_column_1_1 1_1 fusion-one-full fusion-column-first fusion-column-last\" style=\"--awb-bg-size:cover;\"><div class=\"fusion-column-wrapper fusion-flex-column-wrapper-legacy\"><div class=\"fusion-sep-clear\"><\/div><div class=\"fusion-separator fusion-full-width-sep\" style=\"margin-left: auto;margin-right: auto;width:100%;\"><div class=\"fusion-separator-border sep-double\" style=\"--awb-height:20px;--awb-amount:20px;border-color:#e0dede;border-top-width:1px;border-bottom-width:1px;\"><\/div><\/div><div class=\"fusion-sep-clear\"><\/div><div class=\"fusion-clearfix\"><\/div><\/div><\/div><\/div><\/div><div class=\"fusion-fullwidth fullwidth-box fusion-builder-row-15 nonhundred-percent-fullwidth non-hundred-percent-height-scrolling\" style=\"--awb-border-radius-top-left:0px;--awb-border-radius-top-right:0px;--awb-border-radius-bottom-right:0px;--awb-border-radius-bottom-left:0px;--awb-flex-wrap:wrap;\" ><div class=\"fusion-builder-row fusion-row\"><div class=\"fusion-layout-column fusion_builder_column fusion-builder-column-16 fusion_builder_column_1_1 1_1 fusion-one-full fusion-column-first fusion-column-last\" style=\"--awb-bg-size:cover;\"><div class=\"fusion-column-wrapper fusion-flex-column-wrapper-legacy\"><blockquote class=\"instagram-media\" data-instgrm-captioned data-instgrm-permalink=\"https:\/\/www.instagram.com\/reel\/DGneLuJIO-P\/?utm_source=ig_embed&utm_campaign=loading\" data-instgrm-version=\"14\" style=\" background:#FFF; border:0; border-radius:3px; box-shadow:0 0 1px 0 rgba(0,0,0,0.5),0 1px 10px 0 rgba(0,0,0,0.15); margin: 1px; max-width:540px; min-width:326px; padding:0; width:99.375%; width:-webkit-calc(100% - 2px); width:calc(100% - 2px);\"><div style=\"padding:16px;\"> <a href=\"https:\/\/www.instagram.com\/reel\/DGneLuJIO-P\/?utm_source=ig_embed&utm_campaign=loading\" style=\" background:#FFFFFF; line-height:0; padding:0 0; text-align:center; text-decoration:none; width:100%;\" target=\"_blank\"> <div style=\" display: flex; flex-direction: row; align-items: center;\"> <div style=\"background-color: #F4F4F4; border-radius: 50%; flex-grow: 0; height: 40px; margin-right: 14px; width: 40px;\"><\/div> <div style=\"display: flex; flex-direction: column; flex-grow: 1; justify-content: center;\"> <div style=\" background-color: #F4F4F4; border-radius: 4px; flex-grow: 0; height: 14px; margin-bottom: 6px; width: 100px;\"><\/div> <div style=\" background-color: #F4F4F4; border-radius: 4px; flex-grow: 0; height: 14px; width: 60px;\"><\/div><\/div><\/div><div style=\"padding: 19% 0;\"><\/div> <div style=\"display:block; height:50px; margin:0 auto 12px; width:50px;\"><svg width=\"50px\" height=\"50px\" viewBox=\"0 0 60 60\" version=\"1.1\" xmlns=\"https:\/\/www.w3.org\/2000\/svg\" xmlns:xlink=\"https:\/\/www.w3.org\/1999\/xlink\"><g stroke=\"none\" stroke-width=\"1\" fill=\"none\" fill-rule=\"evenodd\"><g transform=\"translate(-511.000000, -20.000000)\" fill=\"#000000\"><g><path d=\"M556.869,30.41 C554.814,30.41 553.148,32.076 553.148,34.131 C553.148,36.186 554.814,37.852 556.869,37.852 C558.924,37.852 560.59,36.186 560.59,34.131 C560.59,32.076 558.924,30.41 556.869,30.41 M541,60.657 C535.114,60.657 530.342,55.887 530.342,50 C530.342,44.114 535.114,39.342 541,39.342 C546.887,39.342 551.658,44.114 551.658,50 C551.658,55.887 546.887,60.657 541,60.657 M541,33.886 C532.1,33.886 524.886,41.1 524.886,50 C524.886,58.899 532.1,66.113 541,66.113 C549.9,66.113 557.115,58.899 557.115,50 C557.115,41.1 549.9,33.886 541,33.886 M565.378,62.101 C565.244,65.022 564.756,66.606 564.346,67.663 C563.803,69.06 563.154,70.057 562.106,71.106 C561.058,72.155 560.06,72.803 558.662,73.347 C557.607,73.757 556.021,74.244 553.102,74.378 C549.944,74.521 548.997,74.552 541,74.552 C533.003,74.552 532.056,74.521 528.898,74.378 C525.979,74.244 524.393,73.757 523.338,73.347 C521.94,72.803 520.942,72.155 519.894,71.106 C518.846,70.057 518.197,69.06 517.654,67.663 C517.244,66.606 516.755,65.022 516.623,62.101 C516.479,58.943 516.448,57.996 516.448,50 C516.448,42.003 516.479,41.056 516.623,37.899 C516.755,34.978 517.244,33.391 517.654,32.338 C518.197,30.938 518.846,29.942 519.894,28.894 C520.942,27.846 521.94,27.196 523.338,26.654 C524.393,26.244 525.979,25.756 528.898,25.623 C532.057,25.479 533.004,25.448 541,25.448 C548.997,25.448 549.943,25.479 553.102,25.623 C556.021,25.756 557.607,26.244 558.662,26.654 C560.06,27.196 561.058,27.846 562.106,28.894 C563.154,29.942 563.803,30.938 564.346,32.338 C564.756,33.391 565.244,34.978 565.378,37.899 C565.522,41.056 565.552,42.003 565.552,50 C565.552,57.996 565.522,58.943 565.378,62.101 M570.82,37.631 C570.674,34.438 570.167,32.258 569.425,30.349 C568.659,28.377 567.633,26.702 565.965,25.035 C564.297,23.368 562.623,22.342 560.652,21.575 C558.743,20.834 556.562,20.326 553.369,20.18 C550.169,20.033 549.148,20 541,20 C532.853,20 531.831,20.033 528.631,20.18 C525.438,20.326 523.257,20.834 521.349,21.575 C519.376,22.342 517.703,23.368 516.035,25.035 C514.368,26.702 513.342,28.377 512.574,30.349 C511.834,32.258 511.326,34.438 511.181,37.631 C511.035,40.831 511,41.851 511,50 C511,58.147 511.035,59.17 511.181,62.369 C511.326,65.562 511.834,67.743 512.574,69.651 C513.342,71.625 514.368,73.296 516.035,74.965 C517.703,76.634 519.376,77.658 521.349,78.425 C523.257,79.167 525.438,79.673 528.631,79.82 C531.831,79.965 532.853,80.001 541,80.001 C549.148,80.001 550.169,79.965 553.369,79.82 C556.562,79.673 558.743,79.167 560.652,78.425 C562.623,77.658 564.297,76.634 565.965,74.965 C567.633,73.296 568.659,71.625 569.425,69.651 C570.167,67.743 570.674,65.562 570.82,62.369 C570.966,59.17 571,58.147 571,50 C571,41.851 570.966,40.831 570.82,37.631\"><\/path><\/g><\/g><\/g><\/svg><\/div><div style=\"padding-top: 8px;\"> <div style=\" color:#3897f0; font-family:Arial,sans-serif; font-size:14px; font-style:normal; font-weight:550; line-height:18px;\">Ver esta publicaci\u00f3n en Instagram<\/div><\/div><div style=\"padding: 12.5% 0;\"><\/div> <div style=\"display: flex; flex-direction: row; margin-bottom: 14px; align-items: center;\"><div> <div style=\"background-color: #F4F4F4; border-radius: 50%; height: 12.5px; width: 12.5px; transform: translateX(0px) translateY(7px);\"><\/div> <div style=\"background-color: #F4F4F4; height: 12.5px; transform: rotate(-45deg) translateX(3px) translateY(1px); width: 12.5px; flex-grow: 0; margin-right: 14px; margin-left: 2px;\"><\/div> <div style=\"background-color: #F4F4F4; border-radius: 50%; height: 12.5px; width: 12.5px; transform: translateX(9px) translateY(-18px);\"><\/div><\/div><div style=\"margin-left: 8px;\"> <div style=\" background-color: #F4F4F4; border-radius: 50%; flex-grow: 0; height: 20px; width: 20px;\"><\/div> <div style=\" width: 0; height: 0; border-top: 2px solid transparent; border-left: 6px solid #f4f4f4; border-bottom: 2px solid transparent; transform: translateX(16px) translateY(-4px) rotate(30deg)\"><\/div><\/div><div style=\"margin-left: auto;\"> <div style=\" width: 0px; border-top: 8px solid #F4F4F4; border-right: 8px solid transparent; transform: translateY(16px);\"><\/div> <div style=\" background-color: #F4F4F4; flex-grow: 0; height: 12px; width: 16px; transform: translateY(-4px);\"><\/div> <div style=\" width: 0; height: 0; border-top: 8px solid #F4F4F4; border-left: 8px solid transparent; transform: translateY(-4px) translateX(8px);\"><\/div><\/div><\/div> <div style=\"display: flex; flex-direction: column; flex-grow: 1; justify-content: center; margin-bottom: 24px;\"> <div style=\" background-color: #F4F4F4; border-radius: 4px; flex-grow: 0; height: 14px; margin-bottom: 6px; width: 224px;\"><\/div> <div style=\" background-color: #F4F4F4; border-radius: 4px; flex-grow: 0; height: 14px; width: 144px;\"><\/div><\/div><\/a><p style=\" color:#c9c8cd; font-family:Arial,sans-serif; font-size:14px; line-height:17px; margin-bottom:0; margin-top:8px; overflow:hidden; padding:8px 0 7px; text-align:center; text-overflow:ellipsis; white-space:nowrap;\"><a href=\"https:\/\/www.instagram.com\/reel\/DGneLuJIO-P\/?utm_source=ig_embed&utm_campaign=loading\" style=\" color:#c9c8cd; font-family:Arial,sans-serif; font-size:14px; font-style:normal; font-weight:normal; line-height:17px; text-decoration:none;\" target=\"_blank\">Una publicaci\u00f3n compartida de IDERMIC - Dermatolog\u00eda m\u00e9dica y est\u00e9tica (@idermicclinic)<\/a><\/p><\/div><\/blockquote>\n<script async src=\"\/\/www.instagram.com\/embed.js\"><\/script><div class=\"fusion-clearfix\"><\/div><\/div><\/div><\/div><\/div><div class=\"fusion-fullwidth fullwidth-box fusion-builder-row-16 nonhundred-percent-fullwidth non-hundred-percent-height-scrolling\" style=\"--awb-border-radius-top-left:0px;--awb-border-radius-top-right:0px;--awb-border-radius-bottom-right:0px;--awb-border-radius-bottom-left:0px;--awb-flex-wrap:wrap;\" ><div class=\"fusion-builder-row fusion-row\"><div class=\"fusion-layout-column fusion_builder_column fusion-builder-column-17 fusion_builder_column_1_1 1_1 fusion-one-full fusion-column-first fusion-column-last\" style=\"--awb-bg-size:cover;\"><div class=\"fusion-column-wrapper fusion-flex-column-wrapper-legacy\"><div class=\"fusion-text fusion-text-10\"><h2><h2 id=dicfaq>Preguntas frecuentes de Poiquilodermia <\/h2><\/h2><!-- ab-dictionary>ab_dictionary_view>Param categories --><section itemscope itemtype=\"http:\/\/schema.org\/Question\"><!-- Item format faq --><br><section itemscope=\"\" itemprop=\"mainEntity\" itemtype=\"https:\/\/schema.org\/Question\" class=\"faq-question\"><span itemprop=\"name\"><b>\u00bfC\u00f3mo se diagnostica la poiquilodermia de Civatte?<\/b><\/span>:<br><span itemprop=\"acceptedAnswer\">El diagn\u00f3stico es cl\u00ednico, basado en la apariencia t\u00edpica de la piel en cuello y mejillas. Un dermat\u00f3logo puede confirmar el diagn\u00f3stico mediante observaci\u00f3n directa o, en casos dudosos, con una biopsia de piel.\r<\/span><br><\/section><!-- Item format faq --><br><section itemscope=\"\" itemprop=\"mainEntity\" itemtype=\"https:\/\/schema.org\/Question\" class=\"faq-question\"><span itemprop=\"name\"><b>\u00bfCu\u00e1les son las causas de la poiquilodermia de Civatte?<\/b><\/span>:<br><span itemprop=\"acceptedAnswer\">La causa principal es la exposici\u00f3n cr\u00f3nica al sol, combinada con factores hormonales, envejecimiento cut\u00e1neo y predisposici\u00f3n gen\u00e9tica. Algunos casos tambi\u00e9n se relacionan con el uso de perfumes o cosm\u00e9ticos fotosensibles aplicados en la zona del cuello.\r<\/span><br><\/section><!-- Item format faq --><br><section itemscope=\"\" itemprop=\"mainEntity\" itemtype=\"https:\/\/schema.org\/Question\" class=\"faq-question\"><span itemprop=\"name\"><b>\u00bfEs una enfermedad peligrosa o grave?<\/b><\/span>:<br><span itemprop=\"acceptedAnswer\">No, no es una afecci\u00f3n peligrosa ni se relaciona con c\u00e1ncer de piel. Sin embargo, puede afectar la autoestima del paciente debido a los cambios est\u00e9ticos visibles, por lo que su impacto puede ser importante a nivel psicol\u00f3gico y emocional.\r<\/span><br><\/section><!-- Item format faq --><br><section itemscope=\"\" itemprop=\"mainEntity\" itemtype=\"https:\/\/schema.org\/Question\" class=\"faq-question\"><span itemprop=\"name\"><b>\u00bfLa poiquilodermia de Civatte puede confundirse con otras enfermedades?<\/b><\/span>:<br><span itemprop=\"acceptedAnswer\">S\u00ed, puede confundirse con ros\u00e1cea, da\u00f1o solar severo u otras alteraciones pigmentarias. Por eso es importante acudir a un dermat\u00f3logo para obtener un diagn\u00f3stico certero y descartar otras afecciones m\u00e1s graves.\r<\/span><br><\/section><!-- Item format faq --><br><section itemscope=\"\" itemprop=\"mainEntity\" itemtype=\"https:\/\/schema.org\/Question\" class=\"faq-question\"><span itemprop=\"name\"><b>\u00bfQu\u00e9 es la poiquilodermia de Civatte?<\/b><\/span>:<br><span itemprop=\"acceptedAnswer\">Es una enfermedad cut\u00e1nea cr\u00f3nica y benigna que provoca cambios visibles en la piel del cuello y parte inferior de la cara. Se caracteriza por enrojecimiento, manchas marrones, vasos sangu\u00edneos dilatados (telangiectasias) y adelgazamiento de la piel. No es contagiosa ni maligna.\r<\/span><br><\/section><!-- Item format faq --><br><section itemscope=\"\" itemprop=\"mainEntity\" itemtype=\"https:\/\/schema.org\/Question\" class=\"faq-question\"><span itemprop=\"name\"><b>\u00bfQu\u00e9 papel juega la protecci\u00f3n solar en esta enfermedad?<\/b><\/span>:<br><span itemprop=\"acceptedAnswer\">La protecci\u00f3n solar es fundamental. Aplicar protector solar de amplio espectro todos los d\u00edas en cuello y escote previene el empeoramiento y favorece los resultados de los tratamientos. Tambi\u00e9n se recomienda evitar la exposici\u00f3n directa al sol durante las horas pico.\r<\/span><br><\/section><!-- Item format faq --><br><section itemscope=\"\" itemprop=\"mainEntity\" itemtype=\"https:\/\/schema.org\/Question\" class=\"faq-question\"><span itemprop=\"name\"><b>\u00bfQu\u00e9 tratamientos existen para la poiquilodermia de Civatte?<\/b><\/span>:<br><span itemprop=\"acceptedAnswer\">Se puede tratar con l\u00e1ser vascular (como l\u00e1ser de colorante pulsado), cremas despigmentantes, retinoides t\u00f3picos y protecci\u00f3n solar estricta. En algunos casos tambi\u00e9n se recomiendan antioxidantes t\u00f3picos o tratamientos con luz pulsada intensa (IPL).\r<\/span><br><\/section><!-- Item format faq --><br><section itemscope=\"\" itemprop=\"mainEntity\" itemtype=\"https:\/\/schema.org\/Question\" class=\"faq-question\"><span itemprop=\"name\"><b>\u00bfQui\u00e9nes tienen mayor riesgo de desarrollar esta enfermedad?<\/b><\/span>:<br><span itemprop=\"acceptedAnswer\">Afecta principalmente a mujeres mayores de 40 a\u00f1os, especialmente aquellas con piel clara y antecedentes de exposici\u00f3n solar prolongada. Tambi\u00e9n es m\u00e1s frecuente en personas que no usan protecci\u00f3n solar en cuello y escote.\r<\/span><br><\/section><!-- Item format faq --><br><section itemscope=\"\" itemprop=\"mainEntity\" itemtype=\"https:\/\/schema.org\/Question\" class=\"faq-question\"><span itemprop=\"name\"><b>\u00bfSe puede prevenir la poiquilodermia de Civatte?<\/b><\/span>:<br><span itemprop=\"acceptedAnswer\">S\u00ed, en muchos casos puede prevenirse con una protecci\u00f3n solar adecuada desde edades tempranas, evitando la exposici\u00f3n prolongada al sol y no usando perfumes o cosm\u00e9ticos en zonas expuestas al sol, como el cuello.\r<\/span><br><\/section><!-- Item format faq --><br><section itemscope=\"\" itemprop=\"mainEntity\" itemtype=\"https:\/\/schema.org\/Question\" class=\"faq-question\"><span itemprop=\"name\"><b>\u00bfTiene cura la poiquilodermia de Civatte?<\/b><\/span>:<br><span itemprop=\"acceptedAnswer\">No tiene una cura definitiva, pero existen tratamientos que mejoran significativamente su apariencia. El control de los factores desencadenantes y el tratamiento m\u00e9dico adecuado pueden estabilizar y reducir los s\u00edntomas.\r<\/span><br><\/section><\/section><p><small>Desarrollado con el <a target='blank_' href='https:\/\/auditour.eu\/plugin-diccionario\/'>Plugin Diccionario<\/a> de <a target='blank_' href='https:\/\/auditour.eu\/mantenimiento-web-wordpress-profesional-por-solo-1250e-mes\/'>WordPress<\/a><\/small><\/p>\n<\/div><div class=\"fusion-clearfix\"><\/div><\/div><\/div><\/div><\/div><\/p>\n","protected":false},"excerpt":{"rendered":"<p>Conoce la poiquilodermia de Civatte: causas, signos, diagn\u00f3stico y tratamientos efectivos para mejorar tono, textura y salud de tu piel.<\/p>\n","protected":false},"author":3,"featured_media":7239,"comment_status":"open","ping_status":"closed","sticky":false,"template":"","format":"standard","meta":{"_joinchat":[],"footnotes":""},"categories":[52,37],"tags":[104,48,106],"class_list":["post-7234","post","type-post","status-publish","format-standard","has-post-thumbnail","hentry","category-dermatologia","category-tecnologia","tag-piel","tag-rejuvenecimiento-de-la-piel","tag-sol"],"yoast_head":"<!-- This site is optimized with the Yoast SEO plugin v28.4 - https:\/\/yoast.com\/product\/yoast-seo-wordpress\/ -->\n<title>Poiquilodermia de Civatte: Causas, s\u00edntomas y tratamientos -<\/title>\n<meta name=\"description\" content=\"Conoce la poiquilodermia de Civatte: causas, signos, diagn\u00f3stico y tratamientos efectivos para mejorar tono, textura y salud de tu piel.\" \/>\n<meta name=\"robots\" content=\"index, follow, max-snippet:-1, max-image-preview:large, max-video-preview:-1\" \/>\n<link rel=\"canonical\" href=\"https:\/\/www.idermic.es\/es\/poiquilodermia-de-civatte-causas-sintomas-y-tratamientos\/\" \/>\n<meta property=\"og:locale\" content=\"es_ES\" \/>\n<meta property=\"og:type\" content=\"article\" \/>\n<meta property=\"og:title\" content=\"Poiquilodermia de Civatte: Causas, s\u00edntomas y tratamientos -\" \/>\n<meta property=\"og:description\" content=\"Conoce la poiquilodermia de Civatte: causas, signos, diagn\u00f3stico y tratamientos efectivos para mejorar tono, textura y salud de tu piel.\" \/>\n<meta property=\"og:url\" content=\"https:\/\/www.idermic.es\/es\/poiquilodermia-de-civatte-causas-sintomas-y-tratamientos\/\" \/>\n<meta property=\"og:site_name\" content=\"Idermic. Dermatolog\u00eda en Terrassa\" \/>\n<meta property=\"article:publisher\" content=\"https:\/\/www.facebook.com\/Idermic\" \/>\n<meta property=\"article:published_time\" content=\"2025-02-28T17:50:46+00:00\" \/>\n<meta property=\"article:modified_time\" content=\"2026-05-26T09:45:03+00:00\" \/>\n<meta property=\"og:image\" content=\"https:\/\/www.idermic.es\/wp-content\/uploads\/2025\/03\/Poiquilodermia-de-Civatte-3.jpg\" \/>\n\t<meta property=\"og:image:width\" content=\"487\" \/>\n\t<meta property=\"og:image:height\" content=\"621\" \/>\n\t<meta property=\"og:image:type\" content=\"image\/jpeg\" \/>\n<meta name=\"author\" content=\"Equipo\" \/>\n<meta name=\"twitter:card\" content=\"summary_large_image\" \/>\n<meta name=\"twitter:creator\" content=\"@idermic\" \/>\n<meta name=\"twitter:site\" content=\"@idermic\" \/>\n<meta name=\"twitter:label1\" content=\"Escrito por\" \/>\n\t<meta name=\"twitter:data1\" content=\"Equipo\" \/>\n\t<meta name=\"twitter:label2\" content=\"Tiempo de lectura\" \/>\n\t<meta name=\"twitter:data2\" content=\"20 minutos\" \/>\n<script type=\"application\/ld+json\" class=\"yoast-schema-graph\">{\"@context\":\"https:\\\/\\\/schema.org\",\"@graph\":[{\"@type\":\"Article\",\"@id\":\"https:\\\/\\\/www.idermic.es\\\/es\\\/poiquilodermia-de-civatte-causas-sintomas-y-tratamientos\\\/#article\",\"isPartOf\":{\"@id\":\"https:\\\/\\\/www.idermic.es\\\/es\\\/poiquilodermia-de-civatte-causas-sintomas-y-tratamientos\\\/\"},\"author\":{\"name\":\"Equipo\",\"@id\":\"https:\\\/\\\/www.idermic.es\\\/#\\\/schema\\\/person\\\/c12703027a878b23d3c71c87921a82f8\"},\"headline\":\"Poiquilodermia de Civatte: Causas, s\u00edntomas y tratamientos\",\"datePublished\":\"2025-02-28T17:50:46+00:00\",\"dateModified\":\"2026-05-26T09:45:03+00:00\",\"mainEntityOfPage\":{\"@id\":\"https:\\\/\\\/www.idermic.es\\\/es\\\/poiquilodermia-de-civatte-causas-sintomas-y-tratamientos\\\/\"},\"wordCount\":8016,\"commentCount\":0,\"publisher\":{\"@id\":\"https:\\\/\\\/www.idermic.es\\\/#organization\"},\"image\":{\"@id\":\"https:\\\/\\\/www.idermic.es\\\/es\\\/poiquilodermia-de-civatte-causas-sintomas-y-tratamientos\\\/#primaryimage\"},\"thumbnailUrl\":\"https:\\\/\\\/www.idermic.es\\\/wp-content\\\/uploads\\\/2025\\\/03\\\/Poiquilodermia-de-Civatte-3.jpg\",\"keywords\":[\"piel\",\"rejuvenecimiento de la piel\",\"sol\"],\"articleSection\":[\"Dermatolog\u00eda\",\"Tecnolog\u00eda\"],\"inLanguage\":\"es\",\"potentialAction\":[{\"@type\":\"CommentAction\",\"name\":\"Comment\",\"target\":[\"https:\\\/\\\/www.idermic.es\\\/es\\\/poiquilodermia-de-civatte-causas-sintomas-y-tratamientos\\\/#respond\"]}]},{\"@type\":\"WebPage\",\"@id\":\"https:\\\/\\\/www.idermic.es\\\/es\\\/poiquilodermia-de-civatte-causas-sintomas-y-tratamientos\\\/\",\"url\":\"https:\\\/\\\/www.idermic.es\\\/es\\\/poiquilodermia-de-civatte-causas-sintomas-y-tratamientos\\\/\",\"name\":\"Poiquilodermia de Civatte: Causas, s\u00edntomas y tratamientos -\",\"isPartOf\":{\"@id\":\"https:\\\/\\\/www.idermic.es\\\/#website\"},\"primaryImageOfPage\":{\"@id\":\"https:\\\/\\\/www.idermic.es\\\/es\\\/poiquilodermia-de-civatte-causas-sintomas-y-tratamientos\\\/#primaryimage\"},\"image\":{\"@id\":\"https:\\\/\\\/www.idermic.es\\\/es\\\/poiquilodermia-de-civatte-causas-sintomas-y-tratamientos\\\/#primaryimage\"},\"thumbnailUrl\":\"https:\\\/\\\/www.idermic.es\\\/wp-content\\\/uploads\\\/2025\\\/03\\\/Poiquilodermia-de-Civatte-3.jpg\",\"datePublished\":\"2025-02-28T17:50:46+00:00\",\"dateModified\":\"2026-05-26T09:45:03+00:00\",\"description\":\"Conoce la poiquilodermia de Civatte: causas, signos, diagn\u00f3stico y tratamientos efectivos para mejorar tono, textura y salud de tu piel.\",\"breadcrumb\":{\"@id\":\"https:\\\/\\\/www.idermic.es\\\/es\\\/poiquilodermia-de-civatte-causas-sintomas-y-tratamientos\\\/#breadcrumb\"},\"inLanguage\":\"es\",\"potentialAction\":[{\"@type\":\"ReadAction\",\"target\":[\"https:\\\/\\\/www.idermic.es\\\/es\\\/poiquilodermia-de-civatte-causas-sintomas-y-tratamientos\\\/\"]}]},{\"@type\":\"ImageObject\",\"inLanguage\":\"es\",\"@id\":\"https:\\\/\\\/www.idermic.es\\\/es\\\/poiquilodermia-de-civatte-causas-sintomas-y-tratamientos\\\/#primaryimage\",\"url\":\"https:\\\/\\\/www.idermic.es\\\/wp-content\\\/uploads\\\/2025\\\/03\\\/Poiquilodermia-de-Civatte-3.jpg\",\"contentUrl\":\"https:\\\/\\\/www.idermic.es\\\/wp-content\\\/uploads\\\/2025\\\/03\\\/Poiquilodermia-de-Civatte-3.jpg\",\"width\":487,\"height\":621,\"caption\":\"Foto antes del tratamiento con IPL\u00b4.\"},{\"@type\":\"BreadcrumbList\",\"@id\":\"https:\\\/\\\/www.idermic.es\\\/es\\\/poiquilodermia-de-civatte-causas-sintomas-y-tratamientos\\\/#breadcrumb\",\"itemListElement\":[{\"@type\":\"ListItem\",\"position\":1,\"name\":\"Inici\",\"item\":\"https:\\\/\\\/www.idermic.es\\\/es\\\/\"},{\"@type\":\"ListItem\",\"position\":2,\"name\":\"Poiquilodermia de Civatte: Causas, s\u00edntomas y tratamientos\"}]},{\"@type\":\"WebSite\",\"@id\":\"https:\\\/\\\/www.idermic.es\\\/#website\",\"url\":\"https:\\\/\\\/www.idermic.es\\\/\",\"name\":\"Idermic. Dermatolog\u00eda en Terrassa\",\"description\":\"Dermatolog\u00eda, Medicina est\u00e9tica, Cirurg\u00eda Pl\u00e0stica\",\"publisher\":{\"@id\":\"https:\\\/\\\/www.idermic.es\\\/#organization\"},\"potentialAction\":[{\"@type\":\"SearchAction\",\"target\":{\"@type\":\"EntryPoint\",\"urlTemplate\":\"https:\\\/\\\/www.idermic.es\\\/?s={search_term_string}\"},\"query-input\":{\"@type\":\"PropertyValueSpecification\",\"valueRequired\":true,\"valueName\":\"search_term_string\"}}],\"inLanguage\":\"es\"},{\"@type\":\"Organization\",\"@id\":\"https:\\\/\\\/www.idermic.es\\\/#organization\",\"name\":\"Idermic. Dermatolog\u00eda en Terrassa\",\"url\":\"https:\\\/\\\/www.idermic.es\\\/\",\"logo\":{\"@type\":\"ImageObject\",\"inLanguage\":\"es\",\"@id\":\"https:\\\/\\\/www.idermic.es\\\/#\\\/schema\\\/logo\\\/image\\\/\",\"url\":\"https:\\\/\\\/www.idermic.es\\\/wp-content\\\/uploads\\\/2025\\\/10\\\/Logo-Idermic.jpg\",\"contentUrl\":\"https:\\\/\\\/www.idermic.es\\\/wp-content\\\/uploads\\\/2025\\\/10\\\/Logo-Idermic.jpg\",\"width\":501,\"height\":502,\"caption\":\"Idermic. Dermatolog\u00eda en Terrassa\"},\"image\":{\"@id\":\"https:\\\/\\\/www.idermic.es\\\/#\\\/schema\\\/logo\\\/image\\\/\"},\"sameAs\":[\"https:\\\/\\\/www.facebook.com\\\/Idermic\",\"https:\\\/\\\/x.com\\\/idermic\",\"https:\\\/\\\/www.instagram.com\\\/idermicclinic\\\/\",\"https:\\\/\\\/www.youtube.com\\\/channel\\\/UCyAHC9-p8lc6hr_nguO8p_g\"]},{\"@type\":\"Person\",\"@id\":\"https:\\\/\\\/www.idermic.es\\\/#\\\/schema\\\/person\\\/c12703027a878b23d3c71c87921a82f8\",\"name\":\"Equipo\",\"image\":{\"@type\":\"ImageObject\",\"inLanguage\":\"es\",\"@id\":\"https:\\\/\\\/secure.gravatar.com\\\/avatar\\\/7ca0be23248108c6b0887e0693b7dcf7764bd3503f84d1f04e6653ef7c3b9420?s=96&d=mm&r=g\",\"url\":\"https:\\\/\\\/secure.gravatar.com\\\/avatar\\\/7ca0be23248108c6b0887e0693b7dcf7764bd3503f84d1f04e6653ef7c3b9420?s=96&d=mm&r=g\",\"contentUrl\":\"https:\\\/\\\/secure.gravatar.com\\\/avatar\\\/7ca0be23248108c6b0887e0693b7dcf7764bd3503f84d1f04e6653ef7c3b9420?s=96&d=mm&r=g\",\"caption\":\"Equipo\"},\"description\":\"Equipo de Idermic\"}]}<\/script>\n<!-- \/ Yoast SEO plugin. -->","yoast_head_json":{"title":"Poiquilodermia de Civatte: Causas, s\u00edntomas y tratamientos -","description":"Conoce la poiquilodermia de Civatte: causas, signos, diagn\u00f3stico y tratamientos efectivos para mejorar tono, textura y salud de tu piel.","robots":{"index":"index","follow":"follow","max-snippet":"max-snippet:-1","max-image-preview":"max-image-preview:large","max-video-preview":"max-video-preview:-1"},"canonical":"https:\/\/www.idermic.es\/es\/poiquilodermia-de-civatte-causas-sintomas-y-tratamientos\/","og_locale":"es_ES","og_type":"article","og_title":"Poiquilodermia de Civatte: Causas, s\u00edntomas y tratamientos -","og_description":"Conoce la poiquilodermia de Civatte: causas, signos, diagn\u00f3stico y tratamientos efectivos para mejorar tono, textura y salud de tu piel.","og_url":"https:\/\/www.idermic.es\/es\/poiquilodermia-de-civatte-causas-sintomas-y-tratamientos\/","og_site_name":"Idermic. Dermatolog\u00eda en Terrassa","article_publisher":"https:\/\/www.facebook.com\/Idermic","article_published_time":"2025-02-28T17:50:46+00:00","article_modified_time":"2026-05-26T09:45:03+00:00","og_image":[{"width":487,"height":621,"url":"https:\/\/www.idermic.es\/wp-content\/uploads\/2025\/03\/Poiquilodermia-de-Civatte-3.jpg","type":"image\/jpeg"}],"author":"Equipo","twitter_card":"summary_large_image","twitter_creator":"@idermic","twitter_site":"@idermic","twitter_misc":{"Escrito por":"Equipo","Tiempo de lectura":"20 minutos"},"schema":{"@context":"https:\/\/schema.org","@graph":[{"@type":"Article","@id":"https:\/\/www.idermic.es\/es\/poiquilodermia-de-civatte-causas-sintomas-y-tratamientos\/#article","isPartOf":{"@id":"https:\/\/www.idermic.es\/es\/poiquilodermia-de-civatte-causas-sintomas-y-tratamientos\/"},"author":{"name":"Equipo","@id":"https:\/\/www.idermic.es\/#\/schema\/person\/c12703027a878b23d3c71c87921a82f8"},"headline":"Poiquilodermia de Civatte: Causas, s\u00edntomas y tratamientos","datePublished":"2025-02-28T17:50:46+00:00","dateModified":"2026-05-26T09:45:03+00:00","mainEntityOfPage":{"@id":"https:\/\/www.idermic.es\/es\/poiquilodermia-de-civatte-causas-sintomas-y-tratamientos\/"},"wordCount":8016,"commentCount":0,"publisher":{"@id":"https:\/\/www.idermic.es\/#organization"},"image":{"@id":"https:\/\/www.idermic.es\/es\/poiquilodermia-de-civatte-causas-sintomas-y-tratamientos\/#primaryimage"},"thumbnailUrl":"https:\/\/www.idermic.es\/wp-content\/uploads\/2025\/03\/Poiquilodermia-de-Civatte-3.jpg","keywords":["piel","rejuvenecimiento de la piel","sol"],"articleSection":["Dermatolog\u00eda","Tecnolog\u00eda"],"inLanguage":"es","potentialAction":[{"@type":"CommentAction","name":"Comment","target":["https:\/\/www.idermic.es\/es\/poiquilodermia-de-civatte-causas-sintomas-y-tratamientos\/#respond"]}]},{"@type":"WebPage","@id":"https:\/\/www.idermic.es\/es\/poiquilodermia-de-civatte-causas-sintomas-y-tratamientos\/","url":"https:\/\/www.idermic.es\/es\/poiquilodermia-de-civatte-causas-sintomas-y-tratamientos\/","name":"Poiquilodermia de Civatte: Causas, s\u00edntomas y tratamientos -","isPartOf":{"@id":"https:\/\/www.idermic.es\/#website"},"primaryImageOfPage":{"@id":"https:\/\/www.idermic.es\/es\/poiquilodermia-de-civatte-causas-sintomas-y-tratamientos\/#primaryimage"},"image":{"@id":"https:\/\/www.idermic.es\/es\/poiquilodermia-de-civatte-causas-sintomas-y-tratamientos\/#primaryimage"},"thumbnailUrl":"https:\/\/www.idermic.es\/wp-content\/uploads\/2025\/03\/Poiquilodermia-de-Civatte-3.jpg","datePublished":"2025-02-28T17:50:46+00:00","dateModified":"2026-05-26T09:45:03+00:00","description":"Conoce la poiquilodermia de Civatte: causas, signos, diagn\u00f3stico y tratamientos efectivos para mejorar tono, textura y salud de tu piel.","breadcrumb":{"@id":"https:\/\/www.idermic.es\/es\/poiquilodermia-de-civatte-causas-sintomas-y-tratamientos\/#breadcrumb"},"inLanguage":"es","potentialAction":[{"@type":"ReadAction","target":["https:\/\/www.idermic.es\/es\/poiquilodermia-de-civatte-causas-sintomas-y-tratamientos\/"]}]},{"@type":"ImageObject","inLanguage":"es","@id":"https:\/\/www.idermic.es\/es\/poiquilodermia-de-civatte-causas-sintomas-y-tratamientos\/#primaryimage","url":"https:\/\/www.idermic.es\/wp-content\/uploads\/2025\/03\/Poiquilodermia-de-Civatte-3.jpg","contentUrl":"https:\/\/www.idermic.es\/wp-content\/uploads\/2025\/03\/Poiquilodermia-de-Civatte-3.jpg","width":487,"height":621,"caption":"Foto antes del tratamiento con IPL\u00b4."},{"@type":"BreadcrumbList","@id":"https:\/\/www.idermic.es\/es\/poiquilodermia-de-civatte-causas-sintomas-y-tratamientos\/#breadcrumb","itemListElement":[{"@type":"ListItem","position":1,"name":"Inici","item":"https:\/\/www.idermic.es\/es\/"},{"@type":"ListItem","position":2,"name":"Poiquilodermia de Civatte: Causas, s\u00edntomas y tratamientos"}]},{"@type":"WebSite","@id":"https:\/\/www.idermic.es\/#website","url":"https:\/\/www.idermic.es\/","name":"Idermic. Dermatolog\u00eda en Terrassa","description":"Dermatolog\u00eda, Medicina est\u00e9tica, Cirurg\u00eda Pl\u00e0stica","publisher":{"@id":"https:\/\/www.idermic.es\/#organization"},"potentialAction":[{"@type":"SearchAction","target":{"@type":"EntryPoint","urlTemplate":"https:\/\/www.idermic.es\/?s={search_term_string}"},"query-input":{"@type":"PropertyValueSpecification","valueRequired":true,"valueName":"search_term_string"}}],"inLanguage":"es"},{"@type":"Organization","@id":"https:\/\/www.idermic.es\/#organization","name":"Idermic. Dermatolog\u00eda en Terrassa","url":"https:\/\/www.idermic.es\/","logo":{"@type":"ImageObject","inLanguage":"es","@id":"https:\/\/www.idermic.es\/#\/schema\/logo\/image\/","url":"https:\/\/www.idermic.es\/wp-content\/uploads\/2025\/10\/Logo-Idermic.jpg","contentUrl":"https:\/\/www.idermic.es\/wp-content\/uploads\/2025\/10\/Logo-Idermic.jpg","width":501,"height":502,"caption":"Idermic. Dermatolog\u00eda en Terrassa"},"image":{"@id":"https:\/\/www.idermic.es\/#\/schema\/logo\/image\/"},"sameAs":["https:\/\/www.facebook.com\/Idermic","https:\/\/x.com\/idermic","https:\/\/www.instagram.com\/idermicclinic\/","https:\/\/www.youtube.com\/channel\/UCyAHC9-p8lc6hr_nguO8p_g"]},{"@type":"Person","@id":"https:\/\/www.idermic.es\/#\/schema\/person\/c12703027a878b23d3c71c87921a82f8","name":"Equipo","image":{"@type":"ImageObject","inLanguage":"es","@id":"https:\/\/secure.gravatar.com\/avatar\/7ca0be23248108c6b0887e0693b7dcf7764bd3503f84d1f04e6653ef7c3b9420?s=96&d=mm&r=g","url":"https:\/\/secure.gravatar.com\/avatar\/7ca0be23248108c6b0887e0693b7dcf7764bd3503f84d1f04e6653ef7c3b9420?s=96&d=mm&r=g","contentUrl":"https:\/\/secure.gravatar.com\/avatar\/7ca0be23248108c6b0887e0693b7dcf7764bd3503f84d1f04e6653ef7c3b9420?s=96&d=mm&r=g","caption":"Equipo"},"description":"Equipo de Idermic"}]}},"_links":{"self":[{"href":"https:\/\/www.idermic.es\/es\/wp-json\/wp\/v2\/posts\/7234","targetHints":{"allow":["GET"]}}],"collection":[{"href":"https:\/\/www.idermic.es\/es\/wp-json\/wp\/v2\/posts"}],"about":[{"href":"https:\/\/www.idermic.es\/es\/wp-json\/wp\/v2\/types\/post"}],"author":[{"embeddable":true,"href":"https:\/\/www.idermic.es\/es\/wp-json\/wp\/v2\/users\/3"}],"replies":[{"embeddable":true,"href":"https:\/\/www.idermic.es\/es\/wp-json\/wp\/v2\/comments?post=7234"}],"version-history":[{"count":23,"href":"https:\/\/www.idermic.es\/es\/wp-json\/wp\/v2\/posts\/7234\/revisions"}],"predecessor-version":[{"id":7932,"href":"https:\/\/www.idermic.es\/es\/wp-json\/wp\/v2\/posts\/7234\/revisions\/7932"}],"wp:featuredmedia":[{"embeddable":true,"href":"https:\/\/www.idermic.es\/es\/wp-json\/wp\/v2\/media\/7239"}],"wp:attachment":[{"href":"https:\/\/www.idermic.es\/es\/wp-json\/wp\/v2\/media?parent=7234"}],"wp:term":[{"taxonomy":"category","embeddable":true,"href":"https:\/\/www.idermic.es\/es\/wp-json\/wp\/v2\/categories?post=7234"},{"taxonomy":"post_tag","embeddable":true,"href":"https:\/\/www.idermic.es\/es\/wp-json\/wp\/v2\/tags?post=7234"}],"curies":[{"name":"wp","href":"https:\/\/api.w.org\/{rel}","templated":true}]}}