{"id":7175,"date":"2025-02-22T12:22:39","date_gmt":"2025-02-22T12:22:39","guid":{"rendered":"https:\/\/www.idermic.es\/?p=7175"},"modified":"2026-05-26T09:45:04","modified_gmt":"2026-05-26T09:45:04","slug":"como-empezar-un-tratamiento-estetico","status":"publish","type":"post","link":"https:\/\/www.idermic.es\/es\/como-empezar-un-tratamiento-estetico\/","title":{"rendered":"C\u00f3mo empezar un tratamiento est\u00e9tico"},"content":{"rendered":"<p><div class=\"fusion-fullwidth fullwidth-box fusion-builder-row-1 nonhundred-percent-fullwidth non-hundred-percent-height-scrolling\" style=\"--awb-border-radius-top-left:0px;--awb-border-radius-top-right:0px;--awb-border-radius-bottom-right:0px;--awb-border-radius-bottom-left:0px;--awb-flex-wrap:wrap;\" ><div class=\"fusion-builder-row fusion-row\"><div class=\"fusion-layout-column fusion_builder_column fusion-builder-column-0 fusion_builder_column_1_1 1_1 fusion-one-full fusion-column-first fusion-column-last\" style=\"--awb-bg-size:cover;\"><div class=\"fusion-column-wrapper fusion-flex-column-wrapper-legacy\"><div class=\"fusion-text fusion-text-1\"><h1 style=\"text-align: center;\">C\u00f3mo empezar un tratamiento est\u00e9tico<\/h1>\n<\/div><div class=\"fusion-clearfix\"><\/div><\/div><\/div><\/div><\/div><div class=\"fusion-fullwidth fullwidth-box fusion-builder-row-2 nonhundred-percent-fullwidth non-hundred-percent-height-scrolling\" style=\"--awb-border-radius-top-left:0px;--awb-border-radius-top-right:0px;--awb-border-radius-bottom-right:0px;--awb-border-radius-bottom-left:0px;--awb-flex-wrap:wrap;\" ><div class=\"fusion-builder-row fusion-row\"><div class=\"fusion-layout-column fusion_builder_column fusion-builder-column-1 fusion_builder_column_2_3 2_3 fusion-two-third fusion-column-first\" style=\"--awb-bg-size:cover;width:66.666666666667%;width:calc(66.666666666667% - ( ( 4% ) * 0.66666666666667 ) );margin-right: 4%;\"><div class=\"fusion-column-wrapper fusion-flex-column-wrapper-legacy\"><div class=\"fusion-text fusion-text-2\"><p>Iniciar un tratamiento est\u00e9tico es una decisi\u00f3n que implica considerar diversos factores, como las necesidades espec\u00edficas de cada persona, las \u00e1reas a tratar y los objetivos deseados.<\/p>\n<p>Es fundamental contar con informaci\u00f3n detallada sobre los diferentes procedimientos disponibles para tomar una decisi\u00f3n informada y adecuada.<\/p>\n<p>A continuaci\u00f3n, se presentan algunos de los tratamientos est\u00e9ticos m\u00e1s comunes, sus aplicaciones y las zonas del cuerpo donde se recomiendan.<\/p>\n<\/div><div class=\"fusion-clearfix\"><\/div><\/div><\/div><div class=\"fusion-layout-column fusion_builder_column fusion-builder-column-2 fusion_builder_column_1_3 1_3 fusion-one-third fusion-column-last\" style=\"--awb-bg-size:cover;width:33.333333333333%;width:calc(33.333333333333% - ( ( 4% ) * 0.33333333333333 ) );\"><div class=\"fusion-column-wrapper fusion-flex-column-wrapper-legacy\"><div class=\"fusion-image-element in-legacy-container\" style=\"--awb-caption-title-font-family:var(--h2_typography-font-family);--awb-caption-title-font-weight:var(--h2_typography-font-weight);--awb-caption-title-font-style:var(--h2_typography-font-style);--awb-caption-title-size:var(--h2_typography-font-size);--awb-caption-title-transform:var(--h2_typography-text-transform);--awb-caption-title-line-height:var(--h2_typography-line-height);--awb-caption-title-letter-spacing:var(--h2_typography-letter-spacing);\"><span class=\" fusion-imageframe imageframe-none imageframe-1 hover-type-none\"><img decoding=\"async\" width=\"187\" height=\"300\" alt=\"Combinaci\u00f3n de varios tratamientos en medicina est\u00e9tica.\" title=\"Como empezar un tratamiento est\u00e9tico\" src=\"https:\/\/www.idermic.es\/wp-content\/uploads\/2025\/02\/Combinacion-de-varios-tratamientos-en-estetica-187x300.png\" class=\"img-responsive wp-image-7180\" srcset=\"https:\/\/www.idermic.es\/wp-content\/uploads\/2025\/02\/Combinacion-de-varios-tratamientos-en-estetica-200x322.png 200w, https:\/\/www.idermic.es\/wp-content\/uploads\/2025\/02\/Combinacion-de-varios-tratamientos-en-estetica-400x643.png 400w, https:\/\/www.idermic.es\/wp-content\/uploads\/2025\/02\/Combinacion-de-varios-tratamientos-en-estetica.png 464w\" sizes=\"(max-width: 800px) 100vw, 187px\" \/><\/span><\/div><div class=\"fusion-clearfix\"><\/div><\/div><\/div><\/div><\/div><div class=\"fusion-fullwidth fullwidth-box fusion-builder-row-3 nonhundred-percent-fullwidth non-hundred-percent-height-scrolling\" style=\"--awb-border-radius-top-left:0px;--awb-border-radius-top-right:0px;--awb-border-radius-bottom-right:0px;--awb-border-radius-bottom-left:0px;--awb-flex-wrap:wrap;\" ><div class=\"fusion-builder-row fusion-row\"><div class=\"fusion-layout-column fusion_builder_column fusion-builder-column-3 fusion_builder_column_1_1 1_1 fusion-one-full fusion-column-first fusion-column-last\" style=\"--awb-bg-size:cover;\"><div class=\"fusion-column-wrapper fusion-flex-column-wrapper-legacy\"><div class=\"fusion-sep-clear\"><\/div><div class=\"fusion-separator fusion-full-width-sep\" style=\"margin-left: auto;margin-right: auto;width:100%;\"><div class=\"fusion-separator-border sep-double\" style=\"--awb-height:20px;--awb-amount:20px;border-color:#e0dede;border-top-width:1px;border-bottom-width:1px;\"><\/div><\/div><div class=\"fusion-sep-clear\"><\/div><div class=\"fusion-clearfix\"><\/div><\/div><\/div><\/div><\/div><div class=\"fusion-fullwidth fullwidth-box fusion-builder-row-4 nonhundred-percent-fullwidth non-hundred-percent-height-scrolling\" style=\"--awb-border-radius-top-left:0px;--awb-border-radius-top-right:0px;--awb-border-radius-bottom-right:0px;--awb-border-radius-bottom-left:0px;--awb-flex-wrap:wrap;\" ><div class=\"fusion-builder-row fusion-row\"><div class=\"fusion-layout-column fusion_builder_column fusion-builder-column-4 fusion_builder_column_1_1 1_1 fusion-one-full fusion-column-first fusion-column-last\" style=\"--awb-bg-size:cover;\"><div class=\"fusion-column-wrapper fusion-flex-column-wrapper-legacy\"><div class=\"fusion-text fusion-text-3\"><h2 data-start=\"0\" data-end=\"76\">Mejora la calidad de tu piel con L\u00e1ser y Luz Pulsada Intensa (IPL)<\/h2>\n<\/div><div class=\"fusion-clearfix\"><\/div><\/div><\/div><\/div><\/div><div class=\"fusion-fullwidth fullwidth-box fusion-builder-row-5 nonhundred-percent-fullwidth non-hundred-percent-height-scrolling\" style=\"--awb-border-radius-top-left:0px;--awb-border-radius-top-right:0px;--awb-border-radius-bottom-right:0px;--awb-border-radius-bottom-left:0px;--awb-flex-wrap:wrap;\" ><div class=\"fusion-builder-row fusion-row\"><div class=\"fusion-layout-column fusion_builder_column fusion-builder-column-5 fusion_builder_column_1_3 1_3 fusion-one-third fusion-column-first\" style=\"--awb-bg-size:cover;width:33.333333333333%;width:calc(33.333333333333% - ( ( 4% + 4% ) * 0.33333333333333 ) );margin-right: 4%;\"><div class=\"fusion-column-wrapper fusion-flex-column-wrapper-legacy\"><div class=\"fusion-image-element in-legacy-container\" style=\"--awb-caption-title-font-family:var(--h2_typography-font-family);--awb-caption-title-font-weight:var(--h2_typography-font-weight);--awb-caption-title-font-style:var(--h2_typography-font-style);--awb-caption-title-size:var(--h2_typography-font-size);--awb-caption-title-transform:var(--h2_typography-text-transform);--awb-caption-title-line-height:var(--h2_typography-line-height);--awb-caption-title-letter-spacing:var(--h2_typography-letter-spacing);\"><span class=\" fusion-imageframe imageframe-none imageframe-2 hover-type-none\"><img decoding=\"async\" width=\"186\" height=\"300\" alt=\"Mejora de la calidad de la piel con l\u00e1ser o IPL\" title=\"Como empezar un tratamiento est\u00e9tico\" src=\"https:\/\/www.idermic.es\/wp-content\/uploads\/2025\/02\/Mejora-de-la-calidad-de-la-piel-con-laser-o-IPL-186x300.png\" class=\"img-responsive wp-image-7186\" srcset=\"https:\/\/www.idermic.es\/wp-content\/uploads\/2025\/02\/Mejora-de-la-calidad-de-la-piel-con-laser-o-IPL-200x323.png 200w, https:\/\/www.idermic.es\/wp-content\/uploads\/2025\/02\/Mejora-de-la-calidad-de-la-piel-con-laser-o-IPL-400x646.png 400w, https:\/\/www.idermic.es\/wp-content\/uploads\/2025\/02\/Mejora-de-la-calidad-de-la-piel-con-laser-o-IPL.png 460w\" sizes=\"(max-width: 800px) 100vw, 186px\" \/><\/span><\/div><div class=\"fusion-clearfix\"><\/div><\/div><\/div><div class=\"fusion-layout-column fusion_builder_column fusion-builder-column-6 fusion_builder_column_1_3 1_3 fusion-one-third\" style=\"--awb-bg-size:cover;width:33.333333333333%;width:calc(33.333333333333% - ( ( 4% + 4% ) * 0.33333333333333 ) );margin-right: 4%;\"><div class=\"fusion-column-wrapper fusion-flex-column-wrapper-legacy\"><div class=\"fusion-text fusion-text-4\"><p data-start=\"78\" data-end=\"610\">La piel es el \u00f3rgano m\u00e1s extenso de nuestro cuerpo y su apariencia puede reflejar tanto nuestra salud interna como el paso del tiempo. Factores como la exposici\u00f3n solar, la contaminaci\u00f3n, el envejecimiento y los cambios hormonales pueden afectar su calidad, dando lugar a manchas, poros dilatados, capilares visibles y una textura irregular. Si buscas una soluci\u00f3n efectiva para mejorar la calidad de tu piel, los tratamientos con <strong data-start=\"509\" data-end=\"546\">l\u00e1ser y luz pulsada intensa (IPL)<\/strong> son dos de las mejores opciones disponibles en la actualidad.<\/p>\n<\/div><div class=\"fusion-clearfix\"><\/div><\/div><\/div><div class=\"fusion-layout-column fusion_builder_column fusion-builder-column-7 fusion_builder_column_1_3 1_3 fusion-one-third fusion-column-last\" style=\"--awb-bg-size:cover;width:33.333333333333%;width:calc(33.333333333333% - ( ( 4% + 4% ) * 0.33333333333333 ) );\"><div class=\"fusion-column-wrapper fusion-flex-column-wrapper-legacy\"><div class=\"fusion-image-element in-legacy-container\" style=\"--awb-caption-title-font-family:var(--h2_typography-font-family);--awb-caption-title-font-weight:var(--h2_typography-font-weight);--awb-caption-title-font-style:var(--h2_typography-font-style);--awb-caption-title-size:var(--h2_typography-font-size);--awb-caption-title-transform:var(--h2_typography-text-transform);--awb-caption-title-line-height:var(--h2_typography-line-height);--awb-caption-title-letter-spacing:var(--h2_typography-letter-spacing);\"><span class=\" fusion-imageframe imageframe-none imageframe-3 hover-type-none\"><img decoding=\"async\" width=\"186\" height=\"300\" alt=\"Mejora de la calidad de la piel con l\u00e1ser o IPL\" title=\"Como empezar un tratamiento est\u00e9tico\" src=\"https:\/\/www.idermic.es\/wp-content\/uploads\/2025\/02\/Mejora-de-la-calidad-de-la-piel-con-laser-o-IPL-2-186x300.png\" class=\"img-responsive wp-image-7212\" srcset=\"https:\/\/www.idermic.es\/wp-content\/uploads\/2025\/02\/Mejora-de-la-calidad-de-la-piel-con-laser-o-IPL-2-200x323.png 200w, https:\/\/www.idermic.es\/wp-content\/uploads\/2025\/02\/Mejora-de-la-calidad-de-la-piel-con-laser-o-IPL-2-400x646.png 400w, https:\/\/www.idermic.es\/wp-content\/uploads\/2025\/02\/Mejora-de-la-calidad-de-la-piel-con-laser-o-IPL-2.png 460w\" sizes=\"(max-width: 800px) 100vw, 186px\" \/><\/span><\/div><div class=\"fusion-clearfix\"><\/div><\/div><\/div><\/div><\/div><div class=\"fusion-fullwidth fullwidth-box fusion-builder-row-6 nonhundred-percent-fullwidth non-hundred-percent-height-scrolling\" style=\"--awb-border-radius-top-left:0px;--awb-border-radius-top-right:0px;--awb-border-radius-bottom-right:0px;--awb-border-radius-bottom-left:0px;--awb-flex-wrap:wrap;\" ><div class=\"fusion-builder-row fusion-row\"><div class=\"fusion-layout-column fusion_builder_column fusion-builder-column-8 fusion_builder_column_1_1 1_1 fusion-one-full fusion-column-first fusion-column-last\" style=\"--awb-bg-size:cover;\"><div class=\"fusion-column-wrapper fusion-flex-column-wrapper-legacy\"><div class=\"fusion-text fusion-text-5\"><p>A continuaci\u00f3n, exploramos en profundidad c\u00f3mo cada una de estas tecnolog\u00edas puede ayudarte a conseguir una piel m\u00e1s uniforme, luminosa y rejuvenecida.<\/p>\n<\/div><div class=\"fusion-clearfix\"><\/div><\/div><\/div><\/div><\/div><div class=\"fusion-fullwidth fullwidth-box fusion-builder-row-7 nonhundred-percent-fullwidth non-hundred-percent-height-scrolling\" style=\"--awb-border-radius-top-left:0px;--awb-border-radius-top-right:0px;--awb-border-radius-bottom-right:0px;--awb-border-radius-bottom-left:0px;--awb-flex-wrap:wrap;\" ><div class=\"fusion-builder-row fusion-row\"><div class=\"fusion-layout-column fusion_builder_column fusion-builder-column-9 fusion_builder_column_1_1 1_1 fusion-one-full fusion-column-first fusion-column-last\" style=\"--awb-bg-size:cover;\"><div class=\"fusion-column-wrapper fusion-flex-column-wrapper-legacy\"><div class=\"fusion-text fusion-text-6\"><h3 data-start=\"772\" data-end=\"824\">1. L\u00e1ser para mejorar la calidad de la piel<\/h3>\n<h4 data-start=\"826\" data-end=\"871\">\u00bfC\u00f3mo funciona el l\u00e1ser en la piel?<\/h4>\n<p data-start=\"872\" data-end=\"1181\">El tratamiento con l\u00e1ser utiliza una fuente de luz altamente concentrada que penetra en las capas de la piel para estimular la regeneraci\u00f3n celular y la producci\u00f3n de col\u00e1geno. Existen diferentes tipos de l\u00e1ser, cada uno con una longitud de onda espec\u00edfica que act\u00faa sobre distintas imperfecciones cut\u00e1neas.<\/p>\n<h4 data-start=\"1183\" data-end=\"1229\">Beneficios del tratamiento con l\u00e1ser<\/h4>\n<p data-start=\"1230\" data-end=\"1800\">\u2714 <strong data-start=\"1232\" data-end=\"1256\">Reducci\u00f3n de manchas<\/strong>: El l\u00e1ser act\u00faa sobre la melanina acumulada, eliminando hiperpigmentaciones y unificando el tono de la piel.<br data-start=\"1365\" data-end=\"1368\" \/>\u2714 <strong data-start=\"1370\" data-end=\"1399\">Cierre de poros dilatados<\/strong>: Al estimular la producci\u00f3n de col\u00e1geno, la piel se vuelve m\u00e1s firme, reduciendo la apariencia de los poros.<br data-start=\"1508\" data-end=\"1511\" \/>\u2714 <strong data-start=\"1513\" data-end=\"1549\">Correcci\u00f3n de capilares visibles<\/strong>: El l\u00e1ser coagula los vasos sangu\u00edneos dilatados, eliminando la rojez causada por la cuperosis o la ros\u00e1cea.<br data-start=\"1658\" data-end=\"1661\" \/>\u2714 <strong data-start=\"1663\" data-end=\"1695\">Mejora de la textura cut\u00e1nea<\/strong>: Favorece la renovaci\u00f3n celular y suaviza las irregularidades, como cicatrices de acn\u00e9 o l\u00edneas finas.<\/p>\n<h4 data-start=\"1802\" data-end=\"1862\">Tipos de l\u00e1ser utilizados en dermatolog\u00eda est\u00e9tica<\/h4>\n<p data-start=\"1863\" data-end=\"2285\">\ud83d\udd39 <strong data-start=\"1866\" data-end=\"1904\">L\u00e1ser fraccionado (CO\u2082, Erbio-YAG)<\/strong>: Ideal para mejorar la textura de la piel, cicatrices y l\u00edneas de expresi\u00f3n.<br data-start=\"1981\" data-end=\"1984\" \/>\ud83d\udd39 <strong data-start=\"1987\" data-end=\"2007\">L\u00e1ser Q-Switched<\/strong>: Especializado en eliminar manchas y pigmentaciones profundas.<br data-start=\"2070\" data-end=\"2073\" \/>\ud83d\udd39 <strong data-start=\"2076\" data-end=\"2108\">L\u00e1ser vascular (Nd:YAG, KTP)<\/strong>: Recomendado para tratar capilares visibles y rojeces.<br data-start=\"2163\" data-end=\"2166\" \/>\ud83d\udd39 <strong data-start=\"2169\" data-end=\"2201\">L\u00e1ser de diodo o Alejandrita<\/strong>: M\u00e1s utilizado en depilaci\u00f3n, pero con beneficios en el rejuvenecimiento cut\u00e1neo.<\/p>\n<h4 data-start=\"2287\" data-end=\"2328\">\u00bfCu\u00e1ntas sesiones se necesitan?<\/h4>\n<p data-start=\"2329\" data-end=\"2515\">La cantidad de sesiones var\u00eda seg\u00fan el tipo de l\u00e1ser y el problema a tratar. Generalmente, se requieren entre 3 y 6 sesiones espaciadas cada 3-4 semanas para lograr resultados \u00f3ptimos.<\/p>\n<h4 data-start=\"2517\" data-end=\"2547\">Cuidados posteriores<\/h4>\n<ul data-start=\"2548\" data-end=\"2793\">\n<li data-start=\"2548\" data-end=\"2593\">Aplicar protector solar SPF 50+ a diario.<\/li>\n<li data-start=\"2594\" data-end=\"2640\">Hidratar la piel con cremas regeneradoras.<\/li>\n<li data-start=\"2641\" data-end=\"2703\">Evitar la exposici\u00f3n solar directa durante varias semanas.<\/li>\n<li data-start=\"2704\" data-end=\"2793\">No utilizar productos agresivos o exfoliantes en los d\u00edas posteriores al tratamiento.<\/li>\n<\/ul>\n<h3 data-start=\"2800\" data-end=\"2860\">2. Luz Pulsada Intensa (IPL) para un cutis radiante<\/h3>\n<h4 data-start=\"2862\" data-end=\"2909\">\u00bfQu\u00e9 es la Luz Pulsada Intensa (IPL)?<\/h4>\n<p data-start=\"2910\" data-end=\"3182\">A diferencia del l\u00e1ser, la luz pulsada intensa (IPL) emite m\u00faltiples longitudes de onda de luz, permitiendo tratar varios problemas cut\u00e1neos a la vez. Es un procedimiento no invasivo que act\u00faa en las capas superficiales de la piel, ideal para mejorar su calidad general.<\/p>\n<h4 data-start=\"3184\" data-end=\"3214\">Beneficios de la IPL<\/h4>\n<p data-start=\"3215\" data-end=\"3645\">\u2714 <strong data-start=\"3217\" data-end=\"3261\">Disminuci\u00f3n de manchas solares y melasma<\/strong>: La IPL fragmenta el exceso de melanina y permite su eliminaci\u00f3n natural por el cuerpo.<br data-start=\"3349\" data-end=\"3352\" \/>\u2714 <strong data-start=\"3354\" data-end=\"3400\">Reducci\u00f3n de rojeces y capilares dilatados<\/strong>: Mejora la ros\u00e1cea y elimina vasos sangu\u00edneos visibles.<br data-start=\"3456\" data-end=\"3459\" \/>\u2714 <strong data-start=\"3461\" data-end=\"3496\">Unificaci\u00f3n del tono de la piel<\/strong>: Aclara y da luminosidad al rostro.<br data-start=\"3532\" data-end=\"3535\" \/>\u2714 <strong data-start=\"3537\" data-end=\"3566\">Estimulaci\u00f3n del col\u00e1geno<\/strong>: Mejora la elasticidad y firmeza, reduciendo poros dilatados y l\u00edneas finas.<\/p>\n<h4 data-start=\"3647\" data-end=\"3690\">\u00bfPara qui\u00e9n est\u00e1 indicada la IPL?<\/h4>\n<ul data-start=\"3691\" data-end=\"3958\">\n<li data-start=\"3691\" data-end=\"3752\">Personas con pieles con manchas solares, pecas o melasma.<\/li>\n<li data-start=\"3753\" data-end=\"3845\">Quienes buscan mejorar la textura y uniformidad de su piel sin procedimientos agresivos.<\/li>\n<li data-start=\"3846\" data-end=\"3893\">Aquellos que sufren de rojeces o cuperosis.<\/li>\n<li data-start=\"3894\" data-end=\"3958\">Personas con piel fotoenvejecida o con signos de da\u00f1o solar.<\/li>\n<\/ul>\n<h4 data-start=\"3960\" data-end=\"4001\">\u00bfCu\u00e1ntas sesiones se necesitan?<\/h4>\n<p data-start=\"4002\" data-end=\"4206\">El tratamiento de IPL suele realizarse en <strong data-start=\"4044\" data-end=\"4062\">4 a 6 sesiones<\/strong>, separadas por 3-4 semanas. Los resultados empiezan a ser visibles despu\u00e9s de la segunda sesi\u00f3n, y la mejora contin\u00faa con el paso del tiempo.<\/p>\n<h4 data-start=\"4208\" data-end=\"4238\">Cuidados posteriores<\/h4>\n<ul data-start=\"4239\" data-end=\"4467\">\n<li data-start=\"4239\" data-end=\"4301\">Evitar la exposici\u00f3n solar intensa durante el tratamiento.<\/li>\n<li data-start=\"4302\" data-end=\"4342\">Aplicar protector solar diariamente.<\/li>\n<li data-start=\"4343\" data-end=\"4387\">Utilizar cremas hidratantes y calmantes.<\/li>\n<li data-start=\"4388\" data-end=\"4467\">Evitar tratamientos abrasivos o productos exfoliantes en los primeros d\u00edas.<\/li>\n<\/ul>\n<h2 data-start=\"4474\" data-end=\"4510\">\u00bfL\u00e1ser o IPL? \u00bfCu\u00e1l elegir?<\/h2>\n<p data-start=\"4512\" data-end=\"4626\">Ambas opciones son altamente efectivas, pero su elecci\u00f3n depender\u00e1 del problema espec\u00edfico que se quiera tratar:<\/p>\n<p data-start=\"4628\" data-end=\"4927\">\ud83d\udd39 <strong data-start=\"4631\" data-end=\"4766\">Si buscas una soluci\u00f3n m\u00e1s intensa y precisa para cicatrices, arrugas profundas o manchas resistentes, el l\u00e1ser es la mejor opci\u00f3n.<\/strong><br data-start=\"4766\" data-end=\"4769\" \/>\ud83d\udd39 <strong data-start=\"4772\" data-end=\"4925\">Si quieres un tratamiento m\u00e1s suave y vers\u00e1til para mejorar la calidad general de la piel, reducir rojeces o eliminar manchas leves, la IPL es ideal.<\/strong><\/p>\n<p data-start=\"4929\" data-end=\"5104\">Lo mejor es consultar con un dermat\u00f3logo o especialista en est\u00e9tica para determinar cu\u00e1l es el tratamiento m\u00e1s adecuado seg\u00fan el tipo de piel y las necesidades individuales.<\/p>\n<p>Si deseas mejorar la calidad de tu piel, reducir manchas, cerrar poros, eliminar capilares visibles y conseguir una textura uniforme, los tratamientos con <strong data-start=\"5287\" data-end=\"5324\">l\u00e1ser y luz pulsada intensa (IPL)<\/strong> son opciones avanzadas y seguras.<\/p>\n<\/div><div class=\"fusion-clearfix\"><\/div><\/div><\/div><\/div><\/div><div class=\"fusion-fullwidth fullwidth-box fusion-builder-row-8 nonhundred-percent-fullwidth non-hundred-percent-height-scrolling\" style=\"--awb-border-radius-top-left:0px;--awb-border-radius-top-right:0px;--awb-border-radius-bottom-right:0px;--awb-border-radius-bottom-left:0px;--awb-flex-wrap:wrap;\" ><div class=\"fusion-builder-row fusion-row\"><div class=\"fusion-layout-column fusion_builder_column fusion-builder-column-10 fusion_builder_column_1_1 1_1 fusion-one-full fusion-column-first fusion-column-last\" style=\"--awb-bg-size:cover;\"><div class=\"fusion-column-wrapper fusion-flex-column-wrapper-legacy\"><div class=\"fusion-text fusion-text-7\"><h2 data-start=\"0\" data-end=\"94\">Neuromoduladores para el tratamiento de las arrugas en el tercio superior del rostro<\/h2>\n<\/div><div class=\"fusion-clearfix\"><\/div><\/div><\/div><\/div><\/div><div class=\"fusion-fullwidth fullwidth-box fusion-builder-row-9 nonhundred-percent-fullwidth non-hundred-percent-height-scrolling\" style=\"--awb-border-radius-top-left:0px;--awb-border-radius-top-right:0px;--awb-border-radius-bottom-right:0px;--awb-border-radius-bottom-left:0px;--awb-flex-wrap:wrap;\" ><div class=\"fusion-builder-row fusion-row\"><div class=\"fusion-layout-column fusion_builder_column fusion-builder-column-11 fusion_builder_column_1_3 1_3 fusion-one-third fusion-column-first\" style=\"--awb-bg-size:cover;width:33.333333333333%;width:calc(33.333333333333% - ( ( 4% ) * 0.33333333333333 ) );margin-right: 4%;\"><div class=\"fusion-column-wrapper fusion-flex-column-wrapper-legacy\"><div class=\"fusion-image-element in-legacy-container\" style=\"--awb-caption-title-font-family:var(--h2_typography-font-family);--awb-caption-title-font-weight:var(--h2_typography-font-weight);--awb-caption-title-font-style:var(--h2_typography-font-style);--awb-caption-title-size:var(--h2_typography-font-size);--awb-caption-title-transform:var(--h2_typography-text-transform);--awb-caption-title-line-height:var(--h2_typography-line-height);--awb-caption-title-letter-spacing:var(--h2_typography-letter-spacing);\"><span class=\" fusion-imageframe imageframe-none imageframe-4 hover-type-none\"><img decoding=\"async\" width=\"183\" height=\"300\" alt=\"Tratamiento de las arrugas en el tercio superior con neuromoduladores.\" title=\"Como empezar un tratamiento est\u00e9tico\" src=\"https:\/\/www.idermic.es\/wp-content\/uploads\/2025\/02\/neuromoduladores-3-183x300.png\" class=\"img-responsive wp-image-7192\" srcset=\"https:\/\/www.idermic.es\/wp-content\/uploads\/2025\/02\/neuromoduladores-3-200x328.png 200w, https:\/\/www.idermic.es\/wp-content\/uploads\/2025\/02\/neuromoduladores-3-400x656.png 400w, https:\/\/www.idermic.es\/wp-content\/uploads\/2025\/02\/neuromoduladores-3.png 455w\" sizes=\"(max-width: 800px) 100vw, 183px\" \/><\/span><\/div><div class=\"fusion-image-element in-legacy-container\" style=\"--awb-caption-title-font-family:var(--h2_typography-font-family);--awb-caption-title-font-weight:var(--h2_typography-font-weight);--awb-caption-title-font-style:var(--h2_typography-font-style);--awb-caption-title-size:var(--h2_typography-font-size);--awb-caption-title-transform:var(--h2_typography-text-transform);--awb-caption-title-line-height:var(--h2_typography-line-height);--awb-caption-title-letter-spacing:var(--h2_typography-letter-spacing);\"><span class=\" fusion-imageframe imageframe-none imageframe-5 hover-type-none\"><img decoding=\"async\" width=\"184\" height=\"300\" title=\"Neuromoduladores-2\" src=\"https:\/\/www.idermic.es\/wp-content\/uploads\/2025\/02\/Neuromoduladores-2-1-184x300.png\" alt class=\"img-responsive wp-image-7196\" srcset=\"https:\/\/www.idermic.es\/wp-content\/uploads\/2025\/02\/Neuromoduladores-2-1-200x325.png 200w, https:\/\/www.idermic.es\/wp-content\/uploads\/2025\/02\/Neuromoduladores-2-1-400x651.png 400w, https:\/\/www.idermic.es\/wp-content\/uploads\/2025\/02\/Neuromoduladores-2-1.png 459w\" sizes=\"(max-width: 800px) 100vw, 184px\" \/><\/span><\/div><div class=\"fusion-clearfix\"><\/div><\/div><\/div><div class=\"fusion-layout-column fusion_builder_column fusion-builder-column-12 fusion_builder_column_2_3 2_3 fusion-two-third fusion-column-last\" style=\"--awb-bg-size:cover;width:66.666666666667%;width:calc(66.666666666667% - ( ( 4% ) * 0.66666666666667 ) );\"><div class=\"fusion-column-wrapper fusion-flex-column-wrapper-legacy\"><div class=\"fusion-text fusion-text-8\"><p data-start=\"96\" data-end=\"462\">El paso del tiempo deja huella en nuestra piel, especialmente en el rostro, donde las expresiones faciales repetitivas, la exposici\u00f3n al sol y la p\u00e9rdida de col\u00e1geno provocan la aparici\u00f3n de arrugas y l\u00edneas de expresi\u00f3n.<\/p>\n<p data-start=\"96\" data-end=\"462\">En particular, el <strong data-start=\"336\" data-end=\"366\">tercio superior del rostro<\/strong> (entrecejo, frente y patas de gallo) es una de las zonas m\u00e1s afectadas por el envejecimiento.<\/p>\n<p data-start=\"464\" data-end=\"689\">Si deseas suavizar estas l\u00edneas y prevenir su profundizaci\u00f3n, el tratamiento con <strong data-start=\"545\" data-end=\"565\">neuromoduladores<\/strong> es la opci\u00f3n m\u00e1s efectiva y segura. A continuaci\u00f3n, te explicamos en qu\u00e9 consiste, c\u00f3mo funciona y qu\u00e9 beneficios ofrece.<\/p>\n<h3 data-start=\"696\" data-end=\"738\">1. \u00bfQu\u00e9 son los neuromoduladores?<\/h3>\n<p data-start=\"740\" data-end=\"1093\">Los neuromoduladores son sustancias utilizadas en medicina est\u00e9tica para relajar temporalmente los m\u00fasculos responsables de las arrugas de expresi\u00f3n.<\/p>\n<p data-start=\"740\" data-end=\"1093\">El m\u00e1s conocido es la <strong data-start=\"912\" data-end=\"940\">toxina botul\u00ednica tipo A<\/strong>, que act\u00faa bloqueando la se\u00f1al nerviosa que provoca la contracci\u00f3n muscular, lo que permite suavizar las l\u00edneas de expresi\u00f3n y prevenir su progresi\u00f3n.<\/p>\n<\/div><div class=\"fusion-clearfix\"><\/div><\/div><\/div><\/div><\/div><div class=\"fusion-fullwidth fullwidth-box fusion-builder-row-10 nonhundred-percent-fullwidth non-hundred-percent-height-scrolling\" style=\"--awb-border-radius-top-left:0px;--awb-border-radius-top-right:0px;--awb-border-radius-bottom-right:0px;--awb-border-radius-bottom-left:0px;--awb-flex-wrap:wrap;\" ><div class=\"fusion-builder-row fusion-row\"><div class=\"fusion-layout-column fusion_builder_column fusion-builder-column-13 fusion_builder_column_1_1 1_1 fusion-one-full fusion-column-first fusion-column-last\" style=\"--awb-bg-size:cover;\"><div class=\"fusion-column-wrapper fusion-flex-column-wrapper-legacy\"><div class=\"fusion-text fusion-text-9\"><h3 data-start=\"1100\" data-end=\"1159\">2. \u00bfC\u00f3mo act\u00faan los neuromoduladores en el rostro?<\/h3>\n<p data-start=\"1161\" data-end=\"1361\">El envejecimiento de la piel y la repetici\u00f3n de gestos faciales generan arrugas din\u00e1micas, que con el tiempo se vuelven est\u00e1ticas (permanentes). Los neuromoduladores trabajan de la siguiente manera:<\/p>\n<p data-start=\"1363\" data-end=\"1853\">\u2705 <strong data-start=\"1365\" data-end=\"1398\">Relajan los m\u00fasculos faciales<\/strong>: Evitan la contracci\u00f3n excesiva de los m\u00fasculos responsables de las arrugas.<br data-start=\"1475\" data-end=\"1478\" \/>\u2705 <strong data-start=\"1480\" data-end=\"1516\">Suavizan las l\u00edneas de expresi\u00f3n<\/strong>: Reducen la visibilidad de las arrugas ya formadas.<br data-start=\"1568\" data-end=\"1571\" \/>\u2705 <strong data-start=\"1573\" data-end=\"1617\">Previenen la formaci\u00f3n de nuevas arrugas<\/strong>: Al limitar la movilidad muscular, se evita que las arrugas se marquen m\u00e1s con el tiempo.<br data-start=\"1707\" data-end=\"1710\" \/>\u2705 <strong data-start=\"1712\" data-end=\"1749\">Mantienen la expresividad natural<\/strong>: Cuando se aplica correctamente, el rostro luce descansado y rejuvenecido sin perder su expresividad.<\/p>\n<h3 data-start=\"1860\" data-end=\"1936\">3. \u00bfPara qu\u00e9 zonas del rostro est\u00e1n indicados los neuromoduladores?<\/h3>\n<p data-start=\"1938\" data-end=\"2098\">El tercio superior del rostro es la zona donde los neuromoduladores tienen mayor eficacia, ya que las arrugas aqu\u00ed son producto de la gesticulaci\u00f3n constante.<\/p>\n<h3 data-start=\"2100\" data-end=\"2143\"><strong data-start=\"2104\" data-end=\"2141\">\ud83d\udccd Entrecejo (Arrugas Glabelares)<\/strong><\/h3>\n<ul data-start=\"2144\" data-end=\"2471\">\n<li data-start=\"2144\" data-end=\"2250\">Son las l\u00edneas verticales que aparecen entre las cejas debido a la acci\u00f3n repetida de fruncir el ce\u00f1o.<\/li>\n<li data-start=\"2251\" data-end=\"2365\">Estas arrugas pueden dar una apariencia de <strong data-start=\"2296\" data-end=\"2321\">preocupaci\u00f3n o enfado<\/strong>, incluso cuando el rostro est\u00e1 en reposo.<\/li>\n<li data-start=\"2366\" data-end=\"2471\">Con la aplicaci\u00f3n de neuromoduladores, la zona se relaja, dando un aspecto m\u00e1s sereno y rejuvenecido.<\/li>\n<\/ul>\n<h3 data-start=\"2473\" data-end=\"2514\"><strong data-start=\"2477\" data-end=\"2512\">\ud83d\udccd Frente (L\u00edneas Horizontales)<\/strong><\/h3>\n<ul data-start=\"2515\" data-end=\"2792\">\n<li data-start=\"2515\" data-end=\"2609\">Se generan al elevar las cejas, una acci\u00f3n que realizamos al expresar sorpresa o atenci\u00f3n.<\/li>\n<li data-start=\"2610\" data-end=\"2721\">Con el tiempo, estas l\u00edneas se vuelven permanentes y pueden dar una apariencia de envejecimiento prematuro.<\/li>\n<li data-start=\"2722\" data-end=\"2792\">El tratamiento reduce su visibilidad y previene su profundizaci\u00f3n.<\/li>\n<\/ul>\n<h3 data-start=\"2794\" data-end=\"2844\"><strong data-start=\"2798\" data-end=\"2842\">\ud83d\udccd Patas de Gallo (Arrugas Perioculares)<\/strong><\/h3>\n<ul data-start=\"2845\" data-end=\"3126\">\n<li data-start=\"2845\" data-end=\"2941\">Son las l\u00edneas que se forman en los laterales de los ojos al sonre\u00edr o entrecerrar los ojos.<\/li>\n<li data-start=\"2942\" data-end=\"3049\">Aunque suelen ser signo de expresividad, con el tiempo se acent\u00faan y pueden dar una apariencia cansada.<\/li>\n<li data-start=\"3050\" data-end=\"3126\">Los neuromoduladores suavizan la zona manteniendo una expresi\u00f3n natural.<\/li>\n<\/ul>\n<h3 data-start=\"3133\" data-end=\"3171\">4. \u00bfC\u00f3mo es el procedimiento?<\/h3>\n<p data-start=\"3173\" data-end=\"3339\">El tratamiento con neuromoduladores es <strong data-start=\"3212\" data-end=\"3255\">r\u00e1pido, seguro y pr\u00e1cticamente indoloro<\/strong>. Se realiza en consulta m\u00e9dica y no requiere anestesia ni tiempo de recuperaci\u00f3n.<\/p>\n<p data-start=\"3341\" data-end=\"3755\"><strong data-start=\"3341\" data-end=\"3369\">Pasos del procedimiento:<\/strong><br data-start=\"3369\" data-end=\"3372\" \/>1\ufe0f\u20e3 <strong data-start=\"3376\" data-end=\"3397\">Evaluaci\u00f3n facial<\/strong>: El especialista analiza la expresi\u00f3n y determina los puntos de aplicaci\u00f3n.<br data-start=\"3473\" data-end=\"3476\" \/>2\ufe0f\u20e3 <strong data-start=\"3480\" data-end=\"3507\">Limpieza y desinfecci\u00f3n<\/strong>: Se limpia la piel para evitar infecciones.<br data-start=\"3551\" data-end=\"3554\" \/>3\ufe0f\u20e3 <strong data-start=\"3558\" data-end=\"3591\">Aplicaci\u00f3n del neuromodulador<\/strong>: Se inyecta con microagujas en los m\u00fasculos espec\u00edficos.<br data-start=\"3648\" data-end=\"3651\" \/>4\ufe0f\u20e3 <strong data-start=\"3655\" data-end=\"3691\">Recomendaciones post-tratamiento<\/strong>: Se aconsejan cuidados b\u00e1sicos para optimizar los resultados.<\/p>\n<p data-start=\"3757\" data-end=\"3820\"><strong data-start=\"3757\" data-end=\"3783\">Duraci\u00f3n de la sesi\u00f3n:<\/strong> Aproximadamente <strong data-start=\"3800\" data-end=\"3817\">15-20 minutos<\/strong>.<\/p>\n<h3 data-start=\"3827\" data-end=\"3884\">5. \u00bfCu\u00e1ndo se ven los resultados y cu\u00e1nto duran?<\/h3>\n<p data-start=\"3886\" data-end=\"4247\">\u23f3 <strong data-start=\"3888\" data-end=\"3909\">Tiempo de acci\u00f3n:<\/strong> Los efectos comienzan a notarse entre <strong data-start=\"3948\" data-end=\"3987\">3 y 7 d\u00edas despu\u00e9s de la aplicaci\u00f3n<\/strong>, con resultados \u00f3ptimos en dos semanas.<br data-start=\"4027\" data-end=\"4030\" \/>\ud83d\udcc5 <strong data-start=\"4033\" data-end=\"4057\">Duraci\u00f3n del efecto:<\/strong> Aproximadamente <strong data-start=\"4074\" data-end=\"4089\">4 a 6 meses<\/strong>, dependiendo del metabolismo de cada persona.<br data-start=\"4135\" data-end=\"4138\" \/>\ud83d\udd04 <strong data-start=\"4141\" data-end=\"4158\">Reaplicaci\u00f3n:<\/strong> Para mantener los resultados, se recomienda repetir el tratamiento cada <strong data-start=\"4231\" data-end=\"4244\">4-6 meses<\/strong>.<\/p>\n<h3 data-start=\"4254\" data-end=\"4311\">6. \u00bfQui\u00e9nes pueden beneficiarse del tratamiento?<\/h3>\n<p data-start=\"4313\" data-end=\"4624\">\u2714 Personas con arrugas din\u00e1micas en la frente, entrecejo o patas de gallo.<br data-start=\"4387\" data-end=\"4390\" \/>\u2714 Quienes desean prevenir la formaci\u00f3n de arrugas profundas.<br data-start=\"4450\" data-end=\"4453\" \/>\u2714 Aquellos que buscan un rostro descansado y rejuvenecido sin cirug\u00eda.<br data-start=\"4523\" data-end=\"4526\" \/>\u2714 Hombres y mujeres a partir de los 30 a\u00f1os, aunque puede aplicarse antes con fines preventivos.<\/p>\n<h3 data-start=\"4631\" data-end=\"4675\">7. Cuidados despu\u00e9s del tratamiento<\/h3>\n<p data-start=\"4677\" data-end=\"4731\">Para asegurar los mejores resultados, se recomienda:<\/p>\n<p data-start=\"4733\" data-end=\"5143\">\ud83d\udd38 <strong data-start=\"4736\" data-end=\"4780\">Evitar masajear o frotar la zona tratada<\/strong> en las primeras 24 horas.<br data-start=\"4806\" data-end=\"4809\" \/>\ud83d\udd38 <strong data-start=\"4812\" data-end=\"4845\">No realizar ejercicio intenso<\/strong> durante las primeras 24-48 horas.<br data-start=\"4879\" data-end=\"4882\" \/>\ud83d\udd38 <strong data-start=\"4885\" data-end=\"4924\">Evitar la exposici\u00f3n directa al sol<\/strong> y el uso de saunas en los primeros d\u00edas.<br data-start=\"4965\" data-end=\"4968\" \/>\ud83d\udd38 <strong data-start=\"4971\" data-end=\"5009\">No acostarse ni inclinar la cabeza<\/strong> durante las 4 horas posteriores a la aplicaci\u00f3n.<br data-start=\"5058\" data-end=\"5061\" \/>\ud83d\udd38 <strong data-start=\"5064\" data-end=\"5108\">Seguir las indicaciones del especialista<\/strong> para obtener resultados \u00f3ptimos.<\/p>\n<h3 data-start=\"5150\" data-end=\"5205\">8. Mitos y verdades sobre los neuromoduladores<\/h3>\n<p data-start=\"5207\" data-end=\"5338\">\u274c <strong data-start=\"5209\" data-end=\"5259\">\u00abEl rostro queda congelado y sin expresividad\u00bb<\/strong> \u2192 FALSO<br data-start=\"5267\" data-end=\"5270\" \/>\u2714 Si se aplica correctamente, se conserva la expresividad natural.<\/p>\n<p data-start=\"5340\" data-end=\"5481\">\u274c <strong data-start=\"5342\" data-end=\"5399\">\u00abLos neuromoduladores son solo para personas mayores\u00bb<\/strong> \u2192 FALSO<br data-start=\"5407\" data-end=\"5410\" \/>\u2714 Se pueden utilizar desde los 30 a\u00f1os o antes con fines preventivos.<\/p>\n<p data-start=\"5483\" data-end=\"5580\">\u274c <strong data-start=\"5485\" data-end=\"5517\">\u00abEs un tratamiento doloroso\u00bb<\/strong> \u2192 FALSO<br data-start=\"5525\" data-end=\"5528\" \/>\u2714 La aplicaci\u00f3n es r\u00e1pida y con molestias m\u00ednimas.<\/p>\n<p data-start=\"5582\" data-end=\"5695\">\u274c <strong data-start=\"5584\" data-end=\"5617\">\u00abLos efectos son permanentes\u00bb<\/strong> \u2192 FALSO<br data-start=\"5625\" data-end=\"5628\" \/>\u2714 La duraci\u00f3n es temporal y el efecto desaparece progresivamente.<\/p>\n<p data-start=\"5762\" data-end=\"6065\">Los neuromoduladores son una soluci\u00f3n altamente efectiva para tratar y prevenir las arrugas en el tercio superior del rostro. Gracias a su acci\u00f3n sobre los m\u00fasculos faciales, permiten suavizar l\u00edneas de expresi\u00f3n, prevenir su avance y lograr un aspecto rejuvenecido y natural sin necesidad de cirug\u00eda.<\/p>\n<p data-start=\"6067\" data-end=\"6355\">Si deseas <strong data-start=\"6077\" data-end=\"6146\">reducir las arrugas del entrecejo, la frente y las patas de gallo<\/strong> y mantener una apariencia fresca y descansada, este tratamiento puede ser la mejor opci\u00f3n para ti. Consulta con un especialista en medicina est\u00e9tica para dise\u00f1ar un plan personalizado seg\u00fan tus necesidades.<\/p>\n<\/div><div class=\"fusion-clearfix\"><\/div><\/div><\/div><\/div><\/div><div class=\"fusion-fullwidth fullwidth-box fusion-builder-row-11 nonhundred-percent-fullwidth non-hundred-percent-height-scrolling\" style=\"--awb-border-radius-top-left:0px;--awb-border-radius-top-right:0px;--awb-border-radius-bottom-right:0px;--awb-border-radius-bottom-left:0px;--awb-flex-wrap:wrap;\" ><div class=\"fusion-builder-row fusion-row\"><div class=\"fusion-layout-column fusion_builder_column fusion-builder-column-14 fusion_builder_column_1_1 1_1 fusion-one-full fusion-column-first fusion-column-last\" style=\"--awb-bg-size:cover;\"><div class=\"fusion-column-wrapper fusion-flex-column-wrapper-legacy\"><div class=\"fusion-text fusion-text-10\"><h2>C\u00f3mo prevenir y tratar la flacidez: Combinaci\u00f3n de tratamientos efectivos<\/h2>\n<\/div><div class=\"fusion-clearfix\"><\/div><\/div><\/div><\/div><\/div><div class=\"fusion-fullwidth fullwidth-box fusion-builder-row-12 nonhundred-percent-fullwidth non-hundred-percent-height-scrolling\" style=\"--awb-border-radius-top-left:0px;--awb-border-radius-top-right:0px;--awb-border-radius-bottom-right:0px;--awb-border-radius-bottom-left:0px;--awb-flex-wrap:wrap;\" ><div class=\"fusion-builder-row fusion-row\"><div class=\"fusion-layout-column fusion_builder_column fusion-builder-column-15 fusion_builder_column_1_1 1_1 fusion-one-full fusion-column-first fusion-column-last\" style=\"--awb-bg-size:cover;\"><div class=\"fusion-column-wrapper fusion-flex-column-wrapper-legacy\"><div class=\"fusion-text fusion-text-11\"><p data-start=\"83\" data-end=\"392\">La flacidez cut\u00e1nea es una de las preocupaciones m\u00e1s comunes en el \u00e1mbito de la est\u00e9tica y el rejuvenecimiento facial y corporal. Con el paso del tiempo, la piel pierde firmeza debido a la disminuci\u00f3n del col\u00e1geno, la elastina y el \u00e1cido hialur\u00f3nico, lo que da lugar a una apariencia menos tersa y definida.<\/p>\n<p data-start=\"394\" data-end=\"700\">Para prevenir o tratar la flacidez de manera efectiva, la clave est\u00e1 en <strong data-start=\"466\" data-end=\"502\">combinar diferentes tratamientos<\/strong> que act\u00faen en sinergia para estimular la producci\u00f3n de col\u00e1geno, reestructurar la piel y mejorar su firmeza. A continuaci\u00f3n, exploramos las opciones m\u00e1s avanzadas y c\u00f3mo se complementan entre s\u00ed.<\/p>\n<\/div><div class=\"fusion-clearfix\"><\/div><\/div><\/div><\/div><\/div><div class=\"fusion-fullwidth fullwidth-box fusion-builder-row-13 nonhundred-percent-fullwidth non-hundred-percent-height-scrolling\" style=\"--awb-border-radius-top-left:0px;--awb-border-radius-top-right:0px;--awb-border-radius-bottom-right:0px;--awb-border-radius-bottom-left:0px;--awb-flex-wrap:wrap;\" ><div class=\"fusion-builder-row fusion-row\"><div class=\"fusion-layout-column fusion_builder_column fusion-builder-column-16 fusion_builder_column_1_1 1_1 fusion-one-full fusion-column-first fusion-column-last\" style=\"--awb-bg-size:cover;\"><div class=\"fusion-column-wrapper fusion-flex-column-wrapper-legacy\"><div class=\"fusion-text fusion-text-12\"><h3 data-start=\"707\" data-end=\"759\">\u00c1cido hialur\u00f3nico en puntos estrat\u00e9gicos<\/h3>\n<\/div><div class=\"fusion-clearfix\"><\/div><\/div><\/div><\/div><\/div><div class=\"fusion-fullwidth fullwidth-box fusion-builder-row-14 nonhundred-percent-fullwidth non-hundred-percent-height-scrolling\" style=\"--awb-border-radius-top-left:0px;--awb-border-radius-top-right:0px;--awb-border-radius-bottom-right:0px;--awb-border-radius-bottom-left:0px;--awb-flex-wrap:wrap;\" ><div class=\"fusion-builder-row fusion-row\"><div class=\"fusion-layout-column fusion_builder_column fusion-builder-column-17 fusion_builder_column_2_3 2_3 fusion-two-third fusion-column-first\" style=\"--awb-bg-size:cover;width:66.666666666667%;width:calc(66.666666666667% - ( ( 4% ) * 0.66666666666667 ) );margin-right: 4%;\"><div class=\"fusion-column-wrapper fusion-flex-column-wrapper-legacy\"><div class=\"fusion-text fusion-text-13\"><h4 data-start=\"761\" data-end=\"832\">\u00bfQu\u00e9 es el \u00e1cido hialur\u00f3nico y c\u00f3mo ayuda contra la flacidez?<\/h4>\n<p data-start=\"833\" data-end=\"1057\">El <strong data-start=\"836\" data-end=\"857\">\u00e1cido hialur\u00f3nico<\/strong> es una sustancia natural presente en nuestra piel, responsable de la hidrataci\u00f3n y el volumen cut\u00e1neo. Con la edad, su producci\u00f3n disminuye, lo que contribuye a la p\u00e9rdida de firmeza y elasticidad.<\/p>\n<p data-start=\"1059\" data-end=\"1291\">Cuando se aplica en <strong data-start=\"1079\" data-end=\"1102\">puntos estrat\u00e9gicos<\/strong>, el \u00e1cido hialur\u00f3nico ayuda a:<br data-start=\"1133\" data-end=\"1136\" \/>\u2705 Restaurar el volumen perdido.<br data-start=\"1167\" data-end=\"1170\" \/>\u2705 Reestructurar el contorno facial.<br data-start=\"1205\" data-end=\"1208\" \/>\u2705 Elevar zonas con leve flacidez.<br data-start=\"1241\" data-end=\"1244\" \/>\u2705 Mejorar la hidrataci\u00f3n profunda de la piel.<\/p>\n<\/div><div class=\"fusion-clearfix\"><\/div><\/div><\/div><div class=\"fusion-layout-column fusion_builder_column fusion-builder-column-18 fusion_builder_column_1_3 1_3 fusion-one-third fusion-column-last\" style=\"--awb-bg-size:cover;width:33.333333333333%;width:calc(33.333333333333% - ( ( 4% ) * 0.33333333333333 ) );\"><div class=\"fusion-column-wrapper fusion-flex-column-wrapper-legacy\"><div class=\"fusion-image-element in-legacy-container\" style=\"--awb-caption-title-font-family:var(--h2_typography-font-family);--awb-caption-title-font-weight:var(--h2_typography-font-weight);--awb-caption-title-font-style:var(--h2_typography-font-style);--awb-caption-title-size:var(--h2_typography-font-size);--awb-caption-title-transform:var(--h2_typography-text-transform);--awb-caption-title-line-height:var(--h2_typography-line-height);--awb-caption-title-letter-spacing:var(--h2_typography-letter-spacing);\"><span class=\" fusion-imageframe imageframe-none imageframe-6 hover-type-none\"><img decoding=\"async\" width=\"184\" height=\"300\" alt=\"Tratamiento y prevenci\u00f3n de la flacidez con \u00e1cido hialur\u00f3nico\" title=\"Como empezar un tratamiento est\u00e9tico\" src=\"https:\/\/www.idermic.es\/wp-content\/uploads\/2025\/02\/Tratamiento-y-prevencion-de-la-flacidez-con-acido-hialuronico-184x300.png\" class=\"img-responsive wp-image-7202\" srcset=\"https:\/\/www.idermic.es\/wp-content\/uploads\/2025\/02\/Tratamiento-y-prevencion-de-la-flacidez-con-acido-hialuronico-200x327.png 200w, https:\/\/www.idermic.es\/wp-content\/uploads\/2025\/02\/Tratamiento-y-prevencion-de-la-flacidez-con-acido-hialuronico-400x653.png 400w, https:\/\/www.idermic.es\/wp-content\/uploads\/2025\/02\/Tratamiento-y-prevencion-de-la-flacidez-con-acido-hialuronico.png 461w\" sizes=\"(max-width: 800px) 100vw, 184px\" \/><\/span><\/div><div class=\"fusion-clearfix\"><\/div><\/div><\/div><\/div><\/div><div class=\"fusion-fullwidth fullwidth-box fusion-builder-row-15 nonhundred-percent-fullwidth non-hundred-percent-height-scrolling\" style=\"--awb-border-radius-top-left:0px;--awb-border-radius-top-right:0px;--awb-border-radius-bottom-right:0px;--awb-border-radius-bottom-left:0px;--awb-flex-wrap:wrap;\" ><div class=\"fusion-builder-row fusion-row\"><div class=\"fusion-layout-column fusion_builder_column fusion-builder-column-19 fusion_builder_column_1_1 1_1 fusion-one-full fusion-column-first fusion-column-last\" style=\"--awb-bg-size:cover;\"><div class=\"fusion-column-wrapper fusion-flex-column-wrapper-legacy\"><div class=\"fusion-text fusion-text-14\"><h4 data-start=\"1293\" data-end=\"1320\">\u00bfD\u00f3nde se aplica?<\/h4>\n<p data-start=\"1321\" data-end=\"1636\">\ud83d\udd39 <strong data-start=\"1324\" data-end=\"1346\">P\u00f3mulos y mejillas<\/strong>: Para recuperar el soporte y el efecto lifting natural.<br data-start=\"1402\" data-end=\"1405\" \/>\ud83d\udd39 <strong data-start=\"1408\" data-end=\"1428\">L\u00ednea mandibular<\/strong>: Define el contorno y evita el descolgamiento.<br data-start=\"1475\" data-end=\"1478\" \/>\ud83d\udd39 <strong data-start=\"1481\" data-end=\"1526\">Surcos nasogenianos y l\u00edneas de marioneta<\/strong>: Suaviza arrugas y previene la flacidez.<br data-start=\"1567\" data-end=\"1570\" \/>\ud83d\udd39 <strong data-start=\"1573\" data-end=\"1590\">Zona temporal<\/strong>: Ayuda a mantener la estructura del rostro.<\/p>\n<h4 data-start=\"1638\" data-end=\"1668\">Resultados esperados<\/h4>\n<ul data-start=\"1669\" data-end=\"1806\">\n<li data-start=\"1669\" data-end=\"1697\">Efecto tensor inmediato.<\/li>\n<li data-start=\"1698\" data-end=\"1727\">Piel m\u00e1s firme y rellena.<\/li>\n<li data-start=\"1728\" data-end=\"1806\">Duraci\u00f3n de <strong data-start=\"1742\" data-end=\"1758\">6 a 12 meses<\/strong>, dependiendo del metabolismo de cada persona.<\/li>\n<\/ul>\n<\/div><div class=\"fusion-clearfix\"><\/div><\/div><\/div><\/div><\/div><div class=\"fusion-fullwidth fullwidth-box fusion-builder-row-16 nonhundred-percent-fullwidth non-hundred-percent-height-scrolling\" style=\"--awb-border-radius-top-left:0px;--awb-border-radius-top-right:0px;--awb-border-radius-bottom-right:0px;--awb-border-radius-bottom-left:0px;--awb-flex-wrap:wrap;\" ><div class=\"fusion-builder-row fusion-row\"><div class=\"fusion-layout-column fusion_builder_column fusion-builder-column-20 fusion_builder_column_1_1 1_1 fusion-one-full fusion-column-first fusion-column-last\" style=\"--awb-bg-size:cover;\"><div class=\"fusion-column-wrapper fusion-flex-column-wrapper-legacy\"><div class=\"fusion-text fusion-text-15\"><h3 data-start=\"1813\" data-end=\"1879\">2. Inductores de col\u00e1geno: Reafirmaci\u00f3n desde el interior<\/h3>\n<h4 data-start=\"1881\" data-end=\"1927\">\u00bfQu\u00e9 son los inductores de col\u00e1geno?<\/h4>\n<p data-start=\"1928\" data-end=\"2094\">Los <strong data-start=\"1932\" data-end=\"1958\">inductores de col\u00e1geno<\/strong> son sustancias que estimulan la producci\u00f3n natural de esta prote\u00edna, mejorando la firmeza y densidad de la piel de manera progresiva.<\/p>\n<h4 data-start=\"2096\" data-end=\"2140\">Principales inductores de col\u00e1geno<\/h4>\n<p data-start=\"2141\" data-end=\"2490\">\ud83d\udd38 <strong data-start=\"2144\" data-end=\"2184\">Radiesse\u00ae (Hidroxiapatita de Calcio)<\/strong>: Ideal para redefinir el \u00f3valo facial y estimular la producci\u00f3n de col\u00e1geno.<br data-start=\"2261\" data-end=\"2264\" \/>\ud83d\udd38 <strong data-start=\"2267\" data-end=\"2303\">Sculptra\u00ae (\u00c1cido Poli-L-L\u00e1ctico)<\/strong>: Rejuvenece la piel de forma progresiva, con un efecto reafirmante duradero.<br data-start=\"2380\" data-end=\"2383\" \/>\ud83d\udd38 <strong data-start=\"2386\" data-end=\"2417\">Ellans\u00e9\u00ae (Policaprolactona)<\/strong>: Combina volumen inmediato con estimulaci\u00f3n de col\u00e1geno a largo plazo.<\/p>\n<h4 data-start=\"2492\" data-end=\"2527\">\u00bfEn qu\u00e9 zonas se aplican?<\/h4>\n<p data-start=\"2528\" data-end=\"2763\">\u2705 <strong data-start=\"2530\" data-end=\"2558\">\u00d3valo facial y mand\u00edbula<\/strong>: Para reafirmar el contorno.<br data-start=\"2587\" data-end=\"2590\" \/>\u2705 <strong data-start=\"2592\" data-end=\"2603\">P\u00f3mulos<\/strong>: Aporta soporte estructural.<br data-start=\"2632\" data-end=\"2635\" \/>\u2705 <strong data-start=\"2637\" data-end=\"2656\">Cuello y escote<\/strong>: Rejuvenece la piel y mejora su calidad.<br data-start=\"2697\" data-end=\"2700\" \/>\u2705 <strong data-start=\"2702\" data-end=\"2722\">Brazos y abdomen<\/strong>: Para mejorar la firmeza en el cuerpo.<\/p>\n<h4 data-start=\"2765\" data-end=\"2795\">Resultados esperados<\/h4>\n<ul data-start=\"2796\" data-end=\"2965\">\n<li data-start=\"2796\" data-end=\"2849\">Efecto progresivo (2-3 meses tras la aplicaci\u00f3n).<\/li>\n<li data-start=\"2850\" data-end=\"2896\">Mejora de la calidad y firmeza de la piel.<\/li>\n<li data-start=\"2897\" data-end=\"2965\">Duraci\u00f3n de <strong data-start=\"2911\" data-end=\"2928\">12 a 24 meses<\/strong>, dependiendo del tipo de inductor.<\/li>\n<\/ul>\n<\/div><div class=\"fusion-clearfix\"><\/div><\/div><\/div><\/div><\/div><div class=\"fusion-fullwidth fullwidth-box fusion-builder-row-17 nonhundred-percent-fullwidth non-hundred-percent-height-scrolling\" style=\"--awb-border-radius-top-left:0px;--awb-border-radius-top-right:0px;--awb-border-radius-bottom-right:0px;--awb-border-radius-bottom-left:0px;--awb-flex-wrap:wrap;\" ><div class=\"fusion-builder-row fusion-row\"><div class=\"fusion-layout-column fusion_builder_column fusion-builder-column-21 fusion_builder_column_1_1 1_1 fusion-one-full fusion-column-first fusion-column-last\" style=\"--awb-bg-size:cover;\"><div class=\"fusion-column-wrapper fusion-flex-column-wrapper-legacy\"><div class=\"fusion-text fusion-text-16\"><h3 data-start=\"2972\" data-end=\"3041\">3. Aparatolog\u00eda avanzada: HIFU y radiofrecuencia fraccionada<\/h3>\n<\/div><div class=\"fusion-clearfix\"><\/div><\/div><\/div><\/div><\/div><div class=\"fusion-fullwidth fullwidth-box fusion-builder-row-18 nonhundred-percent-fullwidth non-hundred-percent-height-scrolling\" style=\"--awb-border-radius-top-left:0px;--awb-border-radius-top-right:0px;--awb-border-radius-bottom-right:0px;--awb-border-radius-bottom-left:0px;--awb-flex-wrap:wrap;\" ><div class=\"fusion-builder-row fusion-row\"><div class=\"fusion-layout-column fusion_builder_column fusion-builder-column-22 fusion_builder_column_2_3 2_3 fusion-two-third fusion-column-first\" style=\"--awb-bg-size:cover;width:66.666666666667%;width:calc(66.666666666667% - ( ( 4% ) * 0.66666666666667 ) );margin-right: 4%;\"><div class=\"fusion-column-wrapper fusion-flex-column-wrapper-legacy\"><div class=\"fusion-text fusion-text-17\"><p data-start=\"3043\" data-end=\"3191\">Para potenciar los resultados de los tratamientos inyectables, la aparatolog\u00eda est\u00e9tica juega un papel fundamental en la lucha contra la flacidez.<\/p>\n<h4 data-start=\"3193\" data-end=\"3254\">\ud83d\udd39 HIFU (Ultrasonido Focalizado de Alta Intensidad)<\/h4>\n<p data-start=\"3256\" data-end=\"3435\">El <a href=\"https:\/\/www.idermic.es\/es\/tratamientos-para-la-flacidez-facial\/\"><strong data-start=\"3259\" data-end=\"3267\">HIFU<\/strong> Facial<\/a> (High-Intensity Focused Ultrasound) es una tecnolog\u00eda que trabaja a nivel profundo estimulando la producci\u00f3n de col\u00e1geno y tensando la piel sin necesidad de cirug\u00eda.<\/p>\n<h5 data-start=\"3437\" data-end=\"3458\">\u00bfC\u00f3mo funciona?<\/h5>\n<ul data-start=\"3459\" data-end=\"3676\">\n<li data-start=\"3459\" data-end=\"3597\">Genera calor en las capas m\u00e1s profundas de la piel, provocando una contracci\u00f3n de los tejidos y estimulando la producci\u00f3n de col\u00e1geno.<\/li>\n<li data-start=\"3598\" data-end=\"3676\">Tiene un <strong data-start=\"3609\" data-end=\"3635\">efecto lifting natural<\/strong>, sin agujas ni tiempo de recuperaci\u00f3n.<\/li>\n<\/ul>\n<h5 data-start=\"3678\" data-end=\"3904\">\u00bfPara qu\u00e9 zonas est\u00e1 indicado?<br data-start=\"3712\" data-end=\"3715\" \/>\u2714 Rostro y cuello: Levanta los tejidos y redefine el \u00f3valo facial.<br data-start=\"3781\" data-end=\"3784\" \/>\u2714 Papada: Reduce la flacidez y mejora el contorno.<br data-start=\"3834\" data-end=\"3837\" \/>\u2714 Cuerpo (brazos, abdomen, muslos): Mejora la firmeza de la piel.<\/h5>\n<h5 data-start=\"3906\" data-end=\"3932\">Resultados esperados<\/h5>\n<ul data-start=\"3933\" data-end=\"4111\">\n<li data-start=\"3933\" data-end=\"3983\">Efecto tensor visible a partir del primer mes.<\/li>\n<li data-start=\"3984\" data-end=\"4041\">Mejora progresiva durante los siguientes 3 a 6 meses.<\/li>\n<li data-start=\"4042\" data-end=\"4111\">Duraci\u00f3n de <strong data-start=\"4056\" data-end=\"4070\">1 a 2 a\u00f1os<\/strong>, dependiendo de la calidad de la piel.<\/li>\n<\/ul>\n<\/div><div class=\"fusion-clearfix\"><\/div><\/div><\/div><div class=\"fusion-layout-column fusion_builder_column fusion-builder-column-23 fusion_builder_column_1_3 1_3 fusion-one-third fusion-column-last\" style=\"--awb-bg-size:cover;width:33.333333333333%;width:calc(33.333333333333% - ( ( 4% ) * 0.33333333333333 ) );\"><div class=\"fusion-column-wrapper fusion-flex-column-wrapper-legacy\"><div class=\"fusion-image-element in-legacy-container\" style=\"--awb-caption-title-font-family:var(--h2_typography-font-family);--awb-caption-title-font-weight:var(--h2_typography-font-weight);--awb-caption-title-font-style:var(--h2_typography-font-style);--awb-caption-title-size:var(--h2_typography-font-size);--awb-caption-title-transform:var(--h2_typography-text-transform);--awb-caption-title-line-height:var(--h2_typography-line-height);--awb-caption-title-letter-spacing:var(--h2_typography-letter-spacing);\"><span class=\" fusion-imageframe imageframe-none imageframe-7 hover-type-none\"><img decoding=\"async\" width=\"190\" height=\"300\" alt=\"Tratamiento de la flacidez con HIFU\" title=\"Como empezar un tratamiento est\u00e9tico\" src=\"https:\/\/www.idermic.es\/wp-content\/uploads\/2025\/02\/Tratamiento-de-la-flacidez-con-HIFU-190x300.png\" class=\"img-responsive wp-image-7206\" srcset=\"https:\/\/www.idermic.es\/wp-content\/uploads\/2025\/02\/Tratamiento-de-la-flacidez-con-HIFU-200x316.png 200w, https:\/\/www.idermic.es\/wp-content\/uploads\/2025\/02\/Tratamiento-de-la-flacidez-con-HIFU-400x632.png 400w, https:\/\/www.idermic.es\/wp-content\/uploads\/2025\/02\/Tratamiento-de-la-flacidez-con-HIFU.png 462w\" sizes=\"(max-width: 800px) 100vw, 190px\" \/><\/span><\/div><div class=\"fusion-image-element in-legacy-container\" style=\"--awb-caption-title-font-family:var(--h2_typography-font-family);--awb-caption-title-font-weight:var(--h2_typography-font-weight);--awb-caption-title-font-style:var(--h2_typography-font-style);--awb-caption-title-size:var(--h2_typography-font-size);--awb-caption-title-transform:var(--h2_typography-text-transform);--awb-caption-title-line-height:var(--h2_typography-line-height);--awb-caption-title-letter-spacing:var(--h2_typography-letter-spacing);\"><span class=\" fusion-imageframe imageframe-none imageframe-8 hover-type-none\"><img decoding=\"async\" width=\"183\" height=\"300\" alt=\"Tratamiento de la flacidez con microagujas.\" title=\"Como empezar un tratamiento est\u00e9tico\" src=\"https:\/\/www.idermic.es\/wp-content\/uploads\/2025\/02\/tratamiento-de-la-flacidez-con-microagujas-183x300.png\" class=\"img-responsive wp-image-7208\" srcset=\"https:\/\/www.idermic.es\/wp-content\/uploads\/2025\/02\/tratamiento-de-la-flacidez-con-microagujas-200x327.png 200w, https:\/\/www.idermic.es\/wp-content\/uploads\/2025\/02\/tratamiento-de-la-flacidez-con-microagujas-400x654.png 400w, https:\/\/www.idermic.es\/wp-content\/uploads\/2025\/02\/tratamiento-de-la-flacidez-con-microagujas.png 455w\" sizes=\"(max-width: 800px) 100vw, 183px\" \/><\/span><\/div><div class=\"fusion-clearfix\"><\/div><\/div><\/div><\/div><\/div><div class=\"fusion-fullwidth fullwidth-box fusion-builder-row-19 nonhundred-percent-fullwidth non-hundred-percent-height-scrolling\" style=\"--awb-border-radius-top-left:0px;--awb-border-radius-top-right:0px;--awb-border-radius-bottom-right:0px;--awb-border-radius-bottom-left:0px;--awb-flex-wrap:wrap;\" ><div class=\"fusion-builder-row fusion-row\"><div class=\"fusion-layout-column fusion_builder_column fusion-builder-column-24 fusion_builder_column_1_1 1_1 fusion-one-full fusion-column-first fusion-column-last\" style=\"--awb-bg-size:cover;\"><div class=\"fusion-column-wrapper fusion-flex-column-wrapper-legacy\"><div class=\"fusion-text fusion-text-18\"><h4 data-start=\"4118\" data-end=\"4185\">\ud83d\udd39 Radiofrecuencia fraccionada: Rejuvenecimiento profundo<\/h4>\n<p data-start=\"4187\" data-end=\"4405\">La <strong data-start=\"4190\" data-end=\"4221\">radiofrecuencia fraccionada<\/strong> es otro de los tratamientos m\u00e1s eficaces para combatir la flacidez, ya que combina microagujas y energ\u00eda de radiofrecuencia para estimular la regeneraci\u00f3n cut\u00e1nea desde el interior.<\/p>\n<h5 data-start=\"4407\" data-end=\"4425\">\u00bfC\u00f3mo act\u00faa?<\/h5>\n<ul data-start=\"4426\" data-end=\"4663\">\n<li data-start=\"4426\" data-end=\"4522\">Genera un calentamiento controlado en la piel, activando la s\u00edntesis de col\u00e1geno y elastina.<\/li>\n<li data-start=\"4523\" data-end=\"4589\">Mejora la textura de la piel, reduce arrugas y aporta firmeza.<\/li>\n<li data-start=\"4590\" data-end=\"4663\">Compatible con otros tratamientos como <a href=\"https:\/\/www.idermic.es\/es\/tratamientos-para-la-flacidez-facial\/\">HIFU Facial<\/a> o inductores de col\u00e1geno.<\/li>\n<\/ul>\n<h5 data-start=\"4665\" data-end=\"4885\">\u00bfD\u00f3nde se aplica?<br data-start=\"4686\" data-end=\"4689\" \/>\u2714 Rostro: Mejora la flacidez y la calidad de la piel.<br data-start=\"4742\" data-end=\"4745\" \/>\u2714 Cuello y escote: Ideal para pieles con p\u00e9rdida de firmeza.<br data-start=\"4805\" data-end=\"4808\" \/>\u2714 Abdomen y brazos: Reduce la piel fl\u00e1cida post-embarazo o p\u00e9rdida de peso.<\/h5>\n<h5 data-start=\"4887\" data-end=\"4913\">Resultados esperados<\/h5>\n<ul data-start=\"4914\" data-end=\"5035\">\n<li data-start=\"4914\" data-end=\"4968\">Piel m\u00e1s firme y el\u00e1stica desde la primera sesi\u00f3n.<\/li>\n<li data-start=\"4969\" data-end=\"5001\">M\u00e1ximo efecto a los 3 meses.<\/li>\n<li data-start=\"5002\" data-end=\"5035\">Duraci\u00f3n de <strong data-start=\"5016\" data-end=\"5032\">6 a 12 meses<\/strong>.<\/li>\n<\/ul>\n<\/div><div class=\"fusion-clearfix\"><\/div><\/div><\/div><\/div><\/div><div class=\"fusion-fullwidth fullwidth-box fusion-builder-row-20 nonhundred-percent-fullwidth non-hundred-percent-height-scrolling\" style=\"--awb-border-radius-top-left:0px;--awb-border-radius-top-right:0px;--awb-border-radius-bottom-right:0px;--awb-border-radius-bottom-left:0px;--awb-flex-wrap:wrap;\" ><div class=\"fusion-builder-row fusion-row\"><div class=\"fusion-layout-column fusion_builder_column fusion-builder-column-25 fusion_builder_column_1_1 1_1 fusion-one-full fusion-column-first fusion-column-last\" style=\"--awb-bg-size:cover;\"><div class=\"fusion-column-wrapper fusion-flex-column-wrapper-legacy\"><div class=\"fusion-text fusion-text-19\"><h3 data-start=\"5042\" data-end=\"5085\">4. \u00bfPor qu\u00e9 combinar tratamientos?<\/h3>\n<p data-start=\"5087\" data-end=\"5234\">La flacidez es un problema multifactorial, por lo que abordarlo desde diferentes enfoques permite obtener <strong data-start=\"5193\" data-end=\"5231\">mejores y m\u00e1s duraderos resultados<\/strong>.<\/p>\n<p data-start=\"5236\" data-end=\"5529\">\ud83d\udd39 <strong data-start=\"5239\" data-end=\"5263\">El \u00e1cido hialur\u00f3nico<\/strong> aporta hidrataci\u00f3n y volumen en puntos estrat\u00e9gicos.<br data-start=\"5316\" data-end=\"5319\" \/>\ud83d\udd39 <strong data-start=\"5322\" data-end=\"5352\">Los inductores de col\u00e1geno<\/strong> estimulan la regeneraci\u00f3n natural de la piel a largo plazo.<br data-start=\"5412\" data-end=\"5415\" \/>\ud83d\udd39 <strong data-start=\"5418\" data-end=\"5462\">El HIFU Facial y la radiofrecuencia fraccionada<\/strong> potencian la firmeza y tensan los tejidos de manera no invasiva.<\/p>\n<p data-start=\"5531\" data-end=\"5767\">\ud83d\udca1 <strong data-start=\"5534\" data-end=\"5562\">Combinaci\u00f3n recomendada:<\/strong><br data-start=\"5562\" data-end=\"5565\" \/>\u2714 <strong data-start=\"5567\" data-end=\"5588\">\u00c1cido hialur\u00f3nico<\/strong> + <strong data-start=\"5591\" data-end=\"5617\">Inductores de col\u00e1geno<\/strong> para una base estructural firme.<br data-start=\"5650\" data-end=\"5653\" \/>\u2714 <a href=\"https:\/\/www.idermic.es\/es\/tratamientos-para-la-flacidez-facial\/\"><strong data-start=\"5655\" data-end=\"5663\">HIFU<\/strong> <strong>Facial<\/strong><\/a> para efecto lifting profundo.<br data-start=\"5693\" data-end=\"5696\" \/>\u2714 <strong data-start=\"5698\" data-end=\"5729\">Radiofrecuencia fraccionada<\/strong> para mejorar la calidad de la piel.<\/p>\n<p>Si deseas prevenir o tratar la flacidez de manera efectiva, la combinaci\u00f3n de <strong data-start=\"5922\" data-end=\"6022\">\u00e1cido hialur\u00f3nico, inductores de col\u00e1geno y aparatolog\u00eda como HIFU o radiofrecuencia fraccionada<\/strong> es la mejor estrategia.<\/p>\n<p>Para cualquier consulta sobre los tratamientos m\u00e1s adecuados para ti, en Idermic, tu <a href=\"http:\/\/idermic.es\/\">dermat\u00f3logo en Terrassa<\/a> estaremos encantados de atenderte.<\/p>\n<\/div><div class=\"fusion-clearfix\"><\/div><\/div><\/div><\/div><\/div><div class=\"fusion-fullwidth fullwidth-box fusion-builder-row-21 nonhundred-percent-fullwidth non-hundred-percent-height-scrolling\" style=\"--awb-border-radius-top-left:0px;--awb-border-radius-top-right:0px;--awb-border-radius-bottom-right:0px;--awb-border-radius-bottom-left:0px;--awb-flex-wrap:wrap;\" ><div class=\"fusion-builder-row fusion-row\"><div class=\"fusion-layout-column fusion_builder_column fusion-builder-column-26 fusion_builder_column_1_1 1_1 fusion-one-full fusion-column-first fusion-column-last\" style=\"--awb-bg-size:cover;\"><div class=\"fusion-column-wrapper fusion-flex-column-wrapper-legacy\"><div class=\"fusion-video fusion-youtube\" style=\"--awb-max-width:600px;--awb-max-height:360px;\"><div class=\"video-shortcode\"><div class=\"fluid-width-video-wrapper\" style=\"padding-top:60%;\" ><iframe title=\"YouTube video player 1\" src=\"https:\/\/www.youtube.com\/embed\/zovulE0O3a0?wmode=transparent&autoplay=0\" width=\"600\" height=\"360\" allowfullscreen allow=\"autoplay; clipboard-write; encrypted-media; gyroscope; picture-in-picture;\"><\/iframe><\/div><\/div><\/div><div class=\"fusion-clearfix\"><\/div><\/div><\/div><\/div><\/div><div class=\"fusion-fullwidth fullwidth-box fusion-builder-row-22 nonhundred-percent-fullwidth non-hundred-percent-height-scrolling\" style=\"--awb-border-radius-top-left:0px;--awb-border-radius-top-right:0px;--awb-border-radius-bottom-right:0px;--awb-border-radius-bottom-left:0px;--awb-flex-wrap:wrap;\" ><div class=\"fusion-builder-row fusion-row\"><div class=\"fusion-layout-column fusion_builder_column fusion-builder-column-27 fusion_builder_column_1_1 1_1 fusion-one-full fusion-column-first fusion-column-last\" style=\"--awb-bg-size:cover;\"><div class=\"fusion-column-wrapper fusion-flex-column-wrapper-legacy\"><div class=\"fusion-sep-clear\"><\/div><div class=\"fusion-separator fusion-full-width-sep\" style=\"margin-left: auto;margin-right: auto;width:100%;\"><div class=\"fusion-separator-border sep-double\" style=\"--awb-height:20px;--awb-amount:20px;border-color:#e0dede;border-top-width:1px;border-bottom-width:1px;\"><\/div><\/div><div class=\"fusion-sep-clear\"><\/div><div class=\"fusion-clearfix\"><\/div><\/div><\/div><\/div><\/div><div class=\"fusion-fullwidth fullwidth-box fusion-builder-row-23 nonhundred-percent-fullwidth non-hundred-percent-height-scrolling\" style=\"--awb-border-radius-top-left:0px;--awb-border-radius-top-right:0px;--awb-border-radius-bottom-right:0px;--awb-border-radius-bottom-left:0px;--awb-flex-wrap:wrap;\" ><div class=\"fusion-builder-row fusion-row\"><div class=\"fusion-layout-column fusion_builder_column fusion-builder-column-28 fusion_builder_column_1_1 1_1 fusion-one-full fusion-column-first fusion-column-last\" style=\"--awb-bg-size:cover;\"><div class=\"fusion-column-wrapper fusion-flex-column-wrapper-legacy\"><blockquote class=\"instagram-media\" data-instgrm-captioned data-instgrm-permalink=\"https:\/\/www.instagram.com\/reel\/DGfwtANIHza\/?utm_source=ig_embed&utm_campaign=loading\" data-instgrm-version=\"14\" style=\" background:#FFF; border:0; border-radius:3px; box-shadow:0 0 1px 0 rgba(0,0,0,0.5),0 1px 10px 0 rgba(0,0,0,0.15); margin: 1px; max-width:540px; min-width:326px; padding:0; width:99.375%; width:-webkit-calc(100% - 2px); width:calc(100% - 2px);\"><div style=\"padding:16px;\"> <a href=\"https:\/\/www.instagram.com\/reel\/DGfwtANIHza\/?utm_source=ig_embed&utm_campaign=loading\" style=\" background:#FFFFFF; line-height:0; padding:0 0; text-align:center; text-decoration:none; width:100%;\" target=\"_blank\"> <div style=\" display: flex; flex-direction: row; align-items: center;\"> <div style=\"background-color: #F4F4F4; border-radius: 50%; flex-grow: 0; height: 40px; margin-right: 14px; width: 40px;\"><\/div> <div style=\"display: flex; flex-direction: column; flex-grow: 1; justify-content: center;\"> <div style=\" background-color: #F4F4F4; border-radius: 4px; flex-grow: 0; height: 14px; margin-bottom: 6px; width: 100px;\"><\/div> <div style=\" background-color: #F4F4F4; border-radius: 4px; flex-grow: 0; height: 14px; width: 60px;\"><\/div><\/div><\/div><div style=\"padding: 19% 0;\"><\/div> <div style=\"display:block; height:50px; margin:0 auto 12px; width:50px;\"><svg width=\"50px\" height=\"50px\" viewBox=\"0 0 60 60\" version=\"1.1\" xmlns=\"https:\/\/www.w3.org\/2000\/svg\" xmlns:xlink=\"https:\/\/www.w3.org\/1999\/xlink\"><g stroke=\"none\" stroke-width=\"1\" fill=\"none\" fill-rule=\"evenodd\"><g transform=\"translate(-511.000000, -20.000000)\" fill=\"#000000\"><g><path d=\"M556.869,30.41 C554.814,30.41 553.148,32.076 553.148,34.131 C553.148,36.186 554.814,37.852 556.869,37.852 C558.924,37.852 560.59,36.186 560.59,34.131 C560.59,32.076 558.924,30.41 556.869,30.41 M541,60.657 C535.114,60.657 530.342,55.887 530.342,50 C530.342,44.114 535.114,39.342 541,39.342 C546.887,39.342 551.658,44.114 551.658,50 C551.658,55.887 546.887,60.657 541,60.657 M541,33.886 C532.1,33.886 524.886,41.1 524.886,50 C524.886,58.899 532.1,66.113 541,66.113 C549.9,66.113 557.115,58.899 557.115,50 C557.115,41.1 549.9,33.886 541,33.886 M565.378,62.101 C565.244,65.022 564.756,66.606 564.346,67.663 C563.803,69.06 563.154,70.057 562.106,71.106 C561.058,72.155 560.06,72.803 558.662,73.347 C557.607,73.757 556.021,74.244 553.102,74.378 C549.944,74.521 548.997,74.552 541,74.552 C533.003,74.552 532.056,74.521 528.898,74.378 C525.979,74.244 524.393,73.757 523.338,73.347 C521.94,72.803 520.942,72.155 519.894,71.106 C518.846,70.057 518.197,69.06 517.654,67.663 C517.244,66.606 516.755,65.022 516.623,62.101 C516.479,58.943 516.448,57.996 516.448,50 C516.448,42.003 516.479,41.056 516.623,37.899 C516.755,34.978 517.244,33.391 517.654,32.338 C518.197,30.938 518.846,29.942 519.894,28.894 C520.942,27.846 521.94,27.196 523.338,26.654 C524.393,26.244 525.979,25.756 528.898,25.623 C532.057,25.479 533.004,25.448 541,25.448 C548.997,25.448 549.943,25.479 553.102,25.623 C556.021,25.756 557.607,26.244 558.662,26.654 C560.06,27.196 561.058,27.846 562.106,28.894 C563.154,29.942 563.803,30.938 564.346,32.338 C564.756,33.391 565.244,34.978 565.378,37.899 C565.522,41.056 565.552,42.003 565.552,50 C565.552,57.996 565.522,58.943 565.378,62.101 M570.82,37.631 C570.674,34.438 570.167,32.258 569.425,30.349 C568.659,28.377 567.633,26.702 565.965,25.035 C564.297,23.368 562.623,22.342 560.652,21.575 C558.743,20.834 556.562,20.326 553.369,20.18 C550.169,20.033 549.148,20 541,20 C532.853,20 531.831,20.033 528.631,20.18 C525.438,20.326 523.257,20.834 521.349,21.575 C519.376,22.342 517.703,23.368 516.035,25.035 C514.368,26.702 513.342,28.377 512.574,30.349 C511.834,32.258 511.326,34.438 511.181,37.631 C511.035,40.831 511,41.851 511,50 C511,58.147 511.035,59.17 511.181,62.369 C511.326,65.562 511.834,67.743 512.574,69.651 C513.342,71.625 514.368,73.296 516.035,74.965 C517.703,76.634 519.376,77.658 521.349,78.425 C523.257,79.167 525.438,79.673 528.631,79.82 C531.831,79.965 532.853,80.001 541,80.001 C549.148,80.001 550.169,79.965 553.369,79.82 C556.562,79.673 558.743,79.167 560.652,78.425 C562.623,77.658 564.297,76.634 565.965,74.965 C567.633,73.296 568.659,71.625 569.425,69.651 C570.167,67.743 570.674,65.562 570.82,62.369 C570.966,59.17 571,58.147 571,50 C571,41.851 570.966,40.831 570.82,37.631\"><\/path><\/g><\/g><\/g><\/svg><\/div><div style=\"padding-top: 8px;\"> <div style=\" color:#3897f0; font-family:Arial,sans-serif; font-size:14px; font-style:normal; font-weight:550; line-height:18px;\">Ver esta publicaci\u00f3n en Instagram<\/div><\/div><div style=\"padding: 12.5% 0;\"><\/div> <div style=\"display: flex; flex-direction: row; margin-bottom: 14px; align-items: center;\"><div> <div style=\"background-color: #F4F4F4; border-radius: 50%; height: 12.5px; width: 12.5px; transform: translateX(0px) translateY(7px);\"><\/div> <div style=\"background-color: #F4F4F4; height: 12.5px; transform: rotate(-45deg) translateX(3px) translateY(1px); width: 12.5px; flex-grow: 0; margin-right: 14px; margin-left: 2px;\"><\/div> <div style=\"background-color: #F4F4F4; border-radius: 50%; height: 12.5px; width: 12.5px; transform: translateX(9px) translateY(-18px);\"><\/div><\/div><div style=\"margin-left: 8px;\"> <div style=\" background-color: #F4F4F4; border-radius: 50%; flex-grow: 0; height: 20px; width: 20px;\"><\/div> <div style=\" width: 0; height: 0; border-top: 2px solid transparent; border-left: 6px solid #f4f4f4; border-bottom: 2px solid transparent; transform: translateX(16px) translateY(-4px) rotate(30deg)\"><\/div><\/div><div style=\"margin-left: auto;\"> <div style=\" width: 0px; border-top: 8px solid #F4F4F4; border-right: 8px solid transparent; transform: translateY(16px);\"><\/div> <div style=\" background-color: #F4F4F4; flex-grow: 0; height: 12px; width: 16px; transform: translateY(-4px);\"><\/div> <div style=\" width: 0; height: 0; border-top: 8px solid #F4F4F4; border-left: 8px solid transparent; transform: translateY(-4px) translateX(8px);\"><\/div><\/div><\/div> <div style=\"display: flex; flex-direction: column; flex-grow: 1; justify-content: center; margin-bottom: 24px;\"> <div style=\" background-color: #F4F4F4; border-radius: 4px; flex-grow: 0; height: 14px; margin-bottom: 6px; width: 224px;\"><\/div> <div style=\" background-color: #F4F4F4; border-radius: 4px; flex-grow: 0; height: 14px; width: 144px;\"><\/div><\/div><\/a><p style=\" color:#c9c8cd; font-family:Arial,sans-serif; font-size:14px; line-height:17px; margin-bottom:0; margin-top:8px; overflow:hidden; padding:8px 0 7px; text-align:center; text-overflow:ellipsis; white-space:nowrap;\"><a href=\"https:\/\/www.instagram.com\/reel\/DGfwtANIHza\/?utm_source=ig_embed&utm_campaign=loading\" style=\" color:#c9c8cd; font-family:Arial,sans-serif; font-size:14px; font-style:normal; font-weight:normal; line-height:17px; text-decoration:none;\" target=\"_blank\">Una publicaci\u00f3n compartida de IDERMIC - Dermatolog\u00eda m\u00e9dica y est\u00e9tica (@idermicclinic)<\/a><\/p><\/div><\/blockquote>\n<script async src=\"\/\/www.instagram.com\/embed.js\"><\/script><div class=\"fusion-clearfix\"><\/div><\/div><\/div><\/div><\/div><\/p>\n","protected":false},"excerpt":{"rendered":"<p>Te mostramos una gu\u00eda completa para saber c\u00f3mo empezar el tratamiento est\u00e9tico adecuado y as\u00ed mantener una piel firme y rejuvenecida.<\/p>\n","protected":false},"author":3,"featured_media":7178,"comment_status":"open","ping_status":"closed","sticky":false,"template":"","format":"standard","meta":{"_joinchat":[],"footnotes":""},"categories":[60,37],"tags":[104,108],"class_list":["post-7175","post","type-post","status-publish","format-standard","has-post-thumbnail","hentry","category-dermatologia-estetica-es","category-tecnologia","tag-piel","tag-procedimientos-faciales"],"yoast_head":"<!-- This site is optimized with the Yoast SEO plugin v28.4 - https:\/\/yoast.com\/product\/yoast-seo-wordpress\/ -->\n<title>C\u00f3mo empezar un tratamiento est\u00e9tico -<\/title>\n<meta name=\"description\" content=\"Te mostramos una gu\u00eda completa para saber c\u00f3mo empezar el tratamiento est\u00e9tico adecuado y as\u00ed mantener una piel firme y rejuvenecida.\" \/>\n<meta name=\"robots\" content=\"index, follow, max-snippet:-1, max-image-preview:large, max-video-preview:-1\" \/>\n<link rel=\"canonical\" href=\"https:\/\/www.idermic.es\/es\/como-empezar-un-tratamiento-estetico\/\" \/>\n<meta property=\"og:locale\" content=\"es_ES\" \/>\n<meta property=\"og:type\" content=\"article\" \/>\n<meta property=\"og:title\" content=\"C\u00f3mo empezar un tratamiento est\u00e9tico -\" \/>\n<meta property=\"og:description\" content=\"Te mostramos una gu\u00eda completa para saber c\u00f3mo empezar el tratamiento est\u00e9tico adecuado y as\u00ed mantener una piel firme y rejuvenecida.\" \/>\n<meta property=\"og:url\" content=\"https:\/\/www.idermic.es\/es\/como-empezar-un-tratamiento-estetico\/\" \/>\n<meta property=\"og:site_name\" content=\"Idermic. Dermatolog\u00eda en Terrassa\" \/>\n<meta property=\"article:publisher\" content=\"https:\/\/www.facebook.com\/Idermic\" \/>\n<meta property=\"article:published_time\" content=\"2025-02-22T12:22:39+00:00\" \/>\n<meta property=\"article:modified_time\" content=\"2026-05-26T09:45:04+00:00\" \/>\n<meta property=\"og:image\" content=\"https:\/\/www.idermic.es\/wp-content\/uploads\/2025\/02\/Como-empezar-un-tratamiento-estetico-1.png\" \/>\n\t<meta property=\"og:image:width\" content=\"458\" \/>\n\t<meta property=\"og:image:height\" content=\"744\" \/>\n\t<meta property=\"og:image:type\" content=\"image\/png\" \/>\n<meta name=\"author\" content=\"Equipo\" \/>\n<meta name=\"twitter:card\" content=\"summary_large_image\" \/>\n<meta name=\"twitter:creator\" content=\"@idermic\" \/>\n<meta name=\"twitter:site\" content=\"@idermic\" \/>\n<meta name=\"twitter:label1\" content=\"Escrito por\" \/>\n\t<meta name=\"twitter:data1\" content=\"Equipo\" \/>\n\t<meta name=\"twitter:label2\" content=\"Tiempo de lectura\" \/>\n\t<meta name=\"twitter:data2\" content=\"23 minutos\" \/>\n<script type=\"application\/ld+json\" class=\"yoast-schema-graph\">{\"@context\":\"https:\\\/\\\/schema.org\",\"@graph\":[{\"@type\":\"Article\",\"@id\":\"https:\\\/\\\/www.idermic.es\\\/es\\\/como-empezar-un-tratamiento-estetico\\\/#article\",\"isPartOf\":{\"@id\":\"https:\\\/\\\/www.idermic.es\\\/es\\\/como-empezar-un-tratamiento-estetico\\\/\"},\"author\":{\"name\":\"Equipo\",\"@id\":\"https:\\\/\\\/www.idermic.es\\\/#\\\/schema\\\/person\\\/c12703027a878b23d3c71c87921a82f8\"},\"headline\":\"C\u00f3mo empezar un tratamiento est\u00e9tico\",\"datePublished\":\"2025-02-22T12:22:39+00:00\",\"dateModified\":\"2026-05-26T09:45:04+00:00\",\"mainEntityOfPage\":{\"@id\":\"https:\\\/\\\/www.idermic.es\\\/es\\\/como-empezar-un-tratamiento-estetico\\\/\"},\"wordCount\":9843,\"commentCount\":0,\"publisher\":{\"@id\":\"https:\\\/\\\/www.idermic.es\\\/#organization\"},\"image\":{\"@id\":\"https:\\\/\\\/www.idermic.es\\\/es\\\/como-empezar-un-tratamiento-estetico\\\/#primaryimage\"},\"thumbnailUrl\":\"https:\\\/\\\/www.idermic.es\\\/wp-content\\\/uploads\\\/2025\\\/02\\\/Como-empezar-un-tratamiento-estetico-1.png\",\"keywords\":[\"piel\",\"procedimientos faciales\"],\"articleSection\":[\"Dermatologia est\u00e8tica\",\"Tecnolog\u00eda\"],\"inLanguage\":\"es\",\"potentialAction\":[{\"@type\":\"CommentAction\",\"name\":\"Comment\",\"target\":[\"https:\\\/\\\/www.idermic.es\\\/es\\\/como-empezar-un-tratamiento-estetico\\\/#respond\"]}]},{\"@type\":\"WebPage\",\"@id\":\"https:\\\/\\\/www.idermic.es\\\/es\\\/como-empezar-un-tratamiento-estetico\\\/\",\"url\":\"https:\\\/\\\/www.idermic.es\\\/es\\\/como-empezar-un-tratamiento-estetico\\\/\",\"name\":\"C\u00f3mo empezar un tratamiento est\u00e9tico -\",\"isPartOf\":{\"@id\":\"https:\\\/\\\/www.idermic.es\\\/#website\"},\"primaryImageOfPage\":{\"@id\":\"https:\\\/\\\/www.idermic.es\\\/es\\\/como-empezar-un-tratamiento-estetico\\\/#primaryimage\"},\"image\":{\"@id\":\"https:\\\/\\\/www.idermic.es\\\/es\\\/como-empezar-un-tratamiento-estetico\\\/#primaryimage\"},\"thumbnailUrl\":\"https:\\\/\\\/www.idermic.es\\\/wp-content\\\/uploads\\\/2025\\\/02\\\/Como-empezar-un-tratamiento-estetico-1.png\",\"datePublished\":\"2025-02-22T12:22:39+00:00\",\"dateModified\":\"2026-05-26T09:45:04+00:00\",\"description\":\"Te mostramos una gu\u00eda completa para saber c\u00f3mo empezar el tratamiento est\u00e9tico adecuado y as\u00ed mantener una piel firme y rejuvenecida.\",\"breadcrumb\":{\"@id\":\"https:\\\/\\\/www.idermic.es\\\/es\\\/como-empezar-un-tratamiento-estetico\\\/#breadcrumb\"},\"inLanguage\":\"es\",\"potentialAction\":[{\"@type\":\"ReadAction\",\"target\":[\"https:\\\/\\\/www.idermic.es\\\/es\\\/como-empezar-un-tratamiento-estetico\\\/\"]}]},{\"@type\":\"ImageObject\",\"inLanguage\":\"es\",\"@id\":\"https:\\\/\\\/www.idermic.es\\\/es\\\/como-empezar-un-tratamiento-estetico\\\/#primaryimage\",\"url\":\"https:\\\/\\\/www.idermic.es\\\/wp-content\\\/uploads\\\/2025\\\/02\\\/Como-empezar-un-tratamiento-estetico-1.png\",\"contentUrl\":\"https:\\\/\\\/www.idermic.es\\\/wp-content\\\/uploads\\\/2025\\\/02\\\/Como-empezar-un-tratamiento-estetico-1.png\",\"width\":458,\"height\":744,\"caption\":\"Acudir a un especialista es el primer paso para empezar un tratamiento est\u00e9tico.\"},{\"@type\":\"BreadcrumbList\",\"@id\":\"https:\\\/\\\/www.idermic.es\\\/es\\\/como-empezar-un-tratamiento-estetico\\\/#breadcrumb\",\"itemListElement\":[{\"@type\":\"ListItem\",\"position\":1,\"name\":\"Inici\",\"item\":\"https:\\\/\\\/www.idermic.es\\\/es\\\/\"},{\"@type\":\"ListItem\",\"position\":2,\"name\":\"C\u00f3mo empezar un tratamiento est\u00e9tico\"}]},{\"@type\":\"WebSite\",\"@id\":\"https:\\\/\\\/www.idermic.es\\\/#website\",\"url\":\"https:\\\/\\\/www.idermic.es\\\/\",\"name\":\"Idermic. Dermatolog\u00eda en Terrassa\",\"description\":\"Dermatolog\u00eda, Medicina est\u00e9tica, Cirurg\u00eda Pl\u00e0stica\",\"publisher\":{\"@id\":\"https:\\\/\\\/www.idermic.es\\\/#organization\"},\"potentialAction\":[{\"@type\":\"SearchAction\",\"target\":{\"@type\":\"EntryPoint\",\"urlTemplate\":\"https:\\\/\\\/www.idermic.es\\\/?s={search_term_string}\"},\"query-input\":{\"@type\":\"PropertyValueSpecification\",\"valueRequired\":true,\"valueName\":\"search_term_string\"}}],\"inLanguage\":\"es\"},{\"@type\":\"Organization\",\"@id\":\"https:\\\/\\\/www.idermic.es\\\/#organization\",\"name\":\"Idermic. Dermatolog\u00eda en Terrassa\",\"url\":\"https:\\\/\\\/www.idermic.es\\\/\",\"logo\":{\"@type\":\"ImageObject\",\"inLanguage\":\"es\",\"@id\":\"https:\\\/\\\/www.idermic.es\\\/#\\\/schema\\\/logo\\\/image\\\/\",\"url\":\"https:\\\/\\\/www.idermic.es\\\/wp-content\\\/uploads\\\/2025\\\/10\\\/Logo-Idermic.jpg\",\"contentUrl\":\"https:\\\/\\\/www.idermic.es\\\/wp-content\\\/uploads\\\/2025\\\/10\\\/Logo-Idermic.jpg\",\"width\":501,\"height\":502,\"caption\":\"Idermic. Dermatolog\u00eda en Terrassa\"},\"image\":{\"@id\":\"https:\\\/\\\/www.idermic.es\\\/#\\\/schema\\\/logo\\\/image\\\/\"},\"sameAs\":[\"https:\\\/\\\/www.facebook.com\\\/Idermic\",\"https:\\\/\\\/x.com\\\/idermic\",\"https:\\\/\\\/www.instagram.com\\\/idermicclinic\\\/\",\"https:\\\/\\\/www.youtube.com\\\/channel\\\/UCyAHC9-p8lc6hr_nguO8p_g\"]},{\"@type\":\"Person\",\"@id\":\"https:\\\/\\\/www.idermic.es\\\/#\\\/schema\\\/person\\\/c12703027a878b23d3c71c87921a82f8\",\"name\":\"Equipo\",\"image\":{\"@type\":\"ImageObject\",\"inLanguage\":\"es\",\"@id\":\"https:\\\/\\\/secure.gravatar.com\\\/avatar\\\/7ca0be23248108c6b0887e0693b7dcf7764bd3503f84d1f04e6653ef7c3b9420?s=96&d=mm&r=g\",\"url\":\"https:\\\/\\\/secure.gravatar.com\\\/avatar\\\/7ca0be23248108c6b0887e0693b7dcf7764bd3503f84d1f04e6653ef7c3b9420?s=96&d=mm&r=g\",\"contentUrl\":\"https:\\\/\\\/secure.gravatar.com\\\/avatar\\\/7ca0be23248108c6b0887e0693b7dcf7764bd3503f84d1f04e6653ef7c3b9420?s=96&d=mm&r=g\",\"caption\":\"Equipo\"},\"description\":\"Equipo de Idermic\"}]}<\/script>\n<!-- \/ Yoast SEO plugin. -->","yoast_head_json":{"title":"C\u00f3mo empezar un tratamiento est\u00e9tico -","description":"Te mostramos una gu\u00eda completa para saber c\u00f3mo empezar el tratamiento est\u00e9tico adecuado y as\u00ed mantener una piel firme y rejuvenecida.","robots":{"index":"index","follow":"follow","max-snippet":"max-snippet:-1","max-image-preview":"max-image-preview:large","max-video-preview":"max-video-preview:-1"},"canonical":"https:\/\/www.idermic.es\/es\/como-empezar-un-tratamiento-estetico\/","og_locale":"es_ES","og_type":"article","og_title":"C\u00f3mo empezar un tratamiento est\u00e9tico -","og_description":"Te mostramos una gu\u00eda completa para saber c\u00f3mo empezar el tratamiento est\u00e9tico adecuado y as\u00ed mantener una piel firme y rejuvenecida.","og_url":"https:\/\/www.idermic.es\/es\/como-empezar-un-tratamiento-estetico\/","og_site_name":"Idermic. Dermatolog\u00eda en Terrassa","article_publisher":"https:\/\/www.facebook.com\/Idermic","article_published_time":"2025-02-22T12:22:39+00:00","article_modified_time":"2026-05-26T09:45:04+00:00","og_image":[{"width":458,"height":744,"url":"https:\/\/www.idermic.es\/wp-content\/uploads\/2025\/02\/Como-empezar-un-tratamiento-estetico-1.png","type":"image\/png"}],"author":"Equipo","twitter_card":"summary_large_image","twitter_creator":"@idermic","twitter_site":"@idermic","twitter_misc":{"Escrito por":"Equipo","Tiempo de lectura":"23 minutos"},"schema":{"@context":"https:\/\/schema.org","@graph":[{"@type":"Article","@id":"https:\/\/www.idermic.es\/es\/como-empezar-un-tratamiento-estetico\/#article","isPartOf":{"@id":"https:\/\/www.idermic.es\/es\/como-empezar-un-tratamiento-estetico\/"},"author":{"name":"Equipo","@id":"https:\/\/www.idermic.es\/#\/schema\/person\/c12703027a878b23d3c71c87921a82f8"},"headline":"C\u00f3mo empezar un tratamiento est\u00e9tico","datePublished":"2025-02-22T12:22:39+00:00","dateModified":"2026-05-26T09:45:04+00:00","mainEntityOfPage":{"@id":"https:\/\/www.idermic.es\/es\/como-empezar-un-tratamiento-estetico\/"},"wordCount":9843,"commentCount":0,"publisher":{"@id":"https:\/\/www.idermic.es\/#organization"},"image":{"@id":"https:\/\/www.idermic.es\/es\/como-empezar-un-tratamiento-estetico\/#primaryimage"},"thumbnailUrl":"https:\/\/www.idermic.es\/wp-content\/uploads\/2025\/02\/Como-empezar-un-tratamiento-estetico-1.png","keywords":["piel","procedimientos faciales"],"articleSection":["Dermatologia est\u00e8tica","Tecnolog\u00eda"],"inLanguage":"es","potentialAction":[{"@type":"CommentAction","name":"Comment","target":["https:\/\/www.idermic.es\/es\/como-empezar-un-tratamiento-estetico\/#respond"]}]},{"@type":"WebPage","@id":"https:\/\/www.idermic.es\/es\/como-empezar-un-tratamiento-estetico\/","url":"https:\/\/www.idermic.es\/es\/como-empezar-un-tratamiento-estetico\/","name":"C\u00f3mo empezar un tratamiento est\u00e9tico -","isPartOf":{"@id":"https:\/\/www.idermic.es\/#website"},"primaryImageOfPage":{"@id":"https:\/\/www.idermic.es\/es\/como-empezar-un-tratamiento-estetico\/#primaryimage"},"image":{"@id":"https:\/\/www.idermic.es\/es\/como-empezar-un-tratamiento-estetico\/#primaryimage"},"thumbnailUrl":"https:\/\/www.idermic.es\/wp-content\/uploads\/2025\/02\/Como-empezar-un-tratamiento-estetico-1.png","datePublished":"2025-02-22T12:22:39+00:00","dateModified":"2026-05-26T09:45:04+00:00","description":"Te mostramos una gu\u00eda completa para saber c\u00f3mo empezar el tratamiento est\u00e9tico adecuado y as\u00ed mantener una piel firme y rejuvenecida.","breadcrumb":{"@id":"https:\/\/www.idermic.es\/es\/como-empezar-un-tratamiento-estetico\/#breadcrumb"},"inLanguage":"es","potentialAction":[{"@type":"ReadAction","target":["https:\/\/www.idermic.es\/es\/como-empezar-un-tratamiento-estetico\/"]}]},{"@type":"ImageObject","inLanguage":"es","@id":"https:\/\/www.idermic.es\/es\/como-empezar-un-tratamiento-estetico\/#primaryimage","url":"https:\/\/www.idermic.es\/wp-content\/uploads\/2025\/02\/Como-empezar-un-tratamiento-estetico-1.png","contentUrl":"https:\/\/www.idermic.es\/wp-content\/uploads\/2025\/02\/Como-empezar-un-tratamiento-estetico-1.png","width":458,"height":744,"caption":"Acudir a un especialista es el primer paso para empezar un tratamiento est\u00e9tico."},{"@type":"BreadcrumbList","@id":"https:\/\/www.idermic.es\/es\/como-empezar-un-tratamiento-estetico\/#breadcrumb","itemListElement":[{"@type":"ListItem","position":1,"name":"Inici","item":"https:\/\/www.idermic.es\/es\/"},{"@type":"ListItem","position":2,"name":"C\u00f3mo empezar un tratamiento est\u00e9tico"}]},{"@type":"WebSite","@id":"https:\/\/www.idermic.es\/#website","url":"https:\/\/www.idermic.es\/","name":"Idermic. Dermatolog\u00eda en Terrassa","description":"Dermatolog\u00eda, Medicina est\u00e9tica, Cirurg\u00eda Pl\u00e0stica","publisher":{"@id":"https:\/\/www.idermic.es\/#organization"},"potentialAction":[{"@type":"SearchAction","target":{"@type":"EntryPoint","urlTemplate":"https:\/\/www.idermic.es\/?s={search_term_string}"},"query-input":{"@type":"PropertyValueSpecification","valueRequired":true,"valueName":"search_term_string"}}],"inLanguage":"es"},{"@type":"Organization","@id":"https:\/\/www.idermic.es\/#organization","name":"Idermic. Dermatolog\u00eda en Terrassa","url":"https:\/\/www.idermic.es\/","logo":{"@type":"ImageObject","inLanguage":"es","@id":"https:\/\/www.idermic.es\/#\/schema\/logo\/image\/","url":"https:\/\/www.idermic.es\/wp-content\/uploads\/2025\/10\/Logo-Idermic.jpg","contentUrl":"https:\/\/www.idermic.es\/wp-content\/uploads\/2025\/10\/Logo-Idermic.jpg","width":501,"height":502,"caption":"Idermic. Dermatolog\u00eda en Terrassa"},"image":{"@id":"https:\/\/www.idermic.es\/#\/schema\/logo\/image\/"},"sameAs":["https:\/\/www.facebook.com\/Idermic","https:\/\/x.com\/idermic","https:\/\/www.instagram.com\/idermicclinic\/","https:\/\/www.youtube.com\/channel\/UCyAHC9-p8lc6hr_nguO8p_g"]},{"@type":"Person","@id":"https:\/\/www.idermic.es\/#\/schema\/person\/c12703027a878b23d3c71c87921a82f8","name":"Equipo","image":{"@type":"ImageObject","inLanguage":"es","@id":"https:\/\/secure.gravatar.com\/avatar\/7ca0be23248108c6b0887e0693b7dcf7764bd3503f84d1f04e6653ef7c3b9420?s=96&d=mm&r=g","url":"https:\/\/secure.gravatar.com\/avatar\/7ca0be23248108c6b0887e0693b7dcf7764bd3503f84d1f04e6653ef7c3b9420?s=96&d=mm&r=g","contentUrl":"https:\/\/secure.gravatar.com\/avatar\/7ca0be23248108c6b0887e0693b7dcf7764bd3503f84d1f04e6653ef7c3b9420?s=96&d=mm&r=g","caption":"Equipo"},"description":"Equipo de Idermic"}]}},"_links":{"self":[{"href":"https:\/\/www.idermic.es\/es\/wp-json\/wp\/v2\/posts\/7175","targetHints":{"allow":["GET"]}}],"collection":[{"href":"https:\/\/www.idermic.es\/es\/wp-json\/wp\/v2\/posts"}],"about":[{"href":"https:\/\/www.idermic.es\/es\/wp-json\/wp\/v2\/types\/post"}],"author":[{"embeddable":true,"href":"https:\/\/www.idermic.es\/es\/wp-json\/wp\/v2\/users\/3"}],"replies":[{"embeddable":true,"href":"https:\/\/www.idermic.es\/es\/wp-json\/wp\/v2\/comments?post=7175"}],"version-history":[{"count":30,"href":"https:\/\/www.idermic.es\/es\/wp-json\/wp\/v2\/posts\/7175\/revisions"}],"predecessor-version":[{"id":8072,"href":"https:\/\/www.idermic.es\/es\/wp-json\/wp\/v2\/posts\/7175\/revisions\/8072"}],"wp:featuredmedia":[{"embeddable":true,"href":"https:\/\/www.idermic.es\/es\/wp-json\/wp\/v2\/media\/7178"}],"wp:attachment":[{"href":"https:\/\/www.idermic.es\/es\/wp-json\/wp\/v2\/media?parent=7175"}],"wp:term":[{"taxonomy":"category","embeddable":true,"href":"https:\/\/www.idermic.es\/es\/wp-json\/wp\/v2\/categories?post=7175"},{"taxonomy":"post_tag","embeddable":true,"href":"https:\/\/www.idermic.es\/es\/wp-json\/wp\/v2\/tags?post=7175"}],"curies":[{"name":"wp","href":"https:\/\/api.w.org\/{rel}","templated":true}]}}