{"id":7145,"date":"2025-02-18T12:57:56","date_gmt":"2025-02-18T12:57:56","guid":{"rendered":"https:\/\/www.idermic.es\/?p=7145"},"modified":"2026-05-26T09:50:46","modified_gmt":"2026-05-26T09:50:46","slug":"nevus-dermico-eliminacion-con-laser-co2","status":"publish","type":"post","link":"https:\/\/www.idermic.es\/es\/nevus-dermico-eliminacion-con-laser-co2\/","title":{"rendered":"Nevus d\u00e9rmico: Eliminaci\u00f3n con l\u00e1ser CO2"},"content":{"rendered":"<p><div class=\"fusion-fullwidth fullwidth-box fusion-builder-row-1 nonhundred-percent-fullwidth non-hundred-percent-height-scrolling\" style=\"--awb-border-radius-top-left:0px;--awb-border-radius-top-right:0px;--awb-border-radius-bottom-right:0px;--awb-border-radius-bottom-left:0px;--awb-flex-wrap:wrap;\" ><div class=\"fusion-builder-row fusion-row\"><div class=\"fusion-layout-column fusion_builder_column fusion-builder-column-0 fusion_builder_column_1_1 1_1 fusion-one-full fusion-column-first fusion-column-last\" style=\"--awb-bg-size:cover;\"><div class=\"fusion-column-wrapper fusion-flex-column-wrapper-legacy\"><div class=\"fusion-text fusion-text-1\"><h1 style=\"text-align: center;\">Nevus d\u00e9rmico: Eliminaci\u00f3n con l\u00e1ser CO2<\/h1>\n<\/div><div class=\"fusion-clearfix\"><\/div><\/div><\/div><\/div><\/div><div class=\"fusion-fullwidth fullwidth-box fusion-builder-row-2 nonhundred-percent-fullwidth non-hundred-percent-height-scrolling\" style=\"--awb-border-radius-top-left:0px;--awb-border-radius-top-right:0px;--awb-border-radius-bottom-right:0px;--awb-border-radius-bottom-left:0px;--awb-flex-wrap:wrap;\" ><div class=\"fusion-builder-row fusion-row\"><div class=\"fusion-layout-column fusion_builder_column fusion-builder-column-1 fusion_builder_column_2_3 2_3 fusion-two-third fusion-column-first\" style=\"--awb-bg-size:cover;width:66.666666666667%;width:calc(66.666666666667% - ( ( 4% ) * 0.66666666666667 ) );margin-right: 4%;\"><div class=\"fusion-column-wrapper fusion-flex-column-wrapper-legacy\"><div class=\"fusion-text fusion-text-2\"><p>El <em data-start=\"2287\" data-end=\"2302\">nevus d\u00e9rmico<\/em> es un tipo de lunar benigno que se desarrolla en la piel debido a una acumulaci\u00f3n de melanocitos en la capa d\u00e9rmica.<\/p>\n<p>Generalmente, se presenta como una lesi\u00f3n elevada, de color carne o marr\u00f3n claro, y suele aparecer en el rostro, el cuello o el tronco.<\/p>\n<p>Suelen ser inofensivos y no evolucionar hacia patolog\u00edas malignas, pero algunos pueden generar molestias est\u00e9ticas o funcionales.<\/p>\n<\/div><div class=\"fusion-clearfix\"><\/div><\/div><\/div><div class=\"fusion-layout-column fusion_builder_column fusion-builder-column-2 fusion_builder_column_1_3 1_3 fusion-one-third fusion-column-last\" style=\"--awb-bg-size:cover;width:33.333333333333%;width:calc(33.333333333333% - ( ( 4% ) * 0.33333333333333 ) );\"><div class=\"fusion-column-wrapper fusion-flex-column-wrapper-legacy\"><div class=\"fusion-image-element in-legacy-container\" style=\"--awb-caption-title-font-family:var(--h2_typography-font-family);--awb-caption-title-font-weight:var(--h2_typography-font-weight);--awb-caption-title-font-style:var(--h2_typography-font-style);--awb-caption-title-size:var(--h2_typography-font-size);--awb-caption-title-transform:var(--h2_typography-text-transform);--awb-caption-title-line-height:var(--h2_typography-line-height);--awb-caption-title-letter-spacing:var(--h2_typography-letter-spacing);\"><span class=\" fusion-imageframe imageframe-none imageframe-1 hover-type-none\"><img decoding=\"async\" width=\"186\" height=\"300\" alt=\"Nevus d\u00e9rmico: Eliminaci\u00f3n con l\u00e1ser CO2\" title=\"Nevus d\u00e9rmico\" src=\"https:\/\/www.idermic.es\/wp-content\/uploads\/2025\/02\/Nevus-dermico-4-186x300.png\" class=\"img-responsive wp-image-7152\" srcset=\"https:\/\/www.idermic.es\/wp-content\/uploads\/2025\/02\/Nevus-dermico-4-200x323.png 200w, https:\/\/www.idermic.es\/wp-content\/uploads\/2025\/02\/Nevus-dermico-4-400x647.png 400w, https:\/\/www.idermic.es\/wp-content\/uploads\/2025\/02\/Nevus-dermico-4.png 467w\" sizes=\"(max-width: 800px) 100vw, 186px\" \/><\/span><\/div><div class=\"fusion-clearfix\"><\/div><\/div><\/div><\/div><\/div><div class=\"fusion-fullwidth fullwidth-box fusion-builder-row-3 nonhundred-percent-fullwidth non-hundred-percent-height-scrolling\" style=\"--awb-border-radius-top-left:0px;--awb-border-radius-top-right:0px;--awb-border-radius-bottom-right:0px;--awb-border-radius-bottom-left:0px;--awb-flex-wrap:wrap;\" ><div class=\"fusion-builder-row fusion-row\"><div class=\"fusion-layout-column fusion_builder_column fusion-builder-column-3 fusion_builder_column_1_1 1_1 fusion-one-full fusion-column-first fusion-column-last\" style=\"--awb-bg-size:cover;\"><div class=\"fusion-column-wrapper fusion-flex-column-wrapper-legacy\"><div class=\"fusion-sep-clear\"><\/div><div class=\"fusion-separator fusion-full-width-sep\" style=\"margin-left: auto;margin-right: auto;width:100%;\"><div class=\"fusion-separator-border sep-double\" style=\"--awb-height:20px;--awb-amount:20px;border-color:#e0dede;border-top-width:1px;border-bottom-width:1px;\"><\/div><\/div><div class=\"fusion-sep-clear\"><\/div><div class=\"fusion-clearfix\"><\/div><\/div><\/div><\/div><\/div><div class=\"fusion-fullwidth fullwidth-box fusion-builder-row-4 nonhundred-percent-fullwidth non-hundred-percent-height-scrolling\" style=\"--awb-border-radius-top-left:0px;--awb-border-radius-top-right:0px;--awb-border-radius-bottom-right:0px;--awb-border-radius-bottom-left:0px;--awb-flex-wrap:wrap;\" ><div class=\"fusion-builder-row fusion-row\"><div class=\"fusion-layout-column fusion_builder_column fusion-builder-column-4 fusion_builder_column_1_1 1_1 fusion-one-full fusion-column-first fusion-column-last\" style=\"--awb-bg-size:cover;\"><div class=\"fusion-column-wrapper fusion-flex-column-wrapper-legacy\"><div class=\"fusion-text fusion-text-3\"><h2 data-start=\"2689\" data-end=\"2740\">Causas y caracter\u00edsticas del nevus d\u00e9rmico<\/h2>\n<p data-start=\"53\" data-end=\"463\">El <em data-start=\"56\" data-end=\"71\">nevus d\u00e9rmico<\/em> es una lesi\u00f3n cut\u00e1nea benigna cuya formaci\u00f3n est\u00e1 relacionada con factores gen\u00e9ticos y la proliferaci\u00f3n de melanocitos en la capa d\u00e9rmica de la piel. Se desarrolla desde el nacimiento o en la infancia, aunque en algunos casos puede aparecer en la edad adulta. Su origen no est\u00e1 vinculado a la exposici\u00f3n solar ni a factores ambientales, como ocurre con otros tipos de lesiones pigmentadas.<\/p>\n<h3 data-start=\"465\" data-end=\"499\">Causas del nevus d\u00e9rmico<\/h3>\n<p data-start=\"500\" data-end=\"781\">El desarrollo de este tipo de nevus es consecuencia de la acumulaci\u00f3n de melanocitos, las c\u00e9lulas responsables de la pigmentaci\u00f3n de la piel, en la capa d\u00e9rmica. Aunque la causa exacta de esta acumulaci\u00f3n no siempre est\u00e1 clara, se han identificado algunos factores determinantes:<\/p>\n<ul data-start=\"783\" data-end=\"1321\">\n<li data-start=\"783\" data-end=\"955\"><strong data-start=\"785\" data-end=\"808\">Factores gen\u00e9ticos:<\/strong> Existe una predisposici\u00f3n hereditaria a desarrollar nevus d\u00e9rmicos, por lo que pueden observarse antecedentes familiares con lesiones similares.<\/li>\n<li data-start=\"956\" data-end=\"1135\"><strong data-start=\"958\" data-end=\"999\">Errores en el desarrollo embrionario:<\/strong> Se cree que algunos nevus d\u00e9rmicos pueden originarse por alteraciones en la migraci\u00f3n de los melanocitos durante el desarrollo fetal.<\/li>\n<li data-start=\"1136\" data-end=\"1321\"><strong data-start=\"1138\" data-end=\"1161\">Cambios hormonales:<\/strong> Aunque menos frecuente, algunos nevus pueden volverse m\u00e1s notorios o cambiar ligeramente durante la pubertad o el embarazo debido a fluctuaciones hormonales.<\/li>\n<\/ul>\n<h3 data-start=\"1323\" data-end=\"1366\">Caracter\u00edsticas del nevus d\u00e9rmico<\/h3>\n<p data-start=\"1367\" data-end=\"1543\">El <em data-start=\"1370\" data-end=\"1385\">nevus d\u00e9rmico<\/em> presenta rasgos distintivos que lo diferencian de otros tipos de lunares o lesiones cut\u00e1neas. A continuaci\u00f3n, se describen sus principales caracter\u00edsticas:<\/p>\n<ul data-start=\"1545\" data-end=\"2748\">\n<li data-start=\"1545\" data-end=\"1751\"><strong data-start=\"1547\" data-end=\"1579\">Crecimiento lento y estable:<\/strong> Este tipo de nevus suele mantenerse inalterado a lo largo de los a\u00f1os. No suele experimentar cambios bruscos de tama\u00f1o, forma o color, lo que es una se\u00f1al de benignidad.<\/li>\n<li data-start=\"1752\" data-end=\"1979\"><strong data-start=\"1754\" data-end=\"1777\">Presencia de vello:<\/strong> Algunos nevus d\u00e9rmicos pueden contener fol\u00edculos pilosos, por lo que pueden presentar vello en su superficie. Esta caracter\u00edstica es m\u00e1s frecuente en nevus ubicados en el rostro o el cuero cabelludo.<\/li>\n<li data-start=\"1980\" data-end=\"2174\"><strong data-start=\"1982\" data-end=\"2003\">Textura variable:<\/strong> Suelen ser blandos al tacto y pueden tener una superficie lisa, rugosa o lobulada. En algunos casos, pueden presentar peque\u00f1as depresiones o irregularidades en la piel.<\/li>\n<li data-start=\"2175\" data-end=\"2391\"><strong data-start=\"2177\" data-end=\"2201\">Coloraci\u00f3n uniforme:<\/strong> Pueden ser de color carne, marr\u00f3n claro o rosado, aunque algunos pueden oscurecerse con el tiempo. A diferencia de los nevus melanoc\u00edticos m\u00e1s profundos, su tonalidad suele ser homog\u00e9nea.<\/li>\n<li data-start=\"2392\" data-end=\"2530\"><strong data-start=\"2394\" data-end=\"2418\">Ubicaci\u00f3n frecuente:<\/strong> Suelen aparecer en el rostro, el cuello y el tronco, aunque pueden encontrarse en cualquier parte del cuerpo.<\/li>\n<li data-start=\"2531\" data-end=\"2748\"><strong data-start=\"2533\" data-end=\"2558\">Ausencia de s\u00edntomas:<\/strong> En general, los nevus d\u00e9rmicos no producen dolor ni picaz\u00f3n. Sin embargo, si una lesi\u00f3n cambia de apariencia o causa molestias, es recomendable acudir a un dermat\u00f3logo para su evaluaci\u00f3n.<\/li>\n<\/ul>\n<p data-start=\"2750\" data-end=\"2953\" data-is-last-node=\"\">Es importante destacar que, aunque los nevus d\u00e9rmicos son lesiones benignas, cualquier cambio en su tama\u00f1o, color o textura debe ser valorado por un especialista para descartar otras afecciones cut\u00e1neas.<\/p>\n<\/div><div class=\"fusion-clearfix\"><\/div><\/div><\/div><\/div><\/div><div class=\"fusion-fullwidth fullwidth-box fusion-builder-row-5 nonhundred-percent-fullwidth non-hundred-percent-height-scrolling\" style=\"--awb-border-radius-top-left:0px;--awb-border-radius-top-right:0px;--awb-border-radius-bottom-right:0px;--awb-border-radius-bottom-left:0px;--awb-flex-wrap:wrap;\" ><div class=\"fusion-builder-row fusion-row\"><div class=\"fusion-layout-column fusion_builder_column fusion-builder-column-5 fusion_builder_column_1_1 1_1 fusion-one-full fusion-column-first fusion-column-last\" style=\"--awb-bg-size:cover;\"><div class=\"fusion-column-wrapper fusion-flex-column-wrapper-legacy\"><div class=\"fusion-sep-clear\"><\/div><div class=\"fusion-separator fusion-full-width-sep\" style=\"margin-left: auto;margin-right: auto;width:100%;\"><div class=\"fusion-separator-border sep-double\" style=\"--awb-height:20px;--awb-amount:20px;border-color:#e0dede;border-top-width:1px;border-bottom-width:1px;\"><\/div><\/div><div class=\"fusion-sep-clear\"><\/div><div class=\"fusion-clearfix\"><\/div><\/div><\/div><\/div><\/div><div class=\"fusion-fullwidth fullwidth-box fusion-builder-row-6 nonhundred-percent-fullwidth non-hundred-percent-height-scrolling\" style=\"--awb-border-radius-top-left:0px;--awb-border-radius-top-right:0px;--awb-border-radius-bottom-right:0px;--awb-border-radius-bottom-left:0px;--awb-flex-wrap:wrap;\" ><div class=\"fusion-builder-row fusion-row\"><div class=\"fusion-layout-column fusion_builder_column fusion-builder-column-6 fusion_builder_column_1_1 1_1 fusion-one-full fusion-column-first fusion-column-last\" style=\"--awb-bg-size:cover;\"><div class=\"fusion-column-wrapper fusion-flex-column-wrapper-legacy\"><div class=\"fusion-text fusion-text-4\"><h2 data-start=\"3078\" data-end=\"3137\"><strong data-start=\"3081\" data-end=\"3135\">\u00bfCu\u00e1ndo es recomendable eliminar un nevus d\u00e9rmico?<\/strong><\/h2>\n<p data-start=\"61\" data-end=\"457\">El <em data-start=\"64\" data-end=\"79\">nevus d\u00e9rmico<\/em> es una lesi\u00f3n benigna que, en la mayor\u00eda de los casos, no representa un riesgo para la salud. Sin embargo, hay situaciones en las que su eliminaci\u00f3n puede ser aconsejable, ya sea por motivos est\u00e9ticos, funcionales o m\u00e9dicos. La decisi\u00f3n de retirar un nevus debe basarse en una evaluaci\u00f3n dermatol\u00f3gica que determine su benignidad y el m\u00e9todo m\u00e1s adecuado para su eliminaci\u00f3n.<\/p>\n<h3 data-start=\"459\" data-end=\"489\">1. Motivos est\u00e9ticos<\/h3>\n<p data-start=\"490\" data-end=\"749\">Muchas personas optan por eliminar un <em data-start=\"528\" data-end=\"543\">nevus d\u00e9rmico<\/em> cuando su presencia afecta la est\u00e9tica facial o corporal. Dado que este tipo de lesi\u00f3n suele localizarse en el rostro, el cuello o el tronco, su visibilidad puede generar incomodidad en algunas personas.<\/p>\n<ul data-start=\"751\" data-end=\"1118\">\n<li data-start=\"751\" data-end=\"859\">En zonas como la cara, los nevus pueden ser percibidos como poco est\u00e9ticos o afectar la simetr\u00eda facial.<\/li>\n<li data-start=\"860\" data-end=\"999\">La eliminaci\u00f3n est\u00e9tica es una decisi\u00f3n personal, pero debe realizarse bajo supervisi\u00f3n m\u00e9dica para evitar cicatrices o complicaciones.<\/li>\n<li data-start=\"1000\" data-end=\"1118\">En la actualidad, el <strong><a href=\"https:\/\/www.idermic.es\/es\/laser-de-co2-en-dermatologia-el-dermatologo-te-explica-sus-aplicaciones\/\">l\u00e1ser de CO2<\/a><\/strong> es una opci\u00f3n eficaz para eliminar nevus d\u00e9rmicos con m\u00ednimas marcas en la piel.<\/li>\n<\/ul>\n<h3 data-start=\"1120\" data-end=\"1150\">2. Molestias f\u00edsicas<\/h3>\n<p data-start=\"1151\" data-end=\"1319\">Aunque los nevus d\u00e9rmicos no suelen causar s\u00edntomas, en algunos casos pueden generar molestias, sobre todo cuando se encuentran en \u00e1reas donde hay fricci\u00f3n constante.<\/p>\n<ul data-start=\"1321\" data-end=\"1828\">\n<li data-start=\"1321\" data-end=\"1448\">Nevuses localizados en zonas de roce con la ropa, como el cuello, la cintura o las axilas, pueden irritarse con frecuencia.<\/li>\n<li data-start=\"1449\" data-end=\"1582\">En los hombres, los nevus en la zona de la barba pueden ser problem\u00e1ticos al afeitarse, ya que pueden lesionarse con la cuchilla.<\/li>\n<li data-start=\"1583\" data-end=\"1683\">En las mujeres, los nevus en la l\u00ednea del sujetador pueden provocar irritaci\u00f3n o enrojecimiento.<\/li>\n<li data-start=\"1684\" data-end=\"1828\">Si un nevus se inflama, duele o sangra debido a roces constantes, es recomendable consultar con un especialista para evaluar su eliminaci\u00f3n.<\/li>\n<\/ul>\n<h3 data-start=\"1830\" data-end=\"1879\">3. Evaluaci\u00f3n m\u00e9dica y signos de alerta<\/h3>\n<p data-start=\"1880\" data-end=\"2124\">Aunque los nevus d\u00e9rmicos son benignos, cualquier cambio en su apariencia debe ser motivo de consulta dermatol\u00f3gica. En raras ocasiones, un nevus puede transformarse o confundirse con otras lesiones cut\u00e1neas de mayor riesgo, como el melanoma.<\/p>\n<p data-start=\"2126\" data-end=\"2193\">Los signos de alarma que justifican una revisi\u00f3n m\u00e9dica incluyen:<\/p>\n<ul data-start=\"2194\" data-end=\"2589\">\n<li data-start=\"2194\" data-end=\"2276\"><strong data-start=\"2196\" data-end=\"2220\">Cambio en el tama\u00f1o:<\/strong> Si el nevus crece de forma r\u00e1pida o desproporcionada.<\/li>\n<li data-start=\"2277\" data-end=\"2384\"><strong data-start=\"2279\" data-end=\"2302\">Cambio en el color:<\/strong> Si desarrolla tonos irregulares, se oscurece o aparecen \u00e1reas rojizas o negras.<\/li>\n<li data-start=\"2385\" data-end=\"2472\"><strong data-start=\"2387\" data-end=\"2410\">Cambio en la forma:<\/strong> Si adquiere bordes irregulares o una apariencia asim\u00e9trica.<\/li>\n<li data-start=\"2473\" data-end=\"2589\"><strong data-start=\"2475\" data-end=\"2514\">Picor, dolor o sangrado espont\u00e1neo:<\/strong> Un nevus que presenta s\u00edntomas inusuales debe ser evaluado de inmediato.<\/li>\n<\/ul>\n<p data-start=\"2591\" data-end=\"2819\">En estos casos, el dermat\u00f3logo puede realizar una dermatoscopia para examinar la lesi\u00f3n en detalle. Si se considera necesario, puede recomendar la extirpaci\u00f3n y un an\u00e1lisis histopatol\u00f3gico para confirmar su naturaleza benigna.<\/p>\n<p data-start=\"2842\" data-end=\"3267\" data-is-last-node=\"\">La eliminaci\u00f3n de un <em data-start=\"2863\" data-end=\"2878\">nevus d\u00e9rmico<\/em> puede ser una decisi\u00f3n est\u00e9tica o m\u00e9dica. Si bien la mayor\u00eda de estos lunares no representan peligro, su eliminaci\u00f3n es recomendable cuando causan incomodidad o presentan cambios en su apariencia. Para garantizar un procedimiento seguro y efectivo, es fundamental acudir a un dermat\u00f3logo, quien determinar\u00e1 el mejor m\u00e9todo de eliminaci\u00f3n, como el l\u00e1ser de CO2 o la extirpaci\u00f3n quir\u00fargica.<\/p>\n<\/div><div class=\"fusion-clearfix\"><\/div><\/div><\/div><\/div><\/div><div class=\"fusion-fullwidth fullwidth-box fusion-builder-row-7 nonhundred-percent-fullwidth non-hundred-percent-height-scrolling\" style=\"--awb-border-radius-top-left:0px;--awb-border-radius-top-right:0px;--awb-border-radius-bottom-right:0px;--awb-border-radius-bottom-left:0px;--awb-flex-wrap:wrap;\" ><div class=\"fusion-builder-row fusion-row\"><div class=\"fusion-layout-column fusion_builder_column fusion-builder-column-7 fusion_builder_column_1_1 1_1 fusion-one-full fusion-column-first fusion-column-last\" style=\"--awb-bg-size:cover;\"><div class=\"fusion-column-wrapper fusion-flex-column-wrapper-legacy\"><div class=\"fusion-sep-clear\"><\/div><div class=\"fusion-separator fusion-full-width-sep\" style=\"margin-left: auto;margin-right: auto;width:100%;\"><div class=\"fusion-separator-border sep-double\" style=\"--awb-height:20px;--awb-amount:20px;border-color:#e0dede;border-top-width:1px;border-bottom-width:1px;\"><\/div><\/div><div class=\"fusion-sep-clear\"><\/div><div class=\"fusion-clearfix\"><\/div><\/div><\/div><\/div><\/div><div class=\"fusion-fullwidth fullwidth-box fusion-builder-row-8 nonhundred-percent-fullwidth non-hundred-percent-height-scrolling\" style=\"--awb-border-radius-top-left:0px;--awb-border-radius-top-right:0px;--awb-border-radius-bottom-right:0px;--awb-border-radius-bottom-left:0px;--awb-flex-wrap:wrap;\" ><div class=\"fusion-builder-row fusion-row\"><div class=\"fusion-layout-column fusion_builder_column fusion-builder-column-8 fusion_builder_column_1_1 1_1 fusion-one-full fusion-column-first fusion-column-last\" style=\"--awb-bg-size:cover;\"><div class=\"fusion-column-wrapper fusion-flex-column-wrapper-legacy\"><div class=\"fusion-text fusion-text-5\"><h2 data-start=\"3695\" data-end=\"3747\"><strong data-start=\"3698\" data-end=\"3745\">Eliminaci\u00f3n del nevus d\u00e9rmico con l\u00e1ser CO2<\/strong><\/h2>\n<p><span style=\"font-size: 16px;\">El l\u00e1ser de CO2 es una de las opciones m\u00e1s avanzadas y seguras para la eliminaci\u00f3n de nevus d\u00e9rmicos. Su precisi\u00f3n y efectividad han convertido este m\u00e9todo en una alternativa preferida frente a la cirug\u00eda convencional, especialmente cuando se busca un resultado est\u00e9tico \u00f3ptimo. A continuaci\u00f3n, se detallan las principales ventajas del uso del l\u00e1ser de CO2 en la eliminaci\u00f3n de nevus.<\/span><\/p>\n<h3 data-start=\"4016\" data-end=\"4077\">Ventajas del l\u00e1ser CO2 para la eliminaci\u00f3n de nevus<\/h3>\n<h4 data-start=\"451\" data-end=\"494\">1. Procedimiento r\u00e1pido y eficaz<\/h4>\n<p data-start=\"495\" data-end=\"655\">El tratamiento con l\u00e1ser de CO2 se realiza en una sola sesi\u00f3n y tiene una duraci\u00f3n de pocos minutos, dependiendo del tama\u00f1o y la cantidad de nevus a eliminar.<\/p>\n<ul data-start=\"657\" data-end=\"1029\">\n<li data-start=\"657\" data-end=\"724\">No requiere hospitalizaci\u00f3n ni preparaci\u00f3n quir\u00fargica compleja.<\/li>\n<li data-start=\"725\" data-end=\"824\">En la mayor\u00eda de los casos, solo se necesita anestesia local para minimizar cualquier molestia.<\/li>\n<li data-start=\"825\" data-end=\"936\">Tras la aplicaci\u00f3n del l\u00e1ser, la eliminaci\u00f3n es inmediata, sin necesidad de incisiones ni puntos de sutura.<\/li>\n<li data-start=\"937\" data-end=\"1029\">Puede realizarse en consulta m\u00e9dica, sin necesidad de ingreso en una cl\u00ednica u hospital.<\/li>\n<\/ul>\n<h4 data-start=\"1031\" data-end=\"1087\">2. M\u00ednima cicatrizaci\u00f3n y alto valor est\u00e9tico<\/h4>\n<p data-start=\"1088\" data-end=\"1219\">Uno de los mayores beneficios del l\u00e1ser de CO2 es su precisi\u00f3n, que permite eliminar el nevus sin da\u00f1ar los tejidos circundantes.<\/p>\n<ul data-start=\"1221\" data-end=\"1630\">\n<li data-start=\"1221\" data-end=\"1347\">La tecnolog\u00eda l\u00e1ser permite una vaporizaci\u00f3n controlada del tejido, reduciendo al m\u00e1ximo el riesgo de cicatrices visibles.<\/li>\n<li data-start=\"1348\" data-end=\"1468\">A diferencia de la cirug\u00eda convencional, donde se realizan cortes y suturas, el l\u00e1ser minimiza el trauma en la piel.<\/li>\n<li data-start=\"1469\" data-end=\"1630\">Es especialmente recomendado para la eliminaci\u00f3n de nevus en zonas visibles como el rostro, el cuello o las manos, donde una cicatriz podr\u00eda ser m\u00e1s notoria.<\/li>\n<\/ul>\n<h4 data-start=\"1632\" data-end=\"1699\">3. Recuperaci\u00f3n r\u00e1pida y menos molestias postoperatorias<\/h4>\n<p data-start=\"1700\" data-end=\"1844\">El proceso de recuperaci\u00f3n tras la eliminaci\u00f3n de un nevus con l\u00e1ser de CO2 es significativamente m\u00e1s r\u00e1pido en comparaci\u00f3n con otros m\u00e9todos.<\/p>\n<ul data-start=\"1846\" data-end=\"2255\">\n<li data-start=\"1846\" data-end=\"1917\">La piel suele regenerarse completamente en un plazo de 7 a 14 d\u00edas.<\/li>\n<li data-start=\"1918\" data-end=\"2045\">Durante la recuperaci\u00f3n, es normal que se forme una peque\u00f1a costra en la zona tratada, que caer\u00e1 por s\u00ed sola en pocos d\u00edas.<\/li>\n<li data-start=\"2046\" data-end=\"2118\">La inflamaci\u00f3n o enrojecimiento es leve y desaparece en poco tiempo.<\/li>\n<li data-start=\"2119\" data-end=\"2255\">No suele ser necesario un reposo prolongado ni cuidados especiales m\u00e1s all\u00e1 de la hidrataci\u00f3n y protecci\u00f3n solar de la zona tratada.<\/li>\n<\/ul>\n<h4 data-start=\"2257\" data-end=\"2322\">4. Menos invasivo y con menor riesgo de complicaciones<\/h4>\n<p data-start=\"2323\" data-end=\"2473\">A diferencia de la cirug\u00eda tradicional, que implica cortes con bistur\u00ed y puntos de sutura, el l\u00e1ser de CO2 es un procedimiento m\u00ednimamente invasivo.<\/p>\n<ul data-start=\"2475\" data-end=\"2833\">\n<li data-start=\"2475\" data-end=\"2567\">No se requieren incisiones profundas ni suturas, lo que reduce el riesgo de infecciones.<\/li>\n<li data-start=\"2568\" data-end=\"2710\">La t\u00e9cnica l\u00e1ser coagula los vasos sangu\u00edneos al mismo tiempo que elimina el nevus, lo que disminuye el sangrado durante el procedimiento.<\/li>\n<li data-start=\"2711\" data-end=\"2833\">Al no haber contacto directo con instrumentos quir\u00fargicos, se minimiza el riesgo de infecciones o reacciones adversas.<\/li>\n<\/ul>\n<p data-start=\"2856\" data-end=\"3327\" data-is-last-node=\"\">El l\u00e1ser de CO2 ofrece m\u00faltiples ventajas para la eliminaci\u00f3n de nevus d\u00e9rmicos, destac\u00e1ndose por su precisi\u00f3n, seguridad y excelentes resultados est\u00e9ticos. Es un procedimiento r\u00e1pido, con m\u00ednima cicatrizaci\u00f3n y una recuperaci\u00f3n mucho m\u00e1s \u00e1gil que la cirug\u00eda convencional. No obstante, es fundamental que la eliminaci\u00f3n de cualquier lesi\u00f3n cut\u00e1nea sea supervisada por un dermat\u00f3logo para garantizar que el nevus es benigno y que el tratamiento elegido es el m\u00e1s adecuado.<\/p>\n<\/div><div class=\"fusion-clearfix\"><\/div><\/div><\/div><\/div><\/div><div class=\"fusion-fullwidth fullwidth-box fusion-builder-row-9 nonhundred-percent-fullwidth non-hundred-percent-height-scrolling\" style=\"--awb-border-radius-top-left:0px;--awb-border-radius-top-right:0px;--awb-border-radius-bottom-right:0px;--awb-border-radius-bottom-left:0px;--awb-flex-wrap:wrap;\" ><div class=\"fusion-builder-row fusion-row\"><div class=\"fusion-layout-column fusion_builder_column fusion-builder-column-9 fusion_builder_column_1_3 1_3 fusion-one-third fusion-column-first\" style=\"--awb-bg-size:cover;width:33.333333333333%;width:calc(33.333333333333% - ( ( 4% + 4% ) * 0.33333333333333 ) );margin-right: 4%;\"><div class=\"fusion-column-wrapper fusion-flex-column-wrapper-legacy\"><div class=\"fusion-image-element in-legacy-container\" style=\"--awb-caption-title-font-family:var(--h2_typography-font-family);--awb-caption-title-font-weight:var(--h2_typography-font-weight);--awb-caption-title-font-style:var(--h2_typography-font-style);--awb-caption-title-size:var(--h2_typography-font-size);--awb-caption-title-transform:var(--h2_typography-text-transform);--awb-caption-title-line-height:var(--h2_typography-line-height);--awb-caption-title-letter-spacing:var(--h2_typography-letter-spacing);\"><span class=\" fusion-imageframe imageframe-none imageframe-2 hover-type-none\"><img decoding=\"async\" width=\"185\" height=\"300\" alt=\"Vista del Neus d\u00e9rmico antes de iniciar el tratamiento.\" title=\"Nevus d\u00e9rmico\" src=\"https:\/\/www.idermic.es\/wp-content\/uploads\/2025\/02\/Nevus-dermico-2-185x300.png\" class=\"img-responsive wp-image-7148\" srcset=\"https:\/\/www.idermic.es\/wp-content\/uploads\/2025\/02\/Nevus-dermico-2-200x325.png 200w, https:\/\/www.idermic.es\/wp-content\/uploads\/2025\/02\/Nevus-dermico-2-400x650.png 400w, https:\/\/www.idermic.es\/wp-content\/uploads\/2025\/02\/Nevus-dermico-2.png 462w\" sizes=\"(max-width: 800px) 100vw, 185px\" \/><\/span><\/div><div class=\"fusion-clearfix\"><\/div><\/div><\/div><div class=\"fusion-layout-column fusion_builder_column fusion-builder-column-10 fusion_builder_column_1_3 1_3 fusion-one-third\" style=\"--awb-bg-size:cover;width:33.333333333333%;width:calc(33.333333333333% - ( ( 4% + 4% ) * 0.33333333333333 ) );margin-right: 4%;\"><div class=\"fusion-column-wrapper fusion-flex-column-wrapper-legacy\"><div class=\"fusion-image-element in-legacy-container\" style=\"--awb-caption-title-font-family:var(--h2_typography-font-family);--awb-caption-title-font-weight:var(--h2_typography-font-weight);--awb-caption-title-font-style:var(--h2_typography-font-style);--awb-caption-title-size:var(--h2_typography-font-size);--awb-caption-title-transform:var(--h2_typography-text-transform);--awb-caption-title-line-height:var(--h2_typography-line-height);--awb-caption-title-letter-spacing:var(--h2_typography-letter-spacing);\"><span class=\" fusion-imageframe imageframe-none imageframe-3 hover-type-none\"><img decoding=\"async\" width=\"187\" height=\"300\" alt=\"Proceso de eliminaci\u00f3n del Nevus d\u00e9rmico con l\u00e1ser CO2.\" title=\"Nevus d\u00e9rmico\" src=\"https:\/\/www.idermic.es\/wp-content\/uploads\/2025\/02\/Nevus-dermico-3-187x300.png\" class=\"img-responsive wp-image-7150\" srcset=\"https:\/\/www.idermic.es\/wp-content\/uploads\/2025\/02\/Nevus-dermico-3-200x321.png 200w, https:\/\/www.idermic.es\/wp-content\/uploads\/2025\/02\/Nevus-dermico-3-400x641.png 400w, https:\/\/www.idermic.es\/wp-content\/uploads\/2025\/02\/Nevus-dermico-3.png 463w\" sizes=\"(max-width: 800px) 100vw, 187px\" \/><\/span><\/div><div class=\"fusion-clearfix\"><\/div><\/div><\/div><div class=\"fusion-layout-column fusion_builder_column fusion-builder-column-11 fusion_builder_column_1_3 1_3 fusion-one-third fusion-column-last\" style=\"--awb-bg-size:cover;width:33.333333333333%;width:calc(33.333333333333% - ( ( 4% + 4% ) * 0.33333333333333 ) );\"><div class=\"fusion-column-wrapper fusion-flex-column-wrapper-legacy\"><div class=\"fusion-image-element in-legacy-container\" style=\"--awb-caption-title-font-family:var(--h2_typography-font-family);--awb-caption-title-font-weight:var(--h2_typography-font-weight);--awb-caption-title-font-style:var(--h2_typography-font-style);--awb-caption-title-size:var(--h2_typography-font-size);--awb-caption-title-transform:var(--h2_typography-text-transform);--awb-caption-title-line-height:var(--h2_typography-line-height);--awb-caption-title-letter-spacing:var(--h2_typography-letter-spacing);\"><span class=\" fusion-imageframe imageframe-none imageframe-4 hover-type-none\"><img decoding=\"async\" width=\"185\" height=\"300\" alt=\"Eliminaci\u00f3n del Nevus d\u00e9rmico con l\u00e1ser CO2.\" title=\"Nevus d\u00e9rmico\" src=\"https:\/\/www.idermic.es\/wp-content\/uploads\/2025\/02\/Nevus-dermico-1-185x300.png\" class=\"img-responsive wp-image-7146\" srcset=\"https:\/\/www.idermic.es\/wp-content\/uploads\/2025\/02\/Nevus-dermico-1-200x324.png 200w, https:\/\/www.idermic.es\/wp-content\/uploads\/2025\/02\/Nevus-dermico-1-400x647.png 400w, https:\/\/www.idermic.es\/wp-content\/uploads\/2025\/02\/Nevus-dermico-1.png 461w\" sizes=\"(max-width: 800px) 100vw, 185px\" \/><\/span><\/div><div class=\"fusion-clearfix\"><\/div><\/div><\/div><\/div><\/div><div class=\"fusion-fullwidth fullwidth-box fusion-builder-row-10 nonhundred-percent-fullwidth non-hundred-percent-height-scrolling\" style=\"--awb-border-radius-top-left:0px;--awb-border-radius-top-right:0px;--awb-border-radius-bottom-right:0px;--awb-border-radius-bottom-left:0px;--awb-flex-wrap:wrap;\" ><div class=\"fusion-builder-row fusion-row\"><div class=\"fusion-layout-column fusion_builder_column fusion-builder-column-12 fusion_builder_column_1_1 1_1 fusion-one-full fusion-column-first fusion-column-last\" style=\"--awb-bg-size:cover;\"><div class=\"fusion-column-wrapper fusion-flex-column-wrapper-legacy\"><div class=\"fusion-sep-clear\"><\/div><div class=\"fusion-separator fusion-full-width-sep\" style=\"margin-left: auto;margin-right: auto;width:100%;\"><div class=\"fusion-separator-border sep-double\" style=\"--awb-height:20px;--awb-amount:20px;border-color:#e0dede;border-top-width:1px;border-bottom-width:1px;\"><\/div><\/div><div class=\"fusion-sep-clear\"><\/div><div class=\"fusion-clearfix\"><\/div><\/div><\/div><\/div><\/div><div class=\"fusion-fullwidth fullwidth-box fusion-builder-row-11 nonhundred-percent-fullwidth non-hundred-percent-height-scrolling\" style=\"--awb-border-radius-top-left:0px;--awb-border-radius-top-right:0px;--awb-border-radius-bottom-right:0px;--awb-border-radius-bottom-left:0px;--awb-flex-wrap:wrap;\" ><div class=\"fusion-builder-row fusion-row\"><div class=\"fusion-layout-column fusion_builder_column fusion-builder-column-13 fusion_builder_column_1_1 1_1 fusion-one-full fusion-column-first fusion-column-last\" style=\"--awb-bg-size:cover;\"><div class=\"fusion-column-wrapper fusion-flex-column-wrapper-legacy\"><div class=\"fusion-text fusion-text-6\"><h3 data-start=\"4496\" data-end=\"4555\">\u00bfC\u00f3mo es el proceso de eliminaci\u00f3n con l\u00e1ser CO2?<\/h3>\n<p data-start=\"61\" data-end=\"391\">La eliminaci\u00f3n de un <em data-start=\"82\" data-end=\"97\">nevus d\u00e9rmico<\/em> con l\u00e1ser de CO2 es un procedimiento seguro, preciso y r\u00e1pido. Para garantizar un resultado \u00f3ptimo, es fundamental seguir una serie de pasos que incluyen la evaluaci\u00f3n m\u00e9dica previa, la aplicaci\u00f3n del tratamiento y los cuidados posteriores. A continuaci\u00f3n, se detalla cada etapa del proceso:<\/p>\n<h4 data-start=\"393\" data-end=\"452\">1. Evaluaci\u00f3n previa y diagn\u00f3stico dermatol\u00f3gico<\/h4>\n<p data-start=\"453\" data-end=\"611\">Antes de proceder con la eliminaci\u00f3n, el dermat\u00f3logo debe examinar el nevus para determinar si es benigno y si es apto para el tratamiento con l\u00e1ser de CO2.<\/p>\n<ul data-start=\"613\" data-end=\"1099\">\n<li data-start=\"613\" data-end=\"774\">Se realiza una inspecci\u00f3n visual y, en algunos casos, se utiliza una <strong data-start=\"684\" data-end=\"701\">dermatoscopia<\/strong>, una t\u00e9cnica que permite observar detalles microsc\u00f3picos de la lesi\u00f3n.<\/li>\n<li data-start=\"775\" data-end=\"956\">Si el especialista detecta alguna irregularidad en el color, la forma o el tama\u00f1o del nevus, puede recomendar una <strong data-start=\"891\" data-end=\"909\">biopsia previa<\/strong> para descartar cualquier alteraci\u00f3n maligna.<\/li>\n<li data-start=\"957\" data-end=\"1099\">Solo los nevus confirmados como benignos pueden ser eliminados con l\u00e1ser, ya que este m\u00e9todo no permite el an\u00e1lisis histol\u00f3gico posterior.<\/li>\n<\/ul>\n<h4 data-start=\"1101\" data-end=\"1144\">2. Aplicaci\u00f3n de anestesia local<\/h4>\n<p data-start=\"1145\" data-end=\"1258\">Para garantizar que el procedimiento sea completamente indoloro, se aplica anestesia local en la zona a tratar.<\/p>\n<ul data-start=\"1260\" data-end=\"1616\">\n<li data-start=\"1260\" data-end=\"1417\">La anestesia puede administrarse en forma de <strong data-start=\"1307\" data-end=\"1327\">crema anest\u00e9sica<\/strong> o mediante <strong data-start=\"1339\" data-end=\"1363\">inyecci\u00f3n subcut\u00e1nea<\/strong>, dependiendo del tama\u00f1o y la profundidad del nevus.<\/li>\n<li data-start=\"1418\" data-end=\"1539\">El efecto de la anestesia es inmediato y permite que el paciente no sienta molestias durante la aplicaci\u00f3n del l\u00e1ser.<\/li>\n<li data-start=\"1540\" data-end=\"1616\">Una vez que la zona est\u00e1 insensibilizada, se procede con el tratamiento.<\/li>\n<\/ul>\n<h4 data-start=\"1618\" data-end=\"1677\">3. Emisi\u00f3n del l\u00e1ser CO2 y eliminaci\u00f3n del nevus<\/h4>\n<p data-start=\"1678\" data-end=\"1808\">El dermat\u00f3logo dirige el l\u00e1ser de CO2 sobre el nevus, elimin\u00e1ndolo capa por capa mediante un proceso de vaporizaci\u00f3n controlada.<\/p>\n<ul data-start=\"1810\" data-end=\"2301\">\n<li data-start=\"1810\" data-end=\"1923\">El l\u00e1ser act\u00faa eliminando \u00fanicamente las c\u00e9lulas pigmentadas del nevus, sin afectar los tejidos circundantes.<\/li>\n<li data-start=\"1924\" data-end=\"2022\">Se utiliza una intensidad ajustable para evitar da\u00f1os en la piel y lograr un acabado uniforme.<\/li>\n<li data-start=\"2023\" data-end=\"2174\">Durante el procedimiento, el l\u00e1ser coagula los peque\u00f1os vasos sangu\u00edneos de la zona, reduciendo el sangrado y minimizando el riesgo de infecciones.<\/li>\n<li data-start=\"2175\" data-end=\"2301\">En la mayor\u00eda de los casos, la sesi\u00f3n dura entre <strong data-start=\"2226\" data-end=\"2244\">5 y 15 minutos<\/strong>, dependiendo del n\u00famero de nevus a tratar y su tama\u00f1o.<\/li>\n<\/ul>\n<h4 data-start=\"2303\" data-end=\"2357\">4. Cuidados post-tratamiento y recuperaci\u00f3n<\/h4>\n<p data-start=\"2358\" data-end=\"2532\">Despu\u00e9s del procedimiento, la piel tratada entra en una fase de regeneraci\u00f3n que requiere ciertos cuidados para garantizar una cicatrizaci\u00f3n \u00f3ptima y evitar complicaciones.<\/p>\n<ul data-start=\"2534\" data-end=\"3409\">\n<li data-start=\"2534\" data-end=\"2752\"><strong data-start=\"2536\" data-end=\"2560\">Formaci\u00f3n de costra:<\/strong> Tras la aplicaci\u00f3n del l\u00e1ser, es normal que se forme una peque\u00f1a costra en la zona tratada. Esta costra act\u00faa como una barrera protectora y caer\u00e1 por s\u00ed sola en un plazo de <strong data-start=\"2734\" data-end=\"2749\">7 a 14 d\u00edas<\/strong>.<\/li>\n<li data-start=\"2753\" data-end=\"2909\"><strong data-start=\"2755\" data-end=\"2787\">Uso de cremas cicatrizantes:<\/strong> Se recomienda aplicar cremas regeneradoras o cicatrizantes prescritas por el dermat\u00f3logo para acelerar la recuperaci\u00f3n.<\/li>\n<li data-start=\"2910\" data-end=\"3124\"><strong data-start=\"2912\" data-end=\"2943\">Evitar la exposici\u00f3n solar:<\/strong> La piel tratada es m\u00e1s sensible a la radiaci\u00f3n UV, por lo que se debe evitar la exposici\u00f3n directa al sol y usar protector solar de <strong data-start=\"3076\" data-end=\"3087\">SPF 50+<\/strong> para prevenir hiperpigmentaciones.<\/li>\n<li data-start=\"3125\" data-end=\"3245\"><strong data-start=\"3127\" data-end=\"3160\">No manipular la zona tratada:<\/strong> Es fundamental no rascar ni frotar la costra para evitar infecciones o cicatrices.<\/li>\n<li data-start=\"3246\" data-end=\"3409\"><strong data-start=\"3248\" data-end=\"3278\">Seguimiento dermatol\u00f3gico:<\/strong> En algunos casos, el especialista puede programar una revisi\u00f3n para evaluar la cicatrizaci\u00f3n y los resultados del procedimiento.<\/li>\n<\/ul>\n<p data-start=\"3432\" data-end=\"3859\" data-is-last-node=\"\">El proceso de eliminaci\u00f3n de un nevus d\u00e9rmico con l\u00e1ser de CO2 es sencillo, r\u00e1pido y seguro cuando se realiza bajo supervisi\u00f3n m\u00e9dica. Gracias a su precisi\u00f3n, permite una eliminaci\u00f3n efectiva con m\u00ednima cicatrizaci\u00f3n y un tiempo de recuperaci\u00f3n reducido. Sin embargo, para obtener los mejores resultados, es fundamental seguir las recomendaciones postoperatorias y acudir a un dermat\u00f3logo ante cualquier duda o s\u00edntoma inusual.<\/p>\n<h3 data-start=\"4985\" data-end=\"5038\">Cuidados despu\u00e9s de la eliminaci\u00f3n con l\u00e1ser<\/h3>\n<p data-start=\"55\" data-end=\"435\">Despu\u00e9s de la eliminaci\u00f3n de un <em data-start=\"87\" data-end=\"102\">nevus d\u00e9rmico<\/em> con l\u00e1ser de CO2, la piel pasa por un proceso de regeneraci\u00f3n que requiere ciertos cuidados para evitar complicaciones y garantizar una cicatrizaci\u00f3n \u00f3ptima. Aunque el procedimiento es m\u00ednimamente invasivo, es normal que la zona tratada experimente enrojecimiento, leve inflamaci\u00f3n y la formaci\u00f3n de una peque\u00f1a costra protectora.<\/p>\n<p data-start=\"437\" data-end=\"683\">Seguir las recomendaciones m\u00e9dicas es fundamental para evitar infecciones, reducir el riesgo de cicatrices y prevenir cambios en la pigmentaci\u00f3n de la piel. A continuaci\u00f3n, se detallan los cuidados m\u00e1s importantes tras la eliminaci\u00f3n con l\u00e1ser.<\/p>\n<h4 data-start=\"685\" data-end=\"723\">1. Protecci\u00f3n solar estricta<\/h4>\n<p data-start=\"724\" data-end=\"957\">El uso de protector solar es uno de los aspectos m\u00e1s importantes del cuidado post-tratamiento, ya que la piel tratada es m\u00e1s sensible a la radiaci\u00f3n UV y puede desarrollar manchas o hiperpigmentaci\u00f3n si no se protege adecuadamente.<\/p>\n<ul data-start=\"959\" data-end=\"1328\">\n<li data-start=\"959\" data-end=\"1084\">Se recomienda aplicar un protector solar de <strong data-start=\"1005\" data-end=\"1036\">amplio espectro con SPF 50+<\/strong> en la zona tratada, incluso en d\u00edas nublados.<\/li>\n<li data-start=\"1085\" data-end=\"1182\">Evitar la exposici\u00f3n directa al sol durante al menos <strong data-start=\"1140\" data-end=\"1157\">4 a 6 semanas<\/strong> tras el procedimiento.<\/li>\n<li data-start=\"1183\" data-end=\"1328\">En caso de que la eliminaci\u00f3n haya sido en una zona expuesta, como el rostro, se pueden usar sombreros de ala ancha o ropa que cubra la piel.<\/li>\n<\/ul>\n<h4 data-start=\"1330\" data-end=\"1375\">2. No rascar ni manipular la costra<\/h4>\n<p data-start=\"1376\" data-end=\"1566\">Despu\u00e9s del tratamiento con l\u00e1ser de CO2, es normal que se forme una costra fina sobre la zona tratada. Esta costra act\u00faa como una barrera natural que protege la piel mientras se regenera.<\/p>\n<ul data-start=\"1568\" data-end=\"1899\">\n<li data-start=\"1568\" data-end=\"1686\"><strong data-start=\"1570\" data-end=\"1631\">No rascar, frotar ni retirar la costra de forma prematura<\/strong>, ya que esto podr\u00eda causar cicatrices o infecciones.<\/li>\n<li data-start=\"1687\" data-end=\"1777\">Evitar tocar la zona con las manos sucias para prevenir la proliferaci\u00f3n de bacterias.<\/li>\n<li data-start=\"1778\" data-end=\"1899\">Si la costra se humedece, se debe secar con peque\u00f1os toques utilizando una gasa est\u00e9ril o un pa\u00f1uelo de papel limpio.<\/li>\n<\/ul>\n<h4 data-start=\"1901\" data-end=\"1948\">3. Hidrataci\u00f3n y cremas cicatrizantes<\/h4>\n<p data-start=\"1949\" data-end=\"2120\">Para acelerar el proceso de curaci\u00f3n y minimizar el riesgo de marcas, se recomienda el uso de cremas hidratantes y cicatrizantes formuladas para la regeneraci\u00f3n cut\u00e1nea.<\/p>\n<ul data-start=\"2122\" data-end=\"2464\">\n<li data-start=\"2122\" data-end=\"2238\">Aplicar <strong data-start=\"2132\" data-end=\"2195\">cremas con centella asi\u00e1tica, aloe vera o \u00e1cido hialur\u00f3nico<\/strong>, seg\u00fan la recomendaci\u00f3n del dermat\u00f3logo.<\/li>\n<li data-start=\"2239\" data-end=\"2353\">Evitar productos con <strong data-start=\"2262\" data-end=\"2304\">alcohol, perfumes o \u00e1cidos exfoliantes<\/strong>, ya que pueden irritar la piel reci\u00e9n tratada.<\/li>\n<li data-start=\"2354\" data-end=\"2464\">En algunos casos, el especialista puede recomendar <strong data-start=\"2407\" data-end=\"2431\">pomadas antibi\u00f3ticas<\/strong> si existe riesgo de infecci\u00f3n.<\/li>\n<\/ul>\n<h4 data-start=\"2466\" data-end=\"2522\">4. Evitar el maquillaje y productos irritantes<\/h4>\n<p data-start=\"2523\" data-end=\"2701\">Si la eliminaci\u00f3n del nevus ha sido en el rostro, es importante evitar el uso de maquillaje durante los primeros d\u00edas para no obstruir los poros y permitir que la piel respire.<\/p>\n<ul data-start=\"2703\" data-end=\"2898\">\n<li data-start=\"2703\" data-end=\"2778\">No aplicar maquillaje hasta que la costra haya ca\u00eddo de manera natural.<\/li>\n<li data-start=\"2779\" data-end=\"2898\">Evitar productos exfoliantes, t\u00f3nicos con alcohol o tratamientos qu\u00edmicos agresivos durante al menos <strong data-start=\"2882\" data-end=\"2895\">2 semanas<\/strong>.<\/li>\n<\/ul>\n<h4 data-start=\"2900\" data-end=\"2943\">5. Mantener la zona limpia y seca<\/h4>\n<p data-start=\"2944\" data-end=\"3022\">La higiene es esencial para evitar infecciones y favorecer la cicatrizaci\u00f3n.<\/p>\n<ul data-start=\"3024\" data-end=\"3314\">\n<li data-start=\"3024\" data-end=\"3131\">Lavar la zona con agua tibia y un <strong data-start=\"3060\" data-end=\"3085\">jab\u00f3n neutro o syndet<\/strong> (sin detergentes agresivos) una vez al d\u00eda.<\/li>\n<li data-start=\"3132\" data-end=\"3195\">Secar con una toalla limpia o una gasa est\u00e9ril, sin frotar.<\/li>\n<li data-start=\"3196\" data-end=\"3314\">No sumergir la zona tratada en agua (piscinas, playas o ba\u00f1os largos) hasta que la piel haya sanado completamente.<\/li>\n<\/ul>\n<h4 data-start=\"3316\" data-end=\"3364\">6. Control dermatol\u00f3gico y seguimiento<\/h4>\n<p data-start=\"3365\" data-end=\"3501\">Aunque la recuperaci\u00f3n suele ser r\u00e1pida y sin complicaciones, es recomendable acudir a una consulta de seguimiento con el dermat\u00f3logo.<\/p>\n<ul data-start=\"3503\" data-end=\"3821\">\n<li data-start=\"3503\" data-end=\"3632\">El especialista evaluar\u00e1 la evoluci\u00f3n de la cicatrizaci\u00f3n y confirmar\u00e1 que no haya signos de infecci\u00f3n o reacciones adversas.<\/li>\n<li data-start=\"3633\" data-end=\"3821\">En algunos casos, puede recomendar tratamientos adicionales para mejorar el aspecto de la piel, como <strong data-start=\"3736\" data-end=\"3818\">cremas despigmentantes o l\u00e1ser complementario para eliminar manchas residuales<\/strong>.<\/li>\n<\/ul>\n<p data-start=\"3844\" data-end=\"4293\" data-is-last-node=\"\">Los cuidados despu\u00e9s de la eliminaci\u00f3n con l\u00e1ser de CO2 son fundamentales para una recuperaci\u00f3n \u00f3ptima y para minimizar el riesgo de cicatrices o hiperpigmentaciones. Proteger la piel del sol, evitar la manipulaci\u00f3n de la costra y aplicar los productos adecuados favorecer\u00e1n la regeneraci\u00f3n cut\u00e1nea. Si se siguen todas las recomendaciones m\u00e9dicas, los resultados ser\u00e1n satisfactorios y la piel se recuperar\u00e1 en poco tiempo sin dejar marcas visibles.<\/p>\n<p>Para cualquier consulta sobre la eliminaci\u00f3n del Nevus d\u00e9rmico con l\u00e1ser CO2, en Idermic, tu <a href=\"http:\/\/idermic.es\/\">dermat\u00f3logo en Terrassa<\/a> estaremos encantados de atenderte.<\/p>\n<\/div><div class=\"fusion-clearfix\"><\/div><\/div><\/div><\/div><\/div><div class=\"fusion-fullwidth fullwidth-box fusion-builder-row-12 nonhundred-percent-fullwidth non-hundred-percent-height-scrolling\" style=\"--awb-border-radius-top-left:0px;--awb-border-radius-top-right:0px;--awb-border-radius-bottom-right:0px;--awb-border-radius-bottom-left:0px;--awb-flex-wrap:wrap;\" ><div class=\"fusion-builder-row fusion-row\"><div class=\"fusion-layout-column fusion_builder_column fusion-builder-column-14 fusion_builder_column_1_1 1_1 fusion-one-full fusion-column-first fusion-column-last\" style=\"--awb-bg-size:cover;\"><div class=\"fusion-column-wrapper fusion-flex-column-wrapper-legacy\"><div class=\"fusion-sep-clear\"><\/div><div class=\"fusion-separator fusion-full-width-sep\" style=\"margin-left: auto;margin-right: auto;width:100%;\"><div class=\"fusion-separator-border sep-double\" style=\"--awb-height:20px;--awb-amount:20px;border-color:#e0dede;border-top-width:1px;border-bottom-width:1px;\"><\/div><\/div><div class=\"fusion-sep-clear\"><\/div><div class=\"fusion-clearfix\"><\/div><\/div><\/div><\/div><\/div><div class=\"fusion-fullwidth fullwidth-box fusion-builder-row-13 nonhundred-percent-fullwidth non-hundred-percent-height-scrolling\" style=\"--awb-border-radius-top-left:0px;--awb-border-radius-top-right:0px;--awb-border-radius-bottom-right:0px;--awb-border-radius-bottom-left:0px;--awb-flex-wrap:wrap;\" ><div class=\"fusion-builder-row fusion-row\"><div class=\"fusion-layout-column fusion_builder_column fusion-builder-column-15 fusion_builder_column_1_1 1_1 fusion-one-full fusion-column-first fusion-column-last\" style=\"--awb-bg-size:cover;\"><div class=\"fusion-column-wrapper fusion-flex-column-wrapper-legacy\"><div class=\"fusion-video fusion-youtube\" style=\"--awb-max-width:600px;--awb-max-height:360px;\"><div class=\"video-shortcode\"><div class=\"fluid-width-video-wrapper\" style=\"padding-top:60%;\" ><iframe title=\"YouTube video player 1\" src=\"https:\/\/www.youtube.com\/embed\/DFMBP6ReaKk?wmode=transparent&autoplay=0\" width=\"600\" height=\"360\" allowfullscreen allow=\"autoplay; clipboard-write; encrypted-media; gyroscope; picture-in-picture;\"><\/iframe><\/div><\/div><\/div><div class=\"fusion-clearfix\"><\/div><\/div><\/div><\/div><\/div><div class=\"fusion-fullwidth fullwidth-box fusion-builder-row-14 nonhundred-percent-fullwidth non-hundred-percent-height-scrolling\" style=\"--awb-border-radius-top-left:0px;--awb-border-radius-top-right:0px;--awb-border-radius-bottom-right:0px;--awb-border-radius-bottom-left:0px;--awb-flex-wrap:wrap;\" ><div class=\"fusion-builder-row fusion-row\"><div class=\"fusion-layout-column fusion_builder_column fusion-builder-column-16 fusion_builder_column_1_1 1_1 fusion-one-full fusion-column-first fusion-column-last\" style=\"--awb-bg-size:cover;\"><div class=\"fusion-column-wrapper fusion-flex-column-wrapper-legacy\"><div class=\"fusion-sep-clear\"><\/div><div class=\"fusion-separator fusion-full-width-sep\" style=\"margin-left: auto;margin-right: auto;width:100%;\"><div class=\"fusion-separator-border sep-double\" style=\"--awb-height:20px;--awb-amount:20px;border-color:#e0dede;border-top-width:1px;border-bottom-width:1px;\"><\/div><\/div><div class=\"fusion-sep-clear\"><\/div><div class=\"fusion-clearfix\"><\/div><\/div><\/div><\/div><\/div><div class=\"fusion-fullwidth fullwidth-box fusion-builder-row-15 nonhundred-percent-fullwidth non-hundred-percent-height-scrolling\" style=\"--awb-border-radius-top-left:0px;--awb-border-radius-top-right:0px;--awb-border-radius-bottom-right:0px;--awb-border-radius-bottom-left:0px;--awb-flex-wrap:wrap;\" ><div class=\"fusion-builder-row fusion-row\"><div class=\"fusion-layout-column fusion_builder_column fusion-builder-column-17 fusion_builder_column_1_1 1_1 fusion-one-full fusion-column-first fusion-column-last\" style=\"--awb-bg-size:cover;\"><div class=\"fusion-column-wrapper fusion-flex-column-wrapper-legacy\"><blockquote class=\"instagram-media\" data-instgrm-captioned data-instgrm-permalink=\"https:\/\/www.instagram.com\/reel\/DDpXrf5Ibos\/?utm_source=ig_embed&utm_campaign=loading\" data-instgrm-version=\"14\" style=\" background:#FFF; border:0; border-radius:3px; box-shadow:0 0 1px 0 rgba(0,0,0,0.5),0 1px 10px 0 rgba(0,0,0,0.15); margin: 1px; max-width:540px; min-width:326px; padding:0; width:99.375%; width:-webkit-calc(100% - 2px); width:calc(100% - 2px);\"><div style=\"padding:16px;\"> <a href=\"https:\/\/www.instagram.com\/reel\/DDpXrf5Ibos\/?utm_source=ig_embed&utm_campaign=loading\" style=\" background:#FFFFFF; line-height:0; padding:0 0; text-align:center; text-decoration:none; width:100%;\" target=\"_blank\"> <div style=\" display: flex; flex-direction: row; align-items: center;\"> <div style=\"background-color: #F4F4F4; border-radius: 50%; flex-grow: 0; height: 40px; margin-right: 14px; width: 40px;\"><\/div> <div style=\"display: flex; flex-direction: column; flex-grow: 1; justify-content: center;\"> <div style=\" background-color: #F4F4F4; border-radius: 4px; flex-grow: 0; height: 14px; margin-bottom: 6px; width: 100px;\"><\/div> <div style=\" background-color: #F4F4F4; border-radius: 4px; flex-grow: 0; height: 14px; width: 60px;\"><\/div><\/div><\/div><div style=\"padding: 19% 0;\"><\/div> <div style=\"display:block; height:50px; margin:0 auto 12px; width:50px;\"><svg width=\"50px\" height=\"50px\" viewBox=\"0 0 60 60\" version=\"1.1\" xmlns=\"https:\/\/www.w3.org\/2000\/svg\" xmlns:xlink=\"https:\/\/www.w3.org\/1999\/xlink\"><g stroke=\"none\" stroke-width=\"1\" fill=\"none\" fill-rule=\"evenodd\"><g transform=\"translate(-511.000000, -20.000000)\" fill=\"#000000\"><g><path d=\"M556.869,30.41 C554.814,30.41 553.148,32.076 553.148,34.131 C553.148,36.186 554.814,37.852 556.869,37.852 C558.924,37.852 560.59,36.186 560.59,34.131 C560.59,32.076 558.924,30.41 556.869,30.41 M541,60.657 C535.114,60.657 530.342,55.887 530.342,50 C530.342,44.114 535.114,39.342 541,39.342 C546.887,39.342 551.658,44.114 551.658,50 C551.658,55.887 546.887,60.657 541,60.657 M541,33.886 C532.1,33.886 524.886,41.1 524.886,50 C524.886,58.899 532.1,66.113 541,66.113 C549.9,66.113 557.115,58.899 557.115,50 C557.115,41.1 549.9,33.886 541,33.886 M565.378,62.101 C565.244,65.022 564.756,66.606 564.346,67.663 C563.803,69.06 563.154,70.057 562.106,71.106 C561.058,72.155 560.06,72.803 558.662,73.347 C557.607,73.757 556.021,74.244 553.102,74.378 C549.944,74.521 548.997,74.552 541,74.552 C533.003,74.552 532.056,74.521 528.898,74.378 C525.979,74.244 524.393,73.757 523.338,73.347 C521.94,72.803 520.942,72.155 519.894,71.106 C518.846,70.057 518.197,69.06 517.654,67.663 C517.244,66.606 516.755,65.022 516.623,62.101 C516.479,58.943 516.448,57.996 516.448,50 C516.448,42.003 516.479,41.056 516.623,37.899 C516.755,34.978 517.244,33.391 517.654,32.338 C518.197,30.938 518.846,29.942 519.894,28.894 C520.942,27.846 521.94,27.196 523.338,26.654 C524.393,26.244 525.979,25.756 528.898,25.623 C532.057,25.479 533.004,25.448 541,25.448 C548.997,25.448 549.943,25.479 553.102,25.623 C556.021,25.756 557.607,26.244 558.662,26.654 C560.06,27.196 561.058,27.846 562.106,28.894 C563.154,29.942 563.803,30.938 564.346,32.338 C564.756,33.391 565.244,34.978 565.378,37.899 C565.522,41.056 565.552,42.003 565.552,50 C565.552,57.996 565.522,58.943 565.378,62.101 M570.82,37.631 C570.674,34.438 570.167,32.258 569.425,30.349 C568.659,28.377 567.633,26.702 565.965,25.035 C564.297,23.368 562.623,22.342 560.652,21.575 C558.743,20.834 556.562,20.326 553.369,20.18 C550.169,20.033 549.148,20 541,20 C532.853,20 531.831,20.033 528.631,20.18 C525.438,20.326 523.257,20.834 521.349,21.575 C519.376,22.342 517.703,23.368 516.035,25.035 C514.368,26.702 513.342,28.377 512.574,30.349 C511.834,32.258 511.326,34.438 511.181,37.631 C511.035,40.831 511,41.851 511,50 C511,58.147 511.035,59.17 511.181,62.369 C511.326,65.562 511.834,67.743 512.574,69.651 C513.342,71.625 514.368,73.296 516.035,74.965 C517.703,76.634 519.376,77.658 521.349,78.425 C523.257,79.167 525.438,79.673 528.631,79.82 C531.831,79.965 532.853,80.001 541,80.001 C549.148,80.001 550.169,79.965 553.369,79.82 C556.562,79.673 558.743,79.167 560.652,78.425 C562.623,77.658 564.297,76.634 565.965,74.965 C567.633,73.296 568.659,71.625 569.425,69.651 C570.167,67.743 570.674,65.562 570.82,62.369 C570.966,59.17 571,58.147 571,50 C571,41.851 570.966,40.831 570.82,37.631\"><\/path><\/g><\/g><\/g><\/svg><\/div><div style=\"padding-top: 8px;\"> <div style=\" color:#3897f0; font-family:Arial,sans-serif; font-size:14px; font-style:normal; font-weight:550; line-height:18px;\">Ver esta publicaci\u00f3n en Instagram<\/div><\/div><div style=\"padding: 12.5% 0;\"><\/div> <div style=\"display: flex; flex-direction: row; margin-bottom: 14px; align-items: center;\"><div> <div style=\"background-color: #F4F4F4; border-radius: 50%; height: 12.5px; width: 12.5px; transform: translateX(0px) translateY(7px);\"><\/div> <div style=\"background-color: #F4F4F4; height: 12.5px; transform: rotate(-45deg) translateX(3px) translateY(1px); width: 12.5px; flex-grow: 0; margin-right: 14px; margin-left: 2px;\"><\/div> <div style=\"background-color: #F4F4F4; border-radius: 50%; height: 12.5px; width: 12.5px; transform: translateX(9px) translateY(-18px);\"><\/div><\/div><div style=\"margin-left: 8px;\"> <div style=\" background-color: #F4F4F4; border-radius: 50%; flex-grow: 0; height: 20px; width: 20px;\"><\/div> <div style=\" width: 0; height: 0; border-top: 2px solid transparent; border-left: 6px solid #f4f4f4; border-bottom: 2px solid transparent; transform: translateX(16px) translateY(-4px) rotate(30deg)\"><\/div><\/div><div style=\"margin-left: auto;\"> <div style=\" width: 0px; border-top: 8px solid #F4F4F4; border-right: 8px solid transparent; transform: translateY(16px);\"><\/div> <div style=\" background-color: #F4F4F4; flex-grow: 0; height: 12px; width: 16px; transform: translateY(-4px);\"><\/div> <div style=\" width: 0; height: 0; border-top: 8px solid #F4F4F4; border-left: 8px solid transparent; transform: translateY(-4px) translateX(8px);\"><\/div><\/div><\/div> <div style=\"display: flex; flex-direction: column; flex-grow: 1; justify-content: center; margin-bottom: 24px;\"> <div style=\" background-color: #F4F4F4; border-radius: 4px; flex-grow: 0; height: 14px; margin-bottom: 6px; width: 224px;\"><\/div> <div style=\" background-color: #F4F4F4; border-radius: 4px; flex-grow: 0; height: 14px; width: 144px;\"><\/div><\/div><\/a><p style=\" color:#c9c8cd; font-family:Arial,sans-serif; font-size:14px; line-height:17px; margin-bottom:0; margin-top:8px; overflow:hidden; padding:8px 0 7px; text-align:center; text-overflow:ellipsis; white-space:nowrap;\"><a href=\"https:\/\/www.instagram.com\/reel\/DDpXrf5Ibos\/?utm_source=ig_embed&utm_campaign=loading\" style=\" color:#c9c8cd; font-family:Arial,sans-serif; font-size:14px; font-style:normal; font-weight:normal; line-height:17px; text-decoration:none;\" target=\"_blank\">Una publicaci\u00f3n compartida de Dermatolog\u00eda m\u00e9dica y est\u00e9tica (@idermicclinic)<\/a><\/p><\/div><\/blockquote>\n<script async src=\"\/\/www.instagram.com\/embed.js\"><\/script><div class=\"fusion-clearfix\"><\/div><\/div><\/div><\/div><\/div><\/p>\n","protected":false},"excerpt":{"rendered":"<p>Tratamiento seguro y preciso para eliminar nevus d\u00e9rmicos con l\u00e1ser CO\u2082. Resultados r\u00e1pidos, m\u00ednimas cicatrices y alta efectividad.<\/p>\n","protected":false},"author":3,"featured_media":7152,"comment_status":"open","ping_status":"closed","sticky":false,"template":"","format":"standard","meta":{"_joinchat":[],"footnotes":""},"categories":[52,37],"tags":[125,104,108],"class_list":["post-7145","post","type-post","status-publish","format-standard","has-post-thumbnail","hentry","category-dermatologia","category-tecnologia","tag-dermis","tag-piel","tag-procedimientos-faciales"],"yoast_head":"<!-- This site is optimized with the Yoast SEO plugin v28.4 - https:\/\/yoast.com\/product\/yoast-seo-wordpress\/ -->\n<title>Nevus d\u00e9rmico: Eliminaci\u00f3n con l\u00e1ser CO2 -<\/title>\n<meta name=\"description\" content=\"Tratamiento seguro y preciso para eliminar nevus d\u00e9rmicos con l\u00e1ser CO\u2082. Resultados r\u00e1pidos, m\u00ednimas cicatrices y alta efectividad.\" \/>\n<meta name=\"robots\" content=\"index, follow, max-snippet:-1, max-image-preview:large, max-video-preview:-1\" \/>\n<link rel=\"canonical\" href=\"https:\/\/www.idermic.es\/es\/nevus-dermico-eliminacion-con-laser-co2\/\" \/>\n<meta property=\"og:locale\" content=\"es_ES\" \/>\n<meta property=\"og:type\" content=\"article\" \/>\n<meta property=\"og:title\" content=\"Nevus d\u00e9rmico: Eliminaci\u00f3n con l\u00e1ser CO2 -\" \/>\n<meta property=\"og:description\" content=\"Tratamiento seguro y preciso para eliminar nevus d\u00e9rmicos con l\u00e1ser CO\u2082. Resultados r\u00e1pidos, m\u00ednimas cicatrices y alta efectividad.\" \/>\n<meta property=\"og:url\" content=\"https:\/\/www.idermic.es\/es\/nevus-dermico-eliminacion-con-laser-co2\/\" \/>\n<meta property=\"og:site_name\" content=\"Idermic. Dermatolog\u00eda en Terrassa\" \/>\n<meta property=\"article:publisher\" content=\"https:\/\/www.facebook.com\/Idermic\" \/>\n<meta property=\"article:published_time\" content=\"2025-02-18T12:57:56+00:00\" \/>\n<meta property=\"article:modified_time\" content=\"2026-05-26T09:50:46+00:00\" \/>\n<meta property=\"og:image\" content=\"https:\/\/www.idermic.es\/wp-content\/uploads\/2025\/02\/Nevus-dermico-4.png\" \/>\n\t<meta property=\"og:image:width\" content=\"467\" \/>\n\t<meta property=\"og:image:height\" content=\"755\" \/>\n\t<meta property=\"og:image:type\" content=\"image\/png\" \/>\n<meta name=\"author\" content=\"Equipo\" \/>\n<meta name=\"twitter:card\" content=\"summary_large_image\" \/>\n<meta name=\"twitter:creator\" content=\"@idermic\" \/>\n<meta name=\"twitter:site\" content=\"@idermic\" \/>\n<meta name=\"twitter:label1\" content=\"Escrito por\" \/>\n\t<meta name=\"twitter:data1\" content=\"Equipo\" \/>\n\t<meta name=\"twitter:label2\" content=\"Tiempo de lectura\" \/>\n\t<meta name=\"twitter:data2\" content=\"23 minutos\" \/>\n<script type=\"application\/ld+json\" class=\"yoast-schema-graph\">{\"@context\":\"https:\\\/\\\/schema.org\",\"@graph\":[{\"@type\":\"Article\",\"@id\":\"https:\\\/\\\/www.idermic.es\\\/es\\\/nevus-dermico-eliminacion-con-laser-co2\\\/#article\",\"isPartOf\":{\"@id\":\"https:\\\/\\\/www.idermic.es\\\/es\\\/nevus-dermico-eliminacion-con-laser-co2\\\/\"},\"author\":{\"name\":\"Equipo\",\"@id\":\"https:\\\/\\\/www.idermic.es\\\/#\\\/schema\\\/person\\\/c12703027a878b23d3c71c87921a82f8\"},\"headline\":\"Nevus d\u00e9rmico: Eliminaci\u00f3n con l\u00e1ser CO2\",\"datePublished\":\"2025-02-18T12:57:56+00:00\",\"dateModified\":\"2026-05-26T09:50:46+00:00\",\"mainEntityOfPage\":{\"@id\":\"https:\\\/\\\/www.idermic.es\\\/es\\\/nevus-dermico-eliminacion-con-laser-co2\\\/\"},\"wordCount\":7965,\"commentCount\":0,\"publisher\":{\"@id\":\"https:\\\/\\\/www.idermic.es\\\/#organization\"},\"image\":{\"@id\":\"https:\\\/\\\/www.idermic.es\\\/es\\\/nevus-dermico-eliminacion-con-laser-co2\\\/#primaryimage\"},\"thumbnailUrl\":\"https:\\\/\\\/www.idermic.es\\\/wp-content\\\/uploads\\\/2025\\\/02\\\/Nevus-dermico-4.png\",\"keywords\":[\"dermis\",\"piel\",\"procedimientos faciales\"],\"articleSection\":[\"Dermatolog\u00eda\",\"Tecnolog\u00eda\"],\"inLanguage\":\"es\",\"potentialAction\":[{\"@type\":\"CommentAction\",\"name\":\"Comment\",\"target\":[\"https:\\\/\\\/www.idermic.es\\\/es\\\/nevus-dermico-eliminacion-con-laser-co2\\\/#respond\"]}]},{\"@type\":\"WebPage\",\"@id\":\"https:\\\/\\\/www.idermic.es\\\/es\\\/nevus-dermico-eliminacion-con-laser-co2\\\/\",\"url\":\"https:\\\/\\\/www.idermic.es\\\/es\\\/nevus-dermico-eliminacion-con-laser-co2\\\/\",\"name\":\"Nevus d\u00e9rmico: Eliminaci\u00f3n con l\u00e1ser CO2 -\",\"isPartOf\":{\"@id\":\"https:\\\/\\\/www.idermic.es\\\/#website\"},\"primaryImageOfPage\":{\"@id\":\"https:\\\/\\\/www.idermic.es\\\/es\\\/nevus-dermico-eliminacion-con-laser-co2\\\/#primaryimage\"},\"image\":{\"@id\":\"https:\\\/\\\/www.idermic.es\\\/es\\\/nevus-dermico-eliminacion-con-laser-co2\\\/#primaryimage\"},\"thumbnailUrl\":\"https:\\\/\\\/www.idermic.es\\\/wp-content\\\/uploads\\\/2025\\\/02\\\/Nevus-dermico-4.png\",\"datePublished\":\"2025-02-18T12:57:56+00:00\",\"dateModified\":\"2026-05-26T09:50:46+00:00\",\"description\":\"Tratamiento seguro y preciso para eliminar nevus d\u00e9rmicos con l\u00e1ser CO\u2082. Resultados r\u00e1pidos, m\u00ednimas cicatrices y alta efectividad.\",\"breadcrumb\":{\"@id\":\"https:\\\/\\\/www.idermic.es\\\/es\\\/nevus-dermico-eliminacion-con-laser-co2\\\/#breadcrumb\"},\"inLanguage\":\"es\",\"potentialAction\":[{\"@type\":\"ReadAction\",\"target\":[\"https:\\\/\\\/www.idermic.es\\\/es\\\/nevus-dermico-eliminacion-con-laser-co2\\\/\"]}]},{\"@type\":\"ImageObject\",\"inLanguage\":\"es\",\"@id\":\"https:\\\/\\\/www.idermic.es\\\/es\\\/nevus-dermico-eliminacion-con-laser-co2\\\/#primaryimage\",\"url\":\"https:\\\/\\\/www.idermic.es\\\/wp-content\\\/uploads\\\/2025\\\/02\\\/Nevus-dermico-4.png\",\"contentUrl\":\"https:\\\/\\\/www.idermic.es\\\/wp-content\\\/uploads\\\/2025\\\/02\\\/Nevus-dermico-4.png\",\"width\":467,\"height\":755,\"caption\":\"Nevus d\u00e9rmico: Eliminaci\u00f3n con l\u00e1ser CO2\"},{\"@type\":\"BreadcrumbList\",\"@id\":\"https:\\\/\\\/www.idermic.es\\\/es\\\/nevus-dermico-eliminacion-con-laser-co2\\\/#breadcrumb\",\"itemListElement\":[{\"@type\":\"ListItem\",\"position\":1,\"name\":\"Inici\",\"item\":\"https:\\\/\\\/www.idermic.es\\\/es\\\/\"},{\"@type\":\"ListItem\",\"position\":2,\"name\":\"Nevus d\u00e9rmico: Eliminaci\u00f3n con l\u00e1ser CO2\"}]},{\"@type\":\"WebSite\",\"@id\":\"https:\\\/\\\/www.idermic.es\\\/#website\",\"url\":\"https:\\\/\\\/www.idermic.es\\\/\",\"name\":\"Idermic. Dermatolog\u00eda en Terrassa\",\"description\":\"Dermatolog\u00eda, Medicina est\u00e9tica, Cirurg\u00eda Pl\u00e0stica\",\"publisher\":{\"@id\":\"https:\\\/\\\/www.idermic.es\\\/#organization\"},\"potentialAction\":[{\"@type\":\"SearchAction\",\"target\":{\"@type\":\"EntryPoint\",\"urlTemplate\":\"https:\\\/\\\/www.idermic.es\\\/?s={search_term_string}\"},\"query-input\":{\"@type\":\"PropertyValueSpecification\",\"valueRequired\":true,\"valueName\":\"search_term_string\"}}],\"inLanguage\":\"es\"},{\"@type\":\"Organization\",\"@id\":\"https:\\\/\\\/www.idermic.es\\\/#organization\",\"name\":\"Idermic. Dermatolog\u00eda en Terrassa\",\"url\":\"https:\\\/\\\/www.idermic.es\\\/\",\"logo\":{\"@type\":\"ImageObject\",\"inLanguage\":\"es\",\"@id\":\"https:\\\/\\\/www.idermic.es\\\/#\\\/schema\\\/logo\\\/image\\\/\",\"url\":\"https:\\\/\\\/www.idermic.es\\\/wp-content\\\/uploads\\\/2025\\\/10\\\/Logo-Idermic.jpg\",\"contentUrl\":\"https:\\\/\\\/www.idermic.es\\\/wp-content\\\/uploads\\\/2025\\\/10\\\/Logo-Idermic.jpg\",\"width\":501,\"height\":502,\"caption\":\"Idermic. Dermatolog\u00eda en Terrassa\"},\"image\":{\"@id\":\"https:\\\/\\\/www.idermic.es\\\/#\\\/schema\\\/logo\\\/image\\\/\"},\"sameAs\":[\"https:\\\/\\\/www.facebook.com\\\/Idermic\",\"https:\\\/\\\/x.com\\\/idermic\",\"https:\\\/\\\/www.instagram.com\\\/idermicclinic\\\/\",\"https:\\\/\\\/www.youtube.com\\\/channel\\\/UCyAHC9-p8lc6hr_nguO8p_g\"]},{\"@type\":\"Person\",\"@id\":\"https:\\\/\\\/www.idermic.es\\\/#\\\/schema\\\/person\\\/c12703027a878b23d3c71c87921a82f8\",\"name\":\"Equipo\",\"image\":{\"@type\":\"ImageObject\",\"inLanguage\":\"es\",\"@id\":\"https:\\\/\\\/secure.gravatar.com\\\/avatar\\\/7ca0be23248108c6b0887e0693b7dcf7764bd3503f84d1f04e6653ef7c3b9420?s=96&d=mm&r=g\",\"url\":\"https:\\\/\\\/secure.gravatar.com\\\/avatar\\\/7ca0be23248108c6b0887e0693b7dcf7764bd3503f84d1f04e6653ef7c3b9420?s=96&d=mm&r=g\",\"contentUrl\":\"https:\\\/\\\/secure.gravatar.com\\\/avatar\\\/7ca0be23248108c6b0887e0693b7dcf7764bd3503f84d1f04e6653ef7c3b9420?s=96&d=mm&r=g\",\"caption\":\"Equipo\"},\"description\":\"Equipo de Idermic\"}]}<\/script>\n<!-- \/ Yoast SEO plugin. -->","yoast_head_json":{"title":"Nevus d\u00e9rmico: Eliminaci\u00f3n con l\u00e1ser CO2 -","description":"Tratamiento seguro y preciso para eliminar nevus d\u00e9rmicos con l\u00e1ser CO\u2082. Resultados r\u00e1pidos, m\u00ednimas cicatrices y alta efectividad.","robots":{"index":"index","follow":"follow","max-snippet":"max-snippet:-1","max-image-preview":"max-image-preview:large","max-video-preview":"max-video-preview:-1"},"canonical":"https:\/\/www.idermic.es\/es\/nevus-dermico-eliminacion-con-laser-co2\/","og_locale":"es_ES","og_type":"article","og_title":"Nevus d\u00e9rmico: Eliminaci\u00f3n con l\u00e1ser CO2 -","og_description":"Tratamiento seguro y preciso para eliminar nevus d\u00e9rmicos con l\u00e1ser CO\u2082. Resultados r\u00e1pidos, m\u00ednimas cicatrices y alta efectividad.","og_url":"https:\/\/www.idermic.es\/es\/nevus-dermico-eliminacion-con-laser-co2\/","og_site_name":"Idermic. Dermatolog\u00eda en Terrassa","article_publisher":"https:\/\/www.facebook.com\/Idermic","article_published_time":"2025-02-18T12:57:56+00:00","article_modified_time":"2026-05-26T09:50:46+00:00","og_image":[{"width":467,"height":755,"url":"https:\/\/www.idermic.es\/wp-content\/uploads\/2025\/02\/Nevus-dermico-4.png","type":"image\/png"}],"author":"Equipo","twitter_card":"summary_large_image","twitter_creator":"@idermic","twitter_site":"@idermic","twitter_misc":{"Escrito por":"Equipo","Tiempo de lectura":"23 minutos"},"schema":{"@context":"https:\/\/schema.org","@graph":[{"@type":"Article","@id":"https:\/\/www.idermic.es\/es\/nevus-dermico-eliminacion-con-laser-co2\/#article","isPartOf":{"@id":"https:\/\/www.idermic.es\/es\/nevus-dermico-eliminacion-con-laser-co2\/"},"author":{"name":"Equipo","@id":"https:\/\/www.idermic.es\/#\/schema\/person\/c12703027a878b23d3c71c87921a82f8"},"headline":"Nevus d\u00e9rmico: Eliminaci\u00f3n con l\u00e1ser CO2","datePublished":"2025-02-18T12:57:56+00:00","dateModified":"2026-05-26T09:50:46+00:00","mainEntityOfPage":{"@id":"https:\/\/www.idermic.es\/es\/nevus-dermico-eliminacion-con-laser-co2\/"},"wordCount":7965,"commentCount":0,"publisher":{"@id":"https:\/\/www.idermic.es\/#organization"},"image":{"@id":"https:\/\/www.idermic.es\/es\/nevus-dermico-eliminacion-con-laser-co2\/#primaryimage"},"thumbnailUrl":"https:\/\/www.idermic.es\/wp-content\/uploads\/2025\/02\/Nevus-dermico-4.png","keywords":["dermis","piel","procedimientos faciales"],"articleSection":["Dermatolog\u00eda","Tecnolog\u00eda"],"inLanguage":"es","potentialAction":[{"@type":"CommentAction","name":"Comment","target":["https:\/\/www.idermic.es\/es\/nevus-dermico-eliminacion-con-laser-co2\/#respond"]}]},{"@type":"WebPage","@id":"https:\/\/www.idermic.es\/es\/nevus-dermico-eliminacion-con-laser-co2\/","url":"https:\/\/www.idermic.es\/es\/nevus-dermico-eliminacion-con-laser-co2\/","name":"Nevus d\u00e9rmico: Eliminaci\u00f3n con l\u00e1ser CO2 -","isPartOf":{"@id":"https:\/\/www.idermic.es\/#website"},"primaryImageOfPage":{"@id":"https:\/\/www.idermic.es\/es\/nevus-dermico-eliminacion-con-laser-co2\/#primaryimage"},"image":{"@id":"https:\/\/www.idermic.es\/es\/nevus-dermico-eliminacion-con-laser-co2\/#primaryimage"},"thumbnailUrl":"https:\/\/www.idermic.es\/wp-content\/uploads\/2025\/02\/Nevus-dermico-4.png","datePublished":"2025-02-18T12:57:56+00:00","dateModified":"2026-05-26T09:50:46+00:00","description":"Tratamiento seguro y preciso para eliminar nevus d\u00e9rmicos con l\u00e1ser CO\u2082. Resultados r\u00e1pidos, m\u00ednimas cicatrices y alta efectividad.","breadcrumb":{"@id":"https:\/\/www.idermic.es\/es\/nevus-dermico-eliminacion-con-laser-co2\/#breadcrumb"},"inLanguage":"es","potentialAction":[{"@type":"ReadAction","target":["https:\/\/www.idermic.es\/es\/nevus-dermico-eliminacion-con-laser-co2\/"]}]},{"@type":"ImageObject","inLanguage":"es","@id":"https:\/\/www.idermic.es\/es\/nevus-dermico-eliminacion-con-laser-co2\/#primaryimage","url":"https:\/\/www.idermic.es\/wp-content\/uploads\/2025\/02\/Nevus-dermico-4.png","contentUrl":"https:\/\/www.idermic.es\/wp-content\/uploads\/2025\/02\/Nevus-dermico-4.png","width":467,"height":755,"caption":"Nevus d\u00e9rmico: Eliminaci\u00f3n con l\u00e1ser CO2"},{"@type":"BreadcrumbList","@id":"https:\/\/www.idermic.es\/es\/nevus-dermico-eliminacion-con-laser-co2\/#breadcrumb","itemListElement":[{"@type":"ListItem","position":1,"name":"Inici","item":"https:\/\/www.idermic.es\/es\/"},{"@type":"ListItem","position":2,"name":"Nevus d\u00e9rmico: Eliminaci\u00f3n con l\u00e1ser CO2"}]},{"@type":"WebSite","@id":"https:\/\/www.idermic.es\/#website","url":"https:\/\/www.idermic.es\/","name":"Idermic. Dermatolog\u00eda en Terrassa","description":"Dermatolog\u00eda, Medicina est\u00e9tica, Cirurg\u00eda Pl\u00e0stica","publisher":{"@id":"https:\/\/www.idermic.es\/#organization"},"potentialAction":[{"@type":"SearchAction","target":{"@type":"EntryPoint","urlTemplate":"https:\/\/www.idermic.es\/?s={search_term_string}"},"query-input":{"@type":"PropertyValueSpecification","valueRequired":true,"valueName":"search_term_string"}}],"inLanguage":"es"},{"@type":"Organization","@id":"https:\/\/www.idermic.es\/#organization","name":"Idermic. Dermatolog\u00eda en Terrassa","url":"https:\/\/www.idermic.es\/","logo":{"@type":"ImageObject","inLanguage":"es","@id":"https:\/\/www.idermic.es\/#\/schema\/logo\/image\/","url":"https:\/\/www.idermic.es\/wp-content\/uploads\/2025\/10\/Logo-Idermic.jpg","contentUrl":"https:\/\/www.idermic.es\/wp-content\/uploads\/2025\/10\/Logo-Idermic.jpg","width":501,"height":502,"caption":"Idermic. Dermatolog\u00eda en Terrassa"},"image":{"@id":"https:\/\/www.idermic.es\/#\/schema\/logo\/image\/"},"sameAs":["https:\/\/www.facebook.com\/Idermic","https:\/\/x.com\/idermic","https:\/\/www.instagram.com\/idermicclinic\/","https:\/\/www.youtube.com\/channel\/UCyAHC9-p8lc6hr_nguO8p_g"]},{"@type":"Person","@id":"https:\/\/www.idermic.es\/#\/schema\/person\/c12703027a878b23d3c71c87921a82f8","name":"Equipo","image":{"@type":"ImageObject","inLanguage":"es","@id":"https:\/\/secure.gravatar.com\/avatar\/7ca0be23248108c6b0887e0693b7dcf7764bd3503f84d1f04e6653ef7c3b9420?s=96&d=mm&r=g","url":"https:\/\/secure.gravatar.com\/avatar\/7ca0be23248108c6b0887e0693b7dcf7764bd3503f84d1f04e6653ef7c3b9420?s=96&d=mm&r=g","contentUrl":"https:\/\/secure.gravatar.com\/avatar\/7ca0be23248108c6b0887e0693b7dcf7764bd3503f84d1f04e6653ef7c3b9420?s=96&d=mm&r=g","caption":"Equipo"},"description":"Equipo de Idermic"}]}},"_links":{"self":[{"href":"https:\/\/www.idermic.es\/es\/wp-json\/wp\/v2\/posts\/7145","targetHints":{"allow":["GET"]}}],"collection":[{"href":"https:\/\/www.idermic.es\/es\/wp-json\/wp\/v2\/posts"}],"about":[{"href":"https:\/\/www.idermic.es\/es\/wp-json\/wp\/v2\/types\/post"}],"author":[{"embeddable":true,"href":"https:\/\/www.idermic.es\/es\/wp-json\/wp\/v2\/users\/3"}],"replies":[{"embeddable":true,"href":"https:\/\/www.idermic.es\/es\/wp-json\/wp\/v2\/comments?post=7145"}],"version-history":[{"count":9,"href":"https:\/\/www.idermic.es\/es\/wp-json\/wp\/v2\/posts\/7145\/revisions"}],"predecessor-version":[{"id":8134,"href":"https:\/\/www.idermic.es\/es\/wp-json\/wp\/v2\/posts\/7145\/revisions\/8134"}],"wp:featuredmedia":[{"embeddable":true,"href":"https:\/\/www.idermic.es\/es\/wp-json\/wp\/v2\/media\/7152"}],"wp:attachment":[{"href":"https:\/\/www.idermic.es\/es\/wp-json\/wp\/v2\/media?parent=7145"}],"wp:term":[{"taxonomy":"category","embeddable":true,"href":"https:\/\/www.idermic.es\/es\/wp-json\/wp\/v2\/categories?post=7145"},{"taxonomy":"post_tag","embeddable":true,"href":"https:\/\/www.idermic.es\/es\/wp-json\/wp\/v2\/tags?post=7145"}],"curies":[{"name":"wp","href":"https:\/\/api.w.org\/{rel}","templated":true}]}}