{"id":7131,"date":"2025-02-06T09:31:13","date_gmt":"2025-02-06T09:31:13","guid":{"rendered":"https:\/\/www.idermic.es\/?p=7131"},"modified":"2026-05-26T09:45:05","modified_gmt":"2026-05-26T09:45:05","slug":"imcas-world-congress-2025-la-dra-marta-vilavella-asiste-a-este-prestigiosos-evento","status":"publish","type":"post","link":"https:\/\/www.idermic.es\/es\/imcas-world-congress-2025-la-dra-marta-vilavella-asiste-a-este-prestigiosos-evento\/","title":{"rendered":"IMCAS World Congress 2025. La Dra. Marta Vilavella asiste a este prestigiosos evento"},"content":{"rendered":"<p><div class=\"fusion-fullwidth fullwidth-box fusion-builder-row-1 nonhundred-percent-fullwidth non-hundred-percent-height-scrolling\" style=\"--awb-border-radius-top-left:0px;--awb-border-radius-top-right:0px;--awb-border-radius-bottom-right:0px;--awb-border-radius-bottom-left:0px;--awb-flex-wrap:wrap;\" ><div class=\"fusion-builder-row fusion-row\"><div class=\"fusion-layout-column fusion_builder_column fusion-builder-column-0 fusion_builder_column_1_1 1_1 fusion-one-full fusion-column-first fusion-column-last\" style=\"--awb-bg-size:cover;\"><div class=\"fusion-column-wrapper fusion-flex-column-wrapper-legacy\"><div class=\"fusion-text fusion-text-1\"><h1>IMCAS World Congress 2025. La Dra. Marta Vilavella asiste a este prestigiosos evento<\/h1>\n<\/div><div class=\"fusion-clearfix\"><\/div><\/div><\/div><\/div><\/div><div class=\"fusion-fullwidth fullwidth-box fusion-builder-row-2 nonhundred-percent-fullwidth non-hundred-percent-height-scrolling\" style=\"--awb-border-radius-top-left:0px;--awb-border-radius-top-right:0px;--awb-border-radius-bottom-right:0px;--awb-border-radius-bottom-left:0px;--awb-flex-wrap:wrap;\" ><div class=\"fusion-builder-row fusion-row\"><div class=\"fusion-layout-column fusion_builder_column fusion-builder-column-1 fusion_builder_column_2_3 2_3 fusion-two-third fusion-column-first\" style=\"--awb-bg-size:cover;width:66.666666666667%;width:calc(66.666666666667% - ( ( 4% ) * 0.66666666666667 ) );margin-right: 4%;\"><div class=\"fusion-column-wrapper fusion-flex-column-wrapper-legacy\"><div class=\"fusion-text fusion-text-2\"><p>La Dra. Marta Vilavella, especialista en dermatolog\u00eda est\u00e9tica, asisti\u00f3 la semana pasada al <a href=\"https:\/\/www.imcas.com\/es\/attend\/imcas-world-congress-2025\"><strong data-start=\"151\" data-end=\"180\">IMCAS World Congress 2025<\/strong><\/a>, uno de los eventos m\u00e1s prestigiosos en el \u00e1mbito de la dermatolog\u00eda, la cirug\u00eda pl\u00e1stica y la medicina est\u00e9tica.<\/p>\n<p>Su participaci\u00f3n en este congreso refuerza su compromiso con la innovaci\u00f3n y la excelencia en su especialidad, permiti\u00e9ndole conocer de primera mano los \u00faltimos avances y tendencias en tratamientos est\u00e9ticos.<\/p>\n<\/div><div class=\"fusion-clearfix\"><\/div><\/div><\/div><div class=\"fusion-layout-column fusion_builder_column fusion-builder-column-2 fusion_builder_column_1_3 1_3 fusion-one-third fusion-column-last\" style=\"--awb-bg-size:cover;width:33.333333333333%;width:calc(33.333333333333% - ( ( 4% ) * 0.33333333333333 ) );\"><div class=\"fusion-column-wrapper fusion-flex-column-wrapper-legacy\"><div class=\"fusion-image-element in-legacy-container\" style=\"--awb-caption-title-font-family:var(--h2_typography-font-family);--awb-caption-title-font-weight:var(--h2_typography-font-weight);--awb-caption-title-font-style:var(--h2_typography-font-style);--awb-caption-title-size:var(--h2_typography-font-size);--awb-caption-title-transform:var(--h2_typography-text-transform);--awb-caption-title-line-height:var(--h2_typography-line-height);--awb-caption-title-letter-spacing:var(--h2_typography-letter-spacing);\"><span class=\" fusion-imageframe imageframe-none imageframe-1 hover-type-none\"><img decoding=\"async\" width=\"240\" height=\"300\" alt=\"Marta Vilavella asiste al IMCAS World Congress 2025.\" title=\"Marta Vilavella en Par\u00eds\" src=\"https:\/\/www.idermic.es\/wp-content\/uploads\/2025\/02\/Marta-Vilavella-en-Paris-240x300.jpg\" class=\"img-responsive wp-image-7133\" srcset=\"https:\/\/www.idermic.es\/wp-content\/uploads\/2025\/02\/Marta-Vilavella-en-Paris-200x250.jpg 200w, https:\/\/www.idermic.es\/wp-content\/uploads\/2025\/02\/Marta-Vilavella-en-Paris-400x500.jpg 400w, https:\/\/www.idermic.es\/wp-content\/uploads\/2025\/02\/Marta-Vilavella-en-Paris-600x750.jpg 600w, https:\/\/www.idermic.es\/wp-content\/uploads\/2025\/02\/Marta-Vilavella-en-Paris-800x1000.jpg 800w, https:\/\/www.idermic.es\/wp-content\/uploads\/2025\/02\/Marta-Vilavella-en-Paris.jpg 900w\" sizes=\"(max-width: 800px) 100vw, 240px\" \/><\/span><\/div><div class=\"fusion-clearfix\"><\/div><\/div><\/div><\/div><\/div><div class=\"fusion-fullwidth fullwidth-box fusion-builder-row-3 nonhundred-percent-fullwidth non-hundred-percent-height-scrolling\" style=\"--awb-border-radius-top-left:0px;--awb-border-radius-top-right:0px;--awb-border-radius-bottom-right:0px;--awb-border-radius-bottom-left:0px;--awb-flex-wrap:wrap;\" ><div class=\"fusion-builder-row fusion-row\"><div class=\"fusion-layout-column fusion_builder_column fusion-builder-column-3 fusion_builder_column_1_1 1_1 fusion-one-full fusion-column-first fusion-column-last\" style=\"--awb-bg-size:cover;\"><div class=\"fusion-column-wrapper fusion-flex-column-wrapper-legacy\"><div class=\"fusion-sep-clear\"><\/div><div class=\"fusion-separator fusion-full-width-sep\" style=\"margin-left: auto;margin-right: auto;width:100%;\"><div class=\"fusion-separator-border sep-double\" style=\"--awb-height:20px;--awb-amount:20px;border-color:#e0dede;border-top-width:1px;border-bottom-width:1px;\"><\/div><\/div><div class=\"fusion-sep-clear\"><\/div><div class=\"fusion-clearfix\"><\/div><\/div><\/div><\/div><\/div><div class=\"fusion-fullwidth fullwidth-box fusion-builder-row-4 nonhundred-percent-fullwidth non-hundred-percent-height-scrolling\" style=\"--awb-border-radius-top-left:0px;--awb-border-radius-top-right:0px;--awb-border-radius-bottom-right:0px;--awb-border-radius-bottom-left:0px;--awb-flex-wrap:wrap;\" ><div class=\"fusion-builder-row fusion-row\"><div class=\"fusion-layout-column fusion_builder_column fusion-builder-column-4 fusion_builder_column_1_1 1_1 fusion-one-full fusion-column-first fusion-column-last\" style=\"--awb-bg-size:cover;\"><div class=\"fusion-column-wrapper fusion-flex-column-wrapper-legacy\"><div class=\"fusion-text fusion-text-3\"><h2>Evento de referencia en medicina est\u00e9tica y antienvejecimiento<\/h2>\n<p data-start=\"505\" data-end=\"879\">El <strong data-start=\"508\" data-end=\"537\">IMCAS World Congress 2025<\/strong> se llev\u00f3 a cabo en Par\u00eds desde el pasado <strong data-start=\"569\" data-end=\"608\">30 de enero hasta el 1 de febrero de 2025<\/strong>, reuniendo a expertos internacionales en dermatolog\u00eda, cirug\u00eda pl\u00e1stica y ciencias del envejecimiento para compartir conocimientos y experiencias. El evento cont\u00f3 con m\u00e1s de <strong data-start=\"787\" data-end=\"806\">350 expositores<\/strong>, que presentaron sus productos y servicios m\u00e1s innovadores en el sector.<\/p>\n<p data-start=\"881\" data-end=\"1224\">Durante el congreso, la Dra. Vilavella tuvo la oportunidad de asistir a conferencias, talleres y sesiones pr\u00e1cticas impartidas por l\u00edderes de la industria. Estas actividades abordaron una amplia gama de temas relacionados con la medicina est\u00e9tica, desde nuevas tecnolog\u00edas en rejuvenecimiento facial hasta tratamientos m\u00ednimamente invasivos.<\/p>\n<p data-start=\"1226\" data-end=\"1477\">La asistencia de la Dra. Vilavella al <strong data-start=\"1264\" data-end=\"1288\">IMCAS World Congress<\/strong> subraya su inter\u00e9s en la formaci\u00f3n continua y en la aplicaci\u00f3n de las \u00faltimas t\u00e9cnicas en su pr\u00e1ctica profesional, garantizando as\u00ed un servicio actualizado y de vanguardia a sus pacientes.<\/p>\n<\/div><div class=\"fusion-clearfix\"><\/div><\/div><\/div><\/div><\/div><div class=\"fusion-fullwidth fullwidth-box fusion-builder-row-5 nonhundred-percent-fullwidth non-hundred-percent-height-scrolling\" style=\"--awb-border-radius-top-left:0px;--awb-border-radius-top-right:0px;--awb-border-radius-bottom-right:0px;--awb-border-radius-bottom-left:0px;--awb-flex-wrap:wrap;\" ><div class=\"fusion-builder-row fusion-row\"><div class=\"fusion-layout-column fusion_builder_column fusion-builder-column-5 fusion_builder_column_1_1 1_1 fusion-one-full fusion-column-first fusion-column-last\" style=\"--awb-bg-size:cover;\"><div class=\"fusion-column-wrapper fusion-flex-column-wrapper-legacy\"><div class=\"fusion-text fusion-text-4\"><h2>IMCAS World Congress 2025: Innovaci\u00f3n y avances en dermatolog\u00eda y cirug\u00eda est\u00e9tica<\/h2>\n<p data-start=\"223\" data-end=\"609\">El <strong data-start=\"226\" data-end=\"255\">IMCAS World Congress 2025<\/strong> se perfila como uno de los eventos m\u00e1s destacados en el \u00e1mbito de la dermatolog\u00eda, la cirug\u00eda pl\u00e1stica y la medicina est\u00e9tica. Celebrado en Par\u00eds, este congreso reunir\u00e1 a expertos de todo el mundo para presentar los \u00faltimos avances en tratamientos, tecnolog\u00edas y procedimientos destinados al cuidado de la piel y el rejuvenecimiento facial y corporal.<\/p>\n<p data-start=\"611\" data-end=\"859\">El congreso, organizado por la <strong data-start=\"642\" data-end=\"698\">International Master Course on Aging Science (IMCAS)<\/strong>, es reconocido por su enfoque innovador y multidisciplinario, convirti\u00e9ndose en una cita imprescindible para m\u00e9dicos, investigadores e industria farmac\u00e9utica.<\/p>\n<h3 data-start=\"861\" data-end=\"900\">Programa y conferencias destacadas<\/h3>\n<p data-start=\"902\" data-end=\"1094\">La edici\u00f3n 2025 cont\u00f3 con una agenda completa que incluir\u00e1 conferencias magistrales, talleres pr\u00e1cticos y presentaciones cient\u00edficas. Entre los temas principales que se abordaron destacan:<\/p>\n<ul data-start=\"1096\" data-end=\"1349\">\n<li data-start=\"1096\" data-end=\"1158\"><strong data-start=\"1098\" data-end=\"1156\">Nuevas tecnolog\u00edas en dermatolog\u00eda y cirug\u00eda est\u00e9tica.<\/strong><\/li>\n<li data-start=\"1159\" data-end=\"1229\"><strong data-start=\"1161\" data-end=\"1227\">Tendencias en tratamientos antienvejecimiento y regenerativos.<\/strong><\/li>\n<li data-start=\"1230\" data-end=\"1287\"><strong data-start=\"1232\" data-end=\"1285\">Avances en rellenos d\u00e9rmicos y toxina botul\u00ednica.<\/strong><\/li>\n<li data-start=\"1288\" data-end=\"1349\"><strong data-start=\"1290\" data-end=\"1347\">Innovaciones en dispositivos l\u00e1ser y radiofrecuencia.<\/strong><\/li>\n<\/ul>\n<p data-start=\"1351\" data-end=\"1514\">Adem\u00e1s, la presencia de especialistas reconocidos, como <strong data-start=\"1407\" data-end=\"1426\">Marta Vilavella<\/strong>, contribuy\u00f3 a enriquecer el debate con sus conocimientos y experiencia en el sector.<\/p>\n<h3 data-start=\"1516\" data-end=\"1574\">Oportunidades para la industria y la formaci\u00f3n m\u00e9dica<\/h3>\n<p data-start=\"1576\" data-end=\"1930\">El <strong data-start=\"1579\" data-end=\"1608\">IMCAS World Congress 2025<\/strong> no solo representa un espacio de actualizaci\u00f3n para profesionales de la salud, sino tambi\u00e9n una plataforma clave para empresas y laboratorios. En la zona de exhibici\u00f3n, los asistentes pudieron conocer de primera mano las \u00faltimas novedades en productos dermatol\u00f3gicos, aparatolog\u00eda est\u00e9tica y soluciones m\u00e9dicas avanzadas.<\/p>\n<p data-start=\"1932\" data-end=\"2088\">Adem\u00e1s, el evento ofreci\u00f3 oportunidades de networking para fomentar la colaboraci\u00f3n entre especialistas, centros de investigaci\u00f3n y compa\u00f1\u00edas del sector.<\/p>\n<h3 data-start=\"2090\" data-end=\"2130\">Un punto de encuentro internacional<\/h3>\n<p data-start=\"2132\" data-end=\"2438\">Cada a\u00f1o, el <strong data-start=\"2145\" data-end=\"2169\">IMCAS World Congress<\/strong> re\u00fane a miles de asistentes provenientes de m\u00e1s de 100 pa\u00edses, consolid\u00e1ndose como un referente global en medicina est\u00e9tica y antienvejecimiento. La edici\u00f3n de 2025 promete superar las expectativas con un programa innovador y la participaci\u00f3n de destacados ponentes.<\/p>\n<p data-start=\"2440\" data-end=\"2605\">Con un enfoque basado en la evidencia cient\u00edfica y la excelencia profesional, este congreso continuar\u00e1 marcando el futuro de la dermatolog\u00eda y la cirug\u00eda pl\u00e1stica.<\/p>\n<\/div><div class=\"fusion-clearfix\"><\/div><\/div><\/div><\/div><\/div><\/p>\n","protected":false},"excerpt":{"rendered":"<p>La Dra. Marta Vilavella, especialista en dermatolog\u00eda est\u00e9tica, asistir\u00e1 al IMCAS World Congress 2025 que se celebra en Par\u00eds.<\/p>\n","protected":false},"author":3,"featured_media":7133,"comment_status":"open","ping_status":"closed","sticky":false,"template":"","format":"standard","meta":{"_joinchat":[],"footnotes":""},"categories":[52,37],"tags":[45,104,108],"class_list":["post-7131","post","type-post","status-publish","format-standard","has-post-thumbnail","hentry","category-dermatologia","category-tecnologia","tag-laser","tag-piel","tag-procedimientos-faciales"],"yoast_head":"<!-- This site is optimized with the Yoast SEO plugin v28.4 - https:\/\/yoast.com\/product\/yoast-seo-wordpress\/ -->\n<title>IMCAS World Congress 2025. La Dra. Marta Vilavella asiste a este prestigiosos evento -<\/title>\n<meta name=\"description\" content=\"La Dra. Marta Vilavella, especialista en dermatolog\u00eda est\u00e9tica, asistir\u00e1 al IMCAS World Congress 2025 que se celebra en Par\u00eds.\" \/>\n<meta name=\"robots\" content=\"index, follow, max-snippet:-1, max-image-preview:large, max-video-preview:-1\" \/>\n<link rel=\"canonical\" href=\"https:\/\/www.idermic.es\/es\/imcas-world-congress-2025-la-dra-marta-vilavella-asiste-a-este-prestigiosos-evento\/\" \/>\n<meta property=\"og:locale\" content=\"es_ES\" \/>\n<meta property=\"og:type\" content=\"article\" \/>\n<meta property=\"og:title\" content=\"IMCAS World Congress 2025. La Dra. Marta Vilavella asiste a este prestigiosos evento -\" \/>\n<meta property=\"og:description\" content=\"La Dra. Marta Vilavella, especialista en dermatolog\u00eda est\u00e9tica, asistir\u00e1 al IMCAS World Congress 2025 que se celebra en Par\u00eds.\" \/>\n<meta property=\"og:url\" content=\"https:\/\/www.idermic.es\/es\/imcas-world-congress-2025-la-dra-marta-vilavella-asiste-a-este-prestigiosos-evento\/\" \/>\n<meta property=\"og:site_name\" content=\"Idermic. Dermatolog\u00eda en Terrassa\" \/>\n<meta property=\"article:publisher\" content=\"https:\/\/www.facebook.com\/Idermic\" \/>\n<meta property=\"article:published_time\" content=\"2025-02-06T09:31:13+00:00\" \/>\n<meta property=\"article:modified_time\" content=\"2026-05-26T09:45:05+00:00\" \/>\n<meta property=\"og:image\" content=\"https:\/\/www.idermic.es\/wp-content\/uploads\/2025\/02\/Marta-Vilavella-en-Paris.jpg\" \/>\n\t<meta property=\"og:image:width\" content=\"900\" \/>\n\t<meta property=\"og:image:height\" content=\"1125\" \/>\n\t<meta property=\"og:image:type\" content=\"image\/jpeg\" \/>\n<meta name=\"author\" content=\"Equipo\" \/>\n<meta name=\"twitter:card\" content=\"summary_large_image\" \/>\n<meta name=\"twitter:creator\" content=\"@idermic\" \/>\n<meta name=\"twitter:site\" content=\"@idermic\" \/>\n<meta name=\"twitter:label1\" content=\"Escrito por\" \/>\n\t<meta name=\"twitter:data1\" content=\"Equipo\" \/>\n\t<meta name=\"twitter:label2\" content=\"Tiempo de lectura\" \/>\n\t<meta name=\"twitter:data2\" content=\"4 minutos\" \/>\n<script type=\"application\/ld+json\" class=\"yoast-schema-graph\">{\"@context\":\"https:\\\/\\\/schema.org\",\"@graph\":[{\"@type\":\"Article\",\"@id\":\"https:\\\/\\\/www.idermic.es\\\/es\\\/imcas-world-congress-2025-la-dra-marta-vilavella-asiste-a-este-prestigiosos-evento\\\/#article\",\"isPartOf\":{\"@id\":\"https:\\\/\\\/www.idermic.es\\\/es\\\/imcas-world-congress-2025-la-dra-marta-vilavella-asiste-a-este-prestigiosos-evento\\\/\"},\"author\":{\"name\":\"Equipo\",\"@id\":\"https:\\\/\\\/www.idermic.es\\\/#\\\/schema\\\/person\\\/c12703027a878b23d3c71c87921a82f8\"},\"headline\":\"IMCAS World Congress 2025. La Dra. Marta Vilavella asiste a este prestigiosos evento\",\"datePublished\":\"2025-02-06T09:31:13+00:00\",\"dateModified\":\"2026-05-26T09:45:05+00:00\",\"mainEntityOfPage\":{\"@id\":\"https:\\\/\\\/www.idermic.es\\\/es\\\/imcas-world-congress-2025-la-dra-marta-vilavella-asiste-a-este-prestigiosos-evento\\\/\"},\"wordCount\":1931,\"commentCount\":0,\"publisher\":{\"@id\":\"https:\\\/\\\/www.idermic.es\\\/#organization\"},\"image\":{\"@id\":\"https:\\\/\\\/www.idermic.es\\\/es\\\/imcas-world-congress-2025-la-dra-marta-vilavella-asiste-a-este-prestigiosos-evento\\\/#primaryimage\"},\"thumbnailUrl\":\"https:\\\/\\\/www.idermic.es\\\/wp-content\\\/uploads\\\/2025\\\/02\\\/Marta-Vilavella-en-Paris.jpg\",\"keywords\":[\"L\u00e1ser\",\"piel\",\"procedimientos faciales\"],\"articleSection\":[\"Dermatolog\u00eda\",\"Tecnolog\u00eda\"],\"inLanguage\":\"es\",\"potentialAction\":[{\"@type\":\"CommentAction\",\"name\":\"Comment\",\"target\":[\"https:\\\/\\\/www.idermic.es\\\/es\\\/imcas-world-congress-2025-la-dra-marta-vilavella-asiste-a-este-prestigiosos-evento\\\/#respond\"]}]},{\"@type\":\"WebPage\",\"@id\":\"https:\\\/\\\/www.idermic.es\\\/es\\\/imcas-world-congress-2025-la-dra-marta-vilavella-asiste-a-este-prestigiosos-evento\\\/\",\"url\":\"https:\\\/\\\/www.idermic.es\\\/es\\\/imcas-world-congress-2025-la-dra-marta-vilavella-asiste-a-este-prestigiosos-evento\\\/\",\"name\":\"IMCAS World Congress 2025. La Dra. Marta Vilavella asiste a este prestigiosos evento -\",\"isPartOf\":{\"@id\":\"https:\\\/\\\/www.idermic.es\\\/#website\"},\"primaryImageOfPage\":{\"@id\":\"https:\\\/\\\/www.idermic.es\\\/es\\\/imcas-world-congress-2025-la-dra-marta-vilavella-asiste-a-este-prestigiosos-evento\\\/#primaryimage\"},\"image\":{\"@id\":\"https:\\\/\\\/www.idermic.es\\\/es\\\/imcas-world-congress-2025-la-dra-marta-vilavella-asiste-a-este-prestigiosos-evento\\\/#primaryimage\"},\"thumbnailUrl\":\"https:\\\/\\\/www.idermic.es\\\/wp-content\\\/uploads\\\/2025\\\/02\\\/Marta-Vilavella-en-Paris.jpg\",\"datePublished\":\"2025-02-06T09:31:13+00:00\",\"dateModified\":\"2026-05-26T09:45:05+00:00\",\"description\":\"La Dra. Marta Vilavella, especialista en dermatolog\u00eda est\u00e9tica, asistir\u00e1 al IMCAS World Congress 2025 que se celebra en Par\u00eds.\",\"breadcrumb\":{\"@id\":\"https:\\\/\\\/www.idermic.es\\\/es\\\/imcas-world-congress-2025-la-dra-marta-vilavella-asiste-a-este-prestigiosos-evento\\\/#breadcrumb\"},\"inLanguage\":\"es\",\"potentialAction\":[{\"@type\":\"ReadAction\",\"target\":[\"https:\\\/\\\/www.idermic.es\\\/es\\\/imcas-world-congress-2025-la-dra-marta-vilavella-asiste-a-este-prestigiosos-evento\\\/\"]}]},{\"@type\":\"ImageObject\",\"inLanguage\":\"es\",\"@id\":\"https:\\\/\\\/www.idermic.es\\\/es\\\/imcas-world-congress-2025-la-dra-marta-vilavella-asiste-a-este-prestigiosos-evento\\\/#primaryimage\",\"url\":\"https:\\\/\\\/www.idermic.es\\\/wp-content\\\/uploads\\\/2025\\\/02\\\/Marta-Vilavella-en-Paris.jpg\",\"contentUrl\":\"https:\\\/\\\/www.idermic.es\\\/wp-content\\\/uploads\\\/2025\\\/02\\\/Marta-Vilavella-en-Paris.jpg\",\"width\":900,\"height\":1125,\"caption\":\"Marta Vilavella asiste al IMCAS World Congress 2025.\"},{\"@type\":\"BreadcrumbList\",\"@id\":\"https:\\\/\\\/www.idermic.es\\\/es\\\/imcas-world-congress-2025-la-dra-marta-vilavella-asiste-a-este-prestigiosos-evento\\\/#breadcrumb\",\"itemListElement\":[{\"@type\":\"ListItem\",\"position\":1,\"name\":\"Inici\",\"item\":\"https:\\\/\\\/www.idermic.es\\\/es\\\/\"},{\"@type\":\"ListItem\",\"position\":2,\"name\":\"IMCAS World Congress 2025. La Dra. Marta Vilavella asiste a este prestigiosos evento\"}]},{\"@type\":\"WebSite\",\"@id\":\"https:\\\/\\\/www.idermic.es\\\/#website\",\"url\":\"https:\\\/\\\/www.idermic.es\\\/\",\"name\":\"Idermic. Dermatolog\u00eda en Terrassa\",\"description\":\"Dermatolog\u00eda, Medicina est\u00e9tica, Cirurg\u00eda Pl\u00e0stica\",\"publisher\":{\"@id\":\"https:\\\/\\\/www.idermic.es\\\/#organization\"},\"potentialAction\":[{\"@type\":\"SearchAction\",\"target\":{\"@type\":\"EntryPoint\",\"urlTemplate\":\"https:\\\/\\\/www.idermic.es\\\/?s={search_term_string}\"},\"query-input\":{\"@type\":\"PropertyValueSpecification\",\"valueRequired\":true,\"valueName\":\"search_term_string\"}}],\"inLanguage\":\"es\"},{\"@type\":\"Organization\",\"@id\":\"https:\\\/\\\/www.idermic.es\\\/#organization\",\"name\":\"Idermic. Dermatolog\u00eda en Terrassa\",\"url\":\"https:\\\/\\\/www.idermic.es\\\/\",\"logo\":{\"@type\":\"ImageObject\",\"inLanguage\":\"es\",\"@id\":\"https:\\\/\\\/www.idermic.es\\\/#\\\/schema\\\/logo\\\/image\\\/\",\"url\":\"https:\\\/\\\/www.idermic.es\\\/wp-content\\\/uploads\\\/2025\\\/10\\\/Logo-Idermic.jpg\",\"contentUrl\":\"https:\\\/\\\/www.idermic.es\\\/wp-content\\\/uploads\\\/2025\\\/10\\\/Logo-Idermic.jpg\",\"width\":501,\"height\":502,\"caption\":\"Idermic. Dermatolog\u00eda en Terrassa\"},\"image\":{\"@id\":\"https:\\\/\\\/www.idermic.es\\\/#\\\/schema\\\/logo\\\/image\\\/\"},\"sameAs\":[\"https:\\\/\\\/www.facebook.com\\\/Idermic\",\"https:\\\/\\\/x.com\\\/idermic\",\"https:\\\/\\\/www.instagram.com\\\/idermicclinic\\\/\",\"https:\\\/\\\/www.youtube.com\\\/channel\\\/UCyAHC9-p8lc6hr_nguO8p_g\"]},{\"@type\":\"Person\",\"@id\":\"https:\\\/\\\/www.idermic.es\\\/#\\\/schema\\\/person\\\/c12703027a878b23d3c71c87921a82f8\",\"name\":\"Equipo\",\"image\":{\"@type\":\"ImageObject\",\"inLanguage\":\"es\",\"@id\":\"https:\\\/\\\/secure.gravatar.com\\\/avatar\\\/7ca0be23248108c6b0887e0693b7dcf7764bd3503f84d1f04e6653ef7c3b9420?s=96&d=mm&r=g\",\"url\":\"https:\\\/\\\/secure.gravatar.com\\\/avatar\\\/7ca0be23248108c6b0887e0693b7dcf7764bd3503f84d1f04e6653ef7c3b9420?s=96&d=mm&r=g\",\"contentUrl\":\"https:\\\/\\\/secure.gravatar.com\\\/avatar\\\/7ca0be23248108c6b0887e0693b7dcf7764bd3503f84d1f04e6653ef7c3b9420?s=96&d=mm&r=g\",\"caption\":\"Equipo\"},\"description\":\"Equipo de Idermic\"}]}<\/script>\n<!-- \/ Yoast SEO plugin. -->","yoast_head_json":{"title":"IMCAS World Congress 2025. La Dra. Marta Vilavella asiste a este prestigiosos evento -","description":"La Dra. Marta Vilavella, especialista en dermatolog\u00eda est\u00e9tica, asistir\u00e1 al IMCAS World Congress 2025 que se celebra en Par\u00eds.","robots":{"index":"index","follow":"follow","max-snippet":"max-snippet:-1","max-image-preview":"max-image-preview:large","max-video-preview":"max-video-preview:-1"},"canonical":"https:\/\/www.idermic.es\/es\/imcas-world-congress-2025-la-dra-marta-vilavella-asiste-a-este-prestigiosos-evento\/","og_locale":"es_ES","og_type":"article","og_title":"IMCAS World Congress 2025. La Dra. Marta Vilavella asiste a este prestigiosos evento -","og_description":"La Dra. Marta Vilavella, especialista en dermatolog\u00eda est\u00e9tica, asistir\u00e1 al IMCAS World Congress 2025 que se celebra en Par\u00eds.","og_url":"https:\/\/www.idermic.es\/es\/imcas-world-congress-2025-la-dra-marta-vilavella-asiste-a-este-prestigiosos-evento\/","og_site_name":"Idermic. Dermatolog\u00eda en Terrassa","article_publisher":"https:\/\/www.facebook.com\/Idermic","article_published_time":"2025-02-06T09:31:13+00:00","article_modified_time":"2026-05-26T09:45:05+00:00","og_image":[{"width":900,"height":1125,"url":"https:\/\/www.idermic.es\/wp-content\/uploads\/2025\/02\/Marta-Vilavella-en-Paris.jpg","type":"image\/jpeg"}],"author":"Equipo","twitter_card":"summary_large_image","twitter_creator":"@idermic","twitter_site":"@idermic","twitter_misc":{"Escrito por":"Equipo","Tiempo de lectura":"4 minutos"},"schema":{"@context":"https:\/\/schema.org","@graph":[{"@type":"Article","@id":"https:\/\/www.idermic.es\/es\/imcas-world-congress-2025-la-dra-marta-vilavella-asiste-a-este-prestigiosos-evento\/#article","isPartOf":{"@id":"https:\/\/www.idermic.es\/es\/imcas-world-congress-2025-la-dra-marta-vilavella-asiste-a-este-prestigiosos-evento\/"},"author":{"name":"Equipo","@id":"https:\/\/www.idermic.es\/#\/schema\/person\/c12703027a878b23d3c71c87921a82f8"},"headline":"IMCAS World Congress 2025. La Dra. Marta Vilavella asiste a este prestigiosos evento","datePublished":"2025-02-06T09:31:13+00:00","dateModified":"2026-05-26T09:45:05+00:00","mainEntityOfPage":{"@id":"https:\/\/www.idermic.es\/es\/imcas-world-congress-2025-la-dra-marta-vilavella-asiste-a-este-prestigiosos-evento\/"},"wordCount":1931,"commentCount":0,"publisher":{"@id":"https:\/\/www.idermic.es\/#organization"},"image":{"@id":"https:\/\/www.idermic.es\/es\/imcas-world-congress-2025-la-dra-marta-vilavella-asiste-a-este-prestigiosos-evento\/#primaryimage"},"thumbnailUrl":"https:\/\/www.idermic.es\/wp-content\/uploads\/2025\/02\/Marta-Vilavella-en-Paris.jpg","keywords":["L\u00e1ser","piel","procedimientos faciales"],"articleSection":["Dermatolog\u00eda","Tecnolog\u00eda"],"inLanguage":"es","potentialAction":[{"@type":"CommentAction","name":"Comment","target":["https:\/\/www.idermic.es\/es\/imcas-world-congress-2025-la-dra-marta-vilavella-asiste-a-este-prestigiosos-evento\/#respond"]}]},{"@type":"WebPage","@id":"https:\/\/www.idermic.es\/es\/imcas-world-congress-2025-la-dra-marta-vilavella-asiste-a-este-prestigiosos-evento\/","url":"https:\/\/www.idermic.es\/es\/imcas-world-congress-2025-la-dra-marta-vilavella-asiste-a-este-prestigiosos-evento\/","name":"IMCAS World Congress 2025. La Dra. Marta Vilavella asiste a este prestigiosos evento -","isPartOf":{"@id":"https:\/\/www.idermic.es\/#website"},"primaryImageOfPage":{"@id":"https:\/\/www.idermic.es\/es\/imcas-world-congress-2025-la-dra-marta-vilavella-asiste-a-este-prestigiosos-evento\/#primaryimage"},"image":{"@id":"https:\/\/www.idermic.es\/es\/imcas-world-congress-2025-la-dra-marta-vilavella-asiste-a-este-prestigiosos-evento\/#primaryimage"},"thumbnailUrl":"https:\/\/www.idermic.es\/wp-content\/uploads\/2025\/02\/Marta-Vilavella-en-Paris.jpg","datePublished":"2025-02-06T09:31:13+00:00","dateModified":"2026-05-26T09:45:05+00:00","description":"La Dra. Marta Vilavella, especialista en dermatolog\u00eda est\u00e9tica, asistir\u00e1 al IMCAS World Congress 2025 que se celebra en Par\u00eds.","breadcrumb":{"@id":"https:\/\/www.idermic.es\/es\/imcas-world-congress-2025-la-dra-marta-vilavella-asiste-a-este-prestigiosos-evento\/#breadcrumb"},"inLanguage":"es","potentialAction":[{"@type":"ReadAction","target":["https:\/\/www.idermic.es\/es\/imcas-world-congress-2025-la-dra-marta-vilavella-asiste-a-este-prestigiosos-evento\/"]}]},{"@type":"ImageObject","inLanguage":"es","@id":"https:\/\/www.idermic.es\/es\/imcas-world-congress-2025-la-dra-marta-vilavella-asiste-a-este-prestigiosos-evento\/#primaryimage","url":"https:\/\/www.idermic.es\/wp-content\/uploads\/2025\/02\/Marta-Vilavella-en-Paris.jpg","contentUrl":"https:\/\/www.idermic.es\/wp-content\/uploads\/2025\/02\/Marta-Vilavella-en-Paris.jpg","width":900,"height":1125,"caption":"Marta Vilavella asiste al IMCAS World Congress 2025."},{"@type":"BreadcrumbList","@id":"https:\/\/www.idermic.es\/es\/imcas-world-congress-2025-la-dra-marta-vilavella-asiste-a-este-prestigiosos-evento\/#breadcrumb","itemListElement":[{"@type":"ListItem","position":1,"name":"Inici","item":"https:\/\/www.idermic.es\/es\/"},{"@type":"ListItem","position":2,"name":"IMCAS World Congress 2025. La Dra. Marta Vilavella asiste a este prestigiosos evento"}]},{"@type":"WebSite","@id":"https:\/\/www.idermic.es\/#website","url":"https:\/\/www.idermic.es\/","name":"Idermic. Dermatolog\u00eda en Terrassa","description":"Dermatolog\u00eda, Medicina est\u00e9tica, Cirurg\u00eda Pl\u00e0stica","publisher":{"@id":"https:\/\/www.idermic.es\/#organization"},"potentialAction":[{"@type":"SearchAction","target":{"@type":"EntryPoint","urlTemplate":"https:\/\/www.idermic.es\/?s={search_term_string}"},"query-input":{"@type":"PropertyValueSpecification","valueRequired":true,"valueName":"search_term_string"}}],"inLanguage":"es"},{"@type":"Organization","@id":"https:\/\/www.idermic.es\/#organization","name":"Idermic. Dermatolog\u00eda en Terrassa","url":"https:\/\/www.idermic.es\/","logo":{"@type":"ImageObject","inLanguage":"es","@id":"https:\/\/www.idermic.es\/#\/schema\/logo\/image\/","url":"https:\/\/www.idermic.es\/wp-content\/uploads\/2025\/10\/Logo-Idermic.jpg","contentUrl":"https:\/\/www.idermic.es\/wp-content\/uploads\/2025\/10\/Logo-Idermic.jpg","width":501,"height":502,"caption":"Idermic. Dermatolog\u00eda en Terrassa"},"image":{"@id":"https:\/\/www.idermic.es\/#\/schema\/logo\/image\/"},"sameAs":["https:\/\/www.facebook.com\/Idermic","https:\/\/x.com\/idermic","https:\/\/www.instagram.com\/idermicclinic\/","https:\/\/www.youtube.com\/channel\/UCyAHC9-p8lc6hr_nguO8p_g"]},{"@type":"Person","@id":"https:\/\/www.idermic.es\/#\/schema\/person\/c12703027a878b23d3c71c87921a82f8","name":"Equipo","image":{"@type":"ImageObject","inLanguage":"es","@id":"https:\/\/secure.gravatar.com\/avatar\/7ca0be23248108c6b0887e0693b7dcf7764bd3503f84d1f04e6653ef7c3b9420?s=96&d=mm&r=g","url":"https:\/\/secure.gravatar.com\/avatar\/7ca0be23248108c6b0887e0693b7dcf7764bd3503f84d1f04e6653ef7c3b9420?s=96&d=mm&r=g","contentUrl":"https:\/\/secure.gravatar.com\/avatar\/7ca0be23248108c6b0887e0693b7dcf7764bd3503f84d1f04e6653ef7c3b9420?s=96&d=mm&r=g","caption":"Equipo"},"description":"Equipo de Idermic"}]}},"_links":{"self":[{"href":"https:\/\/www.idermic.es\/es\/wp-json\/wp\/v2\/posts\/7131","targetHints":{"allow":["GET"]}}],"collection":[{"href":"https:\/\/www.idermic.es\/es\/wp-json\/wp\/v2\/posts"}],"about":[{"href":"https:\/\/www.idermic.es\/es\/wp-json\/wp\/v2\/types\/post"}],"author":[{"embeddable":true,"href":"https:\/\/www.idermic.es\/es\/wp-json\/wp\/v2\/users\/3"}],"replies":[{"embeddable":true,"href":"https:\/\/www.idermic.es\/es\/wp-json\/wp\/v2\/comments?post=7131"}],"version-history":[{"count":11,"href":"https:\/\/www.idermic.es\/es\/wp-json\/wp\/v2\/posts\/7131\/revisions"}],"predecessor-version":[{"id":9739,"href":"https:\/\/www.idermic.es\/es\/wp-json\/wp\/v2\/posts\/7131\/revisions\/9739"}],"wp:featuredmedia":[{"embeddable":true,"href":"https:\/\/www.idermic.es\/es\/wp-json\/wp\/v2\/media\/7133"}],"wp:attachment":[{"href":"https:\/\/www.idermic.es\/es\/wp-json\/wp\/v2\/media?parent=7131"}],"wp:term":[{"taxonomy":"category","embeddable":true,"href":"https:\/\/www.idermic.es\/es\/wp-json\/wp\/v2\/categories?post=7131"},{"taxonomy":"post_tag","embeddable":true,"href":"https:\/\/www.idermic.es\/es\/wp-json\/wp\/v2\/tags?post=7131"}],"curies":[{"name":"wp","href":"https:\/\/api.w.org\/{rel}","templated":true}]}}