{"id":7021,"date":"2025-01-29T10:31:47","date_gmt":"2025-01-29T10:31:47","guid":{"rendered":"https:\/\/www.idermic.es\/?p=7021"},"modified":"2026-05-27T07:27:59","modified_gmt":"2026-05-27T07:27:59","slug":"papula-fibrosa-nasal-eliminacion-con-laser-de-plasma","status":"publish","type":"post","link":"https:\/\/www.idermic.es\/es\/papula-fibrosa-nasal-eliminacion-con-laser-de-plasma\/","title":{"rendered":"P\u00e1pula fibrosa nasal: Eliminaci\u00f3n con l\u00e1ser de plasma"},"content":{"rendered":"<p><div class=\"fusion-fullwidth fullwidth-box fusion-builder-row-1 nonhundred-percent-fullwidth non-hundred-percent-height-scrolling\" style=\"--awb-border-radius-top-left:0px;--awb-border-radius-top-right:0px;--awb-border-radius-bottom-right:0px;--awb-border-radius-bottom-left:0px;--awb-flex-wrap:wrap;\" ><div class=\"fusion-builder-row fusion-row\"><div class=\"fusion-layout-column fusion_builder_column fusion-builder-column-0 fusion_builder_column_1_1 1_1 fusion-one-full fusion-column-first fusion-column-last\" style=\"--awb-bg-size:cover;\"><div class=\"fusion-column-wrapper fusion-flex-column-wrapper-legacy\"><div class=\"fusion-text fusion-text-1\"><h1 style=\"text-align: center;\">P\u00e1pula fibrosa nasal: Eliminaci\u00f3n con l\u00e1ser de plasma<\/h1>\n<\/div><div class=\"fusion-clearfix\"><\/div><\/div><\/div><\/div><\/div><div class=\"fusion-fullwidth fullwidth-box fusion-builder-row-2 nonhundred-percent-fullwidth non-hundred-percent-height-scrolling\" style=\"--awb-border-radius-top-left:0px;--awb-border-radius-top-right:0px;--awb-border-radius-bottom-right:0px;--awb-border-radius-bottom-left:0px;--awb-flex-wrap:wrap;\" ><div class=\"fusion-builder-row fusion-row\"><div class=\"fusion-layout-column fusion_builder_column fusion-builder-column-1 fusion_builder_column_2_3 2_3 fusion-two-third fusion-column-first\" style=\"--awb-bg-size:cover;width:66.666666666667%;width:calc(66.666666666667% - ( ( 4% ) * 0.66666666666667 ) );margin-right: 4%;\"><div class=\"fusion-column-wrapper fusion-flex-column-wrapper-legacy\"><div class=\"fusion-text fusion-text-2\"><p>La p\u00e1pula fibrosa nasal es una lesi\u00f3n cut\u00e1nea benigna que aparece con mayor frecuencia en la parte central de la nariz.<\/p>\n<p>Se trata de un peque\u00f1o n\u00f3dulo firme, de color carne o ligeramente rosado, que suele desarrollarse en la edad adulta.<\/p>\n<p>Aunque su aparici\u00f3n puede generar preocupaci\u00f3n est\u00e9tica, no representa un problema de salud grave.<\/p>\n<\/div><div class=\"fusion-clearfix\"><\/div><\/div><\/div><div class=\"fusion-layout-column fusion_builder_column fusion-builder-column-2 fusion_builder_column_1_3 1_3 fusion-one-third fusion-column-last\" style=\"--awb-bg-size:cover;width:33.333333333333%;width:calc(33.333333333333% - ( ( 4% ) * 0.33333333333333 ) );\"><div class=\"fusion-column-wrapper fusion-flex-column-wrapper-legacy\"><div class=\"fusion-image-element in-legacy-container\" style=\"--awb-caption-title-font-family:var(--h2_typography-font-family);--awb-caption-title-font-weight:var(--h2_typography-font-weight);--awb-caption-title-font-style:var(--h2_typography-font-style);--awb-caption-title-size:var(--h2_typography-font-size);--awb-caption-title-transform:var(--h2_typography-text-transform);--awb-caption-title-line-height:var(--h2_typography-line-height);--awb-caption-title-letter-spacing:var(--h2_typography-letter-spacing);\"><span class=\" fusion-imageframe imageframe-none imageframe-1 hover-type-none\"><img decoding=\"async\" width=\"188\" height=\"300\" alt=\"Eliminaci\u00f3n de la p\u00e1pula fibrosa nasal con l\u00e1ser de plasma Dermaplax.\" title=\"P\u00e1pula fibrosa nasal\" src=\"https:\/\/www.idermic.es\/wp-content\/uploads\/2025\/01\/Papula-fibrosa-nasal-1-188x300.jpg\" class=\"img-responsive wp-image-7030\" srcset=\"https:\/\/www.idermic.es\/wp-content\/uploads\/2025\/01\/Papula-fibrosa-nasal-1-200x319.jpg 200w, https:\/\/www.idermic.es\/wp-content\/uploads\/2025\/01\/Papula-fibrosa-nasal-1-400x638.jpg 400w, https:\/\/www.idermic.es\/wp-content\/uploads\/2025\/01\/Papula-fibrosa-nasal-1.jpg 467w\" sizes=\"(max-width: 800px) 100vw, 188px\" \/><\/span><\/div><div class=\"fusion-clearfix\"><\/div><\/div><\/div><\/div><\/div><div class=\"fusion-fullwidth fullwidth-box fusion-builder-row-3 nonhundred-percent-fullwidth non-hundred-percent-height-scrolling\" style=\"--awb-border-radius-top-left:0px;--awb-border-radius-top-right:0px;--awb-border-radius-bottom-right:0px;--awb-border-radius-bottom-left:0px;--awb-flex-wrap:wrap;\" ><div class=\"fusion-builder-row fusion-row\"><div class=\"fusion-layout-column fusion_builder_column fusion-builder-column-3 fusion_builder_column_1_1 1_1 fusion-one-full fusion-column-first fusion-column-last\" style=\"--awb-bg-size:cover;\"><div class=\"fusion-column-wrapper fusion-flex-column-wrapper-legacy\"><div class=\"fusion-sep-clear\"><\/div><div class=\"fusion-separator fusion-full-width-sep\" style=\"margin-left: auto;margin-right: auto;width:100%;\"><div class=\"fusion-separator-border sep-double\" style=\"--awb-height:20px;--awb-amount:20px;border-color:#e0dede;border-top-width:1px;border-bottom-width:1px;\"><\/div><\/div><div class=\"fusion-sep-clear\"><\/div><div class=\"fusion-clearfix\"><\/div><\/div><\/div><\/div><\/div><div class=\"fusion-fullwidth fullwidth-box fusion-builder-row-4 nonhundred-percent-fullwidth non-hundred-percent-height-scrolling\" style=\"--awb-border-radius-top-left:0px;--awb-border-radius-top-right:0px;--awb-border-radius-bottom-right:0px;--awb-border-radius-bottom-left:0px;--awb-flex-wrap:wrap;\" ><div class=\"fusion-builder-row fusion-row\"><div class=\"fusion-layout-column fusion_builder_column fusion-builder-column-4 fusion_builder_column_1_1 1_1 fusion-one-full fusion-column-first fusion-column-last\" style=\"--awb-bg-size:cover;\"><div class=\"fusion-column-wrapper fusion-flex-column-wrapper-legacy\"><div class=\"fusion-text fusion-text-3\"><h2>Causas y factores asociados<\/h2>\n<p>La p\u00e1pula fibrosa nasal es una lesi\u00f3n d\u00e9rmica benigna cuyo origen exacto no est\u00e1 completamente determinado. Sin embargo, se ha identificado que su formaci\u00f3n est\u00e1 relacionada con una proliferaci\u00f3n an\u00f3mala de fibroblastos en la dermis, lo que da lugar a un peque\u00f1o crecimiento nodular en la piel de la nariz. Este proceso no implica inflamaci\u00f3n ni malignidad, lo que confirma su naturaleza no cancer\u00edgena.<\/p>\n<h3>Factores gen\u00e9ticos y predisposici\u00f3n individual<\/h3>\n<p>Uno de los principales factores asociados a la aparici\u00f3n de la p\u00e1pula fibrosa nasal es la predisposici\u00f3n gen\u00e9tica. Se ha observado que algunas personas tienen mayor tendencia a desarrollar este tipo de lesiones cut\u00e1neas sin una causa aparente. En estos casos, la gen\u00e9tica puede influir en la actividad y regeneraci\u00f3n de los fibroblastos, las c\u00e9lulas responsables de la producci\u00f3n de col\u00e1geno y otros componentes de la matriz extracelular en la piel.<\/p>\n<p>A pesar de esta predisposici\u00f3n, la p\u00e1pula fibrosa nasal no es una afecci\u00f3n hereditaria en el sentido estricto. Es decir, no se transmite de generaci\u00f3n en generaci\u00f3n de manera obligatoria, pero s\u00ed puede haber cierta tendencia familiar a la formaci\u00f3n de p\u00e1pulas o lesiones d\u00e9rmicas benignas similares.<\/p>\n<h3>Relaci\u00f3n con el complejo de esclerosis tuberosa<\/h3>\n<p>Algunos estudios han encontrado una posible relaci\u00f3n entre la p\u00e1pula fibrosa nasal y el <strong>complejo de esclerosis tuberosa (CET)<\/strong>, una enfermedad gen\u00e9tica rara caracterizada por el crecimiento de tumores benignos en diversos \u00f3rganos, incluidos la piel, el cerebro, los ri\u00f1ones, los pulmones y el coraz\u00f3n.<\/p>\n<p>Dentro de las manifestaciones cut\u00e1neas del CET se encuentran los <strong>angiofibromas faciales<\/strong>, que pueden parecerse a las p\u00e1pulas fibrosas nasales. Sin embargo, los angiofibromas suelen presentarse en m\u00faltiples lesiones distribuidas en la nariz y las mejillas, mientras que la p\u00e1pula fibrosa nasal generalmente aparece como una lesi\u00f3n solitaria sin otras manifestaciones cl\u00ednicas asociadas.<\/p>\n<p>Es importante destacar que la mayor\u00eda de los casos de p\u00e1pula fibrosa nasal ocurren de manera aislada, sin relaci\u00f3n con enfermedades gen\u00e9ticas. Aun as\u00ed, cuando una persona presenta m\u00faltiples lesiones o signos adicionales que podr\u00edan sugerir CET, es recomendable una evaluaci\u00f3n dermatol\u00f3gica y gen\u00e9tica m\u00e1s detallada.<\/p>\n<h3>Factores ambientales y hormonales<\/h3>\n<p>Aunque la causa principal de la p\u00e1pula fibrosa nasal es la proliferaci\u00f3n de fibroblastos, algunos expertos sugieren que ciertos factores ambientales y hormonales podr\u00edan influir en su desarrollo:<\/p>\n<ul>\n<li><strong>Envejecimiento cut\u00e1neo:<\/strong> Se ha observado que la p\u00e1pula fibrosa nasal es m\u00e1s com\u00fan en adultos de mediana edad o mayores. Esto sugiere que los cambios en la piel asociados con el envejecimiento, como la disminuci\u00f3n del col\u00e1geno y la regeneraci\u00f3n celular m\u00e1s lenta, pueden favorecer su aparici\u00f3n.<\/li>\n<li><strong>Exposici\u00f3n solar:<\/strong> Aunque no se ha establecido un v\u00ednculo directo, la exposici\u00f3n prolongada al sol puede alterar la estructura de la piel y contribuir a la aparici\u00f3n de lesiones d\u00e9rmicas.<\/li>\n<li><strong>Factores hormonales:<\/strong> No hay evidencia concluyente, pero algunos especialistas han planteado que los cambios hormonales a lo largo de la vida pueden influir en la proliferaci\u00f3n de fibroblastos y la formaci\u00f3n de p\u00e1pulas.<\/li>\n<\/ul>\n<h2>S\u00edntomas y diagn\u00f3stico<\/h2>\n<p>Esta lesi\u00f3n se caracteriza por su aspecto redondeado, superficie lisa y ausencia de s\u00edntomas como dolor o picaz\u00f3n. Su diagn\u00f3stico se realiza de manera cl\u00ednica mediante la observaci\u00f3n del dermat\u00f3logo. En ocasiones, se puede requerir una biopsia para diferenciarla de otras lesiones cut\u00e1neas similares, como los angiofibromas o los nevos intrad\u00e9rmicos. Su diagn\u00f3stico es fundamentalmente cl\u00ednico, aunque en algunos casos puede ser necesario realizar estudios complementarios para diferenciarla de otras lesiones similares.<\/p>\n<h3>Caracter\u00edsticas cl\u00ednicas de la p\u00e1pula fibrosa nasal<\/h3>\n<p>Desde un punto de vista visual y t\u00e1ctil, la p\u00e1pula fibrosa nasal presenta una serie de rasgos distintivos que permiten su identificaci\u00f3n:<\/p>\n<ul>\n<li><strong>Forma y tama\u00f1o:<\/strong> Generalmente, es una lesi\u00f3n de peque\u00f1o tama\u00f1o (entre 2 y 5 mm de di\u00e1metro), con una morfolog\u00eda redondeada u ovalada.<\/li>\n<li><strong>Color:<\/strong> Su tonalidad suele variar entre el color carne, rosado o marr\u00f3n claro, dependiendo del tipo de piel de la persona.<\/li>\n<li><strong>Superficie:<\/strong> Se caracteriza por ser lisa o ligeramente elevada, con un contorno bien definido. No suele presentar escamas, ulceraciones ni signos de inflamaci\u00f3n.<\/li>\n<li><strong>Consistencia:<\/strong> Es una p\u00e1pula de consistencia firme y el\u00e1stica al tacto, sin cambios en la textura circundante de la piel.<\/li>\n<li><strong>Ausencia de s\u00edntomas:<\/strong> No provoca dolor, picaz\u00f3n ni sensibilidad, lo que la diferencia de otras lesiones dermatol\u00f3gicas de origen inflamatorio o infeccioso.<\/li>\n<\/ul>\n<h3>Diagn\u00f3stico cl\u00ednico: evaluaci\u00f3n por un especialista<\/h3>\n<p>El diagn\u00f3stico de la p\u00e1pula fibrosa nasal es eminentemente cl\u00ednico y se realiza mediante una evaluaci\u00f3n dermatol\u00f3gica basada en la inspecci\u00f3n visual y la palpaci\u00f3n de la lesi\u00f3n. Los dermat\u00f3logos experimentados pueden identificarla con precisi\u00f3n debido a sus caracter\u00edsticas distintivas.<\/p>\n<h4>T\u00e9cnicas auxiliares en el diagn\u00f3stico<\/h4>\n<p>En algunos casos, cuando la apariencia de la lesi\u00f3n genera dudas o se requiere una confirmaci\u00f3n adicional, el m\u00e9dico puede recurrir a m\u00e9todos diagn\u00f3sticos complementarios:<\/p>\n<ul>\n<li><strong>Dermatoscopia:<\/strong> Esta t\u00e9cnica no invasiva permite observar la lesi\u00f3n en detalle a trav\u00e9s de un dispositivo de aumento, lo que facilita la identificaci\u00f3n de patrones vasculares y estructuras internas caracter\u00edsticas de la p\u00e1pula fibrosa nasal.<\/li>\n<li><strong>Biopsia cut\u00e1nea:<\/strong> Si la lesi\u00f3n no presenta caracter\u00edsticas t\u00edpicas o existe la sospecha de otra afecci\u00f3n cut\u00e1nea, el dermat\u00f3logo puede optar por realizar una biopsia. Este procedimiento consiste en la extracci\u00f3n de una peque\u00f1a muestra de tejido que posteriormente ser\u00e1 analizada en un laboratorio de anatom\u00eda patol\u00f3gica.<\/li>\n<\/ul>\n<h3>Diagn\u00f3stico diferencial: lesiones similares a la p\u00e1pula fibrosa nasal<\/h3>\n<p>Debido a su apariencia, la p\u00e1pula fibrosa nasal puede confundirse con otras lesiones dermatol\u00f3gicas benignas. Es importante que un especialista realice el diagn\u00f3stico diferencial para evitar confusiones y determinar el abordaje adecuado. Algunas de las afecciones con las que puede ser comparada incluyen:<\/p>\n<ul>\n<li><strong>Angiofibromas:<\/strong> Son tumores benignos con una estructura fibrovascular similar a la p\u00e1pula fibrosa nasal, pero suelen presentarse en mayor n\u00famero y est\u00e1n asociados a enfermedades gen\u00e9ticas como la esclerosis tuberosa.<\/li>\n<li><strong>Nevos intrad\u00e9rmicos:<\/strong> Son lunares benignos de coloraci\u00f3n variable que pueden presentar una superficie lisa o levemente rugosa. Suelen ser m\u00e1s oscuros y pueden contener vello.<\/li>\n<li><strong>Hiperplasias seb\u00e1ceas:<\/strong> Peque\u00f1as protuberancias de color amarillo o piel, originadas por el crecimiento de las gl\u00e1ndulas seb\u00e1ceas. Se presentan con mayor frecuencia en la frente y la nariz.<\/li>\n<li><strong>Fibromas blandos:<\/strong> Son lesiones d\u00e9rmicas de consistencia m\u00e1s blanda, con una apariencia pediculada o colgante, y suelen localizarse en pliegues cut\u00e1neos.<\/li>\n<\/ul>\n<h3>Importancia del diagn\u00f3stico temprano<\/h3>\n<p>Si bien la p\u00e1pula fibrosa nasal no representa un riesgo para la salud, su correcto diagn\u00f3stico es clave para descartar lesiones de mayor relevancia cl\u00ednica. Ante la presencia de cualquier protuberancia en la piel de la nariz, es recomendable acudir a un dermat\u00f3logo para una evaluaci\u00f3n adecuada.<\/p>\n<p>En la mayor\u00eda de los casos, la confirmaci\u00f3n de la p\u00e1pula fibrosa nasal se realiza sin necesidad de pruebas invasivas y no requiere tratamiento, a menos que el paciente desee eliminarla por razones est\u00e9ticas.<\/p>\n<\/div><div class=\"fusion-clearfix\"><\/div><\/div><\/div><\/div><\/div><div class=\"fusion-fullwidth fullwidth-box fusion-builder-row-5 nonhundred-percent-fullwidth non-hundred-percent-height-scrolling\" style=\"--awb-border-radius-top-left:0px;--awb-border-radius-top-right:0px;--awb-border-radius-bottom-right:0px;--awb-border-radius-bottom-left:0px;--awb-flex-wrap:wrap;\" ><div class=\"fusion-builder-row fusion-row\"><div class=\"fusion-layout-column fusion_builder_column fusion-builder-column-5 fusion_builder_column_1_1 1_1 fusion-one-full fusion-column-first fusion-column-last\" style=\"--awb-bg-size:cover;\"><div class=\"fusion-column-wrapper fusion-flex-column-wrapper-legacy\"><div class=\"fusion-text fusion-text-4\"><h2>Tratamiento y opciones de eliminaci\u00f3n<\/h2>\n<p>La p\u00e1pula fibrosa nasal es una lesi\u00f3n benigna que no representa un riesgo para la salud y, en la mayor\u00eda de los casos, no requiere tratamiento m\u00e9dico. Sin embargo, muchas personas optan por su eliminaci\u00f3n por motivos est\u00e9ticos, especialmente si la lesi\u00f3n es prominente o se encuentra en un \u00e1rea muy visible del rostro.<\/p>\n<p>Existen varias opciones terap\u00e9uticas para eliminar la p\u00e1pula fibrosa nasal de manera segura y eficaz. La elecci\u00f3n del tratamiento depender\u00e1 de factores como el tama\u00f1o de la lesi\u00f3n, la preferencia del paciente y la recomendaci\u00f3n del dermat\u00f3logo.<\/p>\n<h3>Opciones de tratamiento para la p\u00e1pula fibrosa nasal<\/h3>\n<h4>1. L\u00e1ser de CO\u2082 o l\u00e1ser de erbio<\/h4>\n<p>Estos tratamientos son altamente efectivos y se consideran la opci\u00f3n m\u00e1s avanzada para la eliminaci\u00f3n de la p\u00e1pula fibrosa nasal. Funcionan mediante la vaporizaci\u00f3n controlada de la lesi\u00f3n sin da\u00f1ar la piel circundante.<\/p>\n<ul>\n<li><strong>L\u00e1ser de CO\u2082:<\/strong> Emite luz con una longitud de onda que es absorbida por el agua en las c\u00e9lulas de la piel, permitiendo la eliminaci\u00f3n precisa de la lesi\u00f3n con un m\u00ednimo impacto en los tejidos adyacentes.<\/li>\n<li><strong>L\u00e1ser de erbio:<\/strong> Produce una ablaci\u00f3n m\u00e1s superficial y con menor da\u00f1o t\u00e9rmico, lo que puede favorecer una recuperaci\u00f3n m\u00e1s r\u00e1pida en ciertos casos.<\/li>\n<\/ul>\n<p><strong>Ventajas:<\/strong><br \/>\n\u2714 Alta precisi\u00f3n y m\u00ednima afectaci\u00f3n de la piel circundante.<br \/>\n\u2714 Menor riesgo de cicatrizaci\u00f3n visible en comparaci\u00f3n con otros m\u00e9todos.<br \/>\n\u2714 Procedimiento r\u00e1pido con una recuperaci\u00f3n relativamente corta.<\/p>\n<p><strong>Desventajas:<\/strong><br \/>\n\u2718 Puede ser m\u00e1s costoso que otras opciones.<br \/>\n\u2718 Puede causar enrojecimiento temporal o costras leves durante la cicatrizaci\u00f3n.<\/p>\n<h4>2. Electrocauterizaci\u00f3n<\/h4>\n<p>La electrocauterizaci\u00f3n consiste en la aplicaci\u00f3n de corriente el\u00e9ctrica a trav\u00e9s de un electrodo fino para eliminar la p\u00e1pula fibrosa mediante calor. Este procedimiento es com\u00fan en dermatolog\u00eda para la eliminaci\u00f3n de diversas lesiones cut\u00e1neas.<\/p>\n<p><strong>Ventajas:<\/strong><br \/>\n\u2714 Procedimiento r\u00e1pido y efectivo.<br \/>\n\u2714 Baja posibilidad de recurrencia de la lesi\u00f3n.<\/p>\n<p><strong>Desventajas:<\/strong><br \/>\n\u2718 Puede causar molestias leves durante la aplicaci\u00f3n.<br \/>\n\u2718 Existe un ligero riesgo de hiperpigmentaci\u00f3n en pieles m\u00e1s oscuras.<\/p>\n<h4>3. Crioterapia<\/h4>\n<p>La crioterapia utiliza nitr\u00f3geno l\u00edquido a temperaturas extremadamente bajas para congelar la p\u00e1pula fibrosa y provocar su eliminaci\u00f3n gradual. La lesi\u00f3n suele desprenderse en unos d\u00edas tras la aplicaci\u00f3n.<\/p>\n<p><strong>Ventajas:<\/strong><br \/>\n\u2714 Procedimiento ambulatorio y de bajo costo.<br \/>\n\u2714 Generalmente no requiere anestesia local.<\/p>\n<p><strong>Desventajas:<\/strong><br \/>\n\u2718 Puede requerir varias sesiones para una eliminaci\u00f3n completa.<br \/>\n\u2718 Posible formaci\u00f3n de ampollas o cambios temporales en la pigmentaci\u00f3n.<\/p>\n<h4>4. Escisi\u00f3n quir\u00fargica<\/h4>\n<p>La escisi\u00f3n quir\u00fargica consiste en la extracci\u00f3n de la lesi\u00f3n con un bistur\u00ed bajo anestesia local. En algunos casos, se requieren puntos de sutura m\u00ednimos para cerrar la incisi\u00f3n.<\/p>\n<p><strong>Ventajas:<\/strong><br \/>\n\u2714 Garantiza la eliminaci\u00f3n total de la lesi\u00f3n.<br \/>\n\u2714 Permite un an\u00e1lisis histopatol\u00f3gico si se requiere una confirmaci\u00f3n diagn\u00f3stica.<\/p>\n<p><strong>Desventajas:<\/strong><br \/>\n\u2718 Mayor tiempo de recuperaci\u00f3n en comparaci\u00f3n con otros m\u00e9todos.<br \/>\n\u2718 Posible cicatrizaci\u00f3n m\u00e1s visible, dependiendo de la t\u00e9cnica utilizada.<\/p>\n<h2>Tratamiento con l\u00e1ser de plasma Dermaplax<\/h2>\n<h3>\u00bfQu\u00e9 es el l\u00e1ser de plasma Dermaplax?<\/h3>\n<p>El <strong>l\u00e1ser de plasma Dermaplax<\/strong> es una tecnolog\u00eda innovadora utilizada en dermatolog\u00eda est\u00e9tica para la eliminaci\u00f3n de diversas lesiones cut\u00e1neas, incluidas las p\u00e1pulas fibrosas nasales. A diferencia del l\u00e1ser convencional, el Dermaplax no emite luz, sino que genera un <strong>arco de plasma<\/strong> que act\u00faa sobre la piel sin necesidad de incisiones ni contacto directo.<\/p>\n<p>Este procedimiento se basa en la ionizaci\u00f3n de los gases presentes en el aire, creando un microplasma que sublima la capa superficial de la piel, eliminando la lesi\u00f3n de manera controlada y precisa.<\/p>\n<h3>Ventajas del tratamiento con Dermaplax<\/h3>\n<ul>\n<li><strong>T\u00e9cnica no invasiva:<\/strong> No requiere cortes ni incisiones, lo que reduce el riesgo de sangrado y cicatrizaci\u00f3n visible.<\/li>\n<li><strong>Alta precisi\u00f3n:<\/strong> Elimina \u00fanicamente la lesi\u00f3n sin afectar los tejidos circundantes.<\/li>\n<li><strong>Recuperaci\u00f3n r\u00e1pida:<\/strong> El proceso de cicatrizaci\u00f3n es relativamente corto en comparaci\u00f3n con otros m\u00e9todos.<\/li>\n<li><strong>M\u00ednimas molestias:<\/strong> Se utiliza anestesia t\u00f3pica para garantizar un procedimiento indoloro.<\/li>\n<\/ul>\n<h3>\u00bfC\u00f3mo es el procedimiento?<\/h3>\n<ol>\n<li><strong>Evaluaci\u00f3n previa:<\/strong> El dermat\u00f3logo examina la lesi\u00f3n y determina si el Dermaplax es adecuado para su eliminaci\u00f3n.<\/li>\n<li><strong>Preparaci\u00f3n:<\/strong> Se aplica una crema anest\u00e9sica para minimizar cualquier molestia.<\/li>\n<li><strong>Aplicaci\u00f3n del plasma:<\/strong> El dispositivo se aproxima a la piel sin tocarla, generando peque\u00f1os puntos de sublimaci\u00f3n que eliminan progresivamente la lesi\u00f3n.<\/li>\n<li><strong>Recuperaci\u00f3n:<\/strong> Se forma una peque\u00f1a costra en la zona tratada, que se desprende de manera natural en unos d\u00edas, dejando la piel renovada.<\/li>\n<\/ol>\n<h3>Cuidados post-tratamiento<\/h3>\n<p>Despu\u00e9s de la aplicaci\u00f3n del Dermaplax, es fundamental seguir ciertas recomendaciones para una recuperaci\u00f3n \u00f3ptima:<\/p>\n<p>\u2714 Evitar la exposici\u00f3n directa al sol y utilizar protector solar de amplio espectro.<br \/>\n\u2714 No manipular ni rascar la costra para evitar cicatrices.<br \/>\n\u2714 Aplicar cremas regeneradoras recomendadas por el dermat\u00f3logo.<br \/>\n\u2714 Mantener la zona limpia y seca para prevenir infecciones.<\/p>\n<h3>Resultados y efectividad<\/h3>\n<p>El tratamiento con Dermaplax ofrece excelentes resultados en la eliminaci\u00f3n de la p\u00e1pula fibrosa nasal, con una tasa de recurrencia muy baja. La piel tratada suele recuperar su tono natural en pocas semanas, proporcionando una soluci\u00f3n est\u00e9tica eficaz y de larga duraci\u00f3n.<\/p>\n<\/div><div class=\"fusion-clearfix\"><\/div><\/div><\/div><\/div><\/div><div class=\"fusion-fullwidth fullwidth-box fusion-builder-row-6 nonhundred-percent-fullwidth non-hundred-percent-height-scrolling\" style=\"--awb-border-radius-top-left:0px;--awb-border-radius-top-right:0px;--awb-border-radius-bottom-right:0px;--awb-border-radius-bottom-left:0px;--awb-flex-wrap:wrap;\" ><div class=\"fusion-builder-row fusion-row\"><div class=\"fusion-layout-column fusion_builder_column fusion-builder-column-6 fusion_builder_column_1_3 1_3 fusion-one-third fusion-column-first\" style=\"--awb-bg-size:cover;width:33.333333333333%;width:calc(33.333333333333% - ( ( 4% + 4% ) * 0.33333333333333 ) );margin-right: 4%;\"><div class=\"fusion-column-wrapper fusion-flex-column-wrapper-legacy\"><div class=\"fusion-image-element in-legacy-container\" style=\"--awb-caption-title-font-family:var(--h2_typography-font-family);--awb-caption-title-font-weight:var(--h2_typography-font-weight);--awb-caption-title-font-style:var(--h2_typography-font-style);--awb-caption-title-size:var(--h2_typography-font-size);--awb-caption-title-transform:var(--h2_typography-text-transform);--awb-caption-title-line-height:var(--h2_typography-line-height);--awb-caption-title-letter-spacing:var(--h2_typography-letter-spacing);\"><span class=\" fusion-imageframe imageframe-none imageframe-2 hover-type-none\"><img decoding=\"async\" width=\"185\" height=\"300\" alt=\"Eliminaci\u00f3n de la p\u00e1pula fibrosa nasal con l\u00e1ser de plasma Dermaplax.\" title=\"P\u00e1pula fibrosa nasal\" src=\"https:\/\/www.idermic.es\/wp-content\/uploads\/2025\/01\/Papula-fibrosa-nasal-2-185x300.jpg\" class=\"img-responsive wp-image-7028\" srcset=\"https:\/\/www.idermic.es\/wp-content\/uploads\/2025\/01\/Papula-fibrosa-nasal-2-200x324.jpg 200w, https:\/\/www.idermic.es\/wp-content\/uploads\/2025\/01\/Papula-fibrosa-nasal-2-400x648.jpg 400w, https:\/\/www.idermic.es\/wp-content\/uploads\/2025\/01\/Papula-fibrosa-nasal-2.jpg 463w\" sizes=\"(max-width: 800px) 100vw, 185px\" \/><\/span><\/div><div class=\"fusion-clearfix\"><\/div><\/div><\/div><div class=\"fusion-layout-column fusion_builder_column fusion-builder-column-7 fusion_builder_column_1_3 1_3 fusion-one-third\" style=\"--awb-bg-size:cover;width:33.333333333333%;width:calc(33.333333333333% - ( ( 4% + 4% ) * 0.33333333333333 ) );margin-right: 4%;\"><div class=\"fusion-column-wrapper fusion-flex-column-wrapper-legacy\"><div class=\"fusion-image-element in-legacy-container\" style=\"--awb-caption-title-font-family:var(--h2_typography-font-family);--awb-caption-title-font-weight:var(--h2_typography-font-weight);--awb-caption-title-font-style:var(--h2_typography-font-style);--awb-caption-title-size:var(--h2_typography-font-size);--awb-caption-title-transform:var(--h2_typography-text-transform);--awb-caption-title-line-height:var(--h2_typography-line-height);--awb-caption-title-letter-spacing:var(--h2_typography-letter-spacing);\"><span class=\" fusion-imageframe imageframe-none imageframe-3 hover-type-none\"><img decoding=\"async\" width=\"186\" height=\"300\" alt=\"Eliminaci\u00f3n de la p\u00e1pula fibrosa nasal con l\u00e1ser de plasma Dermaplax.\" title=\"P\u00e1pula fibrosa nasal\" src=\"https:\/\/www.idermic.es\/wp-content\/uploads\/2025\/01\/Papula-fibrosa-nasal-3-186x300.jpg\" class=\"img-responsive wp-image-7026\" srcset=\"https:\/\/www.idermic.es\/wp-content\/uploads\/2025\/01\/Papula-fibrosa-nasal-3-200x323.jpg 200w, https:\/\/www.idermic.es\/wp-content\/uploads\/2025\/01\/Papula-fibrosa-nasal-3-400x645.jpg 400w, https:\/\/www.idermic.es\/wp-content\/uploads\/2025\/01\/Papula-fibrosa-nasal-3.jpg 462w\" sizes=\"(max-width: 800px) 100vw, 186px\" \/><\/span><\/div><div class=\"fusion-clearfix\"><\/div><\/div><\/div><div class=\"fusion-layout-column fusion_builder_column fusion-builder-column-8 fusion_builder_column_1_3 1_3 fusion-one-third fusion-column-last\" style=\"--awb-bg-size:cover;width:33.333333333333%;width:calc(33.333333333333% - ( ( 4% + 4% ) * 0.33333333333333 ) );\"><div class=\"fusion-column-wrapper fusion-flex-column-wrapper-legacy\"><div class=\"fusion-image-element in-legacy-container\" style=\"--awb-caption-title-font-family:var(--h2_typography-font-family);--awb-caption-title-font-weight:var(--h2_typography-font-weight);--awb-caption-title-font-style:var(--h2_typography-font-style);--awb-caption-title-size:var(--h2_typography-font-size);--awb-caption-title-transform:var(--h2_typography-text-transform);--awb-caption-title-line-height:var(--h2_typography-line-height);--awb-caption-title-letter-spacing:var(--h2_typography-letter-spacing);\"><span class=\" fusion-imageframe imageframe-none imageframe-4 hover-type-none\"><img decoding=\"async\" width=\"184\" height=\"300\" alt=\"Eliminaci\u00f3n de la p\u00e1pula fibrosa nasal con l\u00e1ser de plasma Dermaplax.\" title=\"P\u00e1pula fibrosa nasal\" src=\"https:\/\/www.idermic.es\/wp-content\/uploads\/2025\/01\/Papula-fibrosa-nasal-4-184x300.jpg\" class=\"img-responsive wp-image-7024\" srcset=\"https:\/\/www.idermic.es\/wp-content\/uploads\/2025\/01\/Papula-fibrosa-nasal-4-200x325.jpg 200w, https:\/\/www.idermic.es\/wp-content\/uploads\/2025\/01\/Papula-fibrosa-nasal-4-400x651.jpg 400w, https:\/\/www.idermic.es\/wp-content\/uploads\/2025\/01\/Papula-fibrosa-nasal-4.jpg 461w\" sizes=\"(max-width: 800px) 100vw, 184px\" \/><\/span><\/div><div class=\"fusion-clearfix\"><\/div><\/div><\/div><\/div><\/div><div class=\"fusion-fullwidth fullwidth-box fusion-builder-row-7 nonhundred-percent-fullwidth non-hundred-percent-height-scrolling\" style=\"--awb-border-radius-top-left:0px;--awb-border-radius-top-right:0px;--awb-border-radius-bottom-right:0px;--awb-border-radius-bottom-left:0px;--awb-flex-wrap:wrap;\" ><div class=\"fusion-builder-row fusion-row\"><div class=\"fusion-layout-column fusion_builder_column fusion-builder-column-9 fusion_builder_column_1_1 1_1 fusion-one-full fusion-column-first fusion-column-last\" style=\"--awb-bg-size:cover;\"><div class=\"fusion-column-wrapper fusion-flex-column-wrapper-legacy\"><div class=\"fusion-sep-clear\"><\/div><div class=\"fusion-separator fusion-full-width-sep\" style=\"margin-left: auto;margin-right: auto;width:100%;\"><div class=\"fusion-separator-border sep-double\" style=\"--awb-height:20px;--awb-amount:20px;border-color:#e0dede;border-top-width:1px;border-bottom-width:1px;\"><\/div><\/div><div class=\"fusion-sep-clear\"><\/div><div class=\"fusion-clearfix\"><\/div><\/div><\/div><\/div><\/div><div class=\"fusion-fullwidth fullwidth-box fusion-builder-row-8 nonhundred-percent-fullwidth non-hundred-percent-height-scrolling\" style=\"--awb-border-radius-top-left:0px;--awb-border-radius-top-right:0px;--awb-border-radius-bottom-right:0px;--awb-border-radius-bottom-left:0px;--awb-flex-wrap:wrap;\" ><div class=\"fusion-builder-row fusion-row\"><div class=\"fusion-layout-column fusion_builder_column fusion-builder-column-10 fusion_builder_column_1_1 1_1 fusion-one-full fusion-column-first fusion-column-last\" style=\"--awb-bg-size:cover;\"><div class=\"fusion-column-wrapper fusion-flex-column-wrapper-legacy\"><div class=\"fusion-text fusion-text-5\"><p>Por consiguiente, la p\u00e1pula fibrosa nasal es una lesi\u00f3n benigna cuya causa exacta no est\u00e1 completamente determinada. No obstante, se ha identificado que la predisposici\u00f3n gen\u00e9tica, el envejecimiento cut\u00e1neo y, en algunos casos, enfermedades como la esclerosis tuberosa pueden estar relacionadas con su aparici\u00f3n. Aunque no representa un riesgo para la salud, su diagn\u00f3stico debe ser realizado por un dermat\u00f3logo para descartar otras afecciones similares y determinar si es necesario alg\u00fan tipo de tratamiento.<\/p>\n<p>Para cualquier consulta sobre eliminaci\u00f3n de la p\u00e1pula fibrosa nasal y sus posibles tratamientos, en Idermic, tu <a href=\"http:\/\/idermic.es\/\">dermat\u00f3logo en Terrassa<\/a> estaremos encantados de atenderte.<\/p>\n<\/div><div class=\"fusion-clearfix\"><\/div><\/div><\/div><\/div><\/div><div class=\"fusion-fullwidth fullwidth-box fusion-builder-row-9 nonhundred-percent-fullwidth non-hundred-percent-height-scrolling\" style=\"--awb-border-radius-top-left:0px;--awb-border-radius-top-right:0px;--awb-border-radius-bottom-right:0px;--awb-border-radius-bottom-left:0px;--awb-flex-wrap:wrap;\" ><div class=\"fusion-builder-row fusion-row\"><div class=\"fusion-layout-column fusion_builder_column fusion-builder-column-11 fusion_builder_column_1_1 1_1 fusion-one-full fusion-column-first fusion-column-last\" style=\"--awb-bg-size:cover;\"><div class=\"fusion-column-wrapper fusion-flex-column-wrapper-legacy\"><div class=\"fusion-video fusion-youtube\" style=\"--awb-max-width:600px;--awb-max-height:360px;\"><div class=\"video-shortcode\"><div class=\"fluid-width-video-wrapper\" style=\"padding-top:60%;\" ><iframe title=\"YouTube video player 1\" src=\"https:\/\/www.youtube.com\/embed\/sXAgFcOphQQ?wmode=transparent&autoplay=0\" width=\"600\" height=\"360\" allowfullscreen allow=\"autoplay; clipboard-write; encrypted-media; gyroscope; picture-in-picture;\"><\/iframe><\/div><\/div><\/div><div class=\"fusion-clearfix\"><\/div><\/div><\/div><\/div><\/div><div class=\"fusion-fullwidth fullwidth-box fusion-builder-row-10 nonhundred-percent-fullwidth non-hundred-percent-height-scrolling\" style=\"--awb-border-radius-top-left:0px;--awb-border-radius-top-right:0px;--awb-border-radius-bottom-right:0px;--awb-border-radius-bottom-left:0px;--awb-flex-wrap:wrap;\" ><div class=\"fusion-builder-row fusion-row\"><div class=\"fusion-layout-column fusion_builder_column fusion-builder-column-12 fusion_builder_column_1_1 1_1 fusion-one-full fusion-column-first fusion-column-last\" style=\"--awb-bg-size:cover;\"><div class=\"fusion-column-wrapper fusion-flex-column-wrapper-legacy\"><div class=\"fusion-sep-clear\"><\/div><div class=\"fusion-separator fusion-full-width-sep\" style=\"margin-left: auto;margin-right: auto;width:100%;\"><div class=\"fusion-separator-border sep-double\" style=\"--awb-height:20px;--awb-amount:20px;border-color:#e0dede;border-top-width:1px;border-bottom-width:1px;\"><\/div><\/div><div class=\"fusion-sep-clear\"><\/div><div class=\"fusion-clearfix\"><\/div><\/div><\/div><\/div><\/div><div class=\"fusion-fullwidth fullwidth-box fusion-builder-row-11 nonhundred-percent-fullwidth non-hundred-percent-height-scrolling\" style=\"--awb-border-radius-top-left:0px;--awb-border-radius-top-right:0px;--awb-border-radius-bottom-right:0px;--awb-border-radius-bottom-left:0px;--awb-flex-wrap:wrap;\" ><div class=\"fusion-builder-row fusion-row\"><div class=\"fusion-layout-column fusion_builder_column fusion-builder-column-13 fusion_builder_column_1_1 1_1 fusion-one-full fusion-column-first fusion-column-last\" style=\"--awb-bg-size:cover;\"><div class=\"fusion-column-wrapper fusion-flex-column-wrapper-legacy\"><blockquote class=\"instagram-media\" data-instgrm-captioned data-instgrm-permalink=\"https:\/\/www.instagram.com\/reel\/C9kNz5RthHe\/?utm_source=ig_embed&utm_campaign=loading\" data-instgrm-version=\"14\" style=\" background:#FFF; border:0; border-radius:3px; box-shadow:0 0 1px 0 rgba(0,0,0,0.5),0 1px 10px 0 rgba(0,0,0,0.15); margin: 1px; max-width:540px; min-width:326px; padding:0; width:99.375%; width:-webkit-calc(100% - 2px); width:calc(100% - 2px);\"><div style=\"padding:16px;\"> <a href=\"https:\/\/www.instagram.com\/reel\/C9kNz5RthHe\/?utm_source=ig_embed&utm_campaign=loading\" style=\" background:#FFFFFF; line-height:0; padding:0 0; text-align:center; text-decoration:none; width:100%;\" target=\"_blank\"> <div style=\" display: flex; flex-direction: row; align-items: center;\"> <div style=\"background-color: #F4F4F4; border-radius: 50%; flex-grow: 0; height: 40px; margin-right: 14px; width: 40px;\"><\/div> <div style=\"display: flex; flex-direction: column; flex-grow: 1; justify-content: center;\"> <div style=\" background-color: #F4F4F4; border-radius: 4px; flex-grow: 0; height: 14px; margin-bottom: 6px; width: 100px;\"><\/div> <div style=\" background-color: #F4F4F4; border-radius: 4px; flex-grow: 0; height: 14px; width: 60px;\"><\/div><\/div><\/div><div style=\"padding: 19% 0;\"><\/div> <div style=\"display:block; height:50px; margin:0 auto 12px; width:50px;\"><svg width=\"50px\" height=\"50px\" viewBox=\"0 0 60 60\" version=\"1.1\" xmlns=\"https:\/\/www.w3.org\/2000\/svg\" xmlns:xlink=\"https:\/\/www.w3.org\/1999\/xlink\"><g stroke=\"none\" stroke-width=\"1\" fill=\"none\" fill-rule=\"evenodd\"><g transform=\"translate(-511.000000, -20.000000)\" fill=\"#000000\"><g><path d=\"M556.869,30.41 C554.814,30.41 553.148,32.076 553.148,34.131 C553.148,36.186 554.814,37.852 556.869,37.852 C558.924,37.852 560.59,36.186 560.59,34.131 C560.59,32.076 558.924,30.41 556.869,30.41 M541,60.657 C535.114,60.657 530.342,55.887 530.342,50 C530.342,44.114 535.114,39.342 541,39.342 C546.887,39.342 551.658,44.114 551.658,50 C551.658,55.887 546.887,60.657 541,60.657 M541,33.886 C532.1,33.886 524.886,41.1 524.886,50 C524.886,58.899 532.1,66.113 541,66.113 C549.9,66.113 557.115,58.899 557.115,50 C557.115,41.1 549.9,33.886 541,33.886 M565.378,62.101 C565.244,65.022 564.756,66.606 564.346,67.663 C563.803,69.06 563.154,70.057 562.106,71.106 C561.058,72.155 560.06,72.803 558.662,73.347 C557.607,73.757 556.021,74.244 553.102,74.378 C549.944,74.521 548.997,74.552 541,74.552 C533.003,74.552 532.056,74.521 528.898,74.378 C525.979,74.244 524.393,73.757 523.338,73.347 C521.94,72.803 520.942,72.155 519.894,71.106 C518.846,70.057 518.197,69.06 517.654,67.663 C517.244,66.606 516.755,65.022 516.623,62.101 C516.479,58.943 516.448,57.996 516.448,50 C516.448,42.003 516.479,41.056 516.623,37.899 C516.755,34.978 517.244,33.391 517.654,32.338 C518.197,30.938 518.846,29.942 519.894,28.894 C520.942,27.846 521.94,27.196 523.338,26.654 C524.393,26.244 525.979,25.756 528.898,25.623 C532.057,25.479 533.004,25.448 541,25.448 C548.997,25.448 549.943,25.479 553.102,25.623 C556.021,25.756 557.607,26.244 558.662,26.654 C560.06,27.196 561.058,27.846 562.106,28.894 C563.154,29.942 563.803,30.938 564.346,32.338 C564.756,33.391 565.244,34.978 565.378,37.899 C565.522,41.056 565.552,42.003 565.552,50 C565.552,57.996 565.522,58.943 565.378,62.101 M570.82,37.631 C570.674,34.438 570.167,32.258 569.425,30.349 C568.659,28.377 567.633,26.702 565.965,25.035 C564.297,23.368 562.623,22.342 560.652,21.575 C558.743,20.834 556.562,20.326 553.369,20.18 C550.169,20.033 549.148,20 541,20 C532.853,20 531.831,20.033 528.631,20.18 C525.438,20.326 523.257,20.834 521.349,21.575 C519.376,22.342 517.703,23.368 516.035,25.035 C514.368,26.702 513.342,28.377 512.574,30.349 C511.834,32.258 511.326,34.438 511.181,37.631 C511.035,40.831 511,41.851 511,50 C511,58.147 511.035,59.17 511.181,62.369 C511.326,65.562 511.834,67.743 512.574,69.651 C513.342,71.625 514.368,73.296 516.035,74.965 C517.703,76.634 519.376,77.658 521.349,78.425 C523.257,79.167 525.438,79.673 528.631,79.82 C531.831,79.965 532.853,80.001 541,80.001 C549.148,80.001 550.169,79.965 553.369,79.82 C556.562,79.673 558.743,79.167 560.652,78.425 C562.623,77.658 564.297,76.634 565.965,74.965 C567.633,73.296 568.659,71.625 569.425,69.651 C570.167,67.743 570.674,65.562 570.82,62.369 C570.966,59.17 571,58.147 571,50 C571,41.851 570.966,40.831 570.82,37.631\"><\/path><\/g><\/g><\/g><\/svg><\/div><div style=\"padding-top: 8px;\"> <div style=\" color:#3897f0; font-family:Arial,sans-serif; font-size:14px; font-style:normal; font-weight:550; line-height:18px;\">Ver esta publicaci\u00f3n en Instagram<\/div><\/div><div style=\"padding: 12.5% 0;\"><\/div> <div style=\"display: flex; flex-direction: row; margin-bottom: 14px; align-items: center;\"><div> <div style=\"background-color: #F4F4F4; border-radius: 50%; height: 12.5px; width: 12.5px; transform: translateX(0px) translateY(7px);\"><\/div> <div style=\"background-color: #F4F4F4; height: 12.5px; transform: rotate(-45deg) translateX(3px) translateY(1px); width: 12.5px; flex-grow: 0; margin-right: 14px; margin-left: 2px;\"><\/div> <div style=\"background-color: #F4F4F4; border-radius: 50%; height: 12.5px; width: 12.5px; transform: translateX(9px) translateY(-18px);\"><\/div><\/div><div style=\"margin-left: 8px;\"> <div style=\" background-color: #F4F4F4; border-radius: 50%; flex-grow: 0; height: 20px; width: 20px;\"><\/div> <div style=\" width: 0; height: 0; border-top: 2px solid transparent; border-left: 6px solid #f4f4f4; border-bottom: 2px solid transparent; transform: translateX(16px) translateY(-4px) rotate(30deg)\"><\/div><\/div><div style=\"margin-left: auto;\"> <div style=\" width: 0px; border-top: 8px solid #F4F4F4; border-right: 8px solid transparent; transform: translateY(16px);\"><\/div> <div style=\" background-color: #F4F4F4; flex-grow: 0; height: 12px; width: 16px; transform: translateY(-4px);\"><\/div> <div style=\" width: 0; height: 0; border-top: 8px solid #F4F4F4; border-left: 8px solid transparent; transform: translateY(-4px) translateX(8px);\"><\/div><\/div><\/div> <div style=\"display: flex; flex-direction: column; flex-grow: 1; justify-content: center; margin-bottom: 24px;\"> <div style=\" background-color: #F4F4F4; border-radius: 4px; flex-grow: 0; height: 14px; margin-bottom: 6px; width: 224px;\"><\/div> <div style=\" background-color: #F4F4F4; border-radius: 4px; flex-grow: 0; height: 14px; width: 144px;\"><\/div><\/div><\/a><p style=\" color:#c9c8cd; font-family:Arial,sans-serif; font-size:14px; line-height:17px; margin-bottom:0; margin-top:8px; overflow:hidden; padding:8px 0 7px; text-align:center; text-overflow:ellipsis; white-space:nowrap;\"><a href=\"https:\/\/www.instagram.com\/reel\/C9kNz5RthHe\/?utm_source=ig_embed&utm_campaign=loading\" style=\" color:#c9c8cd; font-family:Arial,sans-serif; font-size:14px; font-style:normal; font-weight:normal; line-height:17px; text-decoration:none;\" target=\"_blank\">Una publicaci\u00f3n compartida de Dermatolog\u00eda m\u00e9dica y est\u00e9tica (@idermicclinic)<\/a><\/p><\/div><\/blockquote>\n<script async src=\"\/\/www.instagram.com\/embed.js\"><\/script><div class=\"fusion-clearfix\"><\/div><\/div><\/div><\/div><\/div><\/p>\n","protected":false},"excerpt":{"rendered":"<p>Conoce la p\u00e1pula fibrosa nasal: qu\u00e9 es, c\u00f3mo se diagnostica y el tratamiento eficaz con l\u00e1ser de plasma Dermaplax.<\/p>\n","protected":false},"author":3,"featured_media":7030,"comment_status":"open","ping_status":"closed","sticky":false,"template":"","format":"standard","meta":{"_joinchat":[],"footnotes":""},"categories":[52],"tags":[45,104,108],"class_list":["post-7021","post","type-post","status-publish","format-standard","has-post-thumbnail","hentry","category-dermatologia","tag-laser","tag-piel","tag-procedimientos-faciales"],"yoast_head":"<!-- This site is optimized with the Yoast SEO plugin v28.4 - https:\/\/yoast.com\/product\/yoast-seo-wordpress\/ -->\n<title>P\u00e1pula fibrosa nasal: Eliminaci\u00f3n con l\u00e1ser de plasma -<\/title>\n<meta name=\"description\" content=\"Conoce la p\u00e1pula fibrosa nasal: qu\u00e9 es, c\u00f3mo se diagnostica y el tratamiento eficaz con l\u00e1ser de plasma Dermaplax.\" \/>\n<meta name=\"robots\" content=\"index, follow, max-snippet:-1, max-image-preview:large, max-video-preview:-1\" \/>\n<link rel=\"canonical\" href=\"https:\/\/www.idermic.es\/es\/papula-fibrosa-nasal-eliminacion-con-laser-de-plasma\/\" \/>\n<meta property=\"og:locale\" content=\"es_ES\" \/>\n<meta property=\"og:type\" content=\"article\" \/>\n<meta property=\"og:title\" content=\"P\u00e1pula fibrosa nasal: Eliminaci\u00f3n con l\u00e1ser de plasma -\" \/>\n<meta property=\"og:description\" content=\"Conoce la p\u00e1pula fibrosa nasal: qu\u00e9 es, c\u00f3mo se diagnostica y el tratamiento eficaz con l\u00e1ser de plasma Dermaplax.\" \/>\n<meta property=\"og:url\" content=\"https:\/\/www.idermic.es\/es\/papula-fibrosa-nasal-eliminacion-con-laser-de-plasma\/\" \/>\n<meta property=\"og:site_name\" content=\"Idermic. Dermatolog\u00eda en Terrassa\" \/>\n<meta property=\"article:publisher\" content=\"https:\/\/www.facebook.com\/Idermic\" \/>\n<meta property=\"article:published_time\" content=\"2025-01-29T10:31:47+00:00\" \/>\n<meta property=\"article:modified_time\" content=\"2026-05-27T07:27:59+00:00\" \/>\n<meta property=\"og:image\" content=\"https:\/\/www.idermic.es\/wp-content\/uploads\/2025\/01\/Papula-fibrosa-nasal-1.jpg\" \/>\n\t<meta property=\"og:image:width\" content=\"467\" \/>\n\t<meta property=\"og:image:height\" content=\"745\" \/>\n\t<meta property=\"og:image:type\" content=\"image\/jpeg\" \/>\n<meta name=\"author\" content=\"Equipo\" \/>\n<meta name=\"twitter:card\" content=\"summary_large_image\" \/>\n<meta name=\"twitter:creator\" content=\"@idermic\" \/>\n<meta name=\"twitter:site\" content=\"@idermic\" \/>\n<meta name=\"twitter:label1\" content=\"Escrito por\" \/>\n\t<meta name=\"twitter:data1\" content=\"Equipo\" \/>\n\t<meta name=\"twitter:label2\" content=\"Tiempo de lectura\" \/>\n\t<meta name=\"twitter:data2\" content=\"13 minutos\" \/>\n<script type=\"application\/ld+json\" class=\"yoast-schema-graph\">{\"@context\":\"https:\\\/\\\/schema.org\",\"@graph\":[{\"@type\":\"Article\",\"@id\":\"https:\\\/\\\/www.idermic.es\\\/es\\\/papula-fibrosa-nasal-eliminacion-con-laser-de-plasma\\\/#article\",\"isPartOf\":{\"@id\":\"https:\\\/\\\/www.idermic.es\\\/es\\\/papula-fibrosa-nasal-eliminacion-con-laser-de-plasma\\\/\"},\"author\":{\"name\":\"Equipo\",\"@id\":\"https:\\\/\\\/www.idermic.es\\\/#\\\/schema\\\/person\\\/c12703027a878b23d3c71c87921a82f8\"},\"headline\":\"P\u00e1pula fibrosa nasal: Eliminaci\u00f3n con l\u00e1ser de plasma\",\"datePublished\":\"2025-01-29T10:31:47+00:00\",\"dateModified\":\"2026-05-27T07:27:59+00:00\",\"mainEntityOfPage\":{\"@id\":\"https:\\\/\\\/www.idermic.es\\\/es\\\/papula-fibrosa-nasal-eliminacion-con-laser-de-plasma\\\/\"},\"wordCount\":6664,\"commentCount\":0,\"publisher\":{\"@id\":\"https:\\\/\\\/www.idermic.es\\\/#organization\"},\"image\":{\"@id\":\"https:\\\/\\\/www.idermic.es\\\/es\\\/papula-fibrosa-nasal-eliminacion-con-laser-de-plasma\\\/#primaryimage\"},\"thumbnailUrl\":\"https:\\\/\\\/www.idermic.es\\\/wp-content\\\/uploads\\\/2025\\\/01\\\/Papula-fibrosa-nasal-1.jpg\",\"keywords\":[\"L\u00e1ser\",\"piel\",\"procedimientos faciales\"],\"articleSection\":[\"Dermatolog\u00eda\"],\"inLanguage\":\"es\",\"potentialAction\":[{\"@type\":\"CommentAction\",\"name\":\"Comment\",\"target\":[\"https:\\\/\\\/www.idermic.es\\\/es\\\/papula-fibrosa-nasal-eliminacion-con-laser-de-plasma\\\/#respond\"]}]},{\"@type\":\"WebPage\",\"@id\":\"https:\\\/\\\/www.idermic.es\\\/es\\\/papula-fibrosa-nasal-eliminacion-con-laser-de-plasma\\\/\",\"url\":\"https:\\\/\\\/www.idermic.es\\\/es\\\/papula-fibrosa-nasal-eliminacion-con-laser-de-plasma\\\/\",\"name\":\"P\u00e1pula fibrosa nasal: Eliminaci\u00f3n con l\u00e1ser de plasma -\",\"isPartOf\":{\"@id\":\"https:\\\/\\\/www.idermic.es\\\/#website\"},\"primaryImageOfPage\":{\"@id\":\"https:\\\/\\\/www.idermic.es\\\/es\\\/papula-fibrosa-nasal-eliminacion-con-laser-de-plasma\\\/#primaryimage\"},\"image\":{\"@id\":\"https:\\\/\\\/www.idermic.es\\\/es\\\/papula-fibrosa-nasal-eliminacion-con-laser-de-plasma\\\/#primaryimage\"},\"thumbnailUrl\":\"https:\\\/\\\/www.idermic.es\\\/wp-content\\\/uploads\\\/2025\\\/01\\\/Papula-fibrosa-nasal-1.jpg\",\"datePublished\":\"2025-01-29T10:31:47+00:00\",\"dateModified\":\"2026-05-27T07:27:59+00:00\",\"description\":\"Conoce la p\u00e1pula fibrosa nasal: qu\u00e9 es, c\u00f3mo se diagnostica y el tratamiento eficaz con l\u00e1ser de plasma Dermaplax.\",\"breadcrumb\":{\"@id\":\"https:\\\/\\\/www.idermic.es\\\/es\\\/papula-fibrosa-nasal-eliminacion-con-laser-de-plasma\\\/#breadcrumb\"},\"inLanguage\":\"es\",\"potentialAction\":[{\"@type\":\"ReadAction\",\"target\":[\"https:\\\/\\\/www.idermic.es\\\/es\\\/papula-fibrosa-nasal-eliminacion-con-laser-de-plasma\\\/\"]}]},{\"@type\":\"ImageObject\",\"inLanguage\":\"es\",\"@id\":\"https:\\\/\\\/www.idermic.es\\\/es\\\/papula-fibrosa-nasal-eliminacion-con-laser-de-plasma\\\/#primaryimage\",\"url\":\"https:\\\/\\\/www.idermic.es\\\/wp-content\\\/uploads\\\/2025\\\/01\\\/Papula-fibrosa-nasal-1.jpg\",\"contentUrl\":\"https:\\\/\\\/www.idermic.es\\\/wp-content\\\/uploads\\\/2025\\\/01\\\/Papula-fibrosa-nasal-1.jpg\",\"width\":467,\"height\":745,\"caption\":\"Eliminaci\u00f3n de la p\u00e1pula fibrosa nasal con l\u00e1ser de plasma Dermaplax.\"},{\"@type\":\"BreadcrumbList\",\"@id\":\"https:\\\/\\\/www.idermic.es\\\/es\\\/papula-fibrosa-nasal-eliminacion-con-laser-de-plasma\\\/#breadcrumb\",\"itemListElement\":[{\"@type\":\"ListItem\",\"position\":1,\"name\":\"Inici\",\"item\":\"https:\\\/\\\/www.idermic.es\\\/es\\\/\"},{\"@type\":\"ListItem\",\"position\":2,\"name\":\"P\u00e1pula fibrosa nasal: Eliminaci\u00f3n con l\u00e1ser de plasma\"}]},{\"@type\":\"WebSite\",\"@id\":\"https:\\\/\\\/www.idermic.es\\\/#website\",\"url\":\"https:\\\/\\\/www.idermic.es\\\/\",\"name\":\"Idermic. Dermatolog\u00eda en Terrassa\",\"description\":\"Dermatolog\u00eda, Medicina est\u00e9tica, Cirurg\u00eda Pl\u00e0stica\",\"publisher\":{\"@id\":\"https:\\\/\\\/www.idermic.es\\\/#organization\"},\"potentialAction\":[{\"@type\":\"SearchAction\",\"target\":{\"@type\":\"EntryPoint\",\"urlTemplate\":\"https:\\\/\\\/www.idermic.es\\\/?s={search_term_string}\"},\"query-input\":{\"@type\":\"PropertyValueSpecification\",\"valueRequired\":true,\"valueName\":\"search_term_string\"}}],\"inLanguage\":\"es\"},{\"@type\":\"Organization\",\"@id\":\"https:\\\/\\\/www.idermic.es\\\/#organization\",\"name\":\"Idermic. Dermatolog\u00eda en Terrassa\",\"url\":\"https:\\\/\\\/www.idermic.es\\\/\",\"logo\":{\"@type\":\"ImageObject\",\"inLanguage\":\"es\",\"@id\":\"https:\\\/\\\/www.idermic.es\\\/#\\\/schema\\\/logo\\\/image\\\/\",\"url\":\"https:\\\/\\\/www.idermic.es\\\/wp-content\\\/uploads\\\/2025\\\/10\\\/Logo-Idermic.jpg\",\"contentUrl\":\"https:\\\/\\\/www.idermic.es\\\/wp-content\\\/uploads\\\/2025\\\/10\\\/Logo-Idermic.jpg\",\"width\":501,\"height\":502,\"caption\":\"Idermic. Dermatolog\u00eda en Terrassa\"},\"image\":{\"@id\":\"https:\\\/\\\/www.idermic.es\\\/#\\\/schema\\\/logo\\\/image\\\/\"},\"sameAs\":[\"https:\\\/\\\/www.facebook.com\\\/Idermic\",\"https:\\\/\\\/x.com\\\/idermic\",\"https:\\\/\\\/www.instagram.com\\\/idermicclinic\\\/\",\"https:\\\/\\\/www.youtube.com\\\/channel\\\/UCyAHC9-p8lc6hr_nguO8p_g\"]},{\"@type\":\"Person\",\"@id\":\"https:\\\/\\\/www.idermic.es\\\/#\\\/schema\\\/person\\\/c12703027a878b23d3c71c87921a82f8\",\"name\":\"Equipo\",\"image\":{\"@type\":\"ImageObject\",\"inLanguage\":\"es\",\"@id\":\"https:\\\/\\\/secure.gravatar.com\\\/avatar\\\/7ca0be23248108c6b0887e0693b7dcf7764bd3503f84d1f04e6653ef7c3b9420?s=96&d=mm&r=g\",\"url\":\"https:\\\/\\\/secure.gravatar.com\\\/avatar\\\/7ca0be23248108c6b0887e0693b7dcf7764bd3503f84d1f04e6653ef7c3b9420?s=96&d=mm&r=g\",\"contentUrl\":\"https:\\\/\\\/secure.gravatar.com\\\/avatar\\\/7ca0be23248108c6b0887e0693b7dcf7764bd3503f84d1f04e6653ef7c3b9420?s=96&d=mm&r=g\",\"caption\":\"Equipo\"},\"description\":\"Equipo de Idermic\"}]}<\/script>\n<!-- \/ Yoast SEO plugin. -->","yoast_head_json":{"title":"P\u00e1pula fibrosa nasal: Eliminaci\u00f3n con l\u00e1ser de plasma -","description":"Conoce la p\u00e1pula fibrosa nasal: qu\u00e9 es, c\u00f3mo se diagnostica y el tratamiento eficaz con l\u00e1ser de plasma Dermaplax.","robots":{"index":"index","follow":"follow","max-snippet":"max-snippet:-1","max-image-preview":"max-image-preview:large","max-video-preview":"max-video-preview:-1"},"canonical":"https:\/\/www.idermic.es\/es\/papula-fibrosa-nasal-eliminacion-con-laser-de-plasma\/","og_locale":"es_ES","og_type":"article","og_title":"P\u00e1pula fibrosa nasal: Eliminaci\u00f3n con l\u00e1ser de plasma -","og_description":"Conoce la p\u00e1pula fibrosa nasal: qu\u00e9 es, c\u00f3mo se diagnostica y el tratamiento eficaz con l\u00e1ser de plasma Dermaplax.","og_url":"https:\/\/www.idermic.es\/es\/papula-fibrosa-nasal-eliminacion-con-laser-de-plasma\/","og_site_name":"Idermic. Dermatolog\u00eda en Terrassa","article_publisher":"https:\/\/www.facebook.com\/Idermic","article_published_time":"2025-01-29T10:31:47+00:00","article_modified_time":"2026-05-27T07:27:59+00:00","og_image":[{"width":467,"height":745,"url":"https:\/\/www.idermic.es\/wp-content\/uploads\/2025\/01\/Papula-fibrosa-nasal-1.jpg","type":"image\/jpeg"}],"author":"Equipo","twitter_card":"summary_large_image","twitter_creator":"@idermic","twitter_site":"@idermic","twitter_misc":{"Escrito por":"Equipo","Tiempo de lectura":"13 minutos"},"schema":{"@context":"https:\/\/schema.org","@graph":[{"@type":"Article","@id":"https:\/\/www.idermic.es\/es\/papula-fibrosa-nasal-eliminacion-con-laser-de-plasma\/#article","isPartOf":{"@id":"https:\/\/www.idermic.es\/es\/papula-fibrosa-nasal-eliminacion-con-laser-de-plasma\/"},"author":{"name":"Equipo","@id":"https:\/\/www.idermic.es\/#\/schema\/person\/c12703027a878b23d3c71c87921a82f8"},"headline":"P\u00e1pula fibrosa nasal: Eliminaci\u00f3n con l\u00e1ser de plasma","datePublished":"2025-01-29T10:31:47+00:00","dateModified":"2026-05-27T07:27:59+00:00","mainEntityOfPage":{"@id":"https:\/\/www.idermic.es\/es\/papula-fibrosa-nasal-eliminacion-con-laser-de-plasma\/"},"wordCount":6664,"commentCount":0,"publisher":{"@id":"https:\/\/www.idermic.es\/#organization"},"image":{"@id":"https:\/\/www.idermic.es\/es\/papula-fibrosa-nasal-eliminacion-con-laser-de-plasma\/#primaryimage"},"thumbnailUrl":"https:\/\/www.idermic.es\/wp-content\/uploads\/2025\/01\/Papula-fibrosa-nasal-1.jpg","keywords":["L\u00e1ser","piel","procedimientos faciales"],"articleSection":["Dermatolog\u00eda"],"inLanguage":"es","potentialAction":[{"@type":"CommentAction","name":"Comment","target":["https:\/\/www.idermic.es\/es\/papula-fibrosa-nasal-eliminacion-con-laser-de-plasma\/#respond"]}]},{"@type":"WebPage","@id":"https:\/\/www.idermic.es\/es\/papula-fibrosa-nasal-eliminacion-con-laser-de-plasma\/","url":"https:\/\/www.idermic.es\/es\/papula-fibrosa-nasal-eliminacion-con-laser-de-plasma\/","name":"P\u00e1pula fibrosa nasal: Eliminaci\u00f3n con l\u00e1ser de plasma -","isPartOf":{"@id":"https:\/\/www.idermic.es\/#website"},"primaryImageOfPage":{"@id":"https:\/\/www.idermic.es\/es\/papula-fibrosa-nasal-eliminacion-con-laser-de-plasma\/#primaryimage"},"image":{"@id":"https:\/\/www.idermic.es\/es\/papula-fibrosa-nasal-eliminacion-con-laser-de-plasma\/#primaryimage"},"thumbnailUrl":"https:\/\/www.idermic.es\/wp-content\/uploads\/2025\/01\/Papula-fibrosa-nasal-1.jpg","datePublished":"2025-01-29T10:31:47+00:00","dateModified":"2026-05-27T07:27:59+00:00","description":"Conoce la p\u00e1pula fibrosa nasal: qu\u00e9 es, c\u00f3mo se diagnostica y el tratamiento eficaz con l\u00e1ser de plasma Dermaplax.","breadcrumb":{"@id":"https:\/\/www.idermic.es\/es\/papula-fibrosa-nasal-eliminacion-con-laser-de-plasma\/#breadcrumb"},"inLanguage":"es","potentialAction":[{"@type":"ReadAction","target":["https:\/\/www.idermic.es\/es\/papula-fibrosa-nasal-eliminacion-con-laser-de-plasma\/"]}]},{"@type":"ImageObject","inLanguage":"es","@id":"https:\/\/www.idermic.es\/es\/papula-fibrosa-nasal-eliminacion-con-laser-de-plasma\/#primaryimage","url":"https:\/\/www.idermic.es\/wp-content\/uploads\/2025\/01\/Papula-fibrosa-nasal-1.jpg","contentUrl":"https:\/\/www.idermic.es\/wp-content\/uploads\/2025\/01\/Papula-fibrosa-nasal-1.jpg","width":467,"height":745,"caption":"Eliminaci\u00f3n de la p\u00e1pula fibrosa nasal con l\u00e1ser de plasma Dermaplax."},{"@type":"BreadcrumbList","@id":"https:\/\/www.idermic.es\/es\/papula-fibrosa-nasal-eliminacion-con-laser-de-plasma\/#breadcrumb","itemListElement":[{"@type":"ListItem","position":1,"name":"Inici","item":"https:\/\/www.idermic.es\/es\/"},{"@type":"ListItem","position":2,"name":"P\u00e1pula fibrosa nasal: Eliminaci\u00f3n con l\u00e1ser de plasma"}]},{"@type":"WebSite","@id":"https:\/\/www.idermic.es\/#website","url":"https:\/\/www.idermic.es\/","name":"Idermic. Dermatolog\u00eda en Terrassa","description":"Dermatolog\u00eda, Medicina est\u00e9tica, Cirurg\u00eda Pl\u00e0stica","publisher":{"@id":"https:\/\/www.idermic.es\/#organization"},"potentialAction":[{"@type":"SearchAction","target":{"@type":"EntryPoint","urlTemplate":"https:\/\/www.idermic.es\/?s={search_term_string}"},"query-input":{"@type":"PropertyValueSpecification","valueRequired":true,"valueName":"search_term_string"}}],"inLanguage":"es"},{"@type":"Organization","@id":"https:\/\/www.idermic.es\/#organization","name":"Idermic. Dermatolog\u00eda en Terrassa","url":"https:\/\/www.idermic.es\/","logo":{"@type":"ImageObject","inLanguage":"es","@id":"https:\/\/www.idermic.es\/#\/schema\/logo\/image\/","url":"https:\/\/www.idermic.es\/wp-content\/uploads\/2025\/10\/Logo-Idermic.jpg","contentUrl":"https:\/\/www.idermic.es\/wp-content\/uploads\/2025\/10\/Logo-Idermic.jpg","width":501,"height":502,"caption":"Idermic. Dermatolog\u00eda en Terrassa"},"image":{"@id":"https:\/\/www.idermic.es\/#\/schema\/logo\/image\/"},"sameAs":["https:\/\/www.facebook.com\/Idermic","https:\/\/x.com\/idermic","https:\/\/www.instagram.com\/idermicclinic\/","https:\/\/www.youtube.com\/channel\/UCyAHC9-p8lc6hr_nguO8p_g"]},{"@type":"Person","@id":"https:\/\/www.idermic.es\/#\/schema\/person\/c12703027a878b23d3c71c87921a82f8","name":"Equipo","image":{"@type":"ImageObject","inLanguage":"es","@id":"https:\/\/secure.gravatar.com\/avatar\/7ca0be23248108c6b0887e0693b7dcf7764bd3503f84d1f04e6653ef7c3b9420?s=96&d=mm&r=g","url":"https:\/\/secure.gravatar.com\/avatar\/7ca0be23248108c6b0887e0693b7dcf7764bd3503f84d1f04e6653ef7c3b9420?s=96&d=mm&r=g","contentUrl":"https:\/\/secure.gravatar.com\/avatar\/7ca0be23248108c6b0887e0693b7dcf7764bd3503f84d1f04e6653ef7c3b9420?s=96&d=mm&r=g","caption":"Equipo"},"description":"Equipo de Idermic"}]}},"_links":{"self":[{"href":"https:\/\/www.idermic.es\/es\/wp-json\/wp\/v2\/posts\/7021","targetHints":{"allow":["GET"]}}],"collection":[{"href":"https:\/\/www.idermic.es\/es\/wp-json\/wp\/v2\/posts"}],"about":[{"href":"https:\/\/www.idermic.es\/es\/wp-json\/wp\/v2\/types\/post"}],"author":[{"embeddable":true,"href":"https:\/\/www.idermic.es\/es\/wp-json\/wp\/v2\/users\/3"}],"replies":[{"embeddable":true,"href":"https:\/\/www.idermic.es\/es\/wp-json\/wp\/v2\/comments?post=7021"}],"version-history":[{"count":11,"href":"https:\/\/www.idermic.es\/es\/wp-json\/wp\/v2\/posts\/7021\/revisions"}],"predecessor-version":[{"id":9870,"href":"https:\/\/www.idermic.es\/es\/wp-json\/wp\/v2\/posts\/7021\/revisions\/9870"}],"wp:featuredmedia":[{"embeddable":true,"href":"https:\/\/www.idermic.es\/es\/wp-json\/wp\/v2\/media\/7030"}],"wp:attachment":[{"href":"https:\/\/www.idermic.es\/es\/wp-json\/wp\/v2\/media?parent=7021"}],"wp:term":[{"taxonomy":"category","embeddable":true,"href":"https:\/\/www.idermic.es\/es\/wp-json\/wp\/v2\/categories?post=7021"},{"taxonomy":"post_tag","embeddable":true,"href":"https:\/\/www.idermic.es\/es\/wp-json\/wp\/v2\/tags?post=7021"}],"curies":[{"name":"wp","href":"https:\/\/api.w.org\/{rel}","templated":true}]}}