{"id":6982,"date":"2025-01-27T08:51:42","date_gmt":"2025-01-27T08:51:42","guid":{"rendered":"https:\/\/www.idermic.es\/?p=6982"},"modified":"2026-08-04T09:54:38","modified_gmt":"2026-08-04T09:54:38","slug":"terapia-biofotonica","status":"publish","type":"post","link":"https:\/\/www.idermic.es\/es\/terapia-biofotonica\/","title":{"rendered":"Terapia biofot\u00f3nica"},"content":{"rendered":"<p><div class=\"fusion-fullwidth fullwidth-box fusion-builder-row-1 nonhundred-percent-fullwidth non-hundred-percent-height-scrolling\" style=\"--awb-border-radius-top-left:0px;--awb-border-radius-top-right:0px;--awb-border-radius-bottom-right:0px;--awb-border-radius-bottom-left:0px;--awb-flex-wrap:wrap;\" ><div class=\"fusion-builder-row fusion-row\"><div class=\"fusion-layout-column fusion_builder_column fusion-builder-column-0 fusion_builder_column_1_1 1_1 fusion-one-full fusion-column-first fusion-column-last\" style=\"--awb-bg-size:cover;\"><div class=\"fusion-column-wrapper fusion-flex-column-wrapper-legacy\"><div class=\"fusion-text fusion-text-1\"><h1 style=\"text-align: center;\">Terapia biofot\u00f3nica<\/h1>\n<\/div><div class=\"fusion-clearfix\"><\/div><\/div><\/div><\/div><\/div><div class=\"fusion-fullwidth fullwidth-box fusion-builder-row-2 nonhundred-percent-fullwidth non-hundred-percent-height-scrolling\" style=\"--awb-border-radius-top-left:0px;--awb-border-radius-top-right:0px;--awb-border-radius-bottom-right:0px;--awb-border-radius-bottom-left:0px;--awb-flex-wrap:wrap;\" ><div class=\"fusion-builder-row fusion-row\"><div class=\"fusion-layout-column fusion_builder_column fusion-builder-column-1 fusion_builder_column_2_3 2_3 fusion-two-third fusion-column-first\" style=\"--awb-bg-size:cover;width:66.666666666667%;width:calc(66.666666666667% - ( ( 4% ) * 0.66666666666667 ) );margin-right: 4%;\"><div class=\"fusion-column-wrapper fusion-flex-column-wrapper-legacy\"><div class=\"fusion-text fusion-text-2\"><p>La terapia biofot\u00f3nica ha emergido como una de las t\u00e9cnicas m\u00e1s innovadoras para tratar diversas afecciones cut\u00e1neas y mejorar la <a href=\"https:\/\/www.idermic.es\/es\/guia-para-el-cuidado-de-la-piel\/\">salud de la piel<\/a>.<\/p>\n<p>Este tratamiento utiliza <strong>tecnolog\u00eda de luz fluorescente<\/strong> para estimular los procesos naturales de reparaci\u00f3n celular, ofreciendo resultados notables en problemas como el <a href=\"https:\/\/www.idermic.es\/es\/dermatologia_clinica\/acne\/\">acn\u00e9<\/a>, el envejecimiento cut\u00e1neo y la sensibilidad d\u00e9rmica.<\/p>\n<\/div><div class=\"fusion-clearfix\"><\/div><\/div><\/div><div class=\"fusion-layout-column fusion_builder_column fusion-builder-column-2 fusion_builder_column_1_3 1_3 fusion-one-third fusion-column-last\" style=\"--awb-bg-size:cover;width:33.333333333333%;width:calc(33.333333333333% - ( ( 4% ) * 0.33333333333333 ) );\"><div class=\"fusion-column-wrapper fusion-flex-column-wrapper-legacy\"><div class=\"fusion-image-element in-legacy-container\" style=\"--awb-caption-title-font-family:var(--h2_typography-font-family);--awb-caption-title-font-weight:var(--h2_typography-font-weight);--awb-caption-title-font-style:var(--h2_typography-font-style);--awb-caption-title-size:var(--h2_typography-font-size);--awb-caption-title-transform:var(--h2_typography-text-transform);--awb-caption-title-line-height:var(--h2_typography-line-height);--awb-caption-title-letter-spacing:var(--h2_typography-letter-spacing);\"><span class=\" fusion-imageframe imageframe-none imageframe-1 hover-type-none\"><img decoding=\"async\" width=\"186\" height=\"300\" alt=\"Terapia Biofot\u00f3nica con el Fotoage de @skymedicoficial.\" title=\"Terapia Biofot\u00f3nica\" src=\"https:\/\/www.idermic.es\/wp-content\/uploads\/2025\/01\/Terapia-biofotonica-3-186x300.jpg\" class=\"img-responsive wp-image-6990\" srcset=\"https:\/\/www.idermic.es\/wp-content\/uploads\/2025\/01\/Terapia-biofotonica-3-200x323.jpg 200w, https:\/\/www.idermic.es\/wp-content\/uploads\/2025\/01\/Terapia-biofotonica-3-400x645.jpg 400w, https:\/\/www.idermic.es\/wp-content\/uploads\/2025\/01\/Terapia-biofotonica-3.jpg 468w\" sizes=\"(max-width: 800px) 100vw, 186px\" \/><\/span><\/div><div class=\"fusion-clearfix\"><\/div><\/div><\/div><\/div><\/div><div class=\"fusion-fullwidth fullwidth-box fusion-builder-row-3 nonhundred-percent-fullwidth non-hundred-percent-height-scrolling\" style=\"--awb-border-radius-top-left:0px;--awb-border-radius-top-right:0px;--awb-border-radius-bottom-right:0px;--awb-border-radius-bottom-left:0px;--awb-flex-wrap:wrap;\" ><div class=\"fusion-builder-row fusion-row\"><div class=\"fusion-layout-column fusion_builder_column fusion-builder-column-3 fusion_builder_column_1_1 1_1 fusion-one-full fusion-column-first fusion-column-last\" style=\"--awb-bg-size:cover;\"><div class=\"fusion-column-wrapper fusion-flex-column-wrapper-legacy\"><div class=\"fusion-sep-clear\"><\/div><div class=\"fusion-separator fusion-full-width-sep\" style=\"margin-left: auto;margin-right: auto;width:100%;\"><div class=\"fusion-separator-border sep-double\" style=\"--awb-height:20px;--awb-amount:20px;border-color:#e0dede;border-top-width:1px;border-bottom-width:1px;\"><\/div><\/div><div class=\"fusion-sep-clear\"><\/div><div class=\"fusion-clearfix\"><\/div><\/div><\/div><\/div><\/div><div class=\"fusion-fullwidth fullwidth-box fusion-builder-row-4 nonhundred-percent-fullwidth non-hundred-percent-height-scrolling\" style=\"--awb-border-radius-top-left:0px;--awb-border-radius-top-right:0px;--awb-border-radius-bottom-right:0px;--awb-border-radius-bottom-left:0px;--awb-flex-wrap:wrap;\" ><div class=\"fusion-builder-row fusion-row\"><div class=\"fusion-layout-column fusion_builder_column fusion-builder-column-4 fusion_builder_column_1_1 1_1 fusion-one-full fusion-column-first fusion-column-last\" style=\"--awb-bg-size:cover;\"><div class=\"fusion-column-wrapper fusion-flex-column-wrapper-legacy\"><div class=\"fusion-text fusion-text-3\"><h2>\u00bfEn qu\u00e9 consiste la terapia biofot\u00f3nica?<\/h2>\n<p>La base de esta t\u00e9cnica radica en la <strong>bioestimulaci\u00f3n de las c\u00e9lulas cut\u00e1neas<\/strong> mediante la interacci\u00f3n de una luz espec\u00edfica con un gel fotoconversor. Este proceso desencadena una serie de reacciones biol\u00f3gicas que mejoran la <strong>producci\u00f3n de col\u00e1geno<\/strong>, reducen la <strong>inflamaci\u00f3n<\/strong> y aceleran la <strong>regeneraci\u00f3n celular<\/strong>.<\/p>\n<p>A diferencia de otros tratamientos, como el <strong>peeling qu\u00edmico<\/strong>, la <strong>terapia biofot\u00f3nica<\/strong> no es invasiva y no requiere tiempo de recuperaci\u00f3n, lo que la convierte en una opci\u00f3n ideal para pacientes con agendas ocupadas o con piel sensible.<\/p>\n<h2>Beneficios principales de la terapia biofot\u00f3nica<\/h2>\n<h3>Tratamiento del acn\u00e9<\/h3>\n<p>La <strong>terapia biofot\u00f3nica<\/strong> se ha convertido en una alternativa revolucionaria para quienes sufren de <a href=\"https:\/\/www.idermic.es\/es\/dermatologia_clinica\/acne\/\">acn\u00e9<\/a>, tanto en su forma leve como en casos m\u00e1s severos. Este tratamiento se basa en la interacci\u00f3n de la luz fluorescente con las capas superficiales y profundas de la piel, logrando reducir de manera significativa la inflamaci\u00f3n caracter\u00edstica de esta afecci\u00f3n.<\/p>\n<p>Uno de los puntos clave de su eficacia radica en su capacidad para combatir las bacterias responsables del acn\u00e9, especialmente el <em>Cutibacterium acnes<\/em> (antes conocido como <em>Propionibacterium acnes<\/em>), que se encuentra en los fol\u00edculos seb\u00e1ceos. Al neutralizar estas bacterias, la terapia no solo reduce los brotes existentes, sino que tambi\u00e9n previene su aparici\u00f3n en el futuro. Adem\u00e1s, mejora la <a href=\"https:\/\/www.idermic.es\/es\/tratamiento-de-las-cicatrices-atroficas-de-acne-con-laser\/\">cicatrizaci\u00f3n de las lesiones derivadas del acn\u00e9<\/a>, disminuyendo el riesgo de manchas y cicatrices. Esto la convierte en una opci\u00f3n segura y eficaz para pacientes que no responden bien a otros tratamientos como antibi\u00f3ticos t\u00f3picos o isotretino\u00edna.<\/p>\n<h3>Rejuvenecimiento facial<\/h3>\n<p>Uno de los beneficios m\u00e1s buscados de la<strong> terapia biofot\u00f3nica<\/strong> es su capacidad para estimular la producci\u00f3n natural de col\u00e1geno, una prote\u00edna esencial para la firmeza y elasticidad de la piel. A medida que envejecemos, la producci\u00f3n de col\u00e1geno disminuye, lo que provoca la aparici\u00f3n de l\u00edneas de expresi\u00f3n, arrugas y p\u00e9rdida de volumen en el rostro.<\/p>\n<p>Mediante la <strong>bioestimulaci\u00f3n<\/strong> generada por la terapia, la piel se revitaliza desde sus capas m\u00e1s profundas, devolviendo un aspecto m\u00e1s joven y saludable. Los pacientes reportan una mejora visible en la textura y el tono de la piel, as\u00ed como una reducci\u00f3n en las l\u00edneas finas y arrugas. Adem\u00e1s, al promover una <strong>hidrataci\u00f3n natural de la piel<\/strong>, este tratamiento combate los signos visibles del envejecimiento sin necesidad de procedimientos invasivos como rellenos o cirug\u00edas.<\/p>\n<h3>Regeneraci\u00f3n celular<\/h3>\n<p>La capacidad de la terapia biofot\u00f3nica para acelerar la renovaci\u00f3n celular la convierte en una herramienta poderosa para tratar problemas relacionados con el da\u00f1o acumulado en la piel. A trav\u00e9s de la estimulaci\u00f3n de los procesos metab\u00f3licos de las c\u00e9lulas, este tratamiento fomenta la eliminaci\u00f3n de c\u00e9lulas muertas y favorece la regeneraci\u00f3n de tejidos nuevos y saludables.<\/p>\n<p>Esta renovaci\u00f3n se traduce en una piel m\u00e1s uniforme, con menos manchas e imperfecciones. Por este motivo, la terapia es altamente recomendada no solo para personas con acn\u00e9 o piel madura, sino tambi\u00e9n para quienes buscan tratar marcas de sol, cicatrices o incluso peque\u00f1as irregularidades en la textura de la piel. En pocos ciclos de tratamiento, los pacientes pueden notar una mejora en el brillo y la suavidad de su rostro.<\/p>\n<h3>Seguridad y confort<\/h3>\n<p>A diferencia de otros procedimientos dermatol\u00f3gicos que pueden ser agresivos o causar molestias, la terapia biofot\u00f3nica se caracteriza por ser un tratamiento indoloro y no invasivo. El uso de luz fluorescente no genera calor ni irrita la piel, por lo que el paciente no experimenta incomodidades durante o despu\u00e9s de la sesi\u00f3n.<\/p>\n<p>Es ideal para todo tipo de pieles, incluidas aquellas m\u00e1s sensibles o con tendencia a la irritaci\u00f3n. Adem\u00e1s, el riesgo de efectos secundarios es m\u00ednimo, lo que la convierte en una opci\u00f3n adecuada incluso para personas que han experimentado reacciones adversas con otros tratamientos. No requiere tiempo de recuperaci\u00f3n, permitiendo que los pacientes puedan retomar sus actividades diarias inmediatamente despu\u00e9s del procedimiento.<\/p>\n<p>La combinaci\u00f3n de seguridad, efectividad y comodidad hace que este tratamiento sea altamente valorado tanto por pacientes como por profesionales de la dermatolog\u00eda.<\/p>\n<p>Con estos beneficios, la<strong> terapia biofot\u00f3nica<\/strong> se posiciona como un avance clave para tratar problemas de la piel de forma integral y sin comprometer la calidad de vida de los pacientes.<\/p>\n<\/div><div class=\"fusion-clearfix\"><\/div><\/div><\/div><\/div><\/div><div class=\"fusion-fullwidth fullwidth-box fusion-builder-row-5 nonhundred-percent-fullwidth non-hundred-percent-height-scrolling\" style=\"--awb-border-radius-top-left:0px;--awb-border-radius-top-right:0px;--awb-border-radius-bottom-right:0px;--awb-border-radius-bottom-left:0px;--awb-flex-wrap:wrap;\" ><div class=\"fusion-builder-row fusion-row\"><div class=\"fusion-layout-column fusion_builder_column fusion-builder-column-5 fusion_builder_column_1_1 1_1 fusion-one-full fusion-column-first fusion-column-last\" style=\"--awb-bg-size:cover;\"><div class=\"fusion-column-wrapper fusion-flex-column-wrapper-legacy\"><div class=\"fusion-text fusion-text-4\"><h2>Tratamiento Fotoage de Skymedicoficial<\/h2>\n<p>El tratamiento de <strong>Fotoage<\/strong>, ofrecido por marcas como <a href=\"https:\/\/skymedic.eu\/\"><strong>Skymedic<\/strong><\/a>, es un procedimiento innovador que combina tecnolog\u00eda m\u00e9dica avanzada para mejorar la calidad de la piel, combatir los signos del envejecimiento y aportar un rejuvenecimiento visible. A continuaci\u00f3n, te ofrezco informaci\u00f3n sobre este tratamiento:<\/p>\n<h3>\u00bfQu\u00e9 es el tratamiento Fotoage?<\/h3>\n<p><strong>Fotoage<\/strong> es un procedimiento dermatol\u00f3gico no invasivo dise\u00f1ado para mejorar la apariencia de la piel a trav\u00e9s de <strong>fototerapia avanzada<\/strong> o tecnolog\u00edas basadas en la luz. Este tratamiento suele ser utilizado para combatir los efectos del fotoenvejecimiento causado por la exposici\u00f3n al sol, reducir l\u00edneas finas, unificar el tono de la piel y tratar manchas o peque\u00f1as imperfecciones.<\/p>\n<p>El tratamiento est\u00e1 indicado para personas que buscan:<\/p>\n<ul>\n<li>Reducir arrugas y l\u00edneas de expresi\u00f3n.<\/li>\n<li>Corregir manchas solares o <a href=\"https:\/\/www.idermic.es\/es\/dermatologia_clinica\/melasma\/\">melasma<\/a>.<\/li>\n<li>Mejorar la firmeza y elasticidad de la piel.<\/li>\n<li>Lograr un tono de piel m\u00e1s uniforme.<\/li>\n<li>Combatir los efectos del estr\u00e9s y envejecimiento ambiental en el rostro.<\/li>\n<\/ul>\n<h3>\u00bfC\u00f3mo funciona Fotoage?<\/h3>\n<p>El procedimiento combina distintas tecnolog\u00edas dependiendo del equipo utilizado. Las m\u00e1s comunes son:<\/p>\n<ol>\n<li><strong>Fototerapia LED o IPL (Luz Pulsada Intensa):<\/strong>\n<ul>\n<li>Estimula la producci\u00f3n de <a href=\"https:\/\/www.sanibook.net\/diccionario-de-salud\/#colageno\">col\u00e1geno<\/a>.<\/li>\n<li>Reduce las manchas y el enrojecimiento.<\/li>\n<li>Mejora la circulaci\u00f3n de la piel.<\/li>\n<\/ul>\n<\/li>\n<li><strong>\u00c1cido hialur\u00f3nico o activos t\u00f3picos:<\/strong>\n<ul>\n<li>Algunas sesiones combinan el uso de activos t\u00f3picos con la luz para potenciar los resultados, logrando una hidrataci\u00f3n profunda y reparaci\u00f3n cut\u00e1nea.<\/li>\n<\/ul>\n<\/li>\n<li><strong>Peeling Fotodin\u00e1mico (en algunos casos):<\/strong>\n<ul>\n<li>Se utiliza una combinaci\u00f3n de luz y sustancias fotosensibles para tratar imperfecciones profundas y regenerar la piel.<\/li>\n<\/ul>\n<\/li>\n<\/ol>\n<h3>Beneficios del tratamiento Fotoage<\/h3>\n<ul>\n<li><strong>Resultados visibles desde las primeras sesiones:<\/strong> Mejora notable en la textura y luminosidad de la piel.<\/li>\n<li><strong>Procedimiento seguro y r\u00e1pido:<\/strong> Es una t\u00e9cnica no invasiva y apta para todo tipo de pieles, con poca o ninguna recuperaci\u00f3n.<\/li>\n<li><strong>Rejuvenecimiento global:<\/strong> Act\u00faa sobre m\u00faltiples signos del envejecimiento simult\u00e1neamente.<\/li>\n<li><strong>Personalizaci\u00f3n:<\/strong> Puede adaptarse a las necesidades espec\u00edficas de cada paciente, combinando distintas tecnolog\u00edas.<\/li>\n<\/ul>\n<h3>\u00bfCu\u00e1ntas sesiones se necesitan?<\/h3>\n<p>Los resultados var\u00edan dependiendo del estado inicial de la piel y los objetivos del paciente, pero en general, se recomienda un promedio de <strong>4 a 6 sesiones<\/strong>, con intervalos de dos a tres semanas entre cada una. Es posible realizar mantenimientos peri\u00f3dicos seg\u00fan sea necesario.<\/p>\n<h3>Recomendaciones posteriores al tratamiento<\/h3>\n<ul>\n<li><strong>Usar protector solar diariamente<\/strong> para proteger los resultados y evitar la aparici\u00f3n de nuevas manchas.<\/li>\n<li>Mantener una rutina de cuidado de la piel adecuada, siguiendo las indicaciones del dermat\u00f3logo o esteticista.<\/li>\n<li>Evitar la exposici\u00f3n directa al sol durante los d\u00edas posteriores al tratamiento.<\/li>\n<\/ul>\n<h3>\u00bfFotoage es\u00a0para ti?<\/h3>\n<p>El tratamiento <strong>Fotoage<\/strong> es ideal si buscas un rejuvenecimiento natural sin necesidad de recurrir a intervenciones quir\u00fargicas. Es importante que un profesional eval\u00fae tu piel para determinar si este procedimiento es el m\u00e1s adecuado para ti.<\/p>\n<\/div><div class=\"fusion-clearfix\"><\/div><\/div><\/div><\/div><\/div><div class=\"fusion-fullwidth fullwidth-box fusion-builder-row-6 nonhundred-percent-fullwidth non-hundred-percent-height-scrolling\" style=\"--awb-border-radius-top-left:0px;--awb-border-radius-top-right:0px;--awb-border-radius-bottom-right:0px;--awb-border-radius-bottom-left:0px;--awb-flex-wrap:wrap;\" ><div class=\"fusion-builder-row fusion-row\"><div class=\"fusion-layout-column fusion_builder_column fusion-builder-column-6 fusion_builder_column_1_3 1_3 fusion-one-third fusion-column-first\" style=\"--awb-bg-size:cover;width:33.333333333333%;width:calc(33.333333333333% - ( ( 4% + 4% ) * 0.33333333333333 ) );margin-right: 4%;\"><div class=\"fusion-column-wrapper fusion-flex-column-wrapper-legacy\"><div class=\"fusion-image-element in-legacy-container\" style=\"--awb-caption-title-font-family:var(--h2_typography-font-family);--awb-caption-title-font-weight:var(--h2_typography-font-weight);--awb-caption-title-font-style:var(--h2_typography-font-style);--awb-caption-title-size:var(--h2_typography-font-size);--awb-caption-title-transform:var(--h2_typography-text-transform);--awb-caption-title-line-height:var(--h2_typography-line-height);--awb-caption-title-letter-spacing:var(--h2_typography-letter-spacing);\"><span class=\" fusion-imageframe imageframe-none imageframe-2 hover-type-none\"><img decoding=\"async\" width=\"186\" height=\"300\" alt=\"Tratamiento fotoage con m\u00e1scara biofot\u00f3nica personalizable\" title=\"Terapia biofot\u00f3nica\" src=\"https:\/\/www.idermic.es\/wp-content\/uploads\/2025\/01\/Terapia-biofotonica-4-186x300.jpg\" class=\"img-responsive wp-image-6988\" srcset=\"https:\/\/www.idermic.es\/wp-content\/uploads\/2025\/01\/Terapia-biofotonica-4-200x323.jpg 200w, https:\/\/www.idermic.es\/wp-content\/uploads\/2025\/01\/Terapia-biofotonica-4-400x646.jpg 400w, https:\/\/www.idermic.es\/wp-content\/uploads\/2025\/01\/Terapia-biofotonica-4.jpg 463w\" sizes=\"(max-width: 800px) 100vw, 186px\" \/><\/span><\/div><div class=\"fusion-clearfix\"><\/div><\/div><\/div><div class=\"fusion-layout-column fusion_builder_column fusion-builder-column-7 fusion_builder_column_1_3 1_3 fusion-one-third\" style=\"--awb-bg-size:cover;width:33.333333333333%;width:calc(33.333333333333% - ( ( 4% + 4% ) * 0.33333333333333 ) );margin-right: 4%;\"><div class=\"fusion-column-wrapper fusion-flex-column-wrapper-legacy\"><div class=\"fusion-image-element in-legacy-container\" style=\"--awb-caption-title-font-family:var(--h2_typography-font-family);--awb-caption-title-font-weight:var(--h2_typography-font-weight);--awb-caption-title-font-style:var(--h2_typography-font-style);--awb-caption-title-size:var(--h2_typography-font-size);--awb-caption-title-transform:var(--h2_typography-text-transform);--awb-caption-title-line-height:var(--h2_typography-line-height);--awb-caption-title-letter-spacing:var(--h2_typography-letter-spacing);\"><span class=\" fusion-imageframe imageframe-none imageframe-3 hover-type-none\"><img decoding=\"async\" width=\"186\" height=\"300\" alt=\"Tratamiento fotoage con m\u00e1scara biofot\u00f3nica personalizable\" title=\"Terapia biofot\u00f3nica\" src=\"https:\/\/www.idermic.es\/wp-content\/uploads\/2025\/01\/Terapia-biofotonica-5-186x300.jpg\" class=\"img-responsive wp-image-6986\" srcset=\"https:\/\/www.idermic.es\/wp-content\/uploads\/2025\/01\/Terapia-biofotonica-5-200x322.jpg 200w, https:\/\/www.idermic.es\/wp-content\/uploads\/2025\/01\/Terapia-biofotonica-5-400x644.jpg 400w, https:\/\/www.idermic.es\/wp-content\/uploads\/2025\/01\/Terapia-biofotonica-5.jpg 466w\" sizes=\"(max-width: 800px) 100vw, 186px\" \/><\/span><\/div><div class=\"fusion-clearfix\"><\/div><\/div><\/div><div class=\"fusion-layout-column fusion_builder_column fusion-builder-column-8 fusion_builder_column_1_3 1_3 fusion-one-third fusion-column-last\" style=\"--awb-bg-size:cover;width:33.333333333333%;width:calc(33.333333333333% - ( ( 4% + 4% ) * 0.33333333333333 ) );\"><div class=\"fusion-column-wrapper fusion-flex-column-wrapper-legacy\"><div class=\"fusion-image-element in-legacy-container\" style=\"--awb-caption-title-font-family:var(--h2_typography-font-family);--awb-caption-title-font-weight:var(--h2_typography-font-weight);--awb-caption-title-font-style:var(--h2_typography-font-style);--awb-caption-title-size:var(--h2_typography-font-size);--awb-caption-title-transform:var(--h2_typography-text-transform);--awb-caption-title-line-height:var(--h2_typography-line-height);--awb-caption-title-letter-spacing:var(--h2_typography-letter-spacing);\"><span class=\" fusion-imageframe imageframe-none imageframe-4 hover-type-none\"><img decoding=\"async\" width=\"195\" height=\"300\" alt=\"Terapia Biofot\u00f3nica con el Fotoage de @skymedicoficial.\" title=\"Terapia biofot\u00f3nica\" src=\"https:\/\/www.idermic.es\/wp-content\/uploads\/2025\/01\/Terapia-biofotonica-1-195x300.jpg\" class=\"img-responsive wp-image-6994\" srcset=\"https:\/\/www.idermic.es\/wp-content\/uploads\/2025\/01\/Terapia-biofotonica-1-200x307.jpg 200w, https:\/\/www.idermic.es\/wp-content\/uploads\/2025\/01\/Terapia-biofotonica-1-400x614.jpg 400w, https:\/\/www.idermic.es\/wp-content\/uploads\/2025\/01\/Terapia-biofotonica-1.jpg 463w\" sizes=\"(max-width: 800px) 100vw, 195px\" \/><\/span><\/div><div class=\"fusion-clearfix\"><\/div><\/div><\/div><\/div><\/div><div class=\"fusion-fullwidth fullwidth-box fusion-builder-row-7 fusion-flex-container has-pattern-background has-mask-background nonhundred-percent-fullwidth non-hundred-percent-height-scrolling\" style=\"--awb-border-radius-top-left:0px;--awb-border-radius-top-right:0px;--awb-border-radius-bottom-right:0px;--awb-border-radius-bottom-left:0px;--awb-flex-wrap:wrap;\" ><div class=\"fusion-builder-row fusion-row fusion-flex-align-items-flex-start fusion-flex-content-wrap\" style=\"max-width:1227.2px;margin-left: calc(-4% \/ 2 );margin-right: calc(-4% \/ 2 );\"><div class=\"fusion-layout-column fusion_builder_column fusion-builder-column-9 fusion_builder_column_1_1 1_1 fusion-flex-column\" style=\"--awb-bg-size:cover;--awb-width-large:100%;--awb-margin-top-large:0px;--awb-spacing-right-large:1.92%;--awb-margin-bottom-large:0px;--awb-spacing-left-large:1.92%;--awb-width-medium:100%;--awb-order-medium:0;--awb-spacing-right-medium:1.92%;--awb-spacing-left-medium:1.92%;--awb-width-small:100%;--awb-order-small:0;--awb-spacing-right-small:1.92%;--awb-spacing-left-small:1.92%;\"><div class=\"fusion-column-wrapper fusion-column-has-shadow fusion-flex-justify-content-flex-start fusion-content-layout-column\"><div class=\"fusion-separator fusion-full-width-sep\" style=\"align-self: center;margin-left: auto;margin-right: auto;width:100%;\"><div class=\"fusion-separator-border sep-double\" style=\"--awb-height:20px;--awb-amount:20px;border-color:#e0dede;border-top-width:1px;border-bottom-width:1px;\"><\/div><\/div><\/div><\/div><\/div><\/div><div class=\"fusion-fullwidth fullwidth-box fusion-builder-row-8 nonhundred-percent-fullwidth non-hundred-percent-height-scrolling\" style=\"--awb-border-radius-top-left:0px;--awb-border-radius-top-right:0px;--awb-border-radius-bottom-right:0px;--awb-border-radius-bottom-left:0px;--awb-flex-wrap:wrap;\" ><div class=\"fusion-builder-row fusion-row\"><div class=\"fusion-layout-column fusion_builder_column fusion-builder-column-10 fusion_builder_column_1_1 1_1 fusion-one-full fusion-column-first fusion-column-last\" style=\"--awb-bg-size:cover;\"><div class=\"fusion-column-wrapper fusion-flex-column-wrapper-legacy\"><div class=\"fusion-video fusion-youtube\" style=\"--awb-max-width:600px;--awb-max-height:360px;\"><div class=\"video-shortcode\"><div class=\"fluid-width-video-wrapper\" style=\"padding-top:60%;\" ><iframe title=\"YouTube video player 1\" src=\"https:\/\/www.youtube.com\/embed\/bbBO9olVG_w?wmode=transparent&autoplay=0\" width=\"600\" height=\"360\" allowfullscreen allow=\"autoplay; clipboard-write; encrypted-media; gyroscope; picture-in-picture;\"><\/iframe><\/div><\/div><\/div><div class=\"fusion-clearfix\"><\/div><\/div><\/div><\/div><\/div><div class=\"fusion-fullwidth fullwidth-box fusion-builder-row-9 nonhundred-percent-fullwidth non-hundred-percent-height-scrolling\" style=\"--awb-border-radius-top-left:0px;--awb-border-radius-top-right:0px;--awb-border-radius-bottom-right:0px;--awb-border-radius-bottom-left:0px;--awb-flex-wrap:wrap;\" ><div class=\"fusion-builder-row fusion-row\"><div class=\"fusion-layout-column fusion_builder_column fusion-builder-column-11 fusion_builder_column_1_1 1_1 fusion-one-full fusion-column-first fusion-column-last\" style=\"--awb-bg-size:cover;\"><div class=\"fusion-column-wrapper fusion-flex-column-wrapper-legacy\"><div class=\"fusion-sep-clear\"><\/div><div class=\"fusion-separator fusion-full-width-sep\" style=\"margin-left: auto;margin-right: auto;width:100%;\"><div class=\"fusion-separator-border sep-double\" style=\"--awb-height:20px;--awb-amount:20px;border-color:#e0dede;border-top-width:1px;border-bottom-width:1px;\"><\/div><\/div><div class=\"fusion-sep-clear\"><\/div><div class=\"fusion-clearfix\"><\/div><\/div><\/div><\/div><\/div><div class=\"fusion-fullwidth fullwidth-box fusion-builder-row-10 nonhundred-percent-fullwidth non-hundred-percent-height-scrolling\" style=\"--awb-border-radius-top-left:0px;--awb-border-radius-top-right:0px;--awb-border-radius-bottom-right:0px;--awb-border-radius-bottom-left:0px;--awb-flex-wrap:wrap;\" ><div class=\"fusion-builder-row fusion-row\"><div class=\"fusion-layout-column fusion_builder_column fusion-builder-column-12 fusion_builder_column_1_1 1_1 fusion-one-full fusion-column-first fusion-column-last\" style=\"--awb-bg-size:cover;\"><div class=\"fusion-column-wrapper fusion-flex-column-wrapper-legacy\"><div class=\"fusion-text fusion-text-5\"><h2>Diferencias entre el tratamiento Fotoage y el peeling qu\u00edmico<\/h2>\n<p>Aunque tanto el <strong>Fotoage<\/strong> como el <strong>peeling qu\u00edmico<\/strong> son tratamientos utilizados para mejorar la calidad de la piel y combatir los signos del envejecimiento, sus m\u00e9todos, objetivos y resultados var\u00edan significativamente. A continuaci\u00f3n, te explicamos sus principales diferencias:<\/p>\n<h4>1. <strong>T\u00e9cnica utilizada<\/strong><\/h4>\n<ul>\n<li><strong>Fotoage:<\/strong> Utiliza tecnolog\u00edas avanzadas de luz, como la fototerapia LED o la luz pulsada intensa (IPL), para estimular la producci\u00f3n de col\u00e1geno, tratar manchas y mejorar la textura de la piel sin causar descamaci\u00f3n visible.<\/li>\n<li><strong>Peeling qu\u00edmico:<\/strong> Se basa en la aplicaci\u00f3n de \u00e1cidos espec\u00edficos (como el \u00e1cido glic\u00f3lico, salic\u00edlico o tricloroac\u00e9tico) para exfoliar las capas superficiales de la piel, eliminando c\u00e9lulas muertas y promoviendo la regeneraci\u00f3n cut\u00e1nea.<\/li>\n<\/ul>\n<h4>2. <strong>Invasividad<\/strong><\/h4>\n<ul>\n<li><strong>Fotoage:<\/strong> Es un procedimiento <strong>no invasivo<\/strong> que no genera molestias significativas ni requiere tiempo de recuperaci\u00f3n. La piel queda intacta y puedes retomar tus actividades diarias inmediatamente.<\/li>\n<li><strong>Peeling qu\u00edmico:<\/strong> Dependiendo de la profundidad del peeling (superficial, medio o profundo), puede causar enrojecimiento, descamaci\u00f3n visible e incluso inflamaci\u00f3n, lo que requiere ciertos cuidados posteriores y tiempo de recuperaci\u00f3n.<\/li>\n<\/ul>\n<h4>3. <strong>Resultados esperados<\/strong><\/h4>\n<ul>\n<li><strong>Fotoage:<\/strong> Ofrece un rejuvenecimiento global al mejorar la firmeza, textura, luminosidad y tono de la piel de manera progresiva y natural. Los resultados suelen ser visibles desde las primeras sesiones.<\/li>\n<li><strong>Peeling qu\u00edmico:<\/strong> Su objetivo principal es la renovaci\u00f3n celular r\u00e1pida, siendo especialmente eficaz para eliminar manchas, tratar cicatrices de acn\u00e9 y reducir arrugas superficiales.<\/li>\n<\/ul>\n<h4>4. <strong>Tipo de piel y personalizaci\u00f3n<\/strong><\/h4>\n<ul>\n<li><strong>Fotoage:<\/strong> Es apto para todo tipo de pieles y puede personalizarse seg\u00fan las necesidades espec\u00edficas de cada persona, ajustando la intensidad de la luz o combin\u00e1ndolo con activos t\u00f3picos.<\/li>\n<li><strong>Peeling qu\u00edmico:<\/strong> Requiere una evaluaci\u00f3n m\u00e1s cuidadosa, ya que ciertos \u00e1cidos pueden no ser recomendables para pieles sensibles, oscuras o con determinadas condiciones dermatol\u00f3gicas.<\/li>\n<\/ul>\n<h4>5. <strong>Tiempo de recuperaci\u00f3n<\/strong><\/h4>\n<ul>\n<li><strong>Fotoage:<\/strong> No requiere tiempo de recuperaci\u00f3n. Es una opci\u00f3n ideal para quienes buscan tratamientos r\u00e1pidos y efectivos sin interrupciones en su rutina.<\/li>\n<li><strong>Peeling qu\u00edmico:<\/strong> Dependiendo de la intensidad, puede requerir varios d\u00edas para que la piel se recupere completamente tras la descamaci\u00f3n.<\/li>\n<\/ul>\n<p>Ambos tratamientos tienen sus ventajas y aplicaciones espec\u00edficas. La elecci\u00f3n entre Fotoage y peeling qu\u00edmico depender\u00e1 de tus objetivos, tipo de piel y el tiempo que est\u00e9s dispuesto a dedicar al proceso de recuperaci\u00f3n. Un especialista podr\u00e1 recomendarte la mejor opci\u00f3n seg\u00fan tus necesidades.<\/p>\n<p>La terapia biofot\u00f3nica se posiciona como una soluci\u00f3n vers\u00e1til y eficaz para quienes buscan mejorar la apariencia y la salud de su piel. Su capacidad para combinar tecnolog\u00eda avanzada con resultados visibles la convierte en una opci\u00f3n prometedora en el campo de la dermatolog\u00eda.<\/p>\n<p>Para cualquier consulta sobre terapia biofot\u00f3nica y el tratamiento Fotoage, en Idermic, tu <a href=\"http:\/\/idermic.es\/\">dermat\u00f3logo en Terrassa<\/a> estaremos encantados de atenderte.<\/p>\n<\/div><div class=\"fusion-clearfix\"><\/div><\/div><\/div><\/div><\/div><div class=\"fusion-fullwidth fullwidth-box fusion-builder-row-11 nonhundred-percent-fullwidth non-hundred-percent-height-scrolling\" style=\"--awb-border-radius-top-left:0px;--awb-border-radius-top-right:0px;--awb-border-radius-bottom-right:0px;--awb-border-radius-bottom-left:0px;--awb-flex-wrap:wrap;\" ><div class=\"fusion-builder-row fusion-row\"><div class=\"fusion-layout-column fusion_builder_column fusion-builder-column-13 fusion_builder_column_1_1 1_1 fusion-one-full fusion-column-first fusion-column-last\" style=\"--awb-bg-size:cover;\"><div class=\"fusion-column-wrapper fusion-flex-column-wrapper-legacy\"><div class=\"fusion-sep-clear\"><\/div><div class=\"fusion-separator fusion-full-width-sep\" style=\"margin-left: auto;margin-right: auto;width:100%;\"><div class=\"fusion-separator-border sep-double\" style=\"--awb-height:20px;--awb-amount:20px;border-color:#e0dede;border-top-width:1px;border-bottom-width:1px;\"><\/div><\/div><div class=\"fusion-sep-clear\"><\/div><div class=\"fusion-clearfix\"><\/div><\/div><\/div><\/div><\/div><div class=\"fusion-fullwidth fullwidth-box fusion-builder-row-12 nonhundred-percent-fullwidth non-hundred-percent-height-scrolling\" style=\"--awb-border-radius-top-left:0px;--awb-border-radius-top-right:0px;--awb-border-radius-bottom-right:0px;--awb-border-radius-bottom-left:0px;--awb-flex-wrap:wrap;\" ><div class=\"fusion-builder-row fusion-row\"><div class=\"fusion-layout-column fusion_builder_column fusion-builder-column-14 fusion_builder_column_1_1 1_1 fusion-one-full fusion-column-first fusion-column-last\" style=\"--awb-bg-size:cover;\"><div class=\"fusion-column-wrapper fusion-flex-column-wrapper-legacy\"><blockquote class=\"instagram-media\" data-instgrm-captioned data-instgrm-permalink=\"https:\/\/www.instagram.com\/reel\/C_IdvMTAmxW\/?utm_source=ig_embed&utm_campaign=loading\" data-instgrm-version=\"14\" style=\" background:#FFF; border:0; border-radius:3px; box-shadow:0 0 1px 0 rgba(0,0,0,0.5),0 1px 10px 0 rgba(0,0,0,0.15); margin: 1px; max-width:540px; min-width:326px; padding:0; width:99.375%; width:-webkit-calc(100% - 2px); width:calc(100% - 2px);\"><div style=\"padding:16px;\"> <a href=\"https:\/\/www.instagram.com\/reel\/C_IdvMTAmxW\/?utm_source=ig_embed&utm_campaign=loading\" style=\" background:#FFFFFF; line-height:0; padding:0 0; text-align:center; text-decoration:none; width:100%;\" target=\"_blank\"> <div style=\" display: flex; flex-direction: row; align-items: center;\"> <div style=\"background-color: #F4F4F4; border-radius: 50%; flex-grow: 0; height: 40px; margin-right: 14px; width: 40px;\"><\/div> <div style=\"display: flex; flex-direction: column; flex-grow: 1; justify-content: center;\"> <div style=\" background-color: #F4F4F4; border-radius: 4px; flex-grow: 0; height: 14px; margin-bottom: 6px; width: 100px;\"><\/div> <div style=\" background-color: #F4F4F4; border-radius: 4px; flex-grow: 0; height: 14px; width: 60px;\"><\/div><\/div><\/div><div style=\"padding: 19% 0;\"><\/div> <div style=\"display:block; height:50px; margin:0 auto 12px; width:50px;\"><svg width=\"50px\" height=\"50px\" viewBox=\"0 0 60 60\" version=\"1.1\" xmlns=\"https:\/\/www.w3.org\/2000\/svg\" xmlns:xlink=\"https:\/\/www.w3.org\/1999\/xlink\"><g stroke=\"none\" stroke-width=\"1\" fill=\"none\" fill-rule=\"evenodd\"><g transform=\"translate(-511.000000, -20.000000)\" fill=\"#000000\"><g><path d=\"M556.869,30.41 C554.814,30.41 553.148,32.076 553.148,34.131 C553.148,36.186 554.814,37.852 556.869,37.852 C558.924,37.852 560.59,36.186 560.59,34.131 C560.59,32.076 558.924,30.41 556.869,30.41 M541,60.657 C535.114,60.657 530.342,55.887 530.342,50 C530.342,44.114 535.114,39.342 541,39.342 C546.887,39.342 551.658,44.114 551.658,50 C551.658,55.887 546.887,60.657 541,60.657 M541,33.886 C532.1,33.886 524.886,41.1 524.886,50 C524.886,58.899 532.1,66.113 541,66.113 C549.9,66.113 557.115,58.899 557.115,50 C557.115,41.1 549.9,33.886 541,33.886 M565.378,62.101 C565.244,65.022 564.756,66.606 564.346,67.663 C563.803,69.06 563.154,70.057 562.106,71.106 C561.058,72.155 560.06,72.803 558.662,73.347 C557.607,73.757 556.021,74.244 553.102,74.378 C549.944,74.521 548.997,74.552 541,74.552 C533.003,74.552 532.056,74.521 528.898,74.378 C525.979,74.244 524.393,73.757 523.338,73.347 C521.94,72.803 520.942,72.155 519.894,71.106 C518.846,70.057 518.197,69.06 517.654,67.663 C517.244,66.606 516.755,65.022 516.623,62.101 C516.479,58.943 516.448,57.996 516.448,50 C516.448,42.003 516.479,41.056 516.623,37.899 C516.755,34.978 517.244,33.391 517.654,32.338 C518.197,30.938 518.846,29.942 519.894,28.894 C520.942,27.846 521.94,27.196 523.338,26.654 C524.393,26.244 525.979,25.756 528.898,25.623 C532.057,25.479 533.004,25.448 541,25.448 C548.997,25.448 549.943,25.479 553.102,25.623 C556.021,25.756 557.607,26.244 558.662,26.654 C560.06,27.196 561.058,27.846 562.106,28.894 C563.154,29.942 563.803,30.938 564.346,32.338 C564.756,33.391 565.244,34.978 565.378,37.899 C565.522,41.056 565.552,42.003 565.552,50 C565.552,57.996 565.522,58.943 565.378,62.101 M570.82,37.631 C570.674,34.438 570.167,32.258 569.425,30.349 C568.659,28.377 567.633,26.702 565.965,25.035 C564.297,23.368 562.623,22.342 560.652,21.575 C558.743,20.834 556.562,20.326 553.369,20.18 C550.169,20.033 549.148,20 541,20 C532.853,20 531.831,20.033 528.631,20.18 C525.438,20.326 523.257,20.834 521.349,21.575 C519.376,22.342 517.703,23.368 516.035,25.035 C514.368,26.702 513.342,28.377 512.574,30.349 C511.834,32.258 511.326,34.438 511.181,37.631 C511.035,40.831 511,41.851 511,50 C511,58.147 511.035,59.17 511.181,62.369 C511.326,65.562 511.834,67.743 512.574,69.651 C513.342,71.625 514.368,73.296 516.035,74.965 C517.703,76.634 519.376,77.658 521.349,78.425 C523.257,79.167 525.438,79.673 528.631,79.82 C531.831,79.965 532.853,80.001 541,80.001 C549.148,80.001 550.169,79.965 553.369,79.82 C556.562,79.673 558.743,79.167 560.652,78.425 C562.623,77.658 564.297,76.634 565.965,74.965 C567.633,73.296 568.659,71.625 569.425,69.651 C570.167,67.743 570.674,65.562 570.82,62.369 C570.966,59.17 571,58.147 571,50 C571,41.851 570.966,40.831 570.82,37.631\"><\/path><\/g><\/g><\/g><\/svg><\/div><div style=\"padding-top: 8px;\"> <div style=\" color:#3897f0; font-family:Arial,sans-serif; font-size:14px; font-style:normal; font-weight:550; line-height:18px;\">Ver esta publicaci\u00f3n en Instagram<\/div><\/div><div style=\"padding: 12.5% 0;\"><\/div> <div style=\"display: flex; flex-direction: row; margin-bottom: 14px; align-items: center;\"><div> <div style=\"background-color: #F4F4F4; border-radius: 50%; height: 12.5px; width: 12.5px; transform: translateX(0px) translateY(7px);\"><\/div> <div style=\"background-color: #F4F4F4; height: 12.5px; transform: rotate(-45deg) translateX(3px) translateY(1px); width: 12.5px; flex-grow: 0; margin-right: 14px; margin-left: 2px;\"><\/div> <div style=\"background-color: #F4F4F4; border-radius: 50%; height: 12.5px; width: 12.5px; transform: translateX(9px) translateY(-18px);\"><\/div><\/div><div style=\"margin-left: 8px;\"> <div style=\" background-color: #F4F4F4; border-radius: 50%; flex-grow: 0; height: 20px; width: 20px;\"><\/div> <div style=\" width: 0; height: 0; border-top: 2px solid transparent; border-left: 6px solid #f4f4f4; border-bottom: 2px solid transparent; transform: translateX(16px) translateY(-4px) rotate(30deg)\"><\/div><\/div><div style=\"margin-left: auto;\"> <div style=\" width: 0px; border-top: 8px solid #F4F4F4; border-right: 8px solid transparent; transform: translateY(16px);\"><\/div> <div style=\" background-color: #F4F4F4; flex-grow: 0; height: 12px; width: 16px; transform: translateY(-4px);\"><\/div> <div style=\" width: 0; height: 0; border-top: 8px solid #F4F4F4; border-left: 8px solid transparent; transform: translateY(-4px) translateX(8px);\"><\/div><\/div><\/div> <div style=\"display: flex; flex-direction: column; flex-grow: 1; justify-content: center; margin-bottom: 24px;\"> <div style=\" background-color: #F4F4F4; border-radius: 4px; flex-grow: 0; height: 14px; margin-bottom: 6px; width: 224px;\"><\/div> <div style=\" background-color: #F4F4F4; border-radius: 4px; flex-grow: 0; height: 14px; width: 144px;\"><\/div><\/div><\/a><p style=\" color:#c9c8cd; font-family:Arial,sans-serif; font-size:14px; line-height:17px; margin-bottom:0; margin-top:8px; overflow:hidden; padding:8px 0 7px; text-align:center; text-overflow:ellipsis; white-space:nowrap;\"><a href=\"https:\/\/www.instagram.com\/reel\/C_IdvMTAmxW\/?utm_source=ig_embed&utm_campaign=loading\" style=\" color:#c9c8cd; font-family:Arial,sans-serif; font-size:14px; font-style:normal; font-weight:normal; line-height:17px; text-decoration:none;\" target=\"_blank\">Una publicaci\u00f3n compartida por Dermatolog\u00eda m\u00e9dica y est\u00e9tica (@idermicclinic)<\/a><\/p><\/div><\/blockquote>\n<script async src=\"\/\/www.instagram.com\/embed.js\"><\/script><div class=\"fusion-clearfix\"><\/div><\/div><\/div><\/div><\/div><\/p>\n","protected":false},"excerpt":{"rendered":"<p>Terapia biofot\u00f3nica en Idermic: tratamiento sin dolor para acn\u00e9, rejuvenecimiento y regeneraci\u00f3n celular con luz fluorescente.<\/p>\n","protected":false},"author":3,"featured_media":6992,"comment_status":"open","ping_status":"closed","sticky":false,"template":"","format":"standard","meta":{"_joinchat":[],"footnotes":""},"categories":[52,37],"tags":[104,48],"class_list":["post-6982","post","type-post","status-publish","format-standard","has-post-thumbnail","hentry","category-dermatologia","category-tecnologia","tag-piel","tag-rejuvenecimiento-de-la-piel"],"yoast_head":"<!-- This site is optimized with the Yoast SEO plugin v28.4 - https:\/\/yoast.com\/product\/yoast-seo-wordpress\/ -->\n<title>Terapia biofot\u00f3nica -<\/title>\n<meta name=\"description\" content=\"Terapia biofot\u00f3nica en Idermic: tratamiento sin dolor para acn\u00e9, rejuvenecimiento y regeneraci\u00f3n celular con luz fluorescente.\" \/>\n<meta name=\"robots\" content=\"index, follow, max-snippet:-1, max-image-preview:large, max-video-preview:-1\" \/>\n<link rel=\"canonical\" href=\"https:\/\/www.idermic.es\/es\/terapia-biofotonica\/\" \/>\n<meta property=\"og:locale\" content=\"es_ES\" \/>\n<meta property=\"og:type\" content=\"article\" \/>\n<meta property=\"og:title\" content=\"Terapia biofot\u00f3nica -\" \/>\n<meta property=\"og:description\" content=\"Terapia biofot\u00f3nica en Idermic: tratamiento sin dolor para acn\u00e9, rejuvenecimiento y regeneraci\u00f3n celular con luz fluorescente.\" \/>\n<meta property=\"og:url\" content=\"https:\/\/www.idermic.es\/es\/terapia-biofotonica\/\" \/>\n<meta property=\"og:site_name\" content=\"Idermic. Dermatolog\u00eda en Terrassa\" \/>\n<meta property=\"article:publisher\" content=\"https:\/\/www.facebook.com\/Idermic\" \/>\n<meta property=\"article:published_time\" content=\"2025-01-27T08:51:42+00:00\" \/>\n<meta property=\"article:modified_time\" content=\"2026-08-04T09:54:38+00:00\" \/>\n<meta property=\"og:image\" content=\"https:\/\/www.idermic.es\/wp-content\/uploads\/2025\/01\/Terapia-biofotonica-2.jpg\" \/>\n\t<meta property=\"og:image:width\" content=\"463\" \/>\n\t<meta property=\"og:image:height\" content=\"777\" \/>\n\t<meta property=\"og:image:type\" content=\"image\/jpeg\" \/>\n<meta name=\"author\" content=\"Equipo\" \/>\n<meta name=\"twitter:card\" content=\"summary_large_image\" \/>\n<meta name=\"twitter:creator\" content=\"@idermic\" \/>\n<meta name=\"twitter:site\" content=\"@idermic\" \/>\n<meta name=\"twitter:label1\" content=\"Escrito por\" \/>\n\t<meta name=\"twitter:data1\" content=\"Equipo\" \/>\n\t<meta name=\"twitter:label2\" content=\"Tiempo de lectura\" \/>\n\t<meta name=\"twitter:data2\" content=\"10 minutos\" \/>\n<script type=\"application\/ld+json\" class=\"yoast-schema-graph\">{\"@context\":\"https:\\\/\\\/schema.org\",\"@graph\":[{\"@type\":\"Article\",\"@id\":\"https:\\\/\\\/www.idermic.es\\\/es\\\/terapia-biofotonica\\\/#article\",\"isPartOf\":{\"@id\":\"https:\\\/\\\/www.idermic.es\\\/es\\\/terapia-biofotonica\\\/\"},\"author\":{\"name\":\"Equipo\",\"@id\":\"https:\\\/\\\/www.idermic.es\\\/#\\\/schema\\\/person\\\/c12703027a878b23d3c71c87921a82f8\"},\"headline\":\"Terapia biofot\u00f3nica\",\"datePublished\":\"2025-01-27T08:51:42+00:00\",\"dateModified\":\"2026-08-04T09:54:38+00:00\",\"mainEntityOfPage\":{\"@id\":\"https:\\\/\\\/www.idermic.es\\\/es\\\/terapia-biofotonica\\\/\"},\"wordCount\":7070,\"commentCount\":0,\"publisher\":{\"@id\":\"https:\\\/\\\/www.idermic.es\\\/#organization\"},\"image\":{\"@id\":\"https:\\\/\\\/www.idermic.es\\\/es\\\/terapia-biofotonica\\\/#primaryimage\"},\"thumbnailUrl\":\"https:\\\/\\\/www.idermic.es\\\/wp-content\\\/uploads\\\/2025\\\/01\\\/Terapia-biofotonica-2.jpg\",\"keywords\":[\"piel\",\"rejuvenecimiento de la piel\"],\"articleSection\":[\"Dermatolog\u00eda\",\"Tecnolog\u00eda\"],\"inLanguage\":\"es\",\"potentialAction\":[{\"@type\":\"CommentAction\",\"name\":\"Comment\",\"target\":[\"https:\\\/\\\/www.idermic.es\\\/es\\\/terapia-biofotonica\\\/#respond\"]}]},{\"@type\":\"WebPage\",\"@id\":\"https:\\\/\\\/www.idermic.es\\\/es\\\/terapia-biofotonica\\\/\",\"url\":\"https:\\\/\\\/www.idermic.es\\\/es\\\/terapia-biofotonica\\\/\",\"name\":\"Terapia biofot\u00f3nica -\",\"isPartOf\":{\"@id\":\"https:\\\/\\\/www.idermic.es\\\/#website\"},\"primaryImageOfPage\":{\"@id\":\"https:\\\/\\\/www.idermic.es\\\/es\\\/terapia-biofotonica\\\/#primaryimage\"},\"image\":{\"@id\":\"https:\\\/\\\/www.idermic.es\\\/es\\\/terapia-biofotonica\\\/#primaryimage\"},\"thumbnailUrl\":\"https:\\\/\\\/www.idermic.es\\\/wp-content\\\/uploads\\\/2025\\\/01\\\/Terapia-biofotonica-2.jpg\",\"datePublished\":\"2025-01-27T08:51:42+00:00\",\"dateModified\":\"2026-08-04T09:54:38+00:00\",\"description\":\"Terapia biofot\u00f3nica en Idermic: tratamiento sin dolor para acn\u00e9, rejuvenecimiento y regeneraci\u00f3n celular con luz fluorescente.\",\"breadcrumb\":{\"@id\":\"https:\\\/\\\/www.idermic.es\\\/es\\\/terapia-biofotonica\\\/#breadcrumb\"},\"inLanguage\":\"es\",\"potentialAction\":[{\"@type\":\"ReadAction\",\"target\":[\"https:\\\/\\\/www.idermic.es\\\/es\\\/terapia-biofotonica\\\/\"]}]},{\"@type\":\"ImageObject\",\"inLanguage\":\"es\",\"@id\":\"https:\\\/\\\/www.idermic.es\\\/es\\\/terapia-biofotonica\\\/#primaryimage\",\"url\":\"https:\\\/\\\/www.idermic.es\\\/wp-content\\\/uploads\\\/2025\\\/01\\\/Terapia-biofotonica-2.jpg\",\"contentUrl\":\"https:\\\/\\\/www.idermic.es\\\/wp-content\\\/uploads\\\/2025\\\/01\\\/Terapia-biofotonica-2.jpg\",\"width\":463,\"height\":777,\"caption\":\"Terapia Biofot\u00f3nica con el Fotoage de @skymedicoficial.\"},{\"@type\":\"BreadcrumbList\",\"@id\":\"https:\\\/\\\/www.idermic.es\\\/es\\\/terapia-biofotonica\\\/#breadcrumb\",\"itemListElement\":[{\"@type\":\"ListItem\",\"position\":1,\"name\":\"Inici\",\"item\":\"https:\\\/\\\/www.idermic.es\\\/es\\\/\"},{\"@type\":\"ListItem\",\"position\":2,\"name\":\"Terapia biofot\u00f3nica\"}]},{\"@type\":\"WebSite\",\"@id\":\"https:\\\/\\\/www.idermic.es\\\/#website\",\"url\":\"https:\\\/\\\/www.idermic.es\\\/\",\"name\":\"Idermic. Dermatolog\u00eda en Terrassa\",\"description\":\"Dermatolog\u00eda, Medicina est\u00e9tica, Cirurg\u00eda Pl\u00e0stica\",\"publisher\":{\"@id\":\"https:\\\/\\\/www.idermic.es\\\/#organization\"},\"potentialAction\":[{\"@type\":\"SearchAction\",\"target\":{\"@type\":\"EntryPoint\",\"urlTemplate\":\"https:\\\/\\\/www.idermic.es\\\/?s={search_term_string}\"},\"query-input\":{\"@type\":\"PropertyValueSpecification\",\"valueRequired\":true,\"valueName\":\"search_term_string\"}}],\"inLanguage\":\"es\"},{\"@type\":\"Organization\",\"@id\":\"https:\\\/\\\/www.idermic.es\\\/#organization\",\"name\":\"Idermic. Dermatolog\u00eda en Terrassa\",\"url\":\"https:\\\/\\\/www.idermic.es\\\/\",\"logo\":{\"@type\":\"ImageObject\",\"inLanguage\":\"es\",\"@id\":\"https:\\\/\\\/www.idermic.es\\\/#\\\/schema\\\/logo\\\/image\\\/\",\"url\":\"https:\\\/\\\/www.idermic.es\\\/wp-content\\\/uploads\\\/2025\\\/10\\\/Logo-Idermic.jpg\",\"contentUrl\":\"https:\\\/\\\/www.idermic.es\\\/wp-content\\\/uploads\\\/2025\\\/10\\\/Logo-Idermic.jpg\",\"width\":501,\"height\":502,\"caption\":\"Idermic. Dermatolog\u00eda en Terrassa\"},\"image\":{\"@id\":\"https:\\\/\\\/www.idermic.es\\\/#\\\/schema\\\/logo\\\/image\\\/\"},\"sameAs\":[\"https:\\\/\\\/www.facebook.com\\\/Idermic\",\"https:\\\/\\\/x.com\\\/idermic\",\"https:\\\/\\\/www.instagram.com\\\/idermicclinic\\\/\",\"https:\\\/\\\/www.youtube.com\\\/channel\\\/UCyAHC9-p8lc6hr_nguO8p_g\"]},{\"@type\":\"Person\",\"@id\":\"https:\\\/\\\/www.idermic.es\\\/#\\\/schema\\\/person\\\/c12703027a878b23d3c71c87921a82f8\",\"name\":\"Equipo\",\"image\":{\"@type\":\"ImageObject\",\"inLanguage\":\"es\",\"@id\":\"https:\\\/\\\/secure.gravatar.com\\\/avatar\\\/7ca0be23248108c6b0887e0693b7dcf7764bd3503f84d1f04e6653ef7c3b9420?s=96&d=mm&r=g\",\"url\":\"https:\\\/\\\/secure.gravatar.com\\\/avatar\\\/7ca0be23248108c6b0887e0693b7dcf7764bd3503f84d1f04e6653ef7c3b9420?s=96&d=mm&r=g\",\"contentUrl\":\"https:\\\/\\\/secure.gravatar.com\\\/avatar\\\/7ca0be23248108c6b0887e0693b7dcf7764bd3503f84d1f04e6653ef7c3b9420?s=96&d=mm&r=g\",\"caption\":\"Equipo\"},\"description\":\"Equipo de Idermic\"}]}<\/script>\n<!-- \/ Yoast SEO plugin. -->","yoast_head_json":{"title":"Terapia biofot\u00f3nica -","description":"Terapia biofot\u00f3nica en Idermic: tratamiento sin dolor para acn\u00e9, rejuvenecimiento y regeneraci\u00f3n celular con luz fluorescente.","robots":{"index":"index","follow":"follow","max-snippet":"max-snippet:-1","max-image-preview":"max-image-preview:large","max-video-preview":"max-video-preview:-1"},"canonical":"https:\/\/www.idermic.es\/es\/terapia-biofotonica\/","og_locale":"es_ES","og_type":"article","og_title":"Terapia biofot\u00f3nica -","og_description":"Terapia biofot\u00f3nica en Idermic: tratamiento sin dolor para acn\u00e9, rejuvenecimiento y regeneraci\u00f3n celular con luz fluorescente.","og_url":"https:\/\/www.idermic.es\/es\/terapia-biofotonica\/","og_site_name":"Idermic. Dermatolog\u00eda en Terrassa","article_publisher":"https:\/\/www.facebook.com\/Idermic","article_published_time":"2025-01-27T08:51:42+00:00","article_modified_time":"2026-08-04T09:54:38+00:00","og_image":[{"width":463,"height":777,"url":"https:\/\/www.idermic.es\/wp-content\/uploads\/2025\/01\/Terapia-biofotonica-2.jpg","type":"image\/jpeg"}],"author":"Equipo","twitter_card":"summary_large_image","twitter_creator":"@idermic","twitter_site":"@idermic","twitter_misc":{"Escrito por":"Equipo","Tiempo de lectura":"10 minutos"},"schema":{"@context":"https:\/\/schema.org","@graph":[{"@type":"Article","@id":"https:\/\/www.idermic.es\/es\/terapia-biofotonica\/#article","isPartOf":{"@id":"https:\/\/www.idermic.es\/es\/terapia-biofotonica\/"},"author":{"name":"Equipo","@id":"https:\/\/www.idermic.es\/#\/schema\/person\/c12703027a878b23d3c71c87921a82f8"},"headline":"Terapia biofot\u00f3nica","datePublished":"2025-01-27T08:51:42+00:00","dateModified":"2026-08-04T09:54:38+00:00","mainEntityOfPage":{"@id":"https:\/\/www.idermic.es\/es\/terapia-biofotonica\/"},"wordCount":7070,"commentCount":0,"publisher":{"@id":"https:\/\/www.idermic.es\/#organization"},"image":{"@id":"https:\/\/www.idermic.es\/es\/terapia-biofotonica\/#primaryimage"},"thumbnailUrl":"https:\/\/www.idermic.es\/wp-content\/uploads\/2025\/01\/Terapia-biofotonica-2.jpg","keywords":["piel","rejuvenecimiento de la piel"],"articleSection":["Dermatolog\u00eda","Tecnolog\u00eda"],"inLanguage":"es","potentialAction":[{"@type":"CommentAction","name":"Comment","target":["https:\/\/www.idermic.es\/es\/terapia-biofotonica\/#respond"]}]},{"@type":"WebPage","@id":"https:\/\/www.idermic.es\/es\/terapia-biofotonica\/","url":"https:\/\/www.idermic.es\/es\/terapia-biofotonica\/","name":"Terapia biofot\u00f3nica -","isPartOf":{"@id":"https:\/\/www.idermic.es\/#website"},"primaryImageOfPage":{"@id":"https:\/\/www.idermic.es\/es\/terapia-biofotonica\/#primaryimage"},"image":{"@id":"https:\/\/www.idermic.es\/es\/terapia-biofotonica\/#primaryimage"},"thumbnailUrl":"https:\/\/www.idermic.es\/wp-content\/uploads\/2025\/01\/Terapia-biofotonica-2.jpg","datePublished":"2025-01-27T08:51:42+00:00","dateModified":"2026-08-04T09:54:38+00:00","description":"Terapia biofot\u00f3nica en Idermic: tratamiento sin dolor para acn\u00e9, rejuvenecimiento y regeneraci\u00f3n celular con luz fluorescente.","breadcrumb":{"@id":"https:\/\/www.idermic.es\/es\/terapia-biofotonica\/#breadcrumb"},"inLanguage":"es","potentialAction":[{"@type":"ReadAction","target":["https:\/\/www.idermic.es\/es\/terapia-biofotonica\/"]}]},{"@type":"ImageObject","inLanguage":"es","@id":"https:\/\/www.idermic.es\/es\/terapia-biofotonica\/#primaryimage","url":"https:\/\/www.idermic.es\/wp-content\/uploads\/2025\/01\/Terapia-biofotonica-2.jpg","contentUrl":"https:\/\/www.idermic.es\/wp-content\/uploads\/2025\/01\/Terapia-biofotonica-2.jpg","width":463,"height":777,"caption":"Terapia Biofot\u00f3nica con el Fotoage de @skymedicoficial."},{"@type":"BreadcrumbList","@id":"https:\/\/www.idermic.es\/es\/terapia-biofotonica\/#breadcrumb","itemListElement":[{"@type":"ListItem","position":1,"name":"Inici","item":"https:\/\/www.idermic.es\/es\/"},{"@type":"ListItem","position":2,"name":"Terapia biofot\u00f3nica"}]},{"@type":"WebSite","@id":"https:\/\/www.idermic.es\/#website","url":"https:\/\/www.idermic.es\/","name":"Idermic. Dermatolog\u00eda en Terrassa","description":"Dermatolog\u00eda, Medicina est\u00e9tica, Cirurg\u00eda Pl\u00e0stica","publisher":{"@id":"https:\/\/www.idermic.es\/#organization"},"potentialAction":[{"@type":"SearchAction","target":{"@type":"EntryPoint","urlTemplate":"https:\/\/www.idermic.es\/?s={search_term_string}"},"query-input":{"@type":"PropertyValueSpecification","valueRequired":true,"valueName":"search_term_string"}}],"inLanguage":"es"},{"@type":"Organization","@id":"https:\/\/www.idermic.es\/#organization","name":"Idermic. Dermatolog\u00eda en Terrassa","url":"https:\/\/www.idermic.es\/","logo":{"@type":"ImageObject","inLanguage":"es","@id":"https:\/\/www.idermic.es\/#\/schema\/logo\/image\/","url":"https:\/\/www.idermic.es\/wp-content\/uploads\/2025\/10\/Logo-Idermic.jpg","contentUrl":"https:\/\/www.idermic.es\/wp-content\/uploads\/2025\/10\/Logo-Idermic.jpg","width":501,"height":502,"caption":"Idermic. Dermatolog\u00eda en Terrassa"},"image":{"@id":"https:\/\/www.idermic.es\/#\/schema\/logo\/image\/"},"sameAs":["https:\/\/www.facebook.com\/Idermic","https:\/\/x.com\/idermic","https:\/\/www.instagram.com\/idermicclinic\/","https:\/\/www.youtube.com\/channel\/UCyAHC9-p8lc6hr_nguO8p_g"]},{"@type":"Person","@id":"https:\/\/www.idermic.es\/#\/schema\/person\/c12703027a878b23d3c71c87921a82f8","name":"Equipo","image":{"@type":"ImageObject","inLanguage":"es","@id":"https:\/\/secure.gravatar.com\/avatar\/7ca0be23248108c6b0887e0693b7dcf7764bd3503f84d1f04e6653ef7c3b9420?s=96&d=mm&r=g","url":"https:\/\/secure.gravatar.com\/avatar\/7ca0be23248108c6b0887e0693b7dcf7764bd3503f84d1f04e6653ef7c3b9420?s=96&d=mm&r=g","contentUrl":"https:\/\/secure.gravatar.com\/avatar\/7ca0be23248108c6b0887e0693b7dcf7764bd3503f84d1f04e6653ef7c3b9420?s=96&d=mm&r=g","caption":"Equipo"},"description":"Equipo de Idermic"}]}},"_links":{"self":[{"href":"https:\/\/www.idermic.es\/es\/wp-json\/wp\/v2\/posts\/6982","targetHints":{"allow":["GET"]}}],"collection":[{"href":"https:\/\/www.idermic.es\/es\/wp-json\/wp\/v2\/posts"}],"about":[{"href":"https:\/\/www.idermic.es\/es\/wp-json\/wp\/v2\/types\/post"}],"author":[{"embeddable":true,"href":"https:\/\/www.idermic.es\/es\/wp-json\/wp\/v2\/users\/3"}],"replies":[{"embeddable":true,"href":"https:\/\/www.idermic.es\/es\/wp-json\/wp\/v2\/comments?post=6982"}],"version-history":[{"count":18,"href":"https:\/\/www.idermic.es\/es\/wp-json\/wp\/v2\/posts\/6982\/revisions"}],"predecessor-version":[{"id":10401,"href":"https:\/\/www.idermic.es\/es\/wp-json\/wp\/v2\/posts\/6982\/revisions\/10401"}],"wp:featuredmedia":[{"embeddable":true,"href":"https:\/\/www.idermic.es\/es\/wp-json\/wp\/v2\/media\/6992"}],"wp:attachment":[{"href":"https:\/\/www.idermic.es\/es\/wp-json\/wp\/v2\/media?parent=6982"}],"wp:term":[{"taxonomy":"category","embeddable":true,"href":"https:\/\/www.idermic.es\/es\/wp-json\/wp\/v2\/categories?post=6982"},{"taxonomy":"post_tag","embeddable":true,"href":"https:\/\/www.idermic.es\/es\/wp-json\/wp\/v2\/tags?post=6982"}],"curies":[{"name":"wp","href":"https:\/\/api.w.org\/{rel}","templated":true}]}}