{"id":6954,"date":"2025-01-22T11:57:30","date_gmt":"2025-01-22T11:57:30","guid":{"rendered":"https:\/\/www.idermic.es\/?p=6954"},"modified":"2026-05-26T09:45:06","modified_gmt":"2026-05-26T09:45:06","slug":"tratamiento-de-estrias","status":"publish","type":"post","link":"https:\/\/www.idermic.es\/es\/tratamiento-de-estrias\/","title":{"rendered":"Tratamiento de estr\u00edas"},"content":{"rendered":"<p><div class=\"fusion-fullwidth fullwidth-box fusion-builder-row-1 nonhundred-percent-fullwidth non-hundred-percent-height-scrolling\" style=\"--awb-border-radius-top-left:0px;--awb-border-radius-top-right:0px;--awb-border-radius-bottom-right:0px;--awb-border-radius-bottom-left:0px;--awb-flex-wrap:wrap;\" ><div class=\"fusion-builder-row fusion-row\"><div class=\"fusion-layout-column fusion_builder_column fusion-builder-column-0 fusion_builder_column_1_1 1_1 fusion-one-full fusion-column-first fusion-column-last\" style=\"--awb-bg-size:cover;\"><div class=\"fusion-column-wrapper fusion-flex-column-wrapper-legacy\"><div class=\"fusion-text fusion-text-1\"><h1 style=\"text-align: center;\">Tratamiento de estr\u00edas<\/h1>\n<\/div><div class=\"fusion-clearfix\"><\/div><\/div><\/div><\/div><\/div><div class=\"fusion-fullwidth fullwidth-box fusion-builder-row-2 nonhundred-percent-fullwidth non-hundred-percent-height-scrolling\" style=\"--awb-border-radius-top-left:0px;--awb-border-radius-top-right:0px;--awb-border-radius-bottom-right:0px;--awb-border-radius-bottom-left:0px;--awb-flex-wrap:wrap;\" ><div class=\"fusion-builder-row fusion-row\"><div class=\"fusion-layout-column fusion_builder_column fusion-builder-column-1 fusion_builder_column_2_3 2_3 fusion-two-third fusion-column-first\" style=\"--awb-bg-size:cover;width:66.666666666667%;width:calc(66.666666666667% - ( ( 4% ) * 0.66666666666667 ) );margin-right: 4%;\"><div class=\"fusion-column-wrapper fusion-flex-column-wrapper-legacy\"><div class=\"fusion-text fusion-text-2\"><p>Las <strong>estr\u00edas<\/strong> son un problema est\u00e9tico frecuente que aparece cuando la piel se estira de manera r\u00e1pida, da\u00f1ando las fibras de <a href=\"https:\/\/www.sanibook.net\/diccionario-de-salud\/#colageno\">col\u00e1geno<\/a> y elastina.<\/p>\n<p>Aunque no representan un riesgo para la salud, muchas personas buscan opciones para reducirlas y mejorar la apariencia de la piel.<\/p>\n<p>Hoy en d\u00eda, existen m\u00faltiples alternativas para tratar este problema, desde cremas hasta procedimientos avanzados como el l\u00e1ser.<\/p>\n<\/div><div class=\"fusion-clearfix\"><\/div><\/div><\/div><div class=\"fusion-layout-column fusion_builder_column fusion-builder-column-2 fusion_builder_column_1_3 1_3 fusion-one-third fusion-column-last\" style=\"--awb-bg-size:cover;width:33.333333333333%;width:calc(33.333333333333% - ( ( 4% ) * 0.33333333333333 ) );\"><div class=\"fusion-column-wrapper fusion-flex-column-wrapper-legacy\"><div class=\"fusion-image-element in-legacy-container\" style=\"--awb-caption-title-font-family:var(--h2_typography-font-family);--awb-caption-title-font-weight:var(--h2_typography-font-weight);--awb-caption-title-font-style:var(--h2_typography-font-style);--awb-caption-title-size:var(--h2_typography-font-size);--awb-caption-title-transform:var(--h2_typography-text-transform);--awb-caption-title-line-height:var(--h2_typography-line-height);--awb-caption-title-letter-spacing:var(--h2_typography-letter-spacing);\"><span class=\" fusion-imageframe imageframe-none imageframe-1 hover-type-none\"><img decoding=\"async\" width=\"186\" height=\"300\" alt=\"Utilizaci\u00f3n del L\u00e1ser Frax 1550 para el tratamiento de estr\u00edas.\" title=\"Tratamiento de estr\u00edas\" src=\"https:\/\/www.idermic.es\/wp-content\/uploads\/2025\/01\/Tratamiento-de-estrias-1-186x300.jpg\" class=\"img-responsive wp-image-6964\" srcset=\"https:\/\/www.idermic.es\/wp-content\/uploads\/2025\/01\/Tratamiento-de-estrias-1-200x322.jpg 200w, https:\/\/www.idermic.es\/wp-content\/uploads\/2025\/01\/Tratamiento-de-estrias-1-400x644.jpg 400w, https:\/\/www.idermic.es\/wp-content\/uploads\/2025\/01\/Tratamiento-de-estrias-1.jpg 461w\" sizes=\"(max-width: 800px) 100vw, 186px\" \/><\/span><\/div><div class=\"fusion-clearfix\"><\/div><\/div><\/div><\/div><\/div><div class=\"fusion-fullwidth fullwidth-box fusion-builder-row-3 nonhundred-percent-fullwidth non-hundred-percent-height-scrolling\" style=\"--awb-border-radius-top-left:0px;--awb-border-radius-top-right:0px;--awb-border-radius-bottom-right:0px;--awb-border-radius-bottom-left:0px;--awb-flex-wrap:wrap;\" ><div class=\"fusion-builder-row fusion-row\"><div class=\"fusion-layout-column fusion_builder_column fusion-builder-column-3 fusion_builder_column_1_1 1_1 fusion-one-full fusion-column-first fusion-column-last\" style=\"--awb-bg-size:cover;\"><div class=\"fusion-column-wrapper fusion-flex-column-wrapper-legacy\"><div class=\"fusion-sep-clear\"><\/div><div class=\"fusion-separator fusion-full-width-sep\" style=\"margin-left: auto;margin-right: auto;width:100%;\"><div class=\"fusion-separator-border sep-double\" style=\"--awb-height:20px;--awb-amount:20px;border-color:#e0dede;border-top-width:1px;border-bottom-width:1px;\"><\/div><\/div><div class=\"fusion-sep-clear\"><\/div><div class=\"fusion-clearfix\"><\/div><\/div><\/div><\/div><\/div><div class=\"fusion-fullwidth fullwidth-box fusion-builder-row-4 nonhundred-percent-fullwidth non-hundred-percent-height-scrolling\" style=\"--awb-border-radius-top-left:0px;--awb-border-radius-top-right:0px;--awb-border-radius-bottom-right:0px;--awb-border-radius-bottom-left:0px;--awb-flex-wrap:wrap;\" ><div class=\"fusion-builder-row fusion-row\"><div class=\"fusion-layout-column fusion_builder_column fusion-builder-column-4 fusion_builder_column_1_1 1_1 fusion-one-full fusion-column-first fusion-column-last\" style=\"--awb-bg-size:cover;\"><div class=\"fusion-column-wrapper fusion-flex-column-wrapper-legacy\"><div class=\"fusion-text fusion-text-3\"><h2>\u00bfQu\u00e9 son las estr\u00edas y c\u00f3mo se forman?<\/h2>\n<p>Las <strong>estr\u00edas<\/strong> son cicatrices que se generan cuando la piel no puede adaptarse al estiramiento repentino. Esto provoca una ruptura en las<strong> fibras de col\u00e1geno<\/strong> y <strong>elastina<\/strong>, que son fundamentales para mantener la elasticidad de la piel. Este da\u00f1o deja marcas visibles, que inicialmente son rojizas o viol\u00e1ceas (estr\u00edas recientes) debido a la inflamaci\u00f3n. Con el tiempo, estas marcas pierden pigmentaci\u00f3n y se vuelven blancas o plateadas (estr\u00edas maduras).<\/p>\n<h3>Factores que contribuyen a su aparici\u00f3n<\/h3>\n<p>Las estr\u00edas son el resultado de un da\u00f1o estructural en la piel, pero su formaci\u00f3n est\u00e1 influenciada por diversos factores que afectan la capacidad de la piel para estirarse y recuperarse. A continuaci\u00f3n, se analizan los principales factores que favorecen su aparici\u00f3n.<\/p>\n<h4>1. Cambios r\u00e1pidos en el cuerpo<\/h4>\n<p>El estiramiento acelerado de la piel, especialmente durante etapas de transici\u00f3n f\u00edsica, es uno de los desencadenantes m\u00e1s comunes de las estr\u00edas.<\/p>\n<h5>Embarazo<\/h5>\n<p>Durante el embarazo, especialmente a partir del segundo trimestre, el crecimiento del abdomen ejerce una presi\u00f3n significativa sobre la piel. Esto, combinado con los cambios hormonales, aumenta la susceptibilidad a la formaci\u00f3n de estr\u00edas. Las \u00e1reas m\u00e1s afectadas suelen ser el abdomen, los senos, las caderas y los muslos.<\/p>\n<ul>\n<li><strong>Factores relacionados:<\/strong>\n<ul>\n<li><strong>Aumento de peso:<\/strong> El incremento de masa corporal, especialmente si es r\u00e1pido, provoca una mayor tensi\u00f3n en las fibras cut\u00e1neas.<\/li>\n<li><strong>Hormonas del embarazo:<\/strong> Altos niveles de hormonas como los estr\u00f3genos y el cortisol debilitan las fibras de col\u00e1geno, lo que facilita el desarrollo de estr\u00edas.<\/li>\n<\/ul>\n<\/li>\n<\/ul>\n<h5>Aumento o p\u00e9rdida de peso<\/h5>\n<p>El cambio repentino de peso, ya sea por dietas r\u00e1pidas, procedimientos m\u00e9dicos, o condiciones como la obesidad, puede hacer que la piel no tenga suficiente tiempo para adaptarse, lo que resulta en estr\u00edas.<\/p>\n<ul>\n<li><strong>Aumento de peso:<\/strong> Las c\u00e9lulas de grasa se expanden r\u00e1pidamente, estirando la piel y provocando microdesgarros en las fibras de col\u00e1geno y elastina.<\/li>\n<li><strong>P\u00e9rdida de peso:<\/strong> Aunque menos com\u00fan, la reducci\u00f3n dr\u00e1stica de grasa puede hacer que las estr\u00edas previamente formadas se vuelvan m\u00e1s visibles, ya que la piel pierde su soporte subyacente.<\/li>\n<\/ul>\n<h5>Crecimiento acelerado durante la pubertad<\/h5>\n<p>La pubertad es una etapa cr\u00edtica en la que el cuerpo experimenta cambios r\u00e1pidos, tanto en altura como en peso. Estos cambios afectan a chicos y chicas de diferentes maneras:<\/p>\n<ul>\n<li><strong>Adolescentes:<\/strong> Los ni\u00f1os tienden a desarrollar estr\u00edas en la espalda, los hombros y los muslos debido a los picos de crecimiento. Las ni\u00f1as, por su parte, suelen presentarlas en los senos, las caderas y los muslos debido a la acumulaci\u00f3n de grasa y el desarrollo corporal.<\/li>\n<\/ul>\n<p>La combinaci\u00f3n de crecimiento acelerado y fluctuaciones hormonales durante la pubertad es una de las principales razones por las que las estr\u00edas son comunes en esta etapa de la vida.<\/p>\n<h4>2. Gen\u00e9tica<\/h4>\n<p>La predisposici\u00f3n gen\u00e9tica juega un papel importante en la formaci\u00f3n de estr\u00edas. La estructura de la piel y su capacidad para adaptarse al estiramiento se heredan en gran medida.<\/p>\n<h5>Factores hereditarios<\/h5>\n<ol>\n<li><strong>Composici\u00f3n de la piel:<\/strong> Si tus padres o familiares cercanos desarrollaron estr\u00edas f\u00e1cilmente, es probable que t\u00fa tambi\u00e9n tengas una mayor susceptibilidad. Esto se debe a la calidad del col\u00e1geno y la elastina en la piel, que puede ser menos resistente al estiramiento.<\/li>\n<li><strong>Tipo de piel:<\/strong> Las personas con piel m\u00e1s seca suelen ser m\u00e1s propensas a desarrollar estr\u00edas, ya que la falta de hidrataci\u00f3n puede disminuir la elasticidad de la piel.<\/li>\n<\/ol>\n<h5>Influencia de la gen\u00e9tica en la recuperaci\u00f3n<\/h5>\n<p>Adem\u00e1s de influir en la formaci\u00f3n de estr\u00edas, la gen\u00e9tica tambi\u00e9n determina la capacidad de la piel para recuperarse. Algunas personas tienen una mayor producci\u00f3n de col\u00e1geno, lo que les permite reducir m\u00e1s r\u00e1pidamente la apariencia de las estr\u00edas.<\/p>\n<h4>3. Desequilibrio hormonal<\/h4>\n<p>Los desequilibrios hormonales afectan directamente la integridad estructural de la piel, haciendo que las fibras de col\u00e1geno y elastina sean m\u00e1s fr\u00e1giles.<\/p>\n<h5>El papel del cortisol<\/h5>\n<p>El <a href=\"https:\/\/www.sanibook.net\/diccionario-de-salud\/#cortisol\">cortisol<\/a>, conocido como la hormona del estr\u00e9s, tiene un impacto directo en la piel. Esta hormona es producida por las gl\u00e1ndulas suprarrenales y, cuando sus niveles son altos de manera cr\u00f3nica, puede debilitar las fibras de col\u00e1geno. Esto se debe a que el cortisol inhibe la s\u00edntesis de col\u00e1geno, lo que reduce la capacidad de la piel para resistir el estiramiento.<\/p>\n<h5>Condiciones relacionadas con el desequilibrio hormonal<\/h5>\n<ul>\n<li><strong>S\u00edndrome de Cushing:<\/strong> Las personas con esta afecci\u00f3n tienen niveles excesivamente altos de cortisol, lo que aumenta considerablemente el riesgo de desarrollar estr\u00edas, especialmente en el abdomen, las caderas y los muslos.<\/li>\n<li><strong>Pubertad:<\/strong> Durante esta etapa, los niveles de hormonas como el estr\u00f3geno, la progesterona y el cortisol fluct\u00faan, lo que contribuye a una mayor susceptibilidad a las estr\u00edas.<\/li>\n<li><strong>Embarazo:<\/strong> Adem\u00e1s de los factores mec\u00e1nicos, los cambios hormonales durante el embarazo tambi\u00e9n contribuyen a debilitar la piel y predisponerla a la formaci\u00f3n de estr\u00edas.<\/li>\n<\/ul>\n<h5>Factores externos que afectan las hormonas<\/h5>\n<p>El uso prolongado de medicamentos con corticosteroides, ya sea en forma de p\u00edldoras o cremas, tambi\u00e9n puede aumentar la probabilidad de desarrollar estr\u00edas, ya que estos f\u00e1rmacos imitan el efecto del cortisol en el cuerpo.<\/p>\n<h2>Opciones de tratamiento para reducir las estr\u00edas<\/h2>\n<p>Existen diversas alternativas para reducir la visibilidad de las estr\u00edas, desde opciones t\u00f3picas hasta procedimientos avanzados. La elecci\u00f3n del tratamiento depender\u00e1 del tipo de estr\u00edas, su antig\u00fcedad y las preferencias del paciente.<\/p>\n<h3>Cremas y productos t\u00f3picos<\/h3>\n<p>Los tratamientos t\u00f3picos son una opci\u00f3n accesible, especialmente para las estr\u00edas recientes. Entre los productos m\u00e1s utilizados se encuentran:<\/p>\n<ul>\n<li><strong>Cremas con retinoides:<\/strong> Estimulan la regeneraci\u00f3n celular y <a href=\"https:\/\/www.idermic.es\/es\/guia-para-el-cuidado-de-la-piel\/\">mejoran la textura de la piel<\/a>. Se utilizan bajo supervisi\u00f3n m\u00e9dica, ya que no se recomiendan durante el embarazo o la lactancia.<\/li>\n<li><strong>\u00c1cido hialur\u00f3nico:<\/strong> Favorece la hidrataci\u00f3n profunda de la piel y ayuda a estimular la producci\u00f3n de col\u00e1geno.<\/li>\n<li><strong>Centella asi\u00e1tica:<\/strong> Este ingrediente natural mejora la elasticidad de la piel y es conocido por sus propiedades regeneradoras.<\/li>\n<\/ul>\n<p>Aunque los resultados var\u00edan, estos productos pueden ayudar a reducir la visibilidad de las estr\u00edas si se aplican de manera constante.<\/p>\n<\/div><div class=\"fusion-clearfix\"><\/div><\/div><\/div><\/div><\/div><div class=\"fusion-fullwidth fullwidth-box fusion-builder-row-5 nonhundred-percent-fullwidth non-hundred-percent-height-scrolling\" style=\"--awb-border-radius-top-left:0px;--awb-border-radius-top-right:0px;--awb-border-radius-bottom-right:0px;--awb-border-radius-bottom-left:0px;--awb-flex-wrap:wrap;\" ><div class=\"fusion-builder-row fusion-row\"><div class=\"fusion-layout-column fusion_builder_column fusion-builder-column-5 fusion_builder_column_1_1 1_1 fusion-one-full fusion-column-first fusion-column-last\" style=\"--awb-bg-size:cover;\"><div class=\"fusion-column-wrapper fusion-flex-column-wrapper-legacy\"><div class=\"fusion-text fusion-text-4\"><h2>Tratamientos m\u00e9dicos y est\u00e9ticos<\/h2>\n<p>Para estr\u00edas m\u00e1s profundas o maduras, los tratamientos m\u00e9dicos ofrecen resultados superiores.<\/p>\n<h3>L\u00e1ser fraccionado no ablativo<\/h3>\n<p>El l\u00e1ser fraccionado penetra en las capas profundas de la piel para estimular la producci\u00f3n de col\u00e1geno sin da\u00f1ar la superficie. Es ideal para reducir las estr\u00edas blancas y mejorar la textura general de la piel.<\/p>\n<h3>Microdermoabrasi\u00f3n<\/h3>\n<p>Esta t\u00e9cnica exfolia las capas externas de la piel, eliminando c\u00e9lulas muertas y favoreciendo la regeneraci\u00f3n. Es particularmente efectiva cuando se combina con otros tratamientos, como el l\u00e1ser.<\/p>\n<h3>Terapia de radiofrecuencia<\/h3>\n<p>La <a href=\"https:\/\/www.idermic.es\/es\/forma-radiofrecuencia-de-ultima-generacion\/\">radiofrecuencia<\/a> utiliza calor para estimular la producci\u00f3n de col\u00e1geno y tensar la piel. Es una opci\u00f3n eficaz para estr\u00edas tanto recientes como maduras.<\/p>\n<h2>Tratamiento con el l\u00e1ser ablativo Frax 1550<\/h2>\n<p>El l<strong>\u00e1ser ablativo Frax 1550<\/strong> es una tecnolog\u00eda avanzada dise\u00f1ada para tratar cicatrices profundas, incluidas las estr\u00edas. Funciona mediante la emisi\u00f3n de pulsos de luz que penetran en la piel, causando microlesiones controladas. Esto estimula una intensa producci\u00f3n de col\u00e1geno y elastina, lo que mejora significativamente la textura y reduce la visibilidad de las estr\u00edas.<\/p>\n<h3>\u00bfC\u00f3mo funciona el Frax 1550?<\/h3>\n<p>El l\u00e1ser utiliza una longitud de onda espec\u00edfica para actuar directamente en las capas profundas de la piel, eliminando tejido da\u00f1ado mientras preserva las \u00e1reas circundantes. Este proceso favorece una regeneraci\u00f3n uniforme y estimula la formaci\u00f3n de piel nueva.<\/p>\n<h3>Beneficios del Frax 1550<\/h3>\n<ol>\n<li><strong>Resultados visibles:<\/strong> Reduce tanto las estr\u00edas recientes como las maduras.<\/li>\n<li><strong>Efectos duraderos:<\/strong> Mejora la calidad de la piel a largo plazo al fomentar la formaci\u00f3n de col\u00e1geno.<\/li>\n<li><strong>Procedimiento seguro:<\/strong> Es m\u00ednimamente invasivo y tiene un tiempo de recuperaci\u00f3n corto.<\/li>\n<\/ol>\n<h3>Consideraciones previas y posteriores al tratamiento<\/h3>\n<ul>\n<li>Es fundamental evitar la exposici\u00f3n solar antes y despu\u00e9s del procedimiento.<\/li>\n<li>Pueden experimentarse enrojecimiento o inflamaci\u00f3n temporal tras la sesi\u00f3n, lo cual desaparece en pocos d\u00edas.<\/li>\n<\/ul>\n<p>El <strong>l\u00e1ser ablativo Frax 1550<\/strong> es ideal para quienes buscan un tratamiento efectivo respaldado por tecnolog\u00eda avanzada.<\/p>\n<\/div><div class=\"fusion-clearfix\"><\/div><\/div><\/div><\/div><\/div><div class=\"fusion-fullwidth fullwidth-box fusion-builder-row-6 nonhundred-percent-fullwidth non-hundred-percent-height-scrolling\" style=\"--awb-border-radius-top-left:0px;--awb-border-radius-top-right:0px;--awb-border-radius-bottom-right:0px;--awb-border-radius-bottom-left:0px;--awb-flex-wrap:wrap;\" ><div class=\"fusion-builder-row fusion-row\"><div class=\"fusion-layout-column fusion_builder_column fusion-builder-column-6 fusion_builder_column_1_3 1_3 fusion-one-third fusion-column-first\" style=\"--awb-bg-size:cover;width:33.333333333333%;width:calc(33.333333333333% - ( ( 4% + 4% ) * 0.33333333333333 ) );margin-right: 4%;\"><div class=\"fusion-column-wrapper fusion-flex-column-wrapper-legacy\"><div class=\"fusion-image-element in-legacy-container\" style=\"--awb-caption-title-font-family:var(--h2_typography-font-family);--awb-caption-title-font-weight:var(--h2_typography-font-weight);--awb-caption-title-font-style:var(--h2_typography-font-style);--awb-caption-title-size:var(--h2_typography-font-size);--awb-caption-title-transform:var(--h2_typography-text-transform);--awb-caption-title-line-height:var(--h2_typography-line-height);--awb-caption-title-letter-spacing:var(--h2_typography-letter-spacing);\"><span class=\" fusion-imageframe imageframe-none imageframe-2 hover-type-none\"><img decoding=\"async\" width=\"189\" height=\"300\" alt=\"Utilizaci\u00f3n del L\u00e1ser Frax 1550 para el tratamiento de estr\u00edas.\" title=\"Tratamiento de estr\u00edas\" src=\"https:\/\/www.idermic.es\/wp-content\/uploads\/2025\/01\/Tratamiento-de-estrias-2-189x300.jpg\" class=\"img-responsive wp-image-6962\" srcset=\"https:\/\/www.idermic.es\/wp-content\/uploads\/2025\/01\/Tratamiento-de-estrias-2-200x317.jpg 200w, https:\/\/www.idermic.es\/wp-content\/uploads\/2025\/01\/Tratamiento-de-estrias-2-400x635.jpg 400w, https:\/\/www.idermic.es\/wp-content\/uploads\/2025\/01\/Tratamiento-de-estrias-2.jpg 457w\" sizes=\"(max-width: 800px) 100vw, 189px\" \/><\/span><\/div><div class=\"fusion-clearfix\"><\/div><\/div><\/div><div class=\"fusion-layout-column fusion_builder_column fusion-builder-column-7 fusion_builder_column_1_3 1_3 fusion-one-third\" style=\"--awb-bg-size:cover;width:33.333333333333%;width:calc(33.333333333333% - ( ( 4% + 4% ) * 0.33333333333333 ) );margin-right: 4%;\"><div class=\"fusion-column-wrapper fusion-flex-column-wrapper-legacy\"><div class=\"fusion-image-element in-legacy-container\" style=\"--awb-caption-title-font-family:var(--h2_typography-font-family);--awb-caption-title-font-weight:var(--h2_typography-font-weight);--awb-caption-title-font-style:var(--h2_typography-font-style);--awb-caption-title-size:var(--h2_typography-font-size);--awb-caption-title-transform:var(--h2_typography-text-transform);--awb-caption-title-line-height:var(--h2_typography-line-height);--awb-caption-title-letter-spacing:var(--h2_typography-letter-spacing);\"><span class=\" fusion-imageframe imageframe-none imageframe-3 hover-type-none\"><img decoding=\"async\" width=\"193\" height=\"300\" alt=\"Utilizaci\u00f3n del L\u00e1ser Frax 1550 para el tratamiento de estr\u00edas.\" title=\"Tratamiento de estr\u00edas\" src=\"https:\/\/www.idermic.es\/wp-content\/uploads\/2025\/01\/Tratamiento-de-estrias-3-193x300.jpg\" class=\"img-responsive wp-image-6960\" srcset=\"https:\/\/www.idermic.es\/wp-content\/uploads\/2025\/01\/Tratamiento-de-estrias-3-200x311.jpg 200w, https:\/\/www.idermic.es\/wp-content\/uploads\/2025\/01\/Tratamiento-de-estrias-3-400x622.jpg 400w, https:\/\/www.idermic.es\/wp-content\/uploads\/2025\/01\/Tratamiento-de-estrias-3.jpg 457w\" sizes=\"(max-width: 800px) 100vw, 193px\" \/><\/span><\/div><div class=\"fusion-clearfix\"><\/div><\/div><\/div><div class=\"fusion-layout-column fusion_builder_column fusion-builder-column-8 fusion_builder_column_1_3 1_3 fusion-one-third fusion-column-last\" style=\"--awb-bg-size:cover;width:33.333333333333%;width:calc(33.333333333333% - ( ( 4% + 4% ) * 0.33333333333333 ) );\"><div class=\"fusion-column-wrapper fusion-flex-column-wrapper-legacy\"><div class=\"fusion-image-element in-legacy-container\" style=\"--awb-caption-title-font-family:var(--h2_typography-font-family);--awb-caption-title-font-weight:var(--h2_typography-font-weight);--awb-caption-title-font-style:var(--h2_typography-font-style);--awb-caption-title-size:var(--h2_typography-font-size);--awb-caption-title-transform:var(--h2_typography-text-transform);--awb-caption-title-line-height:var(--h2_typography-line-height);--awb-caption-title-letter-spacing:var(--h2_typography-letter-spacing);\"><span class=\" fusion-imageframe imageframe-none imageframe-4 hover-type-none\"><img decoding=\"async\" width=\"182\" height=\"300\" alt=\"Utilizaci\u00f3n del L\u00e1ser Frax 1550 para el tratamiento de estr\u00edas.\" title=\"Tratamiento de estr\u00edas\" src=\"https:\/\/www.idermic.es\/wp-content\/uploads\/2025\/01\/Tratamiento-de-estrias-4-182x300.jpg\" class=\"img-responsive wp-image-6958\" srcset=\"https:\/\/www.idermic.es\/wp-content\/uploads\/2025\/01\/Tratamiento-de-estrias-4-200x329.jpg 200w, https:\/\/www.idermic.es\/wp-content\/uploads\/2025\/01\/Tratamiento-de-estrias-4-400x658.jpg 400w, https:\/\/www.idermic.es\/wp-content\/uploads\/2025\/01\/Tratamiento-de-estrias-4.jpg 457w\" sizes=\"(max-width: 800px) 100vw, 182px\" \/><\/span><\/div><div class=\"fusion-clearfix\"><\/div><\/div><\/div><\/div><\/div><div class=\"fusion-fullwidth fullwidth-box fusion-builder-row-7 nonhundred-percent-fullwidth non-hundred-percent-height-scrolling\" style=\"--awb-border-radius-top-left:0px;--awb-border-radius-top-right:0px;--awb-border-radius-bottom-right:0px;--awb-border-radius-bottom-left:0px;--awb-flex-wrap:wrap;\" ><div class=\"fusion-builder-row fusion-row\"><div class=\"fusion-layout-column fusion_builder_column fusion-builder-column-9 fusion_builder_column_1_1 1_1 fusion-one-full fusion-column-first fusion-column-last\" style=\"--awb-bg-size:cover;\"><div class=\"fusion-column-wrapper fusion-flex-column-wrapper-legacy\"><div class=\"fusion-sep-clear\"><\/div><div class=\"fusion-separator fusion-full-width-sep\" style=\"margin-left: auto;margin-right: auto;width:100%;\"><div class=\"fusion-separator-border sep-double\" style=\"--awb-height:20px;--awb-amount:20px;border-color:#e0dede;border-top-width:1px;border-bottom-width:1px;\"><\/div><\/div><div class=\"fusion-sep-clear\"><\/div><div class=\"fusion-clearfix\"><\/div><\/div><\/div><\/div><\/div><div class=\"fusion-fullwidth fullwidth-box fusion-builder-row-8 nonhundred-percent-fullwidth non-hundred-percent-height-scrolling\" style=\"--awb-border-radius-top-left:0px;--awb-border-radius-top-right:0px;--awb-border-radius-bottom-right:0px;--awb-border-radius-bottom-left:0px;--awb-flex-wrap:wrap;\" ><div class=\"fusion-builder-row fusion-row\"><div class=\"fusion-layout-column fusion_builder_column fusion-builder-column-10 fusion_builder_column_1_1 1_1 fusion-one-full fusion-column-first fusion-column-last\" style=\"--awb-bg-size:cover;\"><div class=\"fusion-column-wrapper fusion-flex-column-wrapper-legacy\"><div class=\"fusion-text fusion-text-5\"><h2>Remedios caseros para el cuidado de la piel<\/h2>\n<p>Aunque los remedios caseros no eliminan las estr\u00edas, <a href=\"https:\/\/www.idermic.es\/es\/guia-para-el-cuidado-de-la-piel\/\">ayudan a mantener la piel hidratada y flexible<\/a>, lo que puede prevenir su formaci\u00f3n. Algunos de los m\u00e1s recomendados son:<\/p>\n<ul>\n<li><strong>Aceite de coco:<\/strong> Sus propiedades antioxidantes e hidratantes favorecen la regeneraci\u00f3n de la piel.<\/li>\n<li><strong>Manteca de karit\u00e9:<\/strong> Un hidratante profundo que mejora la elasticidad de la piel.<\/li>\n<li><strong>Aloe vera:<\/strong> Conocido por sus propiedades calmantes y regeneradoras, es ideal para pieles secas o irritadas.<\/li>\n<\/ul>\n<p>Es importante combinar estos remedios con una rutina adecuada de cuidado de la piel para obtener mejores resultados.<\/p>\n<h2>\u00bfEs posible prevenir las estr\u00edas?<\/h2>\n<p>Aunque no siempre se pueden prevenir, hay medidas que ayudan a reducir el riesgo:<\/p>\n<ul>\n<li>Mantener la piel hidratada mediante cremas y aceites.<\/li>\n<li>Seguir una dieta equilibrada rica en vitaminas C y E, zinc y prote\u00ednas, que favorecen la producci\u00f3n de col\u00e1geno.<\/li>\n<li>Usar cremas espec\u00edficas para estr\u00edas durante el embarazo o cambios corporales importantes.<\/li>\n<\/ul>\n<p>Para cualquier consulta sobre el tratamiento de estr\u00edas, en Idermic, tu <a href=\"http:\/\/idermic.es\/\">dermat\u00f3logo en Terrassa<\/a> estaremos encantados de atenderte.<\/p>\n<\/div><div class=\"fusion-clearfix\"><\/div><\/div><\/div><\/div><\/div><div class=\"fusion-fullwidth fullwidth-box fusion-builder-row-9 nonhundred-percent-fullwidth non-hundred-percent-height-scrolling\" style=\"--awb-border-radius-top-left:0px;--awb-border-radius-top-right:0px;--awb-border-radius-bottom-right:0px;--awb-border-radius-bottom-left:0px;--awb-flex-wrap:wrap;\" ><div class=\"fusion-builder-row fusion-row\"><div class=\"fusion-layout-column fusion_builder_column fusion-builder-column-11 fusion_builder_column_1_1 1_1 fusion-one-full fusion-column-first fusion-column-last\" style=\"--awb-bg-size:cover;\"><div class=\"fusion-column-wrapper fusion-flex-column-wrapper-legacy\"><div class=\"fusion-video fusion-youtube\" style=\"--awb-max-width:600px;--awb-max-height:360px;\"><div class=\"video-shortcode\"><div class=\"fluid-width-video-wrapper\" style=\"padding-top:60%;\" ><iframe title=\"YouTube video player 1\" src=\"https:\/\/www.youtube.com\/embed\/RFh2ebKQa1A?wmode=transparent&autoplay=0\" width=\"600\" height=\"360\" allowfullscreen allow=\"autoplay; clipboard-write; encrypted-media; gyroscope; picture-in-picture;\"><\/iframe><\/div><\/div><\/div><div class=\"fusion-clearfix\"><\/div><\/div><\/div><\/div><\/div><div class=\"fusion-fullwidth fullwidth-box fusion-builder-row-10 nonhundred-percent-fullwidth non-hundred-percent-height-scrolling\" style=\"--awb-border-radius-top-left:0px;--awb-border-radius-top-right:0px;--awb-border-radius-bottom-right:0px;--awb-border-radius-bottom-left:0px;--awb-flex-wrap:wrap;\" ><div class=\"fusion-builder-row fusion-row\"><div class=\"fusion-layout-column fusion_builder_column fusion-builder-column-12 fusion_builder_column_1_1 1_1 fusion-one-full fusion-column-first fusion-column-last\" style=\"--awb-bg-size:cover;\"><div class=\"fusion-column-wrapper fusion-flex-column-wrapper-legacy\"><div class=\"fusion-sep-clear\"><\/div><div class=\"fusion-separator fusion-full-width-sep\" style=\"margin-left: auto;margin-right: auto;width:100%;\"><div class=\"fusion-separator-border sep-double\" style=\"--awb-height:20px;--awb-amount:20px;border-color:#e0dede;border-top-width:1px;border-bottom-width:1px;\"><\/div><\/div><div class=\"fusion-sep-clear\"><\/div><div class=\"fusion-clearfix\"><\/div><\/div><\/div><\/div><\/div><div class=\"fusion-fullwidth fullwidth-box fusion-builder-row-11 nonhundred-percent-fullwidth non-hundred-percent-height-scrolling\" style=\"--awb-border-radius-top-left:0px;--awb-border-radius-top-right:0px;--awb-border-radius-bottom-right:0px;--awb-border-radius-bottom-left:0px;--awb-flex-wrap:wrap;\" ><div class=\"fusion-builder-row fusion-row\"><div class=\"fusion-layout-column fusion_builder_column fusion-builder-column-13 fusion_builder_column_1_1 1_1 fusion-one-full fusion-column-first fusion-column-last\" style=\"--awb-bg-size:cover;\"><div class=\"fusion-column-wrapper fusion-flex-column-wrapper-legacy\"><blockquote class=\"instagram-media\" data-instgrm-captioned data-instgrm-permalink=\"https:\/\/www.instagram.com\/reel\/C-5CbCYgLSW\/?utm_source=ig_embed&utm_campaign=loading\" data-instgrm-version=\"14\" style=\" background:#FFF; border:0; border-radius:3px; box-shadow:0 0 1px 0 rgba(0,0,0,0.5),0 1px 10px 0 rgba(0,0,0,0.15); margin: 1px; max-width:540px; min-width:326px; padding:0; width:99.375%; width:-webkit-calc(100% - 2px); width:calc(100% - 2px);\"><div style=\"padding:16px;\"> <a href=\"https:\/\/www.instagram.com\/reel\/C-5CbCYgLSW\/?utm_source=ig_embed&utm_campaign=loading\" style=\" background:#FFFFFF; line-height:0; padding:0 0; text-align:center; text-decoration:none; width:100%;\" target=\"_blank\"> <div style=\" display: flex; flex-direction: row; align-items: center;\"> <div style=\"background-color: #F4F4F4; border-radius: 50%; flex-grow: 0; height: 40px; margin-right: 14px; width: 40px;\"><\/div> <div style=\"display: flex; flex-direction: column; flex-grow: 1; justify-content: center;\"> <div style=\" background-color: #F4F4F4; border-radius: 4px; flex-grow: 0; height: 14px; margin-bottom: 6px; width: 100px;\"><\/div> <div style=\" background-color: #F4F4F4; border-radius: 4px; flex-grow: 0; height: 14px; width: 60px;\"><\/div><\/div><\/div><div style=\"padding: 19% 0;\"><\/div> <div style=\"display:block; height:50px; margin:0 auto 12px; width:50px;\"><svg width=\"50px\" height=\"50px\" viewBox=\"0 0 60 60\" version=\"1.1\" xmlns=\"https:\/\/www.w3.org\/2000\/svg\" xmlns:xlink=\"https:\/\/www.w3.org\/1999\/xlink\"><g stroke=\"none\" stroke-width=\"1\" fill=\"none\" fill-rule=\"evenodd\"><g transform=\"translate(-511.000000, -20.000000)\" fill=\"#000000\"><g><path d=\"M556.869,30.41 C554.814,30.41 553.148,32.076 553.148,34.131 C553.148,36.186 554.814,37.852 556.869,37.852 C558.924,37.852 560.59,36.186 560.59,34.131 C560.59,32.076 558.924,30.41 556.869,30.41 M541,60.657 C535.114,60.657 530.342,55.887 530.342,50 C530.342,44.114 535.114,39.342 541,39.342 C546.887,39.342 551.658,44.114 551.658,50 C551.658,55.887 546.887,60.657 541,60.657 M541,33.886 C532.1,33.886 524.886,41.1 524.886,50 C524.886,58.899 532.1,66.113 541,66.113 C549.9,66.113 557.115,58.899 557.115,50 C557.115,41.1 549.9,33.886 541,33.886 M565.378,62.101 C565.244,65.022 564.756,66.606 564.346,67.663 C563.803,69.06 563.154,70.057 562.106,71.106 C561.058,72.155 560.06,72.803 558.662,73.347 C557.607,73.757 556.021,74.244 553.102,74.378 C549.944,74.521 548.997,74.552 541,74.552 C533.003,74.552 532.056,74.521 528.898,74.378 C525.979,74.244 524.393,73.757 523.338,73.347 C521.94,72.803 520.942,72.155 519.894,71.106 C518.846,70.057 518.197,69.06 517.654,67.663 C517.244,66.606 516.755,65.022 516.623,62.101 C516.479,58.943 516.448,57.996 516.448,50 C516.448,42.003 516.479,41.056 516.623,37.899 C516.755,34.978 517.244,33.391 517.654,32.338 C518.197,30.938 518.846,29.942 519.894,28.894 C520.942,27.846 521.94,27.196 523.338,26.654 C524.393,26.244 525.979,25.756 528.898,25.623 C532.057,25.479 533.004,25.448 541,25.448 C548.997,25.448 549.943,25.479 553.102,25.623 C556.021,25.756 557.607,26.244 558.662,26.654 C560.06,27.196 561.058,27.846 562.106,28.894 C563.154,29.942 563.803,30.938 564.346,32.338 C564.756,33.391 565.244,34.978 565.378,37.899 C565.522,41.056 565.552,42.003 565.552,50 C565.552,57.996 565.522,58.943 565.378,62.101 M570.82,37.631 C570.674,34.438 570.167,32.258 569.425,30.349 C568.659,28.377 567.633,26.702 565.965,25.035 C564.297,23.368 562.623,22.342 560.652,21.575 C558.743,20.834 556.562,20.326 553.369,20.18 C550.169,20.033 549.148,20 541,20 C532.853,20 531.831,20.033 528.631,20.18 C525.438,20.326 523.257,20.834 521.349,21.575 C519.376,22.342 517.703,23.368 516.035,25.035 C514.368,26.702 513.342,28.377 512.574,30.349 C511.834,32.258 511.326,34.438 511.181,37.631 C511.035,40.831 511,41.851 511,50 C511,58.147 511.035,59.17 511.181,62.369 C511.326,65.562 511.834,67.743 512.574,69.651 C513.342,71.625 514.368,73.296 516.035,74.965 C517.703,76.634 519.376,77.658 521.349,78.425 C523.257,79.167 525.438,79.673 528.631,79.82 C531.831,79.965 532.853,80.001 541,80.001 C549.148,80.001 550.169,79.965 553.369,79.82 C556.562,79.673 558.743,79.167 560.652,78.425 C562.623,77.658 564.297,76.634 565.965,74.965 C567.633,73.296 568.659,71.625 569.425,69.651 C570.167,67.743 570.674,65.562 570.82,62.369 C570.966,59.17 571,58.147 571,50 C571,41.851 570.966,40.831 570.82,37.631\"><\/path><\/g><\/g><\/g><\/svg><\/div><div style=\"padding-top: 8px;\"> <div style=\" color:#3897f0; font-family:Arial,sans-serif; font-size:14px; font-style:normal; font-weight:550; line-height:18px;\">Ver esta publicaci\u00f3n en Instagram<\/div><\/div><div style=\"padding: 12.5% 0;\"><\/div> <div style=\"display: flex; flex-direction: row; margin-bottom: 14px; align-items: center;\"><div> <div style=\"background-color: #F4F4F4; border-radius: 50%; height: 12.5px; width: 12.5px; transform: translateX(0px) translateY(7px);\"><\/div> <div style=\"background-color: #F4F4F4; height: 12.5px; transform: rotate(-45deg) translateX(3px) translateY(1px); width: 12.5px; flex-grow: 0; margin-right: 14px; margin-left: 2px;\"><\/div> <div style=\"background-color: #F4F4F4; border-radius: 50%; height: 12.5px; width: 12.5px; transform: translateX(9px) translateY(-18px);\"><\/div><\/div><div style=\"margin-left: 8px;\"> <div style=\" background-color: #F4F4F4; border-radius: 50%; flex-grow: 0; height: 20px; width: 20px;\"><\/div> <div style=\" width: 0; height: 0; border-top: 2px solid transparent; border-left: 6px solid #f4f4f4; border-bottom: 2px solid transparent; transform: translateX(16px) translateY(-4px) rotate(30deg)\"><\/div><\/div><div style=\"margin-left: auto;\"> <div style=\" width: 0px; border-top: 8px solid #F4F4F4; border-right: 8px solid transparent; transform: translateY(16px);\"><\/div> <div style=\" background-color: #F4F4F4; flex-grow: 0; height: 12px; width: 16px; transform: translateY(-4px);\"><\/div> <div style=\" width: 0; height: 0; border-top: 8px solid #F4F4F4; border-left: 8px solid transparent; transform: translateY(-4px) translateX(8px);\"><\/div><\/div><\/div> <div style=\"display: flex; flex-direction: column; flex-grow: 1; justify-content: center; margin-bottom: 24px;\"> <div style=\" background-color: #F4F4F4; border-radius: 4px; flex-grow: 0; height: 14px; margin-bottom: 6px; width: 224px;\"><\/div> <div style=\" background-color: #F4F4F4; border-radius: 4px; flex-grow: 0; height: 14px; width: 144px;\"><\/div><\/div><\/a><p style=\" color:#c9c8cd; font-family:Arial,sans-serif; font-size:14px; line-height:17px; margin-bottom:0; margin-top:8px; overflow:hidden; padding:8px 0 7px; text-align:center; text-overflow:ellipsis; white-space:nowrap;\"><a href=\"https:\/\/www.instagram.com\/reel\/C-5CbCYgLSW\/?utm_source=ig_embed&utm_campaign=loading\" style=\" color:#c9c8cd; font-family:Arial,sans-serif; font-size:14px; font-style:normal; font-weight:normal; line-height:17px; text-decoration:none;\" target=\"_blank\">Una publicaci\u00f3n compartida de Dermatolog\u00eda m\u00e9dica y est\u00e9tica (@idermicclinic)<\/a><\/p><\/div><\/blockquote>\n<script async src=\"\/\/www.instagram.com\/embed.js\"><\/script><div class=\"fusion-clearfix\"><\/div><\/div><\/div><\/div><\/div><\/p>\n","protected":false},"excerpt":{"rendered":"<p>Descubre en profundidad las mejores opciones para tratamiento de estr\u00edas, incluyendo el innovador l\u00e1ser Frax 1550, cremas y remedios caseros<\/p>\n","protected":false},"author":3,"featured_media":6964,"comment_status":"open","ping_status":"closed","sticky":false,"template":"","format":"standard","meta":{"_joinchat":[],"footnotes":""},"categories":[52,37],"tags":[120,104],"class_list":["post-6954","post","type-post","status-publish","format-standard","has-post-thumbnail","hentry","category-dermatologia","category-tecnologia","tag-estrias","tag-piel"],"yoast_head":"<!-- This site is optimized with the Yoast SEO plugin v28.4 - https:\/\/yoast.com\/product\/yoast-seo-wordpress\/ -->\n<title>Tratamiento de estr\u00edas -<\/title>\n<meta name=\"description\" content=\"Descubre en profundidad las mejores opciones para tratamiento de estr\u00edas, incluyendo el innovador l\u00e1ser Frax 1550, cremas y remedios caseros\" \/>\n<meta name=\"robots\" content=\"index, follow, max-snippet:-1, max-image-preview:large, max-video-preview:-1\" \/>\n<link rel=\"canonical\" href=\"https:\/\/www.idermic.es\/es\/tratamiento-de-estrias\/\" \/>\n<meta property=\"og:locale\" content=\"es_ES\" \/>\n<meta property=\"og:type\" content=\"article\" \/>\n<meta property=\"og:title\" content=\"Tratamiento de estr\u00edas -\" \/>\n<meta property=\"og:description\" content=\"Descubre en profundidad las mejores opciones para tratamiento de estr\u00edas, incluyendo el innovador l\u00e1ser Frax 1550, cremas y remedios caseros\" \/>\n<meta property=\"og:url\" content=\"https:\/\/www.idermic.es\/es\/tratamiento-de-estrias\/\" \/>\n<meta property=\"og:site_name\" content=\"Idermic. Dermatolog\u00eda en Terrassa\" \/>\n<meta property=\"article:publisher\" content=\"https:\/\/www.facebook.com\/Idermic\" \/>\n<meta property=\"article:published_time\" content=\"2025-01-22T11:57:30+00:00\" \/>\n<meta property=\"article:modified_time\" content=\"2026-05-26T09:45:06+00:00\" \/>\n<meta property=\"og:image\" content=\"https:\/\/www.idermic.es\/wp-content\/uploads\/2025\/01\/Tratamiento-de-estrias-1.jpg\" \/>\n\t<meta property=\"og:image:width\" content=\"461\" \/>\n\t<meta property=\"og:image:height\" content=\"742\" \/>\n\t<meta property=\"og:image:type\" content=\"image\/jpeg\" \/>\n<meta name=\"author\" content=\"Equipo\" \/>\n<meta name=\"twitter:card\" content=\"summary_large_image\" \/>\n<meta name=\"twitter:creator\" content=\"@idermic\" \/>\n<meta name=\"twitter:site\" content=\"@idermic\" \/>\n<meta name=\"twitter:label1\" content=\"Escrito por\" \/>\n\t<meta name=\"twitter:data1\" content=\"Equipo\" \/>\n\t<meta name=\"twitter:label2\" content=\"Tiempo de lectura\" \/>\n\t<meta name=\"twitter:data2\" content=\"13 minutos\" \/>\n<script type=\"application\/ld+json\" class=\"yoast-schema-graph\">{\"@context\":\"https:\\\/\\\/schema.org\",\"@graph\":[{\"@type\":\"Article\",\"@id\":\"https:\\\/\\\/www.idermic.es\\\/es\\\/tratamiento-de-estrias\\\/#article\",\"isPartOf\":{\"@id\":\"https:\\\/\\\/www.idermic.es\\\/es\\\/tratamiento-de-estrias\\\/\"},\"author\":{\"name\":\"Equipo\",\"@id\":\"https:\\\/\\\/www.idermic.es\\\/#\\\/schema\\\/person\\\/c12703027a878b23d3c71c87921a82f8\"},\"headline\":\"Tratamiento de estr\u00edas\",\"datePublished\":\"2025-01-22T11:57:30+00:00\",\"dateModified\":\"2026-05-26T09:45:06+00:00\",\"mainEntityOfPage\":{\"@id\":\"https:\\\/\\\/www.idermic.es\\\/es\\\/tratamiento-de-estrias\\\/\"},\"wordCount\":5714,\"commentCount\":0,\"publisher\":{\"@id\":\"https:\\\/\\\/www.idermic.es\\\/#organization\"},\"image\":{\"@id\":\"https:\\\/\\\/www.idermic.es\\\/es\\\/tratamiento-de-estrias\\\/#primaryimage\"},\"thumbnailUrl\":\"https:\\\/\\\/www.idermic.es\\\/wp-content\\\/uploads\\\/2025\\\/01\\\/Tratamiento-de-estrias-1.jpg\",\"keywords\":[\"estr\u00edas\",\"piel\"],\"articleSection\":[\"Dermatolog\u00eda\",\"Tecnolog\u00eda\"],\"inLanguage\":\"es\",\"potentialAction\":[{\"@type\":\"CommentAction\",\"name\":\"Comment\",\"target\":[\"https:\\\/\\\/www.idermic.es\\\/es\\\/tratamiento-de-estrias\\\/#respond\"]}]},{\"@type\":\"WebPage\",\"@id\":\"https:\\\/\\\/www.idermic.es\\\/es\\\/tratamiento-de-estrias\\\/\",\"url\":\"https:\\\/\\\/www.idermic.es\\\/es\\\/tratamiento-de-estrias\\\/\",\"name\":\"Tratamiento de estr\u00edas -\",\"isPartOf\":{\"@id\":\"https:\\\/\\\/www.idermic.es\\\/#website\"},\"primaryImageOfPage\":{\"@id\":\"https:\\\/\\\/www.idermic.es\\\/es\\\/tratamiento-de-estrias\\\/#primaryimage\"},\"image\":{\"@id\":\"https:\\\/\\\/www.idermic.es\\\/es\\\/tratamiento-de-estrias\\\/#primaryimage\"},\"thumbnailUrl\":\"https:\\\/\\\/www.idermic.es\\\/wp-content\\\/uploads\\\/2025\\\/01\\\/Tratamiento-de-estrias-1.jpg\",\"datePublished\":\"2025-01-22T11:57:30+00:00\",\"dateModified\":\"2026-05-26T09:45:06+00:00\",\"description\":\"Descubre en profundidad las mejores opciones para tratamiento de estr\u00edas, incluyendo el innovador l\u00e1ser Frax 1550, cremas y remedios caseros\",\"breadcrumb\":{\"@id\":\"https:\\\/\\\/www.idermic.es\\\/es\\\/tratamiento-de-estrias\\\/#breadcrumb\"},\"inLanguage\":\"es\",\"potentialAction\":[{\"@type\":\"ReadAction\",\"target\":[\"https:\\\/\\\/www.idermic.es\\\/es\\\/tratamiento-de-estrias\\\/\"]}]},{\"@type\":\"ImageObject\",\"inLanguage\":\"es\",\"@id\":\"https:\\\/\\\/www.idermic.es\\\/es\\\/tratamiento-de-estrias\\\/#primaryimage\",\"url\":\"https:\\\/\\\/www.idermic.es\\\/wp-content\\\/uploads\\\/2025\\\/01\\\/Tratamiento-de-estrias-1.jpg\",\"contentUrl\":\"https:\\\/\\\/www.idermic.es\\\/wp-content\\\/uploads\\\/2025\\\/01\\\/Tratamiento-de-estrias-1.jpg\",\"width\":461,\"height\":742,\"caption\":\"Utilizaci\u00f3n del L\u00e1ser Frax 1550 para el tratamiento de estr\u00edas.\"},{\"@type\":\"BreadcrumbList\",\"@id\":\"https:\\\/\\\/www.idermic.es\\\/es\\\/tratamiento-de-estrias\\\/#breadcrumb\",\"itemListElement\":[{\"@type\":\"ListItem\",\"position\":1,\"name\":\"Inici\",\"item\":\"https:\\\/\\\/www.idermic.es\\\/es\\\/\"},{\"@type\":\"ListItem\",\"position\":2,\"name\":\"Tratamiento de estr\u00edas\"}]},{\"@type\":\"WebSite\",\"@id\":\"https:\\\/\\\/www.idermic.es\\\/#website\",\"url\":\"https:\\\/\\\/www.idermic.es\\\/\",\"name\":\"Idermic. Dermatolog\u00eda en Terrassa\",\"description\":\"Dermatolog\u00eda, Medicina est\u00e9tica, Cirurg\u00eda Pl\u00e0stica\",\"publisher\":{\"@id\":\"https:\\\/\\\/www.idermic.es\\\/#organization\"},\"potentialAction\":[{\"@type\":\"SearchAction\",\"target\":{\"@type\":\"EntryPoint\",\"urlTemplate\":\"https:\\\/\\\/www.idermic.es\\\/?s={search_term_string}\"},\"query-input\":{\"@type\":\"PropertyValueSpecification\",\"valueRequired\":true,\"valueName\":\"search_term_string\"}}],\"inLanguage\":\"es\"},{\"@type\":\"Organization\",\"@id\":\"https:\\\/\\\/www.idermic.es\\\/#organization\",\"name\":\"Idermic. Dermatolog\u00eda en Terrassa\",\"url\":\"https:\\\/\\\/www.idermic.es\\\/\",\"logo\":{\"@type\":\"ImageObject\",\"inLanguage\":\"es\",\"@id\":\"https:\\\/\\\/www.idermic.es\\\/#\\\/schema\\\/logo\\\/image\\\/\",\"url\":\"https:\\\/\\\/www.idermic.es\\\/wp-content\\\/uploads\\\/2025\\\/10\\\/Logo-Idermic.jpg\",\"contentUrl\":\"https:\\\/\\\/www.idermic.es\\\/wp-content\\\/uploads\\\/2025\\\/10\\\/Logo-Idermic.jpg\",\"width\":501,\"height\":502,\"caption\":\"Idermic. Dermatolog\u00eda en Terrassa\"},\"image\":{\"@id\":\"https:\\\/\\\/www.idermic.es\\\/#\\\/schema\\\/logo\\\/image\\\/\"},\"sameAs\":[\"https:\\\/\\\/www.facebook.com\\\/Idermic\",\"https:\\\/\\\/x.com\\\/idermic\",\"https:\\\/\\\/www.instagram.com\\\/idermicclinic\\\/\",\"https:\\\/\\\/www.youtube.com\\\/channel\\\/UCyAHC9-p8lc6hr_nguO8p_g\"]},{\"@type\":\"Person\",\"@id\":\"https:\\\/\\\/www.idermic.es\\\/#\\\/schema\\\/person\\\/c12703027a878b23d3c71c87921a82f8\",\"name\":\"Equipo\",\"image\":{\"@type\":\"ImageObject\",\"inLanguage\":\"es\",\"@id\":\"https:\\\/\\\/secure.gravatar.com\\\/avatar\\\/7ca0be23248108c6b0887e0693b7dcf7764bd3503f84d1f04e6653ef7c3b9420?s=96&d=mm&r=g\",\"url\":\"https:\\\/\\\/secure.gravatar.com\\\/avatar\\\/7ca0be23248108c6b0887e0693b7dcf7764bd3503f84d1f04e6653ef7c3b9420?s=96&d=mm&r=g\",\"contentUrl\":\"https:\\\/\\\/secure.gravatar.com\\\/avatar\\\/7ca0be23248108c6b0887e0693b7dcf7764bd3503f84d1f04e6653ef7c3b9420?s=96&d=mm&r=g\",\"caption\":\"Equipo\"},\"description\":\"Equipo de Idermic\"}]}<\/script>\n<!-- \/ Yoast SEO plugin. -->","yoast_head_json":{"title":"Tratamiento de estr\u00edas -","description":"Descubre en profundidad las mejores opciones para tratamiento de estr\u00edas, incluyendo el innovador l\u00e1ser Frax 1550, cremas y remedios caseros","robots":{"index":"index","follow":"follow","max-snippet":"max-snippet:-1","max-image-preview":"max-image-preview:large","max-video-preview":"max-video-preview:-1"},"canonical":"https:\/\/www.idermic.es\/es\/tratamiento-de-estrias\/","og_locale":"es_ES","og_type":"article","og_title":"Tratamiento de estr\u00edas -","og_description":"Descubre en profundidad las mejores opciones para tratamiento de estr\u00edas, incluyendo el innovador l\u00e1ser Frax 1550, cremas y remedios caseros","og_url":"https:\/\/www.idermic.es\/es\/tratamiento-de-estrias\/","og_site_name":"Idermic. Dermatolog\u00eda en Terrassa","article_publisher":"https:\/\/www.facebook.com\/Idermic","article_published_time":"2025-01-22T11:57:30+00:00","article_modified_time":"2026-05-26T09:45:06+00:00","og_image":[{"width":461,"height":742,"url":"https:\/\/www.idermic.es\/wp-content\/uploads\/2025\/01\/Tratamiento-de-estrias-1.jpg","type":"image\/jpeg"}],"author":"Equipo","twitter_card":"summary_large_image","twitter_creator":"@idermic","twitter_site":"@idermic","twitter_misc":{"Escrito por":"Equipo","Tiempo de lectura":"13 minutos"},"schema":{"@context":"https:\/\/schema.org","@graph":[{"@type":"Article","@id":"https:\/\/www.idermic.es\/es\/tratamiento-de-estrias\/#article","isPartOf":{"@id":"https:\/\/www.idermic.es\/es\/tratamiento-de-estrias\/"},"author":{"name":"Equipo","@id":"https:\/\/www.idermic.es\/#\/schema\/person\/c12703027a878b23d3c71c87921a82f8"},"headline":"Tratamiento de estr\u00edas","datePublished":"2025-01-22T11:57:30+00:00","dateModified":"2026-05-26T09:45:06+00:00","mainEntityOfPage":{"@id":"https:\/\/www.idermic.es\/es\/tratamiento-de-estrias\/"},"wordCount":5714,"commentCount":0,"publisher":{"@id":"https:\/\/www.idermic.es\/#organization"},"image":{"@id":"https:\/\/www.idermic.es\/es\/tratamiento-de-estrias\/#primaryimage"},"thumbnailUrl":"https:\/\/www.idermic.es\/wp-content\/uploads\/2025\/01\/Tratamiento-de-estrias-1.jpg","keywords":["estr\u00edas","piel"],"articleSection":["Dermatolog\u00eda","Tecnolog\u00eda"],"inLanguage":"es","potentialAction":[{"@type":"CommentAction","name":"Comment","target":["https:\/\/www.idermic.es\/es\/tratamiento-de-estrias\/#respond"]}]},{"@type":"WebPage","@id":"https:\/\/www.idermic.es\/es\/tratamiento-de-estrias\/","url":"https:\/\/www.idermic.es\/es\/tratamiento-de-estrias\/","name":"Tratamiento de estr\u00edas -","isPartOf":{"@id":"https:\/\/www.idermic.es\/#website"},"primaryImageOfPage":{"@id":"https:\/\/www.idermic.es\/es\/tratamiento-de-estrias\/#primaryimage"},"image":{"@id":"https:\/\/www.idermic.es\/es\/tratamiento-de-estrias\/#primaryimage"},"thumbnailUrl":"https:\/\/www.idermic.es\/wp-content\/uploads\/2025\/01\/Tratamiento-de-estrias-1.jpg","datePublished":"2025-01-22T11:57:30+00:00","dateModified":"2026-05-26T09:45:06+00:00","description":"Descubre en profundidad las mejores opciones para tratamiento de estr\u00edas, incluyendo el innovador l\u00e1ser Frax 1550, cremas y remedios caseros","breadcrumb":{"@id":"https:\/\/www.idermic.es\/es\/tratamiento-de-estrias\/#breadcrumb"},"inLanguage":"es","potentialAction":[{"@type":"ReadAction","target":["https:\/\/www.idermic.es\/es\/tratamiento-de-estrias\/"]}]},{"@type":"ImageObject","inLanguage":"es","@id":"https:\/\/www.idermic.es\/es\/tratamiento-de-estrias\/#primaryimage","url":"https:\/\/www.idermic.es\/wp-content\/uploads\/2025\/01\/Tratamiento-de-estrias-1.jpg","contentUrl":"https:\/\/www.idermic.es\/wp-content\/uploads\/2025\/01\/Tratamiento-de-estrias-1.jpg","width":461,"height":742,"caption":"Utilizaci\u00f3n del L\u00e1ser Frax 1550 para el tratamiento de estr\u00edas."},{"@type":"BreadcrumbList","@id":"https:\/\/www.idermic.es\/es\/tratamiento-de-estrias\/#breadcrumb","itemListElement":[{"@type":"ListItem","position":1,"name":"Inici","item":"https:\/\/www.idermic.es\/es\/"},{"@type":"ListItem","position":2,"name":"Tratamiento de estr\u00edas"}]},{"@type":"WebSite","@id":"https:\/\/www.idermic.es\/#website","url":"https:\/\/www.idermic.es\/","name":"Idermic. Dermatolog\u00eda en Terrassa","description":"Dermatolog\u00eda, Medicina est\u00e9tica, Cirurg\u00eda Pl\u00e0stica","publisher":{"@id":"https:\/\/www.idermic.es\/#organization"},"potentialAction":[{"@type":"SearchAction","target":{"@type":"EntryPoint","urlTemplate":"https:\/\/www.idermic.es\/?s={search_term_string}"},"query-input":{"@type":"PropertyValueSpecification","valueRequired":true,"valueName":"search_term_string"}}],"inLanguage":"es"},{"@type":"Organization","@id":"https:\/\/www.idermic.es\/#organization","name":"Idermic. Dermatolog\u00eda en Terrassa","url":"https:\/\/www.idermic.es\/","logo":{"@type":"ImageObject","inLanguage":"es","@id":"https:\/\/www.idermic.es\/#\/schema\/logo\/image\/","url":"https:\/\/www.idermic.es\/wp-content\/uploads\/2025\/10\/Logo-Idermic.jpg","contentUrl":"https:\/\/www.idermic.es\/wp-content\/uploads\/2025\/10\/Logo-Idermic.jpg","width":501,"height":502,"caption":"Idermic. Dermatolog\u00eda en Terrassa"},"image":{"@id":"https:\/\/www.idermic.es\/#\/schema\/logo\/image\/"},"sameAs":["https:\/\/www.facebook.com\/Idermic","https:\/\/x.com\/idermic","https:\/\/www.instagram.com\/idermicclinic\/","https:\/\/www.youtube.com\/channel\/UCyAHC9-p8lc6hr_nguO8p_g"]},{"@type":"Person","@id":"https:\/\/www.idermic.es\/#\/schema\/person\/c12703027a878b23d3c71c87921a82f8","name":"Equipo","image":{"@type":"ImageObject","inLanguage":"es","@id":"https:\/\/secure.gravatar.com\/avatar\/7ca0be23248108c6b0887e0693b7dcf7764bd3503f84d1f04e6653ef7c3b9420?s=96&d=mm&r=g","url":"https:\/\/secure.gravatar.com\/avatar\/7ca0be23248108c6b0887e0693b7dcf7764bd3503f84d1f04e6653ef7c3b9420?s=96&d=mm&r=g","contentUrl":"https:\/\/secure.gravatar.com\/avatar\/7ca0be23248108c6b0887e0693b7dcf7764bd3503f84d1f04e6653ef7c3b9420?s=96&d=mm&r=g","caption":"Equipo"},"description":"Equipo de Idermic"}]}},"_links":{"self":[{"href":"https:\/\/www.idermic.es\/es\/wp-json\/wp\/v2\/posts\/6954","targetHints":{"allow":["GET"]}}],"collection":[{"href":"https:\/\/www.idermic.es\/es\/wp-json\/wp\/v2\/posts"}],"about":[{"href":"https:\/\/www.idermic.es\/es\/wp-json\/wp\/v2\/types\/post"}],"author":[{"embeddable":true,"href":"https:\/\/www.idermic.es\/es\/wp-json\/wp\/v2\/users\/3"}],"replies":[{"embeddable":true,"href":"https:\/\/www.idermic.es\/es\/wp-json\/wp\/v2\/comments?post=6954"}],"version-history":[{"count":15,"href":"https:\/\/www.idermic.es\/es\/wp-json\/wp\/v2\/posts\/6954\/revisions"}],"predecessor-version":[{"id":7015,"href":"https:\/\/www.idermic.es\/es\/wp-json\/wp\/v2\/posts\/6954\/revisions\/7015"}],"wp:featuredmedia":[{"embeddable":true,"href":"https:\/\/www.idermic.es\/es\/wp-json\/wp\/v2\/media\/6964"}],"wp:attachment":[{"href":"https:\/\/www.idermic.es\/es\/wp-json\/wp\/v2\/media?parent=6954"}],"wp:term":[{"taxonomy":"category","embeddable":true,"href":"https:\/\/www.idermic.es\/es\/wp-json\/wp\/v2\/categories?post=6954"},{"taxonomy":"post_tag","embeddable":true,"href":"https:\/\/www.idermic.es\/es\/wp-json\/wp\/v2\/tags?post=6954"}],"curies":[{"name":"wp","href":"https:\/\/api.w.org\/{rel}","templated":true}]}}