{"id":6864,"date":"2025-01-15T13:14:33","date_gmt":"2025-01-15T13:14:33","guid":{"rendered":"https:\/\/www.idermic.es\/?p=6864"},"modified":"2025-01-28T19:30:41","modified_gmt":"2025-01-28T19:30:41","slug":"bruxismo-todo-lo-que-necesitamos-saber-del-habito-de-rechinar-los-dientes","status":"publish","type":"post","link":"https:\/\/www.idermic.es\/es\/bruxismo-todo-lo-que-necesitamos-saber-del-habito-de-rechinar-los-dientes\/","title":{"rendered":"Bruxismo: Todo lo que necesitamos saber del h\u00e1bito de rechinar los dientes"},"content":{"rendered":"<p><div class=\"fusion-fullwidth fullwidth-box fusion-builder-row-1 nonhundred-percent-fullwidth non-hundred-percent-height-scrolling\" style=\"--awb-border-radius-top-left:0px;--awb-border-radius-top-right:0px;--awb-border-radius-bottom-right:0px;--awb-border-radius-bottom-left:0px;--awb-flex-wrap:wrap;\" ><div class=\"fusion-builder-row fusion-row\"><div class=\"fusion-layout-column fusion_builder_column fusion-builder-column-0 fusion_builder_column_1_1 1_1 fusion-one-full fusion-column-first fusion-column-last\" style=\"--awb-bg-size:cover;\"><div class=\"fusion-column-wrapper fusion-flex-column-wrapper-legacy\"><div class=\"fusion-text fusion-text-1\"><h1 style=\"text-align: center;\">Todo lo que necesitamos saber del bruxismo<\/h1>\n<\/div><div class=\"fusion-clearfix\"><\/div><\/div><\/div><\/div><\/div><div class=\"fusion-fullwidth fullwidth-box fusion-builder-row-2 nonhundred-percent-fullwidth non-hundred-percent-height-scrolling\" style=\"--awb-border-radius-top-left:0px;--awb-border-radius-top-right:0px;--awb-border-radius-bottom-right:0px;--awb-border-radius-bottom-left:0px;--awb-flex-wrap:wrap;\" ><div class=\"fusion-builder-row fusion-row\"><div class=\"fusion-layout-column fusion_builder_column fusion-builder-column-1 fusion_builder_column_1_3 1_3 fusion-one-third fusion-column-first\" style=\"--awb-bg-size:cover;width:33.333333333333%;width:calc(33.333333333333% - ( ( 4% + 4% ) * 0.33333333333333 ) );margin-right: 4%;\"><div class=\"fusion-column-wrapper fusion-flex-column-wrapper-legacy\"><div class=\"fusion-text fusion-text-2\"><p>El bruxismo es una afecci\u00f3n que se caracteriza por el rechinar o apretar los dientes de forma involuntaria, especialmente durante el sue\u00f1o.<\/p>\n<p>Este trastorno puede presentarse tanto en ni\u00f1os como en adultos y afecta significativamente la salud bucal y general si no se trata a tiempo.<\/p>\n<\/div><div class=\"fusion-clearfix\"><\/div><\/div><\/div><div class=\"fusion-layout-column fusion_builder_column fusion-builder-column-2 fusion_builder_column_1_3 1_3 fusion-one-third\" style=\"--awb-bg-size:cover;width:33.333333333333%;width:calc(33.333333333333% - ( ( 4% + 4% ) * 0.33333333333333 ) );margin-right: 4%;\"><div class=\"fusion-column-wrapper fusion-flex-column-wrapper-legacy\"><div class=\"fusion-image-element in-legacy-container\" style=\"--awb-caption-title-font-family:var(--h2_typography-font-family);--awb-caption-title-font-weight:var(--h2_typography-font-weight);--awb-caption-title-font-style:var(--h2_typography-font-style);--awb-caption-title-size:var(--h2_typography-font-size);--awb-caption-title-transform:var(--h2_typography-text-transform);--awb-caption-title-line-height:var(--h2_typography-line-height);--awb-caption-title-letter-spacing:var(--h2_typography-letter-spacing);\"><span class=\" fusion-imageframe imageframe-none imageframe-1 hover-type-none\"><img decoding=\"async\" width=\"221\" height=\"300\" alt=\"Todo lo que necesitamos saber del bruxismo\" title=\"Bruxismo\" src=\"https:\/\/www.idermic.es\/wp-content\/uploads\/2025\/01\/Bruxismo-221x300.jpg\" class=\"img-responsive wp-image-6867\" srcset=\"https:\/\/www.idermic.es\/wp-content\/uploads\/2025\/01\/Bruxismo-200x272.jpg 200w, https:\/\/www.idermic.es\/wp-content\/uploads\/2025\/01\/Bruxismo-400x544.jpg 400w, https:\/\/www.idermic.es\/wp-content\/uploads\/2025\/01\/Bruxismo.jpg 462w\" sizes=\"(max-width: 800px) 100vw, 221px\" \/><\/span><\/div><div class=\"fusion-clearfix\"><\/div><\/div><\/div><div class=\"fusion-layout-column fusion_builder_column fusion-builder-column-3 fusion_builder_column_1_3 1_3 fusion-one-third fusion-column-last\" style=\"--awb-bg-size:cover;width:33.333333333333%;width:calc(33.333333333333% - ( ( 4% + 4% ) * 0.33333333333333 ) );\"><div class=\"fusion-column-wrapper fusion-flex-column-wrapper-legacy\"><div class=\"fusion-image-element in-legacy-container\" style=\"--awb-caption-title-font-family:var(--h2_typography-font-family);--awb-caption-title-font-weight:var(--h2_typography-font-weight);--awb-caption-title-font-style:var(--h2_typography-font-style);--awb-caption-title-size:var(--h2_typography-font-size);--awb-caption-title-transform:var(--h2_typography-text-transform);--awb-caption-title-line-height:var(--h2_typography-line-height);--awb-caption-title-letter-spacing:var(--h2_typography-letter-spacing);\"><span class=\" fusion-imageframe imageframe-none imageframe-2 hover-type-none\"><img decoding=\"async\" width=\"231\" height=\"300\" alt=\"Todo lo que necesitamos saber del bruxismo\" title=\"Bruxismo\" src=\"https:\/\/www.idermic.es\/wp-content\/uploads\/2025\/01\/Bruxismo-2-231x300.jpg\" class=\"img-responsive wp-image-6875\" srcset=\"https:\/\/www.idermic.es\/wp-content\/uploads\/2025\/01\/Bruxismo-2-200x260.jpg 200w, https:\/\/www.idermic.es\/wp-content\/uploads\/2025\/01\/Bruxismo-2-400x520.jpg 400w, https:\/\/www.idermic.es\/wp-content\/uploads\/2025\/01\/Bruxismo-2.jpg 465w\" sizes=\"(max-width: 800px) 100vw, 231px\" \/><\/span><\/div><div class=\"fusion-clearfix\"><\/div><\/div><\/div><\/div><\/div><div class=\"fusion-fullwidth fullwidth-box fusion-builder-row-3 nonhundred-percent-fullwidth non-hundred-percent-height-scrolling\" style=\"--awb-border-radius-top-left:0px;--awb-border-radius-top-right:0px;--awb-border-radius-bottom-right:0px;--awb-border-radius-bottom-left:0px;--awb-margin-top:32px;--awb-margin-bottom:32px;--awb-flex-wrap:wrap;\" ><div class=\"fusion-builder-row fusion-row\"><div class=\"fusion-layout-column fusion_builder_column fusion-builder-column-4 fusion_builder_column_1_1 1_1 fusion-one-full fusion-column-first fusion-column-last\" style=\"--awb-bg-size:cover;\"><div class=\"fusion-column-wrapper fusion-flex-column-wrapper-legacy\"><div class=\"fusion-text fusion-text-3\"><h2>Causas del bruxismo<\/h2>\n<p>Existen diversas razones que pueden desencadenar el bruxismo, el h\u00e1bito de rechinar los dientes, entre las m\u00e1s comunes se encuentran:<\/p>\n<h3>Estr\u00e9s y ansiedad: factores emocionales que provocan tensi\u00f3n muscular<\/h3>\n<p>El estr\u00e9s y la ansiedad son las causas m\u00e1s frecuentes del bruxismo, especialmente en adultos. Estas emociones generan una respuesta fisiol\u00f3gica de tensi\u00f3n muscular en todo el cuerpo, incluyendo los m\u00fasculos de la mand\u00edbula. Durante el d\u00eda, esto puede manifestarse como apretamiento consciente o inconsciente de los dientes. Durante la noche, el estr\u00e9s puede influir en el sistema nervioso aut\u00f3nomo, provocando rechinamiento o apretamiento involuntario mientras se duerme.<\/p>\n<p>Adem\u00e1s, personas con estilos de vida muy exigentes o que enfrentan situaciones de presi\u00f3n prolongada suelen tener un mayor riesgo de desarrollar bruxismo. Estudios recientes sugieren que las t\u00e9cnicas de manejo del estr\u00e9s, como la meditaci\u00f3n o el ejercicio f\u00edsico, pueden reducir significativamente los episodios de bruxismo relacionado con la tensi\u00f3n emocional.<\/p>\n<h3>Alteraciones en la mordida: problemas de alineaci\u00f3n dental<\/h3>\n<p>Un factor f\u00edsico importante es la presencia de <a href=\"https:\/\/www.sanibook.net\/diccionario-de-salud\/#maloclusiones\">maloclusiones<\/a>, es decir, problemas en la forma en que los dientes superiores e inferiores encajan al cerrar la boca. Estas alteraciones pueden obligar a los m\u00fasculos masticatorios a realizar un esfuerzo excesivo para compensar la falta de alineaci\u00f3n, lo que puede llevar al bruxismo.<\/p>\n<p>Los dientes desalineados tambi\u00e9n incrementan el riesgo de desgaste desigual del esmalte, exacerbando los s\u00edntomas del bruxismo. En algunos casos, la ortodoncia o la rehabilitaci\u00f3n dental son necesarias para corregir estos problemas y reducir el riesgo de rechinamiento persistente.<\/p>\n<h3>Trastornos del sue\u00f1o: insomnio y apnea del sue\u00f1o<\/h3>\n<p>Los trastornos del sue\u00f1o, como el insomnio o la apnea obstructiva del sue\u00f1o, est\u00e1n estrechamente relacionados con el bruxismo nocturno. Durante los episodios de apnea, el flujo de aire se interrumpe temporalmente, lo que provoca microdespertares en el cerebro y una activaci\u00f3n de los m\u00fasculos de la mand\u00edbula. Esto puede llevar al rechinamiento como una respuesta involuntaria.<\/p>\n<p>Por otro lado, las personas con insomnio o patrones de sue\u00f1o alterados suelen experimentar mayor actividad muscular durante la noche, lo que aumenta la probabilidad de bruxismo. Mejorar la calidad del sue\u00f1o mediante tratamientos para la apnea, establecer una rutina de sue\u00f1o regular y evitar estimulantes como la cafe\u00edna puede ser clave para reducir este tipo de bruxismo.<\/p>\n<h3>Otros factores secundarios<\/h3>\n<p>Aunque menos comunes, hay otros factores que pueden contribuir al desarrollo del bruxismo:<\/p>\n<ul>\n<li><strong>Uso de medicamentos:<\/strong> Algunos antidepresivos y medicamentos estimulantes pueden aumentar la actividad muscular mandibular.<\/li>\n<li><strong>Predisposici\u00f3n gen\u00e9tica:<\/strong> Se ha identificado que ciertas personas tienen una mayor probabilidad gen\u00e9tica de desarrollar bruxismo, especialmente el nocturno.<\/li>\n<li><strong>Estilo de vida:<\/strong> Consumo excesivo de alcohol, tabaco o cafe\u00edna tambi\u00e9n puede incrementar los episodios de rechinamiento dental.<\/li>\n<\/ul>\n<p>Por lo tanto, entender las causas del bruxismo es esencial para implementar tratamientos adecuados. Un enfoque integral que combine la gesti\u00f3n del estr\u00e9s, la correcci\u00f3n de problemas dentales y la mejora del sue\u00f1o puede ser altamente efectivo para controlar esta condici\u00f3n.<\/p>\n<h2>Consecuencias para la salud<\/h2>\n<p>El bruxismo, si no es tratado a tiempo, puede tener un impacto significativo en la salud bucodental y general. Aunque inicialmente puede parecer un problema menor, sus consecuencias pueden derivar en complicaciones que afectan la calidad de vida de quienes lo padecen. A continuaci\u00f3n, se detallan las principales afectaciones:<\/p>\n<h3>Desgaste dental: p\u00e9rdida de esmalte y sensibilidad<\/h3>\n<p>El rechinamiento constante de los dientes genera un desgaste progresivo del esmalte, la capa protectora que recubre los dientes. Este desgaste deja expuesta la dentina, una estructura m\u00e1s sensible del diente, lo que provoca molestias al consumir alimentos fr\u00edos, calientes, dulces o \u00e1cidos.<\/p>\n<p>Con el tiempo, la p\u00e9rdida de esmalte tambi\u00e9n puede comprometer la apariencia de los dientes, haci\u00e9ndolos m\u00e1s cortos, planos o incluso fractur\u00e1ndose. En casos avanzados, el desgaste severo puede llevar a la necesidad de tratamientos complejos como coronas dentales o reconstrucciones completas.<\/p>\n<h3>Dolor mandibular: tensi\u00f3n en los m\u00fasculos masticatorios<\/h3>\n<p>La presi\u00f3n constante ejercida por el bruxismo puede provocar dolor en los m\u00fasculos de la mand\u00edbula, especialmente en el \u00e1rea de los m\u00fasculos maseteros y temporales. Esta tensi\u00f3n muscular puede extenderse a otras \u00e1reas de la cara, el cuello e incluso los hombros, generando una incomodidad generalizada.<\/p>\n<p>Adem\u00e1s, muchas personas con bruxismo experimentan fatiga mandibular, una sensaci\u00f3n de rigidez o dificultad para abrir y cerrar la boca con normalidad. Esta situaci\u00f3n puede dificultar actividades b\u00e1sicas como hablar, comer o bostezar.<\/p>\n<h3>Problemas en la articulaci\u00f3n temporomandibular (ATM)<\/h3>\n<p>La articulaci\u00f3n temporomandibular, ubicada cerca del o\u00eddo, es la responsable de permitir el movimiento de la mand\u00edbula. El bruxismo ejerce una presi\u00f3n excesiva sobre esta articulaci\u00f3n, lo que puede ocasionar disfunci\u00f3n temporomandibular (DTM).<\/p>\n<p>Entre los s\u00edntomas m\u00e1s comunes de este problema se encuentran:<\/p>\n<ul>\n<li>Dolor al mover la mand\u00edbula.<\/li>\n<li>Chasquidos o crujidos al abrir o cerrar la boca.<\/li>\n<li>Sensaci\u00f3n de bloqueo en la mand\u00edbula.<\/li>\n<\/ul>\n<p>Si no se aborda adecuadamente, la disfunci\u00f3n de la ATM puede convertirse en un problema cr\u00f3nico que limite la capacidad funcional de la mand\u00edbula.<\/p>\n<h3>Dolores de cabeza: tensi\u00f3n muscular generalizada<\/h3>\n<p>El bruxismo suele estar relacionado con cefaleas tensionales debido al estr\u00e9s que genera en los m\u00fasculos faciales y cervicales. Estos dolores de cabeza, que suelen sentirse como una presi\u00f3n constante en las sienes o la frente, pueden aparecer con mayor frecuencia al despertar, especialmente en personas con bruxismo nocturno.<\/p>\n<p>El dolor de cabeza asociado al bruxismo tambi\u00e9n puede intensificarse con actividades que impliquen esfuerzo f\u00edsico o estr\u00e9s emocional, complicando a\u00fan m\u00e1s la vida diaria de quienes lo padecen.<\/p>\n<h3>Otras consecuencias relacionadas<\/h3>\n<p>Adem\u00e1s de los problemas mencionados, el bruxismo puede generar otras complicaciones:<\/p>\n<ul>\n<li><strong>Recesi\u00f3n gingival:<\/strong> La presi\u00f3n excesiva sobre los dientes puede contribuir a la retracci\u00f3n de las enc\u00edas, exponiendo las ra\u00edces dentales.<\/li>\n<li><strong>Fracturas dentales:<\/strong> En casos severos, el rechinamiento puede provocar grietas o roturas en los dientes, aumentando el riesgo de infecciones o la necesidad de extracci\u00f3n dental.<\/li>\n<li><strong>Alteraciones en el sue\u00f1o:<\/strong> En personas con bruxismo nocturno, la actividad involuntaria de los m\u00fasculos mandibulares puede interrumpir los ciclos de sue\u00f1o, generando cansancio y somnolencia durante el d\u00eda.<\/li>\n<\/ul>\n<\/div><div class=\"fusion-clearfix\"><\/div><\/div><\/div><\/div><div class=\"fusion-builder-row fusion-row\"><\/div><\/div><div class=\"fusion-fullwidth fullwidth-box fusion-builder-row-4 nonhundred-percent-fullwidth non-hundred-percent-height-scrolling\" style=\"--awb-border-radius-top-left:0px;--awb-border-radius-top-right:0px;--awb-border-radius-bottom-right:0px;--awb-border-radius-bottom-left:0px;--awb-margin-top:32px;--awb-margin-bottom:32px;--awb-flex-wrap:wrap;\" ><div class=\"fusion-builder-row fusion-row\"><div class=\"fusion-layout-column fusion_builder_column fusion-builder-column-5 fusion_builder_column_1_1 1_1 fusion-one-full fusion-column-first fusion-column-last\" style=\"--awb-bg-size:cover;\"><div class=\"fusion-column-wrapper fusion-flex-column-wrapper-legacy\"><div class=\"fusion-text fusion-text-4\"><h2>Tratamientos disponibles<\/h2>\n<p>El bruxismo puede ser abordado de diversas maneras, dependiendo de la severidad del caso y de las causas subyacentes. Los tratamientos tienen como objetivo aliviar los s\u00edntomas, prevenir el da\u00f1o a los dientes y abordar los factores desencadenantes. A continuaci\u00f3n, se desarrollan en profundidad las principales opciones, con especial \u00e9nfasis en la aplicaci\u00f3n de neuromoduladores como una soluci\u00f3n innovadora:<\/p>\n<h3>F\u00e9rulas de descarga: protecci\u00f3n nocturna<\/h3>\n<p>Las f\u00e9rulas de descarga son dispositivos personalizados, fabricados generalmente con resina acr\u00edlica, que se colocan sobre los dientes para protegerlos durante la noche. Estas f\u00e9rulas act\u00faan como una barrera entre los dientes superiores e inferiores, evitando el desgaste dental y distribuyendo de manera uniforme las fuerzas de la mordida.<\/p>\n<p>Adem\u00e1s de prevenir da\u00f1os, las f\u00e9rulas pueden reducir la sobrecarga muscular, minimizando el dolor en la mand\u00edbula y la presi\u00f3n sobre la articulaci\u00f3n temporomandibular (ATM). Este tratamiento es especialmente eficaz en casos de bruxismo moderado o severo y debe ser indicado y ajustado por un odont\u00f3logo.<\/p>\n<h3>Terapias para reducir el estr\u00e9s: relajaci\u00f3n y mindfulness<\/h3>\n<p>Dado que el estr\u00e9s y la ansiedad son desencadenantes comunes del bruxismo, muchas personas se benefician de incorporar t\u00e9cnicas de manejo del estr\u00e9s en su rutina diaria. Estas terapias pueden incluir:<\/p>\n<ul>\n<li><strong>Mindfulness y meditaci\u00f3n:<\/strong> Ayudan a reducir la tensi\u00f3n emocional y a aumentar la conciencia corporal, lo que puede prevenir el apretamiento inconsciente de los dientes.<\/li>\n<li><strong>Terapia cognitivo-conductual (TCC):<\/strong> \u00datil para identificar y cambiar patrones de pensamiento que contribuyen al estr\u00e9s cr\u00f3nico.<\/li>\n<li><strong>Ejercicios de relajaci\u00f3n muscular:<\/strong> Reducen la tensi\u00f3n en los m\u00fasculos de la mand\u00edbula y el cuello, aliviando los s\u00edntomas asociados.<\/li>\n<\/ul>\n<h3>Ajustes dentales: mejora de la mordida<\/h3>\n<p>En casos donde el bruxismo est\u00e1 relacionado con problemas de alineaci\u00f3n dental, los ajustes dentales son fundamentales. Este enfoque incluye tratamientos como:<\/p>\n<ul>\n<li><strong>Ortodoncia:<\/strong> Para corregir maloclusiones y mejorar el alineamiento de los dientes.<\/li>\n<li><strong>Rehabilitaci\u00f3n dental:<\/strong> Restauraciones como coronas o carillas que reparan el da\u00f1o causado por el desgaste dental.<\/li>\n<\/ul>\n<p>Estas intervenciones no solo mejoran la funcionalidad de la mordida, sino que tambi\u00e9n ayudan a prevenir futuros episodios de bruxismo al eliminar las causas mec\u00e1nicas subyacentes.<\/p>\n<h3>Neuromoduladores: una soluci\u00f3n innovadora<\/h3>\n<p>Los neuromoduladores, como la toxina botul\u00ednica (com\u00fanmente conocida como b\u00f3tox), se han convertido en una opci\u00f3n efectiva y segura para tratar el bruxismo. Su aplicaci\u00f3n en los m\u00fasculos masticatorios, espec\u00edficamente el masetero y temporal, ayuda a:<\/p>\n<ul>\n<li><strong>Reducir la actividad muscular excesiva:<\/strong> Al relajar parcialmente los m\u00fasculos responsables del apretamiento y rechinamiento, disminuye la tensi\u00f3n mandibular.<\/li>\n<li><strong>Aliviar el dolor:<\/strong> Los pacientes suelen experimentar una reducci\u00f3n significativa del dolor muscular y articular despu\u00e9s del tratamiento.<\/li>\n<li><strong>Proteger los dientes y la ATM:<\/strong> Al limitar la fuerza ejercida durante el bruxismo nocturno o diurno, se minimizan los da\u00f1os en los dientes y la articulaci\u00f3n temporomandibular.<\/li>\n<\/ul>\n<p>Este tratamiento es m\u00ednimamente invasivo y sus efectos suelen durar entre 3 y 6 meses, dependiendo de las caracter\u00edsticas individuales de cada paciente. Aunque los neuromoduladores no curan el bruxismo, representan una herramienta eficaz para controlar sus s\u00edntomas y mejorar la calidad de vida.<\/p>\n<h3>Importancia de acudir al odont\u00f3logo<\/h3>\n<p>En cualquier caso, es esencial recordar que los tratamientos deben ser supervisados por un odont\u00f3logo de confianza. Cada caso de bruxismo es \u00fanico y requiere un enfoque personalizado. Desde <a href=\"https:\/\/www.idermic.es\/\"><strong>Idermic<\/strong><\/a>, tu dermat\u00f3logo en Terrassa siempre recomendamos visitar a tu odont\u00f3logo de confianza para evaluar la situaci\u00f3n, identificar las causas espec\u00edficas y definir la mejor estrategia terap\u00e9utica.<\/p>\n<p>El tratamiento del bruxismo abarca diversas opciones que se adaptan a las necesidades de cada paciente. Desde soluciones tradicionales como las f\u00e9rulas de descarga hasta t\u00e9cnicas innovadoras como los neuromoduladores, todas buscan reducir el impacto de esta condici\u00f3n en la salud y la calidad de vida. Una atenci\u00f3n oportuna y especializada es clave para prevenir complicaciones y garantizar un tratamiento exitoso.<\/p>\n<h2>Prevenci\u00f3n y recomendaciones<\/h2>\n<p>El bruxismo, aunque puede tener causas multifactoriales, puede ser prevenido o mitigado mediante cambios en el estilo de vida, h\u00e1bitos saludables y una atenci\u00f3n dental adecuada. A continuaci\u00f3n, se ofrecen recomendaciones pr\u00e1cticas para reducir el riesgo de padecer esta afecci\u00f3n o controlar sus efectos:<\/p>\n<h3>Mantener una rutina relajante antes de dormir<\/h3>\n<p>Establecer una rutina relajante antes de acostarse ayuda a reducir el estr\u00e9s y preparar el cuerpo para un sue\u00f1o reparador. Algunas estrategias efectivas incluyen:<\/p>\n<ul>\n<li><strong>T\u00e9cnicas de relajaci\u00f3n:<\/strong> Practicar meditaci\u00f3n, respiraci\u00f3n profunda o yoga suave antes de dormir puede disminuir la tensi\u00f3n f\u00edsica y emocional.<\/li>\n<li><strong>Evitar pantallas antes de dormir:<\/strong> La exposici\u00f3n a dispositivos electr\u00f3nicos como tel\u00e9fonos o televisores puede alterar los niveles de melatonina, dificultando el sue\u00f1o.<\/li>\n<li><strong>Crear un ambiente propicio para el descanso:<\/strong> Mantener una habitaci\u00f3n oscura, silenciosa y a una temperatura adecuada favorece un sue\u00f1o de calidad, reduciendo la actividad muscular nocturna relacionada con el bruxismo.<\/li>\n<\/ul>\n<h3>Evitar el consumo de estimulantes como cafe\u00edna o alcohol en exceso<\/h3>\n<p>Los estimulantes como la cafe\u00edna, las bebidas energ\u00e9ticas y el alcohol pueden aumentar la actividad del sistema nervioso, incrementando el riesgo de bruxismo, especialmente durante la noche. Para prevenirlo, se recomienda:<\/p>\n<ul>\n<li>Limitar el consumo de caf\u00e9 y t\u00e9 durante la tarde y la noche.<\/li>\n<li>Reducir el consumo de alcohol, ya que este puede alterar los patrones de sue\u00f1o, promoviendo el rechinamiento dental nocturno.<\/li>\n<li>Optar por bebidas relajantes, como infusiones de hierbas, que favorezcan la relajaci\u00f3n y la conciliaci\u00f3n del sue\u00f1o.<\/li>\n<\/ul>\n<h3>Realizar chequeos regulares con el dentista<\/h3>\n<p>El papel del odont\u00f3logo es fundamental en la prevenci\u00f3n y manejo del bruxismo. Las visitas regulares al dentista permiten:<\/p>\n<ul>\n<li><strong>Identificar problemas tempranos:<\/strong> Detecci\u00f3n de signos iniciales de desgaste dental o tensi\u00f3n mandibular.<\/li>\n<li><strong>Personalizar tratamientos preventivos:<\/strong> Como la elaboraci\u00f3n de f\u00e9rulas de descarga o recomendaciones espec\u00edficas para proteger la salud bucodental.<\/li>\n<li><strong>Monitorear la salud de la articulaci\u00f3n temporomandibular (ATM):<\/strong> Detectando cualquier anomal\u00eda que pueda estar relacionada con el bruxismo.<\/li>\n<\/ul>\n<h3>Otras recomendaciones \u00fatiles<\/h3>\n<p>Adem\u00e1s de las estrategias mencionadas, hay otras acciones que pueden contribuir a la prevenci\u00f3n del bruxismo:<\/p>\n<ul>\n<li><strong>Practicar buena higiene del sue\u00f1o:<\/strong> Mantener horarios regulares para acostarse y levantarse puede mejorar la calidad del sue\u00f1o y reducir episodios de bruxismo nocturno.<\/li>\n<li><strong>Evitar h\u00e1bitos perjudiciales:<\/strong> Como morder objetos duros (bol\u00edgrafos o u\u00f1as), que pueden sobrecargar los m\u00fasculos de la mand\u00edbula.<\/li>\n<li><strong>Mantener una postura adecuada:<\/strong> La tensi\u00f3n en el cuello y hombros puede influir en la tensi\u00f3n mandibular, por lo que una postura correcta durante el d\u00eda es beneficiosa.<\/li>\n<\/ul>\n<\/div><div class=\"fusion-clearfix\"><\/div><\/div><\/div><\/div><div class=\"fusion-builder-row fusion-row\"><\/div><\/div><div class=\"fusion-fullwidth fullwidth-box fusion-builder-row-5 nonhundred-percent-fullwidth non-hundred-percent-height-scrolling\" style=\"--awb-border-radius-top-left:0px;--awb-border-radius-top-right:0px;--awb-border-radius-bottom-right:0px;--awb-border-radius-bottom-left:0px;--awb-flex-wrap:wrap;\" ><div class=\"fusion-builder-row fusion-row\"><div class=\"fusion-layout-column fusion_builder_column fusion-builder-column-6 fusion_builder_column_1_1 1_1 fusion-one-full fusion-column-first fusion-column-last\" style=\"--awb-bg-size:cover;\"><div class=\"fusion-column-wrapper fusion-flex-column-wrapper-legacy\"><div class=\"fusion-video fusion-youtube\" style=\"--awb-max-width:600px;--awb-max-height:360px;\"><div class=\"video-shortcode\"><div class=\"fluid-width-video-wrapper\" style=\"padding-top:60%;\" ><iframe title=\"YouTube video player 1\" src=\"https:\/\/www.youtube.com\/embed\/zl4jDRyp3Io?wmode=transparent&autoplay=0\" width=\"600\" height=\"360\" allowfullscreen allow=\"autoplay; clipboard-write; encrypted-media; gyroscope; picture-in-picture;\"><\/iframe><\/div><\/div><\/div><div class=\"fusion-clearfix\"><\/div><\/div><\/div><\/div><\/div><div class=\"fusion-fullwidth fullwidth-box fusion-builder-row-6 nonhundred-percent-fullwidth non-hundred-percent-height-scrolling\" style=\"--awb-border-radius-top-left:0px;--awb-border-radius-top-right:0px;--awb-border-radius-bottom-right:0px;--awb-border-radius-bottom-left:0px;--awb-flex-wrap:wrap;\" ><div class=\"fusion-builder-row fusion-row\"><div class=\"fusion-layout-column fusion_builder_column fusion-builder-column-7 fusion_builder_column_1_1 1_1 fusion-one-full fusion-column-first fusion-column-last\" style=\"--awb-bg-size:cover;\"><div class=\"fusion-column-wrapper fusion-flex-column-wrapper-legacy\"><blockquote class=\"instagram-media\" data-instgrm-captioned data-instgrm-permalink=\"https:\/\/www.instagram.com\/reel\/C9w9ZiNAjTC\/?utm_source=ig_embed&utm_campaign=loading\" data-instgrm-version=\"14\" style=\" background:#FFF; border:0; border-radius:3px; box-shadow:0 0 1px 0 rgba(0,0,0,0.5),0 1px 10px 0 rgba(0,0,0,0.15); margin: 1px; max-width:540px; min-width:326px; padding:0; width:99.375%; width:-webkit-calc(100% - 2px); width:calc(100% - 2px);\"><div style=\"padding:16px;\"> <a href=\"https:\/\/www.instagram.com\/reel\/C9w9ZiNAjTC\/?utm_source=ig_embed&utm_campaign=loading\" style=\" background:#FFFFFF; line-height:0; padding:0 0; text-align:center; text-decoration:none; width:100%;\" target=\"_blank\"> <div style=\" display: flex; flex-direction: row; align-items: center;\"> <div style=\"background-color: #F4F4F4; border-radius: 50%; flex-grow: 0; height: 40px; margin-right: 14px; width: 40px;\"><\/div> <div style=\"display: flex; flex-direction: column; flex-grow: 1; justify-content: center;\"> <div style=\" background-color: #F4F4F4; border-radius: 4px; flex-grow: 0; height: 14px; margin-bottom: 6px; width: 100px;\"><\/div> <div style=\" background-color: #F4F4F4; border-radius: 4px; flex-grow: 0; height: 14px; width: 60px;\"><\/div><\/div><\/div><div style=\"padding: 19% 0;\"><\/div> <div style=\"display:block; height:50px; margin:0 auto 12px; width:50px;\"><svg width=\"50px\" height=\"50px\" viewBox=\"0 0 60 60\" version=\"1.1\" xmlns=\"https:\/\/www.w3.org\/2000\/svg\" xmlns:xlink=\"https:\/\/www.w3.org\/1999\/xlink\"><g stroke=\"none\" stroke-width=\"1\" fill=\"none\" fill-rule=\"evenodd\"><g transform=\"translate(-511.000000, -20.000000)\" fill=\"#000000\"><g><path d=\"M556.869,30.41 C554.814,30.41 553.148,32.076 553.148,34.131 C553.148,36.186 554.814,37.852 556.869,37.852 C558.924,37.852 560.59,36.186 560.59,34.131 C560.59,32.076 558.924,30.41 556.869,30.41 M541,60.657 C535.114,60.657 530.342,55.887 530.342,50 C530.342,44.114 535.114,39.342 541,39.342 C546.887,39.342 551.658,44.114 551.658,50 C551.658,55.887 546.887,60.657 541,60.657 M541,33.886 C532.1,33.886 524.886,41.1 524.886,50 C524.886,58.899 532.1,66.113 541,66.113 C549.9,66.113 557.115,58.899 557.115,50 C557.115,41.1 549.9,33.886 541,33.886 M565.378,62.101 C565.244,65.022 564.756,66.606 564.346,67.663 C563.803,69.06 563.154,70.057 562.106,71.106 C561.058,72.155 560.06,72.803 558.662,73.347 C557.607,73.757 556.021,74.244 553.102,74.378 C549.944,74.521 548.997,74.552 541,74.552 C533.003,74.552 532.056,74.521 528.898,74.378 C525.979,74.244 524.393,73.757 523.338,73.347 C521.94,72.803 520.942,72.155 519.894,71.106 C518.846,70.057 518.197,69.06 517.654,67.663 C517.244,66.606 516.755,65.022 516.623,62.101 C516.479,58.943 516.448,57.996 516.448,50 C516.448,42.003 516.479,41.056 516.623,37.899 C516.755,34.978 517.244,33.391 517.654,32.338 C518.197,30.938 518.846,29.942 519.894,28.894 C520.942,27.846 521.94,27.196 523.338,26.654 C524.393,26.244 525.979,25.756 528.898,25.623 C532.057,25.479 533.004,25.448 541,25.448 C548.997,25.448 549.943,25.479 553.102,25.623 C556.021,25.756 557.607,26.244 558.662,26.654 C560.06,27.196 561.058,27.846 562.106,28.894 C563.154,29.942 563.803,30.938 564.346,32.338 C564.756,33.391 565.244,34.978 565.378,37.899 C565.522,41.056 565.552,42.003 565.552,50 C565.552,57.996 565.522,58.943 565.378,62.101 M570.82,37.631 C570.674,34.438 570.167,32.258 569.425,30.349 C568.659,28.377 567.633,26.702 565.965,25.035 C564.297,23.368 562.623,22.342 560.652,21.575 C558.743,20.834 556.562,20.326 553.369,20.18 C550.169,20.033 549.148,20 541,20 C532.853,20 531.831,20.033 528.631,20.18 C525.438,20.326 523.257,20.834 521.349,21.575 C519.376,22.342 517.703,23.368 516.035,25.035 C514.368,26.702 513.342,28.377 512.574,30.349 C511.834,32.258 511.326,34.438 511.181,37.631 C511.035,40.831 511,41.851 511,50 C511,58.147 511.035,59.17 511.181,62.369 C511.326,65.562 511.834,67.743 512.574,69.651 C513.342,71.625 514.368,73.296 516.035,74.965 C517.703,76.634 519.376,77.658 521.349,78.425 C523.257,79.167 525.438,79.673 528.631,79.82 C531.831,79.965 532.853,80.001 541,80.001 C549.148,80.001 550.169,79.965 553.369,79.82 C556.562,79.673 558.743,79.167 560.652,78.425 C562.623,77.658 564.297,76.634 565.965,74.965 C567.633,73.296 568.659,71.625 569.425,69.651 C570.167,67.743 570.674,65.562 570.82,62.369 C570.966,59.17 571,58.147 571,50 C571,41.851 570.966,40.831 570.82,37.631\"><\/path><\/g><\/g><\/g><\/svg><\/div><div style=\"padding-top: 8px;\"> <div style=\" color:#3897f0; font-family:Arial,sans-serif; font-size:14px; font-style:normal; font-weight:550; line-height:18px;\">Ver esta publicaci\u00f3n en Instagram<\/div><\/div><div style=\"padding: 12.5% 0;\"><\/div> <div style=\"display: flex; flex-direction: row; margin-bottom: 14px; align-items: center;\"><div> <div style=\"background-color: #F4F4F4; border-radius: 50%; height: 12.5px; width: 12.5px; transform: translateX(0px) translateY(7px);\"><\/div> <div style=\"background-color: #F4F4F4; height: 12.5px; transform: rotate(-45deg) translateX(3px) translateY(1px); width: 12.5px; flex-grow: 0; margin-right: 14px; margin-left: 2px;\"><\/div> <div style=\"background-color: #F4F4F4; border-radius: 50%; height: 12.5px; width: 12.5px; transform: translateX(9px) translateY(-18px);\"><\/div><\/div><div style=\"margin-left: 8px;\"> <div style=\" background-color: #F4F4F4; border-radius: 50%; flex-grow: 0; height: 20px; width: 20px;\"><\/div> <div style=\" width: 0; height: 0; border-top: 2px solid transparent; border-left: 6px solid #f4f4f4; border-bottom: 2px solid transparent; transform: translateX(16px) translateY(-4px) rotate(30deg)\"><\/div><\/div><div style=\"margin-left: auto;\"> <div style=\" width: 0px; border-top: 8px solid #F4F4F4; border-right: 8px solid transparent; transform: translateY(16px);\"><\/div> <div style=\" background-color: #F4F4F4; flex-grow: 0; height: 12px; width: 16px; transform: translateY(-4px);\"><\/div> <div style=\" width: 0; height: 0; border-top: 8px solid #F4F4F4; border-left: 8px solid transparent; transform: translateY(-4px) translateX(8px);\"><\/div><\/div><\/div> <div style=\"display: flex; flex-direction: column; flex-grow: 1; justify-content: center; margin-bottom: 24px;\"> <div style=\" background-color: #F4F4F4; border-radius: 4px; flex-grow: 0; height: 14px; margin-bottom: 6px; width: 224px;\"><\/div> <div style=\" background-color: #F4F4F4; border-radius: 4px; flex-grow: 0; height: 14px; width: 144px;\"><\/div><\/div><\/a><p style=\" color:#c9c8cd; font-family:Arial,sans-serif; font-size:14px; line-height:17px; margin-bottom:0; margin-top:8px; overflow:hidden; padding:8px 0 7px; text-align:center; text-overflow:ellipsis; white-space:nowrap;\"><a href=\"https:\/\/www.instagram.com\/reel\/C9w9ZiNAjTC\/?utm_source=ig_embed&utm_campaign=loading\" style=\" color:#c9c8cd; font-family:Arial,sans-serif; font-size:14px; font-style:normal; font-weight:normal; line-height:17px; text-decoration:none;\" target=\"_blank\">Una publicaci\u00f3n compartida de Dermatolog\u00eda m\u00e9dica y est\u00e9tica (@idermicclinic)<\/a><\/p><\/div><\/blockquote>\n<script async src=\"\/\/www.instagram.com\/embed.js\"><\/script><div class=\"fusion-clearfix\"><\/div><\/div><\/div><\/div><\/div><\/p>\n","protected":false},"excerpt":{"rendered":"<p>Descubre qu\u00e9 es el bruxismo, sus causas, s\u00edntomas y tratamientos m\u00e1s efectivos para prevenir y cuidar tu salud dental.<\/p>\n","protected":false},"author":3,"featured_media":6867,"comment_status":"open","ping_status":"closed","sticky":false,"template":"","format":"standard","meta":{"_joinchat":[],"footnotes":""},"categories":[36],"tags":[108],"class_list":["post-6864","post","type-post","status-publish","format-standard","has-post-thumbnail","hentry","category-tratamientos-de-medicina-estetica","tag-procedimientos-faciales"],"yoast_head":"<!-- This site is optimized with the Yoast SEO plugin v28.4 - https:\/\/yoast.com\/product\/yoast-seo-wordpress\/ -->\n<title>Bruxismo: Todo lo que necesitamos saber del h\u00e1bito de rechinar los dientes -<\/title>\n<meta name=\"description\" content=\"Descubre qu\u00e9 es el bruxismo, sus causas, s\u00edntomas y tratamientos m\u00e1s efectivos para prevenir y cuidar tu salud dental.\" \/>\n<meta name=\"robots\" content=\"index, follow, max-snippet:-1, max-image-preview:large, max-video-preview:-1\" \/>\n<link rel=\"canonical\" href=\"https:\/\/www.idermic.es\/es\/bruxismo-todo-lo-que-necesitamos-saber-del-habito-de-rechinar-los-dientes\/\" \/>\n<meta property=\"og:locale\" content=\"es_ES\" \/>\n<meta property=\"og:type\" content=\"article\" \/>\n<meta property=\"og:title\" content=\"Bruxismo: Todo lo que necesitamos saber del h\u00e1bito de rechinar los dientes -\" \/>\n<meta property=\"og:description\" content=\"Descubre qu\u00e9 es el bruxismo, sus causas, s\u00edntomas y tratamientos m\u00e1s efectivos para prevenir y cuidar tu salud dental.\" \/>\n<meta property=\"og:url\" content=\"https:\/\/www.idermic.es\/es\/bruxismo-todo-lo-que-necesitamos-saber-del-habito-de-rechinar-los-dientes\/\" \/>\n<meta property=\"og:site_name\" content=\"Idermic. Dermatolog\u00eda en Terrassa\" \/>\n<meta property=\"article:publisher\" content=\"https:\/\/www.facebook.com\/Idermic\" \/>\n<meta property=\"article:published_time\" content=\"2025-01-15T13:14:33+00:00\" \/>\n<meta property=\"article:modified_time\" content=\"2025-01-28T19:30:41+00:00\" \/>\n<meta property=\"og:image\" content=\"https:\/\/www.idermic.es\/wp-content\/uploads\/2025\/01\/Bruxismo.jpg\" \/>\n\t<meta property=\"og:image:width\" content=\"462\" \/>\n\t<meta property=\"og:image:height\" content=\"628\" \/>\n\t<meta property=\"og:image:type\" content=\"image\/jpeg\" \/>\n<meta name=\"author\" content=\"Equipo\" \/>\n<meta name=\"twitter:card\" content=\"summary_large_image\" \/>\n<meta name=\"twitter:creator\" content=\"@idermic\" \/>\n<meta name=\"twitter:site\" content=\"@idermic\" \/>\n<meta name=\"twitter:label1\" content=\"Escrito por\" \/>\n\t<meta name=\"twitter:data1\" content=\"Equipo\" \/>\n\t<meta name=\"twitter:label2\" content=\"Tiempo de lectura\" \/>\n\t<meta name=\"twitter:data2\" content=\"12 minutos\" \/>\n<script type=\"application\/ld+json\" class=\"yoast-schema-graph\">{\"@context\":\"https:\\\/\\\/schema.org\",\"@graph\":[{\"@type\":\"Article\",\"@id\":\"https:\\\/\\\/www.idermic.es\\\/es\\\/bruxismo-todo-lo-que-necesitamos-saber-del-habito-de-rechinar-los-dientes\\\/#article\",\"isPartOf\":{\"@id\":\"https:\\\/\\\/www.idermic.es\\\/es\\\/bruxismo-todo-lo-que-necesitamos-saber-del-habito-de-rechinar-los-dientes\\\/\"},\"author\":{\"name\":\"Equipo\",\"@id\":\"https:\\\/\\\/www.idermic.es\\\/#\\\/schema\\\/person\\\/c12703027a878b23d3c71c87921a82f8\"},\"headline\":\"Bruxismo: Todo lo que necesitamos saber del h\u00e1bito de rechinar los dientes\",\"datePublished\":\"2025-01-15T13:14:33+00:00\",\"dateModified\":\"2025-01-28T19:30:41+00:00\",\"mainEntityOfPage\":{\"@id\":\"https:\\\/\\\/www.idermic.es\\\/es\\\/bruxismo-todo-lo-que-necesitamos-saber-del-habito-de-rechinar-los-dientes\\\/\"},\"wordCount\":5030,\"commentCount\":0,\"publisher\":{\"@id\":\"https:\\\/\\\/www.idermic.es\\\/#organization\"},\"image\":{\"@id\":\"https:\\\/\\\/www.idermic.es\\\/es\\\/bruxismo-todo-lo-que-necesitamos-saber-del-habito-de-rechinar-los-dientes\\\/#primaryimage\"},\"thumbnailUrl\":\"https:\\\/\\\/www.idermic.es\\\/wp-content\\\/uploads\\\/2025\\\/01\\\/Bruxismo.jpg\",\"keywords\":[\"procedimientos faciales\"],\"articleSection\":[\"Tratamientos de Medicina Est\u00e9tica\"],\"inLanguage\":\"es\",\"potentialAction\":[{\"@type\":\"CommentAction\",\"name\":\"Comment\",\"target\":[\"https:\\\/\\\/www.idermic.es\\\/es\\\/bruxismo-todo-lo-que-necesitamos-saber-del-habito-de-rechinar-los-dientes\\\/#respond\"]}]},{\"@type\":\"WebPage\",\"@id\":\"https:\\\/\\\/www.idermic.es\\\/es\\\/bruxismo-todo-lo-que-necesitamos-saber-del-habito-de-rechinar-los-dientes\\\/\",\"url\":\"https:\\\/\\\/www.idermic.es\\\/es\\\/bruxismo-todo-lo-que-necesitamos-saber-del-habito-de-rechinar-los-dientes\\\/\",\"name\":\"Bruxismo: Todo lo que necesitamos saber del h\u00e1bito de rechinar los dientes -\",\"isPartOf\":{\"@id\":\"https:\\\/\\\/www.idermic.es\\\/#website\"},\"primaryImageOfPage\":{\"@id\":\"https:\\\/\\\/www.idermic.es\\\/es\\\/bruxismo-todo-lo-que-necesitamos-saber-del-habito-de-rechinar-los-dientes\\\/#primaryimage\"},\"image\":{\"@id\":\"https:\\\/\\\/www.idermic.es\\\/es\\\/bruxismo-todo-lo-que-necesitamos-saber-del-habito-de-rechinar-los-dientes\\\/#primaryimage\"},\"thumbnailUrl\":\"https:\\\/\\\/www.idermic.es\\\/wp-content\\\/uploads\\\/2025\\\/01\\\/Bruxismo.jpg\",\"datePublished\":\"2025-01-15T13:14:33+00:00\",\"dateModified\":\"2025-01-28T19:30:41+00:00\",\"description\":\"Descubre qu\u00e9 es el bruxismo, sus causas, s\u00edntomas y tratamientos m\u00e1s efectivos para prevenir y cuidar tu salud dental.\",\"breadcrumb\":{\"@id\":\"https:\\\/\\\/www.idermic.es\\\/es\\\/bruxismo-todo-lo-que-necesitamos-saber-del-habito-de-rechinar-los-dientes\\\/#breadcrumb\"},\"inLanguage\":\"es\",\"potentialAction\":[{\"@type\":\"ReadAction\",\"target\":[\"https:\\\/\\\/www.idermic.es\\\/es\\\/bruxismo-todo-lo-que-necesitamos-saber-del-habito-de-rechinar-los-dientes\\\/\"]}]},{\"@type\":\"ImageObject\",\"inLanguage\":\"es\",\"@id\":\"https:\\\/\\\/www.idermic.es\\\/es\\\/bruxismo-todo-lo-que-necesitamos-saber-del-habito-de-rechinar-los-dientes\\\/#primaryimage\",\"url\":\"https:\\\/\\\/www.idermic.es\\\/wp-content\\\/uploads\\\/2025\\\/01\\\/Bruxismo.jpg\",\"contentUrl\":\"https:\\\/\\\/www.idermic.es\\\/wp-content\\\/uploads\\\/2025\\\/01\\\/Bruxismo.jpg\",\"width\":462,\"height\":628,\"caption\":\"Todo lo que necesitamos saber del bruxismo\"},{\"@type\":\"BreadcrumbList\",\"@id\":\"https:\\\/\\\/www.idermic.es\\\/es\\\/bruxismo-todo-lo-que-necesitamos-saber-del-habito-de-rechinar-los-dientes\\\/#breadcrumb\",\"itemListElement\":[{\"@type\":\"ListItem\",\"position\":1,\"name\":\"Inici\",\"item\":\"https:\\\/\\\/www.idermic.es\\\/es\\\/\"},{\"@type\":\"ListItem\",\"position\":2,\"name\":\"Bruxismo: Todo lo que necesitamos saber del h\u00e1bito de rechinar los dientes\"}]},{\"@type\":\"WebSite\",\"@id\":\"https:\\\/\\\/www.idermic.es\\\/#website\",\"url\":\"https:\\\/\\\/www.idermic.es\\\/\",\"name\":\"Idermic. Dermatolog\u00eda en Terrassa\",\"description\":\"Dermatolog\u00eda, Medicina est\u00e9tica, Cirurg\u00eda Pl\u00e0stica\",\"publisher\":{\"@id\":\"https:\\\/\\\/www.idermic.es\\\/#organization\"},\"potentialAction\":[{\"@type\":\"SearchAction\",\"target\":{\"@type\":\"EntryPoint\",\"urlTemplate\":\"https:\\\/\\\/www.idermic.es\\\/?s={search_term_string}\"},\"query-input\":{\"@type\":\"PropertyValueSpecification\",\"valueRequired\":true,\"valueName\":\"search_term_string\"}}],\"inLanguage\":\"es\"},{\"@type\":\"Organization\",\"@id\":\"https:\\\/\\\/www.idermic.es\\\/#organization\",\"name\":\"Idermic. Dermatolog\u00eda en Terrassa\",\"url\":\"https:\\\/\\\/www.idermic.es\\\/\",\"logo\":{\"@type\":\"ImageObject\",\"inLanguage\":\"es\",\"@id\":\"https:\\\/\\\/www.idermic.es\\\/#\\\/schema\\\/logo\\\/image\\\/\",\"url\":\"https:\\\/\\\/www.idermic.es\\\/wp-content\\\/uploads\\\/2025\\\/10\\\/Logo-Idermic.jpg\",\"contentUrl\":\"https:\\\/\\\/www.idermic.es\\\/wp-content\\\/uploads\\\/2025\\\/10\\\/Logo-Idermic.jpg\",\"width\":501,\"height\":502,\"caption\":\"Idermic. Dermatolog\u00eda en Terrassa\"},\"image\":{\"@id\":\"https:\\\/\\\/www.idermic.es\\\/#\\\/schema\\\/logo\\\/image\\\/\"},\"sameAs\":[\"https:\\\/\\\/www.facebook.com\\\/Idermic\",\"https:\\\/\\\/x.com\\\/idermic\",\"https:\\\/\\\/www.instagram.com\\\/idermicclinic\\\/\",\"https:\\\/\\\/www.youtube.com\\\/channel\\\/UCyAHC9-p8lc6hr_nguO8p_g\"]},{\"@type\":\"Person\",\"@id\":\"https:\\\/\\\/www.idermic.es\\\/#\\\/schema\\\/person\\\/c12703027a878b23d3c71c87921a82f8\",\"name\":\"Equipo\",\"image\":{\"@type\":\"ImageObject\",\"inLanguage\":\"es\",\"@id\":\"https:\\\/\\\/secure.gravatar.com\\\/avatar\\\/7ca0be23248108c6b0887e0693b7dcf7764bd3503f84d1f04e6653ef7c3b9420?s=96&d=mm&r=g\",\"url\":\"https:\\\/\\\/secure.gravatar.com\\\/avatar\\\/7ca0be23248108c6b0887e0693b7dcf7764bd3503f84d1f04e6653ef7c3b9420?s=96&d=mm&r=g\",\"contentUrl\":\"https:\\\/\\\/secure.gravatar.com\\\/avatar\\\/7ca0be23248108c6b0887e0693b7dcf7764bd3503f84d1f04e6653ef7c3b9420?s=96&d=mm&r=g\",\"caption\":\"Equipo\"},\"description\":\"Equipo de Idermic\"}]}<\/script>\n<!-- \/ Yoast SEO plugin. -->","yoast_head_json":{"title":"Bruxismo: Todo lo que necesitamos saber del h\u00e1bito de rechinar los dientes -","description":"Descubre qu\u00e9 es el bruxismo, sus causas, s\u00edntomas y tratamientos m\u00e1s efectivos para prevenir y cuidar tu salud dental.","robots":{"index":"index","follow":"follow","max-snippet":"max-snippet:-1","max-image-preview":"max-image-preview:large","max-video-preview":"max-video-preview:-1"},"canonical":"https:\/\/www.idermic.es\/es\/bruxismo-todo-lo-que-necesitamos-saber-del-habito-de-rechinar-los-dientes\/","og_locale":"es_ES","og_type":"article","og_title":"Bruxismo: Todo lo que necesitamos saber del h\u00e1bito de rechinar los dientes -","og_description":"Descubre qu\u00e9 es el bruxismo, sus causas, s\u00edntomas y tratamientos m\u00e1s efectivos para prevenir y cuidar tu salud dental.","og_url":"https:\/\/www.idermic.es\/es\/bruxismo-todo-lo-que-necesitamos-saber-del-habito-de-rechinar-los-dientes\/","og_site_name":"Idermic. Dermatolog\u00eda en Terrassa","article_publisher":"https:\/\/www.facebook.com\/Idermic","article_published_time":"2025-01-15T13:14:33+00:00","article_modified_time":"2025-01-28T19:30:41+00:00","og_image":[{"width":462,"height":628,"url":"https:\/\/www.idermic.es\/wp-content\/uploads\/2025\/01\/Bruxismo.jpg","type":"image\/jpeg"}],"author":"Equipo","twitter_card":"summary_large_image","twitter_creator":"@idermic","twitter_site":"@idermic","twitter_misc":{"Escrito por":"Equipo","Tiempo de lectura":"12 minutos"},"schema":{"@context":"https:\/\/schema.org","@graph":[{"@type":"Article","@id":"https:\/\/www.idermic.es\/es\/bruxismo-todo-lo-que-necesitamos-saber-del-habito-de-rechinar-los-dientes\/#article","isPartOf":{"@id":"https:\/\/www.idermic.es\/es\/bruxismo-todo-lo-que-necesitamos-saber-del-habito-de-rechinar-los-dientes\/"},"author":{"name":"Equipo","@id":"https:\/\/www.idermic.es\/#\/schema\/person\/c12703027a878b23d3c71c87921a82f8"},"headline":"Bruxismo: Todo lo que necesitamos saber del h\u00e1bito de rechinar los dientes","datePublished":"2025-01-15T13:14:33+00:00","dateModified":"2025-01-28T19:30:41+00:00","mainEntityOfPage":{"@id":"https:\/\/www.idermic.es\/es\/bruxismo-todo-lo-que-necesitamos-saber-del-habito-de-rechinar-los-dientes\/"},"wordCount":5030,"commentCount":0,"publisher":{"@id":"https:\/\/www.idermic.es\/#organization"},"image":{"@id":"https:\/\/www.idermic.es\/es\/bruxismo-todo-lo-que-necesitamos-saber-del-habito-de-rechinar-los-dientes\/#primaryimage"},"thumbnailUrl":"https:\/\/www.idermic.es\/wp-content\/uploads\/2025\/01\/Bruxismo.jpg","keywords":["procedimientos faciales"],"articleSection":["Tratamientos de Medicina Est\u00e9tica"],"inLanguage":"es","potentialAction":[{"@type":"CommentAction","name":"Comment","target":["https:\/\/www.idermic.es\/es\/bruxismo-todo-lo-que-necesitamos-saber-del-habito-de-rechinar-los-dientes\/#respond"]}]},{"@type":"WebPage","@id":"https:\/\/www.idermic.es\/es\/bruxismo-todo-lo-que-necesitamos-saber-del-habito-de-rechinar-los-dientes\/","url":"https:\/\/www.idermic.es\/es\/bruxismo-todo-lo-que-necesitamos-saber-del-habito-de-rechinar-los-dientes\/","name":"Bruxismo: Todo lo que necesitamos saber del h\u00e1bito de rechinar los dientes -","isPartOf":{"@id":"https:\/\/www.idermic.es\/#website"},"primaryImageOfPage":{"@id":"https:\/\/www.idermic.es\/es\/bruxismo-todo-lo-que-necesitamos-saber-del-habito-de-rechinar-los-dientes\/#primaryimage"},"image":{"@id":"https:\/\/www.idermic.es\/es\/bruxismo-todo-lo-que-necesitamos-saber-del-habito-de-rechinar-los-dientes\/#primaryimage"},"thumbnailUrl":"https:\/\/www.idermic.es\/wp-content\/uploads\/2025\/01\/Bruxismo.jpg","datePublished":"2025-01-15T13:14:33+00:00","dateModified":"2025-01-28T19:30:41+00:00","description":"Descubre qu\u00e9 es el bruxismo, sus causas, s\u00edntomas y tratamientos m\u00e1s efectivos para prevenir y cuidar tu salud dental.","breadcrumb":{"@id":"https:\/\/www.idermic.es\/es\/bruxismo-todo-lo-que-necesitamos-saber-del-habito-de-rechinar-los-dientes\/#breadcrumb"},"inLanguage":"es","potentialAction":[{"@type":"ReadAction","target":["https:\/\/www.idermic.es\/es\/bruxismo-todo-lo-que-necesitamos-saber-del-habito-de-rechinar-los-dientes\/"]}]},{"@type":"ImageObject","inLanguage":"es","@id":"https:\/\/www.idermic.es\/es\/bruxismo-todo-lo-que-necesitamos-saber-del-habito-de-rechinar-los-dientes\/#primaryimage","url":"https:\/\/www.idermic.es\/wp-content\/uploads\/2025\/01\/Bruxismo.jpg","contentUrl":"https:\/\/www.idermic.es\/wp-content\/uploads\/2025\/01\/Bruxismo.jpg","width":462,"height":628,"caption":"Todo lo que necesitamos saber del bruxismo"},{"@type":"BreadcrumbList","@id":"https:\/\/www.idermic.es\/es\/bruxismo-todo-lo-que-necesitamos-saber-del-habito-de-rechinar-los-dientes\/#breadcrumb","itemListElement":[{"@type":"ListItem","position":1,"name":"Inici","item":"https:\/\/www.idermic.es\/es\/"},{"@type":"ListItem","position":2,"name":"Bruxismo: Todo lo que necesitamos saber del h\u00e1bito de rechinar los dientes"}]},{"@type":"WebSite","@id":"https:\/\/www.idermic.es\/#website","url":"https:\/\/www.idermic.es\/","name":"Idermic. Dermatolog\u00eda en Terrassa","description":"Dermatolog\u00eda, Medicina est\u00e9tica, Cirurg\u00eda Pl\u00e0stica","publisher":{"@id":"https:\/\/www.idermic.es\/#organization"},"potentialAction":[{"@type":"SearchAction","target":{"@type":"EntryPoint","urlTemplate":"https:\/\/www.idermic.es\/?s={search_term_string}"},"query-input":{"@type":"PropertyValueSpecification","valueRequired":true,"valueName":"search_term_string"}}],"inLanguage":"es"},{"@type":"Organization","@id":"https:\/\/www.idermic.es\/#organization","name":"Idermic. Dermatolog\u00eda en Terrassa","url":"https:\/\/www.idermic.es\/","logo":{"@type":"ImageObject","inLanguage":"es","@id":"https:\/\/www.idermic.es\/#\/schema\/logo\/image\/","url":"https:\/\/www.idermic.es\/wp-content\/uploads\/2025\/10\/Logo-Idermic.jpg","contentUrl":"https:\/\/www.idermic.es\/wp-content\/uploads\/2025\/10\/Logo-Idermic.jpg","width":501,"height":502,"caption":"Idermic. Dermatolog\u00eda en Terrassa"},"image":{"@id":"https:\/\/www.idermic.es\/#\/schema\/logo\/image\/"},"sameAs":["https:\/\/www.facebook.com\/Idermic","https:\/\/x.com\/idermic","https:\/\/www.instagram.com\/idermicclinic\/","https:\/\/www.youtube.com\/channel\/UCyAHC9-p8lc6hr_nguO8p_g"]},{"@type":"Person","@id":"https:\/\/www.idermic.es\/#\/schema\/person\/c12703027a878b23d3c71c87921a82f8","name":"Equipo","image":{"@type":"ImageObject","inLanguage":"es","@id":"https:\/\/secure.gravatar.com\/avatar\/7ca0be23248108c6b0887e0693b7dcf7764bd3503f84d1f04e6653ef7c3b9420?s=96&d=mm&r=g","url":"https:\/\/secure.gravatar.com\/avatar\/7ca0be23248108c6b0887e0693b7dcf7764bd3503f84d1f04e6653ef7c3b9420?s=96&d=mm&r=g","contentUrl":"https:\/\/secure.gravatar.com\/avatar\/7ca0be23248108c6b0887e0693b7dcf7764bd3503f84d1f04e6653ef7c3b9420?s=96&d=mm&r=g","caption":"Equipo"},"description":"Equipo de Idermic"}]}},"_links":{"self":[{"href":"https:\/\/www.idermic.es\/es\/wp-json\/wp\/v2\/posts\/6864","targetHints":{"allow":["GET"]}}],"collection":[{"href":"https:\/\/www.idermic.es\/es\/wp-json\/wp\/v2\/posts"}],"about":[{"href":"https:\/\/www.idermic.es\/es\/wp-json\/wp\/v2\/types\/post"}],"author":[{"embeddable":true,"href":"https:\/\/www.idermic.es\/es\/wp-json\/wp\/v2\/users\/3"}],"replies":[{"embeddable":true,"href":"https:\/\/www.idermic.es\/es\/wp-json\/wp\/v2\/comments?post=6864"}],"version-history":[{"count":18,"href":"https:\/\/www.idermic.es\/es\/wp-json\/wp\/v2\/posts\/6864\/revisions"}],"predecessor-version":[{"id":10489,"href":"https:\/\/www.idermic.es\/es\/wp-json\/wp\/v2\/posts\/6864\/revisions\/10489"}],"wp:featuredmedia":[{"embeddable":true,"href":"https:\/\/www.idermic.es\/es\/wp-json\/wp\/v2\/media\/6867"}],"wp:attachment":[{"href":"https:\/\/www.idermic.es\/es\/wp-json\/wp\/v2\/media?parent=6864"}],"wp:term":[{"taxonomy":"category","embeddable":true,"href":"https:\/\/www.idermic.es\/es\/wp-json\/wp\/v2\/categories?post=6864"},{"taxonomy":"post_tag","embeddable":true,"href":"https:\/\/www.idermic.es\/es\/wp-json\/wp\/v2\/tags?post=6864"}],"curies":[{"name":"wp","href":"https:\/\/api.w.org\/{rel}","templated":true}]}}