{"id":6736,"date":"2024-12-24T07:46:13","date_gmt":"2024-12-24T07:46:13","guid":{"rendered":"https:\/\/www.idermic.es\/?p=6736"},"modified":"2026-05-26T09:45:06","modified_gmt":"2026-05-26T09:45:06","slug":"tratamiento-de-las-cicatrices-atroficas-de-acne-con-laser","status":"publish","type":"post","link":"https:\/\/www.idermic.es\/es\/tratamiento-de-las-cicatrices-atroficas-de-acne-con-laser\/","title":{"rendered":"Tratamiento de las cicatrices atr\u00f3ficas de acn\u00e9 con l\u00e1ser"},"content":{"rendered":"<p><div class=\"fusion-fullwidth fullwidth-box fusion-builder-row-1 nonhundred-percent-fullwidth non-hundred-percent-height-scrolling\" style=\"--awb-border-radius-top-left:0px;--awb-border-radius-top-right:0px;--awb-border-radius-bottom-right:0px;--awb-border-radius-bottom-left:0px;--awb-flex-wrap:wrap;\" ><div class=\"fusion-builder-row fusion-row\"><div class=\"fusion-layout-column fusion_builder_column fusion-builder-column-0 fusion_builder_column_1_1 1_1 fusion-one-full fusion-column-first fusion-column-last\" style=\"--awb-bg-size:cover;\"><div class=\"fusion-column-wrapper fusion-flex-column-wrapper-legacy\"><div class=\"fusion-text fusion-text-1\"><h1 style=\"text-align: center;\">Tratamiento de las cicatrices atr\u00f3ficas de acn\u00e9 con l\u00e1ser<\/h1>\n<\/div><div class=\"fusion-clearfix\"><\/div><\/div><\/div><\/div><\/div><div class=\"fusion-fullwidth fullwidth-box fusion-builder-row-2 nonhundred-percent-fullwidth non-hundred-percent-height-scrolling\" style=\"--awb-border-radius-top-left:0px;--awb-border-radius-top-right:0px;--awb-border-radius-bottom-right:0px;--awb-border-radius-bottom-left:0px;--awb-flex-wrap:wrap;\" ><div class=\"fusion-builder-row fusion-row\"><div class=\"fusion-layout-column fusion_builder_column fusion-builder-column-1 fusion_builder_column_2_3 2_3 fusion-two-third fusion-column-first\" style=\"--awb-bg-size:cover;width:66.666666666667%;width:calc(66.666666666667% - ( ( 4% ) * 0.66666666666667 ) );margin-right: 4%;\"><div class=\"fusion-column-wrapper fusion-flex-column-wrapper-legacy\"><div class=\"fusion-text fusion-text-2\"><p><span style=\"font-size: 14pt;\">Las cicatrices atr\u00f3ficas son uno de los problemas m\u00e1s comunes que enfrentan las personas que han sufrido de <a href=\"https:\/\/www.idermic.es\/es\/dermatologia_clinica\/acne\/\">acn\u00e9 severo<\/a>. <\/span><\/p>\n<p><span style=\"font-size: 14pt;\">Estas marcas visibles en la piel pueden afectar no solo la apariencia, sino tambi\u00e9n la autoestima de quienes las padecen.<\/span><\/p>\n<p><span style=\"font-size: 14pt;\">Conocer los tipos de cicatrices y las opciones de tratamiento disponibles es fundamental para tomar decisiones informadas y mejorar la calidad de vida.<\/span><\/p>\n<\/div><div class=\"fusion-clearfix\"><\/div><\/div><\/div><div class=\"fusion-layout-column fusion_builder_column fusion-builder-column-2 fusion_builder_column_1_3 1_3 fusion-one-third fusion-column-last\" style=\"--awb-bg-size:cover;width:33.333333333333%;width:calc(33.333333333333% - ( ( 4% ) * 0.33333333333333 ) );\"><div class=\"fusion-column-wrapper fusion-flex-column-wrapper-legacy\"><div class=\"fusion-image-element in-legacy-container\" style=\"--awb-caption-title-font-family:var(--h2_typography-font-family);--awb-caption-title-font-weight:var(--h2_typography-font-weight);--awb-caption-title-font-style:var(--h2_typography-font-style);--awb-caption-title-size:var(--h2_typography-font-size);--awb-caption-title-transform:var(--h2_typography-text-transform);--awb-caption-title-line-height:var(--h2_typography-line-height);--awb-caption-title-letter-spacing:var(--h2_typography-letter-spacing);\"><span class=\" fusion-imageframe imageframe-none imageframe-1 hover-type-none\"><img decoding=\"async\" width=\"300\" height=\"300\" alt=\"Tratamiento de las cicatrices atr\u00f3ficas de acn\u00e9 con l\u00e1ser\" title=\"Acn\u00e9\" src=\"https:\/\/www.idermic.es\/wp-content\/uploads\/2024\/12\/Tratamiento-de-las-cicatrices-atroficas-de-acne-con-laser-300x300.webp\" class=\"img-responsive wp-image-6742\" srcset=\"https:\/\/www.idermic.es\/wp-content\/uploads\/2024\/12\/Tratamiento-de-las-cicatrices-atroficas-de-acne-con-laser-200x200.webp 200w, https:\/\/www.idermic.es\/wp-content\/uploads\/2024\/12\/Tratamiento-de-las-cicatrices-atroficas-de-acne-con-laser-400x400.webp 400w, https:\/\/www.idermic.es\/wp-content\/uploads\/2024\/12\/Tratamiento-de-las-cicatrices-atroficas-de-acne-con-laser-600x600.webp 600w, https:\/\/www.idermic.es\/wp-content\/uploads\/2024\/12\/Tratamiento-de-las-cicatrices-atroficas-de-acne-con-laser-800x800.webp 800w, https:\/\/www.idermic.es\/wp-content\/uploads\/2024\/12\/Tratamiento-de-las-cicatrices-atroficas-de-acne-con-laser.webp 1024w\" sizes=\"(max-width: 800px) 100vw, 300px\" \/><\/span><\/div><div class=\"fusion-clearfix\"><\/div><\/div><\/div><\/div><\/div><div class=\"fusion-fullwidth fullwidth-box fusion-builder-row-3 nonhundred-percent-fullwidth non-hundred-percent-height-scrolling\" style=\"--awb-border-radius-top-left:0px;--awb-border-radius-top-right:0px;--awb-border-radius-bottom-right:0px;--awb-border-radius-bottom-left:0px;--awb-margin-top:32px;--awb-margin-bottom:32px;--awb-flex-wrap:wrap;\" ><div class=\"fusion-builder-row fusion-row\"><div class=\"fusion-layout-column fusion_builder_column fusion-builder-column-3 fusion_builder_column_1_1 1_1 fusion-one-full fusion-column-first fusion-column-last\" style=\"--awb-bg-size:cover;\"><div class=\"fusion-column-wrapper fusion-flex-column-wrapper-legacy\"><div class=\"fusion-text fusion-text-3\"><h2>\u00bfQu\u00e9 son las cicatrices atr\u00f3ficas y c\u00f3mo se forman?<\/h2>\n<p>Las cicatrices atr\u00f3ficas son depresiones en la piel que se producen cuando el tejido no se regenera correctamente tras una inflamaci\u00f3n severa, como la que causa el <a href=\"https:\/\/www.idermic.es\/es\/dermatologia_clinica\/acne\/\">acn\u00e9<\/a>. Su aspecto hundido se debe a la p\u00e9rdida de col\u00e1geno durante el proceso de cicatrizaci\u00f3n.<\/p>\n<p>Las <strong>cicatrices de acn\u00e9<\/strong> y otros tipos de lesiones cut\u00e1neas pueden clasificarse en tres categor\u00edas principales seg\u00fan su forma, profundidad y textura. Estas diferencias son importantes tanto para comprender su origen como para seleccionar tratamientos espec\u00edficos.<\/p>\n<h3>1. Cicatrices en picahielo (Ice Pick Scars)<\/h3>\n<p>Son cicatrices peque\u00f1as pero muy profundas que se asemejan a perforaciones en la piel, como si se hubiera utilizado un objeto puntiagudo. Tienen bordes definidos y se estrechan hacia el interior, formando una especie de cono invertido. Este tipo de cicatriz ocurre cuando el col\u00e1geno no logra rellenar adecuadamente el da\u00f1o causado por el <strong>acn\u00e9 inflamatorio profundo<\/strong>, dejando un vac\u00edo visible en la piel.<\/p>\n<ul>\n<li><strong>Caracter\u00edsticas clave<\/strong>:\n<ul>\n<li>Di\u00e1metro: Generalmente menor de 2 mm.<\/li>\n<li>Profundidad: Bastante marcadas, a menudo extendi\u00e9ndose hacia las capas d\u00e9rmicas inferiores.<\/li>\n<li>Localizaci\u00f3n: Com\u00fanmente en las mejillas y la frente, donde las gl\u00e1ndulas seb\u00e1ceas son m\u00e1s activas.<\/li>\n<\/ul>\n<\/li>\n<li><strong>Tratamientos recomendados<\/strong>:\n<ul>\n<li><strong>Microagujas con radiofrecuencia<\/strong>: Estimula la regeneraci\u00f3n del col\u00e1geno en capas profundas.<\/li>\n<li><strong>TCA Cross (\u00e1cido tricloroac\u00e9tico)<\/strong>: Proceso qu\u00edmico que busca cerrar estas cicatrices mediante la estimulaci\u00f3n de tejido nuevo.<\/li>\n<li><strong>L\u00e1ser fraccionado ablativo<\/strong>: Para suavizar la superficie y reducir la apariencia de las cicatrices.<\/li>\n<\/ul>\n<\/li>\n<\/ul>\n<h3>2. Cicatrices en caja (Boxcar Scars)<\/h3>\n<p>Estas cicatrices se presentan como depresiones anchas y superficiales con bordes m\u00e1s marcados y definidos. A menudo se comparan con peque\u00f1as cajas hundidas. Resultan del da\u00f1o al tejido col\u00e1geno tras un proceso inflamatorio severo, como en los casos de n\u00f3dulos o <strong>quistes de acn\u00e9<\/strong>. Si la inflamaci\u00f3n no se trata correctamente, las fibras de col\u00e1geno no se regeneran de manera uniforme, dejando huecos.<\/p>\n<ul>\n<li><strong>Caracter\u00edsticas clave<\/strong>:\n<ul>\n<li>Forma: Rectangular o cuadrada, con bordes inclinados o verticales.<\/li>\n<li>Tama\u00f1o: Var\u00edan en anchura, pero suelen ser m\u00e1s grandes que las cicatrices en picahielo.<\/li>\n<li>Localizaci\u00f3n: Predominantemente en mejillas y sienes.<\/li>\n<\/ul>\n<\/li>\n<li><strong>Tratamientos recomendados<\/strong>:\n<ul>\n<li><strong>Rellenos d\u00e9rmicos (\u00e1cido hialur\u00f3nico)<\/strong>: Ayudan a nivelar la superficie temporalmente.<\/li>\n<li><strong><a href=\"https:\/\/www.idermic.es\/es\/laser-de-co2-en-dermatologia-el-dermatologo-te-explica-sus-aplicaciones\/\">L\u00e1ser CO2<\/a> fraccionado<\/strong>: Mejora la textura de la piel al estimular la regeneraci\u00f3n de col\u00e1geno.<\/li>\n<li><strong>Subcisi\u00f3n<\/strong>: T\u00e9cnica en la que se rompe el tejido fibroso que ancla la cicatriz.<\/li>\n<\/ul>\n<\/li>\n<\/ul>\n<h3>3. Cicatrices onduladas (Rolling Scars)<\/h3>\n<p>Estas cicatrices presentan una apariencia irregular y se caracterizan por una textura desigual que da la impresi\u00f3n de peque\u00f1as ondas o protuberancias en la piel. Se forman debido a bandas fibrosas que conectan las capas profundas de la piel con la superficie, creando un efecto de tracci\u00f3n que hunde ciertas \u00e1reas. El resultado es un aspecto ondulado o \u00abdesnivelado\u00bb.<\/p>\n<ul>\n<li><strong>Caracter\u00edsticas clave<\/strong>:\n<ul>\n<li>Superficie: Suave y de bordes no definidos.<\/li>\n<li>Profundidad: Generalmente superficial, pero el efecto visual es notable debido a su extensi\u00f3n.<\/li>\n<li>Localizaci\u00f3n: Aparecen en zonas donde la piel es m\u00e1s gruesa, como mejillas y mand\u00edbula.<\/li>\n<\/ul>\n<\/li>\n<li><strong>Tratamientos recomendados<\/strong>:\n<ul>\n<li><strong>Subcisi\u00f3n<\/strong>: Libera las bandas fibrosas que causan la tracci\u00f3n de la piel.<\/li>\n<li><strong>Microagujas con PRP (plasma rico en plaquetas)<\/strong>: Mejora la textura y fomenta la regeneraci\u00f3n celular.<\/li>\n<li><strong>L\u00e1ser fraccionado no ablativo<\/strong>: Ideal para suavizar la textura sin da\u00f1ar la piel en exceso.<\/li>\n<\/ul>\n<\/li>\n<\/ul>\n<h2>Tratamientos efectivos para cicatrices atr\u00f3ficas<\/h2>\n<p>Existen m\u00faltiples opciones terap\u00e9uticas para mejorar el aspecto de estas cicatrices. Los tratamientos var\u00edan seg\u00fan el tipo y la severidad de las marcas, as\u00ed como las caracter\u00edsticas de la piel de cada persona.<\/p>\n<h3>1. L\u00e1ser fraccionado<\/h3>\n<p>El l\u00e1ser fraccionado es una de las opciones m\u00e1s avanzadas para tratar cicatrices atr\u00f3ficas. Este m\u00e9todo utiliza energ\u00eda l\u00e1ser para crear microcanales en la piel, estimulando la producci\u00f3n de col\u00e1geno y la regeneraci\u00f3n de tejido.<\/p>\n<ul>\n<li><strong>Tipos de l\u00e1ser fraccionado<\/strong>:\n<ul>\n<li><strong>L\u00e1ser de CO2 fraccionado<\/strong>:\n<ul>\n<li><strong>Funcionamiento<\/strong>: Penetra profundamente en la dermis, eliminando capas da\u00f1adas de piel y promoviendo la producci\u00f3n intensa de col\u00e1geno.<\/li>\n<li><strong>Indicaciones<\/strong>: Eficaz para cicatrices profundas como las de tipo picahielo y caja.<\/li>\n<li><strong>Ventajas<\/strong>: Resultados significativos despu\u00e9s de una o pocas sesiones.<\/li>\n<li><strong>Desventajas<\/strong>: Requiere un tiempo de recuperaci\u00f3n de 7 a 10 d\u00edas debido a enrojecimiento y descamaci\u00f3n.<\/li>\n<\/ul>\n<\/li>\n<li><strong>L\u00e1ser Erbium<\/strong>:\n<ul>\n<li><strong>Funcionamiento<\/strong>: Act\u00faa de manera m\u00e1s superficial, vaporizando las capas superiores de la piel con precisi\u00f3n.<\/li>\n<li><strong>Indicaciones<\/strong>: Ideal para cicatrices m\u00e1s leves y para personas con piel sensible.<\/li>\n<li><strong>Ventajas<\/strong>: Menor tiempo de recuperaci\u00f3n (3 a 5 d\u00edas) y riesgo reducido de hiperpigmentaci\u00f3n.<\/li>\n<li><strong>Desventajas<\/strong>: Menos efectivo en cicatrices profundas.<\/li>\n<\/ul>\n<\/li>\n<\/ul>\n<\/li>\n<\/ul>\n<h3>2. Microagujas o microneedling<\/h3>\n<p>El microneedling es una t\u00e9cnica menos invasiva que utiliza un dispositivo con peque\u00f1as agujas para crear microlesiones controladas en la piel, desencadenando una respuesta natural de curaci\u00f3n.<\/p>\n<ul>\n<li><strong>Funcionamiento<\/strong>: Las microlesiones inducen la producci\u00f3n de col\u00e1geno y elastina, mejorando la textura y el aspecto de la piel con el tiempo.<\/li>\n<li><strong>Indicaciones<\/strong>: Especialmente eficaz para cicatrices superficiales, onduladas y en caja.<\/li>\n<li><strong>Ventajas<\/strong>:\n<ul>\n<li>Apto para todo tipo de piel.<\/li>\n<li>Combinable con PRP (plasma rico en plaquetas) o sueros para potenciar los resultados.<\/li>\n<li>Tiempo de recuperaci\u00f3n corto (1 a 3 d\u00edas de enrojecimiento leve).<\/li>\n<\/ul>\n<\/li>\n<li><strong>Desventajas<\/strong>:\n<ul>\n<li>Requiere m\u00faltiples sesiones (3 a 6) para resultados \u00f3ptimos.<\/li>\n<li>Menos efectivo para cicatrices muy profundas.<\/li>\n<\/ul>\n<\/li>\n<\/ul>\n<h3>3. Peeling qu\u00edmico<\/h3>\n<p>Los peelings qu\u00edmicos utilizan soluciones \u00e1cidas para exfoliar la piel, eliminando las capas superficiales da\u00f1adas y promoviendo la regeneraci\u00f3n celular.<\/p>\n<ul>\n<li><strong>Tipos de \u00e1cidos comunes<\/strong>:\n<ul>\n<li><strong>\u00c1cido glic\u00f3lico<\/strong>:\n<ul>\n<li><strong>Funcionamiento<\/strong>: Exfolia profundamente, mejorando la textura de la piel y reduciendo cicatrices leves.<\/li>\n<li><strong>Indicaciones<\/strong>: Adecuado para cicatrices en caja superficiales y problemas de hiperpigmentaci\u00f3n asociados.<\/li>\n<li><strong>Ventajas<\/strong>: Mejora general del tono y la luminosidad de la piel.<\/li>\n<\/ul>\n<\/li>\n<li><strong>\u00c1cido salic\u00edlico<\/strong>:\n<ul>\n<li><strong>Funcionamiento<\/strong>: Act\u00faa en los poros, reduciendo la inflamaci\u00f3n y mejorando cicatrices leves.<\/li>\n<li><strong>Indicaciones<\/strong>: Ideal para personas con piel grasa y propensa al <a href=\"https:\/\/www.idermic.es\/es\/dermatologia_clinica\/acne\/\">acn\u00e9<\/a>.<\/li>\n<li><strong>Ventajas<\/strong>: Previene futuros brotes.<\/li>\n<\/ul>\n<\/li>\n<\/ul>\n<\/li>\n<li><strong>Consideraciones<\/strong>:\n<ul>\n<li>La profundidad del peeling var\u00eda seg\u00fan la concentraci\u00f3n del \u00e1cido y el tiempo de aplicaci\u00f3n.<\/li>\n<li>Puede causar enrojecimiento y descamaci\u00f3n durante varios d\u00edas.<\/li>\n<li>No recomendado para pieles muy sensibles o con tendencia a la hiperpigmentaci\u00f3n postinflamatoria.<\/li>\n<\/ul>\n<\/li>\n<\/ul>\n<h3>4. Rellenos d\u00e9rmicos<\/h3>\n<p>Los rellenos d\u00e9rmicos son una soluci\u00f3n r\u00e1pida para nivelar las cicatrices profundas mediante la inyecci\u00f3n de sustancias biocompatibles como el \u00e1cido hialur\u00f3nico.<\/p>\n<ul>\n<li><strong>Funcionamiento<\/strong>: Se inyecta directamente en las depresiones de la piel, rellenando las \u00e1reas hundidas y mejorando la apariencia general.<\/li>\n<li><strong>Indicaciones<\/strong>: Eficaz para cicatrices en caja y onduladas que no son muy extensas.<\/li>\n<li><strong>Ventajas<\/strong>:\n<ul>\n<li>Resultados inmediatos.<\/li>\n<li>Procedimiento r\u00e1pido y m\u00ednimamente invasivo.<\/li>\n<li>Sin tiempo de recuperaci\u00f3n significativo.<\/li>\n<\/ul>\n<\/li>\n<li><strong>Desventajas<\/strong>:\n<ul>\n<li>Resultados temporales (duran de 6 a 18 meses).<\/li>\n<li>Requiere mantenimiento regular para conservar los efectos.<\/li>\n<\/ul>\n<\/li>\n<\/ul>\n<h2>Cuidados posteriores y consideraciones importantes<\/h2>\n<p>Tras cualquier procedimiento para <strong>tratar cicatrices de acn\u00e9<\/strong>, es esencial seguir las recomendaciones del dermat\u00f3logo, incluyendo:<\/p>\n<ul>\n<li>Uso constante de protector solar.<\/li>\n<li>Hidrataci\u00f3n diaria.<\/li>\n<li>Evitar la exposici\u00f3n prolongada al sol.<\/li>\n<\/ul>\n<p>Adem\u00e1s, es importante tener expectativas realistas, ya que la mejora de las cicatrices suele ser progresiva y puede requerir m\u00faltiples sesiones.<\/p>\n<p>Abordar las cicatrices atr\u00f3ficas causadas por el acn\u00e9 es posible gracias a los avances en tratamientos dermatol\u00f3gicos como el l\u00e1ser, las microagujas y los peelings qu\u00edmicos. Consultar con un especialista es el primer paso para encontrar la opci\u00f3n m\u00e1s adecuada seg\u00fan las necesidades individuales. Aunque las cicatrices no desaparezcan por completo, los tratamientos disponibles pueden marcar una diferencia significativa en la apariencia de la piel y en la confianza de quienes los realizan.<\/p>\n<p>Para cualquier consulta sobre <a href=\"https:\/\/www.idermic.es\/es\/dermatologia_clinica\/acne\/\">acn\u00e9<\/a> y <a href=\"https:\/\/www.idermic.es\/es\/guia-para-el-cuidado-de-la-piel\/\">cuidado de la piel<\/a>, en Idermic, tu <a href=\"https:\/\/www.idermic.es\/es\/\">dermat\u00f3logo en Terrassa<\/a> estaremos encantados de atenderte. Adem\u00e1s puedes <a href=\"https:\/\/www.instagram.com\/p\/DDza_BNoksD\/\">ver v\u00eddeo<\/a> de nuestra publicaci\u00f3n de Instagram sobre tratamiento de las cicatrices atr\u00f3ficas de acn\u00e9 con l\u00e1ser.<\/p>\n<\/div><div class=\"fusion-clearfix\"><\/div><\/div><\/div><\/div><div class=\"fusion-builder-row fusion-row\"><\/div><\/div><div class=\"fusion-fullwidth fullwidth-box fusion-builder-row-4 nonhundred-percent-fullwidth non-hundred-percent-height-scrolling\" style=\"--awb-border-radius-top-left:0px;--awb-border-radius-top-right:0px;--awb-border-radius-bottom-right:0px;--awb-border-radius-bottom-left:0px;--awb-flex-wrap:wrap;\" ><div class=\"fusion-builder-row fusion-row\"><div class=\"fusion-layout-column fusion_builder_column fusion-builder-column-4 fusion_builder_column_1_1 1_1 fusion-one-full fusion-column-first fusion-column-last\" style=\"--awb-bg-size:cover;\"><div class=\"fusion-column-wrapper fusion-flex-column-wrapper-legacy\"><blockquote class=\"instagram-media\" data-instgrm-captioned data-instgrm-permalink=\"https:\/\/www.instagram.com\/reel\/DDza_BNoksD\/?utm_source=ig_embed&utm_campaign=loading\" data-instgrm-version=\"14\" style=\" background:#FFF; border:0; border-radius:3px; box-shadow:0 0 1px 0 rgba(0,0,0,0.5),0 1px 10px 0 rgba(0,0,0,0.15); margin: 1px; max-width:540px; min-width:326px; padding:0; width:99.375%; width:-webkit-calc(100% - 2px); width:calc(100% - 2px);\"><div style=\"padding:16px;\"> <a href=\"https:\/\/www.instagram.com\/reel\/DDza_BNoksD\/?utm_source=ig_embed&utm_campaign=loading\" style=\" background:#FFFFFF; line-height:0; padding:0 0; text-align:center; text-decoration:none; width:100%;\" target=\"_blank\"> <div style=\" display: flex; flex-direction: row; align-items: center;\"> <div style=\"background-color: #F4F4F4; border-radius: 50%; flex-grow: 0; height: 40px; margin-right: 14px; width: 40px;\"><\/div> <div style=\"display: flex; flex-direction: column; flex-grow: 1; justify-content: center;\"> <div style=\" background-color: #F4F4F4; border-radius: 4px; flex-grow: 0; height: 14px; margin-bottom: 6px; width: 100px;\"><\/div> <div style=\" background-color: #F4F4F4; border-radius: 4px; flex-grow: 0; height: 14px; width: 60px;\"><\/div><\/div><\/div><div style=\"padding: 19% 0;\"><\/div> <div style=\"display:block; height:50px; margin:0 auto 12px; width:50px;\"><svg width=\"50px\" height=\"50px\" viewBox=\"0 0 60 60\" version=\"1.1\" xmlns=\"https:\/\/www.w3.org\/2000\/svg\" xmlns:xlink=\"https:\/\/www.w3.org\/1999\/xlink\"><g stroke=\"none\" stroke-width=\"1\" fill=\"none\" fill-rule=\"evenodd\"><g transform=\"translate(-511.000000, -20.000000)\" fill=\"#000000\"><g><path d=\"M556.869,30.41 C554.814,30.41 553.148,32.076 553.148,34.131 C553.148,36.186 554.814,37.852 556.869,37.852 C558.924,37.852 560.59,36.186 560.59,34.131 C560.59,32.076 558.924,30.41 556.869,30.41 M541,60.657 C535.114,60.657 530.342,55.887 530.342,50 C530.342,44.114 535.114,39.342 541,39.342 C546.887,39.342 551.658,44.114 551.658,50 C551.658,55.887 546.887,60.657 541,60.657 M541,33.886 C532.1,33.886 524.886,41.1 524.886,50 C524.886,58.899 532.1,66.113 541,66.113 C549.9,66.113 557.115,58.899 557.115,50 C557.115,41.1 549.9,33.886 541,33.886 M565.378,62.101 C565.244,65.022 564.756,66.606 564.346,67.663 C563.803,69.06 563.154,70.057 562.106,71.106 C561.058,72.155 560.06,72.803 558.662,73.347 C557.607,73.757 556.021,74.244 553.102,74.378 C549.944,74.521 548.997,74.552 541,74.552 C533.003,74.552 532.056,74.521 528.898,74.378 C525.979,74.244 524.393,73.757 523.338,73.347 C521.94,72.803 520.942,72.155 519.894,71.106 C518.846,70.057 518.197,69.06 517.654,67.663 C517.244,66.606 516.755,65.022 516.623,62.101 C516.479,58.943 516.448,57.996 516.448,50 C516.448,42.003 516.479,41.056 516.623,37.899 C516.755,34.978 517.244,33.391 517.654,32.338 C518.197,30.938 518.846,29.942 519.894,28.894 C520.942,27.846 521.94,27.196 523.338,26.654 C524.393,26.244 525.979,25.756 528.898,25.623 C532.057,25.479 533.004,25.448 541,25.448 C548.997,25.448 549.943,25.479 553.102,25.623 C556.021,25.756 557.607,26.244 558.662,26.654 C560.06,27.196 561.058,27.846 562.106,28.894 C563.154,29.942 563.803,30.938 564.346,32.338 C564.756,33.391 565.244,34.978 565.378,37.899 C565.522,41.056 565.552,42.003 565.552,50 C565.552,57.996 565.522,58.943 565.378,62.101 M570.82,37.631 C570.674,34.438 570.167,32.258 569.425,30.349 C568.659,28.377 567.633,26.702 565.965,25.035 C564.297,23.368 562.623,22.342 560.652,21.575 C558.743,20.834 556.562,20.326 553.369,20.18 C550.169,20.033 549.148,20 541,20 C532.853,20 531.831,20.033 528.631,20.18 C525.438,20.326 523.257,20.834 521.349,21.575 C519.376,22.342 517.703,23.368 516.035,25.035 C514.368,26.702 513.342,28.377 512.574,30.349 C511.834,32.258 511.326,34.438 511.181,37.631 C511.035,40.831 511,41.851 511,50 C511,58.147 511.035,59.17 511.181,62.369 C511.326,65.562 511.834,67.743 512.574,69.651 C513.342,71.625 514.368,73.296 516.035,74.965 C517.703,76.634 519.376,77.658 521.349,78.425 C523.257,79.167 525.438,79.673 528.631,79.82 C531.831,79.965 532.853,80.001 541,80.001 C549.148,80.001 550.169,79.965 553.369,79.82 C556.562,79.673 558.743,79.167 560.652,78.425 C562.623,77.658 564.297,76.634 565.965,74.965 C567.633,73.296 568.659,71.625 569.425,69.651 C570.167,67.743 570.674,65.562 570.82,62.369 C570.966,59.17 571,58.147 571,50 C571,41.851 570.966,40.831 570.82,37.631\"><\/path><\/g><\/g><\/g><\/svg><\/div><div style=\"padding-top: 8px;\"> <div style=\" color:#3897f0; font-family:Arial,sans-serif; font-size:14px; font-style:normal; font-weight:550; line-height:18px;\">Ver esta publicaci\u00f3n en Instagram<\/div><\/div><div style=\"padding: 12.5% 0;\"><\/div> <div style=\"display: flex; flex-direction: row; margin-bottom: 14px; align-items: center;\"><div> <div style=\"background-color: #F4F4F4; border-radius: 50%; height: 12.5px; width: 12.5px; transform: translateX(0px) translateY(7px);\"><\/div> <div style=\"background-color: #F4F4F4; height: 12.5px; transform: rotate(-45deg) translateX(3px) translateY(1px); width: 12.5px; flex-grow: 0; margin-right: 14px; margin-left: 2px;\"><\/div> <div style=\"background-color: #F4F4F4; border-radius: 50%; height: 12.5px; width: 12.5px; transform: translateX(9px) translateY(-18px);\"><\/div><\/div><div style=\"margin-left: 8px;\"> <div style=\" background-color: #F4F4F4; border-radius: 50%; flex-grow: 0; height: 20px; width: 20px;\"><\/div> <div style=\" width: 0; height: 0; border-top: 2px solid transparent; border-left: 6px solid #f4f4f4; border-bottom: 2px solid transparent; transform: translateX(16px) translateY(-4px) rotate(30deg)\"><\/div><\/div><div style=\"margin-left: auto;\"> <div style=\" width: 0px; border-top: 8px solid #F4F4F4; border-right: 8px solid transparent; transform: translateY(16px);\"><\/div> <div style=\" background-color: #F4F4F4; flex-grow: 0; height: 12px; width: 16px; transform: translateY(-4px);\"><\/div> <div style=\" width: 0; height: 0; border-top: 8px solid #F4F4F4; border-left: 8px solid transparent; transform: translateY(-4px) translateX(8px);\"><\/div><\/div><\/div> <div style=\"display: flex; flex-direction: column; flex-grow: 1; justify-content: center; margin-bottom: 24px;\"> <div style=\" background-color: #F4F4F4; border-radius: 4px; flex-grow: 0; height: 14px; margin-bottom: 6px; width: 224px;\"><\/div> <div style=\" background-color: #F4F4F4; border-radius: 4px; flex-grow: 0; height: 14px; width: 144px;\"><\/div><\/div><\/a><p style=\" color:#c9c8cd; font-family:Arial,sans-serif; font-size:14px; line-height:17px; margin-bottom:0; margin-top:8px; overflow:hidden; padding:8px 0 7px; text-align:center; text-overflow:ellipsis; white-space:nowrap;\"><a href=\"https:\/\/www.instagram.com\/reel\/DDza_BNoksD\/?utm_source=ig_embed&utm_campaign=loading\" style=\" color:#c9c8cd; font-family:Arial,sans-serif; font-size:14px; font-style:normal; font-weight:normal; line-height:17px; text-decoration:none;\" target=\"_blank\">Una publicaci\u00f3n compartida de Dermatolog\u00eda m\u00e9dica y est\u00e9tica (@idermicclinic)<\/a><\/p><\/div><\/blockquote>\n<script async src=\"\/\/www.instagram.com\/embed.js\"><\/script><div class=\"fusion-clearfix\"><\/div><\/div><\/div><\/div><\/div><\/p>\n","protected":false},"excerpt":{"rendered":"<p>Repara cicatrices atrofias de acn\u00e9 con l\u00e1ser fraccionado en Terrassa. Resultados visibles y recuperaci\u00f3n r\u00e1pida.<\/p>\n","protected":false},"author":3,"featured_media":6744,"comment_status":"open","ping_status":"closed","sticky":false,"template":"","format":"standard","meta":{"_joinchat":[],"footnotes":""},"categories":[52,37],"tags":[43,104,108],"class_list":["post-6736","post","type-post","status-publish","format-standard","has-post-thumbnail","hentry","category-dermatologia","category-tecnologia","tag-acne","tag-piel","tag-procedimientos-faciales"],"yoast_head":"<!-- This site is optimized with the Yoast SEO plugin v28.4 - https:\/\/yoast.com\/product\/yoast-seo-wordpress\/ -->\n<title>Tratamiento de las cicatrices atr\u00f3ficas de acn\u00e9 con l\u00e1ser -<\/title>\n<meta name=\"description\" content=\"Repara cicatrices atrofias de acn\u00e9 con l\u00e1ser fraccionado en Terrassa. Resultados visibles y recuperaci\u00f3n r\u00e1pida.\" \/>\n<meta name=\"robots\" content=\"index, follow, max-snippet:-1, max-image-preview:large, max-video-preview:-1\" \/>\n<link rel=\"canonical\" href=\"https:\/\/www.idermic.es\/es\/tratamiento-de-las-cicatrices-atroficas-de-acne-con-laser\/\" \/>\n<meta property=\"og:locale\" content=\"es_ES\" \/>\n<meta property=\"og:type\" content=\"article\" \/>\n<meta property=\"og:title\" content=\"Tratamiento de las cicatrices atr\u00f3ficas de acn\u00e9 con l\u00e1ser -\" \/>\n<meta property=\"og:description\" content=\"Repara cicatrices atrofias de acn\u00e9 con l\u00e1ser fraccionado en Terrassa. Resultados visibles y recuperaci\u00f3n r\u00e1pida.\" \/>\n<meta property=\"og:url\" content=\"https:\/\/www.idermic.es\/es\/tratamiento-de-las-cicatrices-atroficas-de-acne-con-laser\/\" \/>\n<meta property=\"og:site_name\" content=\"Idermic. Dermatolog\u00eda en Terrassa\" \/>\n<meta property=\"article:publisher\" content=\"https:\/\/www.facebook.com\/Idermic\" \/>\n<meta property=\"article:published_time\" content=\"2024-12-24T07:46:13+00:00\" \/>\n<meta property=\"article:modified_time\" content=\"2026-05-26T09:45:06+00:00\" \/>\n<meta property=\"og:image\" content=\"https:\/\/www.idermic.es\/wp-content\/uploads\/2024\/12\/Acne.jpg\" \/>\n\t<meta property=\"og:image:width\" content=\"460\" \/>\n\t<meta property=\"og:image:height\" content=\"755\" \/>\n\t<meta property=\"og:image:type\" content=\"image\/jpeg\" \/>\n<meta name=\"author\" content=\"Equipo\" \/>\n<meta name=\"twitter:card\" content=\"summary_large_image\" \/>\n<meta name=\"twitter:creator\" content=\"@idermic\" \/>\n<meta name=\"twitter:site\" content=\"@idermic\" \/>\n<meta name=\"twitter:label1\" content=\"Escrito por\" \/>\n\t<meta name=\"twitter:data1\" content=\"Equipo\" \/>\n\t<meta name=\"twitter:label2\" content=\"Tiempo de lectura\" \/>\n\t<meta name=\"twitter:data2\" content=\"10 minutos\" \/>\n<script type=\"application\/ld+json\" class=\"yoast-schema-graph\">{\"@context\":\"https:\\\/\\\/schema.org\",\"@graph\":[{\"@type\":\"Article\",\"@id\":\"https:\\\/\\\/www.idermic.es\\\/es\\\/tratamiento-de-las-cicatrices-atroficas-de-acne-con-laser\\\/#article\",\"isPartOf\":{\"@id\":\"https:\\\/\\\/www.idermic.es\\\/es\\\/tratamiento-de-las-cicatrices-atroficas-de-acne-con-laser\\\/\"},\"author\":{\"name\":\"Equipo\",\"@id\":\"https:\\\/\\\/www.idermic.es\\\/#\\\/schema\\\/person\\\/c12703027a878b23d3c71c87921a82f8\"},\"headline\":\"Tratamiento de las cicatrices atr\u00f3ficas de acn\u00e9 con l\u00e1ser\",\"datePublished\":\"2024-12-24T07:46:13+00:00\",\"dateModified\":\"2026-05-26T09:45:06+00:00\",\"mainEntityOfPage\":{\"@id\":\"https:\\\/\\\/www.idermic.es\\\/es\\\/tratamiento-de-las-cicatrices-atroficas-de-acne-con-laser\\\/\"},\"wordCount\":3608,\"commentCount\":0,\"publisher\":{\"@id\":\"https:\\\/\\\/www.idermic.es\\\/#organization\"},\"image\":{\"@id\":\"https:\\\/\\\/www.idermic.es\\\/es\\\/tratamiento-de-las-cicatrices-atroficas-de-acne-con-laser\\\/#primaryimage\"},\"thumbnailUrl\":\"https:\\\/\\\/www.idermic.es\\\/wp-content\\\/uploads\\\/2024\\\/12\\\/Acne.jpg\",\"keywords\":[\"acn\u00e9\",\"piel\",\"procedimientos faciales\"],\"articleSection\":[\"Dermatolog\u00eda\",\"Tecnolog\u00eda\"],\"inLanguage\":\"es\",\"potentialAction\":[{\"@type\":\"CommentAction\",\"name\":\"Comment\",\"target\":[\"https:\\\/\\\/www.idermic.es\\\/es\\\/tratamiento-de-las-cicatrices-atroficas-de-acne-con-laser\\\/#respond\"]}]},{\"@type\":\"WebPage\",\"@id\":\"https:\\\/\\\/www.idermic.es\\\/es\\\/tratamiento-de-las-cicatrices-atroficas-de-acne-con-laser\\\/\",\"url\":\"https:\\\/\\\/www.idermic.es\\\/es\\\/tratamiento-de-las-cicatrices-atroficas-de-acne-con-laser\\\/\",\"name\":\"Tratamiento de las cicatrices atr\u00f3ficas de acn\u00e9 con l\u00e1ser -\",\"isPartOf\":{\"@id\":\"https:\\\/\\\/www.idermic.es\\\/#website\"},\"primaryImageOfPage\":{\"@id\":\"https:\\\/\\\/www.idermic.es\\\/es\\\/tratamiento-de-las-cicatrices-atroficas-de-acne-con-laser\\\/#primaryimage\"},\"image\":{\"@id\":\"https:\\\/\\\/www.idermic.es\\\/es\\\/tratamiento-de-las-cicatrices-atroficas-de-acne-con-laser\\\/#primaryimage\"},\"thumbnailUrl\":\"https:\\\/\\\/www.idermic.es\\\/wp-content\\\/uploads\\\/2024\\\/12\\\/Acne.jpg\",\"datePublished\":\"2024-12-24T07:46:13+00:00\",\"dateModified\":\"2026-05-26T09:45:06+00:00\",\"description\":\"Repara cicatrices atrofias de acn\u00e9 con l\u00e1ser fraccionado en Terrassa. Resultados visibles y recuperaci\u00f3n r\u00e1pida.\",\"breadcrumb\":{\"@id\":\"https:\\\/\\\/www.idermic.es\\\/es\\\/tratamiento-de-las-cicatrices-atroficas-de-acne-con-laser\\\/#breadcrumb\"},\"inLanguage\":\"es\",\"potentialAction\":[{\"@type\":\"ReadAction\",\"target\":[\"https:\\\/\\\/www.idermic.es\\\/es\\\/tratamiento-de-las-cicatrices-atroficas-de-acne-con-laser\\\/\"]}]},{\"@type\":\"ImageObject\",\"inLanguage\":\"es\",\"@id\":\"https:\\\/\\\/www.idermic.es\\\/es\\\/tratamiento-de-las-cicatrices-atroficas-de-acne-con-laser\\\/#primaryimage\",\"url\":\"https:\\\/\\\/www.idermic.es\\\/wp-content\\\/uploads\\\/2024\\\/12\\\/Acne.jpg\",\"contentUrl\":\"https:\\\/\\\/www.idermic.es\\\/wp-content\\\/uploads\\\/2024\\\/12\\\/Acne.jpg\",\"width\":460,\"height\":755,\"caption\":\"Tratamiento de las cicatrices atr\u00f3ficas de acn\u00e9 con l\u00e1ser\"},{\"@type\":\"BreadcrumbList\",\"@id\":\"https:\\\/\\\/www.idermic.es\\\/es\\\/tratamiento-de-las-cicatrices-atroficas-de-acne-con-laser\\\/#breadcrumb\",\"itemListElement\":[{\"@type\":\"ListItem\",\"position\":1,\"name\":\"Inici\",\"item\":\"https:\\\/\\\/www.idermic.es\\\/es\\\/\"},{\"@type\":\"ListItem\",\"position\":2,\"name\":\"Tratamiento de las cicatrices atr\u00f3ficas de acn\u00e9 con l\u00e1ser\"}]},{\"@type\":\"WebSite\",\"@id\":\"https:\\\/\\\/www.idermic.es\\\/#website\",\"url\":\"https:\\\/\\\/www.idermic.es\\\/\",\"name\":\"Idermic. Dermatolog\u00eda en Terrassa\",\"description\":\"Dermatolog\u00eda, Medicina est\u00e9tica, Cirurg\u00eda Pl\u00e0stica\",\"publisher\":{\"@id\":\"https:\\\/\\\/www.idermic.es\\\/#organization\"},\"potentialAction\":[{\"@type\":\"SearchAction\",\"target\":{\"@type\":\"EntryPoint\",\"urlTemplate\":\"https:\\\/\\\/www.idermic.es\\\/?s={search_term_string}\"},\"query-input\":{\"@type\":\"PropertyValueSpecification\",\"valueRequired\":true,\"valueName\":\"search_term_string\"}}],\"inLanguage\":\"es\"},{\"@type\":\"Organization\",\"@id\":\"https:\\\/\\\/www.idermic.es\\\/#organization\",\"name\":\"Idermic. Dermatolog\u00eda en Terrassa\",\"url\":\"https:\\\/\\\/www.idermic.es\\\/\",\"logo\":{\"@type\":\"ImageObject\",\"inLanguage\":\"es\",\"@id\":\"https:\\\/\\\/www.idermic.es\\\/#\\\/schema\\\/logo\\\/image\\\/\",\"url\":\"https:\\\/\\\/www.idermic.es\\\/wp-content\\\/uploads\\\/2025\\\/10\\\/Logo-Idermic.jpg\",\"contentUrl\":\"https:\\\/\\\/www.idermic.es\\\/wp-content\\\/uploads\\\/2025\\\/10\\\/Logo-Idermic.jpg\",\"width\":501,\"height\":502,\"caption\":\"Idermic. Dermatolog\u00eda en Terrassa\"},\"image\":{\"@id\":\"https:\\\/\\\/www.idermic.es\\\/#\\\/schema\\\/logo\\\/image\\\/\"},\"sameAs\":[\"https:\\\/\\\/www.facebook.com\\\/Idermic\",\"https:\\\/\\\/x.com\\\/idermic\",\"https:\\\/\\\/www.instagram.com\\\/idermicclinic\\\/\",\"https:\\\/\\\/www.youtube.com\\\/channel\\\/UCyAHC9-p8lc6hr_nguO8p_g\"]},{\"@type\":\"Person\",\"@id\":\"https:\\\/\\\/www.idermic.es\\\/#\\\/schema\\\/person\\\/c12703027a878b23d3c71c87921a82f8\",\"name\":\"Equipo\",\"image\":{\"@type\":\"ImageObject\",\"inLanguage\":\"es\",\"@id\":\"https:\\\/\\\/secure.gravatar.com\\\/avatar\\\/7ca0be23248108c6b0887e0693b7dcf7764bd3503f84d1f04e6653ef7c3b9420?s=96&d=mm&r=g\",\"url\":\"https:\\\/\\\/secure.gravatar.com\\\/avatar\\\/7ca0be23248108c6b0887e0693b7dcf7764bd3503f84d1f04e6653ef7c3b9420?s=96&d=mm&r=g\",\"contentUrl\":\"https:\\\/\\\/secure.gravatar.com\\\/avatar\\\/7ca0be23248108c6b0887e0693b7dcf7764bd3503f84d1f04e6653ef7c3b9420?s=96&d=mm&r=g\",\"caption\":\"Equipo\"},\"description\":\"Equipo de Idermic\"}]}<\/script>\n<!-- \/ Yoast SEO plugin. -->","yoast_head_json":{"title":"Tratamiento de las cicatrices atr\u00f3ficas de acn\u00e9 con l\u00e1ser -","description":"Repara cicatrices atrofias de acn\u00e9 con l\u00e1ser fraccionado en Terrassa. Resultados visibles y recuperaci\u00f3n r\u00e1pida.","robots":{"index":"index","follow":"follow","max-snippet":"max-snippet:-1","max-image-preview":"max-image-preview:large","max-video-preview":"max-video-preview:-1"},"canonical":"https:\/\/www.idermic.es\/es\/tratamiento-de-las-cicatrices-atroficas-de-acne-con-laser\/","og_locale":"es_ES","og_type":"article","og_title":"Tratamiento de las cicatrices atr\u00f3ficas de acn\u00e9 con l\u00e1ser -","og_description":"Repara cicatrices atrofias de acn\u00e9 con l\u00e1ser fraccionado en Terrassa. Resultados visibles y recuperaci\u00f3n r\u00e1pida.","og_url":"https:\/\/www.idermic.es\/es\/tratamiento-de-las-cicatrices-atroficas-de-acne-con-laser\/","og_site_name":"Idermic. Dermatolog\u00eda en Terrassa","article_publisher":"https:\/\/www.facebook.com\/Idermic","article_published_time":"2024-12-24T07:46:13+00:00","article_modified_time":"2026-05-26T09:45:06+00:00","og_image":[{"width":460,"height":755,"url":"https:\/\/www.idermic.es\/wp-content\/uploads\/2024\/12\/Acne.jpg","type":"image\/jpeg"}],"author":"Equipo","twitter_card":"summary_large_image","twitter_creator":"@idermic","twitter_site":"@idermic","twitter_misc":{"Escrito por":"Equipo","Tiempo de lectura":"10 minutos"},"schema":{"@context":"https:\/\/schema.org","@graph":[{"@type":"Article","@id":"https:\/\/www.idermic.es\/es\/tratamiento-de-las-cicatrices-atroficas-de-acne-con-laser\/#article","isPartOf":{"@id":"https:\/\/www.idermic.es\/es\/tratamiento-de-las-cicatrices-atroficas-de-acne-con-laser\/"},"author":{"name":"Equipo","@id":"https:\/\/www.idermic.es\/#\/schema\/person\/c12703027a878b23d3c71c87921a82f8"},"headline":"Tratamiento de las cicatrices atr\u00f3ficas de acn\u00e9 con l\u00e1ser","datePublished":"2024-12-24T07:46:13+00:00","dateModified":"2026-05-26T09:45:06+00:00","mainEntityOfPage":{"@id":"https:\/\/www.idermic.es\/es\/tratamiento-de-las-cicatrices-atroficas-de-acne-con-laser\/"},"wordCount":3608,"commentCount":0,"publisher":{"@id":"https:\/\/www.idermic.es\/#organization"},"image":{"@id":"https:\/\/www.idermic.es\/es\/tratamiento-de-las-cicatrices-atroficas-de-acne-con-laser\/#primaryimage"},"thumbnailUrl":"https:\/\/www.idermic.es\/wp-content\/uploads\/2024\/12\/Acne.jpg","keywords":["acn\u00e9","piel","procedimientos faciales"],"articleSection":["Dermatolog\u00eda","Tecnolog\u00eda"],"inLanguage":"es","potentialAction":[{"@type":"CommentAction","name":"Comment","target":["https:\/\/www.idermic.es\/es\/tratamiento-de-las-cicatrices-atroficas-de-acne-con-laser\/#respond"]}]},{"@type":"WebPage","@id":"https:\/\/www.idermic.es\/es\/tratamiento-de-las-cicatrices-atroficas-de-acne-con-laser\/","url":"https:\/\/www.idermic.es\/es\/tratamiento-de-las-cicatrices-atroficas-de-acne-con-laser\/","name":"Tratamiento de las cicatrices atr\u00f3ficas de acn\u00e9 con l\u00e1ser -","isPartOf":{"@id":"https:\/\/www.idermic.es\/#website"},"primaryImageOfPage":{"@id":"https:\/\/www.idermic.es\/es\/tratamiento-de-las-cicatrices-atroficas-de-acne-con-laser\/#primaryimage"},"image":{"@id":"https:\/\/www.idermic.es\/es\/tratamiento-de-las-cicatrices-atroficas-de-acne-con-laser\/#primaryimage"},"thumbnailUrl":"https:\/\/www.idermic.es\/wp-content\/uploads\/2024\/12\/Acne.jpg","datePublished":"2024-12-24T07:46:13+00:00","dateModified":"2026-05-26T09:45:06+00:00","description":"Repara cicatrices atrofias de acn\u00e9 con l\u00e1ser fraccionado en Terrassa. Resultados visibles y recuperaci\u00f3n r\u00e1pida.","breadcrumb":{"@id":"https:\/\/www.idermic.es\/es\/tratamiento-de-las-cicatrices-atroficas-de-acne-con-laser\/#breadcrumb"},"inLanguage":"es","potentialAction":[{"@type":"ReadAction","target":["https:\/\/www.idermic.es\/es\/tratamiento-de-las-cicatrices-atroficas-de-acne-con-laser\/"]}]},{"@type":"ImageObject","inLanguage":"es","@id":"https:\/\/www.idermic.es\/es\/tratamiento-de-las-cicatrices-atroficas-de-acne-con-laser\/#primaryimage","url":"https:\/\/www.idermic.es\/wp-content\/uploads\/2024\/12\/Acne.jpg","contentUrl":"https:\/\/www.idermic.es\/wp-content\/uploads\/2024\/12\/Acne.jpg","width":460,"height":755,"caption":"Tratamiento de las cicatrices atr\u00f3ficas de acn\u00e9 con l\u00e1ser"},{"@type":"BreadcrumbList","@id":"https:\/\/www.idermic.es\/es\/tratamiento-de-las-cicatrices-atroficas-de-acne-con-laser\/#breadcrumb","itemListElement":[{"@type":"ListItem","position":1,"name":"Inici","item":"https:\/\/www.idermic.es\/es\/"},{"@type":"ListItem","position":2,"name":"Tratamiento de las cicatrices atr\u00f3ficas de acn\u00e9 con l\u00e1ser"}]},{"@type":"WebSite","@id":"https:\/\/www.idermic.es\/#website","url":"https:\/\/www.idermic.es\/","name":"Idermic. Dermatolog\u00eda en Terrassa","description":"Dermatolog\u00eda, Medicina est\u00e9tica, Cirurg\u00eda Pl\u00e0stica","publisher":{"@id":"https:\/\/www.idermic.es\/#organization"},"potentialAction":[{"@type":"SearchAction","target":{"@type":"EntryPoint","urlTemplate":"https:\/\/www.idermic.es\/?s={search_term_string}"},"query-input":{"@type":"PropertyValueSpecification","valueRequired":true,"valueName":"search_term_string"}}],"inLanguage":"es"},{"@type":"Organization","@id":"https:\/\/www.idermic.es\/#organization","name":"Idermic. Dermatolog\u00eda en Terrassa","url":"https:\/\/www.idermic.es\/","logo":{"@type":"ImageObject","inLanguage":"es","@id":"https:\/\/www.idermic.es\/#\/schema\/logo\/image\/","url":"https:\/\/www.idermic.es\/wp-content\/uploads\/2025\/10\/Logo-Idermic.jpg","contentUrl":"https:\/\/www.idermic.es\/wp-content\/uploads\/2025\/10\/Logo-Idermic.jpg","width":501,"height":502,"caption":"Idermic. Dermatolog\u00eda en Terrassa"},"image":{"@id":"https:\/\/www.idermic.es\/#\/schema\/logo\/image\/"},"sameAs":["https:\/\/www.facebook.com\/Idermic","https:\/\/x.com\/idermic","https:\/\/www.instagram.com\/idermicclinic\/","https:\/\/www.youtube.com\/channel\/UCyAHC9-p8lc6hr_nguO8p_g"]},{"@type":"Person","@id":"https:\/\/www.idermic.es\/#\/schema\/person\/c12703027a878b23d3c71c87921a82f8","name":"Equipo","image":{"@type":"ImageObject","inLanguage":"es","@id":"https:\/\/secure.gravatar.com\/avatar\/7ca0be23248108c6b0887e0693b7dcf7764bd3503f84d1f04e6653ef7c3b9420?s=96&d=mm&r=g","url":"https:\/\/secure.gravatar.com\/avatar\/7ca0be23248108c6b0887e0693b7dcf7764bd3503f84d1f04e6653ef7c3b9420?s=96&d=mm&r=g","contentUrl":"https:\/\/secure.gravatar.com\/avatar\/7ca0be23248108c6b0887e0693b7dcf7764bd3503f84d1f04e6653ef7c3b9420?s=96&d=mm&r=g","caption":"Equipo"},"description":"Equipo de Idermic"}]}},"_links":{"self":[{"href":"https:\/\/www.idermic.es\/es\/wp-json\/wp\/v2\/posts\/6736","targetHints":{"allow":["GET"]}}],"collection":[{"href":"https:\/\/www.idermic.es\/es\/wp-json\/wp\/v2\/posts"}],"about":[{"href":"https:\/\/www.idermic.es\/es\/wp-json\/wp\/v2\/types\/post"}],"author":[{"embeddable":true,"href":"https:\/\/www.idermic.es\/es\/wp-json\/wp\/v2\/users\/3"}],"replies":[{"embeddable":true,"href":"https:\/\/www.idermic.es\/es\/wp-json\/wp\/v2\/comments?post=6736"}],"version-history":[{"count":10,"href":"https:\/\/www.idermic.es\/es\/wp-json\/wp\/v2\/posts\/6736\/revisions"}],"predecessor-version":[{"id":8138,"href":"https:\/\/www.idermic.es\/es\/wp-json\/wp\/v2\/posts\/6736\/revisions\/8138"}],"wp:featuredmedia":[{"embeddable":true,"href":"https:\/\/www.idermic.es\/es\/wp-json\/wp\/v2\/media\/6744"}],"wp:attachment":[{"href":"https:\/\/www.idermic.es\/es\/wp-json\/wp\/v2\/media?parent=6736"}],"wp:term":[{"taxonomy":"category","embeddable":true,"href":"https:\/\/www.idermic.es\/es\/wp-json\/wp\/v2\/categories?post=6736"},{"taxonomy":"post_tag","embeddable":true,"href":"https:\/\/www.idermic.es\/es\/wp-json\/wp\/v2\/tags?post=6736"}],"curies":[{"name":"wp","href":"https:\/\/api.w.org\/{rel}","templated":true}]}}