{"id":6729,"date":"2024-11-30T18:33:54","date_gmt":"2024-11-30T18:33:54","guid":{"rendered":"https:\/\/www.idermic.es\/?p=6729"},"modified":"2026-06-06T06:55:37","modified_gmt":"2026-06-06T06:55:37","slug":"premio-dr-talent-2024","status":"publish","type":"post","link":"https:\/\/www.idermic.es\/es\/premio-dr-talent-2024\/","title":{"rendered":"Premio Dr TALENT 2024"},"content":{"rendered":"<p><div class=\"fusion-fullwidth fullwidth-box fusion-builder-row-1 nonhundred-percent-fullwidth non-hundred-percent-height-scrolling\" style=\"--awb-border-radius-top-left:0px;--awb-border-radius-top-right:0px;--awb-border-radius-bottom-right:0px;--awb-border-radius-bottom-left:0px;--awb-flex-wrap:wrap;\" ><div class=\"fusion-builder-row fusion-row\"><div class=\"fusion-layout-column fusion_builder_column fusion-builder-column-0 fusion_builder_column_1_1 1_1 fusion-one-full fusion-column-first fusion-column-last\" style=\"--awb-bg-size:cover;\"><div class=\"fusion-column-wrapper fusion-flex-column-wrapper-legacy\"><div class=\"fusion-text fusion-text-1\"><h1>Premio Dr TALENT 2024<\/h1>\n<\/div><div class=\"fusion-text fusion-text-2\"><p>La <a href=\"https:\/\/www.idermic.es\/\">dermat\u00f3loga de Terrassa<\/a> y directora de la cl\u00ednica Idermic, <strong>Dra. Marta Vilavella<\/strong>. ha recibido el Premio Dr Talent 2024 al mejor caso cl\u00ednico de medicina est\u00e9tica masculina de Catalu\u00f1a, Baleares y Arag\u00f3n.<\/p>\n<p>Desde su cuenta de Instagram ha declarado<\/p>\n<blockquote>\n<p>Me siento tremendamente agradecida de haber recibido el galard\u00f3n y quiero felicitar a mis compa\u00f1eros por el nivel de sus casos cl\u00ednicos y las exposiciones que hicieron. Todos aprendimos de todos.<\/p>\n<p>Gracias a <a href=\"https:\/\/www.instagram.com\/teoxane_spain\/\">@teoxane_spain<\/a> por promover iniciativas como \u00e9sta e impulsar la medicina est\u00e9tica masculina.<\/p>\n<p>Gracias tambi\u00e9n a mi paciente por haber confiado en m\u00ed y haberme permitido compartir su caso.<\/p>\n<p>Por si faltaban celebraciones la misma noche, cena de Navidad con el s\u00faper equipo de @idermicclinic. Gracias por estar all\u00ed siempre<br \/>\nResaca emocional.<\/p>\n<\/blockquote>\n<\/div><div class=\"fusion-clearfix\"><\/div><\/div><\/div><\/div><\/div><div class=\"fusion-fullwidth fullwidth-box fusion-builder-row-2 nonhundred-percent-fullwidth non-hundred-percent-height-scrolling\" style=\"--awb-border-radius-top-left:0px;--awb-border-radius-top-right:0px;--awb-border-radius-bottom-right:0px;--awb-border-radius-bottom-left:0px;--awb-flex-wrap:wrap;\" ><div class=\"fusion-builder-row fusion-row\"><div class=\"fusion-layout-column fusion_builder_column fusion-builder-column-1 fusion_builder_column_1_1 1_1 fusion-one-full fusion-column-first fusion-column-last\" style=\"--awb-bg-size:cover;\"><div class=\"fusion-column-wrapper fusion-flex-column-wrapper-legacy\"><a class=\"fusion-modal-text-link\" href=\"#\">\n<blockquote class=\"instagram-media\" style=\"background: #FFF; border: 0; border-radius: 3px; box-shadow: 0 0 1px 0 rgba(0,0,0,0.5),0 1px 10px 0 rgba(0,0,0,0.15); margin: 1px; max-width: 540px; min-width: 326px; padding: 0; width: calc(100% - 2px);\" data-instgrm-captioned=\"\" data-instgrm-permalink=\"https:\/\/www.instagram.com\/p\/DC_Z3z_tnqF\/?utm_source=ig_embed&amp;utm_campaign=loading\" data-instgrm-version=\"14\">\n<div style=\"padding: 16px;\">\n<p>&nbsp;<\/p>\n<div style=\"display: flex; flex-direction: row; align-items: center;\">\n<div style=\"background-color: #f4f4f4; border-radius: 50%; flex-grow: 0; height: 40px; margin-right: 14px; width: 40px;\"><\/div>\n<div style=\"display: flex; flex-direction: column; flex-grow: 1; justify-content: center;\">\n<div style=\"background-color: #f4f4f4; border-radius: 4px; flex-grow: 0; height: 14px; margin-bottom: 6px; width: 100px;\"><\/div>\n<div style=\"background-color: #f4f4f4; border-radius: 4px; flex-grow: 0; height: 14px; width: 60px;\"><\/div>\n<\/div>\n<\/div>\n<div style=\"padding: 19% 0;\"><\/div>\n<div style=\"display: block; height: 50px; margin: 0 auto 12px; width: 50px;\"><\/div>\n<div style=\"padding-top: 8px;\">\n<div style=\"color: #3897f0; font-family: Arial,sans-serif; font-size: 14px; font-style: normal; font-weight: 550; line-height: 18px;\">Ver esta publicaci\u00f3n en Instagram<\/div>\n<\/div>\n<div style=\"padding: 12.5% 0;\"><\/div>\n<div style=\"display: flex; flex-direction: row; margin-bottom: 14px; align-items: center;\">\n<div>\n<div style=\"background-color: #f4f4f4; border-radius: 50%; height: 12.5px; width: 12.5px; transform: translateX(0px) translateY(7px);\"><\/div>\n<div style=\"background-color: #f4f4f4; height: 12.5px; transform: rotate(-45deg) translateX(3px) translateY(1px); width: 12.5px; flex-grow: 0; margin-right: 14px; margin-left: 2px;\"><\/div>\n<div style=\"background-color: #f4f4f4; border-radius: 50%; height: 12.5px; width: 12.5px; transform: translateX(9px) translateY(-18px);\"><\/div>\n<\/div>\n<div style=\"margin-left: 8px;\">\n<div style=\"background-color: #f4f4f4; border-radius: 50%; flex-grow: 0; height: 20px; width: 20px;\"><\/div>\n<div style=\"width: 0; height: 0; border-top: 2px solid transparent; border-left: 6px solid #f4f4f4; border-bottom: 2px solid transparent; transform: translateX(16px) translateY(-4px) rotate(30deg);\"><\/div>\n<\/div>\n<div style=\"margin-left: auto;\">\n<div style=\"width: 0px; border-top: 8px solid #F4F4F4; border-right: 8px solid transparent; transform: translateY(16px);\"><\/div>\n<div style=\"background-color: #f4f4f4; flex-grow: 0; height: 12px; width: 16px; transform: translateY(-4px);\"><\/div>\n<div style=\"width: 0; height: 0; border-top: 8px solid #F4F4F4; border-left: 8px solid transparent; transform: translateY(-4px) translateX(8px);\"><\/div>\n<\/div>\n<\/div>\n<div style=\"display: flex; flex-direction: column; flex-grow: 1; justify-content: center; margin-bottom: 24px;\">\n<div style=\"background-color: #f4f4f4; border-radius: 4px; flex-grow: 0; height: 14px; margin-bottom: 6px; width: 224px;\"><\/div>\n<div style=\"background-color: #f4f4f4; border-radius: 4px; flex-grow: 0; height: 14px; width: 144px;\"><\/div>\n<\/div>\n<p>&nbsp;<\/p>\n<p style=\"color: #c9c8cd; font-family: Arial,sans-serif; font-size: 14px; line-height: 17px; margin-bottom: 0; margin-top: 8px; overflow: hidden; padding: 8px 0 7px; text-align: center; text-overflow: ellipsis; white-space: nowrap;\"><a style=\"color: #c9c8cd; font-family: Arial,sans-serif; font-size: 14px; font-style: normal; font-weight: normal; line-height: 17px; text-decoration: none;\" href=\"https:\/\/www.instagram.com\/p\/DC_Z3z_tnqF\/?utm_source=ig_embed&amp;utm_campaign=loading\" target=\"_blank\" rel=\"noopener\">Una publicaci\u00f3n compartida de Marta Vilavella &#8211; Dermat\u00f3loga (@dra.martavilavella_derma)<\/a><\/p>\n<\/div>\n<\/blockquote>\n<p><script async src=\"\/\/www.instagram.com\/embed.js\"><\/script><\/a><div class=\"fusion-clearfix\"><\/div><\/div><\/div><\/div><\/div><div class=\"fusion-fullwidth fullwidth-box fusion-builder-row-3 nonhundred-percent-fullwidth non-hundred-percent-height-scrolling\" style=\"--awb-border-radius-top-left:0px;--awb-border-radius-top-right:0px;--awb-border-radius-bottom-right:0px;--awb-border-radius-bottom-left:0px;--awb-flex-wrap:wrap;\" ><div class=\"fusion-builder-row fusion-row\"><div class=\"fusion-layout-column fusion_builder_column fusion-builder-column-2 fusion_builder_column_1_1 1_1 fusion-one-full fusion-column-first fusion-column-last\" style=\"--awb-bg-size:cover;\"><div class=\"fusion-column-wrapper fusion-flex-column-wrapper-legacy\"><div class=\"fusion-text fusion-text-3\"><h2>Acerca de Dr TALENT<\/h2>\n<p>Tal como explican en la p\u00e1gina web drtalent.es, es el mayor proyecto medico-est\u00e9tico en hombres de Espa\u00f1a. Un lugar donde dar a conocer el trabajo de los m\u00e9dicos especialistas en medicina-est\u00e9tica mostrando tus <strong>tratamientos en hombres con<\/strong> <strong>\u00e1cido hialur\u00f3nico<\/strong>.<\/p>\n<p>Es un espacio lleno de ciencia, formaci\u00f3n y talento en el que los especialistas aportan casos de antes y despu\u00e9s y, superando las fases del proyecto, pueden presentar el caso cl\u00ednico ante la comunidad m\u00e9dico est\u00e9tica.<\/p>\n<p><strong>DR. TALENT<\/strong> es una oportunidad \u00fanica de pertenecer a la mayor comunidad de m\u00e9dicos est\u00e9ticos de Espa\u00f1a, mejorar profesionalmente y dar visibilidad a su trabajo.<\/p>\n<h2>C\u00f3mo se participa<\/h2>\n<ul>\n<li><strong>Escoge a tu paciente masculino<\/strong>\n<ul>\n<li>No puede estar tratado previamente con rellenos o tratado hace m\u00e1s de un a\u00f1o.<\/li>\n<li>Realiza el tratamiento<\/li>\n<li>Se realizar\u00e1 en una \u00fanica sesi\u00f3n con un m\u00e1ximo de 6 ml de producto de la gama Teosyal. No podr\u00e1n utilizarse productos fuera de su indicaci\u00f3n autorizada en su IFU (off-label).<\/li>\n<\/ul>\n<\/li>\n<li><strong>Fotograf\u00edas<\/strong>\n<ul>\n<li>Prepara 3 fotograf\u00edas del antes y despu\u00e9s del tratamiento: frontal, perfil derecho y perfil izquierdo. El dise\u00f1o debe ser de retrato completo: cara completa y hombros.<\/li>\n<\/ul>\n<\/li>\n<li><strong>Descripci\u00f3n del caso cl\u00ednico<\/strong>\n<ul>\n<li>Plan de tratamiento: producto, \u00e1rea, cantidad y t\u00e9cnica empleada.<\/li>\n<\/ul>\n<\/li>\n<li><strong>Bases legales<\/strong>\n<ul>\n<li>Adjuntar el consentimiento informado del paciente para el uso de su imagen y aceptar las bases legales de este concurso.<\/li>\n<\/ul>\n<\/li>\n<li><strong>Valoraci\u00f3n del comit\u00e9<\/strong>\n<ul>\n<li>Los asesores valorar\u00e1n la dificultad del caso y la t\u00e9cnica empleada.<\/li>\n<\/ul>\n<\/li>\n<\/ul>\n<\/div><div class=\"fusion-clearfix\"><\/div><\/div><\/div><\/div><\/div><\/p>\n","protected":false},"excerpt":{"rendered":"<p>La dermat\u00f3loga de Terrassa y directora de la cl\u00ednica Idermic, Dra. Marta Vilavella. ha recibido el Premio Dr Talent 2024 al mejor caso cl\u00ednico de medicina est\u00e9tica masculina de Catalu\u00f1a, Baleares y Arag\u00f3n.<\/p>\n","protected":false},"author":2,"featured_media":6730,"comment_status":"closed","ping_status":"open","sticky":false,"template":"","format":"standard","meta":{"_joinchat":[],"footnotes":""},"categories":[25],"tags":[263],"class_list":["post-6729","post","type-post","status-publish","format-standard","has-post-thumbnail","hentry","category-noticias","tag-eventos"],"yoast_head":"<!-- This site is optimized with the Yoast SEO plugin v28.4 - https:\/\/yoast.com\/product\/yoast-seo-wordpress\/ -->\n<title>Premio Dr TALENT 2024 - Idermic. Dermatolog\u00eda en Terrassa<\/title>\n<meta name=\"description\" content=\"Dra. Marta Vilavella recibe el Premio Dr Talent 2024 al mejor caso cl\u00ednico de medicina est\u00e9tica masculina de Catalu\u00f1a, Baleares y Arag\u00f3n.\" \/>\n<meta name=\"robots\" content=\"index, follow, max-snippet:-1, max-image-preview:large, max-video-preview:-1\" \/>\n<link rel=\"canonical\" href=\"https:\/\/www.idermic.es\/es\/premio-dr-talent-2024\/\" \/>\n<meta property=\"og:locale\" content=\"es_ES\" \/>\n<meta property=\"og:type\" content=\"article\" \/>\n<meta property=\"og:title\" content=\"Premio Dr TALENT 2024 - Idermic. Dermatolog\u00eda en Terrassa\" \/>\n<meta property=\"og:description\" content=\"Dra. Marta Vilavella recibe el Premio Dr Talent 2024 al mejor caso cl\u00ednico de medicina est\u00e9tica masculina de Catalu\u00f1a, Baleares y Arag\u00f3n.\" \/>\n<meta property=\"og:url\" content=\"https:\/\/www.idermic.es\/es\/premio-dr-talent-2024\/\" \/>\n<meta property=\"og:site_name\" content=\"Idermic. Dermatolog\u00eda en Terrassa\" \/>\n<meta property=\"article:publisher\" content=\"https:\/\/www.facebook.com\/Idermic\" \/>\n<meta property=\"article:published_time\" content=\"2024-11-30T18:33:54+00:00\" \/>\n<meta property=\"article:modified_time\" content=\"2026-06-06T06:55:37+00:00\" \/>\n<meta property=\"og:image\" content=\"https:\/\/www.idermic.es\/wp-content\/uploads\/2024\/12\/Premio-Dr-Talent-2024.jpg\" \/>\n\t<meta property=\"og:image:width\" content=\"1080\" \/>\n\t<meta property=\"og:image:height\" content=\"1350\" \/>\n\t<meta property=\"og:image:type\" content=\"image\/jpeg\" \/>\n<meta name=\"author\" content=\"Clinica\" \/>\n<meta name=\"twitter:card\" content=\"summary_large_image\" \/>\n<meta name=\"twitter:creator\" content=\"@idermic\" \/>\n<meta name=\"twitter:site\" content=\"@idermic\" \/>\n<meta name=\"twitter:label1\" content=\"Escrito por\" \/>\n\t<meta name=\"twitter:data1\" content=\"Clinica\" \/>\n\t<meta name=\"twitter:label2\" content=\"Tiempo de lectura\" \/>\n\t<meta name=\"twitter:data2\" content=\"2 minutos\" \/>\n<script type=\"application\/ld+json\" class=\"yoast-schema-graph\">{\"@context\":\"https:\\\/\\\/schema.org\",\"@graph\":[{\"@type\":\"Article\",\"@id\":\"https:\\\/\\\/www.idermic.es\\\/es\\\/premio-dr-talent-2024\\\/#article\",\"isPartOf\":{\"@id\":\"https:\\\/\\\/www.idermic.es\\\/es\\\/premio-dr-talent-2024\\\/\"},\"author\":{\"name\":\"Clinica\",\"@id\":\"https:\\\/\\\/www.idermic.es\\\/#\\\/schema\\\/person\\\/cc5e001d23d913309bfd3dfafb22ec95\"},\"headline\":\"Premio Dr TALENT 2024\",\"datePublished\":\"2024-11-30T18:33:54+00:00\",\"dateModified\":\"2026-06-06T06:55:37+00:00\",\"mainEntityOfPage\":{\"@id\":\"https:\\\/\\\/www.idermic.es\\\/es\\\/premio-dr-talent-2024\\\/\"},\"wordCount\":1072,\"publisher\":{\"@id\":\"https:\\\/\\\/www.idermic.es\\\/#organization\"},\"image\":{\"@id\":\"https:\\\/\\\/www.idermic.es\\\/es\\\/premio-dr-talent-2024\\\/#primaryimage\"},\"thumbnailUrl\":\"https:\\\/\\\/www.idermic.es\\\/wp-content\\\/uploads\\\/2024\\\/12\\\/Premio-Dr-Talent-2024.jpg\",\"keywords\":[\"Eventos\"],\"articleSection\":[\"Noticias\"],\"inLanguage\":\"es\"},{\"@type\":\"WebPage\",\"@id\":\"https:\\\/\\\/www.idermic.es\\\/es\\\/premio-dr-talent-2024\\\/\",\"url\":\"https:\\\/\\\/www.idermic.es\\\/es\\\/premio-dr-talent-2024\\\/\",\"name\":\"Premio Dr TALENT 2024 - Idermic. Dermatolog\u00eda en Terrassa\",\"isPartOf\":{\"@id\":\"https:\\\/\\\/www.idermic.es\\\/#website\"},\"primaryImageOfPage\":{\"@id\":\"https:\\\/\\\/www.idermic.es\\\/es\\\/premio-dr-talent-2024\\\/#primaryimage\"},\"image\":{\"@id\":\"https:\\\/\\\/www.idermic.es\\\/es\\\/premio-dr-talent-2024\\\/#primaryimage\"},\"thumbnailUrl\":\"https:\\\/\\\/www.idermic.es\\\/wp-content\\\/uploads\\\/2024\\\/12\\\/Premio-Dr-Talent-2024.jpg\",\"datePublished\":\"2024-11-30T18:33:54+00:00\",\"dateModified\":\"2026-06-06T06:55:37+00:00\",\"description\":\"Dra. Marta Vilavella recibe el Premio Dr Talent 2024 al mejor caso cl\u00ednico de medicina est\u00e9tica masculina de Catalu\u00f1a, Baleares y Arag\u00f3n.\",\"breadcrumb\":{\"@id\":\"https:\\\/\\\/www.idermic.es\\\/es\\\/premio-dr-talent-2024\\\/#breadcrumb\"},\"inLanguage\":\"es\",\"potentialAction\":[{\"@type\":\"ReadAction\",\"target\":[\"https:\\\/\\\/www.idermic.es\\\/es\\\/premio-dr-talent-2024\\\/\"]}]},{\"@type\":\"ImageObject\",\"inLanguage\":\"es\",\"@id\":\"https:\\\/\\\/www.idermic.es\\\/es\\\/premio-dr-talent-2024\\\/#primaryimage\",\"url\":\"https:\\\/\\\/www.idermic.es\\\/wp-content\\\/uploads\\\/2024\\\/12\\\/Premio-Dr-Talent-2024.jpg\",\"contentUrl\":\"https:\\\/\\\/www.idermic.es\\\/wp-content\\\/uploads\\\/2024\\\/12\\\/Premio-Dr-Talent-2024.jpg\",\"width\":1080,\"height\":1350,\"caption\":\"Premio Dr Talent 2024. Foto de la Dra. Marta Vilavella\"},{\"@type\":\"BreadcrumbList\",\"@id\":\"https:\\\/\\\/www.idermic.es\\\/es\\\/premio-dr-talent-2024\\\/#breadcrumb\",\"itemListElement\":[{\"@type\":\"ListItem\",\"position\":1,\"name\":\"Inici\",\"item\":\"https:\\\/\\\/www.idermic.es\\\/es\\\/\"},{\"@type\":\"ListItem\",\"position\":2,\"name\":\"Premio Dr TALENT 2024\"}]},{\"@type\":\"WebSite\",\"@id\":\"https:\\\/\\\/www.idermic.es\\\/#website\",\"url\":\"https:\\\/\\\/www.idermic.es\\\/\",\"name\":\"Idermic. Dermatolog\u00eda en Terrassa\",\"description\":\"Dermatolog\u00eda, Medicina est\u00e9tica, Cirurg\u00eda Pl\u00e0stica\",\"publisher\":{\"@id\":\"https:\\\/\\\/www.idermic.es\\\/#organization\"},\"potentialAction\":[{\"@type\":\"SearchAction\",\"target\":{\"@type\":\"EntryPoint\",\"urlTemplate\":\"https:\\\/\\\/www.idermic.es\\\/?s={search_term_string}\"},\"query-input\":{\"@type\":\"PropertyValueSpecification\",\"valueRequired\":true,\"valueName\":\"search_term_string\"}}],\"inLanguage\":\"es\"},{\"@type\":\"Organization\",\"@id\":\"https:\\\/\\\/www.idermic.es\\\/#organization\",\"name\":\"Idermic. Dermatolog\u00eda en Terrassa\",\"url\":\"https:\\\/\\\/www.idermic.es\\\/\",\"logo\":{\"@type\":\"ImageObject\",\"inLanguage\":\"es\",\"@id\":\"https:\\\/\\\/www.idermic.es\\\/#\\\/schema\\\/logo\\\/image\\\/\",\"url\":\"https:\\\/\\\/www.idermic.es\\\/wp-content\\\/uploads\\\/2025\\\/10\\\/Logo-Idermic.jpg\",\"contentUrl\":\"https:\\\/\\\/www.idermic.es\\\/wp-content\\\/uploads\\\/2025\\\/10\\\/Logo-Idermic.jpg\",\"width\":501,\"height\":502,\"caption\":\"Idermic. Dermatolog\u00eda en Terrassa\"},\"image\":{\"@id\":\"https:\\\/\\\/www.idermic.es\\\/#\\\/schema\\\/logo\\\/image\\\/\"},\"sameAs\":[\"https:\\\/\\\/www.facebook.com\\\/Idermic\",\"https:\\\/\\\/x.com\\\/idermic\",\"https:\\\/\\\/www.instagram.com\\\/idermicclinic\\\/\",\"https:\\\/\\\/www.youtube.com\\\/channel\\\/UCyAHC9-p8lc6hr_nguO8p_g\"]},{\"@type\":\"Person\",\"@id\":\"https:\\\/\\\/www.idermic.es\\\/#\\\/schema\\\/person\\\/cc5e001d23d913309bfd3dfafb22ec95\",\"name\":\"Clinica\",\"image\":{\"@type\":\"ImageObject\",\"inLanguage\":\"es\",\"@id\":\"https:\\\/\\\/secure.gravatar.com\\\/avatar\\\/182f7ac821c85b9a9cd58ac64f26c9396c53342ed0006ba8805135223443797e?s=96&d=mm&r=g\",\"url\":\"https:\\\/\\\/secure.gravatar.com\\\/avatar\\\/182f7ac821c85b9a9cd58ac64f26c9396c53342ed0006ba8805135223443797e?s=96&d=mm&r=g\",\"contentUrl\":\"https:\\\/\\\/secure.gravatar.com\\\/avatar\\\/182f7ac821c85b9a9cd58ac64f26c9396c53342ed0006ba8805135223443797e?s=96&d=mm&r=g\",\"caption\":\"Clinica\"}}]}<\/script>\n<!-- \/ Yoast SEO plugin. -->","yoast_head_json":{"title":"Premio Dr TALENT 2024 - Idermic. Dermatolog\u00eda en Terrassa","description":"Dra. Marta Vilavella recibe el Premio Dr Talent 2024 al mejor caso cl\u00ednico de medicina est\u00e9tica masculina de Catalu\u00f1a, Baleares y Arag\u00f3n.","robots":{"index":"index","follow":"follow","max-snippet":"max-snippet:-1","max-image-preview":"max-image-preview:large","max-video-preview":"max-video-preview:-1"},"canonical":"https:\/\/www.idermic.es\/es\/premio-dr-talent-2024\/","og_locale":"es_ES","og_type":"article","og_title":"Premio Dr TALENT 2024 - Idermic. Dermatolog\u00eda en Terrassa","og_description":"Dra. Marta Vilavella recibe el Premio Dr Talent 2024 al mejor caso cl\u00ednico de medicina est\u00e9tica masculina de Catalu\u00f1a, Baleares y Arag\u00f3n.","og_url":"https:\/\/www.idermic.es\/es\/premio-dr-talent-2024\/","og_site_name":"Idermic. Dermatolog\u00eda en Terrassa","article_publisher":"https:\/\/www.facebook.com\/Idermic","article_published_time":"2024-11-30T18:33:54+00:00","article_modified_time":"2026-06-06T06:55:37+00:00","og_image":[{"width":1080,"height":1350,"url":"https:\/\/www.idermic.es\/wp-content\/uploads\/2024\/12\/Premio-Dr-Talent-2024.jpg","type":"image\/jpeg"}],"author":"Clinica","twitter_card":"summary_large_image","twitter_creator":"@idermic","twitter_site":"@idermic","twitter_misc":{"Escrito por":"Clinica","Tiempo de lectura":"2 minutos"},"schema":{"@context":"https:\/\/schema.org","@graph":[{"@type":"Article","@id":"https:\/\/www.idermic.es\/es\/premio-dr-talent-2024\/#article","isPartOf":{"@id":"https:\/\/www.idermic.es\/es\/premio-dr-talent-2024\/"},"author":{"name":"Clinica","@id":"https:\/\/www.idermic.es\/#\/schema\/person\/cc5e001d23d913309bfd3dfafb22ec95"},"headline":"Premio Dr TALENT 2024","datePublished":"2024-11-30T18:33:54+00:00","dateModified":"2026-06-06T06:55:37+00:00","mainEntityOfPage":{"@id":"https:\/\/www.idermic.es\/es\/premio-dr-talent-2024\/"},"wordCount":1072,"publisher":{"@id":"https:\/\/www.idermic.es\/#organization"},"image":{"@id":"https:\/\/www.idermic.es\/es\/premio-dr-talent-2024\/#primaryimage"},"thumbnailUrl":"https:\/\/www.idermic.es\/wp-content\/uploads\/2024\/12\/Premio-Dr-Talent-2024.jpg","keywords":["Eventos"],"articleSection":["Noticias"],"inLanguage":"es"},{"@type":"WebPage","@id":"https:\/\/www.idermic.es\/es\/premio-dr-talent-2024\/","url":"https:\/\/www.idermic.es\/es\/premio-dr-talent-2024\/","name":"Premio Dr TALENT 2024 - Idermic. Dermatolog\u00eda en Terrassa","isPartOf":{"@id":"https:\/\/www.idermic.es\/#website"},"primaryImageOfPage":{"@id":"https:\/\/www.idermic.es\/es\/premio-dr-talent-2024\/#primaryimage"},"image":{"@id":"https:\/\/www.idermic.es\/es\/premio-dr-talent-2024\/#primaryimage"},"thumbnailUrl":"https:\/\/www.idermic.es\/wp-content\/uploads\/2024\/12\/Premio-Dr-Talent-2024.jpg","datePublished":"2024-11-30T18:33:54+00:00","dateModified":"2026-06-06T06:55:37+00:00","description":"Dra. Marta Vilavella recibe el Premio Dr Talent 2024 al mejor caso cl\u00ednico de medicina est\u00e9tica masculina de Catalu\u00f1a, Baleares y Arag\u00f3n.","breadcrumb":{"@id":"https:\/\/www.idermic.es\/es\/premio-dr-talent-2024\/#breadcrumb"},"inLanguage":"es","potentialAction":[{"@type":"ReadAction","target":["https:\/\/www.idermic.es\/es\/premio-dr-talent-2024\/"]}]},{"@type":"ImageObject","inLanguage":"es","@id":"https:\/\/www.idermic.es\/es\/premio-dr-talent-2024\/#primaryimage","url":"https:\/\/www.idermic.es\/wp-content\/uploads\/2024\/12\/Premio-Dr-Talent-2024.jpg","contentUrl":"https:\/\/www.idermic.es\/wp-content\/uploads\/2024\/12\/Premio-Dr-Talent-2024.jpg","width":1080,"height":1350,"caption":"Premio Dr Talent 2024. Foto de la Dra. Marta Vilavella"},{"@type":"BreadcrumbList","@id":"https:\/\/www.idermic.es\/es\/premio-dr-talent-2024\/#breadcrumb","itemListElement":[{"@type":"ListItem","position":1,"name":"Inici","item":"https:\/\/www.idermic.es\/es\/"},{"@type":"ListItem","position":2,"name":"Premio Dr TALENT 2024"}]},{"@type":"WebSite","@id":"https:\/\/www.idermic.es\/#website","url":"https:\/\/www.idermic.es\/","name":"Idermic. Dermatolog\u00eda en Terrassa","description":"Dermatolog\u00eda, Medicina est\u00e9tica, Cirurg\u00eda Pl\u00e0stica","publisher":{"@id":"https:\/\/www.idermic.es\/#organization"},"potentialAction":[{"@type":"SearchAction","target":{"@type":"EntryPoint","urlTemplate":"https:\/\/www.idermic.es\/?s={search_term_string}"},"query-input":{"@type":"PropertyValueSpecification","valueRequired":true,"valueName":"search_term_string"}}],"inLanguage":"es"},{"@type":"Organization","@id":"https:\/\/www.idermic.es\/#organization","name":"Idermic. Dermatolog\u00eda en Terrassa","url":"https:\/\/www.idermic.es\/","logo":{"@type":"ImageObject","inLanguage":"es","@id":"https:\/\/www.idermic.es\/#\/schema\/logo\/image\/","url":"https:\/\/www.idermic.es\/wp-content\/uploads\/2025\/10\/Logo-Idermic.jpg","contentUrl":"https:\/\/www.idermic.es\/wp-content\/uploads\/2025\/10\/Logo-Idermic.jpg","width":501,"height":502,"caption":"Idermic. Dermatolog\u00eda en Terrassa"},"image":{"@id":"https:\/\/www.idermic.es\/#\/schema\/logo\/image\/"},"sameAs":["https:\/\/www.facebook.com\/Idermic","https:\/\/x.com\/idermic","https:\/\/www.instagram.com\/idermicclinic\/","https:\/\/www.youtube.com\/channel\/UCyAHC9-p8lc6hr_nguO8p_g"]},{"@type":"Person","@id":"https:\/\/www.idermic.es\/#\/schema\/person\/cc5e001d23d913309bfd3dfafb22ec95","name":"Clinica","image":{"@type":"ImageObject","inLanguage":"es","@id":"https:\/\/secure.gravatar.com\/avatar\/182f7ac821c85b9a9cd58ac64f26c9396c53342ed0006ba8805135223443797e?s=96&d=mm&r=g","url":"https:\/\/secure.gravatar.com\/avatar\/182f7ac821c85b9a9cd58ac64f26c9396c53342ed0006ba8805135223443797e?s=96&d=mm&r=g","contentUrl":"https:\/\/secure.gravatar.com\/avatar\/182f7ac821c85b9a9cd58ac64f26c9396c53342ed0006ba8805135223443797e?s=96&d=mm&r=g","caption":"Clinica"}}]}},"_links":{"self":[{"href":"https:\/\/www.idermic.es\/es\/wp-json\/wp\/v2\/posts\/6729","targetHints":{"allow":["GET"]}}],"collection":[{"href":"https:\/\/www.idermic.es\/es\/wp-json\/wp\/v2\/posts"}],"about":[{"href":"https:\/\/www.idermic.es\/es\/wp-json\/wp\/v2\/types\/post"}],"author":[{"embeddable":true,"href":"https:\/\/www.idermic.es\/es\/wp-json\/wp\/v2\/users\/2"}],"replies":[{"embeddable":true,"href":"https:\/\/www.idermic.es\/es\/wp-json\/wp\/v2\/comments?post=6729"}],"version-history":[{"count":5,"href":"https:\/\/www.idermic.es\/es\/wp-json\/wp\/v2\/posts\/6729\/revisions"}],"predecessor-version":[{"id":9740,"href":"https:\/\/www.idermic.es\/es\/wp-json\/wp\/v2\/posts\/6729\/revisions\/9740"}],"wp:featuredmedia":[{"embeddable":true,"href":"https:\/\/www.idermic.es\/es\/wp-json\/wp\/v2\/media\/6730"}],"wp:attachment":[{"href":"https:\/\/www.idermic.es\/es\/wp-json\/wp\/v2\/media?parent=6729"}],"wp:term":[{"taxonomy":"category","embeddable":true,"href":"https:\/\/www.idermic.es\/es\/wp-json\/wp\/v2\/categories?post=6729"},{"taxonomy":"post_tag","embeddable":true,"href":"https:\/\/www.idermic.es\/es\/wp-json\/wp\/v2\/tags?post=6729"}],"curies":[{"name":"wp","href":"https:\/\/api.w.org\/{rel}","templated":true}]}}