{"id":6683,"date":"2024-12-14T19:35:23","date_gmt":"2024-12-14T19:35:23","guid":{"rendered":"https:\/\/www.idermic.es\/?p=6683"},"modified":"2026-05-26T09:50:48","modified_gmt":"2026-05-26T09:50:48","slug":"blefaroplastia-con-laser-co2","status":"publish","type":"post","link":"https:\/\/www.idermic.es\/es\/blefaroplastia-con-laser-co2\/","title":{"rendered":"Blefaroplastia con l\u00e1ser CO2"},"content":{"rendered":"<p><div class=\"fusion-fullwidth fullwidth-box fusion-builder-row-1 nonhundred-percent-fullwidth non-hundred-percent-height-scrolling\" style=\"--awb-border-radius-top-left:0px;--awb-border-radius-top-right:0px;--awb-border-radius-bottom-right:0px;--awb-border-radius-bottom-left:0px;--awb-flex-wrap:wrap;\" ><div class=\"fusion-builder-row fusion-row\"><div class=\"fusion-layout-column fusion_builder_column fusion-builder-column-0 fusion_builder_column_1_1 1_1 fusion-one-full fusion-column-first fusion-column-last\" style=\"--awb-bg-size:cover;\"><div class=\"fusion-column-wrapper fusion-flex-column-wrapper-legacy\"><div class=\"fusion-text fusion-text-1\"><h1 style=\"text-align: center;\">Blefaroplastia con l\u00e1ser Co2<\/h1>\n<\/div><div class=\"fusion-clearfix\"><\/div><\/div><\/div><\/div><\/div><div class=\"fusion-fullwidth fullwidth-box fusion-builder-row-2 nonhundred-percent-fullwidth non-hundred-percent-height-scrolling\" style=\"--awb-border-radius-top-left:0px;--awb-border-radius-top-right:0px;--awb-border-radius-bottom-right:0px;--awb-border-radius-bottom-left:0px;--awb-flex-wrap:wrap;\" ><div class=\"fusion-builder-row fusion-row\"><div class=\"fusion-layout-column fusion_builder_column fusion-builder-column-1 fusion_builder_column_2_3 2_3 fusion-two-third fusion-column-first\" style=\"--awb-bg-size:cover;width:66.666666666667%;width:calc(66.666666666667% - ( ( 4% ) * 0.66666666666667 ) );margin-right: 4%;\"><div class=\"fusion-column-wrapper fusion-flex-column-wrapper-legacy\"><div class=\"fusion-text fusion-text-2\"><p><span style=\"color: #0d0d0d; font-family: 'Segoe UI Variable Text', ui-sans-serif, -apple-system, system-ui, 'Segoe UI', Helvetica, 'Apple Color Emoji', Arial, sans-serif, 'Segoe UI Emoji', 'Segoe UI Symbol'; font-size: 14px; font-style: normal; font-variant-ligatures: normal; font-variant-caps: normal; font-weight: 400; letter-spacing: normal; orphans: 2; text-align: start; text-indent: 0px; text-transform: none; widows: 2; word-spacing: 0px; -webkit-text-stroke-width: 0px; white-space: normal; background-color: #ffffff; text-decoration-thickness: initial; text-decoration-style: initial; text-decoration-color: initial; display: inline !important; float: none;\">En la Cl\u00ednica Idermic, tu <a href=\"https:\/\/www.idermic.es\/\">dermat\u00f3logo en Terrassa<\/a>, ofrecemos soluciones avanzadas para rejuvenecer tu mirada sin necesidad de cirug\u00eda. Con la <strong>blefaroplastia <a href=\"https:\/\/www.idermic.es\/es\/laser-de-co2-en-dermatologia-el-dermatologo-te-explica-sus-aplicaciones\/\">l\u00e1ser de CO2<\/a><\/strong>, logramos resultados sorprendentes en tan solo una sesi\u00f3n, eliminando los signos de cansancio y mejorando la firmeza de los p\u00e1rpados de manera segura y efectiva. Descubre c\u00f3mo este procedimiento m\u00ednimamente invasivo puede ayudarte a recuperar la confianza en tu apariencia.<\/span><\/p>\n<\/div><div class=\"fusion-clearfix\"><\/div><\/div><\/div><div class=\"fusion-layout-column fusion_builder_column fusion-builder-column-2 fusion_builder_column_1_3 1_3 fusion-one-third fusion-column-last\" style=\"--awb-bg-size:cover;width:33.333333333333%;width:calc(33.333333333333% - ( ( 4% ) * 0.33333333333333 ) );\"><div class=\"fusion-column-wrapper fusion-flex-column-wrapper-legacy\"><div class=\"fusion-image-element in-legacy-container\" style=\"--awb-caption-title-font-family:var(--h2_typography-font-family);--awb-caption-title-font-weight:var(--h2_typography-font-weight);--awb-caption-title-font-style:var(--h2_typography-font-style);--awb-caption-title-size:var(--h2_typography-font-size);--awb-caption-title-transform:var(--h2_typography-text-transform);--awb-caption-title-line-height:var(--h2_typography-line-height);--awb-caption-title-letter-spacing:var(--h2_typography-letter-spacing);\"><span class=\" fusion-imageframe imageframe-none imageframe-1 hover-type-none\"><img decoding=\"async\" width=\"234\" height=\"300\" alt=\"Blefaroplastia con l\u00e1ser CO2. Resultados a los 7 d\u00edas\" title=\"Blefaroplastia con l\u00e1ser CO2\" src=\"https:\/\/www.idermic.es\/wp-content\/uploads\/2024\/12\/Blefaroplastia-con-laser-CO2-234x300.jpg\" class=\"img-responsive wp-image-6686\" srcset=\"https:\/\/www.idermic.es\/wp-content\/uploads\/2024\/12\/Blefaroplastia-con-laser-CO2-200x256.jpg 200w, https:\/\/www.idermic.es\/wp-content\/uploads\/2024\/12\/Blefaroplastia-con-laser-CO2-400x513.jpg 400w, https:\/\/www.idermic.es\/wp-content\/uploads\/2024\/12\/Blefaroplastia-con-laser-CO2.jpg 468w\" sizes=\"(max-width: 800px) 100vw, 234px\" \/><\/span><\/div><div class=\"fusion-clearfix\"><\/div><\/div><\/div><\/div><\/div><div class=\"fusion-fullwidth fullwidth-box fusion-builder-row-3 nonhundred-percent-fullwidth non-hundred-percent-height-scrolling\" style=\"--awb-border-radius-top-left:0px;--awb-border-radius-top-right:0px;--awb-border-radius-bottom-right:0px;--awb-border-radius-bottom-left:0px;--awb-margin-top:32px;--awb-margin-bottom:32px;--awb-flex-wrap:wrap;\" ><div class=\"fusion-builder-row fusion-row\"><div class=\"fusion-layout-column fusion_builder_column fusion-builder-column-3 fusion_builder_column_1_1 1_1 fusion-one-full fusion-column-first fusion-column-last\" style=\"--awb-bg-size:cover;\"><div class=\"fusion-column-wrapper fusion-flex-column-wrapper-legacy\"><div class=\"fusion-text fusion-text-3\"><h2 style=\"border: 0px solid #e3e3e3; box-sizing: border-box; --tw-border-spacing-x: 0; --tw-border-spacing-y: 0; --tw-translate-x: 0; --tw-translate-y: 0; --tw-rotate: 0; --tw-skew-x: 0; --tw-skew-y: 0; --tw-scale-x: 1; --tw-scale-y: 1; --tw-scroll-snap-strictness: proximity; --tw-ring-offset-width: 0px; --tw-ring-offset-color: #fff; --tw-ring-color: rgba(69,89,164,.5); --tw-ring-offset-shadow: 0 0 #0000; --tw-ring-shadow: 0 0 #0000; --tw-shadow: 0 0 #0000; --tw-shadow-colored: 0 0 #0000; scrollbar-color: var(--main-surface-tertiary) transparent; font-size: 1.25em; font-weight: 600; margin: 1rem 0px 0.5rem; line-height: 1.6; color: #0d0d0d; font-family: 'Segoe UI Variable Text', ui-sans-serif, -apple-system, system-ui, 'Segoe UI', Helvetica, 'Apple Color Emoji', Arial, sans-serif, 'Segoe UI Emoji', 'Segoe UI Symbol'; font-style: normal; font-variant-ligatures: normal; font-variant-caps: normal; letter-spacing: normal; orphans: 2; text-align: start; text-indent: 0px; text-transform: none; widows: 2; word-spacing: 0px; -webkit-text-stroke-width: 0px; white-space: normal; background-color: #ffffff; text-decoration-thickness: initial; text-decoration-style: initial; text-decoration-color: initial;\">Blefaroplastia con l\u00e1ser CO2: Rejuvenece tu mirada en una sola sesi\u00f3n<\/h2>\n<p style=\"border: 0px solid #e3e3e3; box-sizing: border-box; --tw-border-spacing-x: 0; --tw-border-spacing-y: 0; --tw-translate-x: 0; --tw-translate-y: 0; --tw-rotate: 0; --tw-skew-x: 0; --tw-skew-y: 0; --tw-scale-x: 1; --tw-scale-y: 1; --tw-scroll-snap-strictness: proximity; --tw-ring-offset-width: 0px; --tw-ring-offset-color: #fff; --tw-ring-color: rgba(69,89,164,.5); --tw-ring-offset-shadow: 0 0 #0000; --tw-ring-shadow: 0 0 #0000; --tw-shadow: 0 0 #0000; --tw-shadow-colored: 0 0 #0000; scrollbar-color: var(--main-surface-tertiary) transparent; margin: 0.5rem 0px; color: #0d0d0d; font-family: 'Segoe UI Variable Text', ui-sans-serif, -apple-system, system-ui, 'Segoe UI', Helvetica, 'Apple Color Emoji', Arial, sans-serif, 'Segoe UI Emoji', 'Segoe UI Symbol'; font-size: 14px; font-style: normal; font-variant-ligatures: normal; font-variant-caps: normal; font-weight: 400; letter-spacing: normal; orphans: 2; text-align: start; text-indent: 0px; text-transform: none; widows: 2; word-spacing: 0px; -webkit-text-stroke-width: 0px; white-space: normal; background-color: #ffffff; text-decoration-thickness: initial; text-decoration-style: initial; text-decoration-color: initial;\">La blefaroplastia con l\u00e1ser CO2 es una t\u00e9cnica innovadora que permite mejorar el aspecto de los p\u00e1rpados sin necesidad de recurrir a una intervenci\u00f3n quir\u00fargica. En la Cl\u00ednica Idermic de Terrassa, utilizamos este procedimiento para tratar los signos de envejecimiento en la piel de los p\u00e1rpados, como la flacidez o las arrugas, ofreciendo a nuestros pacientes una alternativa segura, r\u00e1pida y con resultados visibles en pocos d\u00edas.<\/p>\n<p style=\"border: 0px solid #e3e3e3; box-sizing: border-box; --tw-border-spacing-x: 0; --tw-border-spacing-y: 0; --tw-translate-x: 0; --tw-translate-y: 0; --tw-rotate: 0; --tw-skew-x: 0; --tw-skew-y: 0; --tw-scale-x: 1; --tw-scale-y: 1; --tw-scroll-snap-strictness: proximity; --tw-ring-offset-width: 0px; --tw-ring-offset-color: #fff; --tw-ring-color: rgba(69,89,164,.5); --tw-ring-offset-shadow: 0 0 #0000; --tw-ring-shadow: 0 0 #0000; --tw-shadow: 0 0 #0000; --tw-shadow-colored: 0 0 #0000; scrollbar-color: var(--main-surface-tertiary) transparent; font-size: 14px; font-weight: 600; margin: 1rem 0px 0.5rem; color: #0d0d0d; line-height: 1.5; font-family: 'Segoe UI Variable Text', ui-sans-serif, -apple-system, system-ui, 'Segoe UI', Helvetica, 'Apple Color Emoji', Arial, sans-serif, 'Segoe UI Emoji', 'Segoe UI Symbol'; font-style: normal; font-variant-ligatures: normal; font-variant-caps: normal; letter-spacing: normal; orphans: 2; text-align: start; text-indent: 0px; text-transform: none; widows: 2; word-spacing: 0px; -webkit-text-stroke-width: 0px; white-space: normal; background-color: #ffffff; text-decoration-thickness: initial; text-decoration-style: initial; text-decoration-color: initial;\"><strong>\u00bfC\u00f3mo funciona el procedimiento?<\/strong><\/p>\n<p style=\"border: 0px solid #e3e3e3; box-sizing: border-box; --tw-border-spacing-x: 0; --tw-border-spacing-y: 0; --tw-translate-x: 0; --tw-translate-y: 0; --tw-rotate: 0; --tw-skew-x: 0; --tw-skew-y: 0; --tw-scale-x: 1; --tw-scale-y: 1; --tw-scroll-snap-strictness: proximity; --tw-ring-offset-width: 0px; --tw-ring-offset-color: #fff; --tw-ring-color: rgba(69,89,164,.5); --tw-ring-offset-shadow: 0 0 #0000; --tw-ring-shadow: 0 0 #0000; --tw-shadow: 0 0 #0000; --tw-shadow-colored: 0 0 #0000; scrollbar-color: var(--main-surface-tertiary) transparent; margin: 0.5rem 0px; color: #0d0d0d; font-family: 'Segoe UI Variable Text', ui-sans-serif, -apple-system, system-ui, 'Segoe UI', Helvetica, 'Apple Color Emoji', Arial, sans-serif, 'Segoe UI Emoji', 'Segoe UI Symbol'; font-size: 14px; font-style: normal; font-variant-ligatures: normal; font-variant-caps: normal; font-weight: 400; letter-spacing: normal; orphans: 2; text-align: start; text-indent: 0px; text-transform: none; widows: 2; word-spacing: 0px; -webkit-text-stroke-width: 0px; white-space: normal; background-color: #ffffff; text-decoration-thickness: initial; text-decoration-style: initial; text-decoration-color: initial;\">La sesi\u00f3n de blefaroplastia con l\u00e1ser CO2 se realiza de manera ambulatoria en nuestras instalaciones, asegurando la m\u00e1xima comodidad para el paciente. Antes de comenzar, aplicamos una crema anest\u00e9sica y administramos anestesia local para minimizar cualquier molestia durante el tratamiento, que tiene una duraci\u00f3n aproximada de 20 a 25 minutos.<\/p>\n<p style=\"border: 0px solid #e3e3e3; box-sizing: border-box; --tw-border-spacing-x: 0; --tw-border-spacing-y: 0; --tw-translate-x: 0; --tw-translate-y: 0; --tw-rotate: 0; --tw-skew-x: 0; --tw-skew-y: 0; --tw-scale-x: 1; --tw-scale-y: 1; --tw-scroll-snap-strictness: proximity; --tw-ring-offset-width: 0px; --tw-ring-offset-color: #fff; --tw-ring-color: rgba(69,89,164,.5); --tw-ring-offset-shadow: 0 0 #0000; --tw-ring-shadow: 0 0 #0000; --tw-shadow: 0 0 #0000; --tw-shadow-colored: 0 0 #0000; scrollbar-color: var(--main-surface-tertiary) transparent; margin: 0.5rem 0px; color: #0d0d0d; font-family: 'Segoe UI Variable Text', ui-sans-serif, -apple-system, system-ui, 'Segoe UI', Helvetica, 'Apple Color Emoji', Arial, sans-serif, 'Segoe UI Emoji', 'Segoe UI Symbol'; font-size: 14px; font-style: normal; font-variant-ligatures: normal; font-variant-caps: normal; font-weight: 400; letter-spacing: normal; orphans: 2; text-align: start; text-indent: 0px; text-transform: none; widows: 2; word-spacing: 0px; -webkit-text-stroke-width: 0px; white-space: normal; background-color: #ffffff; text-decoration-thickness: initial; text-decoration-style: initial; text-decoration-color: initial;\">El l\u00e1ser fraccionado de CO2 act\u00faa directamente sobre la piel de los p\u00e1rpados, estimulando la producci\u00f3n de col\u00e1geno y mejorando la textura y firmeza de la zona. Este m\u00e9todo permite una regeneraci\u00f3n cut\u00e1nea precisa, sin da\u00f1ar los tejidos circundantes, logrando resultados naturales y armoniosos.<\/p>\n<p style=\"border: 0px solid #e3e3e3; box-sizing: border-box; --tw-border-spacing-x: 0; --tw-border-spacing-y: 0; --tw-translate-x: 0; --tw-translate-y: 0; --tw-rotate: 0; --tw-skew-x: 0; --tw-skew-y: 0; --tw-scale-x: 1; --tw-scale-y: 1; --tw-scroll-snap-strictness: proximity; --tw-ring-offset-width: 0px; --tw-ring-offset-color: #fff; --tw-ring-color: rgba(69,89,164,.5); --tw-ring-offset-shadow: 0 0 #0000; --tw-ring-shadow: 0 0 #0000; --tw-shadow: 0 0 #0000; --tw-shadow-colored: 0 0 #0000; scrollbar-color: var(--main-surface-tertiary) transparent; font-size: 14px; font-weight: 600; margin: 1rem 0px 0.5rem; color: #0d0d0d; line-height: 1.5; font-family: 'Segoe UI Variable Text', ui-sans-serif, -apple-system, system-ui, 'Segoe UI', Helvetica, 'Apple Color Emoji', Arial, sans-serif, 'Segoe UI Emoji', 'Segoe UI Symbol'; font-style: normal; font-variant-ligatures: normal; font-variant-caps: normal; letter-spacing: normal; orphans: 2; text-align: start; text-indent: 0px; text-transform: none; widows: 2; word-spacing: 0px; -webkit-text-stroke-width: 0px; white-space: normal; background-color: #ffffff; text-decoration-thickness: initial; text-decoration-style: initial; text-decoration-color: initial;\"><strong>Recuperaci\u00f3n y cuidados posteriores<\/strong><\/p>\n<p style=\"border: 0px solid #e3e3e3; box-sizing: border-box; --tw-border-spacing-x: 0; --tw-border-spacing-y: 0; --tw-translate-x: 0; --tw-translate-y: 0; --tw-rotate: 0; --tw-skew-x: 0; --tw-skew-y: 0; --tw-scale-x: 1; --tw-scale-y: 1; --tw-scroll-snap-strictness: proximity; --tw-ring-offset-width: 0px; --tw-ring-offset-color: #fff; --tw-ring-color: rgba(69,89,164,.5); --tw-ring-offset-shadow: 0 0 #0000; --tw-ring-shadow: 0 0 #0000; --tw-shadow: 0 0 #0000; --tw-shadow-colored: 0 0 #0000; scrollbar-color: var(--main-surface-tertiary) transparent; margin: 0.5rem 0px; color: #0d0d0d; font-family: 'Segoe UI Variable Text', ui-sans-serif, -apple-system, system-ui, 'Segoe UI', Helvetica, 'Apple Color Emoji', Arial, sans-serif, 'Segoe UI Emoji', 'Segoe UI Symbol'; font-size: 14px; font-style: normal; font-variant-ligatures: normal; font-variant-caps: normal; font-weight: 400; letter-spacing: normal; orphans: 2; text-align: start; text-indent: 0px; text-transform: none; widows: 2; word-spacing: 0px; -webkit-text-stroke-width: 0px; white-space: normal; background-color: #ffffff; text-decoration-thickness: initial; text-decoration-style: initial; text-decoration-color: initial;\">Tras la sesi\u00f3n, es normal que el paciente experimente la aparici\u00f3n de peque\u00f1as costras durante los primeros 3 a 5 d\u00edas, as\u00ed como un leve enrojecimiento (eritema) que puede persistir hasta un par de meses. Este enrojecimiento es f\u00e1cil de disimular con un fotoprotector con color, que no solo cubre las imperfecciones, sino que tambi\u00e9n protege la piel durante el proceso de recuperaci\u00f3n.<\/p>\n<p style=\"border: 0px solid #e3e3e3; box-sizing: border-box; --tw-border-spacing-x: 0; --tw-border-spacing-y: 0; --tw-translate-x: 0; --tw-translate-y: 0; --tw-rotate: 0; --tw-skew-x: 0; --tw-skew-y: 0; --tw-scale-x: 1; --tw-scale-y: 1; --tw-scroll-snap-strictness: proximity; --tw-ring-offset-width: 0px; --tw-ring-offset-color: #fff; --tw-ring-color: rgba(69,89,164,.5); --tw-ring-offset-shadow: 0 0 #0000; --tw-ring-shadow: 0 0 #0000; --tw-shadow: 0 0 #0000; --tw-shadow-colored: 0 0 #0000; scrollbar-color: var(--main-surface-tertiary) transparent; margin: 0.5rem 0px; color: #0d0d0d; font-family: 'Segoe UI Variable Text', ui-sans-serif, -apple-system, system-ui, 'Segoe UI', Helvetica, 'Apple Color Emoji', Arial, sans-serif, 'Segoe UI Emoji', 'Segoe UI Symbol'; font-size: 14px; font-style: normal; font-variant-ligatures: normal; font-variant-caps: normal; font-weight: 400; letter-spacing: normal; orphans: 2; text-align: start; text-indent: 0px; text-transform: none; widows: 2; word-spacing: 0px; -webkit-text-stroke-width: 0px; white-space: normal; background-color: #ffffff; text-decoration-thickness: initial; text-decoration-style: initial; text-decoration-color: initial;\">Es importante seguir las indicaciones de nuestro equipo m\u00e9dico para garantizar una recuperaci\u00f3n \u00f3ptima y evitar complicaciones. Por ello, recomendamos realizar este procedimiento preferentemente en oto\u00f1o e invierno, cuando la exposici\u00f3n solar es menor y el riesgo de hiperpigmentaci\u00f3n se reduce significativamente.<\/p>\n<p style=\"border: 0px solid #e3e3e3; box-sizing: border-box; --tw-border-spacing-x: 0; --tw-border-spacing-y: 0; --tw-translate-x: 0; --tw-translate-y: 0; --tw-rotate: 0; --tw-skew-x: 0; --tw-skew-y: 0; --tw-scale-x: 1; --tw-scale-y: 1; --tw-scroll-snap-strictness: proximity; --tw-ring-offset-width: 0px; --tw-ring-offset-color: #fff; --tw-ring-color: rgba(69,89,164,.5); --tw-ring-offset-shadow: 0 0 #0000; --tw-ring-shadow: 0 0 #0000; --tw-shadow: 0 0 #0000; --tw-shadow-colored: 0 0 #0000; scrollbar-color: var(--main-surface-tertiary) transparent; font-size: 14px; font-weight: 600; margin: 1rem 0px 0.5rem; color: #0d0d0d; line-height: 1.5; font-family: 'Segoe UI Variable Text', ui-sans-serif, -apple-system, system-ui, 'Segoe UI', Helvetica, 'Apple Color Emoji', Arial, sans-serif, 'Segoe UI Emoji', 'Segoe UI Symbol'; font-style: normal; font-variant-ligatures: normal; font-variant-caps: normal; letter-spacing: normal; orphans: 2; text-align: start; text-indent: 0px; text-transform: none; widows: 2; word-spacing: 0px; -webkit-text-stroke-width: 0px; white-space: normal; background-color: #ffffff; text-decoration-thickness: initial; text-decoration-style: initial; text-decoration-color: initial;\"><strong>Resultados visibles en poco tiempo<\/strong><\/p>\n<p style=\"border: 0px solid #e3e3e3; box-sizing: border-box; --tw-border-spacing-x: 0; --tw-border-spacing-y: 0; --tw-translate-x: 0; --tw-translate-y: 0; --tw-rotate: 0; --tw-skew-x: 0; --tw-skew-y: 0; --tw-scale-x: 1; --tw-scale-y: 1; --tw-scroll-snap-strictness: proximity; --tw-ring-offset-width: 0px; --tw-ring-offset-color: #fff; --tw-ring-color: rgba(69,89,164,.5); --tw-ring-offset-shadow: 0 0 #0000; --tw-ring-shadow: 0 0 #0000; --tw-shadow: 0 0 #0000; --tw-shadow-colored: 0 0 #0000; scrollbar-color: var(--main-surface-tertiary) transparent; margin: 0.5rem 0px; color: #0d0d0d; font-family: 'Segoe UI Variable Text', ui-sans-serif, -apple-system, system-ui, 'Segoe UI', Helvetica, 'Apple Color Emoji', Arial, sans-serif, 'Segoe UI Emoji', 'Segoe UI Symbol'; font-size: 14px; font-style: normal; font-variant-ligatures: normal; font-variant-caps: normal; font-weight: 400; letter-spacing: normal; orphans: 2; text-align: start; text-indent: 0px; text-transform: none; widows: 2; word-spacing: 0px; -webkit-text-stroke-width: 0px; white-space: normal; background-color: #ffffff; text-decoration-thickness: initial; text-decoration-style: initial; text-decoration-color: initial;\">Una de las principales ventajas de la blefaroplastia con l\u00e1ser CO2 es que sus resultados son visibles en tan solo siete d\u00edas, como lo demuestran los casos que hemos tratado en la Cl\u00ednica Idermic. La piel de los p\u00e1rpados se ve m\u00e1s firme y rejuvenecida, devolviendo una mirada fresca y descansada.<\/p>\n<p style=\"border: 0px solid #e3e3e3; box-sizing: border-box; --tw-border-spacing-x: 0; --tw-border-spacing-y: 0; --tw-translate-x: 0; --tw-translate-y: 0; --tw-rotate: 0; --tw-skew-x: 0; --tw-skew-y: 0; --tw-scale-x: 1; --tw-scale-y: 1; --tw-scroll-snap-strictness: proximity; --tw-ring-offset-width: 0px; --tw-ring-offset-color: #fff; --tw-ring-color: rgba(69,89,164,.5); --tw-ring-offset-shadow: 0 0 #0000; --tw-ring-shadow: 0 0 #0000; --tw-shadow: 0 0 #0000; --tw-shadow-colored: 0 0 #0000; scrollbar-color: var(--main-surface-tertiary) transparent; font-size: 14px; font-weight: 600; margin: 1rem 0px 0.5rem; color: #0d0d0d; line-height: 1.5; font-family: 'Segoe UI Variable Text', ui-sans-serif, -apple-system, system-ui, 'Segoe UI', Helvetica, 'Apple Color Emoji', Arial, sans-serif, 'Segoe UI Emoji', 'Segoe UI Symbol'; font-style: normal; font-variant-ligatures: normal; font-variant-caps: normal; letter-spacing: normal; orphans: 2; text-align: start; text-indent: 0px; text-transform: none; widows: 2; word-spacing: 0px; -webkit-text-stroke-width: 0px; white-space: normal; background-color: #ffffff; text-decoration-thickness: initial; text-decoration-style: initial; text-decoration-color: initial;\"><strong>\u00bfEs el tratamiento adecuado para ti?<\/strong><\/p>\n<p style=\"border: 0px solid #e3e3e3; box-sizing: border-box; --tw-border-spacing-x: 0; --tw-border-spacing-y: 0; --tw-translate-x: 0; --tw-translate-y: 0; --tw-rotate: 0; --tw-skew-x: 0; --tw-skew-y: 0; --tw-scale-x: 1; --tw-scale-y: 1; --tw-scroll-snap-strictness: proximity; --tw-ring-offset-width: 0px; --tw-ring-offset-color: #fff; --tw-ring-color: rgba(69,89,164,.5); --tw-ring-offset-shadow: 0 0 #0000; --tw-ring-shadow: 0 0 #0000; --tw-shadow: 0 0 #0000; --tw-shadow-colored: 0 0 #0000; scrollbar-color: var(--main-surface-tertiary) transparent; margin: 0.5rem 0px; color: #0d0d0d; font-family: 'Segoe UI Variable Text', ui-sans-serif, -apple-system, system-ui, 'Segoe UI', Helvetica, 'Apple Color Emoji', Arial, sans-serif, 'Segoe UI Emoji', 'Segoe UI Symbol'; font-size: 14px; font-style: normal; font-variant-ligatures: normal; font-variant-caps: normal; font-weight: 400; letter-spacing: normal; orphans: 2; text-align: start; text-indent: 0px; text-transform: none; widows: 2; word-spacing: 0px; -webkit-text-stroke-width: 0px; white-space: normal; background-color: #ffffff; text-decoration-thickness: initial; text-decoration-style: initial; text-decoration-color: initial;\">Este procedimiento es ideal para personas que desean mejorar el aspecto de sus p\u00e1rpados sin someterse a cirug\u00eda. Sin embargo, cada caso es \u00fanico, por lo que te invitamos a concertar una consulta con nuestros especialistas en dermatolog\u00eda para evaluar tus necesidades y determinar el mejor tratamiento para ti.<\/p>\n<p style=\"border: 0px solid #e3e3e3; box-sizing: border-box; --tw-border-spacing-x: 0; --tw-border-spacing-y: 0; --tw-translate-x: 0; --tw-translate-y: 0; --tw-rotate: 0; --tw-skew-x: 0; --tw-skew-y: 0; --tw-scale-x: 1; --tw-scale-y: 1; --tw-scroll-snap-strictness: proximity; --tw-ring-offset-width: 0px; --tw-ring-offset-color: #fff; --tw-ring-color: rgba(69,89,164,.5); --tw-ring-offset-shadow: 0 0 #0000; --tw-ring-shadow: 0 0 #0000; --tw-shadow: 0 0 #0000; --tw-shadow-colored: 0 0 #0000; scrollbar-color: var(--main-surface-tertiary) transparent; margin: 0.5rem 0px; color: #0d0d0d; font-family: 'Segoe UI Variable Text', ui-sans-serif, -apple-system, system-ui, 'Segoe UI', Helvetica, 'Apple Color Emoji', Arial, sans-serif, 'Segoe UI Emoji', 'Segoe UI Symbol'; font-size: 14px; font-style: normal; font-variant-ligatures: normal; font-variant-caps: normal; font-weight: 400; letter-spacing: normal; orphans: 2; text-align: start; text-indent: 0px; text-transform: none; widows: 2; word-spacing: 0px; -webkit-text-stroke-width: 0px; white-space: normal; background-color: #ffffff; text-decoration-thickness: initial; text-decoration-style: initial; text-decoration-color: initial;\">En la Cl\u00ednica Idermic de Terrassa, combinamos tecnolog\u00eda de vanguardia con un trato personalizado para ayudarte a alcanzar tus objetivos est\u00e9ticos de forma segura y eficaz. \u00a1Reserva tu cita hoy y da el primer paso hacia una mirada rejuvenecida y radiante!<\/p>\n<\/div><div class=\"fusion-clearfix\"><\/div><\/div><\/div><\/div><div class=\"fusion-builder-row fusion-row\"><\/div><\/div><div class=\"fusion-fullwidth fullwidth-box fusion-builder-row-4 nonhundred-percent-fullwidth non-hundred-percent-height-scrolling\" style=\"--awb-border-radius-top-left:0px;--awb-border-radius-top-right:0px;--awb-border-radius-bottom-right:0px;--awb-border-radius-bottom-left:0px;--awb-flex-wrap:wrap;\" ><div class=\"fusion-builder-row fusion-row\"><div class=\"fusion-layout-column fusion_builder_column fusion-builder-column-4 fusion_builder_column_1_1 1_1 fusion-one-full fusion-column-first fusion-column-last\" style=\"--awb-bg-size:cover;\"><div class=\"fusion-column-wrapper fusion-flex-column-wrapper-legacy\"><a class=\"fusion-modal-text-link\" href=\"#\">\n<blockquote class=\"instagram-media\" style=\"background: #FFF; border: 0; border-radius: 3px; box-shadow: 0 0 1px 0 rgba(0,0,0,0.5),0 1px 10px 0 rgba(0,0,0,0.15); margin: 1px; max-width: 540px; min-width: 326px; padding: 0; width: calc(100% - 2px);\" data-instgrm-captioned=\"\" data-instgrm-permalink=\"https:\/\/www.instagram.com\/reel\/DDW5_atoLGo\/?utm_source=ig_embed&amp;utm_campaign=loading\" data-instgrm-version=\"14\">\n<div style=\"padding: 16px;\">\n<p>&nbsp;<\/p>\n<div style=\"display: flex; flex-direction: row; align-items: center;\">\n<div style=\"background-color: #f4f4f4; border-radius: 50%; flex-grow: 0; height: 40px; margin-right: 14px; width: 40px;\"><\/div>\n<div style=\"display: flex; flex-direction: column; flex-grow: 1; justify-content: center;\">\n<div style=\"background-color: #f4f4f4; border-radius: 4px; flex-grow: 0; height: 14px; margin-bottom: 6px; width: 100px;\"><\/div>\n<div style=\"background-color: #f4f4f4; border-radius: 4px; flex-grow: 0; height: 14px; width: 60px;\"><\/div>\n<\/div>\n<\/div>\n<div style=\"padding: 19% 0;\"><\/div>\n<div style=\"display: block; height: 50px; margin: 0 auto 12px; width: 50px;\"><\/div>\n<div style=\"padding-top: 8px;\">\n<div style=\"color: #3897f0; font-family: Arial,sans-serif; font-size: 14px; font-style: normal; font-weight: 550; line-height: 18px;\">Ver esta publicaci\u00f3n en Instagram<\/div>\n<\/div>\n<div style=\"padding: 12.5% 0;\"><\/div>\n<div style=\"display: flex; flex-direction: row; margin-bottom: 14px; align-items: center;\">\n<div>\n<div style=\"background-color: #f4f4f4; border-radius: 50%; height: 12.5px; width: 12.5px; transform: translateX(0px) translateY(7px);\"><\/div>\n<div style=\"background-color: #f4f4f4; height: 12.5px; transform: rotate(-45deg) translateX(3px) translateY(1px); width: 12.5px; flex-grow: 0; margin-right: 14px; margin-left: 2px;\"><\/div>\n<div style=\"background-color: #f4f4f4; border-radius: 50%; height: 12.5px; width: 12.5px; transform: translateX(9px) translateY(-18px);\"><\/div>\n<\/div>\n<div style=\"margin-left: 8px;\">\n<div style=\"background-color: #f4f4f4; border-radius: 50%; flex-grow: 0; height: 20px; width: 20px;\"><\/div>\n<div style=\"width: 0; height: 0; border-top: 2px solid transparent; border-left: 6px solid #f4f4f4; border-bottom: 2px solid transparent; transform: translateX(16px) translateY(-4px) rotate(30deg);\"><\/div>\n<\/div>\n<div style=\"margin-left: auto;\">\n<div style=\"width: 0px; border-top: 8px solid #F4F4F4; border-right: 8px solid transparent; transform: translateY(16px);\"><\/div>\n<div style=\"background-color: #f4f4f4; flex-grow: 0; height: 12px; width: 16px; transform: translateY(-4px);\"><\/div>\n<div style=\"width: 0; height: 0; border-top: 8px solid #F4F4F4; border-left: 8px solid transparent; transform: translateY(-4px) translateX(8px);\"><\/div>\n<\/div>\n<\/div>\n<div style=\"display: flex; flex-direction: column; flex-grow: 1; justify-content: center; margin-bottom: 24px;\">\n<div style=\"background-color: #f4f4f4; border-radius: 4px; flex-grow: 0; height: 14px; margin-bottom: 6px; width: 224px;\"><\/div>\n<div style=\"background-color: #f4f4f4; border-radius: 4px; flex-grow: 0; height: 14px; width: 144px;\"><\/div>\n<\/div>\n<p>&nbsp;<\/p>\n<p style=\"color: #c9c8cd; font-family: Arial,sans-serif; font-size: 14px; line-height: 17px; margin-bottom: 0; margin-top: 8px; overflow: hidden; padding: 8px 0 7px; text-align: center; text-overflow: ellipsis; white-space: nowrap;\"><a style=\"color: #c9c8cd; font-family: Arial,sans-serif; font-size: 14px; font-style: normal; font-weight: normal; line-height: 17px; text-decoration: none;\" href=\"https:\/\/www.instagram.com\/reel\/DDW5_atoLGo\/?utm_source=ig_embed&amp;utm_campaign=loading\" target=\"_blank\" rel=\"noopener\">Una publicaci\u00f3n compartida de Dermatolog\u00eda m\u00e9dica y est\u00e9tica (@idermicclinic)<\/a><\/p>\n<\/div>\n<\/blockquote>\n<p><script async src=\"\/\/www.instagram.com\/embed.js\"><\/script><\/a><div class=\"fusion-clearfix\"><\/div><\/div><\/div><\/div><\/div><\/p>\n","protected":false},"excerpt":{"rendered":"<p>Blefaroplastia sin cirug\u00eda en Terrassa: l\u00e1ser CO\u2082 para p\u00e1rpados m\u00e1s firmes y mirada descansada en una sola sesi\u00f3n.<\/p>\n","protected":false},"author":2,"featured_media":6686,"comment_status":"open","ping_status":"closed","sticky":false,"template":"","format":"standard","meta":{"_joinchat":[],"footnotes":""},"categories":[37,36],"tags":[],"class_list":["post-6683","post","type-post","status-publish","format-standard","has-post-thumbnail","hentry","category-tecnologia","category-tratamientos-de-medicina-estetica"],"yoast_head":"<!-- This site is optimized with the Yoast SEO plugin v28.4 - https:\/\/yoast.com\/product\/yoast-seo-wordpress\/ -->\n<title>Blefaroplastia con l\u00e1ser CO2 - Idermic. Dermatolog\u00eda en Terrassa<\/title>\n<meta name=\"description\" content=\"Blefaroplastia sin cirug\u00eda en Terrassa: l\u00e1ser CO\u2082 para p\u00e1rpados m\u00e1s firmes y mirada descansada en una sola sesi\u00f3n.\" \/>\n<meta name=\"robots\" content=\"index, follow, max-snippet:-1, max-image-preview:large, max-video-preview:-1\" \/>\n<link rel=\"canonical\" href=\"https:\/\/www.idermic.es\/es\/blefaroplastia-con-laser-co2\/\" \/>\n<meta property=\"og:locale\" content=\"es_ES\" \/>\n<meta property=\"og:type\" content=\"article\" \/>\n<meta property=\"og:title\" content=\"Blefaroplastia con l\u00e1ser CO2 - Idermic. Dermatolog\u00eda en Terrassa\" \/>\n<meta property=\"og:description\" content=\"Blefaroplastia sin cirug\u00eda en Terrassa: l\u00e1ser CO\u2082 para p\u00e1rpados m\u00e1s firmes y mirada descansada en una sola sesi\u00f3n.\" \/>\n<meta property=\"og:url\" content=\"https:\/\/www.idermic.es\/es\/blefaroplastia-con-laser-co2\/\" \/>\n<meta property=\"og:site_name\" content=\"Idermic. Dermatolog\u00eda en Terrassa\" \/>\n<meta property=\"article:publisher\" content=\"https:\/\/www.facebook.com\/Idermic\" \/>\n<meta property=\"article:published_time\" content=\"2024-12-14T19:35:23+00:00\" \/>\n<meta property=\"article:modified_time\" content=\"2026-05-26T09:50:48+00:00\" \/>\n<meta property=\"og:image\" content=\"https:\/\/www.idermic.es\/wp-content\/uploads\/2024\/12\/Blefaroplastia-con-laser-CO2.jpg\" \/>\n\t<meta property=\"og:image:width\" content=\"468\" \/>\n\t<meta property=\"og:image:height\" content=\"600\" \/>\n\t<meta property=\"og:image:type\" content=\"image\/jpeg\" \/>\n<meta name=\"author\" content=\"Clinica\" \/>\n<meta name=\"twitter:card\" content=\"summary_large_image\" \/>\n<meta name=\"twitter:creator\" content=\"@idermic\" \/>\n<meta name=\"twitter:site\" content=\"@idermic\" \/>\n<meta name=\"twitter:label1\" content=\"Escrito por\" \/>\n\t<meta name=\"twitter:data1\" content=\"Clinica\" \/>\n\t<meta name=\"twitter:label2\" content=\"Tiempo de lectura\" \/>\n\t<meta name=\"twitter:data2\" content=\"4 minutos\" \/>\n<script type=\"application\/ld+json\" class=\"yoast-schema-graph\">{\"@context\":\"https:\\\/\\\/schema.org\",\"@graph\":[{\"@type\":\"Article\",\"@id\":\"https:\\\/\\\/www.idermic.es\\\/es\\\/blefaroplastia-con-laser-co2\\\/#article\",\"isPartOf\":{\"@id\":\"https:\\\/\\\/www.idermic.es\\\/es\\\/blefaroplastia-con-laser-co2\\\/\"},\"author\":{\"name\":\"Clinica\",\"@id\":\"https:\\\/\\\/www.idermic.es\\\/#\\\/schema\\\/person\\\/cc5e001d23d913309bfd3dfafb22ec95\"},\"headline\":\"Blefaroplastia con l\u00e1ser CO2\",\"datePublished\":\"2024-12-14T19:35:23+00:00\",\"dateModified\":\"2026-05-26T09:50:48+00:00\",\"mainEntityOfPage\":{\"@id\":\"https:\\\/\\\/www.idermic.es\\\/es\\\/blefaroplastia-con-laser-co2\\\/\"},\"wordCount\":1579,\"commentCount\":0,\"publisher\":{\"@id\":\"https:\\\/\\\/www.idermic.es\\\/#organization\"},\"image\":{\"@id\":\"https:\\\/\\\/www.idermic.es\\\/es\\\/blefaroplastia-con-laser-co2\\\/#primaryimage\"},\"thumbnailUrl\":\"https:\\\/\\\/www.idermic.es\\\/wp-content\\\/uploads\\\/2024\\\/12\\\/Blefaroplastia-con-laser-CO2.jpg\",\"articleSection\":[\"Tecnolog\u00eda\",\"Tratamientos de Medicina Est\u00e9tica\"],\"inLanguage\":\"es\",\"potentialAction\":[{\"@type\":\"CommentAction\",\"name\":\"Comment\",\"target\":[\"https:\\\/\\\/www.idermic.es\\\/es\\\/blefaroplastia-con-laser-co2\\\/#respond\"]}]},{\"@type\":\"WebPage\",\"@id\":\"https:\\\/\\\/www.idermic.es\\\/es\\\/blefaroplastia-con-laser-co2\\\/\",\"url\":\"https:\\\/\\\/www.idermic.es\\\/es\\\/blefaroplastia-con-laser-co2\\\/\",\"name\":\"Blefaroplastia con l\u00e1ser CO2 - Idermic. Dermatolog\u00eda en Terrassa\",\"isPartOf\":{\"@id\":\"https:\\\/\\\/www.idermic.es\\\/#website\"},\"primaryImageOfPage\":{\"@id\":\"https:\\\/\\\/www.idermic.es\\\/es\\\/blefaroplastia-con-laser-co2\\\/#primaryimage\"},\"image\":{\"@id\":\"https:\\\/\\\/www.idermic.es\\\/es\\\/blefaroplastia-con-laser-co2\\\/#primaryimage\"},\"thumbnailUrl\":\"https:\\\/\\\/www.idermic.es\\\/wp-content\\\/uploads\\\/2024\\\/12\\\/Blefaroplastia-con-laser-CO2.jpg\",\"datePublished\":\"2024-12-14T19:35:23+00:00\",\"dateModified\":\"2026-05-26T09:50:48+00:00\",\"description\":\"Blefaroplastia sin cirug\u00eda en Terrassa: l\u00e1ser CO\u2082 para p\u00e1rpados m\u00e1s firmes y mirada descansada en una sola sesi\u00f3n.\",\"breadcrumb\":{\"@id\":\"https:\\\/\\\/www.idermic.es\\\/es\\\/blefaroplastia-con-laser-co2\\\/#breadcrumb\"},\"inLanguage\":\"es\",\"potentialAction\":[{\"@type\":\"ReadAction\",\"target\":[\"https:\\\/\\\/www.idermic.es\\\/es\\\/blefaroplastia-con-laser-co2\\\/\"]}]},{\"@type\":\"ImageObject\",\"inLanguage\":\"es\",\"@id\":\"https:\\\/\\\/www.idermic.es\\\/es\\\/blefaroplastia-con-laser-co2\\\/#primaryimage\",\"url\":\"https:\\\/\\\/www.idermic.es\\\/wp-content\\\/uploads\\\/2024\\\/12\\\/Blefaroplastia-con-laser-CO2.jpg\",\"contentUrl\":\"https:\\\/\\\/www.idermic.es\\\/wp-content\\\/uploads\\\/2024\\\/12\\\/Blefaroplastia-con-laser-CO2.jpg\",\"width\":468,\"height\":600,\"caption\":\"Blefaroplastia con l\u00e1ser CO2. Resultados a los 7 d\u00edas\"},{\"@type\":\"BreadcrumbList\",\"@id\":\"https:\\\/\\\/www.idermic.es\\\/es\\\/blefaroplastia-con-laser-co2\\\/#breadcrumb\",\"itemListElement\":[{\"@type\":\"ListItem\",\"position\":1,\"name\":\"Inici\",\"item\":\"https:\\\/\\\/www.idermic.es\\\/es\\\/\"},{\"@type\":\"ListItem\",\"position\":2,\"name\":\"Blefaroplastia con l\u00e1ser CO2\"}]},{\"@type\":\"WebSite\",\"@id\":\"https:\\\/\\\/www.idermic.es\\\/#website\",\"url\":\"https:\\\/\\\/www.idermic.es\\\/\",\"name\":\"Idermic. Dermatolog\u00eda en Terrassa\",\"description\":\"Dermatolog\u00eda, Medicina est\u00e9tica, Cirurg\u00eda Pl\u00e0stica\",\"publisher\":{\"@id\":\"https:\\\/\\\/www.idermic.es\\\/#organization\"},\"potentialAction\":[{\"@type\":\"SearchAction\",\"target\":{\"@type\":\"EntryPoint\",\"urlTemplate\":\"https:\\\/\\\/www.idermic.es\\\/?s={search_term_string}\"},\"query-input\":{\"@type\":\"PropertyValueSpecification\",\"valueRequired\":true,\"valueName\":\"search_term_string\"}}],\"inLanguage\":\"es\"},{\"@type\":\"Organization\",\"@id\":\"https:\\\/\\\/www.idermic.es\\\/#organization\",\"name\":\"Idermic. Dermatolog\u00eda en Terrassa\",\"url\":\"https:\\\/\\\/www.idermic.es\\\/\",\"logo\":{\"@type\":\"ImageObject\",\"inLanguage\":\"es\",\"@id\":\"https:\\\/\\\/www.idermic.es\\\/#\\\/schema\\\/logo\\\/image\\\/\",\"url\":\"https:\\\/\\\/www.idermic.es\\\/wp-content\\\/uploads\\\/2025\\\/10\\\/Logo-Idermic.jpg\",\"contentUrl\":\"https:\\\/\\\/www.idermic.es\\\/wp-content\\\/uploads\\\/2025\\\/10\\\/Logo-Idermic.jpg\",\"width\":501,\"height\":502,\"caption\":\"Idermic. Dermatolog\u00eda en Terrassa\"},\"image\":{\"@id\":\"https:\\\/\\\/www.idermic.es\\\/#\\\/schema\\\/logo\\\/image\\\/\"},\"sameAs\":[\"https:\\\/\\\/www.facebook.com\\\/Idermic\",\"https:\\\/\\\/x.com\\\/idermic\",\"https:\\\/\\\/www.instagram.com\\\/idermicclinic\\\/\",\"https:\\\/\\\/www.youtube.com\\\/channel\\\/UCyAHC9-p8lc6hr_nguO8p_g\"]},{\"@type\":\"Person\",\"@id\":\"https:\\\/\\\/www.idermic.es\\\/#\\\/schema\\\/person\\\/cc5e001d23d913309bfd3dfafb22ec95\",\"name\":\"Clinica\",\"image\":{\"@type\":\"ImageObject\",\"inLanguage\":\"es\",\"@id\":\"https:\\\/\\\/secure.gravatar.com\\\/avatar\\\/182f7ac821c85b9a9cd58ac64f26c9396c53342ed0006ba8805135223443797e?s=96&d=mm&r=g\",\"url\":\"https:\\\/\\\/secure.gravatar.com\\\/avatar\\\/182f7ac821c85b9a9cd58ac64f26c9396c53342ed0006ba8805135223443797e?s=96&d=mm&r=g\",\"contentUrl\":\"https:\\\/\\\/secure.gravatar.com\\\/avatar\\\/182f7ac821c85b9a9cd58ac64f26c9396c53342ed0006ba8805135223443797e?s=96&d=mm&r=g\",\"caption\":\"Clinica\"}}]}<\/script>\n<!-- \/ Yoast SEO plugin. -->","yoast_head_json":{"title":"Blefaroplastia con l\u00e1ser CO2 - Idermic. Dermatolog\u00eda en Terrassa","description":"Blefaroplastia sin cirug\u00eda en Terrassa: l\u00e1ser CO\u2082 para p\u00e1rpados m\u00e1s firmes y mirada descansada en una sola sesi\u00f3n.","robots":{"index":"index","follow":"follow","max-snippet":"max-snippet:-1","max-image-preview":"max-image-preview:large","max-video-preview":"max-video-preview:-1"},"canonical":"https:\/\/www.idermic.es\/es\/blefaroplastia-con-laser-co2\/","og_locale":"es_ES","og_type":"article","og_title":"Blefaroplastia con l\u00e1ser CO2 - Idermic. Dermatolog\u00eda en Terrassa","og_description":"Blefaroplastia sin cirug\u00eda en Terrassa: l\u00e1ser CO\u2082 para p\u00e1rpados m\u00e1s firmes y mirada descansada en una sola sesi\u00f3n.","og_url":"https:\/\/www.idermic.es\/es\/blefaroplastia-con-laser-co2\/","og_site_name":"Idermic. Dermatolog\u00eda en Terrassa","article_publisher":"https:\/\/www.facebook.com\/Idermic","article_published_time":"2024-12-14T19:35:23+00:00","article_modified_time":"2026-05-26T09:50:48+00:00","og_image":[{"width":468,"height":600,"url":"https:\/\/www.idermic.es\/wp-content\/uploads\/2024\/12\/Blefaroplastia-con-laser-CO2.jpg","type":"image\/jpeg"}],"author":"Clinica","twitter_card":"summary_large_image","twitter_creator":"@idermic","twitter_site":"@idermic","twitter_misc":{"Escrito por":"Clinica","Tiempo de lectura":"4 minutos"},"schema":{"@context":"https:\/\/schema.org","@graph":[{"@type":"Article","@id":"https:\/\/www.idermic.es\/es\/blefaroplastia-con-laser-co2\/#article","isPartOf":{"@id":"https:\/\/www.idermic.es\/es\/blefaroplastia-con-laser-co2\/"},"author":{"name":"Clinica","@id":"https:\/\/www.idermic.es\/#\/schema\/person\/cc5e001d23d913309bfd3dfafb22ec95"},"headline":"Blefaroplastia con l\u00e1ser CO2","datePublished":"2024-12-14T19:35:23+00:00","dateModified":"2026-05-26T09:50:48+00:00","mainEntityOfPage":{"@id":"https:\/\/www.idermic.es\/es\/blefaroplastia-con-laser-co2\/"},"wordCount":1579,"commentCount":0,"publisher":{"@id":"https:\/\/www.idermic.es\/#organization"},"image":{"@id":"https:\/\/www.idermic.es\/es\/blefaroplastia-con-laser-co2\/#primaryimage"},"thumbnailUrl":"https:\/\/www.idermic.es\/wp-content\/uploads\/2024\/12\/Blefaroplastia-con-laser-CO2.jpg","articleSection":["Tecnolog\u00eda","Tratamientos de Medicina Est\u00e9tica"],"inLanguage":"es","potentialAction":[{"@type":"CommentAction","name":"Comment","target":["https:\/\/www.idermic.es\/es\/blefaroplastia-con-laser-co2\/#respond"]}]},{"@type":"WebPage","@id":"https:\/\/www.idermic.es\/es\/blefaroplastia-con-laser-co2\/","url":"https:\/\/www.idermic.es\/es\/blefaroplastia-con-laser-co2\/","name":"Blefaroplastia con l\u00e1ser CO2 - Idermic. Dermatolog\u00eda en Terrassa","isPartOf":{"@id":"https:\/\/www.idermic.es\/#website"},"primaryImageOfPage":{"@id":"https:\/\/www.idermic.es\/es\/blefaroplastia-con-laser-co2\/#primaryimage"},"image":{"@id":"https:\/\/www.idermic.es\/es\/blefaroplastia-con-laser-co2\/#primaryimage"},"thumbnailUrl":"https:\/\/www.idermic.es\/wp-content\/uploads\/2024\/12\/Blefaroplastia-con-laser-CO2.jpg","datePublished":"2024-12-14T19:35:23+00:00","dateModified":"2026-05-26T09:50:48+00:00","description":"Blefaroplastia sin cirug\u00eda en Terrassa: l\u00e1ser CO\u2082 para p\u00e1rpados m\u00e1s firmes y mirada descansada en una sola sesi\u00f3n.","breadcrumb":{"@id":"https:\/\/www.idermic.es\/es\/blefaroplastia-con-laser-co2\/#breadcrumb"},"inLanguage":"es","potentialAction":[{"@type":"ReadAction","target":["https:\/\/www.idermic.es\/es\/blefaroplastia-con-laser-co2\/"]}]},{"@type":"ImageObject","inLanguage":"es","@id":"https:\/\/www.idermic.es\/es\/blefaroplastia-con-laser-co2\/#primaryimage","url":"https:\/\/www.idermic.es\/wp-content\/uploads\/2024\/12\/Blefaroplastia-con-laser-CO2.jpg","contentUrl":"https:\/\/www.idermic.es\/wp-content\/uploads\/2024\/12\/Blefaroplastia-con-laser-CO2.jpg","width":468,"height":600,"caption":"Blefaroplastia con l\u00e1ser CO2. Resultados a los 7 d\u00edas"},{"@type":"BreadcrumbList","@id":"https:\/\/www.idermic.es\/es\/blefaroplastia-con-laser-co2\/#breadcrumb","itemListElement":[{"@type":"ListItem","position":1,"name":"Inici","item":"https:\/\/www.idermic.es\/es\/"},{"@type":"ListItem","position":2,"name":"Blefaroplastia con l\u00e1ser CO2"}]},{"@type":"WebSite","@id":"https:\/\/www.idermic.es\/#website","url":"https:\/\/www.idermic.es\/","name":"Idermic. Dermatolog\u00eda en Terrassa","description":"Dermatolog\u00eda, Medicina est\u00e9tica, Cirurg\u00eda Pl\u00e0stica","publisher":{"@id":"https:\/\/www.idermic.es\/#organization"},"potentialAction":[{"@type":"SearchAction","target":{"@type":"EntryPoint","urlTemplate":"https:\/\/www.idermic.es\/?s={search_term_string}"},"query-input":{"@type":"PropertyValueSpecification","valueRequired":true,"valueName":"search_term_string"}}],"inLanguage":"es"},{"@type":"Organization","@id":"https:\/\/www.idermic.es\/#organization","name":"Idermic. Dermatolog\u00eda en Terrassa","url":"https:\/\/www.idermic.es\/","logo":{"@type":"ImageObject","inLanguage":"es","@id":"https:\/\/www.idermic.es\/#\/schema\/logo\/image\/","url":"https:\/\/www.idermic.es\/wp-content\/uploads\/2025\/10\/Logo-Idermic.jpg","contentUrl":"https:\/\/www.idermic.es\/wp-content\/uploads\/2025\/10\/Logo-Idermic.jpg","width":501,"height":502,"caption":"Idermic. Dermatolog\u00eda en Terrassa"},"image":{"@id":"https:\/\/www.idermic.es\/#\/schema\/logo\/image\/"},"sameAs":["https:\/\/www.facebook.com\/Idermic","https:\/\/x.com\/idermic","https:\/\/www.instagram.com\/idermicclinic\/","https:\/\/www.youtube.com\/channel\/UCyAHC9-p8lc6hr_nguO8p_g"]},{"@type":"Person","@id":"https:\/\/www.idermic.es\/#\/schema\/person\/cc5e001d23d913309bfd3dfafb22ec95","name":"Clinica","image":{"@type":"ImageObject","inLanguage":"es","@id":"https:\/\/secure.gravatar.com\/avatar\/182f7ac821c85b9a9cd58ac64f26c9396c53342ed0006ba8805135223443797e?s=96&d=mm&r=g","url":"https:\/\/secure.gravatar.com\/avatar\/182f7ac821c85b9a9cd58ac64f26c9396c53342ed0006ba8805135223443797e?s=96&d=mm&r=g","contentUrl":"https:\/\/secure.gravatar.com\/avatar\/182f7ac821c85b9a9cd58ac64f26c9396c53342ed0006ba8805135223443797e?s=96&d=mm&r=g","caption":"Clinica"}}]}},"_links":{"self":[{"href":"https:\/\/www.idermic.es\/es\/wp-json\/wp\/v2\/posts\/6683","targetHints":{"allow":["GET"]}}],"collection":[{"href":"https:\/\/www.idermic.es\/es\/wp-json\/wp\/v2\/posts"}],"about":[{"href":"https:\/\/www.idermic.es\/es\/wp-json\/wp\/v2\/types\/post"}],"author":[{"embeddable":true,"href":"https:\/\/www.idermic.es\/es\/wp-json\/wp\/v2\/users\/2"}],"replies":[{"embeddable":true,"href":"https:\/\/www.idermic.es\/es\/wp-json\/wp\/v2\/comments?post=6683"}],"version-history":[{"count":4,"href":"https:\/\/www.idermic.es\/es\/wp-json\/wp\/v2\/posts\/6683\/revisions"}],"predecessor-version":[{"id":7884,"href":"https:\/\/www.idermic.es\/es\/wp-json\/wp\/v2\/posts\/6683\/revisions\/7884"}],"wp:featuredmedia":[{"embeddable":true,"href":"https:\/\/www.idermic.es\/es\/wp-json\/wp\/v2\/media\/6686"}],"wp:attachment":[{"href":"https:\/\/www.idermic.es\/es\/wp-json\/wp\/v2\/media?parent=6683"}],"wp:term":[{"taxonomy":"category","embeddable":true,"href":"https:\/\/www.idermic.es\/es\/wp-json\/wp\/v2\/categories?post=6683"},{"taxonomy":"post_tag","embeddable":true,"href":"https:\/\/www.idermic.es\/es\/wp-json\/wp\/v2\/tags?post=6683"}],"curies":[{"name":"wp","href":"https:\/\/api.w.org\/{rel}","templated":true}]}}