{"id":6654,"date":"2024-11-30T09:52:36","date_gmt":"2024-11-30T09:52:36","guid":{"rendered":"https:\/\/www.idermic.es\/?p=6654"},"modified":"2026-06-06T06:59:08","modified_gmt":"2026-06-06T06:59:08","slug":"iii-congreso-de-la-sociedad-espanola-de-cirugia-plastica-facial","status":"publish","type":"post","link":"https:\/\/www.idermic.es\/es\/iii-congreso-de-la-sociedad-espanola-de-cirugia-plastica-facial\/","title":{"rendered":"III Congreso de la Sociedad Espa\u00f1ola de Cirug\u00eda Pl\u00e1stica Facial"},"content":{"rendered":"<p><div class=\"fusion-fullwidth fullwidth-box fusion-builder-row-1 nonhundred-percent-fullwidth non-hundred-percent-height-scrolling\" style=\"--awb-border-radius-top-left:0px;--awb-border-radius-top-right:0px;--awb-border-radius-bottom-right:0px;--awb-border-radius-bottom-left:0px;--awb-flex-wrap:wrap;\" ><div class=\"fusion-builder-row fusion-row\"><div class=\"fusion-layout-column fusion_builder_column fusion-builder-column-0 fusion_builder_column_1_1 1_1 fusion-one-full fusion-column-first fusion-column-last\" style=\"--awb-bg-size:cover;\"><div class=\"fusion-column-wrapper fusion-flex-column-wrapper-legacy\"><div class=\"fusion-text fusion-text-1\"><h1 style=\"text-align: center;\">III Congreso de la Sociedad Espa\u00f1ola de Cirug\u00eda Pl\u00e1stica Facial<\/h1>\n<\/div><div class=\"fusion-clearfix\"><\/div><\/div><\/div><\/div><\/div><div class=\"fusion-fullwidth fullwidth-box fusion-builder-row-2 nonhundred-percent-fullwidth non-hundred-percent-height-scrolling\" style=\"--awb-border-radius-top-left:0px;--awb-border-radius-top-right:0px;--awb-border-radius-bottom-right:0px;--awb-border-radius-bottom-left:0px;--awb-flex-wrap:wrap;\" ><div class=\"fusion-builder-row fusion-row\"><div class=\"fusion-layout-column fusion_builder_column fusion-builder-column-1 fusion_builder_column_2_3 2_3 fusion-two-third fusion-column-first\" style=\"--awb-bg-size:cover;width:66.666666666667%;width:calc(66.666666666667% - ( ( 4% ) * 0.66666666666667 ) );margin-right: 4%;\"><div class=\"fusion-column-wrapper fusion-flex-column-wrapper-legacy\"><div class=\"fusion-text fusion-text-2\"><p>La Dra. <a href=\"https:\/\/www.idermic.es\/es\/marta-vilavella-rius\/\">Marta Vilavella<\/a> particip\u00f3 como ponente en el III Congreso de la Sociedad Espa\u00f1ola de Cirug\u00eda Pl\u00e1stica Facial (SECPF), celebrado este fin de semana en Madrid. Durante el evento, la doctora tuvo la oportunidad de compartir su conocimiento y experiencia, adem\u00e1s de aprender de destacados compa\u00f1eros de profesi\u00f3n a los que admira profundamente.<\/p>\n<p>El congreso, reconocido por el alto nivel de sus presentaciones, permiti\u00f3 a la Dra. Vilavella contribuir al intercambio de ideas y avances en el campo de la cirug\u00eda pl\u00e1stica facial. La organizaci\u00f3n del evento, en colaboraci\u00f3n con Ibsa Derma Iberia, fue clave para el \u00e9xito de esta cita, consolidada como un referente para los profesionales de esta especialidad.<\/p>\n<\/div><div class=\"fusion-clearfix\"><\/div><\/div><\/div><div class=\"fusion-layout-column fusion_builder_column fusion-builder-column-2 fusion_builder_column_1_3 1_3 fusion-one-third fusion-column-last\" style=\"--awb-bg-size:cover;width:33.333333333333%;width:calc(33.333333333333% - ( ( 4% ) * 0.33333333333333 ) );\"><div class=\"fusion-column-wrapper fusion-flex-column-wrapper-legacy\"><div class=\"fusion-image-element in-legacy-container\" style=\"--awb-caption-title-font-family:var(--h2_typography-font-family);--awb-caption-title-font-weight:var(--h2_typography-font-weight);--awb-caption-title-font-style:var(--h2_typography-font-style);--awb-caption-title-size:var(--h2_typography-font-size);--awb-caption-title-transform:var(--h2_typography-text-transform);--awb-caption-title-line-height:var(--h2_typography-line-height);--awb-caption-title-letter-spacing:var(--h2_typography-letter-spacing);\"><span class=\" fusion-imageframe imageframe-none imageframe-1 hover-type-none\"><img decoding=\"async\" width=\"240\" height=\"300\" title=\"III congreso de la Sociedad Espa\u00f1ola de Cirug\u00eda Pl\u00e1stica Facial-1\" src=\"https:\/\/www.idermic.es\/wp-content\/uploads\/2024\/12\/III-congreso-de-la-Sociedad-Espanola-de-Cirugia-Plastica-Facial-1-240x300.jpg\" alt class=\"img-responsive wp-image-6657\" srcset=\"https:\/\/www.idermic.es\/wp-content\/uploads\/2024\/12\/III-congreso-de-la-Sociedad-Espanola-de-Cirugia-Plastica-Facial-1-200x250.jpg 200w, https:\/\/www.idermic.es\/wp-content\/uploads\/2024\/12\/III-congreso-de-la-Sociedad-Espanola-de-Cirugia-Plastica-Facial-1-400x500.jpg 400w, https:\/\/www.idermic.es\/wp-content\/uploads\/2024\/12\/III-congreso-de-la-Sociedad-Espanola-de-Cirugia-Plastica-Facial-1-600x750.jpg 600w, https:\/\/www.idermic.es\/wp-content\/uploads\/2024\/12\/III-congreso-de-la-Sociedad-Espanola-de-Cirugia-Plastica-Facial-1-800x1000.jpg 800w, https:\/\/www.idermic.es\/wp-content\/uploads\/2024\/12\/III-congreso-de-la-Sociedad-Espanola-de-Cirugia-Plastica-Facial-1.jpg 1080w\" sizes=\"(max-width: 800px) 100vw, 240px\" \/><\/span><\/div><div class=\"fusion-clearfix\"><\/div><\/div><\/div><\/div><\/div><div class=\"fusion-fullwidth fullwidth-box fusion-builder-row-3 nonhundred-percent-fullwidth non-hundred-percent-height-scrolling\" style=\"--awb-border-radius-top-left:0px;--awb-border-radius-top-right:0px;--awb-border-radius-bottom-right:0px;--awb-border-radius-bottom-left:0px;--awb-flex-wrap:wrap;\" ><div class=\"fusion-builder-row fusion-row\"><div class=\"fusion-layout-column fusion_builder_column fusion-builder-column-3 fusion_builder_column_1_1 1_1 fusion-one-full fusion-column-first fusion-column-last\" style=\"--awb-bg-size:cover;\"><div class=\"fusion-column-wrapper fusion-flex-column-wrapper-legacy\"><div class=\"fusion-text fusion-text-3\"><h2>III Congreso de la SECPF<\/h2>\n<p>El III Congreso de la SECPF se celebr\u00f3 en Madrid del 14 al 16 de noviembre de 2024, teniendo como sede el C\u00edrculo de Bellas Artes, ubicado en el coraz\u00f3n hist\u00f3rico de la ciudad.<\/p>\n<p>Durante los tres d\u00edas del evento, se organizaron sesiones especializadas en rinoplastia, rejuvenecimiento facial, oculopl\u00e1stica y medicina est\u00e9tica. El programa cient\u00edfico fue elaborado por especialistas en oftalmolog\u00eda, cirug\u00eda oral y maxilofacial, dermatolog\u00eda, otorrinolaringolog\u00eda y cirug\u00eda pl\u00e1stica reparadora y est\u00e9tica, reflejando el car\u00e1cter multidisciplinar de la sociedad.<\/p>\n<p>El congreso cont\u00f3 con la participaci\u00f3n de destacados profesionales nacionales e internacionales, consolid\u00e1ndose como uno de los eventos m\u00e1s relevantes del a\u00f1o en Europa en el \u00e1mbito de este tipo de cirug\u00eda pl\u00e1stica. Adem\u00e1s, se fortalecieron los lazos con organizaciones hermanas de Latinoam\u00e9rica, promoviendo una significativa afluencia y participaci\u00f3n de sus miembros.<\/p>\n<p>La organizaci\u00f3n del congreso puso a disposici\u00f3n de los asistentes una aplicaci\u00f3n m\u00f3vil para facilitar el acceso a la informaci\u00f3n del evento, incluyendo el programa, ponentes y detalles log\u00edsticos. Por lo tanto, el III Congreso de la SECPF ofreci\u00f3 una plataforma de alto nivel para el intercambio de conocimientos y experiencias en cirug\u00eda pl\u00e1stica facial, reafirmando el compromiso de la sociedad con la formaci\u00f3n continua y la excelencia profesional.<\/p>\n<\/div><div class=\"fusion-image-element fusion-image-align-center in-legacy-container\" style=\"text-align:center;--awb-caption-title-font-family:var(--h2_typography-font-family);--awb-caption-title-font-weight:var(--h2_typography-font-weight);--awb-caption-title-font-style:var(--h2_typography-font-style);--awb-caption-title-size:var(--h2_typography-font-size);--awb-caption-title-transform:var(--h2_typography-text-transform);--awb-caption-title-line-height:var(--h2_typography-line-height);--awb-caption-title-letter-spacing:var(--h2_typography-letter-spacing);\"><div class=\"imageframe-align-center\"><span class=\" fusion-imageframe imageframe-none imageframe-2 hover-type-none\"><img decoding=\"async\" width=\"240\" height=\"300\" alt=\"III Congreso de la Sociedad Espa\u00f1ola de Cirug\u00eda Pl\u00e1stica Facial\" title=\"Cirug\u00eda Pl\u00e1stica Facial\" src=\"https:\/\/www.idermic.es\/wp-content\/uploads\/2024\/12\/III-congreso-de-la-Sociedad-Espanola-de-Cirugia-Plastica-Facial-2-240x300.jpg\" class=\"img-responsive wp-image-6660\" srcset=\"https:\/\/www.idermic.es\/wp-content\/uploads\/2024\/12\/III-congreso-de-la-Sociedad-Espanola-de-Cirugia-Plastica-Facial-2-200x250.jpg 200w, https:\/\/www.idermic.es\/wp-content\/uploads\/2024\/12\/III-congreso-de-la-Sociedad-Espanola-de-Cirugia-Plastica-Facial-2-400x500.jpg 400w, https:\/\/www.idermic.es\/wp-content\/uploads\/2024\/12\/III-congreso-de-la-Sociedad-Espanola-de-Cirugia-Plastica-Facial-2-600x749.jpg 600w, https:\/\/www.idermic.es\/wp-content\/uploads\/2024\/12\/III-congreso-de-la-Sociedad-Espanola-de-Cirugia-Plastica-Facial-2-800x999.jpg 800w, https:\/\/www.idermic.es\/wp-content\/uploads\/2024\/12\/III-congreso-de-la-Sociedad-Espanola-de-Cirugia-Plastica-Facial-2.jpg 1080w\" sizes=\"(max-width: 800px) 100vw, 240px\" \/><\/span><\/div><\/div><div class=\"fusion-clearfix\"><\/div><\/div><\/div><\/div><\/div><div class=\"fusion-fullwidth fullwidth-box fusion-builder-row-4 nonhundred-percent-fullwidth non-hundred-percent-height-scrolling\" style=\"--awb-border-radius-top-left:0px;--awb-border-radius-top-right:0px;--awb-border-radius-bottom-right:0px;--awb-border-radius-bottom-left:0px;--awb-margin-top:32px;--awb-margin-bottom:32px;--awb-flex-wrap:wrap;\" ><div class=\"fusion-builder-row fusion-row\"><div class=\"fusion-layout-column fusion_builder_column fusion-builder-column-4 fusion_builder_column_1_1 1_1 fusion-one-full fusion-column-first fusion-column-last\" style=\"--awb-bg-size:cover;\"><div class=\"fusion-column-wrapper fusion-flex-column-wrapper-legacy\"><div class=\"fusion-text fusion-text-4\"><h2>SECPF: Promoviendo la excelencia y la formaci\u00f3n<\/h2>\n<p>La SECPF es una asociaci\u00f3n m\u00e9dica de car\u00e1cter cient\u00edfico y profesional, sin \u00e1nimo de lucro, que tiene como objetivo contribuir al progreso profesional y cient\u00edfico de la cirug\u00eda pl\u00e1stica facial en Espa\u00f1a. La SECPF integra a profesionales de diversas especialidades m\u00e9dicas, como cirug\u00eda pl\u00e1stica, cirug\u00eda oral y maxilofacial, otorrinolaringolog\u00eda, dermatolog\u00eda m\u00e9dico-quir\u00fargica y oftalmolog\u00eda, fomentando un enfoque interdisciplinario en la pr\u00e1ctica de la cirug\u00eda pl\u00e1stica facial.<\/p>\n<p>La sociedad se dedica a proporcionar formaci\u00f3n continua y actualizada a sus socios, promoviendo la excelencia profesional y la mejora constante en las habilidades quir\u00fargicas de sus miembros. Adem\u00e1s, la SECPF vela por la dignidad de la especialidad y trabaja en la divulgaci\u00f3n de conocimientos y avances relacionados con este tipo de cirug\u00eda pl\u00e1stica entre la sociedad y la comunidad m\u00e9dica. Con una visi\u00f3n de futuro, la SECPF fomenta el desarrollo de programas de formaci\u00f3n internacional y la implementaci\u00f3n de convenios de colaboraci\u00f3n con sociedades afines, consolid\u00e1ndose como un referente en el \u00e1mbito de la cirug\u00eda pl\u00e1stica facial.<\/p>\n<\/div><div class=\"fusion-video fusion-youtube\" style=\"--awb-max-width:600px;--awb-max-height:360px;\"><div class=\"video-shortcode\"><div class=\"fluid-width-video-wrapper\" style=\"padding-top:60%;\" ><iframe title=\"YouTube video player 1\" src=\"https:\/\/www.youtube.com\/embed\/wBtrJx7YEsI?wmode=transparent&autoplay=0\" width=\"600\" height=\"360\" allowfullscreen allow=\"autoplay; clipboard-write; encrypted-media; gyroscope; picture-in-picture;\"><\/iframe><\/div><\/div><\/div><div class=\"fusion-clearfix\"><\/div><\/div><\/div><\/div><div class=\"fusion-builder-row fusion-row\"><\/div><\/div><\/p>\n","protected":false},"excerpt":{"rendered":"<p>La Dra. Marta Vilavella particip\u00f3 como ponente en el III Congreso de la Sociedad Espa\u00f1ola de Cirug\u00eda Pl\u00e1stica Facial (SECPF).<\/p>\n","protected":false},"author":3,"featured_media":6660,"comment_status":"open","ping_status":"closed","sticky":false,"template":"","format":"standard","meta":{"_joinchat":[],"footnotes":""},"categories":[56],"tags":[263,104],"class_list":["post-6654","post","type-post","status-publish","format-standard","has-post-thumbnail","hentry","category-tratamientos-de-cirugia-estetica","tag-eventos","tag-piel"],"yoast_head":"<!-- This site is optimized with the Yoast SEO plugin v28.4 - https:\/\/yoast.com\/product\/yoast-seo-wordpress\/ -->\n<title>III Congreso de la Sociedad Espa\u00f1ola de Cirug\u00eda Pl\u00e1stica Facial -<\/title>\n<meta name=\"description\" content=\"La Dra. Marta Vilavella particip\u00f3 como ponente en el III Congreso de la Sociedad Espa\u00f1ola de Cirug\u00eda Pl\u00e1stica Facial (SECPF).\" \/>\n<meta name=\"robots\" content=\"index, follow, max-snippet:-1, max-image-preview:large, max-video-preview:-1\" \/>\n<link rel=\"canonical\" href=\"https:\/\/www.idermic.es\/es\/iii-congreso-de-la-sociedad-espanola-de-cirugia-plastica-facial\/\" \/>\n<meta property=\"og:locale\" content=\"es_ES\" \/>\n<meta property=\"og:type\" content=\"article\" \/>\n<meta property=\"og:title\" content=\"III Congreso de la Sociedad Espa\u00f1ola de Cirug\u00eda Pl\u00e1stica Facial -\" \/>\n<meta property=\"og:description\" content=\"La Dra. Marta Vilavella particip\u00f3 como ponente en el III Congreso de la Sociedad Espa\u00f1ola de Cirug\u00eda Pl\u00e1stica Facial (SECPF).\" \/>\n<meta property=\"og:url\" content=\"https:\/\/www.idermic.es\/es\/iii-congreso-de-la-sociedad-espanola-de-cirugia-plastica-facial\/\" \/>\n<meta property=\"og:site_name\" content=\"Idermic. Dermatolog\u00eda en Terrassa\" \/>\n<meta property=\"article:publisher\" content=\"https:\/\/www.facebook.com\/Idermic\" \/>\n<meta property=\"article:published_time\" content=\"2024-11-30T09:52:36+00:00\" \/>\n<meta property=\"article:modified_time\" content=\"2026-06-06T06:59:08+00:00\" \/>\n<meta property=\"og:image\" content=\"https:\/\/www.idermic.es\/wp-content\/uploads\/2024\/12\/III-congreso-de-la-Sociedad-Espanola-de-Cirugia-Plastica-Facial-2.jpg\" \/>\n\t<meta property=\"og:image:width\" content=\"1080\" \/>\n\t<meta property=\"og:image:height\" content=\"1349\" \/>\n\t<meta property=\"og:image:type\" content=\"image\/jpeg\" \/>\n<meta name=\"author\" content=\"Equipo\" \/>\n<meta name=\"twitter:card\" content=\"summary_large_image\" \/>\n<meta name=\"twitter:creator\" content=\"@idermic\" \/>\n<meta name=\"twitter:site\" content=\"@idermic\" \/>\n<meta name=\"twitter:label1\" content=\"Escrito por\" \/>\n\t<meta name=\"twitter:data1\" content=\"Equipo\" \/>\n\t<meta name=\"twitter:label2\" content=\"Tiempo de lectura\" \/>\n\t<meta name=\"twitter:data2\" content=\"4 minutos\" \/>\n<script type=\"application\/ld+json\" class=\"yoast-schema-graph\">{\"@context\":\"https:\\\/\\\/schema.org\",\"@graph\":[{\"@type\":\"Article\",\"@id\":\"https:\\\/\\\/www.idermic.es\\\/es\\\/iii-congreso-de-la-sociedad-espanola-de-cirugia-plastica-facial\\\/#article\",\"isPartOf\":{\"@id\":\"https:\\\/\\\/www.idermic.es\\\/es\\\/iii-congreso-de-la-sociedad-espanola-de-cirugia-plastica-facial\\\/\"},\"author\":{\"name\":\"Equipo\",\"@id\":\"https:\\\/\\\/www.idermic.es\\\/#\\\/schema\\\/person\\\/c12703027a878b23d3c71c87921a82f8\"},\"headline\":\"III Congreso de la Sociedad Espa\u00f1ola de Cirug\u00eda Pl\u00e1stica Facial\",\"datePublished\":\"2024-11-30T09:52:36+00:00\",\"dateModified\":\"2026-06-06T06:59:08+00:00\",\"mainEntityOfPage\":{\"@id\":\"https:\\\/\\\/www.idermic.es\\\/es\\\/iii-congreso-de-la-sociedad-espanola-de-cirugia-plastica-facial\\\/\"},\"wordCount\":1721,\"commentCount\":0,\"publisher\":{\"@id\":\"https:\\\/\\\/www.idermic.es\\\/#organization\"},\"image\":{\"@id\":\"https:\\\/\\\/www.idermic.es\\\/es\\\/iii-congreso-de-la-sociedad-espanola-de-cirugia-plastica-facial\\\/#primaryimage\"},\"thumbnailUrl\":\"https:\\\/\\\/www.idermic.es\\\/wp-content\\\/uploads\\\/2024\\\/12\\\/III-congreso-de-la-Sociedad-Espanola-de-Cirugia-Plastica-Facial-2.jpg\",\"keywords\":[\"Eventos\",\"piel\"],\"articleSection\":[\"Tratamientos de Cirug\u00eda Est\u00e9tica\"],\"inLanguage\":\"es\",\"potentialAction\":[{\"@type\":\"CommentAction\",\"name\":\"Comment\",\"target\":[\"https:\\\/\\\/www.idermic.es\\\/es\\\/iii-congreso-de-la-sociedad-espanola-de-cirugia-plastica-facial\\\/#respond\"]}]},{\"@type\":\"WebPage\",\"@id\":\"https:\\\/\\\/www.idermic.es\\\/es\\\/iii-congreso-de-la-sociedad-espanola-de-cirugia-plastica-facial\\\/\",\"url\":\"https:\\\/\\\/www.idermic.es\\\/es\\\/iii-congreso-de-la-sociedad-espanola-de-cirugia-plastica-facial\\\/\",\"name\":\"III Congreso de la Sociedad Espa\u00f1ola de Cirug\u00eda Pl\u00e1stica Facial -\",\"isPartOf\":{\"@id\":\"https:\\\/\\\/www.idermic.es\\\/#website\"},\"primaryImageOfPage\":{\"@id\":\"https:\\\/\\\/www.idermic.es\\\/es\\\/iii-congreso-de-la-sociedad-espanola-de-cirugia-plastica-facial\\\/#primaryimage\"},\"image\":{\"@id\":\"https:\\\/\\\/www.idermic.es\\\/es\\\/iii-congreso-de-la-sociedad-espanola-de-cirugia-plastica-facial\\\/#primaryimage\"},\"thumbnailUrl\":\"https:\\\/\\\/www.idermic.es\\\/wp-content\\\/uploads\\\/2024\\\/12\\\/III-congreso-de-la-Sociedad-Espanola-de-Cirugia-Plastica-Facial-2.jpg\",\"datePublished\":\"2024-11-30T09:52:36+00:00\",\"dateModified\":\"2026-06-06T06:59:08+00:00\",\"description\":\"La Dra. Marta Vilavella particip\u00f3 como ponente en el III Congreso de la Sociedad Espa\u00f1ola de Cirug\u00eda Pl\u00e1stica Facial (SECPF).\",\"breadcrumb\":{\"@id\":\"https:\\\/\\\/www.idermic.es\\\/es\\\/iii-congreso-de-la-sociedad-espanola-de-cirugia-plastica-facial\\\/#breadcrumb\"},\"inLanguage\":\"es\",\"potentialAction\":[{\"@type\":\"ReadAction\",\"target\":[\"https:\\\/\\\/www.idermic.es\\\/es\\\/iii-congreso-de-la-sociedad-espanola-de-cirugia-plastica-facial\\\/\"]}]},{\"@type\":\"ImageObject\",\"inLanguage\":\"es\",\"@id\":\"https:\\\/\\\/www.idermic.es\\\/es\\\/iii-congreso-de-la-sociedad-espanola-de-cirugia-plastica-facial\\\/#primaryimage\",\"url\":\"https:\\\/\\\/www.idermic.es\\\/wp-content\\\/uploads\\\/2024\\\/12\\\/III-congreso-de-la-Sociedad-Espanola-de-Cirugia-Plastica-Facial-2.jpg\",\"contentUrl\":\"https:\\\/\\\/www.idermic.es\\\/wp-content\\\/uploads\\\/2024\\\/12\\\/III-congreso-de-la-Sociedad-Espanola-de-Cirugia-Plastica-Facial-2.jpg\",\"width\":1080,\"height\":1349,\"caption\":\"III Congreso de la Sociedad Espa\u00f1ola de Cirug\u00eda Pl\u00e1stica Facial\"},{\"@type\":\"BreadcrumbList\",\"@id\":\"https:\\\/\\\/www.idermic.es\\\/es\\\/iii-congreso-de-la-sociedad-espanola-de-cirugia-plastica-facial\\\/#breadcrumb\",\"itemListElement\":[{\"@type\":\"ListItem\",\"position\":1,\"name\":\"Inici\",\"item\":\"https:\\\/\\\/www.idermic.es\\\/es\\\/\"},{\"@type\":\"ListItem\",\"position\":2,\"name\":\"III Congreso de la Sociedad Espa\u00f1ola de Cirug\u00eda Pl\u00e1stica Facial\"}]},{\"@type\":\"WebSite\",\"@id\":\"https:\\\/\\\/www.idermic.es\\\/#website\",\"url\":\"https:\\\/\\\/www.idermic.es\\\/\",\"name\":\"Idermic. Dermatolog\u00eda en Terrassa\",\"description\":\"Dermatolog\u00eda, Medicina est\u00e9tica, Cirurg\u00eda Pl\u00e0stica\",\"publisher\":{\"@id\":\"https:\\\/\\\/www.idermic.es\\\/#organization\"},\"potentialAction\":[{\"@type\":\"SearchAction\",\"target\":{\"@type\":\"EntryPoint\",\"urlTemplate\":\"https:\\\/\\\/www.idermic.es\\\/?s={search_term_string}\"},\"query-input\":{\"@type\":\"PropertyValueSpecification\",\"valueRequired\":true,\"valueName\":\"search_term_string\"}}],\"inLanguage\":\"es\"},{\"@type\":\"Organization\",\"@id\":\"https:\\\/\\\/www.idermic.es\\\/#organization\",\"name\":\"Idermic. Dermatolog\u00eda en Terrassa\",\"url\":\"https:\\\/\\\/www.idermic.es\\\/\",\"logo\":{\"@type\":\"ImageObject\",\"inLanguage\":\"es\",\"@id\":\"https:\\\/\\\/www.idermic.es\\\/#\\\/schema\\\/logo\\\/image\\\/\",\"url\":\"https:\\\/\\\/www.idermic.es\\\/wp-content\\\/uploads\\\/2025\\\/10\\\/Logo-Idermic.jpg\",\"contentUrl\":\"https:\\\/\\\/www.idermic.es\\\/wp-content\\\/uploads\\\/2025\\\/10\\\/Logo-Idermic.jpg\",\"width\":501,\"height\":502,\"caption\":\"Idermic. Dermatolog\u00eda en Terrassa\"},\"image\":{\"@id\":\"https:\\\/\\\/www.idermic.es\\\/#\\\/schema\\\/logo\\\/image\\\/\"},\"sameAs\":[\"https:\\\/\\\/www.facebook.com\\\/Idermic\",\"https:\\\/\\\/x.com\\\/idermic\",\"https:\\\/\\\/www.instagram.com\\\/idermicclinic\\\/\",\"https:\\\/\\\/www.youtube.com\\\/channel\\\/UCyAHC9-p8lc6hr_nguO8p_g\"]},{\"@type\":\"Person\",\"@id\":\"https:\\\/\\\/www.idermic.es\\\/#\\\/schema\\\/person\\\/c12703027a878b23d3c71c87921a82f8\",\"name\":\"Equipo\",\"image\":{\"@type\":\"ImageObject\",\"inLanguage\":\"es\",\"@id\":\"https:\\\/\\\/secure.gravatar.com\\\/avatar\\\/7ca0be23248108c6b0887e0693b7dcf7764bd3503f84d1f04e6653ef7c3b9420?s=96&d=mm&r=g\",\"url\":\"https:\\\/\\\/secure.gravatar.com\\\/avatar\\\/7ca0be23248108c6b0887e0693b7dcf7764bd3503f84d1f04e6653ef7c3b9420?s=96&d=mm&r=g\",\"contentUrl\":\"https:\\\/\\\/secure.gravatar.com\\\/avatar\\\/7ca0be23248108c6b0887e0693b7dcf7764bd3503f84d1f04e6653ef7c3b9420?s=96&d=mm&r=g\",\"caption\":\"Equipo\"},\"description\":\"Equipo de Idermic\"}]}<\/script>\n<!-- \/ Yoast SEO plugin. -->","yoast_head_json":{"title":"III Congreso de la Sociedad Espa\u00f1ola de Cirug\u00eda Pl\u00e1stica Facial -","description":"La Dra. Marta Vilavella particip\u00f3 como ponente en el III Congreso de la Sociedad Espa\u00f1ola de Cirug\u00eda Pl\u00e1stica Facial (SECPF).","robots":{"index":"index","follow":"follow","max-snippet":"max-snippet:-1","max-image-preview":"max-image-preview:large","max-video-preview":"max-video-preview:-1"},"canonical":"https:\/\/www.idermic.es\/es\/iii-congreso-de-la-sociedad-espanola-de-cirugia-plastica-facial\/","og_locale":"es_ES","og_type":"article","og_title":"III Congreso de la Sociedad Espa\u00f1ola de Cirug\u00eda Pl\u00e1stica Facial -","og_description":"La Dra. Marta Vilavella particip\u00f3 como ponente en el III Congreso de la Sociedad Espa\u00f1ola de Cirug\u00eda Pl\u00e1stica Facial (SECPF).","og_url":"https:\/\/www.idermic.es\/es\/iii-congreso-de-la-sociedad-espanola-de-cirugia-plastica-facial\/","og_site_name":"Idermic. Dermatolog\u00eda en Terrassa","article_publisher":"https:\/\/www.facebook.com\/Idermic","article_published_time":"2024-11-30T09:52:36+00:00","article_modified_time":"2026-06-06T06:59:08+00:00","og_image":[{"width":1080,"height":1349,"url":"https:\/\/www.idermic.es\/wp-content\/uploads\/2024\/12\/III-congreso-de-la-Sociedad-Espanola-de-Cirugia-Plastica-Facial-2.jpg","type":"image\/jpeg"}],"author":"Equipo","twitter_card":"summary_large_image","twitter_creator":"@idermic","twitter_site":"@idermic","twitter_misc":{"Escrito por":"Equipo","Tiempo de lectura":"4 minutos"},"schema":{"@context":"https:\/\/schema.org","@graph":[{"@type":"Article","@id":"https:\/\/www.idermic.es\/es\/iii-congreso-de-la-sociedad-espanola-de-cirugia-plastica-facial\/#article","isPartOf":{"@id":"https:\/\/www.idermic.es\/es\/iii-congreso-de-la-sociedad-espanola-de-cirugia-plastica-facial\/"},"author":{"name":"Equipo","@id":"https:\/\/www.idermic.es\/#\/schema\/person\/c12703027a878b23d3c71c87921a82f8"},"headline":"III Congreso de la Sociedad Espa\u00f1ola de Cirug\u00eda Pl\u00e1stica Facial","datePublished":"2024-11-30T09:52:36+00:00","dateModified":"2026-06-06T06:59:08+00:00","mainEntityOfPage":{"@id":"https:\/\/www.idermic.es\/es\/iii-congreso-de-la-sociedad-espanola-de-cirugia-plastica-facial\/"},"wordCount":1721,"commentCount":0,"publisher":{"@id":"https:\/\/www.idermic.es\/#organization"},"image":{"@id":"https:\/\/www.idermic.es\/es\/iii-congreso-de-la-sociedad-espanola-de-cirugia-plastica-facial\/#primaryimage"},"thumbnailUrl":"https:\/\/www.idermic.es\/wp-content\/uploads\/2024\/12\/III-congreso-de-la-Sociedad-Espanola-de-Cirugia-Plastica-Facial-2.jpg","keywords":["Eventos","piel"],"articleSection":["Tratamientos de Cirug\u00eda Est\u00e9tica"],"inLanguage":"es","potentialAction":[{"@type":"CommentAction","name":"Comment","target":["https:\/\/www.idermic.es\/es\/iii-congreso-de-la-sociedad-espanola-de-cirugia-plastica-facial\/#respond"]}]},{"@type":"WebPage","@id":"https:\/\/www.idermic.es\/es\/iii-congreso-de-la-sociedad-espanola-de-cirugia-plastica-facial\/","url":"https:\/\/www.idermic.es\/es\/iii-congreso-de-la-sociedad-espanola-de-cirugia-plastica-facial\/","name":"III Congreso de la Sociedad Espa\u00f1ola de Cirug\u00eda Pl\u00e1stica Facial -","isPartOf":{"@id":"https:\/\/www.idermic.es\/#website"},"primaryImageOfPage":{"@id":"https:\/\/www.idermic.es\/es\/iii-congreso-de-la-sociedad-espanola-de-cirugia-plastica-facial\/#primaryimage"},"image":{"@id":"https:\/\/www.idermic.es\/es\/iii-congreso-de-la-sociedad-espanola-de-cirugia-plastica-facial\/#primaryimage"},"thumbnailUrl":"https:\/\/www.idermic.es\/wp-content\/uploads\/2024\/12\/III-congreso-de-la-Sociedad-Espanola-de-Cirugia-Plastica-Facial-2.jpg","datePublished":"2024-11-30T09:52:36+00:00","dateModified":"2026-06-06T06:59:08+00:00","description":"La Dra. Marta Vilavella particip\u00f3 como ponente en el III Congreso de la Sociedad Espa\u00f1ola de Cirug\u00eda Pl\u00e1stica Facial (SECPF).","breadcrumb":{"@id":"https:\/\/www.idermic.es\/es\/iii-congreso-de-la-sociedad-espanola-de-cirugia-plastica-facial\/#breadcrumb"},"inLanguage":"es","potentialAction":[{"@type":"ReadAction","target":["https:\/\/www.idermic.es\/es\/iii-congreso-de-la-sociedad-espanola-de-cirugia-plastica-facial\/"]}]},{"@type":"ImageObject","inLanguage":"es","@id":"https:\/\/www.idermic.es\/es\/iii-congreso-de-la-sociedad-espanola-de-cirugia-plastica-facial\/#primaryimage","url":"https:\/\/www.idermic.es\/wp-content\/uploads\/2024\/12\/III-congreso-de-la-Sociedad-Espanola-de-Cirugia-Plastica-Facial-2.jpg","contentUrl":"https:\/\/www.idermic.es\/wp-content\/uploads\/2024\/12\/III-congreso-de-la-Sociedad-Espanola-de-Cirugia-Plastica-Facial-2.jpg","width":1080,"height":1349,"caption":"III Congreso de la Sociedad Espa\u00f1ola de Cirug\u00eda Pl\u00e1stica Facial"},{"@type":"BreadcrumbList","@id":"https:\/\/www.idermic.es\/es\/iii-congreso-de-la-sociedad-espanola-de-cirugia-plastica-facial\/#breadcrumb","itemListElement":[{"@type":"ListItem","position":1,"name":"Inici","item":"https:\/\/www.idermic.es\/es\/"},{"@type":"ListItem","position":2,"name":"III Congreso de la Sociedad Espa\u00f1ola de Cirug\u00eda Pl\u00e1stica Facial"}]},{"@type":"WebSite","@id":"https:\/\/www.idermic.es\/#website","url":"https:\/\/www.idermic.es\/","name":"Idermic. Dermatolog\u00eda en Terrassa","description":"Dermatolog\u00eda, Medicina est\u00e9tica, Cirurg\u00eda Pl\u00e0stica","publisher":{"@id":"https:\/\/www.idermic.es\/#organization"},"potentialAction":[{"@type":"SearchAction","target":{"@type":"EntryPoint","urlTemplate":"https:\/\/www.idermic.es\/?s={search_term_string}"},"query-input":{"@type":"PropertyValueSpecification","valueRequired":true,"valueName":"search_term_string"}}],"inLanguage":"es"},{"@type":"Organization","@id":"https:\/\/www.idermic.es\/#organization","name":"Idermic. Dermatolog\u00eda en Terrassa","url":"https:\/\/www.idermic.es\/","logo":{"@type":"ImageObject","inLanguage":"es","@id":"https:\/\/www.idermic.es\/#\/schema\/logo\/image\/","url":"https:\/\/www.idermic.es\/wp-content\/uploads\/2025\/10\/Logo-Idermic.jpg","contentUrl":"https:\/\/www.idermic.es\/wp-content\/uploads\/2025\/10\/Logo-Idermic.jpg","width":501,"height":502,"caption":"Idermic. Dermatolog\u00eda en Terrassa"},"image":{"@id":"https:\/\/www.idermic.es\/#\/schema\/logo\/image\/"},"sameAs":["https:\/\/www.facebook.com\/Idermic","https:\/\/x.com\/idermic","https:\/\/www.instagram.com\/idermicclinic\/","https:\/\/www.youtube.com\/channel\/UCyAHC9-p8lc6hr_nguO8p_g"]},{"@type":"Person","@id":"https:\/\/www.idermic.es\/#\/schema\/person\/c12703027a878b23d3c71c87921a82f8","name":"Equipo","image":{"@type":"ImageObject","inLanguage":"es","@id":"https:\/\/secure.gravatar.com\/avatar\/7ca0be23248108c6b0887e0693b7dcf7764bd3503f84d1f04e6653ef7c3b9420?s=96&d=mm&r=g","url":"https:\/\/secure.gravatar.com\/avatar\/7ca0be23248108c6b0887e0693b7dcf7764bd3503f84d1f04e6653ef7c3b9420?s=96&d=mm&r=g","contentUrl":"https:\/\/secure.gravatar.com\/avatar\/7ca0be23248108c6b0887e0693b7dcf7764bd3503f84d1f04e6653ef7c3b9420?s=96&d=mm&r=g","caption":"Equipo"},"description":"Equipo de Idermic"}]}},"_links":{"self":[{"href":"https:\/\/www.idermic.es\/es\/wp-json\/wp\/v2\/posts\/6654","targetHints":{"allow":["GET"]}}],"collection":[{"href":"https:\/\/www.idermic.es\/es\/wp-json\/wp\/v2\/posts"}],"about":[{"href":"https:\/\/www.idermic.es\/es\/wp-json\/wp\/v2\/types\/post"}],"author":[{"embeddable":true,"href":"https:\/\/www.idermic.es\/es\/wp-json\/wp\/v2\/users\/3"}],"replies":[{"embeddable":true,"href":"https:\/\/www.idermic.es\/es\/wp-json\/wp\/v2\/comments?post=6654"}],"version-history":[{"count":10,"href":"https:\/\/www.idermic.es\/es\/wp-json\/wp\/v2\/posts\/6654\/revisions"}],"predecessor-version":[{"id":9741,"href":"https:\/\/www.idermic.es\/es\/wp-json\/wp\/v2\/posts\/6654\/revisions\/9741"}],"wp:featuredmedia":[{"embeddable":true,"href":"https:\/\/www.idermic.es\/es\/wp-json\/wp\/v2\/media\/6660"}],"wp:attachment":[{"href":"https:\/\/www.idermic.es\/es\/wp-json\/wp\/v2\/media?parent=6654"}],"wp:term":[{"taxonomy":"category","embeddable":true,"href":"https:\/\/www.idermic.es\/es\/wp-json\/wp\/v2\/categories?post=6654"},{"taxonomy":"post_tag","embeddable":true,"href":"https:\/\/www.idermic.es\/es\/wp-json\/wp\/v2\/tags?post=6654"}],"curies":[{"name":"wp","href":"https:\/\/api.w.org\/{rel}","templated":true}]}}