{"id":6534,"date":"2024-11-04T09:25:55","date_gmt":"2024-11-04T09:25:55","guid":{"rendered":"https:\/\/www.idermic.es\/?p=6534"},"modified":"2024-11-06T11:57:34","modified_gmt":"2024-11-06T11:57:34","slug":"podemos-cerrar-los-poros","status":"publish","type":"post","link":"https:\/\/www.idermic.es\/es\/podemos-cerrar-los-poros\/","title":{"rendered":"\u00bfPodemos cerrar los poros?"},"content":{"rendered":"<div class=\"fusion-fullwidth fullwidth-box fusion-builder-row-1 nonhundred-percent-fullwidth non-hundred-percent-height-scrolling\" style=\"--awb-border-radius-top-left:0px;--awb-border-radius-top-right:0px;--awb-border-radius-bottom-right:0px;--awb-border-radius-bottom-left:0px;--awb-margin-top:32px;--awb-margin-bottom:32px;--awb-flex-wrap:wrap;\" ><div class=\"fusion-builder-row fusion-row\"><div class=\"fusion-layout-column fusion_builder_column fusion-builder-column-0 fusion_builder_column_1_1 1_1 fusion-one-full fusion-column-first fusion-column-last\" style=\"--awb-bg-size:cover;\"><div class=\"fusion-column-wrapper fusion-flex-column-wrapper-legacy\"><div class=\"fusion-text fusion-text-1\"><h1 style=\"text-align: center;\">\u00bfPodemos cerrar los poros?<\/h1>\n<p>La apariencia de los poros en la piel es un tema recurrente en el cuidado facial, y muchas personas buscan soluciones para hacerlos menos visibles. Aunque es com\u00fan escuchar consejos sobre c\u00f3mo cerrar los poros, los expertos en dermatolog\u00eda aclaran que en realidad los poros no pueden cerrarse completamente. A continuaci\u00f3n, se exploran las razones detr\u00e1s de esta afirmaci\u00f3n y se presentan alternativas efectivas para reducir su apariencia.<\/p>\n<h2>\u00bfQu\u00e9 son los poros y por qu\u00e9 se ven abiertos?<\/h2>\n<p>Los poros son peque\u00f1as aberturas en la piel que permiten la liberaci\u00f3n de sebo y sudor, fundamentales para la regulaci\u00f3n de la temperatura y la hidrataci\u00f3n natural de la piel. Estos poros pueden parecer m\u00e1s visibles debido a factores como la gen\u00e9tica, el tipo de piel o la acumulaci\u00f3n de grasa y c\u00e9lulas muertas. Las personas con piel grasa suelen tener poros m\u00e1s notorios, ya que el exceso de sebo tiende a hacerlos m\u00e1s evidentes.<\/p>\n<h2>\u00bfEs posible cerrar los poros?<\/h2>\n<p>Desde un punto de vista dermatol\u00f3gico, los poros no pueden cerrarse porque no tienen m\u00fasculos para abrirse o cerrarse. Sin embargo, algunos productos y tratamientos pueden ayudar a que luzcan m\u00e1s peque\u00f1os. La limpieza adecuada, el uso de exfoliantes y ciertos ingredientes, como los \u00e1cidos alfa y beta hidroxi\u00e1cidos, pueden reducir la acumulaci\u00f3n de grasa y c\u00e9lulas muertas, logrando as\u00ed que los poros parezcan menos dilatados.<\/p>\n<h2>Tratamientos efectivos para reducir la apariencia de los poros<\/h2>\n<h3>Reducci\u00f3n de poros con Luz Pulsada Intensa y L\u00e1ser Fraccionado<\/h3>\n<p>La luz pulsada intensa (IPL) y el l\u00e1ser fraccionado son dos tratamientos dermatol\u00f3gicos avanzados que ayudan a reducir el tama\u00f1o de los poros y mejorar la textura de la piel. Ambos m\u00e9todos estimulan la regeneraci\u00f3n de la piel y promueven una apariencia m\u00e1s uniforme y refinada:<\/p>\n<ul>\n<li><strong>Luz Pulsada Intensa (IPL)<\/strong>: Este tratamiento utiliza pulsos de luz para penetrar en las capas profundas de la piel y reducir las imperfecciones, como los poros dilatados. La IPL estimula la producci\u00f3n de col\u00e1geno, lo que resulta en una piel m\u00e1s firme y con poros menos visibles.<\/li>\n<li><strong>L\u00e1ser Fraccionado<\/strong>: El l\u00e1ser fraccionado emite microcolumnas de energ\u00eda l\u00e1ser que penetran en la piel para estimular su renovaci\u00f3n. Este proceso <a href=\"https:\/\/www.idermic.es\/es\/guia-para-el-cuidado-de-la-piel\/\">mejora la textura de la piel<\/a> al reducir cicatrices, l\u00edneas finas y el tama\u00f1o de los poros. Adem\u00e1s, el tratamiento ayuda a tonificar y unificar el tono de la piel, logrando una apariencia m\u00e1s suave.<\/li>\n<\/ul>\n<p>Ambos tratamientos deben ser realizados por profesionales, ya que requieren experiencia para ajustar la intensidad seg\u00fan las necesidades de cada tipo de piel y garantizar los mejores resultados.<\/p>\n<h3>Estrategias para reducir la apariencia de los poros<\/h3>\n<p>Existen diversas estrategias para minimizar visualmente los poros:<\/p>\n<ol>\n<li><strong>Limpieza diaria<\/strong>: Una rutina de limpieza que elimine la suciedad y el exceso de sebo puede prevenir la obstrucci\u00f3n de los poros, lo que ayuda a reducir su apariencia.<\/li>\n<li><strong>Exfoliaci\u00f3n regular<\/strong>: Usar exfoliantes qu\u00edmicos o f\u00edsicos una o dos veces por semana elimina las c\u00e9lulas muertas que pueden hacer que los poros se vean m\u00e1s grandes. Los \u00e1cidos como el salic\u00edlico, un beta hidroxi\u00e1cido, penetran en los poros y eliminan la grasa acumulada.<\/li>\n<li><strong>Mascarillas de arcilla<\/strong>: Las mascarillas de arcilla ayudan a absorber el exceso de grasa y limpian los poros en profundidad, lo que puede dar a la piel un aspecto m\u00e1s uniforme y refinado.<\/li>\n<li><strong>Protecci\u00f3n solar<\/strong>: La exposici\u00f3n al sol sin protecci\u00f3n da\u00f1a el col\u00e1geno de la piel, lo que contribuye a que los poros se vean m\u00e1s dilatados. Por eso, usar protector solar ayuda a mantener la elasticidad de la piel y a prevenir el agrandamiento de los poros.<\/li>\n<\/ol>\n<h3>Utilizaci\u00f3n del \u00e1cido salic\u00edlico, retinol y \u00e1cido glic\u00f3lico<\/h3>\n<p>Reducir el tama\u00f1o de los poros es una preocupaci\u00f3n com\u00fan en el cuidado de la piel. Entre los ingredientes m\u00e1s efectivos para lograrlo est\u00e1n el \u00e1cido salic\u00edlico, el <a href=\"https:\/\/www.sanibook.net\/diccionario-de-salud\/#retinol\">retinol<\/a> y el \u00e1cido glic\u00f3lico, cada uno con propiedades que ayudan a mejorar la textura de la piel:<\/p>\n<ul>\n<li><strong>\u00c1cido Salic\u00edlico<\/strong>: Este \u00e1cido beta-hidroxi es ideal para limpiar los poros en profundidad. Su capacidad de penetrar en el sebo permite descomponer y eliminar impurezas, reduciendo visiblemente el tama\u00f1o de los poros.<\/li>\n<li><strong>Retinol<\/strong>: Este derivado de la vitamina A promueve la renovaci\u00f3n celular y estimula la producci\u00f3n de col\u00e1geno, lo que contribuye a una piel m\u00e1s firme y con poros menos visibles. Sin embargo, es importante usarlo de manera gradual y acompa\u00f1arlo de protector solar.<\/li>\n<li><strong>\u00c1cido Glic\u00f3lico<\/strong>: Pertenece a los alfa-hidroxi\u00e1cidos (AHAs) y act\u00faa exfoliando la superficie de la piel. Al eliminar c\u00e9lulas muertas, mejora la textura y claridad de la piel, logrando una apariencia m\u00e1s suave y uniforme.<\/li>\n<\/ul>\n<p>El uso adecuado de estos ingredientes, junto con una buena rutina de limpieza e hidrataci\u00f3n, puede ser clave para lograr una piel con poros menos notorios y m\u00e1s saludable.<\/p>\n<h2>Alternativas cosm\u00e9ticas para camuflar los poros<\/h2>\n<p>Adem\u00e1s de los tratamientos, existen productos cosm\u00e9ticos que ayudan a disimular los poros. Los primers o prebases con efecto matificante pueden suavizar la textura de la piel y reducir el brillo, mientras que las bases de maquillaje espec\u00edficas para pieles grasas contribuyen a un acabado uniforme.<\/p>\n<p>Si bien los poros no pueden cerrarse, existen m\u00faltiples estrategias para reducir su visibilidad. Una rutina de cuidado facial adecuada y el uso de productos espec\u00edficos pueden mejorar la apariencia de los poros y mantener la piel con un aspecto saludable y uniforme.<\/p>\n<p>Para cualquier consulta sobre los posibles tratamientos para reducci\u00f3n de poros en la piel, en Idermic, tu <a href=\"http:\/\/idermic.es\/\">dermat\u00f3logo en Terrassa<\/a> estaremos encantados de atenderte.<\/p>\n<\/div><blockquote class=\"instagram-media\" data-instgrm-captioned data-instgrm-permalink=\"https:\/\/www.instagram.com\/reel\/DBq-EgdIaEQ\/?utm_source=ig_embed&utm_campaign=loading\" data-instgrm-version=\"14\" style=\" background:#FFF; border:0; border-radius:3px; box-shadow:0 0 1px 0 rgba(0,0,0,0.5),0 1px 10px 0 rgba(0,0,0,0.15); margin: 1px; max-width:540px; min-width:326px; padding:0; width:99.375%; width:-webkit-calc(100% - 2px); width:calc(100% - 2px);\"><div style=\"padding:16px;\"> <a href=\"https:\/\/www.instagram.com\/reel\/DBq-EgdIaEQ\/?utm_source=ig_embed&utm_campaign=loading\" style=\" background:#FFFFFF; line-height:0; padding:0 0; text-align:center; text-decoration:none; width:100%;\" target=\"_blank\"> <div style=\" display: flex; flex-direction: row; align-items: center;\"> <div style=\"background-color: #F4F4F4; border-radius: 50%; flex-grow: 0; height: 40px; margin-right: 14px; width: 40px;\"><\/div> <div style=\"display: flex; flex-direction: column; flex-grow: 1; justify-content: center;\"> <div style=\" background-color: #F4F4F4; border-radius: 4px; flex-grow: 0; height: 14px; margin-bottom: 6px; width: 100px;\"><\/div> <div style=\" background-color: #F4F4F4; border-radius: 4px; flex-grow: 0; height: 14px; width: 60px;\"><\/div><\/div><\/div><div style=\"padding: 19% 0;\"><\/div> <div style=\"display:block; height:50px; margin:0 auto 12px; width:50px;\"><svg width=\"50px\" height=\"50px\" viewBox=\"0 0 60 60\" version=\"1.1\" xmlns=\"https:\/\/www.w3.org\/2000\/svg\" xmlns:xlink=\"https:\/\/www.w3.org\/1999\/xlink\"><g stroke=\"none\" stroke-width=\"1\" fill=\"none\" fill-rule=\"evenodd\"><g transform=\"translate(-511.000000, -20.000000)\" fill=\"#000000\"><g><path d=\"M556.869,30.41 C554.814,30.41 553.148,32.076 553.148,34.131 C553.148,36.186 554.814,37.852 556.869,37.852 C558.924,37.852 560.59,36.186 560.59,34.131 C560.59,32.076 558.924,30.41 556.869,30.41 M541,60.657 C535.114,60.657 530.342,55.887 530.342,50 C530.342,44.114 535.114,39.342 541,39.342 C546.887,39.342 551.658,44.114 551.658,50 C551.658,55.887 546.887,60.657 541,60.657 M541,33.886 C532.1,33.886 524.886,41.1 524.886,50 C524.886,58.899 532.1,66.113 541,66.113 C549.9,66.113 557.115,58.899 557.115,50 C557.115,41.1 549.9,33.886 541,33.886 M565.378,62.101 C565.244,65.022 564.756,66.606 564.346,67.663 C563.803,69.06 563.154,70.057 562.106,71.106 C561.058,72.155 560.06,72.803 558.662,73.347 C557.607,73.757 556.021,74.244 553.102,74.378 C549.944,74.521 548.997,74.552 541,74.552 C533.003,74.552 532.056,74.521 528.898,74.378 C525.979,74.244 524.393,73.757 523.338,73.347 C521.94,72.803 520.942,72.155 519.894,71.106 C518.846,70.057 518.197,69.06 517.654,67.663 C517.244,66.606 516.755,65.022 516.623,62.101 C516.479,58.943 516.448,57.996 516.448,50 C516.448,42.003 516.479,41.056 516.623,37.899 C516.755,34.978 517.244,33.391 517.654,32.338 C518.197,30.938 518.846,29.942 519.894,28.894 C520.942,27.846 521.94,27.196 523.338,26.654 C524.393,26.244 525.979,25.756 528.898,25.623 C532.057,25.479 533.004,25.448 541,25.448 C548.997,25.448 549.943,25.479 553.102,25.623 C556.021,25.756 557.607,26.244 558.662,26.654 C560.06,27.196 561.058,27.846 562.106,28.894 C563.154,29.942 563.803,30.938 564.346,32.338 C564.756,33.391 565.244,34.978 565.378,37.899 C565.522,41.056 565.552,42.003 565.552,50 C565.552,57.996 565.522,58.943 565.378,62.101 M570.82,37.631 C570.674,34.438 570.167,32.258 569.425,30.349 C568.659,28.377 567.633,26.702 565.965,25.035 C564.297,23.368 562.623,22.342 560.652,21.575 C558.743,20.834 556.562,20.326 553.369,20.18 C550.169,20.033 549.148,20 541,20 C532.853,20 531.831,20.033 528.631,20.18 C525.438,20.326 523.257,20.834 521.349,21.575 C519.376,22.342 517.703,23.368 516.035,25.035 C514.368,26.702 513.342,28.377 512.574,30.349 C511.834,32.258 511.326,34.438 511.181,37.631 C511.035,40.831 511,41.851 511,50 C511,58.147 511.035,59.17 511.181,62.369 C511.326,65.562 511.834,67.743 512.574,69.651 C513.342,71.625 514.368,73.296 516.035,74.965 C517.703,76.634 519.376,77.658 521.349,78.425 C523.257,79.167 525.438,79.673 528.631,79.82 C531.831,79.965 532.853,80.001 541,80.001 C549.148,80.001 550.169,79.965 553.369,79.82 C556.562,79.673 558.743,79.167 560.652,78.425 C562.623,77.658 564.297,76.634 565.965,74.965 C567.633,73.296 568.659,71.625 569.425,69.651 C570.167,67.743 570.674,65.562 570.82,62.369 C570.966,59.17 571,58.147 571,50 C571,41.851 570.966,40.831 570.82,37.631\"><\/path><\/g><\/g><\/g><\/svg><\/div><div style=\"padding-top: 8px;\"> <div style=\" color:#3897f0; font-family:Arial,sans-serif; font-size:14px; font-style:normal; font-weight:550; line-height:18px;\">Ver esta publicaci\u00f3n en Instagram<\/div><\/div><div style=\"padding: 12.5% 0;\"><\/div> <div style=\"display: flex; flex-direction: row; margin-bottom: 14px; align-items: center;\"><div> <div style=\"background-color: #F4F4F4; border-radius: 50%; height: 12.5px; width: 12.5px; transform: translateX(0px) translateY(7px);\"><\/div> <div style=\"background-color: #F4F4F4; height: 12.5px; transform: rotate(-45deg) translateX(3px) translateY(1px); width: 12.5px; flex-grow: 0; margin-right: 14px; margin-left: 2px;\"><\/div> <div style=\"background-color: #F4F4F4; border-radius: 50%; height: 12.5px; width: 12.5px; transform: translateX(9px) translateY(-18px);\"><\/div><\/div><div style=\"margin-left: 8px;\"> <div style=\" background-color: #F4F4F4; border-radius: 50%; flex-grow: 0; height: 20px; width: 20px;\"><\/div> <div style=\" width: 0; height: 0; border-top: 2px solid transparent; border-left: 6px solid #f4f4f4; border-bottom: 2px solid transparent; transform: translateX(16px) translateY(-4px) rotate(30deg)\"><\/div><\/div><div style=\"margin-left: auto;\"> <div style=\" width: 0px; border-top: 8px solid #F4F4F4; border-right: 8px solid transparent; transform: translateY(16px);\"><\/div> <div style=\" background-color: #F4F4F4; flex-grow: 0; height: 12px; width: 16px; transform: translateY(-4px);\"><\/div> <div style=\" width: 0; height: 0; border-top: 8px solid #F4F4F4; border-left: 8px solid transparent; transform: translateY(-4px) translateX(8px);\"><\/div><\/div><\/div> <div style=\"display: flex; flex-direction: column; flex-grow: 1; justify-content: center; margin-bottom: 24px;\"> <div style=\" background-color: #F4F4F4; border-radius: 4px; flex-grow: 0; height: 14px; margin-bottom: 6px; width: 224px;\"><\/div> <div style=\" background-color: #F4F4F4; border-radius: 4px; flex-grow: 0; height: 14px; width: 144px;\"><\/div><\/div><\/a><p style=\" color:#c9c8cd; font-family:Arial,sans-serif; font-size:14px; line-height:17px; margin-bottom:0; margin-top:8px; overflow:hidden; padding:8px 0 7px; text-align:center; text-overflow:ellipsis; white-space:nowrap;\"><a href=\"https:\/\/www.instagram.com\/reel\/DBq-EgdIaEQ\/?utm_source=ig_embed&utm_campaign=loading\" style=\" color:#c9c8cd; font-family:Arial,sans-serif; font-size:14px; font-style:normal; font-weight:normal; line-height:17px; text-decoration:none;\" target=\"_blank\">Una publicaci\u00f3n compartida de Dermatolog\u00eda m\u00e9dica y est\u00e9tica (@idermicclinic)<\/a><\/p><\/div><\/blockquote>\n<script async src=\"\/\/www.instagram.com\/embed.js\"><\/script><div class=\"fusion-clearfix\"><\/div><\/div><\/div><\/div><div class=\"fusion-builder-row fusion-row\"><\/div><\/div>\n","protected":false},"excerpt":{"rendered":"<p>Descubre si es posible cerrar los poros y reducir su apariencia en la piel y qu\u00e9 cuidados son clave para una textura m\u00e1s uniforme.<\/p>\n","protected":false},"author":3,"featured_media":6538,"comment_status":"open","ping_status":"closed","sticky":false,"template":"","format":"standard","meta":{"_joinchat":[],"footnotes":""},"categories":[60],"tags":[104],"class_list":["post-6534","post","type-post","status-publish","format-standard","has-post-thumbnail","hentry","category-dermatologia-estetica-es","tag-piel"],"yoast_head":"<!-- This site is optimized with the Yoast SEO plugin v28.4 - https:\/\/yoast.com\/product\/yoast-seo-wordpress\/ -->\n<title>\u00bfPodemos cerrar los poros? -<\/title>\n<meta name=\"description\" content=\"Descubre si es posible cerrar los poros y reducir su apariencia en la piel y qu\u00e9 cuidados son clave para una textura m\u00e1s uniforme.\" \/>\n<meta name=\"robots\" content=\"index, follow, max-snippet:-1, max-image-preview:large, max-video-preview:-1\" \/>\n<link rel=\"canonical\" href=\"https:\/\/www.idermic.es\/es\/podemos-cerrar-los-poros\/\" \/>\n<meta property=\"og:locale\" content=\"es_ES\" \/>\n<meta property=\"og:type\" content=\"article\" \/>\n<meta property=\"og:title\" content=\"\u00bfPodemos cerrar los poros? -\" \/>\n<meta property=\"og:description\" content=\"Descubre si es posible cerrar los poros y reducir su apariencia en la piel y qu\u00e9 cuidados son clave para una textura m\u00e1s uniforme.\" \/>\n<meta property=\"og:url\" content=\"https:\/\/www.idermic.es\/es\/podemos-cerrar-los-poros\/\" \/>\n<meta property=\"og:site_name\" content=\"Idermic. Dermatolog\u00eda en Terrassa\" \/>\n<meta property=\"article:publisher\" content=\"https:\/\/www.facebook.com\/Idermic\" \/>\n<meta property=\"article:published_time\" content=\"2024-11-04T09:25:55+00:00\" \/>\n<meta property=\"article:modified_time\" content=\"2024-11-06T11:57:34+00:00\" \/>\n<meta property=\"og:image\" content=\"https:\/\/www.idermic.es\/wp-content\/uploads\/2024\/11\/DALL\u00b7E-2024-11-04-09.49.23-A-close-up-realistic-image-of-a-persons-cheek-and-nose-area-with-visibly-refined-smooth-skin-texture-highlighting-minimized-pores.-The-skin-appear.webp\" \/>\n\t<meta property=\"og:image:width\" content=\"1024\" \/>\n\t<meta property=\"og:image:height\" content=\"1024\" \/>\n\t<meta property=\"og:image:type\" content=\"image\/webp\" \/>\n<meta name=\"author\" content=\"Equipo\" \/>\n<meta name=\"twitter:card\" content=\"summary_large_image\" \/>\n<meta name=\"twitter:creator\" content=\"@idermic\" \/>\n<meta name=\"twitter:site\" content=\"@idermic\" \/>\n<meta name=\"twitter:label1\" content=\"Escrito por\" \/>\n\t<meta name=\"twitter:data1\" content=\"Equipo\" \/>\n\t<meta name=\"twitter:label2\" content=\"Tiempo de lectura\" \/>\n\t<meta name=\"twitter:data2\" content=\"6 minutos\" \/>\n<script type=\"application\/ld+json\" class=\"yoast-schema-graph\">{\"@context\":\"https:\\\/\\\/schema.org\",\"@graph\":[{\"@type\":\"Article\",\"@id\":\"https:\\\/\\\/www.idermic.es\\\/es\\\/podemos-cerrar-los-poros\\\/#article\",\"isPartOf\":{\"@id\":\"https:\\\/\\\/www.idermic.es\\\/es\\\/podemos-cerrar-los-poros\\\/\"},\"author\":{\"name\":\"Equipo\",\"@id\":\"https:\\\/\\\/www.idermic.es\\\/#\\\/schema\\\/person\\\/c12703027a878b23d3c71c87921a82f8\"},\"headline\":\"\u00bfPodemos cerrar los poros?\",\"datePublished\":\"2024-11-04T09:25:55+00:00\",\"dateModified\":\"2024-11-06T11:57:34+00:00\",\"mainEntityOfPage\":{\"@id\":\"https:\\\/\\\/www.idermic.es\\\/es\\\/podemos-cerrar-los-poros\\\/\"},\"wordCount\":2421,\"commentCount\":0,\"publisher\":{\"@id\":\"https:\\\/\\\/www.idermic.es\\\/#organization\"},\"image\":{\"@id\":\"https:\\\/\\\/www.idermic.es\\\/es\\\/podemos-cerrar-los-poros\\\/#primaryimage\"},\"thumbnailUrl\":\"https:\\\/\\\/www.idermic.es\\\/wp-content\\\/uploads\\\/2024\\\/11\\\/DALL\u00b7E-2024-11-04-09.49.23-A-close-up-realistic-image-of-a-persons-cheek-and-nose-area-with-visibly-refined-smooth-skin-texture-highlighting-minimized-pores.-The-skin-appear.webp\",\"keywords\":[\"piel\"],\"articleSection\":[\"Dermatologia est\u00e8tica\"],\"inLanguage\":\"es\",\"potentialAction\":[{\"@type\":\"CommentAction\",\"name\":\"Comment\",\"target\":[\"https:\\\/\\\/www.idermic.es\\\/es\\\/podemos-cerrar-los-poros\\\/#respond\"]}]},{\"@type\":\"WebPage\",\"@id\":\"https:\\\/\\\/www.idermic.es\\\/es\\\/podemos-cerrar-los-poros\\\/\",\"url\":\"https:\\\/\\\/www.idermic.es\\\/es\\\/podemos-cerrar-los-poros\\\/\",\"name\":\"\u00bfPodemos cerrar los poros? -\",\"isPartOf\":{\"@id\":\"https:\\\/\\\/www.idermic.es\\\/#website\"},\"primaryImageOfPage\":{\"@id\":\"https:\\\/\\\/www.idermic.es\\\/es\\\/podemos-cerrar-los-poros\\\/#primaryimage\"},\"image\":{\"@id\":\"https:\\\/\\\/www.idermic.es\\\/es\\\/podemos-cerrar-los-poros\\\/#primaryimage\"},\"thumbnailUrl\":\"https:\\\/\\\/www.idermic.es\\\/wp-content\\\/uploads\\\/2024\\\/11\\\/DALL\u00b7E-2024-11-04-09.49.23-A-close-up-realistic-image-of-a-persons-cheek-and-nose-area-with-visibly-refined-smooth-skin-texture-highlighting-minimized-pores.-The-skin-appear.webp\",\"datePublished\":\"2024-11-04T09:25:55+00:00\",\"dateModified\":\"2024-11-06T11:57:34+00:00\",\"description\":\"Descubre si es posible cerrar los poros y reducir su apariencia en la piel y qu\u00e9 cuidados son clave para una textura m\u00e1s uniforme.\",\"breadcrumb\":{\"@id\":\"https:\\\/\\\/www.idermic.es\\\/es\\\/podemos-cerrar-los-poros\\\/#breadcrumb\"},\"inLanguage\":\"es\",\"potentialAction\":[{\"@type\":\"ReadAction\",\"target\":[\"https:\\\/\\\/www.idermic.es\\\/es\\\/podemos-cerrar-los-poros\\\/\"]}]},{\"@type\":\"ImageObject\",\"inLanguage\":\"es\",\"@id\":\"https:\\\/\\\/www.idermic.es\\\/es\\\/podemos-cerrar-los-poros\\\/#primaryimage\",\"url\":\"https:\\\/\\\/www.idermic.es\\\/wp-content\\\/uploads\\\/2024\\\/11\\\/DALL\u00b7E-2024-11-04-09.49.23-A-close-up-realistic-image-of-a-persons-cheek-and-nose-area-with-visibly-refined-smooth-skin-texture-highlighting-minimized-pores.-The-skin-appear.webp\",\"contentUrl\":\"https:\\\/\\\/www.idermic.es\\\/wp-content\\\/uploads\\\/2024\\\/11\\\/DALL\u00b7E-2024-11-04-09.49.23-A-close-up-realistic-image-of-a-persons-cheek-and-nose-area-with-visibly-refined-smooth-skin-texture-highlighting-minimized-pores.-The-skin-appear.webp\",\"width\":1024,\"height\":1024,\"caption\":\"\u00bfPodemos cerrar los poros?\"},{\"@type\":\"BreadcrumbList\",\"@id\":\"https:\\\/\\\/www.idermic.es\\\/es\\\/podemos-cerrar-los-poros\\\/#breadcrumb\",\"itemListElement\":[{\"@type\":\"ListItem\",\"position\":1,\"name\":\"Inici\",\"item\":\"https:\\\/\\\/www.idermic.es\\\/es\\\/\"},{\"@type\":\"ListItem\",\"position\":2,\"name\":\"\u00bfPodemos cerrar los poros?\"}]},{\"@type\":\"WebSite\",\"@id\":\"https:\\\/\\\/www.idermic.es\\\/#website\",\"url\":\"https:\\\/\\\/www.idermic.es\\\/\",\"name\":\"Idermic. Dermatolog\u00eda en Terrassa\",\"description\":\"Dermatolog\u00eda, Medicina est\u00e9tica, Cirurg\u00eda Pl\u00e0stica\",\"publisher\":{\"@id\":\"https:\\\/\\\/www.idermic.es\\\/#organization\"},\"potentialAction\":[{\"@type\":\"SearchAction\",\"target\":{\"@type\":\"EntryPoint\",\"urlTemplate\":\"https:\\\/\\\/www.idermic.es\\\/?s={search_term_string}\"},\"query-input\":{\"@type\":\"PropertyValueSpecification\",\"valueRequired\":true,\"valueName\":\"search_term_string\"}}],\"inLanguage\":\"es\"},{\"@type\":\"Organization\",\"@id\":\"https:\\\/\\\/www.idermic.es\\\/#organization\",\"name\":\"Idermic. Dermatolog\u00eda en Terrassa\",\"url\":\"https:\\\/\\\/www.idermic.es\\\/\",\"logo\":{\"@type\":\"ImageObject\",\"inLanguage\":\"es\",\"@id\":\"https:\\\/\\\/www.idermic.es\\\/#\\\/schema\\\/logo\\\/image\\\/\",\"url\":\"https:\\\/\\\/www.idermic.es\\\/wp-content\\\/uploads\\\/2025\\\/10\\\/Logo-Idermic.jpg\",\"contentUrl\":\"https:\\\/\\\/www.idermic.es\\\/wp-content\\\/uploads\\\/2025\\\/10\\\/Logo-Idermic.jpg\",\"width\":501,\"height\":502,\"caption\":\"Idermic. Dermatolog\u00eda en Terrassa\"},\"image\":{\"@id\":\"https:\\\/\\\/www.idermic.es\\\/#\\\/schema\\\/logo\\\/image\\\/\"},\"sameAs\":[\"https:\\\/\\\/www.facebook.com\\\/Idermic\",\"https:\\\/\\\/x.com\\\/idermic\",\"https:\\\/\\\/www.instagram.com\\\/idermicclinic\\\/\",\"https:\\\/\\\/www.youtube.com\\\/channel\\\/UCyAHC9-p8lc6hr_nguO8p_g\"]},{\"@type\":\"Person\",\"@id\":\"https:\\\/\\\/www.idermic.es\\\/#\\\/schema\\\/person\\\/c12703027a878b23d3c71c87921a82f8\",\"name\":\"Equipo\",\"image\":{\"@type\":\"ImageObject\",\"inLanguage\":\"es\",\"@id\":\"https:\\\/\\\/secure.gravatar.com\\\/avatar\\\/7ca0be23248108c6b0887e0693b7dcf7764bd3503f84d1f04e6653ef7c3b9420?s=96&d=mm&r=g\",\"url\":\"https:\\\/\\\/secure.gravatar.com\\\/avatar\\\/7ca0be23248108c6b0887e0693b7dcf7764bd3503f84d1f04e6653ef7c3b9420?s=96&d=mm&r=g\",\"contentUrl\":\"https:\\\/\\\/secure.gravatar.com\\\/avatar\\\/7ca0be23248108c6b0887e0693b7dcf7764bd3503f84d1f04e6653ef7c3b9420?s=96&d=mm&r=g\",\"caption\":\"Equipo\"},\"description\":\"Equipo de Idermic\"}]}<\/script>\n<!-- \/ Yoast SEO plugin. -->","yoast_head_json":{"title":"\u00bfPodemos cerrar los poros? -","description":"Descubre si es posible cerrar los poros y reducir su apariencia en la piel y qu\u00e9 cuidados son clave para una textura m\u00e1s uniforme.","robots":{"index":"index","follow":"follow","max-snippet":"max-snippet:-1","max-image-preview":"max-image-preview:large","max-video-preview":"max-video-preview:-1"},"canonical":"https:\/\/www.idermic.es\/es\/podemos-cerrar-los-poros\/","og_locale":"es_ES","og_type":"article","og_title":"\u00bfPodemos cerrar los poros? -","og_description":"Descubre si es posible cerrar los poros y reducir su apariencia en la piel y qu\u00e9 cuidados son clave para una textura m\u00e1s uniforme.","og_url":"https:\/\/www.idermic.es\/es\/podemos-cerrar-los-poros\/","og_site_name":"Idermic. Dermatolog\u00eda en Terrassa","article_publisher":"https:\/\/www.facebook.com\/Idermic","article_published_time":"2024-11-04T09:25:55+00:00","article_modified_time":"2024-11-06T11:57:34+00:00","og_image":[{"width":1024,"height":1024,"url":"https:\/\/www.idermic.es\/wp-content\/uploads\/2024\/11\/DALL\u00b7E-2024-11-04-09.49.23-A-close-up-realistic-image-of-a-persons-cheek-and-nose-area-with-visibly-refined-smooth-skin-texture-highlighting-minimized-pores.-The-skin-appear.webp","type":"image\/webp"}],"author":"Equipo","twitter_card":"summary_large_image","twitter_creator":"@idermic","twitter_site":"@idermic","twitter_misc":{"Escrito por":"Equipo","Tiempo de lectura":"6 minutos"},"schema":{"@context":"https:\/\/schema.org","@graph":[{"@type":"Article","@id":"https:\/\/www.idermic.es\/es\/podemos-cerrar-los-poros\/#article","isPartOf":{"@id":"https:\/\/www.idermic.es\/es\/podemos-cerrar-los-poros\/"},"author":{"name":"Equipo","@id":"https:\/\/www.idermic.es\/#\/schema\/person\/c12703027a878b23d3c71c87921a82f8"},"headline":"\u00bfPodemos cerrar los poros?","datePublished":"2024-11-04T09:25:55+00:00","dateModified":"2024-11-06T11:57:34+00:00","mainEntityOfPage":{"@id":"https:\/\/www.idermic.es\/es\/podemos-cerrar-los-poros\/"},"wordCount":2421,"commentCount":0,"publisher":{"@id":"https:\/\/www.idermic.es\/#organization"},"image":{"@id":"https:\/\/www.idermic.es\/es\/podemos-cerrar-los-poros\/#primaryimage"},"thumbnailUrl":"https:\/\/www.idermic.es\/wp-content\/uploads\/2024\/11\/DALL\u00b7E-2024-11-04-09.49.23-A-close-up-realistic-image-of-a-persons-cheek-and-nose-area-with-visibly-refined-smooth-skin-texture-highlighting-minimized-pores.-The-skin-appear.webp","keywords":["piel"],"articleSection":["Dermatologia est\u00e8tica"],"inLanguage":"es","potentialAction":[{"@type":"CommentAction","name":"Comment","target":["https:\/\/www.idermic.es\/es\/podemos-cerrar-los-poros\/#respond"]}]},{"@type":"WebPage","@id":"https:\/\/www.idermic.es\/es\/podemos-cerrar-los-poros\/","url":"https:\/\/www.idermic.es\/es\/podemos-cerrar-los-poros\/","name":"\u00bfPodemos cerrar los poros? -","isPartOf":{"@id":"https:\/\/www.idermic.es\/#website"},"primaryImageOfPage":{"@id":"https:\/\/www.idermic.es\/es\/podemos-cerrar-los-poros\/#primaryimage"},"image":{"@id":"https:\/\/www.idermic.es\/es\/podemos-cerrar-los-poros\/#primaryimage"},"thumbnailUrl":"https:\/\/www.idermic.es\/wp-content\/uploads\/2024\/11\/DALL\u00b7E-2024-11-04-09.49.23-A-close-up-realistic-image-of-a-persons-cheek-and-nose-area-with-visibly-refined-smooth-skin-texture-highlighting-minimized-pores.-The-skin-appear.webp","datePublished":"2024-11-04T09:25:55+00:00","dateModified":"2024-11-06T11:57:34+00:00","description":"Descubre si es posible cerrar los poros y reducir su apariencia en la piel y qu\u00e9 cuidados son clave para una textura m\u00e1s uniforme.","breadcrumb":{"@id":"https:\/\/www.idermic.es\/es\/podemos-cerrar-los-poros\/#breadcrumb"},"inLanguage":"es","potentialAction":[{"@type":"ReadAction","target":["https:\/\/www.idermic.es\/es\/podemos-cerrar-los-poros\/"]}]},{"@type":"ImageObject","inLanguage":"es","@id":"https:\/\/www.idermic.es\/es\/podemos-cerrar-los-poros\/#primaryimage","url":"https:\/\/www.idermic.es\/wp-content\/uploads\/2024\/11\/DALL\u00b7E-2024-11-04-09.49.23-A-close-up-realistic-image-of-a-persons-cheek-and-nose-area-with-visibly-refined-smooth-skin-texture-highlighting-minimized-pores.-The-skin-appear.webp","contentUrl":"https:\/\/www.idermic.es\/wp-content\/uploads\/2024\/11\/DALL\u00b7E-2024-11-04-09.49.23-A-close-up-realistic-image-of-a-persons-cheek-and-nose-area-with-visibly-refined-smooth-skin-texture-highlighting-minimized-pores.-The-skin-appear.webp","width":1024,"height":1024,"caption":"\u00bfPodemos cerrar los poros?"},{"@type":"BreadcrumbList","@id":"https:\/\/www.idermic.es\/es\/podemos-cerrar-los-poros\/#breadcrumb","itemListElement":[{"@type":"ListItem","position":1,"name":"Inici","item":"https:\/\/www.idermic.es\/es\/"},{"@type":"ListItem","position":2,"name":"\u00bfPodemos cerrar los poros?"}]},{"@type":"WebSite","@id":"https:\/\/www.idermic.es\/#website","url":"https:\/\/www.idermic.es\/","name":"Idermic. Dermatolog\u00eda en Terrassa","description":"Dermatolog\u00eda, Medicina est\u00e9tica, Cirurg\u00eda Pl\u00e0stica","publisher":{"@id":"https:\/\/www.idermic.es\/#organization"},"potentialAction":[{"@type":"SearchAction","target":{"@type":"EntryPoint","urlTemplate":"https:\/\/www.idermic.es\/?s={search_term_string}"},"query-input":{"@type":"PropertyValueSpecification","valueRequired":true,"valueName":"search_term_string"}}],"inLanguage":"es"},{"@type":"Organization","@id":"https:\/\/www.idermic.es\/#organization","name":"Idermic. Dermatolog\u00eda en Terrassa","url":"https:\/\/www.idermic.es\/","logo":{"@type":"ImageObject","inLanguage":"es","@id":"https:\/\/www.idermic.es\/#\/schema\/logo\/image\/","url":"https:\/\/www.idermic.es\/wp-content\/uploads\/2025\/10\/Logo-Idermic.jpg","contentUrl":"https:\/\/www.idermic.es\/wp-content\/uploads\/2025\/10\/Logo-Idermic.jpg","width":501,"height":502,"caption":"Idermic. Dermatolog\u00eda en Terrassa"},"image":{"@id":"https:\/\/www.idermic.es\/#\/schema\/logo\/image\/"},"sameAs":["https:\/\/www.facebook.com\/Idermic","https:\/\/x.com\/idermic","https:\/\/www.instagram.com\/idermicclinic\/","https:\/\/www.youtube.com\/channel\/UCyAHC9-p8lc6hr_nguO8p_g"]},{"@type":"Person","@id":"https:\/\/www.idermic.es\/#\/schema\/person\/c12703027a878b23d3c71c87921a82f8","name":"Equipo","image":{"@type":"ImageObject","inLanguage":"es","@id":"https:\/\/secure.gravatar.com\/avatar\/7ca0be23248108c6b0887e0693b7dcf7764bd3503f84d1f04e6653ef7c3b9420?s=96&d=mm&r=g","url":"https:\/\/secure.gravatar.com\/avatar\/7ca0be23248108c6b0887e0693b7dcf7764bd3503f84d1f04e6653ef7c3b9420?s=96&d=mm&r=g","contentUrl":"https:\/\/secure.gravatar.com\/avatar\/7ca0be23248108c6b0887e0693b7dcf7764bd3503f84d1f04e6653ef7c3b9420?s=96&d=mm&r=g","caption":"Equipo"},"description":"Equipo de Idermic"}]}},"_links":{"self":[{"href":"https:\/\/www.idermic.es\/es\/wp-json\/wp\/v2\/posts\/6534","targetHints":{"allow":["GET"]}}],"collection":[{"href":"https:\/\/www.idermic.es\/es\/wp-json\/wp\/v2\/posts"}],"about":[{"href":"https:\/\/www.idermic.es\/es\/wp-json\/wp\/v2\/types\/post"}],"author":[{"embeddable":true,"href":"https:\/\/www.idermic.es\/es\/wp-json\/wp\/v2\/users\/3"}],"replies":[{"embeddable":true,"href":"https:\/\/www.idermic.es\/es\/wp-json\/wp\/v2\/comments?post=6534"}],"version-history":[{"count":9,"href":"https:\/\/www.idermic.es\/es\/wp-json\/wp\/v2\/posts\/6534\/revisions"}],"predecessor-version":[{"id":6571,"href":"https:\/\/www.idermic.es\/es\/wp-json\/wp\/v2\/posts\/6534\/revisions\/6571"}],"wp:featuredmedia":[{"embeddable":true,"href":"https:\/\/www.idermic.es\/es\/wp-json\/wp\/v2\/media\/6538"}],"wp:attachment":[{"href":"https:\/\/www.idermic.es\/es\/wp-json\/wp\/v2\/media?parent=6534"}],"wp:term":[{"taxonomy":"category","embeddable":true,"href":"https:\/\/www.idermic.es\/es\/wp-json\/wp\/v2\/categories?post=6534"},{"taxonomy":"post_tag","embeddable":true,"href":"https:\/\/www.idermic.es\/es\/wp-json\/wp\/v2\/tags?post=6534"}],"curies":[{"name":"wp","href":"https:\/\/api.w.org\/{rel}","templated":true}]}}