{"id":6480,"date":"2024-10-15T09:26:50","date_gmt":"2024-10-15T09:26:50","guid":{"rendered":"https:\/\/www.idermic.es\/?p=6480"},"modified":"2025-11-21T12:52:30","modified_gmt":"2025-11-21T12:52:30","slug":"impetigo-en-ninos","status":"publish","type":"post","link":"https:\/\/www.idermic.es\/es\/impetigo-en-ninos\/","title":{"rendered":"Imp\u00e9tigo en ni\u00f1os"},"content":{"rendered":"<div class=\"fusion-fullwidth fullwidth-box fusion-builder-row-1 nonhundred-percent-fullwidth non-hundred-percent-height-scrolling\" style=\"--awb-border-radius-top-left:0px;--awb-border-radius-top-right:0px;--awb-border-radius-bottom-right:0px;--awb-border-radius-bottom-left:0px;--awb-margin-top:32px;--awb-margin-bottom:32px;--awb-flex-wrap:wrap;\" ><div class=\"fusion-builder-row fusion-row\"><div class=\"fusion-layout-column fusion_builder_column fusion-builder-column-0 fusion_builder_column_1_1 1_1 fusion-one-full fusion-column-first fusion-column-last\" style=\"--awb-bg-size:cover;\"><div class=\"fusion-column-wrapper fusion-flex-column-wrapper-legacy\"><div class=\"fusion-text fusion-text-1\"><h1 style=\"text-align: center;\">Imp\u00e9tigo en ni\u00f1os<\/h1>\n<p>El <a href=\"https:\/\/www.idermic.es\/es\/enfermedades-dermatologicas\/#impetigo\"><strong>imp\u00e9tigo<\/strong><\/a> es una infecci\u00f3n cut\u00e1nea altamente contagiosa que afecta principalmente a los ni\u00f1os peque\u00f1os. Esta afecci\u00f3n es causada por bacterias y se presenta con lesiones rojas y costras, especialmente en la cara, manos y otras \u00e1reas expuestas del cuerpo. Aunque no suele ser grave, requiere atenci\u00f3n m\u00e9dica para evitar complicaciones. A continuaci\u00f3n, se detallan las causas, s\u00edntomas y opciones de tratamiento del imp\u00e9tigo en ni\u00f1os.<\/p>\n<h2>\u00bfQu\u00e9 es el imp\u00e9tigo?<\/h2>\n<p>El imp\u00e9tigo es una infecci\u00f3n bacteriana de la piel que afecta m\u00e1s com\u00fanmente a ni\u00f1os en edad preescolar y escolar, aunque tambi\u00e9n puede darse en adultos. Las bacterias responsables de esta infecci\u00f3n suelen ser <a href=\"https:\/\/www.sanibook.net\/diccionario-de-salud\/?abitem_id=980\">Staphylococcus aureus<\/a> o <a href=\"https:\/\/www.sanibook.net\/diccionario-de-salud\/?abitem_id=981\">Streptococcus pyogenes<\/a>. La enfermedad se caracteriza por la aparici\u00f3n de ampollas o llagas que se rompen y forman costras de color miel. Es una infecci\u00f3n de f\u00e1cil transmisi\u00f3n, ya que las bacterias se diseminan r\u00e1pidamente al contacto con la piel afectada o al compartir objetos personales como toallas o ropa.<\/p>\n<h3>Causas del imp\u00e9tigo<\/h3>\n<p>El imp\u00e9tigo generalmente aparece cuando las bacterias ingresan en el cuerpo a trav\u00e9s de una herida o lesi\u00f3n en la piel, como un corte, raspadura, picadura de insecto o erupci\u00f3n cut\u00e1nea. Factores como la higiene deficiente, el clima c\u00e1lido y h\u00famedo, y la cercan\u00eda con personas infectadas pueden aumentar el riesgo de contagio. Los ni\u00f1os son particularmente vulnerables debido a su tendencia a rascarse peque\u00f1as heridas, lo que facilita la entrada de bacterias.<\/p>\n<h3>S\u00edntomas principales<\/h3>\n<p>Los s\u00edntomas del imp\u00e9tigo var\u00edan dependiendo del tipo de infecci\u00f3n, pero los m\u00e1s comunes incluyen:<\/p>\n<ul>\n<li>Llagas rojas, a menudo alrededor de la nariz y la boca, que se rompen y forman costras amarillentas.<\/li>\n<li>Ampollas llenas de l\u00edquido que se revientan y dejan \u00e1reas en carne viva.<\/li>\n<li>Picaz\u00f3n e irritaci\u00f3n en las zonas afectadas.<\/li>\n<li>En casos m\u00e1s graves, fiebre y malestar general.<\/li>\n<\/ul>\n<p>Aunque las lesiones suelen ser superficiales, el imp\u00e9tigo puede provocar complicaciones si no se trata a tiempo, como infecciones m\u00e1s profundas o la propagaci\u00f3n de bacterias a otras partes del cuerpo.<\/p>\n<h2>Tratamientos<\/h2>\n<p>El tratamiento del imp\u00e9tigo depende de la extensi\u00f3n y la gravedad de la infecci\u00f3n. En la mayor\u00eda de los casos, el m\u00e9dico recomendar\u00e1:<\/p>\n<ul>\n<li><strong>Antibi\u00f3ticos t\u00f3picos<\/strong>: Los ung\u00fcentos antibi\u00f3ticos son la primera l\u00ednea de tratamiento para casos leves. Se aplican directamente sobre las \u00e1reas afectadas.<\/li>\n<li><strong>Antibi\u00f3ticos orales<\/strong>: En infecciones m\u00e1s graves o extendidas, se puede recetar un tratamiento con antibi\u00f3ticos orales.<\/li>\n<li><strong>Higiene adecuada<\/strong>: Es fundamental lavar las \u00e1reas afectadas con agua y jab\u00f3n, adem\u00e1s de cubrirlas para evitar el contagio. Es importante que los ni\u00f1os no compartan sus pertenencias personales y se laven las manos con frecuencia.<\/li>\n<\/ul>\n<p>El imp\u00e9tigo suele desaparecer tras 7 a 10 d\u00edas de tratamiento adecuado, pero es esencial seguir las indicaciones m\u00e9dicas para prevenir recurrencias.<\/p>\n<h2>Prevenci\u00f3n<\/h2>\n<p>Prevenir el imp\u00e9tigo es clave, sobre todo en entornos escolares o familiares donde el contagio puede ser r\u00e1pido. Las principales medidas preventivas incluyen:<\/p>\n<ul>\n<li>Mantener una higiene adecuada, lavando frecuentemente las manos y las heridas.<\/li>\n<li>Evitar el contacto con personas infectadas.<\/li>\n<li>No compartir toallas, ropa o art\u00edculos de aseo personal.<\/li>\n<li>Tratar r\u00e1pidamente cualquier corte o raspadura con antis\u00e9ptico para reducir el riesgo de infecci\u00f3n.<\/li>\n<\/ul>\n<p>El imp\u00e9tigo ha sido una de las infecciones cut\u00e1neas m\u00e1s comunes en los ni\u00f1os desde hace siglos. Su prevalencia es m\u00e1s alta en zonas con clima c\u00e1lido y h\u00famedo, donde las bacterias prosperan. Sin embargo, gracias a los avances m\u00e9dicos, hoy en d\u00eda es f\u00e1cilmente tratable con antibi\u00f3ticos y medidas de higiene.<\/p>\n<p>El imp\u00e9tigo en ni\u00f1os, aunque com\u00fan, no debe ser tomado a la ligera. Un tratamiento r\u00e1pido y efectivo, acompa\u00f1ado de buenas pr\u00e1cticas de higiene, puede ayudar a prevenir complicaciones y la propagaci\u00f3n de la infecci\u00f3n. Consultar a un m\u00e9dico al detectar los primeros s\u00edntomas es esencial para garantizar la recuperaci\u00f3n r\u00e1pida del ni\u00f1o.<\/p>\n<p>Para cualquier consulta sobre esta afecci\u00f3n o cualquier otra relacionada con la piel, en Idermic, tu <a href=\"http:\/\/idermic.es\/\">dermat\u00f3logo en Terrassa<\/a> estaremos encantados de atenderte.<\/p>\n<\/div><div class=\"fusion-clearfix\"><\/div><\/div><\/div><\/div><div class=\"fusion-builder-row fusion-row\"><\/div><\/div>\n","protected":false},"excerpt":{"rendered":"<p>Descubre qu\u00e9 es el imp\u00e9tigo, sus s\u00edntomas en ni\u00f1os y las opciones de tratamiento y prevenci\u00f3n m\u00e1s efectivas para esta infecci\u00f3n cut\u00e1nea.<\/p>\n","protected":false},"author":3,"featured_media":6483,"comment_status":"open","ping_status":"closed","sticky":false,"template":"","format":"standard","meta":{"_joinchat":[],"footnotes":""},"categories":[52],"tags":[104],"class_list":["post-6480","post","type-post","status-publish","format-standard","has-post-thumbnail","hentry","category-dermatologia","tag-piel"],"yoast_head":"<!-- This site is optimized with the Yoast SEO plugin v28.4 - https:\/\/yoast.com\/product\/yoast-seo-wordpress\/ -->\n<title>Imp\u00e9tigo en ni\u00f1os -<\/title>\n<meta name=\"description\" content=\"Descubre qu\u00e9 es el imp\u00e9tigo, sus s\u00edntomas en ni\u00f1os y las opciones de tratamiento y prevenci\u00f3n m\u00e1s efectivas para esta infecci\u00f3n cut\u00e1nea.\" \/>\n<meta name=\"robots\" content=\"index, follow, max-snippet:-1, max-image-preview:large, max-video-preview:-1\" \/>\n<link rel=\"canonical\" href=\"https:\/\/www.idermic.es\/es\/impetigo-en-ninos\/\" \/>\n<meta property=\"og:locale\" content=\"es_ES\" \/>\n<meta property=\"og:type\" content=\"article\" \/>\n<meta property=\"og:title\" content=\"Imp\u00e9tigo en ni\u00f1os -\" \/>\n<meta property=\"og:description\" content=\"Descubre qu\u00e9 es el imp\u00e9tigo, sus s\u00edntomas en ni\u00f1os y las opciones de tratamiento y prevenci\u00f3n m\u00e1s efectivas para esta infecci\u00f3n cut\u00e1nea.\" \/>\n<meta property=\"og:url\" content=\"https:\/\/www.idermic.es\/es\/impetigo-en-ninos\/\" \/>\n<meta property=\"og:site_name\" content=\"Idermic. Dermatolog\u00eda en Terrassa\" \/>\n<meta property=\"article:publisher\" content=\"https:\/\/www.facebook.com\/Idermic\" \/>\n<meta property=\"article:published_time\" content=\"2024-10-15T09:26:50+00:00\" \/>\n<meta property=\"article:modified_time\" content=\"2025-11-21T12:52:30+00:00\" \/>\n<meta property=\"og:image\" content=\"https:\/\/www.idermic.es\/wp-content\/uploads\/2024\/10\/DALL\u00b7E-2024-10-15-11.10.37-A-close-up-of-a-childs-skin-with-impetigo-showing-red-sores-with-honey-colored-crusts-typically-on-the-face-around-the-nose-and-mouth.-The-image-sh.webp\" \/>\n\t<meta property=\"og:image:width\" content=\"1024\" \/>\n\t<meta property=\"og:image:height\" content=\"1024\" \/>\n\t<meta property=\"og:image:type\" content=\"image\/webp\" \/>\n<meta name=\"author\" content=\"Equipo\" \/>\n<meta name=\"twitter:card\" content=\"summary_large_image\" \/>\n<meta name=\"twitter:creator\" content=\"@idermic\" \/>\n<meta name=\"twitter:site\" content=\"@idermic\" \/>\n<meta name=\"twitter:label1\" content=\"Escrito por\" \/>\n\t<meta name=\"twitter:data1\" content=\"Equipo\" \/>\n\t<meta name=\"twitter:label2\" content=\"Tiempo de lectura\" \/>\n\t<meta name=\"twitter:data2\" content=\"5 minutos\" \/>\n<script type=\"application\/ld+json\" class=\"yoast-schema-graph\">{\"@context\":\"https:\\\/\\\/schema.org\",\"@graph\":[{\"@type\":\"Article\",\"@id\":\"https:\\\/\\\/www.idermic.es\\\/es\\\/impetigo-en-ninos\\\/#article\",\"isPartOf\":{\"@id\":\"https:\\\/\\\/www.idermic.es\\\/es\\\/impetigo-en-ninos\\\/\"},\"author\":{\"name\":\"Equipo\",\"@id\":\"https:\\\/\\\/www.idermic.es\\\/#\\\/schema\\\/person\\\/c12703027a878b23d3c71c87921a82f8\"},\"headline\":\"Imp\u00e9tigo en ni\u00f1os\",\"datePublished\":\"2024-10-15T09:26:50+00:00\",\"dateModified\":\"2025-11-21T12:52:30+00:00\",\"mainEntityOfPage\":{\"@id\":\"https:\\\/\\\/www.idermic.es\\\/es\\\/impetigo-en-ninos\\\/\"},\"wordCount\":964,\"commentCount\":0,\"publisher\":{\"@id\":\"https:\\\/\\\/www.idermic.es\\\/#organization\"},\"image\":{\"@id\":\"https:\\\/\\\/www.idermic.es\\\/es\\\/impetigo-en-ninos\\\/#primaryimage\"},\"thumbnailUrl\":\"https:\\\/\\\/www.idermic.es\\\/wp-content\\\/uploads\\\/2024\\\/10\\\/DALL\u00b7E-2024-10-15-11.10.37-A-close-up-of-a-childs-skin-with-impetigo-showing-red-sores-with-honey-colored-crusts-typically-on-the-face-around-the-nose-and-mouth.-The-image-sh.webp\",\"keywords\":[\"piel\"],\"articleSection\":[\"Dermatolog\u00eda\"],\"inLanguage\":\"es\",\"potentialAction\":[{\"@type\":\"CommentAction\",\"name\":\"Comment\",\"target\":[\"https:\\\/\\\/www.idermic.es\\\/es\\\/impetigo-en-ninos\\\/#respond\"]}]},{\"@type\":\"WebPage\",\"@id\":\"https:\\\/\\\/www.idermic.es\\\/es\\\/impetigo-en-ninos\\\/\",\"url\":\"https:\\\/\\\/www.idermic.es\\\/es\\\/impetigo-en-ninos\\\/\",\"name\":\"Imp\u00e9tigo en ni\u00f1os -\",\"isPartOf\":{\"@id\":\"https:\\\/\\\/www.idermic.es\\\/#website\"},\"primaryImageOfPage\":{\"@id\":\"https:\\\/\\\/www.idermic.es\\\/es\\\/impetigo-en-ninos\\\/#primaryimage\"},\"image\":{\"@id\":\"https:\\\/\\\/www.idermic.es\\\/es\\\/impetigo-en-ninos\\\/#primaryimage\"},\"thumbnailUrl\":\"https:\\\/\\\/www.idermic.es\\\/wp-content\\\/uploads\\\/2024\\\/10\\\/DALL\u00b7E-2024-10-15-11.10.37-A-close-up-of-a-childs-skin-with-impetigo-showing-red-sores-with-honey-colored-crusts-typically-on-the-face-around-the-nose-and-mouth.-The-image-sh.webp\",\"datePublished\":\"2024-10-15T09:26:50+00:00\",\"dateModified\":\"2025-11-21T12:52:30+00:00\",\"description\":\"Descubre qu\u00e9 es el imp\u00e9tigo, sus s\u00edntomas en ni\u00f1os y las opciones de tratamiento y prevenci\u00f3n m\u00e1s efectivas para esta infecci\u00f3n cut\u00e1nea.\",\"breadcrumb\":{\"@id\":\"https:\\\/\\\/www.idermic.es\\\/es\\\/impetigo-en-ninos\\\/#breadcrumb\"},\"inLanguage\":\"es\",\"potentialAction\":[{\"@type\":\"ReadAction\",\"target\":[\"https:\\\/\\\/www.idermic.es\\\/es\\\/impetigo-en-ninos\\\/\"]}]},{\"@type\":\"ImageObject\",\"inLanguage\":\"es\",\"@id\":\"https:\\\/\\\/www.idermic.es\\\/es\\\/impetigo-en-ninos\\\/#primaryimage\",\"url\":\"https:\\\/\\\/www.idermic.es\\\/wp-content\\\/uploads\\\/2024\\\/10\\\/DALL\u00b7E-2024-10-15-11.10.37-A-close-up-of-a-childs-skin-with-impetigo-showing-red-sores-with-honey-colored-crusts-typically-on-the-face-around-the-nose-and-mouth.-The-image-sh.webp\",\"contentUrl\":\"https:\\\/\\\/www.idermic.es\\\/wp-content\\\/uploads\\\/2024\\\/10\\\/DALL\u00b7E-2024-10-15-11.10.37-A-close-up-of-a-childs-skin-with-impetigo-showing-red-sores-with-honey-colored-crusts-typically-on-the-face-around-the-nose-and-mouth.-The-image-sh.webp\",\"width\":1024,\"height\":1024,\"caption\":\"Imp\u00e9tigo en ni\u00f1os\"},{\"@type\":\"BreadcrumbList\",\"@id\":\"https:\\\/\\\/www.idermic.es\\\/es\\\/impetigo-en-ninos\\\/#breadcrumb\",\"itemListElement\":[{\"@type\":\"ListItem\",\"position\":1,\"name\":\"Inici\",\"item\":\"https:\\\/\\\/www.idermic.es\\\/es\\\/\"},{\"@type\":\"ListItem\",\"position\":2,\"name\":\"Imp\u00e9tigo en ni\u00f1os\"}]},{\"@type\":\"WebSite\",\"@id\":\"https:\\\/\\\/www.idermic.es\\\/#website\",\"url\":\"https:\\\/\\\/www.idermic.es\\\/\",\"name\":\"Idermic. Dermatolog\u00eda en Terrassa\",\"description\":\"Dermatolog\u00eda, Medicina est\u00e9tica, Cirurg\u00eda Pl\u00e0stica\",\"publisher\":{\"@id\":\"https:\\\/\\\/www.idermic.es\\\/#organization\"},\"potentialAction\":[{\"@type\":\"SearchAction\",\"target\":{\"@type\":\"EntryPoint\",\"urlTemplate\":\"https:\\\/\\\/www.idermic.es\\\/?s={search_term_string}\"},\"query-input\":{\"@type\":\"PropertyValueSpecification\",\"valueRequired\":true,\"valueName\":\"search_term_string\"}}],\"inLanguage\":\"es\"},{\"@type\":\"Organization\",\"@id\":\"https:\\\/\\\/www.idermic.es\\\/#organization\",\"name\":\"Idermic. Dermatolog\u00eda en Terrassa\",\"url\":\"https:\\\/\\\/www.idermic.es\\\/\",\"logo\":{\"@type\":\"ImageObject\",\"inLanguage\":\"es\",\"@id\":\"https:\\\/\\\/www.idermic.es\\\/#\\\/schema\\\/logo\\\/image\\\/\",\"url\":\"https:\\\/\\\/www.idermic.es\\\/wp-content\\\/uploads\\\/2025\\\/10\\\/Logo-Idermic.jpg\",\"contentUrl\":\"https:\\\/\\\/www.idermic.es\\\/wp-content\\\/uploads\\\/2025\\\/10\\\/Logo-Idermic.jpg\",\"width\":501,\"height\":502,\"caption\":\"Idermic. Dermatolog\u00eda en Terrassa\"},\"image\":{\"@id\":\"https:\\\/\\\/www.idermic.es\\\/#\\\/schema\\\/logo\\\/image\\\/\"},\"sameAs\":[\"https:\\\/\\\/www.facebook.com\\\/Idermic\",\"https:\\\/\\\/x.com\\\/idermic\",\"https:\\\/\\\/www.instagram.com\\\/idermicclinic\\\/\",\"https:\\\/\\\/www.youtube.com\\\/channel\\\/UCyAHC9-p8lc6hr_nguO8p_g\"]},{\"@type\":\"Person\",\"@id\":\"https:\\\/\\\/www.idermic.es\\\/#\\\/schema\\\/person\\\/c12703027a878b23d3c71c87921a82f8\",\"name\":\"Equipo\",\"image\":{\"@type\":\"ImageObject\",\"inLanguage\":\"es\",\"@id\":\"https:\\\/\\\/secure.gravatar.com\\\/avatar\\\/7ca0be23248108c6b0887e0693b7dcf7764bd3503f84d1f04e6653ef7c3b9420?s=96&d=mm&r=g\",\"url\":\"https:\\\/\\\/secure.gravatar.com\\\/avatar\\\/7ca0be23248108c6b0887e0693b7dcf7764bd3503f84d1f04e6653ef7c3b9420?s=96&d=mm&r=g\",\"contentUrl\":\"https:\\\/\\\/secure.gravatar.com\\\/avatar\\\/7ca0be23248108c6b0887e0693b7dcf7764bd3503f84d1f04e6653ef7c3b9420?s=96&d=mm&r=g\",\"caption\":\"Equipo\"},\"description\":\"Equipo de Idermic\"}]}<\/script>\n<!-- \/ Yoast SEO plugin. -->","yoast_head_json":{"title":"Imp\u00e9tigo en ni\u00f1os -","description":"Descubre qu\u00e9 es el imp\u00e9tigo, sus s\u00edntomas en ni\u00f1os y las opciones de tratamiento y prevenci\u00f3n m\u00e1s efectivas para esta infecci\u00f3n cut\u00e1nea.","robots":{"index":"index","follow":"follow","max-snippet":"max-snippet:-1","max-image-preview":"max-image-preview:large","max-video-preview":"max-video-preview:-1"},"canonical":"https:\/\/www.idermic.es\/es\/impetigo-en-ninos\/","og_locale":"es_ES","og_type":"article","og_title":"Imp\u00e9tigo en ni\u00f1os -","og_description":"Descubre qu\u00e9 es el imp\u00e9tigo, sus s\u00edntomas en ni\u00f1os y las opciones de tratamiento y prevenci\u00f3n m\u00e1s efectivas para esta infecci\u00f3n cut\u00e1nea.","og_url":"https:\/\/www.idermic.es\/es\/impetigo-en-ninos\/","og_site_name":"Idermic. Dermatolog\u00eda en Terrassa","article_publisher":"https:\/\/www.facebook.com\/Idermic","article_published_time":"2024-10-15T09:26:50+00:00","article_modified_time":"2025-11-21T12:52:30+00:00","og_image":[{"width":1024,"height":1024,"url":"https:\/\/www.idermic.es\/wp-content\/uploads\/2024\/10\/DALL\u00b7E-2024-10-15-11.10.37-A-close-up-of-a-childs-skin-with-impetigo-showing-red-sores-with-honey-colored-crusts-typically-on-the-face-around-the-nose-and-mouth.-The-image-sh.webp","type":"image\/webp"}],"author":"Equipo","twitter_card":"summary_large_image","twitter_creator":"@idermic","twitter_site":"@idermic","twitter_misc":{"Escrito por":"Equipo","Tiempo de lectura":"5 minutos"},"schema":{"@context":"https:\/\/schema.org","@graph":[{"@type":"Article","@id":"https:\/\/www.idermic.es\/es\/impetigo-en-ninos\/#article","isPartOf":{"@id":"https:\/\/www.idermic.es\/es\/impetigo-en-ninos\/"},"author":{"name":"Equipo","@id":"https:\/\/www.idermic.es\/#\/schema\/person\/c12703027a878b23d3c71c87921a82f8"},"headline":"Imp\u00e9tigo en ni\u00f1os","datePublished":"2024-10-15T09:26:50+00:00","dateModified":"2025-11-21T12:52:30+00:00","mainEntityOfPage":{"@id":"https:\/\/www.idermic.es\/es\/impetigo-en-ninos\/"},"wordCount":964,"commentCount":0,"publisher":{"@id":"https:\/\/www.idermic.es\/#organization"},"image":{"@id":"https:\/\/www.idermic.es\/es\/impetigo-en-ninos\/#primaryimage"},"thumbnailUrl":"https:\/\/www.idermic.es\/wp-content\/uploads\/2024\/10\/DALL\u00b7E-2024-10-15-11.10.37-A-close-up-of-a-childs-skin-with-impetigo-showing-red-sores-with-honey-colored-crusts-typically-on-the-face-around-the-nose-and-mouth.-The-image-sh.webp","keywords":["piel"],"articleSection":["Dermatolog\u00eda"],"inLanguage":"es","potentialAction":[{"@type":"CommentAction","name":"Comment","target":["https:\/\/www.idermic.es\/es\/impetigo-en-ninos\/#respond"]}]},{"@type":"WebPage","@id":"https:\/\/www.idermic.es\/es\/impetigo-en-ninos\/","url":"https:\/\/www.idermic.es\/es\/impetigo-en-ninos\/","name":"Imp\u00e9tigo en ni\u00f1os -","isPartOf":{"@id":"https:\/\/www.idermic.es\/#website"},"primaryImageOfPage":{"@id":"https:\/\/www.idermic.es\/es\/impetigo-en-ninos\/#primaryimage"},"image":{"@id":"https:\/\/www.idermic.es\/es\/impetigo-en-ninos\/#primaryimage"},"thumbnailUrl":"https:\/\/www.idermic.es\/wp-content\/uploads\/2024\/10\/DALL\u00b7E-2024-10-15-11.10.37-A-close-up-of-a-childs-skin-with-impetigo-showing-red-sores-with-honey-colored-crusts-typically-on-the-face-around-the-nose-and-mouth.-The-image-sh.webp","datePublished":"2024-10-15T09:26:50+00:00","dateModified":"2025-11-21T12:52:30+00:00","description":"Descubre qu\u00e9 es el imp\u00e9tigo, sus s\u00edntomas en ni\u00f1os y las opciones de tratamiento y prevenci\u00f3n m\u00e1s efectivas para esta infecci\u00f3n cut\u00e1nea.","breadcrumb":{"@id":"https:\/\/www.idermic.es\/es\/impetigo-en-ninos\/#breadcrumb"},"inLanguage":"es","potentialAction":[{"@type":"ReadAction","target":["https:\/\/www.idermic.es\/es\/impetigo-en-ninos\/"]}]},{"@type":"ImageObject","inLanguage":"es","@id":"https:\/\/www.idermic.es\/es\/impetigo-en-ninos\/#primaryimage","url":"https:\/\/www.idermic.es\/wp-content\/uploads\/2024\/10\/DALL\u00b7E-2024-10-15-11.10.37-A-close-up-of-a-childs-skin-with-impetigo-showing-red-sores-with-honey-colored-crusts-typically-on-the-face-around-the-nose-and-mouth.-The-image-sh.webp","contentUrl":"https:\/\/www.idermic.es\/wp-content\/uploads\/2024\/10\/DALL\u00b7E-2024-10-15-11.10.37-A-close-up-of-a-childs-skin-with-impetigo-showing-red-sores-with-honey-colored-crusts-typically-on-the-face-around-the-nose-and-mouth.-The-image-sh.webp","width":1024,"height":1024,"caption":"Imp\u00e9tigo en ni\u00f1os"},{"@type":"BreadcrumbList","@id":"https:\/\/www.idermic.es\/es\/impetigo-en-ninos\/#breadcrumb","itemListElement":[{"@type":"ListItem","position":1,"name":"Inici","item":"https:\/\/www.idermic.es\/es\/"},{"@type":"ListItem","position":2,"name":"Imp\u00e9tigo en ni\u00f1os"}]},{"@type":"WebSite","@id":"https:\/\/www.idermic.es\/#website","url":"https:\/\/www.idermic.es\/","name":"Idermic. Dermatolog\u00eda en Terrassa","description":"Dermatolog\u00eda, Medicina est\u00e9tica, Cirurg\u00eda Pl\u00e0stica","publisher":{"@id":"https:\/\/www.idermic.es\/#organization"},"potentialAction":[{"@type":"SearchAction","target":{"@type":"EntryPoint","urlTemplate":"https:\/\/www.idermic.es\/?s={search_term_string}"},"query-input":{"@type":"PropertyValueSpecification","valueRequired":true,"valueName":"search_term_string"}}],"inLanguage":"es"},{"@type":"Organization","@id":"https:\/\/www.idermic.es\/#organization","name":"Idermic. Dermatolog\u00eda en Terrassa","url":"https:\/\/www.idermic.es\/","logo":{"@type":"ImageObject","inLanguage":"es","@id":"https:\/\/www.idermic.es\/#\/schema\/logo\/image\/","url":"https:\/\/www.idermic.es\/wp-content\/uploads\/2025\/10\/Logo-Idermic.jpg","contentUrl":"https:\/\/www.idermic.es\/wp-content\/uploads\/2025\/10\/Logo-Idermic.jpg","width":501,"height":502,"caption":"Idermic. Dermatolog\u00eda en Terrassa"},"image":{"@id":"https:\/\/www.idermic.es\/#\/schema\/logo\/image\/"},"sameAs":["https:\/\/www.facebook.com\/Idermic","https:\/\/x.com\/idermic","https:\/\/www.instagram.com\/idermicclinic\/","https:\/\/www.youtube.com\/channel\/UCyAHC9-p8lc6hr_nguO8p_g"]},{"@type":"Person","@id":"https:\/\/www.idermic.es\/#\/schema\/person\/c12703027a878b23d3c71c87921a82f8","name":"Equipo","image":{"@type":"ImageObject","inLanguage":"es","@id":"https:\/\/secure.gravatar.com\/avatar\/7ca0be23248108c6b0887e0693b7dcf7764bd3503f84d1f04e6653ef7c3b9420?s=96&d=mm&r=g","url":"https:\/\/secure.gravatar.com\/avatar\/7ca0be23248108c6b0887e0693b7dcf7764bd3503f84d1f04e6653ef7c3b9420?s=96&d=mm&r=g","contentUrl":"https:\/\/secure.gravatar.com\/avatar\/7ca0be23248108c6b0887e0693b7dcf7764bd3503f84d1f04e6653ef7c3b9420?s=96&d=mm&r=g","caption":"Equipo"},"description":"Equipo de Idermic"}]}},"_links":{"self":[{"href":"https:\/\/www.idermic.es\/es\/wp-json\/wp\/v2\/posts\/6480","targetHints":{"allow":["GET"]}}],"collection":[{"href":"https:\/\/www.idermic.es\/es\/wp-json\/wp\/v2\/posts"}],"about":[{"href":"https:\/\/www.idermic.es\/es\/wp-json\/wp\/v2\/types\/post"}],"author":[{"embeddable":true,"href":"https:\/\/www.idermic.es\/es\/wp-json\/wp\/v2\/users\/3"}],"replies":[{"embeddable":true,"href":"https:\/\/www.idermic.es\/es\/wp-json\/wp\/v2\/comments?post=6480"}],"version-history":[{"count":5,"href":"https:\/\/www.idermic.es\/es\/wp-json\/wp\/v2\/posts\/6480\/revisions"}],"predecessor-version":[{"id":8606,"href":"https:\/\/www.idermic.es\/es\/wp-json\/wp\/v2\/posts\/6480\/revisions\/8606"}],"wp:featuredmedia":[{"embeddable":true,"href":"https:\/\/www.idermic.es\/es\/wp-json\/wp\/v2\/media\/6483"}],"wp:attachment":[{"href":"https:\/\/www.idermic.es\/es\/wp-json\/wp\/v2\/media?parent=6480"}],"wp:term":[{"taxonomy":"category","embeddable":true,"href":"https:\/\/www.idermic.es\/es\/wp-json\/wp\/v2\/categories?post=6480"},{"taxonomy":"post_tag","embeddable":true,"href":"https:\/\/www.idermic.es\/es\/wp-json\/wp\/v2\/tags?post=6480"}],"curies":[{"name":"wp","href":"https:\/\/api.w.org\/{rel}","templated":true}]}}