{"id":5563,"date":"2023-04-13T17:01:53","date_gmt":"2023-04-13T17:01:53","guid":{"rendered":"https:\/\/www.idermic.es\/?p=5563"},"modified":"2025-11-21T13:23:26","modified_gmt":"2025-11-21T13:23:26","slug":"sarna-sintomas-causas-y-tratamiento","status":"publish","type":"post","link":"https:\/\/www.idermic.es\/es\/sarna-sintomas-causas-y-tratamiento\/","title":{"rendered":"Sarna: S\u00edntomas, causas y tratamiento"},"content":{"rendered":"<p><div class=\"fusion-fullwidth fullwidth-box fusion-builder-row-1 nonhundred-percent-fullwidth non-hundred-percent-height-scrolling\" style=\"--awb-border-radius-top-left:0px;--awb-border-radius-top-right:0px;--awb-border-radius-bottom-right:0px;--awb-border-radius-bottom-left:0px;--awb-margin-top:32px;--awb-margin-bottom:32px;--awb-flex-wrap:wrap;\" ><div class=\"fusion-builder-row fusion-row\"><div class=\"fusion-layout-column fusion_builder_column fusion-builder-column-0 fusion_builder_column_1_1 1_1 fusion-one-full fusion-column-first fusion-column-last\" style=\"--awb-bg-size:cover;\"><div class=\"fusion-column-wrapper fusion-flex-column-wrapper-legacy\"><div class=\"fusion-text fusion-text-1\"><h1 style=\"text-align: left;\">Sarna: S\u00edntomas, causas y tratamientos<\/h1>\n<\/div><div class=\"fusion-text fusion-text-2\"><p>La <a href=\"https:\/\/www.idermic.es\/es\/enfermedades-dermatologicas\/#sarna\"><strong>sarna<\/strong><\/a> es un trastorno de la piel que provoca sarpullido con picor y es causada por peque\u00f1os \u00e1caros aradores llamados \u00ab<em>Sarcoptes scabiei<\/em>\u00ab.<\/p>\n<p>\u00bfSab\u00edas que se han detectado en algunas zonas de Espa\u00f1a \ud83c\uddea\ud83c\uddf8 el aumento de casos de sarna? \ud83d\udc49\ud83c\udffb te dejamos un gu\u00eda r\u00e1pida para identificar algunos s\u00edntomas y tratamiento. (Desliza).<\/p>\n<p><a class=\"x1i10hfl xjbqb8w x6umtig x1b1mbwd xaqea5y xav7gou x9f619 x1ypdohk xt0psk2 xe8uvvx xdj266r x11i5rnm xat24cr x1mh8g0r xexx8yu x4uap5 x18d9i69 xkhd6sd x16tdsg8 x1hl2dhg xggy1nq x1a2a7pz _aa9_ _a6hd\" tabindex=\"0\" role=\"link\" href=\"https:\/\/www.instagram.com\/explore\/tags\/derma\/\">#derma<\/a>\u00a0<a class=\"x1i10hfl xjbqb8w x6umtig x1b1mbwd xaqea5y xav7gou x9f619 x1ypdohk xt0psk2 xe8uvvx xdj266r x11i5rnm xat24cr x1mh8g0r xexx8yu x4uap5 x18d9i69 xkhd6sd x16tdsg8 x1hl2dhg xggy1nq x1a2a7pz _aa9_ _a6hd\" tabindex=\"0\" role=\"link\" href=\"https:\/\/www.instagram.com\/explore\/tags\/pielsana\/\">#pielsana<\/a>\u00a0<a class=\"x1i10hfl xjbqb8w x6umtig x1b1mbwd xaqea5y xav7gou x9f619 x1ypdohk xt0psk2 xe8uvvx xdj266r x11i5rnm xat24cr x1mh8g0r xexx8yu x4uap5 x18d9i69 xkhd6sd x16tdsg8 x1hl2dhg xggy1nq x1a2a7pz _aa9_ _a6hd\" tabindex=\"0\" role=\"link\" href=\"https:\/\/www.instagram.com\/explore\/tags\/pielsaludable\/\">#pielsaludable<\/a>\u00a0<a class=\"x1i10hfl xjbqb8w x6umtig x1b1mbwd xaqea5y xav7gou x9f619 x1ypdohk xt0psk2 xe8uvvx xdj266r x11i5rnm xat24cr x1mh8g0r xexx8yu x4uap5 x18d9i69 xkhd6sd x16tdsg8 x1hl2dhg xggy1nq x1a2a7pz _aa9_ _a6hd\" tabindex=\"0\" role=\"link\" href=\"https:\/\/www.instagram.com\/explore\/tags\/dermatologo\/\">#dermatologo<\/a>\u00a0<a class=\"x1i10hfl xjbqb8w x6umtig x1b1mbwd xaqea5y xav7gou x9f619 x1ypdohk xt0psk2 xe8uvvx xdj266r x11i5rnm xat24cr x1mh8g0r xexx8yu x4uap5 x18d9i69 xkhd6sd x16tdsg8 x1hl2dhg xggy1nq x1a2a7pz _aa9_ _a6hd\" tabindex=\"0\" role=\"link\" href=\"https:\/\/www.instagram.com\/explore\/tags\/dermatologia\/\">#dermatologia<\/a>\u00a0<a class=\"x1i10hfl xjbqb8w x6umtig x1b1mbwd xaqea5y xav7gou x9f619 x1ypdohk xt0psk2 xe8uvvx xdj266r x11i5rnm xat24cr x1mh8g0r xexx8yu x4uap5 x18d9i69 xkhd6sd x16tdsg8 x1hl2dhg xggy1nq x1a2a7pz _aa9_ _a6hd\" tabindex=\"0\" role=\"link\" href=\"https:\/\/www.instagram.com\/explore\/tags\/terrassa\/\">#terrassa<\/a>\u00a0<a class=\"x1i10hfl xjbqb8w x6umtig x1b1mbwd xaqea5y xav7gou x9f619 x1ypdohk xt0psk2 xe8uvvx xdj266r x11i5rnm xat24cr x1mh8g0r xexx8yu x4uap5 x18d9i69 xkhd6sd x16tdsg8 x1hl2dhg xggy1nq x1a2a7pz _aa9_ _a6hd\" tabindex=\"0\" role=\"link\" href=\"https:\/\/www.instagram.com\/explore\/tags\/piel\/\">#piel<\/a>\u00a0<a class=\"x1i10hfl xjbqb8w x6umtig x1b1mbwd xaqea5y xav7gou x9f619 x1ypdohk xt0psk2 xe8uvvx xdj266r x11i5rnm xat24cr x1mh8g0r xexx8yu x4uap5 x18d9i69 xkhd6sd x16tdsg8 x1hl2dhg xggy1nq x1a2a7pz _aa9_ _a6hd\" tabindex=\"0\" role=\"link\" href=\"https:\/\/www.instagram.com\/explore\/tags\/cuidados\/\">#cuidados<\/a>\u00a0<a class=\"x1i10hfl xjbqb8w x6umtig x1b1mbwd xaqea5y xav7gou x9f619 x1ypdohk xt0psk2 xe8uvvx xdj266r x11i5rnm xat24cr x1mh8g0r xexx8yu x4uap5 x18d9i69 xkhd6sd x16tdsg8 x1hl2dhg xggy1nq x1a2a7pz _aa9_ _a6hd\" tabindex=\"0\" role=\"link\" href=\"https:\/\/www.instagram.com\/explore\/tags\/sarna\/\">#sarna<\/a>\u00a0<a class=\"x1i10hfl xjbqb8w x6umtig x1b1mbwd xaqea5y xav7gou x9f619 x1ypdohk xt0psk2 xe8uvvx xdj266r x11i5rnm xat24cr x1mh8g0r xexx8yu x4uap5 x18d9i69 xkhd6sd x16tdsg8 x1hl2dhg xggy1nq x1a2a7pz _aa9_ _a6hd\" tabindex=\"0\" role=\"link\" href=\"https:\/\/www.instagram.com\/explore\/tags\/sarnano\/\">#sarnano<\/a><\/p>\n<\/div><div class=\"fusion-clearfix\"><\/div><\/div><\/div><\/div><div class=\"fusion-builder-row fusion-row\"><\/div><\/div><div class=\"fusion-fullwidth fullwidth-box fusion-builder-row-2 nonhundred-percent-fullwidth non-hundred-percent-height-scrolling\" style=\"--awb-border-radius-top-left:0px;--awb-border-radius-top-right:0px;--awb-border-radius-bottom-right:0px;--awb-border-radius-bottom-left:0px;--awb-flex-wrap:wrap;\" ><div class=\"fusion-builder-row fusion-row\"><div class=\"fusion-layout-column fusion_builder_column fusion-builder-column-1 fusion_builder_column_1_1 1_1 fusion-one-full fusion-column-first fusion-column-last\" style=\"--awb-bg-size:cover;\"><div class=\"fusion-column-wrapper fusion-flex-column-wrapper-legacy\"><blockquote class=\"instagram-media\" data-instgrm-captioned data-instgrm-permalink=\"https:\/\/www.instagram.com\/p\/CpR4Yq8rpvZ\/?utm_source=ig_embed&utm_campaign=loading\" data-instgrm-version=\"14\" style=\" background:#FFF; border:0; border-radius:3px; box-shadow:0 0 1px 0 rgba(0,0,0,0.5),0 1px 10px 0 rgba(0,0,0,0.15); margin: 1px; max-width:540px; min-width:326px; padding:0; width:99.375%; width:-webkit-calc(100% - 2px); width:calc(100% - 2px);\"><div style=\"padding:16px;\"> <a href=\"https:\/\/www.instagram.com\/p\/CpR4Yq8rpvZ\/?utm_source=ig_embed&utm_campaign=loading\" style=\" background:#FFFFFF; line-height:0; padding:0 0; text-align:center; text-decoration:none; width:100%;\" target=\"_blank\"> <div style=\" display: flex; flex-direction: row; align-items: center;\"> <div style=\"background-color: #F4F4F4; border-radius: 50%; flex-grow: 0; height: 40px; margin-right: 14px; width: 40px;\"><\/div> <div style=\"display: flex; flex-direction: column; flex-grow: 1; justify-content: center;\"> <div style=\" background-color: #F4F4F4; border-radius: 4px; flex-grow: 0; height: 14px; margin-bottom: 6px; width: 100px;\"><\/div> <div style=\" background-color: #F4F4F4; border-radius: 4px; flex-grow: 0; height: 14px; width: 60px;\"><\/div><\/div><\/div><div style=\"padding: 19% 0;\"><\/div> <div style=\"display:block; height:50px; margin:0 auto 12px; width:50px;\"><svg width=\"50px\" height=\"50px\" viewBox=\"0 0 60 60\" version=\"1.1\" xmlns=\"https:\/\/www.w3.org\/2000\/svg\" xmlns:xlink=\"https:\/\/www.w3.org\/1999\/xlink\"><g stroke=\"none\" stroke-width=\"1\" fill=\"none\" fill-rule=\"evenodd\"><g transform=\"translate(-511.000000, -20.000000)\" fill=\"#000000\"><g><path d=\"M556.869,30.41 C554.814,30.41 553.148,32.076 553.148,34.131 C553.148,36.186 554.814,37.852 556.869,37.852 C558.924,37.852 560.59,36.186 560.59,34.131 C560.59,32.076 558.924,30.41 556.869,30.41 M541,60.657 C535.114,60.657 530.342,55.887 530.342,50 C530.342,44.114 535.114,39.342 541,39.342 C546.887,39.342 551.658,44.114 551.658,50 C551.658,55.887 546.887,60.657 541,60.657 M541,33.886 C532.1,33.886 524.886,41.1 524.886,50 C524.886,58.899 532.1,66.113 541,66.113 C549.9,66.113 557.115,58.899 557.115,50 C557.115,41.1 549.9,33.886 541,33.886 M565.378,62.101 C565.244,65.022 564.756,66.606 564.346,67.663 C563.803,69.06 563.154,70.057 562.106,71.106 C561.058,72.155 560.06,72.803 558.662,73.347 C557.607,73.757 556.021,74.244 553.102,74.378 C549.944,74.521 548.997,74.552 541,74.552 C533.003,74.552 532.056,74.521 528.898,74.378 C525.979,74.244 524.393,73.757 523.338,73.347 C521.94,72.803 520.942,72.155 519.894,71.106 C518.846,70.057 518.197,69.06 517.654,67.663 C517.244,66.606 516.755,65.022 516.623,62.101 C516.479,58.943 516.448,57.996 516.448,50 C516.448,42.003 516.479,41.056 516.623,37.899 C516.755,34.978 517.244,33.391 517.654,32.338 C518.197,30.938 518.846,29.942 519.894,28.894 C520.942,27.846 521.94,27.196 523.338,26.654 C524.393,26.244 525.979,25.756 528.898,25.623 C532.057,25.479 533.004,25.448 541,25.448 C548.997,25.448 549.943,25.479 553.102,25.623 C556.021,25.756 557.607,26.244 558.662,26.654 C560.06,27.196 561.058,27.846 562.106,28.894 C563.154,29.942 563.803,30.938 564.346,32.338 C564.756,33.391 565.244,34.978 565.378,37.899 C565.522,41.056 565.552,42.003 565.552,50 C565.552,57.996 565.522,58.943 565.378,62.101 M570.82,37.631 C570.674,34.438 570.167,32.258 569.425,30.349 C568.659,28.377 567.633,26.702 565.965,25.035 C564.297,23.368 562.623,22.342 560.652,21.575 C558.743,20.834 556.562,20.326 553.369,20.18 C550.169,20.033 549.148,20 541,20 C532.853,20 531.831,20.033 528.631,20.18 C525.438,20.326 523.257,20.834 521.349,21.575 C519.376,22.342 517.703,23.368 516.035,25.035 C514.368,26.702 513.342,28.377 512.574,30.349 C511.834,32.258 511.326,34.438 511.181,37.631 C511.035,40.831 511,41.851 511,50 C511,58.147 511.035,59.17 511.181,62.369 C511.326,65.562 511.834,67.743 512.574,69.651 C513.342,71.625 514.368,73.296 516.035,74.965 C517.703,76.634 519.376,77.658 521.349,78.425 C523.257,79.167 525.438,79.673 528.631,79.82 C531.831,79.965 532.853,80.001 541,80.001 C549.148,80.001 550.169,79.965 553.369,79.82 C556.562,79.673 558.743,79.167 560.652,78.425 C562.623,77.658 564.297,76.634 565.965,74.965 C567.633,73.296 568.659,71.625 569.425,69.651 C570.167,67.743 570.674,65.562 570.82,62.369 C570.966,59.17 571,58.147 571,50 C571,41.851 570.966,40.831 570.82,37.631\"><\/path><\/g><\/g><\/g><\/svg><\/div><div style=\"padding-top: 8px;\"> <div style=\" color:#3897f0; font-family:Arial,sans-serif; font-size:14px; font-style:normal; font-weight:550; line-height:18px;\">Ver esta publicaci\u00f3n en Instagram<\/div><\/div><div style=\"padding: 12.5% 0;\"><\/div> <div style=\"display: flex; flex-direction: row; margin-bottom: 14px; align-items: center;\"><div> <div style=\"background-color: #F4F4F4; border-radius: 50%; height: 12.5px; width: 12.5px; transform: translateX(0px) translateY(7px);\"><\/div> <div style=\"background-color: #F4F4F4; height: 12.5px; transform: rotate(-45deg) translateX(3px) translateY(1px); width: 12.5px; flex-grow: 0; margin-right: 14px; margin-left: 2px;\"><\/div> <div style=\"background-color: #F4F4F4; border-radius: 50%; height: 12.5px; width: 12.5px; transform: translateX(9px) translateY(-18px);\"><\/div><\/div><div style=\"margin-left: 8px;\"> <div style=\" background-color: #F4F4F4; border-radius: 50%; flex-grow: 0; height: 20px; width: 20px;\"><\/div> <div style=\" width: 0; height: 0; border-top: 2px solid transparent; border-left: 6px solid #f4f4f4; border-bottom: 2px solid transparent; transform: translateX(16px) translateY(-4px) rotate(30deg)\"><\/div><\/div><div style=\"margin-left: auto;\"> <div style=\" width: 0px; border-top: 8px solid #F4F4F4; border-right: 8px solid transparent; transform: translateY(16px);\"><\/div> <div style=\" background-color: #F4F4F4; flex-grow: 0; height: 12px; width: 16px; transform: translateY(-4px);\"><\/div> <div style=\" width: 0; height: 0; border-top: 8px solid #F4F4F4; border-left: 8px solid transparent; transform: translateY(-4px) translateX(8px);\"><\/div><\/div><\/div> <div style=\"display: flex; flex-direction: column; flex-grow: 1; justify-content: center; margin-bottom: 24px;\"> <div style=\" background-color: #F4F4F4; border-radius: 4px; flex-grow: 0; height: 14px; margin-bottom: 6px; width: 224px;\"><\/div> <div style=\" background-color: #F4F4F4; border-radius: 4px; flex-grow: 0; height: 14px; width: 144px;\"><\/div><\/div><\/a><p style=\" color:#c9c8cd; font-family:Arial,sans-serif; font-size:14px; line-height:17px; margin-bottom:0; margin-top:8px; overflow:hidden; padding:8px 0 7px; text-align:center; text-overflow:ellipsis; white-space:nowrap;\"><a href=\"https:\/\/www.instagram.com\/p\/CpR4Yq8rpvZ\/?utm_source=ig_embed&utm_campaign=loading\" style=\" color:#c9c8cd; font-family:Arial,sans-serif; font-size:14px; font-style:normal; font-weight:normal; line-height:17px; text-decoration:none;\" target=\"_blank\">Una publicaci\u00f3n compartida de Dermatolog\u00eda Cl\u00ednica y Est\u00e9tica (@idermicclinic)<\/a><\/p><\/div><\/blockquote> <script async src=\"\/\/www.instagram.com\/embed.js\"><\/script><div class=\"fusion-clearfix\"><\/div><\/div><\/div><\/div><\/div><div class=\"fusion-fullwidth fullwidth-box fusion-builder-row-3 nonhundred-percent-fullwidth non-hundred-percent-height-scrolling\" style=\"--awb-border-radius-top-left:0px;--awb-border-radius-top-right:0px;--awb-border-radius-bottom-right:0px;--awb-border-radius-bottom-left:0px;--awb-flex-wrap:wrap;\" ><div class=\"fusion-builder-row fusion-row\"><div class=\"fusion-layout-column fusion_builder_column fusion-builder-column-2 fusion_builder_column_1_1 1_1 fusion-one-full fusion-column-first fusion-column-last\" style=\"--awb-bg-size:cover;\"><div class=\"fusion-column-wrapper fusion-flex-column-wrapper-legacy\"><div class=\"fusion-text fusion-text-3\"><h2>\u00bf Que es la Sarna?<\/h2>\n<p>La sarna es una <a href=\"https:\/\/www.idermic.es\/es\/que-es-el-melanoma\/\">enfermedad de la piel<\/a> altamente contagiosa causada por un \u00e1caro llamado \u00ab<em>Sarcoptes scabiei<\/em>\u00ab. Este \u00e1caro excava en la piel y pone huevos, lo que causa una reacci\u00f3n inflamatoria y picaz\u00f3n intensa en la piel. La sarna se transmite por contacto directo con la piel infectada o por contacto con objetos contaminados, como por ejemplo ropa de cama o toallas.<\/p>\n<h2>S\u00edntomas que produce la sarna<\/h2>\n<p>Entre los s\u00edntomas m\u00e1s caracter\u00edsticos de la sarna podemos destacar los siguientes:<\/p>\n<ul>\n<li><strong>Picaz\u00f3n intensa<\/strong>: La picaz\u00f3n es el s\u00edntoma m\u00e1s com\u00fan de la sarna y puede ser extremadamente intensa, especialmente por la noche.<\/li>\n<li><strong>Erupci\u00f3n cut\u00e1nea<\/strong>: La erupci\u00f3n cut\u00e1nea asociada con la sarna generalmente consiste en peque\u00f1as protuberancias rojas y ampollas en la piel. La erupci\u00f3n puede aparecer en cualquier parte del cuerpo. Aunque es m\u00e1s frecuente en los pliegues de la piel, como entre los dedos, en las mu\u00f1ecas, en los codos, en la cintura y en las axilas.<\/li>\n<li><strong>Marcas en la piel<\/strong>: Causadas por el rascado intenso y persistente debido a la picaz\u00f3n.<\/li>\n<li><strong>Lesiones<\/strong>: Las lesiones cut\u00e1neas son causadas por el rascado y se infectan con bacterias.<\/li>\n<li><strong>Insomnio<\/strong>: La picaz\u00f3n intensa interfiere con el sue\u00f1o y provoca insomnio.<\/li>\n<\/ul>\n<p>Es importante destacar que la sarna puede manifestarse de manera diferente en cada persona y los s\u00edntomas pueden tardar entre 2 a 6 semanas en aparecer despu\u00e9s de la exposici\u00f3n al \u00e1caro. Si se tiene sospecha de una infecci\u00f3n por sarna, es de vital importancia acudir al especialista para el diagn\u00f3stico y tratamiento adecuados.<\/p>\n<h2>Causas que la producen<\/h2>\n<p>Como hemos comentado anteriormente, la sarna es causada por un \u00e1caro microsc\u00f3pico (\u00ab<em>Sarcoptes scabiei<\/em>\u00ab), que puede vivir en la piel humana. Los \u00e1caros hembras excavan t\u00faneles en la piel y depositan huevos, lo que causa una reacci\u00f3n inflamatoria y picaz\u00f3n intensa en la piel. Adem\u00e1s la sarna se transmite de persona a persona por contacto piel con piel. Tambi\u00e9n se transmite al compartir ropa de cama, toallas u otros objetos contaminados con \u00e1caros.<\/p>\n<p>La sarna no discrimina seg\u00fan la edad, la raza o el nivel socioecon\u00f3mico y llega a afectar a cualquier persona en cualquier lugar del mundo. Las personas que tienen un sistema inmunol\u00f3gico debilitado, como las personas mayores o las que tienen VIH, tienen muchas m\u00e1s probabilidades de contraer la sarna. Adem\u00e1s, vivir en condiciones de hacinamiento, como en prisiones o refugios para personas sin hogar, tambi\u00e9n aumenta el riesgo de contraer esta enfermedad.<\/p>\n<\/div><div class=\"fusion-clearfix\"><\/div><\/div><\/div><div class=\"fusion-layout-column fusion_builder_column fusion-builder-column-3 fusion_builder_column_1_1 1_1 fusion-one-full fusion-column-first fusion-column-last\" style=\"--awb-bg-size:cover;\"><div class=\"fusion-column-wrapper fusion-flex-column-wrapper-legacy\"><div class=\"fusion-text fusion-text-4\"><div class=\"w-full border-b border-black\/10 dark:border-gray-900\/50 text-gray-800 dark:text-gray-100 group dark:bg-gray-800\">\n<div class=\"text-base gap-4 md:gap-6 m-auto md:max-w-2xl lg:max-w-2xl xl:max-w-3xl p-4 md:py-6 flex lg:px-0\">\n<div class=\"relative flex w-&#091;calc(100%-50px)&#093; flex-col gap-1 md:gap-3 lg:w-&#091;calc(100%-115px)&#093;\">\n<div class=\"flex flex-grow flex-col gap-3\">\n<h2>Tratamientos para la sarna<\/h2>\n<p>El tratamiento de la sarna generalmente implica la aplicaci\u00f3n de una loci\u00f3n o crema para matar los \u00e1caros y aliviar los s\u00edntomas. Entre los tratamientos m\u00e1s comunes tenemos los siguientes:<\/p>\n<ul>\n<li><strong>Permetrina<\/strong>: Loci\u00f3n o crema t\u00f3pica que se aplica en todo el cuerpo. Se deja actuar durante varias horas antes de lavarlo.<\/li>\n<li><strong>Ivermectina<\/strong>: Medicamento oral que se usa para tratar la sarna en casos graves o cuando la loci\u00f3n de permetrina no ha sido efectiva.<\/li>\n<li><strong>Lindano<\/strong>: Loci\u00f3n o crema que tambi\u00e9n puede ser efectiva, pero generalmente no se recomienda como tratamiento de primera l\u00ednea debido a su toxicidad.<\/li>\n<li><strong>Crotamit\u00f3n<\/strong>: Finalmente otra loci\u00f3n que se aplica en todo el cuerpo y se deja actuar durante varias horas antes de lavarlo.<\/li>\n<\/ul>\n<p>Es muy importante seguir las instrucciones del m\u00e9dico y aplicar el tratamiento correctamente para garantizar su efectividad. Tambi\u00e9n se recomienda lavar toda la ropa de cama, toallas y ropa en agua caliente y secar a alta temperatura para evitar la reinfecci\u00f3n. Es muy probable que sea necesario repetir el tratamiento despu\u00e9s de una semana para asegurarse de que los \u00e1caros hayan sido eliminados completamente.<\/p>\n<\/div><div class=\"fusion-clearfix\"><\/div><\/div><\/div><\/div><\/div><div class=\"fusion-fullwidth fullwidth-box fusion-builder-row-4 nonhundred-percent-fullwidth non-hundred-percent-height-scrolling\" style=\"--awb-border-radius-top-left:0px;--awb-border-radius-top-right:0px;--awb-border-radius-bottom-right:0px;--awb-border-radius-bottom-left:0px;--awb-flex-wrap:wrap;\" ><div class=\"fusion-builder-row fusion-row\"><div class=\"fusion-layout-column fusion_builder_column fusion-builder-column-4 fusion_builder_column_1_1 1_1 fusion-one-full fusion-column-first fusion-column-last\" style=\"--awb-bg-size:cover;\"><div class=\"fusion-column-wrapper fusion-flex-column-wrapper-legacy\"><div class=\"fusion-text fusion-text-5\"><\/div>\n<\/div>\n<\/div>\n<\/div>\n<\/div><div class=\"fusion-clearfix\"><\/div><\/div><\/div><\/div><\/div><\/p>\n","protected":false},"excerpt":{"rendered":"<p>La sarna es un trastorno de la piel que provoca sarpullido con picor y es causada por peque\u00f1os \u00e1caros aradores llamados \u00abSarcoptes scabiei\u00bb.<\/p>\n","protected":false},"author":3,"featured_media":5565,"comment_status":"open","ping_status":"closed","sticky":false,"template":"","format":"standard","meta":{"_joinchat":[],"footnotes":""},"categories":[52],"tags":[],"class_list":["post-5563","post","type-post","status-publish","format-standard","has-post-thumbnail","hentry","category-dermatologia"],"yoast_head":"<!-- This site is optimized with the Yoast SEO plugin v28.4 - https:\/\/yoast.com\/product\/yoast-seo-wordpress\/ -->\n<title>Sarna: S\u00edntomas, causas y tratamiento -<\/title>\n<meta name=\"description\" content=\"La sarna es un trastorno de la piel que provoca sarpullido con picor y es causada por peque\u00f1os \u00e1caros aradores llamados &quot;Sarcoptes scabiei&quot;.\" \/>\n<meta name=\"robots\" content=\"index, follow, max-snippet:-1, max-image-preview:large, max-video-preview:-1\" \/>\n<link rel=\"canonical\" href=\"https:\/\/www.idermic.es\/es\/sarna-sintomas-causas-y-tratamiento\/\" \/>\n<meta property=\"og:locale\" content=\"es_ES\" \/>\n<meta property=\"og:type\" content=\"article\" \/>\n<meta property=\"og:title\" content=\"Sarna: S\u00edntomas, causas y tratamiento -\" \/>\n<meta property=\"og:description\" content=\"La sarna es un trastorno de la piel que provoca sarpullido con picor y es causada por peque\u00f1os \u00e1caros aradores llamados &quot;Sarcoptes scabiei&quot;.\" \/>\n<meta property=\"og:url\" content=\"https:\/\/www.idermic.es\/es\/sarna-sintomas-causas-y-tratamiento\/\" \/>\n<meta property=\"og:site_name\" content=\"Idermic. Dermatolog\u00eda en Terrassa\" \/>\n<meta property=\"article:publisher\" content=\"https:\/\/www.facebook.com\/Idermic\" \/>\n<meta property=\"article:published_time\" content=\"2023-04-13T17:01:53+00:00\" \/>\n<meta property=\"article:modified_time\" content=\"2025-11-21T13:23:26+00:00\" \/>\n<meta property=\"og:image\" content=\"https:\/\/www.idermic.es\/wp-content\/uploads\/2023\/04\/person-g10419a919_1280.jpg\" \/>\n\t<meta property=\"og:image:width\" content=\"1280\" \/>\n\t<meta property=\"og:image:height\" content=\"853\" \/>\n\t<meta property=\"og:image:type\" content=\"image\/jpeg\" \/>\n<meta name=\"author\" content=\"Equipo\" \/>\n<meta name=\"twitter:card\" content=\"summary_large_image\" \/>\n<meta name=\"twitter:creator\" content=\"@idermic\" \/>\n<meta name=\"twitter:site\" content=\"@idermic\" \/>\n<meta name=\"twitter:label1\" content=\"Escrito por\" \/>\n\t<meta name=\"twitter:data1\" content=\"Equipo\" \/>\n\t<meta name=\"twitter:label2\" content=\"Tiempo de lectura\" \/>\n\t<meta name=\"twitter:data2\" content=\"6 minutos\" \/>\n<script type=\"application\/ld+json\" class=\"yoast-schema-graph\">{\"@context\":\"https:\\\/\\\/schema.org\",\"@graph\":[{\"@type\":\"Article\",\"@id\":\"https:\\\/\\\/www.idermic.es\\\/es\\\/sarna-sintomas-causas-y-tratamiento\\\/#article\",\"isPartOf\":{\"@id\":\"https:\\\/\\\/www.idermic.es\\\/es\\\/sarna-sintomas-causas-y-tratamiento\\\/\"},\"author\":{\"name\":\"Equipo\",\"@id\":\"https:\\\/\\\/www.idermic.es\\\/#\\\/schema\\\/person\\\/c12703027a878b23d3c71c87921a82f8\"},\"headline\":\"Sarna: S\u00edntomas, causas y tratamiento\",\"datePublished\":\"2023-04-13T17:01:53+00:00\",\"dateModified\":\"2025-11-21T13:23:26+00:00\",\"mainEntityOfPage\":{\"@id\":\"https:\\\/\\\/www.idermic.es\\\/es\\\/sarna-sintomas-causas-y-tratamiento\\\/\"},\"wordCount\":2830,\"commentCount\":0,\"publisher\":{\"@id\":\"https:\\\/\\\/www.idermic.es\\\/#organization\"},\"image\":{\"@id\":\"https:\\\/\\\/www.idermic.es\\\/es\\\/sarna-sintomas-causas-y-tratamiento\\\/#primaryimage\"},\"thumbnailUrl\":\"https:\\\/\\\/www.idermic.es\\\/wp-content\\\/uploads\\\/2023\\\/04\\\/person-g10419a919_1280.jpg\",\"articleSection\":[\"Dermatolog\u00eda\"],\"inLanguage\":\"es\",\"potentialAction\":[{\"@type\":\"CommentAction\",\"name\":\"Comment\",\"target\":[\"https:\\\/\\\/www.idermic.es\\\/es\\\/sarna-sintomas-causas-y-tratamiento\\\/#respond\"]}]},{\"@type\":\"WebPage\",\"@id\":\"https:\\\/\\\/www.idermic.es\\\/es\\\/sarna-sintomas-causas-y-tratamiento\\\/\",\"url\":\"https:\\\/\\\/www.idermic.es\\\/es\\\/sarna-sintomas-causas-y-tratamiento\\\/\",\"name\":\"Sarna: S\u00edntomas, causas y tratamiento -\",\"isPartOf\":{\"@id\":\"https:\\\/\\\/www.idermic.es\\\/#website\"},\"primaryImageOfPage\":{\"@id\":\"https:\\\/\\\/www.idermic.es\\\/es\\\/sarna-sintomas-causas-y-tratamiento\\\/#primaryimage\"},\"image\":{\"@id\":\"https:\\\/\\\/www.idermic.es\\\/es\\\/sarna-sintomas-causas-y-tratamiento\\\/#primaryimage\"},\"thumbnailUrl\":\"https:\\\/\\\/www.idermic.es\\\/wp-content\\\/uploads\\\/2023\\\/04\\\/person-g10419a919_1280.jpg\",\"datePublished\":\"2023-04-13T17:01:53+00:00\",\"dateModified\":\"2025-11-21T13:23:26+00:00\",\"description\":\"La sarna es un trastorno de la piel que provoca sarpullido con picor y es causada por peque\u00f1os \u00e1caros aradores llamados \\\"Sarcoptes scabiei\\\".\",\"breadcrumb\":{\"@id\":\"https:\\\/\\\/www.idermic.es\\\/es\\\/sarna-sintomas-causas-y-tratamiento\\\/#breadcrumb\"},\"inLanguage\":\"es\",\"potentialAction\":[{\"@type\":\"ReadAction\",\"target\":[\"https:\\\/\\\/www.idermic.es\\\/es\\\/sarna-sintomas-causas-y-tratamiento\\\/\"]}]},{\"@type\":\"ImageObject\",\"inLanguage\":\"es\",\"@id\":\"https:\\\/\\\/www.idermic.es\\\/es\\\/sarna-sintomas-causas-y-tratamiento\\\/#primaryimage\",\"url\":\"https:\\\/\\\/www.idermic.es\\\/wp-content\\\/uploads\\\/2023\\\/04\\\/person-g10419a919_1280.jpg\",\"contentUrl\":\"https:\\\/\\\/www.idermic.es\\\/wp-content\\\/uploads\\\/2023\\\/04\\\/person-g10419a919_1280.jpg\",\"width\":1280,\"height\":853,\"caption\":\"Sarna: Causas y tratamiento\"},{\"@type\":\"BreadcrumbList\",\"@id\":\"https:\\\/\\\/www.idermic.es\\\/es\\\/sarna-sintomas-causas-y-tratamiento\\\/#breadcrumb\",\"itemListElement\":[{\"@type\":\"ListItem\",\"position\":1,\"name\":\"Inici\",\"item\":\"https:\\\/\\\/www.idermic.es\\\/es\\\/\"},{\"@type\":\"ListItem\",\"position\":2,\"name\":\"Sarna: S\u00edntomas, causas y tratamiento\"}]},{\"@type\":\"WebSite\",\"@id\":\"https:\\\/\\\/www.idermic.es\\\/#website\",\"url\":\"https:\\\/\\\/www.idermic.es\\\/\",\"name\":\"Idermic. Dermatolog\u00eda en Terrassa\",\"description\":\"Dermatolog\u00eda, Medicina est\u00e9tica, Cirurg\u00eda Pl\u00e0stica\",\"publisher\":{\"@id\":\"https:\\\/\\\/www.idermic.es\\\/#organization\"},\"potentialAction\":[{\"@type\":\"SearchAction\",\"target\":{\"@type\":\"EntryPoint\",\"urlTemplate\":\"https:\\\/\\\/www.idermic.es\\\/?s={search_term_string}\"},\"query-input\":{\"@type\":\"PropertyValueSpecification\",\"valueRequired\":true,\"valueName\":\"search_term_string\"}}],\"inLanguage\":\"es\"},{\"@type\":\"Organization\",\"@id\":\"https:\\\/\\\/www.idermic.es\\\/#organization\",\"name\":\"Idermic. Dermatolog\u00eda en Terrassa\",\"url\":\"https:\\\/\\\/www.idermic.es\\\/\",\"logo\":{\"@type\":\"ImageObject\",\"inLanguage\":\"es\",\"@id\":\"https:\\\/\\\/www.idermic.es\\\/#\\\/schema\\\/logo\\\/image\\\/\",\"url\":\"https:\\\/\\\/www.idermic.es\\\/wp-content\\\/uploads\\\/2025\\\/10\\\/Logo-Idermic.jpg\",\"contentUrl\":\"https:\\\/\\\/www.idermic.es\\\/wp-content\\\/uploads\\\/2025\\\/10\\\/Logo-Idermic.jpg\",\"width\":501,\"height\":502,\"caption\":\"Idermic. Dermatolog\u00eda en Terrassa\"},\"image\":{\"@id\":\"https:\\\/\\\/www.idermic.es\\\/#\\\/schema\\\/logo\\\/image\\\/\"},\"sameAs\":[\"https:\\\/\\\/www.facebook.com\\\/Idermic\",\"https:\\\/\\\/x.com\\\/idermic\",\"https:\\\/\\\/www.instagram.com\\\/idermicclinic\\\/\",\"https:\\\/\\\/www.youtube.com\\\/channel\\\/UCyAHC9-p8lc6hr_nguO8p_g\"]},{\"@type\":\"Person\",\"@id\":\"https:\\\/\\\/www.idermic.es\\\/#\\\/schema\\\/person\\\/c12703027a878b23d3c71c87921a82f8\",\"name\":\"Equipo\",\"image\":{\"@type\":\"ImageObject\",\"inLanguage\":\"es\",\"@id\":\"https:\\\/\\\/secure.gravatar.com\\\/avatar\\\/7ca0be23248108c6b0887e0693b7dcf7764bd3503f84d1f04e6653ef7c3b9420?s=96&d=mm&r=g\",\"url\":\"https:\\\/\\\/secure.gravatar.com\\\/avatar\\\/7ca0be23248108c6b0887e0693b7dcf7764bd3503f84d1f04e6653ef7c3b9420?s=96&d=mm&r=g\",\"contentUrl\":\"https:\\\/\\\/secure.gravatar.com\\\/avatar\\\/7ca0be23248108c6b0887e0693b7dcf7764bd3503f84d1f04e6653ef7c3b9420?s=96&d=mm&r=g\",\"caption\":\"Equipo\"},\"description\":\"Equipo de Idermic\"}]}<\/script>\n<!-- \/ Yoast SEO plugin. -->","yoast_head_json":{"title":"Sarna: S\u00edntomas, causas y tratamiento -","description":"La sarna es un trastorno de la piel que provoca sarpullido con picor y es causada por peque\u00f1os \u00e1caros aradores llamados \"Sarcoptes scabiei\".","robots":{"index":"index","follow":"follow","max-snippet":"max-snippet:-1","max-image-preview":"max-image-preview:large","max-video-preview":"max-video-preview:-1"},"canonical":"https:\/\/www.idermic.es\/es\/sarna-sintomas-causas-y-tratamiento\/","og_locale":"es_ES","og_type":"article","og_title":"Sarna: S\u00edntomas, causas y tratamiento -","og_description":"La sarna es un trastorno de la piel que provoca sarpullido con picor y es causada por peque\u00f1os \u00e1caros aradores llamados \"Sarcoptes scabiei\".","og_url":"https:\/\/www.idermic.es\/es\/sarna-sintomas-causas-y-tratamiento\/","og_site_name":"Idermic. Dermatolog\u00eda en Terrassa","article_publisher":"https:\/\/www.facebook.com\/Idermic","article_published_time":"2023-04-13T17:01:53+00:00","article_modified_time":"2025-11-21T13:23:26+00:00","og_image":[{"width":1280,"height":853,"url":"https:\/\/www.idermic.es\/wp-content\/uploads\/2023\/04\/person-g10419a919_1280.jpg","type":"image\/jpeg"}],"author":"Equipo","twitter_card":"summary_large_image","twitter_creator":"@idermic","twitter_site":"@idermic","twitter_misc":{"Escrito por":"Equipo","Tiempo de lectura":"6 minutos"},"schema":{"@context":"https:\/\/schema.org","@graph":[{"@type":"Article","@id":"https:\/\/www.idermic.es\/es\/sarna-sintomas-causas-y-tratamiento\/#article","isPartOf":{"@id":"https:\/\/www.idermic.es\/es\/sarna-sintomas-causas-y-tratamiento\/"},"author":{"name":"Equipo","@id":"https:\/\/www.idermic.es\/#\/schema\/person\/c12703027a878b23d3c71c87921a82f8"},"headline":"Sarna: S\u00edntomas, causas y tratamiento","datePublished":"2023-04-13T17:01:53+00:00","dateModified":"2025-11-21T13:23:26+00:00","mainEntityOfPage":{"@id":"https:\/\/www.idermic.es\/es\/sarna-sintomas-causas-y-tratamiento\/"},"wordCount":2830,"commentCount":0,"publisher":{"@id":"https:\/\/www.idermic.es\/#organization"},"image":{"@id":"https:\/\/www.idermic.es\/es\/sarna-sintomas-causas-y-tratamiento\/#primaryimage"},"thumbnailUrl":"https:\/\/www.idermic.es\/wp-content\/uploads\/2023\/04\/person-g10419a919_1280.jpg","articleSection":["Dermatolog\u00eda"],"inLanguage":"es","potentialAction":[{"@type":"CommentAction","name":"Comment","target":["https:\/\/www.idermic.es\/es\/sarna-sintomas-causas-y-tratamiento\/#respond"]}]},{"@type":"WebPage","@id":"https:\/\/www.idermic.es\/es\/sarna-sintomas-causas-y-tratamiento\/","url":"https:\/\/www.idermic.es\/es\/sarna-sintomas-causas-y-tratamiento\/","name":"Sarna: S\u00edntomas, causas y tratamiento -","isPartOf":{"@id":"https:\/\/www.idermic.es\/#website"},"primaryImageOfPage":{"@id":"https:\/\/www.idermic.es\/es\/sarna-sintomas-causas-y-tratamiento\/#primaryimage"},"image":{"@id":"https:\/\/www.idermic.es\/es\/sarna-sintomas-causas-y-tratamiento\/#primaryimage"},"thumbnailUrl":"https:\/\/www.idermic.es\/wp-content\/uploads\/2023\/04\/person-g10419a919_1280.jpg","datePublished":"2023-04-13T17:01:53+00:00","dateModified":"2025-11-21T13:23:26+00:00","description":"La sarna es un trastorno de la piel que provoca sarpullido con picor y es causada por peque\u00f1os \u00e1caros aradores llamados \"Sarcoptes scabiei\".","breadcrumb":{"@id":"https:\/\/www.idermic.es\/es\/sarna-sintomas-causas-y-tratamiento\/#breadcrumb"},"inLanguage":"es","potentialAction":[{"@type":"ReadAction","target":["https:\/\/www.idermic.es\/es\/sarna-sintomas-causas-y-tratamiento\/"]}]},{"@type":"ImageObject","inLanguage":"es","@id":"https:\/\/www.idermic.es\/es\/sarna-sintomas-causas-y-tratamiento\/#primaryimage","url":"https:\/\/www.idermic.es\/wp-content\/uploads\/2023\/04\/person-g10419a919_1280.jpg","contentUrl":"https:\/\/www.idermic.es\/wp-content\/uploads\/2023\/04\/person-g10419a919_1280.jpg","width":1280,"height":853,"caption":"Sarna: Causas y tratamiento"},{"@type":"BreadcrumbList","@id":"https:\/\/www.idermic.es\/es\/sarna-sintomas-causas-y-tratamiento\/#breadcrumb","itemListElement":[{"@type":"ListItem","position":1,"name":"Inici","item":"https:\/\/www.idermic.es\/es\/"},{"@type":"ListItem","position":2,"name":"Sarna: S\u00edntomas, causas y tratamiento"}]},{"@type":"WebSite","@id":"https:\/\/www.idermic.es\/#website","url":"https:\/\/www.idermic.es\/","name":"Idermic. Dermatolog\u00eda en Terrassa","description":"Dermatolog\u00eda, Medicina est\u00e9tica, Cirurg\u00eda Pl\u00e0stica","publisher":{"@id":"https:\/\/www.idermic.es\/#organization"},"potentialAction":[{"@type":"SearchAction","target":{"@type":"EntryPoint","urlTemplate":"https:\/\/www.idermic.es\/?s={search_term_string}"},"query-input":{"@type":"PropertyValueSpecification","valueRequired":true,"valueName":"search_term_string"}}],"inLanguage":"es"},{"@type":"Organization","@id":"https:\/\/www.idermic.es\/#organization","name":"Idermic. Dermatolog\u00eda en Terrassa","url":"https:\/\/www.idermic.es\/","logo":{"@type":"ImageObject","inLanguage":"es","@id":"https:\/\/www.idermic.es\/#\/schema\/logo\/image\/","url":"https:\/\/www.idermic.es\/wp-content\/uploads\/2025\/10\/Logo-Idermic.jpg","contentUrl":"https:\/\/www.idermic.es\/wp-content\/uploads\/2025\/10\/Logo-Idermic.jpg","width":501,"height":502,"caption":"Idermic. Dermatolog\u00eda en Terrassa"},"image":{"@id":"https:\/\/www.idermic.es\/#\/schema\/logo\/image\/"},"sameAs":["https:\/\/www.facebook.com\/Idermic","https:\/\/x.com\/idermic","https:\/\/www.instagram.com\/idermicclinic\/","https:\/\/www.youtube.com\/channel\/UCyAHC9-p8lc6hr_nguO8p_g"]},{"@type":"Person","@id":"https:\/\/www.idermic.es\/#\/schema\/person\/c12703027a878b23d3c71c87921a82f8","name":"Equipo","image":{"@type":"ImageObject","inLanguage":"es","@id":"https:\/\/secure.gravatar.com\/avatar\/7ca0be23248108c6b0887e0693b7dcf7764bd3503f84d1f04e6653ef7c3b9420?s=96&d=mm&r=g","url":"https:\/\/secure.gravatar.com\/avatar\/7ca0be23248108c6b0887e0693b7dcf7764bd3503f84d1f04e6653ef7c3b9420?s=96&d=mm&r=g","contentUrl":"https:\/\/secure.gravatar.com\/avatar\/7ca0be23248108c6b0887e0693b7dcf7764bd3503f84d1f04e6653ef7c3b9420?s=96&d=mm&r=g","caption":"Equipo"},"description":"Equipo de Idermic"}]}},"_links":{"self":[{"href":"https:\/\/www.idermic.es\/es\/wp-json\/wp\/v2\/posts\/5563","targetHints":{"allow":["GET"]}}],"collection":[{"href":"https:\/\/www.idermic.es\/es\/wp-json\/wp\/v2\/posts"}],"about":[{"href":"https:\/\/www.idermic.es\/es\/wp-json\/wp\/v2\/types\/post"}],"author":[{"embeddable":true,"href":"https:\/\/www.idermic.es\/es\/wp-json\/wp\/v2\/users\/3"}],"replies":[{"embeddable":true,"href":"https:\/\/www.idermic.es\/es\/wp-json\/wp\/v2\/comments?post=5563"}],"version-history":[{"count":5,"href":"https:\/\/www.idermic.es\/es\/wp-json\/wp\/v2\/posts\/5563\/revisions"}],"predecessor-version":[{"id":8618,"href":"https:\/\/www.idermic.es\/es\/wp-json\/wp\/v2\/posts\/5563\/revisions\/8618"}],"wp:featuredmedia":[{"embeddable":true,"href":"https:\/\/www.idermic.es\/es\/wp-json\/wp\/v2\/media\/5565"}],"wp:attachment":[{"href":"https:\/\/www.idermic.es\/es\/wp-json\/wp\/v2\/media?parent=5563"}],"wp:term":[{"taxonomy":"category","embeddable":true,"href":"https:\/\/www.idermic.es\/es\/wp-json\/wp\/v2\/categories?post=5563"},{"taxonomy":"post_tag","embeddable":true,"href":"https:\/\/www.idermic.es\/es\/wp-json\/wp\/v2\/tags?post=5563"}],"curies":[{"name":"wp","href":"https:\/\/api.w.org\/{rel}","templated":true}]}}