{"id":5346,"date":"2023-01-23T09:54:57","date_gmt":"2023-01-23T09:54:57","guid":{"rendered":"https:\/\/www.idermic.es\/?p=5346"},"modified":"2025-11-21T12:43:36","modified_gmt":"2025-11-21T12:43:36","slug":"carcinoma-basocelular","status":"publish","type":"post","link":"https:\/\/www.idermic.es\/es\/carcinoma-basocelular\/","title":{"rendered":"Carcinoma basocelular: gu\u00eda cl\u00ednica y prevenci\u00f3n"},"content":{"rendered":"<p><div class=\"fusion-fullwidth fullwidth-box fusion-builder-row-1 nonhundred-percent-fullwidth non-hundred-percent-height-scrolling\" style=\"--awb-border-radius-top-left:0px;--awb-border-radius-top-right:0px;--awb-border-radius-bottom-right:0px;--awb-border-radius-bottom-left:0px;--awb-margin-top:32px;--awb-margin-bottom:32px;--awb-flex-wrap:wrap;\" ><div class=\"fusion-builder-row fusion-row\"><div class=\"fusion-layout-column fusion_builder_column fusion-builder-column-0 fusion_builder_column_1_1 1_1 fusion-one-full fusion-column-first fusion-column-last\" style=\"--awb-bg-size:cover;\"><div class=\"fusion-column-wrapper fusion-flex-column-wrapper-legacy\"><div class=\"fusion-text fusion-text-1\"><h1 style=\"text-align: left;\">Carcinoma basocelular<\/h1>\n<\/div><div class=\"fusion-text fusion-text-2\"><p>Hoy te invitamos a consulta con la Dra. Carolina Prat Torres<\/p>\n<p>En Idermic Clinic somos expertos en dermatolog\u00eda cl\u00ednica.<\/p>\n<p><a href=\"https:\/\/www.instagram.com\/reel\/CmqsQWiBVeU\/?utm_source=ig_web_copy_link\">Audio original<\/a><\/p>\n<\/div><div class=\"fusion-clearfix\"><\/div><\/div><\/div><\/div><div class=\"fusion-builder-row fusion-row\"><\/div><\/div><div class=\"fusion-fullwidth fullwidth-box fusion-builder-row-2 nonhundred-percent-fullwidth non-hundred-percent-height-scrolling\" style=\"--awb-border-radius-top-left:0px;--awb-border-radius-top-right:0px;--awb-border-radius-bottom-right:0px;--awb-border-radius-bottom-left:0px;--awb-flex-wrap:wrap;\" ><div class=\"fusion-builder-row fusion-row\"><div class=\"fusion-layout-column fusion_builder_column fusion-builder-column-1 fusion_builder_column_1_1 1_1 fusion-one-full fusion-column-first fusion-column-last\" style=\"--awb-bg-size:cover;\"><div class=\"fusion-column-wrapper fusion-flex-column-wrapper-legacy\"><blockquote class=\"instagram-media\" data-instgrm-captioned data-instgrm-permalink=\"https:\/\/www.instagram.com\/reel\/CmqsQWiBVeU\/?utm_source=ig_embed&utm_campaign=loading\" data-instgrm-version=\"14\" style=\" background:#FFF; border:0; border-radius:3px; box-shadow:0 0 1px 0 rgba(0,0,0,0.5),0 1px 10px 0 rgba(0,0,0,0.15); margin: 1px; max-width:540px; min-width:326px; padding:0; width:99.375%; width:-webkit-calc(100% - 2px); width:calc(100% - 2px);\"><div style=\"padding:16px;\"> <a href=\"https:\/\/www.instagram.com\/reel\/CmqsQWiBVeU\/?utm_source=ig_embed&utm_campaign=loading\" style=\" background:#FFFFFF; line-height:0; padding:0 0; text-align:center; text-decoration:none; width:100%;\" target=\"_blank\"> <div style=\" display: flex; flex-direction: row; align-items: center;\"> <div style=\"background-color: #F4F4F4; border-radius: 50%; flex-grow: 0; height: 40px; margin-right: 14px; width: 40px;\"><\/div> <div style=\"display: flex; flex-direction: column; flex-grow: 1; justify-content: center;\"> <div style=\" background-color: #F4F4F4; border-radius: 4px; flex-grow: 0; height: 14px; margin-bottom: 6px; width: 100px;\"><\/div> <div style=\" background-color: #F4F4F4; border-radius: 4px; flex-grow: 0; height: 14px; width: 60px;\"><\/div><\/div><\/div><div style=\"padding: 19% 0;\"><\/div> <div style=\"display:block; height:50px; margin:0 auto 12px; width:50px;\"><svg width=\"50px\" height=\"50px\" viewBox=\"0 0 60 60\" version=\"1.1\" xmlns=\"https:\/\/www.w3.org\/2000\/svg\" xmlns:xlink=\"https:\/\/www.w3.org\/1999\/xlink\"><g stroke=\"none\" stroke-width=\"1\" fill=\"none\" fill-rule=\"evenodd\"><g transform=\"translate(-511.000000, -20.000000)\" fill=\"#000000\"><g><path d=\"M556.869,30.41 C554.814,30.41 553.148,32.076 553.148,34.131 C553.148,36.186 554.814,37.852 556.869,37.852 C558.924,37.852 560.59,36.186 560.59,34.131 C560.59,32.076 558.924,30.41 556.869,30.41 M541,60.657 C535.114,60.657 530.342,55.887 530.342,50 C530.342,44.114 535.114,39.342 541,39.342 C546.887,39.342 551.658,44.114 551.658,50 C551.658,55.887 546.887,60.657 541,60.657 M541,33.886 C532.1,33.886 524.886,41.1 524.886,50 C524.886,58.899 532.1,66.113 541,66.113 C549.9,66.113 557.115,58.899 557.115,50 C557.115,41.1 549.9,33.886 541,33.886 M565.378,62.101 C565.244,65.022 564.756,66.606 564.346,67.663 C563.803,69.06 563.154,70.057 562.106,71.106 C561.058,72.155 560.06,72.803 558.662,73.347 C557.607,73.757 556.021,74.244 553.102,74.378 C549.944,74.521 548.997,74.552 541,74.552 C533.003,74.552 532.056,74.521 528.898,74.378 C525.979,74.244 524.393,73.757 523.338,73.347 C521.94,72.803 520.942,72.155 519.894,71.106 C518.846,70.057 518.197,69.06 517.654,67.663 C517.244,66.606 516.755,65.022 516.623,62.101 C516.479,58.943 516.448,57.996 516.448,50 C516.448,42.003 516.479,41.056 516.623,37.899 C516.755,34.978 517.244,33.391 517.654,32.338 C518.197,30.938 518.846,29.942 519.894,28.894 C520.942,27.846 521.94,27.196 523.338,26.654 C524.393,26.244 525.979,25.756 528.898,25.623 C532.057,25.479 533.004,25.448 541,25.448 C548.997,25.448 549.943,25.479 553.102,25.623 C556.021,25.756 557.607,26.244 558.662,26.654 C560.06,27.196 561.058,27.846 562.106,28.894 C563.154,29.942 563.803,30.938 564.346,32.338 C564.756,33.391 565.244,34.978 565.378,37.899 C565.522,41.056 565.552,42.003 565.552,50 C565.552,57.996 565.522,58.943 565.378,62.101 M570.82,37.631 C570.674,34.438 570.167,32.258 569.425,30.349 C568.659,28.377 567.633,26.702 565.965,25.035 C564.297,23.368 562.623,22.342 560.652,21.575 C558.743,20.834 556.562,20.326 553.369,20.18 C550.169,20.033 549.148,20 541,20 C532.853,20 531.831,20.033 528.631,20.18 C525.438,20.326 523.257,20.834 521.349,21.575 C519.376,22.342 517.703,23.368 516.035,25.035 C514.368,26.702 513.342,28.377 512.574,30.349 C511.834,32.258 511.326,34.438 511.181,37.631 C511.035,40.831 511,41.851 511,50 C511,58.147 511.035,59.17 511.181,62.369 C511.326,65.562 511.834,67.743 512.574,69.651 C513.342,71.625 514.368,73.296 516.035,74.965 C517.703,76.634 519.376,77.658 521.349,78.425 C523.257,79.167 525.438,79.673 528.631,79.82 C531.831,79.965 532.853,80.001 541,80.001 C549.148,80.001 550.169,79.965 553.369,79.82 C556.562,79.673 558.743,79.167 560.652,78.425 C562.623,77.658 564.297,76.634 565.965,74.965 C567.633,73.296 568.659,71.625 569.425,69.651 C570.167,67.743 570.674,65.562 570.82,62.369 C570.966,59.17 571,58.147 571,50 C571,41.851 570.966,40.831 570.82,37.631\"><\/path><\/g><\/g><\/g><\/svg><\/div><div style=\"padding-top: 8px;\"> <div style=\" color:#3897f0; font-family:Arial,sans-serif; font-size:14px; font-style:normal; font-weight:550; line-height:18px;\">Ver esta publicaci\u00f3n en Instagram<\/div><\/div><div style=\"padding: 12.5% 0;\"><\/div> <div style=\"display: flex; flex-direction: row; margin-bottom: 14px; align-items: center;\"><div> <div style=\"background-color: #F4F4F4; border-radius: 50%; height: 12.5px; width: 12.5px; transform: translateX(0px) translateY(7px);\"><\/div> <div style=\"background-color: #F4F4F4; height: 12.5px; transform: rotate(-45deg) translateX(3px) translateY(1px); width: 12.5px; flex-grow: 0; margin-right: 14px; margin-left: 2px;\"><\/div> <div style=\"background-color: #F4F4F4; border-radius: 50%; height: 12.5px; width: 12.5px; transform: translateX(9px) translateY(-18px);\"><\/div><\/div><div style=\"margin-left: 8px;\"> <div style=\" background-color: #F4F4F4; border-radius: 50%; flex-grow: 0; height: 20px; width: 20px;\"><\/div> <div style=\" width: 0; height: 0; border-top: 2px solid transparent; border-left: 6px solid #f4f4f4; border-bottom: 2px solid transparent; transform: translateX(16px) translateY(-4px) rotate(30deg)\"><\/div><\/div><div style=\"margin-left: auto;\"> <div style=\" width: 0px; border-top: 8px solid #F4F4F4; border-right: 8px solid transparent; transform: translateY(16px);\"><\/div> <div style=\" background-color: #F4F4F4; flex-grow: 0; height: 12px; width: 16px; transform: translateY(-4px);\"><\/div> <div style=\" width: 0; height: 0; border-top: 8px solid #F4F4F4; border-left: 8px solid transparent; transform: translateY(-4px) translateX(8px);\"><\/div><\/div><\/div> <div style=\"display: flex; flex-direction: column; flex-grow: 1; justify-content: center; margin-bottom: 24px;\"> <div style=\" background-color: #F4F4F4; border-radius: 4px; flex-grow: 0; height: 14px; margin-bottom: 6px; width: 224px;\"><\/div> <div style=\" background-color: #F4F4F4; border-radius: 4px; flex-grow: 0; height: 14px; width: 144px;\"><\/div><\/div><\/a><p style=\" color:#c9c8cd; font-family:Arial,sans-serif; font-size:14px; line-height:17px; margin-bottom:0; margin-top:8px; overflow:hidden; padding:8px 0 7px; text-align:center; text-overflow:ellipsis; white-space:nowrap;\"><a href=\"https:\/\/www.instagram.com\/reel\/CmqsQWiBVeU\/?utm_source=ig_embed&utm_campaign=loading\" style=\" color:#c9c8cd; font-family:Arial,sans-serif; font-size:14px; font-style:normal; font-weight:normal; line-height:17px; text-decoration:none;\" target=\"_blank\">Una publicaci\u00f3n compartida de Dermatolog\u00eda Cl\u00ednica y Est\u00e9tica (@idermicclinic)<\/a><\/p><\/div><\/blockquote> <script async src=\"\/\/www.instagram.com\/embed.js\"><\/script><div class=\"fusion-clearfix\"><\/div><\/div><\/div><\/div><\/div><div class=\"fusion-fullwidth fullwidth-box fusion-builder-row-3 nonhundred-percent-fullwidth non-hundred-percent-height-scrolling\" style=\"--awb-border-radius-top-left:0px;--awb-border-radius-top-right:0px;--awb-border-radius-bottom-right:0px;--awb-border-radius-bottom-left:0px;--awb-flex-wrap:wrap;\" ><div class=\"fusion-builder-row fusion-row\"><div class=\"fusion-layout-column fusion_builder_column fusion-builder-column-2 fusion_builder_column_1_1 1_1 fusion-one-full fusion-column-first fusion-column-last\" style=\"--awb-bg-size:cover;\"><div class=\"fusion-column-wrapper fusion-flex-column-wrapper-legacy\"><div class=\"fusion-text fusion-text-3\"><p>El carcinoma basocelular es un tipo de <a href=\"https:\/\/www.idermic.es\/es\/enfermedades-dermatologicas\/#cancer-de-piel-o-melanoma\"><strong>c\u00e1ncer de piel<\/strong><\/a>. Comienza en las c\u00e9lulas basales, un tipo de c\u00e9lulas que se encuentran en la piel y que producen las c\u00e9lulas cut\u00e1neas nuevas a medida que las viejas mueren. Suele aparecer en la forma de un bulto ligeramente transparente en la piel, aunque puede tomar otras formas. El carcinoma basocelular ocurre con mayor frecuencia en zonas de la piel que est\u00e1n expuestas al sol, como la cabeza y el cuello.<\/p>\n<p>Se piensa que la mayor\u00eda de los carcinomas basocelulares se deben a la exposici\u00f3n prolongada a la radiaci\u00f3n ultravioleta (UV) de la luz solar. Los modos m\u00e1s comunes contra el carcinoma basocelular son evitar la exposici\u00f3n al sol y usar protector<\/p>\n<h2>S\u00edntomas<\/h2>\n<p>Como hemos comentado anteriormente el carcinoma basocelular se manifiesta en las partes del cuerpo expuestas al sol, especialmente en la cabeza y el cuello. Tambi\u00e9n puede presentarse (aunque con menor frecuencia) en partes del cuerpo normalmente protegidas del sol, como los genitales.<\/p>\n<p>El carcinoma basocelular aparece como un cambio en la piel, por ejemplo, un bulto o una llaga que no sana. Estos cambios en la piel a modo de peque\u00f1as lesiones tienen una de las siguientes caracter\u00edsticas:<\/p>\n<ul>\n<li>Una protuberancia con aspecto brillante y de color piel que es trasl\u00facida. Es decir, que se puede ver un poco a trav\u00e9s de su superficie. La protuberancia puede ser de color blanco perlado o de color rosado en la piel blanca. Adem\u00e1s puede ser de color marr\u00f3n o negro brillante en la piel morena o negra. Se pueden observar vasos sangu\u00edneos peque\u00f1os. Aunque son muy dif\u00edciles de detectar en la piel morena y negra. Es posible que la protuberancia sangre y que luego se forme una costra.<\/li>\n<li>Una lesi\u00f3n marr\u00f3n, negra o azul\u00a0(o una lesi\u00f3n con puntos oscuros) con bordes trasl\u00facidos y levemente levantados.<\/li>\n<li>Un parche plano y escamoso\u00a0con un borde levantado. Con el tiempo, estos parches pueden crecer bastante.<\/li>\n<li>Una lesi\u00f3n blanca, de aspecto ceroso y similar a una cicatriz\u00a0sin un borde claramente definido.<\/li>\n<\/ul>\n<p>Si observamos cambios en el aspecto de nuestra piel es muy recomendable pedir cita con el dermat\u00f3logo<\/p>\n<h2>Causas del carcinoma basocelular<\/h2>\n<p>El carcinoma de c\u00e9lulas basales aparece cuando una de las c\u00e9lulas basales de la piel desarrolla una mutaci\u00f3n en su ADN.<\/p>\n<p>Las c\u00e9lulas basales se encuentran en la capa inferior de la epidermis. \u00c9sta es la capa m\u00e1s externa de la piel. Las c\u00e9lulas basales pueden producir nuevas c\u00e9lulas cut\u00e1neas. A medida que se producen nuevas c\u00e9lulas cut\u00e1neas, \u00e9stas empujan a las c\u00e9lulas m\u00e1s viejas hacia la superficie de la piel, donde las c\u00e9lulas viejas mueren y se desprenden.<\/p>\n<p>El proceso de creaci\u00f3n de nuevas c\u00e9lulas cut\u00e1neas es controlado por el ADN de una c\u00e9lula basal. El ADN contiene las instrucciones que le dicen a una c\u00e9lula qu\u00e9 hacer, y la mutaci\u00f3n le dice a la c\u00e9lula basal que se multiplique r\u00e1pidamente y contin\u00fae creciendo cuando normalmente morir\u00eda. Eventualmente, las c\u00e9lulas anormales que se acumulan pueden formar un tumor canceroso. Es decir, la lesi\u00f3n que aparece en la piel.<\/p>\n<h3>Luz ultravioleta y otras causas<\/h3>\n<p>La radiaci\u00f3n ultravioleta (UV) y las l\u00e1mparas de bronceado son las causantes de la mayor parte del da\u00f1o en el ADN de las c\u00e9lulas basales. Sin embargo, la exposici\u00f3n al sol no explica los casos de c\u00e1ncer de piel que se manifiestan en piel no expuesta com\u00fanmente a la luz del sol. Existen otros factores que pueden contribuir al riesgo y desarrollo del carcinoma basocelular, y puede que la causa exacta no est\u00e9 clara en algunos casos.<\/p>\n<h2>Factores de riesgo<\/h2>\n<p>Los factores que aumentan el riesgo del carcinoma basocelular incluyen los siguientes:<\/p>\n<ul>\n<li>Exposici\u00f3n cr\u00f3nica al sol.\u00a0Pasar mucho tiempo al sol, o en camas de bronceado comerciales, aumenta el riesgo del carcinoma de c\u00e9lulas basales. La amenaza es mayor si vives en un lugar soleado o de gran altitud, ya que ambos factores te exponen a mayor radiaci\u00f3n\u00a0<abbr title=\"ultravioleta\">UV<\/abbr>. Las quemaduras graves por el sol tambi\u00e9n aumentan el riesgo.<\/li>\n<li>Radioterapia.\u00a0La radioterapia para tratar el acn\u00e9 u otras afecciones de la piel puede aumentar el riesgo de carcinoma de c\u00e9lulas basales en lugares de la piel que fueron tratados anteriormente.<\/li>\n<li>Piel clara. El riesgo de carcinoma de c\u00e9lulas basales es m\u00e1s alto entre las personas que tienen pecas, las que se queman f\u00e1cilmente con el sol, las que tienen una piel muy clara,\u00a0 o las que son pelirrojas o rubias o que tienen los ojos claros.<\/li>\n<li>Edad avanzada. El carcinoma de c\u00e9lulas basales a menudo tarda d\u00e9cadas en desarrollarse. La mayor parte de estos carcinomas se presenta en adultos mayores. Tambi\u00e9n puede afectar a los adultos m\u00e1s j\u00f3venes y se est\u00e1 volviendo m\u00e1s com\u00fan en personas de entre 20 y 30 a\u00f1os.<\/li>\n<li>Antecedentes personales o familiares de c\u00e1ncer de piel.\u00a0Si has tenido carcinoma de c\u00e9lulas basales una o m\u00e1s veces, tienes altas probabilidades de volver a tenerlo. Si tienes antecedentes familiares de c\u00e1ncer de piel, es posible que presentes un mayor riesgo de padecer carcinoma de c\u00e9lulas basales.<\/li>\n<li>Medicamentos inmunosupresores. Tomar medicamentos que inhiben el sistema inmunitario, como los medicamentos anti rechazo utilizados despu\u00e9s de la cirug\u00eda para el trasplante, aumenta significativamente tu riesgo de tener c\u00e1ncer de piel.<\/li>\n<li>Exposici\u00f3n al ars\u00e9nico.\u00a0El ars\u00e9nico, un metal t\u00f3xico que se encuentra con frecuencia en el medio ambiente, aumenta el riesgo de carcinoma de c\u00e9lulas basales y otros tipos de c\u00e1ncer. Todo el mundo tiene alguna exposici\u00f3n al ars\u00e9nico porque ocurre naturalmente. Pero algunas personas pueden tener una mayor exposici\u00f3n si beben agua de pozo contaminada o tienen un trabajo que implica la producci\u00f3n o el uso de ars\u00e9nico.<\/li>\n<li>S\u00edndromes hereditarios que causan c\u00e1ncer de piel.\u00a0Ciertas enfermedades gen\u00e9ticas poco frecuentes pueden aumentar el riesgo de carcinoma de c\u00e9lulas basales, entre ellas el s\u00edndrome de carcinoma nevoide de c\u00e9lulas basales (s\u00edndrome de Gorlin-Goltz) y el xeroderma pigmentoso.<\/li>\n<\/ul>\n<p>Tambi\u00e9n podemos enumerar una serie de complicaciones que pueden aparecer en los carcinomas basocelulares<\/p>\n<p>Entre las complicaciones del carcinoma de c\u00e9lulas basales pueden mencionarse:<\/p>\n<ul>\n<li>Riesgo de reaparici\u00f3n.\u00a0Es com\u00fan que los carcinomas de c\u00e9lulas basales reaparezcan, incluso despu\u00e9s de un tratamiento exitoso.<\/li>\n<li>Mayor riesgo de tener otros tipos de c\u00e1ncer.\u00a0Los antecedentes de carcinoma de c\u00e9lulas basales tambi\u00e9n pueden aumentar la posibilidad de padecer otros tipos de c\u00e1ncer de piel, como carcinoma epidermoide.<\/li>\n<li>C\u00e1ncer que se disemina m\u00e1s all\u00e1 de la piel.\u00a0Muy pocas veces, el carcinoma de c\u00e9lulas basales puede diseminarse (hacer met\u00e1stasis) a los ganglios linf\u00e1ticos cercanos y a otras \u00e1reas del cuerpo, como los huesos y los pulmones.<\/li>\n<\/ul>\n<h2>Prevenci\u00f3n y Diagn\u00f3stico<\/h2>\n<p>Para reducir el riesgo de carcinoma de c\u00e9lulas basales, puedes hacer lo siguiente:<\/p>\n<ul>\n<li>Evita el sol durante el mediod\u00eda. En muchos lugares, los rayos del sol son m\u00e1s fuertes entre las 10:00 y las 16:00. Por lo que es recomendable programar las actividades al aire libre en otras franjas horarias..<\/li>\n<li>Usa protector solar todo el a\u00f1o.\u00a0Usa un protector solar de amplio espectro con un factor de protecci\u00f3n solar de al menos 30, incluso en d\u00edas nublados. Apl\u00edcate abundante cantidad de protector solar, y vuelve a aplicarlo cada dos horas, o con m\u00e1s frecuencia si nadas o traspiras.<\/li>\n<li>Usa ropa de protecci\u00f3n. Cubre la piel con prendas oscuras y de tejido ajustado que protejan los brazos y las piernas y un sombrero de ala ancha, que brinda m\u00e1s protecci\u00f3n que una gorra o una visera. A<\/li>\n<li>Evita las l\u00e1mparas solares de bronceado.\u00a0Las camas solares emiten radiaci\u00f3n\u00a0<abbr title=\"ultravioleta\">UV<\/abbr>\u00a0y pueden aumentar el riesgo de padecer c\u00e1ncer de piel.<\/li>\n<\/ul>\n<p>Revisa la piel regularmente e informa los cambios a tu m\u00e9dico. Exam\u00ednate la piel frecuentemente para comprobar si hay nuevos bultos o cambios en lunares, pecas, protuberancias y marcas de nacimiento existentes. Con la ayuda de un espejo, revisa el rostro, el cuello, las orejas y el cuero cabelludo. Adem\u00e1s debemos examinarnos el t\u00f3rax, el tronco y la parte de arriba y abajo de los brazos y manos. Finalmente es recomendable tambi\u00e9n mirarnos tanto la parte delantera como la trasera de las piernas y los pies, y tambi\u00e9n las plantas y los espacios entre los dedos de los pies. Tambi\u00e9n debemos revisarnos la zona genital y entre los gl\u00fateos.<\/p>\n<p>El dermat\u00f3logo es el especialista que debe realizar un examen y una historia cl\u00ednica con el fin de evaluar cualquier bulto o cambio en tu piel. Este examen consistir\u00e1 en una exploraci\u00f3n f\u00edsica general y diferentes preguntas sobre nuestro historial cl\u00ednico, cambios cut\u00e1neos o cualquier s\u00edntoma que hayamos experimentado.<\/p>\n<p>El especialista no s\u00f3lo revisar\u00e1 las zonas concretas donde se hayan producido los cambios cut\u00e1neos. Tambi\u00e9n el resto del cuerpo para revisar si puede haber otras lesiones.<\/p>\n<p>Finalmente rese\u00f1ar que existe la posibilidad de que el dermat\u00f3logo solicite una biopsia de piel. Prueba que consiste en tomar una muestra de la zona lesionada y analizar la en el laboratorio. Gracias a este examen se puede determinar con exactitud si tenemos c\u00e1ncer de piel y de que tipo se trata. La biopsia depender\u00e1 de la tipo y tama\u00f1o de la lesi\u00f3n.<\/p>\n<\/div><div class=\"fusion-clearfix\"><\/div><\/div><\/div><div class=\"fusion-layout-column fusion_builder_column fusion-builder-column-3 fusion_builder_column_1_1 1_1 fusion-one-full fusion-column-first fusion-column-last\" style=\"--awb-bg-size:cover;\"><div class=\"fusion-column-wrapper fusion-flex-column-wrapper-legacy\"><div class=\"fusion-text fusion-text-4\"><h2>Tratamientos<\/h2>\n<p>El objetivo del tratamiento para el carcinoma de c\u00e9lulas basales es extirpar el c\u00e1ncer por completo. El mejor tratamiento depender\u00e1 del tipo, la ubicaci\u00f3n y el tama\u00f1o del c\u00e1ncer. As\u00ed como de tus preferencias y capacidad para realizar visitas de seguimiento. La selecci\u00f3n del tratamiento tambi\u00e9n puede depender de si se trata de un carcinoma de c\u00e9lulas basales que se presenta por primera vez o de un carcinoma de c\u00e9lulas basales recurrente.<\/p>\n<h3>Cirug\u00eda<\/h3>\n<p>El carcinoma de c\u00e9lulas basales se trata con mayor frecuencia mediante una cirug\u00eda para extirpar todo el c\u00e1ncer y parte del tejido sano que lo rodea.<\/p>\n<p>Las opciones de cirug\u00eda pueden incluir las siguientes:<\/p>\n<ul>\n<li>Escisi\u00f3n quir\u00fargica. Consiste en cortar la lesi\u00f3n cancerosa y un margen de piel sana que la rodea. El margen se examina en el microscopio para asegurarse de que no haya c\u00e9lulas cancerosas. La escisi\u00f3n es recomendable para los carcinomas de c\u00e9lulas basales que tienen menos probabilidad de reaparecer, como los que se forman en el pecho, la espalda, las manos y los pies.<\/li>\n<li>Cirug\u00eda de Mohs. Con esta t\u00e9cnica, el m\u00e9dico retira el c\u00e1ncer capa por capa y examina cada capa bajo el microscopio hasta que no queden c\u00e9lulas anormales. Esto permite al cirujano asegurarse de retirar todo el tejido canceroso y as\u00ed evitar tomar mucha cantidad de piel sana alrededor de \u00e9l. Este tipo de cirug\u00eda se recomienda si tu carcinoma de c\u00e9lulas basales tiene un riesgo m\u00e1s alto de recurrencia. Por ejemplo, si es m\u00e1s grande, se prolonga m\u00e1s profundamente en la piel o se encuentra en la cara.<\/li>\n<\/ul>\n<h3>Otros tratamientos<\/h3>\n<p>En algunas ocasiones, se pueden recomendar otros tratamientos, como en los casos en que no puedes o no deseas someterte a una cirug\u00eda. Como por ejemplo:<\/p>\n<ul>\n<li>Curetaje y electro desecaci\u00f3n. Consiste\u00a0en extirpar la superficie del c\u00e1ncer de piel con un instrumento de raspado (cureta) y luego sellar con calor la base del c\u00e1ncer mediante una aguja el\u00e9ctrica. Este tratamiento puede ser una opci\u00f3n para tratar los carcinomas basocelulares peque\u00f1os que tienen menos probabilidad de reaparecer. Por ejemplo los que se forman en la espalda, el pecho, las manos y los pies.<\/li>\n<li>Radioterapia. Utiliza haces de alta energ\u00eda, como rayos X y protones, para destruir las c\u00e9lulas cancerosas. A veces es utilizada despu\u00e9s de la cirug\u00eda cuando hay un mayor riesgo de que el c\u00e1ncer reaparezca. Tambi\u00e9n se puede usar cuando la cirug\u00eda no es una opci\u00f3n.<\/li>\n<li>Congelamiento. Este tratamiento consiste en congelar las c\u00e9lulas cancerosas con nitr\u00f3geno l\u00edquido (criocirug\u00eda). Puede ser una opci\u00f3n para tratar lesiones superficiales de la piel. El congelamiento se puede hacer despu\u00e9s de usar un instrumento de raspado (cureta) para extirpar la superficie del c\u00e1ncer de piel. La criocirug\u00eda podr\u00eda considerarse para tratar los carcinomas de c\u00e9lulas basales peque\u00f1os y delgados cuando la cirug\u00eda no es una opci\u00f3n.<\/li>\n<li>Tratamientos t\u00f3picos.\u00a0Las cremas o ung\u00fcentos recetados podr\u00edan considerarse para tratar los carcinomas de c\u00e9lulas basales peque\u00f1os y delgados cuando la cirug\u00eda no es una opci\u00f3n.<\/li>\n<li>Terapia fotodin\u00e1mica. Combina medicamentos foto sensibilizantes y luz para tratar el c\u00e1ncer de piel superficial. Durante la terapia fotodin\u00e1mica, se aplica un medicamento l\u00edquido sobre la piel que hace que las c\u00e9lulas cancerosas sean sensibles a la luz. Posteriormente, se ilumina el \u00e1rea con una luz que destruye las c\u00e9lulas cancerosas de la piel. Este tratamiento es una alternativa clara cuando no es posible utilizar la cirug\u00eda.<\/li>\n<\/ul>\n<h3>Si hay met\u00e1stasis<\/h3>\n<p>Finalmente rese\u00f1ar que aunque no es muy habitual el carcinoma de c\u00e9lulas basales se puede diseminar (met\u00e1stasis) a los ganglios linf\u00e1ticos cercanos y otras \u00e1rea del cuerpo. Como opciones de tratamiento adicionales tenemos:<\/p>\n<p>Terapia con medicamentos con diana espec\u00edfica. Enfocados en debilidades espec\u00edficas presentes dentro de las c\u00e9lulas cancerosas. Al bloquear estas debilidades, los tratamientos con medicamentos con diana espec\u00edfica pueden producir la muerte de las c\u00e9lulas cancerosas. Este tipo de medicamentos para el carcinoma de c\u00e9lulas basales bloquean las se\u00f1ales moleculares que permiten que el c\u00e1ncer contin\u00fae creciendo. Se pueden considerar despu\u00e9s de otros tratamientos o cuando otros tratamientos no son posibles.<\/p>\n<p>Quimioterapia. Se utilizan fuertes medicamentos para destruir las c\u00e9lulas cancerosas. Podr\u00eda ser una opci\u00f3n cuando otros tratamientos no han ayudado.<\/p>\n<\/div><div class=\"fusion-clearfix\"><\/div><\/div><\/div><\/div><\/div><\/p>\n","protected":false},"excerpt":{"rendered":"<p>Descubre qu\u00e9 es el carcinoma basocelular, sus causas, s\u00edntomas y c\u00f3mo prevenirlo con recomendaciones confiables en dermatolog\u00eda cl\u00ednica.<\/p>\n","protected":false},"author":3,"featured_media":5349,"comment_status":"open","ping_status":"closed","sticky":false,"template":"","format":"standard","meta":{"_joinchat":[],"footnotes":""},"categories":[52],"tags":[101,104],"class_list":["post-5346","post","type-post","status-publish","format-standard","has-post-thumbnail","hentry","category-dermatologia","tag-cancer","tag-piel"],"yoast_head":"<!-- This site is optimized with the Yoast SEO plugin v28.4 - https:\/\/yoast.com\/product\/yoast-seo-wordpress\/ -->\n<title>Carcinoma basocelular: gu\u00eda cl\u00ednica y prevenci\u00f3n -<\/title>\n<meta name=\"description\" content=\"El carcinoma basocelular es un tipo de c\u00e1ncer de piel que comienza en las c\u00e9lulas basales, un tipo de c\u00e9lulas que se encuentran en la piel.\" \/>\n<meta name=\"robots\" content=\"index, follow, max-snippet:-1, max-image-preview:large, max-video-preview:-1\" \/>\n<link rel=\"canonical\" href=\"https:\/\/www.idermic.es\/es\/carcinoma-basocelular\/\" \/>\n<meta property=\"og:locale\" content=\"es_ES\" \/>\n<meta property=\"og:type\" content=\"article\" \/>\n<meta property=\"og:title\" content=\"Carcinoma basocelular: gu\u00eda cl\u00ednica y prevenci\u00f3n -\" \/>\n<meta property=\"og:description\" content=\"El carcinoma basocelular es un tipo de c\u00e1ncer de piel que comienza en las c\u00e9lulas basales, un tipo de c\u00e9lulas que se encuentran en la piel.\" \/>\n<meta property=\"og:url\" content=\"https:\/\/www.idermic.es\/es\/carcinoma-basocelular\/\" \/>\n<meta property=\"og:site_name\" content=\"Idermic. Dermatolog\u00eda en Terrassa\" \/>\n<meta property=\"article:publisher\" content=\"https:\/\/www.facebook.com\/Idermic\" \/>\n<meta property=\"article:published_time\" content=\"2023-01-23T09:54:57+00:00\" \/>\n<meta property=\"article:modified_time\" content=\"2025-11-21T12:43:36+00:00\" \/>\n<meta property=\"og:image\" content=\"https:\/\/www.idermic.es\/wp-content\/uploads\/2023\/01\/Carcinoma-basocelular-2.jpg\" \/>\n\t<meta property=\"og:image:width\" content=\"412\" \/>\n\t<meta property=\"og:image:height\" content=\"552\" \/>\n\t<meta property=\"og:image:type\" content=\"image\/jpeg\" \/>\n<meta name=\"author\" content=\"Equipo\" \/>\n<meta name=\"twitter:card\" content=\"summary_large_image\" \/>\n<meta name=\"twitter:creator\" content=\"@idermic\" \/>\n<meta name=\"twitter:site\" content=\"@idermic\" \/>\n<meta name=\"twitter:label1\" content=\"Escrito por\" \/>\n\t<meta name=\"twitter:data1\" content=\"Equipo\" \/>\n\t<meta name=\"twitter:label2\" content=\"Tiempo de lectura\" \/>\n\t<meta name=\"twitter:data2\" content=\"11 minutos\" \/>\n<script type=\"application\/ld+json\" class=\"yoast-schema-graph\">{\"@context\":\"https:\\\/\\\/schema.org\",\"@graph\":[{\"@type\":\"Article\",\"@id\":\"https:\\\/\\\/www.idermic.es\\\/es\\\/carcinoma-basocelular\\\/#article\",\"isPartOf\":{\"@id\":\"https:\\\/\\\/www.idermic.es\\\/es\\\/carcinoma-basocelular\\\/\"},\"author\":{\"name\":\"Equipo\",\"@id\":\"https:\\\/\\\/www.idermic.es\\\/#\\\/schema\\\/person\\\/c12703027a878b23d3c71c87921a82f8\"},\"headline\":\"Carcinoma basocelular: gu\u00eda cl\u00ednica y prevenci\u00f3n\",\"datePublished\":\"2023-01-23T09:54:57+00:00\",\"dateModified\":\"2025-11-21T12:43:36+00:00\",\"mainEntityOfPage\":{\"@id\":\"https:\\\/\\\/www.idermic.es\\\/es\\\/carcinoma-basocelular\\\/\"},\"wordCount\":4394,\"commentCount\":0,\"publisher\":{\"@id\":\"https:\\\/\\\/www.idermic.es\\\/#organization\"},\"image\":{\"@id\":\"https:\\\/\\\/www.idermic.es\\\/es\\\/carcinoma-basocelular\\\/#primaryimage\"},\"thumbnailUrl\":\"https:\\\/\\\/www.idermic.es\\\/wp-content\\\/uploads\\\/2023\\\/01\\\/Carcinoma-basocelular-2.jpg\",\"keywords\":[\"c\u00e1ncer\",\"piel\"],\"articleSection\":[\"Dermatolog\u00eda\"],\"inLanguage\":\"es\",\"potentialAction\":[{\"@type\":\"CommentAction\",\"name\":\"Comment\",\"target\":[\"https:\\\/\\\/www.idermic.es\\\/es\\\/carcinoma-basocelular\\\/#respond\"]}]},{\"@type\":\"WebPage\",\"@id\":\"https:\\\/\\\/www.idermic.es\\\/es\\\/carcinoma-basocelular\\\/\",\"url\":\"https:\\\/\\\/www.idermic.es\\\/es\\\/carcinoma-basocelular\\\/\",\"name\":\"Carcinoma basocelular: gu\u00eda cl\u00ednica y prevenci\u00f3n -\",\"isPartOf\":{\"@id\":\"https:\\\/\\\/www.idermic.es\\\/#website\"},\"primaryImageOfPage\":{\"@id\":\"https:\\\/\\\/www.idermic.es\\\/es\\\/carcinoma-basocelular\\\/#primaryimage\"},\"image\":{\"@id\":\"https:\\\/\\\/www.idermic.es\\\/es\\\/carcinoma-basocelular\\\/#primaryimage\"},\"thumbnailUrl\":\"https:\\\/\\\/www.idermic.es\\\/wp-content\\\/uploads\\\/2023\\\/01\\\/Carcinoma-basocelular-2.jpg\",\"datePublished\":\"2023-01-23T09:54:57+00:00\",\"dateModified\":\"2025-11-21T12:43:36+00:00\",\"description\":\"El carcinoma basocelular es un tipo de c\u00e1ncer de piel que comienza en las c\u00e9lulas basales, un tipo de c\u00e9lulas que se encuentran en la piel.\",\"breadcrumb\":{\"@id\":\"https:\\\/\\\/www.idermic.es\\\/es\\\/carcinoma-basocelular\\\/#breadcrumb\"},\"inLanguage\":\"es\",\"potentialAction\":[{\"@type\":\"ReadAction\",\"target\":[\"https:\\\/\\\/www.idermic.es\\\/es\\\/carcinoma-basocelular\\\/\"]}]},{\"@type\":\"ImageObject\",\"inLanguage\":\"es\",\"@id\":\"https:\\\/\\\/www.idermic.es\\\/es\\\/carcinoma-basocelular\\\/#primaryimage\",\"url\":\"https:\\\/\\\/www.idermic.es\\\/wp-content\\\/uploads\\\/2023\\\/01\\\/Carcinoma-basocelular-2.jpg\",\"contentUrl\":\"https:\\\/\\\/www.idermic.es\\\/wp-content\\\/uploads\\\/2023\\\/01\\\/Carcinoma-basocelular-2.jpg\",\"width\":412,\"height\":552,\"caption\":\"Carcinoma basocelular\"},{\"@type\":\"BreadcrumbList\",\"@id\":\"https:\\\/\\\/www.idermic.es\\\/es\\\/carcinoma-basocelular\\\/#breadcrumb\",\"itemListElement\":[{\"@type\":\"ListItem\",\"position\":1,\"name\":\"Inici\",\"item\":\"https:\\\/\\\/www.idermic.es\\\/es\\\/\"},{\"@type\":\"ListItem\",\"position\":2,\"name\":\"Carcinoma basocelular\"}]},{\"@type\":\"WebSite\",\"@id\":\"https:\\\/\\\/www.idermic.es\\\/#website\",\"url\":\"https:\\\/\\\/www.idermic.es\\\/\",\"name\":\"Idermic. Dermatolog\u00eda en Terrassa\",\"description\":\"Dermatolog\u00eda, Medicina est\u00e9tica, Cirurg\u00eda Pl\u00e0stica\",\"publisher\":{\"@id\":\"https:\\\/\\\/www.idermic.es\\\/#organization\"},\"potentialAction\":[{\"@type\":\"SearchAction\",\"target\":{\"@type\":\"EntryPoint\",\"urlTemplate\":\"https:\\\/\\\/www.idermic.es\\\/?s={search_term_string}\"},\"query-input\":{\"@type\":\"PropertyValueSpecification\",\"valueRequired\":true,\"valueName\":\"search_term_string\"}}],\"inLanguage\":\"es\"},{\"@type\":\"Organization\",\"@id\":\"https:\\\/\\\/www.idermic.es\\\/#organization\",\"name\":\"Idermic. Dermatolog\u00eda en Terrassa\",\"url\":\"https:\\\/\\\/www.idermic.es\\\/\",\"logo\":{\"@type\":\"ImageObject\",\"inLanguage\":\"es\",\"@id\":\"https:\\\/\\\/www.idermic.es\\\/#\\\/schema\\\/logo\\\/image\\\/\",\"url\":\"https:\\\/\\\/www.idermic.es\\\/wp-content\\\/uploads\\\/2025\\\/10\\\/Logo-Idermic.jpg\",\"contentUrl\":\"https:\\\/\\\/www.idermic.es\\\/wp-content\\\/uploads\\\/2025\\\/10\\\/Logo-Idermic.jpg\",\"width\":501,\"height\":502,\"caption\":\"Idermic. Dermatolog\u00eda en Terrassa\"},\"image\":{\"@id\":\"https:\\\/\\\/www.idermic.es\\\/#\\\/schema\\\/logo\\\/image\\\/\"},\"sameAs\":[\"https:\\\/\\\/www.facebook.com\\\/Idermic\",\"https:\\\/\\\/x.com\\\/idermic\",\"https:\\\/\\\/www.instagram.com\\\/idermicclinic\\\/\",\"https:\\\/\\\/www.youtube.com\\\/channel\\\/UCyAHC9-p8lc6hr_nguO8p_g\"]},{\"@type\":\"Person\",\"@id\":\"https:\\\/\\\/www.idermic.es\\\/#\\\/schema\\\/person\\\/c12703027a878b23d3c71c87921a82f8\",\"name\":\"Equipo\",\"image\":{\"@type\":\"ImageObject\",\"inLanguage\":\"es\",\"@id\":\"https:\\\/\\\/secure.gravatar.com\\\/avatar\\\/7ca0be23248108c6b0887e0693b7dcf7764bd3503f84d1f04e6653ef7c3b9420?s=96&d=mm&r=g\",\"url\":\"https:\\\/\\\/secure.gravatar.com\\\/avatar\\\/7ca0be23248108c6b0887e0693b7dcf7764bd3503f84d1f04e6653ef7c3b9420?s=96&d=mm&r=g\",\"contentUrl\":\"https:\\\/\\\/secure.gravatar.com\\\/avatar\\\/7ca0be23248108c6b0887e0693b7dcf7764bd3503f84d1f04e6653ef7c3b9420?s=96&d=mm&r=g\",\"caption\":\"Equipo\"},\"description\":\"Equipo de Idermic\"}]}<\/script>\n<!-- \/ Yoast SEO plugin. -->","yoast_head_json":{"title":"Carcinoma basocelular: gu\u00eda cl\u00ednica y prevenci\u00f3n -","description":"El carcinoma basocelular es un tipo de c\u00e1ncer de piel que comienza en las c\u00e9lulas basales, un tipo de c\u00e9lulas que se encuentran en la piel.","robots":{"index":"index","follow":"follow","max-snippet":"max-snippet:-1","max-image-preview":"max-image-preview:large","max-video-preview":"max-video-preview:-1"},"canonical":"https:\/\/www.idermic.es\/es\/carcinoma-basocelular\/","og_locale":"es_ES","og_type":"article","og_title":"Carcinoma basocelular: gu\u00eda cl\u00ednica y prevenci\u00f3n -","og_description":"El carcinoma basocelular es un tipo de c\u00e1ncer de piel que comienza en las c\u00e9lulas basales, un tipo de c\u00e9lulas que se encuentran en la piel.","og_url":"https:\/\/www.idermic.es\/es\/carcinoma-basocelular\/","og_site_name":"Idermic. Dermatolog\u00eda en Terrassa","article_publisher":"https:\/\/www.facebook.com\/Idermic","article_published_time":"2023-01-23T09:54:57+00:00","article_modified_time":"2025-11-21T12:43:36+00:00","og_image":[{"width":412,"height":552,"url":"https:\/\/www.idermic.es\/wp-content\/uploads\/2023\/01\/Carcinoma-basocelular-2.jpg","type":"image\/jpeg"}],"author":"Equipo","twitter_card":"summary_large_image","twitter_creator":"@idermic","twitter_site":"@idermic","twitter_misc":{"Escrito por":"Equipo","Tiempo de lectura":"11 minutos"},"schema":{"@context":"https:\/\/schema.org","@graph":[{"@type":"Article","@id":"https:\/\/www.idermic.es\/es\/carcinoma-basocelular\/#article","isPartOf":{"@id":"https:\/\/www.idermic.es\/es\/carcinoma-basocelular\/"},"author":{"name":"Equipo","@id":"https:\/\/www.idermic.es\/#\/schema\/person\/c12703027a878b23d3c71c87921a82f8"},"headline":"Carcinoma basocelular: gu\u00eda cl\u00ednica y prevenci\u00f3n","datePublished":"2023-01-23T09:54:57+00:00","dateModified":"2025-11-21T12:43:36+00:00","mainEntityOfPage":{"@id":"https:\/\/www.idermic.es\/es\/carcinoma-basocelular\/"},"wordCount":4394,"commentCount":0,"publisher":{"@id":"https:\/\/www.idermic.es\/#organization"},"image":{"@id":"https:\/\/www.idermic.es\/es\/carcinoma-basocelular\/#primaryimage"},"thumbnailUrl":"https:\/\/www.idermic.es\/wp-content\/uploads\/2023\/01\/Carcinoma-basocelular-2.jpg","keywords":["c\u00e1ncer","piel"],"articleSection":["Dermatolog\u00eda"],"inLanguage":"es","potentialAction":[{"@type":"CommentAction","name":"Comment","target":["https:\/\/www.idermic.es\/es\/carcinoma-basocelular\/#respond"]}]},{"@type":"WebPage","@id":"https:\/\/www.idermic.es\/es\/carcinoma-basocelular\/","url":"https:\/\/www.idermic.es\/es\/carcinoma-basocelular\/","name":"Carcinoma basocelular: gu\u00eda cl\u00ednica y prevenci\u00f3n -","isPartOf":{"@id":"https:\/\/www.idermic.es\/#website"},"primaryImageOfPage":{"@id":"https:\/\/www.idermic.es\/es\/carcinoma-basocelular\/#primaryimage"},"image":{"@id":"https:\/\/www.idermic.es\/es\/carcinoma-basocelular\/#primaryimage"},"thumbnailUrl":"https:\/\/www.idermic.es\/wp-content\/uploads\/2023\/01\/Carcinoma-basocelular-2.jpg","datePublished":"2023-01-23T09:54:57+00:00","dateModified":"2025-11-21T12:43:36+00:00","description":"El carcinoma basocelular es un tipo de c\u00e1ncer de piel que comienza en las c\u00e9lulas basales, un tipo de c\u00e9lulas que se encuentran en la piel.","breadcrumb":{"@id":"https:\/\/www.idermic.es\/es\/carcinoma-basocelular\/#breadcrumb"},"inLanguage":"es","potentialAction":[{"@type":"ReadAction","target":["https:\/\/www.idermic.es\/es\/carcinoma-basocelular\/"]}]},{"@type":"ImageObject","inLanguage":"es","@id":"https:\/\/www.idermic.es\/es\/carcinoma-basocelular\/#primaryimage","url":"https:\/\/www.idermic.es\/wp-content\/uploads\/2023\/01\/Carcinoma-basocelular-2.jpg","contentUrl":"https:\/\/www.idermic.es\/wp-content\/uploads\/2023\/01\/Carcinoma-basocelular-2.jpg","width":412,"height":552,"caption":"Carcinoma basocelular"},{"@type":"BreadcrumbList","@id":"https:\/\/www.idermic.es\/es\/carcinoma-basocelular\/#breadcrumb","itemListElement":[{"@type":"ListItem","position":1,"name":"Inici","item":"https:\/\/www.idermic.es\/es\/"},{"@type":"ListItem","position":2,"name":"Carcinoma basocelular"}]},{"@type":"WebSite","@id":"https:\/\/www.idermic.es\/#website","url":"https:\/\/www.idermic.es\/","name":"Idermic. Dermatolog\u00eda en Terrassa","description":"Dermatolog\u00eda, Medicina est\u00e9tica, Cirurg\u00eda Pl\u00e0stica","publisher":{"@id":"https:\/\/www.idermic.es\/#organization"},"potentialAction":[{"@type":"SearchAction","target":{"@type":"EntryPoint","urlTemplate":"https:\/\/www.idermic.es\/?s={search_term_string}"},"query-input":{"@type":"PropertyValueSpecification","valueRequired":true,"valueName":"search_term_string"}}],"inLanguage":"es"},{"@type":"Organization","@id":"https:\/\/www.idermic.es\/#organization","name":"Idermic. Dermatolog\u00eda en Terrassa","url":"https:\/\/www.idermic.es\/","logo":{"@type":"ImageObject","inLanguage":"es","@id":"https:\/\/www.idermic.es\/#\/schema\/logo\/image\/","url":"https:\/\/www.idermic.es\/wp-content\/uploads\/2025\/10\/Logo-Idermic.jpg","contentUrl":"https:\/\/www.idermic.es\/wp-content\/uploads\/2025\/10\/Logo-Idermic.jpg","width":501,"height":502,"caption":"Idermic. Dermatolog\u00eda en Terrassa"},"image":{"@id":"https:\/\/www.idermic.es\/#\/schema\/logo\/image\/"},"sameAs":["https:\/\/www.facebook.com\/Idermic","https:\/\/x.com\/idermic","https:\/\/www.instagram.com\/idermicclinic\/","https:\/\/www.youtube.com\/channel\/UCyAHC9-p8lc6hr_nguO8p_g"]},{"@type":"Person","@id":"https:\/\/www.idermic.es\/#\/schema\/person\/c12703027a878b23d3c71c87921a82f8","name":"Equipo","image":{"@type":"ImageObject","inLanguage":"es","@id":"https:\/\/secure.gravatar.com\/avatar\/7ca0be23248108c6b0887e0693b7dcf7764bd3503f84d1f04e6653ef7c3b9420?s=96&d=mm&r=g","url":"https:\/\/secure.gravatar.com\/avatar\/7ca0be23248108c6b0887e0693b7dcf7764bd3503f84d1f04e6653ef7c3b9420?s=96&d=mm&r=g","contentUrl":"https:\/\/secure.gravatar.com\/avatar\/7ca0be23248108c6b0887e0693b7dcf7764bd3503f84d1f04e6653ef7c3b9420?s=96&d=mm&r=g","caption":"Equipo"},"description":"Equipo de Idermic"}]}},"_links":{"self":[{"href":"https:\/\/www.idermic.es\/es\/wp-json\/wp\/v2\/posts\/5346","targetHints":{"allow":["GET"]}}],"collection":[{"href":"https:\/\/www.idermic.es\/es\/wp-json\/wp\/v2\/posts"}],"about":[{"href":"https:\/\/www.idermic.es\/es\/wp-json\/wp\/v2\/types\/post"}],"author":[{"embeddable":true,"href":"https:\/\/www.idermic.es\/es\/wp-json\/wp\/v2\/users\/3"}],"replies":[{"embeddable":true,"href":"https:\/\/www.idermic.es\/es\/wp-json\/wp\/v2\/comments?post=5346"}],"version-history":[{"count":7,"href":"https:\/\/www.idermic.es\/es\/wp-json\/wp\/v2\/posts\/5346\/revisions"}],"predecessor-version":[{"id":5405,"href":"https:\/\/www.idermic.es\/es\/wp-json\/wp\/v2\/posts\/5346\/revisions\/5405"}],"wp:featuredmedia":[{"embeddable":true,"href":"https:\/\/www.idermic.es\/es\/wp-json\/wp\/v2\/media\/5349"}],"wp:attachment":[{"href":"https:\/\/www.idermic.es\/es\/wp-json\/wp\/v2\/media?parent=5346"}],"wp:term":[{"taxonomy":"category","embeddable":true,"href":"https:\/\/www.idermic.es\/es\/wp-json\/wp\/v2\/categories?post=5346"},{"taxonomy":"post_tag","embeddable":true,"href":"https:\/\/www.idermic.es\/es\/wp-json\/wp\/v2\/tags?post=5346"}],"curies":[{"name":"wp","href":"https:\/\/api.w.org\/{rel}","templated":true}]}}