{"id":5305,"date":"2022-12-16T13:05:55","date_gmt":"2022-12-16T13:05:55","guid":{"rendered":"https:\/\/www.idermic.es\/?p=5305"},"modified":"2026-08-15T11:20:04","modified_gmt":"2026-08-15T11:20:04","slug":"queratosis-actinicas","status":"publish","type":"post","link":"https:\/\/www.idermic.es\/es\/queratosis-actinicas\/","title":{"rendered":"Queratosis act\u00ednicas"},"content":{"rendered":"<p><div class=\"fusion-fullwidth fullwidth-box fusion-builder-row-1 nonhundred-percent-fullwidth non-hundred-percent-height-scrolling\" style=\"--awb-border-radius-top-left:0px;--awb-border-radius-top-right:0px;--awb-border-radius-bottom-right:0px;--awb-border-radius-bottom-left:0px;--awb-margin-top:32px;--awb-margin-bottom:32px;--awb-flex-wrap:wrap;\" ><div class=\"fusion-builder-row fusion-row\"><div class=\"fusion-layout-column fusion_builder_column fusion-builder-column-0 fusion_builder_column_1_1 1_1 fusion-one-full fusion-column-first fusion-column-last\" style=\"--awb-bg-size:cover;\"><div class=\"fusion-column-wrapper fusion-flex-column-wrapper-legacy\"><div class=\"fusion-text fusion-text-1\"><h1 style=\"text-align: left;\">Queratosis act\u00ednicas<\/h1>\n<\/div><div class=\"fusion-text fusion-text-2\"><p>Las queratosis act\u00ednicas son manchas o parches de piel escamosos en la capa superior de la piel. Con el tiempo, pueden endurecerse y tener una superficie parecida a una <a href=\"https:\/\/www.idermic.es\/es\/dermatologia_estetic\/correccion-arrugas\/\">verruga<\/a>.<\/p>\n<p>-Se presenta despu\u00e9s de a\u00f1os de exposici\u00f3n al sol. Hoy os compartimos uno de los tratamientos que utilizamos en Idermic.<\/p>\n<p>Para cualquier consulta o pedir cita:\ud83d\udc47\ud83c\udffc<\/p>\n<p>\ud83d\udcde937 801 441<br \/>\n\ud83d\udcf2663 646 297<br \/>\n\ud83d\udce9info@idermic.es<br \/>\n\ud83d\udccdC\/Cardaire 36-40, Terrassa<\/p>\n<\/div><div class=\"fusion-clearfix\"><\/div><\/div><\/div><\/div><div class=\"fusion-builder-row fusion-row\"><\/div><\/div><div class=\"fusion-fullwidth fullwidth-box fusion-builder-row-2 nonhundred-percent-fullwidth non-hundred-percent-height-scrolling\" style=\"--awb-border-radius-top-left:0px;--awb-border-radius-top-right:0px;--awb-border-radius-bottom-right:0px;--awb-border-radius-bottom-left:0px;--awb-flex-wrap:wrap;\" ><div class=\"fusion-builder-row fusion-row\"><div class=\"fusion-layout-column fusion_builder_column fusion-builder-column-1 fusion_builder_column_1_1 1_1 fusion-one-full fusion-column-first fusion-column-last\" style=\"--awb-bg-size:cover;\"><div class=\"fusion-column-wrapper fusion-flex-column-wrapper-legacy\"><blockquote class=\"instagram-media\" data-instgrm-captioned data-instgrm-permalink=\"https:\/\/www.instagram.com\/reel\/ClV8s4Ajbc5\/?utm_source=ig_embed&utm_campaign=loading\" data-instgrm-version=\"14\" style=\" background:#FFF; border:0; border-radius:3px; box-shadow:0 0 1px 0 rgba(0,0,0,0.5),0 1px 10px 0 rgba(0,0,0,0.15); margin: 1px; max-width:540px; min-width:326px; padding:0; width:99.375%; width:-webkit-calc(100% - 2px); width:calc(100% - 2px);\"><div style=\"padding:16px;\"> <a href=\"https:\/\/www.instagram.com\/reel\/ClV8s4Ajbc5\/?utm_source=ig_embed&utm_campaign=loading\" style=\" background:#FFFFFF; line-height:0; padding:0 0; text-align:center; text-decoration:none; width:100%;\" target=\"_blank\"> <div style=\" display: flex; flex-direction: row; align-items: center;\"> <div style=\"background-color: #F4F4F4; border-radius: 50%; flex-grow: 0; height: 40px; margin-right: 14px; width: 40px;\"><\/div> <div style=\"display: flex; flex-direction: column; flex-grow: 1; justify-content: center;\"> <div style=\" background-color: #F4F4F4; border-radius: 4px; flex-grow: 0; height: 14px; margin-bottom: 6px; width: 100px;\"><\/div> <div style=\" background-color: #F4F4F4; border-radius: 4px; flex-grow: 0; height: 14px; width: 60px;\"><\/div><\/div><\/div><div style=\"padding: 19% 0;\"><\/div> <div style=\"display:block; height:50px; margin:0 auto 12px; width:50px;\"><svg width=\"50px\" height=\"50px\" viewBox=\"0 0 60 60\" version=\"1.1\" xmlns=\"https:\/\/www.w3.org\/2000\/svg\" xmlns:xlink=\"https:\/\/www.w3.org\/1999\/xlink\"><g stroke=\"none\" stroke-width=\"1\" fill=\"none\" fill-rule=\"evenodd\"><g transform=\"translate(-511.000000, -20.000000)\" fill=\"#000000\"><g><path d=\"M556.869,30.41 C554.814,30.41 553.148,32.076 553.148,34.131 C553.148,36.186 554.814,37.852 556.869,37.852 C558.924,37.852 560.59,36.186 560.59,34.131 C560.59,32.076 558.924,30.41 556.869,30.41 M541,60.657 C535.114,60.657 530.342,55.887 530.342,50 C530.342,44.114 535.114,39.342 541,39.342 C546.887,39.342 551.658,44.114 551.658,50 C551.658,55.887 546.887,60.657 541,60.657 M541,33.886 C532.1,33.886 524.886,41.1 524.886,50 C524.886,58.899 532.1,66.113 541,66.113 C549.9,66.113 557.115,58.899 557.115,50 C557.115,41.1 549.9,33.886 541,33.886 M565.378,62.101 C565.244,65.022 564.756,66.606 564.346,67.663 C563.803,69.06 563.154,70.057 562.106,71.106 C561.058,72.155 560.06,72.803 558.662,73.347 C557.607,73.757 556.021,74.244 553.102,74.378 C549.944,74.521 548.997,74.552 541,74.552 C533.003,74.552 532.056,74.521 528.898,74.378 C525.979,74.244 524.393,73.757 523.338,73.347 C521.94,72.803 520.942,72.155 519.894,71.106 C518.846,70.057 518.197,69.06 517.654,67.663 C517.244,66.606 516.755,65.022 516.623,62.101 C516.479,58.943 516.448,57.996 516.448,50 C516.448,42.003 516.479,41.056 516.623,37.899 C516.755,34.978 517.244,33.391 517.654,32.338 C518.197,30.938 518.846,29.942 519.894,28.894 C520.942,27.846 521.94,27.196 523.338,26.654 C524.393,26.244 525.979,25.756 528.898,25.623 C532.057,25.479 533.004,25.448 541,25.448 C548.997,25.448 549.943,25.479 553.102,25.623 C556.021,25.756 557.607,26.244 558.662,26.654 C560.06,27.196 561.058,27.846 562.106,28.894 C563.154,29.942 563.803,30.938 564.346,32.338 C564.756,33.391 565.244,34.978 565.378,37.899 C565.522,41.056 565.552,42.003 565.552,50 C565.552,57.996 565.522,58.943 565.378,62.101 M570.82,37.631 C570.674,34.438 570.167,32.258 569.425,30.349 C568.659,28.377 567.633,26.702 565.965,25.035 C564.297,23.368 562.623,22.342 560.652,21.575 C558.743,20.834 556.562,20.326 553.369,20.18 C550.169,20.033 549.148,20 541,20 C532.853,20 531.831,20.033 528.631,20.18 C525.438,20.326 523.257,20.834 521.349,21.575 C519.376,22.342 517.703,23.368 516.035,25.035 C514.368,26.702 513.342,28.377 512.574,30.349 C511.834,32.258 511.326,34.438 511.181,37.631 C511.035,40.831 511,41.851 511,50 C511,58.147 511.035,59.17 511.181,62.369 C511.326,65.562 511.834,67.743 512.574,69.651 C513.342,71.625 514.368,73.296 516.035,74.965 C517.703,76.634 519.376,77.658 521.349,78.425 C523.257,79.167 525.438,79.673 528.631,79.82 C531.831,79.965 532.853,80.001 541,80.001 C549.148,80.001 550.169,79.965 553.369,79.82 C556.562,79.673 558.743,79.167 560.652,78.425 C562.623,77.658 564.297,76.634 565.965,74.965 C567.633,73.296 568.659,71.625 569.425,69.651 C570.167,67.743 570.674,65.562 570.82,62.369 C570.966,59.17 571,58.147 571,50 C571,41.851 570.966,40.831 570.82,37.631\"><\/path><\/g><\/g><\/g><\/svg><\/div><div style=\"padding-top: 8px;\"> <div style=\" color:#3897f0; font-family:Arial,sans-serif; font-size:14px; font-style:normal; font-weight:550; line-height:18px;\">Ver esta publicaci\u00f3n en Instagram<\/div><\/div><div style=\"padding: 12.5% 0;\"><\/div> <div style=\"display: flex; flex-direction: row; margin-bottom: 14px; align-items: center;\"><div> <div style=\"background-color: #F4F4F4; border-radius: 50%; height: 12.5px; width: 12.5px; transform: translateX(0px) translateY(7px);\"><\/div> <div style=\"background-color: #F4F4F4; height: 12.5px; transform: rotate(-45deg) translateX(3px) translateY(1px); width: 12.5px; flex-grow: 0; margin-right: 14px; margin-left: 2px;\"><\/div> <div style=\"background-color: #F4F4F4; border-radius: 50%; height: 12.5px; width: 12.5px; transform: translateX(9px) translateY(-18px);\"><\/div><\/div><div style=\"margin-left: 8px;\"> <div style=\" background-color: #F4F4F4; border-radius: 50%; flex-grow: 0; height: 20px; width: 20px;\"><\/div> <div style=\" width: 0; height: 0; border-top: 2px solid transparent; border-left: 6px solid #f4f4f4; border-bottom: 2px solid transparent; transform: translateX(16px) translateY(-4px) rotate(30deg)\"><\/div><\/div><div style=\"margin-left: auto;\"> <div style=\" width: 0px; border-top: 8px solid #F4F4F4; border-right: 8px solid transparent; transform: translateY(16px);\"><\/div> <div style=\" background-color: #F4F4F4; flex-grow: 0; height: 12px; width: 16px; transform: translateY(-4px);\"><\/div> <div style=\" width: 0; height: 0; border-top: 8px solid #F4F4F4; border-left: 8px solid transparent; transform: translateY(-4px) translateX(8px);\"><\/div><\/div><\/div> <div style=\"display: flex; flex-direction: column; flex-grow: 1; justify-content: center; margin-bottom: 24px;\"> <div style=\" background-color: #F4F4F4; border-radius: 4px; flex-grow: 0; height: 14px; margin-bottom: 6px; width: 224px;\"><\/div> <div style=\" background-color: #F4F4F4; border-radius: 4px; flex-grow: 0; height: 14px; width: 144px;\"><\/div><\/div><\/a><p style=\" color:#c9c8cd; font-family:Arial,sans-serif; font-size:14px; line-height:17px; margin-bottom:0; margin-top:8px; overflow:hidden; padding:8px 0 7px; text-align:center; text-overflow:ellipsis; white-space:nowrap;\"><a href=\"https:\/\/www.instagram.com\/reel\/ClV8s4Ajbc5\/?utm_source=ig_embed&utm_campaign=loading\" style=\" color:#c9c8cd; font-family:Arial,sans-serif; font-size:14px; font-style:normal; font-weight:normal; line-height:17px; text-decoration:none;\" target=\"_blank\">Una publicaci\u00f3n compartida de Dermatolog\u00eda Cl\u00ednica y Est\u00e9tica (@idermicclinic)<\/a><\/p><\/div><\/blockquote> <script async src=\"\/\/www.instagram.com\/embed.js\"><\/script><div class=\"fusion-clearfix\"><\/div><\/div><\/div><\/div><\/div><div class=\"fusion-fullwidth fullwidth-box fusion-builder-row-3 nonhundred-percent-fullwidth non-hundred-percent-height-scrolling\" style=\"--awb-border-radius-top-left:0px;--awb-border-radius-top-right:0px;--awb-border-radius-bottom-right:0px;--awb-border-radius-bottom-left:0px;--awb-flex-wrap:wrap;\" ><div class=\"fusion-builder-row fusion-row\"><div class=\"fusion-layout-column fusion_builder_column fusion-builder-column-2 fusion_builder_column_1_1 1_1 fusion-one-full fusion-column-first fusion-column-last\" style=\"--awb-bg-size:cover;\"><div class=\"fusion-column-wrapper fusion-flex-column-wrapper-legacy\"><div class=\"fusion-text fusion-text-3\"><h2>Queratosis act\u00ednicas<\/h2>\n<p>Una queratosis act\u00ednica es una mancha \u00e1spera y escamosa en la piel que se presenta despu\u00e9s de a\u00f1os de exposici\u00f3n al sol o por los rayos UV de fuentes artificiales como las cabinas de bronceado. A menudo aparece en la cara, los labios, las orejas, los antebrazos, el cuero cabelludo, el cuello o el dorso de las manos. Tambi\u00e9n en zonas del cuero cabelludo que se han visto afectadas por la alopecia. Algunas de estas queratosis act\u00ednicas se pueden acabar transformando en alguna variante de c\u00e1ncer de piel (carcinoma de c\u00e9lulas escamosas). Este riesgo no supera el 10%. Tambi\u00e9n se le conoce por queratosis solar. Se desarrolla de forma lenta y generalmente aparece en personas que superan los 40 a\u00f1os.<\/p>\n<h2>S\u00edntomas de las queratosis act\u00ednicas<\/h2>\n<p>Las queratosis act\u00ednicas tiene formas muy variantes en su aspecto. Las m\u00e1s frecuentes son:<\/p>\n<ul>\n<li>Mancha de piel \u00e1spera, seca o escamosa (como una mancha senil). Suele ser de menos de 2,5 cm de di\u00e1metro.<\/li>\n<li>Mancha de forma plana con una peque\u00f1a prominencia (parecida a un cuerno) en la capa superior de la piel<\/li>\n<li>Superficie dura como si fuera una verruga<\/li>\n<li>Sensaci\u00f3n de ardor, picaz\u00f3n con sangrado y aparici\u00f3n de peque\u00f1as costras<\/li>\n<li>Suelen tener colores como rojo, marr\u00f3n o rosado.<\/li>\n<li>Nuevas manchas que aparecen en la cabeza, cuello, manos y antebrazo, como consecuencias de larga exposici\u00f3n al sol.<\/li>\n<\/ul>\n<p>Adem\u00e1s pueden presentarse en los labios con presencia de placas blandas y descamadas, con p\u00e9rdida de color en los mismos y con labios secos que no sanan.<\/p>\n<h2>Causas y factores de riesgo<\/h2>\n<p>Ya hemos comentado con anterioridad que las queratosis act\u00ednicas son producidas por una exposici\u00f3n continuada a los rayos solares o los que se producen en las cabinas de bronceado. Entre los perfiles m\u00e1s propensos para su desarrollo destacamos los siguientes:<\/p>\n<ul>\n<li>Personas de raza blanca, pelo rubio o pelirrojo y ojos claros y que se exponen al sol durante largos per\u00edodos continuos de tiempo sin la protecci\u00f3n adecuada.<\/li>\n<li>Personas de m\u00e1s de 40 a\u00f1os, ya que se desarrolla de forma lenta a lo largo de nuestra vida.<\/li>\n<li>Pacientes que se han sometido a un trasplante de ri\u00f1\u00f3n o cualquier otro \u00f3rgano.<\/li>\n<li>Pacientes que toman habitualmente medicamentos que inhiben al sistema inmunitario o que lo pueden tener debilitado por enfermedades como la leucemia, el linfoma o el VIH.<\/li>\n<li>Personas que han sufrido quemaduras solares graves<\/li>\n<li>Trabajos al aire libre o practicar deporte con excesiva exposici\u00f3n solar.<\/li>\n<li>Vivir en zonas muy soleadas<\/li>\n<\/ul>\n<h2>Complicaciones de las queratosis act\u00ednicas<\/h2>\n<p>Las queratosis act\u00ednicas se pueden extraer, aunque como hemos dicho anteriormente, algunas de estas manchas pueden transformarse en carcinomas de c\u00e9lulas escamosas. En la mayor\u00eda de los casos no hay riesgo para la vida del paciente si se detecta y se trata con el tiempo suficiente. Un diagn\u00f3stico precoz es indispensable para que las queratosis act\u00ednicas se puedan extirpar con \u00e9xito.<\/p>\n<p>En general no son dolorosas. Aunque en algunas ocasiones pueden hacerse sensibles al tacto y producir ardor, picor o incluso adherirse a nuestra ropa y sangrar. Es muy dif\u00edcil distinguir las manchas cancerosas\u00a0 de las que no lo son. Por esta raz\u00f3n es recomendable acudir a un especialista que haga una evaluaci\u00f3n de los cambios en nuestra piel, sobre todo despu\u00e9s de la aparici\u00f3n de una mancha escamosa que persiste, sangra o crece. Las personas con antecedentes de haber sufrido queratosis act\u00ednicas o alg\u00fan tipo de c\u00e1ncer de piel suelen tener muchas m\u00e1s probabilidades de volver a padecerla.<\/p>\n<\/div><div class=\"fusion-clearfix\"><\/div><\/div><\/div><div class=\"fusion-layout-column fusion_builder_column fusion-builder-column-3 fusion_builder_column_1_1 1_1 fusion-one-full fusion-column-first fusion-column-last\" style=\"--awb-bg-size:cover;\"><div class=\"fusion-column-wrapper fusion-flex-column-wrapper-legacy\"><div class=\"fusion-text fusion-text-4\"><h2>Prevenci\u00f3n y diagn\u00f3stico de las queratosis act\u00ednicas<\/h2>\n<p>La protecci\u00f3n solar resulta determinante para la prevenci\u00f3n y evitar el desarrollo de estas manchas. Es recomendable que tomemos medidas contra la exposici\u00f3n directa al sol. Entre las mismas destacamos las siguientes:<\/p>\n<ul>\n<li>Reducci\u00f3n de las horas que nos exponemos al sol. Las horas de mayor peligro de exposici\u00f3n al sol son de 10 a 14 horas. Es la franja horaria donde nos exponemos a quemaduras por el sol o por un bronceado excesivo.<\/li>\n<li>Uso de protectores solares de gama amplia Los protectores solares que utilicemos deben ser resistentes al agua y con factores de protecci\u00f3n solar de m\u00e1s de 30 (superiores en casos de piel clara). Debemos aplicarlo en toda la piel que se expone al sol, 15 minutos antes de salir y cada 2 horas. Adem\u00e1s es aconsejable el uso de b\u00e1lsamos labiales<\/li>\n<li>Usar prendas que cubran brazos, piernas y cabeza. Es aconsejable la utilizaci\u00f3n de prendas de tejido ajustadas, gafas de sol y un sombrero mejor que una gorra o visera.<\/li>\n<li>Evitar el uso excesivo de cabinas de bronceado. El efecto de los rayos uva es el mismo que el de la exposici\u00f3n directa al sol.<\/li>\n<li>Controles de nuestra piel de forma peri\u00f3dica (al menos una vez al a\u00f1o) por un especialista. Los ex\u00e1menes regulares de nuestra piel ayudar\u00e1n a comprobar bultos, manchas nuevas y protuberancias. Un especialista puede determinar las queratosis act\u00ednicas con un simple examen de nuestra piel. En caso de dudas puede incluso recurrir a una biopsia de alguna zona de la piel.<\/li>\n<\/ul>\n<h2>Tratamiento<\/h2>\n<p>Las queratosis act\u00ednicas aparecen solas y pueden volver a producirse despu\u00e9s de nuevas exposiciones directas al sol. El diagn\u00f3stico es muy dif\u00edcil (cancer\u00edgenas o no), por lo que se suelen extirpar por precauci\u00f3n. Los medicamentos que se recetan con mayor frecuencia para extraerlas son el fluorouracilo (Carac, Fluoroplex&#8230;), imiquimod (Aldara, Zyclara&#8230;), mebutato de ingenol o diclofenaco (Solaraze). Este tipo de medicamentos se aplican est\u00e1n muy dispersas o son muy numerosas. Pueden provocar descamaci\u00f3n, sensaci\u00f3n de ardor o incluso enrojecimiento de la zona durante algunas semanas. En muchos casos la aplicaci\u00f3n de estas cremas, geles y soluciones t\u00f3picas son suficientes para acabar con estas manchas con riesgos m\u00ednimos de cicatrizaci\u00f3n.<\/p>\n<p>Los diferentes tratamientos van a depender de la localizaci\u00f3n, edad, cantidad, distribuci\u00f3n y estado general del paciente.<\/p>\n<p>En otros casos la queratosis act\u00ednica no requiere ning\u00fan tratamiento y desaparece por s\u00ed sola. Sobre todo si se reduce la exposici\u00f3n al sol y la protecci\u00f3n con de la piel con cremas solares. De todas maneras esto no evita la vigilancia de la evoluci\u00f3n con consultas peri\u00f3dicas al dermat\u00f3logo para verificar la desaparici\u00f3n de las manchas.<\/p>\n<h3>Cirug\u00edas m\u00e1s frecuentes<\/h3>\n<p>Hay muchos tratamientos para la extracci\u00f3n de las queratosis act\u00ednicas. Destacamos los siguientes:<\/p>\n<ul>\n<li>Crioterapia (congelaci\u00f3n): Las queratosis act\u00ednicas pueden extraerse con nitr\u00f3geno l\u00edquido. Es el tratamiento m\u00e1s com\u00fan y consiste en la congelaci\u00f3n de la zona con nitr\u00f3geno l\u00edquido. Cuando la piel sana, las c\u00e9lulas da\u00f1adas se desprenden y permiten que aparezca la piel nueva. Su duraci\u00f3n es corta (s\u00f3lo unos minutos) y se realiza en el consultorio m\u00e9dico. Como efectos secundarios tenemos la formaci\u00f3n de ampollas, descamaci\u00f3n de la piel, cicatrices, infecciones o cambios en los coloraci\u00f3n de la piel de la zona afectada.<\/li>\n<li>Raspado (legrado): El especialista utiliza un dispositivo denominado legra para desprender las c\u00e9lulas da\u00f1adas. Requiere anestesia local y puede estar seguido por una electrocirug\u00eda en la que se corta y se destruye el tejido afectado con una corriente el\u00e9ctrica. Entre los efectos secundarios tenemos infecci\u00f3n, formaci\u00f3n de cicatrices y cambios de la coloraci\u00f3n de la piel en la zona afectada<\/li>\n<li>Cirug\u00eda con l\u00e1ser: Esta t\u00e9cnica consiste en la aplicaci\u00f3n del l\u00e1ser para el tratamiento de la queratosis act\u00ednica. El especialista utiliza un dispositivo de l\u00e1ser ablativo que vaporiza la lesi\u00f3n, destruye la mancha y permite que aparezca la nueva piel. Entre los efectos secundarios tenemos la formaci\u00f3n de cicatrices y la p\u00e9rdida de color de la zona afectada.<em>\u00a0<\/em><\/li>\n<li>Terapia fotodin\u00e1mica: El especialista puede aplicar una sustancia qu\u00edmica sensible a la luz sobre la piel afectada. Posteriormente se realiza una exposici\u00f3n a una luz especial (roja o azul) que destruye la queratosis act\u00ednica. En general se utiliza para las lesiones situadas en el rostro o cuero cabelludo. Los efectos secundarios son enrojecimiento, hinchaz\u00f3n y sensaci\u00f3n de ardor durante la te terapia.<\/li>\n<li>Exfoliaci\u00f3n qu\u00edmica: Aplicaci\u00f3n de una sustancia qu\u00edmica en el rostro para desprender las capas superiores de la piel y su posterior regeneraci\u00f3n despu\u00e9s de unas semanas.<\/li>\n<\/ul>\n<\/div><div class=\"fusion-clearfix\"><\/div><\/div><\/div><\/div><\/div><\/p>\n","protected":false},"excerpt":{"rendered":"<p>Descubre qu\u00e9 son las queratosis act\u00ednicas, c\u00f3mo se diagnostican, como prevenirlas y que opciones de tratamiento eficaz existen.<\/p>\n","protected":false},"author":3,"featured_media":5303,"comment_status":"open","ping_status":"closed","sticky":false,"template":"","format":"standard","meta":{"_joinchat":[],"footnotes":""},"categories":[52],"tags":[105,104,106,107],"class_list":["post-5305","post","type-post","status-publish","format-standard","has-post-thumbnail","hentry","category-dermatologia","tag-exposicion-solar","tag-piel","tag-sol","tag-verano"],"yoast_head":"<!-- This site is optimized with the Yoast SEO plugin v28.4 - https:\/\/yoast.com\/product\/yoast-seo-wordpress\/ -->\n<title>Queratosis act\u00ednicas -<\/title>\n<meta name=\"description\" content=\"Descubre qu\u00e9 son las queratosis act\u00ednicas, c\u00f3mo se diagnostican, como prevenirlas y que opciones de tratamiento eficaz existen.\" \/>\n<meta name=\"robots\" content=\"index, follow, max-snippet:-1, max-image-preview:large, max-video-preview:-1\" \/>\n<link rel=\"canonical\" href=\"https:\/\/www.idermic.es\/es\/queratosis-actinicas\/\" \/>\n<meta property=\"og:locale\" content=\"es_ES\" \/>\n<meta property=\"og:type\" content=\"article\" \/>\n<meta property=\"og:title\" content=\"Queratosis act\u00ednicas -\" \/>\n<meta property=\"og:description\" content=\"Descubre qu\u00e9 son las queratosis act\u00ednicas, c\u00f3mo se diagnostican, como prevenirlas y que opciones de tratamiento eficaz existen.\" \/>\n<meta property=\"og:url\" content=\"https:\/\/www.idermic.es\/es\/queratosis-actinicas\/\" \/>\n<meta property=\"og:site_name\" content=\"Idermic. Dermatolog\u00eda en Terrassa\" \/>\n<meta property=\"article:publisher\" content=\"https:\/\/www.facebook.com\/Idermic\" \/>\n<meta property=\"article:published_time\" content=\"2022-12-16T13:05:55+00:00\" \/>\n<meta property=\"article:modified_time\" content=\"2026-08-15T11:20:04+00:00\" \/>\n<meta property=\"og:image\" content=\"https:\/\/www.idermic.es\/wp-content\/uploads\/2022\/12\/Queratosis-actinicas.jpg\" \/>\n\t<meta property=\"og:image:width\" content=\"427\" \/>\n\t<meta property=\"og:image:height\" content=\"688\" \/>\n\t<meta property=\"og:image:type\" content=\"image\/jpeg\" \/>\n<meta name=\"author\" content=\"Equipo\" \/>\n<meta name=\"twitter:card\" content=\"summary_large_image\" \/>\n<meta name=\"twitter:creator\" content=\"@idermic\" \/>\n<meta name=\"twitter:site\" content=\"@idermic\" \/>\n<meta name=\"twitter:label1\" content=\"Escrito por\" \/>\n\t<meta name=\"twitter:data1\" content=\"Equipo\" \/>\n\t<meta name=\"twitter:label2\" content=\"Tiempo de lectura\" \/>\n\t<meta name=\"twitter:data2\" content=\"8 minutos\" \/>\n<script type=\"application\/ld+json\" class=\"yoast-schema-graph\">{\"@context\":\"https:\\\/\\\/schema.org\",\"@graph\":[{\"@type\":\"Article\",\"@id\":\"https:\\\/\\\/www.idermic.es\\\/es\\\/queratosis-actinicas\\\/#article\",\"isPartOf\":{\"@id\":\"https:\\\/\\\/www.idermic.es\\\/es\\\/queratosis-actinicas\\\/\"},\"author\":{\"name\":\"Equipo\",\"@id\":\"https:\\\/\\\/www.idermic.es\\\/#\\\/schema\\\/person\\\/c12703027a878b23d3c71c87921a82f8\"},\"headline\":\"Queratosis act\u00ednicas\",\"datePublished\":\"2022-12-16T13:05:55+00:00\",\"dateModified\":\"2026-08-15T11:20:04+00:00\",\"mainEntityOfPage\":{\"@id\":\"https:\\\/\\\/www.idermic.es\\\/es\\\/queratosis-actinicas\\\/\"},\"wordCount\":3625,\"commentCount\":0,\"publisher\":{\"@id\":\"https:\\\/\\\/www.idermic.es\\\/#organization\"},\"image\":{\"@id\":\"https:\\\/\\\/www.idermic.es\\\/es\\\/queratosis-actinicas\\\/#primaryimage\"},\"thumbnailUrl\":\"https:\\\/\\\/www.idermic.es\\\/wp-content\\\/uploads\\\/2022\\\/12\\\/Queratosis-actinicas.jpg\",\"keywords\":[\"exposici\u00f3n solar\",\"piel\",\"sol\",\"verano\"],\"articleSection\":[\"Dermatolog\u00eda\"],\"inLanguage\":\"es\",\"potentialAction\":[{\"@type\":\"CommentAction\",\"name\":\"Comment\",\"target\":[\"https:\\\/\\\/www.idermic.es\\\/es\\\/queratosis-actinicas\\\/#respond\"]}]},{\"@type\":\"WebPage\",\"@id\":\"https:\\\/\\\/www.idermic.es\\\/es\\\/queratosis-actinicas\\\/\",\"url\":\"https:\\\/\\\/www.idermic.es\\\/es\\\/queratosis-actinicas\\\/\",\"name\":\"Queratosis act\u00ednicas -\",\"isPartOf\":{\"@id\":\"https:\\\/\\\/www.idermic.es\\\/#website\"},\"primaryImageOfPage\":{\"@id\":\"https:\\\/\\\/www.idermic.es\\\/es\\\/queratosis-actinicas\\\/#primaryimage\"},\"image\":{\"@id\":\"https:\\\/\\\/www.idermic.es\\\/es\\\/queratosis-actinicas\\\/#primaryimage\"},\"thumbnailUrl\":\"https:\\\/\\\/www.idermic.es\\\/wp-content\\\/uploads\\\/2022\\\/12\\\/Queratosis-actinicas.jpg\",\"datePublished\":\"2022-12-16T13:05:55+00:00\",\"dateModified\":\"2026-08-15T11:20:04+00:00\",\"description\":\"Descubre qu\u00e9 son las queratosis act\u00ednicas, c\u00f3mo se diagnostican, como prevenirlas y que opciones de tratamiento eficaz existen.\",\"breadcrumb\":{\"@id\":\"https:\\\/\\\/www.idermic.es\\\/es\\\/queratosis-actinicas\\\/#breadcrumb\"},\"inLanguage\":\"es\",\"potentialAction\":[{\"@type\":\"ReadAction\",\"target\":[\"https:\\\/\\\/www.idermic.es\\\/es\\\/queratosis-actinicas\\\/\"]}]},{\"@type\":\"ImageObject\",\"inLanguage\":\"es\",\"@id\":\"https:\\\/\\\/www.idermic.es\\\/es\\\/queratosis-actinicas\\\/#primaryimage\",\"url\":\"https:\\\/\\\/www.idermic.es\\\/wp-content\\\/uploads\\\/2022\\\/12\\\/Queratosis-actinicas.jpg\",\"contentUrl\":\"https:\\\/\\\/www.idermic.es\\\/wp-content\\\/uploads\\\/2022\\\/12\\\/Queratosis-actinicas.jpg\",\"width\":427,\"height\":688,\"caption\":\"Queratosis act\u00ednicas\"},{\"@type\":\"BreadcrumbList\",\"@id\":\"https:\\\/\\\/www.idermic.es\\\/es\\\/queratosis-actinicas\\\/#breadcrumb\",\"itemListElement\":[{\"@type\":\"ListItem\",\"position\":1,\"name\":\"Inici\",\"item\":\"https:\\\/\\\/www.idermic.es\\\/es\\\/\"},{\"@type\":\"ListItem\",\"position\":2,\"name\":\"Queratosis act\u00ednicas\"}]},{\"@type\":\"WebSite\",\"@id\":\"https:\\\/\\\/www.idermic.es\\\/#website\",\"url\":\"https:\\\/\\\/www.idermic.es\\\/\",\"name\":\"Idermic. Dermatolog\u00eda en Terrassa\",\"description\":\"Dermatolog\u00eda, Medicina est\u00e9tica, Cirurg\u00eda Pl\u00e0stica\",\"publisher\":{\"@id\":\"https:\\\/\\\/www.idermic.es\\\/#organization\"},\"potentialAction\":[{\"@type\":\"SearchAction\",\"target\":{\"@type\":\"EntryPoint\",\"urlTemplate\":\"https:\\\/\\\/www.idermic.es\\\/?s={search_term_string}\"},\"query-input\":{\"@type\":\"PropertyValueSpecification\",\"valueRequired\":true,\"valueName\":\"search_term_string\"}}],\"inLanguage\":\"es\"},{\"@type\":\"Organization\",\"@id\":\"https:\\\/\\\/www.idermic.es\\\/#organization\",\"name\":\"Idermic. Dermatolog\u00eda en Terrassa\",\"url\":\"https:\\\/\\\/www.idermic.es\\\/\",\"logo\":{\"@type\":\"ImageObject\",\"inLanguage\":\"es\",\"@id\":\"https:\\\/\\\/www.idermic.es\\\/#\\\/schema\\\/logo\\\/image\\\/\",\"url\":\"https:\\\/\\\/www.idermic.es\\\/wp-content\\\/uploads\\\/2025\\\/10\\\/Logo-Idermic.jpg\",\"contentUrl\":\"https:\\\/\\\/www.idermic.es\\\/wp-content\\\/uploads\\\/2025\\\/10\\\/Logo-Idermic.jpg\",\"width\":501,\"height\":502,\"caption\":\"Idermic. Dermatolog\u00eda en Terrassa\"},\"image\":{\"@id\":\"https:\\\/\\\/www.idermic.es\\\/#\\\/schema\\\/logo\\\/image\\\/\"},\"sameAs\":[\"https:\\\/\\\/www.facebook.com\\\/Idermic\",\"https:\\\/\\\/x.com\\\/idermic\",\"https:\\\/\\\/www.instagram.com\\\/idermicclinic\\\/\",\"https:\\\/\\\/www.youtube.com\\\/channel\\\/UCyAHC9-p8lc6hr_nguO8p_g\"]},{\"@type\":\"Person\",\"@id\":\"https:\\\/\\\/www.idermic.es\\\/#\\\/schema\\\/person\\\/c12703027a878b23d3c71c87921a82f8\",\"name\":\"Equipo\",\"image\":{\"@type\":\"ImageObject\",\"inLanguage\":\"es\",\"@id\":\"https:\\\/\\\/secure.gravatar.com\\\/avatar\\\/7ca0be23248108c6b0887e0693b7dcf7764bd3503f84d1f04e6653ef7c3b9420?s=96&d=mm&r=g\",\"url\":\"https:\\\/\\\/secure.gravatar.com\\\/avatar\\\/7ca0be23248108c6b0887e0693b7dcf7764bd3503f84d1f04e6653ef7c3b9420?s=96&d=mm&r=g\",\"contentUrl\":\"https:\\\/\\\/secure.gravatar.com\\\/avatar\\\/7ca0be23248108c6b0887e0693b7dcf7764bd3503f84d1f04e6653ef7c3b9420?s=96&d=mm&r=g\",\"caption\":\"Equipo\"},\"description\":\"Equipo de Idermic\"}]}<\/script>\n<!-- \/ Yoast SEO plugin. -->","yoast_head_json":{"title":"Queratosis act\u00ednicas -","description":"Descubre qu\u00e9 son las queratosis act\u00ednicas, c\u00f3mo se diagnostican, como prevenirlas y que opciones de tratamiento eficaz existen.","robots":{"index":"index","follow":"follow","max-snippet":"max-snippet:-1","max-image-preview":"max-image-preview:large","max-video-preview":"max-video-preview:-1"},"canonical":"https:\/\/www.idermic.es\/es\/queratosis-actinicas\/","og_locale":"es_ES","og_type":"article","og_title":"Queratosis act\u00ednicas -","og_description":"Descubre qu\u00e9 son las queratosis act\u00ednicas, c\u00f3mo se diagnostican, como prevenirlas y que opciones de tratamiento eficaz existen.","og_url":"https:\/\/www.idermic.es\/es\/queratosis-actinicas\/","og_site_name":"Idermic. Dermatolog\u00eda en Terrassa","article_publisher":"https:\/\/www.facebook.com\/Idermic","article_published_time":"2022-12-16T13:05:55+00:00","article_modified_time":"2026-08-15T11:20:04+00:00","og_image":[{"width":427,"height":688,"url":"https:\/\/www.idermic.es\/wp-content\/uploads\/2022\/12\/Queratosis-actinicas.jpg","type":"image\/jpeg"}],"author":"Equipo","twitter_card":"summary_large_image","twitter_creator":"@idermic","twitter_site":"@idermic","twitter_misc":{"Escrito por":"Equipo","Tiempo de lectura":"8 minutos"},"schema":{"@context":"https:\/\/schema.org","@graph":[{"@type":"Article","@id":"https:\/\/www.idermic.es\/es\/queratosis-actinicas\/#article","isPartOf":{"@id":"https:\/\/www.idermic.es\/es\/queratosis-actinicas\/"},"author":{"name":"Equipo","@id":"https:\/\/www.idermic.es\/#\/schema\/person\/c12703027a878b23d3c71c87921a82f8"},"headline":"Queratosis act\u00ednicas","datePublished":"2022-12-16T13:05:55+00:00","dateModified":"2026-08-15T11:20:04+00:00","mainEntityOfPage":{"@id":"https:\/\/www.idermic.es\/es\/queratosis-actinicas\/"},"wordCount":3625,"commentCount":0,"publisher":{"@id":"https:\/\/www.idermic.es\/#organization"},"image":{"@id":"https:\/\/www.idermic.es\/es\/queratosis-actinicas\/#primaryimage"},"thumbnailUrl":"https:\/\/www.idermic.es\/wp-content\/uploads\/2022\/12\/Queratosis-actinicas.jpg","keywords":["exposici\u00f3n solar","piel","sol","verano"],"articleSection":["Dermatolog\u00eda"],"inLanguage":"es","potentialAction":[{"@type":"CommentAction","name":"Comment","target":["https:\/\/www.idermic.es\/es\/queratosis-actinicas\/#respond"]}]},{"@type":"WebPage","@id":"https:\/\/www.idermic.es\/es\/queratosis-actinicas\/","url":"https:\/\/www.idermic.es\/es\/queratosis-actinicas\/","name":"Queratosis act\u00ednicas -","isPartOf":{"@id":"https:\/\/www.idermic.es\/#website"},"primaryImageOfPage":{"@id":"https:\/\/www.idermic.es\/es\/queratosis-actinicas\/#primaryimage"},"image":{"@id":"https:\/\/www.idermic.es\/es\/queratosis-actinicas\/#primaryimage"},"thumbnailUrl":"https:\/\/www.idermic.es\/wp-content\/uploads\/2022\/12\/Queratosis-actinicas.jpg","datePublished":"2022-12-16T13:05:55+00:00","dateModified":"2026-08-15T11:20:04+00:00","description":"Descubre qu\u00e9 son las queratosis act\u00ednicas, c\u00f3mo se diagnostican, como prevenirlas y que opciones de tratamiento eficaz existen.","breadcrumb":{"@id":"https:\/\/www.idermic.es\/es\/queratosis-actinicas\/#breadcrumb"},"inLanguage":"es","potentialAction":[{"@type":"ReadAction","target":["https:\/\/www.idermic.es\/es\/queratosis-actinicas\/"]}]},{"@type":"ImageObject","inLanguage":"es","@id":"https:\/\/www.idermic.es\/es\/queratosis-actinicas\/#primaryimage","url":"https:\/\/www.idermic.es\/wp-content\/uploads\/2022\/12\/Queratosis-actinicas.jpg","contentUrl":"https:\/\/www.idermic.es\/wp-content\/uploads\/2022\/12\/Queratosis-actinicas.jpg","width":427,"height":688,"caption":"Queratosis act\u00ednicas"},{"@type":"BreadcrumbList","@id":"https:\/\/www.idermic.es\/es\/queratosis-actinicas\/#breadcrumb","itemListElement":[{"@type":"ListItem","position":1,"name":"Inici","item":"https:\/\/www.idermic.es\/es\/"},{"@type":"ListItem","position":2,"name":"Queratosis act\u00ednicas"}]},{"@type":"WebSite","@id":"https:\/\/www.idermic.es\/#website","url":"https:\/\/www.idermic.es\/","name":"Idermic. Dermatolog\u00eda en Terrassa","description":"Dermatolog\u00eda, Medicina est\u00e9tica, Cirurg\u00eda Pl\u00e0stica","publisher":{"@id":"https:\/\/www.idermic.es\/#organization"},"potentialAction":[{"@type":"SearchAction","target":{"@type":"EntryPoint","urlTemplate":"https:\/\/www.idermic.es\/?s={search_term_string}"},"query-input":{"@type":"PropertyValueSpecification","valueRequired":true,"valueName":"search_term_string"}}],"inLanguage":"es"},{"@type":"Organization","@id":"https:\/\/www.idermic.es\/#organization","name":"Idermic. Dermatolog\u00eda en Terrassa","url":"https:\/\/www.idermic.es\/","logo":{"@type":"ImageObject","inLanguage":"es","@id":"https:\/\/www.idermic.es\/#\/schema\/logo\/image\/","url":"https:\/\/www.idermic.es\/wp-content\/uploads\/2025\/10\/Logo-Idermic.jpg","contentUrl":"https:\/\/www.idermic.es\/wp-content\/uploads\/2025\/10\/Logo-Idermic.jpg","width":501,"height":502,"caption":"Idermic. Dermatolog\u00eda en Terrassa"},"image":{"@id":"https:\/\/www.idermic.es\/#\/schema\/logo\/image\/"},"sameAs":["https:\/\/www.facebook.com\/Idermic","https:\/\/x.com\/idermic","https:\/\/www.instagram.com\/idermicclinic\/","https:\/\/www.youtube.com\/channel\/UCyAHC9-p8lc6hr_nguO8p_g"]},{"@type":"Person","@id":"https:\/\/www.idermic.es\/#\/schema\/person\/c12703027a878b23d3c71c87921a82f8","name":"Equipo","image":{"@type":"ImageObject","inLanguage":"es","@id":"https:\/\/secure.gravatar.com\/avatar\/7ca0be23248108c6b0887e0693b7dcf7764bd3503f84d1f04e6653ef7c3b9420?s=96&d=mm&r=g","url":"https:\/\/secure.gravatar.com\/avatar\/7ca0be23248108c6b0887e0693b7dcf7764bd3503f84d1f04e6653ef7c3b9420?s=96&d=mm&r=g","contentUrl":"https:\/\/secure.gravatar.com\/avatar\/7ca0be23248108c6b0887e0693b7dcf7764bd3503f84d1f04e6653ef7c3b9420?s=96&d=mm&r=g","caption":"Equipo"},"description":"Equipo de Idermic"}]}},"_links":{"self":[{"href":"https:\/\/www.idermic.es\/es\/wp-json\/wp\/v2\/posts\/5305","targetHints":{"allow":["GET"]}}],"collection":[{"href":"https:\/\/www.idermic.es\/es\/wp-json\/wp\/v2\/posts"}],"about":[{"href":"https:\/\/www.idermic.es\/es\/wp-json\/wp\/v2\/types\/post"}],"author":[{"embeddable":true,"href":"https:\/\/www.idermic.es\/es\/wp-json\/wp\/v2\/users\/3"}],"replies":[{"embeddable":true,"href":"https:\/\/www.idermic.es\/es\/wp-json\/wp\/v2\/comments?post=5305"}],"version-history":[{"count":19,"href":"https:\/\/www.idermic.es\/es\/wp-json\/wp\/v2\/posts\/5305\/revisions"}],"predecessor-version":[{"id":10447,"href":"https:\/\/www.idermic.es\/es\/wp-json\/wp\/v2\/posts\/5305\/revisions\/10447"}],"wp:featuredmedia":[{"embeddable":true,"href":"https:\/\/www.idermic.es\/es\/wp-json\/wp\/v2\/media\/5303"}],"wp:attachment":[{"href":"https:\/\/www.idermic.es\/es\/wp-json\/wp\/v2\/media?parent=5305"}],"wp:term":[{"taxonomy":"category","embeddable":true,"href":"https:\/\/www.idermic.es\/es\/wp-json\/wp\/v2\/categories?post=5305"},{"taxonomy":"post_tag","embeddable":true,"href":"https:\/\/www.idermic.es\/es\/wp-json\/wp\/v2\/tags?post=5305"}],"curies":[{"name":"wp","href":"https:\/\/api.w.org\/{rel}","templated":true}]}}