{"id":5260,"date":"2022-12-11T12:31:06","date_gmt":"2022-12-11T12:31:06","guid":{"rendered":"https:\/\/www.idermic.es\/?p=5260"},"modified":"2026-07-17T07:34:12","modified_gmt":"2026-07-17T07:34:12","slug":"luz-pulsada-intensa-ipl-eliminacion-de-de-los-lentigos-solares","status":"publish","type":"post","link":"https:\/\/www.idermic.es\/es\/luz-pulsada-intensa-ipl-eliminacion-de-de-los-lentigos-solares\/","title":{"rendered":"Luz Pulsada Intensa IPL: Eliminaci\u00f3n de de los l\u00e9ntigos solares"},"content":{"rendered":"<p><div class=\"fusion-fullwidth fullwidth-box fusion-builder-row-1 nonhundred-percent-fullwidth non-hundred-percent-height-scrolling\" style=\"--awb-border-radius-top-left:0px;--awb-border-radius-top-right:0px;--awb-border-radius-bottom-right:0px;--awb-border-radius-bottom-left:0px;--awb-margin-top:32px;--awb-margin-bottom:32px;--awb-flex-wrap:wrap;\" ><div class=\"fusion-builder-row fusion-row\"><div class=\"fusion-layout-column fusion_builder_column fusion-builder-column-0 fusion_builder_column_1_1 1_1 fusion-one-full fusion-column-first fusion-column-last\" style=\"--awb-bg-size:cover;\"><div class=\"fusion-column-wrapper fusion-flex-column-wrapper-legacy\"><div class=\"fusion-text fusion-text-1\"><p>Tratamiento de los l\u00e9ntigos solares con Luz Pulsada Intensa (IPL)<\/p>\n<\/div><div class=\"fusion-text fusion-text-2\"><p>Uno de los tratamientos que m\u00e1s nos gusta a los dermat\u00f3logos para mejorar la calidad de la piel y los l\u00e9ntigos solares es el IPL o luz pulsada intensa. Este es el resultado al mes de una sola sesi\u00f3n.<\/p>\n<p>Evoluci\u00f3n de los l\u00e9ntigos solares despu\u00e9s de una sola sesi\u00f3n de fotorejuvenecimiento al mes con IPL (o luz pulsada intensa)<\/p>\n<p>\u00bfC\u00f3mo es el proceso?<\/p>\n<p>Las manchas se oxidan y aumentan de color justo despu\u00e9s del tratamiento pasando por una fase de descamaci\u00f3n o costra que desaparece a los 7-10 d\u00edas.<\/p>\n<p>Adem\u00e1s de mejorar notablemente el aspecto de la piel, tambi\u00e9n consigue regenerar la piel da\u00f1ada y proporcionar un aspecto rejuvenecido.<\/p>\n<p>Se aten\u00faan las manchas, peque\u00f1os capilares y rojeces, aporta luminosidad y textura al rostro.<\/p>\n<p>Tratamiento realizado por la Dra.\u00a0@carolinaprattorres<\/p>\n<p>-Si tienes alguna duda sobre este tratamiento, d\u00e9janos un comentario y nuestro equipo m\u00e9dico te responder\u00e1.<\/p>\n<p>Para cualquier consulta o pedir cita:\ud83d\udc47\ud83c\udffc<\/p>\n<p>\ud83d\udcde937 801 441<br \/>\n\ud83d\udcf2663 646 297<br \/>\n\ud83d\udce9info@idermic.es<br \/>\n\ud83d\udccdC\/Cardaire 36-40, Terrassa<\/p>\n<\/div><div class=\"fusion-clearfix\"><\/div><\/div><\/div><\/div><div class=\"fusion-builder-row fusion-row\"><\/div><\/div><div class=\"fusion-fullwidth fullwidth-box fusion-builder-row-2 nonhundred-percent-fullwidth non-hundred-percent-height-scrolling\" style=\"--awb-border-radius-top-left:0px;--awb-border-radius-top-right:0px;--awb-border-radius-bottom-right:0px;--awb-border-radius-bottom-left:0px;--awb-flex-wrap:wrap;\" ><div class=\"fusion-builder-row fusion-row\"><div class=\"fusion-layout-column fusion_builder_column fusion-builder-column-1 fusion_builder_column_1_1 1_1 fusion-one-full fusion-column-first fusion-column-last\" style=\"--awb-bg-size:cover;\"><div class=\"fusion-column-wrapper fusion-flex-column-wrapper-legacy\"><blockquote class=\"instagram-media\" data-instgrm-captioned data-instgrm-permalink=\"https:\/\/www.instagram.com\/reel\/Ck0JnCBNyHb\/?utm_source=ig_embed&utm_campaign=loading\" data-instgrm-version=\"14\" style=\" background:#FFF; border:0; border-radius:3px; box-shadow:0 0 1px 0 rgba(0,0,0,0.5),0 1px 10px 0 rgba(0,0,0,0.15); margin: 1px; max-width:540px; min-width:326px; padding:0; width:99.375%; width:-webkit-calc(100% - 2px); width:calc(100% - 2px);\"><div style=\"padding:16px;\"> <a href=\"https:\/\/www.instagram.com\/reel\/Ck0JnCBNyHb\/?utm_source=ig_embed&utm_campaign=loading\" style=\" background:#FFFFFF; line-height:0; padding:0 0; text-align:center; text-decoration:none; width:100%;\" target=\"_blank\"> <div style=\" display: flex; flex-direction: row; align-items: center;\"> <div style=\"background-color: #F4F4F4; border-radius: 50%; flex-grow: 0; height: 40px; margin-right: 14px; width: 40px;\"><\/div> <div style=\"display: flex; flex-direction: column; flex-grow: 1; justify-content: center;\"> <div style=\" background-color: #F4F4F4; border-radius: 4px; flex-grow: 0; height: 14px; margin-bottom: 6px; width: 100px;\"><\/div> <div style=\" background-color: #F4F4F4; border-radius: 4px; flex-grow: 0; height: 14px; width: 60px;\"><\/div><\/div><\/div><div style=\"padding: 19% 0;\"><\/div> <div style=\"display:block; height:50px; margin:0 auto 12px; width:50px;\"><svg width=\"50px\" height=\"50px\" viewBox=\"0 0 60 60\" version=\"1.1\" xmlns=\"https:\/\/www.w3.org\/2000\/svg\" xmlns:xlink=\"https:\/\/www.w3.org\/1999\/xlink\"><g stroke=\"none\" stroke-width=\"1\" fill=\"none\" fill-rule=\"evenodd\"><g transform=\"translate(-511.000000, -20.000000)\" fill=\"#000000\"><g><path d=\"M556.869,30.41 C554.814,30.41 553.148,32.076 553.148,34.131 C553.148,36.186 554.814,37.852 556.869,37.852 C558.924,37.852 560.59,36.186 560.59,34.131 C560.59,32.076 558.924,30.41 556.869,30.41 M541,60.657 C535.114,60.657 530.342,55.887 530.342,50 C530.342,44.114 535.114,39.342 541,39.342 C546.887,39.342 551.658,44.114 551.658,50 C551.658,55.887 546.887,60.657 541,60.657 M541,33.886 C532.1,33.886 524.886,41.1 524.886,50 C524.886,58.899 532.1,66.113 541,66.113 C549.9,66.113 557.115,58.899 557.115,50 C557.115,41.1 549.9,33.886 541,33.886 M565.378,62.101 C565.244,65.022 564.756,66.606 564.346,67.663 C563.803,69.06 563.154,70.057 562.106,71.106 C561.058,72.155 560.06,72.803 558.662,73.347 C557.607,73.757 556.021,74.244 553.102,74.378 C549.944,74.521 548.997,74.552 541,74.552 C533.003,74.552 532.056,74.521 528.898,74.378 C525.979,74.244 524.393,73.757 523.338,73.347 C521.94,72.803 520.942,72.155 519.894,71.106 C518.846,70.057 518.197,69.06 517.654,67.663 C517.244,66.606 516.755,65.022 516.623,62.101 C516.479,58.943 516.448,57.996 516.448,50 C516.448,42.003 516.479,41.056 516.623,37.899 C516.755,34.978 517.244,33.391 517.654,32.338 C518.197,30.938 518.846,29.942 519.894,28.894 C520.942,27.846 521.94,27.196 523.338,26.654 C524.393,26.244 525.979,25.756 528.898,25.623 C532.057,25.479 533.004,25.448 541,25.448 C548.997,25.448 549.943,25.479 553.102,25.623 C556.021,25.756 557.607,26.244 558.662,26.654 C560.06,27.196 561.058,27.846 562.106,28.894 C563.154,29.942 563.803,30.938 564.346,32.338 C564.756,33.391 565.244,34.978 565.378,37.899 C565.522,41.056 565.552,42.003 565.552,50 C565.552,57.996 565.522,58.943 565.378,62.101 M570.82,37.631 C570.674,34.438 570.167,32.258 569.425,30.349 C568.659,28.377 567.633,26.702 565.965,25.035 C564.297,23.368 562.623,22.342 560.652,21.575 C558.743,20.834 556.562,20.326 553.369,20.18 C550.169,20.033 549.148,20 541,20 C532.853,20 531.831,20.033 528.631,20.18 C525.438,20.326 523.257,20.834 521.349,21.575 C519.376,22.342 517.703,23.368 516.035,25.035 C514.368,26.702 513.342,28.377 512.574,30.349 C511.834,32.258 511.326,34.438 511.181,37.631 C511.035,40.831 511,41.851 511,50 C511,58.147 511.035,59.17 511.181,62.369 C511.326,65.562 511.834,67.743 512.574,69.651 C513.342,71.625 514.368,73.296 516.035,74.965 C517.703,76.634 519.376,77.658 521.349,78.425 C523.257,79.167 525.438,79.673 528.631,79.82 C531.831,79.965 532.853,80.001 541,80.001 C549.148,80.001 550.169,79.965 553.369,79.82 C556.562,79.673 558.743,79.167 560.652,78.425 C562.623,77.658 564.297,76.634 565.965,74.965 C567.633,73.296 568.659,71.625 569.425,69.651 C570.167,67.743 570.674,65.562 570.82,62.369 C570.966,59.17 571,58.147 571,50 C571,41.851 570.966,40.831 570.82,37.631\"><\/path><\/g><\/g><\/g><\/svg><\/div><div style=\"padding-top: 8px;\"> <div style=\" color:#3897f0; font-family:Arial,sans-serif; font-size:14px; font-style:normal; font-weight:550; line-height:18px;\">Ver esta publicaci\u00f3n en Instagram<\/div><\/div><div style=\"padding: 12.5% 0;\"><\/div> <div style=\"display: flex; flex-direction: row; margin-bottom: 14px; align-items: center;\"><div> <div style=\"background-color: #F4F4F4; border-radius: 50%; height: 12.5px; width: 12.5px; transform: translateX(0px) translateY(7px);\"><\/div> <div style=\"background-color: #F4F4F4; height: 12.5px; transform: rotate(-45deg) translateX(3px) translateY(1px); width: 12.5px; flex-grow: 0; margin-right: 14px; margin-left: 2px;\"><\/div> <div style=\"background-color: #F4F4F4; border-radius: 50%; height: 12.5px; width: 12.5px; transform: translateX(9px) translateY(-18px);\"><\/div><\/div><div style=\"margin-left: 8px;\"> <div style=\" background-color: #F4F4F4; border-radius: 50%; flex-grow: 0; height: 20px; width: 20px;\"><\/div> <div style=\" width: 0; height: 0; border-top: 2px solid transparent; border-left: 6px solid #f4f4f4; border-bottom: 2px solid transparent; transform: translateX(16px) translateY(-4px) rotate(30deg)\"><\/div><\/div><div style=\"margin-left: auto;\"> <div style=\" width: 0px; border-top: 8px solid #F4F4F4; border-right: 8px solid transparent; transform: translateY(16px);\"><\/div> <div style=\" background-color: #F4F4F4; flex-grow: 0; height: 12px; width: 16px; transform: translateY(-4px);\"><\/div> <div style=\" width: 0; height: 0; border-top: 8px solid #F4F4F4; border-left: 8px solid transparent; transform: translateY(-4px) translateX(8px);\"><\/div><\/div><\/div> <div style=\"display: flex; flex-direction: column; flex-grow: 1; justify-content: center; margin-bottom: 24px;\"> <div style=\" background-color: #F4F4F4; border-radius: 4px; flex-grow: 0; height: 14px; margin-bottom: 6px; width: 224px;\"><\/div> <div style=\" background-color: #F4F4F4; border-radius: 4px; flex-grow: 0; height: 14px; width: 144px;\"><\/div><\/div><\/a><p style=\" color:#c9c8cd; font-family:Arial,sans-serif; font-size:14px; line-height:17px; margin-bottom:0; margin-top:8px; overflow:hidden; padding:8px 0 7px; text-align:center; text-overflow:ellipsis; white-space:nowrap;\"><a href=\"https:\/\/www.instagram.com\/reel\/Ck0JnCBNyHb\/?utm_source=ig_embed&utm_campaign=loading\" style=\" color:#c9c8cd; font-family:Arial,sans-serif; font-size:14px; font-style:normal; font-weight:normal; line-height:17px; text-decoration:none;\" target=\"_blank\">Una publicaci\u00f3n compartida de Dermatolog\u00eda Cl\u00ednica y Est\u00e9tica (@idermicclinic)<\/a><\/p><\/div><\/blockquote> <script async src=\"\/\/www.instagram.com\/embed.js\"><\/script><div class=\"fusion-clearfix\"><\/div><\/div><\/div><\/div><\/div><div class=\"fusion-fullwidth fullwidth-box fusion-builder-row-3 nonhundred-percent-fullwidth non-hundred-percent-height-scrolling\" style=\"--awb-border-radius-top-left:0px;--awb-border-radius-top-right:0px;--awb-border-radius-bottom-right:0px;--awb-border-radius-bottom-left:0px;--awb-flex-wrap:wrap;\" ><div class=\"fusion-builder-row fusion-row\"><div class=\"fusion-layout-column fusion_builder_column fusion-builder-column-2 fusion_builder_column_1_1 1_1 fusion-one-full fusion-column-first fusion-column-last\" style=\"--awb-bg-size:cover;\"><div class=\"fusion-column-wrapper fusion-flex-column-wrapper-legacy\"><div class=\"fusion-text fusion-text-3\"><p>L\u00e9ntigos solares<\/p>\n<p>Como ya explicamos en un art\u00edculo anterior, los l\u00e9ntigos solares son peque\u00f1as m\u00e1culas de color marr\u00f3n visibles y muy definidas, localizadas en determinadas zonas del cuerpo que est\u00e1n expuestas de forma continuada al sol. Tambi\u00e9n se le llama \u00abmanchas seniles\u00bb o \u00abmanchas de la vejez\u00bb.<\/p>\n<p>Los l\u00e9ntigos solares son considerados como manchas benignas en la piel. Tienen una longitud de entre 1 a 15 mm y pueden aparecer en la infancia o a lo largo de nuestra vida por la exposici\u00f3n de la piel al sol. En principio no implican un riesgo grave para nuestra salud. Aunque el hecho de haber expuesto nuestra piel de forma contin\u00faa a la radiaci\u00f3n ultravioleta, s\u00ed que puede implicar mayor riesgo de padecer c\u00e1ncer de piel. Los l\u00e9ntigos pueden aparecer de forma muy r\u00e1pida o de forma progresiva. Son muy frecuentes y m\u00e1s del 90% de personas de raza blanca mayores de 60 a\u00f1os la presentan. En mayores de 35 a\u00f1os el porcentaje es sensiblemente inferior (20-25%). Por lo tanto es aconsejable acudir a un especialista para su tratamiento.<\/p>\n<\/div><div class=\"fusion-clearfix\"><\/div><\/div><\/div><div class=\"fusion-layout-column fusion_builder_column fusion-builder-column-3 fusion_builder_column_1_1 1_1 fusion-one-full fusion-column-first fusion-column-last\" style=\"--awb-bg-size:cover;\"><div class=\"fusion-column-wrapper fusion-flex-column-wrapper-legacy\"><div class=\"fusion-text fusion-text-4\"><p>Luz Pulsa Intensa<\/p>\n<p>La Luz Pulsada Intensa o IPL, es un tratamiento capaz de eliminar las huellas que el sol deja en nuestra piel. Tambi\u00e9n se le conoce por sus siglas en ingl\u00e9s: IPL. Gracias a este tipo de tratamiento la piel de nuestras manos, cuello, rostro e incluso el escote notar\u00e1 un rejuvenecimiento. Podemos considerar la Luz Pulsada Intensa (IPL) como el tratamiento estrella contra los l\u00e9ntigos solares y el que nos permite una eliminaci\u00f3n efectiva de las manchas de nuestra piel.<\/p>\n<\/div><div class=\"fusion-clearfix\"><\/div><\/div><\/div><\/div><\/div><\/p>\n","protected":false},"excerpt":{"rendered":"<p>Luz Pulsada Intensa IPL para eliminar l\u00e9ntigos solares, rojicementos y mejorar textura facial. Cl\u00ednica IDERMIC en Terrassa.<\/p>\n","protected":false},"author":1,"featured_media":5273,"comment_status":"open","ping_status":"closed","sticky":false,"template":"","format":"standard","meta":{"_joinchat":[],"footnotes":""},"categories":[60,37],"tags":[105,104,106],"class_list":["post-5260","post","type-post","status-publish","format-standard","has-post-thumbnail","hentry","category-dermatologia-estetica-es","category-tecnologia","tag-exposicion-solar","tag-piel","tag-sol"],"yoast_head":"<!-- This site is optimized with the Yoast SEO plugin v28.4 - https:\/\/yoast.com\/product\/yoast-seo-wordpress\/ -->\n<title>Luz Pulsada Intensa IPL: Eliminaci\u00f3n de de los l\u00e9ntigos solares -<\/title>\n<meta name=\"description\" content=\"Luz Pulsada Intensa IPL para eliminar l\u00e9ntigos solares, rojicementos y mejorar textura facial. Cl\u00ednica IDERMIC en Terrassa.\" \/>\n<meta name=\"robots\" content=\"index, follow, max-snippet:-1, max-image-preview:large, max-video-preview:-1\" \/>\n<link rel=\"canonical\" href=\"https:\/\/www.idermic.es\/es\/luz-pulsada-intensa-ipl-eliminacion-de-de-los-lentigos-solares\/\" \/>\n<meta property=\"og:locale\" content=\"es_ES\" \/>\n<meta property=\"og:type\" content=\"article\" \/>\n<meta property=\"og:title\" content=\"Luz Pulsada Intensa IPL: Eliminaci\u00f3n de de los l\u00e9ntigos solares -\" \/>\n<meta property=\"og:description\" content=\"Luz Pulsada Intensa IPL para eliminar l\u00e9ntigos solares, rojicementos y mejorar textura facial. Cl\u00ednica IDERMIC en Terrassa.\" \/>\n<meta property=\"og:url\" content=\"https:\/\/www.idermic.es\/es\/luz-pulsada-intensa-ipl-eliminacion-de-de-los-lentigos-solares\/\" \/>\n<meta property=\"og:site_name\" content=\"Idermic. Dermatolog\u00eda en Terrassa\" \/>\n<meta property=\"article:publisher\" content=\"https:\/\/www.facebook.com\/Idermic\" \/>\n<meta property=\"article:published_time\" content=\"2022-12-11T12:31:06+00:00\" \/>\n<meta property=\"article:modified_time\" content=\"2026-07-17T07:34:12+00:00\" \/>\n<meta property=\"og:image\" content=\"https:\/\/www.idermic.es\/wp-content\/uploads\/2022\/11\/Tratamiento-de-los-lentigos-solares.jpg\" \/>\n\t<meta property=\"og:image:width\" content=\"240\" \/>\n\t<meta property=\"og:image:height\" content=\"552\" \/>\n\t<meta property=\"og:image:type\" content=\"image\/jpeg\" \/>\n<meta name=\"author\" content=\"admin@www\" \/>\n<meta name=\"twitter:card\" content=\"summary_large_image\" \/>\n<meta name=\"twitter:creator\" content=\"@idermic\" \/>\n<meta name=\"twitter:site\" content=\"@idermic\" \/>\n<meta name=\"twitter:label1\" content=\"Escrito por\" \/>\n\t<meta name=\"twitter:data1\" content=\"admin@www\" \/>\n\t<meta name=\"twitter:label2\" content=\"Tiempo de lectura\" \/>\n\t<meta name=\"twitter:data2\" content=\"3 minutos\" \/>\n<script type=\"application\/ld+json\" class=\"yoast-schema-graph\">{\"@context\":\"https:\\\/\\\/schema.org\",\"@graph\":[{\"@type\":\"Article\",\"@id\":\"https:\\\/\\\/www.idermic.es\\\/es\\\/luz-pulsada-intensa-ipl-eliminacion-de-de-los-lentigos-solares\\\/#article\",\"isPartOf\":{\"@id\":\"https:\\\/\\\/www.idermic.es\\\/es\\\/luz-pulsada-intensa-ipl-eliminacion-de-de-los-lentigos-solares\\\/\"},\"author\":{\"name\":\"admin@www\",\"@id\":\"https:\\\/\\\/www.idermic.es\\\/#\\\/schema\\\/person\\\/d9bd7e6f2a783f0f526073250560bfb5\"},\"headline\":\"Luz Pulsada Intensa IPL: Eliminaci\u00f3n de de los l\u00e9ntigos solares\",\"datePublished\":\"2022-12-11T12:31:06+00:00\",\"dateModified\":\"2026-07-17T07:34:12+00:00\",\"mainEntityOfPage\":{\"@id\":\"https:\\\/\\\/www.idermic.es\\\/es\\\/luz-pulsada-intensa-ipl-eliminacion-de-de-los-lentigos-solares\\\/\"},\"wordCount\":2475,\"commentCount\":0,\"publisher\":{\"@id\":\"https:\\\/\\\/www.idermic.es\\\/#organization\"},\"image\":{\"@id\":\"https:\\\/\\\/www.idermic.es\\\/es\\\/luz-pulsada-intensa-ipl-eliminacion-de-de-los-lentigos-solares\\\/#primaryimage\"},\"thumbnailUrl\":\"https:\\\/\\\/www.idermic.es\\\/wp-content\\\/uploads\\\/2022\\\/11\\\/Tratamiento-de-los-lentigos-solares.jpg\",\"keywords\":[\"exposici\u00f3n solar\",\"piel\",\"sol\"],\"articleSection\":[\"Dermatologia est\u00e8tica\",\"Tecnolog\u00eda\"],\"inLanguage\":\"es\",\"potentialAction\":[{\"@type\":\"CommentAction\",\"name\":\"Comment\",\"target\":[\"https:\\\/\\\/www.idermic.es\\\/es\\\/luz-pulsada-intensa-ipl-eliminacion-de-de-los-lentigos-solares\\\/#respond\"]}]},{\"@type\":\"WebPage\",\"@id\":\"https:\\\/\\\/www.idermic.es\\\/es\\\/luz-pulsada-intensa-ipl-eliminacion-de-de-los-lentigos-solares\\\/\",\"url\":\"https:\\\/\\\/www.idermic.es\\\/es\\\/luz-pulsada-intensa-ipl-eliminacion-de-de-los-lentigos-solares\\\/\",\"name\":\"Luz Pulsada Intensa IPL: Eliminaci\u00f3n de de los l\u00e9ntigos solares -\",\"isPartOf\":{\"@id\":\"https:\\\/\\\/www.idermic.es\\\/#website\"},\"primaryImageOfPage\":{\"@id\":\"https:\\\/\\\/www.idermic.es\\\/es\\\/luz-pulsada-intensa-ipl-eliminacion-de-de-los-lentigos-solares\\\/#primaryimage\"},\"image\":{\"@id\":\"https:\\\/\\\/www.idermic.es\\\/es\\\/luz-pulsada-intensa-ipl-eliminacion-de-de-los-lentigos-solares\\\/#primaryimage\"},\"thumbnailUrl\":\"https:\\\/\\\/www.idermic.es\\\/wp-content\\\/uploads\\\/2022\\\/11\\\/Tratamiento-de-los-lentigos-solares.jpg\",\"datePublished\":\"2022-12-11T12:31:06+00:00\",\"dateModified\":\"2026-07-17T07:34:12+00:00\",\"description\":\"Luz Pulsada Intensa IPL para eliminar l\u00e9ntigos solares, rojicementos y mejorar textura facial. Cl\u00ednica IDERMIC en Terrassa.\",\"breadcrumb\":{\"@id\":\"https:\\\/\\\/www.idermic.es\\\/es\\\/luz-pulsada-intensa-ipl-eliminacion-de-de-los-lentigos-solares\\\/#breadcrumb\"},\"inLanguage\":\"es\",\"potentialAction\":[{\"@type\":\"ReadAction\",\"target\":[\"https:\\\/\\\/www.idermic.es\\\/es\\\/luz-pulsada-intensa-ipl-eliminacion-de-de-los-lentigos-solares\\\/\"]}]},{\"@type\":\"ImageObject\",\"inLanguage\":\"es\",\"@id\":\"https:\\\/\\\/www.idermic.es\\\/es\\\/luz-pulsada-intensa-ipl-eliminacion-de-de-los-lentigos-solares\\\/#primaryimage\",\"url\":\"https:\\\/\\\/www.idermic.es\\\/wp-content\\\/uploads\\\/2022\\\/11\\\/Tratamiento-de-los-lentigos-solares.jpg\",\"contentUrl\":\"https:\\\/\\\/www.idermic.es\\\/wp-content\\\/uploads\\\/2022\\\/11\\\/Tratamiento-de-los-lentigos-solares.jpg\",\"width\":240,\"height\":552,\"caption\":\"Tratamiento de l\u00e9ntigos solares con Luz Pulsada Intensa\"},{\"@type\":\"BreadcrumbList\",\"@id\":\"https:\\\/\\\/www.idermic.es\\\/es\\\/luz-pulsada-intensa-ipl-eliminacion-de-de-los-lentigos-solares\\\/#breadcrumb\",\"itemListElement\":[{\"@type\":\"ListItem\",\"position\":1,\"name\":\"Inici\",\"item\":\"https:\\\/\\\/www.idermic.es\\\/es\\\/\"},{\"@type\":\"ListItem\",\"position\":2,\"name\":\"Luz Pulsada Intensa IPL: Eliminaci\u00f3n de de los l\u00e9ntigos solares\"}]},{\"@type\":\"WebSite\",\"@id\":\"https:\\\/\\\/www.idermic.es\\\/#website\",\"url\":\"https:\\\/\\\/www.idermic.es\\\/\",\"name\":\"Idermic. Dermatolog\u00eda en Terrassa\",\"description\":\"Dermatolog\u00eda, Medicina est\u00e9tica, Cirurg\u00eda Pl\u00e0stica\",\"publisher\":{\"@id\":\"https:\\\/\\\/www.idermic.es\\\/#organization\"},\"potentialAction\":[{\"@type\":\"SearchAction\",\"target\":{\"@type\":\"EntryPoint\",\"urlTemplate\":\"https:\\\/\\\/www.idermic.es\\\/?s={search_term_string}\"},\"query-input\":{\"@type\":\"PropertyValueSpecification\",\"valueRequired\":true,\"valueName\":\"search_term_string\"}}],\"inLanguage\":\"es\"},{\"@type\":\"Organization\",\"@id\":\"https:\\\/\\\/www.idermic.es\\\/#organization\",\"name\":\"Idermic. Dermatolog\u00eda en Terrassa\",\"url\":\"https:\\\/\\\/www.idermic.es\\\/\",\"logo\":{\"@type\":\"ImageObject\",\"inLanguage\":\"es\",\"@id\":\"https:\\\/\\\/www.idermic.es\\\/#\\\/schema\\\/logo\\\/image\\\/\",\"url\":\"https:\\\/\\\/www.idermic.es\\\/wp-content\\\/uploads\\\/2025\\\/10\\\/Logo-Idermic.jpg\",\"contentUrl\":\"https:\\\/\\\/www.idermic.es\\\/wp-content\\\/uploads\\\/2025\\\/10\\\/Logo-Idermic.jpg\",\"width\":501,\"height\":502,\"caption\":\"Idermic. Dermatolog\u00eda en Terrassa\"},\"image\":{\"@id\":\"https:\\\/\\\/www.idermic.es\\\/#\\\/schema\\\/logo\\\/image\\\/\"},\"sameAs\":[\"https:\\\/\\\/www.facebook.com\\\/Idermic\",\"https:\\\/\\\/x.com\\\/idermic\",\"https:\\\/\\\/www.instagram.com\\\/idermicclinic\\\/\",\"https:\\\/\\\/www.youtube.com\\\/channel\\\/UCyAHC9-p8lc6hr_nguO8p_g\"]},{\"@type\":\"Person\",\"@id\":\"https:\\\/\\\/www.idermic.es\\\/#\\\/schema\\\/person\\\/d9bd7e6f2a783f0f526073250560bfb5\",\"name\":\"admin@www\",\"image\":{\"@type\":\"ImageObject\",\"inLanguage\":\"es\",\"@id\":\"https:\\\/\\\/secure.gravatar.com\\\/avatar\\\/b4e94726668ce15d352771a043d3273340f3898aee9f386703de5f0d2865d807?s=96&d=mm&r=g\",\"url\":\"https:\\\/\\\/secure.gravatar.com\\\/avatar\\\/b4e94726668ce15d352771a043d3273340f3898aee9f386703de5f0d2865d807?s=96&d=mm&r=g\",\"contentUrl\":\"https:\\\/\\\/secure.gravatar.com\\\/avatar\\\/b4e94726668ce15d352771a043d3273340f3898aee9f386703de5f0d2865d807?s=96&d=mm&r=g\",\"caption\":\"admin@www\"}}]}<\/script>\n<!-- \/ Yoast SEO plugin. -->","yoast_head_json":{"title":"Luz Pulsada Intensa IPL: Eliminaci\u00f3n de de los l\u00e9ntigos solares -","description":"Luz Pulsada Intensa IPL para eliminar l\u00e9ntigos solares, rojicementos y mejorar textura facial. Cl\u00ednica IDERMIC en Terrassa.","robots":{"index":"index","follow":"follow","max-snippet":"max-snippet:-1","max-image-preview":"max-image-preview:large","max-video-preview":"max-video-preview:-1"},"canonical":"https:\/\/www.idermic.es\/es\/luz-pulsada-intensa-ipl-eliminacion-de-de-los-lentigos-solares\/","og_locale":"es_ES","og_type":"article","og_title":"Luz Pulsada Intensa IPL: Eliminaci\u00f3n de de los l\u00e9ntigos solares -","og_description":"Luz Pulsada Intensa IPL para eliminar l\u00e9ntigos solares, rojicementos y mejorar textura facial. Cl\u00ednica IDERMIC en Terrassa.","og_url":"https:\/\/www.idermic.es\/es\/luz-pulsada-intensa-ipl-eliminacion-de-de-los-lentigos-solares\/","og_site_name":"Idermic. Dermatolog\u00eda en Terrassa","article_publisher":"https:\/\/www.facebook.com\/Idermic","article_published_time":"2022-12-11T12:31:06+00:00","article_modified_time":"2026-07-17T07:34:12+00:00","og_image":[{"width":240,"height":552,"url":"https:\/\/www.idermic.es\/wp-content\/uploads\/2022\/11\/Tratamiento-de-los-lentigos-solares.jpg","type":"image\/jpeg"}],"author":"admin@www","twitter_card":"summary_large_image","twitter_creator":"@idermic","twitter_site":"@idermic","twitter_misc":{"Escrito por":"admin@www","Tiempo de lectura":"3 minutos"},"schema":{"@context":"https:\/\/schema.org","@graph":[{"@type":"Article","@id":"https:\/\/www.idermic.es\/es\/luz-pulsada-intensa-ipl-eliminacion-de-de-los-lentigos-solares\/#article","isPartOf":{"@id":"https:\/\/www.idermic.es\/es\/luz-pulsada-intensa-ipl-eliminacion-de-de-los-lentigos-solares\/"},"author":{"name":"admin@www","@id":"https:\/\/www.idermic.es\/#\/schema\/person\/d9bd7e6f2a783f0f526073250560bfb5"},"headline":"Luz Pulsada Intensa IPL: Eliminaci\u00f3n de de los l\u00e9ntigos solares","datePublished":"2022-12-11T12:31:06+00:00","dateModified":"2026-07-17T07:34:12+00:00","mainEntityOfPage":{"@id":"https:\/\/www.idermic.es\/es\/luz-pulsada-intensa-ipl-eliminacion-de-de-los-lentigos-solares\/"},"wordCount":2475,"commentCount":0,"publisher":{"@id":"https:\/\/www.idermic.es\/#organization"},"image":{"@id":"https:\/\/www.idermic.es\/es\/luz-pulsada-intensa-ipl-eliminacion-de-de-los-lentigos-solares\/#primaryimage"},"thumbnailUrl":"https:\/\/www.idermic.es\/wp-content\/uploads\/2022\/11\/Tratamiento-de-los-lentigos-solares.jpg","keywords":["exposici\u00f3n solar","piel","sol"],"articleSection":["Dermatologia est\u00e8tica","Tecnolog\u00eda"],"inLanguage":"es","potentialAction":[{"@type":"CommentAction","name":"Comment","target":["https:\/\/www.idermic.es\/es\/luz-pulsada-intensa-ipl-eliminacion-de-de-los-lentigos-solares\/#respond"]}]},{"@type":"WebPage","@id":"https:\/\/www.idermic.es\/es\/luz-pulsada-intensa-ipl-eliminacion-de-de-los-lentigos-solares\/","url":"https:\/\/www.idermic.es\/es\/luz-pulsada-intensa-ipl-eliminacion-de-de-los-lentigos-solares\/","name":"Luz Pulsada Intensa IPL: Eliminaci\u00f3n de de los l\u00e9ntigos solares -","isPartOf":{"@id":"https:\/\/www.idermic.es\/#website"},"primaryImageOfPage":{"@id":"https:\/\/www.idermic.es\/es\/luz-pulsada-intensa-ipl-eliminacion-de-de-los-lentigos-solares\/#primaryimage"},"image":{"@id":"https:\/\/www.idermic.es\/es\/luz-pulsada-intensa-ipl-eliminacion-de-de-los-lentigos-solares\/#primaryimage"},"thumbnailUrl":"https:\/\/www.idermic.es\/wp-content\/uploads\/2022\/11\/Tratamiento-de-los-lentigos-solares.jpg","datePublished":"2022-12-11T12:31:06+00:00","dateModified":"2026-07-17T07:34:12+00:00","description":"Luz Pulsada Intensa IPL para eliminar l\u00e9ntigos solares, rojicementos y mejorar textura facial. Cl\u00ednica IDERMIC en Terrassa.","breadcrumb":{"@id":"https:\/\/www.idermic.es\/es\/luz-pulsada-intensa-ipl-eliminacion-de-de-los-lentigos-solares\/#breadcrumb"},"inLanguage":"es","potentialAction":[{"@type":"ReadAction","target":["https:\/\/www.idermic.es\/es\/luz-pulsada-intensa-ipl-eliminacion-de-de-los-lentigos-solares\/"]}]},{"@type":"ImageObject","inLanguage":"es","@id":"https:\/\/www.idermic.es\/es\/luz-pulsada-intensa-ipl-eliminacion-de-de-los-lentigos-solares\/#primaryimage","url":"https:\/\/www.idermic.es\/wp-content\/uploads\/2022\/11\/Tratamiento-de-los-lentigos-solares.jpg","contentUrl":"https:\/\/www.idermic.es\/wp-content\/uploads\/2022\/11\/Tratamiento-de-los-lentigos-solares.jpg","width":240,"height":552,"caption":"Tratamiento de l\u00e9ntigos solares con Luz Pulsada Intensa"},{"@type":"BreadcrumbList","@id":"https:\/\/www.idermic.es\/es\/luz-pulsada-intensa-ipl-eliminacion-de-de-los-lentigos-solares\/#breadcrumb","itemListElement":[{"@type":"ListItem","position":1,"name":"Inici","item":"https:\/\/www.idermic.es\/es\/"},{"@type":"ListItem","position":2,"name":"Luz Pulsada Intensa IPL: Eliminaci\u00f3n de de los l\u00e9ntigos solares"}]},{"@type":"WebSite","@id":"https:\/\/www.idermic.es\/#website","url":"https:\/\/www.idermic.es\/","name":"Idermic. Dermatolog\u00eda en Terrassa","description":"Dermatolog\u00eda, Medicina est\u00e9tica, Cirurg\u00eda Pl\u00e0stica","publisher":{"@id":"https:\/\/www.idermic.es\/#organization"},"potentialAction":[{"@type":"SearchAction","target":{"@type":"EntryPoint","urlTemplate":"https:\/\/www.idermic.es\/?s={search_term_string}"},"query-input":{"@type":"PropertyValueSpecification","valueRequired":true,"valueName":"search_term_string"}}],"inLanguage":"es"},{"@type":"Organization","@id":"https:\/\/www.idermic.es\/#organization","name":"Idermic. Dermatolog\u00eda en Terrassa","url":"https:\/\/www.idermic.es\/","logo":{"@type":"ImageObject","inLanguage":"es","@id":"https:\/\/www.idermic.es\/#\/schema\/logo\/image\/","url":"https:\/\/www.idermic.es\/wp-content\/uploads\/2025\/10\/Logo-Idermic.jpg","contentUrl":"https:\/\/www.idermic.es\/wp-content\/uploads\/2025\/10\/Logo-Idermic.jpg","width":501,"height":502,"caption":"Idermic. Dermatolog\u00eda en Terrassa"},"image":{"@id":"https:\/\/www.idermic.es\/#\/schema\/logo\/image\/"},"sameAs":["https:\/\/www.facebook.com\/Idermic","https:\/\/x.com\/idermic","https:\/\/www.instagram.com\/idermicclinic\/","https:\/\/www.youtube.com\/channel\/UCyAHC9-p8lc6hr_nguO8p_g"]},{"@type":"Person","@id":"https:\/\/www.idermic.es\/#\/schema\/person\/d9bd7e6f2a783f0f526073250560bfb5","name":"admin@www","image":{"@type":"ImageObject","inLanguage":"es","@id":"https:\/\/secure.gravatar.com\/avatar\/b4e94726668ce15d352771a043d3273340f3898aee9f386703de5f0d2865d807?s=96&d=mm&r=g","url":"https:\/\/secure.gravatar.com\/avatar\/b4e94726668ce15d352771a043d3273340f3898aee9f386703de5f0d2865d807?s=96&d=mm&r=g","contentUrl":"https:\/\/secure.gravatar.com\/avatar\/b4e94726668ce15d352771a043d3273340f3898aee9f386703de5f0d2865d807?s=96&d=mm&r=g","caption":"admin@www"}}]}},"_links":{"self":[{"href":"https:\/\/www.idermic.es\/es\/wp-json\/wp\/v2\/posts\/5260","targetHints":{"allow":["GET"]}}],"collection":[{"href":"https:\/\/www.idermic.es\/es\/wp-json\/wp\/v2\/posts"}],"about":[{"href":"https:\/\/www.idermic.es\/es\/wp-json\/wp\/v2\/types\/post"}],"author":[{"embeddable":true,"href":"https:\/\/www.idermic.es\/es\/wp-json\/wp\/v2\/users\/1"}],"replies":[{"embeddable":true,"href":"https:\/\/www.idermic.es\/es\/wp-json\/wp\/v2\/comments?post=5260"}],"version-history":[{"count":18,"href":"https:\/\/www.idermic.es\/es\/wp-json\/wp\/v2\/posts\/5260\/revisions"}],"predecessor-version":[{"id":5294,"href":"https:\/\/www.idermic.es\/es\/wp-json\/wp\/v2\/posts\/5260\/revisions\/5294"}],"wp:featuredmedia":[{"embeddable":true,"href":"https:\/\/www.idermic.es\/es\/wp-json\/wp\/v2\/media\/5273"}],"wp:attachment":[{"href":"https:\/\/www.idermic.es\/es\/wp-json\/wp\/v2\/media?parent=5260"}],"wp:term":[{"taxonomy":"category","embeddable":true,"href":"https:\/\/www.idermic.es\/es\/wp-json\/wp\/v2\/categories?post=5260"},{"taxonomy":"post_tag","embeddable":true,"href":"https:\/\/www.idermic.es\/es\/wp-json\/wp\/v2\/tags?post=5260"}],"curies":[{"name":"wp","href":"https:\/\/api.w.org\/{rel}","templated":true}]}}