{"id":5202,"date":"2022-10-25T09:11:23","date_gmt":"2022-10-25T09:11:23","guid":{"rendered":"https:\/\/www.idermic.es\/?p=5202"},"modified":"2022-12-11T12:16:17","modified_gmt":"2022-12-11T12:16:17","slug":"lentigos-solares","status":"publish","type":"post","link":"https:\/\/www.idermic.es\/es\/lentigos-solares\/","title":{"rendered":"L\u00e9ntigos solares"},"content":{"rendered":"<div class=\"fusion-fullwidth fullwidth-box fusion-builder-row-1 nonhundred-percent-fullwidth non-hundred-percent-height-scrolling\" style=\"--awb-border-radius-top-left:0px;--awb-border-radius-top-right:0px;--awb-border-radius-bottom-right:0px;--awb-border-radius-bottom-left:0px;--awb-margin-top:32px;--awb-margin-bottom:32px;--awb-flex-wrap:wrap;\" ><div class=\"fusion-builder-row fusion-row\"><div class=\"fusion-layout-column fusion_builder_column fusion-builder-column-0 fusion_builder_column_1_1 1_1 fusion-one-full fusion-column-first fusion-column-last\" style=\"--awb-bg-size:cover;\"><div class=\"fusion-column-wrapper fusion-flex-column-wrapper-legacy\"><div class=\"fusion-text fusion-text-1\"><h1 style=\"text-align: left;\">L\u00e9ntigos solares<\/h1>\n<\/div><div class=\"fusion-text fusion-text-2\"><p>Los <a href=\"https:\/\/www.idermic.es\/es\/dermatologia_estetic\/manchas\/\">l\u00e9ntigos solares<\/a> son peque\u00f1as m\u00e1culas de color marr\u00f3n visibles y muy definidas que se localizan habitualmente en zonas del cuerpos con exposici\u00f3n al sol. Tambi\u00e9n se les llama \u00abmanchas seniles\u00bb o \u00abmanchas de la vejez\u00bb<\/p>\n<p>El l\u00e9ntigo es considerado una mancha benigna de la piel. Tiene una longitud de entre 1 a 15 mm y puede aparecer en la infancia o a lo largo de los a\u00f1os por la exposici\u00f3n de la piel al sol. Aunque en principio no implica riesgo para nuestra salud, el hecho de haber expuesto nuestra piel de forma contin\u00faa a la radiaci\u00f3n ultravioleta, s\u00ed que puede implicar mayor riesgo de padecer c\u00e1ncer de piel. Puede aparecer de forma muy r\u00e1pida o de forma progresiva. Podemos decir que los l\u00e9ntigos solares son muy frecuentes y que m\u00e1s del 90% de personas de raza blanca mayores de 60 a\u00f1os la presentan. En mayores de 35 a\u00f1os el porcentaje baja al 20-25%. Por lo tanto es aconsejable acudir a un especialista para el tratamiento de los l\u00e9ntigos solares.<\/p>\n<div class=\"wDYxhc\" data-md=\"61\">\n<div role=\"heading\" data-attrid=\"wa:\/description\" aria-level=\"3\" data-hveid=\"CBEQAA\">\n<h2>Causas de los l\u00e9ntigos solares<\/h2>\n<p>La exposici\u00f3n a lo largo de nuestra vida a los rayos solares, se puede manifestar como un desorden en la pigmentaci\u00f3n de nuestra piel. Este desorden se puede localizar en la capa basal de la epidermis (capa m\u00e1s superficial de la piel). Al contrario que en el caso de los lunares, en los l\u00e9ntigos no se llega a formar un nido en la mancha.<\/p>\n<p>No s\u00f3lo la exposici\u00f3n de forma continuada a los rayos solares es causa de l\u00e9ntigos. Tambi\u00e9n lo es la exposici\u00f3n a rayos ultravioleta ya sea por motivos m\u00e9dicos (<a href=\"https:\/\/www.sanibook.net\/diccionario-de-salud\/?abitem_id=32\">psoriasis<\/a>) o est\u00e9ticos (querer ponerse morenos). Adem\u00e1s pueden existir causas gen\u00e9ticas, ya que en diversas enfermedades o s\u00edndromes pueden ser frecuente la presencia de l\u00e9ntigos.<\/p>\n<h2>Tipos de l\u00e9ntigos solares<\/h2>\n<p>Los l\u00e9ntigos no producen molestias. Podemos destacar 2 tipos:<\/p>\n<ul>\n<li>L\u00e9ntigos juveniles o simples: Manchas marrones de tama\u00f1o reducido (1-5 mm). Suelen aparecer despu\u00e9s del nacimiento y desaparecen por s\u00ed solas al hacernos adultos. No son debidas por exposici\u00f3n al sol.<\/li>\n<li>L\u00e9ntigos seniles o act\u00ednicos: Se trata de manchas de color marr\u00f3n claro. Son de mayor tama\u00f1o que las juveniles y en algunas ocasiones presentan rugosidades en la superficie de la piel. Aparecen en manos y cara debido s la exposici\u00f3n continuada a los rayos solares.<\/li>\n<\/ul>\n<p>Los l\u00e9ntigos solares se pueden observar en diferentes s\u00edndromes como por ejemplo:<\/p>\n<ul>\n<li>S\u00edndrome de Leopard: Se caracteriza por la aparici\u00f3n numerosa de l\u00e9ntigos unidas a alteraciones en el electrocardiograma, oculares, pulmonares, problemas de audici\u00f3n y alteraciones en el crecimiento.<\/li>\n<li>S\u00edndrome de Peutz-jeghers: Est\u00e1n asociados a p\u00f3lipos en el colon.<\/li>\n<\/ul>\n<h2>Diagn\u00f3stico<\/h2>\n<p>El diagn\u00f3stico de los l\u00e9ntigos solares es cl\u00ednico y se realiza con una simple mirada a la zona afectada. Es posible requerir la ayuda de un dermatoscopio que nos puede mejorar la visi\u00f3n de la lesi\u00f3n. Si tenemos la duda que el l\u00e9ntigo se ha convertido en un melanoma (tumor benigno) lo aconsejable es hacer una biopsia de la piel y proceder a la extirpaci\u00f3n para su posterior anal\u00edtica.<\/p>\n<p>Hay que diferenciar los l\u00e9ntigos juveniles de los seniles. En el segundo caso al tratarse de personas con m\u00e1s edad y por lo tanto con mayor exposici\u00f3n de la piel a los rayos solares, el riesgo de presentar carcinomas en la piel y melanomas es mucho m\u00e1s elevado. Tambi\u00e9n podemos afirmar que los l\u00e9ntigos solares son en muchas ocasiones de car\u00e1cter hereditario.<\/p>\n<\/div>\n<div role=\"heading\" data-attrid=\"wa:\/description\" aria-level=\"3\" data-hveid=\"CBEQAA\">\n<h2>Prevenci\u00f3n y tratamientos<\/h2>\n<p>Por supuesto para la prevenci\u00f3n de los l\u00e9ntigos debemos evitar la exposici\u00f3n directa a los rayos de sol. Adem\u00e1s debemos utilizar fotoprotectores solares de farmacia que sean adecuados para nuestra piel y que respeten el medio ambiente. Debemos evitar la producci\u00f3n excesiva de melanina que favorece la salida de manchas en la piel.<\/p>\n<\/div>\n<p><em>El verano acent\u00faa los l\u00e9ntigos solares, o manchas de hiperpigmentaci\u00f3n causadas por la exposici\u00f3n al sol, sobre todo en las mujeres. La Academia Espa\u00f1ola de Dermatolog\u00eda y Venerolog\u00eda (AEDV) recomienda controlarlas durante todo el a\u00f1o. Tambi\u00e9n llamadas \u2018manchas de la edad\u2019 suelen aparecer en las \u00e1reas de la piel que est\u00e1n m\u00e1s expuestas al sol, es decir, en la cara, en el escote, cuello, brazos o en el dorso de las manos.<\/em><\/p>\n<div role=\"heading\" data-attrid=\"wa:\/description\" aria-level=\"3\" data-hveid=\"CBEQAA\">\n<p class=\"cmParagraph\">Los tratamientos para los l\u00e9ntigos solares suelen ser est\u00e9ticos. Entre los m\u00e1s destacados tenemos:<\/p>\n<ul>\n<li>Criocirug\u00eda: Consiste en la aplicaci\u00f3n de un spray con nitr\u00f3geno l\u00edquido sobre la zona afectada para quemarla. despu\u00e9s de su aplicaci\u00f3n aparece una costra que precede a la desaparici\u00f3n de la mancha. Puede llegar a irritar de forma temporal la piel, presentando riesgo de cicatrizaci\u00f3n o decoloraci\u00f3n permanente.<\/li>\n<li>Cirug\u00eda L\u00e1ser: Utilizaci\u00f3n de un l\u00e1ser dermatol\u00f3gico, espec\u00edfico para quemar la zona afectada. Tiene una gran eficacia y riesgo m\u00ednimo.<\/li>\n<li>Aplicaci\u00f3n de diferentes cremas despigmentantes.<\/li>\n<\/ul>\n<\/div>\n<\/div>\n<\/div><div class=\"fusion-clearfix\"><\/div><\/div><\/div><\/div><div class=\"fusion-builder-row fusion-row\"><\/div><\/div>\n","protected":false},"excerpt":{"rendered":"<p>Los l\u00e9ntigos solares son peque\u00f1as m\u00e1culas de color marr\u00f3n visibles que se localizan habitualmente en zonas del cuerpos con exposici\u00f3n al sol<\/p>\n","protected":false},"author":3,"featured_media":5209,"comment_status":"open","ping_status":"closed","sticky":false,"template":"","format":"standard","meta":{"_joinchat":[],"footnotes":""},"categories":[60],"tags":[104,117],"class_list":["post-5202","post","type-post","status-publish","format-standard","has-post-thumbnail","hentry","category-dermatologia-estetica-es","tag-piel","tag-pigmentacion"],"yoast_head":"<!-- This site is optimized with the Yoast SEO plugin v28.4 - https:\/\/yoast.com\/product\/yoast-seo-wordpress\/ -->\n<title>L\u00e9ntigos solares -<\/title>\n<meta name=\"description\" content=\"Los l\u00e9ntigos solares son peque\u00f1as m\u00e1culas de color marr\u00f3n visibles que se localizan habitualmente en zonas del cuerpos con exposici\u00f3n al sol\" \/>\n<meta name=\"robots\" content=\"index, follow, max-snippet:-1, max-image-preview:large, max-video-preview:-1\" \/>\n<link rel=\"canonical\" href=\"https:\/\/www.idermic.es\/es\/lentigos-solares\/\" \/>\n<meta property=\"og:locale\" content=\"es_ES\" \/>\n<meta property=\"og:type\" content=\"article\" \/>\n<meta property=\"og:title\" content=\"L\u00e9ntigos solares -\" \/>\n<meta property=\"og:description\" content=\"Los l\u00e9ntigos solares son peque\u00f1as m\u00e1culas de color marr\u00f3n visibles que se localizan habitualmente en zonas del cuerpos con exposici\u00f3n al sol\" \/>\n<meta property=\"og:url\" content=\"https:\/\/www.idermic.es\/es\/lentigos-solares\/\" \/>\n<meta property=\"og:site_name\" content=\"Idermic. Dermatolog\u00eda en Terrassa\" \/>\n<meta property=\"article:publisher\" content=\"https:\/\/www.facebook.com\/Idermic\" \/>\n<meta property=\"article:published_time\" content=\"2022-10-25T09:11:23+00:00\" \/>\n<meta property=\"article:modified_time\" content=\"2022-12-11T12:16:17+00:00\" \/>\n<meta property=\"og:image\" content=\"https:\/\/www.idermic.es\/wp-content\/uploads\/2022\/10\/Lentigos-solares.jpg\" \/>\n\t<meta property=\"og:image:width\" content=\"792\" \/>\n\t<meta property=\"og:image:height\" content=\"710\" \/>\n\t<meta property=\"og:image:type\" content=\"image\/jpeg\" \/>\n<meta name=\"author\" content=\"Equipo\" \/>\n<meta name=\"twitter:card\" content=\"summary_large_image\" \/>\n<meta name=\"twitter:creator\" content=\"@idermic\" \/>\n<meta name=\"twitter:site\" content=\"@idermic\" \/>\n<meta name=\"twitter:label1\" content=\"Escrito por\" \/>\n\t<meta name=\"twitter:data1\" content=\"Equipo\" \/>\n\t<meta name=\"twitter:label2\" content=\"Tiempo de lectura\" \/>\n\t<meta name=\"twitter:data2\" content=\"4 minutos\" \/>\n<script type=\"application\/ld+json\" class=\"yoast-schema-graph\">{\"@context\":\"https:\\\/\\\/schema.org\",\"@graph\":[{\"@type\":\"Article\",\"@id\":\"https:\\\/\\\/www.idermic.es\\\/es\\\/lentigos-solares\\\/#article\",\"isPartOf\":{\"@id\":\"https:\\\/\\\/www.idermic.es\\\/es\\\/lentigos-solares\\\/\"},\"author\":{\"name\":\"Equipo\",\"@id\":\"https:\\\/\\\/www.idermic.es\\\/#\\\/schema\\\/person\\\/c12703027a878b23d3c71c87921a82f8\"},\"headline\":\"L\u00e9ntigos solares\",\"datePublished\":\"2022-10-25T09:11:23+00:00\",\"dateModified\":\"2022-12-11T12:16:17+00:00\",\"mainEntityOfPage\":{\"@id\":\"https:\\\/\\\/www.idermic.es\\\/es\\\/lentigos-solares\\\/\"},\"wordCount\":1120,\"commentCount\":0,\"publisher\":{\"@id\":\"https:\\\/\\\/www.idermic.es\\\/#organization\"},\"image\":{\"@id\":\"https:\\\/\\\/www.idermic.es\\\/es\\\/lentigos-solares\\\/#primaryimage\"},\"thumbnailUrl\":\"https:\\\/\\\/www.idermic.es\\\/wp-content\\\/uploads\\\/2022\\\/10\\\/Lentigos-solares.jpg\",\"keywords\":[\"piel\",\"pigmentaci\u00f3n\"],\"articleSection\":[\"Dermatologia est\u00e8tica\"],\"inLanguage\":\"es\",\"potentialAction\":[{\"@type\":\"CommentAction\",\"name\":\"Comment\",\"target\":[\"https:\\\/\\\/www.idermic.es\\\/es\\\/lentigos-solares\\\/#respond\"]}]},{\"@type\":\"WebPage\",\"@id\":\"https:\\\/\\\/www.idermic.es\\\/es\\\/lentigos-solares\\\/\",\"url\":\"https:\\\/\\\/www.idermic.es\\\/es\\\/lentigos-solares\\\/\",\"name\":\"L\u00e9ntigos solares -\",\"isPartOf\":{\"@id\":\"https:\\\/\\\/www.idermic.es\\\/#website\"},\"primaryImageOfPage\":{\"@id\":\"https:\\\/\\\/www.idermic.es\\\/es\\\/lentigos-solares\\\/#primaryimage\"},\"image\":{\"@id\":\"https:\\\/\\\/www.idermic.es\\\/es\\\/lentigos-solares\\\/#primaryimage\"},\"thumbnailUrl\":\"https:\\\/\\\/www.idermic.es\\\/wp-content\\\/uploads\\\/2022\\\/10\\\/Lentigos-solares.jpg\",\"datePublished\":\"2022-10-25T09:11:23+00:00\",\"dateModified\":\"2022-12-11T12:16:17+00:00\",\"description\":\"Los l\u00e9ntigos solares son peque\u00f1as m\u00e1culas de color marr\u00f3n visibles que se localizan habitualmente en zonas del cuerpos con exposici\u00f3n al sol\",\"breadcrumb\":{\"@id\":\"https:\\\/\\\/www.idermic.es\\\/es\\\/lentigos-solares\\\/#breadcrumb\"},\"inLanguage\":\"es\",\"potentialAction\":[{\"@type\":\"ReadAction\",\"target\":[\"https:\\\/\\\/www.idermic.es\\\/es\\\/lentigos-solares\\\/\"]}]},{\"@type\":\"ImageObject\",\"inLanguage\":\"es\",\"@id\":\"https:\\\/\\\/www.idermic.es\\\/es\\\/lentigos-solares\\\/#primaryimage\",\"url\":\"https:\\\/\\\/www.idermic.es\\\/wp-content\\\/uploads\\\/2022\\\/10\\\/Lentigos-solares.jpg\",\"contentUrl\":\"https:\\\/\\\/www.idermic.es\\\/wp-content\\\/uploads\\\/2022\\\/10\\\/Lentigos-solares.jpg\",\"width\":792,\"height\":710,\"caption\":\"L\u00e9ntigos solares\"},{\"@type\":\"BreadcrumbList\",\"@id\":\"https:\\\/\\\/www.idermic.es\\\/es\\\/lentigos-solares\\\/#breadcrumb\",\"itemListElement\":[{\"@type\":\"ListItem\",\"position\":1,\"name\":\"Inici\",\"item\":\"https:\\\/\\\/www.idermic.es\\\/es\\\/\"},{\"@type\":\"ListItem\",\"position\":2,\"name\":\"L\u00e9ntigos solares\"}]},{\"@type\":\"WebSite\",\"@id\":\"https:\\\/\\\/www.idermic.es\\\/#website\",\"url\":\"https:\\\/\\\/www.idermic.es\\\/\",\"name\":\"Idermic. Dermatolog\u00eda en Terrassa\",\"description\":\"Dermatolog\u00eda, Medicina est\u00e9tica, Cirurg\u00eda Pl\u00e0stica\",\"publisher\":{\"@id\":\"https:\\\/\\\/www.idermic.es\\\/#organization\"},\"potentialAction\":[{\"@type\":\"SearchAction\",\"target\":{\"@type\":\"EntryPoint\",\"urlTemplate\":\"https:\\\/\\\/www.idermic.es\\\/?s={search_term_string}\"},\"query-input\":{\"@type\":\"PropertyValueSpecification\",\"valueRequired\":true,\"valueName\":\"search_term_string\"}}],\"inLanguage\":\"es\"},{\"@type\":\"Organization\",\"@id\":\"https:\\\/\\\/www.idermic.es\\\/#organization\",\"name\":\"Idermic. Dermatolog\u00eda en Terrassa\",\"url\":\"https:\\\/\\\/www.idermic.es\\\/\",\"logo\":{\"@type\":\"ImageObject\",\"inLanguage\":\"es\",\"@id\":\"https:\\\/\\\/www.idermic.es\\\/#\\\/schema\\\/logo\\\/image\\\/\",\"url\":\"https:\\\/\\\/www.idermic.es\\\/wp-content\\\/uploads\\\/2025\\\/10\\\/Logo-Idermic.jpg\",\"contentUrl\":\"https:\\\/\\\/www.idermic.es\\\/wp-content\\\/uploads\\\/2025\\\/10\\\/Logo-Idermic.jpg\",\"width\":501,\"height\":502,\"caption\":\"Idermic. Dermatolog\u00eda en Terrassa\"},\"image\":{\"@id\":\"https:\\\/\\\/www.idermic.es\\\/#\\\/schema\\\/logo\\\/image\\\/\"},\"sameAs\":[\"https:\\\/\\\/www.facebook.com\\\/Idermic\",\"https:\\\/\\\/x.com\\\/idermic\",\"https:\\\/\\\/www.instagram.com\\\/idermicclinic\\\/\",\"https:\\\/\\\/www.youtube.com\\\/channel\\\/UCyAHC9-p8lc6hr_nguO8p_g\"]},{\"@type\":\"Person\",\"@id\":\"https:\\\/\\\/www.idermic.es\\\/#\\\/schema\\\/person\\\/c12703027a878b23d3c71c87921a82f8\",\"name\":\"Equipo\",\"image\":{\"@type\":\"ImageObject\",\"inLanguage\":\"es\",\"@id\":\"https:\\\/\\\/secure.gravatar.com\\\/avatar\\\/7ca0be23248108c6b0887e0693b7dcf7764bd3503f84d1f04e6653ef7c3b9420?s=96&d=mm&r=g\",\"url\":\"https:\\\/\\\/secure.gravatar.com\\\/avatar\\\/7ca0be23248108c6b0887e0693b7dcf7764bd3503f84d1f04e6653ef7c3b9420?s=96&d=mm&r=g\",\"contentUrl\":\"https:\\\/\\\/secure.gravatar.com\\\/avatar\\\/7ca0be23248108c6b0887e0693b7dcf7764bd3503f84d1f04e6653ef7c3b9420?s=96&d=mm&r=g\",\"caption\":\"Equipo\"},\"description\":\"Equipo de Idermic\"}]}<\/script>\n<!-- \/ Yoast SEO plugin. -->","yoast_head_json":{"title":"L\u00e9ntigos solares -","description":"Los l\u00e9ntigos solares son peque\u00f1as m\u00e1culas de color marr\u00f3n visibles que se localizan habitualmente en zonas del cuerpos con exposici\u00f3n al sol","robots":{"index":"index","follow":"follow","max-snippet":"max-snippet:-1","max-image-preview":"max-image-preview:large","max-video-preview":"max-video-preview:-1"},"canonical":"https:\/\/www.idermic.es\/es\/lentigos-solares\/","og_locale":"es_ES","og_type":"article","og_title":"L\u00e9ntigos solares -","og_description":"Los l\u00e9ntigos solares son peque\u00f1as m\u00e1culas de color marr\u00f3n visibles que se localizan habitualmente en zonas del cuerpos con exposici\u00f3n al sol","og_url":"https:\/\/www.idermic.es\/es\/lentigos-solares\/","og_site_name":"Idermic. Dermatolog\u00eda en Terrassa","article_publisher":"https:\/\/www.facebook.com\/Idermic","article_published_time":"2022-10-25T09:11:23+00:00","article_modified_time":"2022-12-11T12:16:17+00:00","og_image":[{"width":792,"height":710,"url":"https:\/\/www.idermic.es\/wp-content\/uploads\/2022\/10\/Lentigos-solares.jpg","type":"image\/jpeg"}],"author":"Equipo","twitter_card":"summary_large_image","twitter_creator":"@idermic","twitter_site":"@idermic","twitter_misc":{"Escrito por":"Equipo","Tiempo de lectura":"4 minutos"},"schema":{"@context":"https:\/\/schema.org","@graph":[{"@type":"Article","@id":"https:\/\/www.idermic.es\/es\/lentigos-solares\/#article","isPartOf":{"@id":"https:\/\/www.idermic.es\/es\/lentigos-solares\/"},"author":{"name":"Equipo","@id":"https:\/\/www.idermic.es\/#\/schema\/person\/c12703027a878b23d3c71c87921a82f8"},"headline":"L\u00e9ntigos solares","datePublished":"2022-10-25T09:11:23+00:00","dateModified":"2022-12-11T12:16:17+00:00","mainEntityOfPage":{"@id":"https:\/\/www.idermic.es\/es\/lentigos-solares\/"},"wordCount":1120,"commentCount":0,"publisher":{"@id":"https:\/\/www.idermic.es\/#organization"},"image":{"@id":"https:\/\/www.idermic.es\/es\/lentigos-solares\/#primaryimage"},"thumbnailUrl":"https:\/\/www.idermic.es\/wp-content\/uploads\/2022\/10\/Lentigos-solares.jpg","keywords":["piel","pigmentaci\u00f3n"],"articleSection":["Dermatologia est\u00e8tica"],"inLanguage":"es","potentialAction":[{"@type":"CommentAction","name":"Comment","target":["https:\/\/www.idermic.es\/es\/lentigos-solares\/#respond"]}]},{"@type":"WebPage","@id":"https:\/\/www.idermic.es\/es\/lentigos-solares\/","url":"https:\/\/www.idermic.es\/es\/lentigos-solares\/","name":"L\u00e9ntigos solares -","isPartOf":{"@id":"https:\/\/www.idermic.es\/#website"},"primaryImageOfPage":{"@id":"https:\/\/www.idermic.es\/es\/lentigos-solares\/#primaryimage"},"image":{"@id":"https:\/\/www.idermic.es\/es\/lentigos-solares\/#primaryimage"},"thumbnailUrl":"https:\/\/www.idermic.es\/wp-content\/uploads\/2022\/10\/Lentigos-solares.jpg","datePublished":"2022-10-25T09:11:23+00:00","dateModified":"2022-12-11T12:16:17+00:00","description":"Los l\u00e9ntigos solares son peque\u00f1as m\u00e1culas de color marr\u00f3n visibles que se localizan habitualmente en zonas del cuerpos con exposici\u00f3n al sol","breadcrumb":{"@id":"https:\/\/www.idermic.es\/es\/lentigos-solares\/#breadcrumb"},"inLanguage":"es","potentialAction":[{"@type":"ReadAction","target":["https:\/\/www.idermic.es\/es\/lentigos-solares\/"]}]},{"@type":"ImageObject","inLanguage":"es","@id":"https:\/\/www.idermic.es\/es\/lentigos-solares\/#primaryimage","url":"https:\/\/www.idermic.es\/wp-content\/uploads\/2022\/10\/Lentigos-solares.jpg","contentUrl":"https:\/\/www.idermic.es\/wp-content\/uploads\/2022\/10\/Lentigos-solares.jpg","width":792,"height":710,"caption":"L\u00e9ntigos solares"},{"@type":"BreadcrumbList","@id":"https:\/\/www.idermic.es\/es\/lentigos-solares\/#breadcrumb","itemListElement":[{"@type":"ListItem","position":1,"name":"Inici","item":"https:\/\/www.idermic.es\/es\/"},{"@type":"ListItem","position":2,"name":"L\u00e9ntigos solares"}]},{"@type":"WebSite","@id":"https:\/\/www.idermic.es\/#website","url":"https:\/\/www.idermic.es\/","name":"Idermic. Dermatolog\u00eda en Terrassa","description":"Dermatolog\u00eda, Medicina est\u00e9tica, Cirurg\u00eda Pl\u00e0stica","publisher":{"@id":"https:\/\/www.idermic.es\/#organization"},"potentialAction":[{"@type":"SearchAction","target":{"@type":"EntryPoint","urlTemplate":"https:\/\/www.idermic.es\/?s={search_term_string}"},"query-input":{"@type":"PropertyValueSpecification","valueRequired":true,"valueName":"search_term_string"}}],"inLanguage":"es"},{"@type":"Organization","@id":"https:\/\/www.idermic.es\/#organization","name":"Idermic. Dermatolog\u00eda en Terrassa","url":"https:\/\/www.idermic.es\/","logo":{"@type":"ImageObject","inLanguage":"es","@id":"https:\/\/www.idermic.es\/#\/schema\/logo\/image\/","url":"https:\/\/www.idermic.es\/wp-content\/uploads\/2025\/10\/Logo-Idermic.jpg","contentUrl":"https:\/\/www.idermic.es\/wp-content\/uploads\/2025\/10\/Logo-Idermic.jpg","width":501,"height":502,"caption":"Idermic. Dermatolog\u00eda en Terrassa"},"image":{"@id":"https:\/\/www.idermic.es\/#\/schema\/logo\/image\/"},"sameAs":["https:\/\/www.facebook.com\/Idermic","https:\/\/x.com\/idermic","https:\/\/www.instagram.com\/idermicclinic\/","https:\/\/www.youtube.com\/channel\/UCyAHC9-p8lc6hr_nguO8p_g"]},{"@type":"Person","@id":"https:\/\/www.idermic.es\/#\/schema\/person\/c12703027a878b23d3c71c87921a82f8","name":"Equipo","image":{"@type":"ImageObject","inLanguage":"es","@id":"https:\/\/secure.gravatar.com\/avatar\/7ca0be23248108c6b0887e0693b7dcf7764bd3503f84d1f04e6653ef7c3b9420?s=96&d=mm&r=g","url":"https:\/\/secure.gravatar.com\/avatar\/7ca0be23248108c6b0887e0693b7dcf7764bd3503f84d1f04e6653ef7c3b9420?s=96&d=mm&r=g","contentUrl":"https:\/\/secure.gravatar.com\/avatar\/7ca0be23248108c6b0887e0693b7dcf7764bd3503f84d1f04e6653ef7c3b9420?s=96&d=mm&r=g","caption":"Equipo"},"description":"Equipo de Idermic"}]}},"_links":{"self":[{"href":"https:\/\/www.idermic.es\/es\/wp-json\/wp\/v2\/posts\/5202","targetHints":{"allow":["GET"]}}],"collection":[{"href":"https:\/\/www.idermic.es\/es\/wp-json\/wp\/v2\/posts"}],"about":[{"href":"https:\/\/www.idermic.es\/es\/wp-json\/wp\/v2\/types\/post"}],"author":[{"embeddable":true,"href":"https:\/\/www.idermic.es\/es\/wp-json\/wp\/v2\/users\/3"}],"replies":[{"embeddable":true,"href":"https:\/\/www.idermic.es\/es\/wp-json\/wp\/v2\/comments?post=5202"}],"version-history":[{"count":13,"href":"https:\/\/www.idermic.es\/es\/wp-json\/wp\/v2\/posts\/5202\/revisions"}],"predecessor-version":[{"id":5290,"href":"https:\/\/www.idermic.es\/es\/wp-json\/wp\/v2\/posts\/5202\/revisions\/5290"}],"wp:featuredmedia":[{"embeddable":true,"href":"https:\/\/www.idermic.es\/es\/wp-json\/wp\/v2\/media\/5209"}],"wp:attachment":[{"href":"https:\/\/www.idermic.es\/es\/wp-json\/wp\/v2\/media?parent=5202"}],"wp:term":[{"taxonomy":"category","embeddable":true,"href":"https:\/\/www.idermic.es\/es\/wp-json\/wp\/v2\/categories?post=5202"},{"taxonomy":"post_tag","embeddable":true,"href":"https:\/\/www.idermic.es\/es\/wp-json\/wp\/v2\/tags?post=5202"}],"curies":[{"name":"wp","href":"https:\/\/api.w.org\/{rel}","templated":true}]}}