{"id":5122,"date":"2022-09-16T10:00:59","date_gmt":"2022-09-16T10:00:59","guid":{"rendered":"https:\/\/www.idermic.es\/?p=5122"},"modified":"2022-09-16T10:00:59","modified_gmt":"2022-09-16T10:00:59","slug":"otoplastia","status":"publish","type":"post","link":"https:\/\/www.idermic.es\/es\/otoplastia\/","title":{"rendered":"Otoplastia"},"content":{"rendered":"<div class=\"fusion-fullwidth fullwidth-box fusion-builder-row-1 nonhundred-percent-fullwidth non-hundred-percent-height-scrolling\" style=\"--awb-border-radius-top-left:0px;--awb-border-radius-top-right:0px;--awb-border-radius-bottom-right:0px;--awb-border-radius-bottom-left:0px;--awb-margin-top:32px;--awb-margin-bottom:32px;--awb-flex-wrap:wrap;\" ><div class=\"fusion-builder-row fusion-row\"><div class=\"fusion-layout-column fusion_builder_column fusion-builder-column-0 fusion_builder_column_1_1 1_1 fusion-one-full fusion-column-first fusion-column-last\" style=\"--awb-bg-size:cover;\"><div class=\"fusion-column-wrapper fusion-flex-column-wrapper-legacy\"><div class=\"fusion-text fusion-text-1\"><h1 style=\"text-align: left;\">Otoplastia<\/h1>\n<\/div><div class=\"fusion-text fusion-text-2\"><p>La Otoplastia es una cirug\u00eda que se realiza para la correcci\u00f3n y remodelaci\u00f3n de las orejas prominentes, tambi\u00e9n denominadas \u00aben soplillo\u00bb.<\/p>\n<h2>\u00bf Que es la Otoplastia?<\/h2>\n<p>Esta <a href=\"https:\/\/www.idermic.es\/cirurgia-plastica\/\">cirug\u00eda pl\u00e1stica<\/a> tiene como objetivo prioritario mejorar la proporci\u00f3n y posicionamiento de las orejas, devolvi\u00e9ndolas a una posici\u00f3n m\u00e1s cercana a la cabeza. Tambi\u00e9n se realiza para reducir el tama\u00f1o de las orejas y remodelar el l\u00f3bulo, recreando el pliegue exterior si fuera necesario.<\/p>\n<p>Esta intervenci\u00f3n se suele realizar a ni\u00f1os que tienen entre 6 y 14 a\u00f1os y se puede utilizar anestesia general o local. Tambi\u00e9n es posible realizarla en adultos, ya que es una intervenci\u00f3n que no tiene grandes riesgos.<\/p>\n<p>En casos de accidente por traumatismo o por defecto de nacimiento (microtia), el cirujano pl\u00e1stico tambi\u00e9n puede \u00abcrear\u00bb una nueva oreja.<\/p>\n<h2>Casos en los que se realiza y su procedimiento<\/h2>\n<p>La Otoplastia se suele realizar en casos donde el paciente tenga una forma poco com\u00fan en las orejas y este hecho pueda causarle problemas psicol\u00f3gicos o de timidez y verg\u00fcenza.<\/p>\n<p>La intervenci\u00f3n puede durar de 2 a 3 horas. Aunque hay casos bastante complejos donde puede alargarse un poco m\u00e1s. Hay diferentes t\u00e9cnicas de intervenci\u00f3n y variar\u00e1n seg\u00fan cada caso y el problema concreto que presenten.<\/p>\n<p>Normalmente consiste en realizar una peque\u00f1a incisi\u00f3n en la parte posterior de la oreja para la remodelaci\u00f3n del <a href=\"https:\/\/www.sanibook.net\/diccionario-de-salud\/?abitem_id=104\">cart\u00edlago auricular<\/a>, creando pliegues en las zonas apropiadas. Posteriormente se esculpe el cart\u00edlago y se dobla hacia atr\u00e1s. Pueden ser necesarios puntos internos para conseguir mantener la nueva forma creada.<\/p>\n<p>Hay casos en los que es necesario quitar una parte del cart\u00edlago para que la oreja pueda tener un aspecto m\u00e1s natural. Finalmente es necesario extirpar una peque\u00f1a parte de la piel de la zona posterior de la oreja. Normalmente se intervienen ambas orejas, aunque s\u00f3lo sea una la que presente problemas. La cicatriz es inapreciable al quedar detr\u00e1s de la oreja y no tiene efectos secundarios. La mayor parte de pacientes sean adultos o ni\u00f1os se encuentran perfectamente a las pocas horas de la intervenci\u00f3n. Aunque es aconsejable estar 24 horas en la cl\u00ednica donde se haya realizado la cirug\u00eda hasta que desaparezcan totalmente los efectos de la anestesia empleada.<\/p>\n<h2>Preparaci\u00f3n para la intervenci\u00f3n de Otoplastia<\/h2>\n<p>Previamente a someternos a esta cirug\u00eda debemos tener en cuenta los siguientes putnos:<\/p>\n<ul>\n<li>El d\u00eda de la intervenci\u00f3n hay que estar en ayunas.<\/li>\n<li>Las mujeres deben comentar al cirujano si pudieran estar embarazadas<\/li>\n<li>La semana previa a la intervenci\u00f3n, podr\u00eda ser necesario que el paciente tomara anticoagulantes o diluyentes sangu\u00edneos para dificultar la coagulaci\u00f3n de la sangre<\/li>\n<\/ul>\n<h2>Cuidados post operatorios<\/h2>\n<p>Despu\u00e9s de la cirug\u00eda, s\u00f3lo es necesario cubrir las orejas con un vendaje que puede ser retirado a los 2-3 d\u00edas. El dolor es llevadero con la medicaci\u00f3n correspondiente. Es recomendable la utilizaci\u00f3n de una faja para la cabeza durante unos 15 d\u00edas para que la zona afectada pueda cicatrizar.<\/p>\n<p>Tambi\u00e9n es aconsejable seguir las recomendaciones del cirujano pl\u00e1stico respecto al uso del vendaje. Se debe evitar durante un mes cualquier tipo de actividad en las que las orejas se puedan doblar. Finalmente destacar que los adultos vuelven a su trabajo a los 5 d\u00edas de la intervenci\u00f3n y que los ni\u00f1os reanudad su actividad escolar en una semana.<\/p>\n<\/div><div class=\"fusion-clearfix\"><\/div><\/div><\/div><\/div><div class=\"fusion-builder-row fusion-row\"><\/div><\/div>\n","protected":false},"excerpt":{"rendered":"<p>La Otoplastia es una cirug\u00eda que se realiza para la correcci\u00f3n y remodelaci\u00f3n de las orejas prominentes, tambi\u00e9n denominadas \u00aben soplillo\u00bb.<\/p>\n","protected":false},"author":3,"featured_media":5124,"comment_status":"open","ping_status":"closed","sticky":false,"template":"","format":"standard","meta":{"_joinchat":[],"footnotes":""},"categories":[56],"tags":[95,57],"class_list":["post-5122","post","type-post","status-publish","format-standard","has-post-thumbnail","hentry","category-tratamientos-de-cirugia-estetica","tag-cirugia-estetica","tag-orejas"],"yoast_head":"<!-- This site is optimized with the Yoast SEO plugin v28.4 - https:\/\/yoast.com\/product\/yoast-seo-wordpress\/ -->\n<title>Otoplastia -<\/title>\n<meta name=\"description\" content=\"La Otoplastia es una cirug\u00eda que se realiza para la correcci\u00f3n y remodelaci\u00f3n de las orejas prominentes, tambi\u00e9n denominadas &quot;en soplillo&quot;.\" \/>\n<meta name=\"robots\" content=\"index, follow, max-snippet:-1, max-image-preview:large, max-video-preview:-1\" \/>\n<link rel=\"canonical\" href=\"https:\/\/www.idermic.es\/es\/otoplastia\/\" \/>\n<meta property=\"og:locale\" content=\"es_ES\" \/>\n<meta property=\"og:type\" content=\"article\" \/>\n<meta property=\"og:title\" content=\"Otoplastia -\" \/>\n<meta property=\"og:description\" content=\"La Otoplastia es una cirug\u00eda que se realiza para la correcci\u00f3n y remodelaci\u00f3n de las orejas prominentes, tambi\u00e9n denominadas &quot;en soplillo&quot;.\" \/>\n<meta property=\"og:url\" content=\"https:\/\/www.idermic.es\/es\/otoplastia\/\" \/>\n<meta property=\"og:site_name\" content=\"Idermic. Dermatolog\u00eda en Terrassa\" \/>\n<meta property=\"article:publisher\" content=\"https:\/\/www.facebook.com\/Idermic\" \/>\n<meta property=\"article:published_time\" content=\"2022-09-16T10:00:59+00:00\" \/>\n<meta property=\"og:image\" content=\"https:\/\/www.idermic.es\/wp-content\/uploads\/2022\/09\/Otoplastia2.jpg\" \/>\n\t<meta property=\"og:image:width\" content=\"447\" \/>\n\t<meta property=\"og:image:height\" content=\"570\" \/>\n\t<meta property=\"og:image:type\" content=\"image\/jpeg\" \/>\n<meta name=\"author\" content=\"Equipo\" \/>\n<meta name=\"twitter:card\" content=\"summary_large_image\" \/>\n<meta name=\"twitter:creator\" content=\"@idermic\" \/>\n<meta name=\"twitter:site\" content=\"@idermic\" \/>\n<meta name=\"twitter:label1\" content=\"Escrito por\" \/>\n\t<meta name=\"twitter:data1\" content=\"Equipo\" \/>\n\t<meta name=\"twitter:label2\" content=\"Tiempo de lectura\" \/>\n\t<meta name=\"twitter:data2\" content=\"3 minutos\" \/>\n<script type=\"application\/ld+json\" class=\"yoast-schema-graph\">{\"@context\":\"https:\\\/\\\/schema.org\",\"@graph\":[{\"@type\":\"Article\",\"@id\":\"https:\\\/\\\/www.idermic.es\\\/es\\\/otoplastia\\\/#article\",\"isPartOf\":{\"@id\":\"https:\\\/\\\/www.idermic.es\\\/es\\\/otoplastia\\\/\"},\"author\":{\"name\":\"Equipo\",\"@id\":\"https:\\\/\\\/www.idermic.es\\\/#\\\/schema\\\/person\\\/c12703027a878b23d3c71c87921a82f8\"},\"headline\":\"Otoplastia\",\"datePublished\":\"2022-09-16T10:00:59+00:00\",\"mainEntityOfPage\":{\"@id\":\"https:\\\/\\\/www.idermic.es\\\/es\\\/otoplastia\\\/\"},\"wordCount\":833,\"commentCount\":0,\"publisher\":{\"@id\":\"https:\\\/\\\/www.idermic.es\\\/#organization\"},\"image\":{\"@id\":\"https:\\\/\\\/www.idermic.es\\\/es\\\/otoplastia\\\/#primaryimage\"},\"thumbnailUrl\":\"https:\\\/\\\/www.idermic.es\\\/wp-content\\\/uploads\\\/2022\\\/09\\\/Otoplastia2.jpg\",\"keywords\":[\"Cirug\u00eda est\u00e9tica\",\"orejas\"],\"articleSection\":[\"Tratamientos de Cirug\u00eda Est\u00e9tica\"],\"inLanguage\":\"es\",\"potentialAction\":[{\"@type\":\"CommentAction\",\"name\":\"Comment\",\"target\":[\"https:\\\/\\\/www.idermic.es\\\/es\\\/otoplastia\\\/#respond\"]}]},{\"@type\":\"WebPage\",\"@id\":\"https:\\\/\\\/www.idermic.es\\\/es\\\/otoplastia\\\/\",\"url\":\"https:\\\/\\\/www.idermic.es\\\/es\\\/otoplastia\\\/\",\"name\":\"Otoplastia -\",\"isPartOf\":{\"@id\":\"https:\\\/\\\/www.idermic.es\\\/#website\"},\"primaryImageOfPage\":{\"@id\":\"https:\\\/\\\/www.idermic.es\\\/es\\\/otoplastia\\\/#primaryimage\"},\"image\":{\"@id\":\"https:\\\/\\\/www.idermic.es\\\/es\\\/otoplastia\\\/#primaryimage\"},\"thumbnailUrl\":\"https:\\\/\\\/www.idermic.es\\\/wp-content\\\/uploads\\\/2022\\\/09\\\/Otoplastia2.jpg\",\"datePublished\":\"2022-09-16T10:00:59+00:00\",\"description\":\"La Otoplastia es una cirug\u00eda que se realiza para la correcci\u00f3n y remodelaci\u00f3n de las orejas prominentes, tambi\u00e9n denominadas \\\"en soplillo\\\".\",\"breadcrumb\":{\"@id\":\"https:\\\/\\\/www.idermic.es\\\/es\\\/otoplastia\\\/#breadcrumb\"},\"inLanguage\":\"es\",\"potentialAction\":[{\"@type\":\"ReadAction\",\"target\":[\"https:\\\/\\\/www.idermic.es\\\/es\\\/otoplastia\\\/\"]}]},{\"@type\":\"ImageObject\",\"inLanguage\":\"es\",\"@id\":\"https:\\\/\\\/www.idermic.es\\\/es\\\/otoplastia\\\/#primaryimage\",\"url\":\"https:\\\/\\\/www.idermic.es\\\/wp-content\\\/uploads\\\/2022\\\/09\\\/Otoplastia2.jpg\",\"contentUrl\":\"https:\\\/\\\/www.idermic.es\\\/wp-content\\\/uploads\\\/2022\\\/09\\\/Otoplastia2.jpg\",\"width\":447,\"height\":570,\"caption\":\"Otoplastia\"},{\"@type\":\"BreadcrumbList\",\"@id\":\"https:\\\/\\\/www.idermic.es\\\/es\\\/otoplastia\\\/#breadcrumb\",\"itemListElement\":[{\"@type\":\"ListItem\",\"position\":1,\"name\":\"Inici\",\"item\":\"https:\\\/\\\/www.idermic.es\\\/es\\\/\"},{\"@type\":\"ListItem\",\"position\":2,\"name\":\"Otoplastia\"}]},{\"@type\":\"WebSite\",\"@id\":\"https:\\\/\\\/www.idermic.es\\\/#website\",\"url\":\"https:\\\/\\\/www.idermic.es\\\/\",\"name\":\"Idermic. Dermatolog\u00eda en Terrassa\",\"description\":\"Dermatolog\u00eda, Medicina est\u00e9tica, Cirurg\u00eda Pl\u00e0stica\",\"publisher\":{\"@id\":\"https:\\\/\\\/www.idermic.es\\\/#organization\"},\"potentialAction\":[{\"@type\":\"SearchAction\",\"target\":{\"@type\":\"EntryPoint\",\"urlTemplate\":\"https:\\\/\\\/www.idermic.es\\\/?s={search_term_string}\"},\"query-input\":{\"@type\":\"PropertyValueSpecification\",\"valueRequired\":true,\"valueName\":\"search_term_string\"}}],\"inLanguage\":\"es\"},{\"@type\":\"Organization\",\"@id\":\"https:\\\/\\\/www.idermic.es\\\/#organization\",\"name\":\"Idermic. Dermatolog\u00eda en Terrassa\",\"url\":\"https:\\\/\\\/www.idermic.es\\\/\",\"logo\":{\"@type\":\"ImageObject\",\"inLanguage\":\"es\",\"@id\":\"https:\\\/\\\/www.idermic.es\\\/#\\\/schema\\\/logo\\\/image\\\/\",\"url\":\"https:\\\/\\\/www.idermic.es\\\/wp-content\\\/uploads\\\/2025\\\/10\\\/Logo-Idermic.jpg\",\"contentUrl\":\"https:\\\/\\\/www.idermic.es\\\/wp-content\\\/uploads\\\/2025\\\/10\\\/Logo-Idermic.jpg\",\"width\":501,\"height\":502,\"caption\":\"Idermic. Dermatolog\u00eda en Terrassa\"},\"image\":{\"@id\":\"https:\\\/\\\/www.idermic.es\\\/#\\\/schema\\\/logo\\\/image\\\/\"},\"sameAs\":[\"https:\\\/\\\/www.facebook.com\\\/Idermic\",\"https:\\\/\\\/x.com\\\/idermic\",\"https:\\\/\\\/www.instagram.com\\\/idermicclinic\\\/\",\"https:\\\/\\\/www.youtube.com\\\/channel\\\/UCyAHC9-p8lc6hr_nguO8p_g\"]},{\"@type\":\"Person\",\"@id\":\"https:\\\/\\\/www.idermic.es\\\/#\\\/schema\\\/person\\\/c12703027a878b23d3c71c87921a82f8\",\"name\":\"Equipo\",\"image\":{\"@type\":\"ImageObject\",\"inLanguage\":\"es\",\"@id\":\"https:\\\/\\\/secure.gravatar.com\\\/avatar\\\/7ca0be23248108c6b0887e0693b7dcf7764bd3503f84d1f04e6653ef7c3b9420?s=96&d=mm&r=g\",\"url\":\"https:\\\/\\\/secure.gravatar.com\\\/avatar\\\/7ca0be23248108c6b0887e0693b7dcf7764bd3503f84d1f04e6653ef7c3b9420?s=96&d=mm&r=g\",\"contentUrl\":\"https:\\\/\\\/secure.gravatar.com\\\/avatar\\\/7ca0be23248108c6b0887e0693b7dcf7764bd3503f84d1f04e6653ef7c3b9420?s=96&d=mm&r=g\",\"caption\":\"Equipo\"},\"description\":\"Equipo de Idermic\"}]}<\/script>\n<!-- \/ Yoast SEO plugin. -->","yoast_head_json":{"title":"Otoplastia -","description":"La Otoplastia es una cirug\u00eda que se realiza para la correcci\u00f3n y remodelaci\u00f3n de las orejas prominentes, tambi\u00e9n denominadas \"en soplillo\".","robots":{"index":"index","follow":"follow","max-snippet":"max-snippet:-1","max-image-preview":"max-image-preview:large","max-video-preview":"max-video-preview:-1"},"canonical":"https:\/\/www.idermic.es\/es\/otoplastia\/","og_locale":"es_ES","og_type":"article","og_title":"Otoplastia -","og_description":"La Otoplastia es una cirug\u00eda que se realiza para la correcci\u00f3n y remodelaci\u00f3n de las orejas prominentes, tambi\u00e9n denominadas \"en soplillo\".","og_url":"https:\/\/www.idermic.es\/es\/otoplastia\/","og_site_name":"Idermic. Dermatolog\u00eda en Terrassa","article_publisher":"https:\/\/www.facebook.com\/Idermic","article_published_time":"2022-09-16T10:00:59+00:00","og_image":[{"width":447,"height":570,"url":"https:\/\/www.idermic.es\/wp-content\/uploads\/2022\/09\/Otoplastia2.jpg","type":"image\/jpeg"}],"author":"Equipo","twitter_card":"summary_large_image","twitter_creator":"@idermic","twitter_site":"@idermic","twitter_misc":{"Escrito por":"Equipo","Tiempo de lectura":"3 minutos"},"schema":{"@context":"https:\/\/schema.org","@graph":[{"@type":"Article","@id":"https:\/\/www.idermic.es\/es\/otoplastia\/#article","isPartOf":{"@id":"https:\/\/www.idermic.es\/es\/otoplastia\/"},"author":{"name":"Equipo","@id":"https:\/\/www.idermic.es\/#\/schema\/person\/c12703027a878b23d3c71c87921a82f8"},"headline":"Otoplastia","datePublished":"2022-09-16T10:00:59+00:00","mainEntityOfPage":{"@id":"https:\/\/www.idermic.es\/es\/otoplastia\/"},"wordCount":833,"commentCount":0,"publisher":{"@id":"https:\/\/www.idermic.es\/#organization"},"image":{"@id":"https:\/\/www.idermic.es\/es\/otoplastia\/#primaryimage"},"thumbnailUrl":"https:\/\/www.idermic.es\/wp-content\/uploads\/2022\/09\/Otoplastia2.jpg","keywords":["Cirug\u00eda est\u00e9tica","orejas"],"articleSection":["Tratamientos de Cirug\u00eda Est\u00e9tica"],"inLanguage":"es","potentialAction":[{"@type":"CommentAction","name":"Comment","target":["https:\/\/www.idermic.es\/es\/otoplastia\/#respond"]}]},{"@type":"WebPage","@id":"https:\/\/www.idermic.es\/es\/otoplastia\/","url":"https:\/\/www.idermic.es\/es\/otoplastia\/","name":"Otoplastia -","isPartOf":{"@id":"https:\/\/www.idermic.es\/#website"},"primaryImageOfPage":{"@id":"https:\/\/www.idermic.es\/es\/otoplastia\/#primaryimage"},"image":{"@id":"https:\/\/www.idermic.es\/es\/otoplastia\/#primaryimage"},"thumbnailUrl":"https:\/\/www.idermic.es\/wp-content\/uploads\/2022\/09\/Otoplastia2.jpg","datePublished":"2022-09-16T10:00:59+00:00","description":"La Otoplastia es una cirug\u00eda que se realiza para la correcci\u00f3n y remodelaci\u00f3n de las orejas prominentes, tambi\u00e9n denominadas \"en soplillo\".","breadcrumb":{"@id":"https:\/\/www.idermic.es\/es\/otoplastia\/#breadcrumb"},"inLanguage":"es","potentialAction":[{"@type":"ReadAction","target":["https:\/\/www.idermic.es\/es\/otoplastia\/"]}]},{"@type":"ImageObject","inLanguage":"es","@id":"https:\/\/www.idermic.es\/es\/otoplastia\/#primaryimage","url":"https:\/\/www.idermic.es\/wp-content\/uploads\/2022\/09\/Otoplastia2.jpg","contentUrl":"https:\/\/www.idermic.es\/wp-content\/uploads\/2022\/09\/Otoplastia2.jpg","width":447,"height":570,"caption":"Otoplastia"},{"@type":"BreadcrumbList","@id":"https:\/\/www.idermic.es\/es\/otoplastia\/#breadcrumb","itemListElement":[{"@type":"ListItem","position":1,"name":"Inici","item":"https:\/\/www.idermic.es\/es\/"},{"@type":"ListItem","position":2,"name":"Otoplastia"}]},{"@type":"WebSite","@id":"https:\/\/www.idermic.es\/#website","url":"https:\/\/www.idermic.es\/","name":"Idermic. Dermatolog\u00eda en Terrassa","description":"Dermatolog\u00eda, Medicina est\u00e9tica, Cirurg\u00eda Pl\u00e0stica","publisher":{"@id":"https:\/\/www.idermic.es\/#organization"},"potentialAction":[{"@type":"SearchAction","target":{"@type":"EntryPoint","urlTemplate":"https:\/\/www.idermic.es\/?s={search_term_string}"},"query-input":{"@type":"PropertyValueSpecification","valueRequired":true,"valueName":"search_term_string"}}],"inLanguage":"es"},{"@type":"Organization","@id":"https:\/\/www.idermic.es\/#organization","name":"Idermic. Dermatolog\u00eda en Terrassa","url":"https:\/\/www.idermic.es\/","logo":{"@type":"ImageObject","inLanguage":"es","@id":"https:\/\/www.idermic.es\/#\/schema\/logo\/image\/","url":"https:\/\/www.idermic.es\/wp-content\/uploads\/2025\/10\/Logo-Idermic.jpg","contentUrl":"https:\/\/www.idermic.es\/wp-content\/uploads\/2025\/10\/Logo-Idermic.jpg","width":501,"height":502,"caption":"Idermic. Dermatolog\u00eda en Terrassa"},"image":{"@id":"https:\/\/www.idermic.es\/#\/schema\/logo\/image\/"},"sameAs":["https:\/\/www.facebook.com\/Idermic","https:\/\/x.com\/idermic","https:\/\/www.instagram.com\/idermicclinic\/","https:\/\/www.youtube.com\/channel\/UCyAHC9-p8lc6hr_nguO8p_g"]},{"@type":"Person","@id":"https:\/\/www.idermic.es\/#\/schema\/person\/c12703027a878b23d3c71c87921a82f8","name":"Equipo","image":{"@type":"ImageObject","inLanguage":"es","@id":"https:\/\/secure.gravatar.com\/avatar\/7ca0be23248108c6b0887e0693b7dcf7764bd3503f84d1f04e6653ef7c3b9420?s=96&d=mm&r=g","url":"https:\/\/secure.gravatar.com\/avatar\/7ca0be23248108c6b0887e0693b7dcf7764bd3503f84d1f04e6653ef7c3b9420?s=96&d=mm&r=g","contentUrl":"https:\/\/secure.gravatar.com\/avatar\/7ca0be23248108c6b0887e0693b7dcf7764bd3503f84d1f04e6653ef7c3b9420?s=96&d=mm&r=g","caption":"Equipo"},"description":"Equipo de Idermic"}]}},"_links":{"self":[{"href":"https:\/\/www.idermic.es\/es\/wp-json\/wp\/v2\/posts\/5122","targetHints":{"allow":["GET"]}}],"collection":[{"href":"https:\/\/www.idermic.es\/es\/wp-json\/wp\/v2\/posts"}],"about":[{"href":"https:\/\/www.idermic.es\/es\/wp-json\/wp\/v2\/types\/post"}],"author":[{"embeddable":true,"href":"https:\/\/www.idermic.es\/es\/wp-json\/wp\/v2\/users\/3"}],"replies":[{"embeddable":true,"href":"https:\/\/www.idermic.es\/es\/wp-json\/wp\/v2\/comments?post=5122"}],"version-history":[{"count":9,"href":"https:\/\/www.idermic.es\/es\/wp-json\/wp\/v2\/posts\/5122\/revisions"}],"predecessor-version":[{"id":5133,"href":"https:\/\/www.idermic.es\/es\/wp-json\/wp\/v2\/posts\/5122\/revisions\/5133"}],"wp:featuredmedia":[{"embeddable":true,"href":"https:\/\/www.idermic.es\/es\/wp-json\/wp\/v2\/media\/5124"}],"wp:attachment":[{"href":"https:\/\/www.idermic.es\/es\/wp-json\/wp\/v2\/media?parent=5122"}],"wp:term":[{"taxonomy":"category","embeddable":true,"href":"https:\/\/www.idermic.es\/es\/wp-json\/wp\/v2\/categories?post=5122"},{"taxonomy":"post_tag","embeddable":true,"href":"https:\/\/www.idermic.es\/es\/wp-json\/wp\/v2\/tags?post=5122"}],"curies":[{"name":"wp","href":"https:\/\/api.w.org\/{rel}","templated":true}]}}