{"id":5080,"date":"2022-09-11T16:59:18","date_gmt":"2022-09-11T16:59:18","guid":{"rendered":"https:\/\/www.idermic.es\/?p=5080"},"modified":"2025-08-19T07:28:48","modified_gmt":"2025-08-19T07:28:48","slug":"ona-carbonell-confia-en-idermic-para-el-uso-de-los-fotoprotectores-solares","status":"publish","type":"post","link":"https:\/\/www.idermic.es\/es\/ona-carbonell-confia-en-idermic-para-el-uso-de-los-fotoprotectores-solares\/","title":{"rendered":"Fotoprotectores solares: protecci\u00f3n diaria recomendada por Ona Carbonell"},"content":{"rendered":"<div class=\"fusion-fullwidth fullwidth-box fusion-builder-row-1 nonhundred-percent-fullwidth non-hundred-percent-height-scrolling\" style=\"--awb-border-radius-top-left:0px;--awb-border-radius-top-right:0px;--awb-border-radius-bottom-right:0px;--awb-border-radius-bottom-left:0px;--awb-margin-top:32px;--awb-margin-bottom:32px;--awb-flex-wrap:wrap;\" ><div class=\"fusion-builder-row fusion-row\"><div class=\"fusion-layout-column fusion_builder_column fusion-builder-column-0 fusion_builder_column_1_1 1_1 fusion-one-full fusion-column-first fusion-column-last\" style=\"--awb-bg-size:cover;\"><div class=\"fusion-column-wrapper fusion-flex-column-wrapper-legacy\"><div class=\"fusion-text fusion-text-1\"><h1 style=\"text-align: left;\">Fotoprotectores solares: Ona Carbonell y su confianza en Idermic<\/h1>\n<\/div><div class=\"fusion-text fusion-text-2\"><p><a href=\"https:\/\/www.mujerhoy.com\/contentfactory\/post\/2022\/07\/12\/ona-carbonell-de-nuevo-mama-nos-cuenta-su-secreto-para-proteger-la-piel-de-sus-hijos-en-verano\/\">Ona Carbonell<\/a>, medallista ol\u00edmpica ha vuelto a ser madre y junto a la Dra Vilavella nos cuenta la importancia que tienen los fotoprotectores solares en el cuidado de nuestra piel y la de nuestros hijos.<\/p>\n<div class=\"wDYxhc\" data-md=\"61\">\n<div role=\"heading\" data-attrid=\"wa:\/description\" aria-level=\"3\" data-hveid=\"CBEQAA\">\n<h2>Los secretos de Ona Carbonell para proteger la piel de sus hijos en verano<\/h2>\n<p>Es evidente que el verano es una de las estaciones m\u00e1s importantes del a\u00f1o. No s\u00f3lo por ser el mes de las vacaciones por excelencia. Adem\u00e1s solemos estar rodeados de las personas que m\u00e1s nos importan en nuestra vida: nuestros hijos. Para que est\u00e1 felicidad sea total debemos protegernos nuestra piel y la de los nuestros de los peligrosos rayos ultravioleta. La deportista ol\u00edmpica Ona Carbonell es una de nuestras clientas m\u00e1s habituales y desde hace ya mucho tiempo deposita su confianza en Idermic y en la Dra Vilavella para el uso de fotoprotectores solares.<\/p>\n<p>Adem\u00e1s este a\u00f1o el hecho de ser madre por segunda vez redobla su atenci\u00f3n y cuidados para evitar la exposici\u00f3n al sol. Ona tiene muy claro cada vez que se escapa a su destino favorito, Menorca que lo m\u00e1s importante es el cuidado de la piel de los m\u00e1s peque\u00f1os de la familia. Por este motivo en sus vacaciones nunca puede falta un buen fotoprotector de textura ligera y alta protecci\u00f3n UVB y UVA.<\/p>\n<p>La medallista ol\u00edmpica es consciente de los efectos que produce el sol en la piel . Para ella el mayor aprendizaje de ser madre es el equilibrio entre el amor y cari\u00f1o que pueda dar a sus hijos con la transmisi\u00f3n de valores y ense\u00f1anzas. Como por ejemplo inculcar la responsabilidad del cuidado de la piel.<\/p>\n<p>Por eso Ona siempre intenta evitar la exposici\u00f3n directa al Sol en las horas centrales del d\u00eda. Tambi\u00e9n suele ser muy insistente con el resto de la familia en la utilizaci\u00f3n de los protectores solares. Adem\u00e1s de seguir las recomendaciones en las cantidades aplicadas y que se repita esta aplicaci\u00f3n cada dos horas.<\/p>\n<\/div>\n<\/div>\n<div role=\"heading\" data-attrid=\"wa:\/description\" aria-level=\"3\" data-hveid=\"CBEQAA\">\n<div class=\"wWOJcd\" tabindex=\"0\" role=\"button\" aria-controls=\"exacc_qXHOYoX_CbqHqtsPvPeP2Ag4\" aria-expanded=\"true\" aria-labelledby=\"exacc_qXHOYoX_CbqHqtsPvPeP2Ag3\">\n<h2 class=\"\">Fotoprotectores solares para ni\u00f1os y mayores<\/h2>\n<\/div>\n<\/div>\n<div role=\"heading\" data-attrid=\"wa:\/description\" aria-level=\"3\" data-hveid=\"CBEQAA\">\n<div id=\"exacc_qXHOYoX_CbqHqtsPvPeP2Ag4\" class=\"MBtdbb\" data-ved=\"2ahUKEwjF982uqfX4AhW6g2oFHbz7A4sQ7NUEegQIHBAD\">\n<div class=\"ymu2Hb\">\n<div id=\"_qXHOYoX_CbqHqtsPvPeP2Ag41\" class=\"t0bRye r2fjmd\" data-hveid=\"CBwQBA\" data-ved=\"2ahUKEwjF982uqfX4AhW6g2oFHbz7A4sQu04oAHoECBwQBA\">\n<div id=\"qXHOYoX_CbqHqtsPvPeP2Ag__16\">\n<div class=\"wDYxhc\" data-md=\"61\">\n<div role=\"heading\" data-attrid=\"wa:\/description\" aria-level=\"3\" data-hveid=\"CAcQAA\">\n<p class=\" parrafocount\">La doctora Marta Vilavella, dermat\u00f3logo de Ona Carbonell cree que \u201c<em>cada vez somos m\u00e1s conscientes de la importancia de utilizar fotoprotecci\u00f3n los 365 del a\u00f1o<\/em>\u201d, resaltando la importancia de su uso con los m\u00e1s peque\u00f1os. Por esta raz\u00f3n es muy importante diferenciar entre protectores solares para ni\u00f1os y protectores solares para adultos.\u00a0\u201c<em>Los protectores solares para ni\u00f1os suelen estar formulados con un mayor porcentaje de filtros f\u00edsicos que de qu\u00edmicos. En cambio,\u00a0las cremas solares para adultos\u00a0usan mayor proporci\u00f3n de filtros org\u00e1nicos o qu\u00edmicos. De esta manera, se disminuye el efecto blanquecino y la cosmeticidad del producto mejora<\/em>\u201d, comenta la Dra Vilavella.<\/p>\n<p>Nuestra doctora recomienda reaplicar el fotoprotector cada 2 horas o tambi\u00e9n posterior a cada ba\u00f1o. Las aplicaciones deben ser generosas con las cantidades recomendadas, repartiendo el producto de forma homog\u00e9nea, sin olvidarnos de zonas como las orejas, la nuca, las axilas y los empeines, partes que suelen sufrir mucho en la exposici\u00f3n al sol.<\/p>\n<p>Nuestra doctora cree que seg\u00fan cuidemos nuestra piel de ni\u00f1os, m\u00e1s tarde se ver\u00e1 reflejada como adultos: \u00ab<em>Uno de los factores de riesgo para desarrollar\u00a0c\u00e1ncer de piel tipo melanoma\u00a0en la edad adulta es el hecho de haber sufrido quemaduras solares durante la infancia. Adem\u00e1s, la radiaci\u00f3n solar acumulada a lo largo de la vida se traducir\u00e1 en la edad adulta como trastornos de pigmentaci\u00f3n en forma de manchas y envejecimiento en forma de arrugas<\/em>\u00ab.<\/p>\n<p>En el caso del beb\u00e9 (Teo) de Ona Carbonell, no puede exponerse al sol directamente nunca. Caso contrario a de Kai (hijo mayor) que puede disfrutar del Sol del verano siempre que vaya con el fotoprotector solar adecuado, como por ejemplo ISDIN.<\/p>\n<h2 class=\"\">Los fotoprotectores solares recomendados para ni\u00f1os<\/h2>\n<p>No cabe la menor duda que las cremas de protecci\u00f3n solar en ni\u00f1os son esenciales. En este art\u00edculo nos gustar\u00eda recomendar la fotoprotecci\u00f3n de ISDIN y m\u00e1s concretamente en su gama Pediatrics. Esta gama est\u00e1 formada con ingredientes espec\u00edficos para la piel de los ni\u00f1os. Entre los m\u00e1s destacados tenemos:<\/p>\n<p><strong><a href=\"https:\/\/ad.doubleclick.net\/ddm\/clk\/529679454;334620225;n\" target=\"_blank\" rel=\"noopener\">ISDIN Transparent Spray Wet Skin Pediatrics SPF 50<\/a><\/strong><em>: <\/em>Fotoprotector corporal en spray transparente. Es freco y tiene un secado inmediato formulado para pieles de ni\u00f1os, a partir de los 3 a\u00f1os.<\/p>\n<p><a href=\"https:\/\/ad.doubleclick.net\/ddm\/clk\/526792330;334620225;z\" target=\"_blank\" rel=\"noopener\"><b>ISDIN Fusion Water Pediatrics SPF 50<\/b><\/a><em>: <\/em>Fotoprotector facial ultraligero con alta protecci\u00f3n UVB y UVA. Adem\u00e1s no irrita los ojos y ha sido testado dermatol\u00f3gicamente y pedi\u00e1tricamente.<\/p>\n<p>Estos 2 productos de ISDIN son efectivos en cualquier tipo de piel, incluso para las m\u00e1s sensibles y\/o at\u00f3picas. Son Wet Skin (absorci\u00f3n en piel mojada o seca sin dejar residuos blanquecinos, manteniendo siempre la protecci\u00f3n). Adem\u00e1s han sido formulados para minimizar el impacto medioambiental.<\/p>\n<p>Ona Carbonell suele tambi\u00e9n llevar <a href=\"https:\/\/ad.doubleclick.net\/ddm\/clk\/533105454;334620225;s\" target=\"_blank\" rel=\"noopener\"><b>Transparent Spray Wet Skin de ISDIN.<\/b><\/a> Un fotoprotector invisible y resistente al agua de absorci\u00f3n muy r\u00e1pida, lo que permite su aplicaci\u00f3n justo antes de entrar al agua.<\/p>\n<p>A pesar de los efectos beneficiosos que el sol aporta a nuestro organismo:<\/p>\n<ul>\n<li>Producci\u00f3n de la Vitamina D<\/li>\n<li>Mejora enfermedades cut\u00e1neas como la Psoriasis<\/li>\n<li>Mejora nuestro estado de \u00e1nimo<\/li>\n<\/ul>\n<p>Nunca hay que olvidar los efectos nocivos a corto y largo plazo que la exposici\u00f3n directa al sol pueden causar sin la debida protecci\u00f3n. <em><b>\u201c<\/b>Debemos ser conscientes de todos esos efectos y utilizar fotoprotecci\u00f3n diaria, adem\u00e1s de, por supuesto, evitar quemaduras solares que tan frecuentemente vemos en las playas cada verano\u201d, <\/em>dice nuestra Dra Marta Vilavella<em>.<\/em><\/p>\n<\/div>\n<\/div>\n<\/div>\n<\/div>\n<\/div>\n<\/div>\n<\/div>\n<\/div><div class=\"fusion-clearfix\"><\/div><\/div><\/div><\/div><div class=\"fusion-builder-row fusion-row\"><\/div><\/div>\n","protected":false},"excerpt":{"rendered":"<p>Fotoprotectores solares recomendados por Ona Carbonell. Protecci\u00f3n diaria para ni\u00f1os y adultos, con f\u00f3rmulas adaptadas y aplicaci\u00f3n cada 2 h<\/p>\n","protected":false},"author":3,"featured_media":5083,"comment_status":"open","ping_status":"closed","sticky":false,"template":"","format":"standard","meta":{"_joinchat":[],"footnotes":""},"categories":[25],"tags":[104,106,107],"class_list":["post-5080","post","type-post","status-publish","format-standard","has-post-thumbnail","hentry","category-noticias","tag-piel","tag-sol","tag-verano"],"yoast_head":"<!-- This site is optimized with the Yoast SEO plugin v28.4 - https:\/\/yoast.com\/product\/yoast-seo-wordpress\/ -->\n<title>Fotoprotectores solares: protecci\u00f3n diaria recomendada por Ona Carbonell -<\/title>\n<meta name=\"description\" content=\"Fotoprotectores solares recomendados por Ona Carbonell. Protecci\u00f3n diaria para ni\u00f1os y adultos, con f\u00f3rmulas adaptadas y aplicaci\u00f3n cada 2 h\" \/>\n<meta name=\"robots\" content=\"index, follow, max-snippet:-1, max-image-preview:large, max-video-preview:-1\" \/>\n<link rel=\"canonical\" href=\"https:\/\/www.idermic.es\/es\/ona-carbonell-confia-en-idermic-para-el-uso-de-los-fotoprotectores-solares\/\" \/>\n<meta property=\"og:locale\" content=\"es_ES\" \/>\n<meta property=\"og:type\" content=\"article\" \/>\n<meta property=\"og:title\" content=\"Fotoprotectores solares: protecci\u00f3n diaria recomendada por Ona Carbonell -\" \/>\n<meta property=\"og:description\" content=\"Fotoprotectores solares recomendados por Ona Carbonell. Protecci\u00f3n diaria para ni\u00f1os y adultos, con f\u00f3rmulas adaptadas y aplicaci\u00f3n cada 2 h\" \/>\n<meta property=\"og:url\" content=\"https:\/\/www.idermic.es\/es\/ona-carbonell-confia-en-idermic-para-el-uso-de-los-fotoprotectores-solares\/\" \/>\n<meta property=\"og:site_name\" content=\"Idermic. Dermatolog\u00eda en Terrassa\" \/>\n<meta property=\"article:publisher\" content=\"https:\/\/www.facebook.com\/Idermic\" \/>\n<meta property=\"article:published_time\" content=\"2022-09-11T16:59:18+00:00\" \/>\n<meta property=\"article:modified_time\" content=\"2025-08-19T07:28:48+00:00\" \/>\n<meta property=\"og:image\" content=\"https:\/\/www.idermic.es\/wp-content\/uploads\/2022\/09\/Ona-Carbonell.jpg\" \/>\n\t<meta property=\"og:image:width\" content=\"598\" \/>\n\t<meta property=\"og:image:height\" content=\"776\" \/>\n\t<meta property=\"og:image:type\" content=\"image\/jpeg\" \/>\n<meta name=\"author\" content=\"Equipo\" \/>\n<meta name=\"twitter:card\" content=\"summary_large_image\" \/>\n<meta name=\"twitter:creator\" content=\"@idermic\" \/>\n<meta name=\"twitter:site\" content=\"@idermic\" \/>\n<meta name=\"twitter:label1\" content=\"Escrito por\" \/>\n\t<meta name=\"twitter:data1\" content=\"Equipo\" \/>\n\t<meta name=\"twitter:label2\" content=\"Tiempo de lectura\" \/>\n\t<meta name=\"twitter:data2\" content=\"6 minutos\" \/>\n<script type=\"application\/ld+json\" class=\"yoast-schema-graph\">{\"@context\":\"https:\\\/\\\/schema.org\",\"@graph\":[{\"@type\":\"Article\",\"@id\":\"https:\\\/\\\/www.idermic.es\\\/es\\\/ona-carbonell-confia-en-idermic-para-el-uso-de-los-fotoprotectores-solares\\\/#article\",\"isPartOf\":{\"@id\":\"https:\\\/\\\/www.idermic.es\\\/es\\\/ona-carbonell-confia-en-idermic-para-el-uso-de-los-fotoprotectores-solares\\\/\"},\"author\":{\"name\":\"Equipo\",\"@id\":\"https:\\\/\\\/www.idermic.es\\\/#\\\/schema\\\/person\\\/c12703027a878b23d3c71c87921a82f8\"},\"headline\":\"Fotoprotectores solares: protecci\u00f3n diaria recomendada por Ona Carbonell\",\"datePublished\":\"2022-09-11T16:59:18+00:00\",\"dateModified\":\"2025-08-19T07:28:48+00:00\",\"mainEntityOfPage\":{\"@id\":\"https:\\\/\\\/www.idermic.es\\\/es\\\/ona-carbonell-confia-en-idermic-para-el-uso-de-los-fotoprotectores-solares\\\/\"},\"wordCount\":1215,\"commentCount\":0,\"publisher\":{\"@id\":\"https:\\\/\\\/www.idermic.es\\\/#organization\"},\"image\":{\"@id\":\"https:\\\/\\\/www.idermic.es\\\/es\\\/ona-carbonell-confia-en-idermic-para-el-uso-de-los-fotoprotectores-solares\\\/#primaryimage\"},\"thumbnailUrl\":\"https:\\\/\\\/www.idermic.es\\\/wp-content\\\/uploads\\\/2022\\\/09\\\/Ona-Carbonell.jpg\",\"keywords\":[\"piel\",\"sol\",\"verano\"],\"articleSection\":[\"Noticias\"],\"inLanguage\":\"es\",\"potentialAction\":[{\"@type\":\"CommentAction\",\"name\":\"Comment\",\"target\":[\"https:\\\/\\\/www.idermic.es\\\/es\\\/ona-carbonell-confia-en-idermic-para-el-uso-de-los-fotoprotectores-solares\\\/#respond\"]}]},{\"@type\":\"WebPage\",\"@id\":\"https:\\\/\\\/www.idermic.es\\\/es\\\/ona-carbonell-confia-en-idermic-para-el-uso-de-los-fotoprotectores-solares\\\/\",\"url\":\"https:\\\/\\\/www.idermic.es\\\/es\\\/ona-carbonell-confia-en-idermic-para-el-uso-de-los-fotoprotectores-solares\\\/\",\"name\":\"Fotoprotectores solares: protecci\u00f3n diaria recomendada por Ona Carbonell -\",\"isPartOf\":{\"@id\":\"https:\\\/\\\/www.idermic.es\\\/#website\"},\"primaryImageOfPage\":{\"@id\":\"https:\\\/\\\/www.idermic.es\\\/es\\\/ona-carbonell-confia-en-idermic-para-el-uso-de-los-fotoprotectores-solares\\\/#primaryimage\"},\"image\":{\"@id\":\"https:\\\/\\\/www.idermic.es\\\/es\\\/ona-carbonell-confia-en-idermic-para-el-uso-de-los-fotoprotectores-solares\\\/#primaryimage\"},\"thumbnailUrl\":\"https:\\\/\\\/www.idermic.es\\\/wp-content\\\/uploads\\\/2022\\\/09\\\/Ona-Carbonell.jpg\",\"datePublished\":\"2022-09-11T16:59:18+00:00\",\"dateModified\":\"2025-08-19T07:28:48+00:00\",\"description\":\"Fotoprotectores solares recomendados por Ona Carbonell. Protecci\u00f3n diaria para ni\u00f1os y adultos, con f\u00f3rmulas adaptadas y aplicaci\u00f3n cada 2 h\",\"breadcrumb\":{\"@id\":\"https:\\\/\\\/www.idermic.es\\\/es\\\/ona-carbonell-confia-en-idermic-para-el-uso-de-los-fotoprotectores-solares\\\/#breadcrumb\"},\"inLanguage\":\"es\",\"potentialAction\":[{\"@type\":\"ReadAction\",\"target\":[\"https:\\\/\\\/www.idermic.es\\\/es\\\/ona-carbonell-confia-en-idermic-para-el-uso-de-los-fotoprotectores-solares\\\/\"]}]},{\"@type\":\"ImageObject\",\"inLanguage\":\"es\",\"@id\":\"https:\\\/\\\/www.idermic.es\\\/es\\\/ona-carbonell-confia-en-idermic-para-el-uso-de-los-fotoprotectores-solares\\\/#primaryimage\",\"url\":\"https:\\\/\\\/www.idermic.es\\\/wp-content\\\/uploads\\\/2022\\\/09\\\/Ona-Carbonell.jpg\",\"contentUrl\":\"https:\\\/\\\/www.idermic.es\\\/wp-content\\\/uploads\\\/2022\\\/09\\\/Ona-Carbonell.jpg\",\"width\":598,\"height\":776,\"caption\":\"Los fotoprotectores solares de Ona Carbonell\"},{\"@type\":\"BreadcrumbList\",\"@id\":\"https:\\\/\\\/www.idermic.es\\\/es\\\/ona-carbonell-confia-en-idermic-para-el-uso-de-los-fotoprotectores-solares\\\/#breadcrumb\",\"itemListElement\":[{\"@type\":\"ListItem\",\"position\":1,\"name\":\"Inici\",\"item\":\"https:\\\/\\\/www.idermic.es\\\/es\\\/\"},{\"@type\":\"ListItem\",\"position\":2,\"name\":\"Fotoprotectores solares: protecci\u00f3n diaria recomendada por Ona Carbonell\"}]},{\"@type\":\"WebSite\",\"@id\":\"https:\\\/\\\/www.idermic.es\\\/#website\",\"url\":\"https:\\\/\\\/www.idermic.es\\\/\",\"name\":\"Idermic. Dermatolog\u00eda en Terrassa\",\"description\":\"Dermatolog\u00eda, Medicina est\u00e9tica, Cirurg\u00eda Pl\u00e0stica\",\"publisher\":{\"@id\":\"https:\\\/\\\/www.idermic.es\\\/#organization\"},\"potentialAction\":[{\"@type\":\"SearchAction\",\"target\":{\"@type\":\"EntryPoint\",\"urlTemplate\":\"https:\\\/\\\/www.idermic.es\\\/?s={search_term_string}\"},\"query-input\":{\"@type\":\"PropertyValueSpecification\",\"valueRequired\":true,\"valueName\":\"search_term_string\"}}],\"inLanguage\":\"es\"},{\"@type\":\"Organization\",\"@id\":\"https:\\\/\\\/www.idermic.es\\\/#organization\",\"name\":\"Idermic. Dermatolog\u00eda en Terrassa\",\"url\":\"https:\\\/\\\/www.idermic.es\\\/\",\"logo\":{\"@type\":\"ImageObject\",\"inLanguage\":\"es\",\"@id\":\"https:\\\/\\\/www.idermic.es\\\/#\\\/schema\\\/logo\\\/image\\\/\",\"url\":\"https:\\\/\\\/www.idermic.es\\\/wp-content\\\/uploads\\\/2025\\\/10\\\/Logo-Idermic.jpg\",\"contentUrl\":\"https:\\\/\\\/www.idermic.es\\\/wp-content\\\/uploads\\\/2025\\\/10\\\/Logo-Idermic.jpg\",\"width\":501,\"height\":502,\"caption\":\"Idermic. Dermatolog\u00eda en Terrassa\"},\"image\":{\"@id\":\"https:\\\/\\\/www.idermic.es\\\/#\\\/schema\\\/logo\\\/image\\\/\"},\"sameAs\":[\"https:\\\/\\\/www.facebook.com\\\/Idermic\",\"https:\\\/\\\/x.com\\\/idermic\",\"https:\\\/\\\/www.instagram.com\\\/idermicclinic\\\/\",\"https:\\\/\\\/www.youtube.com\\\/channel\\\/UCyAHC9-p8lc6hr_nguO8p_g\"]},{\"@type\":\"Person\",\"@id\":\"https:\\\/\\\/www.idermic.es\\\/#\\\/schema\\\/person\\\/c12703027a878b23d3c71c87921a82f8\",\"name\":\"Equipo\",\"image\":{\"@type\":\"ImageObject\",\"inLanguage\":\"es\",\"@id\":\"https:\\\/\\\/secure.gravatar.com\\\/avatar\\\/7ca0be23248108c6b0887e0693b7dcf7764bd3503f84d1f04e6653ef7c3b9420?s=96&d=mm&r=g\",\"url\":\"https:\\\/\\\/secure.gravatar.com\\\/avatar\\\/7ca0be23248108c6b0887e0693b7dcf7764bd3503f84d1f04e6653ef7c3b9420?s=96&d=mm&r=g\",\"contentUrl\":\"https:\\\/\\\/secure.gravatar.com\\\/avatar\\\/7ca0be23248108c6b0887e0693b7dcf7764bd3503f84d1f04e6653ef7c3b9420?s=96&d=mm&r=g\",\"caption\":\"Equipo\"},\"description\":\"Equipo de Idermic\"}]}<\/script>\n<!-- \/ Yoast SEO plugin. -->","yoast_head_json":{"title":"Fotoprotectores solares: protecci\u00f3n diaria recomendada por Ona Carbonell -","description":"Fotoprotectores solares recomendados por Ona Carbonell. Protecci\u00f3n diaria para ni\u00f1os y adultos, con f\u00f3rmulas adaptadas y aplicaci\u00f3n cada 2 h","robots":{"index":"index","follow":"follow","max-snippet":"max-snippet:-1","max-image-preview":"max-image-preview:large","max-video-preview":"max-video-preview:-1"},"canonical":"https:\/\/www.idermic.es\/es\/ona-carbonell-confia-en-idermic-para-el-uso-de-los-fotoprotectores-solares\/","og_locale":"es_ES","og_type":"article","og_title":"Fotoprotectores solares: protecci\u00f3n diaria recomendada por Ona Carbonell -","og_description":"Fotoprotectores solares recomendados por Ona Carbonell. Protecci\u00f3n diaria para ni\u00f1os y adultos, con f\u00f3rmulas adaptadas y aplicaci\u00f3n cada 2 h","og_url":"https:\/\/www.idermic.es\/es\/ona-carbonell-confia-en-idermic-para-el-uso-de-los-fotoprotectores-solares\/","og_site_name":"Idermic. Dermatolog\u00eda en Terrassa","article_publisher":"https:\/\/www.facebook.com\/Idermic","article_published_time":"2022-09-11T16:59:18+00:00","article_modified_time":"2025-08-19T07:28:48+00:00","og_image":[{"width":598,"height":776,"url":"https:\/\/www.idermic.es\/wp-content\/uploads\/2022\/09\/Ona-Carbonell.jpg","type":"image\/jpeg"}],"author":"Equipo","twitter_card":"summary_large_image","twitter_creator":"@idermic","twitter_site":"@idermic","twitter_misc":{"Escrito por":"Equipo","Tiempo de lectura":"6 minutos"},"schema":{"@context":"https:\/\/schema.org","@graph":[{"@type":"Article","@id":"https:\/\/www.idermic.es\/es\/ona-carbonell-confia-en-idermic-para-el-uso-de-los-fotoprotectores-solares\/#article","isPartOf":{"@id":"https:\/\/www.idermic.es\/es\/ona-carbonell-confia-en-idermic-para-el-uso-de-los-fotoprotectores-solares\/"},"author":{"name":"Equipo","@id":"https:\/\/www.idermic.es\/#\/schema\/person\/c12703027a878b23d3c71c87921a82f8"},"headline":"Fotoprotectores solares: protecci\u00f3n diaria recomendada por Ona Carbonell","datePublished":"2022-09-11T16:59:18+00:00","dateModified":"2025-08-19T07:28:48+00:00","mainEntityOfPage":{"@id":"https:\/\/www.idermic.es\/es\/ona-carbonell-confia-en-idermic-para-el-uso-de-los-fotoprotectores-solares\/"},"wordCount":1215,"commentCount":0,"publisher":{"@id":"https:\/\/www.idermic.es\/#organization"},"image":{"@id":"https:\/\/www.idermic.es\/es\/ona-carbonell-confia-en-idermic-para-el-uso-de-los-fotoprotectores-solares\/#primaryimage"},"thumbnailUrl":"https:\/\/www.idermic.es\/wp-content\/uploads\/2022\/09\/Ona-Carbonell.jpg","keywords":["piel","sol","verano"],"articleSection":["Noticias"],"inLanguage":"es","potentialAction":[{"@type":"CommentAction","name":"Comment","target":["https:\/\/www.idermic.es\/es\/ona-carbonell-confia-en-idermic-para-el-uso-de-los-fotoprotectores-solares\/#respond"]}]},{"@type":"WebPage","@id":"https:\/\/www.idermic.es\/es\/ona-carbonell-confia-en-idermic-para-el-uso-de-los-fotoprotectores-solares\/","url":"https:\/\/www.idermic.es\/es\/ona-carbonell-confia-en-idermic-para-el-uso-de-los-fotoprotectores-solares\/","name":"Fotoprotectores solares: protecci\u00f3n diaria recomendada por Ona Carbonell -","isPartOf":{"@id":"https:\/\/www.idermic.es\/#website"},"primaryImageOfPage":{"@id":"https:\/\/www.idermic.es\/es\/ona-carbonell-confia-en-idermic-para-el-uso-de-los-fotoprotectores-solares\/#primaryimage"},"image":{"@id":"https:\/\/www.idermic.es\/es\/ona-carbonell-confia-en-idermic-para-el-uso-de-los-fotoprotectores-solares\/#primaryimage"},"thumbnailUrl":"https:\/\/www.idermic.es\/wp-content\/uploads\/2022\/09\/Ona-Carbonell.jpg","datePublished":"2022-09-11T16:59:18+00:00","dateModified":"2025-08-19T07:28:48+00:00","description":"Fotoprotectores solares recomendados por Ona Carbonell. Protecci\u00f3n diaria para ni\u00f1os y adultos, con f\u00f3rmulas adaptadas y aplicaci\u00f3n cada 2 h","breadcrumb":{"@id":"https:\/\/www.idermic.es\/es\/ona-carbonell-confia-en-idermic-para-el-uso-de-los-fotoprotectores-solares\/#breadcrumb"},"inLanguage":"es","potentialAction":[{"@type":"ReadAction","target":["https:\/\/www.idermic.es\/es\/ona-carbonell-confia-en-idermic-para-el-uso-de-los-fotoprotectores-solares\/"]}]},{"@type":"ImageObject","inLanguage":"es","@id":"https:\/\/www.idermic.es\/es\/ona-carbonell-confia-en-idermic-para-el-uso-de-los-fotoprotectores-solares\/#primaryimage","url":"https:\/\/www.idermic.es\/wp-content\/uploads\/2022\/09\/Ona-Carbonell.jpg","contentUrl":"https:\/\/www.idermic.es\/wp-content\/uploads\/2022\/09\/Ona-Carbonell.jpg","width":598,"height":776,"caption":"Los fotoprotectores solares de Ona Carbonell"},{"@type":"BreadcrumbList","@id":"https:\/\/www.idermic.es\/es\/ona-carbonell-confia-en-idermic-para-el-uso-de-los-fotoprotectores-solares\/#breadcrumb","itemListElement":[{"@type":"ListItem","position":1,"name":"Inici","item":"https:\/\/www.idermic.es\/es\/"},{"@type":"ListItem","position":2,"name":"Fotoprotectores solares: protecci\u00f3n diaria recomendada por Ona Carbonell"}]},{"@type":"WebSite","@id":"https:\/\/www.idermic.es\/#website","url":"https:\/\/www.idermic.es\/","name":"Idermic. Dermatolog\u00eda en Terrassa","description":"Dermatolog\u00eda, Medicina est\u00e9tica, Cirurg\u00eda Pl\u00e0stica","publisher":{"@id":"https:\/\/www.idermic.es\/#organization"},"potentialAction":[{"@type":"SearchAction","target":{"@type":"EntryPoint","urlTemplate":"https:\/\/www.idermic.es\/?s={search_term_string}"},"query-input":{"@type":"PropertyValueSpecification","valueRequired":true,"valueName":"search_term_string"}}],"inLanguage":"es"},{"@type":"Organization","@id":"https:\/\/www.idermic.es\/#organization","name":"Idermic. Dermatolog\u00eda en Terrassa","url":"https:\/\/www.idermic.es\/","logo":{"@type":"ImageObject","inLanguage":"es","@id":"https:\/\/www.idermic.es\/#\/schema\/logo\/image\/","url":"https:\/\/www.idermic.es\/wp-content\/uploads\/2025\/10\/Logo-Idermic.jpg","contentUrl":"https:\/\/www.idermic.es\/wp-content\/uploads\/2025\/10\/Logo-Idermic.jpg","width":501,"height":502,"caption":"Idermic. Dermatolog\u00eda en Terrassa"},"image":{"@id":"https:\/\/www.idermic.es\/#\/schema\/logo\/image\/"},"sameAs":["https:\/\/www.facebook.com\/Idermic","https:\/\/x.com\/idermic","https:\/\/www.instagram.com\/idermicclinic\/","https:\/\/www.youtube.com\/channel\/UCyAHC9-p8lc6hr_nguO8p_g"]},{"@type":"Person","@id":"https:\/\/www.idermic.es\/#\/schema\/person\/c12703027a878b23d3c71c87921a82f8","name":"Equipo","image":{"@type":"ImageObject","inLanguage":"es","@id":"https:\/\/secure.gravatar.com\/avatar\/7ca0be23248108c6b0887e0693b7dcf7764bd3503f84d1f04e6653ef7c3b9420?s=96&d=mm&r=g","url":"https:\/\/secure.gravatar.com\/avatar\/7ca0be23248108c6b0887e0693b7dcf7764bd3503f84d1f04e6653ef7c3b9420?s=96&d=mm&r=g","contentUrl":"https:\/\/secure.gravatar.com\/avatar\/7ca0be23248108c6b0887e0693b7dcf7764bd3503f84d1f04e6653ef7c3b9420?s=96&d=mm&r=g","caption":"Equipo"},"description":"Equipo de Idermic"}]}},"_links":{"self":[{"href":"https:\/\/www.idermic.es\/es\/wp-json\/wp\/v2\/posts\/5080","targetHints":{"allow":["GET"]}}],"collection":[{"href":"https:\/\/www.idermic.es\/es\/wp-json\/wp\/v2\/posts"}],"about":[{"href":"https:\/\/www.idermic.es\/es\/wp-json\/wp\/v2\/types\/post"}],"author":[{"embeddable":true,"href":"https:\/\/www.idermic.es\/es\/wp-json\/wp\/v2\/users\/3"}],"replies":[{"embeddable":true,"href":"https:\/\/www.idermic.es\/es\/wp-json\/wp\/v2\/comments?post=5080"}],"version-history":[{"count":19,"href":"https:\/\/www.idermic.es\/es\/wp-json\/wp\/v2\/posts\/5080\/revisions"}],"predecessor-version":[{"id":8150,"href":"https:\/\/www.idermic.es\/es\/wp-json\/wp\/v2\/posts\/5080\/revisions\/8150"}],"wp:featuredmedia":[{"embeddable":true,"href":"https:\/\/www.idermic.es\/es\/wp-json\/wp\/v2\/media\/5083"}],"wp:attachment":[{"href":"https:\/\/www.idermic.es\/es\/wp-json\/wp\/v2\/media?parent=5080"}],"wp:term":[{"taxonomy":"category","embeddable":true,"href":"https:\/\/www.idermic.es\/es\/wp-json\/wp\/v2\/categories?post=5080"},{"taxonomy":"post_tag","embeddable":true,"href":"https:\/\/www.idermic.es\/es\/wp-json\/wp\/v2\/tags?post=5080"}],"curies":[{"name":"wp","href":"https:\/\/api.w.org\/{rel}","templated":true}]}}